{"id":372975,"date":"2023-04-09T12:39:10","date_gmt":"2023-04-09T10:39:10","guid":{"rendered":"https:\/\/dicodusport.fr\/blog\/?p=372975&#038;preview=true&#038;preview_id=372975"},"modified":"2023-04-09T13:43:57","modified_gmt":"2023-04-09T11:43:57","slug":"jonathan-sexton-regrette-davoir-joue-deux-saisons-au-racing-92","status":"publish","type":"post","link":"https:\/\/dicodusport.fr\/blog\/jonathan-sexton-regrette-davoir-joue-deux-saisons-au-racing-92\/","title":{"rendered":"Jonathan Sexton regrette d&rsquo;avoir jou\u00e9 deux saisons au Racing 92"},"content":{"rendered":"<p style=\"text-align: justify;\" align=\"justify\"><em><strong>TOP 14 2022-2023 &#8211; Dans un entretien accord\u00e9 au Times, Jonathan Sexton (Irlande, Leinster) a expliqu\u00e9 qu&rsquo;il regrettait avoir jou\u00e9 deux saisons pour le Racing 92.<br \/>\n<\/strong><\/em><\/p>\n<p style=\"text-align: justify;\" align=\"justify\">Pass\u00e9 par le <strong>Racing<\/strong> <strong>92<\/strong> entre 2013 et 2015, <strong>Jonathan<\/strong> <strong>Sexton<\/strong> n&rsquo;a pas laiss\u00e9 un souvenir imp\u00e9rissable aux supporters des <strong>Ciel et Blanc<\/strong>. S&rsquo;il a r\u00e9alis\u00e9 une premi\u00e8re saison plut\u00f4t bonne, la deuxi\u00e8me a \u00e9t\u00e9 tr\u00e8s d\u00e9cevante, et il est ensuite retourn\u00e9 au <strong>Leinster<\/strong> en <strong>Irlande<\/strong>. Ce dimanche, l&rsquo;ouvreur irlandais s&rsquo;est expliqu\u00e9 sur son passage en Top 14.<\/p>\n<blockquote>\n<p style=\"text-align: justify;\" align=\"justify\">J&rsquo;aurais aim\u00e9 que les 40 matchs que j&rsquo;ai jou\u00e9s avec le Racing 92 soient pour le Leinster. Je le vois de deux mani\u00e8res. Je suis fier d&rsquo;avoir beaucoup gagn\u00e9 avec Leinster. J&rsquo;ai aussi commenc\u00e9 relativement tard car il m&rsquo;a fallu du temps pour entrer dans l&rsquo;\u00e9quipe. Je serais juste plus heureux d&rsquo;avoir un CV avec plus de 230 matchs pour Leinster. Et je serais plus heureux d&rsquo;avoir \u00e9t\u00e9 l&rsquo;homme d&rsquo;un club.<\/p>\n<\/blockquote>\n<p style=\"text-align: justify;\" align=\"justify\">Le demi d&rsquo;ouverture irlandais aurait donc aim\u00e9 faire toute sa carri\u00e8re dans le m\u00eame club, et regrette d&rsquo;avoir accept\u00e9 un contrat XXL, 750 000 euros par saison, pour jouer deux ans au <strong>Racing<\/strong> <strong>92<\/strong>. <strong>Jonathan<\/strong> <strong>Sexton<\/strong> est bless\u00e9 et ne jouera pas la fin de saison avec le <strong>Leinster<\/strong>, mais il sera bien de retour dans quelques semaines pour pr\u00e9parer la Coupe du monde avec l&rsquo;<strong>Irlande<\/strong>.<\/p>\n<blockquote class=\"twitter-tweet\">\n<p dir=\"ltr\" lang=\"en\">Exclusive interview with Johnny Sexton in today\u2019s \u2066<a href=\"https:\/\/twitter.com\/TimesSport?ref_src=twsrc%5Etfw\">@TimesSport<\/a>\u2069:<\/p>\n<p>\u2018I wish the 40 games I played for Racing had been for Leinster, I\u2019d be happier as a one-club man.\u2019<a href=\"https:\/\/t.co\/59v0rqAJnh\">https:\/\/t.co\/59v0rqAJnh<\/a><\/p>\n<p>\u2014 Peter O&rsquo;Reilly (@petersuntimes) <a href=\"https:\/\/twitter.com\/petersuntimes\/status\/1644950812471312385?ref_src=twsrc%5Etfw\">April 9, 2023<\/a><\/p><\/blockquote>\n<p style=\"text-align: justify;\"><script async src=\"https:\/\/platform.twitter.com\/widgets.js\" charset=\"utf-8\"><\/script><\/p>\n","protected":false},"excerpt":{"rendered":"<p>TOP 14 2022-2023 &#8211; Dans un entretien accord\u00e9 au Times, Jonathan Sexton (Irlande, Leinster) a expliqu\u00e9 qu&rsquo;il regrettait avoir jou\u00e9 deux saisons pour le Racing 92.<\/p>\n","protected":false},"author":1,"featured_media":372981,"comment_status":"open","ping_status":"closed","sticky":false,"template":"","format":"standard","meta":{"_acf_changed":false,"_daextam_enable_autolinks":"","footnotes":""},"categories":[9129,47050],"tags":[16878,9330,3131],"class_list":["post-372975","post","type-post","status-publish","format-standard","has-post-thumbnail","hentry","category-rugby-a-xv","category-top-14","tag-breve","tag-jonathan-sexton","tag-racing-92"],"acf":[],"yoast_head":"<!-- This site is optimized with the Yoast SEO Premium plugin v26.7 (Yoast SEO v26.7) - https:\/\/yoast.com\/wordpress\/plugins\/seo\/ -->\n<title>Jonathan Sexton regrette d&#039;avoir jou\u00e9 deux saisons au Racing 92<\/title>\n<meta name=\"description\" content=\"TOP 14 2022-2023 - Dans un entretien accord\u00e9 au Times, Jonathan Sexton a expliqu\u00e9 qu&#039;il regrettait avoir jou\u00e9 deux saisons pour le Racing 92.\u00a0\" \/>\n<meta name=\"robots\" content=\"index, follow, max-snippet:-1, max-image-preview:large, max-video-preview:-1\" \/>\n<link rel=\"canonical\" href=\"https:\/\/dicodusport.fr\/blog\/jonathan-sexton-regrette-davoir-joue-deux-saisons-au-racing-92\/\" \/>\n<meta property=\"og:locale\" content=\"fr_FR\" \/>\n<meta property=\"og:type\" content=\"article\" \/>\n<meta property=\"og:title\" content=\"Jonathan Sexton regrette d&#039;avoir jou\u00e9 deux saisons au Racing 92\" \/>\n<meta property=\"og:description\" content=\"TOP 14 2022-2023 - Dans un entretien accord\u00e9 au Times, Jonathan Sexton a expliqu\u00e9 qu&#039;il regrettait avoir jou\u00e9 deux saisons pour le Racing 92.\u00a0\" \/>\n<meta property=\"og:url\" content=\"https:\/\/dicodusport.fr\/blog\/jonathan-sexton-regrette-davoir-joue-deux-saisons-au-racing-92\/\" \/>\n<meta property=\"og:site_name\" content=\"Dicodusport\" \/>\n<meta property=\"article:publisher\" content=\"https:\/\/www.facebook.com\/dicodusport\" \/>\n<meta property=\"article:author\" content=\"https:\/\/www.facebook.com\/dicodusport\" \/>\n<meta property=\"article:published_time\" content=\"2023-04-09T10:39:10+00:00\" \/>\n<meta property=\"article:modified_time\" content=\"2023-04-09T11:43:57+00:00\" \/>\n<meta property=\"og:image\" content=\"https:\/\/dicodusport.fr\/blog\/wp-content\/uploads\/2023\/04\/Jonathan-Sexton-regrette-davoir-joue-deux-saisons-au-Racing-92.png\" \/>\n\t<meta property=\"og:image:width\" content=\"800\" \/>\n\t<meta property=\"og:image:height\" content=\"445\" \/>\n\t<meta property=\"og:image:type\" content=\"image\/png\" \/>\n<meta name=\"author\" content=\"Nicolas Jacquemard\" \/>\n<meta name=\"twitter:card\" content=\"summary_large_image\" \/>\n<meta name=\"twitter:title\" content=\"Jonathan Sexton regrette d&#039;avoir jou\u00e9 deux saisons au Racing 92\" \/>\n<meta name=\"twitter:creator\" content=\"@https:\/\/twitter.com\/Nico_Jacquemard\" \/>\n<meta name=\"twitter:site\" content=\"@dicodusport\" \/>\n<script type=\"application\/ld+json\" class=\"yoast-schema-graph\">{\"@context\":\"https:\/\/schema.org\",\"@graph\":[{\"@type\":\"NewsArticle\",\"@id\":\"https:\/\/dicodusport.fr\/blog\/jonathan-sexton-regrette-davoir-joue-deux-saisons-au-racing-92\/#article\",\"isPartOf\":{\"@id\":\"https:\/\/dicodusport.fr\/blog\/jonathan-sexton-regrette-davoir-joue-deux-saisons-au-racing-92\/\"},\"author\":{\"name\":\"Nicolas Jacquemard\",\"@id\":\"https:\/\/dicodusport.fr\/blog\/#\/schema\/person\/55dcb50ad410894e431ed812bbb70191\"},\"headline\":\"Jonathan Sexton regrette d&rsquo;avoir jou\u00e9 deux saisons au Racing 92\",\"datePublished\":\"2023-04-09T10:39:10+00:00\",\"dateModified\":\"2023-04-09T11:43:57+00:00\",\"mainEntityOfPage\":{\"@id\":\"https:\/\/dicodusport.fr\/blog\/jonathan-sexton-regrette-davoir-joue-deux-saisons-au-racing-92\/\"},\"wordCount\":288,\"commentCount\":0,\"publisher\":{\"@id\":\"https:\/\/dicodusport.fr\/blog\/#organization\"},\"image\":{\"@id\":\"https:\/\/dicodusport.fr\/blog\/jonathan-sexton-regrette-davoir-joue-deux-saisons-au-racing-92\/#primaryimage\"},\"thumbnailUrl\":\"https:\/\/dicodusport.fr\/blog\/wp-content\/uploads\/2023\/04\/Jonathan-Sexton-regrette-davoir-joue-deux-saisons-au-Racing-92.png\",\"keywords\":[\"br\u00e8ve\",\"Jonathan Sexton\",\"Racing 92\"],\"articleSection\":[\"Rugby \u00e0 XV\",\"Top 14\"],\"inLanguage\":\"fr-FR\",\"potentialAction\":[{\"@type\":\"CommentAction\",\"name\":\"Comment\",\"target\":[\"https:\/\/dicodusport.fr\/blog\/jonathan-sexton-regrette-davoir-joue-deux-saisons-au-racing-92\/#respond\"]}],\"copyrightYear\":\"2023\",\"copyrightHolder\":{\"@id\":\"https:\/\/dicodusport.fr\/blog\/#organization\"}},{\"@type\":\"WebPage\",\"@id\":\"https:\/\/dicodusport.fr\/blog\/jonathan-sexton-regrette-davoir-joue-deux-saisons-au-racing-92\/\",\"url\":\"https:\/\/dicodusport.fr\/blog\/jonathan-sexton-regrette-davoir-joue-deux-saisons-au-racing-92\/\",\"name\":\"Jonathan Sexton regrette d'avoir jou\u00e9 deux saisons au Racing 92\",\"isPartOf\":{\"@id\":\"https:\/\/dicodusport.fr\/blog\/#website\"},\"primaryImageOfPage\":{\"@id\":\"https:\/\/dicodusport.fr\/blog\/jonathan-sexton-regrette-davoir-joue-deux-saisons-au-racing-92\/#primaryimage\"},\"image\":{\"@id\":\"https:\/\/dicodusport.fr\/blog\/jonathan-sexton-regrette-davoir-joue-deux-saisons-au-racing-92\/#primaryimage\"},\"thumbnailUrl\":\"https:\/\/dicodusport.fr\/blog\/wp-content\/uploads\/2023\/04\/Jonathan-Sexton-regrette-davoir-joue-deux-saisons-au-Racing-92.png\",\"datePublished\":\"2023-04-09T10:39:10+00:00\",\"dateModified\":\"2023-04-09T11:43:57+00:00\",\"description\":\"TOP 14 2022-2023 - Dans un entretien accord\u00e9 au Times, Jonathan Sexton a expliqu\u00e9 qu'il regrettait avoir jou\u00e9 deux saisons pour le Racing 92.\u00a0\",\"breadcrumb\":{\"@id\":\"https:\/\/dicodusport.fr\/blog\/jonathan-sexton-regrette-davoir-joue-deux-saisons-au-racing-92\/#breadcrumb\"},\"inLanguage\":\"fr-FR\",\"potentialAction\":[{\"@type\":\"ReadAction\",\"target\":[\"https:\/\/dicodusport.fr\/blog\/jonathan-sexton-regrette-davoir-joue-deux-saisons-au-racing-92\/\"]}]},{\"@type\":\"ImageObject\",\"inLanguage\":\"fr-FR\",\"@id\":\"https:\/\/dicodusport.fr\/blog\/jonathan-sexton-regrette-davoir-joue-deux-saisons-au-racing-92\/#primaryimage\",\"url\":\"https:\/\/dicodusport.fr\/blog\/wp-content\/uploads\/2023\/04\/Jonathan-Sexton-regrette-davoir-joue-deux-saisons-au-Racing-92.png\",\"contentUrl\":\"https:\/\/dicodusport.fr\/blog\/wp-content\/uploads\/2023\/04\/Jonathan-Sexton-regrette-davoir-joue-deux-saisons-au-Racing-92.png\",\"width\":800,\"height\":445},{\"@type\":\"BreadcrumbList\",\"@id\":\"https:\/\/dicodusport.fr\/blog\/jonathan-sexton-regrette-davoir-joue-deux-saisons-au-racing-92\/#breadcrumb\",\"itemListElement\":[{\"@type\":\"ListItem\",\"position\":1,\"name\":\"Accueil\",\"item\":\"https:\/\/dicodusport.fr\/blog\/\"},{\"@type\":\"ListItem\",\"position\":2,\"name\":\"Jonathan Sexton regrette d&rsquo;avoir jou\u00e9 deux saisons au Racing 92\"}]},{\"@type\":\"WebSite\",\"@id\":\"https:\/\/dicodusport.fr\/blog\/#website\",\"url\":\"https:\/\/dicodusport.fr\/blog\/\",\"name\":\"Dicodusport\",\"description\":\"L&#039;encyclop\u00e9die de l&#039;actualit\u00e9 sportive\",\"publisher\":{\"@id\":\"https:\/\/dicodusport.fr\/blog\/#organization\"},\"potentialAction\":[{\"@type\":\"SearchAction\",\"target\":{\"@type\":\"EntryPoint\",\"urlTemplate\":\"https:\/\/dicodusport.fr\/blog\/?s={search_term_string}\"},\"query-input\":{\"@type\":\"PropertyValueSpecification\",\"valueRequired\":true,\"valueName\":\"search_term_string\"}}],\"inLanguage\":\"fr-FR\"},{\"@type\":\"NewsMediaOrganization\",\"@id\":\"https:\/\/dicodusport.fr\/blog\/#organization\",\"name\":\"Dicodusport\",\"url\":\"https:\/\/dicodusport.fr\/blog\/\",\"logo\":{\"@type\":\"ImageObject\",\"inLanguage\":\"fr-FR\",\"@id\":\"https:\/\/dicodusport.fr\/blog\/#\/schema\/logo\/image\/\",\"url\":\"https:\/\/dicodusport.fr\/blog\/wp-content\/uploads\/2020\/06\/cropped-LOGO-DICODUSPORT-2020-SANS-FOND-SANS-TEXTE.png\",\"contentUrl\":\"https:\/\/dicodusport.fr\/blog\/wp-content\/uploads\/2020\/06\/cropped-LOGO-DICODUSPORT-2020-SANS-FOND-SANS-TEXTE.png\",\"width\":512,\"height\":512,\"caption\":\"Dicodusport\"},\"image\":{\"@id\":\"https:\/\/dicodusport.fr\/blog\/#\/schema\/logo\/image\/\"},\"sameAs\":[\"https:\/\/www.facebook.com\/dicodusport\",\"https:\/\/x.com\/dicodusport\",\"https:\/\/www.instagram.com\/dicodusport\/\",\"https:\/\/www.youtube.com\/channel\/UC7V2KZ5sd3htJivAbA4ZG3w\"],\"description\":\"Dicodusport est l'encyclop\u00e9die de l'actualit\u00e9 sportive.\",\"email\":\"bonjour@dicodusport.fr\",\"legalName\":\"DICODUSPORT\",\"foundingDate\":\"2018-01-14\",\"vatID\":\"FR71834470973\",\"taxID\":\"83447097300043\",\"numberOfEmployees\":{\"@type\":\"QuantitativeValue\",\"minValue\":\"1\",\"maxValue\":\"10\"}},{\"@type\":\"Person\",\"@id\":\"https:\/\/dicodusport.fr\/blog\/#\/schema\/person\/55dcb50ad410894e431ed812bbb70191\",\"name\":\"Nicolas Jacquemard\",\"image\":{\"@type\":\"ImageObject\",\"inLanguage\":\"fr-FR\",\"@id\":\"https:\/\/dicodusport.fr\/blog\/#\/schema\/person\/image\/\",\"url\":\"https:\/\/dicodusport.fr\/blog\/wp-content\/uploads\/2021\/05\/Nicolas-Jacquemard-150x150.jpeg\",\"contentUrl\":\"https:\/\/dicodusport.fr\/blog\/wp-content\/uploads\/2021\/05\/Nicolas-Jacquemard-150x150.jpeg\",\"caption\":\"Nicolas Jacquemard\"},\"description\":\"Passionn\u00e9 de sport et entrepreneur depuis mes 18 ans, la cr\u00e9ation de Dicodusport m'a sembl\u00e9 \u00e9vidente pour participer \u00e0 la m\u00e9diatisation d'un plus grand nombre de sports. Le chemin est long mais avec une \u00e9quipe des plus motiv\u00e9es et les Jeux Olympiques de Paris 2024 en point de mire, nous y arriverons ! Journaliste dans le monde du sport depuis plus de 5 ans, je traite aussi bien de football, de rugby, de biathlon que de cyclisme.\",\"sameAs\":[\"https:\/\/www.facebook.com\/dicodusport\",\"https:\/\/x.com\/https:\/\/twitter.com\/Nico_Jacquemard\"],\"url\":\"https:\/\/dicodusport.fr\/blog\/author\/dicodusport\/\"}]}<\/script>\n<!-- \/ Yoast SEO Premium plugin. -->","yoast_head_json":{"title":"Jonathan Sexton regrette d'avoir jou\u00e9 deux saisons au Racing 92","description":"TOP 14 2022-2023 - Dans un entretien accord\u00e9 au Times, Jonathan Sexton a expliqu\u00e9 qu'il regrettait avoir jou\u00e9 deux saisons pour le Racing 92.\u00a0","robots":{"index":"index","follow":"follow","max-snippet":"max-snippet:-1","max-image-preview":"max-image-preview:large","max-video-preview":"max-video-preview:-1"},"canonical":"https:\/\/dicodusport.fr\/blog\/jonathan-sexton-regrette-davoir-joue-deux-saisons-au-racing-92\/","og_locale":"fr_FR","og_type":"article","og_title":"Jonathan Sexton regrette d'avoir jou\u00e9 deux saisons au Racing 92","og_description":"TOP 14 2022-2023 - Dans un entretien accord\u00e9 au Times, Jonathan Sexton a expliqu\u00e9 qu'il regrettait avoir jou\u00e9 deux saisons pour le Racing 92.\u00a0","og_url":"https:\/\/dicodusport.fr\/blog\/jonathan-sexton-regrette-davoir-joue-deux-saisons-au-racing-92\/","og_site_name":"Dicodusport","article_publisher":"https:\/\/www.facebook.com\/dicodusport","article_author":"https:\/\/www.facebook.com\/dicodusport","article_published_time":"2023-04-09T10:39:10+00:00","article_modified_time":"2023-04-09T11:43:57+00:00","og_image":[{"width":800,"height":445,"url":"https:\/\/dicodusport.fr\/blog\/wp-content\/uploads\/2023\/04\/Jonathan-Sexton-regrette-davoir-joue-deux-saisons-au-Racing-92.png","type":"image\/png"}],"author":"Nicolas Jacquemard","twitter_card":"summary_large_image","twitter_title":"Jonathan Sexton regrette d'avoir jou\u00e9 deux saisons au Racing 92","twitter_creator":"@https:\/\/twitter.com\/Nico_Jacquemard","twitter_site":"@dicodusport","schema":{"@context":"https:\/\/schema.org","@graph":[{"@type":"NewsArticle","@id":"https:\/\/dicodusport.fr\/blog\/jonathan-sexton-regrette-davoir-joue-deux-saisons-au-racing-92\/#article","isPartOf":{"@id":"https:\/\/dicodusport.fr\/blog\/jonathan-sexton-regrette-davoir-joue-deux-saisons-au-racing-92\/"},"author":{"name":"Nicolas Jacquemard","@id":"https:\/\/dicodusport.fr\/blog\/#\/schema\/person\/55dcb50ad410894e431ed812bbb70191"},"headline":"Jonathan Sexton regrette d&rsquo;avoir jou\u00e9 deux saisons au Racing 92","datePublished":"2023-04-09T10:39:10+00:00","dateModified":"2023-04-09T11:43:57+00:00","mainEntityOfPage":{"@id":"https:\/\/dicodusport.fr\/blog\/jonathan-sexton-regrette-davoir-joue-deux-saisons-au-racing-92\/"},"wordCount":288,"commentCount":0,"publisher":{"@id":"https:\/\/dicodusport.fr\/blog\/#organization"},"image":{"@id":"https:\/\/dicodusport.fr\/blog\/jonathan-sexton-regrette-davoir-joue-deux-saisons-au-racing-92\/#primaryimage"},"thumbnailUrl":"https:\/\/dicodusport.fr\/blog\/wp-content\/uploads\/2023\/04\/Jonathan-Sexton-regrette-davoir-joue-deux-saisons-au-Racing-92.png","keywords":["br\u00e8ve","Jonathan Sexton","Racing 92"],"articleSection":["Rugby \u00e0 XV","Top 14"],"inLanguage":"fr-FR","potentialAction":[{"@type":"CommentAction","name":"Comment","target":["https:\/\/dicodusport.fr\/blog\/jonathan-sexton-regrette-davoir-joue-deux-saisons-au-racing-92\/#respond"]}],"copyrightYear":"2023","copyrightHolder":{"@id":"https:\/\/dicodusport.fr\/blog\/#organization"}},{"@type":"WebPage","@id":"https:\/\/dicodusport.fr\/blog\/jonathan-sexton-regrette-davoir-joue-deux-saisons-au-racing-92\/","url":"https:\/\/dicodusport.fr\/blog\/jonathan-sexton-regrette-davoir-joue-deux-saisons-au-racing-92\/","name":"Jonathan Sexton regrette d'avoir jou\u00e9 deux saisons au Racing 92","isPartOf":{"@id":"https:\/\/dicodusport.fr\/blog\/#website"},"primaryImageOfPage":{"@id":"https:\/\/dicodusport.fr\/blog\/jonathan-sexton-regrette-davoir-joue-deux-saisons-au-racing-92\/#primaryimage"},"image":{"@id":"https:\/\/dicodusport.fr\/blog\/jonathan-sexton-regrette-davoir-joue-deux-saisons-au-racing-92\/#primaryimage"},"thumbnailUrl":"https:\/\/dicodusport.fr\/blog\/wp-content\/uploads\/2023\/04\/Jonathan-Sexton-regrette-davoir-joue-deux-saisons-au-Racing-92.png","datePublished":"2023-04-09T10:39:10+00:00","dateModified":"2023-04-09T11:43:57+00:00","description":"TOP 14 2022-2023 - Dans un entretien accord\u00e9 au Times, Jonathan Sexton a expliqu\u00e9 qu'il regrettait avoir jou\u00e9 deux saisons pour le Racing 92.\u00a0","breadcrumb":{"@id":"https:\/\/dicodusport.fr\/blog\/jonathan-sexton-regrette-davoir-joue-deux-saisons-au-racing-92\/#breadcrumb"},"inLanguage":"fr-FR","potentialAction":[{"@type":"ReadAction","target":["https:\/\/dicodusport.fr\/blog\/jonathan-sexton-regrette-davoir-joue-deux-saisons-au-racing-92\/"]}]},{"@type":"ImageObject","inLanguage":"fr-FR","@id":"https:\/\/dicodusport.fr\/blog\/jonathan-sexton-regrette-davoir-joue-deux-saisons-au-racing-92\/#primaryimage","url":"https:\/\/dicodusport.fr\/blog\/wp-content\/uploads\/2023\/04\/Jonathan-Sexton-regrette-davoir-joue-deux-saisons-au-Racing-92.png","contentUrl":"https:\/\/dicodusport.fr\/blog\/wp-content\/uploads\/2023\/04\/Jonathan-Sexton-regrette-davoir-joue-deux-saisons-au-Racing-92.png","width":800,"height":445},{"@type":"BreadcrumbList","@id":"https:\/\/dicodusport.fr\/blog\/jonathan-sexton-regrette-davoir-joue-deux-saisons-au-racing-92\/#breadcrumb","itemListElement":[{"@type":"ListItem","position":1,"name":"Accueil","item":"https:\/\/dicodusport.fr\/blog\/"},{"@type":"ListItem","position":2,"name":"Jonathan Sexton regrette d&rsquo;avoir jou\u00e9 deux saisons au Racing 92"}]},{"@type":"WebSite","@id":"https:\/\/dicodusport.fr\/blog\/#website","url":"https:\/\/dicodusport.fr\/blog\/","name":"Dicodusport","description":"L&#039;encyclop\u00e9die de l&#039;actualit\u00e9 sportive","publisher":{"@id":"https:\/\/dicodusport.fr\/blog\/#organization"},"potentialAction":[{"@type":"SearchAction","target":{"@type":"EntryPoint","urlTemplate":"https:\/\/dicodusport.fr\/blog\/?s={search_term_string}"},"query-input":{"@type":"PropertyValueSpecification","valueRequired":true,"valueName":"search_term_string"}}],"inLanguage":"fr-FR"},{"@type":"NewsMediaOrganization","@id":"https:\/\/dicodusport.fr\/blog\/#organization","name":"Dicodusport","url":"https:\/\/dicodusport.fr\/blog\/","logo":{"@type":"ImageObject","inLanguage":"fr-FR","@id":"https:\/\/dicodusport.fr\/blog\/#\/schema\/logo\/image\/","url":"https:\/\/dicodusport.fr\/blog\/wp-content\/uploads\/2020\/06\/cropped-LOGO-DICODUSPORT-2020-SANS-FOND-SANS-TEXTE.png","contentUrl":"https:\/\/dicodusport.fr\/blog\/wp-content\/uploads\/2020\/06\/cropped-LOGO-DICODUSPORT-2020-SANS-FOND-SANS-TEXTE.png","width":512,"height":512,"caption":"Dicodusport"},"image":{"@id":"https:\/\/dicodusport.fr\/blog\/#\/schema\/logo\/image\/"},"sameAs":["https:\/\/www.facebook.com\/dicodusport","https:\/\/x.com\/dicodusport","https:\/\/www.instagram.com\/dicodusport\/","https:\/\/www.youtube.com\/channel\/UC7V2KZ5sd3htJivAbA4ZG3w"],"description":"Dicodusport est l'encyclop\u00e9die de l'actualit\u00e9 sportive.","email":"bonjour@dicodusport.fr","legalName":"DICODUSPORT","foundingDate":"2018-01-14","vatID":"FR71834470973","taxID":"83447097300043","numberOfEmployees":{"@type":"QuantitativeValue","minValue":"1","maxValue":"10"}},{"@type":"Person","@id":"https:\/\/dicodusport.fr\/blog\/#\/schema\/person\/55dcb50ad410894e431ed812bbb70191","name":"Nicolas Jacquemard","image":{"@type":"ImageObject","inLanguage":"fr-FR","@id":"https:\/\/dicodusport.fr\/blog\/#\/schema\/person\/image\/","url":"https:\/\/dicodusport.fr\/blog\/wp-content\/uploads\/2021\/05\/Nicolas-Jacquemard-150x150.jpeg","contentUrl":"https:\/\/dicodusport.fr\/blog\/wp-content\/uploads\/2021\/05\/Nicolas-Jacquemard-150x150.jpeg","caption":"Nicolas Jacquemard"},"description":"Passionn\u00e9 de sport et entrepreneur depuis mes 18 ans, la cr\u00e9ation de Dicodusport m'a sembl\u00e9 \u00e9vidente pour participer \u00e0 la m\u00e9diatisation d'un plus grand nombre de sports. Le chemin est long mais avec une \u00e9quipe des plus motiv\u00e9es et les Jeux Olympiques de Paris 2024 en point de mire, nous y arriverons ! Journaliste dans le monde du sport depuis plus de 5 ans, je traite aussi bien de football, de rugby, de biathlon que de cyclisme.","sameAs":["https:\/\/www.facebook.com\/dicodusport","https:\/\/x.com\/https:\/\/twitter.com\/Nico_Jacquemard"],"url":"https:\/\/dicodusport.fr\/blog\/author\/dicodusport\/"}]}},"_links":{"self":[{"href":"https:\/\/dicodusport.fr\/blog\/wp-json\/wp\/v2\/posts\/372975","targetHints":{"allow":["GET"]}}],"collection":[{"href":"https:\/\/dicodusport.fr\/blog\/wp-json\/wp\/v2\/posts"}],"about":[{"href":"https:\/\/dicodusport.fr\/blog\/wp-json\/wp\/v2\/types\/post"}],"author":[{"embeddable":true,"href":"https:\/\/dicodusport.fr\/blog\/wp-json\/wp\/v2\/users\/1"}],"replies":[{"embeddable":true,"href":"https:\/\/dicodusport.fr\/blog\/wp-json\/wp\/v2\/comments?post=372975"}],"version-history":[{"count":0,"href":"https:\/\/dicodusport.fr\/blog\/wp-json\/wp\/v2\/posts\/372975\/revisions"}],"wp:featuredmedia":[{"embeddable":true,"href":"https:\/\/dicodusport.fr\/blog\/wp-json\/wp\/v2\/media\/372981"}],"wp:attachment":[{"href":"https:\/\/dicodusport.fr\/blog\/wp-json\/wp\/v2\/media?parent=372975"}],"wp:term":[{"taxonomy":"category","embeddable":true,"href":"https:\/\/dicodusport.fr\/blog\/wp-json\/wp\/v2\/categories?post=372975"},{"taxonomy":"post_tag","embeddable":true,"href":"https:\/\/dicodusport.fr\/blog\/wp-json\/wp\/v2\/tags?post=372975"}],"curies":[{"name":"wp","href":"https:\/\/api.w.org\/{rel}","templated":true}]}}