{"id":372999,"date":"2023-04-09T18:03:15","date_gmt":"2023-04-09T16:03:15","guid":{"rendered":"https:\/\/dicodusport.fr\/blog\/?p=372999&#038;preview=true&#038;preview_id=372999"},"modified":"2023-04-09T19:08:16","modified_gmt":"2023-04-09T17:08:16","slug":"champions-cup-la-rochelle-simpose-face-aux-saracens-et-verra-les-demi-finales","status":"publish","type":"post","link":"https:\/\/dicodusport.fr\/blog\/champions-cup-la-rochelle-simpose-face-aux-saracens-et-verra-les-demi-finales\/","title":{"rendered":"Champions Cup : La Rochelle s\u2019impose face aux Saracens et verra les demi-finales"},"content":{"rendered":"<p style=\"text-align: justify;\" align=\"justify\"><em><strong>CHAMPIONS CUP 2022\/2023 &#8211; <\/strong><strong>Tr\u00e8s s\u00e9rieux, les Rochelais s\u2019imposent 24 \u00e0 10 face aux Saracens. Ils rejoignent Toulouse dans le dernier carr\u00e9, et joueront contre Exeter pour une place en finale.<br \/>\n<\/strong><\/em><\/p>\n<p style=\"text-align: justify;\"><span style=\"font-weight: 400;\">Sous le soleil de <strong>Marcel-Deflandre<\/strong>, le dernier 1\/4 de finale de cette <\/span><b>Champions Cup<\/b><span style=\"font-weight: 400;\"> opposait le champion en titre rochelais et l\u2019\u00e9quipe revenante, les <strong>Saracens<\/strong>. Si les hommes de <strong>Ronan O\u2019Gara<\/strong> pouvaient sembler favoris, les Anglais men\u00e9s par <strong>Owen Farrell<\/strong> venaient pour faire un coup, et montrer qu\u2019ils sont de retour au plus haut niveau.\u00a0<\/span><\/p>\n<h2 style=\"text-align: justify;\">La Rochelle clinique<\/h2>\n<p style=\"text-align: justify;\"><span style=\"font-weight: 400;\">P\u00e9nalis\u00e9s trois fois en trois minutes, les Anglais ont permis aux maritimes et \u00e0 <\/span><b>Antoine Hastoy<\/b><span style=\"font-weight: 400;\"> de se mettre en confiance d\u00e8s le d\u00e9but de match en menant 6-0 au bout de cinq minutes.\u00a0<\/span><\/p>\n<p style=\"text-align: justify;\"><span style=\"font-weight: 400;\">Apr\u00e8s une bonne s\u00e9ance dans le camp des Rochelais, <\/span><b>Owen Farrell<\/b><span style=\"font-weight: 400;\"> ouvrait le compteur de son \u00e9quipe (6-3, 22\u2019). Mais un excellent grattage de <\/span><b>Levani Botia<\/b><span style=\"font-weight: 400;\"> permettait \u00e0 <\/span><b>Hastoy<\/b><span style=\"font-weight: 400;\"> de redonner six points d\u2019avance \u00e0 son \u00e9quipe (9-3, 24\u2019). Alors qu\u2019ils rentraient pour la premi\u00e8re fois dans les 22 m\u00e8tres adverses, les Rochelais en profitaient pour inscrire un magnifique essai. <\/span><b>Gregory Alldritt<\/b><span style=\"font-weight: 400;\"> servait magnifiquement <\/span><b>Kerr-Barlow<\/b><span style=\"font-weight: 400;\"> qui finissait tout seul (16-3, 34\u2019). Sans \u00eatre flamboyants, les Maritimes viraient largement en t\u00eate \u00e0 la mi-temps gr\u00e2ce notamment \u00e0 une excellente d\u00e9fense.<\/span><\/p>\n<h2 style=\"text-align: justify;\">Le s\u00e9rieux des Rochelais<\/h2>\n<p style=\"text-align: justify;\"><span style=\"font-weight: 400;\">En ce d\u00e9but de deuxi\u00e8me mi-temps, les Anglais tentaient mais n\u2019y arrivaient pas. Accul\u00e9s sur leur ligne, les Rochelais pli\u00e8rent sans rompre et r\u00e9coltaient m\u00eame une p\u00e9nalit\u00e9. Alors qu\u2019il avait \u00e9t\u00e9 monstrueux en d\u00e9fense <\/span><b>Botia<\/b><span style=\"font-weight: 400;\"> s\u2019illustrait cette fois en attaque, apr\u00e8s une magnifique perc\u00e9e, il servait <\/span><b>Kerr-Barlow<\/b><span style=\"font-weight: 400;\"> qui venait aplatir son deuxi\u00e8me essai (21-3, 60\u2019). M\u00eame si certains les ont oubli\u00e9s, les Saracens ne sont pas n\u2019importe qui. Trois fois champions d\u2019Europe entre 2016 et 2019, les Anglais ont d\u00e9cid\u00e9 de rafra\u00eechir la m\u00e9moire \u00e0 tout le monde. <\/span><\/p>\n<p style=\"text-align: justify;\"><span style=\"font-weight: 400;\">Solides sur les bases du jeu et pouvant compter sur d&rsquo;excellentes individualit\u00e9s, les <em>Sarries<\/em> ont fait \u00e9talage de toutes leurs qualit\u00e9s, aplatissant un essai en force par <\/span><b>Eroni Mawi <\/b><span style=\"font-weight: 400;\">(21-10, 66\u2019). Mais une nouvelle p\u00e9nalit\u00e9 de <\/span><b>Hastoy<\/b><span style=\"font-weight: 400;\"> permettait aux Rochelais de reprendre 14 points d\u2019avance (24-10, 69\u2019). Le plaquage haut de <\/span><b>Brice Dulin<\/b><span style=\"font-weight: 400;\">, synonyme de carton jaune venait g\u00e2cher la fin de match des Rochelais. M\u00eame s&rsquo;ils n\u2019ont pas eu le temps de trembler longtemps, puisque les Anglais terminaient eux aussi \u00e0 14 pour un d\u00e9blayage dangereux de <\/span><b>Woolstencroft<\/b><span style=\"font-weight: 400;\">.\u00a0<\/span><\/p>\n<p style=\"text-align: justify;\"><span style=\"font-weight: 400;\">Tr\u00e8s s\u00e9rieux, les Rochelais ont su construire leur victoire en s\u2019appuyant sur un excellent pack et un grand r\u00e9alisme. Ils iront donc au Matmut de Bordeaux pour affronter les Anglais d\u2019<\/span><strong>Exeter<\/strong><span style=\"font-weight: 400;\"> en demi-finale. De leur c\u00f4t\u00e9, les Saracens n\u2019ont pas su se montrer dangereux et se sont fracass\u00e9s sur l&rsquo;excellente d\u00e9fense maritime.\u00a0<\/span><\/p>\n<blockquote class=\"twitter-tweet\">\n<p dir=\"ltr\" lang=\"fr\">\u2728 Auteurs d&rsquo;une prestation tr\u00e8s aboutie dans un Marcel Deflandre au top de sa forme, les Jaune et Noir sont en demi-finale ! \ud83d\udc9b<\/p>\n<p>Et pour la troisi\u00e8me saison cons\u00e9cutive \ud83e\udef5<a href=\"https:\/\/twitter.com\/hashtag\/SRvSAR?src=hash&amp;ref_src=twsrc%5Etfw\">#SRvSAR<\/a> | <a href=\"https:\/\/twitter.com\/hashtag\/ChampionsCup?src=hash&amp;ref_src=twsrc%5Etfw\">#ChampionsCup<\/a> | <a href=\"https:\/\/twitter.com\/hashtag\/FievreSR?src=hash&amp;ref_src=twsrc%5Etfw\">#FievreSR<\/a> <a href=\"https:\/\/t.co\/MS6RRvLXOH\">pic.twitter.com\/MS6RRvLXOH<\/a><\/p>\n<p>\u2014 Stade Rochelais (@staderochelais) <a href=\"https:\/\/twitter.com\/staderochelais\/status\/1645094609884790786?ref_src=twsrc%5Etfw\">April 9, 2023<\/a><\/p><\/blockquote>\n<p><script async src=\"https:\/\/platform.twitter.com\/widgets.js\" charset=\"utf-8\"><\/script><\/p>\n","protected":false},"excerpt":{"rendered":"<p>CHAMPIONS CUP 2022\/2023 &#8211; Tr\u00e8s s\u00e9rieux, les Rochelais s\u2019imposent 24 \u00e0 10 face aux Saracens. Ils rejoignent Toulouse dans le dernier carr\u00e9, et joueront contre Exeter pour une place en finale.<\/p>\n","protected":false},"author":84,"featured_media":373051,"comment_status":"open","ping_status":"closed","sticky":false,"template":"","format":"standard","meta":{"_acf_changed":false,"_daextam_enable_autolinks":"","footnotes":""},"categories":[47051],"tags":[16878,2823,3129,9173,24],"class_list":["post-372999","post","type-post","status-publish","format-standard","has-post-thumbnail","hentry","category-champions-cup","tag-breve","tag-champions-cup","tag-la-rochelle","tag-saracens","tag-sport"],"acf":[],"yoast_head":"<!-- This site is optimized with the Yoast SEO Premium plugin v26.7 (Yoast SEO v26.7) - https:\/\/yoast.com\/wordpress\/plugins\/seo\/ -->\n<title>Champions Cup : La Rochelle s\u2019impose face aux Saracens et verra les demi-finales<\/title>\n<meta name=\"description\" content=\"CHAMPIONS CUP 2022\/2023 - Tr\u00e8s s\u00e9rieux, les Rochelais s\u2019imposent 24 \u00e0 10 face aux Saracens. Ils rejoignent Toulouse dans le dernier carr\u00e9.\" \/>\n<meta name=\"robots\" content=\"index, follow, max-snippet:-1, max-image-preview:large, max-video-preview:-1\" \/>\n<link rel=\"canonical\" href=\"https:\/\/dicodusport.fr\/blog\/champions-cup-la-rochelle-simpose-face-aux-saracens-et-verra-les-demi-finales\/\" \/>\n<meta property=\"og:locale\" content=\"fr_FR\" \/>\n<meta property=\"og:type\" content=\"article\" \/>\n<meta property=\"og:title\" content=\"Champions Cup : La Rochelle s\u2019impose face aux Saracens et verra les demi-finales\" \/>\n<meta property=\"og:description\" content=\"CHAMPIONS CUP 2022\/2023 - Tr\u00e8s s\u00e9rieux, les Rochelais s\u2019imposent 24 \u00e0 10 face aux Saracens. Ils rejoignent Toulouse dans le dernier carr\u00e9.\" \/>\n<meta property=\"og:url\" content=\"https:\/\/dicodusport.fr\/blog\/champions-cup-la-rochelle-simpose-face-aux-saracens-et-verra-les-demi-finales\/\" \/>\n<meta property=\"og:site_name\" content=\"Dicodusport\" \/>\n<meta property=\"article:publisher\" content=\"https:\/\/www.facebook.com\/dicodusport\" \/>\n<meta property=\"article:published_time\" content=\"2023-04-09T16:03:15+00:00\" \/>\n<meta property=\"article:modified_time\" content=\"2023-04-09T17:08:16+00:00\" \/>\n<meta property=\"og:image\" content=\"https:\/\/dicodusport.fr\/blog\/wp-content\/uploads\/2023\/04\/Champions-Cup-La-Rochelle-simpose-face-aux-Saracens-et-verra-les-demi-finales.png\" \/>\n\t<meta property=\"og:image:width\" content=\"800\" \/>\n\t<meta property=\"og:image:height\" content=\"445\" \/>\n\t<meta property=\"og:image:type\" content=\"image\/png\" \/>\n<meta name=\"author\" content=\"Fran\u00e7ois Maleysson\" \/>\n<meta name=\"twitter:card\" content=\"summary_large_image\" \/>\n<meta name=\"twitter:title\" content=\"Champions Cup : La Rochelle s\u2019impose face aux Saracens et verra les demi-finales\" \/>\n<meta name=\"twitter:creator\" content=\"@dicodusport\" \/>\n<meta name=\"twitter:site\" content=\"@dicodusport\" \/>\n<script type=\"application\/ld+json\" class=\"yoast-schema-graph\">{\"@context\":\"https:\/\/schema.org\",\"@graph\":[{\"@type\":\"NewsArticle\",\"@id\":\"https:\/\/dicodusport.fr\/blog\/champions-cup-la-rochelle-simpose-face-aux-saracens-et-verra-les-demi-finales\/#article\",\"isPartOf\":{\"@id\":\"https:\/\/dicodusport.fr\/blog\/champions-cup-la-rochelle-simpose-face-aux-saracens-et-verra-les-demi-finales\/\"},\"author\":{\"name\":\"Fran\u00e7ois Maleysson\",\"@id\":\"https:\/\/dicodusport.fr\/blog\/#\/schema\/person\/f017c7852e05781811b96a8ea1e12a9b\"},\"headline\":\"Champions Cup : La Rochelle s\u2019impose face aux Saracens et verra les demi-finales\",\"datePublished\":\"2023-04-09T16:03:15+00:00\",\"dateModified\":\"2023-04-09T17:08:16+00:00\",\"mainEntityOfPage\":{\"@id\":\"https:\/\/dicodusport.fr\/blog\/champions-cup-la-rochelle-simpose-face-aux-saracens-et-verra-les-demi-finales\/\"},\"wordCount\":540,\"commentCount\":0,\"publisher\":{\"@id\":\"https:\/\/dicodusport.fr\/blog\/#organization\"},\"image\":{\"@id\":\"https:\/\/dicodusport.fr\/blog\/champions-cup-la-rochelle-simpose-face-aux-saracens-et-verra-les-demi-finales\/#primaryimage\"},\"thumbnailUrl\":\"https:\/\/dicodusport.fr\/blog\/wp-content\/uploads\/2023\/04\/Champions-Cup-La-Rochelle-simpose-face-aux-Saracens-et-verra-les-demi-finales.png\",\"keywords\":[\"br\u00e8ve\",\"Champions Cup\",\"La Rochelle\",\"Saracens\",\"sport\"],\"articleSection\":[\"Champions Cup\"],\"inLanguage\":\"fr-FR\",\"potentialAction\":[{\"@type\":\"CommentAction\",\"name\":\"Comment\",\"target\":[\"https:\/\/dicodusport.fr\/blog\/champions-cup-la-rochelle-simpose-face-aux-saracens-et-verra-les-demi-finales\/#respond\"]}],\"copyrightYear\":\"2023\",\"copyrightHolder\":{\"@id\":\"https:\/\/dicodusport.fr\/blog\/#organization\"}},{\"@type\":\"WebPage\",\"@id\":\"https:\/\/dicodusport.fr\/blog\/champions-cup-la-rochelle-simpose-face-aux-saracens-et-verra-les-demi-finales\/\",\"url\":\"https:\/\/dicodusport.fr\/blog\/champions-cup-la-rochelle-simpose-face-aux-saracens-et-verra-les-demi-finales\/\",\"name\":\"Champions Cup : La Rochelle s\u2019impose face aux Saracens et verra les demi-finales\",\"isPartOf\":{\"@id\":\"https:\/\/dicodusport.fr\/blog\/#website\"},\"primaryImageOfPage\":{\"@id\":\"https:\/\/dicodusport.fr\/blog\/champions-cup-la-rochelle-simpose-face-aux-saracens-et-verra-les-demi-finales\/#primaryimage\"},\"image\":{\"@id\":\"https:\/\/dicodusport.fr\/blog\/champions-cup-la-rochelle-simpose-face-aux-saracens-et-verra-les-demi-finales\/#primaryimage\"},\"thumbnailUrl\":\"https:\/\/dicodusport.fr\/blog\/wp-content\/uploads\/2023\/04\/Champions-Cup-La-Rochelle-simpose-face-aux-Saracens-et-verra-les-demi-finales.png\",\"datePublished\":\"2023-04-09T16:03:15+00:00\",\"dateModified\":\"2023-04-09T17:08:16+00:00\",\"description\":\"CHAMPIONS CUP 2022\/2023 - Tr\u00e8s s\u00e9rieux, les Rochelais s\u2019imposent 24 \u00e0 10 face aux Saracens. Ils rejoignent Toulouse dans le dernier carr\u00e9.\",\"breadcrumb\":{\"@id\":\"https:\/\/dicodusport.fr\/blog\/champions-cup-la-rochelle-simpose-face-aux-saracens-et-verra-les-demi-finales\/#breadcrumb\"},\"inLanguage\":\"fr-FR\",\"potentialAction\":[{\"@type\":\"ReadAction\",\"target\":[\"https:\/\/dicodusport.fr\/blog\/champions-cup-la-rochelle-simpose-face-aux-saracens-et-verra-les-demi-finales\/\"]}]},{\"@type\":\"ImageObject\",\"inLanguage\":\"fr-FR\",\"@id\":\"https:\/\/dicodusport.fr\/blog\/champions-cup-la-rochelle-simpose-face-aux-saracens-et-verra-les-demi-finales\/#primaryimage\",\"url\":\"https:\/\/dicodusport.fr\/blog\/wp-content\/uploads\/2023\/04\/Champions-Cup-La-Rochelle-simpose-face-aux-Saracens-et-verra-les-demi-finales.png\",\"contentUrl\":\"https:\/\/dicodusport.fr\/blog\/wp-content\/uploads\/2023\/04\/Champions-Cup-La-Rochelle-simpose-face-aux-Saracens-et-verra-les-demi-finales.png\",\"width\":800,\"height\":445,\"caption\":\"Champions Cup La Rochelle s\u2019impose face aux Saracens et verra les demi-finales\"},{\"@type\":\"BreadcrumbList\",\"@id\":\"https:\/\/dicodusport.fr\/blog\/champions-cup-la-rochelle-simpose-face-aux-saracens-et-verra-les-demi-finales\/#breadcrumb\",\"itemListElement\":[{\"@type\":\"ListItem\",\"position\":1,\"name\":\"Accueil\",\"item\":\"https:\/\/dicodusport.fr\/blog\/\"},{\"@type\":\"ListItem\",\"position\":2,\"name\":\"Champions Cup : La Rochelle s\u2019impose face aux Saracens et verra les demi-finales\"}]},{\"@type\":\"WebSite\",\"@id\":\"https:\/\/dicodusport.fr\/blog\/#website\",\"url\":\"https:\/\/dicodusport.fr\/blog\/\",\"name\":\"Dicodusport\",\"description\":\"L&#039;encyclop\u00e9die de l&#039;actualit\u00e9 sportive\",\"publisher\":{\"@id\":\"https:\/\/dicodusport.fr\/blog\/#organization\"},\"potentialAction\":[{\"@type\":\"SearchAction\",\"target\":{\"@type\":\"EntryPoint\",\"urlTemplate\":\"https:\/\/dicodusport.fr\/blog\/?s={search_term_string}\"},\"query-input\":{\"@type\":\"PropertyValueSpecification\",\"valueRequired\":true,\"valueName\":\"search_term_string\"}}],\"inLanguage\":\"fr-FR\"},{\"@type\":\"NewsMediaOrganization\",\"@id\":\"https:\/\/dicodusport.fr\/blog\/#organization\",\"name\":\"Dicodusport\",\"url\":\"https:\/\/dicodusport.fr\/blog\/\",\"logo\":{\"@type\":\"ImageObject\",\"inLanguage\":\"fr-FR\",\"@id\":\"https:\/\/dicodusport.fr\/blog\/#\/schema\/logo\/image\/\",\"url\":\"https:\/\/dicodusport.fr\/blog\/wp-content\/uploads\/2020\/06\/cropped-LOGO-DICODUSPORT-2020-SANS-FOND-SANS-TEXTE.png\",\"contentUrl\":\"https:\/\/dicodusport.fr\/blog\/wp-content\/uploads\/2020\/06\/cropped-LOGO-DICODUSPORT-2020-SANS-FOND-SANS-TEXTE.png\",\"width\":512,\"height\":512,\"caption\":\"Dicodusport\"},\"image\":{\"@id\":\"https:\/\/dicodusport.fr\/blog\/#\/schema\/logo\/image\/\"},\"sameAs\":[\"https:\/\/www.facebook.com\/dicodusport\",\"https:\/\/x.com\/dicodusport\",\"https:\/\/www.instagram.com\/dicodusport\/\",\"https:\/\/www.youtube.com\/channel\/UC7V2KZ5sd3htJivAbA4ZG3w\"],\"description\":\"Dicodusport est l'encyclop\u00e9die de l'actualit\u00e9 sportive.\",\"email\":\"bonjour@dicodusport.fr\",\"legalName\":\"DICODUSPORT\",\"foundingDate\":\"2018-01-14\",\"vatID\":\"FR71834470973\",\"taxID\":\"83447097300043\",\"numberOfEmployees\":{\"@type\":\"QuantitativeValue\",\"minValue\":\"1\",\"maxValue\":\"10\"}},{\"@type\":\"Person\",\"@id\":\"https:\/\/dicodusport.fr\/blog\/#\/schema\/person\/f017c7852e05781811b96a8ea1e12a9b\",\"name\":\"Fran\u00e7ois Maleysson\",\"image\":{\"@type\":\"ImageObject\",\"inLanguage\":\"fr-FR\",\"@id\":\"https:\/\/dicodusport.fr\/blog\/#\/schema\/person\/image\/\",\"url\":\"https:\/\/dicodusport.fr\/blog\/wp-content\/uploads\/2020\/06\/cropped-LOGO-DICODUSPORT-2020-SANS-FOND-SANS-TEXTE-150x150.png\",\"contentUrl\":\"https:\/\/dicodusport.fr\/blog\/wp-content\/uploads\/2020\/06\/cropped-LOGO-DICODUSPORT-2020-SANS-FOND-SANS-TEXTE-150x150.png\",\"caption\":\"Fran\u00e7ois Maleysson\"},\"url\":\"https:\/\/dicodusport.fr\/blog\/author\/francois-maleysson\/\"}]}<\/script>\n<!-- \/ Yoast SEO Premium plugin. -->","yoast_head_json":{"title":"Champions Cup : La Rochelle s\u2019impose face aux Saracens et verra les demi-finales","description":"CHAMPIONS CUP 2022\/2023 - Tr\u00e8s s\u00e9rieux, les Rochelais s\u2019imposent 24 \u00e0 10 face aux Saracens. Ils rejoignent Toulouse dans le dernier carr\u00e9.","robots":{"index":"index","follow":"follow","max-snippet":"max-snippet:-1","max-image-preview":"max-image-preview:large","max-video-preview":"max-video-preview:-1"},"canonical":"https:\/\/dicodusport.fr\/blog\/champions-cup-la-rochelle-simpose-face-aux-saracens-et-verra-les-demi-finales\/","og_locale":"fr_FR","og_type":"article","og_title":"Champions Cup : La Rochelle s\u2019impose face aux Saracens et verra les demi-finales","og_description":"CHAMPIONS CUP 2022\/2023 - Tr\u00e8s s\u00e9rieux, les Rochelais s\u2019imposent 24 \u00e0 10 face aux Saracens. Ils rejoignent Toulouse dans le dernier carr\u00e9.","og_url":"https:\/\/dicodusport.fr\/blog\/champions-cup-la-rochelle-simpose-face-aux-saracens-et-verra-les-demi-finales\/","og_site_name":"Dicodusport","article_publisher":"https:\/\/www.facebook.com\/dicodusport","article_published_time":"2023-04-09T16:03:15+00:00","article_modified_time":"2023-04-09T17:08:16+00:00","og_image":[{"width":800,"height":445,"url":"https:\/\/dicodusport.fr\/blog\/wp-content\/uploads\/2023\/04\/Champions-Cup-La-Rochelle-simpose-face-aux-Saracens-et-verra-les-demi-finales.png","type":"image\/png"}],"author":"Fran\u00e7ois Maleysson","twitter_card":"summary_large_image","twitter_title":"Champions Cup : La Rochelle s\u2019impose face aux Saracens et verra les demi-finales","twitter_creator":"@dicodusport","twitter_site":"@dicodusport","schema":{"@context":"https:\/\/schema.org","@graph":[{"@type":"NewsArticle","@id":"https:\/\/dicodusport.fr\/blog\/champions-cup-la-rochelle-simpose-face-aux-saracens-et-verra-les-demi-finales\/#article","isPartOf":{"@id":"https:\/\/dicodusport.fr\/blog\/champions-cup-la-rochelle-simpose-face-aux-saracens-et-verra-les-demi-finales\/"},"author":{"name":"Fran\u00e7ois Maleysson","@id":"https:\/\/dicodusport.fr\/blog\/#\/schema\/person\/f017c7852e05781811b96a8ea1e12a9b"},"headline":"Champions Cup : La Rochelle s\u2019impose face aux Saracens et verra les demi-finales","datePublished":"2023-04-09T16:03:15+00:00","dateModified":"2023-04-09T17:08:16+00:00","mainEntityOfPage":{"@id":"https:\/\/dicodusport.fr\/blog\/champions-cup-la-rochelle-simpose-face-aux-saracens-et-verra-les-demi-finales\/"},"wordCount":540,"commentCount":0,"publisher":{"@id":"https:\/\/dicodusport.fr\/blog\/#organization"},"image":{"@id":"https:\/\/dicodusport.fr\/blog\/champions-cup-la-rochelle-simpose-face-aux-saracens-et-verra-les-demi-finales\/#primaryimage"},"thumbnailUrl":"https:\/\/dicodusport.fr\/blog\/wp-content\/uploads\/2023\/04\/Champions-Cup-La-Rochelle-simpose-face-aux-Saracens-et-verra-les-demi-finales.png","keywords":["br\u00e8ve","Champions Cup","La Rochelle","Saracens","sport"],"articleSection":["Champions Cup"],"inLanguage":"fr-FR","potentialAction":[{"@type":"CommentAction","name":"Comment","target":["https:\/\/dicodusport.fr\/blog\/champions-cup-la-rochelle-simpose-face-aux-saracens-et-verra-les-demi-finales\/#respond"]}],"copyrightYear":"2023","copyrightHolder":{"@id":"https:\/\/dicodusport.fr\/blog\/#organization"}},{"@type":"WebPage","@id":"https:\/\/dicodusport.fr\/blog\/champions-cup-la-rochelle-simpose-face-aux-saracens-et-verra-les-demi-finales\/","url":"https:\/\/dicodusport.fr\/blog\/champions-cup-la-rochelle-simpose-face-aux-saracens-et-verra-les-demi-finales\/","name":"Champions Cup : La Rochelle s\u2019impose face aux Saracens et verra les demi-finales","isPartOf":{"@id":"https:\/\/dicodusport.fr\/blog\/#website"},"primaryImageOfPage":{"@id":"https:\/\/dicodusport.fr\/blog\/champions-cup-la-rochelle-simpose-face-aux-saracens-et-verra-les-demi-finales\/#primaryimage"},"image":{"@id":"https:\/\/dicodusport.fr\/blog\/champions-cup-la-rochelle-simpose-face-aux-saracens-et-verra-les-demi-finales\/#primaryimage"},"thumbnailUrl":"https:\/\/dicodusport.fr\/blog\/wp-content\/uploads\/2023\/04\/Champions-Cup-La-Rochelle-simpose-face-aux-Saracens-et-verra-les-demi-finales.png","datePublished":"2023-04-09T16:03:15+00:00","dateModified":"2023-04-09T17:08:16+00:00","description":"CHAMPIONS CUP 2022\/2023 - Tr\u00e8s s\u00e9rieux, les Rochelais s\u2019imposent 24 \u00e0 10 face aux Saracens. Ils rejoignent Toulouse dans le dernier carr\u00e9.","breadcrumb":{"@id":"https:\/\/dicodusport.fr\/blog\/champions-cup-la-rochelle-simpose-face-aux-saracens-et-verra-les-demi-finales\/#breadcrumb"},"inLanguage":"fr-FR","potentialAction":[{"@type":"ReadAction","target":["https:\/\/dicodusport.fr\/blog\/champions-cup-la-rochelle-simpose-face-aux-saracens-et-verra-les-demi-finales\/"]}]},{"@type":"ImageObject","inLanguage":"fr-FR","@id":"https:\/\/dicodusport.fr\/blog\/champions-cup-la-rochelle-simpose-face-aux-saracens-et-verra-les-demi-finales\/#primaryimage","url":"https:\/\/dicodusport.fr\/blog\/wp-content\/uploads\/2023\/04\/Champions-Cup-La-Rochelle-simpose-face-aux-Saracens-et-verra-les-demi-finales.png","contentUrl":"https:\/\/dicodusport.fr\/blog\/wp-content\/uploads\/2023\/04\/Champions-Cup-La-Rochelle-simpose-face-aux-Saracens-et-verra-les-demi-finales.png","width":800,"height":445,"caption":"Champions Cup La Rochelle s\u2019impose face aux Saracens et verra les demi-finales"},{"@type":"BreadcrumbList","@id":"https:\/\/dicodusport.fr\/blog\/champions-cup-la-rochelle-simpose-face-aux-saracens-et-verra-les-demi-finales\/#breadcrumb","itemListElement":[{"@type":"ListItem","position":1,"name":"Accueil","item":"https:\/\/dicodusport.fr\/blog\/"},{"@type":"ListItem","position":2,"name":"Champions Cup : La Rochelle s\u2019impose face aux Saracens et verra les demi-finales"}]},{"@type":"WebSite","@id":"https:\/\/dicodusport.fr\/blog\/#website","url":"https:\/\/dicodusport.fr\/blog\/","name":"Dicodusport","description":"L&#039;encyclop\u00e9die de l&#039;actualit\u00e9 sportive","publisher":{"@id":"https:\/\/dicodusport.fr\/blog\/#organization"},"potentialAction":[{"@type":"SearchAction","target":{"@type":"EntryPoint","urlTemplate":"https:\/\/dicodusport.fr\/blog\/?s={search_term_string}"},"query-input":{"@type":"PropertyValueSpecification","valueRequired":true,"valueName":"search_term_string"}}],"inLanguage":"fr-FR"},{"@type":"NewsMediaOrganization","@id":"https:\/\/dicodusport.fr\/blog\/#organization","name":"Dicodusport","url":"https:\/\/dicodusport.fr\/blog\/","logo":{"@type":"ImageObject","inLanguage":"fr-FR","@id":"https:\/\/dicodusport.fr\/blog\/#\/schema\/logo\/image\/","url":"https:\/\/dicodusport.fr\/blog\/wp-content\/uploads\/2020\/06\/cropped-LOGO-DICODUSPORT-2020-SANS-FOND-SANS-TEXTE.png","contentUrl":"https:\/\/dicodusport.fr\/blog\/wp-content\/uploads\/2020\/06\/cropped-LOGO-DICODUSPORT-2020-SANS-FOND-SANS-TEXTE.png","width":512,"height":512,"caption":"Dicodusport"},"image":{"@id":"https:\/\/dicodusport.fr\/blog\/#\/schema\/logo\/image\/"},"sameAs":["https:\/\/www.facebook.com\/dicodusport","https:\/\/x.com\/dicodusport","https:\/\/www.instagram.com\/dicodusport\/","https:\/\/www.youtube.com\/channel\/UC7V2KZ5sd3htJivAbA4ZG3w"],"description":"Dicodusport est l'encyclop\u00e9die de l'actualit\u00e9 sportive.","email":"bonjour@dicodusport.fr","legalName":"DICODUSPORT","foundingDate":"2018-01-14","vatID":"FR71834470973","taxID":"83447097300043","numberOfEmployees":{"@type":"QuantitativeValue","minValue":"1","maxValue":"10"}},{"@type":"Person","@id":"https:\/\/dicodusport.fr\/blog\/#\/schema\/person\/f017c7852e05781811b96a8ea1e12a9b","name":"Fran\u00e7ois Maleysson","image":{"@type":"ImageObject","inLanguage":"fr-FR","@id":"https:\/\/dicodusport.fr\/blog\/#\/schema\/person\/image\/","url":"https:\/\/dicodusport.fr\/blog\/wp-content\/uploads\/2020\/06\/cropped-LOGO-DICODUSPORT-2020-SANS-FOND-SANS-TEXTE-150x150.png","contentUrl":"https:\/\/dicodusport.fr\/blog\/wp-content\/uploads\/2020\/06\/cropped-LOGO-DICODUSPORT-2020-SANS-FOND-SANS-TEXTE-150x150.png","caption":"Fran\u00e7ois Maleysson"},"url":"https:\/\/dicodusport.fr\/blog\/author\/francois-maleysson\/"}]}},"_links":{"self":[{"href":"https:\/\/dicodusport.fr\/blog\/wp-json\/wp\/v2\/posts\/372999","targetHints":{"allow":["GET"]}}],"collection":[{"href":"https:\/\/dicodusport.fr\/blog\/wp-json\/wp\/v2\/posts"}],"about":[{"href":"https:\/\/dicodusport.fr\/blog\/wp-json\/wp\/v2\/types\/post"}],"author":[{"embeddable":true,"href":"https:\/\/dicodusport.fr\/blog\/wp-json\/wp\/v2\/users\/84"}],"replies":[{"embeddable":true,"href":"https:\/\/dicodusport.fr\/blog\/wp-json\/wp\/v2\/comments?post=372999"}],"version-history":[{"count":0,"href":"https:\/\/dicodusport.fr\/blog\/wp-json\/wp\/v2\/posts\/372999\/revisions"}],"wp:featuredmedia":[{"embeddable":true,"href":"https:\/\/dicodusport.fr\/blog\/wp-json\/wp\/v2\/media\/373051"}],"wp:attachment":[{"href":"https:\/\/dicodusport.fr\/blog\/wp-json\/wp\/v2\/media?parent=372999"}],"wp:term":[{"taxonomy":"category","embeddable":true,"href":"https:\/\/dicodusport.fr\/blog\/wp-json\/wp\/v2\/categories?post=372999"},{"taxonomy":"post_tag","embeddable":true,"href":"https:\/\/dicodusport.fr\/blog\/wp-json\/wp\/v2\/tags?post=372999"}],"curies":[{"name":"wp","href":"https:\/\/api.w.org\/{rel}","templated":true}]}}