{"id":373067,"date":"2023-04-09T19:03:52","date_gmt":"2023-04-09T17:03:52","guid":{"rendered":"https:\/\/dicodusport.fr\/blog\/?p=373067&#038;preview=true&#038;preview_id=373067"},"modified":"2023-04-09T20:36:38","modified_gmt":"2023-04-09T18:36:38","slug":"transferts-asm-clermont-tomas-lavanini-va-sceller-son-avenir","status":"publish","type":"post","link":"https:\/\/dicodusport.fr\/blog\/transferts-asm-clermont-tomas-lavanini-va-sceller-son-avenir\/","title":{"rendered":"Transferts ASM Clermont : Tomas Lavanini va sceller son avenir"},"content":{"rendered":"<p style=\"text-align: justify;\" align=\"justify\"><em><strong>TOP 14 2023-2024 &#8211; Selon L&rsquo;\u00c9quipe, Tomas Lavanini va prolonger son contrat avec l&rsquo;ASM Clermont pour les prochaines saisons.\u00a0<\/strong><\/em><\/p>\n<p style=\"text-align: justify;\" align=\"justify\">Le d\u00e9part d&rsquo;un manager et l&rsquo;arriv\u00e9e d&rsquo;un nouveau peut rebattre les cartes pour des joueurs de l&rsquo;effectif et cela s&rsquo;est encore v\u00e9rifi\u00e9 avec <strong>Clermont<\/strong> cette ann\u00e9e. <strong>Samuel<\/strong> <strong>Ezeala<\/strong> avait un accord pour une prolongation de trois ans avec les <strong>Jaunards<\/strong> mais l&rsquo;arriv\u00e9e de <strong>Christophe<\/strong> <strong>Urios<\/strong> aura finalement annul\u00e9 cet accord. Le trois-quarts franco-espagnol a expliqu\u00e9 en interview qu&rsquo;il n&rsquo;avait pas appr\u00e9ci\u00e9 le timing des \u00e9v\u00e9nements.<\/p>\n<h2 style=\"text-align: justify;\" align=\"justify\">Tomas Lavanini avec Marcos Kremer la saison prochaine<\/h2>\n<p style=\"text-align: justify;\">Pour <strong>Tomas<\/strong> <strong>Lavanini<\/strong>, c&rsquo;est tout l&rsquo;inverse. <strong>Jono<\/strong> <strong>Gibbes<\/strong> ne voulait ni conserver <strong>Peceli<\/strong> <strong>Yato<\/strong> ni le deuxi\u00e8me ligne international des <strong>Pumas<\/strong>. Mais l&rsquo;arriv\u00e9e de Christophe Uros a tout chang\u00e9 puisqu&rsquo;il a relanc\u00e9 les deux joueurs et a rapidement exprim\u00e9 son intention de le prolonger. Pour le Fidjien, c&rsquo;est officiel pour quelques jours et cela devrait rapidement \u00eatre de m\u00eame pour l&rsquo;Argentin.<\/p>\n<p style=\"text-align: justify;\">Si l&rsquo;<strong>ASM Clermont<\/strong> avait donc revu sa position, il fallait quand m\u00eame convaincre le joueur de rester. La signature de <strong>Marcos<\/strong> <strong>Kremer<\/strong> chez les <strong>Jaunards<\/strong> a jou\u00e9 un r\u00f4le important dans ce processus. Mais il fallait ensuite trouver un accord financier pour acter une prolongation. Tout le monde serait enfin d&rsquo;accord et la prolongation devrait \u00eatre annonc\u00e9e dans un futur proche.<\/p>\n<blockquote class=\"twitter-tweet\">\n<p dir=\"ltr\" lang=\"fr\">Tomas Lavanini en passe de prolonger \u00e0 Clermont <a href=\"https:\/\/t.co\/BFY7PoEGwC\">https:\/\/t.co\/BFY7PoEGwC<\/a> <a href=\"https:\/\/t.co\/RQo9mw7iaR\">pic.twitter.com\/RQo9mw7iaR<\/a><\/p>\n<p>\u2014 WYN SPORT (@WYN_Sport_News) <a href=\"https:\/\/twitter.com\/WYN_Sport_News\/status\/1645081808093028355?ref_src=twsrc%5Etfw\">April 9, 2023<\/a><\/p><\/blockquote>\n<p style=\"text-align: justify;\"><script async src=\"https:\/\/platform.twitter.com\/widgets.js\" charset=\"utf-8\"><\/script><\/p>\n","protected":false},"excerpt":{"rendered":"<p>TOP 14 2023-2024 &#8211; Selon L&rsquo;\u00c9quipe, Tomas Lavanini va prolonger son contrat avec l&rsquo;ASM Clermont pour les prochaines saisons.\u00a0<\/p>\n","protected":false},"author":1,"featured_media":373072,"comment_status":"open","ping_status":"closed","sticky":false,"template":"","format":"standard","meta":{"_acf_changed":false,"_daextam_enable_autolinks":"","footnotes":""},"categories":[9129,47050],"tags":[1208,16878,29842],"class_list":["post-373067","post","type-post","status-publish","format-standard","has-post-thumbnail","hentry","category-rugby-a-xv","category-top-14","tag-asm-clermont","tag-breve","tag-tomas-lavanini"],"acf":[],"yoast_head":"<!-- This site is optimized with the Yoast SEO Premium plugin v26.7 (Yoast SEO v26.7) - https:\/\/yoast.com\/wordpress\/plugins\/seo\/ -->\n<title>Transferts ASM Clermont : Tomas Lavanini va sceller son avenir<\/title>\n<meta name=\"description\" content=\"TOP 14 2023-2024 - Selon L&#039;\u00c9quipe, Tomas Lavanini va prolonger son contrat avec l&#039;ASM Clermont pour les prochaines saisons.\u00a0\" \/>\n<meta name=\"robots\" content=\"index, follow, max-snippet:-1, max-image-preview:large, max-video-preview:-1\" \/>\n<link rel=\"canonical\" href=\"https:\/\/dicodusport.fr\/blog\/transferts-asm-clermont-tomas-lavanini-va-sceller-son-avenir\/\" \/>\n<meta property=\"og:locale\" content=\"fr_FR\" \/>\n<meta property=\"og:type\" content=\"article\" \/>\n<meta property=\"og:title\" content=\"Transferts ASM Clermont : Tomas Lavanini va sceller son avenir\" \/>\n<meta property=\"og:description\" content=\"TOP 14 2023-2024 - Selon L&#039;\u00c9quipe, Tomas Lavanini va prolonger son contrat avec l&#039;ASM Clermont pour les prochaines saisons.\u00a0\" \/>\n<meta property=\"og:url\" content=\"https:\/\/dicodusport.fr\/blog\/transferts-asm-clermont-tomas-lavanini-va-sceller-son-avenir\/\" \/>\n<meta property=\"og:site_name\" content=\"Dicodusport\" \/>\n<meta property=\"article:publisher\" content=\"https:\/\/www.facebook.com\/dicodusport\" \/>\n<meta property=\"article:author\" content=\"https:\/\/www.facebook.com\/dicodusport\" \/>\n<meta property=\"article:published_time\" content=\"2023-04-09T17:03:52+00:00\" \/>\n<meta property=\"article:modified_time\" content=\"2023-04-09T18:36:38+00:00\" \/>\n<meta property=\"og:image\" content=\"https:\/\/dicodusport.fr\/blog\/wp-content\/uploads\/2023\/04\/Transferts-ASM-Clermont-Tomas-Lavanini-va-sceller-son-avenir.png\" \/>\n\t<meta property=\"og:image:width\" content=\"800\" \/>\n\t<meta property=\"og:image:height\" content=\"445\" \/>\n\t<meta property=\"og:image:type\" content=\"image\/png\" \/>\n<meta name=\"author\" content=\"Nicolas Jacquemard\" \/>\n<meta name=\"twitter:card\" content=\"summary_large_image\" \/>\n<meta name=\"twitter:title\" content=\"Transferts ASM Clermont : Tomas Lavanini va sceller son avenir\" \/>\n<meta name=\"twitter:creator\" content=\"@https:\/\/twitter.com\/Nico_Jacquemard\" \/>\n<meta name=\"twitter:site\" content=\"@dicodusport\" \/>\n<script type=\"application\/ld+json\" class=\"yoast-schema-graph\">{\"@context\":\"https:\/\/schema.org\",\"@graph\":[{\"@type\":\"NewsArticle\",\"@id\":\"https:\/\/dicodusport.fr\/blog\/transferts-asm-clermont-tomas-lavanini-va-sceller-son-avenir\/#article\",\"isPartOf\":{\"@id\":\"https:\/\/dicodusport.fr\/blog\/transferts-asm-clermont-tomas-lavanini-va-sceller-son-avenir\/\"},\"author\":{\"name\":\"Nicolas Jacquemard\",\"@id\":\"https:\/\/dicodusport.fr\/blog\/#\/schema\/person\/55dcb50ad410894e431ed812bbb70191\"},\"headline\":\"Transferts ASM Clermont : Tomas Lavanini va sceller son avenir\",\"datePublished\":\"2023-04-09T17:03:52+00:00\",\"dateModified\":\"2023-04-09T18:36:38+00:00\",\"mainEntityOfPage\":{\"@id\":\"https:\/\/dicodusport.fr\/blog\/transferts-asm-clermont-tomas-lavanini-va-sceller-son-avenir\/\"},\"wordCount\":277,\"commentCount\":0,\"publisher\":{\"@id\":\"https:\/\/dicodusport.fr\/blog\/#organization\"},\"image\":{\"@id\":\"https:\/\/dicodusport.fr\/blog\/transferts-asm-clermont-tomas-lavanini-va-sceller-son-avenir\/#primaryimage\"},\"thumbnailUrl\":\"https:\/\/dicodusport.fr\/blog\/wp-content\/uploads\/2023\/04\/Transferts-ASM-Clermont-Tomas-Lavanini-va-sceller-son-avenir.png\",\"keywords\":[\"ASM Clermont\",\"br\u00e8ve\",\"Tomas Lavanini\"],\"articleSection\":[\"Rugby \u00e0 XV\",\"Top 14\"],\"inLanguage\":\"fr-FR\",\"potentialAction\":[{\"@type\":\"CommentAction\",\"name\":\"Comment\",\"target\":[\"https:\/\/dicodusport.fr\/blog\/transferts-asm-clermont-tomas-lavanini-va-sceller-son-avenir\/#respond\"]}],\"copyrightYear\":\"2023\",\"copyrightHolder\":{\"@id\":\"https:\/\/dicodusport.fr\/blog\/#organization\"}},{\"@type\":\"WebPage\",\"@id\":\"https:\/\/dicodusport.fr\/blog\/transferts-asm-clermont-tomas-lavanini-va-sceller-son-avenir\/\",\"url\":\"https:\/\/dicodusport.fr\/blog\/transferts-asm-clermont-tomas-lavanini-va-sceller-son-avenir\/\",\"name\":\"Transferts ASM Clermont : Tomas Lavanini va sceller son avenir\",\"isPartOf\":{\"@id\":\"https:\/\/dicodusport.fr\/blog\/#website\"},\"primaryImageOfPage\":{\"@id\":\"https:\/\/dicodusport.fr\/blog\/transferts-asm-clermont-tomas-lavanini-va-sceller-son-avenir\/#primaryimage\"},\"image\":{\"@id\":\"https:\/\/dicodusport.fr\/blog\/transferts-asm-clermont-tomas-lavanini-va-sceller-son-avenir\/#primaryimage\"},\"thumbnailUrl\":\"https:\/\/dicodusport.fr\/blog\/wp-content\/uploads\/2023\/04\/Transferts-ASM-Clermont-Tomas-Lavanini-va-sceller-son-avenir.png\",\"datePublished\":\"2023-04-09T17:03:52+00:00\",\"dateModified\":\"2023-04-09T18:36:38+00:00\",\"description\":\"TOP 14 2023-2024 - Selon L'\u00c9quipe, Tomas Lavanini va prolonger son contrat avec l'ASM Clermont pour les prochaines saisons.\u00a0\",\"breadcrumb\":{\"@id\":\"https:\/\/dicodusport.fr\/blog\/transferts-asm-clermont-tomas-lavanini-va-sceller-son-avenir\/#breadcrumb\"},\"inLanguage\":\"fr-FR\",\"potentialAction\":[{\"@type\":\"ReadAction\",\"target\":[\"https:\/\/dicodusport.fr\/blog\/transferts-asm-clermont-tomas-lavanini-va-sceller-son-avenir\/\"]}]},{\"@type\":\"ImageObject\",\"inLanguage\":\"fr-FR\",\"@id\":\"https:\/\/dicodusport.fr\/blog\/transferts-asm-clermont-tomas-lavanini-va-sceller-son-avenir\/#primaryimage\",\"url\":\"https:\/\/dicodusport.fr\/blog\/wp-content\/uploads\/2023\/04\/Transferts-ASM-Clermont-Tomas-Lavanini-va-sceller-son-avenir.png\",\"contentUrl\":\"https:\/\/dicodusport.fr\/blog\/wp-content\/uploads\/2023\/04\/Transferts-ASM-Clermont-Tomas-Lavanini-va-sceller-son-avenir.png\",\"width\":800,\"height\":445},{\"@type\":\"BreadcrumbList\",\"@id\":\"https:\/\/dicodusport.fr\/blog\/transferts-asm-clermont-tomas-lavanini-va-sceller-son-avenir\/#breadcrumb\",\"itemListElement\":[{\"@type\":\"ListItem\",\"position\":1,\"name\":\"Accueil\",\"item\":\"https:\/\/dicodusport.fr\/blog\/\"},{\"@type\":\"ListItem\",\"position\":2,\"name\":\"Transferts ASM Clermont : Tomas Lavanini va sceller son avenir\"}]},{\"@type\":\"WebSite\",\"@id\":\"https:\/\/dicodusport.fr\/blog\/#website\",\"url\":\"https:\/\/dicodusport.fr\/blog\/\",\"name\":\"Dicodusport\",\"description\":\"L&#039;encyclop\u00e9die de l&#039;actualit\u00e9 sportive\",\"publisher\":{\"@id\":\"https:\/\/dicodusport.fr\/blog\/#organization\"},\"potentialAction\":[{\"@type\":\"SearchAction\",\"target\":{\"@type\":\"EntryPoint\",\"urlTemplate\":\"https:\/\/dicodusport.fr\/blog\/?s={search_term_string}\"},\"query-input\":{\"@type\":\"PropertyValueSpecification\",\"valueRequired\":true,\"valueName\":\"search_term_string\"}}],\"inLanguage\":\"fr-FR\"},{\"@type\":\"NewsMediaOrganization\",\"@id\":\"https:\/\/dicodusport.fr\/blog\/#organization\",\"name\":\"Dicodusport\",\"url\":\"https:\/\/dicodusport.fr\/blog\/\",\"logo\":{\"@type\":\"ImageObject\",\"inLanguage\":\"fr-FR\",\"@id\":\"https:\/\/dicodusport.fr\/blog\/#\/schema\/logo\/image\/\",\"url\":\"https:\/\/dicodusport.fr\/blog\/wp-content\/uploads\/2020\/06\/cropped-LOGO-DICODUSPORT-2020-SANS-FOND-SANS-TEXTE.png\",\"contentUrl\":\"https:\/\/dicodusport.fr\/blog\/wp-content\/uploads\/2020\/06\/cropped-LOGO-DICODUSPORT-2020-SANS-FOND-SANS-TEXTE.png\",\"width\":512,\"height\":512,\"caption\":\"Dicodusport\"},\"image\":{\"@id\":\"https:\/\/dicodusport.fr\/blog\/#\/schema\/logo\/image\/\"},\"sameAs\":[\"https:\/\/www.facebook.com\/dicodusport\",\"https:\/\/x.com\/dicodusport\",\"https:\/\/www.instagram.com\/dicodusport\/\",\"https:\/\/www.youtube.com\/channel\/UC7V2KZ5sd3htJivAbA4ZG3w\"],\"description\":\"Dicodusport est l'encyclop\u00e9die de l'actualit\u00e9 sportive.\",\"email\":\"bonjour@dicodusport.fr\",\"legalName\":\"DICODUSPORT\",\"foundingDate\":\"2018-01-14\",\"vatID\":\"FR71834470973\",\"taxID\":\"83447097300043\",\"numberOfEmployees\":{\"@type\":\"QuantitativeValue\",\"minValue\":\"1\",\"maxValue\":\"10\"}},{\"@type\":\"Person\",\"@id\":\"https:\/\/dicodusport.fr\/blog\/#\/schema\/person\/55dcb50ad410894e431ed812bbb70191\",\"name\":\"Nicolas Jacquemard\",\"image\":{\"@type\":\"ImageObject\",\"inLanguage\":\"fr-FR\",\"@id\":\"https:\/\/dicodusport.fr\/blog\/#\/schema\/person\/image\/\",\"url\":\"https:\/\/dicodusport.fr\/blog\/wp-content\/uploads\/2021\/05\/Nicolas-Jacquemard-150x150.jpeg\",\"contentUrl\":\"https:\/\/dicodusport.fr\/blog\/wp-content\/uploads\/2021\/05\/Nicolas-Jacquemard-150x150.jpeg\",\"caption\":\"Nicolas Jacquemard\"},\"description\":\"Passionn\u00e9 de sport et entrepreneur depuis mes 18 ans, la cr\u00e9ation de Dicodusport m'a sembl\u00e9 \u00e9vidente pour participer \u00e0 la m\u00e9diatisation d'un plus grand nombre de sports. Le chemin est long mais avec une \u00e9quipe des plus motiv\u00e9es et les Jeux Olympiques de Paris 2024 en point de mire, nous y arriverons ! Journaliste dans le monde du sport depuis plus de 5 ans, je traite aussi bien de football, de rugby, de biathlon que de cyclisme.\",\"sameAs\":[\"https:\/\/www.facebook.com\/dicodusport\",\"https:\/\/x.com\/https:\/\/twitter.com\/Nico_Jacquemard\"],\"url\":\"https:\/\/dicodusport.fr\/blog\/author\/dicodusport\/\"}]}<\/script>\n<!-- \/ Yoast SEO Premium plugin. -->","yoast_head_json":{"title":"Transferts ASM Clermont : Tomas Lavanini va sceller son avenir","description":"TOP 14 2023-2024 - Selon L'\u00c9quipe, Tomas Lavanini va prolonger son contrat avec l'ASM Clermont pour les prochaines saisons.\u00a0","robots":{"index":"index","follow":"follow","max-snippet":"max-snippet:-1","max-image-preview":"max-image-preview:large","max-video-preview":"max-video-preview:-1"},"canonical":"https:\/\/dicodusport.fr\/blog\/transferts-asm-clermont-tomas-lavanini-va-sceller-son-avenir\/","og_locale":"fr_FR","og_type":"article","og_title":"Transferts ASM Clermont : Tomas Lavanini va sceller son avenir","og_description":"TOP 14 2023-2024 - Selon L'\u00c9quipe, Tomas Lavanini va prolonger son contrat avec l'ASM Clermont pour les prochaines saisons.\u00a0","og_url":"https:\/\/dicodusport.fr\/blog\/transferts-asm-clermont-tomas-lavanini-va-sceller-son-avenir\/","og_site_name":"Dicodusport","article_publisher":"https:\/\/www.facebook.com\/dicodusport","article_author":"https:\/\/www.facebook.com\/dicodusport","article_published_time":"2023-04-09T17:03:52+00:00","article_modified_time":"2023-04-09T18:36:38+00:00","og_image":[{"width":800,"height":445,"url":"https:\/\/dicodusport.fr\/blog\/wp-content\/uploads\/2023\/04\/Transferts-ASM-Clermont-Tomas-Lavanini-va-sceller-son-avenir.png","type":"image\/png"}],"author":"Nicolas Jacquemard","twitter_card":"summary_large_image","twitter_title":"Transferts ASM Clermont : Tomas Lavanini va sceller son avenir","twitter_creator":"@https:\/\/twitter.com\/Nico_Jacquemard","twitter_site":"@dicodusport","schema":{"@context":"https:\/\/schema.org","@graph":[{"@type":"NewsArticle","@id":"https:\/\/dicodusport.fr\/blog\/transferts-asm-clermont-tomas-lavanini-va-sceller-son-avenir\/#article","isPartOf":{"@id":"https:\/\/dicodusport.fr\/blog\/transferts-asm-clermont-tomas-lavanini-va-sceller-son-avenir\/"},"author":{"name":"Nicolas Jacquemard","@id":"https:\/\/dicodusport.fr\/blog\/#\/schema\/person\/55dcb50ad410894e431ed812bbb70191"},"headline":"Transferts ASM Clermont : Tomas Lavanini va sceller son avenir","datePublished":"2023-04-09T17:03:52+00:00","dateModified":"2023-04-09T18:36:38+00:00","mainEntityOfPage":{"@id":"https:\/\/dicodusport.fr\/blog\/transferts-asm-clermont-tomas-lavanini-va-sceller-son-avenir\/"},"wordCount":277,"commentCount":0,"publisher":{"@id":"https:\/\/dicodusport.fr\/blog\/#organization"},"image":{"@id":"https:\/\/dicodusport.fr\/blog\/transferts-asm-clermont-tomas-lavanini-va-sceller-son-avenir\/#primaryimage"},"thumbnailUrl":"https:\/\/dicodusport.fr\/blog\/wp-content\/uploads\/2023\/04\/Transferts-ASM-Clermont-Tomas-Lavanini-va-sceller-son-avenir.png","keywords":["ASM Clermont","br\u00e8ve","Tomas Lavanini"],"articleSection":["Rugby \u00e0 XV","Top 14"],"inLanguage":"fr-FR","potentialAction":[{"@type":"CommentAction","name":"Comment","target":["https:\/\/dicodusport.fr\/blog\/transferts-asm-clermont-tomas-lavanini-va-sceller-son-avenir\/#respond"]}],"copyrightYear":"2023","copyrightHolder":{"@id":"https:\/\/dicodusport.fr\/blog\/#organization"}},{"@type":"WebPage","@id":"https:\/\/dicodusport.fr\/blog\/transferts-asm-clermont-tomas-lavanini-va-sceller-son-avenir\/","url":"https:\/\/dicodusport.fr\/blog\/transferts-asm-clermont-tomas-lavanini-va-sceller-son-avenir\/","name":"Transferts ASM Clermont : Tomas Lavanini va sceller son avenir","isPartOf":{"@id":"https:\/\/dicodusport.fr\/blog\/#website"},"primaryImageOfPage":{"@id":"https:\/\/dicodusport.fr\/blog\/transferts-asm-clermont-tomas-lavanini-va-sceller-son-avenir\/#primaryimage"},"image":{"@id":"https:\/\/dicodusport.fr\/blog\/transferts-asm-clermont-tomas-lavanini-va-sceller-son-avenir\/#primaryimage"},"thumbnailUrl":"https:\/\/dicodusport.fr\/blog\/wp-content\/uploads\/2023\/04\/Transferts-ASM-Clermont-Tomas-Lavanini-va-sceller-son-avenir.png","datePublished":"2023-04-09T17:03:52+00:00","dateModified":"2023-04-09T18:36:38+00:00","description":"TOP 14 2023-2024 - Selon L'\u00c9quipe, Tomas Lavanini va prolonger son contrat avec l'ASM Clermont pour les prochaines saisons.\u00a0","breadcrumb":{"@id":"https:\/\/dicodusport.fr\/blog\/transferts-asm-clermont-tomas-lavanini-va-sceller-son-avenir\/#breadcrumb"},"inLanguage":"fr-FR","potentialAction":[{"@type":"ReadAction","target":["https:\/\/dicodusport.fr\/blog\/transferts-asm-clermont-tomas-lavanini-va-sceller-son-avenir\/"]}]},{"@type":"ImageObject","inLanguage":"fr-FR","@id":"https:\/\/dicodusport.fr\/blog\/transferts-asm-clermont-tomas-lavanini-va-sceller-son-avenir\/#primaryimage","url":"https:\/\/dicodusport.fr\/blog\/wp-content\/uploads\/2023\/04\/Transferts-ASM-Clermont-Tomas-Lavanini-va-sceller-son-avenir.png","contentUrl":"https:\/\/dicodusport.fr\/blog\/wp-content\/uploads\/2023\/04\/Transferts-ASM-Clermont-Tomas-Lavanini-va-sceller-son-avenir.png","width":800,"height":445},{"@type":"BreadcrumbList","@id":"https:\/\/dicodusport.fr\/blog\/transferts-asm-clermont-tomas-lavanini-va-sceller-son-avenir\/#breadcrumb","itemListElement":[{"@type":"ListItem","position":1,"name":"Accueil","item":"https:\/\/dicodusport.fr\/blog\/"},{"@type":"ListItem","position":2,"name":"Transferts ASM Clermont : Tomas Lavanini va sceller son avenir"}]},{"@type":"WebSite","@id":"https:\/\/dicodusport.fr\/blog\/#website","url":"https:\/\/dicodusport.fr\/blog\/","name":"Dicodusport","description":"L&#039;encyclop\u00e9die de l&#039;actualit\u00e9 sportive","publisher":{"@id":"https:\/\/dicodusport.fr\/blog\/#organization"},"potentialAction":[{"@type":"SearchAction","target":{"@type":"EntryPoint","urlTemplate":"https:\/\/dicodusport.fr\/blog\/?s={search_term_string}"},"query-input":{"@type":"PropertyValueSpecification","valueRequired":true,"valueName":"search_term_string"}}],"inLanguage":"fr-FR"},{"@type":"NewsMediaOrganization","@id":"https:\/\/dicodusport.fr\/blog\/#organization","name":"Dicodusport","url":"https:\/\/dicodusport.fr\/blog\/","logo":{"@type":"ImageObject","inLanguage":"fr-FR","@id":"https:\/\/dicodusport.fr\/blog\/#\/schema\/logo\/image\/","url":"https:\/\/dicodusport.fr\/blog\/wp-content\/uploads\/2020\/06\/cropped-LOGO-DICODUSPORT-2020-SANS-FOND-SANS-TEXTE.png","contentUrl":"https:\/\/dicodusport.fr\/blog\/wp-content\/uploads\/2020\/06\/cropped-LOGO-DICODUSPORT-2020-SANS-FOND-SANS-TEXTE.png","width":512,"height":512,"caption":"Dicodusport"},"image":{"@id":"https:\/\/dicodusport.fr\/blog\/#\/schema\/logo\/image\/"},"sameAs":["https:\/\/www.facebook.com\/dicodusport","https:\/\/x.com\/dicodusport","https:\/\/www.instagram.com\/dicodusport\/","https:\/\/www.youtube.com\/channel\/UC7V2KZ5sd3htJivAbA4ZG3w"],"description":"Dicodusport est l'encyclop\u00e9die de l'actualit\u00e9 sportive.","email":"bonjour@dicodusport.fr","legalName":"DICODUSPORT","foundingDate":"2018-01-14","vatID":"FR71834470973","taxID":"83447097300043","numberOfEmployees":{"@type":"QuantitativeValue","minValue":"1","maxValue":"10"}},{"@type":"Person","@id":"https:\/\/dicodusport.fr\/blog\/#\/schema\/person\/55dcb50ad410894e431ed812bbb70191","name":"Nicolas Jacquemard","image":{"@type":"ImageObject","inLanguage":"fr-FR","@id":"https:\/\/dicodusport.fr\/blog\/#\/schema\/person\/image\/","url":"https:\/\/dicodusport.fr\/blog\/wp-content\/uploads\/2021\/05\/Nicolas-Jacquemard-150x150.jpeg","contentUrl":"https:\/\/dicodusport.fr\/blog\/wp-content\/uploads\/2021\/05\/Nicolas-Jacquemard-150x150.jpeg","caption":"Nicolas Jacquemard"},"description":"Passionn\u00e9 de sport et entrepreneur depuis mes 18 ans, la cr\u00e9ation de Dicodusport m'a sembl\u00e9 \u00e9vidente pour participer \u00e0 la m\u00e9diatisation d'un plus grand nombre de sports. Le chemin est long mais avec une \u00e9quipe des plus motiv\u00e9es et les Jeux Olympiques de Paris 2024 en point de mire, nous y arriverons ! Journaliste dans le monde du sport depuis plus de 5 ans, je traite aussi bien de football, de rugby, de biathlon que de cyclisme.","sameAs":["https:\/\/www.facebook.com\/dicodusport","https:\/\/x.com\/https:\/\/twitter.com\/Nico_Jacquemard"],"url":"https:\/\/dicodusport.fr\/blog\/author\/dicodusport\/"}]}},"_links":{"self":[{"href":"https:\/\/dicodusport.fr\/blog\/wp-json\/wp\/v2\/posts\/373067","targetHints":{"allow":["GET"]}}],"collection":[{"href":"https:\/\/dicodusport.fr\/blog\/wp-json\/wp\/v2\/posts"}],"about":[{"href":"https:\/\/dicodusport.fr\/blog\/wp-json\/wp\/v2\/types\/post"}],"author":[{"embeddable":true,"href":"https:\/\/dicodusport.fr\/blog\/wp-json\/wp\/v2\/users\/1"}],"replies":[{"embeddable":true,"href":"https:\/\/dicodusport.fr\/blog\/wp-json\/wp\/v2\/comments?post=373067"}],"version-history":[{"count":0,"href":"https:\/\/dicodusport.fr\/blog\/wp-json\/wp\/v2\/posts\/373067\/revisions"}],"wp:featuredmedia":[{"embeddable":true,"href":"https:\/\/dicodusport.fr\/blog\/wp-json\/wp\/v2\/media\/373072"}],"wp:attachment":[{"href":"https:\/\/dicodusport.fr\/blog\/wp-json\/wp\/v2\/media?parent=373067"}],"wp:term":[{"taxonomy":"category","embeddable":true,"href":"https:\/\/dicodusport.fr\/blog\/wp-json\/wp\/v2\/categories?post=373067"},{"taxonomy":"post_tag","embeddable":true,"href":"https:\/\/dicodusport.fr\/blog\/wp-json\/wp\/v2\/tags?post=373067"}],"curies":[{"name":"wp","href":"https:\/\/api.w.org\/{rel}","templated":true}]}}