{"id":373851,"date":"2023-04-13T16:43:05","date_gmt":"2023-04-13T14:43:05","guid":{"rendered":"https:\/\/dicodusport.fr\/blog\/?p=373851&#038;preview=true&#038;preview_id=373851"},"modified":"2023-04-13T23:08:37","modified_gmt":"2023-04-13T21:08:37","slug":"les-8-equipes-ou-julian-alaphilippe-pourrait-rebondir","status":"publish","type":"post","link":"https:\/\/dicodusport.fr\/blog\/les-8-equipes-ou-julian-alaphilippe-pourrait-rebondir\/","title":{"rendered":"Les 8 \u00e9quipes o\u00f9 Julian Alaphilippe pourrait rebondir"},"content":{"rendered":"<p style=\"text-align: justify;\"><strong><em>CYCLISME SUR ROUTE &#8211; Malgr\u00e9 un contrat qui court jusqu&rsquo;en 2024 chez la Soudal Quick-Step, Julian Alaphilippe pourrait animer le march\u00e9 des transferts ces prochains mois. Que ce soit pour un d\u00e9part anticip\u00e9 \u00e0 l&rsquo;issue de la saison 2023 ou une fin d&rsquo;aventure au sein du Wolfpack \u00e0 la fin de son bail, les propositions ne devraient pas manquer pour le double champion du monde (2020 et 2021).\u00a0<\/em><\/strong><\/p>\n<p style=\"text-align: justify;\">Arriv\u00e9 en 2013 dans le giron <strong>Quick-Step<\/strong>, au sein de l&rsquo;\u00e9quipe d\u00e9veloppement Etixx-iHNed, <strong>Julian Alaphilippe <\/strong>(30 ans) est, peut-\u00eatre, arriv\u00e9 au bout du bout de son aventure dans la structure dirig\u00e9e par <strong>Patrick Lefevere<\/strong>. Apr\u00e8s 10 ans de bons et loyaux services, le Fran\u00e7ais est, d\u00e9sormais, souvent en de\u00e7\u00e0 de son niveau d&rsquo;antan, et ce, depuis le d\u00e9but de la saison 2022. Non pas \u00e0 cause d&rsquo;un manque de motivation, mais bien en raison de ses diff\u00e9rents p\u00e9pins physiques, cons\u00e9quences directes de multiples chutes. La derni\u00e8re en date, celle qui l&rsquo;a mis \u00e0 terre sur le Tour des Flandres, <a href=\"https:\/\/dicodusport.fr\/blog\/julian-alaphilippe-a-encore-mal-au-genou-apres-sa-chute-sur-le-tour-des-flandres\/\">a salement amoch\u00e9 son genou<\/a>. Bref, une poisse qui ne semble pas vouloir quitter un <a href=\"https:\/\/dicodusport.fr\/blog\/julian-alaphilippe-forfait-pour-la-fleche-wallonne-et-incertain-pour-liege-bastogne-liege\/\"><strong>Julian Alaphilippe<\/strong> qui ne disputera aucune course avant Li\u00e8ge-Bastogne-Li\u00e8ge<\/a> le 23 avril prochain. S&rsquo;il en est capable.<\/p>\n<p style=\"text-align: justify;\">Ainsi, au milieu de cette ann\u00e9e et demie pourrie, son manager au sein du Wolfpack, <strong>Patrick Lefevere<\/strong>, n&rsquo;a pas manqu\u00e9 de lui mettre la pression. <em>\u00ab Je ne le paie pas pour qu\u2019il pr\u00e9pare le Mondial<\/em> \u00bb en ao\u00fbt 2022, <em>\u00ab Alaphilippe a un salaire de champion, mais il doit confirmer qu\u2019il en est toujours un \u00bb<\/em> en d\u00e9cembre dernier. Et 2023 a d\u00e9but\u00e9 dans la m\u00eame ambiance. <em>\u00ab Je lui ai dit que je n\u2019\u00e9tais pas du tout satisfait. Je comprends ses maladies et ses chutes, mais il ne peut pas continuer \u00e0 se cacher derri\u00e8re \u00e7a \u00bb<\/em> en janvier dernier, avant le bouquet final quelques semaines plus tard : <em>\u00ab Je ne veux pas \u00eatre n\u00e9gatif sur les prolongations de Kasper Asgreen et Julian Alaphilippe, mais j\u2019ai mal \u00e9valu\u00e9 la dur\u00e9e de ces contrats (jusqu&rsquo;en 2024 pour le Tricolore) \u00bb.<\/em><\/p>\n<div class=\"vlp-link-container vlp-layout-article\"><a href=\"https:\/\/dicodusport.fr\/blog\/patrick-lefevere-julian-alaphilippe-a-un-salaire-de-champion-mais-il-doit-confirmer-quil-en-est-toujours-un\/\" class=\"vlp-link\" title=\"Patrick Lefevere : &quot;Alaphilippe a un salaire de champion mais il doit confirmer qu&#039;il en est toujours un&quot;\"><\/a><div class=\"vlp-layout-zone-side\"><div class=\"vlp-block-4 vlp-link-image\"><img loading=\"lazy\" decoding=\"async\" style=\"max-width: 800px;\" width=\"800\" height=\"445\" src=\"https:\/\/dicodusport.fr\/blog\/wp-content\/uploads\/2022\/12\/Patrick-Lefevere-Julian-Alaphilippe-a-un-salaire-de-champion-mais-il-doit-confirmer-quil-en-est-toujours-un.png\" class=\"attachment-800x445 size-800x445\" alt=\"\" srcset=\"https:\/\/dicodusport.fr\/blog\/wp-content\/uploads\/2022\/12\/Patrick-Lefevere-Julian-Alaphilippe-a-un-salaire-de-champion-mais-il-doit-confirmer-quil-en-est-toujours-un.png 800w, https:\/\/dicodusport.fr\/blog\/wp-content\/uploads\/2022\/12\/Patrick-Lefevere-Julian-Alaphilippe-a-un-salaire-de-champion-mais-il-doit-confirmer-quil-en-est-toujours-un-300x167.png 300w, https:\/\/dicodusport.fr\/blog\/wp-content\/uploads\/2022\/12\/Patrick-Lefevere-Julian-Alaphilippe-a-un-salaire-de-champion-mais-il-doit-confirmer-quil-en-est-toujours-un-768x427.png 768w\" sizes=\"auto, (max-width: 800px) 100vw, 800px\" \/><\/div><\/div><div class=\"vlp-layout-zone-main\"><div class=\"vlp-block-0 vlp-link-title\">Patrick Lefevere : \"Alaphilippe a un salaire de champion mais il doit confirmer qu'il en est toujours un\"<\/div><div class=\"vlp-block-1 vlp-link-summary\">CYCLISME SUR ROUTE 2023 - Dans les colonnes de La Derni\u00e8re Heure, Patrick Lefevere a mis la pression sur Julian Alaphilippe (Soudal - Quick-Step), \u00e0 l'aube de la saison 2023.\u00a0.\u00a0<\/div><div class=\"vlp-block-2 vlp-link-button\">Lire l'article<\/div><div class=\"vlp-block-3 vlp-link-url\">dicodusport.fr<\/div><\/div><\/div>\n<p style=\"text-align: justify;\">Sans oublier qu&rsquo;entre deux, le patron de la formation belge a, \u00e0 demi-mot, <a href=\"https:\/\/dicodusport.fr\/blog\/julian-alaphilippe-patrick-lefevere-ouvre-la-porte-a-un-depart\/\">ouvert la porte \u00e0 un d\u00e9part du Fran\u00e7ais<\/a>. Alors, dans un contexte personnel plus que d\u00e9licat, mais aussi l&rsquo;av\u00e8nement de <strong>Remco Evenepoel<\/strong>, nouveau fer de lance de la Quick-Step, la question d&rsquo;un d\u00e9part, anticip\u00e9 ou non, se pose. De notre c\u00f4t\u00e9, on a trouv\u00e9 huit \u00e9quipes qui pourraient \u00eatre int\u00e9ress\u00e9es par la venue de <strong>Julian Alaphilippe<\/strong>. Fin 2023 ou \u00e0 l&rsquo;issue de son contrat, fin 2024.<\/p>\n<hr \/>\n<h2 style=\"text-align: justify;\">La France pour rebondir ?<\/h2>\n<h3 style=\"text-align: justify;\">TotalEnergies : Apr\u00e8s Sagan, Alaphilippe ?<\/h3>\n<p style=\"text-align: justify;\">Et pourquoi pas. \u00c0 l&rsquo;issue de cette saison 2023, <strong>Peter Sagan<\/strong>, arriv\u00e9 en grandes pompes chez TotalEnergies en 2022, tirera sa r\u00e9v\u00e9rence sur route, du moins en ce qui concerne les grandes courses du calendrier WorldTour, afin de se pr\u00e9parer pour l&rsquo;\u00e9preuve de VTT des JO de Paris. Star de l&rsquo;\u00e9quipe, le Slovaque avait d\u00e9barqu\u00e9 avec la marque de cadres Specialized, celle qui \u00e9quipe \u00e9galement la&#8230; Soudal Quick-Step de <strong>Julian Alaphilippe<\/strong>. En 2021, le manager de la formation vend\u00e9enne, <strong>Jean-Ren\u00e9 Bernaudeau<\/strong>, avait d\u00e9j\u00e0 tent\u00e9 de recruter le Fran\u00e7ais, alors en fin de contrat avec l&rsquo;\u00e9quipe belge. En vain, puisqu&rsquo;<strong>Alaphilippe<\/strong> avait prolong\u00e9 quelques semaines plus tard pour une dur\u00e9e de trois saisons. Avec une large partie du salaire cons\u00e9quent de Sagan en moins (En 5 et 5,5 millions d&rsquo;euros annuels), JRB va avoir une belle marge de man\u0153uvre pour recruter en vue de 2024. Nul doute que l&rsquo;homme fort de la TotalEnergies sera attentif \u00e0 la situation d&rsquo;Alaphilippe.<\/p>\n<h3 style=\"text-align: justify;\">Ark\u00e9a-Samsic : Emmanuel Hubert sur le coup<\/h3>\n<p style=\"text-align: justify;\">Il ne s&rsquo;en est pas cach\u00e9. <strong>Emmanuel Hubert<\/strong>, boss de la formation Ark\u00e9a-Samsic, appr\u00e9cie le profil de <strong>Julian Alaphilippe<\/strong>. D&rsquo;ailleurs, en 2019, il avait tent\u00e9 d&rsquo;attirer dans ses filets celui qui survolait alors le cyclisme mondial. L\u00e0 aussi, en vain, <strong>Alaphilippe<\/strong> prolongeant son bail pour deux saisons avec Patrick Lefevere. En janvier dernier, dans l&rsquo;\u00e9mission <em>Bistrot V\u00e9lo<\/em>, le manager breton r\u00e9affirmait son int\u00e9r\u00eat. <em>\u00ab<\/em> <em>Pourrais-je prendre une option sur Julian<\/em>\u00a0(Alaphilippe)\u00a0<em>s&rsquo;il \u00e9tait lib\u00e9r\u00e9 ? Pourquoi pas, apr\u00e8s, il est sous contrat jusqu&rsquo;en 2024<\/em><em>. On est dans le cyclisme, on a deux roues et \u00e7a tourne. Est-ce que je le rappellerais s&rsquo;il \u00e9tait c\u00e2bl\u00e9 pour revenir dans une \u00e9quipe fran\u00e7aise ? Exactement. \u00bb<\/em>, lan\u00e7ait-il. Sans aucun doute, la formation bas\u00e9e \u00e0\u00a0Bruz, en\u00a0Ille-et-Vilaine, tentera \u00e0 nouveau le coup si une porte s&rsquo;ouvre.<\/p>\n<div class=\"vlp-link-container vlp-layout-article\"><a href=\"https:\/\/dicodusport.fr\/blog\/julian-alaphilippe-arkea-samsic-sinteresse-toujours-au-double-champion-du-monde\/\" class=\"vlp-link\" title=\"Julian Alaphilippe : Ark\u00e9a-Samsic s&#039;int\u00e9resse toujours au double champion du monde\"><\/a><div class=\"vlp-layout-zone-side\"><div class=\"vlp-block-4 vlp-link-image\"><img loading=\"lazy\" decoding=\"async\" style=\"max-width: 800px;\" width=\"800\" height=\"445\" src=\"https:\/\/dicodusport.fr\/blog\/wp-content\/uploads\/2023\/01\/Julian-Alaphilippe-Son-programme-pour-la-saison-2023.png\" class=\"attachment-800x445 size-800x445\" alt=\"\" srcset=\"https:\/\/dicodusport.fr\/blog\/wp-content\/uploads\/2023\/01\/Julian-Alaphilippe-Son-programme-pour-la-saison-2023.png 800w, https:\/\/dicodusport.fr\/blog\/wp-content\/uploads\/2023\/01\/Julian-Alaphilippe-Son-programme-pour-la-saison-2023-300x167.png 300w, https:\/\/dicodusport.fr\/blog\/wp-content\/uploads\/2023\/01\/Julian-Alaphilippe-Son-programme-pour-la-saison-2023-768x427.png 768w\" sizes=\"auto, (max-width: 800px) 100vw, 800px\" \/><\/div><\/div><div class=\"vlp-layout-zone-main\"><div class=\"vlp-block-0 vlp-link-title\">Julian Alaphilippe : Ark\u00e9a-Samsic s'int\u00e9resse toujours au double champion du monde<\/div><div class=\"vlp-block-1 vlp-link-summary\">CYCLISME SUR ROUTE 2023 - Dans l'\u00e9mission Bistrot V\u00e9lo d'Eurosport, Emmanuel Hubert, patron de la formation Ark\u00e9a-Samsic, a confirm\u00e9 qu'il \u00e9tait toujours int\u00e9ress\u00e9 pour recruter Julian Alaphilippe.\u00a0<\/div><div class=\"vlp-block-2 vlp-link-button\">Lire l'article<\/div><div class=\"vlp-block-3 vlp-link-url\">dicodusport.fr<\/div><\/div><\/div>\n<h3 style=\"text-align: justify;\">AG2R Citro\u00ebn : Un duo avec Beno\u00eet Cosnefroy ?<\/h3>\n<p style=\"text-align: justify;\">L\u00e0 aussi, la piste est plausible. C&rsquo;est un fait, la formation savoyarde manque de profondeur d&rsquo;effectif. Sportivement, ce d\u00e9but de saison est mitig\u00e9. Les victoires de Nans Peters sur le <a href=\"https:\/\/dicodusport.fr\/blog\/classement-trofeo-laigueglia-2023\/\">Trofeo Laigueglia<\/a> et de Dorian Godon sur la <a href=\"https:\/\/dicodusport.fr\/blog\/classement-la-fleche-brabanconne-2023\/\">Fl\u00e8che Braban\u00e7onne<\/a> ont offert une grande bouff\u00e9e d&rsquo;oxyg\u00e8ne \u00e0 l&rsquo;\u00e9quipe de Vincent Lavenu, mais n&rsquo;occultent pas la situation d&rsquo;<strong>AG2R Citro\u00ebn<\/strong> au classement UCI (17\u00e8me au 10 avril dernier). D\u00e8s lors, le board de la structure fran\u00e7aise va devoir bouger lors du prochain mercato, apr\u00e8s un recrutement (trop) l\u00e9ger lors de l&rsquo;intersaison 2022-2023.<\/p>\n<p style=\"text-align: justify;\">En fin de contrat \u00e0 l&rsquo;issue de cette saison,<strong> Greg Van Avermaet<\/strong> n&rsquo;est pas du tout certain de poursuivre l&rsquo;aventure avec AG2R Citro\u00ebn, et m\u00eame sa carri\u00e8re tout court. Une place pourrait-elle alors se lib\u00e9rer pour <strong>Julian Alaphilippe<\/strong> ? En fait, cela ne d\u00e9pendra pas seulement de l&rsquo;avenir du Belge. Leader sur les classiques ardennaises et vallonn\u00e9es, <strong>Beno\u00eet Cosnefroy<\/strong> va \u00e9galement voir son contrat prendre fin en d\u00e9cembre prochain. Reste \u00e0 savoir si le Normand prolongera ou non avec l&rsquo;\u00e9quipe de <strong>Vincent Lavenu<\/strong>. Rien n&rsquo;est moins s\u00fbr, car le puncheur fran\u00e7ais sera sans doute tr\u00e8s convoit\u00e9. De plus, \u00e0 l&rsquo;instar d&rsquo;Ark\u00e9a-Samsic, le salaire d&rsquo;<strong>Alaphilippe<\/strong> (environ 2,3 millions d&rsquo;euros en 2023), ainsi que le possible rachat de la derni\u00e8re ann\u00e9e de contrat du double champion du monde en cas de d\u00e9part anticip\u00e9, pourrait refroidir AG2R Citro\u00ebn. Sauf si Van Avermaet et Cosnefroy venaient \u00e0 quitter le navire.<\/p>\n<h2 style=\"text-align: justify;\">Un nouveau challenge, toujours \u00e0 l&rsquo;\u00e9tranger<\/h2>\n<h3 style=\"text-align: justify;\">INEOS Grenadiers : Une nouvelle philosophie qui peut plaire \u00e0 Alaphilippe<\/h3>\n<p style=\"text-align: justify;\">Mais la piste la plus probable pour <strong>Julian Alaphilippe<\/strong>, reste un nouveau challenge au sein d&rsquo;une \u00e9curie \u00e9trang\u00e8re. Car \u00e0 l&rsquo;inverse des \u00e9quipes fran\u00e7aises, l&rsquo;argent ne devrait pas poser de probl\u00e8me \u00e0 certaines formations les plus hupp\u00e9es du peloton. C&rsquo;est le cas d&rsquo;<strong>INEOS Grenadiers<\/strong>. La structure britannique pourrait flairer le bon coup en r\u00e9cup\u00e9rant <strong>Julian Alaphilippe<\/strong>. Mat\u00e9riel \u00e0 la pointe (Pinarello), une \u00e9quipe d\u00e9sormais tourn\u00e9e vers les grandes classiques et un collectif solide, tout est r\u00e9uni pour que le Fran\u00e7ais puisse s&rsquo;y \u00e9panouir. Sur les Flandriennes, INEOS Grenadiers dispose d\u00e9j\u00e0 de jolis atouts, avec <strong>Filippo Ganna<\/strong>, <strong>Magnus Sheffield<\/strong> ou <strong>Ben Turner<\/strong>. M\u00eame chose sur les Ardennaises, avec <strong>Tom Pidcock<\/strong>, capable \u00e9galement de bien figurer sur les monts pav\u00e9s, <strong>Michal Kwiatkowski<\/strong>, <strong>Omar Fraile<\/strong> ou <strong>Daniel Felipe Martinez<\/strong>.<\/p>\n<p style=\"text-align: justify;\">Bref, hormis<strong> Ganna<\/strong> et <strong>Pidcock<\/strong>, les autres coureurs cit\u00e9s pourraient \u00eatre de fid\u00e8les lieutenants d&rsquo;un <strong>Alaphilippe<\/strong> en forme sur les plus grandes courses. Sans oublier que <strong>Jim Ratcliffe<\/strong>, patron d&rsquo;INEOS, appr\u00e9cie la France. Le rachat de l&rsquo;OGC Nice le prouve, et l&rsquo;homme d&rsquo;affaires britannique est toujours \u00e0 la recherche de nouvelles opportunit\u00e9s, dans le but de promouvoir sa marque sur le territoire fran\u00e7ais. Car le cyclisme, c&rsquo;est aussi du marketing.<\/p>\n<h3 style=\"text-align: justify;\">UAE Team Emirates : Un renfort de poids derri\u00e8re Pogacar<\/h3>\n<p style=\"text-align: justify;\">On vous voit d\u00e9j\u00e0 nous dire que l&rsquo;on est fou. Et que la formation \u00e9miratie n&rsquo;a pas besoin de <strong>Julian Alaphilippe<\/strong>, \u00e9tant donn\u00e9 qu&rsquo;elle a d\u00e9j\u00e0 <strong>Tadej Pogacar<\/strong>. Certes. Mais il faut aussi se dire que le double vainqueur du Tour ne pourra pas encha\u00eener Flandriennes et Ardennaises, s&rsquo;il vise, prochainement, la gagne sur le Tour d&rsquo;Italie. Car si cet \u00e9t\u00e9, le Slov\u00e8ne sera au d\u00e9part de la Grande Boucle, et ce, pour la quatri\u00e8me ann\u00e9e cons\u00e9cutive, \u00e7a ne sera peut-\u00eatre pas le cas la saison prochaine, ou au pire, dans deux ans.<\/p>\n<p style=\"text-align: justify;\">D\u00e8s lors, <strong>UAE Team Emirates<\/strong> va devoir se trouver un nouveau leader pour les grandes classiques du printemps, si <em>Pogi<\/em> d\u00e9cide de changer d&rsquo;objectif. Car derri\u00e8re le nouveau cannibale, hormis <strong>Matteo Trentin<\/strong> qui n&rsquo;est plus tout jeune (33 ans), les sp\u00e9cialistes des grandes courses d&rsquo;un jour se font rare. <strong>Marc Hirschi<\/strong> peine \u00e0 retrouver son niveau sur les plus grandes courses du calendrier. La p\u00e9pite espagnole <strong>Juan Ayuso<\/strong>, bless\u00e9 depuis le d\u00e9but de la saison, n&rsquo;offre aucune garantie. <strong>Tim Wellens<\/strong>, qui a lourdement chut\u00e9 sur le Tour des Flandres, reste une option cr\u00e9dible, tout comme le Danois <strong>Mikkel Bjerg<\/strong>. <strong>Diego Ulissi<\/strong>, lui, semble d\u00e9sormais trop juste pour jouer les premiers r\u00f4les sur les grandes classiques. Bref, il n&rsquo;est pas impossible de voir <strong>Mauro Gianetti<\/strong>, patron du team \u00e9mirati, se montrer actif sur le march\u00e9 des transferts. Et solliciter <strong>Julian Alaphilippe<\/strong> ? Loin d&rsquo;\u00eatre utopique, que ce soit sportivement ou financi\u00e8rement.<\/p>\n<div id=\"attachment_181125\" style=\"width: 810px\" class=\"wp-caption aligncenter\"><a href=\"https:\/\/dicodusport.fr\/blog\/wp-content\/uploads\/2021\/11\/Tadej-Pogacar-Velo-dOr-2021-Julian-Alaphilippe-Velo-dOr-francais.png\"><img loading=\"lazy\" decoding=\"async\" aria-describedby=\"caption-attachment-181125\" class=\"size-full wp-image-181125\" src=\"https:\/\/dicodusport.fr\/blog\/wp-content\/uploads\/2021\/11\/Tadej-Pogacar-Velo-dOr-2021-Julian-Alaphilippe-Velo-dOr-francais.png\" alt=\"Tadej Pogacar V\u00e9lo d'Or 2021, Julian Alaphilippe V\u00e9lo d'Or fran\u00e7ais\" width=\"800\" height=\"445\" srcset=\"https:\/\/dicodusport.fr\/blog\/wp-content\/uploads\/2021\/11\/Tadej-Pogacar-Velo-dOr-2021-Julian-Alaphilippe-Velo-dOr-francais.png 800w, https:\/\/dicodusport.fr\/blog\/wp-content\/uploads\/2021\/11\/Tadej-Pogacar-Velo-dOr-2021-Julian-Alaphilippe-Velo-dOr-francais-300x167.png 300w, https:\/\/dicodusport.fr\/blog\/wp-content\/uploads\/2021\/11\/Tadej-Pogacar-Velo-dOr-2021-Julian-Alaphilippe-Velo-dOr-francais-768x427.png 768w\" sizes=\"auto, (max-width: 800px) 100vw, 800px\" \/><\/a><p id=\"caption-attachment-181125\" class=\"wp-caption-text\">Tadej Pogacar et Julian Alaphilippe se disputent la victoire sur Li\u00e8ge-Bastogne-Li\u00e8ge 2021 &#8211; Photo Icon Sport<\/p><\/div>\n<h3 style=\"text-align: justify;\">Jumbo-Visma : Un p\u00f4le des classiques ardennaises \u00e0 renforcer<\/h3>\n<p style=\"text-align: justify;\">C&rsquo;est un fait. Le p\u00f4le des classiques de la Jumbo-Visma est d\u00e9j\u00e0 tr\u00e8s bien fourni.<strong> Van Aert<\/strong>, <strong>Laporte<\/strong>, <strong>van Baarle<\/strong>, <strong>Benoot<\/strong>, mais aussi, \u00e9videmment, <strong>Roglic<\/strong> et <strong>Vingegaard<\/strong> : tous sont capables de jouer la gagne sur les grandes \u00e9preuves d&rsquo;un jour, dont les Monuments. Mais, l&rsquo;exemple de ce printemps 2023 est parfait pour illustrer la possibilit\u00e9 de voir Julian Alaphilippe d\u00e9barquer au sein de l&rsquo;\u00e9curie n\u00e9erlandaise. Apr\u00e8s une campagne flandrienne \u00e9reintante, <strong>Wout Van Aert<\/strong> ne sera pas de la partie sur le triptyque Amstel-Fl\u00e8che Wallonne-Li\u00e8ge. M\u00eame chose pour son lieutenant <strong>Christophe Laporte<\/strong>.<\/p>\n<p style=\"text-align: justify;\">De leur c\u00f4t\u00e9, <strong>Primoz Roglic<\/strong> pr\u00e9pare le Giro et ne sera pas align\u00e9 sur les Ardennaises, tandis que <strong>Jonas Vingegaard<\/strong> est d\u00e9j\u00e0 tourn\u00e9 vers le Tour de France. Le Danois, tenant du titre, ne disputera aucune course avant le Dauphin\u00e9 en juin prochain. D\u00e8s lors, le leader d\u00e9sign\u00e9 pour l&rsquo;Amstel Gold Race, la Fl\u00e8che Wallonne et la Doyenne se nomme <strong>Tiesj Benoot<\/strong>. Le Belge est tr\u00e8s fort, sans aucun doute, mais la concurrence le sera tout autant, voire plus. Ces classiques vallonn\u00e9es, telles que les Ardennaises, voire le Tour de Lombardie, sont un point faible pour la Jumbo-Visma, surtout quand les Roglic et autres Vingegaard n&rsquo;en font pas un objectif. De quoi faire une place \u00e0 <strong>Julian Alaphilippe<\/strong> ? Pas la piste la plus plausible, certes, mais elle a le m\u00e9rite d&rsquo;exister.<\/p>\n<h3 style=\"text-align: justify;\">Bora-Hansgrohe : Une \u00e9quipe tout-terrain, comme Alaphilippe<\/h3>\n<p style=\"text-align: justify;\">Le d\u00e9but de saison de la <strong>Bora-Hansgrohe<\/strong> n&rsquo;est pas \u00e0 la hauteur du standing de la formation allemande. Seulement trois succ\u00e8s, dont deux sur le Tour du Pays Basque, mais surtout, une campagne des Flandriennes \u00e0 oublier. Le meilleur r\u00e9sultat sur les pav\u00e9s remonte au 25 f\u00e9vrier dernier sur le Het Nieuwsblad, avec une 7\u00e8me place de <strong>Nils Politt<\/strong>. Pour le reste, cela laisse \u00e0 d\u00e9sirer. L&rsquo;Allemand est \u00e9galement le meilleur coureur sur le Ronde, avec une 20\u00e8me place d\u00e9cevante. Bref, rien de bien reluisant pour une \u00e9quipe qui esp\u00e8re rebondir sur les Ardennaises, autour de <strong>Jai Hindley<\/strong>, <strong>Bob Jungels<\/strong> ou encore <strong>Aleksandr Vlasov<\/strong>.<\/p>\n<p style=\"text-align: justify;\">Rebondir, justement, ce sera sans doute le leitmotiv de <strong>Julian Alaphilippe<\/strong> en 2024. Avec la Soudal Quick-Step, ou dans une autre \u00e9quipe. Et la Bora-Hansgrohe a quelques arguments pour s\u00e9duire le Fran\u00e7ais. La marque de cadres, Specialized, identique \u00e0 celle du Wolfpack. Mais aussi et surtout un r\u00f4le de leader principal sur la majeure partie des grandes courses du printemps, \u00e9preuves d&rsquo;une semaine comprises. De plus, en coulisses, <strong>Ralph Denk<\/strong>, le patron de la structure allemande, a d\u00e9j\u00e0 fait savoir qu&rsquo;il \u00e9tait int\u00e9ress\u00e9 par <em>Loulou<\/em>, de son surnom. Il ne serait donc pas \u00e9tonnant de voir la Bora-Hansgrohe passer \u00e0 l&rsquo;attaque au sujet d&rsquo;<strong>Alaphilippe<\/strong>.<\/p>\n<h3 style=\"text-align: justify;\">Alpecin-Deceuninck : Des faiblesses \u00e0 combler<\/h3>\n<p style=\"text-align: justify;\"><strong>Mathieu van der Poel<\/strong> sur les Flandriennes,<strong> Jasper Philipsen<\/strong> et <strong>Kaden Groves<\/strong> sur les sprints. Quid des courses vallonn\u00e9es, dont les Ardennaises ? C&rsquo;est une r\u00e9alit\u00e9, la formation Alpecin-Deceuninck n&rsquo;est pas la mieux arm\u00e9e pour peser sur les courses difficiles, en l&rsquo;absence de MVDP. Par exemple, \u00e0 l&rsquo;occasion de l&rsquo;Amstel Gold Race dimanche, de la Fl\u00e8che Wallonne mercredi prochain et de Li\u00e8ge-Bastogne-Li\u00e8ge dans 10 jours, l&rsquo;\u00e9quipe belge va s&rsquo;appuyer sur <strong>Soren Kragh Andersen<\/strong>, \u00e9mouss\u00e9 sur la Fl\u00e8che Braban\u00e7onne, <strong>Xandro Meurisse<\/strong> et <strong>Quinten Hermans<\/strong>. Des coureurs capables de performer selon les sc\u00e9narios de course, mais loin de pouvoir rivaliser avec les <strong>Evenepoel<\/strong> et autres <strong>Pogacar<\/strong>.<\/p>\n<p style=\"text-align: justify;\">D\u00e8s lors, les fr\u00e8res Roodhooft, Philip et Christoph, \u00e0 la t\u00eate de la structure <strong>Alpecin-Deceuninck<\/strong>, pourraient passer \u00e0 l&rsquo;action, dans l&rsquo;optique de recruter un puncheur, avec des gages de performance, capable de briller sur les grandes classiques vallonn\u00e9es, hors Flandriennes. La perspective de courir au sein d&rsquo;une nouvelle \u00e9quipe belge, ayant un co-sponsor bien connu du Fran\u00e7ais (Deceuninck), avec en prime, un r\u00f4le de leader sur bon nombre d&rsquo;\u00e9preuves, d&rsquo;un jour ou d&rsquo;une semaine, pourrait s\u00e9duire <strong>Julian Alaphilippe<\/strong>.<\/p>\n<p style=\"text-align: justify;\">Dans tous les cas, que ce soit \u00e0 l&rsquo;issue de cette saison 2023 pour un d\u00e9part anticip\u00e9 ou fin 2024 lorsqu&rsquo;il sera en fin de contrat avec le Wolfpack, <strong>Julian Alaphilippe<\/strong> ne manquera pas de pr\u00e9tendants. \u00c0 bient\u00f4t 31 ans (il les aura le 11 juin prochain), le Fran\u00e7ais a pour lui la maturit\u00e9, l&rsquo;exp\u00e9rience et la capacit\u00e9 d&rsquo;arriver en forme le jour-j, pour un objectif bien pr\u00e9cis. Des atouts non-n\u00e9gligeables qui vont forc\u00e9ment attirer de grosses \u00e9curies du peloton WorldTour. Avec, on l&rsquo;esp\u00e8re, d&rsquo;ici l\u00e0, la poisse qui l&rsquo;aura laiss\u00e9 tranquille pour de bon.<\/p>\n","protected":false},"excerpt":{"rendered":"<p>CYCLISME SUR ROUTE &#8211; Malgr\u00e9 un contrat qui court jusqu&rsquo;en 2024 chez la Soudal Quick-Step, Julian Alaphilippe pourrait animer le march\u00e9 des transferts ces prochains mois. Que ce soit pour un d\u00e9part anticip\u00e9 \u00e0 l&rsquo;issue de la saison 2023 ou une fin d&rsquo;aventure au sein du Wolfpack \u00e0 la fin de son bail, les propositions ne devraient pas manquer pour le double champion du monde (2020 et 2021).\u00a0<\/p>\n","protected":false},"author":4,"featured_media":373972,"comment_status":"open","ping_status":"closed","sticky":false,"template":"","format":"standard","meta":{"_acf_changed":false,"_daextam_enable_autolinks":"","footnotes":""},"categories":[46994],"tags":[16878,1719,24],"class_list":["post-373851","post","type-post","status-publish","format-standard","has-post-thumbnail","hentry","category-cyclisme-sur-route","tag-breve","tag-julian-alaphilippe","tag-sport"],"acf":[],"yoast_head":"<!-- This site is optimized with the Yoast SEO Premium plugin v26.7 (Yoast SEO v26.7) - https:\/\/yoast.com\/wordpress\/plugins\/seo\/ -->\n<title>Les 8 \u00e9quipes o\u00f9 Julian Alaphilippe pourrait rebondir<\/title>\n<meta name=\"description\" content=\"CYCLISME - Malgr\u00e9 un contrat qui court jusqu&#039;en 2024 chez la Soudal Quick-Step, Julian Alaphilippe pourrait animer le march\u00e9 des transferts.\" \/>\n<meta name=\"robots\" content=\"index, follow, max-snippet:-1, max-image-preview:large, max-video-preview:-1\" \/>\n<link rel=\"canonical\" href=\"https:\/\/dicodusport.fr\/blog\/les-8-equipes-ou-julian-alaphilippe-pourrait-rebondir\/\" \/>\n<meta property=\"og:locale\" content=\"fr_FR\" \/>\n<meta property=\"og:type\" content=\"article\" \/>\n<meta property=\"og:title\" content=\"Les 8 \u00e9quipes o\u00f9 Julian Alaphilippe pourrait rebondir\" \/>\n<meta property=\"og:description\" content=\"CYCLISME - Malgr\u00e9 un contrat qui court jusqu&#039;en 2024 chez la Soudal Quick-Step, Julian Alaphilippe pourrait animer le march\u00e9 des transferts.\" \/>\n<meta property=\"og:url\" content=\"https:\/\/dicodusport.fr\/blog\/les-8-equipes-ou-julian-alaphilippe-pourrait-rebondir\/\" \/>\n<meta property=\"og:site_name\" content=\"Dicodusport\" \/>\n<meta property=\"article:publisher\" content=\"https:\/\/www.facebook.com\/dicodusport\" \/>\n<meta property=\"article:author\" content=\"https:\/\/www.facebook.com\/florent.ostermann\" \/>\n<meta property=\"article:published_time\" content=\"2023-04-13T14:43:05+00:00\" \/>\n<meta property=\"article:modified_time\" content=\"2023-04-13T21:08:37+00:00\" \/>\n<meta property=\"og:image\" content=\"https:\/\/dicodusport.fr\/blog\/wp-content\/uploads\/2023\/04\/Les-8-equipes-ou-Julian-Alaphilippe-pourrait-rebondir.png\" \/>\n\t<meta property=\"og:image:width\" content=\"800\" \/>\n\t<meta property=\"og:image:height\" content=\"445\" \/>\n\t<meta property=\"og:image:type\" content=\"image\/png\" \/>\n<meta name=\"author\" content=\"Flo Ostermann\" \/>\n<meta name=\"twitter:card\" content=\"summary_large_image\" \/>\n<meta name=\"twitter:title\" content=\"Les 8 \u00e9quipes o\u00f9 Julian Alaphilippe pourrait rebondir\" \/>\n<meta name=\"twitter:creator\" content=\"@https:\/\/twitter.com\/FlOstermann\" \/>\n<meta name=\"twitter:site\" content=\"@dicodusport\" \/>\n<script type=\"application\/ld+json\" class=\"yoast-schema-graph\">{\"@context\":\"https:\/\/schema.org\",\"@graph\":[{\"@type\":\"NewsArticle\",\"@id\":\"https:\/\/dicodusport.fr\/blog\/les-8-equipes-ou-julian-alaphilippe-pourrait-rebondir\/#article\",\"isPartOf\":{\"@id\":\"https:\/\/dicodusport.fr\/blog\/les-8-equipes-ou-julian-alaphilippe-pourrait-rebondir\/\"},\"author\":{\"name\":\"Flo Ostermann\",\"@id\":\"https:\/\/dicodusport.fr\/blog\/#\/schema\/person\/cb02af4c173ce4a653b55e9baf388d4a\"},\"headline\":\"Les 8 \u00e9quipes o\u00f9 Julian Alaphilippe pourrait rebondir\",\"datePublished\":\"2023-04-13T14:43:05+00:00\",\"dateModified\":\"2023-04-13T21:08:37+00:00\",\"mainEntityOfPage\":{\"@id\":\"https:\/\/dicodusport.fr\/blog\/les-8-equipes-ou-julian-alaphilippe-pourrait-rebondir\/\"},\"wordCount\":2558,\"commentCount\":2,\"publisher\":{\"@id\":\"https:\/\/dicodusport.fr\/blog\/#organization\"},\"image\":{\"@id\":\"https:\/\/dicodusport.fr\/blog\/les-8-equipes-ou-julian-alaphilippe-pourrait-rebondir\/#primaryimage\"},\"thumbnailUrl\":\"https:\/\/dicodusport.fr\/blog\/wp-content\/uploads\/2023\/04\/Les-8-equipes-ou-Julian-Alaphilippe-pourrait-rebondir.png\",\"keywords\":[\"br\u00e8ve\",\"Julian Alaphilippe\",\"sport\"],\"articleSection\":[\"Cyclisme sur route\"],\"inLanguage\":\"fr-FR\",\"potentialAction\":[{\"@type\":\"CommentAction\",\"name\":\"Comment\",\"target\":[\"https:\/\/dicodusport.fr\/blog\/les-8-equipes-ou-julian-alaphilippe-pourrait-rebondir\/#respond\"]}],\"copyrightYear\":\"2023\",\"copyrightHolder\":{\"@id\":\"https:\/\/dicodusport.fr\/blog\/#organization\"}},{\"@type\":\"WebPage\",\"@id\":\"https:\/\/dicodusport.fr\/blog\/les-8-equipes-ou-julian-alaphilippe-pourrait-rebondir\/\",\"url\":\"https:\/\/dicodusport.fr\/blog\/les-8-equipes-ou-julian-alaphilippe-pourrait-rebondir\/\",\"name\":\"Les 8 \u00e9quipes o\u00f9 Julian Alaphilippe pourrait rebondir\",\"isPartOf\":{\"@id\":\"https:\/\/dicodusport.fr\/blog\/#website\"},\"primaryImageOfPage\":{\"@id\":\"https:\/\/dicodusport.fr\/blog\/les-8-equipes-ou-julian-alaphilippe-pourrait-rebondir\/#primaryimage\"},\"image\":{\"@id\":\"https:\/\/dicodusport.fr\/blog\/les-8-equipes-ou-julian-alaphilippe-pourrait-rebondir\/#primaryimage\"},\"thumbnailUrl\":\"https:\/\/dicodusport.fr\/blog\/wp-content\/uploads\/2023\/04\/Les-8-equipes-ou-Julian-Alaphilippe-pourrait-rebondir.png\",\"datePublished\":\"2023-04-13T14:43:05+00:00\",\"dateModified\":\"2023-04-13T21:08:37+00:00\",\"description\":\"CYCLISME - Malgr\u00e9 un contrat qui court jusqu'en 2024 chez la Soudal Quick-Step, Julian Alaphilippe pourrait animer le march\u00e9 des transferts.\",\"breadcrumb\":{\"@id\":\"https:\/\/dicodusport.fr\/blog\/les-8-equipes-ou-julian-alaphilippe-pourrait-rebondir\/#breadcrumb\"},\"inLanguage\":\"fr-FR\",\"potentialAction\":[{\"@type\":\"ReadAction\",\"target\":[\"https:\/\/dicodusport.fr\/blog\/les-8-equipes-ou-julian-alaphilippe-pourrait-rebondir\/\"]}]},{\"@type\":\"ImageObject\",\"inLanguage\":\"fr-FR\",\"@id\":\"https:\/\/dicodusport.fr\/blog\/les-8-equipes-ou-julian-alaphilippe-pourrait-rebondir\/#primaryimage\",\"url\":\"https:\/\/dicodusport.fr\/blog\/wp-content\/uploads\/2023\/04\/Les-8-equipes-ou-Julian-Alaphilippe-pourrait-rebondir.png\",\"contentUrl\":\"https:\/\/dicodusport.fr\/blog\/wp-content\/uploads\/2023\/04\/Les-8-equipes-ou-Julian-Alaphilippe-pourrait-rebondir.png\",\"width\":800,\"height\":445,\"caption\":\"Les 8 \u00e9quipes o\u00f9 Julian Alaphilippe pourrait rebondir\"},{\"@type\":\"BreadcrumbList\",\"@id\":\"https:\/\/dicodusport.fr\/blog\/les-8-equipes-ou-julian-alaphilippe-pourrait-rebondir\/#breadcrumb\",\"itemListElement\":[{\"@type\":\"ListItem\",\"position\":1,\"name\":\"Accueil\",\"item\":\"https:\/\/dicodusport.fr\/blog\/\"},{\"@type\":\"ListItem\",\"position\":2,\"name\":\"Les 8 \u00e9quipes o\u00f9 Julian Alaphilippe pourrait rebondir\"}]},{\"@type\":\"WebSite\",\"@id\":\"https:\/\/dicodusport.fr\/blog\/#website\",\"url\":\"https:\/\/dicodusport.fr\/blog\/\",\"name\":\"Dicodusport\",\"description\":\"L&#039;encyclop\u00e9die de l&#039;actualit\u00e9 sportive\",\"publisher\":{\"@id\":\"https:\/\/dicodusport.fr\/blog\/#organization\"},\"potentialAction\":[{\"@type\":\"SearchAction\",\"target\":{\"@type\":\"EntryPoint\",\"urlTemplate\":\"https:\/\/dicodusport.fr\/blog\/?s={search_term_string}\"},\"query-input\":{\"@type\":\"PropertyValueSpecification\",\"valueRequired\":true,\"valueName\":\"search_term_string\"}}],\"inLanguage\":\"fr-FR\"},{\"@type\":\"NewsMediaOrganization\",\"@id\":\"https:\/\/dicodusport.fr\/blog\/#organization\",\"name\":\"Dicodusport\",\"url\":\"https:\/\/dicodusport.fr\/blog\/\",\"logo\":{\"@type\":\"ImageObject\",\"inLanguage\":\"fr-FR\",\"@id\":\"https:\/\/dicodusport.fr\/blog\/#\/schema\/logo\/image\/\",\"url\":\"https:\/\/dicodusport.fr\/blog\/wp-content\/uploads\/2020\/06\/cropped-LOGO-DICODUSPORT-2020-SANS-FOND-SANS-TEXTE.png\",\"contentUrl\":\"https:\/\/dicodusport.fr\/blog\/wp-content\/uploads\/2020\/06\/cropped-LOGO-DICODUSPORT-2020-SANS-FOND-SANS-TEXTE.png\",\"width\":512,\"height\":512,\"caption\":\"Dicodusport\"},\"image\":{\"@id\":\"https:\/\/dicodusport.fr\/blog\/#\/schema\/logo\/image\/\"},\"sameAs\":[\"https:\/\/www.facebook.com\/dicodusport\",\"https:\/\/x.com\/dicodusport\",\"https:\/\/www.instagram.com\/dicodusport\/\",\"https:\/\/www.youtube.com\/channel\/UC7V2KZ5sd3htJivAbA4ZG3w\"],\"description\":\"Dicodusport est l'encyclop\u00e9die de l'actualit\u00e9 sportive.\",\"email\":\"bonjour@dicodusport.fr\",\"legalName\":\"DICODUSPORT\",\"foundingDate\":\"2018-01-14\",\"vatID\":\"FR71834470973\",\"taxID\":\"83447097300043\",\"numberOfEmployees\":{\"@type\":\"QuantitativeValue\",\"minValue\":\"1\",\"maxValue\":\"10\"}},{\"@type\":\"Person\",\"@id\":\"https:\/\/dicodusport.fr\/blog\/#\/schema\/person\/cb02af4c173ce4a653b55e9baf388d4a\",\"name\":\"Flo Ostermann\",\"image\":{\"@type\":\"ImageObject\",\"inLanguage\":\"fr-FR\",\"@id\":\"https:\/\/dicodusport.fr\/blog\/#\/schema\/person\/image\/\",\"url\":\"https:\/\/dicodusport.fr\/blog\/wp-content\/uploads\/2021\/05\/Flo-Ostermann-150x150.jpg\",\"contentUrl\":\"https:\/\/dicodusport.fr\/blog\/wp-content\/uploads\/2021\/05\/Flo-Ostermann-150x150.jpg\",\"caption\":\"Flo Ostermann\"},\"description\":\"Journaliste\/R\u00e9dacteur depuis septembre 2015 - Mes premiers souvenirs dans le sport ? Les envol\u00e9es du Stade Toulousain et les duels Villeneuve-Schumacher et H\u00e4kkinen-Schumacher \u00e0 la fin des ann\u00e9es 90, la Coupe du monde de football en 1998, l\u2019exploit du XV de France face aux All Blacks en 1999, mais aussi Richard C\u0153ur de Lion qui vole sur les montagnes du Tour de France. Bien parti pour devenir professeur d\u2019EPS, les \u00e9v\u00e9nements de la vie (et la flemme d\u2019animer des s\u00e9ances de 3x500 m\u00e8tres toute ma vie) m\u2019ont conduit \u00e0 revoir mes plans. Me voil\u00e0 depuis fin 2017 sur Dicodusport, m\u00e9dia gr\u00e2ce (et pour) lequel je partage ma passion : le sport dans tous ses \u00e9tats. Le tout accompagn\u00e9 par les fous furieux et folles furieuses cit\u00e9s sur cette page !\",\"sameAs\":[\"https:\/\/www.facebook.com\/florent.ostermann\",\"https:\/\/x.com\/https:\/\/twitter.com\/FlOstermann\",\"admin\"],\"url\":\"https:\/\/dicodusport.fr\/blog\/author\/flo\/\"}]}<\/script>\n<!-- \/ Yoast SEO Premium plugin. -->","yoast_head_json":{"title":"Les 8 \u00e9quipes o\u00f9 Julian Alaphilippe pourrait rebondir","description":"CYCLISME - Malgr\u00e9 un contrat qui court jusqu'en 2024 chez la Soudal Quick-Step, Julian Alaphilippe pourrait animer le march\u00e9 des transferts.","robots":{"index":"index","follow":"follow","max-snippet":"max-snippet:-1","max-image-preview":"max-image-preview:large","max-video-preview":"max-video-preview:-1"},"canonical":"https:\/\/dicodusport.fr\/blog\/les-8-equipes-ou-julian-alaphilippe-pourrait-rebondir\/","og_locale":"fr_FR","og_type":"article","og_title":"Les 8 \u00e9quipes o\u00f9 Julian Alaphilippe pourrait rebondir","og_description":"CYCLISME - Malgr\u00e9 un contrat qui court jusqu'en 2024 chez la Soudal Quick-Step, Julian Alaphilippe pourrait animer le march\u00e9 des transferts.","og_url":"https:\/\/dicodusport.fr\/blog\/les-8-equipes-ou-julian-alaphilippe-pourrait-rebondir\/","og_site_name":"Dicodusport","article_publisher":"https:\/\/www.facebook.com\/dicodusport","article_author":"https:\/\/www.facebook.com\/florent.ostermann","article_published_time":"2023-04-13T14:43:05+00:00","article_modified_time":"2023-04-13T21:08:37+00:00","og_image":[{"width":800,"height":445,"url":"https:\/\/dicodusport.fr\/blog\/wp-content\/uploads\/2023\/04\/Les-8-equipes-ou-Julian-Alaphilippe-pourrait-rebondir.png","type":"image\/png"}],"author":"Flo Ostermann","twitter_card":"summary_large_image","twitter_title":"Les 8 \u00e9quipes o\u00f9 Julian Alaphilippe pourrait rebondir","twitter_creator":"@https:\/\/twitter.com\/FlOstermann","twitter_site":"@dicodusport","schema":{"@context":"https:\/\/schema.org","@graph":[{"@type":"NewsArticle","@id":"https:\/\/dicodusport.fr\/blog\/les-8-equipes-ou-julian-alaphilippe-pourrait-rebondir\/#article","isPartOf":{"@id":"https:\/\/dicodusport.fr\/blog\/les-8-equipes-ou-julian-alaphilippe-pourrait-rebondir\/"},"author":{"name":"Flo Ostermann","@id":"https:\/\/dicodusport.fr\/blog\/#\/schema\/person\/cb02af4c173ce4a653b55e9baf388d4a"},"headline":"Les 8 \u00e9quipes o\u00f9 Julian Alaphilippe pourrait rebondir","datePublished":"2023-04-13T14:43:05+00:00","dateModified":"2023-04-13T21:08:37+00:00","mainEntityOfPage":{"@id":"https:\/\/dicodusport.fr\/blog\/les-8-equipes-ou-julian-alaphilippe-pourrait-rebondir\/"},"wordCount":2558,"commentCount":2,"publisher":{"@id":"https:\/\/dicodusport.fr\/blog\/#organization"},"image":{"@id":"https:\/\/dicodusport.fr\/blog\/les-8-equipes-ou-julian-alaphilippe-pourrait-rebondir\/#primaryimage"},"thumbnailUrl":"https:\/\/dicodusport.fr\/blog\/wp-content\/uploads\/2023\/04\/Les-8-equipes-ou-Julian-Alaphilippe-pourrait-rebondir.png","keywords":["br\u00e8ve","Julian Alaphilippe","sport"],"articleSection":["Cyclisme sur route"],"inLanguage":"fr-FR","potentialAction":[{"@type":"CommentAction","name":"Comment","target":["https:\/\/dicodusport.fr\/blog\/les-8-equipes-ou-julian-alaphilippe-pourrait-rebondir\/#respond"]}],"copyrightYear":"2023","copyrightHolder":{"@id":"https:\/\/dicodusport.fr\/blog\/#organization"}},{"@type":"WebPage","@id":"https:\/\/dicodusport.fr\/blog\/les-8-equipes-ou-julian-alaphilippe-pourrait-rebondir\/","url":"https:\/\/dicodusport.fr\/blog\/les-8-equipes-ou-julian-alaphilippe-pourrait-rebondir\/","name":"Les 8 \u00e9quipes o\u00f9 Julian Alaphilippe pourrait rebondir","isPartOf":{"@id":"https:\/\/dicodusport.fr\/blog\/#website"},"primaryImageOfPage":{"@id":"https:\/\/dicodusport.fr\/blog\/les-8-equipes-ou-julian-alaphilippe-pourrait-rebondir\/#primaryimage"},"image":{"@id":"https:\/\/dicodusport.fr\/blog\/les-8-equipes-ou-julian-alaphilippe-pourrait-rebondir\/#primaryimage"},"thumbnailUrl":"https:\/\/dicodusport.fr\/blog\/wp-content\/uploads\/2023\/04\/Les-8-equipes-ou-Julian-Alaphilippe-pourrait-rebondir.png","datePublished":"2023-04-13T14:43:05+00:00","dateModified":"2023-04-13T21:08:37+00:00","description":"CYCLISME - Malgr\u00e9 un contrat qui court jusqu'en 2024 chez la Soudal Quick-Step, Julian Alaphilippe pourrait animer le march\u00e9 des transferts.","breadcrumb":{"@id":"https:\/\/dicodusport.fr\/blog\/les-8-equipes-ou-julian-alaphilippe-pourrait-rebondir\/#breadcrumb"},"inLanguage":"fr-FR","potentialAction":[{"@type":"ReadAction","target":["https:\/\/dicodusport.fr\/blog\/les-8-equipes-ou-julian-alaphilippe-pourrait-rebondir\/"]}]},{"@type":"ImageObject","inLanguage":"fr-FR","@id":"https:\/\/dicodusport.fr\/blog\/les-8-equipes-ou-julian-alaphilippe-pourrait-rebondir\/#primaryimage","url":"https:\/\/dicodusport.fr\/blog\/wp-content\/uploads\/2023\/04\/Les-8-equipes-ou-Julian-Alaphilippe-pourrait-rebondir.png","contentUrl":"https:\/\/dicodusport.fr\/blog\/wp-content\/uploads\/2023\/04\/Les-8-equipes-ou-Julian-Alaphilippe-pourrait-rebondir.png","width":800,"height":445,"caption":"Les 8 \u00e9quipes o\u00f9 Julian Alaphilippe pourrait rebondir"},{"@type":"BreadcrumbList","@id":"https:\/\/dicodusport.fr\/blog\/les-8-equipes-ou-julian-alaphilippe-pourrait-rebondir\/#breadcrumb","itemListElement":[{"@type":"ListItem","position":1,"name":"Accueil","item":"https:\/\/dicodusport.fr\/blog\/"},{"@type":"ListItem","position":2,"name":"Les 8 \u00e9quipes o\u00f9 Julian Alaphilippe pourrait rebondir"}]},{"@type":"WebSite","@id":"https:\/\/dicodusport.fr\/blog\/#website","url":"https:\/\/dicodusport.fr\/blog\/","name":"Dicodusport","description":"L&#039;encyclop\u00e9die de l&#039;actualit\u00e9 sportive","publisher":{"@id":"https:\/\/dicodusport.fr\/blog\/#organization"},"potentialAction":[{"@type":"SearchAction","target":{"@type":"EntryPoint","urlTemplate":"https:\/\/dicodusport.fr\/blog\/?s={search_term_string}"},"query-input":{"@type":"PropertyValueSpecification","valueRequired":true,"valueName":"search_term_string"}}],"inLanguage":"fr-FR"},{"@type":"NewsMediaOrganization","@id":"https:\/\/dicodusport.fr\/blog\/#organization","name":"Dicodusport","url":"https:\/\/dicodusport.fr\/blog\/","logo":{"@type":"ImageObject","inLanguage":"fr-FR","@id":"https:\/\/dicodusport.fr\/blog\/#\/schema\/logo\/image\/","url":"https:\/\/dicodusport.fr\/blog\/wp-content\/uploads\/2020\/06\/cropped-LOGO-DICODUSPORT-2020-SANS-FOND-SANS-TEXTE.png","contentUrl":"https:\/\/dicodusport.fr\/blog\/wp-content\/uploads\/2020\/06\/cropped-LOGO-DICODUSPORT-2020-SANS-FOND-SANS-TEXTE.png","width":512,"height":512,"caption":"Dicodusport"},"image":{"@id":"https:\/\/dicodusport.fr\/blog\/#\/schema\/logo\/image\/"},"sameAs":["https:\/\/www.facebook.com\/dicodusport","https:\/\/x.com\/dicodusport","https:\/\/www.instagram.com\/dicodusport\/","https:\/\/www.youtube.com\/channel\/UC7V2KZ5sd3htJivAbA4ZG3w"],"description":"Dicodusport est l'encyclop\u00e9die de l'actualit\u00e9 sportive.","email":"bonjour@dicodusport.fr","legalName":"DICODUSPORT","foundingDate":"2018-01-14","vatID":"FR71834470973","taxID":"83447097300043","numberOfEmployees":{"@type":"QuantitativeValue","minValue":"1","maxValue":"10"}},{"@type":"Person","@id":"https:\/\/dicodusport.fr\/blog\/#\/schema\/person\/cb02af4c173ce4a653b55e9baf388d4a","name":"Flo Ostermann","image":{"@type":"ImageObject","inLanguage":"fr-FR","@id":"https:\/\/dicodusport.fr\/blog\/#\/schema\/person\/image\/","url":"https:\/\/dicodusport.fr\/blog\/wp-content\/uploads\/2021\/05\/Flo-Ostermann-150x150.jpg","contentUrl":"https:\/\/dicodusport.fr\/blog\/wp-content\/uploads\/2021\/05\/Flo-Ostermann-150x150.jpg","caption":"Flo Ostermann"},"description":"Journaliste\/R\u00e9dacteur depuis septembre 2015 - Mes premiers souvenirs dans le sport ? Les envol\u00e9es du Stade Toulousain et les duels Villeneuve-Schumacher et H\u00e4kkinen-Schumacher \u00e0 la fin des ann\u00e9es 90, la Coupe du monde de football en 1998, l\u2019exploit du XV de France face aux All Blacks en 1999, mais aussi Richard C\u0153ur de Lion qui vole sur les montagnes du Tour de France. Bien parti pour devenir professeur d\u2019EPS, les \u00e9v\u00e9nements de la vie (et la flemme d\u2019animer des s\u00e9ances de 3x500 m\u00e8tres toute ma vie) m\u2019ont conduit \u00e0 revoir mes plans. Me voil\u00e0 depuis fin 2017 sur Dicodusport, m\u00e9dia gr\u00e2ce (et pour) lequel je partage ma passion : le sport dans tous ses \u00e9tats. Le tout accompagn\u00e9 par les fous furieux et folles furieuses cit\u00e9s sur cette page !","sameAs":["https:\/\/www.facebook.com\/florent.ostermann","https:\/\/x.com\/https:\/\/twitter.com\/FlOstermann","admin"],"url":"https:\/\/dicodusport.fr\/blog\/author\/flo\/"}]}},"_links":{"self":[{"href":"https:\/\/dicodusport.fr\/blog\/wp-json\/wp\/v2\/posts\/373851","targetHints":{"allow":["GET"]}}],"collection":[{"href":"https:\/\/dicodusport.fr\/blog\/wp-json\/wp\/v2\/posts"}],"about":[{"href":"https:\/\/dicodusport.fr\/blog\/wp-json\/wp\/v2\/types\/post"}],"author":[{"embeddable":true,"href":"https:\/\/dicodusport.fr\/blog\/wp-json\/wp\/v2\/users\/4"}],"replies":[{"embeddable":true,"href":"https:\/\/dicodusport.fr\/blog\/wp-json\/wp\/v2\/comments?post=373851"}],"version-history":[{"count":0,"href":"https:\/\/dicodusport.fr\/blog\/wp-json\/wp\/v2\/posts\/373851\/revisions"}],"wp:featuredmedia":[{"embeddable":true,"href":"https:\/\/dicodusport.fr\/blog\/wp-json\/wp\/v2\/media\/373972"}],"wp:attachment":[{"href":"https:\/\/dicodusport.fr\/blog\/wp-json\/wp\/v2\/media?parent=373851"}],"wp:term":[{"taxonomy":"category","embeddable":true,"href":"https:\/\/dicodusport.fr\/blog\/wp-json\/wp\/v2\/categories?post=373851"},{"taxonomy":"post_tag","embeddable":true,"href":"https:\/\/dicodusport.fr\/blog\/wp-json\/wp\/v2\/tags?post=373851"}],"curies":[{"name":"wp","href":"https:\/\/api.w.org\/{rel}","templated":true}]}}