{"id":373855,"date":"2023-04-13T11:00:31","date_gmt":"2023-04-13T09:00:31","guid":{"rendered":"https:\/\/dicodusport.fr\/blog\/?p=373855&#038;preview=true&#038;preview_id=373855"},"modified":"2023-04-13T11:23:36","modified_gmt":"2023-04-13T09:23:36","slug":"tour-du-jura-2023-a-quelle-heure-et-sur-quelle-chaine-tv","status":"publish","type":"post","link":"https:\/\/dicodusport.fr\/blog\/tour-du-jura-2023-a-quelle-heure-et-sur-quelle-chaine-tv\/","title":{"rendered":"Tour du Jura 2023 : \u00c0 quelle heure et sur quelle cha\u00eene TV"},"content":{"rendered":"<p style=\"text-align: justify;\"><em><strong><a href=\"https:\/\/dicodusport.fr\/blog\/actualites\/cyclisme\/cyclisme-sur-route-2023\/\">CYCLISME SUR ROUTE 2023<\/a> &#8211; La 20\u00e8me \u00e9dition du Tour du Jura 2023 se d\u00e9roule ce samedi 15 avril. D\u00e9couvrez le programme TV de la course fran\u00e7aise.<\/strong><\/em><\/p>\n<p style=\"text-align: justify;\">Le <strong>Tour du Jura<\/strong> a d\u00e9cid\u00e9 de modifier son parcours pour cette \u00e9dition 2023. Si lors des derni\u00e8res \u00e9ditions, il y avait d\u00e9j\u00e0 du d\u00e9nivel\u00e9, l&rsquo;arriv\u00e9e \u00e9tait jug\u00e9e sur le plat. Le parcours sera toujours favorable aux puncheurs et aux grimpeurs, mais peut-\u00eatre m\u00eame encore plus, car l&rsquo;arriv\u00e9e est pr\u00e9vue en haut du <strong>Mont<\/strong> <strong>Poupet<\/strong> cette ann\u00e9e. Une ascension de 11 kilom\u00e8tres, avec les quatre derniers \u00e0 plus de 8 %.<\/p>\n<p style=\"text-align: justify;\">Le vainqueur sortant, <a href=\"https:\/\/dicodusport.fr\/blog\/tour-du-jura-2022-ben-oconnor-simpose-devant-jesus-herrada\/\"><strong>Ben<\/strong> <strong>O&rsquo;Connor<\/strong> (AG2R Citro\u00ebn)<\/a>, sera donc sur un parcours qu&rsquo;il appr\u00e9cie, mais son d\u00e9but de saison est tr\u00e8s moyen, avec des prestations d\u00e9cevantes sur Tirreno-Adriatico puis le <strong>Tour de Catalogne<\/strong>. <strong>Nans<\/strong> <strong>Peters<\/strong> (AG2R Citro\u00ebn) et <strong>Cl\u00e9ment<\/strong> <strong>Berthet<\/strong> (AG2R Citro\u00ebn) seront les autres cartes de l&rsquo;\u00e9quipe fran\u00e7aise sur ce <strong>Tour du Jura 2023<\/strong>.<\/p>\n<h2 style=\"text-align: justify;\">Cofidis envoie du lourd !<\/h2>\n<p style=\"text-align: justify;\"><strong>Thibaut<\/strong> <strong>Pinot<\/strong> et <strong>Lenny<\/strong> <strong>Martinez<\/strong> seront les meilleures cartes de la <strong>Groupama &#8211; FDJ<\/strong>. Alors que <strong>Cofidis<\/strong> aura une vraie armada avec <strong>Jesus Herrada<\/strong>, deuxi\u00e8me en 2022, <strong>Guillaume<\/strong> <strong>Martin<\/strong>, <strong>Victor<\/strong> <strong>Lafay<\/strong> ou encore <strong>R\u00e9my<\/strong> <strong>Rochas<\/strong>. Pas moins de quatre grimpeurs capables de s&rsquo;imposer en haut du <strong>Mont<\/strong> <strong>Poupet<\/strong> pour l&rsquo;\u00e9quipe de <strong>C\u00e9dric<\/strong> <strong>Vasseur<\/strong>.<\/p>\n<p style=\"text-align: justify;\"><strong>\u00c9lie Gesbert\u00a0<\/strong>(Team Ark\u00e9a &#8211; Samsic), <strong>Sylvain<\/strong> <strong>Moniquet<\/strong> (Lotto Dstny) ou encore <strong>Pierre<\/strong> <strong>Latour <\/strong>(TotalEnergies) seront \u00e9galement des coureurs \u00e0 suivre sur les 165 kilom\u00e8tres de cette \u00e9preuve, qui pr\u00e9sente pas moins de quatre ascensions r\u00e9pertori\u00e9es.<\/p>\n<h2 style=\"text-align: justify;\">Tour du Jura 2023 : Le Programme TV<\/h2>\n<h3 style=\"text-align: justify;\">Samedi 15 avril 2023<\/h3>\n<p style=\"text-align: justify;\">12h00 : La cha\u00eene L&rsquo;\u00c9quipe<\/p>\n<h2 style=\"text-align: justify;\">\u00c0 lire aussi<\/h2>\n<ul>\n<li style=\"text-align: justify;\"><a href=\"https:\/\/dicodusport.fr\/blog\/tour-du-jura-2023-les-engages\/\"><strong>La liste des engag\u00e9s du Tour du Jura 2023<\/strong><\/a><\/li>\n<li style=\"text-align: justify;\"><a href=\"https:\/\/dicodusport.fr\/blog\/tour-du-jura-2023-parcours-profil-et-favoris\/\" target=\"_blank\" rel=\"noopener\"><strong>Tour du Jura 2023 : Parcours, profil et favoris<\/strong><\/a><\/li>\n<\/ul>\n","protected":false},"excerpt":{"rendered":"<p>CYCLISME SUR ROUTE 2023 &#8211; La 20\u00e8me \u00e9dition du Tour du Jura 2023 se d\u00e9roule ce samedi 15 avril. D\u00e9couvrez le programme TV de la course fran\u00e7aise.<\/p>\n","protected":false},"author":1,"featured_media":373857,"comment_status":"open","ping_status":"closed","sticky":false,"template":"","format":"standard","meta":{"_acf_changed":false,"_daextam_enable_autolinks":"","footnotes":""},"categories":[46994],"tags":[16878,574,19011],"class_list":["post-373855","post","type-post","status-publish","format-standard","has-post-thumbnail","hentry","category-cyclisme-sur-route","tag-breve","tag-cyclisme","tag-tour-du-jura"],"acf":[],"yoast_head":"<!-- This site is optimized with the Yoast SEO Premium plugin v26.7 (Yoast SEO v26.7) - https:\/\/yoast.com\/wordpress\/plugins\/seo\/ -->\n<title>Tour du Jura 2023 : \u00c0 quelle heure et sur quelle cha\u00eene TV<\/title>\n<meta name=\"description\" content=\"CYCLISME SUR ROUTE 2023 - La 20\u00e8me \u00e9dition du Tour du Jura 2023 se d\u00e9roule ce samedi 15 avril. D\u00e9couvrez le programme TV.\" \/>\n<meta name=\"robots\" content=\"index, follow, max-snippet:-1, max-image-preview:large, max-video-preview:-1\" \/>\n<link rel=\"canonical\" href=\"https:\/\/dicodusport.fr\/blog\/tour-du-jura-2023-a-quelle-heure-et-sur-quelle-chaine-tv\/\" \/>\n<meta property=\"og:locale\" content=\"fr_FR\" \/>\n<meta property=\"og:type\" content=\"article\" \/>\n<meta property=\"og:title\" content=\"Tour du Jura 2023 : \u00c0 quelle heure et sur quelle cha\u00eene TV\" \/>\n<meta property=\"og:description\" content=\"CYCLISME SUR ROUTE 2023 - La 20\u00e8me \u00e9dition du Tour du Jura 2023 se d\u00e9roule ce samedi 15 avril. D\u00e9couvrez le programme TV.\" \/>\n<meta property=\"og:url\" content=\"https:\/\/dicodusport.fr\/blog\/tour-du-jura-2023-a-quelle-heure-et-sur-quelle-chaine-tv\/\" \/>\n<meta property=\"og:site_name\" content=\"Dicodusport\" \/>\n<meta property=\"article:publisher\" content=\"https:\/\/www.facebook.com\/dicodusport\" \/>\n<meta property=\"article:author\" content=\"https:\/\/www.facebook.com\/dicodusport\" \/>\n<meta property=\"article:published_time\" content=\"2023-04-13T09:00:31+00:00\" \/>\n<meta property=\"article:modified_time\" content=\"2023-04-13T09:23:36+00:00\" \/>\n<meta property=\"og:image\" content=\"https:\/\/dicodusport.fr\/blog\/wp-content\/uploads\/2023\/04\/Tour-du-Jura-2023-A-quelle-heure-et-sur-quelle-chaine-TV.png\" \/>\n\t<meta property=\"og:image:width\" content=\"800\" \/>\n\t<meta property=\"og:image:height\" content=\"445\" \/>\n\t<meta property=\"og:image:type\" content=\"image\/png\" \/>\n<meta name=\"author\" content=\"Nicolas Jacquemard\" \/>\n<meta name=\"twitter:card\" content=\"summary_large_image\" \/>\n<meta name=\"twitter:title\" content=\"Tour du Jura 2023 : \u00c0 quelle heure et sur quelle cha\u00eene TV\" \/>\n<meta name=\"twitter:creator\" content=\"@https:\/\/twitter.com\/Nico_Jacquemard\" \/>\n<meta name=\"twitter:site\" content=\"@dicodusport\" \/>\n<script type=\"application\/ld+json\" class=\"yoast-schema-graph\">{\"@context\":\"https:\/\/schema.org\",\"@graph\":[{\"@type\":\"NewsArticle\",\"@id\":\"https:\/\/dicodusport.fr\/blog\/tour-du-jura-2023-a-quelle-heure-et-sur-quelle-chaine-tv\/#article\",\"isPartOf\":{\"@id\":\"https:\/\/dicodusport.fr\/blog\/tour-du-jura-2023-a-quelle-heure-et-sur-quelle-chaine-tv\/\"},\"author\":{\"name\":\"Nicolas Jacquemard\",\"@id\":\"https:\/\/dicodusport.fr\/blog\/#\/schema\/person\/55dcb50ad410894e431ed812bbb70191\"},\"headline\":\"Tour du Jura 2023 : \u00c0 quelle heure et sur quelle cha\u00eene TV\",\"datePublished\":\"2023-04-13T09:00:31+00:00\",\"dateModified\":\"2023-04-13T09:23:36+00:00\",\"mainEntityOfPage\":{\"@id\":\"https:\/\/dicodusport.fr\/blog\/tour-du-jura-2023-a-quelle-heure-et-sur-quelle-chaine-tv\/\"},\"wordCount\":319,\"commentCount\":0,\"publisher\":{\"@id\":\"https:\/\/dicodusport.fr\/blog\/#organization\"},\"image\":{\"@id\":\"https:\/\/dicodusport.fr\/blog\/tour-du-jura-2023-a-quelle-heure-et-sur-quelle-chaine-tv\/#primaryimage\"},\"thumbnailUrl\":\"https:\/\/dicodusport.fr\/blog\/wp-content\/uploads\/2023\/04\/Tour-du-Jura-2023-A-quelle-heure-et-sur-quelle-chaine-TV.png\",\"keywords\":[\"br\u00e8ve\",\"Cyclisme\",\"Tour du Jura\"],\"articleSection\":[\"Cyclisme sur route\"],\"inLanguage\":\"fr-FR\",\"potentialAction\":[{\"@type\":\"CommentAction\",\"name\":\"Comment\",\"target\":[\"https:\/\/dicodusport.fr\/blog\/tour-du-jura-2023-a-quelle-heure-et-sur-quelle-chaine-tv\/#respond\"]}],\"copyrightYear\":\"2023\",\"copyrightHolder\":{\"@id\":\"https:\/\/dicodusport.fr\/blog\/#organization\"}},{\"@type\":\"WebPage\",\"@id\":\"https:\/\/dicodusport.fr\/blog\/tour-du-jura-2023-a-quelle-heure-et-sur-quelle-chaine-tv\/\",\"url\":\"https:\/\/dicodusport.fr\/blog\/tour-du-jura-2023-a-quelle-heure-et-sur-quelle-chaine-tv\/\",\"name\":\"Tour du Jura 2023 : \u00c0 quelle heure et sur quelle cha\u00eene TV\",\"isPartOf\":{\"@id\":\"https:\/\/dicodusport.fr\/blog\/#website\"},\"primaryImageOfPage\":{\"@id\":\"https:\/\/dicodusport.fr\/blog\/tour-du-jura-2023-a-quelle-heure-et-sur-quelle-chaine-tv\/#primaryimage\"},\"image\":{\"@id\":\"https:\/\/dicodusport.fr\/blog\/tour-du-jura-2023-a-quelle-heure-et-sur-quelle-chaine-tv\/#primaryimage\"},\"thumbnailUrl\":\"https:\/\/dicodusport.fr\/blog\/wp-content\/uploads\/2023\/04\/Tour-du-Jura-2023-A-quelle-heure-et-sur-quelle-chaine-TV.png\",\"datePublished\":\"2023-04-13T09:00:31+00:00\",\"dateModified\":\"2023-04-13T09:23:36+00:00\",\"description\":\"CYCLISME SUR ROUTE 2023 - La 20\u00e8me \u00e9dition du Tour du Jura 2023 se d\u00e9roule ce samedi 15 avril. D\u00e9couvrez le programme TV.\",\"breadcrumb\":{\"@id\":\"https:\/\/dicodusport.fr\/blog\/tour-du-jura-2023-a-quelle-heure-et-sur-quelle-chaine-tv\/#breadcrumb\"},\"inLanguage\":\"fr-FR\",\"potentialAction\":[{\"@type\":\"ReadAction\",\"target\":[\"https:\/\/dicodusport.fr\/blog\/tour-du-jura-2023-a-quelle-heure-et-sur-quelle-chaine-tv\/\"]}]},{\"@type\":\"ImageObject\",\"inLanguage\":\"fr-FR\",\"@id\":\"https:\/\/dicodusport.fr\/blog\/tour-du-jura-2023-a-quelle-heure-et-sur-quelle-chaine-tv\/#primaryimage\",\"url\":\"https:\/\/dicodusport.fr\/blog\/wp-content\/uploads\/2023\/04\/Tour-du-Jura-2023-A-quelle-heure-et-sur-quelle-chaine-TV.png\",\"contentUrl\":\"https:\/\/dicodusport.fr\/blog\/wp-content\/uploads\/2023\/04\/Tour-du-Jura-2023-A-quelle-heure-et-sur-quelle-chaine-TV.png\",\"width\":800,\"height\":445},{\"@type\":\"BreadcrumbList\",\"@id\":\"https:\/\/dicodusport.fr\/blog\/tour-du-jura-2023-a-quelle-heure-et-sur-quelle-chaine-tv\/#breadcrumb\",\"itemListElement\":[{\"@type\":\"ListItem\",\"position\":1,\"name\":\"Accueil\",\"item\":\"https:\/\/dicodusport.fr\/blog\/\"},{\"@type\":\"ListItem\",\"position\":2,\"name\":\"Tour du Jura 2023 : \u00c0 quelle heure et sur quelle cha\u00eene TV\"}]},{\"@type\":\"WebSite\",\"@id\":\"https:\/\/dicodusport.fr\/blog\/#website\",\"url\":\"https:\/\/dicodusport.fr\/blog\/\",\"name\":\"Dicodusport\",\"description\":\"L&#039;encyclop\u00e9die de l&#039;actualit\u00e9 sportive\",\"publisher\":{\"@id\":\"https:\/\/dicodusport.fr\/blog\/#organization\"},\"potentialAction\":[{\"@type\":\"SearchAction\",\"target\":{\"@type\":\"EntryPoint\",\"urlTemplate\":\"https:\/\/dicodusport.fr\/blog\/?s={search_term_string}\"},\"query-input\":{\"@type\":\"PropertyValueSpecification\",\"valueRequired\":true,\"valueName\":\"search_term_string\"}}],\"inLanguage\":\"fr-FR\"},{\"@type\":\"NewsMediaOrganization\",\"@id\":\"https:\/\/dicodusport.fr\/blog\/#organization\",\"name\":\"Dicodusport\",\"url\":\"https:\/\/dicodusport.fr\/blog\/\",\"logo\":{\"@type\":\"ImageObject\",\"inLanguage\":\"fr-FR\",\"@id\":\"https:\/\/dicodusport.fr\/blog\/#\/schema\/logo\/image\/\",\"url\":\"https:\/\/dicodusport.fr\/blog\/wp-content\/uploads\/2020\/06\/cropped-LOGO-DICODUSPORT-2020-SANS-FOND-SANS-TEXTE.png\",\"contentUrl\":\"https:\/\/dicodusport.fr\/blog\/wp-content\/uploads\/2020\/06\/cropped-LOGO-DICODUSPORT-2020-SANS-FOND-SANS-TEXTE.png\",\"width\":512,\"height\":512,\"caption\":\"Dicodusport\"},\"image\":{\"@id\":\"https:\/\/dicodusport.fr\/blog\/#\/schema\/logo\/image\/\"},\"sameAs\":[\"https:\/\/www.facebook.com\/dicodusport\",\"https:\/\/x.com\/dicodusport\",\"https:\/\/www.instagram.com\/dicodusport\/\",\"https:\/\/www.youtube.com\/channel\/UC7V2KZ5sd3htJivAbA4ZG3w\"],\"description\":\"Dicodusport est l'encyclop\u00e9die de l'actualit\u00e9 sportive.\",\"email\":\"bonjour@dicodusport.fr\",\"legalName\":\"DICODUSPORT\",\"foundingDate\":\"2018-01-14\",\"vatID\":\"FR71834470973\",\"taxID\":\"83447097300043\",\"numberOfEmployees\":{\"@type\":\"QuantitativeValue\",\"minValue\":\"1\",\"maxValue\":\"10\"}},{\"@type\":\"Person\",\"@id\":\"https:\/\/dicodusport.fr\/blog\/#\/schema\/person\/55dcb50ad410894e431ed812bbb70191\",\"name\":\"Nicolas Jacquemard\",\"image\":{\"@type\":\"ImageObject\",\"inLanguage\":\"fr-FR\",\"@id\":\"https:\/\/dicodusport.fr\/blog\/#\/schema\/person\/image\/\",\"url\":\"https:\/\/dicodusport.fr\/blog\/wp-content\/uploads\/2021\/05\/Nicolas-Jacquemard-150x150.jpeg\",\"contentUrl\":\"https:\/\/dicodusport.fr\/blog\/wp-content\/uploads\/2021\/05\/Nicolas-Jacquemard-150x150.jpeg\",\"caption\":\"Nicolas Jacquemard\"},\"description\":\"Passionn\u00e9 de sport et entrepreneur depuis mes 18 ans, la cr\u00e9ation de Dicodusport m'a sembl\u00e9 \u00e9vidente pour participer \u00e0 la m\u00e9diatisation d'un plus grand nombre de sports. Le chemin est long mais avec une \u00e9quipe des plus motiv\u00e9es et les Jeux Olympiques de Paris 2024 en point de mire, nous y arriverons ! Journaliste dans le monde du sport depuis plus de 5 ans, je traite aussi bien de football, de rugby, de biathlon que de cyclisme.\",\"sameAs\":[\"https:\/\/www.facebook.com\/dicodusport\",\"https:\/\/x.com\/https:\/\/twitter.com\/Nico_Jacquemard\"],\"url\":\"https:\/\/dicodusport.fr\/blog\/author\/dicodusport\/\"}]}<\/script>\n<!-- \/ Yoast SEO Premium plugin. -->","yoast_head_json":{"title":"Tour du Jura 2023 : \u00c0 quelle heure et sur quelle cha\u00eene TV","description":"CYCLISME SUR ROUTE 2023 - La 20\u00e8me \u00e9dition du Tour du Jura 2023 se d\u00e9roule ce samedi 15 avril. D\u00e9couvrez le programme TV.","robots":{"index":"index","follow":"follow","max-snippet":"max-snippet:-1","max-image-preview":"max-image-preview:large","max-video-preview":"max-video-preview:-1"},"canonical":"https:\/\/dicodusport.fr\/blog\/tour-du-jura-2023-a-quelle-heure-et-sur-quelle-chaine-tv\/","og_locale":"fr_FR","og_type":"article","og_title":"Tour du Jura 2023 : \u00c0 quelle heure et sur quelle cha\u00eene TV","og_description":"CYCLISME SUR ROUTE 2023 - La 20\u00e8me \u00e9dition du Tour du Jura 2023 se d\u00e9roule ce samedi 15 avril. D\u00e9couvrez le programme TV.","og_url":"https:\/\/dicodusport.fr\/blog\/tour-du-jura-2023-a-quelle-heure-et-sur-quelle-chaine-tv\/","og_site_name":"Dicodusport","article_publisher":"https:\/\/www.facebook.com\/dicodusport","article_author":"https:\/\/www.facebook.com\/dicodusport","article_published_time":"2023-04-13T09:00:31+00:00","article_modified_time":"2023-04-13T09:23:36+00:00","og_image":[{"width":800,"height":445,"url":"https:\/\/dicodusport.fr\/blog\/wp-content\/uploads\/2023\/04\/Tour-du-Jura-2023-A-quelle-heure-et-sur-quelle-chaine-TV.png","type":"image\/png"}],"author":"Nicolas Jacquemard","twitter_card":"summary_large_image","twitter_title":"Tour du Jura 2023 : \u00c0 quelle heure et sur quelle cha\u00eene TV","twitter_creator":"@https:\/\/twitter.com\/Nico_Jacquemard","twitter_site":"@dicodusport","schema":{"@context":"https:\/\/schema.org","@graph":[{"@type":"NewsArticle","@id":"https:\/\/dicodusport.fr\/blog\/tour-du-jura-2023-a-quelle-heure-et-sur-quelle-chaine-tv\/#article","isPartOf":{"@id":"https:\/\/dicodusport.fr\/blog\/tour-du-jura-2023-a-quelle-heure-et-sur-quelle-chaine-tv\/"},"author":{"name":"Nicolas Jacquemard","@id":"https:\/\/dicodusport.fr\/blog\/#\/schema\/person\/55dcb50ad410894e431ed812bbb70191"},"headline":"Tour du Jura 2023 : \u00c0 quelle heure et sur quelle cha\u00eene TV","datePublished":"2023-04-13T09:00:31+00:00","dateModified":"2023-04-13T09:23:36+00:00","mainEntityOfPage":{"@id":"https:\/\/dicodusport.fr\/blog\/tour-du-jura-2023-a-quelle-heure-et-sur-quelle-chaine-tv\/"},"wordCount":319,"commentCount":0,"publisher":{"@id":"https:\/\/dicodusport.fr\/blog\/#organization"},"image":{"@id":"https:\/\/dicodusport.fr\/blog\/tour-du-jura-2023-a-quelle-heure-et-sur-quelle-chaine-tv\/#primaryimage"},"thumbnailUrl":"https:\/\/dicodusport.fr\/blog\/wp-content\/uploads\/2023\/04\/Tour-du-Jura-2023-A-quelle-heure-et-sur-quelle-chaine-TV.png","keywords":["br\u00e8ve","Cyclisme","Tour du Jura"],"articleSection":["Cyclisme sur route"],"inLanguage":"fr-FR","potentialAction":[{"@type":"CommentAction","name":"Comment","target":["https:\/\/dicodusport.fr\/blog\/tour-du-jura-2023-a-quelle-heure-et-sur-quelle-chaine-tv\/#respond"]}],"copyrightYear":"2023","copyrightHolder":{"@id":"https:\/\/dicodusport.fr\/blog\/#organization"}},{"@type":"WebPage","@id":"https:\/\/dicodusport.fr\/blog\/tour-du-jura-2023-a-quelle-heure-et-sur-quelle-chaine-tv\/","url":"https:\/\/dicodusport.fr\/blog\/tour-du-jura-2023-a-quelle-heure-et-sur-quelle-chaine-tv\/","name":"Tour du Jura 2023 : \u00c0 quelle heure et sur quelle cha\u00eene TV","isPartOf":{"@id":"https:\/\/dicodusport.fr\/blog\/#website"},"primaryImageOfPage":{"@id":"https:\/\/dicodusport.fr\/blog\/tour-du-jura-2023-a-quelle-heure-et-sur-quelle-chaine-tv\/#primaryimage"},"image":{"@id":"https:\/\/dicodusport.fr\/blog\/tour-du-jura-2023-a-quelle-heure-et-sur-quelle-chaine-tv\/#primaryimage"},"thumbnailUrl":"https:\/\/dicodusport.fr\/blog\/wp-content\/uploads\/2023\/04\/Tour-du-Jura-2023-A-quelle-heure-et-sur-quelle-chaine-TV.png","datePublished":"2023-04-13T09:00:31+00:00","dateModified":"2023-04-13T09:23:36+00:00","description":"CYCLISME SUR ROUTE 2023 - La 20\u00e8me \u00e9dition du Tour du Jura 2023 se d\u00e9roule ce samedi 15 avril. D\u00e9couvrez le programme TV.","breadcrumb":{"@id":"https:\/\/dicodusport.fr\/blog\/tour-du-jura-2023-a-quelle-heure-et-sur-quelle-chaine-tv\/#breadcrumb"},"inLanguage":"fr-FR","potentialAction":[{"@type":"ReadAction","target":["https:\/\/dicodusport.fr\/blog\/tour-du-jura-2023-a-quelle-heure-et-sur-quelle-chaine-tv\/"]}]},{"@type":"ImageObject","inLanguage":"fr-FR","@id":"https:\/\/dicodusport.fr\/blog\/tour-du-jura-2023-a-quelle-heure-et-sur-quelle-chaine-tv\/#primaryimage","url":"https:\/\/dicodusport.fr\/blog\/wp-content\/uploads\/2023\/04\/Tour-du-Jura-2023-A-quelle-heure-et-sur-quelle-chaine-TV.png","contentUrl":"https:\/\/dicodusport.fr\/blog\/wp-content\/uploads\/2023\/04\/Tour-du-Jura-2023-A-quelle-heure-et-sur-quelle-chaine-TV.png","width":800,"height":445},{"@type":"BreadcrumbList","@id":"https:\/\/dicodusport.fr\/blog\/tour-du-jura-2023-a-quelle-heure-et-sur-quelle-chaine-tv\/#breadcrumb","itemListElement":[{"@type":"ListItem","position":1,"name":"Accueil","item":"https:\/\/dicodusport.fr\/blog\/"},{"@type":"ListItem","position":2,"name":"Tour du Jura 2023 : \u00c0 quelle heure et sur quelle cha\u00eene TV"}]},{"@type":"WebSite","@id":"https:\/\/dicodusport.fr\/blog\/#website","url":"https:\/\/dicodusport.fr\/blog\/","name":"Dicodusport","description":"L&#039;encyclop\u00e9die de l&#039;actualit\u00e9 sportive","publisher":{"@id":"https:\/\/dicodusport.fr\/blog\/#organization"},"potentialAction":[{"@type":"SearchAction","target":{"@type":"EntryPoint","urlTemplate":"https:\/\/dicodusport.fr\/blog\/?s={search_term_string}"},"query-input":{"@type":"PropertyValueSpecification","valueRequired":true,"valueName":"search_term_string"}}],"inLanguage":"fr-FR"},{"@type":"NewsMediaOrganization","@id":"https:\/\/dicodusport.fr\/blog\/#organization","name":"Dicodusport","url":"https:\/\/dicodusport.fr\/blog\/","logo":{"@type":"ImageObject","inLanguage":"fr-FR","@id":"https:\/\/dicodusport.fr\/blog\/#\/schema\/logo\/image\/","url":"https:\/\/dicodusport.fr\/blog\/wp-content\/uploads\/2020\/06\/cropped-LOGO-DICODUSPORT-2020-SANS-FOND-SANS-TEXTE.png","contentUrl":"https:\/\/dicodusport.fr\/blog\/wp-content\/uploads\/2020\/06\/cropped-LOGO-DICODUSPORT-2020-SANS-FOND-SANS-TEXTE.png","width":512,"height":512,"caption":"Dicodusport"},"image":{"@id":"https:\/\/dicodusport.fr\/blog\/#\/schema\/logo\/image\/"},"sameAs":["https:\/\/www.facebook.com\/dicodusport","https:\/\/x.com\/dicodusport","https:\/\/www.instagram.com\/dicodusport\/","https:\/\/www.youtube.com\/channel\/UC7V2KZ5sd3htJivAbA4ZG3w"],"description":"Dicodusport est l'encyclop\u00e9die de l'actualit\u00e9 sportive.","email":"bonjour@dicodusport.fr","legalName":"DICODUSPORT","foundingDate":"2018-01-14","vatID":"FR71834470973","taxID":"83447097300043","numberOfEmployees":{"@type":"QuantitativeValue","minValue":"1","maxValue":"10"}},{"@type":"Person","@id":"https:\/\/dicodusport.fr\/blog\/#\/schema\/person\/55dcb50ad410894e431ed812bbb70191","name":"Nicolas Jacquemard","image":{"@type":"ImageObject","inLanguage":"fr-FR","@id":"https:\/\/dicodusport.fr\/blog\/#\/schema\/person\/image\/","url":"https:\/\/dicodusport.fr\/blog\/wp-content\/uploads\/2021\/05\/Nicolas-Jacquemard-150x150.jpeg","contentUrl":"https:\/\/dicodusport.fr\/blog\/wp-content\/uploads\/2021\/05\/Nicolas-Jacquemard-150x150.jpeg","caption":"Nicolas Jacquemard"},"description":"Passionn\u00e9 de sport et entrepreneur depuis mes 18 ans, la cr\u00e9ation de Dicodusport m'a sembl\u00e9 \u00e9vidente pour participer \u00e0 la m\u00e9diatisation d'un plus grand nombre de sports. Le chemin est long mais avec une \u00e9quipe des plus motiv\u00e9es et les Jeux Olympiques de Paris 2024 en point de mire, nous y arriverons ! Journaliste dans le monde du sport depuis plus de 5 ans, je traite aussi bien de football, de rugby, de biathlon que de cyclisme.","sameAs":["https:\/\/www.facebook.com\/dicodusport","https:\/\/x.com\/https:\/\/twitter.com\/Nico_Jacquemard"],"url":"https:\/\/dicodusport.fr\/blog\/author\/dicodusport\/"}]}},"_links":{"self":[{"href":"https:\/\/dicodusport.fr\/blog\/wp-json\/wp\/v2\/posts\/373855","targetHints":{"allow":["GET"]}}],"collection":[{"href":"https:\/\/dicodusport.fr\/blog\/wp-json\/wp\/v2\/posts"}],"about":[{"href":"https:\/\/dicodusport.fr\/blog\/wp-json\/wp\/v2\/types\/post"}],"author":[{"embeddable":true,"href":"https:\/\/dicodusport.fr\/blog\/wp-json\/wp\/v2\/users\/1"}],"replies":[{"embeddable":true,"href":"https:\/\/dicodusport.fr\/blog\/wp-json\/wp\/v2\/comments?post=373855"}],"version-history":[{"count":0,"href":"https:\/\/dicodusport.fr\/blog\/wp-json\/wp\/v2\/posts\/373855\/revisions"}],"wp:featuredmedia":[{"embeddable":true,"href":"https:\/\/dicodusport.fr\/blog\/wp-json\/wp\/v2\/media\/373857"}],"wp:attachment":[{"href":"https:\/\/dicodusport.fr\/blog\/wp-json\/wp\/v2\/media?parent=373855"}],"wp:term":[{"taxonomy":"category","embeddable":true,"href":"https:\/\/dicodusport.fr\/blog\/wp-json\/wp\/v2\/categories?post=373855"},{"taxonomy":"post_tag","embeddable":true,"href":"https:\/\/dicodusport.fr\/blog\/wp-json\/wp\/v2\/tags?post=373855"}],"curies":[{"name":"wp","href":"https:\/\/api.w.org\/{rel}","templated":true}]}}