{"id":373887,"date":"2023-04-14T12:05:14","date_gmt":"2023-04-14T10:05:14","guid":{"rendered":"https:\/\/dicodusport.fr\/blog\/?p=373887&#038;preview=true&#038;preview_id=373887"},"modified":"2023-04-14T15:08:52","modified_gmt":"2023-04-14T13:08:52","slug":"makenson-gletty-decathlon-je-peux-aller-chercher-plus","status":"publish","type":"post","link":"https:\/\/dicodusport.fr\/blog\/makenson-gletty-decathlon-je-peux-aller-chercher-plus\/","title":{"rendered":"Makenson Gletty (D\u00e9cathlon) : \u00ab\u00a0Je peux aller chercher plus\u00a0\u00bb"},"content":{"rendered":"<p style=\"text-align: justify;\" align=\"justify\"><em><b>ATHL\u00c9TISME &#8211; Interview avec Makenson Gletty qui a particip\u00e9 aux championnats d&rsquo;Europe en salle \u00e0 Istanbul en mars dernier. Sp\u00e9cialiste des \u00e9preuves combin\u00e9es, l&rsquo;athl\u00e8te qui a eu 24 ans le 2 avril dernier a connu de gros progr\u00e8s depuis 2022. Avec un record port\u00e9 \u00e0 8 141 points sur d\u00e9cathlon et 6 090 points sur heptathlon en salle. Il se confie sur son \u00e9volution, sa saison et nous parle de sa (ses) discipline(s) et de ses objectifs pour la saison estivale.<\/b><\/em><\/p>\n<h2 align=\"justify\">Makenson Gletty : \u00ab On est parti sur un nouvel axe de travail \u00bb<\/h2>\n<h3 style=\"text-align: justify;\" align=\"justify\">Est-ce que tu t&rsquo;attendais \u00e0 une saison hivernale aussi r\u00e9ussie ?<\/h3>\n<p style=\"text-align: justify;\" align=\"justify\"><strong>Makenson Gletty : <\/strong>Je m&rsquo;y attendais un peu. Au vu de la saison estivale 2022, avec la performance \u00e0 Montreuil en juillet dernier (NDLR : Il avait r\u00e9alis\u00e9 8 091 points). J&rsquo;ai encha\u00een\u00e9 avec Talence <a href=\"https:\/\/dicodusport.fr\/blog\/decastar-2022-record-personnel-pour-makenson-gletty\/\">(record port\u00e9 le 16 septembre \u00e0 8 141 points)<\/a>. De bonnes bases pour entamer une saison hivernale. Je n&rsquo;\u00e9tais pas surpris et c&rsquo;\u00e9tait l&rsquo;objectif.<\/p>\n<h3 style=\"text-align: justify;\" align=\"justify\">Quand on se replonge dans ta saison, on s&rsquo;aper\u00e7oit qu&rsquo;il y a eu des progr\u00e8s quasiment partout.<\/h3>\n<p style=\"text-align: justify;\" align=\"justify\">C&rsquo;est \u00e7a (rires). On est parti sur un nouvel axe de travail, autour de la puissance, tout en appuyant le c\u00f4t\u00e9 technique. C&rsquo;est ce qu&rsquo;il me manque encore. Ces progr\u00e8s ont amen\u00e9 la performance. Mais il y a encore de la marge. Du coup, je ressors de la saison content, mais un peu frustr\u00e9. Je sens que je ne suis pas encore au maximum et que je peux aller chercher plus.<\/p>\n<h3 style=\"text-align: justify;\" align=\"justify\">Participer \u00e0 un grand championnat, en quoi \u00e7a diff\u00e8re du reste ?<\/h3>\n<p style=\"text-align: justify;\" align=\"justify\">L&rsquo;ambiance est totalement diff\u00e9rente. La pression et la gestion aussi. L&rsquo;enjeu est bien plus grand. L&rsquo;\u00e9v\u00e8nement impressionne. On se retrouve dans une salle bien plus remplie, avec plus de cam\u00e9ras. On parle anglais. Mais je ne me suis pas senti p\u00e9nalis\u00e9, car ce n&rsquo;\u00e9tait pas ma premi\u00e8re s\u00e9lection en bleu et je suis habitu\u00e9 \u00e0 cette pression. Mais compar\u00e9 \u00e0 mes s\u00e9lections jeunes, c&rsquo;est plus intense. \u00c0 l&rsquo;avenir, cela le sera encore plus. C&rsquo;\u00e9tait une bonne exp\u00e9rience. Cela fait partie de mon \u00e9volution.<\/p>\n<h2 align=\"justify\">\u00ab Je ne m&rsquo;attendais pas \u00e0 pr\u00e9tendre \u00e0 la m\u00e9daille \u00bb<\/h2>\n<h3 style=\"text-align: justify;\" align=\"justify\">Tu as des regrets lors de ce championnat ? (NDLR : Il \u00e9tait en course \u00e0 la m\u00e9daille avant de faire un 0 \u00e0 la perche)<\/h3>\n<p style=\"text-align: justify;\" align=\"justify\">Oui ! Il y a une partie fiert\u00e9 pour cette saison, avec des objectifs atteints. Je fais un titre aux France et je participe aux Europe. Mais j&rsquo;ai un go\u00fbt amer \u00e0 Istanbul de ce 0 \u00e0 la perche. Je m&rsquo;en voulais \u00e9norm\u00e9ment, car je savais que la m\u00e9daille \u00e9tait possible. J&rsquo;en avais conscience. Dans le concours, tu ne peux pas pr\u00e9voir \u00e7a. Je fais les choses \u00e0 fond et je voulais \u00e0 tout prix r\u00e9ussir. Cela n&rsquo;a pas fonctionn\u00e9, les perches \u00e9taient trop souples. La forme \u00e9tait bien plus \u00e9lev\u00e9e que les perches que j&rsquo;avais pour franchir la barre. Je m&rsquo;en suis mordu les doigts et c&rsquo;est la premi\u00e8re fois que j&rsquo;ai autant pleur\u00e9 dans un championnat. Mon regret est vraiment l\u00e0.<\/p>\n<h3 style=\"text-align: justify;\" align=\"justify\">Mais tu t&rsquo;es prouv\u00e9 que tu pouvais \u00eatre m\u00e9daillable, capable d&rsquo;\u00eatre fort le jour-J. Tu aurais peut-\u00eatre sign\u00e9 pour \u00e7a en d\u00e9cembre ?<\/h3>\n<p style=\"text-align: justify;\" align=\"justify\">Je ne m&rsquo;attendais pas \u00e0 \u00eatre capable de pr\u00e9tendre \u00e0 une m\u00e9daille europ\u00e9enne. Je ne pars pas dans l&rsquo;optique d&rsquo;arriver en grand championnat en pensant directement \u00e0 la m\u00e9daille. Il faut d&rsquo;abord penser \u00e0 se donner \u00e0 fond sur chaque \u00e9preuve. Ce qui me motive, c&rsquo;est la performance. Si je vais performer, cela m&rsquo;am\u00e8ne dans de bonnes places et pourquoi pas un jour \u00e0 la premi\u00e8re place. Ce qui fait gagner c&rsquo;est la perf ! Je suis donc dans l&rsquo;optique de toujours m&rsquo;am\u00e9liorer, dans chaque discipline. Le grand championnat est l&rsquo;occasion de se surpasser. Cela me r\u00e9ussit m\u00eame si malheureusement, l\u00e0, cela ne m&rsquo;a pas r\u00e9ussi. Mais cela me motive beaucoup pour la suite.<\/p>\n<h3 style=\"text-align: justify;\" align=\"justify\">Quel a \u00e9t\u00e9 le d\u00e9clic qui t&rsquo;a permis de franchir un cap l&rsquo;\u00e9t\u00e9 dernier ?<\/h3>\n<p style=\"text-align: justify;\" align=\"justify\">Une prise de conscience de plusieurs choses. Je sortais de blessure et d&rsquo;une op\u00e9ration au tendon d&rsquo;Achille. Une p\u00e9riode difficile, avec qu&rsquo;une envie, qui \u00e9tait de revenir sur la piste. Une p\u00e9riode de m\u00e9lange d&rsquo;\u00e9motions. Le d\u00e9clic a \u00e9t\u00e9 de me dire que je n&rsquo;avais plus rien \u00e0 perdre et \u00e0 prouver \u00e0 qui que ce soit. Je vais concourir pour mon plaisir sans me prendre la t\u00eate avec les probl\u00e8mes autour de moi. Avant cette blessure, j&rsquo;avais des soucis autour de moi.<\/p>\n<h2 style=\"text-align: justify;\" align=\"justify\">Makenson Gletty : \u00ab Je voulais me reconstruire, avec un nouveau staff et un nouvel environnement \u00bb<\/h2>\n<h3 style=\"text-align: justify;\" align=\"justify\">Tu as fait le choix de changer de lieu d&rsquo;entra\u00eenement.<\/h3>\n<p style=\"text-align: justify;\" align=\"justify\">Exactement. Je voulais me reconstruire, avec un nouveau lieu, un nouveau staff et un nouvel environnement. Pour lancer un renouveau dont j&rsquo;avais besoin pour me lib\u00e9rer, sans penser aux probl\u00e8mes perturbateurs. Cela ne s&rsquo;est pas mis directement en place. Tout s&rsquo;est finalis\u00e9 \u00e0 la fin de la saison 2022. Mais le fait de savoir que cela allait se faire, dans mon entra\u00eenement, c&rsquo;\u00e9tait plus simple. J&rsquo;ai chang\u00e9 mon optique d&rsquo;entra\u00eenement. Plus courir pour les autres, mais pour moi-m\u00eame. Quand j&rsquo;\u00e9tais chez les jeunes, je courrais pour d&rsquo;autres personnes. Avec une pression \u00e9norme qui me bloquait. Je me suis d\u00e9bloqu\u00e9 et je cours plus vite partout. Que ce soit sur le fond ou en vitesse. Et j&rsquo;ai une confiance plus solide. C&rsquo;est paradoxalement ma blessure qui m&rsquo;a rendu plus performant mentalement.<\/p>\n<h3 style=\"text-align: justify;\" align=\"justify\">Cette blessure est totalement derri\u00e8re toi ?<\/h3>\n<p style=\"text-align: justify;\" align=\"justify\">Je n&rsquo;y pense plus !<\/p>\n<h3 style=\"text-align: justify;\" align=\"justify\">Car ce n&rsquo;est pas anodin le tendon d&rsquo;Achille.<\/h3>\n<p style=\"text-align: justify;\" align=\"justify\">C&rsquo;est gr\u00e2ce \u00e0 cette blessure que j&rsquo;en suis l\u00e0, donc \u00e7a va (rires). Il y a encore des traces, il faut trois ou quatre ans pour que cela parte. Je le sens comme sur la hauteur ou la longueur, o\u00f9 il faut charger. Mais cela ne me freine pas. Cela a \u00e9t\u00e9 un enfer \u00e0 un moment, mais c&rsquo;est pass\u00e9.<\/p>\n<h3 style=\"text-align: justify;\" align=\"justify\">T&rsquo;es-tu fix\u00e9 des objectifs pour cet \u00e9t\u00e9 ?<\/h3>\n<p style=\"text-align: justify;\" align=\"justify\">Je vais proc\u00e9der comme pour cet hiver. En me disant que je veux \u00e7a, \u00e7a et \u00e7a. Je vais tout faire pour. La premi\u00e8re \u00e9tape, c&rsquo;est le Meeting de G\u00f6tzis fin mai. Pour me rapprocher ou faire les minima pour les championnats du monde de Budapest. Mais je ne me prononce pas trop sur les Mondiaux.<\/p>\n<div class=\"vlp-link-container vlp-layout-article\"><a href=\"https:\/\/dicodusport.fr\/blog\/athletisme-les-minima-pour-les-championnats-du-monde-2023-de-budapest\/\" class=\"vlp-link\" title=\"Athl\u00e9tisme : Les minima pour les Championnats du monde 2023 de Budapest\"><\/a><div class=\"vlp-layout-zone-side\"><div class=\"vlp-block-4 vlp-link-image\"><img loading=\"lazy\" decoding=\"async\" style=\"max-width: 800px;\" width=\"800\" height=\"445\" src=\"https:\/\/dicodusport.fr\/blog\/wp-content\/uploads\/2023\/03\/Athletisme-Les-minima-pour-les-championnats-du-monde-2023-de-Budapest.png\" class=\"attachment-800x445 size-800x445\" alt=\"Athl\u00e9tisme - Les minima pour les championnats du monde 2023 de Budapest\" srcset=\"https:\/\/dicodusport.fr\/blog\/wp-content\/uploads\/2023\/03\/Athletisme-Les-minima-pour-les-championnats-du-monde-2023-de-Budapest.png 800w, https:\/\/dicodusport.fr\/blog\/wp-content\/uploads\/2023\/03\/Athletisme-Les-minima-pour-les-championnats-du-monde-2023-de-Budapest-300x167.png 300w, https:\/\/dicodusport.fr\/blog\/wp-content\/uploads\/2023\/03\/Athletisme-Les-minima-pour-les-championnats-du-monde-2023-de-Budapest-768x427.png 768w\" sizes=\"auto, (max-width: 800px) 100vw, 800px\" \/><\/div><\/div><div class=\"vlp-layout-zone-main\"><div class=\"vlp-block-0 vlp-link-title\">Athl\u00e9tisme : Les minima pour les Championnats du monde 2023 de Budapest<\/div><div class=\"vlp-block-1 vlp-link-summary\">CHAMPIONNATS DU MONDE D'ATHL\u00c9TISME 2023 - D\u00e9couvrez les minima World Athletics pour les prochains Mondiaux d'athl\u00e9tisme 2023 \u00e0 Budapest.<\/div><div class=\"vlp-block-2 vlp-link-button\">Lire l'article<\/div><div class=\"vlp-block-3 vlp-link-url\">dicodusport.fr<\/div><\/div><\/div>\n<h2 style=\"text-align: justify;\" align=\"justify\">\u00ab Le D\u00e9castar peut \u00eatre le meeting final avant les JO \u00bb<\/h2>\n<h3 style=\"text-align: justify;\" align=\"justify\">Mais tu as d\u00e9j\u00e0 mis un pied en bleu cet hiver et tu as marqu\u00e9 des points au ranking.<\/h3>\n<p style=\"text-align: justify;\" align=\"justify\">C&rsquo;est clair et c&rsquo;est b\u00e9n\u00e9fique. Et le Meeting de G\u00f6tzis peut \u00eatre important en fonction de la place \u00e0 laquelle je vais terminer. Cela peut presque me suffire. Ensuite, je me projette sur les \u00c9lites, qui marquent beaucoup de points. Puis les championnats du monde, si j&rsquo;y suis. Ce sera mon objectif ultime. Mais je finirai sans doute au D\u00e9castar.<\/p>\n<h3 style=\"text-align: justify;\" align=\"justify\">Avec le ranking, toutes les comp\u00e9titions font l&rsquo;objet d&rsquo;un calcul. Si tu vas \u00e0 Budapest, tu as un pied \u00e0 Paris.<\/h3>\n<p style=\"text-align: justify;\">Le D\u00e9castar peut \u00eatre le meeting final avant les JO. G\u00f6tzis et Talence sont mont\u00e9s en gamme. Ils sont au-dessus. Comme un Meeting Diamond League. C&rsquo;est le plan. Je suis sur quatre semaines tr\u00e8s intenses. On a beaucoup appris de cet hiver, avec des comp\u00e9titions tr\u00e8s bien organis\u00e9es. Et on a pu faire des calculs de puissance, sur des impulsions. On a regard\u00e9 des tableaux, des mesures, pour \u00e9tablir des conclusions. Dans le groupe, je suis le plus rapide, mais le plus faible en force. D&rsquo;o\u00f9 l&rsquo;axe de travail \u00e9voqu\u00e9. Donc je sens d\u00e9j\u00e0 les effets, ce qui est incroyable. J&rsquo;ai d\u00e9j\u00e0 h\u00e2te d&rsquo;\u00eatre cet \u00e9t\u00e9.<\/p>\n<h3 style=\"text-align: justify;\">Quand on fait des \u00e9preuves combin\u00e9es, on est toujours en train de faire des arbitrages entre telle ou telle discipline. Comment fais-tu ?<\/h3>\n<p style=\"text-align: justify;\">Avec mon coach, on fonctionne avec le ressenti. Je sais que je manque de force, de puissance pour le sprint, la longueur et m\u00eame la hauteur. Tout ce que je ressens, je lui en fais part. On r\u00e9fl\u00e9chit ensemble pour am\u00e9liorer les choses. On s&rsquo;inspire \u00e9galement pas mal des autres.<\/p>\n<h2>Makenson Gletty : \u00ab\u00a0Je m&rsquo;inspire des pros de chaque discipline\u00a0\u00bb<\/h2>\n<h3 style=\"text-align: justify;\">On peut dire que tu es pro d\u00e9sormais.<\/h3>\n<p style=\"text-align: justify;\">(Il rigole) Oui. Mais je pensais aux pros de chaque discipline. On va chercher \u00e0 s&rsquo;identifier \u00e0 eux. Et cela marche \u00e9norm\u00e9ment. Cet hiver, cela m&rsquo;a aid\u00e9 sur les haies. J&rsquo;ai \u00e9t\u00e9 chercher des choses avec Ladji Doucour\u00e9, des aspects techniques. Notamment pour revenir plus vite apr\u00e8s la haie. Il m&rsquo;a donn\u00e9 des conseils. Je reviens \u00e0 Nice et j&rsquo;applique ses conseils. Et cela am\u00e8ne un record personnel. Th\u00e9oriquement, cela devrait aussi payer cet \u00e9t\u00e9 sur le 110 m haies. J&rsquo;ai fait 14.11 avec un tendon en feu.<\/p>\n<p style=\"text-align: justify;\">Ce sont ces petits trucs qu&rsquo;on met en place. Dans des p\u00e9riodes comme cela, en d\u00e9but de saison, on bouffe \u00e9norm\u00e9ment de technique. Jusqu&rsquo;\u00e0 ce que les choses rentrent. C&rsquo;est pareil sur le poids. On a beaucoup insist\u00e9 dessus en d\u00e9but d&rsquo;hiver. Maintenant, j&rsquo;ai une r\u00e9gularit\u00e9 entre 15.50 m et 16 m, alors qu&rsquo;avant, c&rsquo;\u00e9tait totalement al\u00e9atoire. Il y a une confiance qui s&rsquo;installe. Quand t&rsquo;es confiant et que tu n&rsquo;as pas de doute dans la discipline, cela ne peut qu&rsquo;aller.<\/p>\n<h3 style=\"text-align: justify;\">Quelle est ton \u00e9preuve pr\u00e9f\u00e9r\u00e9e ?<\/h3>\n<p style=\"text-align: justify;\">Le poids. Mais aussi le sprint et le disque.<\/p>\n<h3 style=\"text-align: justify;\">Et celle que tu redoutes le plus ?<\/h3>\n<p style=\"text-align: justify;\">J&rsquo;ai envie de dire la perche. Parce que c&rsquo;est l&rsquo;\u00e9preuve, m\u00eame si tu es en forme, o\u00f9 tout peut arriver. Il y a trop de vent, m\u00eame si tu sais sauter, cela peut \u00eatre gal\u00e8re. C&rsquo;est l&rsquo;\u00e9preuve que je redoute le plus, mais ce n&rsquo;est pas catastrophique non plus.<\/p>\n<h3 style=\"text-align: justify;\">Tu fais partie des d\u00e9cathloniens qui sont bons sur 1 000 m et 1 500 m.<\/h3>\n<p style=\"text-align: justify;\">C&rsquo;est \u00e7a. Avant, je redoutais beaucoup cette discipline. Cela a \u00e9t\u00e9 un gros d\u00e9clic apr\u00e8s ma blessure. Je me laisse courir alors qu&rsquo;avant, je subissais beaucoup. Je cours, je cours et je cours et je m&rsquo;en fiche du reste. De toute mani\u00e8re, c&rsquo;est la derni\u00e8re \u00e9preuve, donc je m&rsquo;en fiche du reste.<\/p>\n","protected":false},"excerpt":{"rendered":"<p>ATHL\u00c9TISME &#8211; Interview avec Makenson Gletty qui a particip\u00e9 aux championnats d&rsquo;Europe en salle \u00e0 Istanbul en mars dernier. Sp\u00e9cialiste des \u00e9preuves combin\u00e9es, l&rsquo;athl\u00e8te qui a eu 24 ans le 2 avril dernier a connu de gros progr\u00e8s depuis 2022. Avec un record port\u00e9 \u00e0 8 141 points sur d\u00e9cathlon et 6 090 points sur heptathlon en salle. Il se confie sur son \u00e9volution, sa saison et nous parle de sa (ses) discipline(s) et de ses objectifs pour la saison estivale.<\/p>\n","protected":false},"author":83,"featured_media":374152,"comment_status":"open","ping_status":"closed","sticky":false,"template":"","format":"standard","meta":{"_acf_changed":false,"_daextam_enable_autolinks":"","footnotes":""},"categories":[2308,4],"tags":[143,16878,1269,17928,24],"class_list":["post-373887","post","type-post","status-publish","format-standard","has-post-thumbnail","hentry","category-athletisme","category-portraits","tag-athletisme","tag-breve","tag-decathlon","tag-makenson-gletty","tag-sport"],"acf":[],"yoast_head":"<!-- This site is optimized with the Yoast SEO Premium plugin v26.7 (Yoast SEO v26.7) - https:\/\/yoast.com\/wordpress\/plugins\/seo\/ -->\n<title>Makenson Gletty (D\u00e9cathlon) : &quot;Je peux aller chercher plus&quot;<\/title>\n<meta name=\"description\" content=\"ATHL\u00c9TISME - Interview de Makenson Gletty, qui a particip\u00e9 aux championnats d&#039;Europe en salle \u00e0 Istanbul en mars dernier.\" \/>\n<meta name=\"robots\" content=\"index, follow, max-snippet:-1, max-image-preview:large, max-video-preview:-1\" \/>\n<link rel=\"canonical\" href=\"https:\/\/dicodusport.fr\/blog\/makenson-gletty-decathlon-je-peux-aller-chercher-plus\/\" \/>\n<meta property=\"og:locale\" content=\"fr_FR\" \/>\n<meta property=\"og:type\" content=\"article\" \/>\n<meta property=\"og:title\" content=\"Makenson Gletty (D\u00e9cathlon) : &quot;Je peux aller chercher plus&quot;\" \/>\n<meta property=\"og:description\" content=\"ATHL\u00c9TISME - Interview de Makenson Gletty, qui a particip\u00e9 aux championnats d&#039;Europe en salle \u00e0 Istanbul en mars dernier.\" \/>\n<meta property=\"og:url\" content=\"https:\/\/dicodusport.fr\/blog\/makenson-gletty-decathlon-je-peux-aller-chercher-plus\/\" \/>\n<meta property=\"og:site_name\" content=\"Dicodusport\" \/>\n<meta property=\"article:publisher\" content=\"https:\/\/www.facebook.com\/dicodusport\" \/>\n<meta property=\"article:published_time\" content=\"2023-04-14T10:05:14+00:00\" \/>\n<meta property=\"article:modified_time\" content=\"2023-04-14T13:08:52+00:00\" \/>\n<meta property=\"og:image\" content=\"https:\/\/dicodusport.fr\/blog\/wp-content\/uploads\/2023\/04\/Makenson-Gletty-Decathlon-Je-peux-aller-chercher-plus.png\" \/>\n\t<meta property=\"og:image:width\" content=\"800\" \/>\n\t<meta property=\"og:image:height\" content=\"445\" \/>\n\t<meta property=\"og:image:type\" content=\"image\/png\" \/>\n<meta name=\"author\" content=\"Etienne Goursaud\" \/>\n<meta name=\"twitter:card\" content=\"summary_large_image\" \/>\n<meta name=\"twitter:title\" content=\"Makenson Gletty (D\u00e9cathlon) : &quot;Je peux aller chercher plus&quot;\" \/>\n<meta name=\"twitter:creator\" content=\"@dicodusport\" \/>\n<meta name=\"twitter:site\" content=\"@dicodusport\" \/>\n<script type=\"application\/ld+json\" class=\"yoast-schema-graph\">{\"@context\":\"https:\/\/schema.org\",\"@graph\":[{\"@type\":\"NewsArticle\",\"@id\":\"https:\/\/dicodusport.fr\/blog\/makenson-gletty-decathlon-je-peux-aller-chercher-plus\/#article\",\"isPartOf\":{\"@id\":\"https:\/\/dicodusport.fr\/blog\/makenson-gletty-decathlon-je-peux-aller-chercher-plus\/\"},\"author\":{\"name\":\"Etienne Goursaud\",\"@id\":\"https:\/\/dicodusport.fr\/blog\/#\/schema\/person\/d603dd7da31fb2b46c82b9835a77ec13\"},\"headline\":\"Makenson Gletty (D\u00e9cathlon) : \u00ab\u00a0Je peux aller chercher plus\u00a0\u00bb\",\"datePublished\":\"2023-04-14T10:05:14+00:00\",\"dateModified\":\"2023-04-14T13:08:52+00:00\",\"mainEntityOfPage\":{\"@id\":\"https:\/\/dicodusport.fr\/blog\/makenson-gletty-decathlon-je-peux-aller-chercher-plus\/\"},\"wordCount\":1884,\"commentCount\":0,\"publisher\":{\"@id\":\"https:\/\/dicodusport.fr\/blog\/#organization\"},\"image\":{\"@id\":\"https:\/\/dicodusport.fr\/blog\/makenson-gletty-decathlon-je-peux-aller-chercher-plus\/#primaryimage\"},\"thumbnailUrl\":\"https:\/\/dicodusport.fr\/blog\/wp-content\/uploads\/2023\/04\/Makenson-Gletty-Decathlon-Je-peux-aller-chercher-plus.png\",\"keywords\":[\"Athl\u00e9tisme\",\"br\u00e8ve\",\"d\u00e9cathlon\",\"Makenson Gletty\",\"sport\"],\"articleSection\":[\"Athl\u00e9tisme\",\"Portraits\"],\"inLanguage\":\"fr-FR\",\"potentialAction\":[{\"@type\":\"CommentAction\",\"name\":\"Comment\",\"target\":[\"https:\/\/dicodusport.fr\/blog\/makenson-gletty-decathlon-je-peux-aller-chercher-plus\/#respond\"]}],\"copyrightYear\":\"2023\",\"copyrightHolder\":{\"@id\":\"https:\/\/dicodusport.fr\/blog\/#organization\"}},{\"@type\":\"WebPage\",\"@id\":\"https:\/\/dicodusport.fr\/blog\/makenson-gletty-decathlon-je-peux-aller-chercher-plus\/\",\"url\":\"https:\/\/dicodusport.fr\/blog\/makenson-gletty-decathlon-je-peux-aller-chercher-plus\/\",\"name\":\"Makenson Gletty (D\u00e9cathlon) : \\\"Je peux aller chercher plus\\\"\",\"isPartOf\":{\"@id\":\"https:\/\/dicodusport.fr\/blog\/#website\"},\"primaryImageOfPage\":{\"@id\":\"https:\/\/dicodusport.fr\/blog\/makenson-gletty-decathlon-je-peux-aller-chercher-plus\/#primaryimage\"},\"image\":{\"@id\":\"https:\/\/dicodusport.fr\/blog\/makenson-gletty-decathlon-je-peux-aller-chercher-plus\/#primaryimage\"},\"thumbnailUrl\":\"https:\/\/dicodusport.fr\/blog\/wp-content\/uploads\/2023\/04\/Makenson-Gletty-Decathlon-Je-peux-aller-chercher-plus.png\",\"datePublished\":\"2023-04-14T10:05:14+00:00\",\"dateModified\":\"2023-04-14T13:08:52+00:00\",\"description\":\"ATHL\u00c9TISME - Interview de Makenson Gletty, qui a particip\u00e9 aux championnats d'Europe en salle \u00e0 Istanbul en mars dernier.\",\"breadcrumb\":{\"@id\":\"https:\/\/dicodusport.fr\/blog\/makenson-gletty-decathlon-je-peux-aller-chercher-plus\/#breadcrumb\"},\"inLanguage\":\"fr-FR\",\"potentialAction\":[{\"@type\":\"ReadAction\",\"target\":[\"https:\/\/dicodusport.fr\/blog\/makenson-gletty-decathlon-je-peux-aller-chercher-plus\/\"]}]},{\"@type\":\"ImageObject\",\"inLanguage\":\"fr-FR\",\"@id\":\"https:\/\/dicodusport.fr\/blog\/makenson-gletty-decathlon-je-peux-aller-chercher-plus\/#primaryimage\",\"url\":\"https:\/\/dicodusport.fr\/blog\/wp-content\/uploads\/2023\/04\/Makenson-Gletty-Decathlon-Je-peux-aller-chercher-plus.png\",\"contentUrl\":\"https:\/\/dicodusport.fr\/blog\/wp-content\/uploads\/2023\/04\/Makenson-Gletty-Decathlon-Je-peux-aller-chercher-plus.png\",\"width\":800,\"height\":445,\"caption\":\"Makenson Gletty (D\u00e9cathlon) Je peux aller chercher plus\"},{\"@type\":\"BreadcrumbList\",\"@id\":\"https:\/\/dicodusport.fr\/blog\/makenson-gletty-decathlon-je-peux-aller-chercher-plus\/#breadcrumb\",\"itemListElement\":[{\"@type\":\"ListItem\",\"position\":1,\"name\":\"Accueil\",\"item\":\"https:\/\/dicodusport.fr\/blog\/\"},{\"@type\":\"ListItem\",\"position\":2,\"name\":\"Makenson Gletty (D\u00e9cathlon) : \u00ab\u00a0Je peux aller chercher plus\u00a0\u00bb\"}]},{\"@type\":\"WebSite\",\"@id\":\"https:\/\/dicodusport.fr\/blog\/#website\",\"url\":\"https:\/\/dicodusport.fr\/blog\/\",\"name\":\"Dicodusport\",\"description\":\"L&#039;encyclop\u00e9die de l&#039;actualit\u00e9 sportive\",\"publisher\":{\"@id\":\"https:\/\/dicodusport.fr\/blog\/#organization\"},\"potentialAction\":[{\"@type\":\"SearchAction\",\"target\":{\"@type\":\"EntryPoint\",\"urlTemplate\":\"https:\/\/dicodusport.fr\/blog\/?s={search_term_string}\"},\"query-input\":{\"@type\":\"PropertyValueSpecification\",\"valueRequired\":true,\"valueName\":\"search_term_string\"}}],\"inLanguage\":\"fr-FR\"},{\"@type\":\"NewsMediaOrganization\",\"@id\":\"https:\/\/dicodusport.fr\/blog\/#organization\",\"name\":\"Dicodusport\",\"url\":\"https:\/\/dicodusport.fr\/blog\/\",\"logo\":{\"@type\":\"ImageObject\",\"inLanguage\":\"fr-FR\",\"@id\":\"https:\/\/dicodusport.fr\/blog\/#\/schema\/logo\/image\/\",\"url\":\"https:\/\/dicodusport.fr\/blog\/wp-content\/uploads\/2020\/06\/cropped-LOGO-DICODUSPORT-2020-SANS-FOND-SANS-TEXTE.png\",\"contentUrl\":\"https:\/\/dicodusport.fr\/blog\/wp-content\/uploads\/2020\/06\/cropped-LOGO-DICODUSPORT-2020-SANS-FOND-SANS-TEXTE.png\",\"width\":512,\"height\":512,\"caption\":\"Dicodusport\"},\"image\":{\"@id\":\"https:\/\/dicodusport.fr\/blog\/#\/schema\/logo\/image\/\"},\"sameAs\":[\"https:\/\/www.facebook.com\/dicodusport\",\"https:\/\/x.com\/dicodusport\",\"https:\/\/www.instagram.com\/dicodusport\/\",\"https:\/\/www.youtube.com\/channel\/UC7V2KZ5sd3htJivAbA4ZG3w\"],\"description\":\"Dicodusport est l'encyclop\u00e9die de l'actualit\u00e9 sportive.\",\"email\":\"bonjour@dicodusport.fr\",\"legalName\":\"DICODUSPORT\",\"foundingDate\":\"2018-01-14\",\"vatID\":\"FR71834470973\",\"taxID\":\"83447097300043\",\"numberOfEmployees\":{\"@type\":\"QuantitativeValue\",\"minValue\":\"1\",\"maxValue\":\"10\"}},{\"@type\":\"Person\",\"@id\":\"https:\/\/dicodusport.fr\/blog\/#\/schema\/person\/d603dd7da31fb2b46c82b9835a77ec13\",\"name\":\"Etienne Goursaud\",\"image\":{\"@type\":\"ImageObject\",\"inLanguage\":\"fr-FR\",\"@id\":\"https:\/\/dicodusport.fr\/blog\/#\/schema\/person\/image\/\",\"url\":\"https:\/\/dicodusport.fr\/blog\/wp-content\/uploads\/2023\/12\/410122264_10231602061736049_5565839791558026645_n-150x150.jpg\",\"contentUrl\":\"https:\/\/dicodusport.fr\/blog\/wp-content\/uploads\/2023\/12\/410122264_10231602061736049_5565839791558026645_n-150x150.jpg\",\"caption\":\"Etienne Goursaud\"},\"description\":\"Journaliste et amoureux de sport. Ancien footballeur reconverti athl\u00e8te quand ses muscles le laissent tranquille. \u00c9lev\u00e9 \u00e0 la sauce des exploits de Thomas Voeckler en 2004, du dernier essai de l\u00e9gende de Eunice Barber \u00e0 la longueur lors des championnats du monde d'athl\u00e9tisme de 2003 mais aussi Zidane, Omeyer et Titou Lamaison.\",\"url\":\"https:\/\/dicodusport.fr\/blog\/author\/etienne-goursaud\/\"}]}<\/script>\n<!-- \/ Yoast SEO Premium plugin. -->","yoast_head_json":{"title":"Makenson Gletty (D\u00e9cathlon) : \"Je peux aller chercher plus\"","description":"ATHL\u00c9TISME - Interview de Makenson Gletty, qui a particip\u00e9 aux championnats d'Europe en salle \u00e0 Istanbul en mars dernier.","robots":{"index":"index","follow":"follow","max-snippet":"max-snippet:-1","max-image-preview":"max-image-preview:large","max-video-preview":"max-video-preview:-1"},"canonical":"https:\/\/dicodusport.fr\/blog\/makenson-gletty-decathlon-je-peux-aller-chercher-plus\/","og_locale":"fr_FR","og_type":"article","og_title":"Makenson Gletty (D\u00e9cathlon) : \"Je peux aller chercher plus\"","og_description":"ATHL\u00c9TISME - Interview de Makenson Gletty, qui a particip\u00e9 aux championnats d'Europe en salle \u00e0 Istanbul en mars dernier.","og_url":"https:\/\/dicodusport.fr\/blog\/makenson-gletty-decathlon-je-peux-aller-chercher-plus\/","og_site_name":"Dicodusport","article_publisher":"https:\/\/www.facebook.com\/dicodusport","article_published_time":"2023-04-14T10:05:14+00:00","article_modified_time":"2023-04-14T13:08:52+00:00","og_image":[{"width":800,"height":445,"url":"https:\/\/dicodusport.fr\/blog\/wp-content\/uploads\/2023\/04\/Makenson-Gletty-Decathlon-Je-peux-aller-chercher-plus.png","type":"image\/png"}],"author":"Etienne Goursaud","twitter_card":"summary_large_image","twitter_title":"Makenson Gletty (D\u00e9cathlon) : \"Je peux aller chercher plus\"","twitter_creator":"@dicodusport","twitter_site":"@dicodusport","schema":{"@context":"https:\/\/schema.org","@graph":[{"@type":"NewsArticle","@id":"https:\/\/dicodusport.fr\/blog\/makenson-gletty-decathlon-je-peux-aller-chercher-plus\/#article","isPartOf":{"@id":"https:\/\/dicodusport.fr\/blog\/makenson-gletty-decathlon-je-peux-aller-chercher-plus\/"},"author":{"name":"Etienne Goursaud","@id":"https:\/\/dicodusport.fr\/blog\/#\/schema\/person\/d603dd7da31fb2b46c82b9835a77ec13"},"headline":"Makenson Gletty (D\u00e9cathlon) : \u00ab\u00a0Je peux aller chercher plus\u00a0\u00bb","datePublished":"2023-04-14T10:05:14+00:00","dateModified":"2023-04-14T13:08:52+00:00","mainEntityOfPage":{"@id":"https:\/\/dicodusport.fr\/blog\/makenson-gletty-decathlon-je-peux-aller-chercher-plus\/"},"wordCount":1884,"commentCount":0,"publisher":{"@id":"https:\/\/dicodusport.fr\/blog\/#organization"},"image":{"@id":"https:\/\/dicodusport.fr\/blog\/makenson-gletty-decathlon-je-peux-aller-chercher-plus\/#primaryimage"},"thumbnailUrl":"https:\/\/dicodusport.fr\/blog\/wp-content\/uploads\/2023\/04\/Makenson-Gletty-Decathlon-Je-peux-aller-chercher-plus.png","keywords":["Athl\u00e9tisme","br\u00e8ve","d\u00e9cathlon","Makenson Gletty","sport"],"articleSection":["Athl\u00e9tisme","Portraits"],"inLanguage":"fr-FR","potentialAction":[{"@type":"CommentAction","name":"Comment","target":["https:\/\/dicodusport.fr\/blog\/makenson-gletty-decathlon-je-peux-aller-chercher-plus\/#respond"]}],"copyrightYear":"2023","copyrightHolder":{"@id":"https:\/\/dicodusport.fr\/blog\/#organization"}},{"@type":"WebPage","@id":"https:\/\/dicodusport.fr\/blog\/makenson-gletty-decathlon-je-peux-aller-chercher-plus\/","url":"https:\/\/dicodusport.fr\/blog\/makenson-gletty-decathlon-je-peux-aller-chercher-plus\/","name":"Makenson Gletty (D\u00e9cathlon) : \"Je peux aller chercher plus\"","isPartOf":{"@id":"https:\/\/dicodusport.fr\/blog\/#website"},"primaryImageOfPage":{"@id":"https:\/\/dicodusport.fr\/blog\/makenson-gletty-decathlon-je-peux-aller-chercher-plus\/#primaryimage"},"image":{"@id":"https:\/\/dicodusport.fr\/blog\/makenson-gletty-decathlon-je-peux-aller-chercher-plus\/#primaryimage"},"thumbnailUrl":"https:\/\/dicodusport.fr\/blog\/wp-content\/uploads\/2023\/04\/Makenson-Gletty-Decathlon-Je-peux-aller-chercher-plus.png","datePublished":"2023-04-14T10:05:14+00:00","dateModified":"2023-04-14T13:08:52+00:00","description":"ATHL\u00c9TISME - Interview de Makenson Gletty, qui a particip\u00e9 aux championnats d'Europe en salle \u00e0 Istanbul en mars dernier.","breadcrumb":{"@id":"https:\/\/dicodusport.fr\/blog\/makenson-gletty-decathlon-je-peux-aller-chercher-plus\/#breadcrumb"},"inLanguage":"fr-FR","potentialAction":[{"@type":"ReadAction","target":["https:\/\/dicodusport.fr\/blog\/makenson-gletty-decathlon-je-peux-aller-chercher-plus\/"]}]},{"@type":"ImageObject","inLanguage":"fr-FR","@id":"https:\/\/dicodusport.fr\/blog\/makenson-gletty-decathlon-je-peux-aller-chercher-plus\/#primaryimage","url":"https:\/\/dicodusport.fr\/blog\/wp-content\/uploads\/2023\/04\/Makenson-Gletty-Decathlon-Je-peux-aller-chercher-plus.png","contentUrl":"https:\/\/dicodusport.fr\/blog\/wp-content\/uploads\/2023\/04\/Makenson-Gletty-Decathlon-Je-peux-aller-chercher-plus.png","width":800,"height":445,"caption":"Makenson Gletty (D\u00e9cathlon) Je peux aller chercher plus"},{"@type":"BreadcrumbList","@id":"https:\/\/dicodusport.fr\/blog\/makenson-gletty-decathlon-je-peux-aller-chercher-plus\/#breadcrumb","itemListElement":[{"@type":"ListItem","position":1,"name":"Accueil","item":"https:\/\/dicodusport.fr\/blog\/"},{"@type":"ListItem","position":2,"name":"Makenson Gletty (D\u00e9cathlon) : \u00ab\u00a0Je peux aller chercher plus\u00a0\u00bb"}]},{"@type":"WebSite","@id":"https:\/\/dicodusport.fr\/blog\/#website","url":"https:\/\/dicodusport.fr\/blog\/","name":"Dicodusport","description":"L&#039;encyclop\u00e9die de l&#039;actualit\u00e9 sportive","publisher":{"@id":"https:\/\/dicodusport.fr\/blog\/#organization"},"potentialAction":[{"@type":"SearchAction","target":{"@type":"EntryPoint","urlTemplate":"https:\/\/dicodusport.fr\/blog\/?s={search_term_string}"},"query-input":{"@type":"PropertyValueSpecification","valueRequired":true,"valueName":"search_term_string"}}],"inLanguage":"fr-FR"},{"@type":"NewsMediaOrganization","@id":"https:\/\/dicodusport.fr\/blog\/#organization","name":"Dicodusport","url":"https:\/\/dicodusport.fr\/blog\/","logo":{"@type":"ImageObject","inLanguage":"fr-FR","@id":"https:\/\/dicodusport.fr\/blog\/#\/schema\/logo\/image\/","url":"https:\/\/dicodusport.fr\/blog\/wp-content\/uploads\/2020\/06\/cropped-LOGO-DICODUSPORT-2020-SANS-FOND-SANS-TEXTE.png","contentUrl":"https:\/\/dicodusport.fr\/blog\/wp-content\/uploads\/2020\/06\/cropped-LOGO-DICODUSPORT-2020-SANS-FOND-SANS-TEXTE.png","width":512,"height":512,"caption":"Dicodusport"},"image":{"@id":"https:\/\/dicodusport.fr\/blog\/#\/schema\/logo\/image\/"},"sameAs":["https:\/\/www.facebook.com\/dicodusport","https:\/\/x.com\/dicodusport","https:\/\/www.instagram.com\/dicodusport\/","https:\/\/www.youtube.com\/channel\/UC7V2KZ5sd3htJivAbA4ZG3w"],"description":"Dicodusport est l'encyclop\u00e9die de l'actualit\u00e9 sportive.","email":"bonjour@dicodusport.fr","legalName":"DICODUSPORT","foundingDate":"2018-01-14","vatID":"FR71834470973","taxID":"83447097300043","numberOfEmployees":{"@type":"QuantitativeValue","minValue":"1","maxValue":"10"}},{"@type":"Person","@id":"https:\/\/dicodusport.fr\/blog\/#\/schema\/person\/d603dd7da31fb2b46c82b9835a77ec13","name":"Etienne Goursaud","image":{"@type":"ImageObject","inLanguage":"fr-FR","@id":"https:\/\/dicodusport.fr\/blog\/#\/schema\/person\/image\/","url":"https:\/\/dicodusport.fr\/blog\/wp-content\/uploads\/2023\/12\/410122264_10231602061736049_5565839791558026645_n-150x150.jpg","contentUrl":"https:\/\/dicodusport.fr\/blog\/wp-content\/uploads\/2023\/12\/410122264_10231602061736049_5565839791558026645_n-150x150.jpg","caption":"Etienne Goursaud"},"description":"Journaliste et amoureux de sport. Ancien footballeur reconverti athl\u00e8te quand ses muscles le laissent tranquille. \u00c9lev\u00e9 \u00e0 la sauce des exploits de Thomas Voeckler en 2004, du dernier essai de l\u00e9gende de Eunice Barber \u00e0 la longueur lors des championnats du monde d'athl\u00e9tisme de 2003 mais aussi Zidane, Omeyer et Titou Lamaison.","url":"https:\/\/dicodusport.fr\/blog\/author\/etienne-goursaud\/"}]}},"_links":{"self":[{"href":"https:\/\/dicodusport.fr\/blog\/wp-json\/wp\/v2\/posts\/373887","targetHints":{"allow":["GET"]}}],"collection":[{"href":"https:\/\/dicodusport.fr\/blog\/wp-json\/wp\/v2\/posts"}],"about":[{"href":"https:\/\/dicodusport.fr\/blog\/wp-json\/wp\/v2\/types\/post"}],"author":[{"embeddable":true,"href":"https:\/\/dicodusport.fr\/blog\/wp-json\/wp\/v2\/users\/83"}],"replies":[{"embeddable":true,"href":"https:\/\/dicodusport.fr\/blog\/wp-json\/wp\/v2\/comments?post=373887"}],"version-history":[{"count":0,"href":"https:\/\/dicodusport.fr\/blog\/wp-json\/wp\/v2\/posts\/373887\/revisions"}],"wp:featuredmedia":[{"embeddable":true,"href":"https:\/\/dicodusport.fr\/blog\/wp-json\/wp\/v2\/media\/374152"}],"wp:attachment":[{"href":"https:\/\/dicodusport.fr\/blog\/wp-json\/wp\/v2\/media?parent=373887"}],"wp:term":[{"taxonomy":"category","embeddable":true,"href":"https:\/\/dicodusport.fr\/blog\/wp-json\/wp\/v2\/categories?post=373887"},{"taxonomy":"post_tag","embeddable":true,"href":"https:\/\/dicodusport.fr\/blog\/wp-json\/wp\/v2\/tags?post=373887"}],"curies":[{"name":"wp","href":"https:\/\/api.w.org\/{rel}","templated":true}]}}