{"id":373915,"date":"2023-04-18T17:35:44","date_gmt":"2023-04-18T15:35:44","guid":{"rendered":"https:\/\/dicodusport.fr\/blog\/?p=373915&#038;preview=true&#038;preview_id=373915"},"modified":"2023-04-18T17:35:55","modified_gmt":"2023-04-18T15:35:55","slug":"la-fleche-wallonne-2023-parcours-et-profil","status":"publish","type":"post","link":"https:\/\/dicodusport.fr\/blog\/la-fleche-wallonne-2023-parcours-et-profil\/","title":{"rendered":"La Fl\u00e8che Wallonne 2023 : Parcours et profil"},"content":{"rendered":"<p style=\"text-align: justify;\"><strong><em>LA FL\u00c8CHE WALLONNE 2023 &#8211; La 87\u00e8me \u00e9dition de la Fl\u00e8che Wallonne aura lieu le mercredi 19 avril sur les routes des provinces du Luxembourg (sur une tr\u00e8s courte portion) et de Li\u00e8ge. 194,2 kilom\u00e8tres entre Herve et Huy avec 11 c\u00f4tes seront au programme. Parcours et profil.<\/em><\/strong><\/p>\n<h2 style=\"text-align: justify;\">Le parcours de La Fl\u00e8che Wallonne 2023<\/h2>\n<p style=\"text-align: justify;\"><span class=\"tojvnm2t a6sixzi8 abs2jz4q a8s20v7p t1p8iaqh k5wvi7nf q3lfd5jv pk4s997a bipmatt0 cebpdrjk qowsmv63 owwhemhu dp1hu0rb dhp61c6y iyyx5f41\">D&rsquo;abord, le d\u00e9part sera donn\u00e9 depuis <strong>Herve<\/strong>, pr\u00e8s de de\u00a0Verviers, pour prendre la direction de <strong>Blegny <\/strong>et<strong> Soumagne\u00a0<\/strong>avant d&rsquo;atteindre le pied de la premi\u00e8re mont\u00e9e du jour : la <strong>C\u00f4te de Trasenster<\/strong> (3,3 km \u00e0 4,9 % avec des parties raides \u00e0 11 % au milieu). Au sommet, il y aura un faux-plat descendant de 7 kilom\u00e8tres pour rejoindre la <strong>C\u00f4te des Forges<\/strong> (1 300 m\u00e8tres \u00e0 7,8 %, avec son monument comm\u00e9moratif en l&rsquo;honneur de Stan Ockers).\u00a0<\/span><\/p>\n<p style=\"text-align: justify;\">Puis, les coureurs descendront sur <strong>Esneux<\/strong> pour une portion plate de plus de 50 kilom\u00e8tres via <strong>Hamoir<\/strong>, au confluent de l&rsquo;Ourthe et du N\u00e9blon,\u00a0et <strong>Modave<\/strong>. Par la suite, ils entreront sur le circuit final avec les ascensions de la <strong>C\u00f4te d&rsquo;Ereffe<\/strong> (2,1 km \u00e0 5 %), de la <strong>C\u00f4te de Cherave<\/strong> (1,3 km \u00e0 8,1 % en ligne droite, revenue sur le parcours l&rsquo;an dernier) et la premi\u00e8re ascension du <strong>Mur de Huy<\/strong> (1,3 km \u00e0 9,6 %) \u00e0 pr\u00e8s de 75 kilom\u00e8tres de l&rsquo;arriv\u00e9e. Enfin, le peloton effectuera deux boucles de 31 kilom\u00e8tres avec les c\u00f4tes d&rsquo;Ereffe, de Ch\u00e9rave et le Mur de Huy.<\/p>\n<h2 style=\"text-align: justify;\">Le juge de paix : le Mur de Huy<\/h2>\n<p style=\"text-align: justify;\">L\u2019ascension d\u00e9bute sur l\u2019Avenue du Condroz sur une ligne droite qui sera longue d\u2019environ 600 m\u00e8tres, sur une pente moyenne \u00e0 environ 7 %. Cette portion permet aux \u00e9quipiers de placer leur leader \u00e0 l\u2019avant du peloton. Puis, les coureurs vireront \u00e0 droite et la chauss\u00e9e se r\u00e9duira d\u2019un coup pour p\u00e9n\u00e9trer sur le <strong>Chemin des Chapelles<\/strong>, avec ses six chapelles datant du XVII\u00e8me si\u00e8cle, inscrites au patrimoine immobilier class\u00e9 de Huy. Si un leader n\u2019est pas plac\u00e9 dans les 30 premi\u00e8res positions, ses espoirs de victoire auront, d\u00e9j\u00e0, fortement diminu\u00e9.<\/p>\n<p style=\"text-align: justify;\">En plus d\u2019une route tr\u00e8s \u00e9troite, la route va se cabrer \u00e0 10 %. Par la suite, apr\u00e8s avoir pris un petit virage \u00e0 droite, la pente va s\u2019accentuer progressivement de 12 % \u00e0 14 %. Au moment d\u2019aborder le virage <strong>Claudy Criquielion<\/strong>, les coureurs feront face aux pentes les plus abruptes autour des 20 %. C&rsquo;est dans ce virage que Criquielion a attaqu\u00e9 en 1989 pour distancer Steven Rooks lors de son deuxi\u00e8me succ\u00e8s. Une st\u00e8le en hommage au champion est plac\u00e9e \u00e0 cet endroit.<\/p>\n<p style=\"text-align: justify;\">Les coureurs \u00e9viteront de passer trop \u00e0 l\u2019int\u00e9rieur du virage, puisque la pente y atteindra 26 %, tandis que ceux qui seront d\u00e9j\u00e0 dans le rouge prendront au plus large. Enfin, sur les 400 derniers m\u00e8tres, avec une courbe \u00e0 gauche, la pente se calmera au fur et \u00e0 mesure en passant de 19 % \u00e0 9 % avec des derniers m\u00e8tres quasiment plats. L\u2019arriv\u00e9e est plac\u00e9e presque \u00e0 hauteur de Notre-Dame de la Sarte.<\/p>\n<div id=\"attachment_217143\" style=\"width: 970px\" class=\"wp-caption aligncenter\"><a href=\"https:\/\/dicodusport.fr\/blog\/wp-content\/uploads\/2022\/01\/Le-profil-du-Mur-de-Huy.jpg\"><img loading=\"lazy\" decoding=\"async\" aria-describedby=\"caption-attachment-217143\" class=\"size-full wp-image-217143\" src=\"https:\/\/dicodusport.fr\/blog\/wp-content\/uploads\/2022\/01\/Le-profil-du-Mur-de-Huy.jpg\" alt=\"Le profil du Mur de Huy\" width=\"960\" height=\"660\" srcset=\"https:\/\/dicodusport.fr\/blog\/wp-content\/uploads\/2022\/01\/Le-profil-du-Mur-de-Huy.jpg 960w, https:\/\/dicodusport.fr\/blog\/wp-content\/uploads\/2022\/01\/Le-profil-du-Mur-de-Huy-300x206.jpg 300w, https:\/\/dicodusport.fr\/blog\/wp-content\/uploads\/2022\/01\/Le-profil-du-Mur-de-Huy-768x528.jpg 768w\" sizes=\"auto, (max-width: 960px) 100vw, 960px\" \/><\/a><p id=\"caption-attachment-217143\" class=\"wp-caption-text\">Le profil du Mur de Huy &#8211; Via ASO<\/p><\/div>\n<p style=\"text-align: justify;\">Le <strong>Mur de Huy<\/strong> a \u00e9t\u00e9 pour la premi\u00e8re fois escalad\u00e9 sur la Fl\u00e8che Wallonne en 1982. Mais c\u2019est pour l\u2019\u00e9dition 1985 que l\u2019arriv\u00e9e est jug\u00e9e au sommet du mur pour la premi\u00e8re fois, avec la victoire de <strong>Claudy Criquielion<\/strong>, maillot de champion du monde sur les \u00e9paules. Le record de la mont\u00e9e est d\u00e9tenu par Alejandro Valverde.<\/p>\n<hr \/>\n<h2 style=\"text-align: justify;\">Le profil de La Fl\u00e8che Wallonne 2023<\/h2>\n<div id=\"attachment_375023\" style=\"width: 970px\" class=\"wp-caption aligncenter\"><a href=\"https:\/\/dicodusport.fr\/blog\/wp-content\/uploads\/2023\/04\/Le-profil-de-la-Fleche-Wallonne-2023.jpg\"><img loading=\"lazy\" decoding=\"async\" aria-describedby=\"caption-attachment-375023\" class=\"size-full wp-image-375023\" src=\"https:\/\/dicodusport.fr\/blog\/wp-content\/uploads\/2023\/04\/Le-profil-de-la-Fleche-Wallonne-2023.jpg\" alt=\"Le profil de la Fl\u00e8che Wallonne 2023\" width=\"960\" height=\"670\" srcset=\"https:\/\/dicodusport.fr\/blog\/wp-content\/uploads\/2023\/04\/Le-profil-de-la-Fleche-Wallonne-2023.jpg 960w, https:\/\/dicodusport.fr\/blog\/wp-content\/uploads\/2023\/04\/Le-profil-de-la-Fleche-Wallonne-2023-300x209.jpg 300w, https:\/\/dicodusport.fr\/blog\/wp-content\/uploads\/2023\/04\/Le-profil-de-la-Fleche-Wallonne-2023-768x536.jpg 768w\" sizes=\"auto, (max-width: 960px) 100vw, 960px\" \/><\/a><p id=\"caption-attachment-375023\" class=\"wp-caption-text\">Le profil de la Fl\u00e8che Wallonne 2023<\/p><\/div>\n<hr \/>\n<h2 style=\"text-align: justify;\">\u00c0 lire aussi<\/h2>\n<ul>\n<li style=\"text-align: justify;\"><a href=\"https:\/\/dicodusport.fr\/blog\/la-fleche-wallonne-2023-les-engages\/\"><strong><strong>La liste des engag\u00e9s de <\/strong>La Fl\u00e8che Wallonne<\/strong><\/a><\/li>\n<li style=\"text-align: justify;\"><strong><a href=\"https:\/\/dicodusport.fr\/blog\/la-fleche-wallonne-2023-a-quelle-heure-et-sur-quelle-chaine-tv\/\">La Fl\u00e8che Wallonne 2023 : \u00c0 quelle heure et sur quelle cha\u00eene<\/a> \u00a0<\/strong><\/li>\n<li style=\"text-align: justify;\"><strong><a href=\"https:\/\/dicodusport.fr\/blog\/la-fleche-wallonne-2023-favoris-et-outsiders\/\">Favoris et outsiders de la Fl\u00e8che Wallonne 2023<\/a>\u00a0<\/strong><\/li>\n<\/ul>\n<hr \/>\n<h2 style=\"text-align: justify;\">Le palmar\u00e8s de la Fl\u00e8che Wallonne depuis 20011<\/h2>\n<p style=\"text-align: justify;\">2022 : TEUNS Dylan &#8211; <a href=\"https:\/\/dicodusport.fr\/blog\/classement-fleche-wallonne-2022\/\">Classement de la course<\/a><br \/>\n2021 : ALAPHILIPPE Julian<br \/>\n2020 : HIRSCHI Marc<br \/>\n2019 : ALAPHILIPPE Julian<br \/>\n2018 : ALAPHILIPPE Julian<br \/>\n2017 : VALVERDE Alejandro<br \/>\n2016 : VALVERDE Alejandro<br \/>\n2015 : VALVERDE Alejandro<br \/>\n2014 : VALVERDE Alejandro<br \/>\n2013 : MORENO Daniel<br \/>\n2012 : RODR\u00cdGUEZ Joaquim<br \/>\n2011 : GILBERT Philippe<\/p>\n","protected":false},"excerpt":{"rendered":"<p>LA FL\u00c8CHE WALLONNE 2023 &#8211; Parcours et profil de la 87\u00e8me \u00e9dition de la Fl\u00e8che Wallonne, qui aura lieu le mercredi 19 avril.<\/p>\n","protected":false},"author":48,"featured_media":375030,"comment_status":"open","ping_status":"closed","sticky":false,"template":"","format":"standard","meta":{"_acf_changed":false,"_daextam_enable_autolinks":"","footnotes":""},"categories":[46994],"tags":[3119,16878],"class_list":["post-373915","post","type-post","status-publish","format-standard","has-post-thumbnail","hentry","category-cyclisme-sur-route","tag-actualite-cyclisme","tag-breve"],"acf":[],"yoast_head":"<!-- This site is optimized with the Yoast SEO Premium plugin v26.7 (Yoast SEO v26.7) - https:\/\/yoast.com\/wordpress\/plugins\/seo\/ -->\n<title>La Fl\u00e8che Wallonne 2023 : Parcours et profil<\/title>\n<meta name=\"description\" content=\"LA FL\u00c8CHE WALLONNE 2023 - Parcours et profil de la 87\u00e8me \u00e9dition de la Fl\u00e8che Wallonne, qui aura lieu le mercredi 19 avril.\" \/>\n<meta name=\"robots\" content=\"index, follow, max-snippet:-1, max-image-preview:large, max-video-preview:-1\" \/>\n<link rel=\"canonical\" href=\"https:\/\/dicodusport.fr\/blog\/la-fleche-wallonne-2023-parcours-et-profil\/\" \/>\n<meta property=\"og:locale\" content=\"fr_FR\" \/>\n<meta property=\"og:type\" content=\"article\" \/>\n<meta property=\"og:title\" content=\"La Fl\u00e8che Wallonne 2023 : Parcours et profil\" \/>\n<meta property=\"og:description\" content=\"LA FL\u00c8CHE WALLONNE 2023 - Parcours et profil de la 87\u00e8me \u00e9dition de la Fl\u00e8che Wallonne, qui aura lieu le mercredi 19 avril.\" \/>\n<meta property=\"og:url\" content=\"https:\/\/dicodusport.fr\/blog\/la-fleche-wallonne-2023-parcours-et-profil\/\" \/>\n<meta property=\"og:site_name\" content=\"Dicodusport\" \/>\n<meta property=\"article:publisher\" content=\"https:\/\/www.facebook.com\/dicodusport\" \/>\n<meta property=\"article:author\" content=\"https:\/\/www.facebook.com\/groups\/LesRoisDuPeloton\" \/>\n<meta property=\"article:published_time\" content=\"2023-04-18T15:35:44+00:00\" \/>\n<meta property=\"article:modified_time\" content=\"2023-04-18T15:35:55+00:00\" \/>\n<meta property=\"og:image\" content=\"https:\/\/dicodusport.fr\/blog\/wp-content\/uploads\/2023\/04\/La-Fleche-Wallonne-2023-Parcours-et-profil.png\" \/>\n\t<meta property=\"og:image:width\" content=\"800\" \/>\n\t<meta property=\"og:image:height\" content=\"445\" \/>\n\t<meta property=\"og:image:type\" content=\"image\/png\" \/>\n<meta name=\"author\" content=\"Emilien Descampiaux\" \/>\n<meta name=\"twitter:card\" content=\"summary_large_image\" \/>\n<meta name=\"twitter:title\" content=\"La Fl\u00e8che Wallonne 2023 : Parcours et profil\" \/>\n<meta name=\"twitter:creator\" content=\"@https:\/\/twitter.com\/LRoisDuPeloton\" \/>\n<meta name=\"twitter:site\" content=\"@dicodusport\" \/>\n<script type=\"application\/ld+json\" class=\"yoast-schema-graph\">{\"@context\":\"https:\/\/schema.org\",\"@graph\":[{\"@type\":\"NewsArticle\",\"@id\":\"https:\/\/dicodusport.fr\/blog\/la-fleche-wallonne-2023-parcours-et-profil\/#article\",\"isPartOf\":{\"@id\":\"https:\/\/dicodusport.fr\/blog\/la-fleche-wallonne-2023-parcours-et-profil\/\"},\"author\":{\"name\":\"Emilien Descampiaux\",\"@id\":\"https:\/\/dicodusport.fr\/blog\/#\/schema\/person\/6db4bae06b171592211be385b32876a7\"},\"headline\":\"La Fl\u00e8che Wallonne 2023 : Parcours et profil\",\"datePublished\":\"2023-04-18T15:35:44+00:00\",\"dateModified\":\"2023-04-18T15:35:55+00:00\",\"mainEntityOfPage\":{\"@id\":\"https:\/\/dicodusport.fr\/blog\/la-fleche-wallonne-2023-parcours-et-profil\/\"},\"wordCount\":683,\"commentCount\":0,\"publisher\":{\"@id\":\"https:\/\/dicodusport.fr\/blog\/#organization\"},\"image\":{\"@id\":\"https:\/\/dicodusport.fr\/blog\/la-fleche-wallonne-2023-parcours-et-profil\/#primaryimage\"},\"thumbnailUrl\":\"https:\/\/dicodusport.fr\/blog\/wp-content\/uploads\/2023\/04\/La-Fleche-Wallonne-2023-Parcours-et-profil.png\",\"keywords\":[\"Actualit\u00e9 Cyclisme\",\"br\u00e8ve\"],\"articleSection\":[\"Cyclisme sur route\"],\"inLanguage\":\"fr-FR\",\"potentialAction\":[{\"@type\":\"CommentAction\",\"name\":\"Comment\",\"target\":[\"https:\/\/dicodusport.fr\/blog\/la-fleche-wallonne-2023-parcours-et-profil\/#respond\"]}],\"copyrightYear\":\"2023\",\"copyrightHolder\":{\"@id\":\"https:\/\/dicodusport.fr\/blog\/#organization\"}},{\"@type\":\"WebPage\",\"@id\":\"https:\/\/dicodusport.fr\/blog\/la-fleche-wallonne-2023-parcours-et-profil\/\",\"url\":\"https:\/\/dicodusport.fr\/blog\/la-fleche-wallonne-2023-parcours-et-profil\/\",\"name\":\"La Fl\u00e8che Wallonne 2023 : Parcours et profil\",\"isPartOf\":{\"@id\":\"https:\/\/dicodusport.fr\/blog\/#website\"},\"primaryImageOfPage\":{\"@id\":\"https:\/\/dicodusport.fr\/blog\/la-fleche-wallonne-2023-parcours-et-profil\/#primaryimage\"},\"image\":{\"@id\":\"https:\/\/dicodusport.fr\/blog\/la-fleche-wallonne-2023-parcours-et-profil\/#primaryimage\"},\"thumbnailUrl\":\"https:\/\/dicodusport.fr\/blog\/wp-content\/uploads\/2023\/04\/La-Fleche-Wallonne-2023-Parcours-et-profil.png\",\"datePublished\":\"2023-04-18T15:35:44+00:00\",\"dateModified\":\"2023-04-18T15:35:55+00:00\",\"description\":\"LA FL\u00c8CHE WALLONNE 2023 - Parcours et profil de la 87\u00e8me \u00e9dition de la Fl\u00e8che Wallonne, qui aura lieu le mercredi 19 avril.\",\"breadcrumb\":{\"@id\":\"https:\/\/dicodusport.fr\/blog\/la-fleche-wallonne-2023-parcours-et-profil\/#breadcrumb\"},\"inLanguage\":\"fr-FR\",\"potentialAction\":[{\"@type\":\"ReadAction\",\"target\":[\"https:\/\/dicodusport.fr\/blog\/la-fleche-wallonne-2023-parcours-et-profil\/\"]}]},{\"@type\":\"ImageObject\",\"inLanguage\":\"fr-FR\",\"@id\":\"https:\/\/dicodusport.fr\/blog\/la-fleche-wallonne-2023-parcours-et-profil\/#primaryimage\",\"url\":\"https:\/\/dicodusport.fr\/blog\/wp-content\/uploads\/2023\/04\/La-Fleche-Wallonne-2023-Parcours-et-profil.png\",\"contentUrl\":\"https:\/\/dicodusport.fr\/blog\/wp-content\/uploads\/2023\/04\/La-Fleche-Wallonne-2023-Parcours-et-profil.png\",\"width\":800,\"height\":445,\"caption\":\"La Fl\u00e8che Wallonne 2023 Parcours et profil\"},{\"@type\":\"BreadcrumbList\",\"@id\":\"https:\/\/dicodusport.fr\/blog\/la-fleche-wallonne-2023-parcours-et-profil\/#breadcrumb\",\"itemListElement\":[{\"@type\":\"ListItem\",\"position\":1,\"name\":\"Accueil\",\"item\":\"https:\/\/dicodusport.fr\/blog\/\"},{\"@type\":\"ListItem\",\"position\":2,\"name\":\"La Fl\u00e8che Wallonne 2023 : Parcours et profil\"}]},{\"@type\":\"WebSite\",\"@id\":\"https:\/\/dicodusport.fr\/blog\/#website\",\"url\":\"https:\/\/dicodusport.fr\/blog\/\",\"name\":\"Dicodusport\",\"description\":\"L&#039;encyclop\u00e9die de l&#039;actualit\u00e9 sportive\",\"publisher\":{\"@id\":\"https:\/\/dicodusport.fr\/blog\/#organization\"},\"potentialAction\":[{\"@type\":\"SearchAction\",\"target\":{\"@type\":\"EntryPoint\",\"urlTemplate\":\"https:\/\/dicodusport.fr\/blog\/?s={search_term_string}\"},\"query-input\":{\"@type\":\"PropertyValueSpecification\",\"valueRequired\":true,\"valueName\":\"search_term_string\"}}],\"inLanguage\":\"fr-FR\"},{\"@type\":\"NewsMediaOrganization\",\"@id\":\"https:\/\/dicodusport.fr\/blog\/#organization\",\"name\":\"Dicodusport\",\"url\":\"https:\/\/dicodusport.fr\/blog\/\",\"logo\":{\"@type\":\"ImageObject\",\"inLanguage\":\"fr-FR\",\"@id\":\"https:\/\/dicodusport.fr\/blog\/#\/schema\/logo\/image\/\",\"url\":\"https:\/\/dicodusport.fr\/blog\/wp-content\/uploads\/2020\/06\/cropped-LOGO-DICODUSPORT-2020-SANS-FOND-SANS-TEXTE.png\",\"contentUrl\":\"https:\/\/dicodusport.fr\/blog\/wp-content\/uploads\/2020\/06\/cropped-LOGO-DICODUSPORT-2020-SANS-FOND-SANS-TEXTE.png\",\"width\":512,\"height\":512,\"caption\":\"Dicodusport\"},\"image\":{\"@id\":\"https:\/\/dicodusport.fr\/blog\/#\/schema\/logo\/image\/\"},\"sameAs\":[\"https:\/\/www.facebook.com\/dicodusport\",\"https:\/\/x.com\/dicodusport\",\"https:\/\/www.instagram.com\/dicodusport\/\",\"https:\/\/www.youtube.com\/channel\/UC7V2KZ5sd3htJivAbA4ZG3w\"],\"description\":\"Dicodusport est l'encyclop\u00e9die de l'actualit\u00e9 sportive.\",\"email\":\"bonjour@dicodusport.fr\",\"legalName\":\"DICODUSPORT\",\"foundingDate\":\"2018-01-14\",\"vatID\":\"FR71834470973\",\"taxID\":\"83447097300043\",\"numberOfEmployees\":{\"@type\":\"QuantitativeValue\",\"minValue\":\"1\",\"maxValue\":\"10\"}},{\"@type\":\"Person\",\"@id\":\"https:\/\/dicodusport.fr\/blog\/#\/schema\/person\/6db4bae06b171592211be385b32876a7\",\"name\":\"Emilien Descampiaux\",\"image\":{\"@type\":\"ImageObject\",\"inLanguage\":\"fr-FR\",\"@id\":\"https:\/\/dicodusport.fr\/blog\/#\/schema\/person\/image\/\",\"url\":\"https:\/\/dicodusport.fr\/blog\/wp-content\/uploads\/2021\/05\/Emilien-Descampiaux-150x150.jpg\",\"contentUrl\":\"https:\/\/dicodusport.fr\/blog\/wp-content\/uploads\/2021\/05\/Emilien-Descampiaux-150x150.jpg\",\"caption\":\"Emilien Descampiaux\"},\"description\":\"Journaliste\/r\u00e9dacteur depuis 2014 - Fan de la classe de Frank Vandenbroucke, je vis cyclisme (et de ses paysages) depuis plus de 20 ans. Je suis tr\u00e8s impliqu\u00e9 sur mes diff\u00e9rents r\u00e9seaux sociaux pour partager ma passion sur le monde et l'Histoire de la bicyclette avec ma voix sur les images en noir et blanc du succ\u00e8s de Rik Van Steenbergen lors du Ronde sur le V\u00e9lodrome de Gand.\",\"sameAs\":[\"https:\/\/www.facebook.com\/groups\/LesRoisDuPeloton\",\"https:\/\/x.com\/https:\/\/twitter.com\/LRoisDuPeloton\"],\"url\":\"https:\/\/dicodusport.fr\/blog\/author\/emiliend\/\"}]}<\/script>\n<!-- \/ Yoast SEO Premium plugin. -->","yoast_head_json":{"title":"La Fl\u00e8che Wallonne 2023 : Parcours et profil","description":"LA FL\u00c8CHE WALLONNE 2023 - Parcours et profil de la 87\u00e8me \u00e9dition de la Fl\u00e8che Wallonne, qui aura lieu le mercredi 19 avril.","robots":{"index":"index","follow":"follow","max-snippet":"max-snippet:-1","max-image-preview":"max-image-preview:large","max-video-preview":"max-video-preview:-1"},"canonical":"https:\/\/dicodusport.fr\/blog\/la-fleche-wallonne-2023-parcours-et-profil\/","og_locale":"fr_FR","og_type":"article","og_title":"La Fl\u00e8che Wallonne 2023 : Parcours et profil","og_description":"LA FL\u00c8CHE WALLONNE 2023 - Parcours et profil de la 87\u00e8me \u00e9dition de la Fl\u00e8che Wallonne, qui aura lieu le mercredi 19 avril.","og_url":"https:\/\/dicodusport.fr\/blog\/la-fleche-wallonne-2023-parcours-et-profil\/","og_site_name":"Dicodusport","article_publisher":"https:\/\/www.facebook.com\/dicodusport","article_author":"https:\/\/www.facebook.com\/groups\/LesRoisDuPeloton","article_published_time":"2023-04-18T15:35:44+00:00","article_modified_time":"2023-04-18T15:35:55+00:00","og_image":[{"width":800,"height":445,"url":"https:\/\/dicodusport.fr\/blog\/wp-content\/uploads\/2023\/04\/La-Fleche-Wallonne-2023-Parcours-et-profil.png","type":"image\/png"}],"author":"Emilien Descampiaux","twitter_card":"summary_large_image","twitter_title":"La Fl\u00e8che Wallonne 2023 : Parcours et profil","twitter_creator":"@https:\/\/twitter.com\/LRoisDuPeloton","twitter_site":"@dicodusport","schema":{"@context":"https:\/\/schema.org","@graph":[{"@type":"NewsArticle","@id":"https:\/\/dicodusport.fr\/blog\/la-fleche-wallonne-2023-parcours-et-profil\/#article","isPartOf":{"@id":"https:\/\/dicodusport.fr\/blog\/la-fleche-wallonne-2023-parcours-et-profil\/"},"author":{"name":"Emilien Descampiaux","@id":"https:\/\/dicodusport.fr\/blog\/#\/schema\/person\/6db4bae06b171592211be385b32876a7"},"headline":"La Fl\u00e8che Wallonne 2023 : Parcours et profil","datePublished":"2023-04-18T15:35:44+00:00","dateModified":"2023-04-18T15:35:55+00:00","mainEntityOfPage":{"@id":"https:\/\/dicodusport.fr\/blog\/la-fleche-wallonne-2023-parcours-et-profil\/"},"wordCount":683,"commentCount":0,"publisher":{"@id":"https:\/\/dicodusport.fr\/blog\/#organization"},"image":{"@id":"https:\/\/dicodusport.fr\/blog\/la-fleche-wallonne-2023-parcours-et-profil\/#primaryimage"},"thumbnailUrl":"https:\/\/dicodusport.fr\/blog\/wp-content\/uploads\/2023\/04\/La-Fleche-Wallonne-2023-Parcours-et-profil.png","keywords":["Actualit\u00e9 Cyclisme","br\u00e8ve"],"articleSection":["Cyclisme sur route"],"inLanguage":"fr-FR","potentialAction":[{"@type":"CommentAction","name":"Comment","target":["https:\/\/dicodusport.fr\/blog\/la-fleche-wallonne-2023-parcours-et-profil\/#respond"]}],"copyrightYear":"2023","copyrightHolder":{"@id":"https:\/\/dicodusport.fr\/blog\/#organization"}},{"@type":"WebPage","@id":"https:\/\/dicodusport.fr\/blog\/la-fleche-wallonne-2023-parcours-et-profil\/","url":"https:\/\/dicodusport.fr\/blog\/la-fleche-wallonne-2023-parcours-et-profil\/","name":"La Fl\u00e8che Wallonne 2023 : Parcours et profil","isPartOf":{"@id":"https:\/\/dicodusport.fr\/blog\/#website"},"primaryImageOfPage":{"@id":"https:\/\/dicodusport.fr\/blog\/la-fleche-wallonne-2023-parcours-et-profil\/#primaryimage"},"image":{"@id":"https:\/\/dicodusport.fr\/blog\/la-fleche-wallonne-2023-parcours-et-profil\/#primaryimage"},"thumbnailUrl":"https:\/\/dicodusport.fr\/blog\/wp-content\/uploads\/2023\/04\/La-Fleche-Wallonne-2023-Parcours-et-profil.png","datePublished":"2023-04-18T15:35:44+00:00","dateModified":"2023-04-18T15:35:55+00:00","description":"LA FL\u00c8CHE WALLONNE 2023 - Parcours et profil de la 87\u00e8me \u00e9dition de la Fl\u00e8che Wallonne, qui aura lieu le mercredi 19 avril.","breadcrumb":{"@id":"https:\/\/dicodusport.fr\/blog\/la-fleche-wallonne-2023-parcours-et-profil\/#breadcrumb"},"inLanguage":"fr-FR","potentialAction":[{"@type":"ReadAction","target":["https:\/\/dicodusport.fr\/blog\/la-fleche-wallonne-2023-parcours-et-profil\/"]}]},{"@type":"ImageObject","inLanguage":"fr-FR","@id":"https:\/\/dicodusport.fr\/blog\/la-fleche-wallonne-2023-parcours-et-profil\/#primaryimage","url":"https:\/\/dicodusport.fr\/blog\/wp-content\/uploads\/2023\/04\/La-Fleche-Wallonne-2023-Parcours-et-profil.png","contentUrl":"https:\/\/dicodusport.fr\/blog\/wp-content\/uploads\/2023\/04\/La-Fleche-Wallonne-2023-Parcours-et-profil.png","width":800,"height":445,"caption":"La Fl\u00e8che Wallonne 2023 Parcours et profil"},{"@type":"BreadcrumbList","@id":"https:\/\/dicodusport.fr\/blog\/la-fleche-wallonne-2023-parcours-et-profil\/#breadcrumb","itemListElement":[{"@type":"ListItem","position":1,"name":"Accueil","item":"https:\/\/dicodusport.fr\/blog\/"},{"@type":"ListItem","position":2,"name":"La Fl\u00e8che Wallonne 2023 : Parcours et profil"}]},{"@type":"WebSite","@id":"https:\/\/dicodusport.fr\/blog\/#website","url":"https:\/\/dicodusport.fr\/blog\/","name":"Dicodusport","description":"L&#039;encyclop\u00e9die de l&#039;actualit\u00e9 sportive","publisher":{"@id":"https:\/\/dicodusport.fr\/blog\/#organization"},"potentialAction":[{"@type":"SearchAction","target":{"@type":"EntryPoint","urlTemplate":"https:\/\/dicodusport.fr\/blog\/?s={search_term_string}"},"query-input":{"@type":"PropertyValueSpecification","valueRequired":true,"valueName":"search_term_string"}}],"inLanguage":"fr-FR"},{"@type":"NewsMediaOrganization","@id":"https:\/\/dicodusport.fr\/blog\/#organization","name":"Dicodusport","url":"https:\/\/dicodusport.fr\/blog\/","logo":{"@type":"ImageObject","inLanguage":"fr-FR","@id":"https:\/\/dicodusport.fr\/blog\/#\/schema\/logo\/image\/","url":"https:\/\/dicodusport.fr\/blog\/wp-content\/uploads\/2020\/06\/cropped-LOGO-DICODUSPORT-2020-SANS-FOND-SANS-TEXTE.png","contentUrl":"https:\/\/dicodusport.fr\/blog\/wp-content\/uploads\/2020\/06\/cropped-LOGO-DICODUSPORT-2020-SANS-FOND-SANS-TEXTE.png","width":512,"height":512,"caption":"Dicodusport"},"image":{"@id":"https:\/\/dicodusport.fr\/blog\/#\/schema\/logo\/image\/"},"sameAs":["https:\/\/www.facebook.com\/dicodusport","https:\/\/x.com\/dicodusport","https:\/\/www.instagram.com\/dicodusport\/","https:\/\/www.youtube.com\/channel\/UC7V2KZ5sd3htJivAbA4ZG3w"],"description":"Dicodusport est l'encyclop\u00e9die de l'actualit\u00e9 sportive.","email":"bonjour@dicodusport.fr","legalName":"DICODUSPORT","foundingDate":"2018-01-14","vatID":"FR71834470973","taxID":"83447097300043","numberOfEmployees":{"@type":"QuantitativeValue","minValue":"1","maxValue":"10"}},{"@type":"Person","@id":"https:\/\/dicodusport.fr\/blog\/#\/schema\/person\/6db4bae06b171592211be385b32876a7","name":"Emilien Descampiaux","image":{"@type":"ImageObject","inLanguage":"fr-FR","@id":"https:\/\/dicodusport.fr\/blog\/#\/schema\/person\/image\/","url":"https:\/\/dicodusport.fr\/blog\/wp-content\/uploads\/2021\/05\/Emilien-Descampiaux-150x150.jpg","contentUrl":"https:\/\/dicodusport.fr\/blog\/wp-content\/uploads\/2021\/05\/Emilien-Descampiaux-150x150.jpg","caption":"Emilien Descampiaux"},"description":"Journaliste\/r\u00e9dacteur depuis 2014 - Fan de la classe de Frank Vandenbroucke, je vis cyclisme (et de ses paysages) depuis plus de 20 ans. Je suis tr\u00e8s impliqu\u00e9 sur mes diff\u00e9rents r\u00e9seaux sociaux pour partager ma passion sur le monde et l'Histoire de la bicyclette avec ma voix sur les images en noir et blanc du succ\u00e8s de Rik Van Steenbergen lors du Ronde sur le V\u00e9lodrome de Gand.","sameAs":["https:\/\/www.facebook.com\/groups\/LesRoisDuPeloton","https:\/\/x.com\/https:\/\/twitter.com\/LRoisDuPeloton"],"url":"https:\/\/dicodusport.fr\/blog\/author\/emiliend\/"}]}},"_links":{"self":[{"href":"https:\/\/dicodusport.fr\/blog\/wp-json\/wp\/v2\/posts\/373915","targetHints":{"allow":["GET"]}}],"collection":[{"href":"https:\/\/dicodusport.fr\/blog\/wp-json\/wp\/v2\/posts"}],"about":[{"href":"https:\/\/dicodusport.fr\/blog\/wp-json\/wp\/v2\/types\/post"}],"author":[{"embeddable":true,"href":"https:\/\/dicodusport.fr\/blog\/wp-json\/wp\/v2\/users\/48"}],"replies":[{"embeddable":true,"href":"https:\/\/dicodusport.fr\/blog\/wp-json\/wp\/v2\/comments?post=373915"}],"version-history":[{"count":0,"href":"https:\/\/dicodusport.fr\/blog\/wp-json\/wp\/v2\/posts\/373915\/revisions"}],"wp:featuredmedia":[{"embeddable":true,"href":"https:\/\/dicodusport.fr\/blog\/wp-json\/wp\/v2\/media\/375030"}],"wp:attachment":[{"href":"https:\/\/dicodusport.fr\/blog\/wp-json\/wp\/v2\/media?parent=373915"}],"wp:term":[{"taxonomy":"category","embeddable":true,"href":"https:\/\/dicodusport.fr\/blog\/wp-json\/wp\/v2\/categories?post=373915"},{"taxonomy":"post_tag","embeddable":true,"href":"https:\/\/dicodusport.fr\/blog\/wp-json\/wp\/v2\/tags?post=373915"}],"curies":[{"name":"wp","href":"https:\/\/api.w.org\/{rel}","templated":true}]}}