{"id":374049,"date":"2023-04-16T09:57:10","date_gmt":"2023-04-16T07:57:10","guid":{"rendered":"https:\/\/dicodusport.fr\/blog\/?p=374049&#038;preview=true&#038;preview_id=374049"},"modified":"2023-04-16T09:57:31","modified_gmt":"2023-04-16T07:57:31","slug":"tour-du-doubs-2023-les-engages","status":"publish","type":"post","link":"https:\/\/dicodusport.fr\/blog\/tour-du-doubs-2023-les-engages\/","title":{"rendered":"Tour du Doubs 2023 : Les engag\u00e9s"},"content":{"rendered":"<p style=\"text-align: justify;\"><strong><em><a href=\"https:\/\/dicodusport.fr\/blog\/actualites\/cyclisme\/cyclisme-sur-route-2023\/\">CYCLISME SUR ROUTE 2023<\/a> \u2013 D\u00e9couvrez la liste des engag\u00e9s du Tour du Doubs 2023, la 37\u00e8me \u00e9dition de la course qui se d\u00e9roule ce dimanche 16 avril 2023.<\/em><\/strong><\/p>\n<p style=\"text-align: justify;\">Qui pour succ\u00e9der \u00e0 <strong>Valentin<\/strong> <strong>Madouas<\/strong> (Groupama &#8211; FDJ), <a href=\"https:\/\/dicodusport.fr\/blog\/classement-tour-du-doubs-2022\/\">vainqueur de l&rsquo;\u00e9dition 2022<\/a> ? La course avait eu lieu en septembre l&rsquo;ann\u00e9e derni\u00e8re, et avait donc b\u00e9n\u00e9fici\u00e9 un plateau un peu plus relev\u00e9, puisque des coureurs, comme le dernier vainqueur, pr\u00e9f\u00e8rent \u00eatre au d\u00e9part de l&rsquo;<strong>Amstel Gold Race.<\/strong> <strong>Thibaut<\/strong> <strong>Pinot<\/strong> et <strong>Lenny<\/strong> <strong>Martinez<\/strong> (Groupama &#8211; FDJ) seront les leaders de l&rsquo;\u00e9quipe fran\u00e7aise.<\/p>\n<p style=\"text-align: justify;\">\u00c0 noter qu&rsquo;il n&rsquo;y aura aucun ancien vainqueur du Tour du Doubs au d\u00e9part de cette \u00e9dition 2023. <strong>Dorian<\/strong> <strong>Godon<\/strong> (AG2R Citro\u00ebn), vainqueur en 2021, sera, lui aussi, sur les routes n\u00e9erlandaises dimanche. <strong>Guillaume<\/strong> <strong>Martin<\/strong> et <strong>Jesus Herrada<\/strong> (Cofidis) auront une belle carte \u00e0 jouer tout comme la nouvelle p\u00e9pite du cyclisme fran\u00e7ais, <strong>K\u00e9vin Vauquelin<\/strong> (Team Ark\u00e9a &#8211; Samsic)<\/p>\n<p style=\"text-align: justify;\"><strong>Nans<\/strong> <strong>Peters <\/strong>(AG2R Citro\u00ebn), <strong>\u00c9lie Gesbert\u00a0<\/strong>(Team Ark\u00e9a &#8211; Samsic), <strong>Cl\u00e9ment<\/strong> <strong>Alleno<\/strong> (Burgos &#8211; BH), <strong>Steff<\/strong> <strong>Cras<\/strong> (TotalEnergies) et <strong>Cl\u00e9ment<\/strong> <strong>Berthet<\/strong> (AG2R Citro\u00ebn) seront \u00e0 suivre sur un parcours qui sera tr\u00e8s s\u00e9lectif. Pas moins de cinq ascensions r\u00e9pertori\u00e9es seront propos\u00e9es sur le parcours, alors que l&rsquo;arriv\u00e9e sera jug\u00e9e en haut de la derni\u00e8re, une mont\u00e9e de 6,4 km \u00e0 5,4%.<\/p>\n<h2 style=\"text-align: justify;\">Les engag\u00e9s du Tour du Doubs 2023<\/h2>\n<p style=\"text-align: justify;\"><a href=\"https:\/\/dicodusport.fr\/blog\/wp-content\/uploads\/2023\/04\/Liste-definitive-des-engages-du-Tour-du-Doubs-2023.pdf\" class=\"pdfemb-viewer\" style=\"\" data-width=\"max\" data-height=\"max\"  data-toolbar=\"both\" data-toolbar-fixed=\"on\">Liste d\u00e9finitive des engag\u00e9s du Tour du Doubs 2023<br\/><\/a>\n<h2 style=\"text-align: justify;\">\u00c0 lire aussi<\/h2>\n<ul>\n<li style=\"text-align: justify;\"><strong><a href=\"https:\/\/dicodusport.fr\/blog\/tour-du-doubs-2023-parcours-profil-et-favoris\/\">Tour du Doubs 2023 : Parcours, profil et favoris<\/a>\u00a0<\/strong><\/li>\n<\/ul>\n","protected":false},"excerpt":{"rendered":"<p>CYCLISME SUR ROUTE 2023 \u2013 D\u00e9couvrez la liste des engag\u00e9s du Tour du Doubs 2023, la 37\u00e8me \u00e9dition de la course qui se d\u00e9roule ce dimanche 16 avril 2023.<\/p>\n","protected":false},"author":1,"featured_media":370675,"comment_status":"open","ping_status":"closed","sticky":false,"template":"","format":"standard","meta":{"_acf_changed":false,"_daextam_enable_autolinks":"","footnotes":""},"categories":[46994],"tags":[16878,574,19025],"class_list":["post-374049","post","type-post","status-publish","format-standard","has-post-thumbnail","hentry","category-cyclisme-sur-route","tag-breve","tag-cyclisme","tag-tour-du-doubs"],"acf":[],"yoast_head":"<!-- This site is optimized with the Yoast SEO Premium plugin v26.7 (Yoast SEO v26.7) - https:\/\/yoast.com\/wordpress\/plugins\/seo\/ -->\n<title>Tour du Doubs 2023 : Les engag\u00e9s<\/title>\n<meta name=\"description\" content=\"CYCLISME SUR ROUTE 2023 \u2013 D\u00e9couvrez la liste des engag\u00e9s du Tour du Doubs 2023, qui se d\u00e9roule ce dimanche 16 avril 2023.\" \/>\n<meta name=\"robots\" content=\"index, follow, max-snippet:-1, max-image-preview:large, max-video-preview:-1\" \/>\n<link rel=\"canonical\" href=\"https:\/\/dicodusport.fr\/blog\/tour-du-doubs-2023-les-engages\/\" \/>\n<meta property=\"og:locale\" content=\"fr_FR\" \/>\n<meta property=\"og:type\" content=\"article\" \/>\n<meta property=\"og:title\" content=\"Tour du Doubs 2023 : Les engag\u00e9s\" \/>\n<meta property=\"og:description\" content=\"CYCLISME SUR ROUTE 2023 \u2013 D\u00e9couvrez la liste des engag\u00e9s du Tour du Doubs 2023, qui se d\u00e9roule ce dimanche 16 avril 2023.\" \/>\n<meta property=\"og:url\" content=\"https:\/\/dicodusport.fr\/blog\/tour-du-doubs-2023-les-engages\/\" \/>\n<meta property=\"og:site_name\" content=\"Dicodusport\" \/>\n<meta property=\"article:publisher\" content=\"https:\/\/www.facebook.com\/dicodusport\" \/>\n<meta property=\"article:author\" content=\"https:\/\/www.facebook.com\/dicodusport\" \/>\n<meta property=\"article:published_time\" content=\"2023-04-16T07:57:10+00:00\" \/>\n<meta property=\"article:modified_time\" content=\"2023-04-16T07:57:31+00:00\" \/>\n<meta property=\"og:image\" content=\"https:\/\/dicodusport.fr\/blog\/wp-content\/uploads\/2023\/03\/Route-Adelie-de-Vitre-2023-Frederik-Dversnes-simpose-devant-Kevin-Vauquelin.png\" \/>\n\t<meta property=\"og:image:width\" content=\"800\" \/>\n\t<meta property=\"og:image:height\" content=\"445\" \/>\n\t<meta property=\"og:image:type\" content=\"image\/png\" \/>\n<meta name=\"author\" content=\"Nicolas Jacquemard\" \/>\n<meta name=\"twitter:card\" content=\"summary_large_image\" \/>\n<meta name=\"twitter:title\" content=\"Tour du Doubs 2023 : Les engag\u00e9s\" \/>\n<meta name=\"twitter:creator\" content=\"@https:\/\/twitter.com\/Nico_Jacquemard\" \/>\n<meta name=\"twitter:site\" content=\"@dicodusport\" \/>\n<script type=\"application\/ld+json\" class=\"yoast-schema-graph\">{\"@context\":\"https:\/\/schema.org\",\"@graph\":[{\"@type\":\"NewsArticle\",\"@id\":\"https:\/\/dicodusport.fr\/blog\/tour-du-doubs-2023-les-engages\/#article\",\"isPartOf\":{\"@id\":\"https:\/\/dicodusport.fr\/blog\/tour-du-doubs-2023-les-engages\/\"},\"author\":{\"name\":\"Nicolas Jacquemard\",\"@id\":\"https:\/\/dicodusport.fr\/blog\/#\/schema\/person\/55dcb50ad410894e431ed812bbb70191\"},\"headline\":\"Tour du Doubs 2023 : Les engag\u00e9s\",\"datePublished\":\"2023-04-16T07:57:10+00:00\",\"dateModified\":\"2023-04-16T07:57:31+00:00\",\"mainEntityOfPage\":{\"@id\":\"https:\/\/dicodusport.fr\/blog\/tour-du-doubs-2023-les-engages\/\"},\"wordCount\":281,\"commentCount\":0,\"publisher\":{\"@id\":\"https:\/\/dicodusport.fr\/blog\/#organization\"},\"image\":{\"@id\":\"https:\/\/dicodusport.fr\/blog\/tour-du-doubs-2023-les-engages\/#primaryimage\"},\"thumbnailUrl\":\"https:\/\/dicodusport.fr\/blog\/wp-content\/uploads\/2023\/03\/Route-Adelie-de-Vitre-2023-Frederik-Dversnes-simpose-devant-Kevin-Vauquelin.png\",\"keywords\":[\"br\u00e8ve\",\"Cyclisme\",\"Tour du Doubs\"],\"articleSection\":[\"Cyclisme sur route\"],\"inLanguage\":\"fr-FR\",\"potentialAction\":[{\"@type\":\"CommentAction\",\"name\":\"Comment\",\"target\":[\"https:\/\/dicodusport.fr\/blog\/tour-du-doubs-2023-les-engages\/#respond\"]}],\"copyrightYear\":\"2023\",\"copyrightHolder\":{\"@id\":\"https:\/\/dicodusport.fr\/blog\/#organization\"}},{\"@type\":\"WebPage\",\"@id\":\"https:\/\/dicodusport.fr\/blog\/tour-du-doubs-2023-les-engages\/\",\"url\":\"https:\/\/dicodusport.fr\/blog\/tour-du-doubs-2023-les-engages\/\",\"name\":\"Tour du Doubs 2023 : Les engag\u00e9s\",\"isPartOf\":{\"@id\":\"https:\/\/dicodusport.fr\/blog\/#website\"},\"primaryImageOfPage\":{\"@id\":\"https:\/\/dicodusport.fr\/blog\/tour-du-doubs-2023-les-engages\/#primaryimage\"},\"image\":{\"@id\":\"https:\/\/dicodusport.fr\/blog\/tour-du-doubs-2023-les-engages\/#primaryimage\"},\"thumbnailUrl\":\"https:\/\/dicodusport.fr\/blog\/wp-content\/uploads\/2023\/03\/Route-Adelie-de-Vitre-2023-Frederik-Dversnes-simpose-devant-Kevin-Vauquelin.png\",\"datePublished\":\"2023-04-16T07:57:10+00:00\",\"dateModified\":\"2023-04-16T07:57:31+00:00\",\"description\":\"CYCLISME SUR ROUTE 2023 \u2013 D\u00e9couvrez la liste des engag\u00e9s du Tour du Doubs 2023, qui se d\u00e9roule ce dimanche 16 avril 2023.\",\"breadcrumb\":{\"@id\":\"https:\/\/dicodusport.fr\/blog\/tour-du-doubs-2023-les-engages\/#breadcrumb\"},\"inLanguage\":\"fr-FR\",\"potentialAction\":[{\"@type\":\"ReadAction\",\"target\":[\"https:\/\/dicodusport.fr\/blog\/tour-du-doubs-2023-les-engages\/\"]}]},{\"@type\":\"ImageObject\",\"inLanguage\":\"fr-FR\",\"@id\":\"https:\/\/dicodusport.fr\/blog\/tour-du-doubs-2023-les-engages\/#primaryimage\",\"url\":\"https:\/\/dicodusport.fr\/blog\/wp-content\/uploads\/2023\/03\/Route-Adelie-de-Vitre-2023-Frederik-Dversnes-simpose-devant-Kevin-Vauquelin.png\",\"contentUrl\":\"https:\/\/dicodusport.fr\/blog\/wp-content\/uploads\/2023\/03\/Route-Adelie-de-Vitre-2023-Frederik-Dversnes-simpose-devant-Kevin-Vauquelin.png\",\"width\":800,\"height\":445,\"caption\":\"Route Ad\u00e9lie de Vitr\u00e9 2023 Frederik Dversnes s'impose devant K\u00e9vin Vauquelin\"},{\"@type\":\"BreadcrumbList\",\"@id\":\"https:\/\/dicodusport.fr\/blog\/tour-du-doubs-2023-les-engages\/#breadcrumb\",\"itemListElement\":[{\"@type\":\"ListItem\",\"position\":1,\"name\":\"Accueil\",\"item\":\"https:\/\/dicodusport.fr\/blog\/\"},{\"@type\":\"ListItem\",\"position\":2,\"name\":\"Tour du Doubs 2023 : Les engag\u00e9s\"}]},{\"@type\":\"WebSite\",\"@id\":\"https:\/\/dicodusport.fr\/blog\/#website\",\"url\":\"https:\/\/dicodusport.fr\/blog\/\",\"name\":\"Dicodusport\",\"description\":\"L&#039;encyclop\u00e9die de l&#039;actualit\u00e9 sportive\",\"publisher\":{\"@id\":\"https:\/\/dicodusport.fr\/blog\/#organization\"},\"potentialAction\":[{\"@type\":\"SearchAction\",\"target\":{\"@type\":\"EntryPoint\",\"urlTemplate\":\"https:\/\/dicodusport.fr\/blog\/?s={search_term_string}\"},\"query-input\":{\"@type\":\"PropertyValueSpecification\",\"valueRequired\":true,\"valueName\":\"search_term_string\"}}],\"inLanguage\":\"fr-FR\"},{\"@type\":\"NewsMediaOrganization\",\"@id\":\"https:\/\/dicodusport.fr\/blog\/#organization\",\"name\":\"Dicodusport\",\"url\":\"https:\/\/dicodusport.fr\/blog\/\",\"logo\":{\"@type\":\"ImageObject\",\"inLanguage\":\"fr-FR\",\"@id\":\"https:\/\/dicodusport.fr\/blog\/#\/schema\/logo\/image\/\",\"url\":\"https:\/\/dicodusport.fr\/blog\/wp-content\/uploads\/2020\/06\/cropped-LOGO-DICODUSPORT-2020-SANS-FOND-SANS-TEXTE.png\",\"contentUrl\":\"https:\/\/dicodusport.fr\/blog\/wp-content\/uploads\/2020\/06\/cropped-LOGO-DICODUSPORT-2020-SANS-FOND-SANS-TEXTE.png\",\"width\":512,\"height\":512,\"caption\":\"Dicodusport\"},\"image\":{\"@id\":\"https:\/\/dicodusport.fr\/blog\/#\/schema\/logo\/image\/\"},\"sameAs\":[\"https:\/\/www.facebook.com\/dicodusport\",\"https:\/\/x.com\/dicodusport\",\"https:\/\/www.instagram.com\/dicodusport\/\",\"https:\/\/www.youtube.com\/channel\/UC7V2KZ5sd3htJivAbA4ZG3w\"],\"description\":\"Dicodusport est l'encyclop\u00e9die de l'actualit\u00e9 sportive.\",\"email\":\"bonjour@dicodusport.fr\",\"legalName\":\"DICODUSPORT\",\"foundingDate\":\"2018-01-14\",\"vatID\":\"FR71834470973\",\"taxID\":\"83447097300043\",\"numberOfEmployees\":{\"@type\":\"QuantitativeValue\",\"minValue\":\"1\",\"maxValue\":\"10\"}},{\"@type\":\"Person\",\"@id\":\"https:\/\/dicodusport.fr\/blog\/#\/schema\/person\/55dcb50ad410894e431ed812bbb70191\",\"name\":\"Nicolas Jacquemard\",\"image\":{\"@type\":\"ImageObject\",\"inLanguage\":\"fr-FR\",\"@id\":\"https:\/\/dicodusport.fr\/blog\/#\/schema\/person\/image\/\",\"url\":\"https:\/\/dicodusport.fr\/blog\/wp-content\/uploads\/2021\/05\/Nicolas-Jacquemard-150x150.jpeg\",\"contentUrl\":\"https:\/\/dicodusport.fr\/blog\/wp-content\/uploads\/2021\/05\/Nicolas-Jacquemard-150x150.jpeg\",\"caption\":\"Nicolas Jacquemard\"},\"description\":\"Passionn\u00e9 de sport et entrepreneur depuis mes 18 ans, la cr\u00e9ation de Dicodusport m'a sembl\u00e9 \u00e9vidente pour participer \u00e0 la m\u00e9diatisation d'un plus grand nombre de sports. Le chemin est long mais avec une \u00e9quipe des plus motiv\u00e9es et les Jeux Olympiques de Paris 2024 en point de mire, nous y arriverons ! Journaliste dans le monde du sport depuis plus de 5 ans, je traite aussi bien de football, de rugby, de biathlon que de cyclisme.\",\"sameAs\":[\"https:\/\/www.facebook.com\/dicodusport\",\"https:\/\/x.com\/https:\/\/twitter.com\/Nico_Jacquemard\"],\"url\":\"https:\/\/dicodusport.fr\/blog\/author\/dicodusport\/\"}]}<\/script>\n<!-- \/ Yoast SEO Premium plugin. -->","yoast_head_json":{"title":"Tour du Doubs 2023 : Les engag\u00e9s","description":"CYCLISME SUR ROUTE 2023 \u2013 D\u00e9couvrez la liste des engag\u00e9s du Tour du Doubs 2023, qui se d\u00e9roule ce dimanche 16 avril 2023.","robots":{"index":"index","follow":"follow","max-snippet":"max-snippet:-1","max-image-preview":"max-image-preview:large","max-video-preview":"max-video-preview:-1"},"canonical":"https:\/\/dicodusport.fr\/blog\/tour-du-doubs-2023-les-engages\/","og_locale":"fr_FR","og_type":"article","og_title":"Tour du Doubs 2023 : Les engag\u00e9s","og_description":"CYCLISME SUR ROUTE 2023 \u2013 D\u00e9couvrez la liste des engag\u00e9s du Tour du Doubs 2023, qui se d\u00e9roule ce dimanche 16 avril 2023.","og_url":"https:\/\/dicodusport.fr\/blog\/tour-du-doubs-2023-les-engages\/","og_site_name":"Dicodusport","article_publisher":"https:\/\/www.facebook.com\/dicodusport","article_author":"https:\/\/www.facebook.com\/dicodusport","article_published_time":"2023-04-16T07:57:10+00:00","article_modified_time":"2023-04-16T07:57:31+00:00","og_image":[{"width":800,"height":445,"url":"https:\/\/dicodusport.fr\/blog\/wp-content\/uploads\/2023\/03\/Route-Adelie-de-Vitre-2023-Frederik-Dversnes-simpose-devant-Kevin-Vauquelin.png","type":"image\/png"}],"author":"Nicolas Jacquemard","twitter_card":"summary_large_image","twitter_title":"Tour du Doubs 2023 : Les engag\u00e9s","twitter_creator":"@https:\/\/twitter.com\/Nico_Jacquemard","twitter_site":"@dicodusport","schema":{"@context":"https:\/\/schema.org","@graph":[{"@type":"NewsArticle","@id":"https:\/\/dicodusport.fr\/blog\/tour-du-doubs-2023-les-engages\/#article","isPartOf":{"@id":"https:\/\/dicodusport.fr\/blog\/tour-du-doubs-2023-les-engages\/"},"author":{"name":"Nicolas Jacquemard","@id":"https:\/\/dicodusport.fr\/blog\/#\/schema\/person\/55dcb50ad410894e431ed812bbb70191"},"headline":"Tour du Doubs 2023 : Les engag\u00e9s","datePublished":"2023-04-16T07:57:10+00:00","dateModified":"2023-04-16T07:57:31+00:00","mainEntityOfPage":{"@id":"https:\/\/dicodusport.fr\/blog\/tour-du-doubs-2023-les-engages\/"},"wordCount":281,"commentCount":0,"publisher":{"@id":"https:\/\/dicodusport.fr\/blog\/#organization"},"image":{"@id":"https:\/\/dicodusport.fr\/blog\/tour-du-doubs-2023-les-engages\/#primaryimage"},"thumbnailUrl":"https:\/\/dicodusport.fr\/blog\/wp-content\/uploads\/2023\/03\/Route-Adelie-de-Vitre-2023-Frederik-Dversnes-simpose-devant-Kevin-Vauquelin.png","keywords":["br\u00e8ve","Cyclisme","Tour du Doubs"],"articleSection":["Cyclisme sur route"],"inLanguage":"fr-FR","potentialAction":[{"@type":"CommentAction","name":"Comment","target":["https:\/\/dicodusport.fr\/blog\/tour-du-doubs-2023-les-engages\/#respond"]}],"copyrightYear":"2023","copyrightHolder":{"@id":"https:\/\/dicodusport.fr\/blog\/#organization"}},{"@type":"WebPage","@id":"https:\/\/dicodusport.fr\/blog\/tour-du-doubs-2023-les-engages\/","url":"https:\/\/dicodusport.fr\/blog\/tour-du-doubs-2023-les-engages\/","name":"Tour du Doubs 2023 : Les engag\u00e9s","isPartOf":{"@id":"https:\/\/dicodusport.fr\/blog\/#website"},"primaryImageOfPage":{"@id":"https:\/\/dicodusport.fr\/blog\/tour-du-doubs-2023-les-engages\/#primaryimage"},"image":{"@id":"https:\/\/dicodusport.fr\/blog\/tour-du-doubs-2023-les-engages\/#primaryimage"},"thumbnailUrl":"https:\/\/dicodusport.fr\/blog\/wp-content\/uploads\/2023\/03\/Route-Adelie-de-Vitre-2023-Frederik-Dversnes-simpose-devant-Kevin-Vauquelin.png","datePublished":"2023-04-16T07:57:10+00:00","dateModified":"2023-04-16T07:57:31+00:00","description":"CYCLISME SUR ROUTE 2023 \u2013 D\u00e9couvrez la liste des engag\u00e9s du Tour du Doubs 2023, qui se d\u00e9roule ce dimanche 16 avril 2023.","breadcrumb":{"@id":"https:\/\/dicodusport.fr\/blog\/tour-du-doubs-2023-les-engages\/#breadcrumb"},"inLanguage":"fr-FR","potentialAction":[{"@type":"ReadAction","target":["https:\/\/dicodusport.fr\/blog\/tour-du-doubs-2023-les-engages\/"]}]},{"@type":"ImageObject","inLanguage":"fr-FR","@id":"https:\/\/dicodusport.fr\/blog\/tour-du-doubs-2023-les-engages\/#primaryimage","url":"https:\/\/dicodusport.fr\/blog\/wp-content\/uploads\/2023\/03\/Route-Adelie-de-Vitre-2023-Frederik-Dversnes-simpose-devant-Kevin-Vauquelin.png","contentUrl":"https:\/\/dicodusport.fr\/blog\/wp-content\/uploads\/2023\/03\/Route-Adelie-de-Vitre-2023-Frederik-Dversnes-simpose-devant-Kevin-Vauquelin.png","width":800,"height":445,"caption":"Route Ad\u00e9lie de Vitr\u00e9 2023 Frederik Dversnes s'impose devant K\u00e9vin Vauquelin"},{"@type":"BreadcrumbList","@id":"https:\/\/dicodusport.fr\/blog\/tour-du-doubs-2023-les-engages\/#breadcrumb","itemListElement":[{"@type":"ListItem","position":1,"name":"Accueil","item":"https:\/\/dicodusport.fr\/blog\/"},{"@type":"ListItem","position":2,"name":"Tour du Doubs 2023 : Les engag\u00e9s"}]},{"@type":"WebSite","@id":"https:\/\/dicodusport.fr\/blog\/#website","url":"https:\/\/dicodusport.fr\/blog\/","name":"Dicodusport","description":"L&#039;encyclop\u00e9die de l&#039;actualit\u00e9 sportive","publisher":{"@id":"https:\/\/dicodusport.fr\/blog\/#organization"},"potentialAction":[{"@type":"SearchAction","target":{"@type":"EntryPoint","urlTemplate":"https:\/\/dicodusport.fr\/blog\/?s={search_term_string}"},"query-input":{"@type":"PropertyValueSpecification","valueRequired":true,"valueName":"search_term_string"}}],"inLanguage":"fr-FR"},{"@type":"NewsMediaOrganization","@id":"https:\/\/dicodusport.fr\/blog\/#organization","name":"Dicodusport","url":"https:\/\/dicodusport.fr\/blog\/","logo":{"@type":"ImageObject","inLanguage":"fr-FR","@id":"https:\/\/dicodusport.fr\/blog\/#\/schema\/logo\/image\/","url":"https:\/\/dicodusport.fr\/blog\/wp-content\/uploads\/2020\/06\/cropped-LOGO-DICODUSPORT-2020-SANS-FOND-SANS-TEXTE.png","contentUrl":"https:\/\/dicodusport.fr\/blog\/wp-content\/uploads\/2020\/06\/cropped-LOGO-DICODUSPORT-2020-SANS-FOND-SANS-TEXTE.png","width":512,"height":512,"caption":"Dicodusport"},"image":{"@id":"https:\/\/dicodusport.fr\/blog\/#\/schema\/logo\/image\/"},"sameAs":["https:\/\/www.facebook.com\/dicodusport","https:\/\/x.com\/dicodusport","https:\/\/www.instagram.com\/dicodusport\/","https:\/\/www.youtube.com\/channel\/UC7V2KZ5sd3htJivAbA4ZG3w"],"description":"Dicodusport est l'encyclop\u00e9die de l'actualit\u00e9 sportive.","email":"bonjour@dicodusport.fr","legalName":"DICODUSPORT","foundingDate":"2018-01-14","vatID":"FR71834470973","taxID":"83447097300043","numberOfEmployees":{"@type":"QuantitativeValue","minValue":"1","maxValue":"10"}},{"@type":"Person","@id":"https:\/\/dicodusport.fr\/blog\/#\/schema\/person\/55dcb50ad410894e431ed812bbb70191","name":"Nicolas Jacquemard","image":{"@type":"ImageObject","inLanguage":"fr-FR","@id":"https:\/\/dicodusport.fr\/blog\/#\/schema\/person\/image\/","url":"https:\/\/dicodusport.fr\/blog\/wp-content\/uploads\/2021\/05\/Nicolas-Jacquemard-150x150.jpeg","contentUrl":"https:\/\/dicodusport.fr\/blog\/wp-content\/uploads\/2021\/05\/Nicolas-Jacquemard-150x150.jpeg","caption":"Nicolas Jacquemard"},"description":"Passionn\u00e9 de sport et entrepreneur depuis mes 18 ans, la cr\u00e9ation de Dicodusport m'a sembl\u00e9 \u00e9vidente pour participer \u00e0 la m\u00e9diatisation d'un plus grand nombre de sports. Le chemin est long mais avec une \u00e9quipe des plus motiv\u00e9es et les Jeux Olympiques de Paris 2024 en point de mire, nous y arriverons ! Journaliste dans le monde du sport depuis plus de 5 ans, je traite aussi bien de football, de rugby, de biathlon que de cyclisme.","sameAs":["https:\/\/www.facebook.com\/dicodusport","https:\/\/x.com\/https:\/\/twitter.com\/Nico_Jacquemard"],"url":"https:\/\/dicodusport.fr\/blog\/author\/dicodusport\/"}]}},"_links":{"self":[{"href":"https:\/\/dicodusport.fr\/blog\/wp-json\/wp\/v2\/posts\/374049","targetHints":{"allow":["GET"]}}],"collection":[{"href":"https:\/\/dicodusport.fr\/blog\/wp-json\/wp\/v2\/posts"}],"about":[{"href":"https:\/\/dicodusport.fr\/blog\/wp-json\/wp\/v2\/types\/post"}],"author":[{"embeddable":true,"href":"https:\/\/dicodusport.fr\/blog\/wp-json\/wp\/v2\/users\/1"}],"replies":[{"embeddable":true,"href":"https:\/\/dicodusport.fr\/blog\/wp-json\/wp\/v2\/comments?post=374049"}],"version-history":[{"count":0,"href":"https:\/\/dicodusport.fr\/blog\/wp-json\/wp\/v2\/posts\/374049\/revisions"}],"wp:featuredmedia":[{"embeddable":true,"href":"https:\/\/dicodusport.fr\/blog\/wp-json\/wp\/v2\/media\/370675"}],"wp:attachment":[{"href":"https:\/\/dicodusport.fr\/blog\/wp-json\/wp\/v2\/media?parent=374049"}],"wp:term":[{"taxonomy":"category","embeddable":true,"href":"https:\/\/dicodusport.fr\/blog\/wp-json\/wp\/v2\/categories?post=374049"},{"taxonomy":"post_tag","embeddable":true,"href":"https:\/\/dicodusport.fr\/blog\/wp-json\/wp\/v2\/tags?post=374049"}],"curies":[{"name":"wp","href":"https:\/\/api.w.org\/{rel}","templated":true}]}}