{"id":37413,"date":"2019-04-18T18:59:39","date_gmt":"2019-04-18T16:59:39","guid":{"rendered":"http:\/\/dicodusport.fr\/blog\/?p=37413"},"modified":"2019-04-19T08:10:44","modified_gmt":"2019-04-19T06:10:44","slug":"masters-de-monte-carlo-pierre-hugues-herbert-sorti-par-borna-coric","status":"publish","type":"post","link":"https:\/\/dicodusport.fr\/blog\/masters-de-monte-carlo-pierre-hugues-herbert-sorti-par-borna-coric\/","title":{"rendered":"Masters de Monte-Carlo : Pierre-Hugues Herbert sorti par Borna Coric"},"content":{"rendered":"<p style=\"text-align: justify;\"><em><strong>Oppos\u00e9 au Croate Borna Coric, le Fran\u00e7ais Pierre-Hugues Herbert, 49\u00e8me \u00e0 l&rsquo;ATP, a chut\u00e9 lors des huiti\u00e8mes de finale du <a href=\"http:\/\/montecarlotennismasters.com\/\" target=\"_blank\" rel=\"noopener\">Masters de Monte-Carlo<\/a>, s&rsquo;inclinant en deux sets (6-4, 6-2)<\/strong><\/em><\/p>\n<p style=\"text-align: justify;\">Tombeur de Fernando Verdasco puis de Kei Nishikori, Pierre-Hugues Herbert a vu son parcours stopp\u00e9 \u00e0 Monte-Carlo, apr\u00e8s sa d\u00e9faite face \u00e0 Borna Coric, t\u00eate de s\u00e9rie num\u00e9ro 9 du tournoi mon\u00e9gasque. L&rsquo;Alsacien, en difficult\u00e9 sur son service (45% au premier service), a tenu la drag\u00e9e haute au Croate lors de la premi\u00e8re manche, avant de craquer dans la deuxi\u00e8me. En quart de finale, Borna Coric affrontera l&rsquo;Italien Fabio Fognini, vainqueur de Alexander Zverev en huiti\u00e8mes de finale.<\/p>\n<p><strong><em>Flo Ostermann<br \/>\n<a href=\"https:\/\/www.facebook.com\/florent.ostermann\"><img loading=\"lazy\" decoding=\"async\" class=\"alignnone wp-image-2909\" src=\"http:\/\/dicodusport.fr\/blog\/wp-content\/uploads\/2017\/07\/logo-facebook-150x150.png\" sizes=\"auto, (max-width: 40px) 100vw, 40px\" srcset=\"https:\/\/dicodusport.fr\/blog\/wp-content\/uploads\/2017\/07\/logo-facebook-150x150.png 150w, https:\/\/dicodusport.fr\/blog\/wp-content\/uploads\/2017\/07\/logo-facebook-300x300.png 300w, https:\/\/dicodusport.fr\/blog\/wp-content\/uploads\/2017\/07\/logo-facebook.png 400w\" alt=\"\" width=\"40\" height=\"40\" \/><\/a><a href=\"https:\/\/twitter.com\/SportInsideMag\"><img loading=\"lazy\" decoding=\"async\" class=\"alignnone wp-image-2908\" src=\"http:\/\/dicodusport.fr\/blog\/wp-content\/uploads\/2017\/07\/logo-twitter-150x150.png\" alt=\"\" width=\"39\" height=\"39\" \/><\/a><\/em><\/strong><\/p>\n","protected":false},"excerpt":{"rendered":"<p>Oppos\u00e9 au Croate Borna Coric, le Fran\u00e7ais Pierre-Hugues Herbert, 49\u00e8me \u00e0 l&rsquo;ATP, a chut\u00e9 lors des huiti\u00e8mes de finale du Masters de Monte-Carlo.<\/p>\n","protected":false},"author":4,"featured_media":37414,"comment_status":"open","ping_status":"closed","sticky":false,"template":"","format":"standard","meta":{"_acf_changed":false,"_daextam_enable_autolinks":"","footnotes":""},"categories":[2,2365,2302],"tags":[156,7675,4632,4200],"class_list":["post-37413","post","type-post","status-publish","format-standard","has-post-thumbnail","hentry","category-actualites","category-sports-de-raquette","category-tennis","tag-atp","tag-masters-monte-carlo","tag-monte-carlo","tag-pierre-hugues-herbert"],"acf":[],"yoast_head":"<!-- This site is optimized with the Yoast SEO Premium plugin v26.7 (Yoast SEO v26.7) - https:\/\/yoast.com\/wordpress\/plugins\/seo\/ -->\n<title>Masters de Monte-Carlo : Pierre-Hugues Herbert sorti par Borna Coric<\/title>\n<meta name=\"description\" content=\"Oppos\u00e9 au Croate Borna Coric, le Fran\u00e7ais Pierre-Hugues Herbert, 49\u00e8me \u00e0 l&#039;ATP, a chut\u00e9 lors des huiti\u00e8mes de finale du Masters de Monte-Carlo.\" \/>\n<meta name=\"robots\" content=\"index, follow, max-snippet:-1, max-image-preview:large, max-video-preview:-1\" \/>\n<link rel=\"canonical\" href=\"https:\/\/dicodusport.fr\/blog\/masters-de-monte-carlo-pierre-hugues-herbert-sorti-par-borna-coric\/\" \/>\n<meta property=\"og:locale\" content=\"fr_FR\" \/>\n<meta property=\"og:type\" content=\"article\" \/>\n<meta property=\"og:title\" content=\"Masters de Monte-Carlo : Pierre-Hugues Herbert sorti par Borna Coric\" \/>\n<meta property=\"og:description\" content=\"Oppos\u00e9 au Croate Borna Coric, le Fran\u00e7ais Pierre-Hugues Herbert, 49\u00e8me \u00e0 l&#039;ATP, a chut\u00e9 lors des huiti\u00e8mes de finale du Masters de Monte-Carlo.\" \/>\n<meta property=\"og:url\" content=\"https:\/\/dicodusport.fr\/blog\/masters-de-monte-carlo-pierre-hugues-herbert-sorti-par-borna-coric\/\" \/>\n<meta property=\"og:site_name\" content=\"Dicodusport\" \/>\n<meta property=\"article:publisher\" content=\"https:\/\/www.facebook.com\/dicodusport\" \/>\n<meta property=\"article:author\" content=\"https:\/\/www.facebook.com\/florent.ostermann\" \/>\n<meta property=\"article:published_time\" content=\"2019-04-18T16:59:39+00:00\" \/>\n<meta property=\"article:modified_time\" content=\"2019-04-19T06:10:44+00:00\" \/>\n<meta property=\"og:image\" content=\"https:\/\/dicodusport.fr\/blog\/wp-content\/uploads\/2019\/04\/Pierre-Hugues-Herbert-Monte-Carlo.png\" \/>\n\t<meta property=\"og:image:width\" content=\"800\" \/>\n\t<meta property=\"og:image:height\" content=\"445\" \/>\n\t<meta property=\"og:image:type\" content=\"image\/png\" \/>\n<meta name=\"author\" content=\"Flo Ostermann\" \/>\n<meta name=\"twitter:card\" content=\"summary_large_image\" \/>\n<meta name=\"twitter:creator\" content=\"@https:\/\/twitter.com\/FlOstermann\" \/>\n<meta name=\"twitter:site\" content=\"@dicodusport\" \/>\n<script type=\"application\/ld+json\" class=\"yoast-schema-graph\">{\"@context\":\"https:\/\/schema.org\",\"@graph\":[{\"@type\":\"NewsArticle\",\"@id\":\"https:\/\/dicodusport.fr\/blog\/masters-de-monte-carlo-pierre-hugues-herbert-sorti-par-borna-coric\/#article\",\"isPartOf\":{\"@id\":\"https:\/\/dicodusport.fr\/blog\/masters-de-monte-carlo-pierre-hugues-herbert-sorti-par-borna-coric\/\"},\"author\":{\"name\":\"Flo Ostermann\",\"@id\":\"https:\/\/dicodusport.fr\/blog\/#\/schema\/person\/cb02af4c173ce4a653b55e9baf388d4a\"},\"headline\":\"Masters de Monte-Carlo : Pierre-Hugues Herbert sorti par Borna Coric\",\"datePublished\":\"2019-04-18T16:59:39+00:00\",\"dateModified\":\"2019-04-19T06:10:44+00:00\",\"mainEntityOfPage\":{\"@id\":\"https:\/\/dicodusport.fr\/blog\/masters-de-monte-carlo-pierre-hugues-herbert-sorti-par-borna-coric\/\"},\"wordCount\":129,\"commentCount\":0,\"publisher\":{\"@id\":\"https:\/\/dicodusport.fr\/blog\/#organization\"},\"image\":{\"@id\":\"https:\/\/dicodusport.fr\/blog\/masters-de-monte-carlo-pierre-hugues-herbert-sorti-par-borna-coric\/#primaryimage\"},\"thumbnailUrl\":\"https:\/\/dicodusport.fr\/blog\/wp-content\/uploads\/2019\/04\/Pierre-Hugues-Herbert-Monte-Carlo.png\",\"keywords\":[\"ATP\",\"Masters Monte-Carlo\",\"Monte Carlo\",\"Pierre-Hugues Herbert\"],\"articleSection\":[\"Actualit\u00e9s\",\"Sports de raquette\",\"Tennis\"],\"inLanguage\":\"fr-FR\",\"potentialAction\":[{\"@type\":\"CommentAction\",\"name\":\"Comment\",\"target\":[\"https:\/\/dicodusport.fr\/blog\/masters-de-monte-carlo-pierre-hugues-herbert-sorti-par-borna-coric\/#respond\"]}],\"copyrightYear\":\"2019\",\"copyrightHolder\":{\"@id\":\"https:\/\/dicodusport.fr\/blog\/#organization\"}},{\"@type\":\"WebPage\",\"@id\":\"https:\/\/dicodusport.fr\/blog\/masters-de-monte-carlo-pierre-hugues-herbert-sorti-par-borna-coric\/\",\"url\":\"https:\/\/dicodusport.fr\/blog\/masters-de-monte-carlo-pierre-hugues-herbert-sorti-par-borna-coric\/\",\"name\":\"Masters de Monte-Carlo : Pierre-Hugues Herbert sorti par Borna Coric\",\"isPartOf\":{\"@id\":\"https:\/\/dicodusport.fr\/blog\/#website\"},\"primaryImageOfPage\":{\"@id\":\"https:\/\/dicodusport.fr\/blog\/masters-de-monte-carlo-pierre-hugues-herbert-sorti-par-borna-coric\/#primaryimage\"},\"image\":{\"@id\":\"https:\/\/dicodusport.fr\/blog\/masters-de-monte-carlo-pierre-hugues-herbert-sorti-par-borna-coric\/#primaryimage\"},\"thumbnailUrl\":\"https:\/\/dicodusport.fr\/blog\/wp-content\/uploads\/2019\/04\/Pierre-Hugues-Herbert-Monte-Carlo.png\",\"datePublished\":\"2019-04-18T16:59:39+00:00\",\"dateModified\":\"2019-04-19T06:10:44+00:00\",\"description\":\"Oppos\u00e9 au Croate Borna Coric, le Fran\u00e7ais Pierre-Hugues Herbert, 49\u00e8me \u00e0 l'ATP, a chut\u00e9 lors des huiti\u00e8mes de finale du Masters de Monte-Carlo.\",\"breadcrumb\":{\"@id\":\"https:\/\/dicodusport.fr\/blog\/masters-de-monte-carlo-pierre-hugues-herbert-sorti-par-borna-coric\/#breadcrumb\"},\"inLanguage\":\"fr-FR\",\"potentialAction\":[{\"@type\":\"ReadAction\",\"target\":[\"https:\/\/dicodusport.fr\/blog\/masters-de-monte-carlo-pierre-hugues-herbert-sorti-par-borna-coric\/\"]}]},{\"@type\":\"ImageObject\",\"inLanguage\":\"fr-FR\",\"@id\":\"https:\/\/dicodusport.fr\/blog\/masters-de-monte-carlo-pierre-hugues-herbert-sorti-par-borna-coric\/#primaryimage\",\"url\":\"https:\/\/dicodusport.fr\/blog\/wp-content\/uploads\/2019\/04\/Pierre-Hugues-Herbert-Monte-Carlo.png\",\"contentUrl\":\"https:\/\/dicodusport.fr\/blog\/wp-content\/uploads\/2019\/04\/Pierre-Hugues-Herbert-Monte-Carlo.png\",\"width\":800,\"height\":445},{\"@type\":\"BreadcrumbList\",\"@id\":\"https:\/\/dicodusport.fr\/blog\/masters-de-monte-carlo-pierre-hugues-herbert-sorti-par-borna-coric\/#breadcrumb\",\"itemListElement\":[{\"@type\":\"ListItem\",\"position\":1,\"name\":\"Accueil\",\"item\":\"https:\/\/dicodusport.fr\/blog\/\"},{\"@type\":\"ListItem\",\"position\":2,\"name\":\"Masters de Monte-Carlo : Pierre-Hugues Herbert sorti par Borna Coric\"}]},{\"@type\":\"WebSite\",\"@id\":\"https:\/\/dicodusport.fr\/blog\/#website\",\"url\":\"https:\/\/dicodusport.fr\/blog\/\",\"name\":\"Dicodusport\",\"description\":\"L&#039;encyclop\u00e9die de l&#039;actualit\u00e9 sportive\",\"publisher\":{\"@id\":\"https:\/\/dicodusport.fr\/blog\/#organization\"},\"potentialAction\":[{\"@type\":\"SearchAction\",\"target\":{\"@type\":\"EntryPoint\",\"urlTemplate\":\"https:\/\/dicodusport.fr\/blog\/?s={search_term_string}\"},\"query-input\":{\"@type\":\"PropertyValueSpecification\",\"valueRequired\":true,\"valueName\":\"search_term_string\"}}],\"inLanguage\":\"fr-FR\"},{\"@type\":\"NewsMediaOrganization\",\"@id\":\"https:\/\/dicodusport.fr\/blog\/#organization\",\"name\":\"Dicodusport\",\"url\":\"https:\/\/dicodusport.fr\/blog\/\",\"logo\":{\"@type\":\"ImageObject\",\"inLanguage\":\"fr-FR\",\"@id\":\"https:\/\/dicodusport.fr\/blog\/#\/schema\/logo\/image\/\",\"url\":\"https:\/\/dicodusport.fr\/blog\/wp-content\/uploads\/2020\/06\/cropped-LOGO-DICODUSPORT-2020-SANS-FOND-SANS-TEXTE.png\",\"contentUrl\":\"https:\/\/dicodusport.fr\/blog\/wp-content\/uploads\/2020\/06\/cropped-LOGO-DICODUSPORT-2020-SANS-FOND-SANS-TEXTE.png\",\"width\":512,\"height\":512,\"caption\":\"Dicodusport\"},\"image\":{\"@id\":\"https:\/\/dicodusport.fr\/blog\/#\/schema\/logo\/image\/\"},\"sameAs\":[\"https:\/\/www.facebook.com\/dicodusport\",\"https:\/\/x.com\/dicodusport\",\"https:\/\/www.instagram.com\/dicodusport\/\",\"https:\/\/www.youtube.com\/channel\/UC7V2KZ5sd3htJivAbA4ZG3w\"],\"description\":\"Dicodusport est l'encyclop\u00e9die de l'actualit\u00e9 sportive.\",\"email\":\"bonjour@dicodusport.fr\",\"legalName\":\"DICODUSPORT\",\"foundingDate\":\"2018-01-14\",\"vatID\":\"FR71834470973\",\"taxID\":\"83447097300043\",\"numberOfEmployees\":{\"@type\":\"QuantitativeValue\",\"minValue\":\"1\",\"maxValue\":\"10\"}},{\"@type\":\"Person\",\"@id\":\"https:\/\/dicodusport.fr\/blog\/#\/schema\/person\/cb02af4c173ce4a653b55e9baf388d4a\",\"name\":\"Flo Ostermann\",\"image\":{\"@type\":\"ImageObject\",\"inLanguage\":\"fr-FR\",\"@id\":\"https:\/\/dicodusport.fr\/blog\/#\/schema\/person\/image\/\",\"url\":\"https:\/\/dicodusport.fr\/blog\/wp-content\/uploads\/2021\/05\/Flo-Ostermann-150x150.jpg\",\"contentUrl\":\"https:\/\/dicodusport.fr\/blog\/wp-content\/uploads\/2021\/05\/Flo-Ostermann-150x150.jpg\",\"caption\":\"Flo Ostermann\"},\"description\":\"Journaliste\/R\u00e9dacteur depuis septembre 2015 - Mes premiers souvenirs dans le sport ? Les envol\u00e9es du Stade Toulousain et les duels Villeneuve-Schumacher et H\u00e4kkinen-Schumacher \u00e0 la fin des ann\u00e9es 90, la Coupe du monde de football en 1998, l\u2019exploit du XV de France face aux All Blacks en 1999, mais aussi Richard C\u0153ur de Lion qui vole sur les montagnes du Tour de France. Bien parti pour devenir professeur d\u2019EPS, les \u00e9v\u00e9nements de la vie (et la flemme d\u2019animer des s\u00e9ances de 3x500 m\u00e8tres toute ma vie) m\u2019ont conduit \u00e0 revoir mes plans. Me voil\u00e0 depuis fin 2017 sur Dicodusport, m\u00e9dia gr\u00e2ce (et pour) lequel je partage ma passion : le sport dans tous ses \u00e9tats. Le tout accompagn\u00e9 par les fous furieux et folles furieuses cit\u00e9s sur cette page !\",\"sameAs\":[\"https:\/\/www.facebook.com\/florent.ostermann\",\"https:\/\/x.com\/https:\/\/twitter.com\/FlOstermann\",\"admin\"],\"url\":\"https:\/\/dicodusport.fr\/blog\/author\/flo\/\"}]}<\/script>\n<!-- \/ Yoast SEO Premium plugin. -->","yoast_head_json":{"title":"Masters de Monte-Carlo : Pierre-Hugues Herbert sorti par Borna Coric","description":"Oppos\u00e9 au Croate Borna Coric, le Fran\u00e7ais Pierre-Hugues Herbert, 49\u00e8me \u00e0 l'ATP, a chut\u00e9 lors des huiti\u00e8mes de finale du Masters de Monte-Carlo.","robots":{"index":"index","follow":"follow","max-snippet":"max-snippet:-1","max-image-preview":"max-image-preview:large","max-video-preview":"max-video-preview:-1"},"canonical":"https:\/\/dicodusport.fr\/blog\/masters-de-monte-carlo-pierre-hugues-herbert-sorti-par-borna-coric\/","og_locale":"fr_FR","og_type":"article","og_title":"Masters de Monte-Carlo : Pierre-Hugues Herbert sorti par Borna Coric","og_description":"Oppos\u00e9 au Croate Borna Coric, le Fran\u00e7ais Pierre-Hugues Herbert, 49\u00e8me \u00e0 l'ATP, a chut\u00e9 lors des huiti\u00e8mes de finale du Masters de Monte-Carlo.","og_url":"https:\/\/dicodusport.fr\/blog\/masters-de-monte-carlo-pierre-hugues-herbert-sorti-par-borna-coric\/","og_site_name":"Dicodusport","article_publisher":"https:\/\/www.facebook.com\/dicodusport","article_author":"https:\/\/www.facebook.com\/florent.ostermann","article_published_time":"2019-04-18T16:59:39+00:00","article_modified_time":"2019-04-19T06:10:44+00:00","og_image":[{"width":800,"height":445,"url":"https:\/\/dicodusport.fr\/blog\/wp-content\/uploads\/2019\/04\/Pierre-Hugues-Herbert-Monte-Carlo.png","type":"image\/png"}],"author":"Flo Ostermann","twitter_card":"summary_large_image","twitter_creator":"@https:\/\/twitter.com\/FlOstermann","twitter_site":"@dicodusport","schema":{"@context":"https:\/\/schema.org","@graph":[{"@type":"NewsArticle","@id":"https:\/\/dicodusport.fr\/blog\/masters-de-monte-carlo-pierre-hugues-herbert-sorti-par-borna-coric\/#article","isPartOf":{"@id":"https:\/\/dicodusport.fr\/blog\/masters-de-monte-carlo-pierre-hugues-herbert-sorti-par-borna-coric\/"},"author":{"name":"Flo Ostermann","@id":"https:\/\/dicodusport.fr\/blog\/#\/schema\/person\/cb02af4c173ce4a653b55e9baf388d4a"},"headline":"Masters de Monte-Carlo : Pierre-Hugues Herbert sorti par Borna Coric","datePublished":"2019-04-18T16:59:39+00:00","dateModified":"2019-04-19T06:10:44+00:00","mainEntityOfPage":{"@id":"https:\/\/dicodusport.fr\/blog\/masters-de-monte-carlo-pierre-hugues-herbert-sorti-par-borna-coric\/"},"wordCount":129,"commentCount":0,"publisher":{"@id":"https:\/\/dicodusport.fr\/blog\/#organization"},"image":{"@id":"https:\/\/dicodusport.fr\/blog\/masters-de-monte-carlo-pierre-hugues-herbert-sorti-par-borna-coric\/#primaryimage"},"thumbnailUrl":"https:\/\/dicodusport.fr\/blog\/wp-content\/uploads\/2019\/04\/Pierre-Hugues-Herbert-Monte-Carlo.png","keywords":["ATP","Masters Monte-Carlo","Monte Carlo","Pierre-Hugues Herbert"],"articleSection":["Actualit\u00e9s","Sports de raquette","Tennis"],"inLanguage":"fr-FR","potentialAction":[{"@type":"CommentAction","name":"Comment","target":["https:\/\/dicodusport.fr\/blog\/masters-de-monte-carlo-pierre-hugues-herbert-sorti-par-borna-coric\/#respond"]}],"copyrightYear":"2019","copyrightHolder":{"@id":"https:\/\/dicodusport.fr\/blog\/#organization"}},{"@type":"WebPage","@id":"https:\/\/dicodusport.fr\/blog\/masters-de-monte-carlo-pierre-hugues-herbert-sorti-par-borna-coric\/","url":"https:\/\/dicodusport.fr\/blog\/masters-de-monte-carlo-pierre-hugues-herbert-sorti-par-borna-coric\/","name":"Masters de Monte-Carlo : Pierre-Hugues Herbert sorti par Borna Coric","isPartOf":{"@id":"https:\/\/dicodusport.fr\/blog\/#website"},"primaryImageOfPage":{"@id":"https:\/\/dicodusport.fr\/blog\/masters-de-monte-carlo-pierre-hugues-herbert-sorti-par-borna-coric\/#primaryimage"},"image":{"@id":"https:\/\/dicodusport.fr\/blog\/masters-de-monte-carlo-pierre-hugues-herbert-sorti-par-borna-coric\/#primaryimage"},"thumbnailUrl":"https:\/\/dicodusport.fr\/blog\/wp-content\/uploads\/2019\/04\/Pierre-Hugues-Herbert-Monte-Carlo.png","datePublished":"2019-04-18T16:59:39+00:00","dateModified":"2019-04-19T06:10:44+00:00","description":"Oppos\u00e9 au Croate Borna Coric, le Fran\u00e7ais Pierre-Hugues Herbert, 49\u00e8me \u00e0 l'ATP, a chut\u00e9 lors des huiti\u00e8mes de finale du Masters de Monte-Carlo.","breadcrumb":{"@id":"https:\/\/dicodusport.fr\/blog\/masters-de-monte-carlo-pierre-hugues-herbert-sorti-par-borna-coric\/#breadcrumb"},"inLanguage":"fr-FR","potentialAction":[{"@type":"ReadAction","target":["https:\/\/dicodusport.fr\/blog\/masters-de-monte-carlo-pierre-hugues-herbert-sorti-par-borna-coric\/"]}]},{"@type":"ImageObject","inLanguage":"fr-FR","@id":"https:\/\/dicodusport.fr\/blog\/masters-de-monte-carlo-pierre-hugues-herbert-sorti-par-borna-coric\/#primaryimage","url":"https:\/\/dicodusport.fr\/blog\/wp-content\/uploads\/2019\/04\/Pierre-Hugues-Herbert-Monte-Carlo.png","contentUrl":"https:\/\/dicodusport.fr\/blog\/wp-content\/uploads\/2019\/04\/Pierre-Hugues-Herbert-Monte-Carlo.png","width":800,"height":445},{"@type":"BreadcrumbList","@id":"https:\/\/dicodusport.fr\/blog\/masters-de-monte-carlo-pierre-hugues-herbert-sorti-par-borna-coric\/#breadcrumb","itemListElement":[{"@type":"ListItem","position":1,"name":"Accueil","item":"https:\/\/dicodusport.fr\/blog\/"},{"@type":"ListItem","position":2,"name":"Masters de Monte-Carlo : Pierre-Hugues Herbert sorti par Borna Coric"}]},{"@type":"WebSite","@id":"https:\/\/dicodusport.fr\/blog\/#website","url":"https:\/\/dicodusport.fr\/blog\/","name":"Dicodusport","description":"L&#039;encyclop\u00e9die de l&#039;actualit\u00e9 sportive","publisher":{"@id":"https:\/\/dicodusport.fr\/blog\/#organization"},"potentialAction":[{"@type":"SearchAction","target":{"@type":"EntryPoint","urlTemplate":"https:\/\/dicodusport.fr\/blog\/?s={search_term_string}"},"query-input":{"@type":"PropertyValueSpecification","valueRequired":true,"valueName":"search_term_string"}}],"inLanguage":"fr-FR"},{"@type":"NewsMediaOrganization","@id":"https:\/\/dicodusport.fr\/blog\/#organization","name":"Dicodusport","url":"https:\/\/dicodusport.fr\/blog\/","logo":{"@type":"ImageObject","inLanguage":"fr-FR","@id":"https:\/\/dicodusport.fr\/blog\/#\/schema\/logo\/image\/","url":"https:\/\/dicodusport.fr\/blog\/wp-content\/uploads\/2020\/06\/cropped-LOGO-DICODUSPORT-2020-SANS-FOND-SANS-TEXTE.png","contentUrl":"https:\/\/dicodusport.fr\/blog\/wp-content\/uploads\/2020\/06\/cropped-LOGO-DICODUSPORT-2020-SANS-FOND-SANS-TEXTE.png","width":512,"height":512,"caption":"Dicodusport"},"image":{"@id":"https:\/\/dicodusport.fr\/blog\/#\/schema\/logo\/image\/"},"sameAs":["https:\/\/www.facebook.com\/dicodusport","https:\/\/x.com\/dicodusport","https:\/\/www.instagram.com\/dicodusport\/","https:\/\/www.youtube.com\/channel\/UC7V2KZ5sd3htJivAbA4ZG3w"],"description":"Dicodusport est l'encyclop\u00e9die de l'actualit\u00e9 sportive.","email":"bonjour@dicodusport.fr","legalName":"DICODUSPORT","foundingDate":"2018-01-14","vatID":"FR71834470973","taxID":"83447097300043","numberOfEmployees":{"@type":"QuantitativeValue","minValue":"1","maxValue":"10"}},{"@type":"Person","@id":"https:\/\/dicodusport.fr\/blog\/#\/schema\/person\/cb02af4c173ce4a653b55e9baf388d4a","name":"Flo Ostermann","image":{"@type":"ImageObject","inLanguage":"fr-FR","@id":"https:\/\/dicodusport.fr\/blog\/#\/schema\/person\/image\/","url":"https:\/\/dicodusport.fr\/blog\/wp-content\/uploads\/2021\/05\/Flo-Ostermann-150x150.jpg","contentUrl":"https:\/\/dicodusport.fr\/blog\/wp-content\/uploads\/2021\/05\/Flo-Ostermann-150x150.jpg","caption":"Flo Ostermann"},"description":"Journaliste\/R\u00e9dacteur depuis septembre 2015 - Mes premiers souvenirs dans le sport ? Les envol\u00e9es du Stade Toulousain et les duels Villeneuve-Schumacher et H\u00e4kkinen-Schumacher \u00e0 la fin des ann\u00e9es 90, la Coupe du monde de football en 1998, l\u2019exploit du XV de France face aux All Blacks en 1999, mais aussi Richard C\u0153ur de Lion qui vole sur les montagnes du Tour de France. Bien parti pour devenir professeur d\u2019EPS, les \u00e9v\u00e9nements de la vie (et la flemme d\u2019animer des s\u00e9ances de 3x500 m\u00e8tres toute ma vie) m\u2019ont conduit \u00e0 revoir mes plans. Me voil\u00e0 depuis fin 2017 sur Dicodusport, m\u00e9dia gr\u00e2ce (et pour) lequel je partage ma passion : le sport dans tous ses \u00e9tats. Le tout accompagn\u00e9 par les fous furieux et folles furieuses cit\u00e9s sur cette page !","sameAs":["https:\/\/www.facebook.com\/florent.ostermann","https:\/\/x.com\/https:\/\/twitter.com\/FlOstermann","admin"],"url":"https:\/\/dicodusport.fr\/blog\/author\/flo\/"}]}},"_links":{"self":[{"href":"https:\/\/dicodusport.fr\/blog\/wp-json\/wp\/v2\/posts\/37413","targetHints":{"allow":["GET"]}}],"collection":[{"href":"https:\/\/dicodusport.fr\/blog\/wp-json\/wp\/v2\/posts"}],"about":[{"href":"https:\/\/dicodusport.fr\/blog\/wp-json\/wp\/v2\/types\/post"}],"author":[{"embeddable":true,"href":"https:\/\/dicodusport.fr\/blog\/wp-json\/wp\/v2\/users\/4"}],"replies":[{"embeddable":true,"href":"https:\/\/dicodusport.fr\/blog\/wp-json\/wp\/v2\/comments?post=37413"}],"version-history":[{"count":0,"href":"https:\/\/dicodusport.fr\/blog\/wp-json\/wp\/v2\/posts\/37413\/revisions"}],"wp:featuredmedia":[{"embeddable":true,"href":"https:\/\/dicodusport.fr\/blog\/wp-json\/wp\/v2\/media\/37414"}],"wp:attachment":[{"href":"https:\/\/dicodusport.fr\/blog\/wp-json\/wp\/v2\/media?parent=37413"}],"wp:term":[{"taxonomy":"category","embeddable":true,"href":"https:\/\/dicodusport.fr\/blog\/wp-json\/wp\/v2\/categories?post=37413"},{"taxonomy":"post_tag","embeddable":true,"href":"https:\/\/dicodusport.fr\/blog\/wp-json\/wp\/v2\/tags?post=37413"}],"curies":[{"name":"wp","href":"https:\/\/api.w.org\/{rel}","templated":true}]}}