{"id":374245,"date":"2023-04-14T19:36:35","date_gmt":"2023-04-14T17:36:35","guid":{"rendered":"https:\/\/dicodusport.fr\/blog\/?p=374245&#038;preview=true&#038;preview_id=374245"},"modified":"2023-04-14T19:58:41","modified_gmt":"2023-04-14T17:58:41","slug":"lenny-martinez-faire-deuxieme-cest-un-peu-nul","status":"publish","type":"post","link":"https:\/\/dicodusport.fr\/blog\/lenny-martinez-faire-deuxieme-cest-un-peu-nul\/","title":{"rendered":"Lenny Martinez : \u00ab\u00a0Faire deuxi\u00e8me, c&rsquo;est un peu nul\u00a0\u00bb"},"content":{"rendered":"<p style=\"text-align: justify;\" align=\"justify\"><em><strong>CYCLISME SUR ROUTE 2023 &#8211; <a href=\"https:\/\/dicodusport.fr\/blog\/classic-grand-besancon-2023-victor-lafay-simpose-devant-lenny-martinez\/\" target=\"_blank\" rel=\"noopener\">Deuxi\u00e8me de la Classic Grand Besan\u00e7on<\/a> derri\u00e8re Victor Lafay (Cofidis), Lenny Martinez (Groupama-FDJ) \u00e9tait tr\u00e8s d\u00e9\u00e7u \u00e0 l&rsquo;arriv\u00e9e.\u00a0<\/strong><\/em><\/p>\n<p style=\"text-align: justify;\" align=\"justify\"><strong>Lenny<\/strong> <strong>Martinez<\/strong> \u00e9tait tr\u00e8s fort ce vendredi sur la <a href=\"https:\/\/dicodusport.fr\/blog\/classement-classic-grand-besancon-doubs-2023\/\"><strong>Classic Grand Besan\u00e7on Doubs<\/strong><\/a>, et a essay\u00e9 de distancer \u00e0 plusieurs reprises <strong>Victor<\/strong> <strong>Lafay<\/strong> dans la derni\u00e8re mont\u00e9e. Mais le grimpeur de la <strong>Cofidis<\/strong> \u00e9tait aussi en jambes et a r\u00e9pondu \u00e0 chacune des attaques. Au sprint, <strong>Lenny<\/strong> <strong>Martinez<\/strong> n&rsquo;a rien pu faire et doit se contenter de la deuxi\u00e8me place. \u00c0 l&rsquo;arriv\u00e9e, le grimpeur de la <strong>Groupama-FDJ<\/strong> \u00e9tait tr\u00e8s d\u00e9\u00e7u au micro de <em>La Cha\u00eene L&rsquo;\u00c9quipe<\/em>.<\/p>\n<blockquote>\n<p style=\"text-align: justify;\" align=\"justify\">J&rsquo;ai essay\u00e9 de me d\u00e9barrasser de mes adversaires pour arriver tout seul. Cette mont\u00e9e est dure mais elle est aussi assez courte, donc c&rsquo;est difficile de l\u00e2cher les autres. Je suis vraiment d\u00e9\u00e7u car je venais juste pour gagner, donc faire deuxi\u00e8me, c&rsquo;est un peu nul. En soi, c&rsquo;est bien deuxi\u00e8me, mais je voulais vraiment la victoire pour l&rsquo;\u00e9quipe et je n&rsquo;\u00e9tais focalis\u00e9 que sur la victoire.<\/p>\n<\/blockquote>\n<p style=\"text-align: justify;\" align=\"justify\"><strong>Thibaut<\/strong> <strong>Pinot<\/strong> \u00e9tait aussi en bonne condition ce vendredi, mais il doit se contenter de la cinqui\u00e8me place. Les deux grimpeurs de l&rsquo;\u00e9quipe manag\u00e9e par Marc Madiot auront encore deux munitions ce week-end, puisqu&rsquo;ils seront au d\u00e9part du <a href=\"https:\/\/dicodusport.fr\/blog\/tour-du-jura-2023-parcours-profil-et-favoris\/\"><strong>Tour<\/strong> <strong>du<\/strong> <strong>Jura<\/strong><\/a> samedi puis du <a href=\"https:\/\/dicodusport.fr\/blog\/tour-du-doubs-2023-parcours-profil-et-favoris\/\"><strong>Tour <\/strong><strong>du <\/strong><strong>Doubs<\/strong><\/a> dimanche. Les deux courses seront jug\u00e9es au sommet d&rsquo;une ascension et seront propices aux grimpeurs.<\/p>\n<p style=\"text-align: justify;\" align=\"justify\">Cofidis aura encore des ambitions samedi, puisque <strong>Victor<\/strong> <strong>Lafay<\/strong> sera au d\u00e9part, tout comme <strong>Guillaume<\/strong> <strong>Martin<\/strong> qui a pris la quatri\u00e8me place ce vendredi. <strong>TotalEnergies<\/strong>, malheureux avec l&rsquo;abandon de trois coureurs, sera aussi revanchard.<\/p>\n<blockquote class=\"twitter-tweet\">\n<p dir=\"ltr\" lang=\"fr\">Victor Lafay remporte la Classic Grand Besan\u00e7on Doubs !<\/p>\n<p>Au terme d&rsquo;un final difficile et tr\u00e8s serr\u00e9, le coureur de Cofidis l\u00e8ve les bras devant Lenny Martinez et Roger Adri\u00e0 ! <a href=\"https:\/\/twitter.com\/hashtag\/lequipeVELO?src=hash&amp;ref_src=twsrc%5Etfw\">#lequipeVELO<\/a> <a href=\"https:\/\/t.co\/Q8YmuH0erI\">pic.twitter.com\/Q8YmuH0erI<\/a><\/p>\n<p>\u2014 la chaine L&rsquo;\u00c9quipe (@lachainelequipe) <a href=\"https:\/\/twitter.com\/lachainelequipe\/status\/1646877884135473154?ref_src=twsrc%5Etfw\">April 14, 2023<\/a><\/p><\/blockquote>\n<p style=\"text-align: justify;\"><script async src=\"https:\/\/platform.twitter.com\/widgets.js\" charset=\"utf-8\"><\/script><\/p>\n","protected":false},"excerpt":{"rendered":"<p>CYCLISME SUR ROUTE 2023 &#8211; Deuxi\u00e8me de la Classic Grand Besan\u00e7on derri\u00e8re Victor Lafay (Cofidis), Lenny Martinez (Groupama-FDJ) \u00e9tait tr\u00e8s d\u00e9\u00e7u \u00e0 l&rsquo;arriv\u00e9e.\u00a0<\/p>\n","protected":false},"author":1,"featured_media":373590,"comment_status":"open","ping_status":"closed","sticky":false,"template":"","format":"standard","meta":{"_acf_changed":false,"_daextam_enable_autolinks":"","footnotes":""},"categories":[46994],"tags":[16878,19923,25133],"class_list":["post-374245","post","type-post","status-publish","format-standard","has-post-thumbnail","hentry","category-cyclisme-sur-route","tag-breve","tag-lenny-martinez","tag-martinez"],"acf":[],"yoast_head":"<!-- This site is optimized with the Yoast SEO Premium plugin v26.7 (Yoast SEO v26.7) - https:\/\/yoast.com\/wordpress\/plugins\/seo\/ -->\n<title>Lenny Martinez : &quot;Faire deuxi\u00e8me, c&#039;est un peu nul&quot;<\/title>\n<meta name=\"description\" content=\"CYCLISME SUR ROUTE 2023 - Deuxi\u00e8me de la Classic Grand Besan\u00e7on derri\u00e8re Victor Lafay, Lenny Martinez \u00e9tait tr\u00e8s d\u00e9\u00e7u \u00e0 l&#039;arriv\u00e9e.\u00a0\" \/>\n<meta name=\"robots\" content=\"index, follow, max-snippet:-1, max-image-preview:large, max-video-preview:-1\" \/>\n<link rel=\"canonical\" href=\"https:\/\/dicodusport.fr\/blog\/lenny-martinez-faire-deuxieme-cest-un-peu-nul\/\" \/>\n<meta property=\"og:locale\" content=\"fr_FR\" \/>\n<meta property=\"og:type\" content=\"article\" \/>\n<meta property=\"og:title\" content=\"Lenny Martinez : &quot;Faire deuxi\u00e8me, c&#039;est un peu nul&quot;\" \/>\n<meta property=\"og:description\" content=\"CYCLISME SUR ROUTE 2023 - Deuxi\u00e8me de la Classic Grand Besan\u00e7on derri\u00e8re Victor Lafay, Lenny Martinez \u00e9tait tr\u00e8s d\u00e9\u00e7u \u00e0 l&#039;arriv\u00e9e.\u00a0\" \/>\n<meta property=\"og:url\" content=\"https:\/\/dicodusport.fr\/blog\/lenny-martinez-faire-deuxieme-cest-un-peu-nul\/\" \/>\n<meta property=\"og:site_name\" content=\"Dicodusport\" \/>\n<meta property=\"article:publisher\" content=\"https:\/\/www.facebook.com\/dicodusport\" \/>\n<meta property=\"article:author\" content=\"https:\/\/www.facebook.com\/dicodusport\" \/>\n<meta property=\"article:published_time\" content=\"2023-04-14T17:36:35+00:00\" \/>\n<meta property=\"article:modified_time\" content=\"2023-04-14T17:58:41+00:00\" \/>\n<meta property=\"og:image\" content=\"https:\/\/dicodusport.fr\/blog\/wp-content\/uploads\/2023\/04\/Classic-Grand-Besancon-2023-Parcours-profil-et-favoris.png\" \/>\n\t<meta property=\"og:image:width\" content=\"800\" \/>\n\t<meta property=\"og:image:height\" content=\"445\" \/>\n\t<meta property=\"og:image:type\" content=\"image\/png\" \/>\n<meta name=\"author\" content=\"Nicolas Jacquemard\" \/>\n<meta name=\"twitter:card\" content=\"summary_large_image\" \/>\n<meta name=\"twitter:title\" content=\"Lenny Martinez : &quot;Faire deuxi\u00e8me, c&#039;est un peu nul&quot;\" \/>\n<meta name=\"twitter:creator\" content=\"@https:\/\/twitter.com\/Nico_Jacquemard\" \/>\n<meta name=\"twitter:site\" content=\"@dicodusport\" \/>\n<script type=\"application\/ld+json\" class=\"yoast-schema-graph\">{\"@context\":\"https:\/\/schema.org\",\"@graph\":[{\"@type\":\"NewsArticle\",\"@id\":\"https:\/\/dicodusport.fr\/blog\/lenny-martinez-faire-deuxieme-cest-un-peu-nul\/#article\",\"isPartOf\":{\"@id\":\"https:\/\/dicodusport.fr\/blog\/lenny-martinez-faire-deuxieme-cest-un-peu-nul\/\"},\"author\":{\"name\":\"Nicolas Jacquemard\",\"@id\":\"https:\/\/dicodusport.fr\/blog\/#\/schema\/person\/55dcb50ad410894e431ed812bbb70191\"},\"headline\":\"Lenny Martinez : \u00ab\u00a0Faire deuxi\u00e8me, c&rsquo;est un peu nul\u00a0\u00bb\",\"datePublished\":\"2023-04-14T17:36:35+00:00\",\"dateModified\":\"2023-04-14T17:58:41+00:00\",\"mainEntityOfPage\":{\"@id\":\"https:\/\/dicodusport.fr\/blog\/lenny-martinez-faire-deuxieme-cest-un-peu-nul\/\"},\"wordCount\":355,\"commentCount\":0,\"publisher\":{\"@id\":\"https:\/\/dicodusport.fr\/blog\/#organization\"},\"image\":{\"@id\":\"https:\/\/dicodusport.fr\/blog\/lenny-martinez-faire-deuxieme-cest-un-peu-nul\/#primaryimage\"},\"thumbnailUrl\":\"https:\/\/dicodusport.fr\/blog\/wp-content\/uploads\/2023\/04\/Classic-Grand-Besancon-2023-Parcours-profil-et-favoris.png\",\"keywords\":[\"br\u00e8ve\",\"Lenny Martinez\",\"Martinez\"],\"articleSection\":[\"Cyclisme sur route\"],\"inLanguage\":\"fr-FR\",\"potentialAction\":[{\"@type\":\"CommentAction\",\"name\":\"Comment\",\"target\":[\"https:\/\/dicodusport.fr\/blog\/lenny-martinez-faire-deuxieme-cest-un-peu-nul\/#respond\"]}],\"copyrightYear\":\"2023\",\"copyrightHolder\":{\"@id\":\"https:\/\/dicodusport.fr\/blog\/#organization\"}},{\"@type\":\"WebPage\",\"@id\":\"https:\/\/dicodusport.fr\/blog\/lenny-martinez-faire-deuxieme-cest-un-peu-nul\/\",\"url\":\"https:\/\/dicodusport.fr\/blog\/lenny-martinez-faire-deuxieme-cest-un-peu-nul\/\",\"name\":\"Lenny Martinez : \\\"Faire deuxi\u00e8me, c'est un peu nul\\\"\",\"isPartOf\":{\"@id\":\"https:\/\/dicodusport.fr\/blog\/#website\"},\"primaryImageOfPage\":{\"@id\":\"https:\/\/dicodusport.fr\/blog\/lenny-martinez-faire-deuxieme-cest-un-peu-nul\/#primaryimage\"},\"image\":{\"@id\":\"https:\/\/dicodusport.fr\/blog\/lenny-martinez-faire-deuxieme-cest-un-peu-nul\/#primaryimage\"},\"thumbnailUrl\":\"https:\/\/dicodusport.fr\/blog\/wp-content\/uploads\/2023\/04\/Classic-Grand-Besancon-2023-Parcours-profil-et-favoris.png\",\"datePublished\":\"2023-04-14T17:36:35+00:00\",\"dateModified\":\"2023-04-14T17:58:41+00:00\",\"description\":\"CYCLISME SUR ROUTE 2023 - Deuxi\u00e8me de la Classic Grand Besan\u00e7on derri\u00e8re Victor Lafay, Lenny Martinez \u00e9tait tr\u00e8s d\u00e9\u00e7u \u00e0 l'arriv\u00e9e.\u00a0\",\"breadcrumb\":{\"@id\":\"https:\/\/dicodusport.fr\/blog\/lenny-martinez-faire-deuxieme-cest-un-peu-nul\/#breadcrumb\"},\"inLanguage\":\"fr-FR\",\"potentialAction\":[{\"@type\":\"ReadAction\",\"target\":[\"https:\/\/dicodusport.fr\/blog\/lenny-martinez-faire-deuxieme-cest-un-peu-nul\/\"]}]},{\"@type\":\"ImageObject\",\"inLanguage\":\"fr-FR\",\"@id\":\"https:\/\/dicodusport.fr\/blog\/lenny-martinez-faire-deuxieme-cest-un-peu-nul\/#primaryimage\",\"url\":\"https:\/\/dicodusport.fr\/blog\/wp-content\/uploads\/2023\/04\/Classic-Grand-Besancon-2023-Parcours-profil-et-favoris.png\",\"contentUrl\":\"https:\/\/dicodusport.fr\/blog\/wp-content\/uploads\/2023\/04\/Classic-Grand-Besancon-2023-Parcours-profil-et-favoris.png\",\"width\":800,\"height\":445,\"caption\":\"Classic Grand Besan\u00e7on 2023 Parcours, profil et favoris\"},{\"@type\":\"BreadcrumbList\",\"@id\":\"https:\/\/dicodusport.fr\/blog\/lenny-martinez-faire-deuxieme-cest-un-peu-nul\/#breadcrumb\",\"itemListElement\":[{\"@type\":\"ListItem\",\"position\":1,\"name\":\"Accueil\",\"item\":\"https:\/\/dicodusport.fr\/blog\/\"},{\"@type\":\"ListItem\",\"position\":2,\"name\":\"Lenny Martinez : \u00ab\u00a0Faire deuxi\u00e8me, c&rsquo;est un peu nul\u00a0\u00bb\"}]},{\"@type\":\"WebSite\",\"@id\":\"https:\/\/dicodusport.fr\/blog\/#website\",\"url\":\"https:\/\/dicodusport.fr\/blog\/\",\"name\":\"Dicodusport\",\"description\":\"L&#039;encyclop\u00e9die de l&#039;actualit\u00e9 sportive\",\"publisher\":{\"@id\":\"https:\/\/dicodusport.fr\/blog\/#organization\"},\"potentialAction\":[{\"@type\":\"SearchAction\",\"target\":{\"@type\":\"EntryPoint\",\"urlTemplate\":\"https:\/\/dicodusport.fr\/blog\/?s={search_term_string}\"},\"query-input\":{\"@type\":\"PropertyValueSpecification\",\"valueRequired\":true,\"valueName\":\"search_term_string\"}}],\"inLanguage\":\"fr-FR\"},{\"@type\":\"NewsMediaOrganization\",\"@id\":\"https:\/\/dicodusport.fr\/blog\/#organization\",\"name\":\"Dicodusport\",\"url\":\"https:\/\/dicodusport.fr\/blog\/\",\"logo\":{\"@type\":\"ImageObject\",\"inLanguage\":\"fr-FR\",\"@id\":\"https:\/\/dicodusport.fr\/blog\/#\/schema\/logo\/image\/\",\"url\":\"https:\/\/dicodusport.fr\/blog\/wp-content\/uploads\/2020\/06\/cropped-LOGO-DICODUSPORT-2020-SANS-FOND-SANS-TEXTE.png\",\"contentUrl\":\"https:\/\/dicodusport.fr\/blog\/wp-content\/uploads\/2020\/06\/cropped-LOGO-DICODUSPORT-2020-SANS-FOND-SANS-TEXTE.png\",\"width\":512,\"height\":512,\"caption\":\"Dicodusport\"},\"image\":{\"@id\":\"https:\/\/dicodusport.fr\/blog\/#\/schema\/logo\/image\/\"},\"sameAs\":[\"https:\/\/www.facebook.com\/dicodusport\",\"https:\/\/x.com\/dicodusport\",\"https:\/\/www.instagram.com\/dicodusport\/\",\"https:\/\/www.youtube.com\/channel\/UC7V2KZ5sd3htJivAbA4ZG3w\"],\"description\":\"Dicodusport est l'encyclop\u00e9die de l'actualit\u00e9 sportive.\",\"email\":\"bonjour@dicodusport.fr\",\"legalName\":\"DICODUSPORT\",\"foundingDate\":\"2018-01-14\",\"vatID\":\"FR71834470973\",\"taxID\":\"83447097300043\",\"numberOfEmployees\":{\"@type\":\"QuantitativeValue\",\"minValue\":\"1\",\"maxValue\":\"10\"}},{\"@type\":\"Person\",\"@id\":\"https:\/\/dicodusport.fr\/blog\/#\/schema\/person\/55dcb50ad410894e431ed812bbb70191\",\"name\":\"Nicolas Jacquemard\",\"image\":{\"@type\":\"ImageObject\",\"inLanguage\":\"fr-FR\",\"@id\":\"https:\/\/dicodusport.fr\/blog\/#\/schema\/person\/image\/\",\"url\":\"https:\/\/dicodusport.fr\/blog\/wp-content\/uploads\/2021\/05\/Nicolas-Jacquemard-150x150.jpeg\",\"contentUrl\":\"https:\/\/dicodusport.fr\/blog\/wp-content\/uploads\/2021\/05\/Nicolas-Jacquemard-150x150.jpeg\",\"caption\":\"Nicolas Jacquemard\"},\"description\":\"Passionn\u00e9 de sport et entrepreneur depuis mes 18 ans, la cr\u00e9ation de Dicodusport m'a sembl\u00e9 \u00e9vidente pour participer \u00e0 la m\u00e9diatisation d'un plus grand nombre de sports. Le chemin est long mais avec une \u00e9quipe des plus motiv\u00e9es et les Jeux Olympiques de Paris 2024 en point de mire, nous y arriverons ! Journaliste dans le monde du sport depuis plus de 5 ans, je traite aussi bien de football, de rugby, de biathlon que de cyclisme.\",\"sameAs\":[\"https:\/\/www.facebook.com\/dicodusport\",\"https:\/\/x.com\/https:\/\/twitter.com\/Nico_Jacquemard\"],\"url\":\"https:\/\/dicodusport.fr\/blog\/author\/dicodusport\/\"}]}<\/script>\n<!-- \/ Yoast SEO Premium plugin. -->","yoast_head_json":{"title":"Lenny Martinez : \"Faire deuxi\u00e8me, c'est un peu nul\"","description":"CYCLISME SUR ROUTE 2023 - Deuxi\u00e8me de la Classic Grand Besan\u00e7on derri\u00e8re Victor Lafay, Lenny Martinez \u00e9tait tr\u00e8s d\u00e9\u00e7u \u00e0 l'arriv\u00e9e.\u00a0","robots":{"index":"index","follow":"follow","max-snippet":"max-snippet:-1","max-image-preview":"max-image-preview:large","max-video-preview":"max-video-preview:-1"},"canonical":"https:\/\/dicodusport.fr\/blog\/lenny-martinez-faire-deuxieme-cest-un-peu-nul\/","og_locale":"fr_FR","og_type":"article","og_title":"Lenny Martinez : \"Faire deuxi\u00e8me, c'est un peu nul\"","og_description":"CYCLISME SUR ROUTE 2023 - Deuxi\u00e8me de la Classic Grand Besan\u00e7on derri\u00e8re Victor Lafay, Lenny Martinez \u00e9tait tr\u00e8s d\u00e9\u00e7u \u00e0 l'arriv\u00e9e.\u00a0","og_url":"https:\/\/dicodusport.fr\/blog\/lenny-martinez-faire-deuxieme-cest-un-peu-nul\/","og_site_name":"Dicodusport","article_publisher":"https:\/\/www.facebook.com\/dicodusport","article_author":"https:\/\/www.facebook.com\/dicodusport","article_published_time":"2023-04-14T17:36:35+00:00","article_modified_time":"2023-04-14T17:58:41+00:00","og_image":[{"width":800,"height":445,"url":"https:\/\/dicodusport.fr\/blog\/wp-content\/uploads\/2023\/04\/Classic-Grand-Besancon-2023-Parcours-profil-et-favoris.png","type":"image\/png"}],"author":"Nicolas Jacquemard","twitter_card":"summary_large_image","twitter_title":"Lenny Martinez : \"Faire deuxi\u00e8me, c'est un peu nul\"","twitter_creator":"@https:\/\/twitter.com\/Nico_Jacquemard","twitter_site":"@dicodusport","schema":{"@context":"https:\/\/schema.org","@graph":[{"@type":"NewsArticle","@id":"https:\/\/dicodusport.fr\/blog\/lenny-martinez-faire-deuxieme-cest-un-peu-nul\/#article","isPartOf":{"@id":"https:\/\/dicodusport.fr\/blog\/lenny-martinez-faire-deuxieme-cest-un-peu-nul\/"},"author":{"name":"Nicolas Jacquemard","@id":"https:\/\/dicodusport.fr\/blog\/#\/schema\/person\/55dcb50ad410894e431ed812bbb70191"},"headline":"Lenny Martinez : \u00ab\u00a0Faire deuxi\u00e8me, c&rsquo;est un peu nul\u00a0\u00bb","datePublished":"2023-04-14T17:36:35+00:00","dateModified":"2023-04-14T17:58:41+00:00","mainEntityOfPage":{"@id":"https:\/\/dicodusport.fr\/blog\/lenny-martinez-faire-deuxieme-cest-un-peu-nul\/"},"wordCount":355,"commentCount":0,"publisher":{"@id":"https:\/\/dicodusport.fr\/blog\/#organization"},"image":{"@id":"https:\/\/dicodusport.fr\/blog\/lenny-martinez-faire-deuxieme-cest-un-peu-nul\/#primaryimage"},"thumbnailUrl":"https:\/\/dicodusport.fr\/blog\/wp-content\/uploads\/2023\/04\/Classic-Grand-Besancon-2023-Parcours-profil-et-favoris.png","keywords":["br\u00e8ve","Lenny Martinez","Martinez"],"articleSection":["Cyclisme sur route"],"inLanguage":"fr-FR","potentialAction":[{"@type":"CommentAction","name":"Comment","target":["https:\/\/dicodusport.fr\/blog\/lenny-martinez-faire-deuxieme-cest-un-peu-nul\/#respond"]}],"copyrightYear":"2023","copyrightHolder":{"@id":"https:\/\/dicodusport.fr\/blog\/#organization"}},{"@type":"WebPage","@id":"https:\/\/dicodusport.fr\/blog\/lenny-martinez-faire-deuxieme-cest-un-peu-nul\/","url":"https:\/\/dicodusport.fr\/blog\/lenny-martinez-faire-deuxieme-cest-un-peu-nul\/","name":"Lenny Martinez : \"Faire deuxi\u00e8me, c'est un peu nul\"","isPartOf":{"@id":"https:\/\/dicodusport.fr\/blog\/#website"},"primaryImageOfPage":{"@id":"https:\/\/dicodusport.fr\/blog\/lenny-martinez-faire-deuxieme-cest-un-peu-nul\/#primaryimage"},"image":{"@id":"https:\/\/dicodusport.fr\/blog\/lenny-martinez-faire-deuxieme-cest-un-peu-nul\/#primaryimage"},"thumbnailUrl":"https:\/\/dicodusport.fr\/blog\/wp-content\/uploads\/2023\/04\/Classic-Grand-Besancon-2023-Parcours-profil-et-favoris.png","datePublished":"2023-04-14T17:36:35+00:00","dateModified":"2023-04-14T17:58:41+00:00","description":"CYCLISME SUR ROUTE 2023 - Deuxi\u00e8me de la Classic Grand Besan\u00e7on derri\u00e8re Victor Lafay, Lenny Martinez \u00e9tait tr\u00e8s d\u00e9\u00e7u \u00e0 l'arriv\u00e9e.\u00a0","breadcrumb":{"@id":"https:\/\/dicodusport.fr\/blog\/lenny-martinez-faire-deuxieme-cest-un-peu-nul\/#breadcrumb"},"inLanguage":"fr-FR","potentialAction":[{"@type":"ReadAction","target":["https:\/\/dicodusport.fr\/blog\/lenny-martinez-faire-deuxieme-cest-un-peu-nul\/"]}]},{"@type":"ImageObject","inLanguage":"fr-FR","@id":"https:\/\/dicodusport.fr\/blog\/lenny-martinez-faire-deuxieme-cest-un-peu-nul\/#primaryimage","url":"https:\/\/dicodusport.fr\/blog\/wp-content\/uploads\/2023\/04\/Classic-Grand-Besancon-2023-Parcours-profil-et-favoris.png","contentUrl":"https:\/\/dicodusport.fr\/blog\/wp-content\/uploads\/2023\/04\/Classic-Grand-Besancon-2023-Parcours-profil-et-favoris.png","width":800,"height":445,"caption":"Classic Grand Besan\u00e7on 2023 Parcours, profil et favoris"},{"@type":"BreadcrumbList","@id":"https:\/\/dicodusport.fr\/blog\/lenny-martinez-faire-deuxieme-cest-un-peu-nul\/#breadcrumb","itemListElement":[{"@type":"ListItem","position":1,"name":"Accueil","item":"https:\/\/dicodusport.fr\/blog\/"},{"@type":"ListItem","position":2,"name":"Lenny Martinez : \u00ab\u00a0Faire deuxi\u00e8me, c&rsquo;est un peu nul\u00a0\u00bb"}]},{"@type":"WebSite","@id":"https:\/\/dicodusport.fr\/blog\/#website","url":"https:\/\/dicodusport.fr\/blog\/","name":"Dicodusport","description":"L&#039;encyclop\u00e9die de l&#039;actualit\u00e9 sportive","publisher":{"@id":"https:\/\/dicodusport.fr\/blog\/#organization"},"potentialAction":[{"@type":"SearchAction","target":{"@type":"EntryPoint","urlTemplate":"https:\/\/dicodusport.fr\/blog\/?s={search_term_string}"},"query-input":{"@type":"PropertyValueSpecification","valueRequired":true,"valueName":"search_term_string"}}],"inLanguage":"fr-FR"},{"@type":"NewsMediaOrganization","@id":"https:\/\/dicodusport.fr\/blog\/#organization","name":"Dicodusport","url":"https:\/\/dicodusport.fr\/blog\/","logo":{"@type":"ImageObject","inLanguage":"fr-FR","@id":"https:\/\/dicodusport.fr\/blog\/#\/schema\/logo\/image\/","url":"https:\/\/dicodusport.fr\/blog\/wp-content\/uploads\/2020\/06\/cropped-LOGO-DICODUSPORT-2020-SANS-FOND-SANS-TEXTE.png","contentUrl":"https:\/\/dicodusport.fr\/blog\/wp-content\/uploads\/2020\/06\/cropped-LOGO-DICODUSPORT-2020-SANS-FOND-SANS-TEXTE.png","width":512,"height":512,"caption":"Dicodusport"},"image":{"@id":"https:\/\/dicodusport.fr\/blog\/#\/schema\/logo\/image\/"},"sameAs":["https:\/\/www.facebook.com\/dicodusport","https:\/\/x.com\/dicodusport","https:\/\/www.instagram.com\/dicodusport\/","https:\/\/www.youtube.com\/channel\/UC7V2KZ5sd3htJivAbA4ZG3w"],"description":"Dicodusport est l'encyclop\u00e9die de l'actualit\u00e9 sportive.","email":"bonjour@dicodusport.fr","legalName":"DICODUSPORT","foundingDate":"2018-01-14","vatID":"FR71834470973","taxID":"83447097300043","numberOfEmployees":{"@type":"QuantitativeValue","minValue":"1","maxValue":"10"}},{"@type":"Person","@id":"https:\/\/dicodusport.fr\/blog\/#\/schema\/person\/55dcb50ad410894e431ed812bbb70191","name":"Nicolas Jacquemard","image":{"@type":"ImageObject","inLanguage":"fr-FR","@id":"https:\/\/dicodusport.fr\/blog\/#\/schema\/person\/image\/","url":"https:\/\/dicodusport.fr\/blog\/wp-content\/uploads\/2021\/05\/Nicolas-Jacquemard-150x150.jpeg","contentUrl":"https:\/\/dicodusport.fr\/blog\/wp-content\/uploads\/2021\/05\/Nicolas-Jacquemard-150x150.jpeg","caption":"Nicolas Jacquemard"},"description":"Passionn\u00e9 de sport et entrepreneur depuis mes 18 ans, la cr\u00e9ation de Dicodusport m'a sembl\u00e9 \u00e9vidente pour participer \u00e0 la m\u00e9diatisation d'un plus grand nombre de sports. Le chemin est long mais avec une \u00e9quipe des plus motiv\u00e9es et les Jeux Olympiques de Paris 2024 en point de mire, nous y arriverons ! Journaliste dans le monde du sport depuis plus de 5 ans, je traite aussi bien de football, de rugby, de biathlon que de cyclisme.","sameAs":["https:\/\/www.facebook.com\/dicodusport","https:\/\/x.com\/https:\/\/twitter.com\/Nico_Jacquemard"],"url":"https:\/\/dicodusport.fr\/blog\/author\/dicodusport\/"}]}},"_links":{"self":[{"href":"https:\/\/dicodusport.fr\/blog\/wp-json\/wp\/v2\/posts\/374245","targetHints":{"allow":["GET"]}}],"collection":[{"href":"https:\/\/dicodusport.fr\/blog\/wp-json\/wp\/v2\/posts"}],"about":[{"href":"https:\/\/dicodusport.fr\/blog\/wp-json\/wp\/v2\/types\/post"}],"author":[{"embeddable":true,"href":"https:\/\/dicodusport.fr\/blog\/wp-json\/wp\/v2\/users\/1"}],"replies":[{"embeddable":true,"href":"https:\/\/dicodusport.fr\/blog\/wp-json\/wp\/v2\/comments?post=374245"}],"version-history":[{"count":0,"href":"https:\/\/dicodusport.fr\/blog\/wp-json\/wp\/v2\/posts\/374245\/revisions"}],"wp:featuredmedia":[{"embeddable":true,"href":"https:\/\/dicodusport.fr\/blog\/wp-json\/wp\/v2\/media\/373590"}],"wp:attachment":[{"href":"https:\/\/dicodusport.fr\/blog\/wp-json\/wp\/v2\/media?parent=374245"}],"wp:term":[{"taxonomy":"category","embeddable":true,"href":"https:\/\/dicodusport.fr\/blog\/wp-json\/wp\/v2\/categories?post=374245"},{"taxonomy":"post_tag","embeddable":true,"href":"https:\/\/dicodusport.fr\/blog\/wp-json\/wp\/v2\/tags?post=374245"}],"curies":[{"name":"wp","href":"https:\/\/api.w.org\/{rel}","templated":true}]}}