{"id":37427,"date":"2019-04-19T11:30:59","date_gmt":"2019-04-19T09:30:59","guid":{"rendered":"http:\/\/dicodusport.fr\/blog\/?p=37427"},"modified":"2019-04-19T10:23:36","modified_gmt":"2019-04-19T08:23:36","slug":"qui-pour-succeder-a-bruno-genesio-sur-le-banc-de-l-olympique-lyonnais","status":"publish","type":"post","link":"https:\/\/dicodusport.fr\/blog\/qui-pour-succeder-a-bruno-genesio-sur-le-banc-de-l-olympique-lyonnais\/","title":{"rendered":"Qui pour succ\u00e9der \u00e0 Bruno Genesio sur le banc de l&rsquo;Olympique Lyonnais ?"},"content":{"rendered":"<p style=\"text-align: justify;\"><em><strong><a href=\"https:\/\/www.lfp.fr\/ligue1\" target=\"_blank\" rel=\"noopener\">Ligue 1<\/a> &#8211; Avant la r\u00e9ception ce soir d\u2019Angers (20h45) pour tenter de sauver sa troisi\u00e8me place au classement, synonyme de Ligue des Champions la saison prochaine, l\u2019<a href=\"https:\/\/www.ol.fr\/fr-FR\/prehome\" target=\"_blank\" rel=\"noopener\">Olympique Lyonnais<\/a> s\u2019active en coulisses pour trouver le successeur de Bruno Genesio la saison prochaine. Petit tour d\u2019horizon des favoris de Jean-Michel Aulas.<\/strong><\/em><\/p>\n<p style=\"text-align: justify;\">Apr\u00e8s une gestion assez particuli\u00e8re de l\u2019avenir de Bruno Genesio sur le banc de l\u2019Olympique Lyonnais ces derni\u00e8res semaines, ce dernier a pris les devants en annon\u00e7ant son d\u00e9part de Lyon \u00e0 la fin de la saison. Une annonce qui n\u2019a finalement pas surpris mais qui pose maintenant la question de l\u2019avenir du club rhodanien.<\/p>\n<p style=\"text-align: justify;\">De nombreux noms circulent pour prendre place sur le banc de l\u2019OL la saison prochaine. Tour d\u2019horizon des possibilit\u00e9s et des tendances, \u00e0 quelques semaines de la fin du contrat de Bruno Genesio.<\/p>\n<p><span class=\"bInftXaMjCy2uY6GxgcdkLP3Zl0KzT1rSAomRQHJqhNBD8OEVewpUsivW479\"><\/p>\n<blockquote class=\"twitter-tweet\" data-width=\"550\" data-dnt=\"true\">\n<p lang=\"fr\" dir=\"ltr\">\ud83c\udf99 Bruno Genesio &quot;Depuis quelques temps je fais face, nous faisons face \u00e0 un climat n\u00e9gatif, qui peut \u00eatre un frein pour les joueurs et pour le club. J&#39;ai eu une tr\u00e8s longue discussion ce matin avec mon pr\u00e9sident pour lui faire part de ne pas continuer l&#39;ann\u00e9e prochaine&quot; <a href=\"https:\/\/t.co\/sq3xTuzLOr\">pic.twitter.com\/sq3xTuzLOr<\/a><\/p>\n<p>&mdash; Olympique Lyonnais (@OL) <a href=\"https:\/\/twitter.com\/OL\/status\/1117047166063849473?ref_src=twsrc%5Etfw\">April 13, 2019<\/a><\/p><\/blockquote>\n<p><script async src=\"https:\/\/platform.twitter.com\/widgets.js\" charset=\"utf-8\"><\/script><\/span><\/p>\n<h1 style=\"text-align: justify;\">Laurent Blanc<\/h1>\n<p style=\"text-align: justify;\">Il est le favori num\u00e9ro un selon les m\u00e9dias et son nom est cit\u00e9 avec insistance du c\u00f4t\u00e9 de l\u2019Olympique Lyonnais. Libre depuis 2016 et son d\u00e9part du Paris Saint-Germain, son exp\u00e9rience et ses succ\u00e8s (\u00e0 Bordeaux et \u00e0 Paris) font du champion du monde en 1998 un choix int\u00e9ressant pour tenter de relancer l\u2019OL. Avec lui, Jean-Michel Aulas passerait un cap en s\u2019appuyant sur les services d\u2019un entraineur \u00e0 la carrure europ\u00e9enne.<\/p>\n<p><span class=\"VhdWNfxQAcaw8\"><\/p>\n<blockquote class=\"twitter-tweet\" data-width=\"550\" data-dnt=\"true\">\n<p lang=\"fr\" dir=\"ltr\">\u26bd <a href=\"https:\/\/twitter.com\/hashtag\/OCF?src=hash&amp;ref_src=twsrc%5Etfw\">#OCF<\/a> <br \/>\ud83d\udca5 Laurent Blanc va-t-il entra\u00eener l\u2019OL la saison prochaine ? Sa r\u00e9ponse au micro de beIN SPORTS !<br \/>\ud83d\udc49 &quot;Je n\u2019ai pas \u00e9t\u00e9 sollicit\u00e9 par Lyon&quot; <a href=\"https:\/\/t.co\/xKAaqDiBkH\">pic.twitter.com\/xKAaqDiBkH<\/a><\/p>\n<p>&mdash; beIN SPORTS (@beinsports_FR) <a href=\"https:\/\/twitter.com\/beinsports_FR\/status\/1118985053193654272?ref_src=twsrc%5Etfw\">April 18, 2019<\/a><\/p><\/blockquote>\n<p><script async src=\"https:\/\/platform.twitter.com\/widgets.js\" charset=\"utf-8\"><\/script><\/span><\/p>\n<h1 style=\"text-align: justify;\">Patrick Vieira<\/h1>\n<p style=\"text-align: justify;\">Il est s\u00fbrement la grosse cote du c\u00f4t\u00e9 des dirigeants lyonnais. Fort de sa premi\u00e8re saison \u00e0 Nice, Patrick Vieira commence \u00e0 se faire un v\u00e9ritable nom en tant qu\u2019entra\u00eeneur sur la sc\u00e8ne europ\u00e9enne. Probl\u00e8me pour les Gones, Vieira est actuellement sous contrat avec l\u2019OGC Nice et cela jusqu\u2019en 2021. L\u2019arriv\u00e9e de nouveaux dirigeants \u00e0 Nice, ainsi que celle de Gilles Grimandi, pourraient pousser Vieira \u00e0 poursuivre l\u2019aventure ni\u00e7oise.<\/p>\n<h1 style=\"text-align: justify;\">Jos\u00e9 Mourinho<\/h1>\n<p style=\"text-align: justify;\">Cela pourrait \u00eatre un mariage des plus explosifs entre Jean-Michel Aulas et Jos\u00e9 Mourinho. Mais imaginez deux secondes que le mariage fonctionne, et cela pourrait faire des \u00e9tincelles\u00a0! Le \u00ab\u00a0Special One\u00a0\u00bb, libre de tout contrat, serait un v\u00e9ritable pari pour Lyon et un gros coup, \u00e0 la fois sportif et m\u00e9diatique. Le Portugais pourrait faire franchir un cap \u00e0 l\u2019Olympique Lyonnais, bien qu\u2019il reste sur un \u00e9chec \u00e0 Manchester United, avec un vestiaire qui aura fini par le l\u00e2cher\u2026<\/p>\n<div id=\"attachment_37436\" style=\"width: 978px\" class=\"wp-caption aligncenter\"><img loading=\"lazy\" decoding=\"async\" aria-describedby=\"caption-attachment-37436\" class=\"size-full wp-image-37436\" src=\"http:\/\/dicodusport.fr\/blog\/wp-content\/uploads\/2019\/04\/Jose-Mourinho-Getty-Images.jpg\" alt=\"\" width=\"968\" height=\"681\" srcset=\"https:\/\/dicodusport.fr\/blog\/wp-content\/uploads\/2019\/04\/Jose-Mourinho-Getty-Images.jpg 968w, https:\/\/dicodusport.fr\/blog\/wp-content\/uploads\/2019\/04\/Jose-Mourinho-Getty-Images-300x211.jpg 300w, https:\/\/dicodusport.fr\/blog\/wp-content\/uploads\/2019\/04\/Jose-Mourinho-Getty-Images-768x540.jpg 768w, https:\/\/dicodusport.fr\/blog\/wp-content\/uploads\/2019\/04\/Jose-Mourinho-Getty-Images-130x90.jpg 130w\" sizes=\"auto, (max-width: 968px) 100vw, 968px\" \/><p id=\"caption-attachment-37436\" class=\"wp-caption-text\">Jose Mourinho, le gros coup de Jean-Michel Aulas ? &#8211; Getty Images<\/p><\/div>\n<h1 style=\"text-align: justify;\">Marcelo Gallardo<\/h1>\n<p style=\"text-align: justify;\">Dernier nom cit\u00e9, il appara\u00eet comme l\u2019entra\u00eeneur \u00e9tranger le plus cr\u00e9dible pour prendre les commandes de Lyon d\u00e8s cet \u00e9t\u00e9. Actuel entra\u00eeneur de River Plate en Argentine, l\u2019ancien joueur professionnel poss\u00e8de l\u2019avantage non n\u00e9gligeable de bien connaitre le championnat de France suite \u00e0 ses passages \u00e0 Monaco de 1999 \u00e0 2003 et au Paris Saint-Germain de 2007 \u00e0 2008. Lui aussi sous contrat jusqu\u2019en 2021, son arriv\u00e9e para\u00eet bien plus r\u00e9aliste dans le Rh\u00f4ne.<\/p>\n<div id=\"attachment_37431\" style=\"width: 1930px\" class=\"wp-caption aligncenter\"><img loading=\"lazy\" decoding=\"async\" aria-describedby=\"caption-attachment-37431\" class=\"wp-image-37431 size-full\" src=\"http:\/\/dicodusport.fr\/blog\/wp-content\/uploads\/2019\/04\/Marcelo-Gallardo-la-piste-serait-de-plus-en-plus-chaude-Olympique-et-Lyonnais.jpg\" alt=\"\" width=\"1920\" height=\"1080\" srcset=\"https:\/\/dicodusport.fr\/blog\/wp-content\/uploads\/2019\/04\/Marcelo-Gallardo-la-piste-serait-de-plus-en-plus-chaude-Olympique-et-Lyonnais.jpg 1920w, https:\/\/dicodusport.fr\/blog\/wp-content\/uploads\/2019\/04\/Marcelo-Gallardo-la-piste-serait-de-plus-en-plus-chaude-Olympique-et-Lyonnais-300x169.jpg 300w, https:\/\/dicodusport.fr\/blog\/wp-content\/uploads\/2019\/04\/Marcelo-Gallardo-la-piste-serait-de-plus-en-plus-chaude-Olympique-et-Lyonnais-768x432.jpg 768w, https:\/\/dicodusport.fr\/blog\/wp-content\/uploads\/2019\/04\/Marcelo-Gallardo-la-piste-serait-de-plus-en-plus-chaude-Olympique-et-Lyonnais-1024x576.jpg 1024w\" sizes=\"auto, (max-width: 1920px) 100vw, 1920px\" \/><p id=\"caption-attachment-37431\" class=\"wp-caption-text\">Marcelo Gallardo, la piste serait de plus en plus chaude &#8211; AP<\/p><\/div>\n<h1 style=\"text-align: justify;\">Autres pistes<\/h1>\n<p style=\"text-align: justify;\">Lorsque l\u2019on parle d\u2019un club comme l\u2019Olympique Lyonnais, il y a forc\u00e9ment de nombreux coachs qui sont cit\u00e9s quand on cherche son prochain entra\u00eeneur. Alors que Jean-Michel Aulas, qui en 32 ans de m\u00e9tier n\u2019a jamais fait appel \u00e0 un entraineur \u00e9tranger (15 entra\u00eeneurs sur le banc de l\u2019Olympique Lyonnais, tous Fran\u00e7ais), il appara\u00eet logique de se tourner vers d\u2019autres pistes nationales pour succ\u00e9der \u00e0 Genesio. C\u2019est pourquoi les noms d\u2019Herv\u00e9 Renard, Christophe Galtier ou encore Jocelyn Gourvennec sont apparus dans la presse nationale.<\/p>\n<div class=\"dem-poll-shortcode\">\n<style id=\"democracy-poll\">.democracy:after{content:'';display:table;clear:both}.democracy ul li,.democracy ul{background:0 0;padding:0;margin:0}.democracy ul li:before{display:none}.democracy input[type=radio],.democracy input[type=checkbox]{margin:0;vertical-align:middle}.democracy input[type=radio]:focus,.democracy input[type=checkbox]:focus{outline:none}.democracy ul{list-style:none !important;border:none !important}.democracy ul li{list-style:none !important}input[type=submit].dem-button,a.dem-button,.dem-button{position:relative;display:inline-block;text-decoration:none;line-height:1;border:0;margin:0;padding:0;cursor:pointer;white-space:nowrap;-webkit-user-select:none;-moz-user-select:none;-ms-user-select:none;user-select:none}input[type=submit].dem-button:focus,a.dem-button:focus,.dem-button:focus{outline:none}input[type=submit].dem-button:disabled,a.dem-button:disabled,.dem-button:disabled{opacity:.6;cursor:not-allowed}a.dem-button:hover{text-decoration:none !important}.democracy{position:relative;margin:0 auto}.democracy input[type=radio],.democracy input[type=checkbox]{margin-right:.2em}.dem-screen{position:relative;line-height:1.3}.democracy ul.dem-vote{margin-bottom:1em}.democracy ul.dem-vote li{padding-bottom:0;margin-bottom:0}.democracy ul.dem-vote li>*{margin-bottom:.6em}.democracy ul.dem-answers li{padding-bottom:1em}.dem-answers .dem-label{margin-bottom:.2em;line-height:1.2}.dem-graph{position:relative;color:#555;color:rgba(0,0,0,.6);box-sizing:content-box;width:100%;display:table;height:1.2em;line-height:1.2em}.dem-fill{position:absolute;top:0;left:0;height:100%;background-color:#7cb4dd}.dem-voted-this .dem-fill{background-color:#ffc45a}.dem-votes-txt,.dem-percent-txt{position:relative;display:table-cell;padding-left:.3em;vertical-align:middle;font-size:90%}.dem-poll-info{padding-bottom:1em}.dem-poll-info:after{content:'';display:table;clear:both}.dem-poll-info>*{font-size:85%;display:block;float:right;clear:both;text-align:right;opacity:.7;line-height:1.3}.dem-vote label{float:none;display:block}.dem-results-link{display:inline-block;line-height:1;margin:.8em 1em}.dem-vote .dem-disabled{opacity:.5}.democracy .dem-bottom{padding-bottom:1em}.dem-bottom{text-align:center}.dem-bottom:after{content:'';display:table;clear:both}.dem-poll-title{display:block;margin-bottom:1.5em;margin-top:1.2em;font-size:120%}.dem-notice{z-index:10;position:absolute;top:0;border-radius:2px;width:100%;padding:1.5em 2em;text-align:center;background:rgba(247,241,212,.8);color:#6d6214}.dem-notice-close{position:absolute;top:0;right:0;padding:5px;cursor:pointer;line-height:.6;font-size:150%}.dem-notice-close:hover{color:#d26616}.dem-star{font-size:90%;vertical-align:baseline;padding-left:.3em;color:#ff4e00}.dem-poll-note{font-size:90%;padding:.5em;opacity:.8;line-height:1.3}.democracy .dem-copyright{position:absolute;bottom:-1em;right:0;text-decoration:none;border-bottom:0;color:#b2b2b2;opacity:.5;line-height:1}.democracy .dem-copyright:hover{opacity:1}.dem-add-answer{position:relative}.dem-add-answer>*{display:block}.dem-add-answer a{display:inline-block}input.dem-add-answer-txt{width:100%;box-sizing:border-box}.dem-add-answer-close{position:absolute;right:0;padding:0 .7em;cursor:pointer;color:#333}.dem-add-answer-close:hover{color:#ff2700}.dem-edit-link{display:block;position:absolute;top:0;right:0;line-height:1;text-decoration:none !important;border:none !important}.dem-edit-link svg{width:1.2em!important;fill:#6c6c6c}.dem-edit-link:hover svg{fill:#35a91d}.dem-loader{display:none;position:absolute;top:0;left:0;width:100%;height:100%}.dem-loader>*{display:table-cell;vertical-align:middle;text-align:center}.dem-loader svg{width:20%;max-width:100px;min-width:80px;margin-bottom:15%}.dem-loader [class^=dem-]{margin-bottom:15%!important}.dem__collapser{display:block;cursor:pointer;text-align:center;font-size:150%;line-height:1}.dem__collapser:hover{color:#f31;background:rgba(255,255,255,.3)}.dem__collapser.expanded{position:relative;height:1em}.dem__collapser.collapsed{position:absolute;top:0;bottom:0;right:0;left:0}.dem__collapser .arr{display:block;position:absolute;bottom:0;width:100%}.dem__collapser.collapsed .arr:before{content:\"\u25be\"}.dem__collapser.expanded .arr:before{content:\"\u25b4\"}.dem-poll-shortcode{margin-bottom:1.5em}.dem-archives .dem-elem-wrap{margin-bottom:2em;padding-bottom:20px;border-bottom:1px dashed rgba(0,0,0,.1)}.dem-archives .dem-archive-link{display:none}.dem-paging{text-align:center;margin:1.5em auto}.dem-paging>*{display:inline-block;padding:.3em .8em;border-radius:.2em;background:#e2e2e2;color:#333;text-decoration:none;text-transform:lowercase;user-select:none}.dem-paging>a{color:#333}.dem-paging>a:hover{background:#ccc;color:#333;text-decoration:none}.dem-paging .current{background:#656565;color:#fff}.dem-paging .dots{background:0 0}.democracy{border-color:#ccc;border:1px solid rgba(0,0,0,.1);background-color:#eee;background-color:rgba(0,0,0,.1);background-image:-webkit-linear-gradient(bottom,rgba(0,0,0,.05),transparent);background-image:linear-gradient(to top,rgba(0,0,0,.05),transparent);padding:1em;padding-bottom:.5em;margin-bottom:1em}.dem-poll-title{margin:0;font-size:115%;margin:-.9em;margin-bottom:1em;text-align:center;padding:1em;border-bottom:1px solid rgba(0,0,0,.1)}.dem-percent-txt,.dem-label-percent-txt{display:none}.dem-votes-txt-percent:before{content:'- ';display:inline}.dem-revote-button:before{content:'\u25c2 '}.dem-graph{background-color:rgba(255,255,255,.8)}.dem-results-link{margin-bottom:0}.dem__checkbox,.dem__radio{display:none !important}.dem__checkbox_label,.dem__radio_label{position:relative;box-sizing:content-box}.dem__checkbox_label .dem__spot{border-radius:3px}.dem__radio_label .dem__spot{border-radius:50%}.dem__checkbox_label .dem__spot,.dem__radio_label .dem__spot{position:relative;display:inline-block;vertical-align:baseline;width:.9em;height:.9em;margin-right:.3em;cursor:pointer;background:#fff;border:1px solid #ccc}.dem__checkbox_label .dem__spot:after{width:.9em;height:.32em;top:-.1em;left:.145em;border:.17em solid #333;border-top:none;border-right:none;-webkit-transform:rotate(-45deg);transform:rotate(-45deg);background:0 0}.dem__radio_label .dem__spot:after{width:.5em;height:.5em;border-radius:50%;top:50%;left:50%;-webkit-transform:translate(-50%,-50%);transform:translate(-50%,-50%);background:#333}.dem__checkbox_label .dem__spot:after,.dem__radio_label .dem__spot:after{content:'';position:absolute;opacity:0}.dem__checkbox_label:hover .dem__spot:after,.dem__radio_label:hover .dem__spot:after{opacity:.2}.dem__checkbox:checked+.dem__spot,.dem__radio:checked+.dem__spot{border-color:#999}.dem__checkbox:checked+.dem__spot:after,.dem__radio:checked+.dem__spot:after{opacity:1}.dem__checkbox:disabled+.dem__spot,.dem__radio:disabled+.dem__spot{opacity:.5}.dem__checkbox:not(:checked):disabled+.dem__spot:after,.dem__radio:not(:checked):disabled+.dem__spot:after{opacity:0}input[type=submit].dem-button,a.dem-button,.dem-button{font-size:90%;font-family:tahoma,arial,sans-serif;padding:.8em 1.6em !important;color:#fff;background:#61a9de;text-transform:uppercase}input[type=submit].dem-button:hover,a.dem-button:hover,.dem-button:hover{color:#fff;background:#3b8bc6}a.dem-button:visited{color:#fff}.dem-loader .fill{fill:#0248ed !important}.dem-loader .css-fill{background-color:#0248ed !important}.dem-loader .stroke{stroke:#0248ed !important}.dem-graph{background:#a5a5a5 !important}.dem-fill{background-color:#1c62ed !important}.dem-voted-this .dem-fill{background-color:#30a82a !important}.dem-graph{height:25px;line-height:25px}.dem-button{background-color:#f71339 !important}.dem-button{color:#efefef !important}.democracy{background-color:#fff;color:#000}.dem-poll-info{color:#000}.dem-votes-txt,.dem-percent-txt{color:#fff}<\/style>\n<div id=\"democracy-280\" class=\"democracy\" data-opts='{\"ajax_url\":\"https:\\\/\\\/dicodusport.fr\\\/blog\\\/wp-admin\\\/admin-ajax.php\",\"pid\":280,\"max_answs\":0,\"answs_max_height\":\"-1\",\"anim_speed\":\"400\",\"line_anim_speed\":1500}' ><strong class=\"dem-poll-title\">Selon vous, qui succ\u00e8dera \u00e0 Bruno Genesio cet \u00e9t\u00e9 sur le banc de l\u2019Olympique Lyonnais ?<\/strong><div class=\"dem-screen voted\"><ul class=\"dem-answers\" data-voted-class=\"dem-voted-this\" data-voted-txt=\"(Votre vote)\">\n\t<li  class=\"dem-winner\" title=\"85 voix - 51% des votes\" data-aid=\"1044\">\n\t<div class=\"dem-label\">Laurent Blanc  <span class=\"dem-label-percent-txt\">51%, 85 <span class=\"votxt\">voix<\/span><\/span><\/div>\n\t<div class=\"dem-graph\">\n\t\t<div class=\"dem-fill\" data-width=\"100%\"><\/div>\n\t\t<div class=\"dem-votes-txt\">\n\t\t\t<span class=\"dem-votes-txt-votes\">85 <span class=\"votxt\">voix<\/span><\/span>\n\t\t\t<span class=\"dem-votes-txt-percent\">51%<\/span>\n\t\t<\/div>\n\t\t<div class=\"dem-percent-txt\">85 voix - 51% des votes<\/div>\n\t<\/div>\n<\/li><li  title=\"35 voix - 21% des votes\" data-aid=\"1046\">\n\t<div class=\"dem-label\">Jos\u00e9 Mourinho  <span class=\"dem-label-percent-txt\">21%, 35 <span class=\"votxt\">voix<\/span><\/span><\/div>\n\t<div class=\"dem-graph\">\n\t\t<div class=\"dem-fill\" data-width=\"41%\"><\/div>\n\t\t<div class=\"dem-votes-txt\">\n\t\t\t<span class=\"dem-votes-txt-votes\">35 <span class=\"votxt\">voix<\/span><\/span>\n\t\t\t<span class=\"dem-votes-txt-percent\">21%<\/span>\n\t\t<\/div>\n\t\t<div class=\"dem-percent-txt\">35 voix - 21% des votes<\/div>\n\t<\/div>\n<\/li><li  title=\"33 voix - 20% des votes\" data-aid=\"1045\">\n\t<div class=\"dem-label\">Marcelo Gallardo  <span class=\"dem-label-percent-txt\">20%, 33 <span class=\"votxt\">voix<\/span><\/span><\/div>\n\t<div class=\"dem-graph\">\n\t\t<div class=\"dem-fill\" data-width=\"39%\"><\/div>\n\t\t<div class=\"dem-votes-txt\">\n\t\t\t<span class=\"dem-votes-txt-votes\">33 <span class=\"votxt\">voix<\/span><\/span>\n\t\t\t<span class=\"dem-votes-txt-percent\">20%<\/span>\n\t\t<\/div>\n\t\t<div class=\"dem-percent-txt\">33 voix - 20% des votes<\/div>\n\t<\/div>\n<\/li><li  title=\"6 voix - 4% des votes\" data-aid=\"1048\">\n\t<div class=\"dem-label\">Christophe Galtier  <span class=\"dem-label-percent-txt\">4%, 6 <span class=\"votxt\">voix<\/span><\/span><\/div>\n\t<div class=\"dem-graph\">\n\t\t<div class=\"dem-fill\" data-width=\"7%\"><\/div>\n\t\t<div class=\"dem-votes-txt\">\n\t\t\t<span class=\"dem-votes-txt-votes\">6 <span class=\"votxt\">voix<\/span><\/span>\n\t\t\t<span class=\"dem-votes-txt-percent\">4%<\/span>\n\t\t<\/div>\n\t\t<div class=\"dem-percent-txt\">6 voix - 4% des votes<\/div>\n\t<\/div>\n<\/li><li  title=\"4 voix - 2% des votes\" data-aid=\"1049\">\n\t<div class=\"dem-label\">Herv\u00e9 Renard  <span class=\"dem-label-percent-txt\">2%, 4 <span class=\"votxt\">voix<\/span><\/span><\/div>\n\t<div class=\"dem-graph\">\n\t\t<div class=\"dem-fill\" data-width=\"5%\"><\/div>\n\t\t<div class=\"dem-votes-txt\">\n\t\t\t<span class=\"dem-votes-txt-votes\">4 <span class=\"votxt\">voix<\/span><\/span>\n\t\t\t<span class=\"dem-votes-txt-percent\">2%<\/span>\n\t\t<\/div>\n\t\t<div class=\"dem-percent-txt\">4 voix - 2% des votes<\/div>\n\t<\/div>\n<\/li><li  title=\"3 voix - 2% des votes\" data-aid=\"1047\">\n\t<div class=\"dem-label\">Patrick Vieira  <span class=\"dem-label-percent-txt\">2%, 3 <span class=\"votxt\">voix<\/span><\/span><\/div>\n\t<div class=\"dem-graph\">\n\t\t<div class=\"dem-fill\" data-width=\"4%\"><\/div>\n\t\t<div class=\"dem-votes-txt\">\n\t\t\t<span class=\"dem-votes-txt-votes\">3 <span class=\"votxt\">voix<\/span><\/span>\n\t\t\t<span class=\"dem-votes-txt-percent\">2%<\/span>\n\t\t<\/div>\n\t\t<div class=\"dem-percent-txt\">3 voix - 2% des votes<\/div>\n\t<\/div>\n<\/li>\n<\/ul>\n<div class=\"dem-bottom\">\n\t<div class=\"dem-poll-info\">\n\t\t<div class=\"dem-total-votes\">Total des votes : 166<\/div>\n\t\t\n\t\t<div class=\"dem-date\" title=\"D\u00e9but\">\n\t\t\t<span class=\"dem-begin-date\">19 avril 2019<\/span> - <span class=\"dem-end-date\" title=\"Fin\">12 ao\u00fbt 2021<\/span>\n\t\t<\/div>\n\t\t\n\t\t<div>Les votes sont clos<\/div>\n\t\t\n\t<\/div>\n\t\n<\/div><\/div><noscript>Poll Options are limited because JavaScript is disabled in your browser.<\/noscript><div class=\"dem-loader\"><div><style type=\"text\/css\">\n.dem-circle {\n  width:100%;\n  height:100%;\n  min-width:40px;\n  min-height:40px;\n  max-width:70px;\n  max-height:70px;\n\n  position: relative;\n  margin: 0 auto;\n}\n\n.double-bounce1, .double-bounce2 {\n  width: 100%;\n  height: 100%;\n  border-radius: 50%;\n  background-color: #226ec6;\n  opacity: 0.6;\n  position: absolute;\n  top: 0;\n  left: 0;\n  \n  -webkit-animation: bounce 2.0s infinite ease-in-out;\n  animation: bounce 2.0s infinite ease-in-out;\n}\n\n.double-bounce2 {\n  -webkit-animation-delay: -1.0s;\n  animation-delay: -1.0s;\n}\n\n@-webkit-keyframes bounce {\n  0%, 100% { -webkit-transform: scale(0.0) }\n  50% { -webkit-transform: scale(1.0) }\n}\n\n@keyframes bounce {\n  0%, 100% { \n    transform: scale(0.0);\n    -webkit-transform: scale(0.0);\n  } 50% { \n    transform: scale(1.0);\n    -webkit-transform: scale(1.0);\n  }\n}<\/style>\n\n<div class=\"dem-circle\">\n  <div class=\"double-bounce1 css-fill\"><\/div>\n  <div class=\"double-bounce2 css-fill\"><\/div>\n<\/div><\/div><\/div><\/div><!--democracy--><\/div>\n<p><strong><em>Bastien Pitte<br \/>\n<a href=\"https:\/\/www.facebook.com\/bastien.pitte\" target=\"_blank\" rel=\"noopener\"><img loading=\"lazy\" decoding=\"async\" class=\"alignnone wp-image-2909\" src=\"http:\/\/dicodusport.fr\/blog\/wp-content\/uploads\/2017\/07\/logo-facebook-150x150.png\" alt=\"\" width=\"39\" height=\"39\" \/><\/a><\/em><\/strong><a href=\"https:\/\/www.linkedin.com\/in\/bastien-pitte\" target=\"_blank\" rel=\"noopener\"><img loading=\"lazy\" decoding=\"async\" class=\"alignnone wp-image-3711\" src=\"http:\/\/dicodusport.fr\/blog\/wp-content\/uploads\/2017\/08\/signature-linkedin-150x150.png\" alt=\"\" width=\"39\" height=\"39\" srcset=\"https:\/\/dicodusport.fr\/blog\/wp-content\/uploads\/2017\/08\/signature-linkedin-150x150.png 150w, https:\/\/dicodusport.fr\/blog\/wp-content\/uploads\/2017\/08\/signature-linkedin.png 295w\" sizes=\"auto, (max-width: 39px) 100vw, 39px\" \/><\/a><\/p>\n","protected":false},"excerpt":{"rendered":"<p>L\u2019Olympique Lyonnais s\u2019active en coulisses pour trouver le successeur de Bruno Genesio. Petit tour d\u2019horizon des favoris de Jean-Michel Aulas.<\/p>\n","protected":false},"author":28,"featured_media":37437,"comment_status":"open","ping_status":"closed","sticky":false,"template":"","format":"standard","meta":{"_acf_changed":false,"_daextam_enable_autolinks":"","footnotes":""},"categories":[2,2301],"tags":[5895,75,2845,6101,6707,449,1145,268],"class_list":["post-37427","post","type-post","status-publish","format-standard","has-post-thumbnail","hentry","category-actualites","category-football","tag-bruno-genesio","tag-football","tag-jean-michel-aulas","tag-jose-mourinho","tag-laurent-blanc","tag-lyon","tag-ol","tag-patrick-vieira"],"acf":[],"yoast_head":"<!-- This site is optimized with the Yoast SEO Premium plugin v26.7 (Yoast SEO v26.7) - https:\/\/yoast.com\/wordpress\/plugins\/seo\/ -->\n<title>Qui pour succ\u00e9der \u00e0 Bruno Genesio sur le banc de l&#039;Olympique Lyonnais ?<\/title>\n<meta name=\"description\" content=\"L\u2019Olympique Lyonnais s\u2019active en coulisses pour trouver le successeur de Bruno Genesio. Petit tour d\u2019horizon des favoris de Jean-Michel Aulas.\" \/>\n<meta name=\"robots\" content=\"index, follow, max-snippet:-1, max-image-preview:large, max-video-preview:-1\" \/>\n<link rel=\"canonical\" href=\"https:\/\/dicodusport.fr\/blog\/qui-pour-succeder-a-bruno-genesio-sur-le-banc-de-l-olympique-lyonnais\/\" \/>\n<meta property=\"og:locale\" content=\"fr_FR\" \/>\n<meta property=\"og:type\" content=\"article\" \/>\n<meta property=\"og:title\" content=\"Qui pour succ\u00e9der \u00e0 Bruno Genesio sur le banc de l&#039;Olympique Lyonnais ?\" \/>\n<meta property=\"og:description\" content=\"L\u2019Olympique Lyonnais s\u2019active en coulisses pour trouver le successeur de Bruno Genesio. Petit tour d\u2019horizon des favoris de Jean-Michel Aulas.\" \/>\n<meta property=\"og:url\" content=\"https:\/\/dicodusport.fr\/blog\/qui-pour-succeder-a-bruno-genesio-sur-le-banc-de-l-olympique-lyonnais\/\" \/>\n<meta property=\"og:site_name\" content=\"Dicodusport\" \/>\n<meta property=\"article:publisher\" content=\"https:\/\/www.facebook.com\/dicodusport\" \/>\n<meta property=\"article:published_time\" content=\"2019-04-19T09:30:59+00:00\" \/>\n<meta property=\"og:image\" content=\"https:\/\/dicodusport.fr\/blog\/wp-content\/uploads\/2019\/04\/Favoris-succession-Bruno-Genesio-OL.png\" \/>\n\t<meta property=\"og:image:width\" content=\"800\" \/>\n\t<meta property=\"og:image:height\" content=\"445\" \/>\n\t<meta property=\"og:image:type\" content=\"image\/png\" \/>\n<meta name=\"author\" content=\"Bastien Pitte\" \/>\n<meta name=\"twitter:card\" content=\"summary_large_image\" \/>\n<meta name=\"twitter:creator\" content=\"@dicodusport\" \/>\n<meta name=\"twitter:site\" content=\"@dicodusport\" \/>\n<script type=\"application\/ld+json\" class=\"yoast-schema-graph\">{\"@context\":\"https:\/\/schema.org\",\"@graph\":[{\"@type\":\"NewsArticle\",\"@id\":\"https:\/\/dicodusport.fr\/blog\/qui-pour-succeder-a-bruno-genesio-sur-le-banc-de-l-olympique-lyonnais\/#article\",\"isPartOf\":{\"@id\":\"https:\/\/dicodusport.fr\/blog\/qui-pour-succeder-a-bruno-genesio-sur-le-banc-de-l-olympique-lyonnais\/\"},\"author\":{\"name\":\"Bastien Pitte\",\"@id\":\"https:\/\/dicodusport.fr\/blog\/#\/schema\/person\/0d3ca824646a2d0c77bdd7e45230c071\"},\"headline\":\"Qui pour succ\u00e9der \u00e0 Bruno Genesio sur le banc de l&rsquo;Olympique Lyonnais ?\",\"datePublished\":\"2019-04-19T09:30:59+00:00\",\"mainEntityOfPage\":{\"@id\":\"https:\/\/dicodusport.fr\/blog\/qui-pour-succeder-a-bruno-genesio-sur-le-banc-de-l-olympique-lyonnais\/\"},\"wordCount\":646,\"commentCount\":0,\"publisher\":{\"@id\":\"https:\/\/dicodusport.fr\/blog\/#organization\"},\"image\":{\"@id\":\"https:\/\/dicodusport.fr\/blog\/qui-pour-succeder-a-bruno-genesio-sur-le-banc-de-l-olympique-lyonnais\/#primaryimage\"},\"thumbnailUrl\":\"https:\/\/dicodusport.fr\/blog\/wp-content\/uploads\/2019\/04\/Favoris-succession-Bruno-Genesio-OL.png\",\"keywords\":[\"Bruno Genesio\",\"Football\",\"Jean-Michel Aulas\",\"Jos\u00e9 Mourinho\",\"Laurent Blanc\",\"Lyon\",\"OL\",\"Patrick Vieira\"],\"articleSection\":[\"Actualit\u00e9s\",\"Football\"],\"inLanguage\":\"fr-FR\",\"potentialAction\":[{\"@type\":\"CommentAction\",\"name\":\"Comment\",\"target\":[\"https:\/\/dicodusport.fr\/blog\/qui-pour-succeder-a-bruno-genesio-sur-le-banc-de-l-olympique-lyonnais\/#respond\"]}],\"copyrightYear\":\"2019\",\"copyrightHolder\":{\"@id\":\"https:\/\/dicodusport.fr\/blog\/#organization\"}},{\"@type\":\"WebPage\",\"@id\":\"https:\/\/dicodusport.fr\/blog\/qui-pour-succeder-a-bruno-genesio-sur-le-banc-de-l-olympique-lyonnais\/\",\"url\":\"https:\/\/dicodusport.fr\/blog\/qui-pour-succeder-a-bruno-genesio-sur-le-banc-de-l-olympique-lyonnais\/\",\"name\":\"Qui pour succ\u00e9der \u00e0 Bruno Genesio sur le banc de l'Olympique Lyonnais ?\",\"isPartOf\":{\"@id\":\"https:\/\/dicodusport.fr\/blog\/#website\"},\"primaryImageOfPage\":{\"@id\":\"https:\/\/dicodusport.fr\/blog\/qui-pour-succeder-a-bruno-genesio-sur-le-banc-de-l-olympique-lyonnais\/#primaryimage\"},\"image\":{\"@id\":\"https:\/\/dicodusport.fr\/blog\/qui-pour-succeder-a-bruno-genesio-sur-le-banc-de-l-olympique-lyonnais\/#primaryimage\"},\"thumbnailUrl\":\"https:\/\/dicodusport.fr\/blog\/wp-content\/uploads\/2019\/04\/Favoris-succession-Bruno-Genesio-OL.png\",\"datePublished\":\"2019-04-19T09:30:59+00:00\",\"description\":\"L\u2019Olympique Lyonnais s\u2019active en coulisses pour trouver le successeur de Bruno Genesio. Petit tour d\u2019horizon des favoris de Jean-Michel Aulas.\",\"breadcrumb\":{\"@id\":\"https:\/\/dicodusport.fr\/blog\/qui-pour-succeder-a-bruno-genesio-sur-le-banc-de-l-olympique-lyonnais\/#breadcrumb\"},\"inLanguage\":\"fr-FR\",\"potentialAction\":[{\"@type\":\"ReadAction\",\"target\":[\"https:\/\/dicodusport.fr\/blog\/qui-pour-succeder-a-bruno-genesio-sur-le-banc-de-l-olympique-lyonnais\/\"]}]},{\"@type\":\"ImageObject\",\"inLanguage\":\"fr-FR\",\"@id\":\"https:\/\/dicodusport.fr\/blog\/qui-pour-succeder-a-bruno-genesio-sur-le-banc-de-l-olympique-lyonnais\/#primaryimage\",\"url\":\"https:\/\/dicodusport.fr\/blog\/wp-content\/uploads\/2019\/04\/Favoris-succession-Bruno-Genesio-OL.png\",\"contentUrl\":\"https:\/\/dicodusport.fr\/blog\/wp-content\/uploads\/2019\/04\/Favoris-succession-Bruno-Genesio-OL.png\",\"width\":800,\"height\":445},{\"@type\":\"BreadcrumbList\",\"@id\":\"https:\/\/dicodusport.fr\/blog\/qui-pour-succeder-a-bruno-genesio-sur-le-banc-de-l-olympique-lyonnais\/#breadcrumb\",\"itemListElement\":[{\"@type\":\"ListItem\",\"position\":1,\"name\":\"Accueil\",\"item\":\"https:\/\/dicodusport.fr\/blog\/\"},{\"@type\":\"ListItem\",\"position\":2,\"name\":\"Qui pour succ\u00e9der \u00e0 Bruno Genesio sur le banc de l&rsquo;Olympique Lyonnais ?\"}]},{\"@type\":\"WebSite\",\"@id\":\"https:\/\/dicodusport.fr\/blog\/#website\",\"url\":\"https:\/\/dicodusport.fr\/blog\/\",\"name\":\"Dicodusport\",\"description\":\"L&#039;encyclop\u00e9die de l&#039;actualit\u00e9 sportive\",\"publisher\":{\"@id\":\"https:\/\/dicodusport.fr\/blog\/#organization\"},\"potentialAction\":[{\"@type\":\"SearchAction\",\"target\":{\"@type\":\"EntryPoint\",\"urlTemplate\":\"https:\/\/dicodusport.fr\/blog\/?s={search_term_string}\"},\"query-input\":{\"@type\":\"PropertyValueSpecification\",\"valueRequired\":true,\"valueName\":\"search_term_string\"}}],\"inLanguage\":\"fr-FR\"},{\"@type\":\"NewsMediaOrganization\",\"@id\":\"https:\/\/dicodusport.fr\/blog\/#organization\",\"name\":\"Dicodusport\",\"url\":\"https:\/\/dicodusport.fr\/blog\/\",\"logo\":{\"@type\":\"ImageObject\",\"inLanguage\":\"fr-FR\",\"@id\":\"https:\/\/dicodusport.fr\/blog\/#\/schema\/logo\/image\/\",\"url\":\"https:\/\/dicodusport.fr\/blog\/wp-content\/uploads\/2020\/06\/cropped-LOGO-DICODUSPORT-2020-SANS-FOND-SANS-TEXTE.png\",\"contentUrl\":\"https:\/\/dicodusport.fr\/blog\/wp-content\/uploads\/2020\/06\/cropped-LOGO-DICODUSPORT-2020-SANS-FOND-SANS-TEXTE.png\",\"width\":512,\"height\":512,\"caption\":\"Dicodusport\"},\"image\":{\"@id\":\"https:\/\/dicodusport.fr\/blog\/#\/schema\/logo\/image\/\"},\"sameAs\":[\"https:\/\/www.facebook.com\/dicodusport\",\"https:\/\/x.com\/dicodusport\",\"https:\/\/www.instagram.com\/dicodusport\/\",\"https:\/\/www.youtube.com\/channel\/UC7V2KZ5sd3htJivAbA4ZG3w\"],\"description\":\"Dicodusport est l'encyclop\u00e9die de l'actualit\u00e9 sportive.\",\"email\":\"bonjour@dicodusport.fr\",\"legalName\":\"DICODUSPORT\",\"foundingDate\":\"2018-01-14\",\"vatID\":\"FR71834470973\",\"taxID\":\"83447097300043\",\"numberOfEmployees\":{\"@type\":\"QuantitativeValue\",\"minValue\":\"1\",\"maxValue\":\"10\"}},{\"@type\":\"Person\",\"@id\":\"https:\/\/dicodusport.fr\/blog\/#\/schema\/person\/0d3ca824646a2d0c77bdd7e45230c071\",\"name\":\"Bastien Pitte\",\"image\":{\"@type\":\"ImageObject\",\"inLanguage\":\"fr-FR\",\"@id\":\"https:\/\/dicodusport.fr\/blog\/#\/schema\/person\/image\/\",\"url\":\"https:\/\/dicodusport.fr\/blog\/wp-content\/uploads\/2020\/06\/cropped-LOGO-DICODUSPORT-2020-SANS-FOND-SANS-TEXTE-150x150.png\",\"contentUrl\":\"https:\/\/dicodusport.fr\/blog\/wp-content\/uploads\/2020\/06\/cropped-LOGO-DICODUSPORT-2020-SANS-FOND-SANS-TEXTE-150x150.png\",\"caption\":\"Bastien Pitte\"},\"url\":\"https:\/\/dicodusport.fr\/blog\/author\/bastien\/\"}]}<\/script>\n<!-- \/ Yoast SEO Premium plugin. -->","yoast_head_json":{"title":"Qui pour succ\u00e9der \u00e0 Bruno Genesio sur le banc de l'Olympique Lyonnais ?","description":"L\u2019Olympique Lyonnais s\u2019active en coulisses pour trouver le successeur de Bruno Genesio. Petit tour d\u2019horizon des favoris de Jean-Michel Aulas.","robots":{"index":"index","follow":"follow","max-snippet":"max-snippet:-1","max-image-preview":"max-image-preview:large","max-video-preview":"max-video-preview:-1"},"canonical":"https:\/\/dicodusport.fr\/blog\/qui-pour-succeder-a-bruno-genesio-sur-le-banc-de-l-olympique-lyonnais\/","og_locale":"fr_FR","og_type":"article","og_title":"Qui pour succ\u00e9der \u00e0 Bruno Genesio sur le banc de l'Olympique Lyonnais ?","og_description":"L\u2019Olympique Lyonnais s\u2019active en coulisses pour trouver le successeur de Bruno Genesio. Petit tour d\u2019horizon des favoris de Jean-Michel Aulas.","og_url":"https:\/\/dicodusport.fr\/blog\/qui-pour-succeder-a-bruno-genesio-sur-le-banc-de-l-olympique-lyonnais\/","og_site_name":"Dicodusport","article_publisher":"https:\/\/www.facebook.com\/dicodusport","article_published_time":"2019-04-19T09:30:59+00:00","og_image":[{"width":800,"height":445,"url":"https:\/\/dicodusport.fr\/blog\/wp-content\/uploads\/2019\/04\/Favoris-succession-Bruno-Genesio-OL.png","type":"image\/png"}],"author":"Bastien Pitte","twitter_card":"summary_large_image","twitter_creator":"@dicodusport","twitter_site":"@dicodusport","schema":{"@context":"https:\/\/schema.org","@graph":[{"@type":"NewsArticle","@id":"https:\/\/dicodusport.fr\/blog\/qui-pour-succeder-a-bruno-genesio-sur-le-banc-de-l-olympique-lyonnais\/#article","isPartOf":{"@id":"https:\/\/dicodusport.fr\/blog\/qui-pour-succeder-a-bruno-genesio-sur-le-banc-de-l-olympique-lyonnais\/"},"author":{"name":"Bastien Pitte","@id":"https:\/\/dicodusport.fr\/blog\/#\/schema\/person\/0d3ca824646a2d0c77bdd7e45230c071"},"headline":"Qui pour succ\u00e9der \u00e0 Bruno Genesio sur le banc de l&rsquo;Olympique Lyonnais ?","datePublished":"2019-04-19T09:30:59+00:00","mainEntityOfPage":{"@id":"https:\/\/dicodusport.fr\/blog\/qui-pour-succeder-a-bruno-genesio-sur-le-banc-de-l-olympique-lyonnais\/"},"wordCount":646,"commentCount":0,"publisher":{"@id":"https:\/\/dicodusport.fr\/blog\/#organization"},"image":{"@id":"https:\/\/dicodusport.fr\/blog\/qui-pour-succeder-a-bruno-genesio-sur-le-banc-de-l-olympique-lyonnais\/#primaryimage"},"thumbnailUrl":"https:\/\/dicodusport.fr\/blog\/wp-content\/uploads\/2019\/04\/Favoris-succession-Bruno-Genesio-OL.png","keywords":["Bruno Genesio","Football","Jean-Michel Aulas","Jos\u00e9 Mourinho","Laurent Blanc","Lyon","OL","Patrick Vieira"],"articleSection":["Actualit\u00e9s","Football"],"inLanguage":"fr-FR","potentialAction":[{"@type":"CommentAction","name":"Comment","target":["https:\/\/dicodusport.fr\/blog\/qui-pour-succeder-a-bruno-genesio-sur-le-banc-de-l-olympique-lyonnais\/#respond"]}],"copyrightYear":"2019","copyrightHolder":{"@id":"https:\/\/dicodusport.fr\/blog\/#organization"}},{"@type":"WebPage","@id":"https:\/\/dicodusport.fr\/blog\/qui-pour-succeder-a-bruno-genesio-sur-le-banc-de-l-olympique-lyonnais\/","url":"https:\/\/dicodusport.fr\/blog\/qui-pour-succeder-a-bruno-genesio-sur-le-banc-de-l-olympique-lyonnais\/","name":"Qui pour succ\u00e9der \u00e0 Bruno Genesio sur le banc de l'Olympique Lyonnais ?","isPartOf":{"@id":"https:\/\/dicodusport.fr\/blog\/#website"},"primaryImageOfPage":{"@id":"https:\/\/dicodusport.fr\/blog\/qui-pour-succeder-a-bruno-genesio-sur-le-banc-de-l-olympique-lyonnais\/#primaryimage"},"image":{"@id":"https:\/\/dicodusport.fr\/blog\/qui-pour-succeder-a-bruno-genesio-sur-le-banc-de-l-olympique-lyonnais\/#primaryimage"},"thumbnailUrl":"https:\/\/dicodusport.fr\/blog\/wp-content\/uploads\/2019\/04\/Favoris-succession-Bruno-Genesio-OL.png","datePublished":"2019-04-19T09:30:59+00:00","description":"L\u2019Olympique Lyonnais s\u2019active en coulisses pour trouver le successeur de Bruno Genesio. Petit tour d\u2019horizon des favoris de Jean-Michel Aulas.","breadcrumb":{"@id":"https:\/\/dicodusport.fr\/blog\/qui-pour-succeder-a-bruno-genesio-sur-le-banc-de-l-olympique-lyonnais\/#breadcrumb"},"inLanguage":"fr-FR","potentialAction":[{"@type":"ReadAction","target":["https:\/\/dicodusport.fr\/blog\/qui-pour-succeder-a-bruno-genesio-sur-le-banc-de-l-olympique-lyonnais\/"]}]},{"@type":"ImageObject","inLanguage":"fr-FR","@id":"https:\/\/dicodusport.fr\/blog\/qui-pour-succeder-a-bruno-genesio-sur-le-banc-de-l-olympique-lyonnais\/#primaryimage","url":"https:\/\/dicodusport.fr\/blog\/wp-content\/uploads\/2019\/04\/Favoris-succession-Bruno-Genesio-OL.png","contentUrl":"https:\/\/dicodusport.fr\/blog\/wp-content\/uploads\/2019\/04\/Favoris-succession-Bruno-Genesio-OL.png","width":800,"height":445},{"@type":"BreadcrumbList","@id":"https:\/\/dicodusport.fr\/blog\/qui-pour-succeder-a-bruno-genesio-sur-le-banc-de-l-olympique-lyonnais\/#breadcrumb","itemListElement":[{"@type":"ListItem","position":1,"name":"Accueil","item":"https:\/\/dicodusport.fr\/blog\/"},{"@type":"ListItem","position":2,"name":"Qui pour succ\u00e9der \u00e0 Bruno Genesio sur le banc de l&rsquo;Olympique Lyonnais ?"}]},{"@type":"WebSite","@id":"https:\/\/dicodusport.fr\/blog\/#website","url":"https:\/\/dicodusport.fr\/blog\/","name":"Dicodusport","description":"L&#039;encyclop\u00e9die de l&#039;actualit\u00e9 sportive","publisher":{"@id":"https:\/\/dicodusport.fr\/blog\/#organization"},"potentialAction":[{"@type":"SearchAction","target":{"@type":"EntryPoint","urlTemplate":"https:\/\/dicodusport.fr\/blog\/?s={search_term_string}"},"query-input":{"@type":"PropertyValueSpecification","valueRequired":true,"valueName":"search_term_string"}}],"inLanguage":"fr-FR"},{"@type":"NewsMediaOrganization","@id":"https:\/\/dicodusport.fr\/blog\/#organization","name":"Dicodusport","url":"https:\/\/dicodusport.fr\/blog\/","logo":{"@type":"ImageObject","inLanguage":"fr-FR","@id":"https:\/\/dicodusport.fr\/blog\/#\/schema\/logo\/image\/","url":"https:\/\/dicodusport.fr\/blog\/wp-content\/uploads\/2020\/06\/cropped-LOGO-DICODUSPORT-2020-SANS-FOND-SANS-TEXTE.png","contentUrl":"https:\/\/dicodusport.fr\/blog\/wp-content\/uploads\/2020\/06\/cropped-LOGO-DICODUSPORT-2020-SANS-FOND-SANS-TEXTE.png","width":512,"height":512,"caption":"Dicodusport"},"image":{"@id":"https:\/\/dicodusport.fr\/blog\/#\/schema\/logo\/image\/"},"sameAs":["https:\/\/www.facebook.com\/dicodusport","https:\/\/x.com\/dicodusport","https:\/\/www.instagram.com\/dicodusport\/","https:\/\/www.youtube.com\/channel\/UC7V2KZ5sd3htJivAbA4ZG3w"],"description":"Dicodusport est l'encyclop\u00e9die de l'actualit\u00e9 sportive.","email":"bonjour@dicodusport.fr","legalName":"DICODUSPORT","foundingDate":"2018-01-14","vatID":"FR71834470973","taxID":"83447097300043","numberOfEmployees":{"@type":"QuantitativeValue","minValue":"1","maxValue":"10"}},{"@type":"Person","@id":"https:\/\/dicodusport.fr\/blog\/#\/schema\/person\/0d3ca824646a2d0c77bdd7e45230c071","name":"Bastien Pitte","image":{"@type":"ImageObject","inLanguage":"fr-FR","@id":"https:\/\/dicodusport.fr\/blog\/#\/schema\/person\/image\/","url":"https:\/\/dicodusport.fr\/blog\/wp-content\/uploads\/2020\/06\/cropped-LOGO-DICODUSPORT-2020-SANS-FOND-SANS-TEXTE-150x150.png","contentUrl":"https:\/\/dicodusport.fr\/blog\/wp-content\/uploads\/2020\/06\/cropped-LOGO-DICODUSPORT-2020-SANS-FOND-SANS-TEXTE-150x150.png","caption":"Bastien Pitte"},"url":"https:\/\/dicodusport.fr\/blog\/author\/bastien\/"}]}},"_links":{"self":[{"href":"https:\/\/dicodusport.fr\/blog\/wp-json\/wp\/v2\/posts\/37427","targetHints":{"allow":["GET"]}}],"collection":[{"href":"https:\/\/dicodusport.fr\/blog\/wp-json\/wp\/v2\/posts"}],"about":[{"href":"https:\/\/dicodusport.fr\/blog\/wp-json\/wp\/v2\/types\/post"}],"author":[{"embeddable":true,"href":"https:\/\/dicodusport.fr\/blog\/wp-json\/wp\/v2\/users\/28"}],"replies":[{"embeddable":true,"href":"https:\/\/dicodusport.fr\/blog\/wp-json\/wp\/v2\/comments?post=37427"}],"version-history":[{"count":0,"href":"https:\/\/dicodusport.fr\/blog\/wp-json\/wp\/v2\/posts\/37427\/revisions"}],"wp:featuredmedia":[{"embeddable":true,"href":"https:\/\/dicodusport.fr\/blog\/wp-json\/wp\/v2\/media\/37437"}],"wp:attachment":[{"href":"https:\/\/dicodusport.fr\/blog\/wp-json\/wp\/v2\/media?parent=37427"}],"wp:term":[{"taxonomy":"category","embeddable":true,"href":"https:\/\/dicodusport.fr\/blog\/wp-json\/wp\/v2\/categories?post=37427"},{"taxonomy":"post_tag","embeddable":true,"href":"https:\/\/dicodusport.fr\/blog\/wp-json\/wp\/v2\/tags?post=37427"}],"curies":[{"name":"wp","href":"https:\/\/api.w.org\/{rel}","templated":true}]}}