{"id":374323,"date":"2023-04-15T09:24:49","date_gmt":"2023-04-15T07:24:49","guid":{"rendered":"https:\/\/dicodusport.fr\/blog\/?p=374323&#038;preview=true&#038;preview_id=374323"},"modified":"2023-04-15T14:34:58","modified_gmt":"2023-04-15T12:34:58","slug":"corinne-diacre-reclame-6-millions-deuros-a-la-fff","status":"publish","type":"post","link":"https:\/\/dicodusport.fr\/blog\/corinne-diacre-reclame-6-millions-deuros-a-la-fff\/","title":{"rendered":"Corinne Diacre r\u00e9clame 6 millions d&rsquo;euros \u00e0 la FFF"},"content":{"rendered":"<p style=\"text-align: justify;\" align=\"justify\"><em><strong>FOOTBALL &#8211; Comme le r\u00e9v\u00e8lent nos confr\u00e8res de L&rsquo;\u00c9quipe, Corinne Diacre, ancienne s\u00e9lectionneuse de l&rsquo;\u00e9quipe de France f\u00e9minine de football, r\u00e9clame pas moins de 6 millions \u00e0 la FFF comme d\u00e9dommagement, suite \u00e0 sa mise \u00e0 l&rsquo;\u00e9cart des Bleues.<\/strong><\/em><\/p>\n<p style=\"text-align: justify;\" align=\"justify\">Toujours pas licenci\u00e9e par la <strong>F\u00e9d\u00e9ration Fran\u00e7aise de<\/strong> <strong>Football<\/strong>, <strong>Corinne<\/strong> <strong>Diacre<\/strong> continue de percevoir son salaire. <a href=\"https:\/\/dicodusport.fr\/blog\/equipe-de-france-salaire-contrat-ce-que-gagne-corinne-diacre-a-la-tete-des-bleues\/\">Soit environ 34 000 euros par mois<\/a>. Mais l&rsquo;ancienne s\u00e9lectionneuse de l&rsquo;\u00e9quipe de <strong>France<\/strong> est sortie du bois par la voix de son avocat, qui s&rsquo;en est d&rsquo;abord pris \u00e0 <strong>Jean-Michel Aulas<\/strong>.<\/p>\n<blockquote>\n<p style=\"text-align: justify;\" align=\"justify\">\u00a0Tout a commenc\u00e9 avec Wendie Renard, qui joue \u00e0 Lyon, dans l&rsquo;\u00e9quipe de monsieur Aulas, et monsieur Aulas lui-m\u00eame, qui ont fait des d\u00e9clarations publiques contre Corinne Diacre. C&rsquo;est extr\u00eamement grave que l&#8217;employeur lui-m\u00eame &#8211; monsieur Aulas si\u00e8ge au comex de la FFF, et repr\u00e9sente donc l&#8217;employeur &#8211; avant m\u00eame de regarder le dossier, dit qu&rsquo;elle doit \u00eatre \u00e9vinc\u00e9e. Cette condamnation publique, sans proc\u00e8s, ne tient aucun compte de toutes les proc\u00e9dures. Dans cette affaire, il y a des int\u00e9r\u00eats personnels que tout le monde imaginera&#8230; Ensuite, il y a eu une commission bidon cens\u00e9e \u00e9valuer si on doit r\u00e9voquer Corinne Diacre et dans laquelle il y a monsieur Aulas, qui est juge et partie.<\/p>\n<\/blockquote>\n<div class=\"vlp-link-container vlp-layout-article\"><a href=\"https:\/\/dicodusport.fr\/blog\/equipe-de-france-salaire-contrat-ce-que-gagne-corinne-diacre-a-la-tete-des-bleues\/\" class=\"vlp-link\" title=\"\u00c9quipe de France : Salaire, contrat, ce que gagne Corinne Diacre \u00e0 la t\u00eate des Bleues\"><\/a><div class=\"vlp-layout-zone-side\"><div class=\"vlp-block-4 vlp-link-image\"><img loading=\"lazy\" decoding=\"async\" style=\"max-width: 800px;\" width=\"800\" height=\"445\" src=\"https:\/\/dicodusport.fr\/blog\/wp-content\/uploads\/2023\/02\/Equipe-de-France-Salaire-contrat-ce-que-gagne-Corinne-Diacre-a-la-tete-des-Bleues.png\" class=\"attachment-800x445 size-800x445\" alt=\"\u00c9quipe de France Salaire, contrat, ce que gagne Corinne Diacre \u00e0 la t\u00eate des Bleues\" srcset=\"https:\/\/dicodusport.fr\/blog\/wp-content\/uploads\/2023\/02\/Equipe-de-France-Salaire-contrat-ce-que-gagne-Corinne-Diacre-a-la-tete-des-Bleues.png 800w, https:\/\/dicodusport.fr\/blog\/wp-content\/uploads\/2023\/02\/Equipe-de-France-Salaire-contrat-ce-que-gagne-Corinne-Diacre-a-la-tete-des-Bleues-300x167.png 300w, https:\/\/dicodusport.fr\/blog\/wp-content\/uploads\/2023\/02\/Equipe-de-France-Salaire-contrat-ce-que-gagne-Corinne-Diacre-a-la-tete-des-Bleues-768x427.png 768w\" sizes=\"auto, (max-width: 800px) 100vw, 800px\" \/><\/div><\/div><div class=\"vlp-layout-zone-main\"><div class=\"vlp-block-0 vlp-link-title\">\u00c9quipe de France : Salaire, contrat, ce que gagne Corinne Diacre \u00e0 la t\u00eate des Bleues<\/div><div class=\"vlp-block-1 vlp-link-summary\">FOOTBALL - Sous contrat avec la F\u00e9d\u00e9ration Fran\u00e7aise de Football jusqu'en ao\u00fbt 2024, Corinne Diacre touche un salaire cons\u00e9quent en tant que s\u00e9lectionneuse des Bleues. Si elle devait \u00eatre d\u00e9barqu\u00e9e prochainement, la 3F devrait sortir le ch\u00e9quier.<\/div><div class=\"vlp-block-2 vlp-link-button\">Lire l'article<\/div><div class=\"vlp-block-3 vlp-link-url\">dicodusport.fr<\/div><\/div><\/div>\n<h2 style=\"text-align: justify;\" align=\"justify\">Diacre esp\u00e8re une situation qui se d\u00e9cante<\/h2>\n<p style=\"text-align: justify;\" align=\"justify\"><strong>Corinne<\/strong> <strong>Diacre<\/strong> et son avocat ont envoy\u00e9 un courrier \u00e0 la <strong>FFF<\/strong> pour que la situation se d\u00e9cante. Les demandes sont simples : le licenciement avec le paiement des salaires restants. Mais aussi une indemnit\u00e9 de 6 millions d&rsquo;euros comme d\u00e9dommagement. Ma\u00eetre <strong>Christophe<\/strong> <strong>Ayela<\/strong> s&rsquo;explique.<\/p>\n<blockquote>\n<p align=\"justify\">On demande qu&rsquo;elle soit r\u00e9par\u00e9e de ses pr\u00e9judices. La F\u00e9d\u00e9ration reconna\u00eet elle-m\u00eame que tout \u00e7a n&rsquo;est pas normal. Et on a d\u00e9couvert dans la convention collective du sport un principe d&rsquo;\u00e9galit\u00e9 salariale hommes-femmes. Beaucoup de f\u00e9d\u00e9rations dans le monde ont opt\u00e9 pour l&rsquo;\u00e9galit\u00e9 salariale hommes-femmes en s\u00e9lection. L&rsquo;\u00e9cart de r\u00e9mun\u00e9ration entre la s\u00e9lectionneuse et le s\u00e9lectionneur est de 1 \u00e0 8. On a soulev\u00e9 ce point-l\u00e0 dans notre demande. On veut l&rsquo;\u00e9quit\u00e9 salariale. Pour les joueuses aussi d&rsquo;ailleurs. La FFF a une d\u00e9l\u00e9gation de service public. Il n&rsquo;y a aucune raison que l&rsquo;on ne paie pas autant les joueuses que les joueurs.<\/p>\n<\/blockquote>\n<p style=\"text-align: justify;\" align=\"justify\">Si l&rsquo;avocat explique qu&rsquo;il veut avant tout discuter pour trouver un terrain d&rsquo;entente, les positions des deux camps sont tr\u00e8s \u00e9loign\u00e9es, puisque la <strong>F\u00e9d\u00e9ration Fran\u00e7aise de Football<\/strong> esp\u00e9rait devoir payer les salaires restants plus une ann\u00e9e en plus, soit un d\u00e9dommagement \u00e0 hauteur de 350 000 euros, bien loin des 6 millions d&rsquo;euros donc.<\/p>\n<blockquote class=\"twitter-tweet\">\n<p dir=\"ltr\" lang=\"fr\">L&rsquo;avocat de Corinne Diacre demande un d\u00e9dommagement \u00e0 hauteur de 6 millions d&rsquo;euros, calculant des indemnit\u00e9s bas\u00e9es sur une \u00e9quit\u00e9 salariale avec Didier Deschamps. <a href=\"https:\/\/t.co\/4M9HDY6Ga1\">https:\/\/t.co\/4M9HDY6Ga1<\/a> <a href=\"https:\/\/t.co\/mXu3hxDswF\">pic.twitter.com\/mXu3hxDswF<\/a><\/p>\n<p>\u2014 L&rsquo;\u00c9QUIPE (@lequipe) <a href=\"https:\/\/twitter.com\/lequipe\/status\/1646987736207826944?ref_src=twsrc%5Etfw\">April 14, 2023<\/a><\/p><\/blockquote>\n<p style=\"text-align: justify;\"><script async src=\"https:\/\/platform.twitter.com\/widgets.js\" charset=\"utf-8\"><\/script><\/p>\n","protected":false},"excerpt":{"rendered":"<p>FOOTBALL &#8211; Comme le r\u00e9v\u00e8lent nos confr\u00e8res de L&rsquo;\u00c9quipe, Corinne Diacre, ancienne s\u00e9lectionneuse de l&rsquo;\u00e9quipe de France f\u00e9minine de football, r\u00e9clame pas moins de 6 millions \u00e0 la FFF comme d\u00e9dommagement, suite \u00e0 sa mise \u00e0 l&rsquo;\u00e9cart des Bleues.<\/p>\n","protected":false},"author":1,"featured_media":359127,"comment_status":"open","ping_status":"closed","sticky":false,"template":"","format":"standard","meta":{"_acf_changed":false,"_daextam_enable_autolinks":"","footnotes":""},"categories":[2301],"tags":[16878,7479,29950,4856,75],"class_list":["post-374323","post","type-post","status-publish","format-standard","has-post-thumbnail","hentry","category-football","tag-breve","tag-corinne-diacre","tag-diacre","tag-fff","tag-football"],"acf":[],"yoast_head":"<!-- This site is optimized with the Yoast SEO Premium plugin v26.7 (Yoast SEO v26.7) - https:\/\/yoast.com\/wordpress\/plugins\/seo\/ -->\n<title>Corinne Diacre r\u00e9clame 6 millions d&#039;euros \u00e0 la FFF<\/title>\n<meta name=\"description\" content=\"FOOTBALL - Comme le r\u00e9v\u00e8lent nos confr\u00e8res de L&#039;\u00c9quipe, Corinne Diacre r\u00e9clame pas moins de 6 millions \u00e0 la FFF.\" \/>\n<meta name=\"robots\" content=\"index, follow, max-snippet:-1, max-image-preview:large, max-video-preview:-1\" \/>\n<link rel=\"canonical\" href=\"https:\/\/dicodusport.fr\/blog\/corinne-diacre-reclame-6-millions-deuros-a-la-fff\/\" \/>\n<meta property=\"og:locale\" content=\"fr_FR\" \/>\n<meta property=\"og:type\" content=\"article\" \/>\n<meta property=\"og:title\" content=\"Corinne Diacre r\u00e9clame 6 millions d&#039;euros \u00e0 la FFF\" \/>\n<meta property=\"og:description\" content=\"FOOTBALL - Comme le r\u00e9v\u00e8lent nos confr\u00e8res de L&#039;\u00c9quipe, Corinne Diacre r\u00e9clame pas moins de 6 millions \u00e0 la FFF.\" \/>\n<meta property=\"og:url\" content=\"https:\/\/dicodusport.fr\/blog\/corinne-diacre-reclame-6-millions-deuros-a-la-fff\/\" \/>\n<meta property=\"og:site_name\" content=\"Dicodusport\" \/>\n<meta property=\"article:publisher\" content=\"https:\/\/www.facebook.com\/dicodusport\" \/>\n<meta property=\"article:author\" content=\"https:\/\/www.facebook.com\/dicodusport\" \/>\n<meta property=\"article:published_time\" content=\"2023-04-15T07:24:49+00:00\" \/>\n<meta property=\"article:modified_time\" content=\"2023-04-15T12:34:58+00:00\" \/>\n<meta property=\"og:image\" content=\"https:\/\/dicodusport.fr\/blog\/wp-content\/uploads\/2023\/02\/Sondage-Corinne-Diacre-doit-elle-etre-ecartee-de-lequipe-de-France-.png\" \/>\n\t<meta property=\"og:image:width\" content=\"800\" \/>\n\t<meta property=\"og:image:height\" content=\"445\" \/>\n\t<meta property=\"og:image:type\" content=\"image\/png\" \/>\n<meta name=\"author\" content=\"Nicolas Jacquemard\" \/>\n<meta name=\"twitter:card\" content=\"summary_large_image\" \/>\n<meta name=\"twitter:title\" content=\"Corinne Diacre r\u00e9clame 6 millions d&#039;euros \u00e0 la FFF\" \/>\n<meta name=\"twitter:creator\" content=\"@https:\/\/twitter.com\/Nico_Jacquemard\" \/>\n<meta name=\"twitter:site\" content=\"@dicodusport\" \/>\n<script type=\"application\/ld+json\" class=\"yoast-schema-graph\">{\"@context\":\"https:\/\/schema.org\",\"@graph\":[{\"@type\":\"NewsArticle\",\"@id\":\"https:\/\/dicodusport.fr\/blog\/corinne-diacre-reclame-6-millions-deuros-a-la-fff\/#article\",\"isPartOf\":{\"@id\":\"https:\/\/dicodusport.fr\/blog\/corinne-diacre-reclame-6-millions-deuros-a-la-fff\/\"},\"author\":{\"name\":\"Nicolas Jacquemard\",\"@id\":\"https:\/\/dicodusport.fr\/blog\/#\/schema\/person\/55dcb50ad410894e431ed812bbb70191\"},\"headline\":\"Corinne Diacre r\u00e9clame 6 millions d&rsquo;euros \u00e0 la FFF\",\"datePublished\":\"2023-04-15T07:24:49+00:00\",\"dateModified\":\"2023-04-15T12:34:58+00:00\",\"mainEntityOfPage\":{\"@id\":\"https:\/\/dicodusport.fr\/blog\/corinne-diacre-reclame-6-millions-deuros-a-la-fff\/\"},\"wordCount\":598,\"commentCount\":0,\"publisher\":{\"@id\":\"https:\/\/dicodusport.fr\/blog\/#organization\"},\"image\":{\"@id\":\"https:\/\/dicodusport.fr\/blog\/corinne-diacre-reclame-6-millions-deuros-a-la-fff\/#primaryimage\"},\"thumbnailUrl\":\"https:\/\/dicodusport.fr\/blog\/wp-content\/uploads\/2023\/02\/Sondage-Corinne-Diacre-doit-elle-etre-ecartee-de-lequipe-de-France-.png\",\"keywords\":[\"br\u00e8ve\",\"Corinne Diacre\",\"Diacre\",\"FFF\",\"Football\"],\"articleSection\":[\"Football\"],\"inLanguage\":\"fr-FR\",\"potentialAction\":[{\"@type\":\"CommentAction\",\"name\":\"Comment\",\"target\":[\"https:\/\/dicodusport.fr\/blog\/corinne-diacre-reclame-6-millions-deuros-a-la-fff\/#respond\"]}],\"copyrightYear\":\"2023\",\"copyrightHolder\":{\"@id\":\"https:\/\/dicodusport.fr\/blog\/#organization\"}},{\"@type\":\"WebPage\",\"@id\":\"https:\/\/dicodusport.fr\/blog\/corinne-diacre-reclame-6-millions-deuros-a-la-fff\/\",\"url\":\"https:\/\/dicodusport.fr\/blog\/corinne-diacre-reclame-6-millions-deuros-a-la-fff\/\",\"name\":\"Corinne Diacre r\u00e9clame 6 millions d'euros \u00e0 la FFF\",\"isPartOf\":{\"@id\":\"https:\/\/dicodusport.fr\/blog\/#website\"},\"primaryImageOfPage\":{\"@id\":\"https:\/\/dicodusport.fr\/blog\/corinne-diacre-reclame-6-millions-deuros-a-la-fff\/#primaryimage\"},\"image\":{\"@id\":\"https:\/\/dicodusport.fr\/blog\/corinne-diacre-reclame-6-millions-deuros-a-la-fff\/#primaryimage\"},\"thumbnailUrl\":\"https:\/\/dicodusport.fr\/blog\/wp-content\/uploads\/2023\/02\/Sondage-Corinne-Diacre-doit-elle-etre-ecartee-de-lequipe-de-France-.png\",\"datePublished\":\"2023-04-15T07:24:49+00:00\",\"dateModified\":\"2023-04-15T12:34:58+00:00\",\"description\":\"FOOTBALL - Comme le r\u00e9v\u00e8lent nos confr\u00e8res de L'\u00c9quipe, Corinne Diacre r\u00e9clame pas moins de 6 millions \u00e0 la FFF.\",\"breadcrumb\":{\"@id\":\"https:\/\/dicodusport.fr\/blog\/corinne-diacre-reclame-6-millions-deuros-a-la-fff\/#breadcrumb\"},\"inLanguage\":\"fr-FR\",\"potentialAction\":[{\"@type\":\"ReadAction\",\"target\":[\"https:\/\/dicodusport.fr\/blog\/corinne-diacre-reclame-6-millions-deuros-a-la-fff\/\"]}]},{\"@type\":\"ImageObject\",\"inLanguage\":\"fr-FR\",\"@id\":\"https:\/\/dicodusport.fr\/blog\/corinne-diacre-reclame-6-millions-deuros-a-la-fff\/#primaryimage\",\"url\":\"https:\/\/dicodusport.fr\/blog\/wp-content\/uploads\/2023\/02\/Sondage-Corinne-Diacre-doit-elle-etre-ecartee-de-lequipe-de-France-.png\",\"contentUrl\":\"https:\/\/dicodusport.fr\/blog\/wp-content\/uploads\/2023\/02\/Sondage-Corinne-Diacre-doit-elle-etre-ecartee-de-lequipe-de-France-.png\",\"width\":800,\"height\":445},{\"@type\":\"BreadcrumbList\",\"@id\":\"https:\/\/dicodusport.fr\/blog\/corinne-diacre-reclame-6-millions-deuros-a-la-fff\/#breadcrumb\",\"itemListElement\":[{\"@type\":\"ListItem\",\"position\":1,\"name\":\"Accueil\",\"item\":\"https:\/\/dicodusport.fr\/blog\/\"},{\"@type\":\"ListItem\",\"position\":2,\"name\":\"Corinne Diacre r\u00e9clame 6 millions d&rsquo;euros \u00e0 la FFF\"}]},{\"@type\":\"WebSite\",\"@id\":\"https:\/\/dicodusport.fr\/blog\/#website\",\"url\":\"https:\/\/dicodusport.fr\/blog\/\",\"name\":\"Dicodusport\",\"description\":\"L&#039;encyclop\u00e9die de l&#039;actualit\u00e9 sportive\",\"publisher\":{\"@id\":\"https:\/\/dicodusport.fr\/blog\/#organization\"},\"potentialAction\":[{\"@type\":\"SearchAction\",\"target\":{\"@type\":\"EntryPoint\",\"urlTemplate\":\"https:\/\/dicodusport.fr\/blog\/?s={search_term_string}\"},\"query-input\":{\"@type\":\"PropertyValueSpecification\",\"valueRequired\":true,\"valueName\":\"search_term_string\"}}],\"inLanguage\":\"fr-FR\"},{\"@type\":\"NewsMediaOrganization\",\"@id\":\"https:\/\/dicodusport.fr\/blog\/#organization\",\"name\":\"Dicodusport\",\"url\":\"https:\/\/dicodusport.fr\/blog\/\",\"logo\":{\"@type\":\"ImageObject\",\"inLanguage\":\"fr-FR\",\"@id\":\"https:\/\/dicodusport.fr\/blog\/#\/schema\/logo\/image\/\",\"url\":\"https:\/\/dicodusport.fr\/blog\/wp-content\/uploads\/2020\/06\/cropped-LOGO-DICODUSPORT-2020-SANS-FOND-SANS-TEXTE.png\",\"contentUrl\":\"https:\/\/dicodusport.fr\/blog\/wp-content\/uploads\/2020\/06\/cropped-LOGO-DICODUSPORT-2020-SANS-FOND-SANS-TEXTE.png\",\"width\":512,\"height\":512,\"caption\":\"Dicodusport\"},\"image\":{\"@id\":\"https:\/\/dicodusport.fr\/blog\/#\/schema\/logo\/image\/\"},\"sameAs\":[\"https:\/\/www.facebook.com\/dicodusport\",\"https:\/\/x.com\/dicodusport\",\"https:\/\/www.instagram.com\/dicodusport\/\",\"https:\/\/www.youtube.com\/channel\/UC7V2KZ5sd3htJivAbA4ZG3w\"],\"description\":\"Dicodusport est l'encyclop\u00e9die de l'actualit\u00e9 sportive.\",\"email\":\"bonjour@dicodusport.fr\",\"legalName\":\"DICODUSPORT\",\"foundingDate\":\"2018-01-14\",\"vatID\":\"FR71834470973\",\"taxID\":\"83447097300043\",\"numberOfEmployees\":{\"@type\":\"QuantitativeValue\",\"minValue\":\"1\",\"maxValue\":\"10\"}},{\"@type\":\"Person\",\"@id\":\"https:\/\/dicodusport.fr\/blog\/#\/schema\/person\/55dcb50ad410894e431ed812bbb70191\",\"name\":\"Nicolas Jacquemard\",\"image\":{\"@type\":\"ImageObject\",\"inLanguage\":\"fr-FR\",\"@id\":\"https:\/\/dicodusport.fr\/blog\/#\/schema\/person\/image\/\",\"url\":\"https:\/\/dicodusport.fr\/blog\/wp-content\/uploads\/2021\/05\/Nicolas-Jacquemard-150x150.jpeg\",\"contentUrl\":\"https:\/\/dicodusport.fr\/blog\/wp-content\/uploads\/2021\/05\/Nicolas-Jacquemard-150x150.jpeg\",\"caption\":\"Nicolas Jacquemard\"},\"description\":\"Passionn\u00e9 de sport et entrepreneur depuis mes 18 ans, la cr\u00e9ation de Dicodusport m'a sembl\u00e9 \u00e9vidente pour participer \u00e0 la m\u00e9diatisation d'un plus grand nombre de sports. Le chemin est long mais avec une \u00e9quipe des plus motiv\u00e9es et les Jeux Olympiques de Paris 2024 en point de mire, nous y arriverons ! Journaliste dans le monde du sport depuis plus de 5 ans, je traite aussi bien de football, de rugby, de biathlon que de cyclisme.\",\"sameAs\":[\"https:\/\/www.facebook.com\/dicodusport\",\"https:\/\/x.com\/https:\/\/twitter.com\/Nico_Jacquemard\"],\"url\":\"https:\/\/dicodusport.fr\/blog\/author\/dicodusport\/\"}]}<\/script>\n<!-- \/ Yoast SEO Premium plugin. -->","yoast_head_json":{"title":"Corinne Diacre r\u00e9clame 6 millions d'euros \u00e0 la FFF","description":"FOOTBALL - Comme le r\u00e9v\u00e8lent nos confr\u00e8res de L'\u00c9quipe, Corinne Diacre r\u00e9clame pas moins de 6 millions \u00e0 la FFF.","robots":{"index":"index","follow":"follow","max-snippet":"max-snippet:-1","max-image-preview":"max-image-preview:large","max-video-preview":"max-video-preview:-1"},"canonical":"https:\/\/dicodusport.fr\/blog\/corinne-diacre-reclame-6-millions-deuros-a-la-fff\/","og_locale":"fr_FR","og_type":"article","og_title":"Corinne Diacre r\u00e9clame 6 millions d'euros \u00e0 la FFF","og_description":"FOOTBALL - Comme le r\u00e9v\u00e8lent nos confr\u00e8res de L'\u00c9quipe, Corinne Diacre r\u00e9clame pas moins de 6 millions \u00e0 la FFF.","og_url":"https:\/\/dicodusport.fr\/blog\/corinne-diacre-reclame-6-millions-deuros-a-la-fff\/","og_site_name":"Dicodusport","article_publisher":"https:\/\/www.facebook.com\/dicodusport","article_author":"https:\/\/www.facebook.com\/dicodusport","article_published_time":"2023-04-15T07:24:49+00:00","article_modified_time":"2023-04-15T12:34:58+00:00","og_image":[{"width":800,"height":445,"url":"https:\/\/dicodusport.fr\/blog\/wp-content\/uploads\/2023\/02\/Sondage-Corinne-Diacre-doit-elle-etre-ecartee-de-lequipe-de-France-.png","type":"image\/png"}],"author":"Nicolas Jacquemard","twitter_card":"summary_large_image","twitter_title":"Corinne Diacre r\u00e9clame 6 millions d'euros \u00e0 la FFF","twitter_creator":"@https:\/\/twitter.com\/Nico_Jacquemard","twitter_site":"@dicodusport","schema":{"@context":"https:\/\/schema.org","@graph":[{"@type":"NewsArticle","@id":"https:\/\/dicodusport.fr\/blog\/corinne-diacre-reclame-6-millions-deuros-a-la-fff\/#article","isPartOf":{"@id":"https:\/\/dicodusport.fr\/blog\/corinne-diacre-reclame-6-millions-deuros-a-la-fff\/"},"author":{"name":"Nicolas Jacquemard","@id":"https:\/\/dicodusport.fr\/blog\/#\/schema\/person\/55dcb50ad410894e431ed812bbb70191"},"headline":"Corinne Diacre r\u00e9clame 6 millions d&rsquo;euros \u00e0 la FFF","datePublished":"2023-04-15T07:24:49+00:00","dateModified":"2023-04-15T12:34:58+00:00","mainEntityOfPage":{"@id":"https:\/\/dicodusport.fr\/blog\/corinne-diacre-reclame-6-millions-deuros-a-la-fff\/"},"wordCount":598,"commentCount":0,"publisher":{"@id":"https:\/\/dicodusport.fr\/blog\/#organization"},"image":{"@id":"https:\/\/dicodusport.fr\/blog\/corinne-diacre-reclame-6-millions-deuros-a-la-fff\/#primaryimage"},"thumbnailUrl":"https:\/\/dicodusport.fr\/blog\/wp-content\/uploads\/2023\/02\/Sondage-Corinne-Diacre-doit-elle-etre-ecartee-de-lequipe-de-France-.png","keywords":["br\u00e8ve","Corinne Diacre","Diacre","FFF","Football"],"articleSection":["Football"],"inLanguage":"fr-FR","potentialAction":[{"@type":"CommentAction","name":"Comment","target":["https:\/\/dicodusport.fr\/blog\/corinne-diacre-reclame-6-millions-deuros-a-la-fff\/#respond"]}],"copyrightYear":"2023","copyrightHolder":{"@id":"https:\/\/dicodusport.fr\/blog\/#organization"}},{"@type":"WebPage","@id":"https:\/\/dicodusport.fr\/blog\/corinne-diacre-reclame-6-millions-deuros-a-la-fff\/","url":"https:\/\/dicodusport.fr\/blog\/corinne-diacre-reclame-6-millions-deuros-a-la-fff\/","name":"Corinne Diacre r\u00e9clame 6 millions d'euros \u00e0 la FFF","isPartOf":{"@id":"https:\/\/dicodusport.fr\/blog\/#website"},"primaryImageOfPage":{"@id":"https:\/\/dicodusport.fr\/blog\/corinne-diacre-reclame-6-millions-deuros-a-la-fff\/#primaryimage"},"image":{"@id":"https:\/\/dicodusport.fr\/blog\/corinne-diacre-reclame-6-millions-deuros-a-la-fff\/#primaryimage"},"thumbnailUrl":"https:\/\/dicodusport.fr\/blog\/wp-content\/uploads\/2023\/02\/Sondage-Corinne-Diacre-doit-elle-etre-ecartee-de-lequipe-de-France-.png","datePublished":"2023-04-15T07:24:49+00:00","dateModified":"2023-04-15T12:34:58+00:00","description":"FOOTBALL - Comme le r\u00e9v\u00e8lent nos confr\u00e8res de L'\u00c9quipe, Corinne Diacre r\u00e9clame pas moins de 6 millions \u00e0 la FFF.","breadcrumb":{"@id":"https:\/\/dicodusport.fr\/blog\/corinne-diacre-reclame-6-millions-deuros-a-la-fff\/#breadcrumb"},"inLanguage":"fr-FR","potentialAction":[{"@type":"ReadAction","target":["https:\/\/dicodusport.fr\/blog\/corinne-diacre-reclame-6-millions-deuros-a-la-fff\/"]}]},{"@type":"ImageObject","inLanguage":"fr-FR","@id":"https:\/\/dicodusport.fr\/blog\/corinne-diacre-reclame-6-millions-deuros-a-la-fff\/#primaryimage","url":"https:\/\/dicodusport.fr\/blog\/wp-content\/uploads\/2023\/02\/Sondage-Corinne-Diacre-doit-elle-etre-ecartee-de-lequipe-de-France-.png","contentUrl":"https:\/\/dicodusport.fr\/blog\/wp-content\/uploads\/2023\/02\/Sondage-Corinne-Diacre-doit-elle-etre-ecartee-de-lequipe-de-France-.png","width":800,"height":445},{"@type":"BreadcrumbList","@id":"https:\/\/dicodusport.fr\/blog\/corinne-diacre-reclame-6-millions-deuros-a-la-fff\/#breadcrumb","itemListElement":[{"@type":"ListItem","position":1,"name":"Accueil","item":"https:\/\/dicodusport.fr\/blog\/"},{"@type":"ListItem","position":2,"name":"Corinne Diacre r\u00e9clame 6 millions d&rsquo;euros \u00e0 la FFF"}]},{"@type":"WebSite","@id":"https:\/\/dicodusport.fr\/blog\/#website","url":"https:\/\/dicodusport.fr\/blog\/","name":"Dicodusport","description":"L&#039;encyclop\u00e9die de l&#039;actualit\u00e9 sportive","publisher":{"@id":"https:\/\/dicodusport.fr\/blog\/#organization"},"potentialAction":[{"@type":"SearchAction","target":{"@type":"EntryPoint","urlTemplate":"https:\/\/dicodusport.fr\/blog\/?s={search_term_string}"},"query-input":{"@type":"PropertyValueSpecification","valueRequired":true,"valueName":"search_term_string"}}],"inLanguage":"fr-FR"},{"@type":"NewsMediaOrganization","@id":"https:\/\/dicodusport.fr\/blog\/#organization","name":"Dicodusport","url":"https:\/\/dicodusport.fr\/blog\/","logo":{"@type":"ImageObject","inLanguage":"fr-FR","@id":"https:\/\/dicodusport.fr\/blog\/#\/schema\/logo\/image\/","url":"https:\/\/dicodusport.fr\/blog\/wp-content\/uploads\/2020\/06\/cropped-LOGO-DICODUSPORT-2020-SANS-FOND-SANS-TEXTE.png","contentUrl":"https:\/\/dicodusport.fr\/blog\/wp-content\/uploads\/2020\/06\/cropped-LOGO-DICODUSPORT-2020-SANS-FOND-SANS-TEXTE.png","width":512,"height":512,"caption":"Dicodusport"},"image":{"@id":"https:\/\/dicodusport.fr\/blog\/#\/schema\/logo\/image\/"},"sameAs":["https:\/\/www.facebook.com\/dicodusport","https:\/\/x.com\/dicodusport","https:\/\/www.instagram.com\/dicodusport\/","https:\/\/www.youtube.com\/channel\/UC7V2KZ5sd3htJivAbA4ZG3w"],"description":"Dicodusport est l'encyclop\u00e9die de l'actualit\u00e9 sportive.","email":"bonjour@dicodusport.fr","legalName":"DICODUSPORT","foundingDate":"2018-01-14","vatID":"FR71834470973","taxID":"83447097300043","numberOfEmployees":{"@type":"QuantitativeValue","minValue":"1","maxValue":"10"}},{"@type":"Person","@id":"https:\/\/dicodusport.fr\/blog\/#\/schema\/person\/55dcb50ad410894e431ed812bbb70191","name":"Nicolas Jacquemard","image":{"@type":"ImageObject","inLanguage":"fr-FR","@id":"https:\/\/dicodusport.fr\/blog\/#\/schema\/person\/image\/","url":"https:\/\/dicodusport.fr\/blog\/wp-content\/uploads\/2021\/05\/Nicolas-Jacquemard-150x150.jpeg","contentUrl":"https:\/\/dicodusport.fr\/blog\/wp-content\/uploads\/2021\/05\/Nicolas-Jacquemard-150x150.jpeg","caption":"Nicolas Jacquemard"},"description":"Passionn\u00e9 de sport et entrepreneur depuis mes 18 ans, la cr\u00e9ation de Dicodusport m'a sembl\u00e9 \u00e9vidente pour participer \u00e0 la m\u00e9diatisation d'un plus grand nombre de sports. Le chemin est long mais avec une \u00e9quipe des plus motiv\u00e9es et les Jeux Olympiques de Paris 2024 en point de mire, nous y arriverons ! Journaliste dans le monde du sport depuis plus de 5 ans, je traite aussi bien de football, de rugby, de biathlon que de cyclisme.","sameAs":["https:\/\/www.facebook.com\/dicodusport","https:\/\/x.com\/https:\/\/twitter.com\/Nico_Jacquemard"],"url":"https:\/\/dicodusport.fr\/blog\/author\/dicodusport\/"}]}},"_links":{"self":[{"href":"https:\/\/dicodusport.fr\/blog\/wp-json\/wp\/v2\/posts\/374323","targetHints":{"allow":["GET"]}}],"collection":[{"href":"https:\/\/dicodusport.fr\/blog\/wp-json\/wp\/v2\/posts"}],"about":[{"href":"https:\/\/dicodusport.fr\/blog\/wp-json\/wp\/v2\/types\/post"}],"author":[{"embeddable":true,"href":"https:\/\/dicodusport.fr\/blog\/wp-json\/wp\/v2\/users\/1"}],"replies":[{"embeddable":true,"href":"https:\/\/dicodusport.fr\/blog\/wp-json\/wp\/v2\/comments?post=374323"}],"version-history":[{"count":0,"href":"https:\/\/dicodusport.fr\/blog\/wp-json\/wp\/v2\/posts\/374323\/revisions"}],"wp:featuredmedia":[{"embeddable":true,"href":"https:\/\/dicodusport.fr\/blog\/wp-json\/wp\/v2\/media\/359127"}],"wp:attachment":[{"href":"https:\/\/dicodusport.fr\/blog\/wp-json\/wp\/v2\/media?parent=374323"}],"wp:term":[{"taxonomy":"category","embeddable":true,"href":"https:\/\/dicodusport.fr\/blog\/wp-json\/wp\/v2\/categories?post=374323"},{"taxonomy":"post_tag","embeddable":true,"href":"https:\/\/dicodusport.fr\/blog\/wp-json\/wp\/v2\/tags?post=374323"}],"curies":[{"name":"wp","href":"https:\/\/api.w.org\/{rel}","templated":true}]}}