{"id":374359,"date":"2023-04-15T14:46:16","date_gmt":"2023-04-15T12:46:16","guid":{"rendered":"https:\/\/dicodusport.fr\/blog\/?p=374359&#038;preview=true&#038;preview_id=374359"},"modified":"2023-04-15T16:26:44","modified_gmt":"2023-04-15T14:26:44","slug":"tour-du-jura-2023-kevin-vauquelin-simpose-en-costaud","status":"publish","type":"post","link":"https:\/\/dicodusport.fr\/blog\/tour-du-jura-2023-kevin-vauquelin-simpose-en-costaud\/","title":{"rendered":"Tour du Jura 2023 : K\u00e9vin Vauquelin s&rsquo;impose en costaud"},"content":{"rendered":"<p align=\"justify\"><em><strong>TOUR DU JURA 2023 &#8211; K\u00e9vin Vauquelin (Ark\u00e9a-Samsic) remporte la course disput\u00e9e ce samedi entre Poligny et le Mont-Poupet (166 kilom\u00e8tres). Le jeune Fran\u00e7ais s&rsquo;est envol\u00e9 \u00e0 2 kilom\u00e8tres de l&rsquo;arriv\u00e9e, dans l&rsquo;ascension finale. Il devance Thibaut Pinot (Groupama-FDJ) et Guillaume Martin (Cofidis).<\/strong><\/em><\/p>\n<h2 style=\"text-align: justify;\">12 hommes devant<\/h2>\n<p style=\"text-align: justify;\">Les conditions \u00e9pouvantables dans le Jura, n&rsquo;ont pas d\u00e9courag\u00e9 bon nombre de fuyards, d\u00e9sireux de prendre les devants et d&rsquo;anticiper les mouvements de course. Ainsi, l&rsquo;\u00e9chapp\u00e9e du jour est fournie, avec 12 \u00e9l\u00e9ments qui se sont port\u00e9s \u00e0 l&rsquo;avant.<strong>\u00a0Luca Van Boven<\/strong> (Bingoal WB), <strong>Rory Townsend<\/strong> (Bolton Equities- Black Spoke), <strong>Mikel Azparren<\/strong> (Euskatel-Euskadi), <strong>Nicolas Dalla Valle<\/strong> (Team Corratec), <strong>Vinzent Dorn<\/strong> (Kern-Pharma), <strong>Noa Isidore<\/strong> (CIC U Nantes Atlantique), <strong>Andreas Stokbro<\/strong> et <strong>Emil Vinjebo<\/strong> (Leopard TOGT),<strong> Th\u00e9o Delacroix<\/strong> et <strong>Morn\u00e9 Van Niekerk<\/strong> (Mavic-Saint Michel-Auber 93), <strong>Mauro Verwilt<\/strong> et <strong>Jonas Geens<\/strong> (Tarteletto-Isorex). Parmi les fuyards, on retrouve Morn\u00e9 Van Niekerk et Rory Townsend, d\u00e9j\u00e0 pr\u00e9sents \u00e0 l&rsquo;avant hier, lors de la <a href=\"https:\/\/dicodusport.fr\/blog\/classic-grand-besancon-2023-victor-lafay-simpose-devant-lenny-martinez\/\">Classic Grand Besan\u00e7on 2023<\/a>.<\/p>\n<p style=\"text-align: justify;\">Des hommes qui ne prennent pas beaucoup de champ sur un peloton vigilant. L&rsquo;\u00e9cart reste tr\u00e8s limit\u00e9, 2:20 \u00e0 80 kilom\u00e8tres de l&rsquo;arriv\u00e9e, alors que les difficult\u00e9s majeures commencent \u00e0 peine, avec la difficile C\u00f4te de Th\u00e9sy. Une difficult\u00e9 qui fait exploser le groupe devant. <strong>Mikel Azparren<\/strong> a dynamit\u00e9 le groupe \u00e0 73 kilom\u00e8tres de l&rsquo;arriv\u00e9e. Le Basque s&rsquo;isole en t\u00eate, alors que le groupe de 12 est d\u00e9sormais totalement morcel\u00e9. Derri\u00e8re, cela s&rsquo;anime aussi, avec l&rsquo;acc\u00e9l\u00e9ration de la Groupama-FDJ mais aussi d&rsquo;AG2R Citro\u00ebn. Deux \u00e9quipes d\u00e9j\u00e0 tr\u00e8s actives hier, mais qui se sont faites souffler <a href=\"https:\/\/dicodusport.fr\/blog\/classic-grand-besancon-2023-victor-lafay-simpose-devant-lenny-martinez\/\">la victoire par <strong>Victor Lafay<\/strong> (Cofidis)<\/a>.<\/p>\n<h2 style=\"text-align: justify;\">Les favoris se d\u00e9couvrent de loin, mais pas de break<\/h2>\n<p style=\"text-align: justify;\">On voit la souffrance dans le visage des coureurs, avec le froid, la pluie dans le Jura, qui rendent la course encore plus dantesque. Cela n&rsquo;effraie pas <strong>Lenny Martinez<\/strong> (Groupama-FDJ). Le jeune Fran\u00e7ais, deuxi\u00e8me hier, semble se muer en \u00e9quipier de luxe et durcit consid\u00e9rablement le rythme. Et <strong>Ben O&rsquo;Connor<\/strong> (AG2R-Citro\u00ebn), \u00e0 71 kilom\u00e8tres de l&rsquo;arriv\u00e9e, se d\u00e9couvre. L&rsquo;Australien aime le froid et la pluie et avait triomph\u00e9 \u00e0 Tignes sur le Tour 2021, dans des conditions similaires. Il est suivi par quelques coureurs, dont <strong>Thibaut Pinot<\/strong> (Groupama-FDJ). C&rsquo;est la folie alors que l&rsquo;arriv\u00e9e est encore tr\u00e8s loin.<\/p>\n<p style=\"text-align: justify;\">Le coureur d&rsquo;Euskatel continue de faire la course en t\u00eate et en solitaire, avec 1:30 d&rsquo;avance sur le peloton, alors que ses anciens compagnons d&rsquo;\u00e9chapp\u00e9e ont tous \u00e9t\u00e9 repris. Seul, ses chances de victoire sont devenues vraiment d\u00e9risoires, mais il insiste. Et augmente son \u00e9cart \u00e0 1:50 \u00e0 57 kilom\u00e8tres de l&rsquo;arriv\u00e9e. Car cela temporise dans le peloton, avec des \u00e9quipes qui se marquent. C&rsquo;est la Cofidis qui assure d\u00e9sormais la majeure partie du travail.<\/p>\n<p style=\"text-align: justify;\">De nouvelles attaques \u00e9maillent le peloton. <strong>Nans Peters<\/strong> (AG2R-Citroen) et <strong>Thibaut Pinot<\/strong> tentent leur chance. Le premier cit\u00e9 parvient \u00e0 prendre du champ au peloton, \u00e0 42 kilom\u00e8tres de l&rsquo;arriv\u00e9e, en haut de la c\u00f4te de Chaux-Champagny.<\/p>\n<blockquote class=\"twitter-tweet\">\n<p dir=\"ltr\" lang=\"fr\">Kevin Vauquelin semble se balader ! C&rsquo;est quand m\u00eame un sacr\u00e9 coureur pour l&rsquo;avenir. J&rsquo;ai l&rsquo;impression qu&rsquo;il vraiment avoir un profil \u00e0 la Powless, bon partout tout en sachant gagner<\/p>\n<p>(Oui Neilson Powless devient une valeur r\u00e9f\u00e9rence en 2023)<\/p>\n<p>\u2014 Etienne Goursaud (@EtienneGoursaud) <a href=\"https:\/\/twitter.com\/EtienneGoursaud\/status\/1647207824961728515?ref_src=twsrc%5Etfw\">April 15, 2023<\/a><\/p><\/blockquote>\n<p style=\"text-align: justify;\"><script async src=\"https:\/\/platform.twitter.com\/widgets.js\" charset=\"utf-8\"><\/script><\/p>\n<h2 style=\"text-align: justify;\">Vauquelin fait le break et ne sera pas revu<\/h2>\n<p style=\"text-align: justify;\">Dans la descente, avec le forcing de certains coureurs, certains se font l\u00e2cher, comme <strong>Jesus Herrada<\/strong> (Cofidis), 2e l&rsquo;an pass\u00e9 et 8e hier. Le plus gros poisson l\u00e2ch\u00e9 du peloton principal, avec des cassures. Mais l&rsquo;Espagnol avait beaucoup travaill\u00e9 pour sa formation. Dans l&rsquo;avant-derni\u00e8re difficult\u00e9 du jour, la Groupama-FDJ se met \u00e0 la planche et <strong>Mikel Azparren<\/strong> doit rendre les armes. Il aura tout de m\u00eame r\u00e9alis\u00e9 un sacr\u00e9 num\u00e9ro. <strong>Bastien Tronchon<\/strong> (AG2R-Citroen) et <strong>Igor Arrieta<\/strong> (Kern-Pharma) attaquent. Ils sont suivis par <strong>K\u00e9vin Vauquelin<\/strong> (Arkea-Samsic). Mais sont tout de suite repris par le peloton, malgr\u00e9 un forcing de leur part. <strong>Alessandro Verre<\/strong> (Ark\u00e9a-Samsic) tente sa chance \u00e0 son tour. Le jeune Italien parvient \u00e0 creuser un \u00e9cart qui reste limit\u00e9 (10 secondes \u00e0 25 kilom\u00e8tres de l&rsquo;arriv\u00e9e).<\/p>\n<p style=\"text-align: justify;\"><strong>Alessandro Verre<\/strong> poss\u00e8de ensuite 24 secondes d&rsquo;avance en haut de cette difficult\u00e9. En bas, il porte m\u00eame son avantage \u00e0 33 secondes alors qu&rsquo;il reste 15 kilom\u00e8tres. <strong>Bastien Tronchon<\/strong> repart \u00e0 l&rsquo;attaque. Il prend 15 secondes d&rsquo;avance sur le peloton, lui-m\u00eame rel\u00e9gu\u00e9 \u00e0 48 secondes de l&rsquo;homme de t\u00eate, alors qu&rsquo;il ne reste que 9 kilom\u00e8tres. Mais la difficile ascension du Mont Poupet, juge de paix de ce <strong>Tour du Jura 2023<\/strong>, d\u00e9bute. La Groupama-FDJ continue de faire le forcing et reprend <strong>Bastien Tronchon<\/strong>. Mais <strong>Alessandro Verre<\/strong> maintient son avantage !<\/p>\n<p style=\"text-align: justify;\"><strong>Thibaut Pinot<\/strong> d\u00e9gaine au pied de la bosse, mais est suivi par tous les autres favoris. Les attaques fusent alors que <strong>Ben O&rsquo;Connor<\/strong> semble l\u00e2cher avant de revenir. <strong>Alessandro Verre<\/strong> est revu \u00e0 3 kilom\u00e8tres de l&rsquo;arriv\u00e9e et prend directement le relais. Ils sont donc 8 devant, mais cela temporise parmi le groupe de t\u00eate. <strong>Guillaume Martin<\/strong> tente sa chance, mais se fait contrer par <strong>K\u00e9vin Vauquelin<\/strong>, qui est le premier \u00e0 creuser l&rsquo;\u00e9cart. Il compte 15 secondes sur un trio compos\u00e9 de Pinot, Peters et Martin. Qui ne reverra pas le jeune Fran\u00e7ais qui s&rsquo;impose, pour son 3e succ\u00e8s en 2023. Et son 6e podium. Quel d\u00e9but de saison !<\/p>\n<blockquote class=\"twitter-tweet\">\n<p dir=\"ltr\" lang=\"fr\">Superbe victoire de Kevin Vauquelin qui remporte le Tour du Jura ! Thibaut Pinot fait 2e devant Guillaume Martin ! <a href=\"https:\/\/twitter.com\/hashtag\/lequipeVELO?src=hash&amp;ref_src=twsrc%5Etfw\">#lequipeVELO<\/a> <a href=\"https:\/\/t.co\/nwpcGlCXPf\">pic.twitter.com\/nwpcGlCXPf<\/a><\/p>\n<p>\u2014 la chaine L&rsquo;\u00c9quipe (@lachainelequipe) <a href=\"https:\/\/twitter.com\/lachainelequipe\/status\/1647219621018185729?ref_src=twsrc%5Etfw\">April 15, 2023<\/a><\/p><\/blockquote>\n<p><script async src=\"https:\/\/platform.twitter.com\/widgets.js\" charset=\"utf-8\"><\/script><\/p>\n<ul>\n<li style=\"text-align: justify;\"><strong>\u00c0 lire aussi &#8211; <a href=\"https:\/\/dicodusport.fr\/blog\/classement-tour-du-jura-2023\/\">Le classement du Tour du Jura 2023<\/a><\/strong><\/li>\n<\/ul>\n","protected":false},"excerpt":{"rendered":"<p>TOUR DU JURA 2023 &#8211; K\u00e9vin Vauquelin (Ark\u00e9a-Samsic) remporte la course disput\u00e9e ce samedi entre Poligny et le Mont-Poupet (166 kilom\u00e8tres). Le jeune Fran\u00e7ais s&rsquo;est envol\u00e9 \u00e0 2 kilom\u00e8tres de l&rsquo;arriv\u00e9e, dans l&rsquo;ascension finale. Il devance Thibaut Pinot (Groupama-FDJ) et Guillaume Martin (Cofidis).<\/p>\n","protected":false},"author":83,"featured_media":374402,"comment_status":"open","ping_status":"closed","sticky":false,"template":"","format":"standard","meta":{"_acf_changed":false,"_daextam_enable_autolinks":"","footnotes":""},"categories":[46994],"tags":[16878,574,28524],"class_list":["post-374359","post","type-post","status-publish","format-standard","has-post-thumbnail","hentry","category-cyclisme-sur-route","tag-breve","tag-cyclisme","tag-kevin-vauquelin"],"acf":[],"yoast_head":"<!-- This site is optimized with the Yoast SEO Premium plugin v26.7 (Yoast SEO v26.7) - https:\/\/yoast.com\/wordpress\/plugins\/seo\/ -->\n<title>Tour du Jura 2023 : K\u00e9vin Vauquelin s&#039;impose en costaud<\/title>\n<meta name=\"description\" content=\"TOUR DU JURA 2023 - K\u00e9vin Vauquelin (Ark\u00e9a-Samsic) remporte la course disput\u00e9e ce samedi entre Poligny et le Mont-Poupet (166 kilom\u00e8tres).\" \/>\n<meta name=\"robots\" content=\"index, follow, max-snippet:-1, max-image-preview:large, max-video-preview:-1\" \/>\n<link rel=\"canonical\" href=\"https:\/\/dicodusport.fr\/blog\/tour-du-jura-2023-kevin-vauquelin-simpose-en-costaud\/\" \/>\n<meta property=\"og:locale\" content=\"fr_FR\" \/>\n<meta property=\"og:type\" content=\"article\" \/>\n<meta property=\"og:title\" content=\"Tour du Jura 2023 : K\u00e9vin Vauquelin s&#039;impose en costaud\" \/>\n<meta property=\"og:description\" content=\"TOUR DU JURA 2023 - K\u00e9vin Vauquelin (Ark\u00e9a-Samsic) remporte la course disput\u00e9e ce samedi entre Poligny et le Mont-Poupet (166 kilom\u00e8tres).\" \/>\n<meta property=\"og:url\" content=\"https:\/\/dicodusport.fr\/blog\/tour-du-jura-2023-kevin-vauquelin-simpose-en-costaud\/\" \/>\n<meta property=\"og:site_name\" content=\"Dicodusport\" \/>\n<meta property=\"article:publisher\" content=\"https:\/\/www.facebook.com\/dicodusport\" \/>\n<meta property=\"article:published_time\" content=\"2023-04-15T12:46:16+00:00\" \/>\n<meta property=\"article:modified_time\" content=\"2023-04-15T14:26:44+00:00\" \/>\n<meta property=\"og:image\" content=\"https:\/\/dicodusport.fr\/blog\/wp-content\/uploads\/2023\/04\/Tour-du-Jura-2023-Kevin-Vauquelin-simpose-en-solitaire.png\" \/>\n\t<meta property=\"og:image:width\" content=\"800\" \/>\n\t<meta property=\"og:image:height\" content=\"445\" \/>\n\t<meta property=\"og:image:type\" content=\"image\/png\" \/>\n<meta name=\"author\" content=\"Etienne Goursaud\" \/>\n<meta name=\"twitter:card\" content=\"summary_large_image\" \/>\n<meta name=\"twitter:title\" content=\"Tour du Jura 2023 : K\u00e9vin Vauquelin s&#039;impose en costaud\" \/>\n<meta name=\"twitter:creator\" content=\"@dicodusport\" \/>\n<meta name=\"twitter:site\" content=\"@dicodusport\" \/>\n<script type=\"application\/ld+json\" class=\"yoast-schema-graph\">{\"@context\":\"https:\/\/schema.org\",\"@graph\":[{\"@type\":\"NewsArticle\",\"@id\":\"https:\/\/dicodusport.fr\/blog\/tour-du-jura-2023-kevin-vauquelin-simpose-en-costaud\/#article\",\"isPartOf\":{\"@id\":\"https:\/\/dicodusport.fr\/blog\/tour-du-jura-2023-kevin-vauquelin-simpose-en-costaud\/\"},\"author\":{\"name\":\"Etienne Goursaud\",\"@id\":\"https:\/\/dicodusport.fr\/blog\/#\/schema\/person\/d603dd7da31fb2b46c82b9835a77ec13\"},\"headline\":\"Tour du Jura 2023 : K\u00e9vin Vauquelin s&rsquo;impose en costaud\",\"datePublished\":\"2023-04-15T12:46:16+00:00\",\"dateModified\":\"2023-04-15T14:26:44+00:00\",\"mainEntityOfPage\":{\"@id\":\"https:\/\/dicodusport.fr\/blog\/tour-du-jura-2023-kevin-vauquelin-simpose-en-costaud\/\"},\"wordCount\":984,\"commentCount\":0,\"publisher\":{\"@id\":\"https:\/\/dicodusport.fr\/blog\/#organization\"},\"image\":{\"@id\":\"https:\/\/dicodusport.fr\/blog\/tour-du-jura-2023-kevin-vauquelin-simpose-en-costaud\/#primaryimage\"},\"thumbnailUrl\":\"https:\/\/dicodusport.fr\/blog\/wp-content\/uploads\/2023\/04\/Tour-du-Jura-2023-Kevin-Vauquelin-simpose-en-solitaire.png\",\"keywords\":[\"br\u00e8ve\",\"Cyclisme\",\"K\u00e9vin Vauquelin\"],\"articleSection\":[\"Cyclisme sur route\"],\"inLanguage\":\"fr-FR\",\"potentialAction\":[{\"@type\":\"CommentAction\",\"name\":\"Comment\",\"target\":[\"https:\/\/dicodusport.fr\/blog\/tour-du-jura-2023-kevin-vauquelin-simpose-en-costaud\/#respond\"]}],\"copyrightYear\":\"2023\",\"copyrightHolder\":{\"@id\":\"https:\/\/dicodusport.fr\/blog\/#organization\"}},{\"@type\":\"WebPage\",\"@id\":\"https:\/\/dicodusport.fr\/blog\/tour-du-jura-2023-kevin-vauquelin-simpose-en-costaud\/\",\"url\":\"https:\/\/dicodusport.fr\/blog\/tour-du-jura-2023-kevin-vauquelin-simpose-en-costaud\/\",\"name\":\"Tour du Jura 2023 : K\u00e9vin Vauquelin s'impose en costaud\",\"isPartOf\":{\"@id\":\"https:\/\/dicodusport.fr\/blog\/#website\"},\"primaryImageOfPage\":{\"@id\":\"https:\/\/dicodusport.fr\/blog\/tour-du-jura-2023-kevin-vauquelin-simpose-en-costaud\/#primaryimage\"},\"image\":{\"@id\":\"https:\/\/dicodusport.fr\/blog\/tour-du-jura-2023-kevin-vauquelin-simpose-en-costaud\/#primaryimage\"},\"thumbnailUrl\":\"https:\/\/dicodusport.fr\/blog\/wp-content\/uploads\/2023\/04\/Tour-du-Jura-2023-Kevin-Vauquelin-simpose-en-solitaire.png\",\"datePublished\":\"2023-04-15T12:46:16+00:00\",\"dateModified\":\"2023-04-15T14:26:44+00:00\",\"description\":\"TOUR DU JURA 2023 - K\u00e9vin Vauquelin (Ark\u00e9a-Samsic) remporte la course disput\u00e9e ce samedi entre Poligny et le Mont-Poupet (166 kilom\u00e8tres).\",\"breadcrumb\":{\"@id\":\"https:\/\/dicodusport.fr\/blog\/tour-du-jura-2023-kevin-vauquelin-simpose-en-costaud\/#breadcrumb\"},\"inLanguage\":\"fr-FR\",\"potentialAction\":[{\"@type\":\"ReadAction\",\"target\":[\"https:\/\/dicodusport.fr\/blog\/tour-du-jura-2023-kevin-vauquelin-simpose-en-costaud\/\"]}]},{\"@type\":\"ImageObject\",\"inLanguage\":\"fr-FR\",\"@id\":\"https:\/\/dicodusport.fr\/blog\/tour-du-jura-2023-kevin-vauquelin-simpose-en-costaud\/#primaryimage\",\"url\":\"https:\/\/dicodusport.fr\/blog\/wp-content\/uploads\/2023\/04\/Tour-du-Jura-2023-Kevin-Vauquelin-simpose-en-solitaire.png\",\"contentUrl\":\"https:\/\/dicodusport.fr\/blog\/wp-content\/uploads\/2023\/04\/Tour-du-Jura-2023-Kevin-Vauquelin-simpose-en-solitaire.png\",\"width\":800,\"height\":445},{\"@type\":\"BreadcrumbList\",\"@id\":\"https:\/\/dicodusport.fr\/blog\/tour-du-jura-2023-kevin-vauquelin-simpose-en-costaud\/#breadcrumb\",\"itemListElement\":[{\"@type\":\"ListItem\",\"position\":1,\"name\":\"Accueil\",\"item\":\"https:\/\/dicodusport.fr\/blog\/\"},{\"@type\":\"ListItem\",\"position\":2,\"name\":\"Tour du Jura 2023 : K\u00e9vin Vauquelin s&rsquo;impose en costaud\"}]},{\"@type\":\"WebSite\",\"@id\":\"https:\/\/dicodusport.fr\/blog\/#website\",\"url\":\"https:\/\/dicodusport.fr\/blog\/\",\"name\":\"Dicodusport\",\"description\":\"L&#039;encyclop\u00e9die de l&#039;actualit\u00e9 sportive\",\"publisher\":{\"@id\":\"https:\/\/dicodusport.fr\/blog\/#organization\"},\"potentialAction\":[{\"@type\":\"SearchAction\",\"target\":{\"@type\":\"EntryPoint\",\"urlTemplate\":\"https:\/\/dicodusport.fr\/blog\/?s={search_term_string}\"},\"query-input\":{\"@type\":\"PropertyValueSpecification\",\"valueRequired\":true,\"valueName\":\"search_term_string\"}}],\"inLanguage\":\"fr-FR\"},{\"@type\":\"NewsMediaOrganization\",\"@id\":\"https:\/\/dicodusport.fr\/blog\/#organization\",\"name\":\"Dicodusport\",\"url\":\"https:\/\/dicodusport.fr\/blog\/\",\"logo\":{\"@type\":\"ImageObject\",\"inLanguage\":\"fr-FR\",\"@id\":\"https:\/\/dicodusport.fr\/blog\/#\/schema\/logo\/image\/\",\"url\":\"https:\/\/dicodusport.fr\/blog\/wp-content\/uploads\/2020\/06\/cropped-LOGO-DICODUSPORT-2020-SANS-FOND-SANS-TEXTE.png\",\"contentUrl\":\"https:\/\/dicodusport.fr\/blog\/wp-content\/uploads\/2020\/06\/cropped-LOGO-DICODUSPORT-2020-SANS-FOND-SANS-TEXTE.png\",\"width\":512,\"height\":512,\"caption\":\"Dicodusport\"},\"image\":{\"@id\":\"https:\/\/dicodusport.fr\/blog\/#\/schema\/logo\/image\/\"},\"sameAs\":[\"https:\/\/www.facebook.com\/dicodusport\",\"https:\/\/x.com\/dicodusport\",\"https:\/\/www.instagram.com\/dicodusport\/\",\"https:\/\/www.youtube.com\/channel\/UC7V2KZ5sd3htJivAbA4ZG3w\"],\"description\":\"Dicodusport est l'encyclop\u00e9die de l'actualit\u00e9 sportive.\",\"email\":\"bonjour@dicodusport.fr\",\"legalName\":\"DICODUSPORT\",\"foundingDate\":\"2018-01-14\",\"vatID\":\"FR71834470973\",\"taxID\":\"83447097300043\",\"numberOfEmployees\":{\"@type\":\"QuantitativeValue\",\"minValue\":\"1\",\"maxValue\":\"10\"}},{\"@type\":\"Person\",\"@id\":\"https:\/\/dicodusport.fr\/blog\/#\/schema\/person\/d603dd7da31fb2b46c82b9835a77ec13\",\"name\":\"Etienne Goursaud\",\"image\":{\"@type\":\"ImageObject\",\"inLanguage\":\"fr-FR\",\"@id\":\"https:\/\/dicodusport.fr\/blog\/#\/schema\/person\/image\/\",\"url\":\"https:\/\/dicodusport.fr\/blog\/wp-content\/uploads\/2023\/12\/410122264_10231602061736049_5565839791558026645_n-150x150.jpg\",\"contentUrl\":\"https:\/\/dicodusport.fr\/blog\/wp-content\/uploads\/2023\/12\/410122264_10231602061736049_5565839791558026645_n-150x150.jpg\",\"caption\":\"Etienne Goursaud\"},\"description\":\"Journaliste et amoureux de sport. Ancien footballeur reconverti athl\u00e8te quand ses muscles le laissent tranquille. \u00c9lev\u00e9 \u00e0 la sauce des exploits de Thomas Voeckler en 2004, du dernier essai de l\u00e9gende de Eunice Barber \u00e0 la longueur lors des championnats du monde d'athl\u00e9tisme de 2003 mais aussi Zidane, Omeyer et Titou Lamaison.\",\"url\":\"https:\/\/dicodusport.fr\/blog\/author\/etienne-goursaud\/\"}]}<\/script>\n<!-- \/ Yoast SEO Premium plugin. -->","yoast_head_json":{"title":"Tour du Jura 2023 : K\u00e9vin Vauquelin s'impose en costaud","description":"TOUR DU JURA 2023 - K\u00e9vin Vauquelin (Ark\u00e9a-Samsic) remporte la course disput\u00e9e ce samedi entre Poligny et le Mont-Poupet (166 kilom\u00e8tres).","robots":{"index":"index","follow":"follow","max-snippet":"max-snippet:-1","max-image-preview":"max-image-preview:large","max-video-preview":"max-video-preview:-1"},"canonical":"https:\/\/dicodusport.fr\/blog\/tour-du-jura-2023-kevin-vauquelin-simpose-en-costaud\/","og_locale":"fr_FR","og_type":"article","og_title":"Tour du Jura 2023 : K\u00e9vin Vauquelin s'impose en costaud","og_description":"TOUR DU JURA 2023 - K\u00e9vin Vauquelin (Ark\u00e9a-Samsic) remporte la course disput\u00e9e ce samedi entre Poligny et le Mont-Poupet (166 kilom\u00e8tres).","og_url":"https:\/\/dicodusport.fr\/blog\/tour-du-jura-2023-kevin-vauquelin-simpose-en-costaud\/","og_site_name":"Dicodusport","article_publisher":"https:\/\/www.facebook.com\/dicodusport","article_published_time":"2023-04-15T12:46:16+00:00","article_modified_time":"2023-04-15T14:26:44+00:00","og_image":[{"width":800,"height":445,"url":"https:\/\/dicodusport.fr\/blog\/wp-content\/uploads\/2023\/04\/Tour-du-Jura-2023-Kevin-Vauquelin-simpose-en-solitaire.png","type":"image\/png"}],"author":"Etienne Goursaud","twitter_card":"summary_large_image","twitter_title":"Tour du Jura 2023 : K\u00e9vin Vauquelin s'impose en costaud","twitter_creator":"@dicodusport","twitter_site":"@dicodusport","schema":{"@context":"https:\/\/schema.org","@graph":[{"@type":"NewsArticle","@id":"https:\/\/dicodusport.fr\/blog\/tour-du-jura-2023-kevin-vauquelin-simpose-en-costaud\/#article","isPartOf":{"@id":"https:\/\/dicodusport.fr\/blog\/tour-du-jura-2023-kevin-vauquelin-simpose-en-costaud\/"},"author":{"name":"Etienne Goursaud","@id":"https:\/\/dicodusport.fr\/blog\/#\/schema\/person\/d603dd7da31fb2b46c82b9835a77ec13"},"headline":"Tour du Jura 2023 : K\u00e9vin Vauquelin s&rsquo;impose en costaud","datePublished":"2023-04-15T12:46:16+00:00","dateModified":"2023-04-15T14:26:44+00:00","mainEntityOfPage":{"@id":"https:\/\/dicodusport.fr\/blog\/tour-du-jura-2023-kevin-vauquelin-simpose-en-costaud\/"},"wordCount":984,"commentCount":0,"publisher":{"@id":"https:\/\/dicodusport.fr\/blog\/#organization"},"image":{"@id":"https:\/\/dicodusport.fr\/blog\/tour-du-jura-2023-kevin-vauquelin-simpose-en-costaud\/#primaryimage"},"thumbnailUrl":"https:\/\/dicodusport.fr\/blog\/wp-content\/uploads\/2023\/04\/Tour-du-Jura-2023-Kevin-Vauquelin-simpose-en-solitaire.png","keywords":["br\u00e8ve","Cyclisme","K\u00e9vin Vauquelin"],"articleSection":["Cyclisme sur route"],"inLanguage":"fr-FR","potentialAction":[{"@type":"CommentAction","name":"Comment","target":["https:\/\/dicodusport.fr\/blog\/tour-du-jura-2023-kevin-vauquelin-simpose-en-costaud\/#respond"]}],"copyrightYear":"2023","copyrightHolder":{"@id":"https:\/\/dicodusport.fr\/blog\/#organization"}},{"@type":"WebPage","@id":"https:\/\/dicodusport.fr\/blog\/tour-du-jura-2023-kevin-vauquelin-simpose-en-costaud\/","url":"https:\/\/dicodusport.fr\/blog\/tour-du-jura-2023-kevin-vauquelin-simpose-en-costaud\/","name":"Tour du Jura 2023 : K\u00e9vin Vauquelin s'impose en costaud","isPartOf":{"@id":"https:\/\/dicodusport.fr\/blog\/#website"},"primaryImageOfPage":{"@id":"https:\/\/dicodusport.fr\/blog\/tour-du-jura-2023-kevin-vauquelin-simpose-en-costaud\/#primaryimage"},"image":{"@id":"https:\/\/dicodusport.fr\/blog\/tour-du-jura-2023-kevin-vauquelin-simpose-en-costaud\/#primaryimage"},"thumbnailUrl":"https:\/\/dicodusport.fr\/blog\/wp-content\/uploads\/2023\/04\/Tour-du-Jura-2023-Kevin-Vauquelin-simpose-en-solitaire.png","datePublished":"2023-04-15T12:46:16+00:00","dateModified":"2023-04-15T14:26:44+00:00","description":"TOUR DU JURA 2023 - K\u00e9vin Vauquelin (Ark\u00e9a-Samsic) remporte la course disput\u00e9e ce samedi entre Poligny et le Mont-Poupet (166 kilom\u00e8tres).","breadcrumb":{"@id":"https:\/\/dicodusport.fr\/blog\/tour-du-jura-2023-kevin-vauquelin-simpose-en-costaud\/#breadcrumb"},"inLanguage":"fr-FR","potentialAction":[{"@type":"ReadAction","target":["https:\/\/dicodusport.fr\/blog\/tour-du-jura-2023-kevin-vauquelin-simpose-en-costaud\/"]}]},{"@type":"ImageObject","inLanguage":"fr-FR","@id":"https:\/\/dicodusport.fr\/blog\/tour-du-jura-2023-kevin-vauquelin-simpose-en-costaud\/#primaryimage","url":"https:\/\/dicodusport.fr\/blog\/wp-content\/uploads\/2023\/04\/Tour-du-Jura-2023-Kevin-Vauquelin-simpose-en-solitaire.png","contentUrl":"https:\/\/dicodusport.fr\/blog\/wp-content\/uploads\/2023\/04\/Tour-du-Jura-2023-Kevin-Vauquelin-simpose-en-solitaire.png","width":800,"height":445},{"@type":"BreadcrumbList","@id":"https:\/\/dicodusport.fr\/blog\/tour-du-jura-2023-kevin-vauquelin-simpose-en-costaud\/#breadcrumb","itemListElement":[{"@type":"ListItem","position":1,"name":"Accueil","item":"https:\/\/dicodusport.fr\/blog\/"},{"@type":"ListItem","position":2,"name":"Tour du Jura 2023 : K\u00e9vin Vauquelin s&rsquo;impose en costaud"}]},{"@type":"WebSite","@id":"https:\/\/dicodusport.fr\/blog\/#website","url":"https:\/\/dicodusport.fr\/blog\/","name":"Dicodusport","description":"L&#039;encyclop\u00e9die de l&#039;actualit\u00e9 sportive","publisher":{"@id":"https:\/\/dicodusport.fr\/blog\/#organization"},"potentialAction":[{"@type":"SearchAction","target":{"@type":"EntryPoint","urlTemplate":"https:\/\/dicodusport.fr\/blog\/?s={search_term_string}"},"query-input":{"@type":"PropertyValueSpecification","valueRequired":true,"valueName":"search_term_string"}}],"inLanguage":"fr-FR"},{"@type":"NewsMediaOrganization","@id":"https:\/\/dicodusport.fr\/blog\/#organization","name":"Dicodusport","url":"https:\/\/dicodusport.fr\/blog\/","logo":{"@type":"ImageObject","inLanguage":"fr-FR","@id":"https:\/\/dicodusport.fr\/blog\/#\/schema\/logo\/image\/","url":"https:\/\/dicodusport.fr\/blog\/wp-content\/uploads\/2020\/06\/cropped-LOGO-DICODUSPORT-2020-SANS-FOND-SANS-TEXTE.png","contentUrl":"https:\/\/dicodusport.fr\/blog\/wp-content\/uploads\/2020\/06\/cropped-LOGO-DICODUSPORT-2020-SANS-FOND-SANS-TEXTE.png","width":512,"height":512,"caption":"Dicodusport"},"image":{"@id":"https:\/\/dicodusport.fr\/blog\/#\/schema\/logo\/image\/"},"sameAs":["https:\/\/www.facebook.com\/dicodusport","https:\/\/x.com\/dicodusport","https:\/\/www.instagram.com\/dicodusport\/","https:\/\/www.youtube.com\/channel\/UC7V2KZ5sd3htJivAbA4ZG3w"],"description":"Dicodusport est l'encyclop\u00e9die de l'actualit\u00e9 sportive.","email":"bonjour@dicodusport.fr","legalName":"DICODUSPORT","foundingDate":"2018-01-14","vatID":"FR71834470973","taxID":"83447097300043","numberOfEmployees":{"@type":"QuantitativeValue","minValue":"1","maxValue":"10"}},{"@type":"Person","@id":"https:\/\/dicodusport.fr\/blog\/#\/schema\/person\/d603dd7da31fb2b46c82b9835a77ec13","name":"Etienne Goursaud","image":{"@type":"ImageObject","inLanguage":"fr-FR","@id":"https:\/\/dicodusport.fr\/blog\/#\/schema\/person\/image\/","url":"https:\/\/dicodusport.fr\/blog\/wp-content\/uploads\/2023\/12\/410122264_10231602061736049_5565839791558026645_n-150x150.jpg","contentUrl":"https:\/\/dicodusport.fr\/blog\/wp-content\/uploads\/2023\/12\/410122264_10231602061736049_5565839791558026645_n-150x150.jpg","caption":"Etienne Goursaud"},"description":"Journaliste et amoureux de sport. Ancien footballeur reconverti athl\u00e8te quand ses muscles le laissent tranquille. \u00c9lev\u00e9 \u00e0 la sauce des exploits de Thomas Voeckler en 2004, du dernier essai de l\u00e9gende de Eunice Barber \u00e0 la longueur lors des championnats du monde d'athl\u00e9tisme de 2003 mais aussi Zidane, Omeyer et Titou Lamaison.","url":"https:\/\/dicodusport.fr\/blog\/author\/etienne-goursaud\/"}]}},"_links":{"self":[{"href":"https:\/\/dicodusport.fr\/blog\/wp-json\/wp\/v2\/posts\/374359","targetHints":{"allow":["GET"]}}],"collection":[{"href":"https:\/\/dicodusport.fr\/blog\/wp-json\/wp\/v2\/posts"}],"about":[{"href":"https:\/\/dicodusport.fr\/blog\/wp-json\/wp\/v2\/types\/post"}],"author":[{"embeddable":true,"href":"https:\/\/dicodusport.fr\/blog\/wp-json\/wp\/v2\/users\/83"}],"replies":[{"embeddable":true,"href":"https:\/\/dicodusport.fr\/blog\/wp-json\/wp\/v2\/comments?post=374359"}],"version-history":[{"count":0,"href":"https:\/\/dicodusport.fr\/blog\/wp-json\/wp\/v2\/posts\/374359\/revisions"}],"wp:featuredmedia":[{"embeddable":true,"href":"https:\/\/dicodusport.fr\/blog\/wp-json\/wp\/v2\/media\/374402"}],"wp:attachment":[{"href":"https:\/\/dicodusport.fr\/blog\/wp-json\/wp\/v2\/media?parent=374359"}],"wp:term":[{"taxonomy":"category","embeddable":true,"href":"https:\/\/dicodusport.fr\/blog\/wp-json\/wp\/v2\/categories?post=374359"},{"taxonomy":"post_tag","embeddable":true,"href":"https:\/\/dicodusport.fr\/blog\/wp-json\/wp\/v2\/tags?post=374359"}],"curies":[{"name":"wp","href":"https:\/\/api.w.org\/{rel}","templated":true}]}}