{"id":374489,"date":"2023-04-15T18:40:33","date_gmt":"2023-04-15T16:40:33","guid":{"rendered":"https:\/\/dicodusport.fr\/blog\/?p=374489&#038;preview=true&#038;preview_id=374489"},"modified":"2023-04-15T19:19:48","modified_gmt":"2023-04-15T17:19:48","slug":"motogp-ameriques-2023-francesco-bagnaia-en-pole-position-aux-etats-unis","status":"publish","type":"post","link":"https:\/\/dicodusport.fr\/blog\/motogp-ameriques-2023-francesco-bagnaia-en-pole-position-aux-etats-unis\/","title":{"rendered":"MotoGP Am\u00e9riques 2023 : Francesco Bagnaia en pole position aux \u00c9tats-Unis"},"content":{"rendered":"<p style=\"text-align: justify;\"><a href=\"https:\/\/dicodusport.fr\/blog\/motogp-ameriques-2023-programme-tv-horaires-et-resultats\/\"><em><strong>MOTOGP &#8211; GRAND PRIX DES AM\u00c9RIQUES 2023<\/strong><\/em><\/a> <em>&#8211; <strong>L&rsquo;Italien et champion du monde en titre Francesco Bagnaia (Ducati) s&rsquo;est empar\u00e9 de la pole position sur le circuit d&rsquo;Austin aux \u00c9tats-Unis<\/strong><\/em><em><b>. C&rsquo;est sa 12\u00e8me pole position en MotoGP et sa premi\u00e8re de la saison. Il devance un \u00e9tonnant Alex Rins (LCR Honda) et Luca Marini (Mooney VR46) qui l&rsquo;accompagneront sur la premi\u00e8re ligne. Les Fran\u00e7ais Fabio Quartararo (Yamaha) et Johann Zarco (Pramac Ducati) s&rsquo;\u00e9lanceront des 7\u00e8me et 9\u00e8me positions.\u00a0<\/b><\/em><\/p>\n<p style=\"text-align: justify;\">Sous un ciel mena\u00e7ant mais une piste s\u00e8che au Texas, les pilotes concern\u00e9s ont pris part \u00e0 la premi\u00e8re partie des qualifications de la troisi\u00e8me manche de la saison. Parmi eux, nous retrouvions de tr\u00e8s bons pilotes, comme par exemple la Honda de <strong>Joan Mir<\/strong> ou encore le Fran\u00e7ais <strong>Johann Zarco<\/strong> (Pramac Ducati). Plus surprenant, la pr\u00e9sence du leader du championnat du monde : <strong>Marco Bezzecchi<\/strong> (Mooney VR46). Finalement, ce dernier s\u2019en sera sorti en r\u00e9alisant le deuxi\u00e8me temps de cette s\u00e9ance. Il est devanc\u00e9 par le Tricolore <strong>Johann Zarco <\/strong>qui a r\u00e9alis\u00e9 un tour magnifique en 2:02.387. Les deux hommes acc\u00e9daient donc \u00e0 la Q2.<\/p>\n<blockquote class=\"twitter-tweet\">\n<p dir=\"ltr\" lang=\"fr\">\u00c7a passe pour Johann Zarco, meilleur temps de cette Q1 ! \ud83c\uddeb\ud83c\uddf7<\/p>\n<p>Le vainqueur du GP d&rsquo;Argentine Marco Bezzecchi se qualifie \u00e9galement.<a href=\"https:\/\/twitter.com\/hashtag\/AmericasGP?src=hash&amp;ref_src=twsrc%5Etfw\">#AmericasGP<\/a> <a href=\"https:\/\/twitter.com\/hashtag\/MotoGP?src=hash&amp;ref_src=twsrc%5Etfw\">#MotoGP<\/a> <a href=\"https:\/\/t.co\/ITLlEGWO0u\">pic.twitter.com\/ITLlEGWO0u<\/a><\/p>\n<p>\u2014 CANAL+ MotoGP\u2122 (@CanalplusMotoGP) <a href=\"https:\/\/twitter.com\/CanalplusMotoGP\/status\/1647271579804377088?ref_src=twsrc%5Etfw\">April 15, 2023<\/a><\/p><\/blockquote>\n<p><script async src=\"https:\/\/platform.twitter.com\/widgets.js\" charset=\"utf-8\"><\/script><\/p>\n<h2 style=\"text-align: justify;\">Francesco Bagnaia pour sa premi\u00e8re de la saison<\/h2>\n<p style=\"text-align: justify;\">Seulement sept \u00e9quipes diff\u00e9rentes pr\u00e9sentaient au moins un pilote en Q2 aujourd\u2019hui. Toujours sur une piste s\u00e8che, c\u2019est l&rsquo;Italien <strong>Francesco Bagnaia<\/strong> (Ducati) qui a d\u2019abord fix\u00e9 le meilleur temps, dans le m\u00eame milli\u00e8me de seconde qu&rsquo;<strong>Alex Marquez<\/strong> (Gresini Racing). Si le Transalpin a d\u00e9j\u00e0 gagn\u00e9 cette saison au Portugal, il n\u2019avait pas encore r\u00e9alis\u00e9 de pole position. C\u2019est maintenant chose faite puisqu\u2019il a franchi la ligne d\u2019arriv\u00e9e avec le meilleur temps de ces qualifications. Il devance un \u00e9tonnant <strong>Alex Rins<\/strong> (LCR Honda) et <strong>Luca Marini<\/strong> (Mooney VR46).<\/p>\n<blockquote class=\"twitter-tweet\">\n<p dir=\"ltr\" lang=\"fr\">Intouchable, Francesco Bagnaia s&#8217;empare de la pole position \u00e0 Austin \ud83c\udfc1<\/p>\n<p>Quartararo est 7e, Zarco 9e. Prochain rendez-vous <a href=\"https:\/\/twitter.com\/hashtag\/MotoGP?src=hash&amp;ref_src=twsrc%5Etfw\">#MotoGP<\/a> : la course sprint \u00e0 21h55 \u23f0<a href=\"https:\/\/twitter.com\/hashtag\/AmericasGP?src=hash&amp;ref_src=twsrc%5Etfw\">#AmericasGP<\/a> <a href=\"https:\/\/twitter.com\/hashtag\/MotoGP?src=hash&amp;ref_src=twsrc%5Etfw\">#MotoGP<\/a> <a href=\"https:\/\/t.co\/Eq1PgUNeG7\">pic.twitter.com\/Eq1PgUNeG7<\/a><\/p>\n<p>\u2014 CANAL+ MotoGP\u2122 (@CanalplusMotoGP) <a href=\"https:\/\/twitter.com\/CanalplusMotoGP\/status\/1647278278623805440?ref_src=twsrc%5Etfw\">April 15, 2023<\/a><\/p><\/blockquote>\n<p><script async src=\"https:\/\/platform.twitter.com\/widgets.js\" charset=\"utf-8\"><\/script><\/p>\n<p style=\"text-align: justify;\">Derri\u00e8re, <strong>Alex Marquez <\/strong>(Gresini Racing) a longtemps jou\u00e9 \u00e0 un jeu dangereux, mais a pris la 4<sup>\u00e8me<\/sup> place devant <strong>Marco Bezzecchi <\/strong>(Mooney VR46). Les Aprilia d&rsquo;<strong>Aleix Espargaro<\/strong> et <strong>Maverick Vinales<\/strong> encadrent le Fran\u00e7ais <strong>Fabio Quartararo<\/strong> (Monster Energy Yamaha) qui aura tout donn\u00e9 pour s\u2019\u00e9lancer 7<sup>\u00e8me<\/sup> tout \u00e0 l\u2019heure sur le sprint et demain lors du Grand Prix.<\/p>\n<p style=\"text-align: justify;\">Son compatriote <strong>Johann Zarco<\/strong> (Pramac Ducati) termine 9<sup>\u00e8me<\/sup> apr\u00e8s une superbe Q1. Les KTM de Jack Miller et Brad Binder finissent en 10<sup>\u00e8me<\/sup> et 11<sup>\u00e8me<\/sup> positions. Enfin, <strong>Jorge Martin <\/strong>(Pramac Ducati) compl\u00e8te le Top 12 apr\u00e8s deux grosses chutes. Rendez-vous ce soir \u00e0 22h pour la course sprint sur Canal+ Sport 360 ainsi que demain \u00e0 21h sur Canal+ pour le Grand Prix.<\/p>\n<h2 style=\"text-align: justify;\">\u00c0 lire aussi<\/h2>\n<ul>\n<li style=\"text-align: justify;\"><a href=\"https:\/\/dicodusport.fr\/blog\/motogp-grille-de-depart-grand-prix-des-ameriques-2023\/\"><strong>La grille de d\u00e9part du Grand Prix des Am\u00e9riques 2023<\/strong><\/a><\/li>\n<li><a href=\"https:\/\/dicodusport.fr\/blog\/motogp-ameriques-2023-programme-tv-horaires-et-resultats\/\"><strong>Programme et r\u00e9sultats du Grand Prix des Am\u00e9riques 2023<\/strong><\/a><\/li>\n<\/ul>\n","protected":false},"excerpt":{"rendered":"<p>MOTOGP &#8211; GRAND PRIX DES AM\u00c9RIQUES 2023 &#8211; L&rsquo;Italien et champion du monde en titre Francesco Bagnaia (Ducati) s&rsquo;est empar\u00e9 de la pole position sur le circuit d&rsquo;Austin aux \u00c9tats-Unis. C&rsquo;est sa 12\u00e8me pole position en MotoGP et sa premi\u00e8re de la saison. Il devance un \u00e9tonnant Alex Rins (LCR Honda) et Luca Marini (Mooney VR46) qui l&rsquo;accompagneront sur la premi\u00e8re ligne. Les Fran\u00e7ais Fabio Quartararo (Yamaha) et Johann Zarco (Pramac Ducati) s&rsquo;\u00e9lanceront des 7\u00e8me et 10\u00e8me positions.\u00a0<\/p>\n","protected":false},"author":54,"featured_media":374523,"comment_status":"open","ping_status":"closed","sticky":false,"template":"","format":"standard","meta":{"_acf_changed":false,"_daextam_enable_autolinks":"","footnotes":""},"categories":[47087],"tags":[16878,10938,19660],"class_list":["post-374489","post","type-post","status-publish","format-standard","has-post-thumbnail","hentry","category-motogp","tag-breve","tag-motogp","tag-motogp-etats-unis"],"acf":[],"yoast_head":"<!-- This site is optimized with the Yoast SEO Premium plugin v26.7 (Yoast SEO v26.7) - https:\/\/yoast.com\/wordpress\/plugins\/seo\/ -->\n<title>MotoGP Am\u00e9riques 2023 : Francesco Bagnaia en pole position aux \u00c9tats-Unis<\/title>\n<meta name=\"description\" content=\"MOTOGP - GRAND PRIX DES AMERIQUES 2023 - Francesco Bagnaia (Ducati) d\u00e9croche la pole position aux \u00c9tats-Unis. C&#039;est sa 1\u00e8re de la saison.\" \/>\n<meta name=\"robots\" content=\"index, follow, max-snippet:-1, max-image-preview:large, max-video-preview:-1\" \/>\n<link rel=\"canonical\" href=\"https:\/\/dicodusport.fr\/blog\/motogp-ameriques-2023-francesco-bagnaia-en-pole-position-aux-etats-unis\/\" \/>\n<meta property=\"og:locale\" content=\"fr_FR\" \/>\n<meta property=\"og:type\" content=\"article\" \/>\n<meta property=\"og:title\" content=\"MotoGP Am\u00e9riques 2023 : Francesco Bagnaia en pole position aux \u00c9tats-Unis\" \/>\n<meta property=\"og:description\" content=\"MOTOGP - GRAND PRIX DES AMERIQUES 2023 - Francesco Bagnaia (Ducati) d\u00e9croche la pole position aux \u00c9tats-Unis. C&#039;est sa 1\u00e8re de la saison.\" \/>\n<meta property=\"og:url\" content=\"https:\/\/dicodusport.fr\/blog\/motogp-ameriques-2023-francesco-bagnaia-en-pole-position-aux-etats-unis\/\" \/>\n<meta property=\"og:site_name\" content=\"Dicodusport\" \/>\n<meta property=\"article:publisher\" content=\"https:\/\/www.facebook.com\/dicodusport\" \/>\n<meta property=\"article:author\" content=\"https:\/\/www.facebook.com\/roxane.lecacher\" \/>\n<meta property=\"article:published_time\" content=\"2023-04-15T16:40:33+00:00\" \/>\n<meta property=\"article:modified_time\" content=\"2023-04-15T17:19:48+00:00\" \/>\n<meta property=\"og:image\" content=\"https:\/\/dicodusport.fr\/blog\/wp-content\/uploads\/2023\/04\/MotoGP-Ameriques-2023-Francesco-Bagnaia-en-pole-position-aux-Etats-Unis.png\" \/>\n\t<meta property=\"og:image:width\" content=\"800\" \/>\n\t<meta property=\"og:image:height\" content=\"445\" \/>\n\t<meta property=\"og:image:type\" content=\"image\/png\" \/>\n<meta name=\"author\" content=\"Roxane Lecacher\" \/>\n<meta name=\"twitter:card\" content=\"summary_large_image\" \/>\n<meta name=\"twitter:title\" content=\"MotoGP Am\u00e9riques 2023 : Francesco Bagnaia en pole position aux \u00c9tats-Unis\" \/>\n<meta name=\"twitter:creator\" content=\"@dicodusport\" \/>\n<meta name=\"twitter:site\" content=\"@dicodusport\" \/>\n<script type=\"application\/ld+json\" class=\"yoast-schema-graph\">{\"@context\":\"https:\/\/schema.org\",\"@graph\":[{\"@type\":\"NewsArticle\",\"@id\":\"https:\/\/dicodusport.fr\/blog\/motogp-ameriques-2023-francesco-bagnaia-en-pole-position-aux-etats-unis\/#article\",\"isPartOf\":{\"@id\":\"https:\/\/dicodusport.fr\/blog\/motogp-ameriques-2023-francesco-bagnaia-en-pole-position-aux-etats-unis\/\"},\"author\":{\"name\":\"Roxane Lecacher\",\"@id\":\"https:\/\/dicodusport.fr\/blog\/#\/schema\/person\/819fb2545dd2715bd7c0580d6d4b411a\"},\"headline\":\"MotoGP Am\u00e9riques 2023 : Francesco Bagnaia en pole position aux \u00c9tats-Unis\",\"datePublished\":\"2023-04-15T16:40:33+00:00\",\"dateModified\":\"2023-04-15T17:19:48+00:00\",\"mainEntityOfPage\":{\"@id\":\"https:\/\/dicodusport.fr\/blog\/motogp-ameriques-2023-francesco-bagnaia-en-pole-position-aux-etats-unis\/\"},\"wordCount\":536,\"commentCount\":0,\"publisher\":{\"@id\":\"https:\/\/dicodusport.fr\/blog\/#organization\"},\"image\":{\"@id\":\"https:\/\/dicodusport.fr\/blog\/motogp-ameriques-2023-francesco-bagnaia-en-pole-position-aux-etats-unis\/#primaryimage\"},\"thumbnailUrl\":\"https:\/\/dicodusport.fr\/blog\/wp-content\/uploads\/2023\/04\/MotoGP-Ameriques-2023-Francesco-Bagnaia-en-pole-position-aux-Etats-Unis.png\",\"keywords\":[\"br\u00e8ve\",\"MotoGP\",\"MotoGP Etats-Unis\"],\"articleSection\":[\"MotoGP\"],\"inLanguage\":\"fr-FR\",\"potentialAction\":[{\"@type\":\"CommentAction\",\"name\":\"Comment\",\"target\":[\"https:\/\/dicodusport.fr\/blog\/motogp-ameriques-2023-francesco-bagnaia-en-pole-position-aux-etats-unis\/#respond\"]}],\"copyrightYear\":\"2023\",\"copyrightHolder\":{\"@id\":\"https:\/\/dicodusport.fr\/blog\/#organization\"}},{\"@type\":\"WebPage\",\"@id\":\"https:\/\/dicodusport.fr\/blog\/motogp-ameriques-2023-francesco-bagnaia-en-pole-position-aux-etats-unis\/\",\"url\":\"https:\/\/dicodusport.fr\/blog\/motogp-ameriques-2023-francesco-bagnaia-en-pole-position-aux-etats-unis\/\",\"name\":\"MotoGP Am\u00e9riques 2023 : Francesco Bagnaia en pole position aux \u00c9tats-Unis\",\"isPartOf\":{\"@id\":\"https:\/\/dicodusport.fr\/blog\/#website\"},\"primaryImageOfPage\":{\"@id\":\"https:\/\/dicodusport.fr\/blog\/motogp-ameriques-2023-francesco-bagnaia-en-pole-position-aux-etats-unis\/#primaryimage\"},\"image\":{\"@id\":\"https:\/\/dicodusport.fr\/blog\/motogp-ameriques-2023-francesco-bagnaia-en-pole-position-aux-etats-unis\/#primaryimage\"},\"thumbnailUrl\":\"https:\/\/dicodusport.fr\/blog\/wp-content\/uploads\/2023\/04\/MotoGP-Ameriques-2023-Francesco-Bagnaia-en-pole-position-aux-Etats-Unis.png\",\"datePublished\":\"2023-04-15T16:40:33+00:00\",\"dateModified\":\"2023-04-15T17:19:48+00:00\",\"description\":\"MOTOGP - GRAND PRIX DES AMERIQUES 2023 - Francesco Bagnaia (Ducati) d\u00e9croche la pole position aux \u00c9tats-Unis. C'est sa 1\u00e8re de la saison.\",\"breadcrumb\":{\"@id\":\"https:\/\/dicodusport.fr\/blog\/motogp-ameriques-2023-francesco-bagnaia-en-pole-position-aux-etats-unis\/#breadcrumb\"},\"inLanguage\":\"fr-FR\",\"potentialAction\":[{\"@type\":\"ReadAction\",\"target\":[\"https:\/\/dicodusport.fr\/blog\/motogp-ameriques-2023-francesco-bagnaia-en-pole-position-aux-etats-unis\/\"]}]},{\"@type\":\"ImageObject\",\"inLanguage\":\"fr-FR\",\"@id\":\"https:\/\/dicodusport.fr\/blog\/motogp-ameriques-2023-francesco-bagnaia-en-pole-position-aux-etats-unis\/#primaryimage\",\"url\":\"https:\/\/dicodusport.fr\/blog\/wp-content\/uploads\/2023\/04\/MotoGP-Ameriques-2023-Francesco-Bagnaia-en-pole-position-aux-Etats-Unis.png\",\"contentUrl\":\"https:\/\/dicodusport.fr\/blog\/wp-content\/uploads\/2023\/04\/MotoGP-Ameriques-2023-Francesco-Bagnaia-en-pole-position-aux-Etats-Unis.png\",\"width\":800,\"height\":445,\"caption\":\"MotoGP Am\u00e9riques 2023 Francesco Bagnaia en pole position aux \u00c9tats-Unis\"},{\"@type\":\"BreadcrumbList\",\"@id\":\"https:\/\/dicodusport.fr\/blog\/motogp-ameriques-2023-francesco-bagnaia-en-pole-position-aux-etats-unis\/#breadcrumb\",\"itemListElement\":[{\"@type\":\"ListItem\",\"position\":1,\"name\":\"Accueil\",\"item\":\"https:\/\/dicodusport.fr\/blog\/\"},{\"@type\":\"ListItem\",\"position\":2,\"name\":\"MotoGP Am\u00e9riques 2023 : Francesco Bagnaia en pole position aux \u00c9tats-Unis\"}]},{\"@type\":\"WebSite\",\"@id\":\"https:\/\/dicodusport.fr\/blog\/#website\",\"url\":\"https:\/\/dicodusport.fr\/blog\/\",\"name\":\"Dicodusport\",\"description\":\"L&#039;encyclop\u00e9die de l&#039;actualit\u00e9 sportive\",\"publisher\":{\"@id\":\"https:\/\/dicodusport.fr\/blog\/#organization\"},\"potentialAction\":[{\"@type\":\"SearchAction\",\"target\":{\"@type\":\"EntryPoint\",\"urlTemplate\":\"https:\/\/dicodusport.fr\/blog\/?s={search_term_string}\"},\"query-input\":{\"@type\":\"PropertyValueSpecification\",\"valueRequired\":true,\"valueName\":\"search_term_string\"}}],\"inLanguage\":\"fr-FR\"},{\"@type\":\"NewsMediaOrganization\",\"@id\":\"https:\/\/dicodusport.fr\/blog\/#organization\",\"name\":\"Dicodusport\",\"url\":\"https:\/\/dicodusport.fr\/blog\/\",\"logo\":{\"@type\":\"ImageObject\",\"inLanguage\":\"fr-FR\",\"@id\":\"https:\/\/dicodusport.fr\/blog\/#\/schema\/logo\/image\/\",\"url\":\"https:\/\/dicodusport.fr\/blog\/wp-content\/uploads\/2020\/06\/cropped-LOGO-DICODUSPORT-2020-SANS-FOND-SANS-TEXTE.png\",\"contentUrl\":\"https:\/\/dicodusport.fr\/blog\/wp-content\/uploads\/2020\/06\/cropped-LOGO-DICODUSPORT-2020-SANS-FOND-SANS-TEXTE.png\",\"width\":512,\"height\":512,\"caption\":\"Dicodusport\"},\"image\":{\"@id\":\"https:\/\/dicodusport.fr\/blog\/#\/schema\/logo\/image\/\"},\"sameAs\":[\"https:\/\/www.facebook.com\/dicodusport\",\"https:\/\/x.com\/dicodusport\",\"https:\/\/www.instagram.com\/dicodusport\/\",\"https:\/\/www.youtube.com\/channel\/UC7V2KZ5sd3htJivAbA4ZG3w\"],\"description\":\"Dicodusport est l'encyclop\u00e9die de l'actualit\u00e9 sportive.\",\"email\":\"bonjour@dicodusport.fr\",\"legalName\":\"DICODUSPORT\",\"foundingDate\":\"2018-01-14\",\"vatID\":\"FR71834470973\",\"taxID\":\"83447097300043\",\"numberOfEmployees\":{\"@type\":\"QuantitativeValue\",\"minValue\":\"1\",\"maxValue\":\"10\"}},{\"@type\":\"Person\",\"@id\":\"https:\/\/dicodusport.fr\/blog\/#\/schema\/person\/819fb2545dd2715bd7c0580d6d4b411a\",\"name\":\"Roxane Lecacher\",\"image\":{\"@type\":\"ImageObject\",\"inLanguage\":\"fr-FR\",\"@id\":\"https:\/\/dicodusport.fr\/blog\/#\/schema\/person\/image\/\",\"url\":\"https:\/\/dicodusport.fr\/blog\/wp-content\/uploads\/2021\/05\/Roxane-Lecacher-150x150.jpg\",\"contentUrl\":\"https:\/\/dicodusport.fr\/blog\/wp-content\/uploads\/2021\/05\/Roxane-Lecacher-150x150.jpg\",\"caption\":\"Roxane Lecacher\"},\"description\":\"Journaliste\/r\u00e9dactrice depuis janvier 2021 - N\u00e9e quelques jours avant la premi\u00e8re \u00e9toile des Bleus, je baigne dans une famille tr\u00e8s sportive. Je n\u2019ai eu d\u2019autres choix que de me passionner pour le sujet. Pratiquante de l\u2019athl\u00e9tisme depuis toute petite, j\u2019ai aussi un attrait tout particulier pour la Formule 1, le biathlon et le foot. Pendant les grands \u00e9v\u00e9nements, il est impossible de d\u00e9crocher de ma t\u00e9l\u00e9. C\u2019est \u00e0 travers Dicodusport que j\u2019aime d\u00e9sormais vous transmettre mes \u00e9motions et ma passion.\",\"sameAs\":[\"https:\/\/www.facebook.com\/roxane.lecacher\",\"https:\/\/fr.linkedin.com\/in\/roxane-lecacher-23368313b\"],\"url\":\"https:\/\/dicodusport.fr\/blog\/author\/roxanel\/\"}]}<\/script>\n<!-- \/ Yoast SEO Premium plugin. -->","yoast_head_json":{"title":"MotoGP Am\u00e9riques 2023 : Francesco Bagnaia en pole position aux \u00c9tats-Unis","description":"MOTOGP - GRAND PRIX DES AMERIQUES 2023 - Francesco Bagnaia (Ducati) d\u00e9croche la pole position aux \u00c9tats-Unis. C'est sa 1\u00e8re de la saison.","robots":{"index":"index","follow":"follow","max-snippet":"max-snippet:-1","max-image-preview":"max-image-preview:large","max-video-preview":"max-video-preview:-1"},"canonical":"https:\/\/dicodusport.fr\/blog\/motogp-ameriques-2023-francesco-bagnaia-en-pole-position-aux-etats-unis\/","og_locale":"fr_FR","og_type":"article","og_title":"MotoGP Am\u00e9riques 2023 : Francesco Bagnaia en pole position aux \u00c9tats-Unis","og_description":"MOTOGP - GRAND PRIX DES AMERIQUES 2023 - Francesco Bagnaia (Ducati) d\u00e9croche la pole position aux \u00c9tats-Unis. C'est sa 1\u00e8re de la saison.","og_url":"https:\/\/dicodusport.fr\/blog\/motogp-ameriques-2023-francesco-bagnaia-en-pole-position-aux-etats-unis\/","og_site_name":"Dicodusport","article_publisher":"https:\/\/www.facebook.com\/dicodusport","article_author":"https:\/\/www.facebook.com\/roxane.lecacher","article_published_time":"2023-04-15T16:40:33+00:00","article_modified_time":"2023-04-15T17:19:48+00:00","og_image":[{"width":800,"height":445,"url":"https:\/\/dicodusport.fr\/blog\/wp-content\/uploads\/2023\/04\/MotoGP-Ameriques-2023-Francesco-Bagnaia-en-pole-position-aux-Etats-Unis.png","type":"image\/png"}],"author":"Roxane Lecacher","twitter_card":"summary_large_image","twitter_title":"MotoGP Am\u00e9riques 2023 : Francesco Bagnaia en pole position aux \u00c9tats-Unis","twitter_creator":"@dicodusport","twitter_site":"@dicodusport","schema":{"@context":"https:\/\/schema.org","@graph":[{"@type":"NewsArticle","@id":"https:\/\/dicodusport.fr\/blog\/motogp-ameriques-2023-francesco-bagnaia-en-pole-position-aux-etats-unis\/#article","isPartOf":{"@id":"https:\/\/dicodusport.fr\/blog\/motogp-ameriques-2023-francesco-bagnaia-en-pole-position-aux-etats-unis\/"},"author":{"name":"Roxane Lecacher","@id":"https:\/\/dicodusport.fr\/blog\/#\/schema\/person\/819fb2545dd2715bd7c0580d6d4b411a"},"headline":"MotoGP Am\u00e9riques 2023 : Francesco Bagnaia en pole position aux \u00c9tats-Unis","datePublished":"2023-04-15T16:40:33+00:00","dateModified":"2023-04-15T17:19:48+00:00","mainEntityOfPage":{"@id":"https:\/\/dicodusport.fr\/blog\/motogp-ameriques-2023-francesco-bagnaia-en-pole-position-aux-etats-unis\/"},"wordCount":536,"commentCount":0,"publisher":{"@id":"https:\/\/dicodusport.fr\/blog\/#organization"},"image":{"@id":"https:\/\/dicodusport.fr\/blog\/motogp-ameriques-2023-francesco-bagnaia-en-pole-position-aux-etats-unis\/#primaryimage"},"thumbnailUrl":"https:\/\/dicodusport.fr\/blog\/wp-content\/uploads\/2023\/04\/MotoGP-Ameriques-2023-Francesco-Bagnaia-en-pole-position-aux-Etats-Unis.png","keywords":["br\u00e8ve","MotoGP","MotoGP Etats-Unis"],"articleSection":["MotoGP"],"inLanguage":"fr-FR","potentialAction":[{"@type":"CommentAction","name":"Comment","target":["https:\/\/dicodusport.fr\/blog\/motogp-ameriques-2023-francesco-bagnaia-en-pole-position-aux-etats-unis\/#respond"]}],"copyrightYear":"2023","copyrightHolder":{"@id":"https:\/\/dicodusport.fr\/blog\/#organization"}},{"@type":"WebPage","@id":"https:\/\/dicodusport.fr\/blog\/motogp-ameriques-2023-francesco-bagnaia-en-pole-position-aux-etats-unis\/","url":"https:\/\/dicodusport.fr\/blog\/motogp-ameriques-2023-francesco-bagnaia-en-pole-position-aux-etats-unis\/","name":"MotoGP Am\u00e9riques 2023 : Francesco Bagnaia en pole position aux \u00c9tats-Unis","isPartOf":{"@id":"https:\/\/dicodusport.fr\/blog\/#website"},"primaryImageOfPage":{"@id":"https:\/\/dicodusport.fr\/blog\/motogp-ameriques-2023-francesco-bagnaia-en-pole-position-aux-etats-unis\/#primaryimage"},"image":{"@id":"https:\/\/dicodusport.fr\/blog\/motogp-ameriques-2023-francesco-bagnaia-en-pole-position-aux-etats-unis\/#primaryimage"},"thumbnailUrl":"https:\/\/dicodusport.fr\/blog\/wp-content\/uploads\/2023\/04\/MotoGP-Ameriques-2023-Francesco-Bagnaia-en-pole-position-aux-Etats-Unis.png","datePublished":"2023-04-15T16:40:33+00:00","dateModified":"2023-04-15T17:19:48+00:00","description":"MOTOGP - GRAND PRIX DES AMERIQUES 2023 - Francesco Bagnaia (Ducati) d\u00e9croche la pole position aux \u00c9tats-Unis. C'est sa 1\u00e8re de la saison.","breadcrumb":{"@id":"https:\/\/dicodusport.fr\/blog\/motogp-ameriques-2023-francesco-bagnaia-en-pole-position-aux-etats-unis\/#breadcrumb"},"inLanguage":"fr-FR","potentialAction":[{"@type":"ReadAction","target":["https:\/\/dicodusport.fr\/blog\/motogp-ameriques-2023-francesco-bagnaia-en-pole-position-aux-etats-unis\/"]}]},{"@type":"ImageObject","inLanguage":"fr-FR","@id":"https:\/\/dicodusport.fr\/blog\/motogp-ameriques-2023-francesco-bagnaia-en-pole-position-aux-etats-unis\/#primaryimage","url":"https:\/\/dicodusport.fr\/blog\/wp-content\/uploads\/2023\/04\/MotoGP-Ameriques-2023-Francesco-Bagnaia-en-pole-position-aux-Etats-Unis.png","contentUrl":"https:\/\/dicodusport.fr\/blog\/wp-content\/uploads\/2023\/04\/MotoGP-Ameriques-2023-Francesco-Bagnaia-en-pole-position-aux-Etats-Unis.png","width":800,"height":445,"caption":"MotoGP Am\u00e9riques 2023 Francesco Bagnaia en pole position aux \u00c9tats-Unis"},{"@type":"BreadcrumbList","@id":"https:\/\/dicodusport.fr\/blog\/motogp-ameriques-2023-francesco-bagnaia-en-pole-position-aux-etats-unis\/#breadcrumb","itemListElement":[{"@type":"ListItem","position":1,"name":"Accueil","item":"https:\/\/dicodusport.fr\/blog\/"},{"@type":"ListItem","position":2,"name":"MotoGP Am\u00e9riques 2023 : Francesco Bagnaia en pole position aux \u00c9tats-Unis"}]},{"@type":"WebSite","@id":"https:\/\/dicodusport.fr\/blog\/#website","url":"https:\/\/dicodusport.fr\/blog\/","name":"Dicodusport","description":"L&#039;encyclop\u00e9die de l&#039;actualit\u00e9 sportive","publisher":{"@id":"https:\/\/dicodusport.fr\/blog\/#organization"},"potentialAction":[{"@type":"SearchAction","target":{"@type":"EntryPoint","urlTemplate":"https:\/\/dicodusport.fr\/blog\/?s={search_term_string}"},"query-input":{"@type":"PropertyValueSpecification","valueRequired":true,"valueName":"search_term_string"}}],"inLanguage":"fr-FR"},{"@type":"NewsMediaOrganization","@id":"https:\/\/dicodusport.fr\/blog\/#organization","name":"Dicodusport","url":"https:\/\/dicodusport.fr\/blog\/","logo":{"@type":"ImageObject","inLanguage":"fr-FR","@id":"https:\/\/dicodusport.fr\/blog\/#\/schema\/logo\/image\/","url":"https:\/\/dicodusport.fr\/blog\/wp-content\/uploads\/2020\/06\/cropped-LOGO-DICODUSPORT-2020-SANS-FOND-SANS-TEXTE.png","contentUrl":"https:\/\/dicodusport.fr\/blog\/wp-content\/uploads\/2020\/06\/cropped-LOGO-DICODUSPORT-2020-SANS-FOND-SANS-TEXTE.png","width":512,"height":512,"caption":"Dicodusport"},"image":{"@id":"https:\/\/dicodusport.fr\/blog\/#\/schema\/logo\/image\/"},"sameAs":["https:\/\/www.facebook.com\/dicodusport","https:\/\/x.com\/dicodusport","https:\/\/www.instagram.com\/dicodusport\/","https:\/\/www.youtube.com\/channel\/UC7V2KZ5sd3htJivAbA4ZG3w"],"description":"Dicodusport est l'encyclop\u00e9die de l'actualit\u00e9 sportive.","email":"bonjour@dicodusport.fr","legalName":"DICODUSPORT","foundingDate":"2018-01-14","vatID":"FR71834470973","taxID":"83447097300043","numberOfEmployees":{"@type":"QuantitativeValue","minValue":"1","maxValue":"10"}},{"@type":"Person","@id":"https:\/\/dicodusport.fr\/blog\/#\/schema\/person\/819fb2545dd2715bd7c0580d6d4b411a","name":"Roxane Lecacher","image":{"@type":"ImageObject","inLanguage":"fr-FR","@id":"https:\/\/dicodusport.fr\/blog\/#\/schema\/person\/image\/","url":"https:\/\/dicodusport.fr\/blog\/wp-content\/uploads\/2021\/05\/Roxane-Lecacher-150x150.jpg","contentUrl":"https:\/\/dicodusport.fr\/blog\/wp-content\/uploads\/2021\/05\/Roxane-Lecacher-150x150.jpg","caption":"Roxane Lecacher"},"description":"Journaliste\/r\u00e9dactrice depuis janvier 2021 - N\u00e9e quelques jours avant la premi\u00e8re \u00e9toile des Bleus, je baigne dans une famille tr\u00e8s sportive. Je n\u2019ai eu d\u2019autres choix que de me passionner pour le sujet. Pratiquante de l\u2019athl\u00e9tisme depuis toute petite, j\u2019ai aussi un attrait tout particulier pour la Formule 1, le biathlon et le foot. Pendant les grands \u00e9v\u00e9nements, il est impossible de d\u00e9crocher de ma t\u00e9l\u00e9. C\u2019est \u00e0 travers Dicodusport que j\u2019aime d\u00e9sormais vous transmettre mes \u00e9motions et ma passion.","sameAs":["https:\/\/www.facebook.com\/roxane.lecacher","https:\/\/fr.linkedin.com\/in\/roxane-lecacher-23368313b"],"url":"https:\/\/dicodusport.fr\/blog\/author\/roxanel\/"}]}},"_links":{"self":[{"href":"https:\/\/dicodusport.fr\/blog\/wp-json\/wp\/v2\/posts\/374489","targetHints":{"allow":["GET"]}}],"collection":[{"href":"https:\/\/dicodusport.fr\/blog\/wp-json\/wp\/v2\/posts"}],"about":[{"href":"https:\/\/dicodusport.fr\/blog\/wp-json\/wp\/v2\/types\/post"}],"author":[{"embeddable":true,"href":"https:\/\/dicodusport.fr\/blog\/wp-json\/wp\/v2\/users\/54"}],"replies":[{"embeddable":true,"href":"https:\/\/dicodusport.fr\/blog\/wp-json\/wp\/v2\/comments?post=374489"}],"version-history":[{"count":0,"href":"https:\/\/dicodusport.fr\/blog\/wp-json\/wp\/v2\/posts\/374489\/revisions"}],"wp:featuredmedia":[{"embeddable":true,"href":"https:\/\/dicodusport.fr\/blog\/wp-json\/wp\/v2\/media\/374523"}],"wp:attachment":[{"href":"https:\/\/dicodusport.fr\/blog\/wp-json\/wp\/v2\/media?parent=374489"}],"wp:term":[{"taxonomy":"category","embeddable":true,"href":"https:\/\/dicodusport.fr\/blog\/wp-json\/wp\/v2\/categories?post=374489"},{"taxonomy":"post_tag","embeddable":true,"href":"https:\/\/dicodusport.fr\/blog\/wp-json\/wp\/v2\/tags?post=374489"}],"curies":[{"name":"wp","href":"https:\/\/api.w.org\/{rel}","templated":true}]}}