{"id":374542,"date":"2023-04-15T22:31:27","date_gmt":"2023-04-15T20:31:27","guid":{"rendered":"https:\/\/dicodusport.fr\/blog\/?p=374542&#038;preview=true&#038;preview_id=374542"},"modified":"2023-04-16T21:33:32","modified_gmt":"2023-04-16T19:33:32","slug":"motogp-ameriques-2023-classement-course-sprint","status":"publish","type":"post","link":"https:\/\/dicodusport.fr\/blog\/motogp-ameriques-2023-classement-course-sprint\/","title":{"rendered":"MotoGP Am\u00e9riques 2023 &#8211; Classement Course sprint"},"content":{"rendered":"<p style=\"text-align: justify;\"><b><i><a href=\"https:\/\/dicodusport.fr\/blog\/motogp-ameriques-2023-programme-tv-horaires-et-resultats\/\">MOTOGP GRAND PRIX DES AM\u00c9RIQUES 2023<\/a> &#8211; Retrouvez le classement complet de la course sprint du Grand Prix des Am\u00e9riques 2023, \u00e0 Austin (USA), qui a eu lieu ce samedi 15 avril 2023.<\/i><\/b><\/p>\n<p style=\"text-align: justify;\"><strong><span style=\"font-size: 14px;\"><em>Classement officiel.<\/em><\/span><\/strong><\/p>\n<div class=\"su-table su-table-alternate\">\n<table style=\"width: 800px;border-collapse: collapse\" border=\"1\">\n<tbody>\n<tr style=\"height: 24px\">\n<td style=\"border-color: #ebebeb;height: 24px;text-align: center;width: 80px;vertical-align: middle\">\ud83c\udfc6<\/td>\n<td style=\"border-color: #ebebeb;height: 24px;text-align: center;width: 500px;vertical-align: middle\"><span style=\"font-size: 0.9em\"><strong>PILOTES<\/strong><\/span><\/td>\n<td style=\"border-color: #ebebeb;height: 24px;text-align: center;width: 220px;vertical-align: middle\"><span style=\"font-size: 0.9em\"><strong>TEMPS<br \/>\n<\/strong><\/span><\/td>\n<\/tr>\n<tr>\n<td style=\"border-color: #ebebeb;text-align: center;width: 80px;vertical-align: middle\"><span style=\"font-size: 0.9em\">1.<\/span><\/td>\n<td style=\"border-color: #ebebeb;height: 24px;text-align: center;width: 500px;vertical-align: middle\"><span style=\"font-size: 0.9em\"><strong><img loading=\"lazy\" decoding=\"async\" class=\"alignnone wp-image-368940\" src=\"https:\/\/dicodusport.fr\/blog\/wp-content\/uploads\/2020\/11\/MOTOGP-2023-DUCATI-LENOVO-TEAM.png\" alt=\"\" width=\"55\" height=\"24\" \/><br \/>\n\ud83c\uddee\ud83c\uddf9 FRANCESCO BAGNAIA<br \/>\n<\/strong><span style=\"font-size: 0.8em\">DUCATI LENOVO TEAM<\/span><\/span><\/td>\n<td style=\"border-color: #ebebeb;text-align: center;width: 220px;vertical-align: middle\"><strong><span style=\"font-size: 0.9em\">20m35.270s<\/span><\/strong><\/td>\n<\/tr>\n<tr>\n<td style=\"border-color: #ebebeb;text-align: center;width: 80px;vertical-align: middle\"><span style=\"font-size: 0.9em\">2.<\/span><\/td>\n<td style=\"border-color: #ebebeb;text-align: center;width: 500px;vertical-align: middle\"><span style=\"font-size: 0.9em\"><strong><img loading=\"lazy\" decoding=\"async\" class=\"alignnone wp-image-368922\" src=\"https:\/\/dicodusport.fr\/blog\/wp-content\/uploads\/2023\/03\/MOTOGP-2023-LCR-HONDA-IDEMITSU.png\" alt=\"\" width=\"55\" height=\"24\" \/><br \/>\n\ud83c\uddea\ud83c\uddf8 ALEX RINS<br \/>\n<\/strong><span style=\"font-size: 0.8em\">LCR HONDA<\/span><\/span><\/td>\n<td style=\"border-color: #ebebeb;text-align: center;width: 220px;vertical-align: middle\"><strong><span style=\"font-size: 0.9em\">+2.545s<\/span><\/strong><\/td>\n<\/tr>\n<tr style=\"height: 24px\">\n<td style=\"border-color: #ebebeb;height: 24px;text-align: center;width: 80px;vertical-align: middle\"><span style=\"font-size: 0.9em\">3.<\/span><\/td>\n<td style=\"border-color: #ebebeb;text-align: center;width: 500px;vertical-align: middle\"><strong><span style=\"font-size: 0.9em\"><img loading=\"lazy\" decoding=\"async\" class=\"alignnone wp-image-368938\" src=\"https:\/\/dicodusport.fr\/blog\/wp-content\/uploads\/2020\/11\/MOTOGP-2023-PRIMA-PRAMAC-RACING.png\" alt=\"\" width=\"55\" height=\"24\" \/><br \/>\n\ud83c\uddea\ud83c\uddf8 JORGE MARTIN<br \/>\n<\/span><\/strong><span style=\"font-size: 0.9em\"><span style=\"font-size: 0.8em\">PRIMA PRAMAC RACING<\/span><\/span><\/td>\n<td style=\"border-color: #ebebeb;text-align: center;width: 220px;vertical-align: middle\"><strong><span style=\"font-size: 0.9em\">+4.706s<\/span><\/strong><\/td>\n<\/tr>\n<tr>\n<td style=\"border-color: #ebebeb;text-align: center;width: 80px;vertical-align: middle\"><span style=\"font-size: 0.9em\">4.<\/span><\/td>\n<td style=\"border-color: #ebebeb;text-align: center;width: 500px;vertical-align: middle\"><span style=\"font-size: 0.9em\"><strong><img loading=\"lazy\" decoding=\"async\" class=\"alignnone wp-image-368944\" src=\"https:\/\/dicodusport.fr\/blog\/wp-content\/uploads\/2020\/11\/MOTOGP-2023-APRILIA-RACING.png\" alt=\"\" width=\"55\" height=\"24\" \/><br \/>\n\ud83c\uddea\ud83c\uddf8 ALEIX ESPARGARO<br \/>\n<\/strong><span style=\"font-size: 0.8em\">APRILIA RACING<\/span><\/span><\/td>\n<td style=\"border-color: #ebebeb;text-align: center;width: 220px;vertical-align: middle\"><strong><span style=\"font-size: 0.9em\">+5.052s<\/span><\/strong><\/td>\n<\/tr>\n<tr style=\"height: 24px\">\n<td style=\"border-color: #ebebeb;height: 24px;text-align: center;width: 80px;vertical-align: middle\"><span style=\"font-size: 0.9em\">5.<\/span><\/td>\n<td style=\"border-color: #ebebeb;text-align: center;width: 500px;vertical-align: middle\"><span style=\"font-size: 0.9em\"><strong><img loading=\"lazy\" decoding=\"async\" class=\"alignnone wp-image-368929\" src=\"https:\/\/dicodusport.fr\/blog\/wp-content\/uploads\/2023\/03\/MOTOGP-2023-RED-BULL-KTM-FACTORY-RACING.png\" alt=\"\" width=\"55\" height=\"24\" \/><br \/>\n\ud83c\uddff\ud83c\udde6 BRAD BINDER<br style=\"font-size: 14.4px\" \/><\/strong><span style=\"font-size: 0.8em\">RED BULL KTM FACTORY RACING<\/span><\/span><\/td>\n<td style=\"border-color: #ebebeb;text-align: center;width: 220px;vertical-align: middle\"><strong><span style=\"font-size: 0.9em\">+8.175s<\/span><\/strong><\/td>\n<\/tr>\n<tr>\n<td style=\"border-color: #ebebeb;text-align: center;width: 80px;vertical-align: middle\"><span style=\"font-size: 0.9em\">6.<\/span><\/td>\n<td style=\"border-color: #ebebeb;text-align: center;width: 500px;vertical-align: middle\"><span style=\"font-size: 0.9em\"><strong><img loading=\"lazy\" decoding=\"async\" class=\"alignnone wp-image-368953\" src=\"https:\/\/dicodusport.fr\/blog\/wp-content\/uploads\/2023\/03\/MOTOGP-2023-MOONEY-VR46-RACING-TEAM.png\" alt=\"\" width=\"55\" height=\"24\" \/><br \/>\n\ud83c\uddee\ud83c\uddf9 MARCO BEZZECCHI<br \/>\n<\/strong><span style=\"font-size: 0.8em\">MOONEY VR46 RACING TEAM<\/span><\/span><\/td>\n<td style=\"border-color: #ebebeb;text-align: center;width: 220px;vertical-align: middle\"><strong><span style=\"font-size: 0.9em\">+8.877s<\/span><\/strong><\/td>\n<\/tr>\n<tr>\n<td style=\"border-color: #ebebeb;text-align: center;width: 80px;vertical-align: middle\"><span style=\"font-size: 0.9em\">7.<\/span><\/td>\n<td style=\"border-color: #ebebeb;text-align: center;width: 500px;vertical-align: middle\"><span style=\"font-size: 0.9em\"><strong><img loading=\"lazy\" decoding=\"async\" class=\"alignnone wp-image-368953\" src=\"https:\/\/dicodusport.fr\/blog\/wp-content\/uploads\/2023\/03\/MOTOGP-2023-MOONEY-VR46-RACING-TEAM.png\" alt=\"\" width=\"55\" height=\"24\" \/><br \/>\n\ud83c\uddee\ud83c\uddf9 LUCA MARINI<br \/>\n<\/strong><span style=\"font-size: 0.8em\">MOONEY VR46 RACING TEAM<\/span><\/span><\/td>\n<td style=\"border-color: #ebebeb;text-align: center;width: 220px;vertical-align: middle\"><strong><span style=\"font-size: 0.9em\">+9.453s<\/span><\/strong><\/td>\n<\/tr>\n<tr>\n<td style=\"border-color: #ebebeb;text-align: center;width: 80px;vertical-align: middle\"><span style=\"font-size: 0.9em\">8.<\/span><\/td>\n<td style=\"border-color: #ebebeb;text-align: center;width: 500px;vertical-align: middle\"><span style=\"font-size: 0.9em\"><strong><img loading=\"lazy\" decoding=\"async\" class=\"alignnone wp-image-368916\" src=\"https:\/\/dicodusport.fr\/blog\/wp-content\/uploads\/2023\/03\/MOTOGP-2023-CRYPTODATA-RNF-MOTOGP-TEAM.png\" alt=\"\" width=\"55\" height=\"24\" \/><br \/>\n\ud83c\uddf5\ud83c\uddf9 MIGUEL OLIVEIRA<br \/>\n<\/strong><span style=\"font-size: 0.8em\">CRYPTODATA RNF MOTOGP TEAM<\/span><\/span><\/td>\n<td style=\"border-color: #ebebeb;text-align: center;width: 220px;vertical-align: middle\"><strong><span style=\"font-size: 0.9em\">+10.768s<\/span><\/strong><\/td>\n<\/tr>\n<tr>\n<td style=\"border-color: #ebebeb;text-align: center;width: 80px;vertical-align: middle\"><span style=\"font-size: 0.9em\">9.<\/span><\/td>\n<td style=\"border-color: #ebebeb;text-align: center;width: 500px;vertical-align: middle\"><span style=\"font-size: 0.9em\"><strong><img loading=\"lazy\" decoding=\"async\" class=\"alignnone wp-image-368929\" src=\"https:\/\/dicodusport.fr\/blog\/wp-content\/uploads\/2023\/03\/MOTOGP-2023-RED-BULL-KTM-FACTORY-RACING.png\" alt=\"\" width=\"55\" height=\"24\" \/><br \/>\n\ud83c\udde6\ud83c\uddfa JACK MILLER<br \/>\n<\/strong><span style=\"font-size: 0.8em\">RED BULL KTM FACTORY RACING<\/span><\/span><\/td>\n<td style=\"border-color: #ebebeb;text-align: center;width: 220px;vertical-align: middle\"><strong><span style=\"font-size: 0.9em\">+12.448s<\/span><\/strong><\/td>\n<\/tr>\n<tr>\n<td style=\"border-color: #ebebeb;text-align: center;width: 80px;vertical-align: middle\"><span style=\"font-size: 0.9em\">10.<\/span><\/td>\n<td style=\"border-color: #ebebeb;text-align: center;width: 500px;vertical-align: middle\"><span style=\"font-size: 0.9em\"><strong><img loading=\"lazy\" decoding=\"async\" class=\"alignnone wp-image-368944\" src=\"https:\/\/dicodusport.fr\/blog\/wp-content\/uploads\/2020\/11\/MOTOGP-2023-APRILIA-RACING.png\" alt=\"\" width=\"55\" height=\"24\" \/><br \/>\n\ud83c\uddea\ud83c\uddf8 MAVERICK VINALES <br style=\"font-size: 14.4px\" \/><\/strong><span style=\"font-size: 0.8em\">APRILIA RACING<\/span><\/span><\/td>\n<td style=\"border-color: #ebebeb;text-align: center;width: 220px;vertical-align: middle\"><strong><span style=\"font-size: 0.9em\">+12.739s<\/span><\/strong><\/td>\n<\/tr>\n<tr>\n<td style=\"border-color: #ebebeb;text-align: center;width: 80px;vertical-align: middle\"><span style=\"font-size: 0.9em\">11<\/span><span style=\"font-size: 0.9em\">.<\/span><\/td>\n<td style=\"border-color: #ebebeb;text-align: center;width: 500px;vertical-align: middle\"><span style=\"font-size: 0.9em\"><strong><img loading=\"lazy\" decoding=\"async\" class=\"alignnone wp-image-368938\" src=\"https:\/\/dicodusport.fr\/blog\/wp-content\/uploads\/2020\/11\/MOTOGP-2023-PRIMA-PRAMAC-RACING.png\" alt=\"\" width=\"55\" height=\"24\" \/><br \/>\n\ud83c\uddeb\ud83c\uddf7 JOHANN ZARCO<br \/>\n<\/strong><span style=\"font-size: 0.8em\">PRIMA PRAMAC RACING<\/span><\/span><\/td>\n<td style=\"border-color: #ebebeb;text-align: center;width: 220px;vertical-align: middle\"><strong><span style=\"font-size: 0.9em\">+14.251s<\/span><\/strong><\/td>\n<\/tr>\n<tr>\n<td style=\"border-color: #ebebeb;text-align: center;width: 80px;vertical-align: middle\"><span style=\"font-size: 0.9em\">12.<\/span><\/td>\n<td style=\"border-color: #ebebeb;text-align: center;width: 500px;vertical-align: middle\"><strong><span style=\"font-size: 0.9em\"><img loading=\"lazy\" decoding=\"async\" class=\"alignnone wp-image-368935\" src=\"https:\/\/dicodusport.fr\/blog\/wp-content\/uploads\/2023\/03\/MOTOGP-2023-REPSOL-HONDA-TEAM.png\" alt=\"\" width=\"55\" height=\"24\" \/><br \/>\n\ud83c\uddea\ud83c\uddf8 JOAN MIR<br \/>\n<\/span><\/strong><span style=\"font-size: 0.9em\"><span style=\"font-size: 0.8em\">REPSOL HONDA TEAM<\/span><\/span><\/td>\n<td style=\"border-color: #ebebeb;text-align: center;width: 220px;vertical-align: middle\"><strong><span style=\"font-size: 0.9em\">+14.988s<\/span><\/strong><\/td>\n<\/tr>\n<tr>\n<td style=\"border-color: #ebebeb;text-align: center;width: 80px;vertical-align: middle\"><span style=\"font-size: 0.9em\">13.<\/span><\/td>\n<td style=\"border-color: #ebebeb;text-align: center;width: 500px;vertical-align: middle\"><span style=\"font-size: 0.9em\"><strong><img loading=\"lazy\" decoding=\"async\" class=\"alignnone wp-image-368922\" src=\"https:\/\/dicodusport.fr\/blog\/wp-content\/uploads\/2023\/03\/MOTOGP-2023-LCR-HONDA-IDEMITSU.png\" alt=\"\" width=\"55\" height=\"24\" \/><br \/>\n\ud83c\uddef\ud83c\uddf5 TAKAAKI NAKAGAMI<br \/>\n<\/strong><span style=\"font-size: 0.8em\">LCR HONDA<\/span><\/span><\/td>\n<td style=\"border-color: #ebebeb;text-align: center;width: 220px;vertical-align: middle\"><strong><span style=\"font-size: 0.9em\">+15.592s<\/span><\/strong><\/td>\n<\/tr>\n<tr>\n<td style=\"border-color: #ebebeb;text-align: center;width: 80px;vertical-align: middle\"><span style=\"font-size: 0.9em\">14.<\/span><\/td>\n<td style=\"border-color: #ebebeb;text-align: center;width: 500px;vertical-align: middle\"><span style=\"font-size: 0.9em\"><strong><img loading=\"lazy\" decoding=\"async\" class=\"alignnone wp-image-368923\" src=\"https:\/\/dicodusport.fr\/blog\/wp-content\/uploads\/2023\/03\/MOTOGP-2023-MONSTER-ENERGY-YAMAHA-MOTOGP.png\" alt=\"\" width=\"55\" height=\"24\" \/><br \/>\n\ud83c\uddee\ud83c\uddf9 FRANCO MORBIDELLI<br \/>\n<\/strong><span style=\"font-size: 0.8em\">MONSTER ENERGY YAMAHA MOTOGP<\/span><\/span><\/td>\n<td style=\"border-color: #ebebeb;text-align: center;width: 220px;vertical-align: middle\"><strong><span style=\"font-size: 0.9em\">+16.534s<\/span><\/strong><\/td>\n<\/tr>\n<tr>\n<td style=\"border-color: #ebebeb;text-align: center;width: 80px;vertical-align: middle\"><span style=\"font-size: 0.9em\">15.<\/span><\/td>\n<td style=\"border-color: #ebebeb;height: 24px;text-align: center;width: 500px;vertical-align: middle\"><span style=\"font-size: 0.9em\"><strong><img loading=\"lazy\" decoding=\"async\" class=\"alignnone wp-image-368916\" src=\"https:\/\/dicodusport.fr\/blog\/wp-content\/uploads\/2023\/03\/MOTOGP-2023-CRYPTODATA-RNF-MOTOGP-TEAM.png\" alt=\"\" width=\"55\" height=\"24\" \/><br \/>\n\ud83c\uddea\ud83c\uddf8 RAUL FERNANDEZ<br \/>\n<\/strong><span style=\"font-size: 0.8em\">CRYPTODATA RNF MOTOGP TEAM<\/span><\/span><\/td>\n<td style=\"border-color: #ebebeb;text-align: center;width: 220px;vertical-align: middle\"><strong><span style=\"font-size: 0.9em\">+19.290s<\/span><\/strong><\/td>\n<\/tr>\n<tr>\n<td style=\"border-color: #ebebeb;text-align: center;width: 80px;vertical-align: middle\"><span style=\"font-size: 0.9em\">16<\/span><span style=\"font-size: 0.9em\">.<\/span><\/td>\n<td style=\"border-color: #ebebeb;text-align: center;width: 500px;vertical-align: middle\"><span style=\"font-size: 0.9em\"><strong><img loading=\"lazy\" decoding=\"async\" class=\"alignnone wp-image-368913\" src=\"https:\/\/dicodusport.fr\/blog\/wp-content\/uploads\/2020\/11\/MotoGP-2023-GASGAS-FACTORY-RACING-TECH3.png\" alt=\"\" width=\"55\" height=\"24\" \/><br \/>\n\ud83c\uddea\ud83c\uddf8 AUGUSTO FERNANDEZ<br \/>\n<\/strong><span style=\"font-size: 0.8em\">GASGAS FACTORY RACING TECH3<\/span><\/span><\/td>\n<td style=\"border-color: #ebebeb;text-align: center;width: 220px;vertical-align: middle\"><strong><span style=\"font-size: 0.9em\">+23.128s<\/span><\/strong><\/td>\n<\/tr>\n<tr>\n<td style=\"border-color: #ebebeb;text-align: center;width: 80px;vertical-align: middle\"><span style=\"font-size: 0.9em\">17.<\/span><\/td>\n<td style=\"border-color: #ebebeb;text-align: center;width: 500px;vertical-align: middle\"><span style=\"font-size: 0.9em\"><strong><img loading=\"lazy\" decoding=\"async\" class=\"alignnone wp-image-368914\" src=\"https:\/\/dicodusport.fr\/blog\/wp-content\/uploads\/2023\/03\/MOTOGP-2023-GRESINI-RACING-MOTOGP-.png\" alt=\"\" width=\"55\" height=\"24\" \/><br \/>\n\ud83c\uddee\ud83c\uddf9 FABIO DI GIANNANTONIO<br \/>\n<\/strong><span style=\"font-size: 0.8em\">GRESINI RACING MOTOGP<\/span><\/span><\/td>\n<td style=\"border-color: #ebebeb;text-align: center;width: 220px;vertical-align: middle\"><strong><span style=\"font-size: 0.9em\">+25.626s<\/span><\/strong><\/td>\n<\/tr>\n<tr>\n<td style=\"border-color: #ebebeb;text-align: center;width: 80px;vertical-align: middle\"><span style=\"font-size: 0.9em\">18.<\/span><\/td>\n<td style=\"border-color: #ebebeb;text-align: center;width: 500px;vertical-align: middle\"><span style=\"font-size: 0.9em\"><strong><img loading=\"lazy\" decoding=\"async\" class=\"alignnone wp-image-368935\" src=\"https:\/\/dicodusport.fr\/blog\/wp-content\/uploads\/2023\/03\/MOTOGP-2023-REPSOL-HONDA-TEAM.png\" alt=\"\" width=\"55\" height=\"24\" \/><br \/>\n\ud83c\udde9\ud83c\uddea STEFAN BRADL<br \/>\n<\/strong><span style=\"font-size: 0.8em\">REPSOL HONDA TEAM<\/span><\/span><\/td>\n<td style=\"border-color: #ebebeb;text-align: center;width: 220px;vertical-align: middle\"><strong><span style=\"font-size: 0.9em\">+25.787s<\/span><\/strong><\/td>\n<\/tr>\n<tr>\n<td style=\"border-color: #ebebeb;text-align: center;width: 80px;vertical-align: middle\"><span style=\"font-size: 0.9em\">19.<\/span><\/td>\n<td style=\"border-color: #ebebeb;height: 24px;text-align: center;width: 500px;vertical-align: middle\"><span style=\"font-size: 0.9em\"><strong><img loading=\"lazy\" decoding=\"async\" class=\"alignnone wp-image-368923\" src=\"https:\/\/dicodusport.fr\/blog\/wp-content\/uploads\/2023\/03\/MOTOGP-2023-MONSTER-ENERGY-YAMAHA-MOTOGP.png\" alt=\"\" width=\"55\" height=\"24\" \/><br \/>\n\ud83c\uddeb\ud83c\uddf7 FABIO QUARTARARO<strong style=\"font-size: 14.4px\"><br style=\"font-size: 14.4px\" \/><\/strong><\/strong><span style=\"font-size: 0.8em\">MONSTER ENERGY YAMAHA MOTOGP<\/span><\/span><\/td>\n<td style=\"border-color: #ebebeb;text-align: center;width: 220px;vertical-align: middle\"><strong><span style=\"font-size: 0.9em\">+27.169s<\/span><\/strong><\/td>\n<\/tr>\n<tr>\n<td style=\"border-color: #ebebeb;text-align: center;width: 80px;vertical-align: middle\"><span style=\"font-size: 0.9em\">20<\/span><span style=\"font-size: 0.9em\">.<\/span><\/td>\n<td style=\"border-color: #ebebeb;text-align: center;width: 500px;vertical-align: middle\"><span style=\"font-size: 0.9em\"><strong><img loading=\"lazy\" decoding=\"async\" class=\"alignnone wp-image-368913\" src=\"https:\/\/dicodusport.fr\/blog\/wp-content\/uploads\/2020\/11\/MotoGP-2023-GASGAS-FACTORY-RACING-TECH3.png\" alt=\"\" width=\"55\" height=\"24\" \/><br \/>\n\ud83c\udde9\ud83c\uddea JONAS FOLGER<br \/>\n<\/strong><span style=\"font-size: 0.8em\">GASGAS FACTORY RACING TECH3<\/span><\/span><\/td>\n<td style=\"border-color: #ebebeb;text-align: center;width: 220px;vertical-align: middle\"><strong><span style=\"font-size: 0.9em\">+46.973s<\/span><\/strong><\/td>\n<\/tr>\n<tr>\n<td style=\"border-color: #ebebeb;text-align: center;width: 80px;vertical-align: middle\"><span style=\"font-size: 0.9em\">21.<\/span><\/td>\n<td style=\"border-color: #ebebeb;text-align: center;width: 500px;vertical-align: middle\"><span style=\"font-size: 0.9em\"><strong><img loading=\"lazy\" decoding=\"async\" class=\"alignnone wp-image-368914\" src=\"https:\/\/dicodusport.fr\/blog\/wp-content\/uploads\/2023\/03\/MOTOGP-2023-GRESINI-RACING-MOTOGP-.png\" alt=\"\" width=\"55\" height=\"24\" \/><br \/>\n\ud83c\uddea\ud83c\uddf8 ALEX MARQUEZ<br \/>\n<\/strong><span style=\"font-size: 0.8em\">GRESINI RACING MOTOGP<\/span>\u00a0<\/span><\/td>\n<td style=\"border-color: #ebebeb;text-align: center;width: 220px;vertical-align: middle\"><strong><span style=\"font-size: 0.9em\">OUT<\/span><\/strong><\/td>\n<\/tr>\n<tr>\n<td style=\"border-color: #ebebeb;text-align: center;width: 80px;vertical-align: middle\"><span style=\"font-size: 0.9em\">22.<\/span><\/td>\n<td style=\"border-color: #ebebeb;text-align: center;width: 500px;vertical-align: middle\"><span style=\"font-size: 0.9em\"><strong><img loading=\"lazy\" decoding=\"async\" class=\"alignnone wp-image-368940\" src=\"https:\/\/dicodusport.fr\/blog\/wp-content\/uploads\/2020\/11\/MOTOGP-2023-DUCATI-LENOVO-TEAM.png\" alt=\"\" width=\"55\" height=\"24\" \/><br \/>\n\ud83c\uddee\ud83c\uddf9 MICHELE PIRRO<br \/>\n<\/strong><span style=\"font-size: 0.8em\">DUCATI LENOVO TEAM<\/span><\/span><\/td>\n<td style=\"border-color: #ebebeb;text-align: center;width: 220px;vertical-align: middle\"><strong><span style=\"font-size: 0.9em\">OUT<\/span><\/strong><\/td>\n<\/tr>\n<\/tbody>\n<\/table>\n<\/div>\n<h2 style=\"text-align: justify;\">\u00c0 lire aussi<\/h2>\n<ul>\n<li style=\"text-align: justify;\"><a href=\"https:\/\/dicodusport.fr\/blog\/motogp-grille-de-depart-grand-prix-des-ameriques-2023\/\"><strong>Grille de d\u00e9part du Grand Prix des Am\u00e9riques<\/strong><\/a><\/li>\n<li style=\"text-align: justify;\"><a href=\"https:\/\/dicodusport.fr\/blog\/motogp-2023-calendrier-et-resultats\/\"><strong>MotoGP 2023 \u2013 Calendrier et r\u00e9sultats<\/strong><\/a><\/li>\n<li style=\"text-align: justify;\"><a href=\"https:\/\/dicodusport.fr\/blog\/motogp-2023-classement-du-championnat-du-monde-des-pilotes\/\"><strong>Le classement du championnat du monde des pilotes<\/strong><\/a><\/li>\n<\/ul>\n<div class=\"vlp-link-container vlp-layout-article\"><a href=\"https:\/\/dicodusport.fr\/blog\/salaires-motogp-2023-qui-sont-les-pilotes-les-mieux-payes\/\" class=\"vlp-link\" title=\"Salaires MotoGP 2023 : Qui sont les pilotes les mieux pay\u00e9s ?\"><\/a><div class=\"vlp-layout-zone-side\"><div class=\"vlp-block-4 vlp-link-image\"><img loading=\"lazy\" decoding=\"async\" style=\"max-width: 800px;\" width=\"800\" height=\"445\" src=\"https:\/\/dicodusport.fr\/blog\/wp-content\/uploads\/2023\/03\/Salaires-MotoGP-2023-Qui-sont-les-pilotes-les-mieux-payes-.png\" class=\"attachment-800x445 size-800x445\" alt=\"Salaires MotoGP 2023 Qui sont les pilotes les mieux pay\u00e9s\" srcset=\"https:\/\/dicodusport.fr\/blog\/wp-content\/uploads\/2023\/03\/Salaires-MotoGP-2023-Qui-sont-les-pilotes-les-mieux-payes-.png 800w, https:\/\/dicodusport.fr\/blog\/wp-content\/uploads\/2023\/03\/Salaires-MotoGP-2023-Qui-sont-les-pilotes-les-mieux-payes--300x167.png 300w, https:\/\/dicodusport.fr\/blog\/wp-content\/uploads\/2023\/03\/Salaires-MotoGP-2023-Qui-sont-les-pilotes-les-mieux-payes--768x427.png 768w\" sizes=\"auto, (max-width: 800px) 100vw, 800px\" \/><\/div><\/div><div class=\"vlp-layout-zone-main\"><div class=\"vlp-block-0 vlp-link-title\">Salaires MotoGP 2023 : Qui sont les pilotes les mieux pay\u00e9s ?<\/div><div class=\"vlp-block-1 vlp-link-summary\">SALAIRES MOTOGP 2023 - Sports Data ID, sur les informations, entre autres, de la Gazzetta dello Sport, a d\u00e9voil\u00e9 les salaires des 22 pilotes MotoGP pour la saison 2023.<\/div><div class=\"vlp-block-2 vlp-link-button\">Lire l'article<\/div><div class=\"vlp-block-3 vlp-link-url\">dicodusport.fr<\/div><\/div><\/div>\n","protected":false},"excerpt":{"rendered":"<p>MOTOGP GRAND PRIX DES AM\u00c9RIQUES 2023 &#8211; Retrouvez le classement complet de la course sprint du Grand Prix des Am\u00e9riques 2023, \u00e0 Austin (USA), qui a eu lieu ce samedi 15 avril 2023.<\/p>\n","protected":false},"author":4,"featured_media":374544,"comment_status":"open","ping_status":"closed","sticky":false,"template":"","format":"standard","meta":{"_acf_changed":false,"_daextam_enable_autolinks":"","footnotes":""},"categories":[47087],"tags":[16878,19659,10938,19554],"class_list":["post-374542","post","type-post","status-publish","format-standard","has-post-thumbnail","hentry","category-motogp","tag-breve","tag-grand-prix-des-ameriques-motogp","tag-motogp","tag-motogp-ameriques"],"acf":[],"yoast_head":"<!-- This site is optimized with the Yoast SEO Premium plugin v26.7 (Yoast SEO v26.7) - https:\/\/yoast.com\/wordpress\/plugins\/seo\/ -->\n<title>MotoGP Am\u00e9riques 2023 - Classement Course sprint<\/title>\n<meta name=\"description\" content=\"MOTOGP GRAND PRIX DES AM\u00c9RIQUES 2023 - Retrouvez le classement complet de la course sprint du Grand Prix des Am\u00e9riques 2023.\" \/>\n<meta name=\"robots\" content=\"index, follow, max-snippet:-1, max-image-preview:large, max-video-preview:-1\" \/>\n<link rel=\"canonical\" href=\"https:\/\/dicodusport.fr\/blog\/motogp-ameriques-2023-classement-course-sprint\/\" \/>\n<meta property=\"og:locale\" content=\"fr_FR\" \/>\n<meta property=\"og:type\" content=\"article\" \/>\n<meta property=\"og:title\" content=\"MotoGP Am\u00e9riques 2023 - Classement Course sprint\" \/>\n<meta property=\"og:description\" content=\"MOTOGP GRAND PRIX DES AM\u00c9RIQUES 2023 - Retrouvez le classement complet de la course sprint du Grand Prix des Am\u00e9riques 2023.\" \/>\n<meta property=\"og:url\" content=\"https:\/\/dicodusport.fr\/blog\/motogp-ameriques-2023-classement-course-sprint\/\" \/>\n<meta property=\"og:site_name\" content=\"Dicodusport\" \/>\n<meta property=\"article:publisher\" content=\"https:\/\/www.facebook.com\/dicodusport\" \/>\n<meta property=\"article:author\" content=\"https:\/\/www.facebook.com\/florent.ostermann\" \/>\n<meta property=\"article:published_time\" content=\"2023-04-15T20:31:27+00:00\" \/>\n<meta property=\"article:modified_time\" content=\"2023-04-16T19:33:32+00:00\" \/>\n<meta property=\"og:image\" content=\"https:\/\/dicodusport.fr\/blog\/wp-content\/uploads\/2023\/04\/MotoGP-Ameriques-2023-Classement-Course-sprint.png\" \/>\n\t<meta property=\"og:image:width\" content=\"1200\" \/>\n\t<meta property=\"og:image:height\" content=\"670\" \/>\n\t<meta property=\"og:image:type\" content=\"image\/png\" \/>\n<meta name=\"author\" content=\"Flo Ostermann\" \/>\n<meta name=\"twitter:card\" content=\"summary_large_image\" \/>\n<meta name=\"twitter:title\" content=\"MotoGP Am\u00e9riques 2023 - Classement Course sprint\" \/>\n<meta name=\"twitter:creator\" content=\"@https:\/\/twitter.com\/FlOstermann\" \/>\n<meta name=\"twitter:site\" content=\"@dicodusport\" \/>\n<script type=\"application\/ld+json\" class=\"yoast-schema-graph\">{\"@context\":\"https:\/\/schema.org\",\"@graph\":[{\"@type\":\"NewsArticle\",\"@id\":\"https:\/\/dicodusport.fr\/blog\/motogp-ameriques-2023-classement-course-sprint\/#article\",\"isPartOf\":{\"@id\":\"https:\/\/dicodusport.fr\/blog\/motogp-ameriques-2023-classement-course-sprint\/\"},\"author\":{\"name\":\"Flo Ostermann\",\"@id\":\"https:\/\/dicodusport.fr\/blog\/#\/schema\/person\/cb02af4c173ce4a653b55e9baf388d4a\"},\"headline\":\"MotoGP Am\u00e9riques 2023 &#8211; Classement Course sprint\",\"datePublished\":\"2023-04-15T20:31:27+00:00\",\"dateModified\":\"2023-04-16T19:33:32+00:00\",\"mainEntityOfPage\":{\"@id\":\"https:\/\/dicodusport.fr\/blog\/motogp-ameriques-2023-classement-course-sprint\/\"},\"wordCount\":291,\"commentCount\":0,\"publisher\":{\"@id\":\"https:\/\/dicodusport.fr\/blog\/#organization\"},\"image\":{\"@id\":\"https:\/\/dicodusport.fr\/blog\/motogp-ameriques-2023-classement-course-sprint\/#primaryimage\"},\"thumbnailUrl\":\"https:\/\/dicodusport.fr\/blog\/wp-content\/uploads\/2023\/04\/MotoGP-Ameriques-2023-Classement-Course-sprint.png\",\"keywords\":[\"br\u00e8ve\",\"Grand Prix des Am\u00e9riques MotoGP\",\"MotoGP\",\"MotoGP Am\u00e9riques\"],\"articleSection\":[\"MotoGP\"],\"inLanguage\":\"fr-FR\",\"potentialAction\":[{\"@type\":\"CommentAction\",\"name\":\"Comment\",\"target\":[\"https:\/\/dicodusport.fr\/blog\/motogp-ameriques-2023-classement-course-sprint\/#respond\"]}],\"copyrightYear\":\"2023\",\"copyrightHolder\":{\"@id\":\"https:\/\/dicodusport.fr\/blog\/#organization\"}},{\"@type\":\"WebPage\",\"@id\":\"https:\/\/dicodusport.fr\/blog\/motogp-ameriques-2023-classement-course-sprint\/\",\"url\":\"https:\/\/dicodusport.fr\/blog\/motogp-ameriques-2023-classement-course-sprint\/\",\"name\":\"MotoGP Am\u00e9riques 2023 - Classement Course sprint\",\"isPartOf\":{\"@id\":\"https:\/\/dicodusport.fr\/blog\/#website\"},\"primaryImageOfPage\":{\"@id\":\"https:\/\/dicodusport.fr\/blog\/motogp-ameriques-2023-classement-course-sprint\/#primaryimage\"},\"image\":{\"@id\":\"https:\/\/dicodusport.fr\/blog\/motogp-ameriques-2023-classement-course-sprint\/#primaryimage\"},\"thumbnailUrl\":\"https:\/\/dicodusport.fr\/blog\/wp-content\/uploads\/2023\/04\/MotoGP-Ameriques-2023-Classement-Course-sprint.png\",\"datePublished\":\"2023-04-15T20:31:27+00:00\",\"dateModified\":\"2023-04-16T19:33:32+00:00\",\"description\":\"MOTOGP GRAND PRIX DES AM\u00c9RIQUES 2023 - Retrouvez le classement complet de la course sprint du Grand Prix des Am\u00e9riques 2023.\",\"breadcrumb\":{\"@id\":\"https:\/\/dicodusport.fr\/blog\/motogp-ameriques-2023-classement-course-sprint\/#breadcrumb\"},\"inLanguage\":\"fr-FR\",\"potentialAction\":[{\"@type\":\"ReadAction\",\"target\":[\"https:\/\/dicodusport.fr\/blog\/motogp-ameriques-2023-classement-course-sprint\/\"]}]},{\"@type\":\"ImageObject\",\"inLanguage\":\"fr-FR\",\"@id\":\"https:\/\/dicodusport.fr\/blog\/motogp-ameriques-2023-classement-course-sprint\/#primaryimage\",\"url\":\"https:\/\/dicodusport.fr\/blog\/wp-content\/uploads\/2023\/04\/MotoGP-Ameriques-2023-Classement-Course-sprint.png\",\"contentUrl\":\"https:\/\/dicodusport.fr\/blog\/wp-content\/uploads\/2023\/04\/MotoGP-Ameriques-2023-Classement-Course-sprint.png\",\"width\":1200,\"height\":670,\"caption\":\"MotoGP Am\u00e9riques 2023 - Classement Course sprint\"},{\"@type\":\"BreadcrumbList\",\"@id\":\"https:\/\/dicodusport.fr\/blog\/motogp-ameriques-2023-classement-course-sprint\/#breadcrumb\",\"itemListElement\":[{\"@type\":\"ListItem\",\"position\":1,\"name\":\"Accueil\",\"item\":\"https:\/\/dicodusport.fr\/blog\/\"},{\"@type\":\"ListItem\",\"position\":2,\"name\":\"MotoGP Am\u00e9riques 2023 &#8211; Classement Course sprint\"}]},{\"@type\":\"WebSite\",\"@id\":\"https:\/\/dicodusport.fr\/blog\/#website\",\"url\":\"https:\/\/dicodusport.fr\/blog\/\",\"name\":\"Dicodusport\",\"description\":\"L&#039;encyclop\u00e9die de l&#039;actualit\u00e9 sportive\",\"publisher\":{\"@id\":\"https:\/\/dicodusport.fr\/blog\/#organization\"},\"potentialAction\":[{\"@type\":\"SearchAction\",\"target\":{\"@type\":\"EntryPoint\",\"urlTemplate\":\"https:\/\/dicodusport.fr\/blog\/?s={search_term_string}\"},\"query-input\":{\"@type\":\"PropertyValueSpecification\",\"valueRequired\":true,\"valueName\":\"search_term_string\"}}],\"inLanguage\":\"fr-FR\"},{\"@type\":\"NewsMediaOrganization\",\"@id\":\"https:\/\/dicodusport.fr\/blog\/#organization\",\"name\":\"Dicodusport\",\"url\":\"https:\/\/dicodusport.fr\/blog\/\",\"logo\":{\"@type\":\"ImageObject\",\"inLanguage\":\"fr-FR\",\"@id\":\"https:\/\/dicodusport.fr\/blog\/#\/schema\/logo\/image\/\",\"url\":\"https:\/\/dicodusport.fr\/blog\/wp-content\/uploads\/2020\/06\/cropped-LOGO-DICODUSPORT-2020-SANS-FOND-SANS-TEXTE.png\",\"contentUrl\":\"https:\/\/dicodusport.fr\/blog\/wp-content\/uploads\/2020\/06\/cropped-LOGO-DICODUSPORT-2020-SANS-FOND-SANS-TEXTE.png\",\"width\":512,\"height\":512,\"caption\":\"Dicodusport\"},\"image\":{\"@id\":\"https:\/\/dicodusport.fr\/blog\/#\/schema\/logo\/image\/\"},\"sameAs\":[\"https:\/\/www.facebook.com\/dicodusport\",\"https:\/\/x.com\/dicodusport\",\"https:\/\/www.instagram.com\/dicodusport\/\",\"https:\/\/www.youtube.com\/channel\/UC7V2KZ5sd3htJivAbA4ZG3w\"],\"description\":\"Dicodusport est l'encyclop\u00e9die de l'actualit\u00e9 sportive.\",\"email\":\"bonjour@dicodusport.fr\",\"legalName\":\"DICODUSPORT\",\"foundingDate\":\"2018-01-14\",\"vatID\":\"FR71834470973\",\"taxID\":\"83447097300043\",\"numberOfEmployees\":{\"@type\":\"QuantitativeValue\",\"minValue\":\"1\",\"maxValue\":\"10\"}},{\"@type\":\"Person\",\"@id\":\"https:\/\/dicodusport.fr\/blog\/#\/schema\/person\/cb02af4c173ce4a653b55e9baf388d4a\",\"name\":\"Flo Ostermann\",\"image\":{\"@type\":\"ImageObject\",\"inLanguage\":\"fr-FR\",\"@id\":\"https:\/\/dicodusport.fr\/blog\/#\/schema\/person\/image\/\",\"url\":\"https:\/\/dicodusport.fr\/blog\/wp-content\/uploads\/2021\/05\/Flo-Ostermann-150x150.jpg\",\"contentUrl\":\"https:\/\/dicodusport.fr\/blog\/wp-content\/uploads\/2021\/05\/Flo-Ostermann-150x150.jpg\",\"caption\":\"Flo Ostermann\"},\"description\":\"Journaliste\/R\u00e9dacteur depuis septembre 2015 - Mes premiers souvenirs dans le sport ? Les envol\u00e9es du Stade Toulousain et les duels Villeneuve-Schumacher et H\u00e4kkinen-Schumacher \u00e0 la fin des ann\u00e9es 90, la Coupe du monde de football en 1998, l\u2019exploit du XV de France face aux All Blacks en 1999, mais aussi Richard C\u0153ur de Lion qui vole sur les montagnes du Tour de France. Bien parti pour devenir professeur d\u2019EPS, les \u00e9v\u00e9nements de la vie (et la flemme d\u2019animer des s\u00e9ances de 3x500 m\u00e8tres toute ma vie) m\u2019ont conduit \u00e0 revoir mes plans. Me voil\u00e0 depuis fin 2017 sur Dicodusport, m\u00e9dia gr\u00e2ce (et pour) lequel je partage ma passion : le sport dans tous ses \u00e9tats. Le tout accompagn\u00e9 par les fous furieux et folles furieuses cit\u00e9s sur cette page !\",\"sameAs\":[\"https:\/\/www.facebook.com\/florent.ostermann\",\"https:\/\/x.com\/https:\/\/twitter.com\/FlOstermann\",\"admin\"],\"url\":\"https:\/\/dicodusport.fr\/blog\/author\/flo\/\"}]}<\/script>\n<!-- \/ Yoast SEO Premium plugin. -->","yoast_head_json":{"title":"MotoGP Am\u00e9riques 2023 - Classement Course sprint","description":"MOTOGP GRAND PRIX DES AM\u00c9RIQUES 2023 - Retrouvez le classement complet de la course sprint du Grand Prix des Am\u00e9riques 2023.","robots":{"index":"index","follow":"follow","max-snippet":"max-snippet:-1","max-image-preview":"max-image-preview:large","max-video-preview":"max-video-preview:-1"},"canonical":"https:\/\/dicodusport.fr\/blog\/motogp-ameriques-2023-classement-course-sprint\/","og_locale":"fr_FR","og_type":"article","og_title":"MotoGP Am\u00e9riques 2023 - Classement Course sprint","og_description":"MOTOGP GRAND PRIX DES AM\u00c9RIQUES 2023 - Retrouvez le classement complet de la course sprint du Grand Prix des Am\u00e9riques 2023.","og_url":"https:\/\/dicodusport.fr\/blog\/motogp-ameriques-2023-classement-course-sprint\/","og_site_name":"Dicodusport","article_publisher":"https:\/\/www.facebook.com\/dicodusport","article_author":"https:\/\/www.facebook.com\/florent.ostermann","article_published_time":"2023-04-15T20:31:27+00:00","article_modified_time":"2023-04-16T19:33:32+00:00","og_image":[{"width":1200,"height":670,"url":"https:\/\/dicodusport.fr\/blog\/wp-content\/uploads\/2023\/04\/MotoGP-Ameriques-2023-Classement-Course-sprint.png","type":"image\/png"}],"author":"Flo Ostermann","twitter_card":"summary_large_image","twitter_title":"MotoGP Am\u00e9riques 2023 - Classement Course sprint","twitter_creator":"@https:\/\/twitter.com\/FlOstermann","twitter_site":"@dicodusport","schema":{"@context":"https:\/\/schema.org","@graph":[{"@type":"NewsArticle","@id":"https:\/\/dicodusport.fr\/blog\/motogp-ameriques-2023-classement-course-sprint\/#article","isPartOf":{"@id":"https:\/\/dicodusport.fr\/blog\/motogp-ameriques-2023-classement-course-sprint\/"},"author":{"name":"Flo Ostermann","@id":"https:\/\/dicodusport.fr\/blog\/#\/schema\/person\/cb02af4c173ce4a653b55e9baf388d4a"},"headline":"MotoGP Am\u00e9riques 2023 &#8211; Classement Course sprint","datePublished":"2023-04-15T20:31:27+00:00","dateModified":"2023-04-16T19:33:32+00:00","mainEntityOfPage":{"@id":"https:\/\/dicodusport.fr\/blog\/motogp-ameriques-2023-classement-course-sprint\/"},"wordCount":291,"commentCount":0,"publisher":{"@id":"https:\/\/dicodusport.fr\/blog\/#organization"},"image":{"@id":"https:\/\/dicodusport.fr\/blog\/motogp-ameriques-2023-classement-course-sprint\/#primaryimage"},"thumbnailUrl":"https:\/\/dicodusport.fr\/blog\/wp-content\/uploads\/2023\/04\/MotoGP-Ameriques-2023-Classement-Course-sprint.png","keywords":["br\u00e8ve","Grand Prix des Am\u00e9riques MotoGP","MotoGP","MotoGP Am\u00e9riques"],"articleSection":["MotoGP"],"inLanguage":"fr-FR","potentialAction":[{"@type":"CommentAction","name":"Comment","target":["https:\/\/dicodusport.fr\/blog\/motogp-ameriques-2023-classement-course-sprint\/#respond"]}],"copyrightYear":"2023","copyrightHolder":{"@id":"https:\/\/dicodusport.fr\/blog\/#organization"}},{"@type":"WebPage","@id":"https:\/\/dicodusport.fr\/blog\/motogp-ameriques-2023-classement-course-sprint\/","url":"https:\/\/dicodusport.fr\/blog\/motogp-ameriques-2023-classement-course-sprint\/","name":"MotoGP Am\u00e9riques 2023 - Classement Course sprint","isPartOf":{"@id":"https:\/\/dicodusport.fr\/blog\/#website"},"primaryImageOfPage":{"@id":"https:\/\/dicodusport.fr\/blog\/motogp-ameriques-2023-classement-course-sprint\/#primaryimage"},"image":{"@id":"https:\/\/dicodusport.fr\/blog\/motogp-ameriques-2023-classement-course-sprint\/#primaryimage"},"thumbnailUrl":"https:\/\/dicodusport.fr\/blog\/wp-content\/uploads\/2023\/04\/MotoGP-Ameriques-2023-Classement-Course-sprint.png","datePublished":"2023-04-15T20:31:27+00:00","dateModified":"2023-04-16T19:33:32+00:00","description":"MOTOGP GRAND PRIX DES AM\u00c9RIQUES 2023 - Retrouvez le classement complet de la course sprint du Grand Prix des Am\u00e9riques 2023.","breadcrumb":{"@id":"https:\/\/dicodusport.fr\/blog\/motogp-ameriques-2023-classement-course-sprint\/#breadcrumb"},"inLanguage":"fr-FR","potentialAction":[{"@type":"ReadAction","target":["https:\/\/dicodusport.fr\/blog\/motogp-ameriques-2023-classement-course-sprint\/"]}]},{"@type":"ImageObject","inLanguage":"fr-FR","@id":"https:\/\/dicodusport.fr\/blog\/motogp-ameriques-2023-classement-course-sprint\/#primaryimage","url":"https:\/\/dicodusport.fr\/blog\/wp-content\/uploads\/2023\/04\/MotoGP-Ameriques-2023-Classement-Course-sprint.png","contentUrl":"https:\/\/dicodusport.fr\/blog\/wp-content\/uploads\/2023\/04\/MotoGP-Ameriques-2023-Classement-Course-sprint.png","width":1200,"height":670,"caption":"MotoGP Am\u00e9riques 2023 - Classement Course sprint"},{"@type":"BreadcrumbList","@id":"https:\/\/dicodusport.fr\/blog\/motogp-ameriques-2023-classement-course-sprint\/#breadcrumb","itemListElement":[{"@type":"ListItem","position":1,"name":"Accueil","item":"https:\/\/dicodusport.fr\/blog\/"},{"@type":"ListItem","position":2,"name":"MotoGP Am\u00e9riques 2023 &#8211; Classement Course sprint"}]},{"@type":"WebSite","@id":"https:\/\/dicodusport.fr\/blog\/#website","url":"https:\/\/dicodusport.fr\/blog\/","name":"Dicodusport","description":"L&#039;encyclop\u00e9die de l&#039;actualit\u00e9 sportive","publisher":{"@id":"https:\/\/dicodusport.fr\/blog\/#organization"},"potentialAction":[{"@type":"SearchAction","target":{"@type":"EntryPoint","urlTemplate":"https:\/\/dicodusport.fr\/blog\/?s={search_term_string}"},"query-input":{"@type":"PropertyValueSpecification","valueRequired":true,"valueName":"search_term_string"}}],"inLanguage":"fr-FR"},{"@type":"NewsMediaOrganization","@id":"https:\/\/dicodusport.fr\/blog\/#organization","name":"Dicodusport","url":"https:\/\/dicodusport.fr\/blog\/","logo":{"@type":"ImageObject","inLanguage":"fr-FR","@id":"https:\/\/dicodusport.fr\/blog\/#\/schema\/logo\/image\/","url":"https:\/\/dicodusport.fr\/blog\/wp-content\/uploads\/2020\/06\/cropped-LOGO-DICODUSPORT-2020-SANS-FOND-SANS-TEXTE.png","contentUrl":"https:\/\/dicodusport.fr\/blog\/wp-content\/uploads\/2020\/06\/cropped-LOGO-DICODUSPORT-2020-SANS-FOND-SANS-TEXTE.png","width":512,"height":512,"caption":"Dicodusport"},"image":{"@id":"https:\/\/dicodusport.fr\/blog\/#\/schema\/logo\/image\/"},"sameAs":["https:\/\/www.facebook.com\/dicodusport","https:\/\/x.com\/dicodusport","https:\/\/www.instagram.com\/dicodusport\/","https:\/\/www.youtube.com\/channel\/UC7V2KZ5sd3htJivAbA4ZG3w"],"description":"Dicodusport est l'encyclop\u00e9die de l'actualit\u00e9 sportive.","email":"bonjour@dicodusport.fr","legalName":"DICODUSPORT","foundingDate":"2018-01-14","vatID":"FR71834470973","taxID":"83447097300043","numberOfEmployees":{"@type":"QuantitativeValue","minValue":"1","maxValue":"10"}},{"@type":"Person","@id":"https:\/\/dicodusport.fr\/blog\/#\/schema\/person\/cb02af4c173ce4a653b55e9baf388d4a","name":"Flo Ostermann","image":{"@type":"ImageObject","inLanguage":"fr-FR","@id":"https:\/\/dicodusport.fr\/blog\/#\/schema\/person\/image\/","url":"https:\/\/dicodusport.fr\/blog\/wp-content\/uploads\/2021\/05\/Flo-Ostermann-150x150.jpg","contentUrl":"https:\/\/dicodusport.fr\/blog\/wp-content\/uploads\/2021\/05\/Flo-Ostermann-150x150.jpg","caption":"Flo Ostermann"},"description":"Journaliste\/R\u00e9dacteur depuis septembre 2015 - Mes premiers souvenirs dans le sport ? Les envol\u00e9es du Stade Toulousain et les duels Villeneuve-Schumacher et H\u00e4kkinen-Schumacher \u00e0 la fin des ann\u00e9es 90, la Coupe du monde de football en 1998, l\u2019exploit du XV de France face aux All Blacks en 1999, mais aussi Richard C\u0153ur de Lion qui vole sur les montagnes du Tour de France. Bien parti pour devenir professeur d\u2019EPS, les \u00e9v\u00e9nements de la vie (et la flemme d\u2019animer des s\u00e9ances de 3x500 m\u00e8tres toute ma vie) m\u2019ont conduit \u00e0 revoir mes plans. Me voil\u00e0 depuis fin 2017 sur Dicodusport, m\u00e9dia gr\u00e2ce (et pour) lequel je partage ma passion : le sport dans tous ses \u00e9tats. Le tout accompagn\u00e9 par les fous furieux et folles furieuses cit\u00e9s sur cette page !","sameAs":["https:\/\/www.facebook.com\/florent.ostermann","https:\/\/x.com\/https:\/\/twitter.com\/FlOstermann","admin"],"url":"https:\/\/dicodusport.fr\/blog\/author\/flo\/"}]}},"_links":{"self":[{"href":"https:\/\/dicodusport.fr\/blog\/wp-json\/wp\/v2\/posts\/374542","targetHints":{"allow":["GET"]}}],"collection":[{"href":"https:\/\/dicodusport.fr\/blog\/wp-json\/wp\/v2\/posts"}],"about":[{"href":"https:\/\/dicodusport.fr\/blog\/wp-json\/wp\/v2\/types\/post"}],"author":[{"embeddable":true,"href":"https:\/\/dicodusport.fr\/blog\/wp-json\/wp\/v2\/users\/4"}],"replies":[{"embeddable":true,"href":"https:\/\/dicodusport.fr\/blog\/wp-json\/wp\/v2\/comments?post=374542"}],"version-history":[{"count":0,"href":"https:\/\/dicodusport.fr\/blog\/wp-json\/wp\/v2\/posts\/374542\/revisions"}],"wp:featuredmedia":[{"embeddable":true,"href":"https:\/\/dicodusport.fr\/blog\/wp-json\/wp\/v2\/media\/374544"}],"wp:attachment":[{"href":"https:\/\/dicodusport.fr\/blog\/wp-json\/wp\/v2\/media?parent=374542"}],"wp:term":[{"taxonomy":"category","embeddable":true,"href":"https:\/\/dicodusport.fr\/blog\/wp-json\/wp\/v2\/categories?post=374542"},{"taxonomy":"post_tag","embeddable":true,"href":"https:\/\/dicodusport.fr\/blog\/wp-json\/wp\/v2\/tags?post=374542"}],"curies":[{"name":"wp","href":"https:\/\/api.w.org\/{rel}","templated":true}]}}