{"id":375139,"date":"2023-04-17T18:22:46","date_gmt":"2023-04-17T16:22:46","guid":{"rendered":"https:\/\/dicodusport.fr\/blog\/?p=375139&#038;preview=true&#038;preview_id=375139"},"modified":"2023-04-17T18:29:51","modified_gmt":"2023-04-17T16:29:51","slug":"transferts-le-gallois-rhys-webb-va-sengager-avec-un-club-de-pro-d2","status":"publish","type":"post","link":"https:\/\/dicodusport.fr\/blog\/transferts-le-gallois-rhys-webb-va-sengager-avec-un-club-de-pro-d2\/","title":{"rendered":"Transferts : Le Gallois Rhys Webb va s&rsquo;engager avec un club de Pro D2"},"content":{"rendered":"<p align=\"justify\"><em><strong>TRANSFERTS PRO D2 &#8211; Selon Rugbyrama, le demi de m\u00eal\u00e9e gallois Rhys Webb (34 ans) devrait s&rsquo;engager avec le Biarritz Olympique la saison prochaine.<\/strong><\/em><\/p>\n<p align=\"justify\">\u00c9norme coup en vue pour le <strong>Biarritz Olympique<\/strong> ! Dixi\u00e8me de Pro D2 et hors du coup d\u00e9sormais pour les phases finales du championnat de deuxi\u00e8me division, le club basque devrait s&rsquo;offrir les services de <strong>Rhys Webb<\/strong> (34 ans). Le demi de m\u00eal\u00e9e aux 40 s\u00e9lections avec le <strong>Pays de Galles<\/strong> sort d&rsquo;un <strong>6 Nations<\/strong> r\u00e9ussi sur le plan personnel, avec deux titularisations, face \u00e0 l&rsquo;Italie, et au XV de France, lors de d\u00e9faite des Diables Rouges au Stade de France (41-28).<\/p>\n<h2 style=\"text-align: justify;\" align=\"justify\">Webb, un renfort de poids<\/h2>\n<p align=\"justify\">Il y a une semaine, le <em>Midi Olympique<\/em> faisait \u00e9tat <a href=\"https:\/\/dicodusport.fr\/blog\/transferts-rhys-webb-pourrait-revenir-en-france\/\">d&rsquo;un possible retour en France du joueur des <strong>Ospreys<\/strong><\/a>, lui qui a \u00e9volu\u00e9 au RC Toulon lors de la saison 2018-2019, pour une exp\u00e9rience plus que mitig\u00e9e. En fin de contrat avec la province galloise, Webb va donc se lancer un nouveau d\u00e9fi sur la c\u00f4te basque. Un renfort de poids pour le BO, qui va perdre trois demis de m\u00eal\u00e9e \u00e0 l&rsquo;issue de cette saison : <strong>Tomas Cubelli<\/strong>, <strong>Baptiste Germain<\/strong> (de retour de pr\u00eat \u00e0 Toulouse) et<strong> Barnab\u00e9 Couilloud<\/strong>, qui doit lui se trouver un nouveau club.<\/p>\n<p align=\"justify\">Ainsi, cette arriv\u00e9e de <strong>Rhys Webb<\/strong> devrait rassurer, en partie, les supporters biarrots. Depuis quelques semaines, le BO est dans le flou concernant son avenir, notamment depuis que <strong>Romain D\u00e9tr\u00e9<\/strong>, qui repr\u00e9sentait un groupe d\u2019investisseurs int\u00e9ress\u00e9 par le rachat du club, n&rsquo;a pas donn\u00e9 suite. Quoi qu&rsquo;il arrive, les ambitions seront \u00e9lev\u00e9es la saison prochaine au Pays Basque.<\/p>\n<div class=\"vlp-link-container vlp-layout-article\"><a href=\"https:\/\/www.rugbyrama.fr\/2023\/04\/17\/transferts-biarritz-rhys-webb-en-approche-11140372.php\" class=\"vlp-link\" title=\"Biarritz : Rhys Webb en approche\" rel=\"nofollow\" target=\"_blank\"><\/a><div class=\"vlp-layout-zone-side\"><div class=\"vlp-block-4 vlp-link-image\"><img decoding=\"async\" src=\"https:\/\/images.rugbyrama.fr\/api\/v1\/images\/view\/643d61d368178838b9132e5a\/large\/image.jpg?v=4\" style=\"max-width: 800px; max-height: 800px\" \/><\/div><\/div><div class=\"vlp-layout-zone-main\"><div class=\"vlp-block-0 vlp-link-title\">Biarritz : Rhys Webb en approche<\/div><div class=\"vlp-block-1 vlp-link-summary\">Selon nos informations, l\u2019international gallois Rhys Webb (34 ans, 40 s\u00e9lections) serait tout proche de s\u2019engager en faveur du Biarritz olympique, actuel pensionnaire de Pro D2. L\u2019arriv\u00e9e de Rhys Webb signifierait\u2026<\/div><div class=\"vlp-block-2 vlp-link-button\">Lire l'article<\/div><div class=\"vlp-block-3 vlp-link-url\">www.rugbyrama.fr<\/div><\/div><\/div>\n","protected":false},"excerpt":{"rendered":"<p>TRANSFERTS PRO D2 &#8211; Selon Rugbyrama, le demi de m\u00eal\u00e9e gallois Rhys Webb (34 ans) devrait s&rsquo;engager avec le Biarritz Olympique la saison prochaine.<\/p>\n","protected":false},"author":4,"featured_media":373238,"comment_status":"open","ping_status":"closed","sticky":false,"template":"","format":"standard","meta":{"_acf_changed":false,"_daextam_enable_autolinks":"","footnotes":""},"categories":[9129],"tags":[2227,16878,5708],"class_list":["post-375139","post","type-post","status-publish","format-standard","has-post-thumbnail","hentry","category-rugby-a-xv","tag-biarritz-olympique","tag-breve","tag-rhys-webb"],"acf":[],"yoast_head":"<!-- This site is optimized with the Yoast SEO Premium plugin v26.7 (Yoast SEO v26.7) - https:\/\/yoast.com\/wordpress\/plugins\/seo\/ -->\n<title>Transferts : Le Gallois Rhys Webb va s&#039;engager avec un club de Pro D2<\/title>\n<meta name=\"description\" content=\"TRANSFERTS PRO D2 - Selon Rugbyrama, le demi de m\u00eal\u00e9e gallois Rhys Webb (34 ans) devrait s&#039;engager avec le Biarritz Olympique.\" \/>\n<meta name=\"robots\" content=\"index, follow, max-snippet:-1, max-image-preview:large, max-video-preview:-1\" \/>\n<link rel=\"canonical\" href=\"https:\/\/dicodusport.fr\/blog\/transferts-le-gallois-rhys-webb-va-sengager-avec-un-club-de-pro-d2\/\" \/>\n<meta property=\"og:locale\" content=\"fr_FR\" \/>\n<meta property=\"og:type\" content=\"article\" \/>\n<meta property=\"og:title\" content=\"Transferts : Le Gallois Rhys Webb va s&#039;engager avec un club de Pro D2\" \/>\n<meta property=\"og:description\" content=\"TRANSFERTS PRO D2 - Selon Rugbyrama, le demi de m\u00eal\u00e9e gallois Rhys Webb (34 ans) devrait s&#039;engager avec le Biarritz Olympique.\" \/>\n<meta property=\"og:url\" content=\"https:\/\/dicodusport.fr\/blog\/transferts-le-gallois-rhys-webb-va-sengager-avec-un-club-de-pro-d2\/\" \/>\n<meta property=\"og:site_name\" content=\"Dicodusport\" \/>\n<meta property=\"article:publisher\" content=\"https:\/\/www.facebook.com\/dicodusport\" \/>\n<meta property=\"article:author\" content=\"https:\/\/www.facebook.com\/florent.ostermann\" \/>\n<meta property=\"article:published_time\" content=\"2023-04-17T16:22:46+00:00\" \/>\n<meta property=\"article:modified_time\" content=\"2023-04-17T16:29:51+00:00\" \/>\n<meta property=\"og:image\" content=\"https:\/\/dicodusport.fr\/blog\/wp-content\/uploads\/2023\/04\/Transferts-Rhys-Webb-pourrait-revenir-en-France.png\" \/>\n\t<meta property=\"og:image:width\" content=\"800\" \/>\n\t<meta property=\"og:image:height\" content=\"445\" \/>\n\t<meta property=\"og:image:type\" content=\"image\/png\" \/>\n<meta name=\"author\" content=\"Flo Ostermann\" \/>\n<meta name=\"twitter:card\" content=\"summary_large_image\" \/>\n<meta name=\"twitter:title\" content=\"Transferts : Le Gallois Rhys Webb va s&#039;engager avec un club de Pro D2\" \/>\n<meta name=\"twitter:creator\" content=\"@https:\/\/twitter.com\/FlOstermann\" \/>\n<meta name=\"twitter:site\" content=\"@dicodusport\" \/>\n<script type=\"application\/ld+json\" class=\"yoast-schema-graph\">{\"@context\":\"https:\/\/schema.org\",\"@graph\":[{\"@type\":\"NewsArticle\",\"@id\":\"https:\/\/dicodusport.fr\/blog\/transferts-le-gallois-rhys-webb-va-sengager-avec-un-club-de-pro-d2\/#article\",\"isPartOf\":{\"@id\":\"https:\/\/dicodusport.fr\/blog\/transferts-le-gallois-rhys-webb-va-sengager-avec-un-club-de-pro-d2\/\"},\"author\":{\"name\":\"Flo Ostermann\",\"@id\":\"https:\/\/dicodusport.fr\/blog\/#\/schema\/person\/cb02af4c173ce4a653b55e9baf388d4a\"},\"headline\":\"Transferts : Le Gallois Rhys Webb va s&rsquo;engager avec un club de Pro D2\",\"datePublished\":\"2023-04-17T16:22:46+00:00\",\"dateModified\":\"2023-04-17T16:29:51+00:00\",\"mainEntityOfPage\":{\"@id\":\"https:\/\/dicodusport.fr\/blog\/transferts-le-gallois-rhys-webb-va-sengager-avec-un-club-de-pro-d2\/\"},\"wordCount\":381,\"commentCount\":0,\"publisher\":{\"@id\":\"https:\/\/dicodusport.fr\/blog\/#organization\"},\"image\":{\"@id\":\"https:\/\/dicodusport.fr\/blog\/transferts-le-gallois-rhys-webb-va-sengager-avec-un-club-de-pro-d2\/#primaryimage\"},\"thumbnailUrl\":\"https:\/\/dicodusport.fr\/blog\/wp-content\/uploads\/2023\/04\/Transferts-Rhys-Webb-pourrait-revenir-en-France.png\",\"keywords\":[\"biarritz olympique\",\"br\u00e8ve\",\"Rhys Webb\"],\"articleSection\":[\"Rugby \u00e0 XV\"],\"inLanguage\":\"fr-FR\",\"potentialAction\":[{\"@type\":\"CommentAction\",\"name\":\"Comment\",\"target\":[\"https:\/\/dicodusport.fr\/blog\/transferts-le-gallois-rhys-webb-va-sengager-avec-un-club-de-pro-d2\/#respond\"]}],\"copyrightYear\":\"2023\",\"copyrightHolder\":{\"@id\":\"https:\/\/dicodusport.fr\/blog\/#organization\"}},{\"@type\":\"WebPage\",\"@id\":\"https:\/\/dicodusport.fr\/blog\/transferts-le-gallois-rhys-webb-va-sengager-avec-un-club-de-pro-d2\/\",\"url\":\"https:\/\/dicodusport.fr\/blog\/transferts-le-gallois-rhys-webb-va-sengager-avec-un-club-de-pro-d2\/\",\"name\":\"Transferts : Le Gallois Rhys Webb va s'engager avec un club de Pro D2\",\"isPartOf\":{\"@id\":\"https:\/\/dicodusport.fr\/blog\/#website\"},\"primaryImageOfPage\":{\"@id\":\"https:\/\/dicodusport.fr\/blog\/transferts-le-gallois-rhys-webb-va-sengager-avec-un-club-de-pro-d2\/#primaryimage\"},\"image\":{\"@id\":\"https:\/\/dicodusport.fr\/blog\/transferts-le-gallois-rhys-webb-va-sengager-avec-un-club-de-pro-d2\/#primaryimage\"},\"thumbnailUrl\":\"https:\/\/dicodusport.fr\/blog\/wp-content\/uploads\/2023\/04\/Transferts-Rhys-Webb-pourrait-revenir-en-France.png\",\"datePublished\":\"2023-04-17T16:22:46+00:00\",\"dateModified\":\"2023-04-17T16:29:51+00:00\",\"description\":\"TRANSFERTS PRO D2 - Selon Rugbyrama, le demi de m\u00eal\u00e9e gallois Rhys Webb (34 ans) devrait s'engager avec le Biarritz Olympique.\",\"breadcrumb\":{\"@id\":\"https:\/\/dicodusport.fr\/blog\/transferts-le-gallois-rhys-webb-va-sengager-avec-un-club-de-pro-d2\/#breadcrumb\"},\"inLanguage\":\"fr-FR\",\"potentialAction\":[{\"@type\":\"ReadAction\",\"target\":[\"https:\/\/dicodusport.fr\/blog\/transferts-le-gallois-rhys-webb-va-sengager-avec-un-club-de-pro-d2\/\"]}]},{\"@type\":\"ImageObject\",\"inLanguage\":\"fr-FR\",\"@id\":\"https:\/\/dicodusport.fr\/blog\/transferts-le-gallois-rhys-webb-va-sengager-avec-un-club-de-pro-d2\/#primaryimage\",\"url\":\"https:\/\/dicodusport.fr\/blog\/wp-content\/uploads\/2023\/04\/Transferts-Rhys-Webb-pourrait-revenir-en-France.png\",\"contentUrl\":\"https:\/\/dicodusport.fr\/blog\/wp-content\/uploads\/2023\/04\/Transferts-Rhys-Webb-pourrait-revenir-en-France.png\",\"width\":800,\"height\":445,\"caption\":\"Transferts Rugby : Clermont, LOU, Oyonnax, Agen, les infos transferts du lundi 19 juin 2023\"},{\"@type\":\"BreadcrumbList\",\"@id\":\"https:\/\/dicodusport.fr\/blog\/transferts-le-gallois-rhys-webb-va-sengager-avec-un-club-de-pro-d2\/#breadcrumb\",\"itemListElement\":[{\"@type\":\"ListItem\",\"position\":1,\"name\":\"Accueil\",\"item\":\"https:\/\/dicodusport.fr\/blog\/\"},{\"@type\":\"ListItem\",\"position\":2,\"name\":\"Transferts : Le Gallois Rhys Webb va s&rsquo;engager avec un club de Pro D2\"}]},{\"@type\":\"WebSite\",\"@id\":\"https:\/\/dicodusport.fr\/blog\/#website\",\"url\":\"https:\/\/dicodusport.fr\/blog\/\",\"name\":\"Dicodusport\",\"description\":\"L&#039;encyclop\u00e9die de l&#039;actualit\u00e9 sportive\",\"publisher\":{\"@id\":\"https:\/\/dicodusport.fr\/blog\/#organization\"},\"potentialAction\":[{\"@type\":\"SearchAction\",\"target\":{\"@type\":\"EntryPoint\",\"urlTemplate\":\"https:\/\/dicodusport.fr\/blog\/?s={search_term_string}\"},\"query-input\":{\"@type\":\"PropertyValueSpecification\",\"valueRequired\":true,\"valueName\":\"search_term_string\"}}],\"inLanguage\":\"fr-FR\"},{\"@type\":\"NewsMediaOrganization\",\"@id\":\"https:\/\/dicodusport.fr\/blog\/#organization\",\"name\":\"Dicodusport\",\"url\":\"https:\/\/dicodusport.fr\/blog\/\",\"logo\":{\"@type\":\"ImageObject\",\"inLanguage\":\"fr-FR\",\"@id\":\"https:\/\/dicodusport.fr\/blog\/#\/schema\/logo\/image\/\",\"url\":\"https:\/\/dicodusport.fr\/blog\/wp-content\/uploads\/2020\/06\/cropped-LOGO-DICODUSPORT-2020-SANS-FOND-SANS-TEXTE.png\",\"contentUrl\":\"https:\/\/dicodusport.fr\/blog\/wp-content\/uploads\/2020\/06\/cropped-LOGO-DICODUSPORT-2020-SANS-FOND-SANS-TEXTE.png\",\"width\":512,\"height\":512,\"caption\":\"Dicodusport\"},\"image\":{\"@id\":\"https:\/\/dicodusport.fr\/blog\/#\/schema\/logo\/image\/\"},\"sameAs\":[\"https:\/\/www.facebook.com\/dicodusport\",\"https:\/\/x.com\/dicodusport\",\"https:\/\/www.instagram.com\/dicodusport\/\",\"https:\/\/www.youtube.com\/channel\/UC7V2KZ5sd3htJivAbA4ZG3w\"],\"description\":\"Dicodusport est l'encyclop\u00e9die de l'actualit\u00e9 sportive.\",\"email\":\"bonjour@dicodusport.fr\",\"legalName\":\"DICODUSPORT\",\"foundingDate\":\"2018-01-14\",\"vatID\":\"FR71834470973\",\"taxID\":\"83447097300043\",\"numberOfEmployees\":{\"@type\":\"QuantitativeValue\",\"minValue\":\"1\",\"maxValue\":\"10\"}},{\"@type\":\"Person\",\"@id\":\"https:\/\/dicodusport.fr\/blog\/#\/schema\/person\/cb02af4c173ce4a653b55e9baf388d4a\",\"name\":\"Flo Ostermann\",\"image\":{\"@type\":\"ImageObject\",\"inLanguage\":\"fr-FR\",\"@id\":\"https:\/\/dicodusport.fr\/blog\/#\/schema\/person\/image\/\",\"url\":\"https:\/\/dicodusport.fr\/blog\/wp-content\/uploads\/2021\/05\/Flo-Ostermann-150x150.jpg\",\"contentUrl\":\"https:\/\/dicodusport.fr\/blog\/wp-content\/uploads\/2021\/05\/Flo-Ostermann-150x150.jpg\",\"caption\":\"Flo Ostermann\"},\"description\":\"Journaliste\/R\u00e9dacteur depuis septembre 2015 - Mes premiers souvenirs dans le sport ? Les envol\u00e9es du Stade Toulousain et les duels Villeneuve-Schumacher et H\u00e4kkinen-Schumacher \u00e0 la fin des ann\u00e9es 90, la Coupe du monde de football en 1998, l\u2019exploit du XV de France face aux All Blacks en 1999, mais aussi Richard C\u0153ur de Lion qui vole sur les montagnes du Tour de France. Bien parti pour devenir professeur d\u2019EPS, les \u00e9v\u00e9nements de la vie (et la flemme d\u2019animer des s\u00e9ances de 3x500 m\u00e8tres toute ma vie) m\u2019ont conduit \u00e0 revoir mes plans. Me voil\u00e0 depuis fin 2017 sur Dicodusport, m\u00e9dia gr\u00e2ce (et pour) lequel je partage ma passion : le sport dans tous ses \u00e9tats. Le tout accompagn\u00e9 par les fous furieux et folles furieuses cit\u00e9s sur cette page !\",\"sameAs\":[\"https:\/\/www.facebook.com\/florent.ostermann\",\"https:\/\/x.com\/https:\/\/twitter.com\/FlOstermann\",\"admin\"],\"url\":\"https:\/\/dicodusport.fr\/blog\/author\/flo\/\"}]}<\/script>\n<!-- \/ Yoast SEO Premium plugin. -->","yoast_head_json":{"title":"Transferts : Le Gallois Rhys Webb va s'engager avec un club de Pro D2","description":"TRANSFERTS PRO D2 - Selon Rugbyrama, le demi de m\u00eal\u00e9e gallois Rhys Webb (34 ans) devrait s'engager avec le Biarritz Olympique.","robots":{"index":"index","follow":"follow","max-snippet":"max-snippet:-1","max-image-preview":"max-image-preview:large","max-video-preview":"max-video-preview:-1"},"canonical":"https:\/\/dicodusport.fr\/blog\/transferts-le-gallois-rhys-webb-va-sengager-avec-un-club-de-pro-d2\/","og_locale":"fr_FR","og_type":"article","og_title":"Transferts : Le Gallois Rhys Webb va s'engager avec un club de Pro D2","og_description":"TRANSFERTS PRO D2 - Selon Rugbyrama, le demi de m\u00eal\u00e9e gallois Rhys Webb (34 ans) devrait s'engager avec le Biarritz Olympique.","og_url":"https:\/\/dicodusport.fr\/blog\/transferts-le-gallois-rhys-webb-va-sengager-avec-un-club-de-pro-d2\/","og_site_name":"Dicodusport","article_publisher":"https:\/\/www.facebook.com\/dicodusport","article_author":"https:\/\/www.facebook.com\/florent.ostermann","article_published_time":"2023-04-17T16:22:46+00:00","article_modified_time":"2023-04-17T16:29:51+00:00","og_image":[{"width":800,"height":445,"url":"https:\/\/dicodusport.fr\/blog\/wp-content\/uploads\/2023\/04\/Transferts-Rhys-Webb-pourrait-revenir-en-France.png","type":"image\/png"}],"author":"Flo Ostermann","twitter_card":"summary_large_image","twitter_title":"Transferts : Le Gallois Rhys Webb va s'engager avec un club de Pro D2","twitter_creator":"@https:\/\/twitter.com\/FlOstermann","twitter_site":"@dicodusport","schema":{"@context":"https:\/\/schema.org","@graph":[{"@type":"NewsArticle","@id":"https:\/\/dicodusport.fr\/blog\/transferts-le-gallois-rhys-webb-va-sengager-avec-un-club-de-pro-d2\/#article","isPartOf":{"@id":"https:\/\/dicodusport.fr\/blog\/transferts-le-gallois-rhys-webb-va-sengager-avec-un-club-de-pro-d2\/"},"author":{"name":"Flo Ostermann","@id":"https:\/\/dicodusport.fr\/blog\/#\/schema\/person\/cb02af4c173ce4a653b55e9baf388d4a"},"headline":"Transferts : Le Gallois Rhys Webb va s&rsquo;engager avec un club de Pro D2","datePublished":"2023-04-17T16:22:46+00:00","dateModified":"2023-04-17T16:29:51+00:00","mainEntityOfPage":{"@id":"https:\/\/dicodusport.fr\/blog\/transferts-le-gallois-rhys-webb-va-sengager-avec-un-club-de-pro-d2\/"},"wordCount":381,"commentCount":0,"publisher":{"@id":"https:\/\/dicodusport.fr\/blog\/#organization"},"image":{"@id":"https:\/\/dicodusport.fr\/blog\/transferts-le-gallois-rhys-webb-va-sengager-avec-un-club-de-pro-d2\/#primaryimage"},"thumbnailUrl":"https:\/\/dicodusport.fr\/blog\/wp-content\/uploads\/2023\/04\/Transferts-Rhys-Webb-pourrait-revenir-en-France.png","keywords":["biarritz olympique","br\u00e8ve","Rhys Webb"],"articleSection":["Rugby \u00e0 XV"],"inLanguage":"fr-FR","potentialAction":[{"@type":"CommentAction","name":"Comment","target":["https:\/\/dicodusport.fr\/blog\/transferts-le-gallois-rhys-webb-va-sengager-avec-un-club-de-pro-d2\/#respond"]}],"copyrightYear":"2023","copyrightHolder":{"@id":"https:\/\/dicodusport.fr\/blog\/#organization"}},{"@type":"WebPage","@id":"https:\/\/dicodusport.fr\/blog\/transferts-le-gallois-rhys-webb-va-sengager-avec-un-club-de-pro-d2\/","url":"https:\/\/dicodusport.fr\/blog\/transferts-le-gallois-rhys-webb-va-sengager-avec-un-club-de-pro-d2\/","name":"Transferts : Le Gallois Rhys Webb va s'engager avec un club de Pro D2","isPartOf":{"@id":"https:\/\/dicodusport.fr\/blog\/#website"},"primaryImageOfPage":{"@id":"https:\/\/dicodusport.fr\/blog\/transferts-le-gallois-rhys-webb-va-sengager-avec-un-club-de-pro-d2\/#primaryimage"},"image":{"@id":"https:\/\/dicodusport.fr\/blog\/transferts-le-gallois-rhys-webb-va-sengager-avec-un-club-de-pro-d2\/#primaryimage"},"thumbnailUrl":"https:\/\/dicodusport.fr\/blog\/wp-content\/uploads\/2023\/04\/Transferts-Rhys-Webb-pourrait-revenir-en-France.png","datePublished":"2023-04-17T16:22:46+00:00","dateModified":"2023-04-17T16:29:51+00:00","description":"TRANSFERTS PRO D2 - Selon Rugbyrama, le demi de m\u00eal\u00e9e gallois Rhys Webb (34 ans) devrait s'engager avec le Biarritz Olympique.","breadcrumb":{"@id":"https:\/\/dicodusport.fr\/blog\/transferts-le-gallois-rhys-webb-va-sengager-avec-un-club-de-pro-d2\/#breadcrumb"},"inLanguage":"fr-FR","potentialAction":[{"@type":"ReadAction","target":["https:\/\/dicodusport.fr\/blog\/transferts-le-gallois-rhys-webb-va-sengager-avec-un-club-de-pro-d2\/"]}]},{"@type":"ImageObject","inLanguage":"fr-FR","@id":"https:\/\/dicodusport.fr\/blog\/transferts-le-gallois-rhys-webb-va-sengager-avec-un-club-de-pro-d2\/#primaryimage","url":"https:\/\/dicodusport.fr\/blog\/wp-content\/uploads\/2023\/04\/Transferts-Rhys-Webb-pourrait-revenir-en-France.png","contentUrl":"https:\/\/dicodusport.fr\/blog\/wp-content\/uploads\/2023\/04\/Transferts-Rhys-Webb-pourrait-revenir-en-France.png","width":800,"height":445,"caption":"Transferts Rugby : Clermont, LOU, Oyonnax, Agen, les infos transferts du lundi 19 juin 2023"},{"@type":"BreadcrumbList","@id":"https:\/\/dicodusport.fr\/blog\/transferts-le-gallois-rhys-webb-va-sengager-avec-un-club-de-pro-d2\/#breadcrumb","itemListElement":[{"@type":"ListItem","position":1,"name":"Accueil","item":"https:\/\/dicodusport.fr\/blog\/"},{"@type":"ListItem","position":2,"name":"Transferts : Le Gallois Rhys Webb va s&rsquo;engager avec un club de Pro D2"}]},{"@type":"WebSite","@id":"https:\/\/dicodusport.fr\/blog\/#website","url":"https:\/\/dicodusport.fr\/blog\/","name":"Dicodusport","description":"L&#039;encyclop\u00e9die de l&#039;actualit\u00e9 sportive","publisher":{"@id":"https:\/\/dicodusport.fr\/blog\/#organization"},"potentialAction":[{"@type":"SearchAction","target":{"@type":"EntryPoint","urlTemplate":"https:\/\/dicodusport.fr\/blog\/?s={search_term_string}"},"query-input":{"@type":"PropertyValueSpecification","valueRequired":true,"valueName":"search_term_string"}}],"inLanguage":"fr-FR"},{"@type":"NewsMediaOrganization","@id":"https:\/\/dicodusport.fr\/blog\/#organization","name":"Dicodusport","url":"https:\/\/dicodusport.fr\/blog\/","logo":{"@type":"ImageObject","inLanguage":"fr-FR","@id":"https:\/\/dicodusport.fr\/blog\/#\/schema\/logo\/image\/","url":"https:\/\/dicodusport.fr\/blog\/wp-content\/uploads\/2020\/06\/cropped-LOGO-DICODUSPORT-2020-SANS-FOND-SANS-TEXTE.png","contentUrl":"https:\/\/dicodusport.fr\/blog\/wp-content\/uploads\/2020\/06\/cropped-LOGO-DICODUSPORT-2020-SANS-FOND-SANS-TEXTE.png","width":512,"height":512,"caption":"Dicodusport"},"image":{"@id":"https:\/\/dicodusport.fr\/blog\/#\/schema\/logo\/image\/"},"sameAs":["https:\/\/www.facebook.com\/dicodusport","https:\/\/x.com\/dicodusport","https:\/\/www.instagram.com\/dicodusport\/","https:\/\/www.youtube.com\/channel\/UC7V2KZ5sd3htJivAbA4ZG3w"],"description":"Dicodusport est l'encyclop\u00e9die de l'actualit\u00e9 sportive.","email":"bonjour@dicodusport.fr","legalName":"DICODUSPORT","foundingDate":"2018-01-14","vatID":"FR71834470973","taxID":"83447097300043","numberOfEmployees":{"@type":"QuantitativeValue","minValue":"1","maxValue":"10"}},{"@type":"Person","@id":"https:\/\/dicodusport.fr\/blog\/#\/schema\/person\/cb02af4c173ce4a653b55e9baf388d4a","name":"Flo Ostermann","image":{"@type":"ImageObject","inLanguage":"fr-FR","@id":"https:\/\/dicodusport.fr\/blog\/#\/schema\/person\/image\/","url":"https:\/\/dicodusport.fr\/blog\/wp-content\/uploads\/2021\/05\/Flo-Ostermann-150x150.jpg","contentUrl":"https:\/\/dicodusport.fr\/blog\/wp-content\/uploads\/2021\/05\/Flo-Ostermann-150x150.jpg","caption":"Flo Ostermann"},"description":"Journaliste\/R\u00e9dacteur depuis septembre 2015 - Mes premiers souvenirs dans le sport ? Les envol\u00e9es du Stade Toulousain et les duels Villeneuve-Schumacher et H\u00e4kkinen-Schumacher \u00e0 la fin des ann\u00e9es 90, la Coupe du monde de football en 1998, l\u2019exploit du XV de France face aux All Blacks en 1999, mais aussi Richard C\u0153ur de Lion qui vole sur les montagnes du Tour de France. Bien parti pour devenir professeur d\u2019EPS, les \u00e9v\u00e9nements de la vie (et la flemme d\u2019animer des s\u00e9ances de 3x500 m\u00e8tres toute ma vie) m\u2019ont conduit \u00e0 revoir mes plans. Me voil\u00e0 depuis fin 2017 sur Dicodusport, m\u00e9dia gr\u00e2ce (et pour) lequel je partage ma passion : le sport dans tous ses \u00e9tats. Le tout accompagn\u00e9 par les fous furieux et folles furieuses cit\u00e9s sur cette page !","sameAs":["https:\/\/www.facebook.com\/florent.ostermann","https:\/\/x.com\/https:\/\/twitter.com\/FlOstermann","admin"],"url":"https:\/\/dicodusport.fr\/blog\/author\/flo\/"}]}},"_links":{"self":[{"href":"https:\/\/dicodusport.fr\/blog\/wp-json\/wp\/v2\/posts\/375139","targetHints":{"allow":["GET"]}}],"collection":[{"href":"https:\/\/dicodusport.fr\/blog\/wp-json\/wp\/v2\/posts"}],"about":[{"href":"https:\/\/dicodusport.fr\/blog\/wp-json\/wp\/v2\/types\/post"}],"author":[{"embeddable":true,"href":"https:\/\/dicodusport.fr\/blog\/wp-json\/wp\/v2\/users\/4"}],"replies":[{"embeddable":true,"href":"https:\/\/dicodusport.fr\/blog\/wp-json\/wp\/v2\/comments?post=375139"}],"version-history":[{"count":0,"href":"https:\/\/dicodusport.fr\/blog\/wp-json\/wp\/v2\/posts\/375139\/revisions"}],"wp:featuredmedia":[{"embeddable":true,"href":"https:\/\/dicodusport.fr\/blog\/wp-json\/wp\/v2\/media\/373238"}],"wp:attachment":[{"href":"https:\/\/dicodusport.fr\/blog\/wp-json\/wp\/v2\/media?parent=375139"}],"wp:term":[{"taxonomy":"category","embeddable":true,"href":"https:\/\/dicodusport.fr\/blog\/wp-json\/wp\/v2\/categories?post=375139"},{"taxonomy":"post_tag","embeddable":true,"href":"https:\/\/dicodusport.fr\/blog\/wp-json\/wp\/v2\/tags?post=375139"}],"curies":[{"name":"wp","href":"https:\/\/api.w.org\/{rel}","templated":true}]}}