{"id":375199,"date":"2023-04-18T08:50:53","date_gmt":"2023-04-18T06:50:53","guid":{"rendered":"https:\/\/dicodusport.fr\/blog\/?p=375199&#038;preview=true&#038;preview_id=375199"},"modified":"2023-04-18T08:50:53","modified_gmt":"2023-04-18T06:50:53","slug":"transferts-cyclisme-jonathan-milan-vers-une-autre-equipe-worldteam-en-2024","status":"publish","type":"post","link":"https:\/\/dicodusport.fr\/blog\/transferts-cyclisme-jonathan-milan-vers-une-autre-equipe-worldteam-en-2024\/","title":{"rendered":"Transferts Cyclisme : Jonathan Milan vers une autre \u00e9quipe WorldTeam en 2024"},"content":{"rendered":"<p align=\"justify\"><em><strong>TRANSFERTS CYCLISME &#8211; Jonathan Milan est en fin de contrat avec la Bahrain-Victorious. Et la Trek-Segafredo s&rsquo;est positionn\u00e9e sur le polyvalent italien.<\/strong><\/em><\/p>\n<p align=\"justify\"><strong>Jonathan Milan<\/strong> vers une autre \u00e9quipe WorldTeam ? C&rsquo;est ce qu&rsquo;affirme <strong>Ciro Scognamiglio<\/strong>, journaliste \u00e0 la <em>Gazzetta Dello Sport<\/em>. Le coureur italien de 22 ans, <a href=\"https:\/\/dicodusport.fr\/blog\/saudi-tour-2023-classement-2eme-etape\/\">vainqueur d&rsquo;une \u00e9tape du Saudi Tour cette ann\u00e9e<\/a>, est en fin de contrat au sein de la<strong> Bahrain-Victorious<\/strong>. Toujours selon le journaliste italien, il ne prolongerait pas au sein de la formation avec laquelle il est pass\u00e9 pro en 2021. Et la <strong>Trek-Segafredo<\/strong> s&rsquo;est positionn\u00e9e pour le coureur au profil polyvalent, bon sprinteur, mais capable de passer les petites bosses.<\/p>\n<p align=\"justify\">Il pourrait suivre les traces de son illustre ain\u00e9 <strong>Vincenzo Nibali<\/strong>, qui avait fait le m\u00eame chemin en 2020. Ce serait un beau coup pour l&rsquo;\u00e9quipe am\u00e9ricaine, adepte des profils polyvalents comme <strong>Bauke Mollema<\/strong> ou encore <strong>Mads Pedersen<\/strong>. Une moins bonne chose, en revanche, pour la formation Bahrain-Victorious, qui risque \u00e9galement de perdre <strong>Gino M\u00e4der<\/strong>, bien partie pour rejoindre la formation Tudor.<\/p>\n<blockquote class=\"twitter-tweet\">\n<p dir=\"ltr\" lang=\"en\">Info <a href=\"https:\/\/twitter.com\/Gazzetta_it?ref_src=twsrc%5Etfw\">@Gazzetta_it<\/a> &#8211; <a href=\"https:\/\/twitter.com\/MilanJonathan?ref_src=twsrc%5Etfw\">@MilanJonathan<\/a> contract with <a href=\"https:\/\/twitter.com\/BHRVictorious?ref_src=twsrc%5Etfw\">@BHRVictorious<\/a> ends in 2023 and according to our sources there won&rsquo;t be an extension. <a href=\"https:\/\/twitter.com\/TrekSegafredo?ref_src=twsrc%5Etfw\">@TrekSegafredo<\/a> so far is a strong option on the table for the olympic champion (team pursuit) <a href=\"https:\/\/twitter.com\/elcyclingpod?ref_src=twsrc%5Etfw\">@elcyclingpod<\/a> <a href=\"https:\/\/twitter.com\/cycling_podcast?ref_src=twsrc%5Etfw\">@cycling_podcast<\/a><\/p>\n<p>\u2014 Ciro Scognamiglio (@cirogazzetta) <a href=\"https:\/\/twitter.com\/cirogazzetta\/status\/1648100330423427074?ref_src=twsrc%5Etfw\">April 17, 2023<\/a><\/p><\/blockquote>\n<p><script async src=\"https:\/\/platform.twitter.com\/widgets.js\" charset=\"utf-8\"><\/script><\/p>\n","protected":false},"excerpt":{"rendered":"<p>TRANSFERTS CYCLISME &#8211; Jonathan Milan est en fin de contrat avec la Bahrain-Victorious. Et la Trek-Segafredo s&rsquo;est positionn\u00e9e sur le polyvalent italien.<\/p>\n","protected":false},"author":83,"featured_media":375200,"comment_status":"open","ping_status":"closed","sticky":false,"template":"","format":"standard","meta":{"_acf_changed":false,"_daextam_enable_autolinks":"","footnotes":""},"categories":[46994],"tags":[18039,16878,574,31008,8388,9136],"class_list":["post-375199","post","type-post","status-publish","format-standard","has-post-thumbnail","hentry","category-cyclisme-sur-route","tag-bahrain-victorious","tag-breve","tag-cyclisme","tag-jonathan-milan","tag-transferts-cyclisme","tag-trek-segafredo"],"acf":[],"yoast_head":"<!-- This site is optimized with the Yoast SEO Premium plugin v26.7 (Yoast SEO v26.7) - https:\/\/yoast.com\/wordpress\/plugins\/seo\/ -->\n<title>Transferts Cyclisme : Jonathan Milan vers une autre \u00e9quipe WorldTeam en 2024<\/title>\n<meta name=\"description\" content=\"TRANSFERTS CYCLISME - Jonathan Milan est en fin de contrat avec la Bahrain-Victorious. Et la Trek-Segafredo s&#039;est positionn\u00e9e sur l&#039;Italien.\" \/>\n<meta name=\"robots\" content=\"index, follow, max-snippet:-1, max-image-preview:large, max-video-preview:-1\" \/>\n<link rel=\"canonical\" href=\"https:\/\/dicodusport.fr\/blog\/transferts-cyclisme-jonathan-milan-vers-une-autre-equipe-worldteam-en-2024\/\" \/>\n<meta property=\"og:locale\" content=\"fr_FR\" \/>\n<meta property=\"og:type\" content=\"article\" \/>\n<meta property=\"og:title\" content=\"Transferts Cyclisme : Jonathan Milan vers une autre \u00e9quipe WorldTeam en 2024\" \/>\n<meta property=\"og:description\" content=\"TRANSFERTS CYCLISME - Jonathan Milan est en fin de contrat avec la Bahrain-Victorious. Et la Trek-Segafredo s&#039;est positionn\u00e9e sur l&#039;Italien.\" \/>\n<meta property=\"og:url\" content=\"https:\/\/dicodusport.fr\/blog\/transferts-cyclisme-jonathan-milan-vers-une-autre-equipe-worldteam-en-2024\/\" \/>\n<meta property=\"og:site_name\" content=\"Dicodusport\" \/>\n<meta property=\"article:publisher\" content=\"https:\/\/www.facebook.com\/dicodusport\" \/>\n<meta property=\"article:published_time\" content=\"2023-04-18T06:50:53+00:00\" \/>\n<meta property=\"og:image\" content=\"https:\/\/dicodusport.fr\/blog\/wp-content\/uploads\/2023\/04\/Transferts-Cyclisme-Jonathan-Milan-vers-une-autre-equipe-WorldTeam-en-2024.png\" \/>\n\t<meta property=\"og:image:width\" content=\"800\" \/>\n\t<meta property=\"og:image:height\" content=\"445\" \/>\n\t<meta property=\"og:image:type\" content=\"image\/png\" \/>\n<meta name=\"author\" content=\"Etienne Goursaud\" \/>\n<meta name=\"twitter:card\" content=\"summary_large_image\" \/>\n<meta name=\"twitter:title\" content=\"Transferts Cyclisme : Jonathan Milan vers une autre \u00e9quipe WorldTeam en 2024\" \/>\n<meta name=\"twitter:creator\" content=\"@dicodusport\" \/>\n<meta name=\"twitter:site\" content=\"@dicodusport\" \/>\n<script type=\"application\/ld+json\" class=\"yoast-schema-graph\">{\"@context\":\"https:\/\/schema.org\",\"@graph\":[{\"@type\":\"NewsArticle\",\"@id\":\"https:\/\/dicodusport.fr\/blog\/transferts-cyclisme-jonathan-milan-vers-une-autre-equipe-worldteam-en-2024\/#article\",\"isPartOf\":{\"@id\":\"https:\/\/dicodusport.fr\/blog\/transferts-cyclisme-jonathan-milan-vers-une-autre-equipe-worldteam-en-2024\/\"},\"author\":{\"name\":\"Etienne Goursaud\",\"@id\":\"https:\/\/dicodusport.fr\/blog\/#\/schema\/person\/d603dd7da31fb2b46c82b9835a77ec13\"},\"headline\":\"Transferts Cyclisme : Jonathan Milan vers une autre \u00e9quipe WorldTeam en 2024\",\"datePublished\":\"2023-04-18T06:50:53+00:00\",\"mainEntityOfPage\":{\"@id\":\"https:\/\/dicodusport.fr\/blog\/transferts-cyclisme-jonathan-milan-vers-une-autre-equipe-worldteam-en-2024\/\"},\"wordCount\":230,\"commentCount\":0,\"publisher\":{\"@id\":\"https:\/\/dicodusport.fr\/blog\/#organization\"},\"image\":{\"@id\":\"https:\/\/dicodusport.fr\/blog\/transferts-cyclisme-jonathan-milan-vers-une-autre-equipe-worldteam-en-2024\/#primaryimage\"},\"thumbnailUrl\":\"https:\/\/dicodusport.fr\/blog\/wp-content\/uploads\/2023\/04\/Transferts-Cyclisme-Jonathan-Milan-vers-une-autre-equipe-WorldTeam-en-2024.png\",\"keywords\":[\"Bahrain Victorious\",\"br\u00e8ve\",\"Cyclisme\",\"jonathan milan\",\"Transferts Cyclisme\",\"Trek-Segafredo\"],\"articleSection\":[\"Cyclisme sur route\"],\"inLanguage\":\"fr-FR\",\"potentialAction\":[{\"@type\":\"CommentAction\",\"name\":\"Comment\",\"target\":[\"https:\/\/dicodusport.fr\/blog\/transferts-cyclisme-jonathan-milan-vers-une-autre-equipe-worldteam-en-2024\/#respond\"]}],\"copyrightYear\":\"2023\",\"copyrightHolder\":{\"@id\":\"https:\/\/dicodusport.fr\/blog\/#organization\"}},{\"@type\":\"WebPage\",\"@id\":\"https:\/\/dicodusport.fr\/blog\/transferts-cyclisme-jonathan-milan-vers-une-autre-equipe-worldteam-en-2024\/\",\"url\":\"https:\/\/dicodusport.fr\/blog\/transferts-cyclisme-jonathan-milan-vers-une-autre-equipe-worldteam-en-2024\/\",\"name\":\"Transferts Cyclisme : Jonathan Milan vers une autre \u00e9quipe WorldTeam en 2024\",\"isPartOf\":{\"@id\":\"https:\/\/dicodusport.fr\/blog\/#website\"},\"primaryImageOfPage\":{\"@id\":\"https:\/\/dicodusport.fr\/blog\/transferts-cyclisme-jonathan-milan-vers-une-autre-equipe-worldteam-en-2024\/#primaryimage\"},\"image\":{\"@id\":\"https:\/\/dicodusport.fr\/blog\/transferts-cyclisme-jonathan-milan-vers-une-autre-equipe-worldteam-en-2024\/#primaryimage\"},\"thumbnailUrl\":\"https:\/\/dicodusport.fr\/blog\/wp-content\/uploads\/2023\/04\/Transferts-Cyclisme-Jonathan-Milan-vers-une-autre-equipe-WorldTeam-en-2024.png\",\"datePublished\":\"2023-04-18T06:50:53+00:00\",\"description\":\"TRANSFERTS CYCLISME - Jonathan Milan est en fin de contrat avec la Bahrain-Victorious. Et la Trek-Segafredo s'est positionn\u00e9e sur l'Italien.\",\"breadcrumb\":{\"@id\":\"https:\/\/dicodusport.fr\/blog\/transferts-cyclisme-jonathan-milan-vers-une-autre-equipe-worldteam-en-2024\/#breadcrumb\"},\"inLanguage\":\"fr-FR\",\"potentialAction\":[{\"@type\":\"ReadAction\",\"target\":[\"https:\/\/dicodusport.fr\/blog\/transferts-cyclisme-jonathan-milan-vers-une-autre-equipe-worldteam-en-2024\/\"]}]},{\"@type\":\"ImageObject\",\"inLanguage\":\"fr-FR\",\"@id\":\"https:\/\/dicodusport.fr\/blog\/transferts-cyclisme-jonathan-milan-vers-une-autre-equipe-worldteam-en-2024\/#primaryimage\",\"url\":\"https:\/\/dicodusport.fr\/blog\/wp-content\/uploads\/2023\/04\/Transferts-Cyclisme-Jonathan-Milan-vers-une-autre-equipe-WorldTeam-en-2024.png\",\"contentUrl\":\"https:\/\/dicodusport.fr\/blog\/wp-content\/uploads\/2023\/04\/Transferts-Cyclisme-Jonathan-Milan-vers-une-autre-equipe-WorldTeam-en-2024.png\",\"width\":800,\"height\":445,\"caption\":\"Transferts Cyclisme : Jonathan Milan vers une autre \u00e9quipe WorldTeam en 2024\"},{\"@type\":\"BreadcrumbList\",\"@id\":\"https:\/\/dicodusport.fr\/blog\/transferts-cyclisme-jonathan-milan-vers-une-autre-equipe-worldteam-en-2024\/#breadcrumb\",\"itemListElement\":[{\"@type\":\"ListItem\",\"position\":1,\"name\":\"Accueil\",\"item\":\"https:\/\/dicodusport.fr\/blog\/\"},{\"@type\":\"ListItem\",\"position\":2,\"name\":\"Transferts Cyclisme : Jonathan Milan vers une autre \u00e9quipe WorldTeam en 2024\"}]},{\"@type\":\"WebSite\",\"@id\":\"https:\/\/dicodusport.fr\/blog\/#website\",\"url\":\"https:\/\/dicodusport.fr\/blog\/\",\"name\":\"Dicodusport\",\"description\":\"L&#039;encyclop\u00e9die de l&#039;actualit\u00e9 sportive\",\"publisher\":{\"@id\":\"https:\/\/dicodusport.fr\/blog\/#organization\"},\"potentialAction\":[{\"@type\":\"SearchAction\",\"target\":{\"@type\":\"EntryPoint\",\"urlTemplate\":\"https:\/\/dicodusport.fr\/blog\/?s={search_term_string}\"},\"query-input\":{\"@type\":\"PropertyValueSpecification\",\"valueRequired\":true,\"valueName\":\"search_term_string\"}}],\"inLanguage\":\"fr-FR\"},{\"@type\":\"NewsMediaOrganization\",\"@id\":\"https:\/\/dicodusport.fr\/blog\/#organization\",\"name\":\"Dicodusport\",\"url\":\"https:\/\/dicodusport.fr\/blog\/\",\"logo\":{\"@type\":\"ImageObject\",\"inLanguage\":\"fr-FR\",\"@id\":\"https:\/\/dicodusport.fr\/blog\/#\/schema\/logo\/image\/\",\"url\":\"https:\/\/dicodusport.fr\/blog\/wp-content\/uploads\/2020\/06\/cropped-LOGO-DICODUSPORT-2020-SANS-FOND-SANS-TEXTE.png\",\"contentUrl\":\"https:\/\/dicodusport.fr\/blog\/wp-content\/uploads\/2020\/06\/cropped-LOGO-DICODUSPORT-2020-SANS-FOND-SANS-TEXTE.png\",\"width\":512,\"height\":512,\"caption\":\"Dicodusport\"},\"image\":{\"@id\":\"https:\/\/dicodusport.fr\/blog\/#\/schema\/logo\/image\/\"},\"sameAs\":[\"https:\/\/www.facebook.com\/dicodusport\",\"https:\/\/x.com\/dicodusport\",\"https:\/\/www.instagram.com\/dicodusport\/\",\"https:\/\/www.youtube.com\/channel\/UC7V2KZ5sd3htJivAbA4ZG3w\"],\"description\":\"Dicodusport est l'encyclop\u00e9die de l'actualit\u00e9 sportive.\",\"email\":\"bonjour@dicodusport.fr\",\"legalName\":\"DICODUSPORT\",\"foundingDate\":\"2018-01-14\",\"vatID\":\"FR71834470973\",\"taxID\":\"83447097300043\",\"numberOfEmployees\":{\"@type\":\"QuantitativeValue\",\"minValue\":\"1\",\"maxValue\":\"10\"}},{\"@type\":\"Person\",\"@id\":\"https:\/\/dicodusport.fr\/blog\/#\/schema\/person\/d603dd7da31fb2b46c82b9835a77ec13\",\"name\":\"Etienne Goursaud\",\"image\":{\"@type\":\"ImageObject\",\"inLanguage\":\"fr-FR\",\"@id\":\"https:\/\/dicodusport.fr\/blog\/#\/schema\/person\/image\/\",\"url\":\"https:\/\/dicodusport.fr\/blog\/wp-content\/uploads\/2023\/12\/410122264_10231602061736049_5565839791558026645_n-150x150.jpg\",\"contentUrl\":\"https:\/\/dicodusport.fr\/blog\/wp-content\/uploads\/2023\/12\/410122264_10231602061736049_5565839791558026645_n-150x150.jpg\",\"caption\":\"Etienne Goursaud\"},\"description\":\"Journaliste et amoureux de sport. Ancien footballeur reconverti athl\u00e8te quand ses muscles le laissent tranquille. \u00c9lev\u00e9 \u00e0 la sauce des exploits de Thomas Voeckler en 2004, du dernier essai de l\u00e9gende de Eunice Barber \u00e0 la longueur lors des championnats du monde d'athl\u00e9tisme de 2003 mais aussi Zidane, Omeyer et Titou Lamaison.\",\"url\":\"https:\/\/dicodusport.fr\/blog\/author\/etienne-goursaud\/\"}]}<\/script>\n<!-- \/ Yoast SEO Premium plugin. -->","yoast_head_json":{"title":"Transferts Cyclisme : Jonathan Milan vers une autre \u00e9quipe WorldTeam en 2024","description":"TRANSFERTS CYCLISME - Jonathan Milan est en fin de contrat avec la Bahrain-Victorious. Et la Trek-Segafredo s'est positionn\u00e9e sur l'Italien.","robots":{"index":"index","follow":"follow","max-snippet":"max-snippet:-1","max-image-preview":"max-image-preview:large","max-video-preview":"max-video-preview:-1"},"canonical":"https:\/\/dicodusport.fr\/blog\/transferts-cyclisme-jonathan-milan-vers-une-autre-equipe-worldteam-en-2024\/","og_locale":"fr_FR","og_type":"article","og_title":"Transferts Cyclisme : Jonathan Milan vers une autre \u00e9quipe WorldTeam en 2024","og_description":"TRANSFERTS CYCLISME - Jonathan Milan est en fin de contrat avec la Bahrain-Victorious. Et la Trek-Segafredo s'est positionn\u00e9e sur l'Italien.","og_url":"https:\/\/dicodusport.fr\/blog\/transferts-cyclisme-jonathan-milan-vers-une-autre-equipe-worldteam-en-2024\/","og_site_name":"Dicodusport","article_publisher":"https:\/\/www.facebook.com\/dicodusport","article_published_time":"2023-04-18T06:50:53+00:00","og_image":[{"width":800,"height":445,"url":"https:\/\/dicodusport.fr\/blog\/wp-content\/uploads\/2023\/04\/Transferts-Cyclisme-Jonathan-Milan-vers-une-autre-equipe-WorldTeam-en-2024.png","type":"image\/png"}],"author":"Etienne Goursaud","twitter_card":"summary_large_image","twitter_title":"Transferts Cyclisme : Jonathan Milan vers une autre \u00e9quipe WorldTeam en 2024","twitter_creator":"@dicodusport","twitter_site":"@dicodusport","schema":{"@context":"https:\/\/schema.org","@graph":[{"@type":"NewsArticle","@id":"https:\/\/dicodusport.fr\/blog\/transferts-cyclisme-jonathan-milan-vers-une-autre-equipe-worldteam-en-2024\/#article","isPartOf":{"@id":"https:\/\/dicodusport.fr\/blog\/transferts-cyclisme-jonathan-milan-vers-une-autre-equipe-worldteam-en-2024\/"},"author":{"name":"Etienne Goursaud","@id":"https:\/\/dicodusport.fr\/blog\/#\/schema\/person\/d603dd7da31fb2b46c82b9835a77ec13"},"headline":"Transferts Cyclisme : Jonathan Milan vers une autre \u00e9quipe WorldTeam en 2024","datePublished":"2023-04-18T06:50:53+00:00","mainEntityOfPage":{"@id":"https:\/\/dicodusport.fr\/blog\/transferts-cyclisme-jonathan-milan-vers-une-autre-equipe-worldteam-en-2024\/"},"wordCount":230,"commentCount":0,"publisher":{"@id":"https:\/\/dicodusport.fr\/blog\/#organization"},"image":{"@id":"https:\/\/dicodusport.fr\/blog\/transferts-cyclisme-jonathan-milan-vers-une-autre-equipe-worldteam-en-2024\/#primaryimage"},"thumbnailUrl":"https:\/\/dicodusport.fr\/blog\/wp-content\/uploads\/2023\/04\/Transferts-Cyclisme-Jonathan-Milan-vers-une-autre-equipe-WorldTeam-en-2024.png","keywords":["Bahrain Victorious","br\u00e8ve","Cyclisme","jonathan milan","Transferts Cyclisme","Trek-Segafredo"],"articleSection":["Cyclisme sur route"],"inLanguage":"fr-FR","potentialAction":[{"@type":"CommentAction","name":"Comment","target":["https:\/\/dicodusport.fr\/blog\/transferts-cyclisme-jonathan-milan-vers-une-autre-equipe-worldteam-en-2024\/#respond"]}],"copyrightYear":"2023","copyrightHolder":{"@id":"https:\/\/dicodusport.fr\/blog\/#organization"}},{"@type":"WebPage","@id":"https:\/\/dicodusport.fr\/blog\/transferts-cyclisme-jonathan-milan-vers-une-autre-equipe-worldteam-en-2024\/","url":"https:\/\/dicodusport.fr\/blog\/transferts-cyclisme-jonathan-milan-vers-une-autre-equipe-worldteam-en-2024\/","name":"Transferts Cyclisme : Jonathan Milan vers une autre \u00e9quipe WorldTeam en 2024","isPartOf":{"@id":"https:\/\/dicodusport.fr\/blog\/#website"},"primaryImageOfPage":{"@id":"https:\/\/dicodusport.fr\/blog\/transferts-cyclisme-jonathan-milan-vers-une-autre-equipe-worldteam-en-2024\/#primaryimage"},"image":{"@id":"https:\/\/dicodusport.fr\/blog\/transferts-cyclisme-jonathan-milan-vers-une-autre-equipe-worldteam-en-2024\/#primaryimage"},"thumbnailUrl":"https:\/\/dicodusport.fr\/blog\/wp-content\/uploads\/2023\/04\/Transferts-Cyclisme-Jonathan-Milan-vers-une-autre-equipe-WorldTeam-en-2024.png","datePublished":"2023-04-18T06:50:53+00:00","description":"TRANSFERTS CYCLISME - Jonathan Milan est en fin de contrat avec la Bahrain-Victorious. Et la Trek-Segafredo s'est positionn\u00e9e sur l'Italien.","breadcrumb":{"@id":"https:\/\/dicodusport.fr\/blog\/transferts-cyclisme-jonathan-milan-vers-une-autre-equipe-worldteam-en-2024\/#breadcrumb"},"inLanguage":"fr-FR","potentialAction":[{"@type":"ReadAction","target":["https:\/\/dicodusport.fr\/blog\/transferts-cyclisme-jonathan-milan-vers-une-autre-equipe-worldteam-en-2024\/"]}]},{"@type":"ImageObject","inLanguage":"fr-FR","@id":"https:\/\/dicodusport.fr\/blog\/transferts-cyclisme-jonathan-milan-vers-une-autre-equipe-worldteam-en-2024\/#primaryimage","url":"https:\/\/dicodusport.fr\/blog\/wp-content\/uploads\/2023\/04\/Transferts-Cyclisme-Jonathan-Milan-vers-une-autre-equipe-WorldTeam-en-2024.png","contentUrl":"https:\/\/dicodusport.fr\/blog\/wp-content\/uploads\/2023\/04\/Transferts-Cyclisme-Jonathan-Milan-vers-une-autre-equipe-WorldTeam-en-2024.png","width":800,"height":445,"caption":"Transferts Cyclisme : Jonathan Milan vers une autre \u00e9quipe WorldTeam en 2024"},{"@type":"BreadcrumbList","@id":"https:\/\/dicodusport.fr\/blog\/transferts-cyclisme-jonathan-milan-vers-une-autre-equipe-worldteam-en-2024\/#breadcrumb","itemListElement":[{"@type":"ListItem","position":1,"name":"Accueil","item":"https:\/\/dicodusport.fr\/blog\/"},{"@type":"ListItem","position":2,"name":"Transferts Cyclisme : Jonathan Milan vers une autre \u00e9quipe WorldTeam en 2024"}]},{"@type":"WebSite","@id":"https:\/\/dicodusport.fr\/blog\/#website","url":"https:\/\/dicodusport.fr\/blog\/","name":"Dicodusport","description":"L&#039;encyclop\u00e9die de l&#039;actualit\u00e9 sportive","publisher":{"@id":"https:\/\/dicodusport.fr\/blog\/#organization"},"potentialAction":[{"@type":"SearchAction","target":{"@type":"EntryPoint","urlTemplate":"https:\/\/dicodusport.fr\/blog\/?s={search_term_string}"},"query-input":{"@type":"PropertyValueSpecification","valueRequired":true,"valueName":"search_term_string"}}],"inLanguage":"fr-FR"},{"@type":"NewsMediaOrganization","@id":"https:\/\/dicodusport.fr\/blog\/#organization","name":"Dicodusport","url":"https:\/\/dicodusport.fr\/blog\/","logo":{"@type":"ImageObject","inLanguage":"fr-FR","@id":"https:\/\/dicodusport.fr\/blog\/#\/schema\/logo\/image\/","url":"https:\/\/dicodusport.fr\/blog\/wp-content\/uploads\/2020\/06\/cropped-LOGO-DICODUSPORT-2020-SANS-FOND-SANS-TEXTE.png","contentUrl":"https:\/\/dicodusport.fr\/blog\/wp-content\/uploads\/2020\/06\/cropped-LOGO-DICODUSPORT-2020-SANS-FOND-SANS-TEXTE.png","width":512,"height":512,"caption":"Dicodusport"},"image":{"@id":"https:\/\/dicodusport.fr\/blog\/#\/schema\/logo\/image\/"},"sameAs":["https:\/\/www.facebook.com\/dicodusport","https:\/\/x.com\/dicodusport","https:\/\/www.instagram.com\/dicodusport\/","https:\/\/www.youtube.com\/channel\/UC7V2KZ5sd3htJivAbA4ZG3w"],"description":"Dicodusport est l'encyclop\u00e9die de l'actualit\u00e9 sportive.","email":"bonjour@dicodusport.fr","legalName":"DICODUSPORT","foundingDate":"2018-01-14","vatID":"FR71834470973","taxID":"83447097300043","numberOfEmployees":{"@type":"QuantitativeValue","minValue":"1","maxValue":"10"}},{"@type":"Person","@id":"https:\/\/dicodusport.fr\/blog\/#\/schema\/person\/d603dd7da31fb2b46c82b9835a77ec13","name":"Etienne Goursaud","image":{"@type":"ImageObject","inLanguage":"fr-FR","@id":"https:\/\/dicodusport.fr\/blog\/#\/schema\/person\/image\/","url":"https:\/\/dicodusport.fr\/blog\/wp-content\/uploads\/2023\/12\/410122264_10231602061736049_5565839791558026645_n-150x150.jpg","contentUrl":"https:\/\/dicodusport.fr\/blog\/wp-content\/uploads\/2023\/12\/410122264_10231602061736049_5565839791558026645_n-150x150.jpg","caption":"Etienne Goursaud"},"description":"Journaliste et amoureux de sport. Ancien footballeur reconverti athl\u00e8te quand ses muscles le laissent tranquille. \u00c9lev\u00e9 \u00e0 la sauce des exploits de Thomas Voeckler en 2004, du dernier essai de l\u00e9gende de Eunice Barber \u00e0 la longueur lors des championnats du monde d'athl\u00e9tisme de 2003 mais aussi Zidane, Omeyer et Titou Lamaison.","url":"https:\/\/dicodusport.fr\/blog\/author\/etienne-goursaud\/"}]}},"_links":{"self":[{"href":"https:\/\/dicodusport.fr\/blog\/wp-json\/wp\/v2\/posts\/375199","targetHints":{"allow":["GET"]}}],"collection":[{"href":"https:\/\/dicodusport.fr\/blog\/wp-json\/wp\/v2\/posts"}],"about":[{"href":"https:\/\/dicodusport.fr\/blog\/wp-json\/wp\/v2\/types\/post"}],"author":[{"embeddable":true,"href":"https:\/\/dicodusport.fr\/blog\/wp-json\/wp\/v2\/users\/83"}],"replies":[{"embeddable":true,"href":"https:\/\/dicodusport.fr\/blog\/wp-json\/wp\/v2\/comments?post=375199"}],"version-history":[{"count":0,"href":"https:\/\/dicodusport.fr\/blog\/wp-json\/wp\/v2\/posts\/375199\/revisions"}],"wp:featuredmedia":[{"embeddable":true,"href":"https:\/\/dicodusport.fr\/blog\/wp-json\/wp\/v2\/media\/375200"}],"wp:attachment":[{"href":"https:\/\/dicodusport.fr\/blog\/wp-json\/wp\/v2\/media?parent=375199"}],"wp:term":[{"taxonomy":"category","embeddable":true,"href":"https:\/\/dicodusport.fr\/blog\/wp-json\/wp\/v2\/categories?post=375199"},{"taxonomy":"post_tag","embeddable":true,"href":"https:\/\/dicodusport.fr\/blog\/wp-json\/wp\/v2\/tags?post=375199"}],"curies":[{"name":"wp","href":"https:\/\/api.w.org\/{rel}","templated":true}]}}