{"id":375216,"date":"2023-04-18T10:56:50","date_gmt":"2023-04-18T08:56:50","guid":{"rendered":"https:\/\/dicodusport.fr\/blog\/?p=375216&#038;preview=true&#038;preview_id=375216"},"modified":"2023-04-18T10:57:14","modified_gmt":"2023-04-18T08:57:14","slug":"transferts-cyclisme-jumbo-visma-blinde-jonas-vingegaard","status":"publish","type":"post","link":"https:\/\/dicodusport.fr\/blog\/transferts-cyclisme-jumbo-visma-blinde-jonas-vingegaard\/","title":{"rendered":"Transferts Cyclisme : Jumbo-Visma blinde Jonas Vingegaard"},"content":{"rendered":"<p align=\"justify\"><em><strong>TRANSFERTS CYCLISME &#8211; La formation n\u00e9erlandaise Jumbo-Visma annonce la prolongation de Jonas Vingegaard jusqu&rsquo;en 2027. Une longue aventure qui se poursuit avec le Danois donc.<\/strong><\/em><\/p>\n<p align=\"justify\">L&rsquo;histoire d&rsquo;amour entre <strong>Jonas Vingegaard<\/strong> et la <strong>Jumbo-Visma<\/strong> va se prolonger. <strong>Au moins jusqu&rsquo;en 2027<\/strong>. La formation n\u00e9erlandaise a annonc\u00e9 ce mardi la prolongation du vainqueur du Tour de France 2022. Engag\u00e9 jusqu&rsquo;en 2024, Jumbo-Visma a blind\u00e9 le Danois, avec un contrat longue dur\u00e9e et une vraie garantie pour les deux parties. Vingegaard est d\u00e9j\u00e0 tr\u00e8s performant en cette premi\u00e8re partie de saison 2023, avec 7 succ\u00e8s en 14 jours de course, dont <a href=\"https:\/\/dicodusport.fr\/blog\/tour-du-pays-basque-2023-classement-general\/\">la victoire finale sur le Tour du Pays Basque<\/a>.<\/p>\n<p align=\"justify\">Jonas Vingegaard sera encore une fois de plus l&rsquo;un des grands favoris \u00e0 sa propre succession sur le <strong>Tour de France 2023<\/strong>. Et reste fid\u00e8le \u00e0 sa formation de ses d\u00e9buts en World Tour. Le Danois \u00e9tait arriv\u00e9 en 2019 en provenance de la <strong>Team ColoQuick<\/strong>.<\/p>\n<blockquote class=\"twitter-tweet\">\n<p dir=\"ltr\" lang=\"qme\">\u2728 <a href=\"https:\/\/t.co\/QmrADiArQu\">https:\/\/t.co\/QmrADiArQu<\/a> \u2728<a href=\"https:\/\/twitter.com\/hashtag\/Jonas2027?src=hash&amp;ref_src=twsrc%5Etfw\">#Jonas2027<\/a> <a href=\"https:\/\/twitter.com\/hashtag\/rideyourdreams?src=hash&amp;ref_src=twsrc%5Etfw\">#rideyourdreams<\/a> \ud83d\udcad <a href=\"https:\/\/t.co\/YmNeRW5CJj\">pic.twitter.com\/YmNeRW5CJj<\/a><\/p>\n<p>\u2014 Team Jumbo-Visma cycling (@JumboVismaRoad) <a href=\"https:\/\/twitter.com\/JumboVismaRoad\/status\/1648244635070758912?ref_src=twsrc%5Etfw\">April 18, 2023<\/a><\/p><\/blockquote>\n<p><script async src=\"https:\/\/platform.twitter.com\/widgets.js\" charset=\"utf-8\"><\/script><\/p>\n<ul>\n<li style=\"text-align: justify;\"><strong>\u00c0 lire aussi &#8211; <a href=\"https:\/\/dicodusport.fr\/blog\/tour-de-france-2023-la-jumbo-visma-devoile-son-maillot\/\">Tour de France 2023 : La Jumbo-Visma d\u00e9voile son maillot<\/a><\/strong><\/li>\n<\/ul>\n","protected":false},"excerpt":{"rendered":"<p>TRANSFERTS CYCLISME &#8211; La formation n\u00e9erlandaise Jumbo-Visma annonce la prolongation de Jonas Vingegaard jusqu&rsquo;en 2027. Une longue aventure qui se poursuit avec le Danois donc.<\/p>\n","protected":false},"author":83,"featured_media":372410,"comment_status":"open","ping_status":"closed","sticky":false,"template":"","format":"standard","meta":{"_acf_changed":false,"_daextam_enable_autolinks":"","footnotes":""},"categories":[46994],"tags":[16878,574,17721,8551],"class_list":["post-375216","post","type-post","status-publish","format-standard","has-post-thumbnail","hentry","category-cyclisme-sur-route","tag-breve","tag-cyclisme","tag-jonas-vingegaard","tag-jumbo-visma"],"acf":[],"yoast_head":"<!-- This site is optimized with the Yoast SEO Premium plugin v26.7 (Yoast SEO v26.7) - https:\/\/yoast.com\/wordpress\/plugins\/seo\/ -->\n<title>Transferts Cyclisme : Jumbo-Visma blinde Jonas Vingegaard<\/title>\n<meta name=\"description\" content=\"TRANSFERTS CYCLISME - Jumbo-Visma annonce la prolongation de Jonas Vingegaard jusqu&#039;en 2027. Et blinde son leader.\" \/>\n<meta name=\"robots\" content=\"index, follow, max-snippet:-1, max-image-preview:large, max-video-preview:-1\" \/>\n<link rel=\"canonical\" href=\"https:\/\/dicodusport.fr\/blog\/transferts-cyclisme-jumbo-visma-blinde-jonas-vingegaard\/\" \/>\n<meta property=\"og:locale\" content=\"fr_FR\" \/>\n<meta property=\"og:type\" content=\"article\" \/>\n<meta property=\"og:title\" content=\"Transferts Cyclisme : Jumbo-Visma blinde Jonas Vingegaard\" \/>\n<meta property=\"og:description\" content=\"TRANSFERTS CYCLISME - Jumbo-Visma annonce la prolongation de Jonas Vingegaard jusqu&#039;en 2027. Et blinde son leader.\" \/>\n<meta property=\"og:url\" content=\"https:\/\/dicodusport.fr\/blog\/transferts-cyclisme-jumbo-visma-blinde-jonas-vingegaard\/\" \/>\n<meta property=\"og:site_name\" content=\"Dicodusport\" \/>\n<meta property=\"article:publisher\" content=\"https:\/\/www.facebook.com\/dicodusport\" \/>\n<meta property=\"article:published_time\" content=\"2023-04-18T08:56:50+00:00\" \/>\n<meta property=\"article:modified_time\" content=\"2023-04-18T08:57:14+00:00\" \/>\n<meta property=\"og:image\" content=\"https:\/\/dicodusport.fr\/blog\/wp-content\/uploads\/2023\/04\/Tour-du-Pays-Basque-2023-La-4eme-etape-pour-Jonas-Vingegaard-1.png\" \/>\n\t<meta property=\"og:image:width\" content=\"800\" \/>\n\t<meta property=\"og:image:height\" content=\"445\" \/>\n\t<meta property=\"og:image:type\" content=\"image\/png\" \/>\n<meta name=\"author\" content=\"Etienne Goursaud\" \/>\n<meta name=\"twitter:card\" content=\"summary_large_image\" \/>\n<meta name=\"twitter:title\" content=\"Transferts Cyclisme : Jumbo-Visma blinde Jonas Vingegaard\" \/>\n<meta name=\"twitter:creator\" content=\"@dicodusport\" \/>\n<meta name=\"twitter:site\" content=\"@dicodusport\" \/>\n<script type=\"application\/ld+json\" class=\"yoast-schema-graph\">{\"@context\":\"https:\/\/schema.org\",\"@graph\":[{\"@type\":\"NewsArticle\",\"@id\":\"https:\/\/dicodusport.fr\/blog\/transferts-cyclisme-jumbo-visma-blinde-jonas-vingegaard\/#article\",\"isPartOf\":{\"@id\":\"https:\/\/dicodusport.fr\/blog\/transferts-cyclisme-jumbo-visma-blinde-jonas-vingegaard\/\"},\"author\":{\"name\":\"Etienne Goursaud\",\"@id\":\"https:\/\/dicodusport.fr\/blog\/#\/schema\/person\/d603dd7da31fb2b46c82b9835a77ec13\"},\"headline\":\"Transferts Cyclisme : Jumbo-Visma blinde Jonas Vingegaard\",\"datePublished\":\"2023-04-18T08:56:50+00:00\",\"dateModified\":\"2023-04-18T08:57:14+00:00\",\"mainEntityOfPage\":{\"@id\":\"https:\/\/dicodusport.fr\/blog\/transferts-cyclisme-jumbo-visma-blinde-jonas-vingegaard\/\"},\"wordCount\":191,\"commentCount\":0,\"publisher\":{\"@id\":\"https:\/\/dicodusport.fr\/blog\/#organization\"},\"image\":{\"@id\":\"https:\/\/dicodusport.fr\/blog\/transferts-cyclisme-jumbo-visma-blinde-jonas-vingegaard\/#primaryimage\"},\"thumbnailUrl\":\"https:\/\/dicodusport.fr\/blog\/wp-content\/uploads\/2023\/04\/Tour-du-Pays-Basque-2023-La-4eme-etape-pour-Jonas-Vingegaard-1.png\",\"keywords\":[\"br\u00e8ve\",\"Cyclisme\",\"Jonas Vingegaard\",\"Jumbo-Visma\"],\"articleSection\":[\"Cyclisme sur route\"],\"inLanguage\":\"fr-FR\",\"potentialAction\":[{\"@type\":\"CommentAction\",\"name\":\"Comment\",\"target\":[\"https:\/\/dicodusport.fr\/blog\/transferts-cyclisme-jumbo-visma-blinde-jonas-vingegaard\/#respond\"]}],\"copyrightYear\":\"2023\",\"copyrightHolder\":{\"@id\":\"https:\/\/dicodusport.fr\/blog\/#organization\"}},{\"@type\":\"WebPage\",\"@id\":\"https:\/\/dicodusport.fr\/blog\/transferts-cyclisme-jumbo-visma-blinde-jonas-vingegaard\/\",\"url\":\"https:\/\/dicodusport.fr\/blog\/transferts-cyclisme-jumbo-visma-blinde-jonas-vingegaard\/\",\"name\":\"Transferts Cyclisme : Jumbo-Visma blinde Jonas Vingegaard\",\"isPartOf\":{\"@id\":\"https:\/\/dicodusport.fr\/blog\/#website\"},\"primaryImageOfPage\":{\"@id\":\"https:\/\/dicodusport.fr\/blog\/transferts-cyclisme-jumbo-visma-blinde-jonas-vingegaard\/#primaryimage\"},\"image\":{\"@id\":\"https:\/\/dicodusport.fr\/blog\/transferts-cyclisme-jumbo-visma-blinde-jonas-vingegaard\/#primaryimage\"},\"thumbnailUrl\":\"https:\/\/dicodusport.fr\/blog\/wp-content\/uploads\/2023\/04\/Tour-du-Pays-Basque-2023-La-4eme-etape-pour-Jonas-Vingegaard-1.png\",\"datePublished\":\"2023-04-18T08:56:50+00:00\",\"dateModified\":\"2023-04-18T08:57:14+00:00\",\"description\":\"TRANSFERTS CYCLISME - Jumbo-Visma annonce la prolongation de Jonas Vingegaard jusqu'en 2027. Et blinde son leader.\",\"breadcrumb\":{\"@id\":\"https:\/\/dicodusport.fr\/blog\/transferts-cyclisme-jumbo-visma-blinde-jonas-vingegaard\/#breadcrumb\"},\"inLanguage\":\"fr-FR\",\"potentialAction\":[{\"@type\":\"ReadAction\",\"target\":[\"https:\/\/dicodusport.fr\/blog\/transferts-cyclisme-jumbo-visma-blinde-jonas-vingegaard\/\"]}]},{\"@type\":\"ImageObject\",\"inLanguage\":\"fr-FR\",\"@id\":\"https:\/\/dicodusport.fr\/blog\/transferts-cyclisme-jumbo-visma-blinde-jonas-vingegaard\/#primaryimage\",\"url\":\"https:\/\/dicodusport.fr\/blog\/wp-content\/uploads\/2023\/04\/Tour-du-Pays-Basque-2023-La-4eme-etape-pour-Jonas-Vingegaard-1.png\",\"contentUrl\":\"https:\/\/dicodusport.fr\/blog\/wp-content\/uploads\/2023\/04\/Tour-du-Pays-Basque-2023-La-4eme-etape-pour-Jonas-Vingegaard-1.png\",\"width\":800,\"height\":445,\"caption\":\"Tour du Pays Basque 2023 La 4\u00e8me \u00e9tape pour Jonas Vingegaard (1)\"},{\"@type\":\"BreadcrumbList\",\"@id\":\"https:\/\/dicodusport.fr\/blog\/transferts-cyclisme-jumbo-visma-blinde-jonas-vingegaard\/#breadcrumb\",\"itemListElement\":[{\"@type\":\"ListItem\",\"position\":1,\"name\":\"Accueil\",\"item\":\"https:\/\/dicodusport.fr\/blog\/\"},{\"@type\":\"ListItem\",\"position\":2,\"name\":\"Transferts Cyclisme : Jumbo-Visma blinde Jonas Vingegaard\"}]},{\"@type\":\"WebSite\",\"@id\":\"https:\/\/dicodusport.fr\/blog\/#website\",\"url\":\"https:\/\/dicodusport.fr\/blog\/\",\"name\":\"Dicodusport\",\"description\":\"L&#039;encyclop\u00e9die de l&#039;actualit\u00e9 sportive\",\"publisher\":{\"@id\":\"https:\/\/dicodusport.fr\/blog\/#organization\"},\"potentialAction\":[{\"@type\":\"SearchAction\",\"target\":{\"@type\":\"EntryPoint\",\"urlTemplate\":\"https:\/\/dicodusport.fr\/blog\/?s={search_term_string}\"},\"query-input\":{\"@type\":\"PropertyValueSpecification\",\"valueRequired\":true,\"valueName\":\"search_term_string\"}}],\"inLanguage\":\"fr-FR\"},{\"@type\":\"NewsMediaOrganization\",\"@id\":\"https:\/\/dicodusport.fr\/blog\/#organization\",\"name\":\"Dicodusport\",\"url\":\"https:\/\/dicodusport.fr\/blog\/\",\"logo\":{\"@type\":\"ImageObject\",\"inLanguage\":\"fr-FR\",\"@id\":\"https:\/\/dicodusport.fr\/blog\/#\/schema\/logo\/image\/\",\"url\":\"https:\/\/dicodusport.fr\/blog\/wp-content\/uploads\/2020\/06\/cropped-LOGO-DICODUSPORT-2020-SANS-FOND-SANS-TEXTE.png\",\"contentUrl\":\"https:\/\/dicodusport.fr\/blog\/wp-content\/uploads\/2020\/06\/cropped-LOGO-DICODUSPORT-2020-SANS-FOND-SANS-TEXTE.png\",\"width\":512,\"height\":512,\"caption\":\"Dicodusport\"},\"image\":{\"@id\":\"https:\/\/dicodusport.fr\/blog\/#\/schema\/logo\/image\/\"},\"sameAs\":[\"https:\/\/www.facebook.com\/dicodusport\",\"https:\/\/x.com\/dicodusport\",\"https:\/\/www.instagram.com\/dicodusport\/\",\"https:\/\/www.youtube.com\/channel\/UC7V2KZ5sd3htJivAbA4ZG3w\"],\"description\":\"Dicodusport est l'encyclop\u00e9die de l'actualit\u00e9 sportive.\",\"email\":\"bonjour@dicodusport.fr\",\"legalName\":\"DICODUSPORT\",\"foundingDate\":\"2018-01-14\",\"vatID\":\"FR71834470973\",\"taxID\":\"83447097300043\",\"numberOfEmployees\":{\"@type\":\"QuantitativeValue\",\"minValue\":\"1\",\"maxValue\":\"10\"}},{\"@type\":\"Person\",\"@id\":\"https:\/\/dicodusport.fr\/blog\/#\/schema\/person\/d603dd7da31fb2b46c82b9835a77ec13\",\"name\":\"Etienne Goursaud\",\"image\":{\"@type\":\"ImageObject\",\"inLanguage\":\"fr-FR\",\"@id\":\"https:\/\/dicodusport.fr\/blog\/#\/schema\/person\/image\/\",\"url\":\"https:\/\/dicodusport.fr\/blog\/wp-content\/uploads\/2023\/12\/410122264_10231602061736049_5565839791558026645_n-150x150.jpg\",\"contentUrl\":\"https:\/\/dicodusport.fr\/blog\/wp-content\/uploads\/2023\/12\/410122264_10231602061736049_5565839791558026645_n-150x150.jpg\",\"caption\":\"Etienne Goursaud\"},\"description\":\"Journaliste et amoureux de sport. Ancien footballeur reconverti athl\u00e8te quand ses muscles le laissent tranquille. \u00c9lev\u00e9 \u00e0 la sauce des exploits de Thomas Voeckler en 2004, du dernier essai de l\u00e9gende de Eunice Barber \u00e0 la longueur lors des championnats du monde d'athl\u00e9tisme de 2003 mais aussi Zidane, Omeyer et Titou Lamaison.\",\"url\":\"https:\/\/dicodusport.fr\/blog\/author\/etienne-goursaud\/\"}]}<\/script>\n<!-- \/ Yoast SEO Premium plugin. -->","yoast_head_json":{"title":"Transferts Cyclisme : Jumbo-Visma blinde Jonas Vingegaard","description":"TRANSFERTS CYCLISME - Jumbo-Visma annonce la prolongation de Jonas Vingegaard jusqu'en 2027. Et blinde son leader.","robots":{"index":"index","follow":"follow","max-snippet":"max-snippet:-1","max-image-preview":"max-image-preview:large","max-video-preview":"max-video-preview:-1"},"canonical":"https:\/\/dicodusport.fr\/blog\/transferts-cyclisme-jumbo-visma-blinde-jonas-vingegaard\/","og_locale":"fr_FR","og_type":"article","og_title":"Transferts Cyclisme : Jumbo-Visma blinde Jonas Vingegaard","og_description":"TRANSFERTS CYCLISME - Jumbo-Visma annonce la prolongation de Jonas Vingegaard jusqu'en 2027. Et blinde son leader.","og_url":"https:\/\/dicodusport.fr\/blog\/transferts-cyclisme-jumbo-visma-blinde-jonas-vingegaard\/","og_site_name":"Dicodusport","article_publisher":"https:\/\/www.facebook.com\/dicodusport","article_published_time":"2023-04-18T08:56:50+00:00","article_modified_time":"2023-04-18T08:57:14+00:00","og_image":[{"width":800,"height":445,"url":"https:\/\/dicodusport.fr\/blog\/wp-content\/uploads\/2023\/04\/Tour-du-Pays-Basque-2023-La-4eme-etape-pour-Jonas-Vingegaard-1.png","type":"image\/png"}],"author":"Etienne Goursaud","twitter_card":"summary_large_image","twitter_title":"Transferts Cyclisme : Jumbo-Visma blinde Jonas Vingegaard","twitter_creator":"@dicodusport","twitter_site":"@dicodusport","schema":{"@context":"https:\/\/schema.org","@graph":[{"@type":"NewsArticle","@id":"https:\/\/dicodusport.fr\/blog\/transferts-cyclisme-jumbo-visma-blinde-jonas-vingegaard\/#article","isPartOf":{"@id":"https:\/\/dicodusport.fr\/blog\/transferts-cyclisme-jumbo-visma-blinde-jonas-vingegaard\/"},"author":{"name":"Etienne Goursaud","@id":"https:\/\/dicodusport.fr\/blog\/#\/schema\/person\/d603dd7da31fb2b46c82b9835a77ec13"},"headline":"Transferts Cyclisme : Jumbo-Visma blinde Jonas Vingegaard","datePublished":"2023-04-18T08:56:50+00:00","dateModified":"2023-04-18T08:57:14+00:00","mainEntityOfPage":{"@id":"https:\/\/dicodusport.fr\/blog\/transferts-cyclisme-jumbo-visma-blinde-jonas-vingegaard\/"},"wordCount":191,"commentCount":0,"publisher":{"@id":"https:\/\/dicodusport.fr\/blog\/#organization"},"image":{"@id":"https:\/\/dicodusport.fr\/blog\/transferts-cyclisme-jumbo-visma-blinde-jonas-vingegaard\/#primaryimage"},"thumbnailUrl":"https:\/\/dicodusport.fr\/blog\/wp-content\/uploads\/2023\/04\/Tour-du-Pays-Basque-2023-La-4eme-etape-pour-Jonas-Vingegaard-1.png","keywords":["br\u00e8ve","Cyclisme","Jonas Vingegaard","Jumbo-Visma"],"articleSection":["Cyclisme sur route"],"inLanguage":"fr-FR","potentialAction":[{"@type":"CommentAction","name":"Comment","target":["https:\/\/dicodusport.fr\/blog\/transferts-cyclisme-jumbo-visma-blinde-jonas-vingegaard\/#respond"]}],"copyrightYear":"2023","copyrightHolder":{"@id":"https:\/\/dicodusport.fr\/blog\/#organization"}},{"@type":"WebPage","@id":"https:\/\/dicodusport.fr\/blog\/transferts-cyclisme-jumbo-visma-blinde-jonas-vingegaard\/","url":"https:\/\/dicodusport.fr\/blog\/transferts-cyclisme-jumbo-visma-blinde-jonas-vingegaard\/","name":"Transferts Cyclisme : Jumbo-Visma blinde Jonas Vingegaard","isPartOf":{"@id":"https:\/\/dicodusport.fr\/blog\/#website"},"primaryImageOfPage":{"@id":"https:\/\/dicodusport.fr\/blog\/transferts-cyclisme-jumbo-visma-blinde-jonas-vingegaard\/#primaryimage"},"image":{"@id":"https:\/\/dicodusport.fr\/blog\/transferts-cyclisme-jumbo-visma-blinde-jonas-vingegaard\/#primaryimage"},"thumbnailUrl":"https:\/\/dicodusport.fr\/blog\/wp-content\/uploads\/2023\/04\/Tour-du-Pays-Basque-2023-La-4eme-etape-pour-Jonas-Vingegaard-1.png","datePublished":"2023-04-18T08:56:50+00:00","dateModified":"2023-04-18T08:57:14+00:00","description":"TRANSFERTS CYCLISME - Jumbo-Visma annonce la prolongation de Jonas Vingegaard jusqu'en 2027. Et blinde son leader.","breadcrumb":{"@id":"https:\/\/dicodusport.fr\/blog\/transferts-cyclisme-jumbo-visma-blinde-jonas-vingegaard\/#breadcrumb"},"inLanguage":"fr-FR","potentialAction":[{"@type":"ReadAction","target":["https:\/\/dicodusport.fr\/blog\/transferts-cyclisme-jumbo-visma-blinde-jonas-vingegaard\/"]}]},{"@type":"ImageObject","inLanguage":"fr-FR","@id":"https:\/\/dicodusport.fr\/blog\/transferts-cyclisme-jumbo-visma-blinde-jonas-vingegaard\/#primaryimage","url":"https:\/\/dicodusport.fr\/blog\/wp-content\/uploads\/2023\/04\/Tour-du-Pays-Basque-2023-La-4eme-etape-pour-Jonas-Vingegaard-1.png","contentUrl":"https:\/\/dicodusport.fr\/blog\/wp-content\/uploads\/2023\/04\/Tour-du-Pays-Basque-2023-La-4eme-etape-pour-Jonas-Vingegaard-1.png","width":800,"height":445,"caption":"Tour du Pays Basque 2023 La 4\u00e8me \u00e9tape pour Jonas Vingegaard (1)"},{"@type":"BreadcrumbList","@id":"https:\/\/dicodusport.fr\/blog\/transferts-cyclisme-jumbo-visma-blinde-jonas-vingegaard\/#breadcrumb","itemListElement":[{"@type":"ListItem","position":1,"name":"Accueil","item":"https:\/\/dicodusport.fr\/blog\/"},{"@type":"ListItem","position":2,"name":"Transferts Cyclisme : Jumbo-Visma blinde Jonas Vingegaard"}]},{"@type":"WebSite","@id":"https:\/\/dicodusport.fr\/blog\/#website","url":"https:\/\/dicodusport.fr\/blog\/","name":"Dicodusport","description":"L&#039;encyclop\u00e9die de l&#039;actualit\u00e9 sportive","publisher":{"@id":"https:\/\/dicodusport.fr\/blog\/#organization"},"potentialAction":[{"@type":"SearchAction","target":{"@type":"EntryPoint","urlTemplate":"https:\/\/dicodusport.fr\/blog\/?s={search_term_string}"},"query-input":{"@type":"PropertyValueSpecification","valueRequired":true,"valueName":"search_term_string"}}],"inLanguage":"fr-FR"},{"@type":"NewsMediaOrganization","@id":"https:\/\/dicodusport.fr\/blog\/#organization","name":"Dicodusport","url":"https:\/\/dicodusport.fr\/blog\/","logo":{"@type":"ImageObject","inLanguage":"fr-FR","@id":"https:\/\/dicodusport.fr\/blog\/#\/schema\/logo\/image\/","url":"https:\/\/dicodusport.fr\/blog\/wp-content\/uploads\/2020\/06\/cropped-LOGO-DICODUSPORT-2020-SANS-FOND-SANS-TEXTE.png","contentUrl":"https:\/\/dicodusport.fr\/blog\/wp-content\/uploads\/2020\/06\/cropped-LOGO-DICODUSPORT-2020-SANS-FOND-SANS-TEXTE.png","width":512,"height":512,"caption":"Dicodusport"},"image":{"@id":"https:\/\/dicodusport.fr\/blog\/#\/schema\/logo\/image\/"},"sameAs":["https:\/\/www.facebook.com\/dicodusport","https:\/\/x.com\/dicodusport","https:\/\/www.instagram.com\/dicodusport\/","https:\/\/www.youtube.com\/channel\/UC7V2KZ5sd3htJivAbA4ZG3w"],"description":"Dicodusport est l'encyclop\u00e9die de l'actualit\u00e9 sportive.","email":"bonjour@dicodusport.fr","legalName":"DICODUSPORT","foundingDate":"2018-01-14","vatID":"FR71834470973","taxID":"83447097300043","numberOfEmployees":{"@type":"QuantitativeValue","minValue":"1","maxValue":"10"}},{"@type":"Person","@id":"https:\/\/dicodusport.fr\/blog\/#\/schema\/person\/d603dd7da31fb2b46c82b9835a77ec13","name":"Etienne Goursaud","image":{"@type":"ImageObject","inLanguage":"fr-FR","@id":"https:\/\/dicodusport.fr\/blog\/#\/schema\/person\/image\/","url":"https:\/\/dicodusport.fr\/blog\/wp-content\/uploads\/2023\/12\/410122264_10231602061736049_5565839791558026645_n-150x150.jpg","contentUrl":"https:\/\/dicodusport.fr\/blog\/wp-content\/uploads\/2023\/12\/410122264_10231602061736049_5565839791558026645_n-150x150.jpg","caption":"Etienne Goursaud"},"description":"Journaliste et amoureux de sport. Ancien footballeur reconverti athl\u00e8te quand ses muscles le laissent tranquille. \u00c9lev\u00e9 \u00e0 la sauce des exploits de Thomas Voeckler en 2004, du dernier essai de l\u00e9gende de Eunice Barber \u00e0 la longueur lors des championnats du monde d'athl\u00e9tisme de 2003 mais aussi Zidane, Omeyer et Titou Lamaison.","url":"https:\/\/dicodusport.fr\/blog\/author\/etienne-goursaud\/"}]}},"_links":{"self":[{"href":"https:\/\/dicodusport.fr\/blog\/wp-json\/wp\/v2\/posts\/375216","targetHints":{"allow":["GET"]}}],"collection":[{"href":"https:\/\/dicodusport.fr\/blog\/wp-json\/wp\/v2\/posts"}],"about":[{"href":"https:\/\/dicodusport.fr\/blog\/wp-json\/wp\/v2\/types\/post"}],"author":[{"embeddable":true,"href":"https:\/\/dicodusport.fr\/blog\/wp-json\/wp\/v2\/users\/83"}],"replies":[{"embeddable":true,"href":"https:\/\/dicodusport.fr\/blog\/wp-json\/wp\/v2\/comments?post=375216"}],"version-history":[{"count":0,"href":"https:\/\/dicodusport.fr\/blog\/wp-json\/wp\/v2\/posts\/375216\/revisions"}],"wp:featuredmedia":[{"embeddable":true,"href":"https:\/\/dicodusport.fr\/blog\/wp-json\/wp\/v2\/media\/372410"}],"wp:attachment":[{"href":"https:\/\/dicodusport.fr\/blog\/wp-json\/wp\/v2\/media?parent=375216"}],"wp:term":[{"taxonomy":"category","embeddable":true,"href":"https:\/\/dicodusport.fr\/blog\/wp-json\/wp\/v2\/categories?post=375216"},{"taxonomy":"post_tag","embeddable":true,"href":"https:\/\/dicodusport.fr\/blog\/wp-json\/wp\/v2\/tags?post=375216"}],"curies":[{"name":"wp","href":"https:\/\/api.w.org\/{rel}","templated":true}]}}