{"id":375332,"date":"2023-04-23T09:20:38","date_gmt":"2023-04-23T07:20:38","guid":{"rendered":"https:\/\/dicodusport.fr\/blog\/?p=375332&#038;preview=true&#038;preview_id=375332"},"modified":"2023-04-23T09:20:52","modified_gmt":"2023-04-23T07:20:52","slug":"liege-bastogne-liege-2023-favoris-et-outsiders","status":"publish","type":"post","link":"https:\/\/dicodusport.fr\/blog\/liege-bastogne-liege-2023-favoris-et-outsiders\/","title":{"rendered":"Li\u00e8ge-Bastogne-Li\u00e8ge 2023 : Favoris et outsiders"},"content":{"rendered":"<p style=\"text-align: justify;\"><em><strong>LI\u00c8GE-BASTOGNE-LI\u00c8GE 2023 \u2013 Pour remporter le dernier Monument du printemps, plusieurs plans sont possibles pour arriver \u00e0 ses fins. Favoris et outsiders de Li\u00e8ge-Bastogne-Li\u00e8ge.<\/strong><\/em><\/p>\n<h2 style=\"text-align: justify;\">Les\u00a0aventuriers<\/h2>\n<p style=\"text-align: justify;\"><strong>Remco Evenepoel<\/strong> a remis au go\u00fbt du jour l&rsquo;offensive victorieuse loin de l&rsquo;arriv\u00e9e, l&rsquo;an dernier. Gr\u00e2ce \u00e0 un rythme effr\u00e9n\u00e9 de Vansevenant, le Belge a profit\u00e9 du replat en haut de La Redoute pour porter son attaque en costaud. En attendant le retour de ses \u00e9quipiers pour la poursuite, le futur champion du monde avait pris 30 secondes d&rsquo;avance vitales sur les autres favoris, en vue de son triomphe. Cette ann\u00e9e, il pourrait utiliser la m\u00eame strat\u00e9gie pour attaquer peu apr\u00e8s sur la nouvelle c\u00f4te. Puisqu&rsquo;une \u00e9quipe comme UAE Team Emirates sera bien arm\u00e9e.<\/p>\n<div class=\"vlp-link-container vlp-layout-article\"><a href=\"https:\/\/dicodusport.fr\/blog\/liege-bastogne-liege-2022-premier-monument-pour-remco-evenepoel\/\" class=\"vlp-link\" title=\"Li\u00e8ge-Bastogne-Li\u00e8ge 2022 : Premier Monument pour Remco Evenepoel !\"><\/a><div class=\"vlp-layout-zone-side\"><div class=\"vlp-block-4 vlp-link-image\"><img loading=\"lazy\" decoding=\"async\" style=\"max-width: 800px;\" width=\"800\" height=\"445\" src=\"https:\/\/dicodusport.fr\/blog\/wp-content\/uploads\/2022\/04\/Liege-Bastogne-Liege-2022-Premier-Monument-pour-Remco-Evenepoel-1.png\" class=\"attachment-800x445 size-800x445\" alt=\"Li\u00e8ge-Bastogne-Li\u00e8ge 2022 Premier Monument pour Remco Evenepoel ! (1)\" srcset=\"https:\/\/dicodusport.fr\/blog\/wp-content\/uploads\/2022\/04\/Liege-Bastogne-Liege-2022-Premier-Monument-pour-Remco-Evenepoel-1.png 800w, https:\/\/dicodusport.fr\/blog\/wp-content\/uploads\/2022\/04\/Liege-Bastogne-Liege-2022-Premier-Monument-pour-Remco-Evenepoel-1-300x167.png 300w, https:\/\/dicodusport.fr\/blog\/wp-content\/uploads\/2022\/04\/Liege-Bastogne-Liege-2022-Premier-Monument-pour-Remco-Evenepoel-1-768x427.png 768w\" sizes=\"auto, (max-width: 800px) 100vw, 800px\" \/><\/div><\/div><div class=\"vlp-layout-zone-main\"><div class=\"vlp-block-0 vlp-link-title\">Li\u00e8ge-Bastogne-Li\u00e8ge 2022 : Premier Monument pour Remco Evenepoel !<\/div><div class=\"vlp-block-1 vlp-link-summary\">CYCLISME SUR ROUTE 2022 \u2013 Parti au sommet de La Redoute, Remco Evenepoel (Quick-Step Alpha Vinyl) a remport\u00e9 la 108e \u00e9dition de Li\u00e8ge-Bastogne-Li\u00e8ge. Le coureur belge de 22 ans a devanc\u00e9 Quinten Hermans (Intermarch\u00e9 Wanty Gobert) et Wout Van Aert (Jumbo Visma). Remco Evenepoel a sauv\u00e9 le printemps plus que mitig\u00e9 de la formation de Patrick Lefevere, avec une Doyenne marqu\u00e9e aussi par la chute de Julian Alaphilippe.<\/div><div class=\"vlp-block-2 vlp-link-button\">Lire l'article<\/div><div class=\"vlp-block-3 vlp-link-url\">dicodusport.fr<\/div><\/div><\/div>\n<p style=\"text-align: justify;\">En parlant d&rsquo;UAE, <strong>Tadej Pogacar<\/strong> a montr\u00e9 lors de ses succ\u00e8s sur l&rsquo;<a href=\"https:\/\/dicodusport.fr\/blog\/classement-amstel-gold-race-2023\/\">Amstel Gold Race<\/a> et sur le <a href=\"https:\/\/dicodusport.fr\/blog\/classement-tour-des-flandres-2023\/\">Tour des Flandres<\/a> qu&rsquo;il devait partir de loin. Dans le but d&rsquo;user les organismes de ses rivaux. Et afin d&rsquo;arriver seul pour \u00e9viter les al\u00e9as du sprint. N\u00e9anmoins, contrairement \u00e0 Evenepoel, le Slov\u00e8ne s&rsquo;est impos\u00e9 \u00e0 Li\u00e8ge en 2021 gr\u00e2ce \u00e0 sa pointe de vitesse. Cependant, la longue campagne printani\u00e8re du nouvel ogre du cyclisme, pourrait lui peser dans les jambes. Le for\u00e7ant \u00e0 avoir une position plus passive.<\/p>\n<p style=\"text-align: justify;\">D&rsquo;autres coureurs pourraient suivre cette id\u00e9e d&rsquo;attaquer assez loin. C&rsquo;est le cas de <strong>Ben Healy<\/strong> et <strong>Neilson Powless <\/strong>(EF Education EasyPost). L&rsquo;Irlandais a une caisse suffisante pour un effort avec un confr\u00e8re de fugue pour une trentaine de kilom\u00e8tres. Alors que l&rsquo;Am\u00e9ricain, huiti\u00e8me l&rsquo;an dernier, n&rsquo;avait pas pu suivre le futur vainqueur l&rsquo;an dernier. Mais cette ann\u00e9e, Powless est beaucoup plus fort que l&rsquo;an dernier. \u00c0 voir comment ses deux r\u00e9centes chutes ont marqu\u00e9 son physique.<\/p>\n<p style=\"text-align: justify;\">Vainqueur des <a href=\"https:\/\/dicodusport.fr\/blog\/classement-strade-bianche-2023\/\">Strade Bianche<\/a> et offensif sur l&rsquo;Amstel Gold Race, <strong>Tom Pidcock<\/strong> a le temp\u00e9rament pour suivre Evenepoel et Pogacar. Avoir ces trois-l\u00e0 devant pourrait garantir du spectacle dans le final. M\u00eame si le Britannique semble un cran en-dessous des deux cadors. Enfin, on termine avec <strong>Alexey Lutsenko<\/strong>. Le Kazakh n&rsquo;a pas l&rsquo;\u00e9quipe pour le prot\u00e9ger dans le final et n&rsquo;a pas le punch suffisant pour faire exploser un favori.<\/p>\n<div class=\"vlp-link-container vlp-layout-article\"><a href=\"https:\/\/dicodusport.fr\/blog\/strade-bianche-2023-tom-pidcock-triomphe-devant-valentin-madouas\/\" class=\"vlp-link\" title=\"Strade Bianche 2023 : Tom Pidcock triomphe devant Valentin Madouas\"><\/a><div class=\"vlp-layout-zone-side\"><div class=\"vlp-block-4 vlp-link-image\"><img loading=\"lazy\" decoding=\"async\" style=\"max-width: 800px;\" width=\"800\" height=\"445\" src=\"https:\/\/dicodusport.fr\/blog\/wp-content\/uploads\/2023\/03\/Strade-Bianche-2023-Tom-Pidcock-triomphe-devant-Valentin-Madouas-1.png\" class=\"attachment-800x445 size-800x445\" alt=\"Strade Bianche 2023 Tom Pidcock triomphe devant Valentin Madouas (1)\" srcset=\"https:\/\/dicodusport.fr\/blog\/wp-content\/uploads\/2023\/03\/Strade-Bianche-2023-Tom-Pidcock-triomphe-devant-Valentin-Madouas-1.png 800w, https:\/\/dicodusport.fr\/blog\/wp-content\/uploads\/2023\/03\/Strade-Bianche-2023-Tom-Pidcock-triomphe-devant-Valentin-Madouas-1-300x167.png 300w, https:\/\/dicodusport.fr\/blog\/wp-content\/uploads\/2023\/03\/Strade-Bianche-2023-Tom-Pidcock-triomphe-devant-Valentin-Madouas-1-768x427.png 768w\" sizes=\"auto, (max-width: 800px) 100vw, 800px\" \/><\/div><\/div><div class=\"vlp-layout-zone-main\"><div class=\"vlp-block-0 vlp-link-title\">Strade Bianche 2023 : Tom Pidcock triomphe devant Valentin Madouas<\/div><div class=\"vlp-block-1 vlp-link-summary\">STRADE BIANCHE 2023 - Tom Pidcock (INEOS Grenadiers) a remport\u00e9 en solitaire la 16\u00e8me \u00e9dition Strade Bianche \u00e0 Sienne, ce samedi. Sur la Piazza del Campo, il a devanc\u00e9 Valentin Madouas (Groupama-FDJ) et Tiesj Benoot (Jumbo-Visma).<\/div><div class=\"vlp-block-2 vlp-link-button\">Lire l'article<\/div><div class=\"vlp-block-3 vlp-link-url\">dicodusport.fr<\/div><\/div><\/div>\n<h2 style=\"text-align: justify;\">Les chasseurs aux Faucons<\/h2>\n<p style=\"text-align: justify;\">Derni\u00e8re difficult\u00e9 de la course, la C\u00f4te de la La Roche-aux-Foucons est parfaite pour un puncheur-grimpeur. Certes, la c\u00f4te est dure sur un kilom\u00e8tre. Mais souvent, c&rsquo;est la portion au faux-plat montant apr\u00e8s le sommet qui permet de faire la diff\u00e9rence. Les jambes sont dures apr\u00e8s un effort intense. Celui ou ceux qui arrivent \u00e0 porter la seconde grosse acc\u00e9l\u00e9ration peuvent partir vers Li\u00e8ge, accompagn\u00e9s ou seul. Comme Jakob Fuglsang en 2019.<\/p>\n<p style=\"text-align: justify;\">Troisi\u00e8me en 2021, il va falloir un <strong>David Gaudu<\/strong> en mode Paris-Nice pour r\u00e9ussir \u00e0 faire la diff\u00e9rence. Le Breton n&rsquo;est peut-\u00eatre pas le plus fort, mais il se conna\u00eet parfaitement. Malheureusement, il a abandonn\u00e9 lors de ses deux derni\u00e8res courses pour cause d&rsquo;allergies. <strong>Mikel Landa<\/strong> a agr\u00e9ablement surpris sur une course d&rsquo;un jour avec son podium sur le Tour de Lombardie \u00e0 l&rsquo;automne dernier. Le grimpeur espagnol n&rsquo;a pas l&rsquo;attaque tranchante, mais il a cette capacit\u00e9 \u00e0 revenir de l&rsquo;arri\u00e8re pour porter cette petite attaque ou m\u00eame monter \u00e0 un train soutenu. Sa troisi\u00e8me place sur La Fl\u00e8che Wallonne montre ses nouvelles ambitions sur les courses d&rsquo;un jour.<\/p>\n<p style=\"text-align: justify;\">Dans le m\u00eame type de coureurs, on peut citer <strong>Giulio Ciccone, Adam Yates<\/strong>, <strong>Beno\u00eet Cosnefroy<\/strong> et <strong>Aleksandr Vlasov<\/strong>. L&rsquo;Italien est auteur d&rsquo;un superbe d\u00e9but de saison avec un temp\u00e9rament de feu, tandis que le Britannique sera le leader de rechange d&rsquo;UAE Team Emirates. N\u00e9anmoins, la formation \u00e9miratie peut utiliser la jurisprudence Jungels-Quick Step de 2018, en brouillant les cartes dans le final. Enfin, <strong>Beno\u00eet Cosnefroy<\/strong> va devoir s&rsquo;accrocher dans la premi\u00e8re portion avant de pouvoir jouer sa carte sur le haut de la difficult\u00e9. Le coureur d&rsquo;AG2R Citro\u00ebn pr\u00e9f\u00e8re les pourcentages mod\u00e9r\u00e9s, mais a \u00e9t\u00e9 malade ces derniers jours. Enfin, le Russe a montr\u00e9 de belles choses sur le Tour des Alpes cette semaine avant de quitter la course jeudi soir afin de rejoindre la Belgique.<\/p>\n<h2 style=\"text-align: justify;\">Les suiveurs<\/h2>\n<p style=\"text-align: justify;\">Connus pour leur r\u00e9gularit\u00e9 et moins pour leur panache, certains coureurs pourraient tirer leur \u00e9pingle du jeu. Le Canadien <strong>Michael Woods<\/strong> (2e en 2018, 5e en 2021 et 2019), le Colombien <strong>Sergio Higuita<\/strong> (5e en 2022), le Belge <strong>Tiesj Benoot<\/strong> (7e en 2021), le Danois <strong>Matthias Skjelmose Jensen<\/strong> et l&rsquo;Espagnol <strong>Pello Bilbao<\/strong> seront typiquement ce genre de coureurs. Le dernier coureur d&rsquo;une grappe de cinq ou six coureurs qui s&rsquo;est accroch\u00e9 \u00e0 l&rsquo;orgueil ou \u00e0 l&rsquo;\u00e9nergie.<\/p>\n<p style=\"text-align: justify;\">De plus, Higuita, Skjelmose Jensen et Bilbao ont une belle pointe de vitesse en cas d&rsquo;arriv\u00e9e dans un petit groupe. Higuita s&rsquo;est impos\u00e9 dans un sprint en petit comit\u00e9 sur le Tour du Pays Basque alors que Skjelmose et Bilbao ont brill\u00e9 en tout d\u00e9but de saison. Le Danois vient de monter sur la bo\u00eete sur le Mur de Huy alors que l&rsquo;Espagnol a fait l&rsquo;\u00e9quipier pour Landa pour son retour \u00e0 la comp\u00e9tition, apr\u00e8s une maladie sur le Tour du Pays Basque.<\/p>\n<div class=\"vlp-link-container vlp-layout-article\"><a href=\"https:\/\/dicodusport.fr\/blog\/tour-des-alpes-maritimes-et-du-var-2023-mattias-skjelmose-sadjuge-la-2eme-etape\/\" class=\"vlp-link\" title=\"Tour des Alpes-Maritimes et du Var 2023 : Mattias Skjelmose s&#039;adjuge la 2\u00e8me \u00e9tape\"><\/a><div class=\"vlp-layout-zone-side\"><div class=\"vlp-block-4 vlp-link-image\"><img loading=\"lazy\" decoding=\"async\" style=\"max-width: 800px;\" width=\"800\" height=\"445\" src=\"https:\/\/dicodusport.fr\/blog\/wp-content\/uploads\/2023\/02\/Tour-des-Alpes-Maritimes-et-du-Var-2023-Mattias-Skjelmose-sadjuge-la-2eme-etape-1.png\" class=\"attachment-800x445 size-800x445\" alt=\"Tour des Alpes-Maritimes et du Var 2023 Mattias Skjelmose s&#039;adjuge la 2\u00e8me \u00e9tape (1)\" srcset=\"https:\/\/dicodusport.fr\/blog\/wp-content\/uploads\/2023\/02\/Tour-des-Alpes-Maritimes-et-du-Var-2023-Mattias-Skjelmose-sadjuge-la-2eme-etape-1.png 800w, https:\/\/dicodusport.fr\/blog\/wp-content\/uploads\/2023\/02\/Tour-des-Alpes-Maritimes-et-du-Var-2023-Mattias-Skjelmose-sadjuge-la-2eme-etape-1-300x167.png 300w, https:\/\/dicodusport.fr\/blog\/wp-content\/uploads\/2023\/02\/Tour-des-Alpes-Maritimes-et-du-Var-2023-Mattias-Skjelmose-sadjuge-la-2eme-etape-1-768x427.png 768w\" sizes=\"auto, (max-width: 800px) 100vw, 800px\" \/><\/div><\/div><div class=\"vlp-layout-zone-main\"><div class=\"vlp-block-0 vlp-link-title\">Tour des Alpes-Maritimes et du Var 2023 : Mattias Skjelmose s'adjuge la 2\u00e8me \u00e9tape<\/div><div class=\"vlp-block-1 vlp-link-summary\">TOUR DES ALPES-MARITIMES ET DU VAR 2023 - Dans un final d\u00e9cousu, Mattias Skjelmose Jensen (Trek-Segafredo) remporte la deuxi\u00e8me \u00e9tape en anticipant l\u00e9g\u00e8rement le sprint. K\u00e9vin Vauquelin (Ark\u00e9a-Samsic) garde la tunique de leader.<\/div><div class=\"vlp-block-2 vlp-link-button\">Lire l'article<\/div><div class=\"vlp-block-3 vlp-link-url\">dicodusport.fr<\/div><\/div><\/div>\n<p style=\"text-align: justify;\">Enfin, Benoot sera le leader de la Jumbo-Visma en l&rsquo;absence de Primoz Roglic et Wout van Aert. Le Belge n&rsquo;a pas la pointe de vitesse pour s&rsquo;imposer et jouera sans doute plac\u00e9 au final. Cependant, la formation n\u00e9erlandaise peut jouer la carte <strong>Attila Valter<\/strong> (5e des Strade Bianche et 11e de La Fl\u00e8che Wallonne).<\/p>\n<h2>Les opportunistes<\/h2>\n<p style=\"text-align: justify;\">Incapables de suivre les meilleurs dans la C\u00f4te de la Roche-aux-Faucons, ils profiteront d&rsquo;une neutralisation des favoris et d&rsquo;un regroupement dans la descente sur Li\u00e8ge pour tenter leur chance gr\u00e2ce \u00e0 des atouts intrins\u00e8ques. <strong>Quinten Hermans<\/strong> avait fini deuxi\u00e8me la saison pass\u00e9e de cette fa\u00e7on, et pourrait s&rsquo;accrocher pour prendre une nouvelle place d&rsquo;honneur. <strong>Matej Mohoric<\/strong> avait profit\u00e9 de la descente pour revenir sur le groupe de t\u00eate afin de terminer quatri\u00e8me en 2020. N\u00e9anmoins, sa chute sur le Ronde a refroidi ses ardeurs.<\/p>\n<p style=\"text-align: justify;\">Cinqui\u00e8me en 2017, <strong>Ion Izagirre<\/strong> a le profil de coureur capable de produire un dernier effort dans le final pour recoller, \u00e0 moins que ce soit la carte <strong>Victor Lafay <\/strong>qui soit privil\u00e9gi\u00e9e. Bien s\u00fbr, n&rsquo;oublions pas le champion du monde de la discipline, <strong>Rui Costa<\/strong>. Le Portugais a fini troisi\u00e8me en 2016 et a retrouv\u00e9 une seconde jeunesse chez Intermarch\u00e9-Circus-Wanty.<\/p>\n<div class=\"vlp-link-container vlp-layout-article\"><a href=\"https:\/\/dicodusport.fr\/blog\/classic-grand-besancon-2023-victor-lafay-simpose-devant-lenny-martinez\/\" class=\"vlp-link\" title=\"Classic Grand Besan\u00e7on 2023 : Victor Lafay s&#039;impose devant Lenny Martinez\"><\/a><div class=\"vlp-layout-zone-side\"><div class=\"vlp-block-4 vlp-link-image\"><img loading=\"lazy\" decoding=\"async\" style=\"max-width: 800px;\" width=\"800\" height=\"445\" src=\"https:\/\/dicodusport.fr\/blog\/wp-content\/uploads\/2023\/04\/Classic-Grand-Besancon-2023-Victor-Lafay-simpose-devant-Lenny-Martinez.png\" class=\"attachment-800x445 size-800x445\" alt=\"Classic Grand Besan\u00e7on 2023 Victor Lafay s&#039;impose devant Lenny Martinez\" srcset=\"https:\/\/dicodusport.fr\/blog\/wp-content\/uploads\/2023\/04\/Classic-Grand-Besancon-2023-Victor-Lafay-simpose-devant-Lenny-Martinez.png 800w, https:\/\/dicodusport.fr\/blog\/wp-content\/uploads\/2023\/04\/Classic-Grand-Besancon-2023-Victor-Lafay-simpose-devant-Lenny-Martinez-300x167.png 300w, https:\/\/dicodusport.fr\/blog\/wp-content\/uploads\/2023\/04\/Classic-Grand-Besancon-2023-Victor-Lafay-simpose-devant-Lenny-Martinez-768x427.png 768w\" sizes=\"auto, (max-width: 800px) 100vw, 800px\" \/><\/div><\/div><div class=\"vlp-layout-zone-main\"><div class=\"vlp-block-0 vlp-link-title\">Classic Grand Besan\u00e7on 2023 : Victor Lafay s'impose devant Lenny Martinez<\/div><div class=\"vlp-block-1 vlp-link-summary\">CLASSIC GRAND BESAN\u00c7ON 2023 - Victor Lafay (Cofidis) s'est impos\u00e9 sur la troisi\u00e8me \u00e9dition de la Classic Grand Besan\u00e7on Doubs, ce vendredi 14 avril 2023. Il a devanc\u00e9 Lenny Martinez (Groupama-FDJ) et Roger Adria (Kern Pharma).\u00a0<\/div><div class=\"vlp-block-2 vlp-link-button\">Lire l'article<\/div><div class=\"vlp-block-3 vlp-link-url\">dicodusport.fr<\/div><\/div><\/div>\n<h2 style=\"text-align: justify;\">Au rang des interrogations<\/h2>\n<p style=\"text-align: justify;\">Bless\u00e9 au genou depuis le Tour des Flandres, <strong>Julian Alaphilippe<\/strong> aura peu de courses dans les jambes pour enfin inscrire son nom au palmar\u00e8s. Surtout qu&rsquo;au sein de son \u00e9quipe, il y a Remco Evenepoel. Dans le meilleur des mondes, si l&rsquo;attaque du Belge ne suffisait pas, Julian Alaphilippe porterait le coup final dans la derni\u00e8re bosse. D\u00e9cevant sur le Tour du Pays basque et Paris-Nice, <strong>Daniel Felipe Martinez<\/strong> est la grande question au sein d&rsquo;INEOS Grenadiers. Quatri\u00e8me l&rsquo;an dernier, le Colombien n&rsquo;a pas retrouv\u00e9 son punch.<\/p>\n<p style=\"text-align: justify;\">Apr\u00e8s une ann\u00e9e gal\u00e8re, <strong>Maximilian Schachmann<\/strong> n&rsquo;a pas non plus retrouv\u00e9 des sensations pour retrouver un podium qu&rsquo;il a connu en 2019. De son c\u00f4t\u00e9, <strong>Romain Bardet<\/strong> broie du noir depuis Paris-Nice. L&rsquo;Auvergnat a souvent brill\u00e9 sur La Doyenne (3e en 2018), mais il reste encore des doutes sur sa capacit\u00e9 \u00e0 faire la diff\u00e9rence aujourd&rsquo;hui face \u00e0 la jeune g\u00e9n\u00e9ration. Mais, mercredi, Romain a retrouv\u00e9 de la fraicheur mentale et physique, en faisant en top 10 sur la Fl\u00e8che Wallonne. De quoi le remettre dans le jeu dimanche ?<\/p>\n<h2 style=\"text-align: justify;\">\u00c0 lire aussi<\/h2>\n<ul>\n<li style=\"text-align: justify;\"><a href=\"https:\/\/dicodusport.fr\/blog\/liege-bastogne-liege-2023-parcours-et-profil\/\"><strong>Parcours et profil de Li\u00e8ge-Bastogne-Li\u00e8ge 2023<\/strong><\/a><\/li>\n<li style=\"text-align: justify;\"><a href=\"https:\/\/dicodusport.fr\/blog\/liege-bastogne-liege-2023-a-quelle-heure-et-sur-quelle-chaine-tv\/\"><strong>\u00c0 quelle heure et sur quelle cha\u00eene TV regarder Li\u00e8ge-Bastogne-Li\u00e8ge<\/strong><\/a><\/li>\n<li style=\"text-align: justify;\"><a href=\"https:\/\/dicodusport.fr\/blog\/liege-bastogne-liege-2023-les-engages\/\"><strong>Les engag\u00e9s de Li\u00e8ge-Bastogne-Li\u00e8ge 2023<\/strong><\/a><\/li>\n<\/ul>\n","protected":false},"excerpt":{"rendered":"<p>LI\u00c8GE-BASTOGNE-LI\u00c8GE 2023 \u2013 Pour remporter le dernier Monument du printemps, plusieurs plans sont possibles. Favoris et outsiders de Li\u00e8ge-Bastogne-Li\u00e8ge.<\/p>\n","protected":false},"author":48,"featured_media":376142,"comment_status":"open","ping_status":"closed","sticky":false,"template":"","format":"standard","meta":{"_acf_changed":false,"_daextam_enable_autolinks":"","footnotes":""},"categories":[46994],"tags":[3119,16878,4165],"class_list":["post-375332","post","type-post","status-publish","format-standard","has-post-thumbnail","hentry","category-cyclisme-sur-route","tag-actualite-cyclisme","tag-breve","tag-liege-bastogne-liege"],"acf":[],"yoast_head":"<!-- This site is optimized with the Yoast SEO Premium plugin v26.7 (Yoast SEO v26.7) - https:\/\/yoast.com\/wordpress\/plugins\/seo\/ -->\n<title>Li\u00e8ge-Bastogne-Li\u00e8ge 2023 : Favoris et outsiders<\/title>\n<meta name=\"description\" content=\"LI\u00c8GE-BASTOGNE-LI\u00c8GE 2023 \u2013 Pour remporter le dernier Monument du printemps, plusieurs plans sont possibles. Favoris et outsiders.\" \/>\n<meta name=\"robots\" content=\"index, follow, max-snippet:-1, max-image-preview:large, max-video-preview:-1\" \/>\n<link rel=\"canonical\" href=\"https:\/\/dicodusport.fr\/blog\/liege-bastogne-liege-2023-favoris-et-outsiders\/\" \/>\n<meta property=\"og:locale\" content=\"fr_FR\" \/>\n<meta property=\"og:type\" content=\"article\" \/>\n<meta property=\"og:title\" content=\"Li\u00e8ge-Bastogne-Li\u00e8ge 2023 : Favoris et outsiders\" \/>\n<meta property=\"og:description\" content=\"LI\u00c8GE-BASTOGNE-LI\u00c8GE 2023 \u2013 Pour remporter le dernier Monument du printemps, plusieurs plans sont possibles. Favoris et outsiders.\" \/>\n<meta property=\"og:url\" content=\"https:\/\/dicodusport.fr\/blog\/liege-bastogne-liege-2023-favoris-et-outsiders\/\" \/>\n<meta property=\"og:site_name\" content=\"Dicodusport\" \/>\n<meta property=\"article:publisher\" content=\"https:\/\/www.facebook.com\/dicodusport\" \/>\n<meta property=\"article:author\" content=\"https:\/\/www.facebook.com\/groups\/LesRoisDuPeloton\" \/>\n<meta property=\"article:published_time\" content=\"2023-04-23T07:20:38+00:00\" \/>\n<meta property=\"article:modified_time\" content=\"2023-04-23T07:20:52+00:00\" \/>\n<meta property=\"og:image\" content=\"https:\/\/dicodusport.fr\/blog\/wp-content\/uploads\/2023\/04\/Liege-Bastogne-Liege-2023-Favoris-et-outsiders.png\" \/>\n\t<meta property=\"og:image:width\" content=\"800\" \/>\n\t<meta property=\"og:image:height\" content=\"445\" \/>\n\t<meta property=\"og:image:type\" content=\"image\/png\" \/>\n<meta name=\"author\" content=\"Emilien Descampiaux\" \/>\n<meta name=\"twitter:card\" content=\"summary_large_image\" \/>\n<meta name=\"twitter:title\" content=\"Li\u00e8ge-Bastogne-Li\u00e8ge 2023 : Favoris et outsiders\" \/>\n<meta name=\"twitter:creator\" content=\"@https:\/\/twitter.com\/LRoisDuPeloton\" \/>\n<meta name=\"twitter:site\" content=\"@dicodusport\" \/>\n<script type=\"application\/ld+json\" class=\"yoast-schema-graph\">{\"@context\":\"https:\/\/schema.org\",\"@graph\":[{\"@type\":\"NewsArticle\",\"@id\":\"https:\/\/dicodusport.fr\/blog\/liege-bastogne-liege-2023-favoris-et-outsiders\/#article\",\"isPartOf\":{\"@id\":\"https:\/\/dicodusport.fr\/blog\/liege-bastogne-liege-2023-favoris-et-outsiders\/\"},\"author\":{\"name\":\"Emilien Descampiaux\",\"@id\":\"https:\/\/dicodusport.fr\/blog\/#\/schema\/person\/6db4bae06b171592211be385b32876a7\"},\"headline\":\"Li\u00e8ge-Bastogne-Li\u00e8ge 2023 : Favoris et outsiders\",\"datePublished\":\"2023-04-23T07:20:38+00:00\",\"dateModified\":\"2023-04-23T07:20:52+00:00\",\"mainEntityOfPage\":{\"@id\":\"https:\/\/dicodusport.fr\/blog\/liege-bastogne-liege-2023-favoris-et-outsiders\/\"},\"wordCount\":1757,\"commentCount\":0,\"publisher\":{\"@id\":\"https:\/\/dicodusport.fr\/blog\/#organization\"},\"image\":{\"@id\":\"https:\/\/dicodusport.fr\/blog\/liege-bastogne-liege-2023-favoris-et-outsiders\/#primaryimage\"},\"thumbnailUrl\":\"https:\/\/dicodusport.fr\/blog\/wp-content\/uploads\/2023\/04\/Liege-Bastogne-Liege-2023-Favoris-et-outsiders.png\",\"keywords\":[\"Actualit\u00e9 Cyclisme\",\"br\u00e8ve\",\"Li\u00e8ge-Bastogne-Li\u00e8ge\"],\"articleSection\":[\"Cyclisme sur route\"],\"inLanguage\":\"fr-FR\",\"potentialAction\":[{\"@type\":\"CommentAction\",\"name\":\"Comment\",\"target\":[\"https:\/\/dicodusport.fr\/blog\/liege-bastogne-liege-2023-favoris-et-outsiders\/#respond\"]}],\"copyrightYear\":\"2023\",\"copyrightHolder\":{\"@id\":\"https:\/\/dicodusport.fr\/blog\/#organization\"}},{\"@type\":\"WebPage\",\"@id\":\"https:\/\/dicodusport.fr\/blog\/liege-bastogne-liege-2023-favoris-et-outsiders\/\",\"url\":\"https:\/\/dicodusport.fr\/blog\/liege-bastogne-liege-2023-favoris-et-outsiders\/\",\"name\":\"Li\u00e8ge-Bastogne-Li\u00e8ge 2023 : Favoris et outsiders\",\"isPartOf\":{\"@id\":\"https:\/\/dicodusport.fr\/blog\/#website\"},\"primaryImageOfPage\":{\"@id\":\"https:\/\/dicodusport.fr\/blog\/liege-bastogne-liege-2023-favoris-et-outsiders\/#primaryimage\"},\"image\":{\"@id\":\"https:\/\/dicodusport.fr\/blog\/liege-bastogne-liege-2023-favoris-et-outsiders\/#primaryimage\"},\"thumbnailUrl\":\"https:\/\/dicodusport.fr\/blog\/wp-content\/uploads\/2023\/04\/Liege-Bastogne-Liege-2023-Favoris-et-outsiders.png\",\"datePublished\":\"2023-04-23T07:20:38+00:00\",\"dateModified\":\"2023-04-23T07:20:52+00:00\",\"description\":\"LI\u00c8GE-BASTOGNE-LI\u00c8GE 2023 \u2013 Pour remporter le dernier Monument du printemps, plusieurs plans sont possibles. Favoris et outsiders.\",\"breadcrumb\":{\"@id\":\"https:\/\/dicodusport.fr\/blog\/liege-bastogne-liege-2023-favoris-et-outsiders\/#breadcrumb\"},\"inLanguage\":\"fr-FR\",\"potentialAction\":[{\"@type\":\"ReadAction\",\"target\":[\"https:\/\/dicodusport.fr\/blog\/liege-bastogne-liege-2023-favoris-et-outsiders\/\"]}]},{\"@type\":\"ImageObject\",\"inLanguage\":\"fr-FR\",\"@id\":\"https:\/\/dicodusport.fr\/blog\/liege-bastogne-liege-2023-favoris-et-outsiders\/#primaryimage\",\"url\":\"https:\/\/dicodusport.fr\/blog\/wp-content\/uploads\/2023\/04\/Liege-Bastogne-Liege-2023-Favoris-et-outsiders.png\",\"contentUrl\":\"https:\/\/dicodusport.fr\/blog\/wp-content\/uploads\/2023\/04\/Liege-Bastogne-Liege-2023-Favoris-et-outsiders.png\",\"width\":800,\"height\":445,\"caption\":\"Li\u00e8ge-Bastogne-Li\u00e8ge 2023 Favoris et outsiders\"},{\"@type\":\"BreadcrumbList\",\"@id\":\"https:\/\/dicodusport.fr\/blog\/liege-bastogne-liege-2023-favoris-et-outsiders\/#breadcrumb\",\"itemListElement\":[{\"@type\":\"ListItem\",\"position\":1,\"name\":\"Accueil\",\"item\":\"https:\/\/dicodusport.fr\/blog\/\"},{\"@type\":\"ListItem\",\"position\":2,\"name\":\"Li\u00e8ge-Bastogne-Li\u00e8ge 2023 : Favoris et outsiders\"}]},{\"@type\":\"WebSite\",\"@id\":\"https:\/\/dicodusport.fr\/blog\/#website\",\"url\":\"https:\/\/dicodusport.fr\/blog\/\",\"name\":\"Dicodusport\",\"description\":\"L&#039;encyclop\u00e9die de l&#039;actualit\u00e9 sportive\",\"publisher\":{\"@id\":\"https:\/\/dicodusport.fr\/blog\/#organization\"},\"potentialAction\":[{\"@type\":\"SearchAction\",\"target\":{\"@type\":\"EntryPoint\",\"urlTemplate\":\"https:\/\/dicodusport.fr\/blog\/?s={search_term_string}\"},\"query-input\":{\"@type\":\"PropertyValueSpecification\",\"valueRequired\":true,\"valueName\":\"search_term_string\"}}],\"inLanguage\":\"fr-FR\"},{\"@type\":\"NewsMediaOrganization\",\"@id\":\"https:\/\/dicodusport.fr\/blog\/#organization\",\"name\":\"Dicodusport\",\"url\":\"https:\/\/dicodusport.fr\/blog\/\",\"logo\":{\"@type\":\"ImageObject\",\"inLanguage\":\"fr-FR\",\"@id\":\"https:\/\/dicodusport.fr\/blog\/#\/schema\/logo\/image\/\",\"url\":\"https:\/\/dicodusport.fr\/blog\/wp-content\/uploads\/2020\/06\/cropped-LOGO-DICODUSPORT-2020-SANS-FOND-SANS-TEXTE.png\",\"contentUrl\":\"https:\/\/dicodusport.fr\/blog\/wp-content\/uploads\/2020\/06\/cropped-LOGO-DICODUSPORT-2020-SANS-FOND-SANS-TEXTE.png\",\"width\":512,\"height\":512,\"caption\":\"Dicodusport\"},\"image\":{\"@id\":\"https:\/\/dicodusport.fr\/blog\/#\/schema\/logo\/image\/\"},\"sameAs\":[\"https:\/\/www.facebook.com\/dicodusport\",\"https:\/\/x.com\/dicodusport\",\"https:\/\/www.instagram.com\/dicodusport\/\",\"https:\/\/www.youtube.com\/channel\/UC7V2KZ5sd3htJivAbA4ZG3w\"],\"description\":\"Dicodusport est l'encyclop\u00e9die de l'actualit\u00e9 sportive.\",\"email\":\"bonjour@dicodusport.fr\",\"legalName\":\"DICODUSPORT\",\"foundingDate\":\"2018-01-14\",\"vatID\":\"FR71834470973\",\"taxID\":\"83447097300043\",\"numberOfEmployees\":{\"@type\":\"QuantitativeValue\",\"minValue\":\"1\",\"maxValue\":\"10\"}},{\"@type\":\"Person\",\"@id\":\"https:\/\/dicodusport.fr\/blog\/#\/schema\/person\/6db4bae06b171592211be385b32876a7\",\"name\":\"Emilien Descampiaux\",\"image\":{\"@type\":\"ImageObject\",\"inLanguage\":\"fr-FR\",\"@id\":\"https:\/\/dicodusport.fr\/blog\/#\/schema\/person\/image\/\",\"url\":\"https:\/\/dicodusport.fr\/blog\/wp-content\/uploads\/2021\/05\/Emilien-Descampiaux-150x150.jpg\",\"contentUrl\":\"https:\/\/dicodusport.fr\/blog\/wp-content\/uploads\/2021\/05\/Emilien-Descampiaux-150x150.jpg\",\"caption\":\"Emilien Descampiaux\"},\"description\":\"Journaliste\/r\u00e9dacteur depuis 2014 - Fan de la classe de Frank Vandenbroucke, je vis cyclisme (et de ses paysages) depuis plus de 20 ans. Je suis tr\u00e8s impliqu\u00e9 sur mes diff\u00e9rents r\u00e9seaux sociaux pour partager ma passion sur le monde et l'Histoire de la bicyclette avec ma voix sur les images en noir et blanc du succ\u00e8s de Rik Van Steenbergen lors du Ronde sur le V\u00e9lodrome de Gand.\",\"sameAs\":[\"https:\/\/www.facebook.com\/groups\/LesRoisDuPeloton\",\"https:\/\/x.com\/https:\/\/twitter.com\/LRoisDuPeloton\"],\"url\":\"https:\/\/dicodusport.fr\/blog\/author\/emiliend\/\"}]}<\/script>\n<!-- \/ Yoast SEO Premium plugin. -->","yoast_head_json":{"title":"Li\u00e8ge-Bastogne-Li\u00e8ge 2023 : Favoris et outsiders","description":"LI\u00c8GE-BASTOGNE-LI\u00c8GE 2023 \u2013 Pour remporter le dernier Monument du printemps, plusieurs plans sont possibles. Favoris et outsiders.","robots":{"index":"index","follow":"follow","max-snippet":"max-snippet:-1","max-image-preview":"max-image-preview:large","max-video-preview":"max-video-preview:-1"},"canonical":"https:\/\/dicodusport.fr\/blog\/liege-bastogne-liege-2023-favoris-et-outsiders\/","og_locale":"fr_FR","og_type":"article","og_title":"Li\u00e8ge-Bastogne-Li\u00e8ge 2023 : Favoris et outsiders","og_description":"LI\u00c8GE-BASTOGNE-LI\u00c8GE 2023 \u2013 Pour remporter le dernier Monument du printemps, plusieurs plans sont possibles. Favoris et outsiders.","og_url":"https:\/\/dicodusport.fr\/blog\/liege-bastogne-liege-2023-favoris-et-outsiders\/","og_site_name":"Dicodusport","article_publisher":"https:\/\/www.facebook.com\/dicodusport","article_author":"https:\/\/www.facebook.com\/groups\/LesRoisDuPeloton","article_published_time":"2023-04-23T07:20:38+00:00","article_modified_time":"2023-04-23T07:20:52+00:00","og_image":[{"width":800,"height":445,"url":"https:\/\/dicodusport.fr\/blog\/wp-content\/uploads\/2023\/04\/Liege-Bastogne-Liege-2023-Favoris-et-outsiders.png","type":"image\/png"}],"author":"Emilien Descampiaux","twitter_card":"summary_large_image","twitter_title":"Li\u00e8ge-Bastogne-Li\u00e8ge 2023 : Favoris et outsiders","twitter_creator":"@https:\/\/twitter.com\/LRoisDuPeloton","twitter_site":"@dicodusport","schema":{"@context":"https:\/\/schema.org","@graph":[{"@type":"NewsArticle","@id":"https:\/\/dicodusport.fr\/blog\/liege-bastogne-liege-2023-favoris-et-outsiders\/#article","isPartOf":{"@id":"https:\/\/dicodusport.fr\/blog\/liege-bastogne-liege-2023-favoris-et-outsiders\/"},"author":{"name":"Emilien Descampiaux","@id":"https:\/\/dicodusport.fr\/blog\/#\/schema\/person\/6db4bae06b171592211be385b32876a7"},"headline":"Li\u00e8ge-Bastogne-Li\u00e8ge 2023 : Favoris et outsiders","datePublished":"2023-04-23T07:20:38+00:00","dateModified":"2023-04-23T07:20:52+00:00","mainEntityOfPage":{"@id":"https:\/\/dicodusport.fr\/blog\/liege-bastogne-liege-2023-favoris-et-outsiders\/"},"wordCount":1757,"commentCount":0,"publisher":{"@id":"https:\/\/dicodusport.fr\/blog\/#organization"},"image":{"@id":"https:\/\/dicodusport.fr\/blog\/liege-bastogne-liege-2023-favoris-et-outsiders\/#primaryimage"},"thumbnailUrl":"https:\/\/dicodusport.fr\/blog\/wp-content\/uploads\/2023\/04\/Liege-Bastogne-Liege-2023-Favoris-et-outsiders.png","keywords":["Actualit\u00e9 Cyclisme","br\u00e8ve","Li\u00e8ge-Bastogne-Li\u00e8ge"],"articleSection":["Cyclisme sur route"],"inLanguage":"fr-FR","potentialAction":[{"@type":"CommentAction","name":"Comment","target":["https:\/\/dicodusport.fr\/blog\/liege-bastogne-liege-2023-favoris-et-outsiders\/#respond"]}],"copyrightYear":"2023","copyrightHolder":{"@id":"https:\/\/dicodusport.fr\/blog\/#organization"}},{"@type":"WebPage","@id":"https:\/\/dicodusport.fr\/blog\/liege-bastogne-liege-2023-favoris-et-outsiders\/","url":"https:\/\/dicodusport.fr\/blog\/liege-bastogne-liege-2023-favoris-et-outsiders\/","name":"Li\u00e8ge-Bastogne-Li\u00e8ge 2023 : Favoris et outsiders","isPartOf":{"@id":"https:\/\/dicodusport.fr\/blog\/#website"},"primaryImageOfPage":{"@id":"https:\/\/dicodusport.fr\/blog\/liege-bastogne-liege-2023-favoris-et-outsiders\/#primaryimage"},"image":{"@id":"https:\/\/dicodusport.fr\/blog\/liege-bastogne-liege-2023-favoris-et-outsiders\/#primaryimage"},"thumbnailUrl":"https:\/\/dicodusport.fr\/blog\/wp-content\/uploads\/2023\/04\/Liege-Bastogne-Liege-2023-Favoris-et-outsiders.png","datePublished":"2023-04-23T07:20:38+00:00","dateModified":"2023-04-23T07:20:52+00:00","description":"LI\u00c8GE-BASTOGNE-LI\u00c8GE 2023 \u2013 Pour remporter le dernier Monument du printemps, plusieurs plans sont possibles. Favoris et outsiders.","breadcrumb":{"@id":"https:\/\/dicodusport.fr\/blog\/liege-bastogne-liege-2023-favoris-et-outsiders\/#breadcrumb"},"inLanguage":"fr-FR","potentialAction":[{"@type":"ReadAction","target":["https:\/\/dicodusport.fr\/blog\/liege-bastogne-liege-2023-favoris-et-outsiders\/"]}]},{"@type":"ImageObject","inLanguage":"fr-FR","@id":"https:\/\/dicodusport.fr\/blog\/liege-bastogne-liege-2023-favoris-et-outsiders\/#primaryimage","url":"https:\/\/dicodusport.fr\/blog\/wp-content\/uploads\/2023\/04\/Liege-Bastogne-Liege-2023-Favoris-et-outsiders.png","contentUrl":"https:\/\/dicodusport.fr\/blog\/wp-content\/uploads\/2023\/04\/Liege-Bastogne-Liege-2023-Favoris-et-outsiders.png","width":800,"height":445,"caption":"Li\u00e8ge-Bastogne-Li\u00e8ge 2023 Favoris et outsiders"},{"@type":"BreadcrumbList","@id":"https:\/\/dicodusport.fr\/blog\/liege-bastogne-liege-2023-favoris-et-outsiders\/#breadcrumb","itemListElement":[{"@type":"ListItem","position":1,"name":"Accueil","item":"https:\/\/dicodusport.fr\/blog\/"},{"@type":"ListItem","position":2,"name":"Li\u00e8ge-Bastogne-Li\u00e8ge 2023 : Favoris et outsiders"}]},{"@type":"WebSite","@id":"https:\/\/dicodusport.fr\/blog\/#website","url":"https:\/\/dicodusport.fr\/blog\/","name":"Dicodusport","description":"L&#039;encyclop\u00e9die de l&#039;actualit\u00e9 sportive","publisher":{"@id":"https:\/\/dicodusport.fr\/blog\/#organization"},"potentialAction":[{"@type":"SearchAction","target":{"@type":"EntryPoint","urlTemplate":"https:\/\/dicodusport.fr\/blog\/?s={search_term_string}"},"query-input":{"@type":"PropertyValueSpecification","valueRequired":true,"valueName":"search_term_string"}}],"inLanguage":"fr-FR"},{"@type":"NewsMediaOrganization","@id":"https:\/\/dicodusport.fr\/blog\/#organization","name":"Dicodusport","url":"https:\/\/dicodusport.fr\/blog\/","logo":{"@type":"ImageObject","inLanguage":"fr-FR","@id":"https:\/\/dicodusport.fr\/blog\/#\/schema\/logo\/image\/","url":"https:\/\/dicodusport.fr\/blog\/wp-content\/uploads\/2020\/06\/cropped-LOGO-DICODUSPORT-2020-SANS-FOND-SANS-TEXTE.png","contentUrl":"https:\/\/dicodusport.fr\/blog\/wp-content\/uploads\/2020\/06\/cropped-LOGO-DICODUSPORT-2020-SANS-FOND-SANS-TEXTE.png","width":512,"height":512,"caption":"Dicodusport"},"image":{"@id":"https:\/\/dicodusport.fr\/blog\/#\/schema\/logo\/image\/"},"sameAs":["https:\/\/www.facebook.com\/dicodusport","https:\/\/x.com\/dicodusport","https:\/\/www.instagram.com\/dicodusport\/","https:\/\/www.youtube.com\/channel\/UC7V2KZ5sd3htJivAbA4ZG3w"],"description":"Dicodusport est l'encyclop\u00e9die de l'actualit\u00e9 sportive.","email":"bonjour@dicodusport.fr","legalName":"DICODUSPORT","foundingDate":"2018-01-14","vatID":"FR71834470973","taxID":"83447097300043","numberOfEmployees":{"@type":"QuantitativeValue","minValue":"1","maxValue":"10"}},{"@type":"Person","@id":"https:\/\/dicodusport.fr\/blog\/#\/schema\/person\/6db4bae06b171592211be385b32876a7","name":"Emilien Descampiaux","image":{"@type":"ImageObject","inLanguage":"fr-FR","@id":"https:\/\/dicodusport.fr\/blog\/#\/schema\/person\/image\/","url":"https:\/\/dicodusport.fr\/blog\/wp-content\/uploads\/2021\/05\/Emilien-Descampiaux-150x150.jpg","contentUrl":"https:\/\/dicodusport.fr\/blog\/wp-content\/uploads\/2021\/05\/Emilien-Descampiaux-150x150.jpg","caption":"Emilien Descampiaux"},"description":"Journaliste\/r\u00e9dacteur depuis 2014 - Fan de la classe de Frank Vandenbroucke, je vis cyclisme (et de ses paysages) depuis plus de 20 ans. Je suis tr\u00e8s impliqu\u00e9 sur mes diff\u00e9rents r\u00e9seaux sociaux pour partager ma passion sur le monde et l'Histoire de la bicyclette avec ma voix sur les images en noir et blanc du succ\u00e8s de Rik Van Steenbergen lors du Ronde sur le V\u00e9lodrome de Gand.","sameAs":["https:\/\/www.facebook.com\/groups\/LesRoisDuPeloton","https:\/\/x.com\/https:\/\/twitter.com\/LRoisDuPeloton"],"url":"https:\/\/dicodusport.fr\/blog\/author\/emiliend\/"}]}},"_links":{"self":[{"href":"https:\/\/dicodusport.fr\/blog\/wp-json\/wp\/v2\/posts\/375332","targetHints":{"allow":["GET"]}}],"collection":[{"href":"https:\/\/dicodusport.fr\/blog\/wp-json\/wp\/v2\/posts"}],"about":[{"href":"https:\/\/dicodusport.fr\/blog\/wp-json\/wp\/v2\/types\/post"}],"author":[{"embeddable":true,"href":"https:\/\/dicodusport.fr\/blog\/wp-json\/wp\/v2\/users\/48"}],"replies":[{"embeddable":true,"href":"https:\/\/dicodusport.fr\/blog\/wp-json\/wp\/v2\/comments?post=375332"}],"version-history":[{"count":0,"href":"https:\/\/dicodusport.fr\/blog\/wp-json\/wp\/v2\/posts\/375332\/revisions"}],"wp:featuredmedia":[{"embeddable":true,"href":"https:\/\/dicodusport.fr\/blog\/wp-json\/wp\/v2\/media\/376142"}],"wp:attachment":[{"href":"https:\/\/dicodusport.fr\/blog\/wp-json\/wp\/v2\/media?parent=375332"}],"wp:term":[{"taxonomy":"category","embeddable":true,"href":"https:\/\/dicodusport.fr\/blog\/wp-json\/wp\/v2\/categories?post=375332"},{"taxonomy":"post_tag","embeddable":true,"href":"https:\/\/dicodusport.fr\/blog\/wp-json\/wp\/v2\/tags?post=375332"}],"curies":[{"name":"wp","href":"https:\/\/api.w.org\/{rel}","templated":true}]}}