{"id":375523,"date":"2023-04-19T16:25:50","date_gmt":"2023-04-19T14:25:50","guid":{"rendered":"https:\/\/dicodusport.fr\/blog\/?p=375523&#038;preview=true&#038;preview_id=375523"},"modified":"2023-04-19T20:10:37","modified_gmt":"2023-04-19T18:10:37","slug":"la-fleche-wallonne-2023-tadej-pogacar-en-patron","status":"publish","type":"post","link":"https:\/\/dicodusport.fr\/blog\/la-fleche-wallonne-2023-tadej-pogacar-en-patron\/","title":{"rendered":"La Fl\u00e8che Wallonne 2023 : Tadej Pogacar en patron"},"content":{"rendered":"<p style=\"text-align: justify;\"><strong><em>LA FL\u00c8CHE WALLONNE 2023 &#8211; Tadej Pogacar (UAE Team Emirates) a gagn\u00e9 la 87\u00e8me \u00e9dition de la Fl\u00e8che Wallonne apr\u00e8s 194,2 kilom\u00e8tres de course entre Herve et Huy, en Belgique. Il a devanc\u00e9 Mattias Skjelmose Jensen (Trek Segafredo) et Mikel Landa (Bahrain Victorious).\u00a0<\/em><\/strong><\/p>\n<p style=\"text-align: justify;\">194,2 kilom\u00e8tres \u00e9taient au programme de cette 87e \u00e9dition de la <strong>Fl\u00e8che Wallonne<\/strong>, avec 11 c\u00f4tes \u00e0 gravir dans les Ardennes belges, dont trois fois le c\u00e9l\u00e8bre et difficile Mur de Huy. Ce dernier a fait office d&rsquo;arriv\u00e9e comme depuis 1985 avec un sc\u00e9nario classique avec une arriv\u00e9e en c\u00f4te.<\/p>\n<p style=\"text-align: justify;\">D&rsquo;abord, <strong>Jai Hindley<\/strong> (Bora-Hansgrohe) et <strong>Beno\u00eet Cosnefroy<\/strong> (AG2R Citro\u00ebn) n&rsquo;ont pas pris le d\u00e9part de la course. Ensuite, huit coureurs ont form\u00e9 l&rsquo;\u00e9chapp\u00e9e du jour : <strong>Daryl Impey<\/strong> (Israel Premier Tech), <strong>Lawrence Naesen<\/strong> (AG2R Citro\u00ebn), <strong>Georg Zimmermann<\/strong> (Intermarch\u00e9 Circus Wanty), <strong>Jacob Hindsgaul<\/strong> (Uno X Pro Cycling), <strong>Soren Kragh Andersen<\/strong> (Alpecin Deceuninck), <strong>Johan Meens<\/strong> (Bingoal WB), <strong>Jetse Bol<\/strong> (Burgos BH) et <strong>Ra\u00fal Garc\u00eda Perna<\/strong> (Kern Pharma). Ces attaquants ont eu jusqu&rsquo;\u00e0 plus de 3 minutes 30 d&rsquo;avance sur le peloton apr\u00e8s 60 kilom\u00e8tres de course, avant que l&rsquo;\u00e9quipe INEOS Grenadiers ne prenne en main la poursuite.<\/p>\n<h2 style=\"text-align: justify;\">UAE Team Emirates contr\u00f4le la course<\/h2>\n<p style=\"text-align: justify;\">Malade, <strong>David Gaudu<\/strong> (Groupama FDJ) a malheureusement abandonn\u00e9 avant la premi\u00e8re ascension du Mur de Huy, alors que l&rsquo;\u00e9cart du peloton est pass\u00e9 sous la minute 30. Puis, la formation UAE Team Emirates a g\u00e9r\u00e9 l&rsquo;\u00e9cart pendant de longs kilom\u00e8tres. L\u00e2ch\u00e9 dans le Mur de Huy, <strong>Lawrence Naesen<\/strong> (AG2R Citro\u00ebn) a \u00e9t\u00e9 rapidement aval\u00e9 par le peloton. Par la suite, <strong>Soren Kragh Andersen<\/strong> (Alpecin Deceuninck) et <strong>Georg Zimmermann<\/strong> (Intermarch\u00e9-Circus-Wanty) se sont extraits du groupe de t\u00eate \u00e0 55 kilom\u00e8tres de l&rsquo;arriv\u00e9e tandis que <strong>Pieter Serry<\/strong> (Soudal-Quick-Step) est pass\u00e9 \u00e0 l&rsquo;attaque dans la C\u00f4te d&rsquo;Ereffe. Mais, le coureur belge a \u00e9t\u00e9 rapidement repris par le peloton.<\/p>\n<p style=\"text-align: justify;\">Dans la deuxi\u00e8me ascension du Mur de Huy \u00e0 37 kilom\u00e8tres de l&rsquo;arriv\u00e9e, <strong>Samuele Battistella<\/strong> (Astana Qazaqstan) est sorti du peloton. Le champion du monde sur route espoirs 2019 a \u00e9t\u00e9 rejoint, peu apr\u00e8s, par <strong>Louis Vervaeke<\/strong> (Soudal Quick-Step). Ce duo est revenu en cinq kilom\u00e8tres sur les deux hommes de t\u00eate. Alors, l&rsquo;\u00e9quipe EF Education EasyPost a pris les commandes du peloton avec une trentaine de secondes de retard. Malheureusement, <strong>Neilson Powless<\/strong> (EF Education EasyPost) et <strong>Andreas Kron<\/strong> (Lotto Dstny) ont \u00e9t\u00e9 pris dans une chute collective.<\/p>\n<blockquote class=\"twitter-tweet\">\n<p dir=\"ltr\" lang=\"fr\"><a href=\"https:\/\/twitter.com\/hashtag\/FlecheWallonne?src=hash&amp;ref_src=twsrc%5Etfw\">#FlecheWallonne<\/a> | \ud83d\udeb4 Chute dans le peloton \ud83d\udca5 ! Nelson Pawless, l&rsquo;un des outsiders du jour, est tomb\u00e9.<\/p>\n<p>\u25b6\ufe0f Suivez la Fl\u00e8che wallonne en direct : <a href=\"https:\/\/t.co\/oM04l8uymB\">https:\/\/t.co\/oM04l8uymB<\/a> <a href=\"https:\/\/t.co\/SyOQ88NNCV\">pic.twitter.com\/SyOQ88NNCV<\/a><\/p>\n<p>\u2014 francetvsport (@francetvsport) <a href=\"https:\/\/twitter.com\/francetvsport\/status\/1648686918685671429?ref_src=twsrc%5Etfw\">April 19, 2023<\/a><\/p><\/blockquote>\n<p><script async src=\"https:\/\/platform.twitter.com\/widgets.js\" charset=\"utf-8\"><\/script><\/p>\n<h2 style=\"text-align: justify;\">UAE Team Emirates bloque les initiatives<\/h2>\n<p style=\"text-align: justify;\">Dans la C\u00f4te d&rsquo;Ereffe, <strong>Sam Oomen<\/strong> (Jumbo Visma) a port\u00e9 une acc\u00e9l\u00e9ration. Mais, cette initiative a \u00e9t\u00e9 vite calm\u00e9e par \u00e9quipier de <strong>Tadej Pogacar<\/strong> (UAE Team Emirates). Devant, <strong>Georg Zimmermann<\/strong> (Intermarch\u00e9 Circus Wanty) a \u00e9t\u00e9 l\u00e2ch\u00e9 du groupe de t\u00eate dans cette bosse, \u00e0 19 kilom\u00e8tres de l&rsquo;arriv\u00e9e. <strong>Diego Ulissi<\/strong> (UAE Team Emirates) a alors impos\u00e9 \u00e0 rythme d&rsquo;enfer dans la C\u00f4te de Cherave alors que <strong>Louis Vervaeke<\/strong> (Soudal Quick-Step) a l\u00e2ch\u00e9 ses compagnons de fugue.<\/p>\n<p style=\"text-align: justify;\">Le grimpeur belge a \u00e9t\u00e9 repris au pied du Mur de Huy par un peloton d&rsquo;une soixantaine de coureurs. <strong>Michael Woods<\/strong> (Israel Premier Tech) a pris les devants dans les plus forts pourcentages. \u00c0 400 m\u00e8tres de la ligne, <strong>Romain Bardet<\/strong> (Team DSM) a port\u00e9 une attaque sans inqui\u00e9ter <strong>Tadej Pogacar<\/strong> (UAE Team Emirates).<\/p>\n<h2 style=\"text-align: justify;\">Tadej Pogacar imp\u00e9rial<\/h2>\n<p style=\"text-align: justify;\">Finalement, <strong>Tadej Pogacar<\/strong> (UAE Team Emirates) a men\u00e9 l&rsquo;ultime attaque \u00e0 200 m\u00e8tres de l&rsquo;arriv\u00e9e. <strong>Mattias Skjelmose<\/strong> (Trek Segafredo) a tent\u00e9 en vain de suivre le rythme du Slov\u00e8ne qui a sign\u00e9 sa 58e victoire professionnelle. N\u00e9anmoins, le Danois a pris une belle deuxi\u00e8me place juste devant <strong>Mikel Landa<\/strong> (Bahrain Victorious). Malgr\u00e9 un gros travail de ses \u00e9quipiers dans les rues de Huy, <strong>Michael Woods<\/strong> (Israel Premier Tech) a fini au pied du podium devant <strong>Giulio Ciccone<\/strong> (Trek Segafredo) et <strong>Victor Lafay<\/strong> (Cofidis). <strong>Tiesj Benoot<\/strong> (Jumbo Visma) a fini septi\u00e8me devant son jeune compatriote <strong>Maxim Van Gils<\/strong> (Lotto Dstny). Deux autres Fran\u00e7ais ont fini dans le top 10 : <strong>Romain Bardet<\/strong> (Team DSM), 9e, et<strong> Warren Barguil<\/strong> (Arkea Samsic), 10e.<\/p>\n<blockquote class=\"twitter-tweet\">\n<p dir=\"ltr\" lang=\"fr\">Tadej Pogacar dompte le Mur de Huy et remporte la Fl\u00e8che Wallonne pour la premi\u00e8re fois de sa carri\u00e8re ! Le Slov\u00e8ne s&rsquo;adjuge une troisi\u00e8me classique en 2023 apr\u00e8s le Tour des Flandres et l&rsquo;Amstel Gold Race <a href=\"https:\/\/twitter.com\/hashtag\/LesRP?src=hash&amp;ref_src=twsrc%5Etfw\">#LesRP<\/a> <a href=\"https:\/\/twitter.com\/hashtag\/FlecheWallonne?src=hash&amp;ref_src=twsrc%5Etfw\">#FlecheWallonne<\/a> <a href=\"https:\/\/t.co\/H4cteknnBi\">pic.twitter.com\/H4cteknnBi<\/a><\/p>\n<p>\u2014 Eurosport France (@Eurosport_FR) <a href=\"https:\/\/twitter.com\/Eurosport_FR\/status\/1648694390561427456?ref_src=twsrc%5Etfw\">April 19, 2023<\/a><\/p><\/blockquote>\n<p><script async src=\"https:\/\/platform.twitter.com\/widgets.js\" charset=\"utf-8\"><\/script><\/p>\n<h2 style=\"text-align: justify;\">\u00c0 lire aussi<\/h2>\n<ul>\n<li style=\"text-align: justify;\"><a href=\"https:\/\/dicodusport.fr\/blog\/classement-la-fleche-wallonne-2023\/\"><strong><strong>Le classement de <\/strong>La Fl\u00e8che Wallonne 2023<\/strong><\/a><\/li>\n<\/ul>\n","protected":false},"excerpt":{"rendered":"<p>LA FL\u00c8CHE WALLONNE 2023 &#8211; Tadej Pogacar (UAE Team Emirates) a gagn\u00e9 la 87\u00e8me \u00e9dition de la Fl\u00e8che Wallonne apr\u00e8s 194,2 kilom\u00e8tres de course entre Herve et Huy, en Belgique. Il a devanc\u00e9 Mattias Skjelmose Jensen (Trek Segafredo) et Mikel Landa (Bahrain Victorious).\u00a0<\/p>\n","protected":false},"author":48,"featured_media":375546,"comment_status":"open","ping_status":"closed","sticky":false,"template":"","format":"standard","meta":{"_acf_changed":false,"_daextam_enable_autolinks":"","footnotes":""},"categories":[46994],"tags":[3119,16878,7706,24],"class_list":["post-375523","post","type-post","status-publish","format-standard","has-post-thumbnail","hentry","category-cyclisme-sur-route","tag-actualite-cyclisme","tag-breve","tag-la-fleche-wallonne","tag-sport"],"acf":[],"yoast_head":"<!-- This site is optimized with the Yoast SEO Premium plugin v26.7 (Yoast SEO v26.7) - https:\/\/yoast.com\/wordpress\/plugins\/seo\/ -->\n<title>La Fl\u00e8che Wallonne 2023 : Tadej Pogacar en patron<\/title>\n<meta name=\"description\" content=\"LA FL\u00c8CHE WALLONNE 2023 - Tadej Pogacar (UAE Team Emirates) a gagn\u00e9 la 87\u00e8me \u00e9dition de la Fl\u00e8che Wallonne.\" \/>\n<meta name=\"robots\" content=\"index, follow, max-snippet:-1, max-image-preview:large, max-video-preview:-1\" \/>\n<link rel=\"canonical\" href=\"https:\/\/dicodusport.fr\/blog\/la-fleche-wallonne-2023-tadej-pogacar-en-patron\/\" \/>\n<meta property=\"og:locale\" content=\"fr_FR\" \/>\n<meta property=\"og:type\" content=\"article\" \/>\n<meta property=\"og:title\" content=\"La Fl\u00e8che Wallonne 2023 : Tadej Pogacar en patron\" \/>\n<meta property=\"og:description\" content=\"LA FL\u00c8CHE WALLONNE 2023 - Tadej Pogacar (UAE Team Emirates) a gagn\u00e9 la 87\u00e8me \u00e9dition de la Fl\u00e8che Wallonne.\" \/>\n<meta property=\"og:url\" content=\"https:\/\/dicodusport.fr\/blog\/la-fleche-wallonne-2023-tadej-pogacar-en-patron\/\" \/>\n<meta property=\"og:site_name\" content=\"Dicodusport\" \/>\n<meta property=\"article:publisher\" content=\"https:\/\/www.facebook.com\/dicodusport\" \/>\n<meta property=\"article:author\" content=\"https:\/\/www.facebook.com\/groups\/LesRoisDuPeloton\" \/>\n<meta property=\"article:published_time\" content=\"2023-04-19T14:25:50+00:00\" \/>\n<meta property=\"article:modified_time\" content=\"2023-04-19T18:10:37+00:00\" \/>\n<meta property=\"og:image\" content=\"https:\/\/dicodusport.fr\/blog\/wp-content\/uploads\/2023\/04\/La-Fleche-Wallonne-2023-Tadej-Pogacar-en-patron.png\" \/>\n\t<meta property=\"og:image:width\" content=\"800\" \/>\n\t<meta property=\"og:image:height\" content=\"445\" \/>\n\t<meta property=\"og:image:type\" content=\"image\/png\" \/>\n<meta name=\"author\" content=\"Emilien Descampiaux\" \/>\n<meta name=\"twitter:card\" content=\"summary_large_image\" \/>\n<meta name=\"twitter:title\" content=\"La Fl\u00e8che Wallonne 2023 : Tadej Pogacar en patron\" \/>\n<meta name=\"twitter:creator\" content=\"@https:\/\/twitter.com\/LRoisDuPeloton\" \/>\n<meta name=\"twitter:site\" content=\"@dicodusport\" \/>\n<script type=\"application\/ld+json\" class=\"yoast-schema-graph\">{\"@context\":\"https:\/\/schema.org\",\"@graph\":[{\"@type\":\"NewsArticle\",\"@id\":\"https:\/\/dicodusport.fr\/blog\/la-fleche-wallonne-2023-tadej-pogacar-en-patron\/#article\",\"isPartOf\":{\"@id\":\"https:\/\/dicodusport.fr\/blog\/la-fleche-wallonne-2023-tadej-pogacar-en-patron\/\"},\"author\":{\"name\":\"Emilien Descampiaux\",\"@id\":\"https:\/\/dicodusport.fr\/blog\/#\/schema\/person\/6db4bae06b171592211be385b32876a7\"},\"headline\":\"La Fl\u00e8che Wallonne 2023 : Tadej Pogacar en patron\",\"datePublished\":\"2023-04-19T14:25:50+00:00\",\"dateModified\":\"2023-04-19T18:10:37+00:00\",\"mainEntityOfPage\":{\"@id\":\"https:\/\/dicodusport.fr\/blog\/la-fleche-wallonne-2023-tadej-pogacar-en-patron\/\"},\"wordCount\":809,\"commentCount\":0,\"publisher\":{\"@id\":\"https:\/\/dicodusport.fr\/blog\/#organization\"},\"image\":{\"@id\":\"https:\/\/dicodusport.fr\/blog\/la-fleche-wallonne-2023-tadej-pogacar-en-patron\/#primaryimage\"},\"thumbnailUrl\":\"https:\/\/dicodusport.fr\/blog\/wp-content\/uploads\/2023\/04\/La-Fleche-Wallonne-2023-Tadej-Pogacar-en-patron.png\",\"keywords\":[\"Actualit\u00e9 Cyclisme\",\"br\u00e8ve\",\"La Fl\u00e8che Wallonne\",\"sport\"],\"articleSection\":[\"Cyclisme sur route\"],\"inLanguage\":\"fr-FR\",\"potentialAction\":[{\"@type\":\"CommentAction\",\"name\":\"Comment\",\"target\":[\"https:\/\/dicodusport.fr\/blog\/la-fleche-wallonne-2023-tadej-pogacar-en-patron\/#respond\"]}],\"copyrightYear\":\"2023\",\"copyrightHolder\":{\"@id\":\"https:\/\/dicodusport.fr\/blog\/#organization\"}},{\"@type\":\"WebPage\",\"@id\":\"https:\/\/dicodusport.fr\/blog\/la-fleche-wallonne-2023-tadej-pogacar-en-patron\/\",\"url\":\"https:\/\/dicodusport.fr\/blog\/la-fleche-wallonne-2023-tadej-pogacar-en-patron\/\",\"name\":\"La Fl\u00e8che Wallonne 2023 : Tadej Pogacar en patron\",\"isPartOf\":{\"@id\":\"https:\/\/dicodusport.fr\/blog\/#website\"},\"primaryImageOfPage\":{\"@id\":\"https:\/\/dicodusport.fr\/blog\/la-fleche-wallonne-2023-tadej-pogacar-en-patron\/#primaryimage\"},\"image\":{\"@id\":\"https:\/\/dicodusport.fr\/blog\/la-fleche-wallonne-2023-tadej-pogacar-en-patron\/#primaryimage\"},\"thumbnailUrl\":\"https:\/\/dicodusport.fr\/blog\/wp-content\/uploads\/2023\/04\/La-Fleche-Wallonne-2023-Tadej-Pogacar-en-patron.png\",\"datePublished\":\"2023-04-19T14:25:50+00:00\",\"dateModified\":\"2023-04-19T18:10:37+00:00\",\"description\":\"LA FL\u00c8CHE WALLONNE 2023 - Tadej Pogacar (UAE Team Emirates) a gagn\u00e9 la 87\u00e8me \u00e9dition de la Fl\u00e8che Wallonne.\",\"breadcrumb\":{\"@id\":\"https:\/\/dicodusport.fr\/blog\/la-fleche-wallonne-2023-tadej-pogacar-en-patron\/#breadcrumb\"},\"inLanguage\":\"fr-FR\",\"potentialAction\":[{\"@type\":\"ReadAction\",\"target\":[\"https:\/\/dicodusport.fr\/blog\/la-fleche-wallonne-2023-tadej-pogacar-en-patron\/\"]}]},{\"@type\":\"ImageObject\",\"inLanguage\":\"fr-FR\",\"@id\":\"https:\/\/dicodusport.fr\/blog\/la-fleche-wallonne-2023-tadej-pogacar-en-patron\/#primaryimage\",\"url\":\"https:\/\/dicodusport.fr\/blog\/wp-content\/uploads\/2023\/04\/La-Fleche-Wallonne-2023-Tadej-Pogacar-en-patron.png\",\"contentUrl\":\"https:\/\/dicodusport.fr\/blog\/wp-content\/uploads\/2023\/04\/La-Fleche-Wallonne-2023-Tadej-Pogacar-en-patron.png\",\"width\":800,\"height\":445,\"caption\":\"La Fl\u00e8che Wallonne 2023 Tadej Pogacar en patron\"},{\"@type\":\"BreadcrumbList\",\"@id\":\"https:\/\/dicodusport.fr\/blog\/la-fleche-wallonne-2023-tadej-pogacar-en-patron\/#breadcrumb\",\"itemListElement\":[{\"@type\":\"ListItem\",\"position\":1,\"name\":\"Accueil\",\"item\":\"https:\/\/dicodusport.fr\/blog\/\"},{\"@type\":\"ListItem\",\"position\":2,\"name\":\"La Fl\u00e8che Wallonne 2023 : Tadej Pogacar en patron\"}]},{\"@type\":\"WebSite\",\"@id\":\"https:\/\/dicodusport.fr\/blog\/#website\",\"url\":\"https:\/\/dicodusport.fr\/blog\/\",\"name\":\"Dicodusport\",\"description\":\"L&#039;encyclop\u00e9die de l&#039;actualit\u00e9 sportive\",\"publisher\":{\"@id\":\"https:\/\/dicodusport.fr\/blog\/#organization\"},\"potentialAction\":[{\"@type\":\"SearchAction\",\"target\":{\"@type\":\"EntryPoint\",\"urlTemplate\":\"https:\/\/dicodusport.fr\/blog\/?s={search_term_string}\"},\"query-input\":{\"@type\":\"PropertyValueSpecification\",\"valueRequired\":true,\"valueName\":\"search_term_string\"}}],\"inLanguage\":\"fr-FR\"},{\"@type\":\"NewsMediaOrganization\",\"@id\":\"https:\/\/dicodusport.fr\/blog\/#organization\",\"name\":\"Dicodusport\",\"url\":\"https:\/\/dicodusport.fr\/blog\/\",\"logo\":{\"@type\":\"ImageObject\",\"inLanguage\":\"fr-FR\",\"@id\":\"https:\/\/dicodusport.fr\/blog\/#\/schema\/logo\/image\/\",\"url\":\"https:\/\/dicodusport.fr\/blog\/wp-content\/uploads\/2020\/06\/cropped-LOGO-DICODUSPORT-2020-SANS-FOND-SANS-TEXTE.png\",\"contentUrl\":\"https:\/\/dicodusport.fr\/blog\/wp-content\/uploads\/2020\/06\/cropped-LOGO-DICODUSPORT-2020-SANS-FOND-SANS-TEXTE.png\",\"width\":512,\"height\":512,\"caption\":\"Dicodusport\"},\"image\":{\"@id\":\"https:\/\/dicodusport.fr\/blog\/#\/schema\/logo\/image\/\"},\"sameAs\":[\"https:\/\/www.facebook.com\/dicodusport\",\"https:\/\/x.com\/dicodusport\",\"https:\/\/www.instagram.com\/dicodusport\/\",\"https:\/\/www.youtube.com\/channel\/UC7V2KZ5sd3htJivAbA4ZG3w\"],\"description\":\"Dicodusport est l'encyclop\u00e9die de l'actualit\u00e9 sportive.\",\"email\":\"bonjour@dicodusport.fr\",\"legalName\":\"DICODUSPORT\",\"foundingDate\":\"2018-01-14\",\"vatID\":\"FR71834470973\",\"taxID\":\"83447097300043\",\"numberOfEmployees\":{\"@type\":\"QuantitativeValue\",\"minValue\":\"1\",\"maxValue\":\"10\"}},{\"@type\":\"Person\",\"@id\":\"https:\/\/dicodusport.fr\/blog\/#\/schema\/person\/6db4bae06b171592211be385b32876a7\",\"name\":\"Emilien Descampiaux\",\"image\":{\"@type\":\"ImageObject\",\"inLanguage\":\"fr-FR\",\"@id\":\"https:\/\/dicodusport.fr\/blog\/#\/schema\/person\/image\/\",\"url\":\"https:\/\/dicodusport.fr\/blog\/wp-content\/uploads\/2021\/05\/Emilien-Descampiaux-150x150.jpg\",\"contentUrl\":\"https:\/\/dicodusport.fr\/blog\/wp-content\/uploads\/2021\/05\/Emilien-Descampiaux-150x150.jpg\",\"caption\":\"Emilien Descampiaux\"},\"description\":\"Journaliste\/r\u00e9dacteur depuis 2014 - Fan de la classe de Frank Vandenbroucke, je vis cyclisme (et de ses paysages) depuis plus de 20 ans. Je suis tr\u00e8s impliqu\u00e9 sur mes diff\u00e9rents r\u00e9seaux sociaux pour partager ma passion sur le monde et l'Histoire de la bicyclette avec ma voix sur les images en noir et blanc du succ\u00e8s de Rik Van Steenbergen lors du Ronde sur le V\u00e9lodrome de Gand.\",\"sameAs\":[\"https:\/\/www.facebook.com\/groups\/LesRoisDuPeloton\",\"https:\/\/x.com\/https:\/\/twitter.com\/LRoisDuPeloton\"],\"url\":\"https:\/\/dicodusport.fr\/blog\/author\/emiliend\/\"}]}<\/script>\n<!-- \/ Yoast SEO Premium plugin. -->","yoast_head_json":{"title":"La Fl\u00e8che Wallonne 2023 : Tadej Pogacar en patron","description":"LA FL\u00c8CHE WALLONNE 2023 - Tadej Pogacar (UAE Team Emirates) a gagn\u00e9 la 87\u00e8me \u00e9dition de la Fl\u00e8che Wallonne.","robots":{"index":"index","follow":"follow","max-snippet":"max-snippet:-1","max-image-preview":"max-image-preview:large","max-video-preview":"max-video-preview:-1"},"canonical":"https:\/\/dicodusport.fr\/blog\/la-fleche-wallonne-2023-tadej-pogacar-en-patron\/","og_locale":"fr_FR","og_type":"article","og_title":"La Fl\u00e8che Wallonne 2023 : Tadej Pogacar en patron","og_description":"LA FL\u00c8CHE WALLONNE 2023 - Tadej Pogacar (UAE Team Emirates) a gagn\u00e9 la 87\u00e8me \u00e9dition de la Fl\u00e8che Wallonne.","og_url":"https:\/\/dicodusport.fr\/blog\/la-fleche-wallonne-2023-tadej-pogacar-en-patron\/","og_site_name":"Dicodusport","article_publisher":"https:\/\/www.facebook.com\/dicodusport","article_author":"https:\/\/www.facebook.com\/groups\/LesRoisDuPeloton","article_published_time":"2023-04-19T14:25:50+00:00","article_modified_time":"2023-04-19T18:10:37+00:00","og_image":[{"width":800,"height":445,"url":"https:\/\/dicodusport.fr\/blog\/wp-content\/uploads\/2023\/04\/La-Fleche-Wallonne-2023-Tadej-Pogacar-en-patron.png","type":"image\/png"}],"author":"Emilien Descampiaux","twitter_card":"summary_large_image","twitter_title":"La Fl\u00e8che Wallonne 2023 : Tadej Pogacar en patron","twitter_creator":"@https:\/\/twitter.com\/LRoisDuPeloton","twitter_site":"@dicodusport","schema":{"@context":"https:\/\/schema.org","@graph":[{"@type":"NewsArticle","@id":"https:\/\/dicodusport.fr\/blog\/la-fleche-wallonne-2023-tadej-pogacar-en-patron\/#article","isPartOf":{"@id":"https:\/\/dicodusport.fr\/blog\/la-fleche-wallonne-2023-tadej-pogacar-en-patron\/"},"author":{"name":"Emilien Descampiaux","@id":"https:\/\/dicodusport.fr\/blog\/#\/schema\/person\/6db4bae06b171592211be385b32876a7"},"headline":"La Fl\u00e8che Wallonne 2023 : Tadej Pogacar en patron","datePublished":"2023-04-19T14:25:50+00:00","dateModified":"2023-04-19T18:10:37+00:00","mainEntityOfPage":{"@id":"https:\/\/dicodusport.fr\/blog\/la-fleche-wallonne-2023-tadej-pogacar-en-patron\/"},"wordCount":809,"commentCount":0,"publisher":{"@id":"https:\/\/dicodusport.fr\/blog\/#organization"},"image":{"@id":"https:\/\/dicodusport.fr\/blog\/la-fleche-wallonne-2023-tadej-pogacar-en-patron\/#primaryimage"},"thumbnailUrl":"https:\/\/dicodusport.fr\/blog\/wp-content\/uploads\/2023\/04\/La-Fleche-Wallonne-2023-Tadej-Pogacar-en-patron.png","keywords":["Actualit\u00e9 Cyclisme","br\u00e8ve","La Fl\u00e8che Wallonne","sport"],"articleSection":["Cyclisme sur route"],"inLanguage":"fr-FR","potentialAction":[{"@type":"CommentAction","name":"Comment","target":["https:\/\/dicodusport.fr\/blog\/la-fleche-wallonne-2023-tadej-pogacar-en-patron\/#respond"]}],"copyrightYear":"2023","copyrightHolder":{"@id":"https:\/\/dicodusport.fr\/blog\/#organization"}},{"@type":"WebPage","@id":"https:\/\/dicodusport.fr\/blog\/la-fleche-wallonne-2023-tadej-pogacar-en-patron\/","url":"https:\/\/dicodusport.fr\/blog\/la-fleche-wallonne-2023-tadej-pogacar-en-patron\/","name":"La Fl\u00e8che Wallonne 2023 : Tadej Pogacar en patron","isPartOf":{"@id":"https:\/\/dicodusport.fr\/blog\/#website"},"primaryImageOfPage":{"@id":"https:\/\/dicodusport.fr\/blog\/la-fleche-wallonne-2023-tadej-pogacar-en-patron\/#primaryimage"},"image":{"@id":"https:\/\/dicodusport.fr\/blog\/la-fleche-wallonne-2023-tadej-pogacar-en-patron\/#primaryimage"},"thumbnailUrl":"https:\/\/dicodusport.fr\/blog\/wp-content\/uploads\/2023\/04\/La-Fleche-Wallonne-2023-Tadej-Pogacar-en-patron.png","datePublished":"2023-04-19T14:25:50+00:00","dateModified":"2023-04-19T18:10:37+00:00","description":"LA FL\u00c8CHE WALLONNE 2023 - Tadej Pogacar (UAE Team Emirates) a gagn\u00e9 la 87\u00e8me \u00e9dition de la Fl\u00e8che Wallonne.","breadcrumb":{"@id":"https:\/\/dicodusport.fr\/blog\/la-fleche-wallonne-2023-tadej-pogacar-en-patron\/#breadcrumb"},"inLanguage":"fr-FR","potentialAction":[{"@type":"ReadAction","target":["https:\/\/dicodusport.fr\/blog\/la-fleche-wallonne-2023-tadej-pogacar-en-patron\/"]}]},{"@type":"ImageObject","inLanguage":"fr-FR","@id":"https:\/\/dicodusport.fr\/blog\/la-fleche-wallonne-2023-tadej-pogacar-en-patron\/#primaryimage","url":"https:\/\/dicodusport.fr\/blog\/wp-content\/uploads\/2023\/04\/La-Fleche-Wallonne-2023-Tadej-Pogacar-en-patron.png","contentUrl":"https:\/\/dicodusport.fr\/blog\/wp-content\/uploads\/2023\/04\/La-Fleche-Wallonne-2023-Tadej-Pogacar-en-patron.png","width":800,"height":445,"caption":"La Fl\u00e8che Wallonne 2023 Tadej Pogacar en patron"},{"@type":"BreadcrumbList","@id":"https:\/\/dicodusport.fr\/blog\/la-fleche-wallonne-2023-tadej-pogacar-en-patron\/#breadcrumb","itemListElement":[{"@type":"ListItem","position":1,"name":"Accueil","item":"https:\/\/dicodusport.fr\/blog\/"},{"@type":"ListItem","position":2,"name":"La Fl\u00e8che Wallonne 2023 : Tadej Pogacar en patron"}]},{"@type":"WebSite","@id":"https:\/\/dicodusport.fr\/blog\/#website","url":"https:\/\/dicodusport.fr\/blog\/","name":"Dicodusport","description":"L&#039;encyclop\u00e9die de l&#039;actualit\u00e9 sportive","publisher":{"@id":"https:\/\/dicodusport.fr\/blog\/#organization"},"potentialAction":[{"@type":"SearchAction","target":{"@type":"EntryPoint","urlTemplate":"https:\/\/dicodusport.fr\/blog\/?s={search_term_string}"},"query-input":{"@type":"PropertyValueSpecification","valueRequired":true,"valueName":"search_term_string"}}],"inLanguage":"fr-FR"},{"@type":"NewsMediaOrganization","@id":"https:\/\/dicodusport.fr\/blog\/#organization","name":"Dicodusport","url":"https:\/\/dicodusport.fr\/blog\/","logo":{"@type":"ImageObject","inLanguage":"fr-FR","@id":"https:\/\/dicodusport.fr\/blog\/#\/schema\/logo\/image\/","url":"https:\/\/dicodusport.fr\/blog\/wp-content\/uploads\/2020\/06\/cropped-LOGO-DICODUSPORT-2020-SANS-FOND-SANS-TEXTE.png","contentUrl":"https:\/\/dicodusport.fr\/blog\/wp-content\/uploads\/2020\/06\/cropped-LOGO-DICODUSPORT-2020-SANS-FOND-SANS-TEXTE.png","width":512,"height":512,"caption":"Dicodusport"},"image":{"@id":"https:\/\/dicodusport.fr\/blog\/#\/schema\/logo\/image\/"},"sameAs":["https:\/\/www.facebook.com\/dicodusport","https:\/\/x.com\/dicodusport","https:\/\/www.instagram.com\/dicodusport\/","https:\/\/www.youtube.com\/channel\/UC7V2KZ5sd3htJivAbA4ZG3w"],"description":"Dicodusport est l'encyclop\u00e9die de l'actualit\u00e9 sportive.","email":"bonjour@dicodusport.fr","legalName":"DICODUSPORT","foundingDate":"2018-01-14","vatID":"FR71834470973","taxID":"83447097300043","numberOfEmployees":{"@type":"QuantitativeValue","minValue":"1","maxValue":"10"}},{"@type":"Person","@id":"https:\/\/dicodusport.fr\/blog\/#\/schema\/person\/6db4bae06b171592211be385b32876a7","name":"Emilien Descampiaux","image":{"@type":"ImageObject","inLanguage":"fr-FR","@id":"https:\/\/dicodusport.fr\/blog\/#\/schema\/person\/image\/","url":"https:\/\/dicodusport.fr\/blog\/wp-content\/uploads\/2021\/05\/Emilien-Descampiaux-150x150.jpg","contentUrl":"https:\/\/dicodusport.fr\/blog\/wp-content\/uploads\/2021\/05\/Emilien-Descampiaux-150x150.jpg","caption":"Emilien Descampiaux"},"description":"Journaliste\/r\u00e9dacteur depuis 2014 - Fan de la classe de Frank Vandenbroucke, je vis cyclisme (et de ses paysages) depuis plus de 20 ans. Je suis tr\u00e8s impliqu\u00e9 sur mes diff\u00e9rents r\u00e9seaux sociaux pour partager ma passion sur le monde et l'Histoire de la bicyclette avec ma voix sur les images en noir et blanc du succ\u00e8s de Rik Van Steenbergen lors du Ronde sur le V\u00e9lodrome de Gand.","sameAs":["https:\/\/www.facebook.com\/groups\/LesRoisDuPeloton","https:\/\/x.com\/https:\/\/twitter.com\/LRoisDuPeloton"],"url":"https:\/\/dicodusport.fr\/blog\/author\/emiliend\/"}]}},"_links":{"self":[{"href":"https:\/\/dicodusport.fr\/blog\/wp-json\/wp\/v2\/posts\/375523","targetHints":{"allow":["GET"]}}],"collection":[{"href":"https:\/\/dicodusport.fr\/blog\/wp-json\/wp\/v2\/posts"}],"about":[{"href":"https:\/\/dicodusport.fr\/blog\/wp-json\/wp\/v2\/types\/post"}],"author":[{"embeddable":true,"href":"https:\/\/dicodusport.fr\/blog\/wp-json\/wp\/v2\/users\/48"}],"replies":[{"embeddable":true,"href":"https:\/\/dicodusport.fr\/blog\/wp-json\/wp\/v2\/comments?post=375523"}],"version-history":[{"count":0,"href":"https:\/\/dicodusport.fr\/blog\/wp-json\/wp\/v2\/posts\/375523\/revisions"}],"wp:featuredmedia":[{"embeddable":true,"href":"https:\/\/dicodusport.fr\/blog\/wp-json\/wp\/v2\/media\/375546"}],"wp:attachment":[{"href":"https:\/\/dicodusport.fr\/blog\/wp-json\/wp\/v2\/media?parent=375523"}],"wp:term":[{"taxonomy":"category","embeddable":true,"href":"https:\/\/dicodusport.fr\/blog\/wp-json\/wp\/v2\/categories?post=375523"},{"taxonomy":"post_tag","embeddable":true,"href":"https:\/\/dicodusport.fr\/blog\/wp-json\/wp\/v2\/tags?post=375523"}],"curies":[{"name":"wp","href":"https:\/\/api.w.org\/{rel}","templated":true}]}}