{"id":375548,"date":"2023-04-19T18:47:20","date_gmt":"2023-04-19T16:47:20","guid":{"rendered":"https:\/\/dicodusport.fr\/blog\/?p=375548&#038;preview=true&#038;preview_id=375548"},"modified":"2023-04-19T20:20:34","modified_gmt":"2023-04-19T18:20:34","slug":"atp-banja-luka-luca-van-assche-met-a-mal-novak-djokovic-mais-sincline","status":"publish","type":"post","link":"https:\/\/dicodusport.fr\/blog\/atp-banja-luka-luca-van-assche-met-a-mal-novak-djokovic-mais-sincline\/","title":{"rendered":"ATP Banja Luka : Luca Van Assche met \u00e0 mal Novak Djokovic mais s&rsquo;incline"},"content":{"rendered":"<p align=\"justify\"><em><strong><a href=\"https:\/\/dicodusport.fr\/blog\/atp-250-le-tableau-du-tournoi-de-banja-luka-2023\/\">ATP BANJA LUKA<\/a> &#8211; Novak Djokovic aura d\u00fb forcer pour l&#8217;emporter aujourd&rsquo;hui. Face \u00e0 Luca Van Assche, le Serbe s&rsquo;impose en trois manches (6-7, 6-3, 6-2). Mais le Fran\u00e7ais a longtemps jou\u00e9 dans la m\u00eame cour que le num\u00e9ro 1 mondial.<\/strong><\/em><\/p>\n<p align=\"justify\"><strong>Luca Van Assche\u00a0<\/strong>est bel et bien un joueur du Top 100. Aujourd&rsquo;hui, en Bosnie-Herz\u00e9govine, le Fran\u00e7ais a d\u00e9stabilis\u00e9 un temps le num\u00e9ro 1 mondial\u00a0<strong>Novak Djokovic<\/strong> avant de c\u00e9der. Le joueur de 18 ans a montr\u00e9 un excellent visage, avec un jeu rempli d&rsquo;insouciance. Le Serbe a d\u00fb se battre pendant trois manches pour vaincre le prot\u00e9g\u00e9 de <strong>Yannick Qu\u00e9r\u00e9\u00a0<\/strong>(6-7, 6-3, 6-2 en 2h38 de jeu).<\/p>\n<p style=\"text-align: justify;\" align=\"justify\">Face \u00e0 un <strong>Novak Djokovic\u00a0<\/strong>en rodage,\u00a0<strong>Luca Van Assche\u00a0<\/strong>ne se laisse pas impressionner. Bien au contraire. Dans ce premier set, le Tricolore ne commet que tr\u00e8s peu de fautes et engage de longs \u00e9changes avec le num\u00e9ro 1 mondial. Peu de possibilit\u00e9s pour le Serbe, qui n&rsquo;arrive pas \u00e0 finir avec des amorties tant le joueur de 18 ans est mobile. <strong>Van Assche\u00a0<\/strong>prend m\u00eame le service de son adversaire et sert pour la manche.\u00a0<strong>Djokovic\u00a0<\/strong>en met plus et r\u00e9cup\u00e8re directement son bien. Le tie-break est accroch\u00e9, celui qui est n\u00e9 en Belgique fait craquer l&rsquo;homme aux 22 tournois du Grand Chelem en carri\u00e8re. 7-4 dans le jeu d\u00e9cisif apr\u00e8s avoir \u00e9t\u00e9 men\u00e9 1-3. Un set pris face \u00e0 l&rsquo;un des meilleurs joueurs de l&rsquo;Histoire, c&rsquo;est d\u00e9j\u00e0 un exploit.<\/p>\n<blockquote class=\"twitter-tweet\">\n<p dir=\"ltr\" lang=\"fr\">VAN ASSCHE PREND LA PREMI\u00c8RE MANCHE 7-6 FACE \u00c0 DJOKOVIC \ud83d\udd25\ud83d\udd25\ud83c\uddf2\ud83c\uddeb<\/p>\n<p>Le Fran\u00e7ais de 18 ans sauve 3 balles de set et prend les devants face au n\u00b01 mondial apr\u00e8s 1h13 \u00e0 Banja Luka. \u26a1\ufe0f <a href=\"https:\/\/t.co\/pUshv5DTGe\">pic.twitter.com\/pUshv5DTGe<\/a><\/p>\n<p>\u2014 Univers Tennis \ud83c\udfbe (@UniversTennis) <a href=\"https:\/\/twitter.com\/UniversTennis\/status\/1648704132637753348?ref_src=twsrc%5Etfw\">April 19, 2023<\/a><\/p><\/blockquote>\n<p><script async src=\"https:\/\/platform.twitter.com\/widgets.js\" charset=\"utf-8\"><\/script><\/p>\n<h2 align=\"justify\">Le num\u00e9ro 1 mondial passe la seconde<\/h2>\n<p style=\"text-align: justify;\" align=\"justify\">On sentait\u00a0<strong>Novak Djokovic\u00a0<\/strong>toujours limite apr\u00e8s la premi\u00e8re heure de jeu, toujours au m\u00eame niveau que lors de son \u00e9limination pr\u00e9coce \u00e0 Monte-Carlo. Djokovic monte d&rsquo;un cran dans la deuxi\u00e8me manche. Un break rapide et surtout, il est intouchable sur son service. <strong>Luca Van Assche<\/strong> fait la course derri\u00e8re et ne revoit pas le Serbe. 6-3 apr\u00e8s un nouveau break,\u00a0<strong>Djokovic\u00a0<\/strong>a servi 94% de premi\u00e8re balle dans ce deuxi\u00e8me set.<\/p>\n<p align=\"justify\">Au moment o\u00f9 on ne l&rsquo;attendait pas, quatre fautes directes d\u00e8s l&rsquo;entame de la derni\u00e8re manche et <strong>Novak Djokovic\u00a0<\/strong>c\u00e8de son service \u00e0\u00a0<strong>Luca Van Assche<\/strong>. Le volume sonore est proche de z\u00e9ro d\u00e9cibel sur le court central de Banja Luka. Sauf que le num\u00e9ro 1 mondial est \u00e0 r\u00e9action. Comme en d\u00e9but de rencontre, il d\u00e9breake dans la foul\u00e9e en haussant l\u00e9g\u00e8rement son niveau. Le <em>Djoker<\/em> acc\u00e9l\u00e8re s\u00e9rieusement par la suite en prenant une seconde fois le service du Fran\u00e7ais. La blessure au bras contract\u00e9e \u00e0 Monaco semble \u00eatre un lointain souvenir. Le Serbe joue maintenant avec plus de longueur, plus d&rsquo;angle et le n\u00e9o Top 100 recule derri\u00e8re sa ligne. Quasiment \u00e0 domicile,\u00a0<strong>Novak Djokovic\u00a0<\/strong>se qualifie et attend\u00a0<strong>Dusan Lajovic\u00a0<\/strong>ou\u00a0<strong>Gr\u00e9goire Barr\u00e8re\u00a0<\/strong>au tour suivant.<\/p>\n","protected":false},"excerpt":{"rendered":"<p>ATP BANJA LUKA &#8211; Novak Djokovic aura d\u00fb forcer pour l&#8217;emporter aujourd&rsquo;hui. Face \u00e0 Luca Van Assche, le Serbe s&rsquo;impose en trois manches (6-7, 6-3, 6-2). Mais le Fran\u00e7ais a longtemps jou\u00e9 dans la m\u00eame cour que le num\u00e9ro 1 mondial.<\/p>\n","protected":false},"author":61,"featured_media":375560,"comment_status":"open","ping_status":"closed","sticky":false,"template":"","format":"standard","meta":{"_acf_changed":false,"_daextam_enable_autolinks":"","footnotes":""},"categories":[2302],"tags":[16878,17252,3224],"class_list":["post-375548","post","type-post","status-publish","format-standard","has-post-thumbnail","hentry","category-tennis","tag-breve","tag-luca-van-assche","tag-novak-djokovic"],"acf":[],"yoast_head":"<!-- This site is optimized with the Yoast SEO Premium plugin v26.7 (Yoast SEO v26.7) - https:\/\/yoast.com\/wordpress\/plugins\/seo\/ -->\n<title>ATP Banja Luka : Luca Van Assche met \u00e0 mal Novak Djokovic mais s&#039;incline<\/title>\n<meta name=\"description\" content=\"Novak Djokovic aura d\u00fb forcer pour l&#039;emporter aujourd&#039;hui. Face \u00e0 Luca Van Assche, le Serbe s&#039;impose en trois manches (6-7, 6-3, 6-2).\" \/>\n<meta name=\"robots\" content=\"index, follow, max-snippet:-1, max-image-preview:large, max-video-preview:-1\" \/>\n<link rel=\"canonical\" href=\"https:\/\/dicodusport.fr\/blog\/atp-banja-luka-luca-van-assche-met-a-mal-novak-djokovic-mais-sincline\/\" \/>\n<meta property=\"og:locale\" content=\"fr_FR\" \/>\n<meta property=\"og:type\" content=\"article\" \/>\n<meta property=\"og:title\" content=\"ATP Banja Luka : Luca Van Assche met \u00e0 mal Novak Djokovic mais s&#039;incline\" \/>\n<meta property=\"og:description\" content=\"Novak Djokovic aura d\u00fb forcer pour l&#039;emporter aujourd&#039;hui. Face \u00e0 Luca Van Assche, le Serbe s&#039;impose en trois manches (6-7, 6-3, 6-2).\" \/>\n<meta property=\"og:url\" content=\"https:\/\/dicodusport.fr\/blog\/atp-banja-luka-luca-van-assche-met-a-mal-novak-djokovic-mais-sincline\/\" \/>\n<meta property=\"og:site_name\" content=\"Dicodusport\" \/>\n<meta property=\"article:publisher\" content=\"https:\/\/www.facebook.com\/dicodusport\" \/>\n<meta property=\"article:published_time\" content=\"2023-04-19T16:47:20+00:00\" \/>\n<meta property=\"article:modified_time\" content=\"2023-04-19T18:20:34+00:00\" \/>\n<meta property=\"og:image\" content=\"https:\/\/dicodusport.fr\/blog\/wp-content\/uploads\/2023\/04\/ATP-Banja-Luka-Luca-Van-Assche-met-a-mal-Novak-Djokovic-mais-sincline.png\" \/>\n\t<meta property=\"og:image:width\" content=\"800\" \/>\n\t<meta property=\"og:image:height\" content=\"445\" \/>\n\t<meta property=\"og:image:type\" content=\"image\/png\" \/>\n<meta name=\"author\" content=\"Pierre Gorce\" \/>\n<meta name=\"twitter:card\" content=\"summary_large_image\" \/>\n<meta name=\"twitter:title\" content=\"ATP Banja Luka : Luca Van Assche met \u00e0 mal Novak Djokovic mais s&#039;incline\" \/>\n<meta name=\"twitter:creator\" content=\"@https:\/\/twitter.com\/pierregorce12\" \/>\n<meta name=\"twitter:site\" content=\"@dicodusport\" \/>\n<script type=\"application\/ld+json\" class=\"yoast-schema-graph\">{\"@context\":\"https:\/\/schema.org\",\"@graph\":[{\"@type\":\"NewsArticle\",\"@id\":\"https:\/\/dicodusport.fr\/blog\/atp-banja-luka-luca-van-assche-met-a-mal-novak-djokovic-mais-sincline\/#article\",\"isPartOf\":{\"@id\":\"https:\/\/dicodusport.fr\/blog\/atp-banja-luka-luca-van-assche-met-a-mal-novak-djokovic-mais-sincline\/\"},\"author\":{\"name\":\"Pierre Gorce\",\"@id\":\"https:\/\/dicodusport.fr\/blog\/#\/schema\/person\/0eaf70b33d703a1a66b1155ac1bda018\"},\"headline\":\"ATP Banja Luka : Luca Van Assche met \u00e0 mal Novak Djokovic mais s&rsquo;incline\",\"datePublished\":\"2023-04-19T16:47:20+00:00\",\"dateModified\":\"2023-04-19T18:20:34+00:00\",\"mainEntityOfPage\":{\"@id\":\"https:\/\/dicodusport.fr\/blog\/atp-banja-luka-luca-van-assche-met-a-mal-novak-djokovic-mais-sincline\/\"},\"wordCount\":548,\"commentCount\":0,\"publisher\":{\"@id\":\"https:\/\/dicodusport.fr\/blog\/#organization\"},\"image\":{\"@id\":\"https:\/\/dicodusport.fr\/blog\/atp-banja-luka-luca-van-assche-met-a-mal-novak-djokovic-mais-sincline\/#primaryimage\"},\"thumbnailUrl\":\"https:\/\/dicodusport.fr\/blog\/wp-content\/uploads\/2023\/04\/ATP-Banja-Luka-Luca-Van-Assche-met-a-mal-Novak-Djokovic-mais-sincline.png\",\"keywords\":[\"br\u00e8ve\",\"Luca Van Assche\",\"Novak Djokovic\"],\"articleSection\":[\"Tennis\"],\"inLanguage\":\"fr-FR\",\"potentialAction\":[{\"@type\":\"CommentAction\",\"name\":\"Comment\",\"target\":[\"https:\/\/dicodusport.fr\/blog\/atp-banja-luka-luca-van-assche-met-a-mal-novak-djokovic-mais-sincline\/#respond\"]}],\"copyrightYear\":\"2023\",\"copyrightHolder\":{\"@id\":\"https:\/\/dicodusport.fr\/blog\/#organization\"}},{\"@type\":\"WebPage\",\"@id\":\"https:\/\/dicodusport.fr\/blog\/atp-banja-luka-luca-van-assche-met-a-mal-novak-djokovic-mais-sincline\/\",\"url\":\"https:\/\/dicodusport.fr\/blog\/atp-banja-luka-luca-van-assche-met-a-mal-novak-djokovic-mais-sincline\/\",\"name\":\"ATP Banja Luka : Luca Van Assche met \u00e0 mal Novak Djokovic mais s'incline\",\"isPartOf\":{\"@id\":\"https:\/\/dicodusport.fr\/blog\/#website\"},\"primaryImageOfPage\":{\"@id\":\"https:\/\/dicodusport.fr\/blog\/atp-banja-luka-luca-van-assche-met-a-mal-novak-djokovic-mais-sincline\/#primaryimage\"},\"image\":{\"@id\":\"https:\/\/dicodusport.fr\/blog\/atp-banja-luka-luca-van-assche-met-a-mal-novak-djokovic-mais-sincline\/#primaryimage\"},\"thumbnailUrl\":\"https:\/\/dicodusport.fr\/blog\/wp-content\/uploads\/2023\/04\/ATP-Banja-Luka-Luca-Van-Assche-met-a-mal-Novak-Djokovic-mais-sincline.png\",\"datePublished\":\"2023-04-19T16:47:20+00:00\",\"dateModified\":\"2023-04-19T18:20:34+00:00\",\"description\":\"Novak Djokovic aura d\u00fb forcer pour l'emporter aujourd'hui. Face \u00e0 Luca Van Assche, le Serbe s'impose en trois manches (6-7, 6-3, 6-2).\",\"breadcrumb\":{\"@id\":\"https:\/\/dicodusport.fr\/blog\/atp-banja-luka-luca-van-assche-met-a-mal-novak-djokovic-mais-sincline\/#breadcrumb\"},\"inLanguage\":\"fr-FR\",\"potentialAction\":[{\"@type\":\"ReadAction\",\"target\":[\"https:\/\/dicodusport.fr\/blog\/atp-banja-luka-luca-van-assche-met-a-mal-novak-djokovic-mais-sincline\/\"]}]},{\"@type\":\"ImageObject\",\"inLanguage\":\"fr-FR\",\"@id\":\"https:\/\/dicodusport.fr\/blog\/atp-banja-luka-luca-van-assche-met-a-mal-novak-djokovic-mais-sincline\/#primaryimage\",\"url\":\"https:\/\/dicodusport.fr\/blog\/wp-content\/uploads\/2023\/04\/ATP-Banja-Luka-Luca-Van-Assche-met-a-mal-Novak-Djokovic-mais-sincline.png\",\"contentUrl\":\"https:\/\/dicodusport.fr\/blog\/wp-content\/uploads\/2023\/04\/ATP-Banja-Luka-Luca-Van-Assche-met-a-mal-Novak-Djokovic-mais-sincline.png\",\"width\":800,\"height\":445,\"caption\":\"ATP Banja Luka Luca Van Assche met \u00e0 mal Novak Djokovic mais s'incline\"},{\"@type\":\"BreadcrumbList\",\"@id\":\"https:\/\/dicodusport.fr\/blog\/atp-banja-luka-luca-van-assche-met-a-mal-novak-djokovic-mais-sincline\/#breadcrumb\",\"itemListElement\":[{\"@type\":\"ListItem\",\"position\":1,\"name\":\"Accueil\",\"item\":\"https:\/\/dicodusport.fr\/blog\/\"},{\"@type\":\"ListItem\",\"position\":2,\"name\":\"ATP Banja Luka : Luca Van Assche met \u00e0 mal Novak Djokovic mais s&rsquo;incline\"}]},{\"@type\":\"WebSite\",\"@id\":\"https:\/\/dicodusport.fr\/blog\/#website\",\"url\":\"https:\/\/dicodusport.fr\/blog\/\",\"name\":\"Dicodusport\",\"description\":\"L&#039;encyclop\u00e9die de l&#039;actualit\u00e9 sportive\",\"publisher\":{\"@id\":\"https:\/\/dicodusport.fr\/blog\/#organization\"},\"potentialAction\":[{\"@type\":\"SearchAction\",\"target\":{\"@type\":\"EntryPoint\",\"urlTemplate\":\"https:\/\/dicodusport.fr\/blog\/?s={search_term_string}\"},\"query-input\":{\"@type\":\"PropertyValueSpecification\",\"valueRequired\":true,\"valueName\":\"search_term_string\"}}],\"inLanguage\":\"fr-FR\"},{\"@type\":\"NewsMediaOrganization\",\"@id\":\"https:\/\/dicodusport.fr\/blog\/#organization\",\"name\":\"Dicodusport\",\"url\":\"https:\/\/dicodusport.fr\/blog\/\",\"logo\":{\"@type\":\"ImageObject\",\"inLanguage\":\"fr-FR\",\"@id\":\"https:\/\/dicodusport.fr\/blog\/#\/schema\/logo\/image\/\",\"url\":\"https:\/\/dicodusport.fr\/blog\/wp-content\/uploads\/2020\/06\/cropped-LOGO-DICODUSPORT-2020-SANS-FOND-SANS-TEXTE.png\",\"contentUrl\":\"https:\/\/dicodusport.fr\/blog\/wp-content\/uploads\/2020\/06\/cropped-LOGO-DICODUSPORT-2020-SANS-FOND-SANS-TEXTE.png\",\"width\":512,\"height\":512,\"caption\":\"Dicodusport\"},\"image\":{\"@id\":\"https:\/\/dicodusport.fr\/blog\/#\/schema\/logo\/image\/\"},\"sameAs\":[\"https:\/\/www.facebook.com\/dicodusport\",\"https:\/\/x.com\/dicodusport\",\"https:\/\/www.instagram.com\/dicodusport\/\",\"https:\/\/www.youtube.com\/channel\/UC7V2KZ5sd3htJivAbA4ZG3w\"],\"description\":\"Dicodusport est l'encyclop\u00e9die de l'actualit\u00e9 sportive.\",\"email\":\"bonjour@dicodusport.fr\",\"legalName\":\"DICODUSPORT\",\"foundingDate\":\"2018-01-14\",\"vatID\":\"FR71834470973\",\"taxID\":\"83447097300043\",\"numberOfEmployees\":{\"@type\":\"QuantitativeValue\",\"minValue\":\"1\",\"maxValue\":\"10\"}},{\"@type\":\"Person\",\"@id\":\"https:\/\/dicodusport.fr\/blog\/#\/schema\/person\/0eaf70b33d703a1a66b1155ac1bda018\",\"name\":\"Pierre Gorce\",\"image\":{\"@type\":\"ImageObject\",\"inLanguage\":\"fr-FR\",\"@id\":\"https:\/\/dicodusport.fr\/blog\/#\/schema\/person\/image\/\",\"url\":\"https:\/\/dicodusport.fr\/blog\/wp-content\/uploads\/2022\/03\/IMG_20211214_233053_722-150x150.jpg\",\"contentUrl\":\"https:\/\/dicodusport.fr\/blog\/wp-content\/uploads\/2022\/03\/IMG_20211214_233053_722-150x150.jpg\",\"caption\":\"Pierre Gorce\"},\"description\":\"Couteau suisse venant tout droit de Haute-Savoie. Habitu\u00e9 \u00e0 regarder du sport depuis petit, j'en ai maintenant fait mon m\u00e9tier. Des sports d'hiver au surf, en passant par le tennis, la F1, le handball et l'athl\u00e9tisme, j'essaie d'avoir mes yeux sur l'enti\u00e8ret\u00e9 de l'actualit\u00e9. Jeune homme berc\u00e9 par les exploits de Jean-Baptiste Grange, Sebastian Vettel et des Experts. Membre de la g\u00e9n\u00e9ration 1999 comme Luka Doncic, Sydney McLaughlin, Lando Norris et Loana Lecomte, mais avec beaucoup moins de talent qu'eux.\",\"sameAs\":[\"https:\/\/x.com\/https:\/\/twitter.com\/pierregorce12\"],\"birthDate\":\"1999-08-29\",\"url\":\"https:\/\/dicodusport.fr\/blog\/author\/pierreg\/\"}]}<\/script>\n<!-- \/ Yoast SEO Premium plugin. -->","yoast_head_json":{"title":"ATP Banja Luka : Luca Van Assche met \u00e0 mal Novak Djokovic mais s'incline","description":"Novak Djokovic aura d\u00fb forcer pour l'emporter aujourd'hui. Face \u00e0 Luca Van Assche, le Serbe s'impose en trois manches (6-7, 6-3, 6-2).","robots":{"index":"index","follow":"follow","max-snippet":"max-snippet:-1","max-image-preview":"max-image-preview:large","max-video-preview":"max-video-preview:-1"},"canonical":"https:\/\/dicodusport.fr\/blog\/atp-banja-luka-luca-van-assche-met-a-mal-novak-djokovic-mais-sincline\/","og_locale":"fr_FR","og_type":"article","og_title":"ATP Banja Luka : Luca Van Assche met \u00e0 mal Novak Djokovic mais s'incline","og_description":"Novak Djokovic aura d\u00fb forcer pour l'emporter aujourd'hui. Face \u00e0 Luca Van Assche, le Serbe s'impose en trois manches (6-7, 6-3, 6-2).","og_url":"https:\/\/dicodusport.fr\/blog\/atp-banja-luka-luca-van-assche-met-a-mal-novak-djokovic-mais-sincline\/","og_site_name":"Dicodusport","article_publisher":"https:\/\/www.facebook.com\/dicodusport","article_published_time":"2023-04-19T16:47:20+00:00","article_modified_time":"2023-04-19T18:20:34+00:00","og_image":[{"width":800,"height":445,"url":"https:\/\/dicodusport.fr\/blog\/wp-content\/uploads\/2023\/04\/ATP-Banja-Luka-Luca-Van-Assche-met-a-mal-Novak-Djokovic-mais-sincline.png","type":"image\/png"}],"author":"Pierre Gorce","twitter_card":"summary_large_image","twitter_title":"ATP Banja Luka : Luca Van Assche met \u00e0 mal Novak Djokovic mais s'incline","twitter_creator":"@https:\/\/twitter.com\/pierregorce12","twitter_site":"@dicodusport","schema":{"@context":"https:\/\/schema.org","@graph":[{"@type":"NewsArticle","@id":"https:\/\/dicodusport.fr\/blog\/atp-banja-luka-luca-van-assche-met-a-mal-novak-djokovic-mais-sincline\/#article","isPartOf":{"@id":"https:\/\/dicodusport.fr\/blog\/atp-banja-luka-luca-van-assche-met-a-mal-novak-djokovic-mais-sincline\/"},"author":{"name":"Pierre Gorce","@id":"https:\/\/dicodusport.fr\/blog\/#\/schema\/person\/0eaf70b33d703a1a66b1155ac1bda018"},"headline":"ATP Banja Luka : Luca Van Assche met \u00e0 mal Novak Djokovic mais s&rsquo;incline","datePublished":"2023-04-19T16:47:20+00:00","dateModified":"2023-04-19T18:20:34+00:00","mainEntityOfPage":{"@id":"https:\/\/dicodusport.fr\/blog\/atp-banja-luka-luca-van-assche-met-a-mal-novak-djokovic-mais-sincline\/"},"wordCount":548,"commentCount":0,"publisher":{"@id":"https:\/\/dicodusport.fr\/blog\/#organization"},"image":{"@id":"https:\/\/dicodusport.fr\/blog\/atp-banja-luka-luca-van-assche-met-a-mal-novak-djokovic-mais-sincline\/#primaryimage"},"thumbnailUrl":"https:\/\/dicodusport.fr\/blog\/wp-content\/uploads\/2023\/04\/ATP-Banja-Luka-Luca-Van-Assche-met-a-mal-Novak-Djokovic-mais-sincline.png","keywords":["br\u00e8ve","Luca Van Assche","Novak Djokovic"],"articleSection":["Tennis"],"inLanguage":"fr-FR","potentialAction":[{"@type":"CommentAction","name":"Comment","target":["https:\/\/dicodusport.fr\/blog\/atp-banja-luka-luca-van-assche-met-a-mal-novak-djokovic-mais-sincline\/#respond"]}],"copyrightYear":"2023","copyrightHolder":{"@id":"https:\/\/dicodusport.fr\/blog\/#organization"}},{"@type":"WebPage","@id":"https:\/\/dicodusport.fr\/blog\/atp-banja-luka-luca-van-assche-met-a-mal-novak-djokovic-mais-sincline\/","url":"https:\/\/dicodusport.fr\/blog\/atp-banja-luka-luca-van-assche-met-a-mal-novak-djokovic-mais-sincline\/","name":"ATP Banja Luka : Luca Van Assche met \u00e0 mal Novak Djokovic mais s'incline","isPartOf":{"@id":"https:\/\/dicodusport.fr\/blog\/#website"},"primaryImageOfPage":{"@id":"https:\/\/dicodusport.fr\/blog\/atp-banja-luka-luca-van-assche-met-a-mal-novak-djokovic-mais-sincline\/#primaryimage"},"image":{"@id":"https:\/\/dicodusport.fr\/blog\/atp-banja-luka-luca-van-assche-met-a-mal-novak-djokovic-mais-sincline\/#primaryimage"},"thumbnailUrl":"https:\/\/dicodusport.fr\/blog\/wp-content\/uploads\/2023\/04\/ATP-Banja-Luka-Luca-Van-Assche-met-a-mal-Novak-Djokovic-mais-sincline.png","datePublished":"2023-04-19T16:47:20+00:00","dateModified":"2023-04-19T18:20:34+00:00","description":"Novak Djokovic aura d\u00fb forcer pour l'emporter aujourd'hui. Face \u00e0 Luca Van Assche, le Serbe s'impose en trois manches (6-7, 6-3, 6-2).","breadcrumb":{"@id":"https:\/\/dicodusport.fr\/blog\/atp-banja-luka-luca-van-assche-met-a-mal-novak-djokovic-mais-sincline\/#breadcrumb"},"inLanguage":"fr-FR","potentialAction":[{"@type":"ReadAction","target":["https:\/\/dicodusport.fr\/blog\/atp-banja-luka-luca-van-assche-met-a-mal-novak-djokovic-mais-sincline\/"]}]},{"@type":"ImageObject","inLanguage":"fr-FR","@id":"https:\/\/dicodusport.fr\/blog\/atp-banja-luka-luca-van-assche-met-a-mal-novak-djokovic-mais-sincline\/#primaryimage","url":"https:\/\/dicodusport.fr\/blog\/wp-content\/uploads\/2023\/04\/ATP-Banja-Luka-Luca-Van-Assche-met-a-mal-Novak-Djokovic-mais-sincline.png","contentUrl":"https:\/\/dicodusport.fr\/blog\/wp-content\/uploads\/2023\/04\/ATP-Banja-Luka-Luca-Van-Assche-met-a-mal-Novak-Djokovic-mais-sincline.png","width":800,"height":445,"caption":"ATP Banja Luka Luca Van Assche met \u00e0 mal Novak Djokovic mais s'incline"},{"@type":"BreadcrumbList","@id":"https:\/\/dicodusport.fr\/blog\/atp-banja-luka-luca-van-assche-met-a-mal-novak-djokovic-mais-sincline\/#breadcrumb","itemListElement":[{"@type":"ListItem","position":1,"name":"Accueil","item":"https:\/\/dicodusport.fr\/blog\/"},{"@type":"ListItem","position":2,"name":"ATP Banja Luka : Luca Van Assche met \u00e0 mal Novak Djokovic mais s&rsquo;incline"}]},{"@type":"WebSite","@id":"https:\/\/dicodusport.fr\/blog\/#website","url":"https:\/\/dicodusport.fr\/blog\/","name":"Dicodusport","description":"L&#039;encyclop\u00e9die de l&#039;actualit\u00e9 sportive","publisher":{"@id":"https:\/\/dicodusport.fr\/blog\/#organization"},"potentialAction":[{"@type":"SearchAction","target":{"@type":"EntryPoint","urlTemplate":"https:\/\/dicodusport.fr\/blog\/?s={search_term_string}"},"query-input":{"@type":"PropertyValueSpecification","valueRequired":true,"valueName":"search_term_string"}}],"inLanguage":"fr-FR"},{"@type":"NewsMediaOrganization","@id":"https:\/\/dicodusport.fr\/blog\/#organization","name":"Dicodusport","url":"https:\/\/dicodusport.fr\/blog\/","logo":{"@type":"ImageObject","inLanguage":"fr-FR","@id":"https:\/\/dicodusport.fr\/blog\/#\/schema\/logo\/image\/","url":"https:\/\/dicodusport.fr\/blog\/wp-content\/uploads\/2020\/06\/cropped-LOGO-DICODUSPORT-2020-SANS-FOND-SANS-TEXTE.png","contentUrl":"https:\/\/dicodusport.fr\/blog\/wp-content\/uploads\/2020\/06\/cropped-LOGO-DICODUSPORT-2020-SANS-FOND-SANS-TEXTE.png","width":512,"height":512,"caption":"Dicodusport"},"image":{"@id":"https:\/\/dicodusport.fr\/blog\/#\/schema\/logo\/image\/"},"sameAs":["https:\/\/www.facebook.com\/dicodusport","https:\/\/x.com\/dicodusport","https:\/\/www.instagram.com\/dicodusport\/","https:\/\/www.youtube.com\/channel\/UC7V2KZ5sd3htJivAbA4ZG3w"],"description":"Dicodusport est l'encyclop\u00e9die de l'actualit\u00e9 sportive.","email":"bonjour@dicodusport.fr","legalName":"DICODUSPORT","foundingDate":"2018-01-14","vatID":"FR71834470973","taxID":"83447097300043","numberOfEmployees":{"@type":"QuantitativeValue","minValue":"1","maxValue":"10"}},{"@type":"Person","@id":"https:\/\/dicodusport.fr\/blog\/#\/schema\/person\/0eaf70b33d703a1a66b1155ac1bda018","name":"Pierre Gorce","image":{"@type":"ImageObject","inLanguage":"fr-FR","@id":"https:\/\/dicodusport.fr\/blog\/#\/schema\/person\/image\/","url":"https:\/\/dicodusport.fr\/blog\/wp-content\/uploads\/2022\/03\/IMG_20211214_233053_722-150x150.jpg","contentUrl":"https:\/\/dicodusport.fr\/blog\/wp-content\/uploads\/2022\/03\/IMG_20211214_233053_722-150x150.jpg","caption":"Pierre Gorce"},"description":"Couteau suisse venant tout droit de Haute-Savoie. Habitu\u00e9 \u00e0 regarder du sport depuis petit, j'en ai maintenant fait mon m\u00e9tier. Des sports d'hiver au surf, en passant par le tennis, la F1, le handball et l'athl\u00e9tisme, j'essaie d'avoir mes yeux sur l'enti\u00e8ret\u00e9 de l'actualit\u00e9. Jeune homme berc\u00e9 par les exploits de Jean-Baptiste Grange, Sebastian Vettel et des Experts. Membre de la g\u00e9n\u00e9ration 1999 comme Luka Doncic, Sydney McLaughlin, Lando Norris et Loana Lecomte, mais avec beaucoup moins de talent qu'eux.","sameAs":["https:\/\/x.com\/https:\/\/twitter.com\/pierregorce12"],"birthDate":"1999-08-29","url":"https:\/\/dicodusport.fr\/blog\/author\/pierreg\/"}]}},"_links":{"self":[{"href":"https:\/\/dicodusport.fr\/blog\/wp-json\/wp\/v2\/posts\/375548","targetHints":{"allow":["GET"]}}],"collection":[{"href":"https:\/\/dicodusport.fr\/blog\/wp-json\/wp\/v2\/posts"}],"about":[{"href":"https:\/\/dicodusport.fr\/blog\/wp-json\/wp\/v2\/types\/post"}],"author":[{"embeddable":true,"href":"https:\/\/dicodusport.fr\/blog\/wp-json\/wp\/v2\/users\/61"}],"replies":[{"embeddable":true,"href":"https:\/\/dicodusport.fr\/blog\/wp-json\/wp\/v2\/comments?post=375548"}],"version-history":[{"count":0,"href":"https:\/\/dicodusport.fr\/blog\/wp-json\/wp\/v2\/posts\/375548\/revisions"}],"wp:featuredmedia":[{"embeddable":true,"href":"https:\/\/dicodusport.fr\/blog\/wp-json\/wp\/v2\/media\/375560"}],"wp:attachment":[{"href":"https:\/\/dicodusport.fr\/blog\/wp-json\/wp\/v2\/media?parent=375548"}],"wp:term":[{"taxonomy":"category","embeddable":true,"href":"https:\/\/dicodusport.fr\/blog\/wp-json\/wp\/v2\/categories?post=375548"},{"taxonomy":"post_tag","embeddable":true,"href":"https:\/\/dicodusport.fr\/blog\/wp-json\/wp\/v2\/tags?post=375548"}],"curies":[{"name":"wp","href":"https:\/\/api.w.org\/{rel}","templated":true}]}}