{"id":375733,"date":"2023-04-20T12:11:43","date_gmt":"2023-04-20T10:11:43","guid":{"rendered":"https:\/\/dicodusport.fr\/blog\/?p=375733&#038;preview=true&#038;preview_id=375733"},"modified":"2023-04-20T12:16:41","modified_gmt":"2023-04-20T10:16:41","slug":"liege-bastogne-liege-2023-julian-alaphilippe-sera-bien-au-depart","status":"publish","type":"post","link":"https:\/\/dicodusport.fr\/blog\/liege-bastogne-liege-2023-julian-alaphilippe-sera-bien-au-depart\/","title":{"rendered":"Li\u00e8ge-Bastogne-Li\u00e8ge 2023 : Julian Alaphilippe sera bien au d\u00e9part"},"content":{"rendered":"<p align=\"justify\"><em><strong>LI\u00c8GE-BASTOGNE-LI\u00c8GE 2023 &#8211; Julian Alaphilippe (Soudal Quick-Step) sera bien au d\u00e9part de la course. Il a eu le feu vert de son staff.<\/strong><\/em><\/p>\n<p align=\"justify\">Sa participation \u00e9tait plus qu&rsquo;incertaine. <a href=\"https:\/\/dicodusport.fr\/blog\/les-8-equipes-ou-julian-alaphilippe-pourrait-rebondir\/\"><strong>Julian Alaphilippe<\/strong><\/a> sera bien au d\u00e9part ce dimanche de <strong>Li\u00e8ge Bastogne Li\u00e8ge<\/strong>. Forfait \u00e0 l&rsquo;<a href=\"https:\/\/dicodusport.fr\/blog\/classement-amstel-gold-race-2023\/\">Amstel Gold Race<\/a> et \u00e0 la <a href=\"https:\/\/dicodusport.fr\/blog\/classement-la-fleche-wallonne-2023\/\">Fl\u00e8che Wallonne<\/a>, du fait de sa chute au Tour des Flandres. Une chute qui lui avait laiss\u00e9 une blesseure au genou, et qui le faisait souffrir. Mais les nouvelles \u00e9taient plut\u00f4t rassurantes depuis quelques jours. Son \u00e9quipe <strong>Soudal Quick-Step<\/strong> avait annonc\u00e9 qu&rsquo;il avait pu encha\u00eener les kilom\u00e8tres et les intensit\u00e9s \u00e0 l&rsquo;entra\u00eenement. Et ce, sans aucune douleur.<\/p>\n<p align=\"justify\">Le Fran\u00e7ais sera bien au d\u00e9part d&rsquo;une course o\u00f9 il a pris la deuxi\u00e8me place en 2021, battu par <strong>Tadej Pogacar<\/strong>. Et o\u00f9 il avait chut\u00e9 tr\u00e8s gravement l&rsquo;an pass\u00e9, avec des fractures et un pneumothorax, qui l&rsquo;avaient \u00e9loign\u00e9 des routes pendant plus de deux mois. Quel sera le r\u00f4le de <strong>Julian Alaphilippe<\/strong> \u00e0 Li\u00e8ge ? O\u00f9 son co\u00e9quipier et tenant du titre <strong>Remco Evenepoel<\/strong> sera \u00e9galement align\u00e9. Selon ce qu&rsquo;on a pu lire, le double champion du monde, s&rsquo;il est en bonne condition, aura carte blanche et ne sera pas qu&rsquo;un simple \u00e9quipier du Belge. Les jambes parleront sans doute, mais on pourrait bien le voir offensif assez t\u00f4t dans la course. Peut-\u00eatre un peu court pour jouer la gagne, mais qui sait. On a d\u00e9j\u00e0 vu de grandes surprises par le pass\u00e9.<\/p>\n<blockquote class=\"twitter-tweet\">\n<p dir=\"ltr\" lang=\"fr\">Julian Alaphilippe participera \u00e0 Li\u00e8ge-Bastogne-Li\u00e8ge ce dimanche ! Le Fran\u00e7ais n&rsquo;a plus couru depuis le Tour des Flandres (2 avril) o\u00f9 il a connu la chute, avec des douleurs depuis au genou gauche. Il est attendu au soutien de Remco Evenepoel. <a href=\"https:\/\/twitter.com\/hashtag\/LBL?src=hash&amp;ref_src=twsrc%5Etfw\">#LBL<\/a> <a href=\"https:\/\/t.co\/KMdsU7uToa\">pic.twitter.com\/KMdsU7uToa<\/a><\/p>\n<p>\u2014 Le Gruppetto (@LeGruppetto) <a href=\"https:\/\/twitter.com\/LeGruppetto\/status\/1648987572889067520?ref_src=twsrc%5Etfw\">April 20, 2023<\/a><\/p><\/blockquote>\n<p><script async src=\"https:\/\/platform.twitter.com\/widgets.js\" charset=\"utf-8\"><\/script><\/p>\n<p align=\"justify\">\n","protected":false},"excerpt":{"rendered":"<p>LI\u00c8GE-BASTOGNE-LI\u00c8GE 2023 &#8211; Julian Alaphilippe (Soudal Quick-Step) sera bien au d\u00e9part de la course. Il a eu le feu vert de son staff.<\/p>\n","protected":false},"author":83,"featured_media":375738,"comment_status":"open","ping_status":"closed","sticky":false,"template":"","format":"standard","meta":{"_acf_changed":false,"_daextam_enable_autolinks":"","footnotes":""},"categories":[46994],"tags":[16878,574,1719,4165],"class_list":["post-375733","post","type-post","status-publish","format-standard","has-post-thumbnail","hentry","category-cyclisme-sur-route","tag-breve","tag-cyclisme","tag-julian-alaphilippe","tag-liege-bastogne-liege"],"acf":[],"yoast_head":"<!-- This site is optimized with the Yoast SEO Premium plugin v26.7 (Yoast SEO v26.7) - https:\/\/yoast.com\/wordpress\/plugins\/seo\/ -->\n<title>Li\u00e8ge-Bastogne-Li\u00e8ge 2023 : Julian Alaphilippe sera bien au d\u00e9part<\/title>\n<meta name=\"description\" content=\"LI\u00c8GE-BASTOGNE-LI\u00c8GE 2023 - Julian Alaphilippe (Soudal Quick-Step) sera bien au d\u00e9part de la course. Il a eu le feu vert de son staff.\" \/>\n<meta name=\"robots\" content=\"index, follow, max-snippet:-1, max-image-preview:large, max-video-preview:-1\" \/>\n<link rel=\"canonical\" href=\"https:\/\/dicodusport.fr\/blog\/liege-bastogne-liege-2023-julian-alaphilippe-sera-bien-au-depart\/\" \/>\n<meta property=\"og:locale\" content=\"fr_FR\" \/>\n<meta property=\"og:type\" content=\"article\" \/>\n<meta property=\"og:title\" content=\"Li\u00e8ge-Bastogne-Li\u00e8ge 2023 : Julian Alaphilippe sera bien au d\u00e9part\" \/>\n<meta property=\"og:description\" content=\"LI\u00c8GE-BASTOGNE-LI\u00c8GE 2023 - Julian Alaphilippe (Soudal Quick-Step) sera bien au d\u00e9part de la course. Il a eu le feu vert de son staff.\" \/>\n<meta property=\"og:url\" content=\"https:\/\/dicodusport.fr\/blog\/liege-bastogne-liege-2023-julian-alaphilippe-sera-bien-au-depart\/\" \/>\n<meta property=\"og:site_name\" content=\"Dicodusport\" \/>\n<meta property=\"article:publisher\" content=\"https:\/\/www.facebook.com\/dicodusport\" \/>\n<meta property=\"article:published_time\" content=\"2023-04-20T10:11:43+00:00\" \/>\n<meta property=\"article:modified_time\" content=\"2023-04-20T10:16:41+00:00\" \/>\n<meta property=\"og:image\" content=\"https:\/\/dicodusport.fr\/blog\/wp-content\/uploads\/2023\/04\/Liege-Bastogne-Liege-2023-Julian-Alaphilippe-bien-au-depart-.png\" \/>\n\t<meta property=\"og:image:width\" content=\"800\" \/>\n\t<meta property=\"og:image:height\" content=\"445\" \/>\n\t<meta property=\"og:image:type\" content=\"image\/png\" \/>\n<meta name=\"author\" content=\"Etienne Goursaud\" \/>\n<meta name=\"twitter:card\" content=\"summary_large_image\" \/>\n<meta name=\"twitter:title\" content=\"Li\u00e8ge-Bastogne-Li\u00e8ge 2023 : Julian Alaphilippe sera bien au d\u00e9part\" \/>\n<meta name=\"twitter:creator\" content=\"@dicodusport\" \/>\n<meta name=\"twitter:site\" content=\"@dicodusport\" \/>\n<script type=\"application\/ld+json\" class=\"yoast-schema-graph\">{\"@context\":\"https:\/\/schema.org\",\"@graph\":[{\"@type\":\"NewsArticle\",\"@id\":\"https:\/\/dicodusport.fr\/blog\/liege-bastogne-liege-2023-julian-alaphilippe-sera-bien-au-depart\/#article\",\"isPartOf\":{\"@id\":\"https:\/\/dicodusport.fr\/blog\/liege-bastogne-liege-2023-julian-alaphilippe-sera-bien-au-depart\/\"},\"author\":{\"name\":\"Etienne Goursaud\",\"@id\":\"https:\/\/dicodusport.fr\/blog\/#\/schema\/person\/d603dd7da31fb2b46c82b9835a77ec13\"},\"headline\":\"Li\u00e8ge-Bastogne-Li\u00e8ge 2023 : Julian Alaphilippe sera bien au d\u00e9part\",\"datePublished\":\"2023-04-20T10:11:43+00:00\",\"dateModified\":\"2023-04-20T10:16:41+00:00\",\"mainEntityOfPage\":{\"@id\":\"https:\/\/dicodusport.fr\/blog\/liege-bastogne-liege-2023-julian-alaphilippe-sera-bien-au-depart\/\"},\"wordCount\":326,\"commentCount\":0,\"publisher\":{\"@id\":\"https:\/\/dicodusport.fr\/blog\/#organization\"},\"image\":{\"@id\":\"https:\/\/dicodusport.fr\/blog\/liege-bastogne-liege-2023-julian-alaphilippe-sera-bien-au-depart\/#primaryimage\"},\"thumbnailUrl\":\"https:\/\/dicodusport.fr\/blog\/wp-content\/uploads\/2023\/04\/Liege-Bastogne-Liege-2023-Julian-Alaphilippe-bien-au-depart-.png\",\"keywords\":[\"br\u00e8ve\",\"Cyclisme\",\"Julian Alaphilippe\",\"Li\u00e8ge-Bastogne-Li\u00e8ge\"],\"articleSection\":[\"Cyclisme sur route\"],\"inLanguage\":\"fr-FR\",\"potentialAction\":[{\"@type\":\"CommentAction\",\"name\":\"Comment\",\"target\":[\"https:\/\/dicodusport.fr\/blog\/liege-bastogne-liege-2023-julian-alaphilippe-sera-bien-au-depart\/#respond\"]}],\"copyrightYear\":\"2023\",\"copyrightHolder\":{\"@id\":\"https:\/\/dicodusport.fr\/blog\/#organization\"}},{\"@type\":\"WebPage\",\"@id\":\"https:\/\/dicodusport.fr\/blog\/liege-bastogne-liege-2023-julian-alaphilippe-sera-bien-au-depart\/\",\"url\":\"https:\/\/dicodusport.fr\/blog\/liege-bastogne-liege-2023-julian-alaphilippe-sera-bien-au-depart\/\",\"name\":\"Li\u00e8ge-Bastogne-Li\u00e8ge 2023 : Julian Alaphilippe sera bien au d\u00e9part\",\"isPartOf\":{\"@id\":\"https:\/\/dicodusport.fr\/blog\/#website\"},\"primaryImageOfPage\":{\"@id\":\"https:\/\/dicodusport.fr\/blog\/liege-bastogne-liege-2023-julian-alaphilippe-sera-bien-au-depart\/#primaryimage\"},\"image\":{\"@id\":\"https:\/\/dicodusport.fr\/blog\/liege-bastogne-liege-2023-julian-alaphilippe-sera-bien-au-depart\/#primaryimage\"},\"thumbnailUrl\":\"https:\/\/dicodusport.fr\/blog\/wp-content\/uploads\/2023\/04\/Liege-Bastogne-Liege-2023-Julian-Alaphilippe-bien-au-depart-.png\",\"datePublished\":\"2023-04-20T10:11:43+00:00\",\"dateModified\":\"2023-04-20T10:16:41+00:00\",\"description\":\"LI\u00c8GE-BASTOGNE-LI\u00c8GE 2023 - Julian Alaphilippe (Soudal Quick-Step) sera bien au d\u00e9part de la course. Il a eu le feu vert de son staff.\",\"breadcrumb\":{\"@id\":\"https:\/\/dicodusport.fr\/blog\/liege-bastogne-liege-2023-julian-alaphilippe-sera-bien-au-depart\/#breadcrumb\"},\"inLanguage\":\"fr-FR\",\"potentialAction\":[{\"@type\":\"ReadAction\",\"target\":[\"https:\/\/dicodusport.fr\/blog\/liege-bastogne-liege-2023-julian-alaphilippe-sera-bien-au-depart\/\"]}]},{\"@type\":\"ImageObject\",\"inLanguage\":\"fr-FR\",\"@id\":\"https:\/\/dicodusport.fr\/blog\/liege-bastogne-liege-2023-julian-alaphilippe-sera-bien-au-depart\/#primaryimage\",\"url\":\"https:\/\/dicodusport.fr\/blog\/wp-content\/uploads\/2023\/04\/Liege-Bastogne-Liege-2023-Julian-Alaphilippe-bien-au-depart-.png\",\"contentUrl\":\"https:\/\/dicodusport.fr\/blog\/wp-content\/uploads\/2023\/04\/Liege-Bastogne-Liege-2023-Julian-Alaphilippe-bien-au-depart-.png\",\"width\":800,\"height\":445,\"caption\":\"Li\u00e8ge-Bastogne-Li\u00e8ge 2023 : Julian Alaphilippe bien au d\u00e9part\"},{\"@type\":\"BreadcrumbList\",\"@id\":\"https:\/\/dicodusport.fr\/blog\/liege-bastogne-liege-2023-julian-alaphilippe-sera-bien-au-depart\/#breadcrumb\",\"itemListElement\":[{\"@type\":\"ListItem\",\"position\":1,\"name\":\"Accueil\",\"item\":\"https:\/\/dicodusport.fr\/blog\/\"},{\"@type\":\"ListItem\",\"position\":2,\"name\":\"Li\u00e8ge-Bastogne-Li\u00e8ge 2023 : Julian Alaphilippe sera bien au d\u00e9part\"}]},{\"@type\":\"WebSite\",\"@id\":\"https:\/\/dicodusport.fr\/blog\/#website\",\"url\":\"https:\/\/dicodusport.fr\/blog\/\",\"name\":\"Dicodusport\",\"description\":\"L&#039;encyclop\u00e9die de l&#039;actualit\u00e9 sportive\",\"publisher\":{\"@id\":\"https:\/\/dicodusport.fr\/blog\/#organization\"},\"potentialAction\":[{\"@type\":\"SearchAction\",\"target\":{\"@type\":\"EntryPoint\",\"urlTemplate\":\"https:\/\/dicodusport.fr\/blog\/?s={search_term_string}\"},\"query-input\":{\"@type\":\"PropertyValueSpecification\",\"valueRequired\":true,\"valueName\":\"search_term_string\"}}],\"inLanguage\":\"fr-FR\"},{\"@type\":\"NewsMediaOrganization\",\"@id\":\"https:\/\/dicodusport.fr\/blog\/#organization\",\"name\":\"Dicodusport\",\"url\":\"https:\/\/dicodusport.fr\/blog\/\",\"logo\":{\"@type\":\"ImageObject\",\"inLanguage\":\"fr-FR\",\"@id\":\"https:\/\/dicodusport.fr\/blog\/#\/schema\/logo\/image\/\",\"url\":\"https:\/\/dicodusport.fr\/blog\/wp-content\/uploads\/2020\/06\/cropped-LOGO-DICODUSPORT-2020-SANS-FOND-SANS-TEXTE.png\",\"contentUrl\":\"https:\/\/dicodusport.fr\/blog\/wp-content\/uploads\/2020\/06\/cropped-LOGO-DICODUSPORT-2020-SANS-FOND-SANS-TEXTE.png\",\"width\":512,\"height\":512,\"caption\":\"Dicodusport\"},\"image\":{\"@id\":\"https:\/\/dicodusport.fr\/blog\/#\/schema\/logo\/image\/\"},\"sameAs\":[\"https:\/\/www.facebook.com\/dicodusport\",\"https:\/\/x.com\/dicodusport\",\"https:\/\/www.instagram.com\/dicodusport\/\",\"https:\/\/www.youtube.com\/channel\/UC7V2KZ5sd3htJivAbA4ZG3w\"],\"description\":\"Dicodusport est l'encyclop\u00e9die de l'actualit\u00e9 sportive.\",\"email\":\"bonjour@dicodusport.fr\",\"legalName\":\"DICODUSPORT\",\"foundingDate\":\"2018-01-14\",\"vatID\":\"FR71834470973\",\"taxID\":\"83447097300043\",\"numberOfEmployees\":{\"@type\":\"QuantitativeValue\",\"minValue\":\"1\",\"maxValue\":\"10\"}},{\"@type\":\"Person\",\"@id\":\"https:\/\/dicodusport.fr\/blog\/#\/schema\/person\/d603dd7da31fb2b46c82b9835a77ec13\",\"name\":\"Etienne Goursaud\",\"image\":{\"@type\":\"ImageObject\",\"inLanguage\":\"fr-FR\",\"@id\":\"https:\/\/dicodusport.fr\/blog\/#\/schema\/person\/image\/\",\"url\":\"https:\/\/dicodusport.fr\/blog\/wp-content\/uploads\/2023\/12\/410122264_10231602061736049_5565839791558026645_n-150x150.jpg\",\"contentUrl\":\"https:\/\/dicodusport.fr\/blog\/wp-content\/uploads\/2023\/12\/410122264_10231602061736049_5565839791558026645_n-150x150.jpg\",\"caption\":\"Etienne Goursaud\"},\"description\":\"Journaliste et amoureux de sport. Ancien footballeur reconverti athl\u00e8te quand ses muscles le laissent tranquille. \u00c9lev\u00e9 \u00e0 la sauce des exploits de Thomas Voeckler en 2004, du dernier essai de l\u00e9gende de Eunice Barber \u00e0 la longueur lors des championnats du monde d'athl\u00e9tisme de 2003 mais aussi Zidane, Omeyer et Titou Lamaison.\",\"url\":\"https:\/\/dicodusport.fr\/blog\/author\/etienne-goursaud\/\"}]}<\/script>\n<!-- \/ Yoast SEO Premium plugin. -->","yoast_head_json":{"title":"Li\u00e8ge-Bastogne-Li\u00e8ge 2023 : Julian Alaphilippe sera bien au d\u00e9part","description":"LI\u00c8GE-BASTOGNE-LI\u00c8GE 2023 - Julian Alaphilippe (Soudal Quick-Step) sera bien au d\u00e9part de la course. Il a eu le feu vert de son staff.","robots":{"index":"index","follow":"follow","max-snippet":"max-snippet:-1","max-image-preview":"max-image-preview:large","max-video-preview":"max-video-preview:-1"},"canonical":"https:\/\/dicodusport.fr\/blog\/liege-bastogne-liege-2023-julian-alaphilippe-sera-bien-au-depart\/","og_locale":"fr_FR","og_type":"article","og_title":"Li\u00e8ge-Bastogne-Li\u00e8ge 2023 : Julian Alaphilippe sera bien au d\u00e9part","og_description":"LI\u00c8GE-BASTOGNE-LI\u00c8GE 2023 - Julian Alaphilippe (Soudal Quick-Step) sera bien au d\u00e9part de la course. Il a eu le feu vert de son staff.","og_url":"https:\/\/dicodusport.fr\/blog\/liege-bastogne-liege-2023-julian-alaphilippe-sera-bien-au-depart\/","og_site_name":"Dicodusport","article_publisher":"https:\/\/www.facebook.com\/dicodusport","article_published_time":"2023-04-20T10:11:43+00:00","article_modified_time":"2023-04-20T10:16:41+00:00","og_image":[{"width":800,"height":445,"url":"https:\/\/dicodusport.fr\/blog\/wp-content\/uploads\/2023\/04\/Liege-Bastogne-Liege-2023-Julian-Alaphilippe-bien-au-depart-.png","type":"image\/png"}],"author":"Etienne Goursaud","twitter_card":"summary_large_image","twitter_title":"Li\u00e8ge-Bastogne-Li\u00e8ge 2023 : Julian Alaphilippe sera bien au d\u00e9part","twitter_creator":"@dicodusport","twitter_site":"@dicodusport","schema":{"@context":"https:\/\/schema.org","@graph":[{"@type":"NewsArticle","@id":"https:\/\/dicodusport.fr\/blog\/liege-bastogne-liege-2023-julian-alaphilippe-sera-bien-au-depart\/#article","isPartOf":{"@id":"https:\/\/dicodusport.fr\/blog\/liege-bastogne-liege-2023-julian-alaphilippe-sera-bien-au-depart\/"},"author":{"name":"Etienne Goursaud","@id":"https:\/\/dicodusport.fr\/blog\/#\/schema\/person\/d603dd7da31fb2b46c82b9835a77ec13"},"headline":"Li\u00e8ge-Bastogne-Li\u00e8ge 2023 : Julian Alaphilippe sera bien au d\u00e9part","datePublished":"2023-04-20T10:11:43+00:00","dateModified":"2023-04-20T10:16:41+00:00","mainEntityOfPage":{"@id":"https:\/\/dicodusport.fr\/blog\/liege-bastogne-liege-2023-julian-alaphilippe-sera-bien-au-depart\/"},"wordCount":326,"commentCount":0,"publisher":{"@id":"https:\/\/dicodusport.fr\/blog\/#organization"},"image":{"@id":"https:\/\/dicodusport.fr\/blog\/liege-bastogne-liege-2023-julian-alaphilippe-sera-bien-au-depart\/#primaryimage"},"thumbnailUrl":"https:\/\/dicodusport.fr\/blog\/wp-content\/uploads\/2023\/04\/Liege-Bastogne-Liege-2023-Julian-Alaphilippe-bien-au-depart-.png","keywords":["br\u00e8ve","Cyclisme","Julian Alaphilippe","Li\u00e8ge-Bastogne-Li\u00e8ge"],"articleSection":["Cyclisme sur route"],"inLanguage":"fr-FR","potentialAction":[{"@type":"CommentAction","name":"Comment","target":["https:\/\/dicodusport.fr\/blog\/liege-bastogne-liege-2023-julian-alaphilippe-sera-bien-au-depart\/#respond"]}],"copyrightYear":"2023","copyrightHolder":{"@id":"https:\/\/dicodusport.fr\/blog\/#organization"}},{"@type":"WebPage","@id":"https:\/\/dicodusport.fr\/blog\/liege-bastogne-liege-2023-julian-alaphilippe-sera-bien-au-depart\/","url":"https:\/\/dicodusport.fr\/blog\/liege-bastogne-liege-2023-julian-alaphilippe-sera-bien-au-depart\/","name":"Li\u00e8ge-Bastogne-Li\u00e8ge 2023 : Julian Alaphilippe sera bien au d\u00e9part","isPartOf":{"@id":"https:\/\/dicodusport.fr\/blog\/#website"},"primaryImageOfPage":{"@id":"https:\/\/dicodusport.fr\/blog\/liege-bastogne-liege-2023-julian-alaphilippe-sera-bien-au-depart\/#primaryimage"},"image":{"@id":"https:\/\/dicodusport.fr\/blog\/liege-bastogne-liege-2023-julian-alaphilippe-sera-bien-au-depart\/#primaryimage"},"thumbnailUrl":"https:\/\/dicodusport.fr\/blog\/wp-content\/uploads\/2023\/04\/Liege-Bastogne-Liege-2023-Julian-Alaphilippe-bien-au-depart-.png","datePublished":"2023-04-20T10:11:43+00:00","dateModified":"2023-04-20T10:16:41+00:00","description":"LI\u00c8GE-BASTOGNE-LI\u00c8GE 2023 - Julian Alaphilippe (Soudal Quick-Step) sera bien au d\u00e9part de la course. Il a eu le feu vert de son staff.","breadcrumb":{"@id":"https:\/\/dicodusport.fr\/blog\/liege-bastogne-liege-2023-julian-alaphilippe-sera-bien-au-depart\/#breadcrumb"},"inLanguage":"fr-FR","potentialAction":[{"@type":"ReadAction","target":["https:\/\/dicodusport.fr\/blog\/liege-bastogne-liege-2023-julian-alaphilippe-sera-bien-au-depart\/"]}]},{"@type":"ImageObject","inLanguage":"fr-FR","@id":"https:\/\/dicodusport.fr\/blog\/liege-bastogne-liege-2023-julian-alaphilippe-sera-bien-au-depart\/#primaryimage","url":"https:\/\/dicodusport.fr\/blog\/wp-content\/uploads\/2023\/04\/Liege-Bastogne-Liege-2023-Julian-Alaphilippe-bien-au-depart-.png","contentUrl":"https:\/\/dicodusport.fr\/blog\/wp-content\/uploads\/2023\/04\/Liege-Bastogne-Liege-2023-Julian-Alaphilippe-bien-au-depart-.png","width":800,"height":445,"caption":"Li\u00e8ge-Bastogne-Li\u00e8ge 2023 : Julian Alaphilippe bien au d\u00e9part"},{"@type":"BreadcrumbList","@id":"https:\/\/dicodusport.fr\/blog\/liege-bastogne-liege-2023-julian-alaphilippe-sera-bien-au-depart\/#breadcrumb","itemListElement":[{"@type":"ListItem","position":1,"name":"Accueil","item":"https:\/\/dicodusport.fr\/blog\/"},{"@type":"ListItem","position":2,"name":"Li\u00e8ge-Bastogne-Li\u00e8ge 2023 : Julian Alaphilippe sera bien au d\u00e9part"}]},{"@type":"WebSite","@id":"https:\/\/dicodusport.fr\/blog\/#website","url":"https:\/\/dicodusport.fr\/blog\/","name":"Dicodusport","description":"L&#039;encyclop\u00e9die de l&#039;actualit\u00e9 sportive","publisher":{"@id":"https:\/\/dicodusport.fr\/blog\/#organization"},"potentialAction":[{"@type":"SearchAction","target":{"@type":"EntryPoint","urlTemplate":"https:\/\/dicodusport.fr\/blog\/?s={search_term_string}"},"query-input":{"@type":"PropertyValueSpecification","valueRequired":true,"valueName":"search_term_string"}}],"inLanguage":"fr-FR"},{"@type":"NewsMediaOrganization","@id":"https:\/\/dicodusport.fr\/blog\/#organization","name":"Dicodusport","url":"https:\/\/dicodusport.fr\/blog\/","logo":{"@type":"ImageObject","inLanguage":"fr-FR","@id":"https:\/\/dicodusport.fr\/blog\/#\/schema\/logo\/image\/","url":"https:\/\/dicodusport.fr\/blog\/wp-content\/uploads\/2020\/06\/cropped-LOGO-DICODUSPORT-2020-SANS-FOND-SANS-TEXTE.png","contentUrl":"https:\/\/dicodusport.fr\/blog\/wp-content\/uploads\/2020\/06\/cropped-LOGO-DICODUSPORT-2020-SANS-FOND-SANS-TEXTE.png","width":512,"height":512,"caption":"Dicodusport"},"image":{"@id":"https:\/\/dicodusport.fr\/blog\/#\/schema\/logo\/image\/"},"sameAs":["https:\/\/www.facebook.com\/dicodusport","https:\/\/x.com\/dicodusport","https:\/\/www.instagram.com\/dicodusport\/","https:\/\/www.youtube.com\/channel\/UC7V2KZ5sd3htJivAbA4ZG3w"],"description":"Dicodusport est l'encyclop\u00e9die de l'actualit\u00e9 sportive.","email":"bonjour@dicodusport.fr","legalName":"DICODUSPORT","foundingDate":"2018-01-14","vatID":"FR71834470973","taxID":"83447097300043","numberOfEmployees":{"@type":"QuantitativeValue","minValue":"1","maxValue":"10"}},{"@type":"Person","@id":"https:\/\/dicodusport.fr\/blog\/#\/schema\/person\/d603dd7da31fb2b46c82b9835a77ec13","name":"Etienne Goursaud","image":{"@type":"ImageObject","inLanguage":"fr-FR","@id":"https:\/\/dicodusport.fr\/blog\/#\/schema\/person\/image\/","url":"https:\/\/dicodusport.fr\/blog\/wp-content\/uploads\/2023\/12\/410122264_10231602061736049_5565839791558026645_n-150x150.jpg","contentUrl":"https:\/\/dicodusport.fr\/blog\/wp-content\/uploads\/2023\/12\/410122264_10231602061736049_5565839791558026645_n-150x150.jpg","caption":"Etienne Goursaud"},"description":"Journaliste et amoureux de sport. Ancien footballeur reconverti athl\u00e8te quand ses muscles le laissent tranquille. \u00c9lev\u00e9 \u00e0 la sauce des exploits de Thomas Voeckler en 2004, du dernier essai de l\u00e9gende de Eunice Barber \u00e0 la longueur lors des championnats du monde d'athl\u00e9tisme de 2003 mais aussi Zidane, Omeyer et Titou Lamaison.","url":"https:\/\/dicodusport.fr\/blog\/author\/etienne-goursaud\/"}]}},"_links":{"self":[{"href":"https:\/\/dicodusport.fr\/blog\/wp-json\/wp\/v2\/posts\/375733","targetHints":{"allow":["GET"]}}],"collection":[{"href":"https:\/\/dicodusport.fr\/blog\/wp-json\/wp\/v2\/posts"}],"about":[{"href":"https:\/\/dicodusport.fr\/blog\/wp-json\/wp\/v2\/types\/post"}],"author":[{"embeddable":true,"href":"https:\/\/dicodusport.fr\/blog\/wp-json\/wp\/v2\/users\/83"}],"replies":[{"embeddable":true,"href":"https:\/\/dicodusport.fr\/blog\/wp-json\/wp\/v2\/comments?post=375733"}],"version-history":[{"count":0,"href":"https:\/\/dicodusport.fr\/blog\/wp-json\/wp\/v2\/posts\/375733\/revisions"}],"wp:featuredmedia":[{"embeddable":true,"href":"https:\/\/dicodusport.fr\/blog\/wp-json\/wp\/v2\/media\/375738"}],"wp:attachment":[{"href":"https:\/\/dicodusport.fr\/blog\/wp-json\/wp\/v2\/media?parent=375733"}],"wp:term":[{"taxonomy":"category","embeddable":true,"href":"https:\/\/dicodusport.fr\/blog\/wp-json\/wp\/v2\/categories?post=375733"},{"taxonomy":"post_tag","embeddable":true,"href":"https:\/\/dicodusport.fr\/blog\/wp-json\/wp\/v2\/tags?post=375733"}],"curies":[{"name":"wp","href":"https:\/\/api.w.org\/{rel}","templated":true}]}}