{"id":375902,"date":"2023-04-22T21:45:41","date_gmt":"2023-04-22T19:45:41","guid":{"rendered":"https:\/\/dicodusport.fr\/blog\/?p=375902&#038;preview=true&#038;preview_id=375902"},"modified":"2023-04-22T21:45:40","modified_gmt":"2023-04-22T19:45:40","slug":"liege-bastogne-liege-2023-les-engages","status":"publish","type":"post","link":"https:\/\/dicodusport.fr\/blog\/liege-bastogne-liege-2023-les-engages\/","title":{"rendered":"Li\u00e8ge-Bastogne-Li\u00e8ge 2023 : Les engag\u00e9s"},"content":{"rendered":"<p style=\"text-align: justify;\"><strong><em>LI\u00c8GE-BASTOGNE-LI\u00c8GE 2023 \u2013 D\u00e9couvrez la liste des engag\u00e9s de la Doyenne, la 109\u00e8me \u00e9dition du Monument ardennais, qui se d\u00e9roule ce dimanche 23 avril 2023.<\/em><\/strong><\/p>\n<p style=\"text-align: justify;\">Vainqueur de <a href=\"https:\/\/dicodusport.fr\/blog\/classement-liege-bastogne-liege-2022\/\">Li\u00e8ge-Bastogne-Li\u00e8ge 2022<\/a>, <strong>Remco Evenepoel<\/strong> (Soudal-Quick Step) sera bien au d\u00e9part de l&rsquo;\u00e9dition 2023, malgr\u00e9 sa pr\u00e9paration pour le Giro. Et sera le grand favori, avec ce diable de <strong>Tadej Pogacar<\/strong> (UAE Team Emirates), auteur d&rsquo;une nouvelle d\u00e9monstration sur l&rsquo;<a href=\"https:\/\/dicodusport.fr\/blog\/classement-amstel-gold-race-2023\/\">Amstel Gold Race<\/a> dimanche dernier. Et qui a enfin dompt\u00e9 <a href=\"https:\/\/dicodusport.fr\/blog\/classement-la-fleche-wallonne-2023\/\">La Fl\u00e8che Wallonne<\/a> ce mercredi. Le Slov\u00e8ne est en qu\u00eate du tripl\u00e9 ardennais sur une course qu&rsquo;il a remport\u00e9e en 2021<\/p>\n<p style=\"text-align: justify;\">Autrement, on suivra <strong>Enric Mas<\/strong> (Movistar), capable de se retrouver dans une course usante.\u00a0<strong>Mikel Landa<\/strong> (Bahrain Victorious), qui a termin\u00e9 troisi\u00e8me en haut du Mur de Huy, sera \u00e9galement \u00e0 suivre. Troisi\u00e8me ce dimanche sur l&rsquo;Amstel,<strong> Tom Pidcock<\/strong> (INEOS Grenadiers) n&rsquo;a pas r\u00e9ussi \u00e0 suivre l&rsquo;ogre slov\u00e8ne aux Pays-Bas et a coinc\u00e9 dans le Mur de Huy, hors du top 10. <strong>Sergio Higuita<\/strong> et<strong> Jai Hindley<\/strong>, voire <strong>Aleksandr Vlasov<\/strong> (Bora-Hansgrohe) seront de belles cartes pour la formation allemande. Une homog\u00e9n\u00e9it\u00e9 qu&rsquo;on retrouve \u00e0 la EF Education Easy-Post avec <strong>Neilson Powless,<\/strong> <strong>Ben Healy<\/strong>, voire <strong>Esteban Chaves<\/strong>.<\/p>\n<h2 style=\"text-align: justify;\">Quid des Fran\u00e7ais ?<\/h2>\n<p style=\"text-align: justify;\">Chez les coureurs fran\u00e7ais, <strong>Romain Bardet<\/strong> (Team DSM), s&rsquo;est rassur\u00e9 avec une belle attaque dans le Mur de Huy et une 9e place finale sur la Fl\u00e8che Wallonne. L&rsquo;Auvergnat a d\u00e9j\u00e0 pris la 3e place en 2018 et se pla\u00eet sur les longues courses usantes. M\u00eame chose pour un <strong>Valentin Madouas<\/strong> (Groupama-FDJ) de retour en forme, m\u00eame si la Fl\u00e8che ne lui a pas souri. Il peut \u00eatre redoutable en cas de course qui se lance d&rsquo;assez loin.<\/p>\n<p style=\"text-align: justify;\"><strong>Warren Barguil<\/strong> (Ark\u00e9a-Samsic), <strong>Julian Alaphilippe<\/strong> (Soudal Quick-Step) et <strong>David Gaudu<\/strong> (Groupama-FDJ), s&rsquo;il n&rsquo;est plus malade, seront \u00e9galement \u00e0 suivre. Ce sont vraiment les meilleures cartes fran\u00e7aises, m\u00eame si cela risque d&rsquo;\u00eatre difficile pour nos repr\u00e9sentants tricolores, qui ont pein\u00e9 \u00e0 briller sur les trois premiers Monuments de la saison.<\/p>\n<h2 style=\"text-align: justify;\">La liste des engag\u00e9s de Li\u00e8ge-Bastogne-Li\u00e8ge 2023<\/h2>\n<p style=\"text-align: justify;\"><a href=\"https:\/\/dicodusport.fr\/blog\/wp-content\/uploads\/2023\/04\/Liste-des-engages-de-Liege-Bastogne-Liege-2023.pdf\" class=\"pdfemb-viewer\" style=\"\" data-width=\"max\" data-height=\"max\"  data-toolbar=\"both\" data-toolbar-fixed=\"on\">Liste des engag\u00e9s de Li\u00e8ge-Bastogne-Li\u00e8ge 2023<br\/><\/a>\n<h2 style=\"text-align: justify;\">\u00c0 lire aussi<\/h2>\n<ul>\n<li style=\"text-align: justify;\"><strong><a href=\"https:\/\/dicodusport.fr\/blog\/liege-bastogne-liege-2023-parcours-et-profil\/\">Li\u00e8ge-Bastogne-Li\u00e8ge 2023 : Parcours et profil<\/a>\u00a0<\/strong><\/li>\n<li style=\"text-align: justify;\"><strong><a href=\"https:\/\/dicodusport.fr\/blog\/liege-bastogne-liege-2023-favoris-et-outsiders\/\">Li\u00e8ge-Bastogne-Li\u00e8ge 2023 : Favoris et outsiders<\/a>\u00a0<\/strong><\/li>\n<li style=\"text-align: justify;\"><strong><a href=\"https:\/\/dicodusport.fr\/blog\/liege-bastogne-liege-2023-notre-pronostic\/\">Notre pronostic pour Li\u00e8ge-Bastogne-Li\u00e8ge 2023<\/a>\u00a0<\/strong><\/li>\n<li style=\"text-align: justify;\"><strong><a href=\"https:\/\/dicodusport.fr\/blog\/liege-bastogne-liege-2023-a-quelle-heure-et-sur-quelle-chaine-tv\/\">\u00c0 quelle heure et sur quelle cha\u00eene TV regarder Li\u00e8ge-Bastogne-Li\u00e8ge 2023<\/a><\/strong><\/li>\n<\/ul>\n","protected":false},"excerpt":{"rendered":"<p>LI\u00c8GE-BASTOGNE-LI\u00c8GE 2023 \u2013 D\u00e9couvrez la liste des engag\u00e9s de la Doyenne, la 109\u00e8me \u00e9dition du Monument ardennais, qui se d\u00e9roule ce dimanche 23 avril 2023.<\/p>\n","protected":false},"author":83,"featured_media":368897,"comment_status":"open","ping_status":"closed","sticky":false,"template":"","format":"standard","meta":{"_acf_changed":false,"_daextam_enable_autolinks":"","footnotes":""},"categories":[46994],"tags":[16878,574,4165],"class_list":["post-375902","post","type-post","status-publish","format-standard","has-post-thumbnail","hentry","category-cyclisme-sur-route","tag-breve","tag-cyclisme","tag-liege-bastogne-liege"],"acf":[],"yoast_head":"<!-- This site is optimized with the Yoast SEO Premium plugin v26.7 (Yoast SEO v26.7) - https:\/\/yoast.com\/wordpress\/plugins\/seo\/ -->\n<title>Li\u00e8ge-Bastogne-Li\u00e8ge 2023 : Les engag\u00e9s<\/title>\n<meta name=\"description\" content=\"LI\u00c8GE-BASTOGNE-LI\u00c8GE 2023 \u2013 D\u00e9couvrez la liste des engag\u00e9s de la 109\u00e8me \u00e9dition du Monument ardennais, qui se d\u00e9roule ce dimanche 23 avril.\" \/>\n<meta name=\"robots\" content=\"index, follow, max-snippet:-1, max-image-preview:large, max-video-preview:-1\" \/>\n<link rel=\"canonical\" href=\"https:\/\/dicodusport.fr\/blog\/liege-bastogne-liege-2023-les-engages\/\" \/>\n<meta property=\"og:locale\" content=\"fr_FR\" \/>\n<meta property=\"og:type\" content=\"article\" \/>\n<meta property=\"og:title\" content=\"Li\u00e8ge-Bastogne-Li\u00e8ge 2023 : Les engag\u00e9s\" \/>\n<meta property=\"og:description\" content=\"LI\u00c8GE-BASTOGNE-LI\u00c8GE 2023 \u2013 D\u00e9couvrez la liste des engag\u00e9s de la 109\u00e8me \u00e9dition du Monument ardennais, qui se d\u00e9roule ce dimanche 23 avril.\" \/>\n<meta property=\"og:url\" content=\"https:\/\/dicodusport.fr\/blog\/liege-bastogne-liege-2023-les-engages\/\" \/>\n<meta property=\"og:site_name\" content=\"Dicodusport\" \/>\n<meta property=\"article:publisher\" content=\"https:\/\/www.facebook.com\/dicodusport\" \/>\n<meta property=\"article:published_time\" content=\"2023-04-22T19:45:41+00:00\" \/>\n<meta property=\"og:image\" content=\"https:\/\/dicodusport.fr\/blog\/wp-content\/uploads\/2023\/03\/Malade-Julian-Alaphilippe-na-pas-termine-le-Grand-Prix-E3.png\" \/>\n\t<meta property=\"og:image:width\" content=\"800\" \/>\n\t<meta property=\"og:image:height\" content=\"445\" \/>\n\t<meta property=\"og:image:type\" content=\"image\/png\" \/>\n<meta name=\"author\" content=\"Etienne Goursaud\" \/>\n<meta name=\"twitter:card\" content=\"summary_large_image\" \/>\n<meta name=\"twitter:title\" content=\"Li\u00e8ge-Bastogne-Li\u00e8ge 2023 : Les engag\u00e9s\" \/>\n<meta name=\"twitter:creator\" content=\"@dicodusport\" \/>\n<meta name=\"twitter:site\" content=\"@dicodusport\" \/>\n<script type=\"application\/ld+json\" class=\"yoast-schema-graph\">{\"@context\":\"https:\/\/schema.org\",\"@graph\":[{\"@type\":\"NewsArticle\",\"@id\":\"https:\/\/dicodusport.fr\/blog\/liege-bastogne-liege-2023-les-engages\/#article\",\"isPartOf\":{\"@id\":\"https:\/\/dicodusport.fr\/blog\/liege-bastogne-liege-2023-les-engages\/\"},\"author\":{\"name\":\"Etienne Goursaud\",\"@id\":\"https:\/\/dicodusport.fr\/blog\/#\/schema\/person\/d603dd7da31fb2b46c82b9835a77ec13\"},\"headline\":\"Li\u00e8ge-Bastogne-Li\u00e8ge 2023 : Les engag\u00e9s\",\"datePublished\":\"2023-04-22T19:45:41+00:00\",\"mainEntityOfPage\":{\"@id\":\"https:\/\/dicodusport.fr\/blog\/liege-bastogne-liege-2023-les-engages\/\"},\"wordCount\":420,\"commentCount\":0,\"publisher\":{\"@id\":\"https:\/\/dicodusport.fr\/blog\/#organization\"},\"image\":{\"@id\":\"https:\/\/dicodusport.fr\/blog\/liege-bastogne-liege-2023-les-engages\/#primaryimage\"},\"thumbnailUrl\":\"https:\/\/dicodusport.fr\/blog\/wp-content\/uploads\/2023\/03\/Malade-Julian-Alaphilippe-na-pas-termine-le-Grand-Prix-E3.png\",\"keywords\":[\"br\u00e8ve\",\"Cyclisme\",\"Li\u00e8ge-Bastogne-Li\u00e8ge\"],\"articleSection\":[\"Cyclisme sur route\"],\"inLanguage\":\"fr-FR\",\"potentialAction\":[{\"@type\":\"CommentAction\",\"name\":\"Comment\",\"target\":[\"https:\/\/dicodusport.fr\/blog\/liege-bastogne-liege-2023-les-engages\/#respond\"]}],\"copyrightYear\":\"2023\",\"copyrightHolder\":{\"@id\":\"https:\/\/dicodusport.fr\/blog\/#organization\"}},{\"@type\":\"WebPage\",\"@id\":\"https:\/\/dicodusport.fr\/blog\/liege-bastogne-liege-2023-les-engages\/\",\"url\":\"https:\/\/dicodusport.fr\/blog\/liege-bastogne-liege-2023-les-engages\/\",\"name\":\"Li\u00e8ge-Bastogne-Li\u00e8ge 2023 : Les engag\u00e9s\",\"isPartOf\":{\"@id\":\"https:\/\/dicodusport.fr\/blog\/#website\"},\"primaryImageOfPage\":{\"@id\":\"https:\/\/dicodusport.fr\/blog\/liege-bastogne-liege-2023-les-engages\/#primaryimage\"},\"image\":{\"@id\":\"https:\/\/dicodusport.fr\/blog\/liege-bastogne-liege-2023-les-engages\/#primaryimage\"},\"thumbnailUrl\":\"https:\/\/dicodusport.fr\/blog\/wp-content\/uploads\/2023\/03\/Malade-Julian-Alaphilippe-na-pas-termine-le-Grand-Prix-E3.png\",\"datePublished\":\"2023-04-22T19:45:41+00:00\",\"description\":\"LI\u00c8GE-BASTOGNE-LI\u00c8GE 2023 \u2013 D\u00e9couvrez la liste des engag\u00e9s de la 109\u00e8me \u00e9dition du Monument ardennais, qui se d\u00e9roule ce dimanche 23 avril.\",\"breadcrumb\":{\"@id\":\"https:\/\/dicodusport.fr\/blog\/liege-bastogne-liege-2023-les-engages\/#breadcrumb\"},\"inLanguage\":\"fr-FR\",\"potentialAction\":[{\"@type\":\"ReadAction\",\"target\":[\"https:\/\/dicodusport.fr\/blog\/liege-bastogne-liege-2023-les-engages\/\"]}]},{\"@type\":\"ImageObject\",\"inLanguage\":\"fr-FR\",\"@id\":\"https:\/\/dicodusport.fr\/blog\/liege-bastogne-liege-2023-les-engages\/#primaryimage\",\"url\":\"https:\/\/dicodusport.fr\/blog\/wp-content\/uploads\/2023\/03\/Malade-Julian-Alaphilippe-na-pas-termine-le-Grand-Prix-E3.png\",\"contentUrl\":\"https:\/\/dicodusport.fr\/blog\/wp-content\/uploads\/2023\/03\/Malade-Julian-Alaphilippe-na-pas-termine-le-Grand-Prix-E3.png\",\"width\":800,\"height\":445},{\"@type\":\"BreadcrumbList\",\"@id\":\"https:\/\/dicodusport.fr\/blog\/liege-bastogne-liege-2023-les-engages\/#breadcrumb\",\"itemListElement\":[{\"@type\":\"ListItem\",\"position\":1,\"name\":\"Accueil\",\"item\":\"https:\/\/dicodusport.fr\/blog\/\"},{\"@type\":\"ListItem\",\"position\":2,\"name\":\"Li\u00e8ge-Bastogne-Li\u00e8ge 2023 : Les engag\u00e9s\"}]},{\"@type\":\"WebSite\",\"@id\":\"https:\/\/dicodusport.fr\/blog\/#website\",\"url\":\"https:\/\/dicodusport.fr\/blog\/\",\"name\":\"Dicodusport\",\"description\":\"L&#039;encyclop\u00e9die de l&#039;actualit\u00e9 sportive\",\"publisher\":{\"@id\":\"https:\/\/dicodusport.fr\/blog\/#organization\"},\"potentialAction\":[{\"@type\":\"SearchAction\",\"target\":{\"@type\":\"EntryPoint\",\"urlTemplate\":\"https:\/\/dicodusport.fr\/blog\/?s={search_term_string}\"},\"query-input\":{\"@type\":\"PropertyValueSpecification\",\"valueRequired\":true,\"valueName\":\"search_term_string\"}}],\"inLanguage\":\"fr-FR\"},{\"@type\":\"NewsMediaOrganization\",\"@id\":\"https:\/\/dicodusport.fr\/blog\/#organization\",\"name\":\"Dicodusport\",\"url\":\"https:\/\/dicodusport.fr\/blog\/\",\"logo\":{\"@type\":\"ImageObject\",\"inLanguage\":\"fr-FR\",\"@id\":\"https:\/\/dicodusport.fr\/blog\/#\/schema\/logo\/image\/\",\"url\":\"https:\/\/dicodusport.fr\/blog\/wp-content\/uploads\/2020\/06\/cropped-LOGO-DICODUSPORT-2020-SANS-FOND-SANS-TEXTE.png\",\"contentUrl\":\"https:\/\/dicodusport.fr\/blog\/wp-content\/uploads\/2020\/06\/cropped-LOGO-DICODUSPORT-2020-SANS-FOND-SANS-TEXTE.png\",\"width\":512,\"height\":512,\"caption\":\"Dicodusport\"},\"image\":{\"@id\":\"https:\/\/dicodusport.fr\/blog\/#\/schema\/logo\/image\/\"},\"sameAs\":[\"https:\/\/www.facebook.com\/dicodusport\",\"https:\/\/x.com\/dicodusport\",\"https:\/\/www.instagram.com\/dicodusport\/\",\"https:\/\/www.youtube.com\/channel\/UC7V2KZ5sd3htJivAbA4ZG3w\"],\"description\":\"Dicodusport est l'encyclop\u00e9die de l'actualit\u00e9 sportive.\",\"email\":\"bonjour@dicodusport.fr\",\"legalName\":\"DICODUSPORT\",\"foundingDate\":\"2018-01-14\",\"vatID\":\"FR71834470973\",\"taxID\":\"83447097300043\",\"numberOfEmployees\":{\"@type\":\"QuantitativeValue\",\"minValue\":\"1\",\"maxValue\":\"10\"}},{\"@type\":\"Person\",\"@id\":\"https:\/\/dicodusport.fr\/blog\/#\/schema\/person\/d603dd7da31fb2b46c82b9835a77ec13\",\"name\":\"Etienne Goursaud\",\"image\":{\"@type\":\"ImageObject\",\"inLanguage\":\"fr-FR\",\"@id\":\"https:\/\/dicodusport.fr\/blog\/#\/schema\/person\/image\/\",\"url\":\"https:\/\/dicodusport.fr\/blog\/wp-content\/uploads\/2023\/12\/410122264_10231602061736049_5565839791558026645_n-150x150.jpg\",\"contentUrl\":\"https:\/\/dicodusport.fr\/blog\/wp-content\/uploads\/2023\/12\/410122264_10231602061736049_5565839791558026645_n-150x150.jpg\",\"caption\":\"Etienne Goursaud\"},\"description\":\"Journaliste et amoureux de sport. Ancien footballeur reconverti athl\u00e8te quand ses muscles le laissent tranquille. \u00c9lev\u00e9 \u00e0 la sauce des exploits de Thomas Voeckler en 2004, du dernier essai de l\u00e9gende de Eunice Barber \u00e0 la longueur lors des championnats du monde d'athl\u00e9tisme de 2003 mais aussi Zidane, Omeyer et Titou Lamaison.\",\"url\":\"https:\/\/dicodusport.fr\/blog\/author\/etienne-goursaud\/\"}]}<\/script>\n<!-- \/ Yoast SEO Premium plugin. -->","yoast_head_json":{"title":"Li\u00e8ge-Bastogne-Li\u00e8ge 2023 : Les engag\u00e9s","description":"LI\u00c8GE-BASTOGNE-LI\u00c8GE 2023 \u2013 D\u00e9couvrez la liste des engag\u00e9s de la 109\u00e8me \u00e9dition du Monument ardennais, qui se d\u00e9roule ce dimanche 23 avril.","robots":{"index":"index","follow":"follow","max-snippet":"max-snippet:-1","max-image-preview":"max-image-preview:large","max-video-preview":"max-video-preview:-1"},"canonical":"https:\/\/dicodusport.fr\/blog\/liege-bastogne-liege-2023-les-engages\/","og_locale":"fr_FR","og_type":"article","og_title":"Li\u00e8ge-Bastogne-Li\u00e8ge 2023 : Les engag\u00e9s","og_description":"LI\u00c8GE-BASTOGNE-LI\u00c8GE 2023 \u2013 D\u00e9couvrez la liste des engag\u00e9s de la 109\u00e8me \u00e9dition du Monument ardennais, qui se d\u00e9roule ce dimanche 23 avril.","og_url":"https:\/\/dicodusport.fr\/blog\/liege-bastogne-liege-2023-les-engages\/","og_site_name":"Dicodusport","article_publisher":"https:\/\/www.facebook.com\/dicodusport","article_published_time":"2023-04-22T19:45:41+00:00","og_image":[{"width":800,"height":445,"url":"https:\/\/dicodusport.fr\/blog\/wp-content\/uploads\/2023\/03\/Malade-Julian-Alaphilippe-na-pas-termine-le-Grand-Prix-E3.png","type":"image\/png"}],"author":"Etienne Goursaud","twitter_card":"summary_large_image","twitter_title":"Li\u00e8ge-Bastogne-Li\u00e8ge 2023 : Les engag\u00e9s","twitter_creator":"@dicodusport","twitter_site":"@dicodusport","schema":{"@context":"https:\/\/schema.org","@graph":[{"@type":"NewsArticle","@id":"https:\/\/dicodusport.fr\/blog\/liege-bastogne-liege-2023-les-engages\/#article","isPartOf":{"@id":"https:\/\/dicodusport.fr\/blog\/liege-bastogne-liege-2023-les-engages\/"},"author":{"name":"Etienne Goursaud","@id":"https:\/\/dicodusport.fr\/blog\/#\/schema\/person\/d603dd7da31fb2b46c82b9835a77ec13"},"headline":"Li\u00e8ge-Bastogne-Li\u00e8ge 2023 : Les engag\u00e9s","datePublished":"2023-04-22T19:45:41+00:00","mainEntityOfPage":{"@id":"https:\/\/dicodusport.fr\/blog\/liege-bastogne-liege-2023-les-engages\/"},"wordCount":420,"commentCount":0,"publisher":{"@id":"https:\/\/dicodusport.fr\/blog\/#organization"},"image":{"@id":"https:\/\/dicodusport.fr\/blog\/liege-bastogne-liege-2023-les-engages\/#primaryimage"},"thumbnailUrl":"https:\/\/dicodusport.fr\/blog\/wp-content\/uploads\/2023\/03\/Malade-Julian-Alaphilippe-na-pas-termine-le-Grand-Prix-E3.png","keywords":["br\u00e8ve","Cyclisme","Li\u00e8ge-Bastogne-Li\u00e8ge"],"articleSection":["Cyclisme sur route"],"inLanguage":"fr-FR","potentialAction":[{"@type":"CommentAction","name":"Comment","target":["https:\/\/dicodusport.fr\/blog\/liege-bastogne-liege-2023-les-engages\/#respond"]}],"copyrightYear":"2023","copyrightHolder":{"@id":"https:\/\/dicodusport.fr\/blog\/#organization"}},{"@type":"WebPage","@id":"https:\/\/dicodusport.fr\/blog\/liege-bastogne-liege-2023-les-engages\/","url":"https:\/\/dicodusport.fr\/blog\/liege-bastogne-liege-2023-les-engages\/","name":"Li\u00e8ge-Bastogne-Li\u00e8ge 2023 : Les engag\u00e9s","isPartOf":{"@id":"https:\/\/dicodusport.fr\/blog\/#website"},"primaryImageOfPage":{"@id":"https:\/\/dicodusport.fr\/blog\/liege-bastogne-liege-2023-les-engages\/#primaryimage"},"image":{"@id":"https:\/\/dicodusport.fr\/blog\/liege-bastogne-liege-2023-les-engages\/#primaryimage"},"thumbnailUrl":"https:\/\/dicodusport.fr\/blog\/wp-content\/uploads\/2023\/03\/Malade-Julian-Alaphilippe-na-pas-termine-le-Grand-Prix-E3.png","datePublished":"2023-04-22T19:45:41+00:00","description":"LI\u00c8GE-BASTOGNE-LI\u00c8GE 2023 \u2013 D\u00e9couvrez la liste des engag\u00e9s de la 109\u00e8me \u00e9dition du Monument ardennais, qui se d\u00e9roule ce dimanche 23 avril.","breadcrumb":{"@id":"https:\/\/dicodusport.fr\/blog\/liege-bastogne-liege-2023-les-engages\/#breadcrumb"},"inLanguage":"fr-FR","potentialAction":[{"@type":"ReadAction","target":["https:\/\/dicodusport.fr\/blog\/liege-bastogne-liege-2023-les-engages\/"]}]},{"@type":"ImageObject","inLanguage":"fr-FR","@id":"https:\/\/dicodusport.fr\/blog\/liege-bastogne-liege-2023-les-engages\/#primaryimage","url":"https:\/\/dicodusport.fr\/blog\/wp-content\/uploads\/2023\/03\/Malade-Julian-Alaphilippe-na-pas-termine-le-Grand-Prix-E3.png","contentUrl":"https:\/\/dicodusport.fr\/blog\/wp-content\/uploads\/2023\/03\/Malade-Julian-Alaphilippe-na-pas-termine-le-Grand-Prix-E3.png","width":800,"height":445},{"@type":"BreadcrumbList","@id":"https:\/\/dicodusport.fr\/blog\/liege-bastogne-liege-2023-les-engages\/#breadcrumb","itemListElement":[{"@type":"ListItem","position":1,"name":"Accueil","item":"https:\/\/dicodusport.fr\/blog\/"},{"@type":"ListItem","position":2,"name":"Li\u00e8ge-Bastogne-Li\u00e8ge 2023 : Les engag\u00e9s"}]},{"@type":"WebSite","@id":"https:\/\/dicodusport.fr\/blog\/#website","url":"https:\/\/dicodusport.fr\/blog\/","name":"Dicodusport","description":"L&#039;encyclop\u00e9die de l&#039;actualit\u00e9 sportive","publisher":{"@id":"https:\/\/dicodusport.fr\/blog\/#organization"},"potentialAction":[{"@type":"SearchAction","target":{"@type":"EntryPoint","urlTemplate":"https:\/\/dicodusport.fr\/blog\/?s={search_term_string}"},"query-input":{"@type":"PropertyValueSpecification","valueRequired":true,"valueName":"search_term_string"}}],"inLanguage":"fr-FR"},{"@type":"NewsMediaOrganization","@id":"https:\/\/dicodusport.fr\/blog\/#organization","name":"Dicodusport","url":"https:\/\/dicodusport.fr\/blog\/","logo":{"@type":"ImageObject","inLanguage":"fr-FR","@id":"https:\/\/dicodusport.fr\/blog\/#\/schema\/logo\/image\/","url":"https:\/\/dicodusport.fr\/blog\/wp-content\/uploads\/2020\/06\/cropped-LOGO-DICODUSPORT-2020-SANS-FOND-SANS-TEXTE.png","contentUrl":"https:\/\/dicodusport.fr\/blog\/wp-content\/uploads\/2020\/06\/cropped-LOGO-DICODUSPORT-2020-SANS-FOND-SANS-TEXTE.png","width":512,"height":512,"caption":"Dicodusport"},"image":{"@id":"https:\/\/dicodusport.fr\/blog\/#\/schema\/logo\/image\/"},"sameAs":["https:\/\/www.facebook.com\/dicodusport","https:\/\/x.com\/dicodusport","https:\/\/www.instagram.com\/dicodusport\/","https:\/\/www.youtube.com\/channel\/UC7V2KZ5sd3htJivAbA4ZG3w"],"description":"Dicodusport est l'encyclop\u00e9die de l'actualit\u00e9 sportive.","email":"bonjour@dicodusport.fr","legalName":"DICODUSPORT","foundingDate":"2018-01-14","vatID":"FR71834470973","taxID":"83447097300043","numberOfEmployees":{"@type":"QuantitativeValue","minValue":"1","maxValue":"10"}},{"@type":"Person","@id":"https:\/\/dicodusport.fr\/blog\/#\/schema\/person\/d603dd7da31fb2b46c82b9835a77ec13","name":"Etienne Goursaud","image":{"@type":"ImageObject","inLanguage":"fr-FR","@id":"https:\/\/dicodusport.fr\/blog\/#\/schema\/person\/image\/","url":"https:\/\/dicodusport.fr\/blog\/wp-content\/uploads\/2023\/12\/410122264_10231602061736049_5565839791558026645_n-150x150.jpg","contentUrl":"https:\/\/dicodusport.fr\/blog\/wp-content\/uploads\/2023\/12\/410122264_10231602061736049_5565839791558026645_n-150x150.jpg","caption":"Etienne Goursaud"},"description":"Journaliste et amoureux de sport. Ancien footballeur reconverti athl\u00e8te quand ses muscles le laissent tranquille. \u00c9lev\u00e9 \u00e0 la sauce des exploits de Thomas Voeckler en 2004, du dernier essai de l\u00e9gende de Eunice Barber \u00e0 la longueur lors des championnats du monde d'athl\u00e9tisme de 2003 mais aussi Zidane, Omeyer et Titou Lamaison.","url":"https:\/\/dicodusport.fr\/blog\/author\/etienne-goursaud\/"}]}},"_links":{"self":[{"href":"https:\/\/dicodusport.fr\/blog\/wp-json\/wp\/v2\/posts\/375902","targetHints":{"allow":["GET"]}}],"collection":[{"href":"https:\/\/dicodusport.fr\/blog\/wp-json\/wp\/v2\/posts"}],"about":[{"href":"https:\/\/dicodusport.fr\/blog\/wp-json\/wp\/v2\/types\/post"}],"author":[{"embeddable":true,"href":"https:\/\/dicodusport.fr\/blog\/wp-json\/wp\/v2\/users\/83"}],"replies":[{"embeddable":true,"href":"https:\/\/dicodusport.fr\/blog\/wp-json\/wp\/v2\/comments?post=375902"}],"version-history":[{"count":0,"href":"https:\/\/dicodusport.fr\/blog\/wp-json\/wp\/v2\/posts\/375902\/revisions"}],"wp:featuredmedia":[{"embeddable":true,"href":"https:\/\/dicodusport.fr\/blog\/wp-json\/wp\/v2\/media\/368897"}],"wp:attachment":[{"href":"https:\/\/dicodusport.fr\/blog\/wp-json\/wp\/v2\/media?parent=375902"}],"wp:term":[{"taxonomy":"category","embeddable":true,"href":"https:\/\/dicodusport.fr\/blog\/wp-json\/wp\/v2\/categories?post=375902"},{"taxonomy":"post_tag","embeddable":true,"href":"https:\/\/dicodusport.fr\/blog\/wp-json\/wp\/v2\/tags?post=375902"}],"curies":[{"name":"wp","href":"https:\/\/api.w.org\/{rel}","templated":true}]}}