{"id":375955,"date":"2023-04-21T10:57:35","date_gmt":"2023-04-21T08:57:35","guid":{"rendered":"https:\/\/dicodusport.fr\/blog\/?p=375955&#038;preview=true&#038;preview_id=375955"},"modified":"2023-04-21T10:58:41","modified_gmt":"2023-04-21T08:58:41","slug":"coupe-du-monde-escrime-fauteuil-maxime-valet-en-bronze-lors-de-la-premiere-journee","status":"publish","type":"post","link":"https:\/\/dicodusport.fr\/blog\/coupe-du-monde-escrime-fauteuil-maxime-valet-en-bronze-lors-de-la-premiere-journee\/","title":{"rendered":"Coupe du monde Escrime fauteuil : Maxime Valet en bronze lors de la premi\u00e8re journ\u00e9e"},"content":{"rendered":"<p style=\"text-align: justify;\"><strong><em>COUPE DU MONDE ESCRIME FAUTEUIL 2023 \u2013 Premi\u00e8re journ\u00e9e et premi\u00e8re m\u00e9daille pour l&rsquo;\u00e9quipe de France lors de la troisi\u00e8me \u00e9tape de Coupe du monde, se d\u00e9roulant \u00e0 N\u00eemes. En sabre, Maxime Valet a d\u00e9croch\u00e9 la m\u00e9daille de bronze.<\/em><\/strong><\/p>\n<p style=\"text-align: justify;\">\u00c0 plus d&rsquo;un an des Jeux Paralympiques de Paris, le calendrier de la <strong>Coupe du monde d&rsquo;escrime fauteuil<\/strong> effectue un d\u00e9tour par la France et <strong>N\u00eemes<\/strong>, du 20 au 23 avril. Ainsi, la comp\u00e9tition a d\u00e9but\u00e9 ce jeudi, avec d\u00e9j\u00e0 un premier m\u00e9tal pour le clan tricolore.<\/p>\n<p style=\"text-align: justify;\">En effet, en sabre cat\u00e9gorie B, <strong>Maxime Valet<\/strong> a r\u00e9ussi \u00e0 d\u00e9crocher une place sur le podium en \u00e9cartant le Polonais <strong>Michal Dabrowski<\/strong> dans le match pour la m\u00e9daille de bronze. Il confirme donc son excellent d\u00e9but de saison puisque lors des deux pr\u00e9c\u00e9dentes \u00e9preuves, il \u00e9tait d\u00e9j\u00e0 mont\u00e9 sur le podium \u00e0 la fois en sabre, et au fleuret. En janvier \u00e0 Washington, il avait m\u00eame d\u00e9croch\u00e9 l&rsquo;or, toujours au sabre. Pour l&rsquo;or \u00e0 N\u00eemes, un autre Polonais, <strong>Adrian Castro<\/strong>, a cr\u00e9\u00e9 la sensation en remportant la finale, au d\u00e9triment du champion paralympique en titre, <strong>Yanke Feng<\/strong>.<\/p>\n<blockquote class=\"twitter-tweet\">\n<p dir=\"ltr\" lang=\"fr\">\ud83e\udd3a <a href=\"https:\/\/twitter.com\/hashtag\/Escrime?src=hash&amp;ref_src=twsrc%5Etfw\">#Escrime<\/a> \ud83e\udd3a Etape coupe du monde \ud83c\udf0d<br \/>\n\ud83d\udcc5 20 au 23 avril \ud83d\udccd N\u00eemes <a href=\"https:\/\/twitter.com\/hashtag\/France?src=hash&amp;ref_src=twsrc%5Etfw\">#France<\/a> \ud83c\uddeb\ud83c\uddf7<\/p>\n<p>1\u00e8re journ\u00e9e &amp; 1\u00e8re m\u00e9daille pour la <a href=\"https:\/\/twitter.com\/hashtag\/France?src=hash&amp;ref_src=twsrc%5Etfw\">#France<\/a> \ud83c\uddeb\ud83c\uddf7<br \/>\n\ud83e\udd49 Maxime Valet &#8211; Sabre (B) <a href=\"https:\/\/twitter.com\/maximevalet31?ref_src=twsrc%5Etfw\">@maximevalet31<\/a><\/p>\n<p>F\u00e9licitations \ud83d\udc4f\ud83d\udc4f\ud83d\udc4f<a href=\"https:\/\/twitter.com\/hashtag\/Handicap?src=hash&amp;ref_src=twsrc%5Etfw\">#Handicap<\/a> <a href=\"https:\/\/twitter.com\/Sports_gouv?ref_src=twsrc%5Etfw\">@Sports_gouv<\/a> <a href=\"https:\/\/twitter.com\/nimes?ref_src=twsrc%5Etfw\">@nimes<\/a> <a href=\"https:\/\/twitter.com\/Gard?ref_src=twsrc%5Etfw\">@Gard<\/a> <a href=\"https:\/\/twitter.com\/TlseMetropole?ref_src=twsrc%5Etfw\">@TlseMetropole<\/a> <a href=\"https:\/\/twitter.com\/FlesselLaura?ref_src=twsrc%5Etfw\">@FlesselLaura<\/a> <a href=\"https:\/\/twitter.com\/ffescrime?ref_src=twsrc%5Etfw\">@ffescrime<\/a><br \/>\n\ud83d\udcf7FFH <a href=\"https:\/\/t.co\/p2vfITR14I\">pic.twitter.com\/p2vfITR14I<\/a><\/p>\n<p>\u2014 Coeur Handisport (@CoeurHandisport) <a href=\"https:\/\/twitter.com\/CoeurHandisport\/status\/1649316450912411648?ref_src=twsrc%5Etfw\">April 21, 2023<\/a><\/p><\/blockquote>\n<p><script async src=\"https:\/\/platform.twitter.com\/widgets.js\" charset=\"utf-8\"><\/script><\/p>\n","protected":false},"excerpt":{"rendered":"<p>COUPE DU MONDE ESCRIME FAUTEUIL 2023 \u2013 Premi\u00e8re journ\u00e9e et premi\u00e8re m\u00e9daille pour l&rsquo;\u00e9quipe de France lors de la troisi\u00e8me \u00e9tape de Coupe du monde, se d\u00e9roulant \u00e0 N\u00eemes. En sabre, Maxime Valet a d\u00e9croch\u00e9 la m\u00e9daille de bronze.<\/p>\n","protected":false},"author":55,"featured_media":122024,"comment_status":"open","ping_status":"closed","sticky":false,"template":"","format":"standard","meta":{"_acf_changed":false,"_daextam_enable_autolinks":"","footnotes":""},"categories":[9251,5753],"tags":[16878,31073,4335],"class_list":["post-375955","post","type-post","status-publish","format-standard","has-post-thumbnail","hentry","category-escrime","category-handisport","tag-breve","tag-escrime-fauteuil","tag-nimes"],"acf":[],"yoast_head":"<!-- This site is optimized with the Yoast SEO Premium plugin v26.7 (Yoast SEO v26.7) - https:\/\/yoast.com\/wordpress\/plugins\/seo\/ -->\n<title>Coupe du monde Escrime fauteuil : Maxime Valet en bronze lors de la premi\u00e8re journ\u00e9e<\/title>\n<meta name=\"description\" content=\"COUPE DU MONDE ESCRIME FAUTEUIL - Maxime Valet a obtenu la m\u00e9daille de bronze lors de la 1e journ\u00e9e de l&#039;\u00e9tape \u00e0 N\u00eemes.\" \/>\n<meta name=\"robots\" content=\"index, follow, max-snippet:-1, max-image-preview:large, max-video-preview:-1\" \/>\n<link rel=\"canonical\" href=\"https:\/\/dicodusport.fr\/blog\/coupe-du-monde-escrime-fauteuil-maxime-valet-en-bronze-lors-de-la-premiere-journee\/\" \/>\n<meta property=\"og:locale\" content=\"fr_FR\" \/>\n<meta property=\"og:type\" content=\"article\" \/>\n<meta property=\"og:title\" content=\"Coupe du monde Escrime fauteuil : Maxime Valet en bronze lors de la premi\u00e8re journ\u00e9e\" \/>\n<meta property=\"og:description\" content=\"COUPE DU MONDE ESCRIME FAUTEUIL - Maxime Valet a obtenu la m\u00e9daille de bronze lors de la 1e journ\u00e9e de l&#039;\u00e9tape \u00e0 N\u00eemes.\" \/>\n<meta property=\"og:url\" content=\"https:\/\/dicodusport.fr\/blog\/coupe-du-monde-escrime-fauteuil-maxime-valet-en-bronze-lors-de-la-premiere-journee\/\" \/>\n<meta property=\"og:site_name\" content=\"Dicodusport\" \/>\n<meta property=\"article:publisher\" content=\"https:\/\/www.facebook.com\/dicodusport\" \/>\n<meta property=\"article:published_time\" content=\"2023-04-21T08:57:35+00:00\" \/>\n<meta property=\"article:modified_time\" content=\"2023-04-21T08:58:41+00:00\" \/>\n<meta property=\"og:image\" content=\"https:\/\/dicodusport.fr\/blog\/wp-content\/uploads\/2021\/04\/Maxime-Valet-Escrime-fauteuil.jpg\" \/>\n\t<meta property=\"og:image:width\" content=\"2480\" \/>\n\t<meta property=\"og:image:height\" content=\"1395\" \/>\n\t<meta property=\"og:image:type\" content=\"image\/jpeg\" \/>\n<meta name=\"author\" content=\"Maxime Cazenave\" \/>\n<meta name=\"twitter:card\" content=\"summary_large_image\" \/>\n<meta name=\"twitter:title\" content=\"Coupe du monde Escrime fauteuil : Maxime Valet en bronze lors de la premi\u00e8re journ\u00e9e\" \/>\n<meta name=\"twitter:creator\" content=\"@https:\/\/twitter.com\/Maxime_Caze\" \/>\n<meta name=\"twitter:site\" content=\"@dicodusport\" \/>\n<script type=\"application\/ld+json\" class=\"yoast-schema-graph\">{\"@context\":\"https:\/\/schema.org\",\"@graph\":[{\"@type\":\"NewsArticle\",\"@id\":\"https:\/\/dicodusport.fr\/blog\/coupe-du-monde-escrime-fauteuil-maxime-valet-en-bronze-lors-de-la-premiere-journee\/#article\",\"isPartOf\":{\"@id\":\"https:\/\/dicodusport.fr\/blog\/coupe-du-monde-escrime-fauteuil-maxime-valet-en-bronze-lors-de-la-premiere-journee\/\"},\"author\":{\"name\":\"Maxime Cazenave\",\"@id\":\"https:\/\/dicodusport.fr\/blog\/#\/schema\/person\/37def232098a7a5cbab3974a3690abb0\"},\"headline\":\"Coupe du monde Escrime fauteuil : Maxime Valet en bronze lors de la premi\u00e8re journ\u00e9e\",\"datePublished\":\"2023-04-21T08:57:35+00:00\",\"dateModified\":\"2023-04-21T08:58:41+00:00\",\"mainEntityOfPage\":{\"@id\":\"https:\/\/dicodusport.fr\/blog\/coupe-du-monde-escrime-fauteuil-maxime-valet-en-bronze-lors-de-la-premiere-journee\/\"},\"wordCount\":269,\"commentCount\":0,\"publisher\":{\"@id\":\"https:\/\/dicodusport.fr\/blog\/#organization\"},\"image\":{\"@id\":\"https:\/\/dicodusport.fr\/blog\/coupe-du-monde-escrime-fauteuil-maxime-valet-en-bronze-lors-de-la-premiere-journee\/#primaryimage\"},\"thumbnailUrl\":\"https:\/\/dicodusport.fr\/blog\/wp-content\/uploads\/2021\/04\/Maxime-Valet-Escrime-fauteuil.jpg\",\"keywords\":[\"br\u00e8ve\",\"escrime fauteuil\",\"N\u00eemes\"],\"articleSection\":[\"Escrime\",\"Handisport\"],\"inLanguage\":\"fr-FR\",\"potentialAction\":[{\"@type\":\"CommentAction\",\"name\":\"Comment\",\"target\":[\"https:\/\/dicodusport.fr\/blog\/coupe-du-monde-escrime-fauteuil-maxime-valet-en-bronze-lors-de-la-premiere-journee\/#respond\"]}],\"copyrightYear\":\"2023\",\"copyrightHolder\":{\"@id\":\"https:\/\/dicodusport.fr\/blog\/#organization\"}},{\"@type\":\"WebPage\",\"@id\":\"https:\/\/dicodusport.fr\/blog\/coupe-du-monde-escrime-fauteuil-maxime-valet-en-bronze-lors-de-la-premiere-journee\/\",\"url\":\"https:\/\/dicodusport.fr\/blog\/coupe-du-monde-escrime-fauteuil-maxime-valet-en-bronze-lors-de-la-premiere-journee\/\",\"name\":\"Coupe du monde Escrime fauteuil : Maxime Valet en bronze lors de la premi\u00e8re journ\u00e9e\",\"isPartOf\":{\"@id\":\"https:\/\/dicodusport.fr\/blog\/#website\"},\"primaryImageOfPage\":{\"@id\":\"https:\/\/dicodusport.fr\/blog\/coupe-du-monde-escrime-fauteuil-maxime-valet-en-bronze-lors-de-la-premiere-journee\/#primaryimage\"},\"image\":{\"@id\":\"https:\/\/dicodusport.fr\/blog\/coupe-du-monde-escrime-fauteuil-maxime-valet-en-bronze-lors-de-la-premiere-journee\/#primaryimage\"},\"thumbnailUrl\":\"https:\/\/dicodusport.fr\/blog\/wp-content\/uploads\/2021\/04\/Maxime-Valet-Escrime-fauteuil.jpg\",\"datePublished\":\"2023-04-21T08:57:35+00:00\",\"dateModified\":\"2023-04-21T08:58:41+00:00\",\"description\":\"COUPE DU MONDE ESCRIME FAUTEUIL - Maxime Valet a obtenu la m\u00e9daille de bronze lors de la 1e journ\u00e9e de l'\u00e9tape \u00e0 N\u00eemes.\",\"breadcrumb\":{\"@id\":\"https:\/\/dicodusport.fr\/blog\/coupe-du-monde-escrime-fauteuil-maxime-valet-en-bronze-lors-de-la-premiere-journee\/#breadcrumb\"},\"inLanguage\":\"fr-FR\",\"potentialAction\":[{\"@type\":\"ReadAction\",\"target\":[\"https:\/\/dicodusport.fr\/blog\/coupe-du-monde-escrime-fauteuil-maxime-valet-en-bronze-lors-de-la-premiere-journee\/\"]}]},{\"@type\":\"ImageObject\",\"inLanguage\":\"fr-FR\",\"@id\":\"https:\/\/dicodusport.fr\/blog\/coupe-du-monde-escrime-fauteuil-maxime-valet-en-bronze-lors-de-la-premiere-journee\/#primaryimage\",\"url\":\"https:\/\/dicodusport.fr\/blog\/wp-content\/uploads\/2021\/04\/Maxime-Valet-Escrime-fauteuil.jpg\",\"contentUrl\":\"https:\/\/dicodusport.fr\/blog\/wp-content\/uploads\/2021\/04\/Maxime-Valet-Escrime-fauteuil.jpg\",\"width\":2480,\"height\":1395,\"caption\":\"Maxime Valet Escrime fauteuil\"},{\"@type\":\"BreadcrumbList\",\"@id\":\"https:\/\/dicodusport.fr\/blog\/coupe-du-monde-escrime-fauteuil-maxime-valet-en-bronze-lors-de-la-premiere-journee\/#breadcrumb\",\"itemListElement\":[{\"@type\":\"ListItem\",\"position\":1,\"name\":\"Accueil\",\"item\":\"https:\/\/dicodusport.fr\/blog\/\"},{\"@type\":\"ListItem\",\"position\":2,\"name\":\"Coupe du monde Escrime fauteuil : Maxime Valet en bronze lors de la premi\u00e8re journ\u00e9e\"}]},{\"@type\":\"WebSite\",\"@id\":\"https:\/\/dicodusport.fr\/blog\/#website\",\"url\":\"https:\/\/dicodusport.fr\/blog\/\",\"name\":\"Dicodusport\",\"description\":\"L&#039;encyclop\u00e9die de l&#039;actualit\u00e9 sportive\",\"publisher\":{\"@id\":\"https:\/\/dicodusport.fr\/blog\/#organization\"},\"potentialAction\":[{\"@type\":\"SearchAction\",\"target\":{\"@type\":\"EntryPoint\",\"urlTemplate\":\"https:\/\/dicodusport.fr\/blog\/?s={search_term_string}\"},\"query-input\":{\"@type\":\"PropertyValueSpecification\",\"valueRequired\":true,\"valueName\":\"search_term_string\"}}],\"inLanguage\":\"fr-FR\"},{\"@type\":\"NewsMediaOrganization\",\"@id\":\"https:\/\/dicodusport.fr\/blog\/#organization\",\"name\":\"Dicodusport\",\"url\":\"https:\/\/dicodusport.fr\/blog\/\",\"logo\":{\"@type\":\"ImageObject\",\"inLanguage\":\"fr-FR\",\"@id\":\"https:\/\/dicodusport.fr\/blog\/#\/schema\/logo\/image\/\",\"url\":\"https:\/\/dicodusport.fr\/blog\/wp-content\/uploads\/2020\/06\/cropped-LOGO-DICODUSPORT-2020-SANS-FOND-SANS-TEXTE.png\",\"contentUrl\":\"https:\/\/dicodusport.fr\/blog\/wp-content\/uploads\/2020\/06\/cropped-LOGO-DICODUSPORT-2020-SANS-FOND-SANS-TEXTE.png\",\"width\":512,\"height\":512,\"caption\":\"Dicodusport\"},\"image\":{\"@id\":\"https:\/\/dicodusport.fr\/blog\/#\/schema\/logo\/image\/\"},\"sameAs\":[\"https:\/\/www.facebook.com\/dicodusport\",\"https:\/\/x.com\/dicodusport\",\"https:\/\/www.instagram.com\/dicodusport\/\",\"https:\/\/www.youtube.com\/channel\/UC7V2KZ5sd3htJivAbA4ZG3w\"],\"description\":\"Dicodusport est l'encyclop\u00e9die de l'actualit\u00e9 sportive.\",\"email\":\"bonjour@dicodusport.fr\",\"legalName\":\"DICODUSPORT\",\"foundingDate\":\"2018-01-14\",\"vatID\":\"FR71834470973\",\"taxID\":\"83447097300043\",\"numberOfEmployees\":{\"@type\":\"QuantitativeValue\",\"minValue\":\"1\",\"maxValue\":\"10\"}},{\"@type\":\"Person\",\"@id\":\"https:\/\/dicodusport.fr\/blog\/#\/schema\/person\/37def232098a7a5cbab3974a3690abb0\",\"name\":\"Maxime Cazenave\",\"image\":{\"@type\":\"ImageObject\",\"inLanguage\":\"fr-FR\",\"@id\":\"https:\/\/dicodusport.fr\/blog\/#\/schema\/person\/image\/\",\"url\":\"https:\/\/dicodusport.fr\/blog\/wp-content\/uploads\/2021\/05\/Maxime-Cazenave-150x150.jpg\",\"contentUrl\":\"https:\/\/dicodusport.fr\/blog\/wp-content\/uploads\/2021\/05\/Maxime-Cazenave-150x150.jpg\",\"caption\":\"Maxime Cazenave\"},\"description\":\"Journaliste\/R\u00e9dacteur depuis 2012 - Berc\u00e9 par l\u2019amour des Girondins de Bordeaux, les \u00e9checs de Christophe Moreau sur le Tour de France sous l'\u00e8re Lance Armstrong et le fade-away l\u00e9tal de Dirk Nowitzki, ma passion d\u00e9vorante pour le sport a toujours \u00e9t\u00e9 un pan incontournable de ma vie. Transmettre ma passion \u00e0 l\u2019\u00e9crit a \u00e9t\u00e9 une transition naturelle. Suiveur assidu de basket et de hockey sur glace, je garde toujours un peu de place pour suivre le cyclisme, le football et le maximum de performances fran\u00e7aises.\",\"sameAs\":[\"https:\/\/x.com\/https:\/\/twitter.com\/Maxime_Caze\"],\"url\":\"https:\/\/dicodusport.fr\/blog\/author\/maximec\/\"}]}<\/script>\n<!-- \/ Yoast SEO Premium plugin. -->","yoast_head_json":{"title":"Coupe du monde Escrime fauteuil : Maxime Valet en bronze lors de la premi\u00e8re journ\u00e9e","description":"COUPE DU MONDE ESCRIME FAUTEUIL - Maxime Valet a obtenu la m\u00e9daille de bronze lors de la 1e journ\u00e9e de l'\u00e9tape \u00e0 N\u00eemes.","robots":{"index":"index","follow":"follow","max-snippet":"max-snippet:-1","max-image-preview":"max-image-preview:large","max-video-preview":"max-video-preview:-1"},"canonical":"https:\/\/dicodusport.fr\/blog\/coupe-du-monde-escrime-fauteuil-maxime-valet-en-bronze-lors-de-la-premiere-journee\/","og_locale":"fr_FR","og_type":"article","og_title":"Coupe du monde Escrime fauteuil : Maxime Valet en bronze lors de la premi\u00e8re journ\u00e9e","og_description":"COUPE DU MONDE ESCRIME FAUTEUIL - Maxime Valet a obtenu la m\u00e9daille de bronze lors de la 1e journ\u00e9e de l'\u00e9tape \u00e0 N\u00eemes.","og_url":"https:\/\/dicodusport.fr\/blog\/coupe-du-monde-escrime-fauteuil-maxime-valet-en-bronze-lors-de-la-premiere-journee\/","og_site_name":"Dicodusport","article_publisher":"https:\/\/www.facebook.com\/dicodusport","article_published_time":"2023-04-21T08:57:35+00:00","article_modified_time":"2023-04-21T08:58:41+00:00","og_image":[{"width":2480,"height":1395,"url":"https:\/\/dicodusport.fr\/blog\/wp-content\/uploads\/2021\/04\/Maxime-Valet-Escrime-fauteuil.jpg","type":"image\/jpeg"}],"author":"Maxime Cazenave","twitter_card":"summary_large_image","twitter_title":"Coupe du monde Escrime fauteuil : Maxime Valet en bronze lors de la premi\u00e8re journ\u00e9e","twitter_creator":"@https:\/\/twitter.com\/Maxime_Caze","twitter_site":"@dicodusport","schema":{"@context":"https:\/\/schema.org","@graph":[{"@type":"NewsArticle","@id":"https:\/\/dicodusport.fr\/blog\/coupe-du-monde-escrime-fauteuil-maxime-valet-en-bronze-lors-de-la-premiere-journee\/#article","isPartOf":{"@id":"https:\/\/dicodusport.fr\/blog\/coupe-du-monde-escrime-fauteuil-maxime-valet-en-bronze-lors-de-la-premiere-journee\/"},"author":{"name":"Maxime Cazenave","@id":"https:\/\/dicodusport.fr\/blog\/#\/schema\/person\/37def232098a7a5cbab3974a3690abb0"},"headline":"Coupe du monde Escrime fauteuil : Maxime Valet en bronze lors de la premi\u00e8re journ\u00e9e","datePublished":"2023-04-21T08:57:35+00:00","dateModified":"2023-04-21T08:58:41+00:00","mainEntityOfPage":{"@id":"https:\/\/dicodusport.fr\/blog\/coupe-du-monde-escrime-fauteuil-maxime-valet-en-bronze-lors-de-la-premiere-journee\/"},"wordCount":269,"commentCount":0,"publisher":{"@id":"https:\/\/dicodusport.fr\/blog\/#organization"},"image":{"@id":"https:\/\/dicodusport.fr\/blog\/coupe-du-monde-escrime-fauteuil-maxime-valet-en-bronze-lors-de-la-premiere-journee\/#primaryimage"},"thumbnailUrl":"https:\/\/dicodusport.fr\/blog\/wp-content\/uploads\/2021\/04\/Maxime-Valet-Escrime-fauteuil.jpg","keywords":["br\u00e8ve","escrime fauteuil","N\u00eemes"],"articleSection":["Escrime","Handisport"],"inLanguage":"fr-FR","potentialAction":[{"@type":"CommentAction","name":"Comment","target":["https:\/\/dicodusport.fr\/blog\/coupe-du-monde-escrime-fauteuil-maxime-valet-en-bronze-lors-de-la-premiere-journee\/#respond"]}],"copyrightYear":"2023","copyrightHolder":{"@id":"https:\/\/dicodusport.fr\/blog\/#organization"}},{"@type":"WebPage","@id":"https:\/\/dicodusport.fr\/blog\/coupe-du-monde-escrime-fauteuil-maxime-valet-en-bronze-lors-de-la-premiere-journee\/","url":"https:\/\/dicodusport.fr\/blog\/coupe-du-monde-escrime-fauteuil-maxime-valet-en-bronze-lors-de-la-premiere-journee\/","name":"Coupe du monde Escrime fauteuil : Maxime Valet en bronze lors de la premi\u00e8re journ\u00e9e","isPartOf":{"@id":"https:\/\/dicodusport.fr\/blog\/#website"},"primaryImageOfPage":{"@id":"https:\/\/dicodusport.fr\/blog\/coupe-du-monde-escrime-fauteuil-maxime-valet-en-bronze-lors-de-la-premiere-journee\/#primaryimage"},"image":{"@id":"https:\/\/dicodusport.fr\/blog\/coupe-du-monde-escrime-fauteuil-maxime-valet-en-bronze-lors-de-la-premiere-journee\/#primaryimage"},"thumbnailUrl":"https:\/\/dicodusport.fr\/blog\/wp-content\/uploads\/2021\/04\/Maxime-Valet-Escrime-fauteuil.jpg","datePublished":"2023-04-21T08:57:35+00:00","dateModified":"2023-04-21T08:58:41+00:00","description":"COUPE DU MONDE ESCRIME FAUTEUIL - Maxime Valet a obtenu la m\u00e9daille de bronze lors de la 1e journ\u00e9e de l'\u00e9tape \u00e0 N\u00eemes.","breadcrumb":{"@id":"https:\/\/dicodusport.fr\/blog\/coupe-du-monde-escrime-fauteuil-maxime-valet-en-bronze-lors-de-la-premiere-journee\/#breadcrumb"},"inLanguage":"fr-FR","potentialAction":[{"@type":"ReadAction","target":["https:\/\/dicodusport.fr\/blog\/coupe-du-monde-escrime-fauteuil-maxime-valet-en-bronze-lors-de-la-premiere-journee\/"]}]},{"@type":"ImageObject","inLanguage":"fr-FR","@id":"https:\/\/dicodusport.fr\/blog\/coupe-du-monde-escrime-fauteuil-maxime-valet-en-bronze-lors-de-la-premiere-journee\/#primaryimage","url":"https:\/\/dicodusport.fr\/blog\/wp-content\/uploads\/2021\/04\/Maxime-Valet-Escrime-fauteuil.jpg","contentUrl":"https:\/\/dicodusport.fr\/blog\/wp-content\/uploads\/2021\/04\/Maxime-Valet-Escrime-fauteuil.jpg","width":2480,"height":1395,"caption":"Maxime Valet Escrime fauteuil"},{"@type":"BreadcrumbList","@id":"https:\/\/dicodusport.fr\/blog\/coupe-du-monde-escrime-fauteuil-maxime-valet-en-bronze-lors-de-la-premiere-journee\/#breadcrumb","itemListElement":[{"@type":"ListItem","position":1,"name":"Accueil","item":"https:\/\/dicodusport.fr\/blog\/"},{"@type":"ListItem","position":2,"name":"Coupe du monde Escrime fauteuil : Maxime Valet en bronze lors de la premi\u00e8re journ\u00e9e"}]},{"@type":"WebSite","@id":"https:\/\/dicodusport.fr\/blog\/#website","url":"https:\/\/dicodusport.fr\/blog\/","name":"Dicodusport","description":"L&#039;encyclop\u00e9die de l&#039;actualit\u00e9 sportive","publisher":{"@id":"https:\/\/dicodusport.fr\/blog\/#organization"},"potentialAction":[{"@type":"SearchAction","target":{"@type":"EntryPoint","urlTemplate":"https:\/\/dicodusport.fr\/blog\/?s={search_term_string}"},"query-input":{"@type":"PropertyValueSpecification","valueRequired":true,"valueName":"search_term_string"}}],"inLanguage":"fr-FR"},{"@type":"NewsMediaOrganization","@id":"https:\/\/dicodusport.fr\/blog\/#organization","name":"Dicodusport","url":"https:\/\/dicodusport.fr\/blog\/","logo":{"@type":"ImageObject","inLanguage":"fr-FR","@id":"https:\/\/dicodusport.fr\/blog\/#\/schema\/logo\/image\/","url":"https:\/\/dicodusport.fr\/blog\/wp-content\/uploads\/2020\/06\/cropped-LOGO-DICODUSPORT-2020-SANS-FOND-SANS-TEXTE.png","contentUrl":"https:\/\/dicodusport.fr\/blog\/wp-content\/uploads\/2020\/06\/cropped-LOGO-DICODUSPORT-2020-SANS-FOND-SANS-TEXTE.png","width":512,"height":512,"caption":"Dicodusport"},"image":{"@id":"https:\/\/dicodusport.fr\/blog\/#\/schema\/logo\/image\/"},"sameAs":["https:\/\/www.facebook.com\/dicodusport","https:\/\/x.com\/dicodusport","https:\/\/www.instagram.com\/dicodusport\/","https:\/\/www.youtube.com\/channel\/UC7V2KZ5sd3htJivAbA4ZG3w"],"description":"Dicodusport est l'encyclop\u00e9die de l'actualit\u00e9 sportive.","email":"bonjour@dicodusport.fr","legalName":"DICODUSPORT","foundingDate":"2018-01-14","vatID":"FR71834470973","taxID":"83447097300043","numberOfEmployees":{"@type":"QuantitativeValue","minValue":"1","maxValue":"10"}},{"@type":"Person","@id":"https:\/\/dicodusport.fr\/blog\/#\/schema\/person\/37def232098a7a5cbab3974a3690abb0","name":"Maxime Cazenave","image":{"@type":"ImageObject","inLanguage":"fr-FR","@id":"https:\/\/dicodusport.fr\/blog\/#\/schema\/person\/image\/","url":"https:\/\/dicodusport.fr\/blog\/wp-content\/uploads\/2021\/05\/Maxime-Cazenave-150x150.jpg","contentUrl":"https:\/\/dicodusport.fr\/blog\/wp-content\/uploads\/2021\/05\/Maxime-Cazenave-150x150.jpg","caption":"Maxime Cazenave"},"description":"Journaliste\/R\u00e9dacteur depuis 2012 - Berc\u00e9 par l\u2019amour des Girondins de Bordeaux, les \u00e9checs de Christophe Moreau sur le Tour de France sous l'\u00e8re Lance Armstrong et le fade-away l\u00e9tal de Dirk Nowitzki, ma passion d\u00e9vorante pour le sport a toujours \u00e9t\u00e9 un pan incontournable de ma vie. Transmettre ma passion \u00e0 l\u2019\u00e9crit a \u00e9t\u00e9 une transition naturelle. Suiveur assidu de basket et de hockey sur glace, je garde toujours un peu de place pour suivre le cyclisme, le football et le maximum de performances fran\u00e7aises.","sameAs":["https:\/\/x.com\/https:\/\/twitter.com\/Maxime_Caze"],"url":"https:\/\/dicodusport.fr\/blog\/author\/maximec\/"}]}},"_links":{"self":[{"href":"https:\/\/dicodusport.fr\/blog\/wp-json\/wp\/v2\/posts\/375955","targetHints":{"allow":["GET"]}}],"collection":[{"href":"https:\/\/dicodusport.fr\/blog\/wp-json\/wp\/v2\/posts"}],"about":[{"href":"https:\/\/dicodusport.fr\/blog\/wp-json\/wp\/v2\/types\/post"}],"author":[{"embeddable":true,"href":"https:\/\/dicodusport.fr\/blog\/wp-json\/wp\/v2\/users\/55"}],"replies":[{"embeddable":true,"href":"https:\/\/dicodusport.fr\/blog\/wp-json\/wp\/v2\/comments?post=375955"}],"version-history":[{"count":0,"href":"https:\/\/dicodusport.fr\/blog\/wp-json\/wp\/v2\/posts\/375955\/revisions"}],"wp:featuredmedia":[{"embeddable":true,"href":"https:\/\/dicodusport.fr\/blog\/wp-json\/wp\/v2\/media\/122024"}],"wp:attachment":[{"href":"https:\/\/dicodusport.fr\/blog\/wp-json\/wp\/v2\/media?parent=375955"}],"wp:term":[{"taxonomy":"category","embeddable":true,"href":"https:\/\/dicodusport.fr\/blog\/wp-json\/wp\/v2\/categories?post=375955"},{"taxonomy":"post_tag","embeddable":true,"href":"https:\/\/dicodusport.fr\/blog\/wp-json\/wp\/v2\/tags?post=375955"}],"curies":[{"name":"wp","href":"https:\/\/api.w.org\/{rel}","templated":true}]}}