{"id":376152,"date":"2023-04-22T12:17:13","date_gmt":"2023-04-22T10:17:13","guid":{"rendered":"https:\/\/dicodusport.fr\/blog\/?p=376152&#038;preview=true&#038;preview_id=376152"},"modified":"2023-04-22T12:40:51","modified_gmt":"2023-04-22T10:40:51","slug":"la-superiorite-de-pogacar-certains-coureurs-ca-la-mine-selon-benoit-cosnefroy","status":"publish","type":"post","link":"https:\/\/dicodusport.fr\/blog\/la-superiorite-de-pogacar-certains-coureurs-ca-la-mine-selon-benoit-cosnefroy\/","title":{"rendered":"La sup\u00e9riorit\u00e9 de Pogacar : \u00ab Certains coureurs, \u00e7a les mine \u00bb selon Beno\u00eet Cosnefroy"},"content":{"rendered":"<p align=\"justify\"><em><strong>CYCLISME SUR ROUTE &#8211; En marge de Li\u00e8ge-Bastogne-Li\u00e8ge, Beno\u00eet Cosnefroy (AG2R Citro\u00ebn) s&rsquo;est confi\u00e9 \u00e0 l&rsquo;AFP. Le Normand a \u00e9voqu\u00e9 l&rsquo;\u00e9crasante domination de Tadej Pogacar (UAE Team Emirates) depuis le d\u00e9but de la saison. Non sans lassitude.<\/strong><\/em><\/p>\n<p style=\"text-align: justify;\" align=\"justify\">Forfait sur la <a href=\"https:\/\/dicodusport.fr\/blog\/classement-la-fleche-wallonne-2023\/\">Fl\u00e8che Wallonne<\/a> pour cause de bronchite, <strong>Beno\u00eet Cosnefroy<\/strong> sera bien de la partie ce dimanche, pour <a href=\"https:\/\/dicodusport.fr\/blog\/liege-bastogne-liege-2023-parcours-et-profil\/\"><strong>Li\u00e8ge-Bastogne-Li\u00e8ge<\/strong><\/a>, un Monument qui lui va comme un gant. Mais le coureur d&rsquo;AG2R Citro\u00ebn n&rsquo;attend pas de <em>\u00ab miracle \u00bb<\/em> selon ses propres mots. <em>\u00ab<\/em> <i>Cela va beaucoup mieux, mais bien s\u00fbr, je ne suis pas \u00e0 100%, je n&rsquo;ai pratiquement pas roul\u00e9 de la semaine. Il n&rsquo;y a pas de miracle \u00e0 attendre \u00bb, <\/i>a-t-il indiqu\u00e9. Le Normand de 27 ans s&rsquo;est ensuite exprim\u00e9 sur la domination de <strong>Tadej Pogacar<\/strong> (UAE Team Emirates).<\/p>\n<h2 style=\"text-align: justify;\" align=\"justify\">\u00ab Certains coureurs, \u00e7a les mine \u00bb<\/h2>\n<p style=\"text-align: justify;\"><em>\u00ab Devant la t\u00e9l\u00e9, on adore. Mais malheureusement, le sc\u00e9nario est souvent le m\u00eame. Il n&rsquo;y a aucune ouverture en ce moment face \u00e0 ces leaders qui veulent tout gagner \u00bb<\/em>. Les mots de <strong>Beno\u00eet Cosnefroy<\/strong> font \u00e9cho \u00e0 ceux de nombreux coureurs du peloton actuellement. Face \u00e0 la supr\u00e9matie des Avengers du peloton, et surtout celle du Slov\u00e8ne, la lassitude tend \u00e0 s&rsquo;installer. \u00c9chapp\u00e9 avec<strong> Tadej Pogacar<\/strong> sur l&rsquo;Amstel Gold Race, <strong>Axel Zingle<\/strong> (Cofidis) \u00e9voquait un c\u00f4t\u00e9 <em>\u00ab un peu d\u00e9moralisant \u00bb<\/em>, dans les colonnes de nos confr\u00e8res d&rsquo;<a href=\"https:\/\/www.eurosport.fr\/cyclisme\/amstel-gold-race-women\/2023\/zingle-raconte-son-echappee-avec-pogacar-ca-a-un-cote-un-peu-demoralisant_sto9564853\/story.shtml\"><em>Eurosport<\/em><\/a>. <strong>Cosnefroy<\/strong>, lui, ne dit pas autre chose. Tout en gardant n\u00e9anmoins espoir.<\/p>\n<blockquote>\n<p style=\"text-align: justify;\">La r\u00e9alit\u00e9, c&rsquo;est que pour quasiment tous les managers, une deuxi\u00e8me place derri\u00e8re Tadej est d\u00e9j\u00e0 une victoire. Cela en devient triste. Certains coureurs, \u00e7a les mine. Ce n&rsquo;est pas mon cas, mais je suis content quand c&rsquo;est quelqu&rsquo;un d&rsquo;autre qui gagne. Je n&rsquo;aime pas forc\u00e9ment ce c\u00f4t\u00e9 imp\u00e9rialiste. [&#8230;] Je continue de croire que c&rsquo;est possible, car personne n&rsquo;est surhumain. C&rsquo;est peut-\u00eatre un tort, mais j&rsquo;ai toujours l&rsquo;espoir qu&rsquo;il y ait un sc\u00e9nario de course, une d\u00e9faillance de Tadej ou d&rsquo;un autre.<\/p>\n<\/blockquote>\n<p style=\"text-align: justify;\">Des mots forts, qui illustrent bien l&rsquo;\u00e9tat d&rsquo;esprit de bon nombre de coureurs du peloton actuellement. Car aussi beau et spectaculaire qu&rsquo;est ce cyclisme d\u00e9brid\u00e9 et sans calcul, le foss\u00e9 se creuse in\u00e9luctablement entre des champions qui raflent tout sur leur passage, et le reste du peloton qui tente d&rsquo;exister tant bien que mal.<\/p>\n<p style=\"text-align: justify;\">Pour autant, l&rsquo;exploit n&rsquo;est pas impossible. <strong>Beno\u00eet Cosnefroy<\/strong> peut en t\u00e9moigner. En septembre dernier, il avait brillamment remport\u00e9 le <a href=\"https:\/\/dicodusport.fr\/blog\/classement-grand-prix-de-quebec-2022\/\">Grand Prix de Qu\u00e9bec<\/a>, en solitaire. <strong>Wout Van Aert<\/strong> et <strong>Tadej Pogacar<\/strong> \u00e9taient au d\u00e9part de la course. L&rsquo;audace, dont a fait preuve ce jour-l\u00e0 le Fran\u00e7ais, avait \u00e9t\u00e9 r\u00e9compens\u00e9e. Mais dimanche, \u00e0 l&rsquo;occasion de la Doyenne des Classiques, <strong>Tadej Pogacar<\/strong>, en course pour le tripl\u00e9 ardennais, et<strong> Remco Evenepoel<\/strong>, motiv\u00e9 comme jamais pour conserver sa couronne, auront les cl\u00e9s de la course. Comme toujours lorsqu&rsquo;ils sont align\u00e9s.<\/p>\n<div class=\"vlp-link-container vlp-layout-article\"><a href=\"https:\/\/dicodusport.fr\/blog\/grand-prix-de-quebec-2022-benoit-cosnefroy-s-impose-en-costaud\/\" class=\"vlp-link\" title=\"Grand Prix de Qu\u00e9bec 2022 : Beno\u00eet Cosnefroy s&#039;impose en costaud !\"><\/a><div class=\"vlp-layout-zone-side\"><div class=\"vlp-block-4 vlp-link-image\"><img loading=\"lazy\" decoding=\"async\" style=\"max-width: 800px;\" width=\"800\" height=\"445\" src=\"https:\/\/dicodusport.fr\/blog\/wp-content\/uploads\/2022\/09\/Grand-Prix-de-Quebec-2022-Benoit-Cosnefroy-simpose-en-costaud-.png\" class=\"attachment-800x445 size-800x445\" alt=\"Grand Prix de Qu\u00e9bec 2022 Beno\u00eet Cosnefroy s&#039;impose en costaud !\" srcset=\"https:\/\/dicodusport.fr\/blog\/wp-content\/uploads\/2022\/09\/Grand-Prix-de-Quebec-2022-Benoit-Cosnefroy-simpose-en-costaud-.png 800w, https:\/\/dicodusport.fr\/blog\/wp-content\/uploads\/2022\/09\/Grand-Prix-de-Quebec-2022-Benoit-Cosnefroy-simpose-en-costaud--300x167.png 300w, https:\/\/dicodusport.fr\/blog\/wp-content\/uploads\/2022\/09\/Grand-Prix-de-Quebec-2022-Benoit-Cosnefroy-simpose-en-costaud--768x427.png 768w\" sizes=\"auto, (max-width: 800px) 100vw, 800px\" \/><\/div><\/div><div class=\"vlp-layout-zone-main\"><div class=\"vlp-block-0 vlp-link-title\">Grand Prix de Qu\u00e9bec 2022 : Beno\u00eet Cosnefroy s'impose en costaud !<\/div><div class=\"vlp-block-1 vlp-link-summary\">CYCLISME SUR ROUTE 2022 - Beno\u00eet Cosnefroy (AG2r Citro\u00ebn) a remport\u00e9 le Grand Prix Cycliste de Qu\u00e9bec, ce vendredi. Il a devanc\u00e9 Michael Matthews (Team BikeExchange Jayco) et Biniam Girmay (Intermarch\u00e9 Wanty Gobert).<\/div><div class=\"vlp-block-2 vlp-link-button\">Lire l'article<\/div><div class=\"vlp-block-3 vlp-link-url\">dicodusport.fr<\/div><\/div><\/div>\n<h2 style=\"text-align: justify;\">\u00c0 lire aussi<\/h2>\n<ul>\n<li style=\"text-align: justify;\"><strong><a href=\"https:\/\/dicodusport.fr\/blog\/liege-bastogne-liege-2023-a-quelle-heure-et-sur-quelle-chaine-tv\/\">\u00c0 quelle heure et sur quelle cha\u00eene regarder Li\u00e8ge-Bastogne-Li\u00e8ge ?<\/a>\u00a0<\/strong><\/li>\n<li style=\"text-align: justify;\"><strong><a href=\"https:\/\/dicodusport.fr\/blog\/liege-bastogne-liege-2023-les-engages\/\">Les engag\u00e9s de Li\u00e8ge-Bastogne-Li\u00e8ge 2023<\/a>\u00a0<\/strong><\/li>\n<li style=\"text-align: justify;\"><strong><a href=\"https:\/\/dicodusport.fr\/blog\/liege-bastogne-liege-2023-favoris-et-outsiders\/\">Favoris et outsiders de Li\u00e8ge-Bastogne-Li\u00e8ge 2023<\/a>\u00a0<\/strong><\/li>\n<\/ul>\n","protected":false},"excerpt":{"rendered":"<p>CYCLISME SUR ROUTE &#8211; En marge de Li\u00e8ge-Bastogne-Li\u00e8ge, Beno\u00eet Cosnefroy (AG2R Citro\u00ebn) s&rsquo;est confi\u00e9 \u00e0 l&rsquo;AFP. Le Normand a \u00e9voqu\u00e9 l&rsquo;\u00e9crasante domination de Tadej Pogacar (UAE Team Emirates) depuis le d\u00e9but de la saison. Non sans lassitude.<\/p>\n","protected":false},"author":4,"featured_media":376154,"comment_status":"open","ping_status":"closed","sticky":false,"template":"","format":"standard","meta":{"_acf_changed":false,"_daextam_enable_autolinks":"","footnotes":""},"categories":[46994],"tags":[8140,16878,4165,11674],"class_list":["post-376152","post","type-post","status-publish","format-standard","has-post-thumbnail","hentry","category-cyclisme-sur-route","tag-benoit-cosnefroy","tag-breve","tag-liege-bastogne-liege","tag-tadej-pogacar"],"acf":[],"yoast_head":"<!-- This site is optimized with the Yoast SEO Premium plugin v26.7 (Yoast SEO v26.7) - https:\/\/yoast.com\/wordpress\/plugins\/seo\/ -->\n<title>La sup\u00e9riorit\u00e9 de Pogacar : \u00ab Certains coureurs, \u00e7a les mine \u00bb selon Beno\u00eet Cosnefroy<\/title>\n<meta name=\"description\" content=\"CYCLISME SUR ROUTE - En marge de Li\u00e8ge-Bastogne-Li\u00e8ge, Beno\u00eet Cosnefroy (AG2R Citro\u00ebn) s&#039;est confi\u00e9 \u00e0 l&#039;AFP.\" \/>\n<meta name=\"robots\" content=\"index, follow, max-snippet:-1, max-image-preview:large, max-video-preview:-1\" \/>\n<link rel=\"canonical\" href=\"https:\/\/dicodusport.fr\/blog\/la-superiorite-de-pogacar-certains-coureurs-ca-la-mine-selon-benoit-cosnefroy\/\" \/>\n<meta property=\"og:locale\" content=\"fr_FR\" \/>\n<meta property=\"og:type\" content=\"article\" \/>\n<meta property=\"og:title\" content=\"La sup\u00e9riorit\u00e9 de Pogacar : \u00ab Certains coureurs, \u00e7a les mine \u00bb selon Beno\u00eet Cosnefroy\" \/>\n<meta property=\"og:description\" content=\"CYCLISME SUR ROUTE - En marge de Li\u00e8ge-Bastogne-Li\u00e8ge, Beno\u00eet Cosnefroy (AG2R Citro\u00ebn) s&#039;est confi\u00e9 \u00e0 l&#039;AFP.\" \/>\n<meta property=\"og:url\" content=\"https:\/\/dicodusport.fr\/blog\/la-superiorite-de-pogacar-certains-coureurs-ca-la-mine-selon-benoit-cosnefroy\/\" \/>\n<meta property=\"og:site_name\" content=\"Dicodusport\" \/>\n<meta property=\"article:publisher\" content=\"https:\/\/www.facebook.com\/dicodusport\" \/>\n<meta property=\"article:author\" content=\"https:\/\/www.facebook.com\/florent.ostermann\" \/>\n<meta property=\"article:published_time\" content=\"2023-04-22T10:17:13+00:00\" \/>\n<meta property=\"article:modified_time\" content=\"2023-04-22T10:40:51+00:00\" \/>\n<meta property=\"og:image\" content=\"https:\/\/dicodusport.fr\/blog\/wp-content\/uploads\/2023\/04\/La-superiorite-de-Pogacar-Certains-coureurs-ca-la-mine-selon-Benoit-Cosnefroy.png\" \/>\n\t<meta property=\"og:image:width\" content=\"800\" \/>\n\t<meta property=\"og:image:height\" content=\"445\" \/>\n\t<meta property=\"og:image:type\" content=\"image\/png\" \/>\n<meta name=\"author\" content=\"Flo Ostermann\" \/>\n<meta name=\"twitter:card\" content=\"summary_large_image\" \/>\n<meta name=\"twitter:title\" content=\"La sup\u00e9riorit\u00e9 de Pogacar : \u00ab Certains coureurs, \u00e7a les mine \u00bb selon Beno\u00eet Cosnefroy\" \/>\n<meta name=\"twitter:creator\" content=\"@https:\/\/twitter.com\/FlOstermann\" \/>\n<meta name=\"twitter:site\" content=\"@dicodusport\" \/>\n<script type=\"application\/ld+json\" class=\"yoast-schema-graph\">{\"@context\":\"https:\/\/schema.org\",\"@graph\":[{\"@type\":\"NewsArticle\",\"@id\":\"https:\/\/dicodusport.fr\/blog\/la-superiorite-de-pogacar-certains-coureurs-ca-la-mine-selon-benoit-cosnefroy\/#article\",\"isPartOf\":{\"@id\":\"https:\/\/dicodusport.fr\/blog\/la-superiorite-de-pogacar-certains-coureurs-ca-la-mine-selon-benoit-cosnefroy\/\"},\"author\":{\"name\":\"Flo Ostermann\",\"@id\":\"https:\/\/dicodusport.fr\/blog\/#\/schema\/person\/cb02af4c173ce4a653b55e9baf388d4a\"},\"headline\":\"La sup\u00e9riorit\u00e9 de Pogacar : \u00ab Certains coureurs, \u00e7a les mine \u00bb selon Beno\u00eet Cosnefroy\",\"datePublished\":\"2023-04-22T10:17:13+00:00\",\"dateModified\":\"2023-04-22T10:40:51+00:00\",\"mainEntityOfPage\":{\"@id\":\"https:\/\/dicodusport.fr\/blog\/la-superiorite-de-pogacar-certains-coureurs-ca-la-mine-selon-benoit-cosnefroy\/\"},\"wordCount\":642,\"commentCount\":0,\"publisher\":{\"@id\":\"https:\/\/dicodusport.fr\/blog\/#organization\"},\"image\":{\"@id\":\"https:\/\/dicodusport.fr\/blog\/la-superiorite-de-pogacar-certains-coureurs-ca-la-mine-selon-benoit-cosnefroy\/#primaryimage\"},\"thumbnailUrl\":\"https:\/\/dicodusport.fr\/blog\/wp-content\/uploads\/2023\/04\/La-superiorite-de-Pogacar-Certains-coureurs-ca-la-mine-selon-Benoit-Cosnefroy.png\",\"keywords\":[\"Beno\u00eet Cosnefroy\",\"br\u00e8ve\",\"Li\u00e8ge-Bastogne-Li\u00e8ge\",\"Tadej Pogacar\"],\"articleSection\":[\"Cyclisme sur route\"],\"inLanguage\":\"fr-FR\",\"potentialAction\":[{\"@type\":\"CommentAction\",\"name\":\"Comment\",\"target\":[\"https:\/\/dicodusport.fr\/blog\/la-superiorite-de-pogacar-certains-coureurs-ca-la-mine-selon-benoit-cosnefroy\/#respond\"]}],\"copyrightYear\":\"2023\",\"copyrightHolder\":{\"@id\":\"https:\/\/dicodusport.fr\/blog\/#organization\"}},{\"@type\":\"WebPage\",\"@id\":\"https:\/\/dicodusport.fr\/blog\/la-superiorite-de-pogacar-certains-coureurs-ca-la-mine-selon-benoit-cosnefroy\/\",\"url\":\"https:\/\/dicodusport.fr\/blog\/la-superiorite-de-pogacar-certains-coureurs-ca-la-mine-selon-benoit-cosnefroy\/\",\"name\":\"La sup\u00e9riorit\u00e9 de Pogacar : \u00ab Certains coureurs, \u00e7a les mine \u00bb selon Beno\u00eet Cosnefroy\",\"isPartOf\":{\"@id\":\"https:\/\/dicodusport.fr\/blog\/#website\"},\"primaryImageOfPage\":{\"@id\":\"https:\/\/dicodusport.fr\/blog\/la-superiorite-de-pogacar-certains-coureurs-ca-la-mine-selon-benoit-cosnefroy\/#primaryimage\"},\"image\":{\"@id\":\"https:\/\/dicodusport.fr\/blog\/la-superiorite-de-pogacar-certains-coureurs-ca-la-mine-selon-benoit-cosnefroy\/#primaryimage\"},\"thumbnailUrl\":\"https:\/\/dicodusport.fr\/blog\/wp-content\/uploads\/2023\/04\/La-superiorite-de-Pogacar-Certains-coureurs-ca-la-mine-selon-Benoit-Cosnefroy.png\",\"datePublished\":\"2023-04-22T10:17:13+00:00\",\"dateModified\":\"2023-04-22T10:40:51+00:00\",\"description\":\"CYCLISME SUR ROUTE - En marge de Li\u00e8ge-Bastogne-Li\u00e8ge, Beno\u00eet Cosnefroy (AG2R Citro\u00ebn) s'est confi\u00e9 \u00e0 l'AFP.\",\"breadcrumb\":{\"@id\":\"https:\/\/dicodusport.fr\/blog\/la-superiorite-de-pogacar-certains-coureurs-ca-la-mine-selon-benoit-cosnefroy\/#breadcrumb\"},\"inLanguage\":\"fr-FR\",\"potentialAction\":[{\"@type\":\"ReadAction\",\"target\":[\"https:\/\/dicodusport.fr\/blog\/la-superiorite-de-pogacar-certains-coureurs-ca-la-mine-selon-benoit-cosnefroy\/\"]}]},{\"@type\":\"ImageObject\",\"inLanguage\":\"fr-FR\",\"@id\":\"https:\/\/dicodusport.fr\/blog\/la-superiorite-de-pogacar-certains-coureurs-ca-la-mine-selon-benoit-cosnefroy\/#primaryimage\",\"url\":\"https:\/\/dicodusport.fr\/blog\/wp-content\/uploads\/2023\/04\/La-superiorite-de-Pogacar-Certains-coureurs-ca-la-mine-selon-Benoit-Cosnefroy.png\",\"contentUrl\":\"https:\/\/dicodusport.fr\/blog\/wp-content\/uploads\/2023\/04\/La-superiorite-de-Pogacar-Certains-coureurs-ca-la-mine-selon-Benoit-Cosnefroy.png\",\"width\":800,\"height\":445,\"caption\":\"Beno\u00eet Cosnefroy n'a pas r\u00e9ussi \u00e0 performer en 2023 - Photo Icon Sport\"},{\"@type\":\"BreadcrumbList\",\"@id\":\"https:\/\/dicodusport.fr\/blog\/la-superiorite-de-pogacar-certains-coureurs-ca-la-mine-selon-benoit-cosnefroy\/#breadcrumb\",\"itemListElement\":[{\"@type\":\"ListItem\",\"position\":1,\"name\":\"Accueil\",\"item\":\"https:\/\/dicodusport.fr\/blog\/\"},{\"@type\":\"ListItem\",\"position\":2,\"name\":\"La sup\u00e9riorit\u00e9 de Pogacar : \u00ab Certains coureurs, \u00e7a les mine \u00bb selon Beno\u00eet Cosnefroy\"}]},{\"@type\":\"WebSite\",\"@id\":\"https:\/\/dicodusport.fr\/blog\/#website\",\"url\":\"https:\/\/dicodusport.fr\/blog\/\",\"name\":\"Dicodusport\",\"description\":\"L&#039;encyclop\u00e9die de l&#039;actualit\u00e9 sportive\",\"publisher\":{\"@id\":\"https:\/\/dicodusport.fr\/blog\/#organization\"},\"potentialAction\":[{\"@type\":\"SearchAction\",\"target\":{\"@type\":\"EntryPoint\",\"urlTemplate\":\"https:\/\/dicodusport.fr\/blog\/?s={search_term_string}\"},\"query-input\":{\"@type\":\"PropertyValueSpecification\",\"valueRequired\":true,\"valueName\":\"search_term_string\"}}],\"inLanguage\":\"fr-FR\"},{\"@type\":\"NewsMediaOrganization\",\"@id\":\"https:\/\/dicodusport.fr\/blog\/#organization\",\"name\":\"Dicodusport\",\"url\":\"https:\/\/dicodusport.fr\/blog\/\",\"logo\":{\"@type\":\"ImageObject\",\"inLanguage\":\"fr-FR\",\"@id\":\"https:\/\/dicodusport.fr\/blog\/#\/schema\/logo\/image\/\",\"url\":\"https:\/\/dicodusport.fr\/blog\/wp-content\/uploads\/2020\/06\/cropped-LOGO-DICODUSPORT-2020-SANS-FOND-SANS-TEXTE.png\",\"contentUrl\":\"https:\/\/dicodusport.fr\/blog\/wp-content\/uploads\/2020\/06\/cropped-LOGO-DICODUSPORT-2020-SANS-FOND-SANS-TEXTE.png\",\"width\":512,\"height\":512,\"caption\":\"Dicodusport\"},\"image\":{\"@id\":\"https:\/\/dicodusport.fr\/blog\/#\/schema\/logo\/image\/\"},\"sameAs\":[\"https:\/\/www.facebook.com\/dicodusport\",\"https:\/\/x.com\/dicodusport\",\"https:\/\/www.instagram.com\/dicodusport\/\",\"https:\/\/www.youtube.com\/channel\/UC7V2KZ5sd3htJivAbA4ZG3w\"],\"description\":\"Dicodusport est l'encyclop\u00e9die de l'actualit\u00e9 sportive.\",\"email\":\"bonjour@dicodusport.fr\",\"legalName\":\"DICODUSPORT\",\"foundingDate\":\"2018-01-14\",\"vatID\":\"FR71834470973\",\"taxID\":\"83447097300043\",\"numberOfEmployees\":{\"@type\":\"QuantitativeValue\",\"minValue\":\"1\",\"maxValue\":\"10\"}},{\"@type\":\"Person\",\"@id\":\"https:\/\/dicodusport.fr\/blog\/#\/schema\/person\/cb02af4c173ce4a653b55e9baf388d4a\",\"name\":\"Flo Ostermann\",\"image\":{\"@type\":\"ImageObject\",\"inLanguage\":\"fr-FR\",\"@id\":\"https:\/\/dicodusport.fr\/blog\/#\/schema\/person\/image\/\",\"url\":\"https:\/\/dicodusport.fr\/blog\/wp-content\/uploads\/2021\/05\/Flo-Ostermann-150x150.jpg\",\"contentUrl\":\"https:\/\/dicodusport.fr\/blog\/wp-content\/uploads\/2021\/05\/Flo-Ostermann-150x150.jpg\",\"caption\":\"Flo Ostermann\"},\"description\":\"Journaliste\/R\u00e9dacteur depuis septembre 2015 - Mes premiers souvenirs dans le sport ? Les envol\u00e9es du Stade Toulousain et les duels Villeneuve-Schumacher et H\u00e4kkinen-Schumacher \u00e0 la fin des ann\u00e9es 90, la Coupe du monde de football en 1998, l\u2019exploit du XV de France face aux All Blacks en 1999, mais aussi Richard C\u0153ur de Lion qui vole sur les montagnes du Tour de France. Bien parti pour devenir professeur d\u2019EPS, les \u00e9v\u00e9nements de la vie (et la flemme d\u2019animer des s\u00e9ances de 3x500 m\u00e8tres toute ma vie) m\u2019ont conduit \u00e0 revoir mes plans. Me voil\u00e0 depuis fin 2017 sur Dicodusport, m\u00e9dia gr\u00e2ce (et pour) lequel je partage ma passion : le sport dans tous ses \u00e9tats. Le tout accompagn\u00e9 par les fous furieux et folles furieuses cit\u00e9s sur cette page !\",\"sameAs\":[\"https:\/\/www.facebook.com\/florent.ostermann\",\"https:\/\/x.com\/https:\/\/twitter.com\/FlOstermann\",\"admin\"],\"url\":\"https:\/\/dicodusport.fr\/blog\/author\/flo\/\"}]}<\/script>\n<!-- \/ Yoast SEO Premium plugin. -->","yoast_head_json":{"title":"La sup\u00e9riorit\u00e9 de Pogacar : \u00ab Certains coureurs, \u00e7a les mine \u00bb selon Beno\u00eet Cosnefroy","description":"CYCLISME SUR ROUTE - En marge de Li\u00e8ge-Bastogne-Li\u00e8ge, Beno\u00eet Cosnefroy (AG2R Citro\u00ebn) s'est confi\u00e9 \u00e0 l'AFP.","robots":{"index":"index","follow":"follow","max-snippet":"max-snippet:-1","max-image-preview":"max-image-preview:large","max-video-preview":"max-video-preview:-1"},"canonical":"https:\/\/dicodusport.fr\/blog\/la-superiorite-de-pogacar-certains-coureurs-ca-la-mine-selon-benoit-cosnefroy\/","og_locale":"fr_FR","og_type":"article","og_title":"La sup\u00e9riorit\u00e9 de Pogacar : \u00ab Certains coureurs, \u00e7a les mine \u00bb selon Beno\u00eet Cosnefroy","og_description":"CYCLISME SUR ROUTE - En marge de Li\u00e8ge-Bastogne-Li\u00e8ge, Beno\u00eet Cosnefroy (AG2R Citro\u00ebn) s'est confi\u00e9 \u00e0 l'AFP.","og_url":"https:\/\/dicodusport.fr\/blog\/la-superiorite-de-pogacar-certains-coureurs-ca-la-mine-selon-benoit-cosnefroy\/","og_site_name":"Dicodusport","article_publisher":"https:\/\/www.facebook.com\/dicodusport","article_author":"https:\/\/www.facebook.com\/florent.ostermann","article_published_time":"2023-04-22T10:17:13+00:00","article_modified_time":"2023-04-22T10:40:51+00:00","og_image":[{"width":800,"height":445,"url":"https:\/\/dicodusport.fr\/blog\/wp-content\/uploads\/2023\/04\/La-superiorite-de-Pogacar-Certains-coureurs-ca-la-mine-selon-Benoit-Cosnefroy.png","type":"image\/png"}],"author":"Flo Ostermann","twitter_card":"summary_large_image","twitter_title":"La sup\u00e9riorit\u00e9 de Pogacar : \u00ab Certains coureurs, \u00e7a les mine \u00bb selon Beno\u00eet Cosnefroy","twitter_creator":"@https:\/\/twitter.com\/FlOstermann","twitter_site":"@dicodusport","schema":{"@context":"https:\/\/schema.org","@graph":[{"@type":"NewsArticle","@id":"https:\/\/dicodusport.fr\/blog\/la-superiorite-de-pogacar-certains-coureurs-ca-la-mine-selon-benoit-cosnefroy\/#article","isPartOf":{"@id":"https:\/\/dicodusport.fr\/blog\/la-superiorite-de-pogacar-certains-coureurs-ca-la-mine-selon-benoit-cosnefroy\/"},"author":{"name":"Flo Ostermann","@id":"https:\/\/dicodusport.fr\/blog\/#\/schema\/person\/cb02af4c173ce4a653b55e9baf388d4a"},"headline":"La sup\u00e9riorit\u00e9 de Pogacar : \u00ab Certains coureurs, \u00e7a les mine \u00bb selon Beno\u00eet Cosnefroy","datePublished":"2023-04-22T10:17:13+00:00","dateModified":"2023-04-22T10:40:51+00:00","mainEntityOfPage":{"@id":"https:\/\/dicodusport.fr\/blog\/la-superiorite-de-pogacar-certains-coureurs-ca-la-mine-selon-benoit-cosnefroy\/"},"wordCount":642,"commentCount":0,"publisher":{"@id":"https:\/\/dicodusport.fr\/blog\/#organization"},"image":{"@id":"https:\/\/dicodusport.fr\/blog\/la-superiorite-de-pogacar-certains-coureurs-ca-la-mine-selon-benoit-cosnefroy\/#primaryimage"},"thumbnailUrl":"https:\/\/dicodusport.fr\/blog\/wp-content\/uploads\/2023\/04\/La-superiorite-de-Pogacar-Certains-coureurs-ca-la-mine-selon-Benoit-Cosnefroy.png","keywords":["Beno\u00eet Cosnefroy","br\u00e8ve","Li\u00e8ge-Bastogne-Li\u00e8ge","Tadej Pogacar"],"articleSection":["Cyclisme sur route"],"inLanguage":"fr-FR","potentialAction":[{"@type":"CommentAction","name":"Comment","target":["https:\/\/dicodusport.fr\/blog\/la-superiorite-de-pogacar-certains-coureurs-ca-la-mine-selon-benoit-cosnefroy\/#respond"]}],"copyrightYear":"2023","copyrightHolder":{"@id":"https:\/\/dicodusport.fr\/blog\/#organization"}},{"@type":"WebPage","@id":"https:\/\/dicodusport.fr\/blog\/la-superiorite-de-pogacar-certains-coureurs-ca-la-mine-selon-benoit-cosnefroy\/","url":"https:\/\/dicodusport.fr\/blog\/la-superiorite-de-pogacar-certains-coureurs-ca-la-mine-selon-benoit-cosnefroy\/","name":"La sup\u00e9riorit\u00e9 de Pogacar : \u00ab Certains coureurs, \u00e7a les mine \u00bb selon Beno\u00eet Cosnefroy","isPartOf":{"@id":"https:\/\/dicodusport.fr\/blog\/#website"},"primaryImageOfPage":{"@id":"https:\/\/dicodusport.fr\/blog\/la-superiorite-de-pogacar-certains-coureurs-ca-la-mine-selon-benoit-cosnefroy\/#primaryimage"},"image":{"@id":"https:\/\/dicodusport.fr\/blog\/la-superiorite-de-pogacar-certains-coureurs-ca-la-mine-selon-benoit-cosnefroy\/#primaryimage"},"thumbnailUrl":"https:\/\/dicodusport.fr\/blog\/wp-content\/uploads\/2023\/04\/La-superiorite-de-Pogacar-Certains-coureurs-ca-la-mine-selon-Benoit-Cosnefroy.png","datePublished":"2023-04-22T10:17:13+00:00","dateModified":"2023-04-22T10:40:51+00:00","description":"CYCLISME SUR ROUTE - En marge de Li\u00e8ge-Bastogne-Li\u00e8ge, Beno\u00eet Cosnefroy (AG2R Citro\u00ebn) s'est confi\u00e9 \u00e0 l'AFP.","breadcrumb":{"@id":"https:\/\/dicodusport.fr\/blog\/la-superiorite-de-pogacar-certains-coureurs-ca-la-mine-selon-benoit-cosnefroy\/#breadcrumb"},"inLanguage":"fr-FR","potentialAction":[{"@type":"ReadAction","target":["https:\/\/dicodusport.fr\/blog\/la-superiorite-de-pogacar-certains-coureurs-ca-la-mine-selon-benoit-cosnefroy\/"]}]},{"@type":"ImageObject","inLanguage":"fr-FR","@id":"https:\/\/dicodusport.fr\/blog\/la-superiorite-de-pogacar-certains-coureurs-ca-la-mine-selon-benoit-cosnefroy\/#primaryimage","url":"https:\/\/dicodusport.fr\/blog\/wp-content\/uploads\/2023\/04\/La-superiorite-de-Pogacar-Certains-coureurs-ca-la-mine-selon-Benoit-Cosnefroy.png","contentUrl":"https:\/\/dicodusport.fr\/blog\/wp-content\/uploads\/2023\/04\/La-superiorite-de-Pogacar-Certains-coureurs-ca-la-mine-selon-Benoit-Cosnefroy.png","width":800,"height":445,"caption":"Beno\u00eet Cosnefroy n'a pas r\u00e9ussi \u00e0 performer en 2023 - Photo Icon Sport"},{"@type":"BreadcrumbList","@id":"https:\/\/dicodusport.fr\/blog\/la-superiorite-de-pogacar-certains-coureurs-ca-la-mine-selon-benoit-cosnefroy\/#breadcrumb","itemListElement":[{"@type":"ListItem","position":1,"name":"Accueil","item":"https:\/\/dicodusport.fr\/blog\/"},{"@type":"ListItem","position":2,"name":"La sup\u00e9riorit\u00e9 de Pogacar : \u00ab Certains coureurs, \u00e7a les mine \u00bb selon Beno\u00eet Cosnefroy"}]},{"@type":"WebSite","@id":"https:\/\/dicodusport.fr\/blog\/#website","url":"https:\/\/dicodusport.fr\/blog\/","name":"Dicodusport","description":"L&#039;encyclop\u00e9die de l&#039;actualit\u00e9 sportive","publisher":{"@id":"https:\/\/dicodusport.fr\/blog\/#organization"},"potentialAction":[{"@type":"SearchAction","target":{"@type":"EntryPoint","urlTemplate":"https:\/\/dicodusport.fr\/blog\/?s={search_term_string}"},"query-input":{"@type":"PropertyValueSpecification","valueRequired":true,"valueName":"search_term_string"}}],"inLanguage":"fr-FR"},{"@type":"NewsMediaOrganization","@id":"https:\/\/dicodusport.fr\/blog\/#organization","name":"Dicodusport","url":"https:\/\/dicodusport.fr\/blog\/","logo":{"@type":"ImageObject","inLanguage":"fr-FR","@id":"https:\/\/dicodusport.fr\/blog\/#\/schema\/logo\/image\/","url":"https:\/\/dicodusport.fr\/blog\/wp-content\/uploads\/2020\/06\/cropped-LOGO-DICODUSPORT-2020-SANS-FOND-SANS-TEXTE.png","contentUrl":"https:\/\/dicodusport.fr\/blog\/wp-content\/uploads\/2020\/06\/cropped-LOGO-DICODUSPORT-2020-SANS-FOND-SANS-TEXTE.png","width":512,"height":512,"caption":"Dicodusport"},"image":{"@id":"https:\/\/dicodusport.fr\/blog\/#\/schema\/logo\/image\/"},"sameAs":["https:\/\/www.facebook.com\/dicodusport","https:\/\/x.com\/dicodusport","https:\/\/www.instagram.com\/dicodusport\/","https:\/\/www.youtube.com\/channel\/UC7V2KZ5sd3htJivAbA4ZG3w"],"description":"Dicodusport est l'encyclop\u00e9die de l'actualit\u00e9 sportive.","email":"bonjour@dicodusport.fr","legalName":"DICODUSPORT","foundingDate":"2018-01-14","vatID":"FR71834470973","taxID":"83447097300043","numberOfEmployees":{"@type":"QuantitativeValue","minValue":"1","maxValue":"10"}},{"@type":"Person","@id":"https:\/\/dicodusport.fr\/blog\/#\/schema\/person\/cb02af4c173ce4a653b55e9baf388d4a","name":"Flo Ostermann","image":{"@type":"ImageObject","inLanguage":"fr-FR","@id":"https:\/\/dicodusport.fr\/blog\/#\/schema\/person\/image\/","url":"https:\/\/dicodusport.fr\/blog\/wp-content\/uploads\/2021\/05\/Flo-Ostermann-150x150.jpg","contentUrl":"https:\/\/dicodusport.fr\/blog\/wp-content\/uploads\/2021\/05\/Flo-Ostermann-150x150.jpg","caption":"Flo Ostermann"},"description":"Journaliste\/R\u00e9dacteur depuis septembre 2015 - Mes premiers souvenirs dans le sport ? Les envol\u00e9es du Stade Toulousain et les duels Villeneuve-Schumacher et H\u00e4kkinen-Schumacher \u00e0 la fin des ann\u00e9es 90, la Coupe du monde de football en 1998, l\u2019exploit du XV de France face aux All Blacks en 1999, mais aussi Richard C\u0153ur de Lion qui vole sur les montagnes du Tour de France. Bien parti pour devenir professeur d\u2019EPS, les \u00e9v\u00e9nements de la vie (et la flemme d\u2019animer des s\u00e9ances de 3x500 m\u00e8tres toute ma vie) m\u2019ont conduit \u00e0 revoir mes plans. Me voil\u00e0 depuis fin 2017 sur Dicodusport, m\u00e9dia gr\u00e2ce (et pour) lequel je partage ma passion : le sport dans tous ses \u00e9tats. Le tout accompagn\u00e9 par les fous furieux et folles furieuses cit\u00e9s sur cette page !","sameAs":["https:\/\/www.facebook.com\/florent.ostermann","https:\/\/x.com\/https:\/\/twitter.com\/FlOstermann","admin"],"url":"https:\/\/dicodusport.fr\/blog\/author\/flo\/"}]}},"_links":{"self":[{"href":"https:\/\/dicodusport.fr\/blog\/wp-json\/wp\/v2\/posts\/376152","targetHints":{"allow":["GET"]}}],"collection":[{"href":"https:\/\/dicodusport.fr\/blog\/wp-json\/wp\/v2\/posts"}],"about":[{"href":"https:\/\/dicodusport.fr\/blog\/wp-json\/wp\/v2\/types\/post"}],"author":[{"embeddable":true,"href":"https:\/\/dicodusport.fr\/blog\/wp-json\/wp\/v2\/users\/4"}],"replies":[{"embeddable":true,"href":"https:\/\/dicodusport.fr\/blog\/wp-json\/wp\/v2\/comments?post=376152"}],"version-history":[{"count":0,"href":"https:\/\/dicodusport.fr\/blog\/wp-json\/wp\/v2\/posts\/376152\/revisions"}],"wp:featuredmedia":[{"embeddable":true,"href":"https:\/\/dicodusport.fr\/blog\/wp-json\/wp\/v2\/media\/376154"}],"wp:attachment":[{"href":"https:\/\/dicodusport.fr\/blog\/wp-json\/wp\/v2\/media?parent=376152"}],"wp:term":[{"taxonomy":"category","embeddable":true,"href":"https:\/\/dicodusport.fr\/blog\/wp-json\/wp\/v2\/categories?post=376152"},{"taxonomy":"post_tag","embeddable":true,"href":"https:\/\/dicodusport.fr\/blog\/wp-json\/wp\/v2\/tags?post=376152"}],"curies":[{"name":"wp","href":"https:\/\/api.w.org\/{rel}","templated":true}]}}