{"id":376448,"date":"2023-04-23T16:56:31","date_gmt":"2023-04-23T14:56:31","guid":{"rendered":"https:\/\/dicodusport.fr\/blog\/?p=376448&#038;preview=true&#038;preview_id=376448"},"modified":"2023-04-23T19:34:38","modified_gmt":"2023-04-23T17:34:38","slug":"liege-bastogne-liege-2023-victoire-de-remco-evenepoel-seul-au-monde","status":"publish","type":"post","link":"https:\/\/dicodusport.fr\/blog\/liege-bastogne-liege-2023-victoire-de-remco-evenepoel-seul-au-monde\/","title":{"rendered":"Li\u00e8ge-Bastogne-Li\u00e8ge 2023 : Victoire de Remco Evenepoel, seul au monde"},"content":{"rendered":"<p style=\"text-align: justify;\"><em><strong>LI\u00c8GE-BASTOGNE-LI\u00c8GE 2023 \u2013 Remco Evenepoel (Soudal Quick-Step) s&rsquo;est impos\u00e9 en solitaire sur la 109\u00e8me \u00e9dition de La Doyenne, \u00e0 Li\u00e8ge, dimanche. Il conserve sa couronne, maillot de champion du monde sur les \u00e9paules.<\/strong><\/em><\/p>\n<p style=\"text-align: justify;\">La 109\u00e8me \u00e9dition Li\u00e8ge-Bastogne-Li\u00e8ge proposait 258,5 kilom\u00e8tres et 11 c\u00f4tes aujourd&rsquo;hui. <strong>Sam Oomen<\/strong> et <strong>Tosh Van der Sande<\/strong> (Jumbo-Visma) ont renonc\u00e9 au d\u00e9part en raison de tests positifs au Covid, alors que <strong>Samuele Battistella<\/strong> (Astana Qazaqstan) n&rsquo;a pas pris le d\u00e9part en raison de maladie.<\/p>\n<p style=\"text-align: justify;\">D&rsquo;abord, onze coureurs ont constitu\u00e9 l&rsquo;\u00e9chapp\u00e9e matinale : <strong>Jason Osborne<\/strong> (Alpecin-Deceuninck), <strong>Mathis Le Berre<\/strong> (Arkea-Samsic), <strong>Lars Van der Berg<\/strong> (Groupama-FDJ), <strong>Paul Ourselin<\/strong> (TotalEnergies), <strong>Georg Zimmermann<\/strong> (Intermarch\u00e9-Circus-Wanty), <a href=\"https:\/\/dicodusport.fr\/blog\/classement-route-adelie-de-vitre-2023\/\">le vainqueur de La Route Ad\u00e9lie<\/a> <strong>Fredrik Dversnes<\/strong> (Uno-X Pro Cycling), <strong>Simone Velasco<\/strong> (Astana), <strong>Johan Meens<\/strong> (Bingoal WB), <strong>Alexandre Balmer<\/strong> (Jayco AlUla), <strong>Ruben Apers<\/strong> (Team Flanders-Baloise) et <strong>Hector Carretero<\/strong> (Kern Pharma). Le peloton a laiss\u00e9 jusqu&rsquo;\u00e0 5 minutes d&rsquo;avance apr\u00e8s 46 kilom\u00e8tres de course. \u00c0 noter qu&rsquo;en cinq participations, <strong>Paul Ourselin<\/strong> (TotalEnergies) a particip\u00e9 \u00e0 quatre reprises \u00e0 l&rsquo;\u00e9chapp\u00e9e matinale sur La Doyenne.<\/p>\n<h2 style=\"text-align: justify;\">Tadej Pogacar abandonne<\/h2>\n<p style=\"text-align: justify;\">Puis, les \u00e9quipes INEOS Grenadiers, Soudal Quick-Step, EF Education EasyPost et UAE Team Emirates ont pris les commandes de la poursuite avec un vent de face sur la premi\u00e8re moiti\u00e9 du parcours jusqu&rsquo;\u00e0 Bastogne. Malheureusement, le vainqueur de l&rsquo;\u00e9dition 2021, <strong>Tadej Pogacar<\/strong> (UAE Team Emirates), a \u00e9t\u00e9 contraint \u00e0 l&rsquo;abandon apr\u00e8s une chute au kilom\u00e8tre 84. Le coureur slov\u00e8ne a chut\u00e9 en compagnie de <strong>Mikkel Honor\u00e9<\/strong> (EF Education EasyPost) qui lui aussi a abandonn\u00e9.<\/p>\n<div class=\"vlp-link-container vlp-layout-article\"><a href=\"https:\/\/dicodusport.fr\/blog\/abandon-de-tadej-pogacar-sur-liege-bastogne-liege\/\" class=\"vlp-link\" title=\"Abandon de Tadej Pogacar sur Li\u00e8ge-Bastogne-Li\u00e8ge\"><\/a><div class=\"vlp-layout-zone-side\"><div class=\"vlp-block-4 vlp-link-image\"><img loading=\"lazy\" decoding=\"async\" style=\"max-width: 800px;\" width=\"800\" height=\"445\" src=\"https:\/\/dicodusport.fr\/blog\/wp-content\/uploads\/2023\/04\/Abandon-de-Tadej-Pogacar-sur-Liege-Bastogne-Liege.png\" class=\"attachment-800x445 size-800x445\" alt=\"Abandon de Tadej Pogacar sur Li\u00e8ge-Bastogne-Li\u00e8ge\" srcset=\"https:\/\/dicodusport.fr\/blog\/wp-content\/uploads\/2023\/04\/Abandon-de-Tadej-Pogacar-sur-Liege-Bastogne-Liege.png 800w, https:\/\/dicodusport.fr\/blog\/wp-content\/uploads\/2023\/04\/Abandon-de-Tadej-Pogacar-sur-Liege-Bastogne-Liege-300x167.png 300w, https:\/\/dicodusport.fr\/blog\/wp-content\/uploads\/2023\/04\/Abandon-de-Tadej-Pogacar-sur-Liege-Bastogne-Liege-768x427.png 768w\" sizes=\"auto, (max-width: 800px) 100vw, 800px\" \/><\/div><\/div><div class=\"vlp-layout-zone-main\"><div class=\"vlp-block-0 vlp-link-title\">Abandon de Tadej Pogacar sur Li\u00e8ge-Bastogne-Li\u00e8ge<\/div><div class=\"vlp-block-1 vlp-link-summary\">LI\u00c8GE-BASTOGNE-LI\u00c8GE - Coup de tonnerre sur la Doyenne ! L'un des deux grands favoris, Tadej Pogacar (UAE Team Emirates), a abandonn\u00e9 sur chute, apr\u00e8s 85 kilom\u00e8tres de course.<\/div><div class=\"vlp-block-2 vlp-link-button\">Lire l'article<\/div><div class=\"vlp-block-3 vlp-link-url\">dicodusport.fr<\/div><\/div><\/div>\n<p style=\"text-align: justify;\">Par la suite, la Soudal Quick-Step a assum\u00e9 le poids de la course avec ce changement de sc\u00e9nario avec <strong>Remco Evenepoel<\/strong> comme seul grand favori alors que la m\u00e9sentente s&rsquo;est install\u00e9e dans le groupe de t\u00eate, provoquant une forte baisse de l&rsquo;\u00e9cart. L&rsquo;avance est pass\u00e9e sous les 2 minutes avant la C\u00f4te de Mont-le-Soie. <strong>Alexandre Balmer<\/strong> (Jayco AlUla), <strong>Ruben Apers<\/strong> (Team Flanders-Baloise) et <strong>Hector Carretero<\/strong> (Kern Pharma) ont \u00e9t\u00e9 l\u00e2ch\u00e9s de l&rsquo;\u00e9chapp\u00e9e matinale dans cette difficult\u00e9. Au sein du peloton, les \u00e9quipiers de Remco Evenepoel ont provoqu\u00e9 une v\u00e9ritable course s\u00e9lective, avec deux derni\u00e8res heures de course disput\u00e9es sous la pluie.<\/p>\n<h2 style=\"text-align: justify;\">Beaucoup d&rsquo;outsiders \u00e9limin\u00e9s<\/h2>\n<p style=\"text-align: justify;\">Dans la c\u00f4te de Wanne, <strong>Jan Tratnik<\/strong> (Jumbo-Visma) a acc\u00e9l\u00e9r\u00e9, suivi de <strong>Magnus Sheffield<\/strong> (INEOS Grenadiers). Tandis que <strong>Fredrik Dversnes<\/strong> (Uno-X Pro Cycling) et <strong>Johan Meens<\/strong> (Bingoal WB) ont perdu le contact avec les hommes de t\u00eate. <strong>Enric Mas<\/strong> (Movistar) et <strong>Mikel Landa<\/strong> (Bahrain Victorious) ont perdu tout espoir de bien figurer en \u00e9tant distanc\u00e9s. Ensuite, <strong>Jan Tratnik<\/strong> (Jumbo-Visma) s&rsquo;est d\u00e9barrass\u00e9 de <strong>Magnus Sheffield<\/strong> (INEOS Grenadiers) dans la c\u00f4te de Stockeu. Devant, <strong>Mathis Le Berre<\/strong> (Arkea Samsic) a \u00e9t\u00e9 l\u00e2ch\u00e9.\u00a0<strong>Valentin Madouas\u00a0<\/strong>(Groupama FDJ) avait un temps suivi l&rsquo;attaque du Slov\u00e8ne, mais le coureur fran\u00e7ais a pr\u00e9f\u00e9r\u00e9 se relever pour garder des forces, voyant le peloton emmen\u00e9 \u00e0 vive allure.<\/p>\n<p style=\"text-align: justify;\">Ensuite, <strong>Alexey Lutsenko<\/strong> (Astana Qazaqstan) et <strong>Beno\u00eet Cosnefroy<\/strong> (AG2R Citro\u00ebn) ont \u00e9t\u00e9 l\u00e2ch\u00e9s du peloton dans la c\u00f4te de La Haute-Lev\u00e9e alors que <strong>Jan Tratnik<\/strong> (Jumbo-Visma) est revenu sur les cinq rescap\u00e9s de l&rsquo;\u00e9chapp\u00e9e matinale \u00e0 65 kilom\u00e8tres de l&rsquo;arriv\u00e9e, avec plus d&rsquo;une minute d&rsquo;avance sur le peloton. <strong>Jan Tratnik<\/strong> (Jumbo-Visma) n&rsquo;\u00e9tait plus accompagn\u00e9 que de <strong>Simone Velasco<\/strong> (Astana Qazaqstan) apr\u00e8s le col du Rosier.<\/p>\n<h2 style=\"text-align: justify;\">Remco Evenepoel s&rsquo;envole vers le doubl\u00e9<\/h2>\n<p style=\"text-align: justify;\">Dans la c\u00f4te de La Redoute, les deux \u00e9chapp\u00e9s ont \u00e9t\u00e9 aval\u00e9s par un peloton tr\u00e8s amaigri. Au sommet de la difficult\u00e9, <strong>Remco Evenepoel<\/strong> (Soudal Quick-Step) a port\u00e9 son attaque. <strong>Tom Pidcock<\/strong> (INEOS Grenadiers) a recoll\u00e9 dans la partie technique de la descente. Mais, le Britannique n&rsquo;a pas pu suivre le champion du monde dans une portion montante \u00e0 30 kilom\u00e8tres de l&rsquo;arriv\u00e9e. Cinq kilom\u00e8tres plus loin, <strong>Tom Pidcock<\/strong> (INEOS Grenadiers) a \u00e9t\u00e9 repris par <strong>Mattias Skjelmose Jensen<\/strong> et <strong>Giulio Ciccone<\/strong> (Trek Segafredo). Un groupe est revenu sur le groupe de chasse apr\u00e8s la c\u00f4te des Forges.<\/p>\n<blockquote class=\"twitter-tweet\">\n<p dir=\"ltr\" lang=\"fr\"><a href=\"https:\/\/twitter.com\/hashtag\/LBL?src=hash&amp;ref_src=twsrc%5Etfw\">#LBL<\/a> | \ud83d\udeb4\u26a1\ufe0f Tom Pidcock refusait de prendre des relais, Remco Evenepoel l&rsquo;a test\u00e9 d\u00e8s le pied de la c\u00f4te de Corn\u00e9mont et le Belge s&rsquo;envole vers un doubl\u00e9.<\/p>\n<p>\u25b6\ufe0f Suivez Li\u00e8ge-Bastogne-Li\u00e8ge en direct : <a href=\"https:\/\/t.co\/NiHsg9N3wL\">https:\/\/t.co\/NiHsg9N3wL<\/a> <a href=\"https:\/\/t.co\/4NAIcPw4yU\">pic.twitter.com\/4NAIcPw4yU<\/a><\/p>\n<p>\u2014 francetvsport (@francetvsport) <a href=\"https:\/\/twitter.com\/francetvsport\/status\/1650141340070563842?ref_src=twsrc%5Etfw\">April 23, 2023<\/a><\/p><\/blockquote>\n<p><script async src=\"https:\/\/platform.twitter.com\/widgets.js\" charset=\"utf-8\"><\/script><\/p>\n<p style=\"text-align: justify;\">Dans la c\u00f4te de la Roche-aux-Faucons, <strong>Remco Evenepoel<\/strong> (Soudal Quick-Step) avait plus d&rsquo;une minute d&rsquo;avance sur ses poursuivants. Derri\u00e8re, <strong>Ben Healy<\/strong> (EF Education EasyPost), <strong>Tom Pidcock<\/strong> (INEOS Grenadiers) et <strong>Santiago Buitrago<\/strong> (Bahrain Victorious) ont r\u00e9ussi \u00e0 creuser une petite avance dans le groupe de chasse.<\/p>\n<h2 style=\"text-align: justify;\">Deux Fran\u00e7ais dans le top 10<\/h2>\n<p style=\"text-align: justify;\">Finalement, <strong>Remco Evenepoel<\/strong> (Soudal Quick-Step) s&rsquo;est impos\u00e9 en solitaire pour signer sa 41e victoire en carri\u00e8re. <strong>Tom Pidcock<\/strong> (INEOS Grenadiers) a devanc\u00e9 <strong>Santiago Buitrago<\/strong> (Bahrain Victorious) et <strong>Ben Healy<\/strong> (EF Education EasyPost) pour la deuxi\u00e8me place \u00e0 1 minute et 6 secondes. <strong>Valentin Madouas<\/strong> (Groupama FDJ) a pris la cinqui\u00e8me place devant <strong>Guillaume Martin<\/strong> (Cofidis) \u00e0 1 minute 24.<\/p>\n<p style=\"text-align: justify;\">Il faut revenir en 1998 pour voir un coureur garder son titre sur Liege-Bastogne-Li\u00e8ge avec <strong>Michele Bartoli<\/strong>. Santiago Buitrago est devenu le premier Colombien \u00e0 monter sur le podium \u00e0 Li\u00e8ge.<\/p>\n<blockquote class=\"twitter-tweet\">\n<p dir=\"ltr\" lang=\"fr\">Bravo Remco ! Evenepoel conserve son titre sur Li\u00e8ge-Bastogne-Li\u00e8ge, qu&rsquo;il remporte en solitaire apr\u00e8s une attaque d\u00e9cisive \u00e0 une trentaine de kilom\u00e8tres de l&rsquo;arriv\u00e9e <a href=\"https:\/\/twitter.com\/hashtag\/LBL?src=hash&amp;ref_src=twsrc%5Etfw\">#LBL<\/a> <a href=\"https:\/\/twitter.com\/hashtag\/LesRP?src=hash&amp;ref_src=twsrc%5Etfw\">#LesRP<\/a> <a href=\"https:\/\/t.co\/gbL3gQEv27\">pic.twitter.com\/gbL3gQEv27<\/a><\/p>\n<p>\u2014 Eurosport France (@Eurosport_FR) <a href=\"https:\/\/twitter.com\/Eurosport_FR\/status\/1650152756802363394?ref_src=twsrc%5Etfw\">April 23, 2023<\/a><\/p><\/blockquote>\n<p><script async src=\"https:\/\/platform.twitter.com\/widgets.js\" charset=\"utf-8\"><\/script><\/p>\n<h2 style=\"text-align: justify;\">\u00c0 lire aussi<\/h2>\n<ul>\n<li style=\"text-align: justify;\"><a href=\"https:\/\/dicodusport.fr\/blog\/classement-liege-bastogne-liege-2023\/\"><strong>Le classement de Li\u00e8ge-Bastogne-Li\u00e8ge 2023<\/strong><\/a><\/li>\n<\/ul>\n","protected":false},"excerpt":{"rendered":"<p>LI\u00c8GE-BASTOGNE-LI\u00c8GE 2023 \u2013 Remco Evenepoel (Soudal Quick-Step) s&rsquo;est impos\u00e9 en solitaire sur la 109\u00e8me \u00e9dition de La Doyenne, \u00e0 Li\u00e8ge, dimanche. Il conserve sa couronne, maillot de champion du monde sur les \u00e9paules.<\/p>\n","protected":false},"author":48,"featured_media":376618,"comment_status":"open","ping_status":"closed","sticky":false,"template":"","format":"standard","meta":{"_acf_changed":false,"_daextam_enable_autolinks":"","footnotes":""},"categories":[46994],"tags":[3119,16878,4165,24],"class_list":["post-376448","post","type-post","status-publish","format-standard","has-post-thumbnail","hentry","category-cyclisme-sur-route","tag-actualite-cyclisme","tag-breve","tag-liege-bastogne-liege","tag-sport"],"acf":[],"yoast_head":"<!-- This site is optimized with the Yoast SEO Premium plugin v26.7 (Yoast SEO v26.7) - https:\/\/yoast.com\/wordpress\/plugins\/seo\/ -->\n<title>Li\u00e8ge-Bastogne-Li\u00e8ge 2023 : Victoire de Remco Evenepoel, seul au monde<\/title>\n<meta name=\"description\" content=\"LI\u00c8GE-BASTOGNE-LI\u00c8GE 2023 \u2013 Remco Evenepoel (Soudal Quick-Step) s&#039;est impos\u00e9 sur la 109\u00e8me \u00e9dition de la Doyenne, ce dimanche.\" \/>\n<meta name=\"robots\" content=\"index, follow, max-snippet:-1, max-image-preview:large, max-video-preview:-1\" \/>\n<link rel=\"canonical\" href=\"https:\/\/dicodusport.fr\/blog\/liege-bastogne-liege-2023-victoire-de-remco-evenepoel-seul-au-monde\/\" \/>\n<meta property=\"og:locale\" content=\"fr_FR\" \/>\n<meta property=\"og:type\" content=\"article\" \/>\n<meta property=\"og:title\" content=\"Li\u00e8ge-Bastogne-Li\u00e8ge 2023 : Victoire de Remco Evenepoel, seul au monde\" \/>\n<meta property=\"og:description\" content=\"LI\u00c8GE-BASTOGNE-LI\u00c8GE 2023 \u2013 Remco Evenepoel (Soudal Quick-Step) s&#039;est impos\u00e9 sur la 109\u00e8me \u00e9dition de la Doyenne, ce dimanche.\" \/>\n<meta property=\"og:url\" content=\"https:\/\/dicodusport.fr\/blog\/liege-bastogne-liege-2023-victoire-de-remco-evenepoel-seul-au-monde\/\" \/>\n<meta property=\"og:site_name\" content=\"Dicodusport\" \/>\n<meta property=\"article:publisher\" content=\"https:\/\/www.facebook.com\/dicodusport\" \/>\n<meta property=\"article:author\" content=\"https:\/\/www.facebook.com\/groups\/LesRoisDuPeloton\" \/>\n<meta property=\"article:published_time\" content=\"2023-04-23T14:56:31+00:00\" \/>\n<meta property=\"article:modified_time\" content=\"2023-04-23T17:34:38+00:00\" \/>\n<meta property=\"og:image\" content=\"https:\/\/dicodusport.fr\/blog\/wp-content\/uploads\/2023\/04\/Liege-Bastogne-Liege-2023-Victoire-de-Remco-Evenepoel-seul-au-monde-2.png\" \/>\n\t<meta property=\"og:image:width\" content=\"800\" \/>\n\t<meta property=\"og:image:height\" content=\"445\" \/>\n\t<meta property=\"og:image:type\" content=\"image\/png\" \/>\n<meta name=\"author\" content=\"Emilien Descampiaux\" \/>\n<meta name=\"twitter:card\" content=\"summary_large_image\" \/>\n<meta name=\"twitter:title\" content=\"Li\u00e8ge-Bastogne-Li\u00e8ge 2023 : Victoire de Remco Evenepoel, seul au monde\" \/>\n<meta name=\"twitter:creator\" content=\"@https:\/\/twitter.com\/LRoisDuPeloton\" \/>\n<meta name=\"twitter:site\" content=\"@dicodusport\" \/>\n<script type=\"application\/ld+json\" class=\"yoast-schema-graph\">{\"@context\":\"https:\/\/schema.org\",\"@graph\":[{\"@type\":\"NewsArticle\",\"@id\":\"https:\/\/dicodusport.fr\/blog\/liege-bastogne-liege-2023-victoire-de-remco-evenepoel-seul-au-monde\/#article\",\"isPartOf\":{\"@id\":\"https:\/\/dicodusport.fr\/blog\/liege-bastogne-liege-2023-victoire-de-remco-evenepoel-seul-au-monde\/\"},\"author\":{\"name\":\"Emilien Descampiaux\",\"@id\":\"https:\/\/dicodusport.fr\/blog\/#\/schema\/person\/6db4bae06b171592211be385b32876a7\"},\"headline\":\"Li\u00e8ge-Bastogne-Li\u00e8ge 2023 : Victoire de Remco Evenepoel, seul au monde\",\"datePublished\":\"2023-04-23T14:56:31+00:00\",\"dateModified\":\"2023-04-23T17:34:38+00:00\",\"mainEntityOfPage\":{\"@id\":\"https:\/\/dicodusport.fr\/blog\/liege-bastogne-liege-2023-victoire-de-remco-evenepoel-seul-au-monde\/\"},\"wordCount\":1029,\"commentCount\":0,\"publisher\":{\"@id\":\"https:\/\/dicodusport.fr\/blog\/#organization\"},\"image\":{\"@id\":\"https:\/\/dicodusport.fr\/blog\/liege-bastogne-liege-2023-victoire-de-remco-evenepoel-seul-au-monde\/#primaryimage\"},\"thumbnailUrl\":\"https:\/\/dicodusport.fr\/blog\/wp-content\/uploads\/2023\/04\/Liege-Bastogne-Liege-2023-Victoire-de-Remco-Evenepoel-seul-au-monde-2.png\",\"keywords\":[\"Actualit\u00e9 Cyclisme\",\"br\u00e8ve\",\"Li\u00e8ge-Bastogne-Li\u00e8ge\",\"sport\"],\"articleSection\":[\"Cyclisme sur route\"],\"inLanguage\":\"fr-FR\",\"potentialAction\":[{\"@type\":\"CommentAction\",\"name\":\"Comment\",\"target\":[\"https:\/\/dicodusport.fr\/blog\/liege-bastogne-liege-2023-victoire-de-remco-evenepoel-seul-au-monde\/#respond\"]}],\"copyrightYear\":\"2023\",\"copyrightHolder\":{\"@id\":\"https:\/\/dicodusport.fr\/blog\/#organization\"}},{\"@type\":\"WebPage\",\"@id\":\"https:\/\/dicodusport.fr\/blog\/liege-bastogne-liege-2023-victoire-de-remco-evenepoel-seul-au-monde\/\",\"url\":\"https:\/\/dicodusport.fr\/blog\/liege-bastogne-liege-2023-victoire-de-remco-evenepoel-seul-au-monde\/\",\"name\":\"Li\u00e8ge-Bastogne-Li\u00e8ge 2023 : Victoire de Remco Evenepoel, seul au monde\",\"isPartOf\":{\"@id\":\"https:\/\/dicodusport.fr\/blog\/#website\"},\"primaryImageOfPage\":{\"@id\":\"https:\/\/dicodusport.fr\/blog\/liege-bastogne-liege-2023-victoire-de-remco-evenepoel-seul-au-monde\/#primaryimage\"},\"image\":{\"@id\":\"https:\/\/dicodusport.fr\/blog\/liege-bastogne-liege-2023-victoire-de-remco-evenepoel-seul-au-monde\/#primaryimage\"},\"thumbnailUrl\":\"https:\/\/dicodusport.fr\/blog\/wp-content\/uploads\/2023\/04\/Liege-Bastogne-Liege-2023-Victoire-de-Remco-Evenepoel-seul-au-monde-2.png\",\"datePublished\":\"2023-04-23T14:56:31+00:00\",\"dateModified\":\"2023-04-23T17:34:38+00:00\",\"description\":\"LI\u00c8GE-BASTOGNE-LI\u00c8GE 2023 \u2013 Remco Evenepoel (Soudal Quick-Step) s'est impos\u00e9 sur la 109\u00e8me \u00e9dition de la Doyenne, ce dimanche.\",\"breadcrumb\":{\"@id\":\"https:\/\/dicodusport.fr\/blog\/liege-bastogne-liege-2023-victoire-de-remco-evenepoel-seul-au-monde\/#breadcrumb\"},\"inLanguage\":\"fr-FR\",\"potentialAction\":[{\"@type\":\"ReadAction\",\"target\":[\"https:\/\/dicodusport.fr\/blog\/liege-bastogne-liege-2023-victoire-de-remco-evenepoel-seul-au-monde\/\"]}]},{\"@type\":\"ImageObject\",\"inLanguage\":\"fr-FR\",\"@id\":\"https:\/\/dicodusport.fr\/blog\/liege-bastogne-liege-2023-victoire-de-remco-evenepoel-seul-au-monde\/#primaryimage\",\"url\":\"https:\/\/dicodusport.fr\/blog\/wp-content\/uploads\/2023\/04\/Liege-Bastogne-Liege-2023-Victoire-de-Remco-Evenepoel-seul-au-monde-2.png\",\"contentUrl\":\"https:\/\/dicodusport.fr\/blog\/wp-content\/uploads\/2023\/04\/Liege-Bastogne-Liege-2023-Victoire-de-Remco-Evenepoel-seul-au-monde-2.png\",\"width\":800,\"height\":445,\"caption\":\"Li\u00e8ge-Bastogne-Li\u00e8ge 2023 Victoire de Remco Evenepoel, seul au monde (2)\"},{\"@type\":\"BreadcrumbList\",\"@id\":\"https:\/\/dicodusport.fr\/blog\/liege-bastogne-liege-2023-victoire-de-remco-evenepoel-seul-au-monde\/#breadcrumb\",\"itemListElement\":[{\"@type\":\"ListItem\",\"position\":1,\"name\":\"Accueil\",\"item\":\"https:\/\/dicodusport.fr\/blog\/\"},{\"@type\":\"ListItem\",\"position\":2,\"name\":\"Li\u00e8ge-Bastogne-Li\u00e8ge 2023 : Victoire de Remco Evenepoel, seul au monde\"}]},{\"@type\":\"WebSite\",\"@id\":\"https:\/\/dicodusport.fr\/blog\/#website\",\"url\":\"https:\/\/dicodusport.fr\/blog\/\",\"name\":\"Dicodusport\",\"description\":\"L&#039;encyclop\u00e9die de l&#039;actualit\u00e9 sportive\",\"publisher\":{\"@id\":\"https:\/\/dicodusport.fr\/blog\/#organization\"},\"potentialAction\":[{\"@type\":\"SearchAction\",\"target\":{\"@type\":\"EntryPoint\",\"urlTemplate\":\"https:\/\/dicodusport.fr\/blog\/?s={search_term_string}\"},\"query-input\":{\"@type\":\"PropertyValueSpecification\",\"valueRequired\":true,\"valueName\":\"search_term_string\"}}],\"inLanguage\":\"fr-FR\"},{\"@type\":\"NewsMediaOrganization\",\"@id\":\"https:\/\/dicodusport.fr\/blog\/#organization\",\"name\":\"Dicodusport\",\"url\":\"https:\/\/dicodusport.fr\/blog\/\",\"logo\":{\"@type\":\"ImageObject\",\"inLanguage\":\"fr-FR\",\"@id\":\"https:\/\/dicodusport.fr\/blog\/#\/schema\/logo\/image\/\",\"url\":\"https:\/\/dicodusport.fr\/blog\/wp-content\/uploads\/2020\/06\/cropped-LOGO-DICODUSPORT-2020-SANS-FOND-SANS-TEXTE.png\",\"contentUrl\":\"https:\/\/dicodusport.fr\/blog\/wp-content\/uploads\/2020\/06\/cropped-LOGO-DICODUSPORT-2020-SANS-FOND-SANS-TEXTE.png\",\"width\":512,\"height\":512,\"caption\":\"Dicodusport\"},\"image\":{\"@id\":\"https:\/\/dicodusport.fr\/blog\/#\/schema\/logo\/image\/\"},\"sameAs\":[\"https:\/\/www.facebook.com\/dicodusport\",\"https:\/\/x.com\/dicodusport\",\"https:\/\/www.instagram.com\/dicodusport\/\",\"https:\/\/www.youtube.com\/channel\/UC7V2KZ5sd3htJivAbA4ZG3w\"],\"description\":\"Dicodusport est l'encyclop\u00e9die de l'actualit\u00e9 sportive.\",\"email\":\"bonjour@dicodusport.fr\",\"legalName\":\"DICODUSPORT\",\"foundingDate\":\"2018-01-14\",\"vatID\":\"FR71834470973\",\"taxID\":\"83447097300043\",\"numberOfEmployees\":{\"@type\":\"QuantitativeValue\",\"minValue\":\"1\",\"maxValue\":\"10\"}},{\"@type\":\"Person\",\"@id\":\"https:\/\/dicodusport.fr\/blog\/#\/schema\/person\/6db4bae06b171592211be385b32876a7\",\"name\":\"Emilien Descampiaux\",\"image\":{\"@type\":\"ImageObject\",\"inLanguage\":\"fr-FR\",\"@id\":\"https:\/\/dicodusport.fr\/blog\/#\/schema\/person\/image\/\",\"url\":\"https:\/\/dicodusport.fr\/blog\/wp-content\/uploads\/2021\/05\/Emilien-Descampiaux-150x150.jpg\",\"contentUrl\":\"https:\/\/dicodusport.fr\/blog\/wp-content\/uploads\/2021\/05\/Emilien-Descampiaux-150x150.jpg\",\"caption\":\"Emilien Descampiaux\"},\"description\":\"Journaliste\/r\u00e9dacteur depuis 2014 - Fan de la classe de Frank Vandenbroucke, je vis cyclisme (et de ses paysages) depuis plus de 20 ans. Je suis tr\u00e8s impliqu\u00e9 sur mes diff\u00e9rents r\u00e9seaux sociaux pour partager ma passion sur le monde et l'Histoire de la bicyclette avec ma voix sur les images en noir et blanc du succ\u00e8s de Rik Van Steenbergen lors du Ronde sur le V\u00e9lodrome de Gand.\",\"sameAs\":[\"https:\/\/www.facebook.com\/groups\/LesRoisDuPeloton\",\"https:\/\/x.com\/https:\/\/twitter.com\/LRoisDuPeloton\"],\"url\":\"https:\/\/dicodusport.fr\/blog\/author\/emiliend\/\"}]}<\/script>\n<!-- \/ Yoast SEO Premium plugin. -->","yoast_head_json":{"title":"Li\u00e8ge-Bastogne-Li\u00e8ge 2023 : Victoire de Remco Evenepoel, seul au monde","description":"LI\u00c8GE-BASTOGNE-LI\u00c8GE 2023 \u2013 Remco Evenepoel (Soudal Quick-Step) s'est impos\u00e9 sur la 109\u00e8me \u00e9dition de la Doyenne, ce dimanche.","robots":{"index":"index","follow":"follow","max-snippet":"max-snippet:-1","max-image-preview":"max-image-preview:large","max-video-preview":"max-video-preview:-1"},"canonical":"https:\/\/dicodusport.fr\/blog\/liege-bastogne-liege-2023-victoire-de-remco-evenepoel-seul-au-monde\/","og_locale":"fr_FR","og_type":"article","og_title":"Li\u00e8ge-Bastogne-Li\u00e8ge 2023 : Victoire de Remco Evenepoel, seul au monde","og_description":"LI\u00c8GE-BASTOGNE-LI\u00c8GE 2023 \u2013 Remco Evenepoel (Soudal Quick-Step) s'est impos\u00e9 sur la 109\u00e8me \u00e9dition de la Doyenne, ce dimanche.","og_url":"https:\/\/dicodusport.fr\/blog\/liege-bastogne-liege-2023-victoire-de-remco-evenepoel-seul-au-monde\/","og_site_name":"Dicodusport","article_publisher":"https:\/\/www.facebook.com\/dicodusport","article_author":"https:\/\/www.facebook.com\/groups\/LesRoisDuPeloton","article_published_time":"2023-04-23T14:56:31+00:00","article_modified_time":"2023-04-23T17:34:38+00:00","og_image":[{"width":800,"height":445,"url":"https:\/\/dicodusport.fr\/blog\/wp-content\/uploads\/2023\/04\/Liege-Bastogne-Liege-2023-Victoire-de-Remco-Evenepoel-seul-au-monde-2.png","type":"image\/png"}],"author":"Emilien Descampiaux","twitter_card":"summary_large_image","twitter_title":"Li\u00e8ge-Bastogne-Li\u00e8ge 2023 : Victoire de Remco Evenepoel, seul au monde","twitter_creator":"@https:\/\/twitter.com\/LRoisDuPeloton","twitter_site":"@dicodusport","schema":{"@context":"https:\/\/schema.org","@graph":[{"@type":"NewsArticle","@id":"https:\/\/dicodusport.fr\/blog\/liege-bastogne-liege-2023-victoire-de-remco-evenepoel-seul-au-monde\/#article","isPartOf":{"@id":"https:\/\/dicodusport.fr\/blog\/liege-bastogne-liege-2023-victoire-de-remco-evenepoel-seul-au-monde\/"},"author":{"name":"Emilien Descampiaux","@id":"https:\/\/dicodusport.fr\/blog\/#\/schema\/person\/6db4bae06b171592211be385b32876a7"},"headline":"Li\u00e8ge-Bastogne-Li\u00e8ge 2023 : Victoire de Remco Evenepoel, seul au monde","datePublished":"2023-04-23T14:56:31+00:00","dateModified":"2023-04-23T17:34:38+00:00","mainEntityOfPage":{"@id":"https:\/\/dicodusport.fr\/blog\/liege-bastogne-liege-2023-victoire-de-remco-evenepoel-seul-au-monde\/"},"wordCount":1029,"commentCount":0,"publisher":{"@id":"https:\/\/dicodusport.fr\/blog\/#organization"},"image":{"@id":"https:\/\/dicodusport.fr\/blog\/liege-bastogne-liege-2023-victoire-de-remco-evenepoel-seul-au-monde\/#primaryimage"},"thumbnailUrl":"https:\/\/dicodusport.fr\/blog\/wp-content\/uploads\/2023\/04\/Liege-Bastogne-Liege-2023-Victoire-de-Remco-Evenepoel-seul-au-monde-2.png","keywords":["Actualit\u00e9 Cyclisme","br\u00e8ve","Li\u00e8ge-Bastogne-Li\u00e8ge","sport"],"articleSection":["Cyclisme sur route"],"inLanguage":"fr-FR","potentialAction":[{"@type":"CommentAction","name":"Comment","target":["https:\/\/dicodusport.fr\/blog\/liege-bastogne-liege-2023-victoire-de-remco-evenepoel-seul-au-monde\/#respond"]}],"copyrightYear":"2023","copyrightHolder":{"@id":"https:\/\/dicodusport.fr\/blog\/#organization"}},{"@type":"WebPage","@id":"https:\/\/dicodusport.fr\/blog\/liege-bastogne-liege-2023-victoire-de-remco-evenepoel-seul-au-monde\/","url":"https:\/\/dicodusport.fr\/blog\/liege-bastogne-liege-2023-victoire-de-remco-evenepoel-seul-au-monde\/","name":"Li\u00e8ge-Bastogne-Li\u00e8ge 2023 : Victoire de Remco Evenepoel, seul au monde","isPartOf":{"@id":"https:\/\/dicodusport.fr\/blog\/#website"},"primaryImageOfPage":{"@id":"https:\/\/dicodusport.fr\/blog\/liege-bastogne-liege-2023-victoire-de-remco-evenepoel-seul-au-monde\/#primaryimage"},"image":{"@id":"https:\/\/dicodusport.fr\/blog\/liege-bastogne-liege-2023-victoire-de-remco-evenepoel-seul-au-monde\/#primaryimage"},"thumbnailUrl":"https:\/\/dicodusport.fr\/blog\/wp-content\/uploads\/2023\/04\/Liege-Bastogne-Liege-2023-Victoire-de-Remco-Evenepoel-seul-au-monde-2.png","datePublished":"2023-04-23T14:56:31+00:00","dateModified":"2023-04-23T17:34:38+00:00","description":"LI\u00c8GE-BASTOGNE-LI\u00c8GE 2023 \u2013 Remco Evenepoel (Soudal Quick-Step) s'est impos\u00e9 sur la 109\u00e8me \u00e9dition de la Doyenne, ce dimanche.","breadcrumb":{"@id":"https:\/\/dicodusport.fr\/blog\/liege-bastogne-liege-2023-victoire-de-remco-evenepoel-seul-au-monde\/#breadcrumb"},"inLanguage":"fr-FR","potentialAction":[{"@type":"ReadAction","target":["https:\/\/dicodusport.fr\/blog\/liege-bastogne-liege-2023-victoire-de-remco-evenepoel-seul-au-monde\/"]}]},{"@type":"ImageObject","inLanguage":"fr-FR","@id":"https:\/\/dicodusport.fr\/blog\/liege-bastogne-liege-2023-victoire-de-remco-evenepoel-seul-au-monde\/#primaryimage","url":"https:\/\/dicodusport.fr\/blog\/wp-content\/uploads\/2023\/04\/Liege-Bastogne-Liege-2023-Victoire-de-Remco-Evenepoel-seul-au-monde-2.png","contentUrl":"https:\/\/dicodusport.fr\/blog\/wp-content\/uploads\/2023\/04\/Liege-Bastogne-Liege-2023-Victoire-de-Remco-Evenepoel-seul-au-monde-2.png","width":800,"height":445,"caption":"Li\u00e8ge-Bastogne-Li\u00e8ge 2023 Victoire de Remco Evenepoel, seul au monde (2)"},{"@type":"BreadcrumbList","@id":"https:\/\/dicodusport.fr\/blog\/liege-bastogne-liege-2023-victoire-de-remco-evenepoel-seul-au-monde\/#breadcrumb","itemListElement":[{"@type":"ListItem","position":1,"name":"Accueil","item":"https:\/\/dicodusport.fr\/blog\/"},{"@type":"ListItem","position":2,"name":"Li\u00e8ge-Bastogne-Li\u00e8ge 2023 : Victoire de Remco Evenepoel, seul au monde"}]},{"@type":"WebSite","@id":"https:\/\/dicodusport.fr\/blog\/#website","url":"https:\/\/dicodusport.fr\/blog\/","name":"Dicodusport","description":"L&#039;encyclop\u00e9die de l&#039;actualit\u00e9 sportive","publisher":{"@id":"https:\/\/dicodusport.fr\/blog\/#organization"},"potentialAction":[{"@type":"SearchAction","target":{"@type":"EntryPoint","urlTemplate":"https:\/\/dicodusport.fr\/blog\/?s={search_term_string}"},"query-input":{"@type":"PropertyValueSpecification","valueRequired":true,"valueName":"search_term_string"}}],"inLanguage":"fr-FR"},{"@type":"NewsMediaOrganization","@id":"https:\/\/dicodusport.fr\/blog\/#organization","name":"Dicodusport","url":"https:\/\/dicodusport.fr\/blog\/","logo":{"@type":"ImageObject","inLanguage":"fr-FR","@id":"https:\/\/dicodusport.fr\/blog\/#\/schema\/logo\/image\/","url":"https:\/\/dicodusport.fr\/blog\/wp-content\/uploads\/2020\/06\/cropped-LOGO-DICODUSPORT-2020-SANS-FOND-SANS-TEXTE.png","contentUrl":"https:\/\/dicodusport.fr\/blog\/wp-content\/uploads\/2020\/06\/cropped-LOGO-DICODUSPORT-2020-SANS-FOND-SANS-TEXTE.png","width":512,"height":512,"caption":"Dicodusport"},"image":{"@id":"https:\/\/dicodusport.fr\/blog\/#\/schema\/logo\/image\/"},"sameAs":["https:\/\/www.facebook.com\/dicodusport","https:\/\/x.com\/dicodusport","https:\/\/www.instagram.com\/dicodusport\/","https:\/\/www.youtube.com\/channel\/UC7V2KZ5sd3htJivAbA4ZG3w"],"description":"Dicodusport est l'encyclop\u00e9die de l'actualit\u00e9 sportive.","email":"bonjour@dicodusport.fr","legalName":"DICODUSPORT","foundingDate":"2018-01-14","vatID":"FR71834470973","taxID":"83447097300043","numberOfEmployees":{"@type":"QuantitativeValue","minValue":"1","maxValue":"10"}},{"@type":"Person","@id":"https:\/\/dicodusport.fr\/blog\/#\/schema\/person\/6db4bae06b171592211be385b32876a7","name":"Emilien Descampiaux","image":{"@type":"ImageObject","inLanguage":"fr-FR","@id":"https:\/\/dicodusport.fr\/blog\/#\/schema\/person\/image\/","url":"https:\/\/dicodusport.fr\/blog\/wp-content\/uploads\/2021\/05\/Emilien-Descampiaux-150x150.jpg","contentUrl":"https:\/\/dicodusport.fr\/blog\/wp-content\/uploads\/2021\/05\/Emilien-Descampiaux-150x150.jpg","caption":"Emilien Descampiaux"},"description":"Journaliste\/r\u00e9dacteur depuis 2014 - Fan de la classe de Frank Vandenbroucke, je vis cyclisme (et de ses paysages) depuis plus de 20 ans. Je suis tr\u00e8s impliqu\u00e9 sur mes diff\u00e9rents r\u00e9seaux sociaux pour partager ma passion sur le monde et l'Histoire de la bicyclette avec ma voix sur les images en noir et blanc du succ\u00e8s de Rik Van Steenbergen lors du Ronde sur le V\u00e9lodrome de Gand.","sameAs":["https:\/\/www.facebook.com\/groups\/LesRoisDuPeloton","https:\/\/x.com\/https:\/\/twitter.com\/LRoisDuPeloton"],"url":"https:\/\/dicodusport.fr\/blog\/author\/emiliend\/"}]}},"_links":{"self":[{"href":"https:\/\/dicodusport.fr\/blog\/wp-json\/wp\/v2\/posts\/376448","targetHints":{"allow":["GET"]}}],"collection":[{"href":"https:\/\/dicodusport.fr\/blog\/wp-json\/wp\/v2\/posts"}],"about":[{"href":"https:\/\/dicodusport.fr\/blog\/wp-json\/wp\/v2\/types\/post"}],"author":[{"embeddable":true,"href":"https:\/\/dicodusport.fr\/blog\/wp-json\/wp\/v2\/users\/48"}],"replies":[{"embeddable":true,"href":"https:\/\/dicodusport.fr\/blog\/wp-json\/wp\/v2\/comments?post=376448"}],"version-history":[{"count":0,"href":"https:\/\/dicodusport.fr\/blog\/wp-json\/wp\/v2\/posts\/376448\/revisions"}],"wp:featuredmedia":[{"embeddable":true,"href":"https:\/\/dicodusport.fr\/blog\/wp-json\/wp\/v2\/media\/376618"}],"wp:attachment":[{"href":"https:\/\/dicodusport.fr\/blog\/wp-json\/wp\/v2\/media?parent=376448"}],"wp:term":[{"taxonomy":"category","embeddable":true,"href":"https:\/\/dicodusport.fr\/blog\/wp-json\/wp\/v2\/categories?post=376448"},{"taxonomy":"post_tag","embeddable":true,"href":"https:\/\/dicodusport.fr\/blog\/wp-json\/wp\/v2\/tags?post=376448"}],"curies":[{"name":"wp","href":"https:\/\/api.w.org\/{rel}","templated":true}]}}