{"id":376512,"date":"2023-04-23T16:20:07","date_gmt":"2023-04-23T14:20:07","guid":{"rendered":"https:\/\/dicodusport.fr\/blog\/?p=376512&#038;preview=true&#038;preview_id=376512"},"modified":"2025-07-24T21:56:16","modified_gmt":"2025-07-24T19:56:16","slug":"formule-e-e-prix-de-berlin-2023-nick-cassidy-remporte-la-deuxieme-course-podium-pour-vergne","status":"publish","type":"post","link":"https:\/\/dicodusport.fr\/blog\/formule-e-e-prix-de-berlin-2023-nick-cassidy-remporte-la-deuxieme-course-podium-pour-vergne\/","title":{"rendered":"Formule E &#8211; E-Prix de Berlin 2023 : Nick Cassidy remporte la deuxi\u00e8me course, podium pour Vergne"},"content":{"rendered":"<p style=\"text-align: justify;\"><em><strong>FORMULE E 2023 &#8211; La nouvelle saison du championnat du monde de Formule E a d\u00e9but\u00e9 au Mexique en janvier dernier. \u00c0 l&rsquo;occasion de la 8\u00e8me course de cette ann\u00e9e, Nick Cassidy (Envision Racing) s&rsquo;est impos\u00e9 \u00e0 Berlin. Il devance le Britannique Jake Dennis (Avalanche Andretti) et remporte sa seconde victoire en carri\u00e8re. Le Fran\u00e7ais Jean-\u00c9ric Vergne (DS Penske) compl\u00e8te le podium. Ses compatriotes de Nissan, Sacha Fenestraz et Norman Nato, ont pris les 12\u00e8me et 16\u00e8me positions.<\/strong><\/em><\/p>\n<p style=\"text-align: justify;\">Plus t\u00f4t dans la journ\u00e9e, les qualifications pour d\u00e9terminer la grille de d\u00e9part ont eu lieu sous la pluie. C\u2019est le N\u00e9erlandais <strong>Robin Frijns <\/strong>(ABT Cupra FE Team) qui a r\u00e9alis\u00e9 la deuxi\u00e8me pole position de sa carri\u00e8re. Il \u00e9tait accompagn\u00e9 sur la m\u00eame ligne par son co\u00e9quipier <strong>Nico M\u00fcller<\/strong>. Le leader du championnat <strong>Pascal Wehrlein<\/strong> (Tag Heuer Porsche) ne partait que 6\u00e8me. Le premier Fran\u00e7ais, <strong>Jean-\u00c9ric Vergne<\/strong> (DS Penske), s\u2019\u00e9lan\u00e7ait de la quatri\u00e8me position sur la grille de d\u00e9part. <strong>Sacha Fenestraz<\/strong>\u00a0(Nissan FE Team) et son co\u00e9quipier <strong>Norman Nato<\/strong> partaient respectivement 20\u00e8me et 22\u00e8me.<\/p>\n<h2 style=\"text-align: justify;\">Une course anim\u00e9e<\/h2>\n<p style=\"text-align: justify;\">Le d\u00e9part de cette course a \u00e9t\u00e9 beaucoup plus calme et sage qu&rsquo;hier, si on oublie les manifestants qui l&rsquo;ont retard\u00e9e. Le Top 7 n&rsquo;a pas boug\u00e9 et les Cupra sont rest\u00e9es en t\u00eate. L&rsquo;activation des Attack Mode s&rsquo;est ensuite enchain\u00e9e d\u00e8s les premiers tours. A la mi-course, c&rsquo;est le Fran\u00e7ais <strong>Jean-Eric Vergne<\/strong> (DS Penske) qui est en t\u00eate devant le leader du championnat <strong>Pascal Wehrlein<\/strong> (Tag Heuer Porsche. N\u00e9anmoins, les positions changent encore tr\u00e8s vite dans cette course.<\/p>\n<blockquote class=\"twitter-tweet\">\n<p dir=\"ltr\" lang=\"en\">Great start from the ABT pair! \ud83e\udd29<a href=\"https:\/\/twitter.com\/SABIC?ref_src=twsrc%5Etfw\">@SABIC<\/a> <a href=\"https:\/\/twitter.com\/hashtag\/BerlinEPrix?src=hash&amp;ref_src=twsrc%5Etfw\">#BerlinEPrix<\/a><\/p>\n<p>\u2014 ABB FIA Formula E World Championship (@FIAFormulaE) <a href=\"https:\/\/twitter.com\/FIAFormulaE\/status\/1650125857057394690?ref_src=twsrc%5Etfw\">April 23, 2023<\/a><\/p><\/blockquote>\n<p><script async src=\"https:\/\/platform.twitter.com\/widgets.js\" charset=\"utf-8\"><\/script><\/p>\n<h2 style=\"text-align: justify;\">Nick Cassidy pour une deuxi\u00e8me victoire en carri\u00e8re<\/h2>\n<p style=\"text-align: justify;\">Finalement, c&rsquo;est le N\u00e9o-Z\u00e9landais<strong> Nick Cassidy<\/strong> (Envision Racing) qui aura eu le dernier mot aujourd&rsquo;hui. <strong>Jake Dennis<\/strong> (Avalanche Andretti) a pris la deuxi\u00e8me place. Le Fran\u00e7ais <strong>Jean-\u00c9ric Vergne<\/strong> (DS Penske) compl\u00e8te le podium. Le leader du championnat <strong>Pascal Wehrlein<\/strong> a termin\u00e9 7\u00e8me et compte d\u00e9sormais 100 points, soit 4 de plus que <strong>Nick Cassidy<\/strong> et 19 de plus que <strong>Jean-\u00c9ric Vergne<\/strong>. Ses compatriotes de chez Nissan, <strong>Sacha Fenestraz<\/strong> et <strong>Norman Nato<\/strong>, ont pris les 12\u00e8me et 16\u00e8me places.<\/p>\n<blockquote class=\"twitter-tweet\">\n<p dir=\"ltr\" lang=\"en\">\ud83d\udc9a\ud83d\udc9a\ud83d\udc9a NICK CASSIDY!!! \ud83d\udc9a\ud83d\udc9a\ud83d\udc9a<\/p>\n<p>The <a href=\"https:\/\/twitter.com\/Envision_Racing?ref_src=twsrc%5Etfw\">@Envision_Racing<\/a> man wins the <a href=\"https:\/\/twitter.com\/SABIC?ref_src=twsrc%5Etfw\">@SABIC<\/a> <a href=\"https:\/\/twitter.com\/hashtag\/BerlinEPrix?src=hash&amp;ref_src=twsrc%5Etfw\">#BerlinEPrix<\/a>! <a href=\"https:\/\/t.co\/JfuZ6gPKZV\">pic.twitter.com\/JfuZ6gPKZV<\/a><\/p>\n<p>\u2014 ABB FIA Formula E World Championship (@FIAFormulaE) <a href=\"https:\/\/twitter.com\/FIAFormulaE\/status\/1650136822415073281?ref_src=twsrc%5Etfw\">April 23, 2023<\/a><\/p><\/blockquote>\n<p><script async src=\"https:\/\/platform.twitter.com\/widgets.js\" charset=\"utf-8\"><\/script><\/p>\n<h2 style=\"text-align: justify;\">\u00c0 lire aussi<\/h2>\n<ul>\n<li><a href=\"https:\/\/dicodusport.fr\/blog\/formule-e-e-prix-de-berlin-2023-mitch-evans-mene-un-double-jaguar\/\"><strong>Formule E \u2013 E-Prix de Berlin 2023 : Mitch Evans m\u00e8ne un doubl\u00e9 Jaguar<\/strong><\/a><\/li>\n<li style=\"text-align: justify;\"><strong><a href=\"https:\/\/dicodusport.fr\/blog\/championnat-de-formule-e-peut-il-concurrencer-la-formule-1\/\">Le championnat de Formule E peut-il concurrencer la Formule 1 ?<\/a><\/strong><\/li>\n<\/ul>\n","protected":false},"excerpt":{"rendered":"<p>FORMULE E 2023 &#8211; La nouvelle saison du championnat du monde de Formule E a d\u00e9but\u00e9 au Mexique en janvier dernier. \u00c0 l&rsquo;occasion de la 8\u00e8me course de cette ann\u00e9e, Nick Cassidy (Envision Racing) s&rsquo;est impos\u00e9 \u00e0 Berlin. Il devance le Britannique Jake Dennis (Avalanche Andretti) et remporte sa seconde victoire en carri\u00e8re. Le Fran\u00e7ais Jean-\u00c9ric Vergne (DS Penske) compl\u00e8te le podium. Ses compatriotes de Nissan, Sacha Fenestraz et Norman Nato, ont pris les 12\u00e8me et 16\u00e8me positions.<\/p>\n","protected":false},"author":54,"featured_media":376537,"comment_status":"open","ping_status":"closed","sticky":false,"template":"","format":"standard","meta":{"_acf_changed":false,"_daextam_enable_autolinks":"","footnotes":""},"categories":[2312],"tags":[4912,16878,5480],"class_list":["post-376512","post","type-post","status-publish","format-standard","has-post-thumbnail","hentry","category-sports-mecaniques","tag-berlin","tag-breve","tag-formule-e"],"acf":[],"yoast_head":"<!-- This site is optimized with the Yoast SEO Premium plugin v26.7 (Yoast SEO v26.7) - https:\/\/yoast.com\/wordpress\/plugins\/seo\/ -->\n<title>Formule E - E-Prix de Berlin 2023 : Nick Cassidy remporte la deuxi\u00e8me course, podium pour Vergne<\/title>\n<meta name=\"description\" content=\"FORMULE E - Pour la 8\u00e8me course de la saison, Nick Cassidy (Envision Racing) s&#039;est impos\u00e9 lors du deuxi\u00e8me E-Prix de Berlin 2023.\" \/>\n<meta name=\"robots\" content=\"index, follow, max-snippet:-1, max-image-preview:large, max-video-preview:-1\" \/>\n<link rel=\"canonical\" href=\"https:\/\/dicodusport.fr\/blog\/formule-e-e-prix-de-berlin-2023-nick-cassidy-remporte-la-deuxieme-course-podium-pour-vergne\/\" \/>\n<meta property=\"og:locale\" content=\"fr_FR\" \/>\n<meta property=\"og:type\" content=\"article\" \/>\n<meta property=\"og:title\" content=\"Formule E - E-Prix de Berlin 2023 : Nick Cassidy remporte la deuxi\u00e8me course, podium pour Vergne\" \/>\n<meta property=\"og:description\" content=\"FORMULE E - Pour la 8\u00e8me course de la saison, Nick Cassidy (Envision Racing) s&#039;est impos\u00e9 lors du deuxi\u00e8me E-Prix de Berlin 2023.\" \/>\n<meta property=\"og:url\" content=\"https:\/\/dicodusport.fr\/blog\/formule-e-e-prix-de-berlin-2023-nick-cassidy-remporte-la-deuxieme-course-podium-pour-vergne\/\" \/>\n<meta property=\"og:site_name\" content=\"Dicodusport\" \/>\n<meta property=\"article:publisher\" content=\"https:\/\/www.facebook.com\/dicodusport\" \/>\n<meta property=\"article:author\" content=\"https:\/\/www.facebook.com\/roxane.lecacher\" \/>\n<meta property=\"article:published_time\" content=\"2023-04-23T14:20:07+00:00\" \/>\n<meta property=\"article:modified_time\" content=\"2025-07-24T19:56:16+00:00\" \/>\n<meta property=\"og:image\" content=\"https:\/\/dicodusport.fr\/blog\/wp-content\/uploads\/2023\/04\/Formule-E-E-Prix-de-Berlin-2023-Nick-Cassidy-remporte-la-deuxieme-course-podium-pour-Vergne.png\" \/>\n\t<meta property=\"og:image:width\" content=\"800\" \/>\n\t<meta property=\"og:image:height\" content=\"445\" \/>\n\t<meta property=\"og:image:type\" content=\"image\/png\" \/>\n<meta name=\"author\" content=\"Roxane Lecacher\" \/>\n<meta name=\"twitter:card\" content=\"summary_large_image\" \/>\n<meta name=\"twitter:title\" content=\"Formule E - E-Prix de Berlin 2023 : Nick Cassidy remporte la deuxi\u00e8me course, podium pour Vergne\" \/>\n<meta name=\"twitter:creator\" content=\"@dicodusport\" \/>\n<meta name=\"twitter:site\" content=\"@dicodusport\" \/>\n<script type=\"application\/ld+json\" class=\"yoast-schema-graph\">{\"@context\":\"https:\/\/schema.org\",\"@graph\":[{\"@type\":\"NewsArticle\",\"@id\":\"https:\/\/dicodusport.fr\/blog\/formule-e-e-prix-de-berlin-2023-nick-cassidy-remporte-la-deuxieme-course-podium-pour-vergne\/#article\",\"isPartOf\":{\"@id\":\"https:\/\/dicodusport.fr\/blog\/formule-e-e-prix-de-berlin-2023-nick-cassidy-remporte-la-deuxieme-course-podium-pour-vergne\/\"},\"author\":{\"name\":\"Roxane Lecacher\",\"@id\":\"https:\/\/dicodusport.fr\/blog\/#\/schema\/person\/819fb2545dd2715bd7c0580d6d4b411a\"},\"headline\":\"Formule E &#8211; E-Prix de Berlin 2023 : Nick Cassidy remporte la deuxi\u00e8me course, podium pour Vergne\",\"datePublished\":\"2023-04-23T14:20:07+00:00\",\"dateModified\":\"2025-07-24T19:56:16+00:00\",\"mainEntityOfPage\":{\"@id\":\"https:\/\/dicodusport.fr\/blog\/formule-e-e-prix-de-berlin-2023-nick-cassidy-remporte-la-deuxieme-course-podium-pour-vergne\/\"},\"wordCount\":468,\"commentCount\":0,\"publisher\":{\"@id\":\"https:\/\/dicodusport.fr\/blog\/#organization\"},\"image\":{\"@id\":\"https:\/\/dicodusport.fr\/blog\/formule-e-e-prix-de-berlin-2023-nick-cassidy-remporte-la-deuxieme-course-podium-pour-vergne\/#primaryimage\"},\"thumbnailUrl\":\"https:\/\/dicodusport.fr\/blog\/wp-content\/uploads\/2023\/04\/Formule-E-E-Prix-de-Berlin-2023-Nick-Cassidy-remporte-la-deuxieme-course-podium-pour-Vergne.png\",\"keywords\":[\"Berlin\",\"br\u00e8ve\",\"Formule E\"],\"articleSection\":[\"Sports m\u00e9caniques\"],\"inLanguage\":\"fr-FR\",\"potentialAction\":[{\"@type\":\"CommentAction\",\"name\":\"Comment\",\"target\":[\"https:\/\/dicodusport.fr\/blog\/formule-e-e-prix-de-berlin-2023-nick-cassidy-remporte-la-deuxieme-course-podium-pour-vergne\/#respond\"]}],\"copyrightYear\":\"2023\",\"copyrightHolder\":{\"@id\":\"https:\/\/dicodusport.fr\/blog\/#organization\"}},{\"@type\":\"WebPage\",\"@id\":\"https:\/\/dicodusport.fr\/blog\/formule-e-e-prix-de-berlin-2023-nick-cassidy-remporte-la-deuxieme-course-podium-pour-vergne\/\",\"url\":\"https:\/\/dicodusport.fr\/blog\/formule-e-e-prix-de-berlin-2023-nick-cassidy-remporte-la-deuxieme-course-podium-pour-vergne\/\",\"name\":\"Formule E - E-Prix de Berlin 2023 : Nick Cassidy remporte la deuxi\u00e8me course, podium pour Vergne\",\"isPartOf\":{\"@id\":\"https:\/\/dicodusport.fr\/blog\/#website\"},\"primaryImageOfPage\":{\"@id\":\"https:\/\/dicodusport.fr\/blog\/formule-e-e-prix-de-berlin-2023-nick-cassidy-remporte-la-deuxieme-course-podium-pour-vergne\/#primaryimage\"},\"image\":{\"@id\":\"https:\/\/dicodusport.fr\/blog\/formule-e-e-prix-de-berlin-2023-nick-cassidy-remporte-la-deuxieme-course-podium-pour-vergne\/#primaryimage\"},\"thumbnailUrl\":\"https:\/\/dicodusport.fr\/blog\/wp-content\/uploads\/2023\/04\/Formule-E-E-Prix-de-Berlin-2023-Nick-Cassidy-remporte-la-deuxieme-course-podium-pour-Vergne.png\",\"datePublished\":\"2023-04-23T14:20:07+00:00\",\"dateModified\":\"2025-07-24T19:56:16+00:00\",\"description\":\"FORMULE E - Pour la 8\u00e8me course de la saison, Nick Cassidy (Envision Racing) s'est impos\u00e9 lors du deuxi\u00e8me E-Prix de Berlin 2023.\",\"breadcrumb\":{\"@id\":\"https:\/\/dicodusport.fr\/blog\/formule-e-e-prix-de-berlin-2023-nick-cassidy-remporte-la-deuxieme-course-podium-pour-vergne\/#breadcrumb\"},\"inLanguage\":\"fr-FR\",\"potentialAction\":[{\"@type\":\"ReadAction\",\"target\":[\"https:\/\/dicodusport.fr\/blog\/formule-e-e-prix-de-berlin-2023-nick-cassidy-remporte-la-deuxieme-course-podium-pour-vergne\/\"]}]},{\"@type\":\"ImageObject\",\"inLanguage\":\"fr-FR\",\"@id\":\"https:\/\/dicodusport.fr\/blog\/formule-e-e-prix-de-berlin-2023-nick-cassidy-remporte-la-deuxieme-course-podium-pour-vergne\/#primaryimage\",\"url\":\"https:\/\/dicodusport.fr\/blog\/wp-content\/uploads\/2023\/04\/Formule-E-E-Prix-de-Berlin-2023-Nick-Cassidy-remporte-la-deuxieme-course-podium-pour-Vergne.png\",\"contentUrl\":\"https:\/\/dicodusport.fr\/blog\/wp-content\/uploads\/2023\/04\/Formule-E-E-Prix-de-Berlin-2023-Nick-Cassidy-remporte-la-deuxieme-course-podium-pour-Vergne.png\",\"width\":800,\"height\":445,\"caption\":\"Formule E - E-Prix de Berlin 2023 Nick Cassidy remporte la deuxi\u00e8me course, podium pour Vergne\"},{\"@type\":\"BreadcrumbList\",\"@id\":\"https:\/\/dicodusport.fr\/blog\/formule-e-e-prix-de-berlin-2023-nick-cassidy-remporte-la-deuxieme-course-podium-pour-vergne\/#breadcrumb\",\"itemListElement\":[{\"@type\":\"ListItem\",\"position\":1,\"name\":\"Accueil\",\"item\":\"https:\/\/dicodusport.fr\/blog\/\"},{\"@type\":\"ListItem\",\"position\":2,\"name\":\"Formule E &#8211; E-Prix de Berlin 2023 : Nick Cassidy remporte la deuxi\u00e8me course, podium pour Vergne\"}]},{\"@type\":\"WebSite\",\"@id\":\"https:\/\/dicodusport.fr\/blog\/#website\",\"url\":\"https:\/\/dicodusport.fr\/blog\/\",\"name\":\"Dicodusport\",\"description\":\"L&#039;encyclop\u00e9die de l&#039;actualit\u00e9 sportive\",\"publisher\":{\"@id\":\"https:\/\/dicodusport.fr\/blog\/#organization\"},\"potentialAction\":[{\"@type\":\"SearchAction\",\"target\":{\"@type\":\"EntryPoint\",\"urlTemplate\":\"https:\/\/dicodusport.fr\/blog\/?s={search_term_string}\"},\"query-input\":{\"@type\":\"PropertyValueSpecification\",\"valueRequired\":true,\"valueName\":\"search_term_string\"}}],\"inLanguage\":\"fr-FR\"},{\"@type\":\"NewsMediaOrganization\",\"@id\":\"https:\/\/dicodusport.fr\/blog\/#organization\",\"name\":\"Dicodusport\",\"url\":\"https:\/\/dicodusport.fr\/blog\/\",\"logo\":{\"@type\":\"ImageObject\",\"inLanguage\":\"fr-FR\",\"@id\":\"https:\/\/dicodusport.fr\/blog\/#\/schema\/logo\/image\/\",\"url\":\"https:\/\/dicodusport.fr\/blog\/wp-content\/uploads\/2020\/06\/cropped-LOGO-DICODUSPORT-2020-SANS-FOND-SANS-TEXTE.png\",\"contentUrl\":\"https:\/\/dicodusport.fr\/blog\/wp-content\/uploads\/2020\/06\/cropped-LOGO-DICODUSPORT-2020-SANS-FOND-SANS-TEXTE.png\",\"width\":512,\"height\":512,\"caption\":\"Dicodusport\"},\"image\":{\"@id\":\"https:\/\/dicodusport.fr\/blog\/#\/schema\/logo\/image\/\"},\"sameAs\":[\"https:\/\/www.facebook.com\/dicodusport\",\"https:\/\/x.com\/dicodusport\",\"https:\/\/www.instagram.com\/dicodusport\/\",\"https:\/\/www.youtube.com\/channel\/UC7V2KZ5sd3htJivAbA4ZG3w\"],\"description\":\"Dicodusport est l'encyclop\u00e9die de l'actualit\u00e9 sportive.\",\"email\":\"bonjour@dicodusport.fr\",\"legalName\":\"DICODUSPORT\",\"foundingDate\":\"2018-01-14\",\"vatID\":\"FR71834470973\",\"taxID\":\"83447097300043\",\"numberOfEmployees\":{\"@type\":\"QuantitativeValue\",\"minValue\":\"1\",\"maxValue\":\"10\"}},{\"@type\":\"Person\",\"@id\":\"https:\/\/dicodusport.fr\/blog\/#\/schema\/person\/819fb2545dd2715bd7c0580d6d4b411a\",\"name\":\"Roxane Lecacher\",\"image\":{\"@type\":\"ImageObject\",\"inLanguage\":\"fr-FR\",\"@id\":\"https:\/\/dicodusport.fr\/blog\/#\/schema\/person\/image\/\",\"url\":\"https:\/\/dicodusport.fr\/blog\/wp-content\/uploads\/2021\/05\/Roxane-Lecacher-150x150.jpg\",\"contentUrl\":\"https:\/\/dicodusport.fr\/blog\/wp-content\/uploads\/2021\/05\/Roxane-Lecacher-150x150.jpg\",\"caption\":\"Roxane Lecacher\"},\"description\":\"Journaliste\/r\u00e9dactrice depuis janvier 2021 - N\u00e9e quelques jours avant la premi\u00e8re \u00e9toile des Bleus, je baigne dans une famille tr\u00e8s sportive. Je n\u2019ai eu d\u2019autres choix que de me passionner pour le sujet. Pratiquante de l\u2019athl\u00e9tisme depuis toute petite, j\u2019ai aussi un attrait tout particulier pour la Formule 1, le biathlon et le foot. Pendant les grands \u00e9v\u00e9nements, il est impossible de d\u00e9crocher de ma t\u00e9l\u00e9. C\u2019est \u00e0 travers Dicodusport que j\u2019aime d\u00e9sormais vous transmettre mes \u00e9motions et ma passion.\",\"sameAs\":[\"https:\/\/www.facebook.com\/roxane.lecacher\",\"https:\/\/fr.linkedin.com\/in\/roxane-lecacher-23368313b\"],\"url\":\"https:\/\/dicodusport.fr\/blog\/author\/roxanel\/\"}]}<\/script>\n<!-- \/ Yoast SEO Premium plugin. -->","yoast_head_json":{"title":"Formule E - E-Prix de Berlin 2023 : Nick Cassidy remporte la deuxi\u00e8me course, podium pour Vergne","description":"FORMULE E - Pour la 8\u00e8me course de la saison, Nick Cassidy (Envision Racing) s'est impos\u00e9 lors du deuxi\u00e8me E-Prix de Berlin 2023.","robots":{"index":"index","follow":"follow","max-snippet":"max-snippet:-1","max-image-preview":"max-image-preview:large","max-video-preview":"max-video-preview:-1"},"canonical":"https:\/\/dicodusport.fr\/blog\/formule-e-e-prix-de-berlin-2023-nick-cassidy-remporte-la-deuxieme-course-podium-pour-vergne\/","og_locale":"fr_FR","og_type":"article","og_title":"Formule E - E-Prix de Berlin 2023 : Nick Cassidy remporte la deuxi\u00e8me course, podium pour Vergne","og_description":"FORMULE E - Pour la 8\u00e8me course de la saison, Nick Cassidy (Envision Racing) s'est impos\u00e9 lors du deuxi\u00e8me E-Prix de Berlin 2023.","og_url":"https:\/\/dicodusport.fr\/blog\/formule-e-e-prix-de-berlin-2023-nick-cassidy-remporte-la-deuxieme-course-podium-pour-vergne\/","og_site_name":"Dicodusport","article_publisher":"https:\/\/www.facebook.com\/dicodusport","article_author":"https:\/\/www.facebook.com\/roxane.lecacher","article_published_time":"2023-04-23T14:20:07+00:00","article_modified_time":"2025-07-24T19:56:16+00:00","og_image":[{"width":800,"height":445,"url":"https:\/\/dicodusport.fr\/blog\/wp-content\/uploads\/2023\/04\/Formule-E-E-Prix-de-Berlin-2023-Nick-Cassidy-remporte-la-deuxieme-course-podium-pour-Vergne.png","type":"image\/png"}],"author":"Roxane Lecacher","twitter_card":"summary_large_image","twitter_title":"Formule E - E-Prix de Berlin 2023 : Nick Cassidy remporte la deuxi\u00e8me course, podium pour Vergne","twitter_creator":"@dicodusport","twitter_site":"@dicodusport","schema":{"@context":"https:\/\/schema.org","@graph":[{"@type":"NewsArticle","@id":"https:\/\/dicodusport.fr\/blog\/formule-e-e-prix-de-berlin-2023-nick-cassidy-remporte-la-deuxieme-course-podium-pour-vergne\/#article","isPartOf":{"@id":"https:\/\/dicodusport.fr\/blog\/formule-e-e-prix-de-berlin-2023-nick-cassidy-remporte-la-deuxieme-course-podium-pour-vergne\/"},"author":{"name":"Roxane Lecacher","@id":"https:\/\/dicodusport.fr\/blog\/#\/schema\/person\/819fb2545dd2715bd7c0580d6d4b411a"},"headline":"Formule E &#8211; E-Prix de Berlin 2023 : Nick Cassidy remporte la deuxi\u00e8me course, podium pour Vergne","datePublished":"2023-04-23T14:20:07+00:00","dateModified":"2025-07-24T19:56:16+00:00","mainEntityOfPage":{"@id":"https:\/\/dicodusport.fr\/blog\/formule-e-e-prix-de-berlin-2023-nick-cassidy-remporte-la-deuxieme-course-podium-pour-vergne\/"},"wordCount":468,"commentCount":0,"publisher":{"@id":"https:\/\/dicodusport.fr\/blog\/#organization"},"image":{"@id":"https:\/\/dicodusport.fr\/blog\/formule-e-e-prix-de-berlin-2023-nick-cassidy-remporte-la-deuxieme-course-podium-pour-vergne\/#primaryimage"},"thumbnailUrl":"https:\/\/dicodusport.fr\/blog\/wp-content\/uploads\/2023\/04\/Formule-E-E-Prix-de-Berlin-2023-Nick-Cassidy-remporte-la-deuxieme-course-podium-pour-Vergne.png","keywords":["Berlin","br\u00e8ve","Formule E"],"articleSection":["Sports m\u00e9caniques"],"inLanguage":"fr-FR","potentialAction":[{"@type":"CommentAction","name":"Comment","target":["https:\/\/dicodusport.fr\/blog\/formule-e-e-prix-de-berlin-2023-nick-cassidy-remporte-la-deuxieme-course-podium-pour-vergne\/#respond"]}],"copyrightYear":"2023","copyrightHolder":{"@id":"https:\/\/dicodusport.fr\/blog\/#organization"}},{"@type":"WebPage","@id":"https:\/\/dicodusport.fr\/blog\/formule-e-e-prix-de-berlin-2023-nick-cassidy-remporte-la-deuxieme-course-podium-pour-vergne\/","url":"https:\/\/dicodusport.fr\/blog\/formule-e-e-prix-de-berlin-2023-nick-cassidy-remporte-la-deuxieme-course-podium-pour-vergne\/","name":"Formule E - E-Prix de Berlin 2023 : Nick Cassidy remporte la deuxi\u00e8me course, podium pour Vergne","isPartOf":{"@id":"https:\/\/dicodusport.fr\/blog\/#website"},"primaryImageOfPage":{"@id":"https:\/\/dicodusport.fr\/blog\/formule-e-e-prix-de-berlin-2023-nick-cassidy-remporte-la-deuxieme-course-podium-pour-vergne\/#primaryimage"},"image":{"@id":"https:\/\/dicodusport.fr\/blog\/formule-e-e-prix-de-berlin-2023-nick-cassidy-remporte-la-deuxieme-course-podium-pour-vergne\/#primaryimage"},"thumbnailUrl":"https:\/\/dicodusport.fr\/blog\/wp-content\/uploads\/2023\/04\/Formule-E-E-Prix-de-Berlin-2023-Nick-Cassidy-remporte-la-deuxieme-course-podium-pour-Vergne.png","datePublished":"2023-04-23T14:20:07+00:00","dateModified":"2025-07-24T19:56:16+00:00","description":"FORMULE E - Pour la 8\u00e8me course de la saison, Nick Cassidy (Envision Racing) s'est impos\u00e9 lors du deuxi\u00e8me E-Prix de Berlin 2023.","breadcrumb":{"@id":"https:\/\/dicodusport.fr\/blog\/formule-e-e-prix-de-berlin-2023-nick-cassidy-remporte-la-deuxieme-course-podium-pour-vergne\/#breadcrumb"},"inLanguage":"fr-FR","potentialAction":[{"@type":"ReadAction","target":["https:\/\/dicodusport.fr\/blog\/formule-e-e-prix-de-berlin-2023-nick-cassidy-remporte-la-deuxieme-course-podium-pour-vergne\/"]}]},{"@type":"ImageObject","inLanguage":"fr-FR","@id":"https:\/\/dicodusport.fr\/blog\/formule-e-e-prix-de-berlin-2023-nick-cassidy-remporte-la-deuxieme-course-podium-pour-vergne\/#primaryimage","url":"https:\/\/dicodusport.fr\/blog\/wp-content\/uploads\/2023\/04\/Formule-E-E-Prix-de-Berlin-2023-Nick-Cassidy-remporte-la-deuxieme-course-podium-pour-Vergne.png","contentUrl":"https:\/\/dicodusport.fr\/blog\/wp-content\/uploads\/2023\/04\/Formule-E-E-Prix-de-Berlin-2023-Nick-Cassidy-remporte-la-deuxieme-course-podium-pour-Vergne.png","width":800,"height":445,"caption":"Formule E - E-Prix de Berlin 2023 Nick Cassidy remporte la deuxi\u00e8me course, podium pour Vergne"},{"@type":"BreadcrumbList","@id":"https:\/\/dicodusport.fr\/blog\/formule-e-e-prix-de-berlin-2023-nick-cassidy-remporte-la-deuxieme-course-podium-pour-vergne\/#breadcrumb","itemListElement":[{"@type":"ListItem","position":1,"name":"Accueil","item":"https:\/\/dicodusport.fr\/blog\/"},{"@type":"ListItem","position":2,"name":"Formule E &#8211; E-Prix de Berlin 2023 : Nick Cassidy remporte la deuxi\u00e8me course, podium pour Vergne"}]},{"@type":"WebSite","@id":"https:\/\/dicodusport.fr\/blog\/#website","url":"https:\/\/dicodusport.fr\/blog\/","name":"Dicodusport","description":"L&#039;encyclop\u00e9die de l&#039;actualit\u00e9 sportive","publisher":{"@id":"https:\/\/dicodusport.fr\/blog\/#organization"},"potentialAction":[{"@type":"SearchAction","target":{"@type":"EntryPoint","urlTemplate":"https:\/\/dicodusport.fr\/blog\/?s={search_term_string}"},"query-input":{"@type":"PropertyValueSpecification","valueRequired":true,"valueName":"search_term_string"}}],"inLanguage":"fr-FR"},{"@type":"NewsMediaOrganization","@id":"https:\/\/dicodusport.fr\/blog\/#organization","name":"Dicodusport","url":"https:\/\/dicodusport.fr\/blog\/","logo":{"@type":"ImageObject","inLanguage":"fr-FR","@id":"https:\/\/dicodusport.fr\/blog\/#\/schema\/logo\/image\/","url":"https:\/\/dicodusport.fr\/blog\/wp-content\/uploads\/2020\/06\/cropped-LOGO-DICODUSPORT-2020-SANS-FOND-SANS-TEXTE.png","contentUrl":"https:\/\/dicodusport.fr\/blog\/wp-content\/uploads\/2020\/06\/cropped-LOGO-DICODUSPORT-2020-SANS-FOND-SANS-TEXTE.png","width":512,"height":512,"caption":"Dicodusport"},"image":{"@id":"https:\/\/dicodusport.fr\/blog\/#\/schema\/logo\/image\/"},"sameAs":["https:\/\/www.facebook.com\/dicodusport","https:\/\/x.com\/dicodusport","https:\/\/www.instagram.com\/dicodusport\/","https:\/\/www.youtube.com\/channel\/UC7V2KZ5sd3htJivAbA4ZG3w"],"description":"Dicodusport est l'encyclop\u00e9die de l'actualit\u00e9 sportive.","email":"bonjour@dicodusport.fr","legalName":"DICODUSPORT","foundingDate":"2018-01-14","vatID":"FR71834470973","taxID":"83447097300043","numberOfEmployees":{"@type":"QuantitativeValue","minValue":"1","maxValue":"10"}},{"@type":"Person","@id":"https:\/\/dicodusport.fr\/blog\/#\/schema\/person\/819fb2545dd2715bd7c0580d6d4b411a","name":"Roxane Lecacher","image":{"@type":"ImageObject","inLanguage":"fr-FR","@id":"https:\/\/dicodusport.fr\/blog\/#\/schema\/person\/image\/","url":"https:\/\/dicodusport.fr\/blog\/wp-content\/uploads\/2021\/05\/Roxane-Lecacher-150x150.jpg","contentUrl":"https:\/\/dicodusport.fr\/blog\/wp-content\/uploads\/2021\/05\/Roxane-Lecacher-150x150.jpg","caption":"Roxane Lecacher"},"description":"Journaliste\/r\u00e9dactrice depuis janvier 2021 - N\u00e9e quelques jours avant la premi\u00e8re \u00e9toile des Bleus, je baigne dans une famille tr\u00e8s sportive. Je n\u2019ai eu d\u2019autres choix que de me passionner pour le sujet. Pratiquante de l\u2019athl\u00e9tisme depuis toute petite, j\u2019ai aussi un attrait tout particulier pour la Formule 1, le biathlon et le foot. Pendant les grands \u00e9v\u00e9nements, il est impossible de d\u00e9crocher de ma t\u00e9l\u00e9. C\u2019est \u00e0 travers Dicodusport que j\u2019aime d\u00e9sormais vous transmettre mes \u00e9motions et ma passion.","sameAs":["https:\/\/www.facebook.com\/roxane.lecacher","https:\/\/fr.linkedin.com\/in\/roxane-lecacher-23368313b"],"url":"https:\/\/dicodusport.fr\/blog\/author\/roxanel\/"}]}},"_links":{"self":[{"href":"https:\/\/dicodusport.fr\/blog\/wp-json\/wp\/v2\/posts\/376512","targetHints":{"allow":["GET"]}}],"collection":[{"href":"https:\/\/dicodusport.fr\/blog\/wp-json\/wp\/v2\/posts"}],"about":[{"href":"https:\/\/dicodusport.fr\/blog\/wp-json\/wp\/v2\/types\/post"}],"author":[{"embeddable":true,"href":"https:\/\/dicodusport.fr\/blog\/wp-json\/wp\/v2\/users\/54"}],"replies":[{"embeddable":true,"href":"https:\/\/dicodusport.fr\/blog\/wp-json\/wp\/v2\/comments?post=376512"}],"version-history":[{"count":1,"href":"https:\/\/dicodusport.fr\/blog\/wp-json\/wp\/v2\/posts\/376512\/revisions"}],"predecessor-version":[{"id":597712,"href":"https:\/\/dicodusport.fr\/blog\/wp-json\/wp\/v2\/posts\/376512\/revisions\/597712"}],"wp:featuredmedia":[{"embeddable":true,"href":"https:\/\/dicodusport.fr\/blog\/wp-json\/wp\/v2\/media\/376537"}],"wp:attachment":[{"href":"https:\/\/dicodusport.fr\/blog\/wp-json\/wp\/v2\/media?parent=376512"}],"wp:term":[{"taxonomy":"category","embeddable":true,"href":"https:\/\/dicodusport.fr\/blog\/wp-json\/wp\/v2\/categories?post=376512"},{"taxonomy":"post_tag","embeddable":true,"href":"https:\/\/dicodusport.fr\/blog\/wp-json\/wp\/v2\/tags?post=376512"}],"curies":[{"name":"wp","href":"https:\/\/api.w.org\/{rel}","templated":true}]}}