{"id":376761,"date":"2023-05-01T18:21:52","date_gmt":"2023-05-01T16:21:52","guid":{"rendered":"https:\/\/dicodusport.fr\/blog\/?p=376761&#038;preview=true&#038;preview_id=376761"},"modified":"2023-05-02T08:11:12","modified_gmt":"2023-05-02T06:11:12","slug":"ben-healy-le-vent-de-fraicheur-irlandais","status":"publish","type":"post","link":"https:\/\/dicodusport.fr\/blog\/ben-healy-le-vent-de-fraicheur-irlandais\/","title":{"rendered":"Ben Healy, le vent de fra\u00eecheur irlandais"},"content":{"rendered":"<p align=\"justify\"><em><strong>CYCLISME SUR ROUTE 2023 &#8211; Ben Healy (EF Education EasyPost) est le tube du printemps ! Les r\u00e9centes performances de ce jeune coureur irlandais, \u00e2g\u00e9 de 22 ans, l&rsquo;ont propuls\u00e9 sur le devant de la sc\u00e8ne. Le dernier coureur de l&rsquo;Irlande \u00e0 avoir eu de tels r\u00e9sultats est Dan Martin. De quoi pr\u00e9voir un aussi grand futur pour Healy ?<\/strong><\/em><\/p>\n<p style=\"text-align: justify;\" align=\"justify\">Apr\u00e8s de tr\u00e8s bons r\u00e9sultats chez les jeunes, <strong>Ben Healy <\/strong>confirme qu&rsquo;il est l&rsquo;une des stars montantes du cyclisme sur les courses d&rsquo;un jour. Vainqueur d&rsquo;une \u00e9tape du Tour de l&rsquo;Avenir 2019 \u00e0 seulement 18 ans, deux ans plus tard, il devient champion d&rsquo;Irlande sur route en devan\u00e7ant Nicolas Roche, alors l&rsquo;une des t\u00eates d&rsquo;affiche du cyclisme de la nation au tr\u00e8fle. En 2022, il remporte le titre de champion national du contre-la-montre. Le natif de Kingswinford ne vient pas de nulle part et poss\u00e8de d\u00e9j\u00e0 un palmar\u00e8s bien rempli pour un coureur n\u00e9 en 2000.<\/p>\n<h2 style=\"text-align: justify;\" align=\"justify\">2023 : la r\u00e9v\u00e9lation<\/h2>\n<p style=\"text-align: justify;\">Cette ann\u00e9e, <strong>Ben Healy<\/strong> est mont\u00e9 en puissance petit \u00e0 petit. Il a sign\u00e9 un podium d\u00e8s sa course de reprise sur le Trofeo Calvia, dans le cadre du Challenge de Majorque. Puis, il a remport\u00e9 <a href=\"https:\/\/dicodusport.fr\/blog\/semaine-coppi-et-bartali-2023-classement-3eme-etape\/\">une \u00e9tape lors de la Semaine Internationale Coppi et Bartali<\/a>. Finalement, c&rsquo;est sur les courses les plus importantes de son d\u00e9but de saison qu&rsquo;il a montr\u00e9 le meilleur de lui-m\u00eame.<\/p>\n<p style=\"text-align: justify;\">En avril, sa deuxi\u00e8me place sur <a href=\"https:\/\/dicodusport.fr\/blog\/classement-la-fleche-brabanconne-2023\/\">la Fl\u00e8che Braban\u00e7onne<\/a> a montr\u00e9 \u00e0 tout le monde de quel bois il se chauffait. <strong>Healy<\/strong> a confirm\u00e9 cela seulement quatre jours plus tard en terminant une nouvelle fois deuxi\u00e8me, <a href=\"https:\/\/dicodusport.fr\/blog\/classement-amstel-gold-race-2023\/\">lors de l&rsquo;Amstel Gold Race<\/a>. C&rsquo;est lors de cette course qu&rsquo;il est entr\u00e9 dans une nouvelle dimension, et a uniquement d\u00fb s&rsquo;incliner derri\u00e8re l&rsquo;imbattable <strong>Tadej Pogacar<\/strong>. La r\u00e9silience de l&rsquo;Irlandais, son style tr\u00e8s caract\u00e9ristique, son amour pour les Ardennaises et sa capacit\u00e9 \u00e0 ne rien l\u00e2cher font penser \u00e0 Dan Martin, le dernier grand coureur irlandais de classiques que le peloton a connu.<\/p>\n<blockquote class=\"twitter-tweet\">\n<p dir=\"ltr\" lang=\"en\">ben healy&rsquo;s a real fighter <a href=\"https:\/\/twitter.com\/hashtag\/lbl?src=hash&amp;ref_src=twsrc%5Etfw\">#lbl<\/a> <a href=\"https:\/\/t.co\/eQeQk7NH9s\">pic.twitter.com\/eQeQk7NH9s<\/a><\/p>\n<p>\u2014 daniel (@cyclingreporter) <a href=\"https:\/\/twitter.com\/cyclingreporter\/status\/1650142916243861506?ref_src=twsrc%5Etfw\">April 23, 2023<\/a><\/p><\/blockquote>\n<p><script async src=\"https:\/\/platform.twitter.com\/widgets.js\" charset=\"utf-8\"><\/script><\/p>\n<h2 style=\"text-align: justify;\">Un nouveau statut ?<\/h2>\n<p style=\"text-align: justify;\">Lors de Li\u00e8ge-Bastogne-Li\u00e8ge, <strong>Ben Healy <\/strong>a d\u00fb assumer un nouveau r\u00f4le gr\u00e2ce \u00e0 ses r\u00e9cents r\u00e9sultats. Il s&rsquo;est fait un nom pendant cette campagne de classiques et il a d\u00fb faire avec durant le Monument ardennais. Une \u00e9preuve qu&rsquo;il a finalement termin\u00e9e \u00e0 la quatri\u00e8me place, au pied du podium. Solide pour un coureur qui n&rsquo;avait jamais couru autant de kilom\u00e8tres en course.<\/p>\n<p style=\"text-align: justify;\">\u00c9videmment, il n&rsquo;est pas au niveau des extraterrestres que peuvent \u00eatre <strong>Tadej Pogacar<\/strong> ou <strong>Remco Evenepoel<\/strong>. Mais <strong>Ben Healy<\/strong> s&rsquo;est forg\u00e9 un nouveau statut dans le peloton depuis un mois. Il n&rsquo;est d\u00e9sormais pas pris \u00e0 la l\u00e9g\u00e8re et est le leader au sein de son \u00e9quipe. L&rsquo;Irlandais a donc carte blanche, et il a d&rsquo;ores et d\u00e9j\u00e0 pris rendez-vous avec le futur \u00e0 seulement 22 ans.<\/p>\n<h2 style=\"text-align: justify;\">Des carences insurmontables ?<\/h2>\n<p style=\"text-align: justify;\">Pour pouvoir pr\u00e9tendre \u00e0 une victoire sur un Monument, <strong>Ben Healy <\/strong>va devoir s&rsquo;am\u00e9liorer au sprint. Aujourd&rsquo;hui, c&rsquo;est cette carence qui a emp\u00each\u00e9 l&rsquo;Irlandais de gagner la Fl\u00e8che Braban\u00e7onne face \u00e0 Dorian Godon, mais aussi de monter sur le podium de Li\u00e8ge-Bastogne-Li\u00e8ge. Il s&rsquo;est fait devancer par <strong>Thomas Pidcock<\/strong> et <strong>Santiago Buitrago<\/strong>. C&rsquo;est aussi ce d\u00e9ficit au sprint qui le pousse \u00e0 \u00eatre autant offensif. Ainsi, il a l\u00e2ch\u00e9 Pidcock dans le dernier tour de l&rsquo;Amstel Gold Race en attaquant, car il se savait moins rapide lors d&rsquo;une arriv\u00e9e \u00e0 deux.<\/p>\n<p style=\"text-align: justify;\">Dans le m\u00eame sens, lors de La Doyenne, il a acc\u00e9l\u00e9r\u00e9 \u00e0 plus de 800 m\u00e8tres de la ligne pour essayer de surprendre ses adversaires. Pour le moment, <strong>Healy<\/strong> fait sa course en fonction de ses qualit\u00e9s. Cela n&rsquo;a pas fonctionn\u00e9 \u00e0 Li\u00e8ge, mais il est clair qu&rsquo;\u00e0 l&rsquo;avenir, la condition de l&rsquo;Irlandais, l&rsquo;exp\u00e9rience qu&rsquo;il va accumuler et ses qualit\u00e9s feront de lui un s\u00e9rieux outsider.<\/p>\n<blockquote class=\"twitter-tweet\">\n<p dir=\"ltr\" lang=\"fr\">Les propos de Ben Healy apr\u00e8s <a href=\"https:\/\/twitter.com\/hashtag\/LiegeBastogneLiege?src=hash&amp;ref_src=twsrc%5Etfw\">#LiegeBastogneLiege<\/a> <a href=\"https:\/\/twitter.com\/hashtag\/LBL23?src=hash&amp;ref_src=twsrc%5Etfw\">#LBL23<\/a> \ud83c\udf99\ufe0f <a href=\"https:\/\/t.co\/8DI11zdntG\">pic.twitter.com\/8DI11zdntG<\/a><\/p>\n<p>\u2014 \ud83d\udeb4 Les Rois du Peloton \ud83d\udeb2 (@LRoisDuPeloton) <a href=\"https:\/\/twitter.com\/LRoisDuPeloton\/status\/1650412653485932544?ref_src=twsrc%5Etfw\">April 24, 2023<\/a><\/p><\/blockquote>\n<p><script async src=\"https:\/\/platform.twitter.com\/widgets.js\" charset=\"utf-8\"><\/script><\/p>\n<p style=\"text-align: justify;\">Enfin, pour pouvoir pr\u00e9tendre \u00e0 un Monument, son \u00e9quipe va devoir se montrer au niveau du coureur qu&rsquo;Healy est en train de devenir. Avec <strong>Neilson Powless<\/strong>, <strong>Jonathan Caicedo<\/strong>, <strong>Esteban Chaves<\/strong> ou encore <strong>Andrey Amador<\/strong>, il y a des \u00e9quipiers de qualit\u00e9s pour \u00e9pauler <strong>Ben Healy<\/strong>. Cependant, ils devront, eux aussi, r\u00e9pondre pr\u00e9sent pour offrir des opportunit\u00e9s \u00e0 l&rsquo;Irlandais dans les ann\u00e9es \u00e0 venir.<\/p>\n<p style=\"text-align: justify;\">Globalement, le collectif EF Education-EasyPost, et les caract\u00e9ristiques de Ben Healy, poussent ce dernier \u00e0 faire la course. Le spectacle est au rendez-vous lorsque l&rsquo;Irlandais est au d\u00e9part d&rsquo;une course. Il ne l\u00e2che jamais rien et se donne toujours \u00e0 100 %, tel l&rsquo;Irlandais qu&rsquo;il est. Il va falloir surveiller sa progression et observer la confirmation, ou non, de ses superbes performances. Toujours est-il qu&rsquo;Healy s&rsquo;est fait un nom au cours du printemps.<\/p>\n","protected":false},"excerpt":{"rendered":"<p>CYCLISME SUR ROUTE 2023 &#8211; Ben Healy (EF Education EasyPost) est le tube du printemps ! Les r\u00e9centes performances de ce jeune coureur irlandais, \u00e2g\u00e9 de 22 ans, l&rsquo;ont propuls\u00e9 sur le devant de la sc\u00e8ne. Le dernier coureur de l&rsquo;Irlande \u00e0 avoir eu de tels r\u00e9sultats est Dan Martin. De quoi pr\u00e9voir un aussi grand futur pour Healy ?<\/p>\n","protected":false},"author":85,"featured_media":378487,"comment_status":"open","ping_status":"closed","sticky":false,"template":"","format":"standard","meta":{"_acf_changed":false,"_daextam_enable_autolinks":"","footnotes":""},"categories":[46994],"tags":[4163,16878,574,4165,24],"class_list":["post-376761","post","type-post","status-publish","format-standard","has-post-thumbnail","hentry","category-cyclisme-sur-route","tag-amstel-gold-race","tag-breve","tag-cyclisme","tag-liege-bastogne-liege","tag-sport"],"acf":[],"yoast_head":"<!-- This site is optimized with the Yoast SEO Premium plugin v26.7 (Yoast SEO v26.7) - https:\/\/yoast.com\/wordpress\/plugins\/seo\/ -->\n<title>Ben Healy, le vent de fra\u00eecheur irlandais<\/title>\n<meta name=\"description\" content=\"Ben Healy est le tube du printemps ! Les performances de l&#039;Irlandais l&#039;ont propuls\u00e9 sur le devant de la sc\u00e8ne.\" \/>\n<meta name=\"robots\" content=\"index, follow, max-snippet:-1, max-image-preview:large, max-video-preview:-1\" \/>\n<link rel=\"canonical\" href=\"https:\/\/dicodusport.fr\/blog\/ben-healy-le-vent-de-fraicheur-irlandais\/\" \/>\n<meta property=\"og:locale\" content=\"fr_FR\" \/>\n<meta property=\"og:type\" content=\"article\" \/>\n<meta property=\"og:title\" content=\"Ben Healy, le vent de fra\u00eecheur irlandais\" \/>\n<meta property=\"og:description\" content=\"Ben Healy est le tube du printemps ! Les performances de l&#039;Irlandais l&#039;ont propuls\u00e9 sur le devant de la sc\u00e8ne.\" \/>\n<meta property=\"og:url\" content=\"https:\/\/dicodusport.fr\/blog\/ben-healy-le-vent-de-fraicheur-irlandais\/\" \/>\n<meta property=\"og:site_name\" content=\"Dicodusport\" \/>\n<meta property=\"article:publisher\" content=\"https:\/\/www.facebook.com\/dicodusport\" \/>\n<meta property=\"article:published_time\" content=\"2023-05-01T16:21:52+00:00\" \/>\n<meta property=\"article:modified_time\" content=\"2023-05-02T06:11:12+00:00\" \/>\n<meta property=\"og:image\" content=\"https:\/\/dicodusport.fr\/blog\/wp-content\/uploads\/2023\/04\/Ben-Healy-le-vent-de-fraicheur-irlandais.png\" \/>\n\t<meta property=\"og:image:width\" content=\"800\" \/>\n\t<meta property=\"og:image:height\" content=\"445\" \/>\n\t<meta property=\"og:image:type\" content=\"image\/png\" \/>\n<meta name=\"author\" content=\"Mathias Roisil\" \/>\n<meta name=\"twitter:card\" content=\"summary_large_image\" \/>\n<meta name=\"twitter:title\" content=\"Ben Healy, le vent de fra\u00eecheur irlandais\" \/>\n<meta name=\"twitter:creator\" content=\"@https:\/\/twitter.com\/mathias_rsl\" \/>\n<meta name=\"twitter:site\" content=\"@dicodusport\" \/>\n<script type=\"application\/ld+json\" class=\"yoast-schema-graph\">{\"@context\":\"https:\/\/schema.org\",\"@graph\":[{\"@type\":\"NewsArticle\",\"@id\":\"https:\/\/dicodusport.fr\/blog\/ben-healy-le-vent-de-fraicheur-irlandais\/#article\",\"isPartOf\":{\"@id\":\"https:\/\/dicodusport.fr\/blog\/ben-healy-le-vent-de-fraicheur-irlandais\/\"},\"author\":{\"name\":\"Mathias Roisil\",\"@id\":\"https:\/\/dicodusport.fr\/blog\/#\/schema\/person\/e474e53a72e49c749504921d8c1c20e0\"},\"headline\":\"Ben Healy, le vent de fra\u00eecheur irlandais\",\"datePublished\":\"2023-05-01T16:21:52+00:00\",\"dateModified\":\"2023-05-02T06:11:12+00:00\",\"mainEntityOfPage\":{\"@id\":\"https:\/\/dicodusport.fr\/blog\/ben-healy-le-vent-de-fraicheur-irlandais\/\"},\"wordCount\":879,\"commentCount\":0,\"publisher\":{\"@id\":\"https:\/\/dicodusport.fr\/blog\/#organization\"},\"image\":{\"@id\":\"https:\/\/dicodusport.fr\/blog\/ben-healy-le-vent-de-fraicheur-irlandais\/#primaryimage\"},\"thumbnailUrl\":\"https:\/\/dicodusport.fr\/blog\/wp-content\/uploads\/2023\/04\/Ben-Healy-le-vent-de-fraicheur-irlandais.png\",\"keywords\":[\"Amstel Gold Race\",\"br\u00e8ve\",\"Cyclisme\",\"Li\u00e8ge-Bastogne-Li\u00e8ge\",\"sport\"],\"articleSection\":[\"Cyclisme sur route\"],\"inLanguage\":\"fr-FR\",\"potentialAction\":[{\"@type\":\"CommentAction\",\"name\":\"Comment\",\"target\":[\"https:\/\/dicodusport.fr\/blog\/ben-healy-le-vent-de-fraicheur-irlandais\/#respond\"]}],\"copyrightYear\":\"2023\",\"copyrightHolder\":{\"@id\":\"https:\/\/dicodusport.fr\/blog\/#organization\"}},{\"@type\":\"WebPage\",\"@id\":\"https:\/\/dicodusport.fr\/blog\/ben-healy-le-vent-de-fraicheur-irlandais\/\",\"url\":\"https:\/\/dicodusport.fr\/blog\/ben-healy-le-vent-de-fraicheur-irlandais\/\",\"name\":\"Ben Healy, le vent de fra\u00eecheur irlandais\",\"isPartOf\":{\"@id\":\"https:\/\/dicodusport.fr\/blog\/#website\"},\"primaryImageOfPage\":{\"@id\":\"https:\/\/dicodusport.fr\/blog\/ben-healy-le-vent-de-fraicheur-irlandais\/#primaryimage\"},\"image\":{\"@id\":\"https:\/\/dicodusport.fr\/blog\/ben-healy-le-vent-de-fraicheur-irlandais\/#primaryimage\"},\"thumbnailUrl\":\"https:\/\/dicodusport.fr\/blog\/wp-content\/uploads\/2023\/04\/Ben-Healy-le-vent-de-fraicheur-irlandais.png\",\"datePublished\":\"2023-05-01T16:21:52+00:00\",\"dateModified\":\"2023-05-02T06:11:12+00:00\",\"description\":\"Ben Healy est le tube du printemps ! Les performances de l'Irlandais l'ont propuls\u00e9 sur le devant de la sc\u00e8ne.\",\"breadcrumb\":{\"@id\":\"https:\/\/dicodusport.fr\/blog\/ben-healy-le-vent-de-fraicheur-irlandais\/#breadcrumb\"},\"inLanguage\":\"fr-FR\",\"potentialAction\":[{\"@type\":\"ReadAction\",\"target\":[\"https:\/\/dicodusport.fr\/blog\/ben-healy-le-vent-de-fraicheur-irlandais\/\"]}]},{\"@type\":\"ImageObject\",\"inLanguage\":\"fr-FR\",\"@id\":\"https:\/\/dicodusport.fr\/blog\/ben-healy-le-vent-de-fraicheur-irlandais\/#primaryimage\",\"url\":\"https:\/\/dicodusport.fr\/blog\/wp-content\/uploads\/2023\/04\/Ben-Healy-le-vent-de-fraicheur-irlandais.png\",\"contentUrl\":\"https:\/\/dicodusport.fr\/blog\/wp-content\/uploads\/2023\/04\/Ben-Healy-le-vent-de-fraicheur-irlandais.png\",\"width\":800,\"height\":445,\"caption\":\"Ben Healy, le vent de fra\u00eecheur irlandais\"},{\"@type\":\"BreadcrumbList\",\"@id\":\"https:\/\/dicodusport.fr\/blog\/ben-healy-le-vent-de-fraicheur-irlandais\/#breadcrumb\",\"itemListElement\":[{\"@type\":\"ListItem\",\"position\":1,\"name\":\"Accueil\",\"item\":\"https:\/\/dicodusport.fr\/blog\/\"},{\"@type\":\"ListItem\",\"position\":2,\"name\":\"Ben Healy, le vent de fra\u00eecheur irlandais\"}]},{\"@type\":\"WebSite\",\"@id\":\"https:\/\/dicodusport.fr\/blog\/#website\",\"url\":\"https:\/\/dicodusport.fr\/blog\/\",\"name\":\"Dicodusport\",\"description\":\"L&#039;encyclop\u00e9die de l&#039;actualit\u00e9 sportive\",\"publisher\":{\"@id\":\"https:\/\/dicodusport.fr\/blog\/#organization\"},\"potentialAction\":[{\"@type\":\"SearchAction\",\"target\":{\"@type\":\"EntryPoint\",\"urlTemplate\":\"https:\/\/dicodusport.fr\/blog\/?s={search_term_string}\"},\"query-input\":{\"@type\":\"PropertyValueSpecification\",\"valueRequired\":true,\"valueName\":\"search_term_string\"}}],\"inLanguage\":\"fr-FR\"},{\"@type\":\"NewsMediaOrganization\",\"@id\":\"https:\/\/dicodusport.fr\/blog\/#organization\",\"name\":\"Dicodusport\",\"url\":\"https:\/\/dicodusport.fr\/blog\/\",\"logo\":{\"@type\":\"ImageObject\",\"inLanguage\":\"fr-FR\",\"@id\":\"https:\/\/dicodusport.fr\/blog\/#\/schema\/logo\/image\/\",\"url\":\"https:\/\/dicodusport.fr\/blog\/wp-content\/uploads\/2020\/06\/cropped-LOGO-DICODUSPORT-2020-SANS-FOND-SANS-TEXTE.png\",\"contentUrl\":\"https:\/\/dicodusport.fr\/blog\/wp-content\/uploads\/2020\/06\/cropped-LOGO-DICODUSPORT-2020-SANS-FOND-SANS-TEXTE.png\",\"width\":512,\"height\":512,\"caption\":\"Dicodusport\"},\"image\":{\"@id\":\"https:\/\/dicodusport.fr\/blog\/#\/schema\/logo\/image\/\"},\"sameAs\":[\"https:\/\/www.facebook.com\/dicodusport\",\"https:\/\/x.com\/dicodusport\",\"https:\/\/www.instagram.com\/dicodusport\/\",\"https:\/\/www.youtube.com\/channel\/UC7V2KZ5sd3htJivAbA4ZG3w\"],\"description\":\"Dicodusport est l'encyclop\u00e9die de l'actualit\u00e9 sportive.\",\"email\":\"bonjour@dicodusport.fr\",\"legalName\":\"DICODUSPORT\",\"foundingDate\":\"2018-01-14\",\"vatID\":\"FR71834470973\",\"taxID\":\"83447097300043\",\"numberOfEmployees\":{\"@type\":\"QuantitativeValue\",\"minValue\":\"1\",\"maxValue\":\"10\"}},{\"@type\":\"Person\",\"@id\":\"https:\/\/dicodusport.fr\/blog\/#\/schema\/person\/e474e53a72e49c749504921d8c1c20e0\",\"name\":\"Mathias Roisil\",\"image\":{\"@type\":\"ImageObject\",\"inLanguage\":\"fr-FR\",\"@id\":\"https:\/\/dicodusport.fr\/blog\/#\/schema\/person\/image\/\",\"url\":\"https:\/\/dicodusport.fr\/blog\/wp-content\/uploads\/2023\/06\/rogne-150x150.jpg\",\"contentUrl\":\"https:\/\/dicodusport.fr\/blog\/wp-content\/uploads\/2023\/06\/rogne-150x150.jpg\",\"caption\":\"Mathias Roisil\"},\"description\":\"Passionn\u00e9 de sport depuis toujours. Grand fan de l'Olympique Lyonnais et des Toronto Raptors, j'ai toujours voulu \u00eatre journaliste sportif. Aujourd'hui \u00e9ducateur sp\u00e9cialis\u00e9, c'est \u00e0 mes heures perdues que je m'adonne \u00e0 cette passion. Globe-trotter, le sport est ma boussole. Que ce soit au beau milieu de l'Amazonie ou au c\u0153ur d'une temp\u00eate de neige au Qu\u00e9bec, les exploits des sportifs m'accompagnent. Je leur rends \u00e0 ma fa\u00e7on en \u00e9crivant quelques lignes de temps en temps !\",\"sameAs\":[\"https:\/\/www.instagram.com\/mathias_rsl\/\",\"https:\/\/x.com\/https:\/\/twitter.com\/mathias_rsl\"],\"url\":\"https:\/\/dicodusport.fr\/blog\/author\/mathias-roisil\/\"}]}<\/script>\n<!-- \/ Yoast SEO Premium plugin. -->","yoast_head_json":{"title":"Ben Healy, le vent de fra\u00eecheur irlandais","description":"Ben Healy est le tube du printemps ! Les performances de l'Irlandais l'ont propuls\u00e9 sur le devant de la sc\u00e8ne.","robots":{"index":"index","follow":"follow","max-snippet":"max-snippet:-1","max-image-preview":"max-image-preview:large","max-video-preview":"max-video-preview:-1"},"canonical":"https:\/\/dicodusport.fr\/blog\/ben-healy-le-vent-de-fraicheur-irlandais\/","og_locale":"fr_FR","og_type":"article","og_title":"Ben Healy, le vent de fra\u00eecheur irlandais","og_description":"Ben Healy est le tube du printemps ! Les performances de l'Irlandais l'ont propuls\u00e9 sur le devant de la sc\u00e8ne.","og_url":"https:\/\/dicodusport.fr\/blog\/ben-healy-le-vent-de-fraicheur-irlandais\/","og_site_name":"Dicodusport","article_publisher":"https:\/\/www.facebook.com\/dicodusport","article_published_time":"2023-05-01T16:21:52+00:00","article_modified_time":"2023-05-02T06:11:12+00:00","og_image":[{"width":800,"height":445,"url":"https:\/\/dicodusport.fr\/blog\/wp-content\/uploads\/2023\/04\/Ben-Healy-le-vent-de-fraicheur-irlandais.png","type":"image\/png"}],"author":"Mathias Roisil","twitter_card":"summary_large_image","twitter_title":"Ben Healy, le vent de fra\u00eecheur irlandais","twitter_creator":"@https:\/\/twitter.com\/mathias_rsl","twitter_site":"@dicodusport","schema":{"@context":"https:\/\/schema.org","@graph":[{"@type":"NewsArticle","@id":"https:\/\/dicodusport.fr\/blog\/ben-healy-le-vent-de-fraicheur-irlandais\/#article","isPartOf":{"@id":"https:\/\/dicodusport.fr\/blog\/ben-healy-le-vent-de-fraicheur-irlandais\/"},"author":{"name":"Mathias Roisil","@id":"https:\/\/dicodusport.fr\/blog\/#\/schema\/person\/e474e53a72e49c749504921d8c1c20e0"},"headline":"Ben Healy, le vent de fra\u00eecheur irlandais","datePublished":"2023-05-01T16:21:52+00:00","dateModified":"2023-05-02T06:11:12+00:00","mainEntityOfPage":{"@id":"https:\/\/dicodusport.fr\/blog\/ben-healy-le-vent-de-fraicheur-irlandais\/"},"wordCount":879,"commentCount":0,"publisher":{"@id":"https:\/\/dicodusport.fr\/blog\/#organization"},"image":{"@id":"https:\/\/dicodusport.fr\/blog\/ben-healy-le-vent-de-fraicheur-irlandais\/#primaryimage"},"thumbnailUrl":"https:\/\/dicodusport.fr\/blog\/wp-content\/uploads\/2023\/04\/Ben-Healy-le-vent-de-fraicheur-irlandais.png","keywords":["Amstel Gold Race","br\u00e8ve","Cyclisme","Li\u00e8ge-Bastogne-Li\u00e8ge","sport"],"articleSection":["Cyclisme sur route"],"inLanguage":"fr-FR","potentialAction":[{"@type":"CommentAction","name":"Comment","target":["https:\/\/dicodusport.fr\/blog\/ben-healy-le-vent-de-fraicheur-irlandais\/#respond"]}],"copyrightYear":"2023","copyrightHolder":{"@id":"https:\/\/dicodusport.fr\/blog\/#organization"}},{"@type":"WebPage","@id":"https:\/\/dicodusport.fr\/blog\/ben-healy-le-vent-de-fraicheur-irlandais\/","url":"https:\/\/dicodusport.fr\/blog\/ben-healy-le-vent-de-fraicheur-irlandais\/","name":"Ben Healy, le vent de fra\u00eecheur irlandais","isPartOf":{"@id":"https:\/\/dicodusport.fr\/blog\/#website"},"primaryImageOfPage":{"@id":"https:\/\/dicodusport.fr\/blog\/ben-healy-le-vent-de-fraicheur-irlandais\/#primaryimage"},"image":{"@id":"https:\/\/dicodusport.fr\/blog\/ben-healy-le-vent-de-fraicheur-irlandais\/#primaryimage"},"thumbnailUrl":"https:\/\/dicodusport.fr\/blog\/wp-content\/uploads\/2023\/04\/Ben-Healy-le-vent-de-fraicheur-irlandais.png","datePublished":"2023-05-01T16:21:52+00:00","dateModified":"2023-05-02T06:11:12+00:00","description":"Ben Healy est le tube du printemps ! Les performances de l'Irlandais l'ont propuls\u00e9 sur le devant de la sc\u00e8ne.","breadcrumb":{"@id":"https:\/\/dicodusport.fr\/blog\/ben-healy-le-vent-de-fraicheur-irlandais\/#breadcrumb"},"inLanguage":"fr-FR","potentialAction":[{"@type":"ReadAction","target":["https:\/\/dicodusport.fr\/blog\/ben-healy-le-vent-de-fraicheur-irlandais\/"]}]},{"@type":"ImageObject","inLanguage":"fr-FR","@id":"https:\/\/dicodusport.fr\/blog\/ben-healy-le-vent-de-fraicheur-irlandais\/#primaryimage","url":"https:\/\/dicodusport.fr\/blog\/wp-content\/uploads\/2023\/04\/Ben-Healy-le-vent-de-fraicheur-irlandais.png","contentUrl":"https:\/\/dicodusport.fr\/blog\/wp-content\/uploads\/2023\/04\/Ben-Healy-le-vent-de-fraicheur-irlandais.png","width":800,"height":445,"caption":"Ben Healy, le vent de fra\u00eecheur irlandais"},{"@type":"BreadcrumbList","@id":"https:\/\/dicodusport.fr\/blog\/ben-healy-le-vent-de-fraicheur-irlandais\/#breadcrumb","itemListElement":[{"@type":"ListItem","position":1,"name":"Accueil","item":"https:\/\/dicodusport.fr\/blog\/"},{"@type":"ListItem","position":2,"name":"Ben Healy, le vent de fra\u00eecheur irlandais"}]},{"@type":"WebSite","@id":"https:\/\/dicodusport.fr\/blog\/#website","url":"https:\/\/dicodusport.fr\/blog\/","name":"Dicodusport","description":"L&#039;encyclop\u00e9die de l&#039;actualit\u00e9 sportive","publisher":{"@id":"https:\/\/dicodusport.fr\/blog\/#organization"},"potentialAction":[{"@type":"SearchAction","target":{"@type":"EntryPoint","urlTemplate":"https:\/\/dicodusport.fr\/blog\/?s={search_term_string}"},"query-input":{"@type":"PropertyValueSpecification","valueRequired":true,"valueName":"search_term_string"}}],"inLanguage":"fr-FR"},{"@type":"NewsMediaOrganization","@id":"https:\/\/dicodusport.fr\/blog\/#organization","name":"Dicodusport","url":"https:\/\/dicodusport.fr\/blog\/","logo":{"@type":"ImageObject","inLanguage":"fr-FR","@id":"https:\/\/dicodusport.fr\/blog\/#\/schema\/logo\/image\/","url":"https:\/\/dicodusport.fr\/blog\/wp-content\/uploads\/2020\/06\/cropped-LOGO-DICODUSPORT-2020-SANS-FOND-SANS-TEXTE.png","contentUrl":"https:\/\/dicodusport.fr\/blog\/wp-content\/uploads\/2020\/06\/cropped-LOGO-DICODUSPORT-2020-SANS-FOND-SANS-TEXTE.png","width":512,"height":512,"caption":"Dicodusport"},"image":{"@id":"https:\/\/dicodusport.fr\/blog\/#\/schema\/logo\/image\/"},"sameAs":["https:\/\/www.facebook.com\/dicodusport","https:\/\/x.com\/dicodusport","https:\/\/www.instagram.com\/dicodusport\/","https:\/\/www.youtube.com\/channel\/UC7V2KZ5sd3htJivAbA4ZG3w"],"description":"Dicodusport est l'encyclop\u00e9die de l'actualit\u00e9 sportive.","email":"bonjour@dicodusport.fr","legalName":"DICODUSPORT","foundingDate":"2018-01-14","vatID":"FR71834470973","taxID":"83447097300043","numberOfEmployees":{"@type":"QuantitativeValue","minValue":"1","maxValue":"10"}},{"@type":"Person","@id":"https:\/\/dicodusport.fr\/blog\/#\/schema\/person\/e474e53a72e49c749504921d8c1c20e0","name":"Mathias Roisil","image":{"@type":"ImageObject","inLanguage":"fr-FR","@id":"https:\/\/dicodusport.fr\/blog\/#\/schema\/person\/image\/","url":"https:\/\/dicodusport.fr\/blog\/wp-content\/uploads\/2023\/06\/rogne-150x150.jpg","contentUrl":"https:\/\/dicodusport.fr\/blog\/wp-content\/uploads\/2023\/06\/rogne-150x150.jpg","caption":"Mathias Roisil"},"description":"Passionn\u00e9 de sport depuis toujours. Grand fan de l'Olympique Lyonnais et des Toronto Raptors, j'ai toujours voulu \u00eatre journaliste sportif. Aujourd'hui \u00e9ducateur sp\u00e9cialis\u00e9, c'est \u00e0 mes heures perdues que je m'adonne \u00e0 cette passion. Globe-trotter, le sport est ma boussole. Que ce soit au beau milieu de l'Amazonie ou au c\u0153ur d'une temp\u00eate de neige au Qu\u00e9bec, les exploits des sportifs m'accompagnent. Je leur rends \u00e0 ma fa\u00e7on en \u00e9crivant quelques lignes de temps en temps !","sameAs":["https:\/\/www.instagram.com\/mathias_rsl\/","https:\/\/x.com\/https:\/\/twitter.com\/mathias_rsl"],"url":"https:\/\/dicodusport.fr\/blog\/author\/mathias-roisil\/"}]}},"_links":{"self":[{"href":"https:\/\/dicodusport.fr\/blog\/wp-json\/wp\/v2\/posts\/376761","targetHints":{"allow":["GET"]}}],"collection":[{"href":"https:\/\/dicodusport.fr\/blog\/wp-json\/wp\/v2\/posts"}],"about":[{"href":"https:\/\/dicodusport.fr\/blog\/wp-json\/wp\/v2\/types\/post"}],"author":[{"embeddable":true,"href":"https:\/\/dicodusport.fr\/blog\/wp-json\/wp\/v2\/users\/85"}],"replies":[{"embeddable":true,"href":"https:\/\/dicodusport.fr\/blog\/wp-json\/wp\/v2\/comments?post=376761"}],"version-history":[{"count":0,"href":"https:\/\/dicodusport.fr\/blog\/wp-json\/wp\/v2\/posts\/376761\/revisions"}],"wp:featuredmedia":[{"embeddable":true,"href":"https:\/\/dicodusport.fr\/blog\/wp-json\/wp\/v2\/media\/378487"}],"wp:attachment":[{"href":"https:\/\/dicodusport.fr\/blog\/wp-json\/wp\/v2\/media?parent=376761"}],"wp:term":[{"taxonomy":"category","embeddable":true,"href":"https:\/\/dicodusport.fr\/blog\/wp-json\/wp\/v2\/categories?post=376761"},{"taxonomy":"post_tag","embeddable":true,"href":"https:\/\/dicodusport.fr\/blog\/wp-json\/wp\/v2\/tags?post=376761"}],"curies":[{"name":"wp","href":"https:\/\/api.w.org\/{rel}","templated":true}]}}