{"id":376860,"date":"2023-04-25T15:14:19","date_gmt":"2023-04-25T13:14:19","guid":{"rendered":"https:\/\/dicodusport.fr\/blog\/?p=376860&#038;preview=true&#038;preview_id=376860"},"modified":"2023-04-25T15:50:57","modified_gmt":"2023-04-25T13:50:57","slug":"ferrari-pourquoi-le-depart-de-charles-leclerc-est-loin-detre-impossible","status":"publish","type":"post","link":"https:\/\/dicodusport.fr\/blog\/ferrari-pourquoi-le-depart-de-charles-leclerc-est-loin-detre-impossible\/","title":{"rendered":"Ferrari : Pourquoi le d\u00e9part de Charles Leclerc est loin d&rsquo;\u00eatre impossible"},"content":{"rendered":"<p align=\"justify\"><em><strong><a href=\"https:\/\/dicodusport.fr\/blog\/actualites\/sports-mecaniques\/formule-1\/f1-2023\/\">F1 2023<\/a> &#8211; C&rsquo;est la rumeur du moment en Formule 1. Charles Leclerc (Ferrari) pourrait quitter la Scuderia Ferrari en fin de saison 2023. L&rsquo;information, lanc\u00e9e par Helmut Marko, le responsable de la fili\u00e8re jeunes de Red Bull, n&rsquo;a rien d&rsquo;irr\u00e9aliste.<\/strong><\/em><\/p>\n<p align=\"justify\">Alors que la <a href=\"https:\/\/dicodusport.fr\/blog\/actualites\/sports-mecaniques\/formule-1\/\"><strong>Formule 1<\/strong><\/a> fait son retour cette semaine \u00e0 Bakou (Azerba\u00efdjan), une rumeur a fait grand bruit ces derniers jours. Et le paddock pourrait bien \u00eatre en \u00e9bullition ce week-end, notamment du c\u00f4t\u00e9 de chez <strong>Ferrari<\/strong>. Interrog\u00e9 par le m\u00e9dia allemand <em>Sport 1<\/em>, <strong>Helmut Marko<\/strong>, figure de Red Bull, a en effet indiqu\u00e9 que <a href=\"https:\/\/www.eurosport.fr\/formule-1\/saison-2023\/2023\/transferts-f1-charles-leclerc-pourrait-quitter-ferrari-en-fin-de-saison-selon-marko_sto9575918\/story.shtml\"><strong>Charles Leclerc<\/strong> pourrait bien quitter Ferrari \u00e0 l&rsquo;issue de la saison 2023<\/a>.<\/p>\n<p align=\"justify\">En cause, une clause de performance dans le contrat du Mon\u00e9gasque. <em>\u00ab Ces clauses de performance sont courantes aujourd&rsquo;hui. Elles stipulent qu&rsquo;un pilote doit avoir un certain nombre de points \u00e0 un certain moment de la saison, g\u00e9n\u00e9ralement \u00e0 la fin de l&rsquo;\u00e9t\u00e9, pour que le contrat soit automatiquement renouvel\u00e9 [&#8230;] Si ce n&rsquo;est pas le cas, les deux parties ont la possibilit\u00e9 de r\u00e9silier le contrat \u00bb<\/em>, a indiqu\u00e9 l&rsquo;Autrichien de 79 ans. Des propos qui font \u00e9cho \u00e0 ceux du <em>Business Book GP<\/em>.<\/p>\n<div class=\"vlp-link-container vlp-layout-article\"><a href=\"https:\/\/www.eurosport.fr\/formule-1\/saison-2023\/2023\/transferts-f1-charles-leclerc-pourrait-quitter-ferrari-en-fin-de-saison-selon-marko_sto9575918\/story.shtml\" class=\"vlp-link\" title=\"Transferts F1 - Charles Leclerc pourrait quitter Ferrari en fin de saison selon Marko\" rel=\"nofollow\" target=\"_blank\"><\/a><div class=\"vlp-layout-zone-side\"><div class=\"vlp-block-4 vlp-link-image\"><img decoding=\"async\" src=\"https:\/\/i.eurosport.com\/2023\/03\/30\/3671772-74744368-2560-1440.jpg\" style=\"max-width: 800px; max-height: 800px\" \/><\/div><\/div><div class=\"vlp-layout-zone-main\"><div class=\"vlp-block-0 vlp-link-title\">Transferts F1 - Charles Leclerc pourrait quitter Ferrari en fin de saison selon Marko<\/div><div class=\"vlp-block-1 vlp-link-summary\">Helmut Marko a annonc\u00e9 que Charles Leclerc, auteur d\u2019un d\u00e9but de saison 2023 compliqu\u00e9, pourrait voir son avenir menac\u00e9 au sein de la Scuderia.<\/div><div class=\"vlp-block-2 vlp-link-button\">Lire l'article<\/div><div class=\"vlp-block-3 vlp-link-url\">www.eurosport.fr<\/div><\/div><\/div>\n<h2 style=\"text-align: justify;\" align=\"justify\">Leclerc sous contrat jusqu&rsquo;en 2024 mais&#8230;<\/h2>\n<p align=\"justify\">En effet, <em>Business Book GP<\/em>, qui analyse l&rsquo;\u00e9conomie de la F1 et cit\u00e9 par nos confr\u00e8res de<em> Sportune<\/em>, s&rsquo;est pench\u00e9 sur le cas <strong>Charles Leclerc<\/strong>. Le Mon\u00e9gasque, sous contrat avec la Scuderia jusqu&rsquo;en 2024, a mis la pression sur l&rsquo;\u00e9curie italienne la saison pass\u00e9e, et pour cause. Auteur d&rsquo;un d\u00e9but de saison canon, avec des victoires \u00e0 Bahre\u00efn et en Australie, le pilote de 25 ans a ensuite marqu\u00e9 le pas. Pas \u00e9pargn\u00e9 par les probl\u00e8mes de fiabilit\u00e9 du moteur <strong>Ferrari<\/strong>, il voit <strong>Max Verstappen<\/strong> rapidement lui passer devant, au classement du championnat du monde des pilotes.<\/p>\n<p align=\"justify\">Ainsi, \u00e0 mi-saison, <strong>Leclerc<\/strong> totalise 178 points. Lors de la seconde partie de l&rsquo;exercice 2022, il n&rsquo;inscrira que 130 points. Mais c&rsquo;est bien \u00e0 l&rsquo;occasion du break estival que tout s&rsquo;est jou\u00e9. Le clan <strong>Leclerc<\/strong> d\u00e9plore les choix strat\u00e9giques catastrophiques de l&rsquo;\u00e9curie transalpine. Comme \u00e0 Monaco ou \u00e0 Silverstone. En Angleterre, <strong>Mattia Binotto<\/strong>, patron de la <strong>Scuderia Ferrari<\/strong>, privil\u00e9gie <strong>Carlos Sainz<\/strong>, qui remporte ce jour-l\u00e0 son premier succ\u00e8s en F1. Pour le Mon\u00e9gasque, c&rsquo;est la goutte de trop.<\/p>\n<h2 style=\"text-align: justify;\" align=\"justify\">Un cadeau empoisonn\u00e9<\/h2>\n<p align=\"justify\">D\u00e8s lors, le pilote et son entourage mettent la pression sur <strong>Binotto<\/strong>. Pour apaiser la col\u00e8re de <strong>Charles Leclerc<\/strong>, le boss de Ferrari veut faire un cadeau \u00e0 ce dernier. Dans le d\u00e9tail, le contrat du champion GP3 (2016) et Formule 2 (2017), renouvel\u00e9 fin 2020 pour les quatre saisons suivantes, comprend une grille salariale croissante. 9 millions d\u2019euros en 2021, 11 millions d&rsquo;euros en 2021, 14 millions d&rsquo;euros en 2022, 17 millions d&rsquo;euros en 2023 et 20 millions en 2024. Binotto propose alors, d\u00e8s la saison 2023, de lui accorder le salaire annuel pr\u00e9vu en 2024,<a href=\"https:\/\/dicodusport.fr\/blog\/salaires-f1-2023-qui-sont-les-pilotes-les-mieux-payes-du-paddock\/18\/#trois\"> soit un peu plus de 20 millions d&rsquo;euros selon les estimations<\/a>.<\/p>\n<div class=\"vlp-link-container vlp-layout-article\"><a href=\"https:\/\/dicodusport.fr\/blog\/salaires-f1-2023-qui-sont-les-pilotes-les-mieux-payes-du-paddock\/\" class=\"vlp-link\" title=\"Salaires F1 2023 : Qui sont les pilotes les mieux pay\u00e9s du paddock ?\"><\/a><div class=\"vlp-layout-zone-side\"><div class=\"vlp-block-4 vlp-link-image\"><img loading=\"lazy\" decoding=\"async\" style=\"max-width: 800px;\" width=\"800\" height=\"445\" src=\"https:\/\/dicodusport.fr\/blog\/wp-content\/uploads\/2023\/02\/Salaires-F1-2023-Qui-sont-les-pilotes-les-mieux-payes-du-paddock-.png\" class=\"attachment-800x445 size-800x445\" alt=\"Salaires F1 2023 Qui sont les pilotes les mieux pay\u00e9s du paddock\" srcset=\"https:\/\/dicodusport.fr\/blog\/wp-content\/uploads\/2023\/02\/Salaires-F1-2023-Qui-sont-les-pilotes-les-mieux-payes-du-paddock-.png 800w, https:\/\/dicodusport.fr\/blog\/wp-content\/uploads\/2023\/02\/Salaires-F1-2023-Qui-sont-les-pilotes-les-mieux-payes-du-paddock--300x167.png 300w, https:\/\/dicodusport.fr\/blog\/wp-content\/uploads\/2023\/02\/Salaires-F1-2023-Qui-sont-les-pilotes-les-mieux-payes-du-paddock--768x427.png 768w\" sizes=\"auto, (max-width: 800px) 100vw, 800px\" \/><\/div><\/div><div class=\"vlp-layout-zone-main\"><div class=\"vlp-block-0 vlp-link-title\">Salaires F1 2023 : Qui sont les pilotes les mieux pay\u00e9s du paddock ?<\/div><div class=\"vlp-block-1 vlp-link-summary\">F1 2023 - Il y a quelques jours, le m\u00e9dia RacingNews 365 a d\u00e9voil\u00e9 les salaires des pilotes de Formule 1 pour la saison 2023. Petite nouveaut\u00e9 pour ce nouvel exercice : Max Verstappen (Red Bull) devient le pilote le mieux pay\u00e9 du plateau.<\/div><div class=\"vlp-block-2 vlp-link-button\">Lire l'article<\/div><div class=\"vlp-block-3 vlp-link-url\">dicodusport.fr<\/div><\/div><\/div>\n<p align=\"justify\">En \u00e9change de quoi, <strong>Charles Leclerc<\/strong> doit alors annuler la clause de sortie, la fameuse clause de performance cit\u00e9e par <strong>Helmut Marko<\/strong>, qui pourrait le lib\u00e9rer \u00e0 l&rsquo;issue le saison 2023. Deal refus\u00e9 par le Mon\u00e9gasque de 25 ans. Conclusion, ce dernier pourrait donc bel et bien quitter la Scuderia fin 2023. Et ce n&rsquo;est pas le d\u00e9but de saison du pilote flanqu\u00e9 du num\u00e9ro 16 qui va att\u00e9nuer les rumeurs de d\u00e9part. Contraint \u00e0 l&rsquo;abandon <a href=\"https:\/\/dicodusport.fr\/blog\/f1-classement-grand-prix-de-bahrein-2023\/\">\u00e0 <strong>Bahre\u00efn<\/strong><\/a> et <a href=\"https:\/\/dicodusport.fr\/blog\/f1-classement-grand-prix-d-australie-2023\/\">en <strong>Australie<\/strong><\/a>, <strong>Leclerc<\/strong> n&rsquo;est que 10\u00e8me au classement des pilotes, avec six petits points inscrits <a href=\"https:\/\/dicodusport.fr\/blog\/f1-classement-grand-prix-arabie-saoudite-2023\/\">en <strong>Arabie Saoudite<\/strong><\/a>. Derri\u00e8re <strong>Red Bull<\/strong>, <strong>Mercedes<\/strong> et m\u00eame<strong> Aston Martin<\/strong> en termes de performance, les prochaines semaines s&rsquo;annoncent cruciales pour l&rsquo;avenir du pilote aux 5 succ\u00e8s en F1.<\/p>\n<p align=\"justify\">Reste \u00e0 savoir qui pourrait l&rsquo;accueillir en 2024. Car la grille de la saison prochaine, et notamment chez les top teams, est plus que bouch\u00e9e. Mais en <strong>Formule 1<\/strong>, tout peut aller tr\u00e8s vite, les derni\u00e8res saisons nous l&rsquo;ont prouv\u00e9. Affaire \u00e0 suivre.<\/p>\n<h2 style=\"text-align: justify;\">\u00c0 lire aussi<\/h2>\n<ul>\n<li style=\"text-align: justify;\"><a href=\"https:\/\/dicodusport.fr\/blog\/f1-classement-championnat-du-monde-des-pilotes-2023\/\"><strong>Le classement du championnat du monde des pilotes<\/strong><\/a><\/li>\n<li style=\"text-align: justify;\"><strong><a href=\"https:\/\/dicodusport.fr\/blog\/f1-classement-championnat-du-monde-des-constructeurs-2023\/\">Le classement du championnat du monde des constructeurs<\/a>\u00a0<\/strong><\/li>\n<li style=\"text-align: justify;\"><a href=\"https:\/\/dicodusport.fr\/blog\/f1-2023-calendrier-et-resultats\/\"><strong>F1 2023 : Calendrier complet et r\u00e9sultats<\/strong><\/a><\/li>\n<\/ul>\n","protected":false},"excerpt":{"rendered":"<p>F1 2023 &#8211; C&rsquo;est la rumeur du moment en Formule 1. Charles Leclerc (Ferrari) pourrait quitter la Scuderia Ferrari en fin de saison 2023. L&rsquo;information, lanc\u00e9e par Helmut Marko, le responsable de la fili\u00e8re jeunes de Red Bull, n&rsquo;a rien d&rsquo;irr\u00e9aliste.<\/p>\n","protected":false},"author":4,"featured_media":376867,"comment_status":"open","ping_status":"closed","sticky":false,"template":"","format":"standard","meta":{"_acf_changed":false,"_daextam_enable_autolinks":"","footnotes":""},"categories":[8653],"tags":[16878,2064,3166,5927,2065,24],"class_list":["post-376860","post","type-post","status-publish","format-standard","has-post-thumbnail","hentry","category-formule-1","tag-breve","tag-charles-leclerc","tag-f1","tag-ferrari","tag-formule-1","tag-sport"],"acf":[],"yoast_head":"<!-- This site is optimized with the Yoast SEO Premium plugin v26.7 (Yoast SEO v26.7) - https:\/\/yoast.com\/wordpress\/plugins\/seo\/ -->\n<title>Ferrari : Pourquoi le d\u00e9part de Charles Leclerc est loin d&#039;\u00eatre impossible<\/title>\n<meta name=\"description\" content=\"F1 2023 - C&#039;est la rumeur du moment en Formule 1. Charles Leclerc (Ferrari) pourrait quitter la Scuderia Ferrari en fin de saison 2023.\" \/>\n<meta name=\"robots\" content=\"index, follow, max-snippet:-1, max-image-preview:large, max-video-preview:-1\" \/>\n<link rel=\"canonical\" href=\"https:\/\/dicodusport.fr\/blog\/ferrari-pourquoi-le-depart-de-charles-leclerc-est-loin-detre-impossible\/\" \/>\n<meta property=\"og:locale\" content=\"fr_FR\" \/>\n<meta property=\"og:type\" content=\"article\" \/>\n<meta property=\"og:title\" content=\"Ferrari : Pourquoi le d\u00e9part de Charles Leclerc est loin d&#039;\u00eatre impossible\" \/>\n<meta property=\"og:description\" content=\"F1 2023 - C&#039;est la rumeur du moment en Formule 1. Charles Leclerc (Ferrari) pourrait quitter la Scuderia Ferrari en fin de saison 2023.\" \/>\n<meta property=\"og:url\" content=\"https:\/\/dicodusport.fr\/blog\/ferrari-pourquoi-le-depart-de-charles-leclerc-est-loin-detre-impossible\/\" \/>\n<meta property=\"og:site_name\" content=\"Dicodusport\" \/>\n<meta property=\"article:publisher\" content=\"https:\/\/www.facebook.com\/dicodusport\" \/>\n<meta property=\"article:author\" content=\"https:\/\/www.facebook.com\/florent.ostermann\" \/>\n<meta property=\"article:published_time\" content=\"2023-04-25T13:14:19+00:00\" \/>\n<meta property=\"article:modified_time\" content=\"2023-04-25T13:50:57+00:00\" \/>\n<meta property=\"og:image\" content=\"https:\/\/dicodusport.fr\/blog\/wp-content\/uploads\/2023\/04\/Ferrari-Pourquoi-le-depart-de-Charles-Leclerc-est-loin-detre-impossible.png\" \/>\n\t<meta property=\"og:image:width\" content=\"800\" \/>\n\t<meta property=\"og:image:height\" content=\"445\" \/>\n\t<meta property=\"og:image:type\" content=\"image\/png\" \/>\n<meta name=\"author\" content=\"Flo Ostermann\" \/>\n<meta name=\"twitter:card\" content=\"summary_large_image\" \/>\n<meta name=\"twitter:title\" content=\"Ferrari : Pourquoi le d\u00e9part de Charles Leclerc est loin d&#039;\u00eatre impossible\" \/>\n<meta name=\"twitter:creator\" content=\"@https:\/\/twitter.com\/FlOstermann\" \/>\n<meta name=\"twitter:site\" content=\"@dicodusport\" \/>\n<script type=\"application\/ld+json\" class=\"yoast-schema-graph\">{\"@context\":\"https:\/\/schema.org\",\"@graph\":[{\"@type\":\"NewsArticle\",\"@id\":\"https:\/\/dicodusport.fr\/blog\/ferrari-pourquoi-le-depart-de-charles-leclerc-est-loin-detre-impossible\/#article\",\"isPartOf\":{\"@id\":\"https:\/\/dicodusport.fr\/blog\/ferrari-pourquoi-le-depart-de-charles-leclerc-est-loin-detre-impossible\/\"},\"author\":{\"name\":\"Flo Ostermann\",\"@id\":\"https:\/\/dicodusport.fr\/blog\/#\/schema\/person\/cb02af4c173ce4a653b55e9baf388d4a\"},\"headline\":\"Ferrari : Pourquoi le d\u00e9part de Charles Leclerc est loin d&rsquo;\u00eatre impossible\",\"datePublished\":\"2023-04-25T13:14:19+00:00\",\"dateModified\":\"2023-04-25T13:50:57+00:00\",\"mainEntityOfPage\":{\"@id\":\"https:\/\/dicodusport.fr\/blog\/ferrari-pourquoi-le-depart-de-charles-leclerc-est-loin-detre-impossible\/\"},\"wordCount\":899,\"commentCount\":0,\"publisher\":{\"@id\":\"https:\/\/dicodusport.fr\/blog\/#organization\"},\"image\":{\"@id\":\"https:\/\/dicodusport.fr\/blog\/ferrari-pourquoi-le-depart-de-charles-leclerc-est-loin-detre-impossible\/#primaryimage\"},\"thumbnailUrl\":\"https:\/\/dicodusport.fr\/blog\/wp-content\/uploads\/2023\/04\/Ferrari-Pourquoi-le-depart-de-Charles-Leclerc-est-loin-detre-impossible.png\",\"keywords\":[\"br\u00e8ve\",\"Charles Leclerc\",\"F1\",\"Ferrari\",\"Formule 1\",\"sport\"],\"articleSection\":[\"Formule 1\"],\"inLanguage\":\"fr-FR\",\"potentialAction\":[{\"@type\":\"CommentAction\",\"name\":\"Comment\",\"target\":[\"https:\/\/dicodusport.fr\/blog\/ferrari-pourquoi-le-depart-de-charles-leclerc-est-loin-detre-impossible\/#respond\"]}],\"copyrightYear\":\"2023\",\"copyrightHolder\":{\"@id\":\"https:\/\/dicodusport.fr\/blog\/#organization\"}},{\"@type\":\"WebPage\",\"@id\":\"https:\/\/dicodusport.fr\/blog\/ferrari-pourquoi-le-depart-de-charles-leclerc-est-loin-detre-impossible\/\",\"url\":\"https:\/\/dicodusport.fr\/blog\/ferrari-pourquoi-le-depart-de-charles-leclerc-est-loin-detre-impossible\/\",\"name\":\"Ferrari : Pourquoi le d\u00e9part de Charles Leclerc est loin d'\u00eatre impossible\",\"isPartOf\":{\"@id\":\"https:\/\/dicodusport.fr\/blog\/#website\"},\"primaryImageOfPage\":{\"@id\":\"https:\/\/dicodusport.fr\/blog\/ferrari-pourquoi-le-depart-de-charles-leclerc-est-loin-detre-impossible\/#primaryimage\"},\"image\":{\"@id\":\"https:\/\/dicodusport.fr\/blog\/ferrari-pourquoi-le-depart-de-charles-leclerc-est-loin-detre-impossible\/#primaryimage\"},\"thumbnailUrl\":\"https:\/\/dicodusport.fr\/blog\/wp-content\/uploads\/2023\/04\/Ferrari-Pourquoi-le-depart-de-Charles-Leclerc-est-loin-detre-impossible.png\",\"datePublished\":\"2023-04-25T13:14:19+00:00\",\"dateModified\":\"2023-04-25T13:50:57+00:00\",\"description\":\"F1 2023 - C'est la rumeur du moment en Formule 1. Charles Leclerc (Ferrari) pourrait quitter la Scuderia Ferrari en fin de saison 2023.\",\"breadcrumb\":{\"@id\":\"https:\/\/dicodusport.fr\/blog\/ferrari-pourquoi-le-depart-de-charles-leclerc-est-loin-detre-impossible\/#breadcrumb\"},\"inLanguage\":\"fr-FR\",\"potentialAction\":[{\"@type\":\"ReadAction\",\"target\":[\"https:\/\/dicodusport.fr\/blog\/ferrari-pourquoi-le-depart-de-charles-leclerc-est-loin-detre-impossible\/\"]}]},{\"@type\":\"ImageObject\",\"inLanguage\":\"fr-FR\",\"@id\":\"https:\/\/dicodusport.fr\/blog\/ferrari-pourquoi-le-depart-de-charles-leclerc-est-loin-detre-impossible\/#primaryimage\",\"url\":\"https:\/\/dicodusport.fr\/blog\/wp-content\/uploads\/2023\/04\/Ferrari-Pourquoi-le-depart-de-Charles-Leclerc-est-loin-detre-impossible.png\",\"contentUrl\":\"https:\/\/dicodusport.fr\/blog\/wp-content\/uploads\/2023\/04\/Ferrari-Pourquoi-le-depart-de-Charles-Leclerc-est-loin-detre-impossible.png\",\"width\":800,\"height\":445,\"caption\":\"Ferrari Pourquoi le d\u00e9part de Charles Leclerc est loin d'\u00eatre impossible\"},{\"@type\":\"BreadcrumbList\",\"@id\":\"https:\/\/dicodusport.fr\/blog\/ferrari-pourquoi-le-depart-de-charles-leclerc-est-loin-detre-impossible\/#breadcrumb\",\"itemListElement\":[{\"@type\":\"ListItem\",\"position\":1,\"name\":\"Accueil\",\"item\":\"https:\/\/dicodusport.fr\/blog\/\"},{\"@type\":\"ListItem\",\"position\":2,\"name\":\"Ferrari : Pourquoi le d\u00e9part de Charles Leclerc est loin d&rsquo;\u00eatre impossible\"}]},{\"@type\":\"WebSite\",\"@id\":\"https:\/\/dicodusport.fr\/blog\/#website\",\"url\":\"https:\/\/dicodusport.fr\/blog\/\",\"name\":\"Dicodusport\",\"description\":\"L&#039;encyclop\u00e9die de l&#039;actualit\u00e9 sportive\",\"publisher\":{\"@id\":\"https:\/\/dicodusport.fr\/blog\/#organization\"},\"potentialAction\":[{\"@type\":\"SearchAction\",\"target\":{\"@type\":\"EntryPoint\",\"urlTemplate\":\"https:\/\/dicodusport.fr\/blog\/?s={search_term_string}\"},\"query-input\":{\"@type\":\"PropertyValueSpecification\",\"valueRequired\":true,\"valueName\":\"search_term_string\"}}],\"inLanguage\":\"fr-FR\"},{\"@type\":\"NewsMediaOrganization\",\"@id\":\"https:\/\/dicodusport.fr\/blog\/#organization\",\"name\":\"Dicodusport\",\"url\":\"https:\/\/dicodusport.fr\/blog\/\",\"logo\":{\"@type\":\"ImageObject\",\"inLanguage\":\"fr-FR\",\"@id\":\"https:\/\/dicodusport.fr\/blog\/#\/schema\/logo\/image\/\",\"url\":\"https:\/\/dicodusport.fr\/blog\/wp-content\/uploads\/2020\/06\/cropped-LOGO-DICODUSPORT-2020-SANS-FOND-SANS-TEXTE.png\",\"contentUrl\":\"https:\/\/dicodusport.fr\/blog\/wp-content\/uploads\/2020\/06\/cropped-LOGO-DICODUSPORT-2020-SANS-FOND-SANS-TEXTE.png\",\"width\":512,\"height\":512,\"caption\":\"Dicodusport\"},\"image\":{\"@id\":\"https:\/\/dicodusport.fr\/blog\/#\/schema\/logo\/image\/\"},\"sameAs\":[\"https:\/\/www.facebook.com\/dicodusport\",\"https:\/\/x.com\/dicodusport\",\"https:\/\/www.instagram.com\/dicodusport\/\",\"https:\/\/www.youtube.com\/channel\/UC7V2KZ5sd3htJivAbA4ZG3w\"],\"description\":\"Dicodusport est l'encyclop\u00e9die de l'actualit\u00e9 sportive.\",\"email\":\"bonjour@dicodusport.fr\",\"legalName\":\"DICODUSPORT\",\"foundingDate\":\"2018-01-14\",\"vatID\":\"FR71834470973\",\"taxID\":\"83447097300043\",\"numberOfEmployees\":{\"@type\":\"QuantitativeValue\",\"minValue\":\"1\",\"maxValue\":\"10\"}},{\"@type\":\"Person\",\"@id\":\"https:\/\/dicodusport.fr\/blog\/#\/schema\/person\/cb02af4c173ce4a653b55e9baf388d4a\",\"name\":\"Flo Ostermann\",\"image\":{\"@type\":\"ImageObject\",\"inLanguage\":\"fr-FR\",\"@id\":\"https:\/\/dicodusport.fr\/blog\/#\/schema\/person\/image\/\",\"url\":\"https:\/\/dicodusport.fr\/blog\/wp-content\/uploads\/2021\/05\/Flo-Ostermann-150x150.jpg\",\"contentUrl\":\"https:\/\/dicodusport.fr\/blog\/wp-content\/uploads\/2021\/05\/Flo-Ostermann-150x150.jpg\",\"caption\":\"Flo Ostermann\"},\"description\":\"Journaliste\/R\u00e9dacteur depuis septembre 2015 - Mes premiers souvenirs dans le sport ? Les envol\u00e9es du Stade Toulousain et les duels Villeneuve-Schumacher et H\u00e4kkinen-Schumacher \u00e0 la fin des ann\u00e9es 90, la Coupe du monde de football en 1998, l\u2019exploit du XV de France face aux All Blacks en 1999, mais aussi Richard C\u0153ur de Lion qui vole sur les montagnes du Tour de France. Bien parti pour devenir professeur d\u2019EPS, les \u00e9v\u00e9nements de la vie (et la flemme d\u2019animer des s\u00e9ances de 3x500 m\u00e8tres toute ma vie) m\u2019ont conduit \u00e0 revoir mes plans. Me voil\u00e0 depuis fin 2017 sur Dicodusport, m\u00e9dia gr\u00e2ce (et pour) lequel je partage ma passion : le sport dans tous ses \u00e9tats. Le tout accompagn\u00e9 par les fous furieux et folles furieuses cit\u00e9s sur cette page !\",\"sameAs\":[\"https:\/\/www.facebook.com\/florent.ostermann\",\"https:\/\/x.com\/https:\/\/twitter.com\/FlOstermann\",\"admin\"],\"url\":\"https:\/\/dicodusport.fr\/blog\/author\/flo\/\"}]}<\/script>\n<!-- \/ Yoast SEO Premium plugin. -->","yoast_head_json":{"title":"Ferrari : Pourquoi le d\u00e9part de Charles Leclerc est loin d'\u00eatre impossible","description":"F1 2023 - C'est la rumeur du moment en Formule 1. Charles Leclerc (Ferrari) pourrait quitter la Scuderia Ferrari en fin de saison 2023.","robots":{"index":"index","follow":"follow","max-snippet":"max-snippet:-1","max-image-preview":"max-image-preview:large","max-video-preview":"max-video-preview:-1"},"canonical":"https:\/\/dicodusport.fr\/blog\/ferrari-pourquoi-le-depart-de-charles-leclerc-est-loin-detre-impossible\/","og_locale":"fr_FR","og_type":"article","og_title":"Ferrari : Pourquoi le d\u00e9part de Charles Leclerc est loin d'\u00eatre impossible","og_description":"F1 2023 - C'est la rumeur du moment en Formule 1. Charles Leclerc (Ferrari) pourrait quitter la Scuderia Ferrari en fin de saison 2023.","og_url":"https:\/\/dicodusport.fr\/blog\/ferrari-pourquoi-le-depart-de-charles-leclerc-est-loin-detre-impossible\/","og_site_name":"Dicodusport","article_publisher":"https:\/\/www.facebook.com\/dicodusport","article_author":"https:\/\/www.facebook.com\/florent.ostermann","article_published_time":"2023-04-25T13:14:19+00:00","article_modified_time":"2023-04-25T13:50:57+00:00","og_image":[{"width":800,"height":445,"url":"https:\/\/dicodusport.fr\/blog\/wp-content\/uploads\/2023\/04\/Ferrari-Pourquoi-le-depart-de-Charles-Leclerc-est-loin-detre-impossible.png","type":"image\/png"}],"author":"Flo Ostermann","twitter_card":"summary_large_image","twitter_title":"Ferrari : Pourquoi le d\u00e9part de Charles Leclerc est loin d'\u00eatre impossible","twitter_creator":"@https:\/\/twitter.com\/FlOstermann","twitter_site":"@dicodusport","schema":{"@context":"https:\/\/schema.org","@graph":[{"@type":"NewsArticle","@id":"https:\/\/dicodusport.fr\/blog\/ferrari-pourquoi-le-depart-de-charles-leclerc-est-loin-detre-impossible\/#article","isPartOf":{"@id":"https:\/\/dicodusport.fr\/blog\/ferrari-pourquoi-le-depart-de-charles-leclerc-est-loin-detre-impossible\/"},"author":{"name":"Flo Ostermann","@id":"https:\/\/dicodusport.fr\/blog\/#\/schema\/person\/cb02af4c173ce4a653b55e9baf388d4a"},"headline":"Ferrari : Pourquoi le d\u00e9part de Charles Leclerc est loin d&rsquo;\u00eatre impossible","datePublished":"2023-04-25T13:14:19+00:00","dateModified":"2023-04-25T13:50:57+00:00","mainEntityOfPage":{"@id":"https:\/\/dicodusport.fr\/blog\/ferrari-pourquoi-le-depart-de-charles-leclerc-est-loin-detre-impossible\/"},"wordCount":899,"commentCount":0,"publisher":{"@id":"https:\/\/dicodusport.fr\/blog\/#organization"},"image":{"@id":"https:\/\/dicodusport.fr\/blog\/ferrari-pourquoi-le-depart-de-charles-leclerc-est-loin-detre-impossible\/#primaryimage"},"thumbnailUrl":"https:\/\/dicodusport.fr\/blog\/wp-content\/uploads\/2023\/04\/Ferrari-Pourquoi-le-depart-de-Charles-Leclerc-est-loin-detre-impossible.png","keywords":["br\u00e8ve","Charles Leclerc","F1","Ferrari","Formule 1","sport"],"articleSection":["Formule 1"],"inLanguage":"fr-FR","potentialAction":[{"@type":"CommentAction","name":"Comment","target":["https:\/\/dicodusport.fr\/blog\/ferrari-pourquoi-le-depart-de-charles-leclerc-est-loin-detre-impossible\/#respond"]}],"copyrightYear":"2023","copyrightHolder":{"@id":"https:\/\/dicodusport.fr\/blog\/#organization"}},{"@type":"WebPage","@id":"https:\/\/dicodusport.fr\/blog\/ferrari-pourquoi-le-depart-de-charles-leclerc-est-loin-detre-impossible\/","url":"https:\/\/dicodusport.fr\/blog\/ferrari-pourquoi-le-depart-de-charles-leclerc-est-loin-detre-impossible\/","name":"Ferrari : Pourquoi le d\u00e9part de Charles Leclerc est loin d'\u00eatre impossible","isPartOf":{"@id":"https:\/\/dicodusport.fr\/blog\/#website"},"primaryImageOfPage":{"@id":"https:\/\/dicodusport.fr\/blog\/ferrari-pourquoi-le-depart-de-charles-leclerc-est-loin-detre-impossible\/#primaryimage"},"image":{"@id":"https:\/\/dicodusport.fr\/blog\/ferrari-pourquoi-le-depart-de-charles-leclerc-est-loin-detre-impossible\/#primaryimage"},"thumbnailUrl":"https:\/\/dicodusport.fr\/blog\/wp-content\/uploads\/2023\/04\/Ferrari-Pourquoi-le-depart-de-Charles-Leclerc-est-loin-detre-impossible.png","datePublished":"2023-04-25T13:14:19+00:00","dateModified":"2023-04-25T13:50:57+00:00","description":"F1 2023 - C'est la rumeur du moment en Formule 1. Charles Leclerc (Ferrari) pourrait quitter la Scuderia Ferrari en fin de saison 2023.","breadcrumb":{"@id":"https:\/\/dicodusport.fr\/blog\/ferrari-pourquoi-le-depart-de-charles-leclerc-est-loin-detre-impossible\/#breadcrumb"},"inLanguage":"fr-FR","potentialAction":[{"@type":"ReadAction","target":["https:\/\/dicodusport.fr\/blog\/ferrari-pourquoi-le-depart-de-charles-leclerc-est-loin-detre-impossible\/"]}]},{"@type":"ImageObject","inLanguage":"fr-FR","@id":"https:\/\/dicodusport.fr\/blog\/ferrari-pourquoi-le-depart-de-charles-leclerc-est-loin-detre-impossible\/#primaryimage","url":"https:\/\/dicodusport.fr\/blog\/wp-content\/uploads\/2023\/04\/Ferrari-Pourquoi-le-depart-de-Charles-Leclerc-est-loin-detre-impossible.png","contentUrl":"https:\/\/dicodusport.fr\/blog\/wp-content\/uploads\/2023\/04\/Ferrari-Pourquoi-le-depart-de-Charles-Leclerc-est-loin-detre-impossible.png","width":800,"height":445,"caption":"Ferrari Pourquoi le d\u00e9part de Charles Leclerc est loin d'\u00eatre impossible"},{"@type":"BreadcrumbList","@id":"https:\/\/dicodusport.fr\/blog\/ferrari-pourquoi-le-depart-de-charles-leclerc-est-loin-detre-impossible\/#breadcrumb","itemListElement":[{"@type":"ListItem","position":1,"name":"Accueil","item":"https:\/\/dicodusport.fr\/blog\/"},{"@type":"ListItem","position":2,"name":"Ferrari : Pourquoi le d\u00e9part de Charles Leclerc est loin d&rsquo;\u00eatre impossible"}]},{"@type":"WebSite","@id":"https:\/\/dicodusport.fr\/blog\/#website","url":"https:\/\/dicodusport.fr\/blog\/","name":"Dicodusport","description":"L&#039;encyclop\u00e9die de l&#039;actualit\u00e9 sportive","publisher":{"@id":"https:\/\/dicodusport.fr\/blog\/#organization"},"potentialAction":[{"@type":"SearchAction","target":{"@type":"EntryPoint","urlTemplate":"https:\/\/dicodusport.fr\/blog\/?s={search_term_string}"},"query-input":{"@type":"PropertyValueSpecification","valueRequired":true,"valueName":"search_term_string"}}],"inLanguage":"fr-FR"},{"@type":"NewsMediaOrganization","@id":"https:\/\/dicodusport.fr\/blog\/#organization","name":"Dicodusport","url":"https:\/\/dicodusport.fr\/blog\/","logo":{"@type":"ImageObject","inLanguage":"fr-FR","@id":"https:\/\/dicodusport.fr\/blog\/#\/schema\/logo\/image\/","url":"https:\/\/dicodusport.fr\/blog\/wp-content\/uploads\/2020\/06\/cropped-LOGO-DICODUSPORT-2020-SANS-FOND-SANS-TEXTE.png","contentUrl":"https:\/\/dicodusport.fr\/blog\/wp-content\/uploads\/2020\/06\/cropped-LOGO-DICODUSPORT-2020-SANS-FOND-SANS-TEXTE.png","width":512,"height":512,"caption":"Dicodusport"},"image":{"@id":"https:\/\/dicodusport.fr\/blog\/#\/schema\/logo\/image\/"},"sameAs":["https:\/\/www.facebook.com\/dicodusport","https:\/\/x.com\/dicodusport","https:\/\/www.instagram.com\/dicodusport\/","https:\/\/www.youtube.com\/channel\/UC7V2KZ5sd3htJivAbA4ZG3w"],"description":"Dicodusport est l'encyclop\u00e9die de l'actualit\u00e9 sportive.","email":"bonjour@dicodusport.fr","legalName":"DICODUSPORT","foundingDate":"2018-01-14","vatID":"FR71834470973","taxID":"83447097300043","numberOfEmployees":{"@type":"QuantitativeValue","minValue":"1","maxValue":"10"}},{"@type":"Person","@id":"https:\/\/dicodusport.fr\/blog\/#\/schema\/person\/cb02af4c173ce4a653b55e9baf388d4a","name":"Flo Ostermann","image":{"@type":"ImageObject","inLanguage":"fr-FR","@id":"https:\/\/dicodusport.fr\/blog\/#\/schema\/person\/image\/","url":"https:\/\/dicodusport.fr\/blog\/wp-content\/uploads\/2021\/05\/Flo-Ostermann-150x150.jpg","contentUrl":"https:\/\/dicodusport.fr\/blog\/wp-content\/uploads\/2021\/05\/Flo-Ostermann-150x150.jpg","caption":"Flo Ostermann"},"description":"Journaliste\/R\u00e9dacteur depuis septembre 2015 - Mes premiers souvenirs dans le sport ? Les envol\u00e9es du Stade Toulousain et les duels Villeneuve-Schumacher et H\u00e4kkinen-Schumacher \u00e0 la fin des ann\u00e9es 90, la Coupe du monde de football en 1998, l\u2019exploit du XV de France face aux All Blacks en 1999, mais aussi Richard C\u0153ur de Lion qui vole sur les montagnes du Tour de France. Bien parti pour devenir professeur d\u2019EPS, les \u00e9v\u00e9nements de la vie (et la flemme d\u2019animer des s\u00e9ances de 3x500 m\u00e8tres toute ma vie) m\u2019ont conduit \u00e0 revoir mes plans. Me voil\u00e0 depuis fin 2017 sur Dicodusport, m\u00e9dia gr\u00e2ce (et pour) lequel je partage ma passion : le sport dans tous ses \u00e9tats. Le tout accompagn\u00e9 par les fous furieux et folles furieuses cit\u00e9s sur cette page !","sameAs":["https:\/\/www.facebook.com\/florent.ostermann","https:\/\/x.com\/https:\/\/twitter.com\/FlOstermann","admin"],"url":"https:\/\/dicodusport.fr\/blog\/author\/flo\/"}]}},"_links":{"self":[{"href":"https:\/\/dicodusport.fr\/blog\/wp-json\/wp\/v2\/posts\/376860","targetHints":{"allow":["GET"]}}],"collection":[{"href":"https:\/\/dicodusport.fr\/blog\/wp-json\/wp\/v2\/posts"}],"about":[{"href":"https:\/\/dicodusport.fr\/blog\/wp-json\/wp\/v2\/types\/post"}],"author":[{"embeddable":true,"href":"https:\/\/dicodusport.fr\/blog\/wp-json\/wp\/v2\/users\/4"}],"replies":[{"embeddable":true,"href":"https:\/\/dicodusport.fr\/blog\/wp-json\/wp\/v2\/comments?post=376860"}],"version-history":[{"count":0,"href":"https:\/\/dicodusport.fr\/blog\/wp-json\/wp\/v2\/posts\/376860\/revisions"}],"wp:featuredmedia":[{"embeddable":true,"href":"https:\/\/dicodusport.fr\/blog\/wp-json\/wp\/v2\/media\/376867"}],"wp:attachment":[{"href":"https:\/\/dicodusport.fr\/blog\/wp-json\/wp\/v2\/media?parent=376860"}],"wp:term":[{"taxonomy":"category","embeddable":true,"href":"https:\/\/dicodusport.fr\/blog\/wp-json\/wp\/v2\/categories?post=376860"},{"taxonomy":"post_tag","embeddable":true,"href":"https:\/\/dicodusport.fr\/blog\/wp-json\/wp\/v2\/tags?post=376860"}],"curies":[{"name":"wp","href":"https:\/\/api.w.org\/{rel}","templated":true}]}}