{"id":377526,"date":"2023-05-01T11:47:11","date_gmt":"2023-05-01T09:47:11","guid":{"rendered":"https:\/\/dicodusport.fr\/blog\/?p=377526&#038;preview=true&#038;preview_id=377526"},"modified":"2023-05-01T13:55:36","modified_gmt":"2023-05-01T11:55:36","slug":"cyril-burdet-il-ne-va-pas-falloir-avoir-peur-d-etre-ambitieux","status":"publish","type":"post","link":"https:\/\/dicodusport.fr\/blog\/cyril-burdet-il-ne-va-pas-falloir-avoir-peur-d-etre-ambitieux\/","title":{"rendered":"Cyril Burdet : \u00ab Il ne va pas falloir avoir peur d&rsquo;\u00eatre ambitieux \u00bb"},"content":{"rendered":"<p style=\"text-align: justify;\" align=\"justify\"><em><strong><a href=\"https:\/\/dicodusport.fr\/blog\/actualites\/biathlon\/\">BIATHLON<\/a> &#8211; Nous avons rencontr\u00e9 Cyril Burdet, entra\u00eeneur de l&rsquo;\u00e9quipe de France f\u00e9minine de biathlon, qui revient sur la saison exceptionnelle de Julia Simon et du reste du groupe. Le technicien \u00e9voque les prochains objectifs qu&rsquo;il va fixer dans les semaines \u00e0 venir.\u00a0<\/strong><\/em><\/p>\n<h3 style=\"text-align: justify;\" align=\"justify\">Il y a un un an, tu venais de prendre l\u2019\u00e9quipe de France en mains, et je te demandais si le gros globe \u00e9tait l\u2019objectif. Tu avais notamment r\u00e9pondu : \u00ab\u00a0Mais ce qui est s\u00fbr, c\u2019est que quand je parle de challenge professionnel, c\u2019est clairement un objectif que j\u2019ai envie de fixer sur les quatre ans qui viennent. La derni\u00e8re gagnante du gros globe, c\u2019est Sandrine Bailly en 2005, et c\u2019est s\u00fbr que \u00e7a serait une belle r\u00e9ussite de r\u00e9ussir \u00e0 rejouer ce gros globe avec cette \u00e9quipe\u00a0\u00bb C\u2019est finalement arriv\u00e9 d\u00e8s la premi\u00e8re saison. Est-ce une surprise ?<\/h3>\n<p style=\"text-align: justify;\">Pas forc\u00e9ment une surprise non, car je n&rsquo;avais pas de limite fix\u00e9e en d\u00e9marrant ce projet. Je voulais \u00eatre ambitieux d\u00e8s le d\u00e9but avec une \u00e9quipe qui avait d\u00e9j\u00e0 montr\u00e9 des beaux niveaux de performance auparavant. Ce n&rsquo;\u00e9tait pas un objectif pour cette ann\u00e9e, Julia ne s&rsquo;\u00e9tait d&rsquo;ailleurs pas fix\u00e9 cet objectif-l\u00e0 avant la saison. Il s&rsquo;est construit pendant la saison et le gros globe est devenu un objectif apr\u00e8s les championnats du monde. Le fait qu&rsquo;il se soit construit toute la saison fait que ce n&rsquo;est pas une surprise. C&rsquo;est une concr\u00e9tisation des objectifs de travail que s&rsquo;\u00e9tait fix\u00e9s Julia. Mais c&rsquo;est une vraie satisfaction d&rsquo;avoir r\u00e9ussi \u00e0 atteindre cet objectif d\u00e8s la premi\u00e8re ann\u00e9e.<\/p>\n<h3 style=\"text-align: justify;\">Avec un peu de recul, quelle analyse fais-tu de la saison de Julia Simon ?<\/h3>\n<p style=\"text-align: justify;\">C&rsquo;est une saison ultra aboutie dans la r\u00e9gularit\u00e9. C&rsquo;\u00e9tait le ma\u00eetre mot qu&rsquo;elle avait fix\u00e9 pour son projet personnel en d\u00e9but de pr\u00e9paration : gagner en r\u00e9gularit\u00e9. Le r\u00e9sultat est r\u00e9ellement la concr\u00e9tisation de la mise en place de cette r\u00e9gularit\u00e9.<\/p>\n<div class=\"vlp-link-container vlp-layout-article\"><a href=\"https:\/\/dicodusport.fr\/blog\/biathlon-oslo-2023-denise-herrmann-remporte-le-sprint-et-le-petit-globe-le-gros-cristal-pour-julia-simon\/\" class=\"vlp-link\" title=\"Biathlon Oslo 2023 : Le gros globe de cristal pour Julia Simon, le sprint pour Denise Herrmann-Wick\"><\/a><div class=\"vlp-layout-zone-side\"><div class=\"vlp-block-4 vlp-link-image\"><img loading=\"lazy\" decoding=\"async\" style=\"max-width: 800px;\" width=\"800\" height=\"445\" src=\"https:\/\/dicodusport.fr\/blog\/wp-content\/uploads\/2023\/03\/Biathlon-Oslo-2023-Le-gros-globe-cristal-pour-Julia-Simon-le-sprint-pour-Denise-Herrmann-Wick.png\" class=\"attachment-800x445 size-800x445\" alt=\"Biathlon Oslo 2023 Le gros globe cristal pour Julia Simon, le sprint pour Denise Herrmann-Wick\" srcset=\"https:\/\/dicodusport.fr\/blog\/wp-content\/uploads\/2023\/03\/Biathlon-Oslo-2023-Le-gros-globe-cristal-pour-Julia-Simon-le-sprint-pour-Denise-Herrmann-Wick.png 800w, https:\/\/dicodusport.fr\/blog\/wp-content\/uploads\/2023\/03\/Biathlon-Oslo-2023-Le-gros-globe-cristal-pour-Julia-Simon-le-sprint-pour-Denise-Herrmann-Wick-300x167.png 300w, https:\/\/dicodusport.fr\/blog\/wp-content\/uploads\/2023\/03\/Biathlon-Oslo-2023-Le-gros-globe-cristal-pour-Julia-Simon-le-sprint-pour-Denise-Herrmann-Wick-768x427.png 768w\" sizes=\"auto, (max-width: 800px) 100vw, 800px\" \/><\/div><\/div><div class=\"vlp-layout-zone-main\"><div class=\"vlp-block-0 vlp-link-title\">Biathlon Oslo 2023 : Le gros globe de cristal pour Julia Simon, le sprint pour Denise Herrmann-Wick<\/div><div class=\"vlp-block-1 vlp-link-summary\">Au terme d'une course parfaitement men\u00e9e, Denise Herrmann remporte le sprint d'Oslo. Julia Simon s'offre le podium et le gros globe.<\/div><div class=\"vlp-block-2 vlp-link-button\">Lire l'article<\/div><div class=\"vlp-block-3 vlp-link-url\">dicodusport.fr<\/div><\/div><\/div>\n<h3 style=\"text-align: justify;\">Julia Simon a expliqu\u00e9 que c\u2019est assez tardivement que le gros globe est devenu un objectif. \u00c0 quel moment de la saison, tu t&rsquo;es dit que \u00e7a pouvait le faire pour le gros globe de cristal ?<\/h3>\n<p style=\"text-align: justify;\">Le dernier jour ! La strat\u00e9gie qui a \u00e9t\u00e9 la n\u00f4tre tout au long de la saison, c&rsquo;\u00e9tait de prendre les choses les unes apr\u00e8s les autres. On voulait \u00eatre dans le construction course par course, prendre chaque course comme une victoire \u00e0 conqu\u00e9rir et ne pas perdre d&rsquo;\u00e9nergie \u00e0 \u00eatre dans le calcul ou dans la strat\u00e9gie des points. Jusqu&rsquo;\u00e0 Oslo, tant que les choses n&rsquo;\u00e9taient pas acquises, on est rest\u00e9 dans cette dynamique-l\u00e0.<\/p>\n<h3 style=\"text-align: justify;\">Il y a la saison exceptionnelle de Julia, mais aussi un bon bilan d\u2019ensemble de l\u2019\u00e9quipe de France. Quelle est ton analyse des performances du reste de l\u2019\u00e9quipe ?<\/h3>\n<p style=\"text-align: justify;\">C&rsquo;est vrai que j&rsquo;ai envie d&rsquo;insister sur la force du groupe. Il y a \u00e9videmment la satisfaction de notre leader, Julia Simon, avec les diff\u00e9rents globes qu&rsquo;elle a d\u00e9croch\u00e9s, mais je retiens tout autant le niveau collectif. Quatre filles sont mont\u00e9es sur le podium, six ont particip\u00e9 \u00e0 la c\u00e9r\u00e9monie des fleurs. En relais, toutes sauf <strong>Sophie Chauveau<\/strong> sont mont\u00e9es sur un podium et surtout, les six filles qui ont fait tout l&rsquo;hiver en Coupe du monde ont particip\u00e9 au globe du relais et \u00e0 celui des nations. Elles ont toutes apport\u00e9 des points dans ce classement des nations et pour moi, c&rsquo;est vraiment la chose la plus importante de cette saison.<\/p>\n<p style=\"text-align: justify;\">On peut commencer par <strong>Ana\u00efs Chevalier-Bouchet<\/strong>, <a href=\"https:\/\/dicodusport.fr\/blog\/biathlon-anais-chevalier-bouchet-va-mettre-un-terme-a-une-tres-belle-carriere\/\">qui a pris sa retraite<\/a> et qui a eu un vrai r\u00f4le de capitaine d&rsquo;\u00e9quipe dans cette saison, par son exp\u00e9rience. Alors que ce n&rsquo;est pas forc\u00e9ment dans sa nature, elle a accept\u00e9 de partager son exp\u00e9rience avec les plus jeunes. Elle a vraiment \u00e9t\u00e9 dans la transmission et a jou\u00e9 un r\u00f4le tr\u00e8s important dans la construction des victoires collectives. En plus de cela, elle r\u00e9alise une vraie bonne saison en r\u00e9ussissant des petits challenges personnels qu&rsquo;elle s&rsquo;\u00e9tait fix\u00e9s en d\u00e9but de saison.<\/p>\n<p style=\"text-align: justify;\">On peut ensuite de parler de <strong>Chlo\u00e9 Chevalier<\/strong>, qui est all\u00e9e chercher son premier podium individuel. Et je pense que cette saison peut \u00eatre charni\u00e8re pour elle, car j&rsquo;ai le sentiment qu&rsquo;elle a pris conscience de ce qu&rsquo;elle est capable de faire sportivement. J&rsquo;esp\u00e8re que \u00e7a va lui permettre de franchir de nouveaux paliers la saison prochaine, car elle est encore loin d&rsquo;avoir optimis\u00e9 toutes ses ressources.<\/p>\n<div class=\"vlp-link-container vlp-layout-article\"><a href=\"https:\/\/dicodusport.fr\/blog\/mass-start-femmes-oslo-derniere-course-et-dernier-podium-pour-anais-chevalier-bouchet\/\" class=\"vlp-link\" title=\"Mass start femmes Oslo : Derni\u00e8re course et dernier podium pour Ana\u00efs Chevalier-Bouchet !\"><\/a><div class=\"vlp-layout-zone-side\"><div class=\"vlp-block-4 vlp-link-image\"><img loading=\"lazy\" decoding=\"async\" style=\"max-width: 800px;\" width=\"800\" height=\"445\" src=\"https:\/\/dicodusport.fr\/blog\/wp-content\/uploads\/2023\/03\/Mass-start-femmes-Oslo-Derniere-course-et-dernier-podium-pour-Anais-Chevalier-Bouchet-1.png\" class=\"attachment-800x445 size-800x445\" alt=\"Mass start femmes Oslo Derni\u00e8re course et dernier podium pour Ana\u00efs Chevalier-Bouchet ! (1)\" srcset=\"https:\/\/dicodusport.fr\/blog\/wp-content\/uploads\/2023\/03\/Mass-start-femmes-Oslo-Derniere-course-et-dernier-podium-pour-Anais-Chevalier-Bouchet-1.png 800w, https:\/\/dicodusport.fr\/blog\/wp-content\/uploads\/2023\/03\/Mass-start-femmes-Oslo-Derniere-course-et-dernier-podium-pour-Anais-Chevalier-Bouchet-1-300x167.png 300w, https:\/\/dicodusport.fr\/blog\/wp-content\/uploads\/2023\/03\/Mass-start-femmes-Oslo-Derniere-course-et-dernier-podium-pour-Anais-Chevalier-Bouchet-1-768x427.png 768w\" sizes=\"auto, (max-width: 800px) 100vw, 800px\" \/><\/div><\/div><div class=\"vlp-layout-zone-main\"><div class=\"vlp-block-0 vlp-link-title\">Mass start femmes Oslo : Derni\u00e8re course et dernier podium pour Ana\u00efs Chevalier-Bouchet !<\/div><div class=\"vlp-block-1 vlp-link-summary\">Pour leur derni\u00e8re course en carri\u00e8re, Roeiseland et Chevalier-Bouchet montent sur la bo\u00eete derri\u00e8re Hanna Oeberg sur la mass start d'Oslo.<\/div><div class=\"vlp-block-2 vlp-link-button\">Lire l'article<\/div><div class=\"vlp-block-3 vlp-link-url\">dicodusport.fr<\/div><\/div><\/div>\n<p style=\"text-align: justify;\"><strong>Lou Jeanmonnot<\/strong> est la r\u00e9v\u00e9lation sportive de cet hiver. Elle a eu une vraie progression sur la partie physique, car sur la partie tir, elle \u00e9tait d\u00e9j\u00e0 aguerrie. Elle s&rsquo;est confirm\u00e9e au plus haut niveau y compris sur les skis et c&rsquo;est de tr\u00e8s bon augure pour la suite, car elle a encore une tr\u00e8s belle marge de progression. Il y a <strong>Sophie Chauveau<\/strong> qui est arriv\u00e9e du groupe B et qui ne s&rsquo;\u00e9tait pas entrain\u00e9e avec notre collectif. Elle a su saisir les opportunit\u00e9s de d\u00e9but de saison pour s&rsquo;installer en Coupe du monde et <a href=\"https:\/\/dicodusport.fr\/blog\/sophie-chauveau-il-y-a-encore-eu-des-larmes-pendant-les-reglages\/\">puis elle s&rsquo;est r\u00e9v\u00e9l\u00e9e sur l&rsquo;\u00e9tape \u00e0 domicile au Grand Bornand<\/a>. Elle r\u00e9alise un week-end assez incroyable avec trois bonnes courses. Elle a montr\u00e9 qu&rsquo;elle avait les moyens de jouer devant, elle va maintenant devoir gagner en maturit\u00e9 et en r\u00e9gularit\u00e9 pour le reproduire plus souvent. Mais pas de doute, le potentiel est l\u00e0.<\/p>\n<p style=\"text-align: justify;\">Pour terminer, <strong>Caroline Colombo<\/strong>, qui n&rsquo;est pas une jeune, car elle est l\u00e0 depuis longtemps. Mais c&rsquo;est la premi\u00e8re ann\u00e9e qu&rsquo;elle concr\u00e9tise dans le Top 10 de la Coupe du monde et avec plusieurs c\u00e9r\u00e9monies des fleurs. Je retiens d&rsquo;elle sa capacit\u00e9 \u00e0 r\u00e9pondre pr\u00e9sente quand on l&rsquo;a sollicit\u00e9e sur les deux relais de fin de saison, en mixte comme avec les filles. Elle a fait mieux que tenir son rang, elle a fait deux belles performances. \u00c7a devrait lui donner beaucoup de confiance pour poursuivre sa progression et se rapprocher gentiment des podiums. Vu ses temps de ski sur la saison, si elle am\u00e9liore ses stats au tir, c&rsquo;est une fille capable de monter sur les podiums.<\/p>\n<h3 style=\"text-align: justify;\">Quand on r\u00e9ussit autant une premi\u00e8re saison, quels sont les objectifs pour la seconde ?<\/h3>\n<p style=\"text-align: justify;\">Justement, cela va \u00eatre tout l&rsquo;enjeu de cette reprise. On est en train de reconfigurer le staff et de travailler sur le projet \u00e0 venir. C&rsquo;est s\u00fbr que la mani\u00e8re de fixer les objectifs va \u00eatre importante. Il va falloir trouver un bon compromis, car il va y avoir de l&rsquo;attente autour de cette \u00e9quipe, et il va falloir la g\u00e9rer. On a r\u00e9alis\u00e9 une saison exceptionnelle et il ne va pas falloir se tromper dans les objectifs. Il ne va pas falloir avoir peur d&rsquo;\u00eatre ambitieux car c&rsquo;est ce qui nous a permis de faire cette belle saison. Mais, en m\u00eame temps, r\u00e9ussir \u00e0 rester lucides sur ce qu&rsquo;il faut faire pour \u00eatre \u00e0 ce niveau.<\/p>\n<p style=\"text-align: justify;\">Il ne faut surtout pas consid\u00e9rer que les choses sont acquises. \u00c7a va vraiment \u00eatre l&rsquo;enjeu des prochaines semaines : fixer les bons objectifs, rester lucides et travailler dans l&rsquo;humilit\u00e9. C&rsquo;est ce qui nous a caract\u00e9ris\u00e9 et c&rsquo;est ce qu&rsquo;il faut cultiver pour aborder la prochaine saison dans les bonnes dispositions.<\/p>\n<h3 style=\"text-align: justify;\">Comment toi et le groupe, avez-vous pr\u00e9par\u00e9 le retour de Justine Braisaz-Bouchet ?<\/h3>\n<p style=\"text-align: justify;\">C&rsquo;est d\u00e9j\u00e0 bien avanc\u00e9 ! Il a \u00e9t\u00e9 pr\u00e9par\u00e9 en amont dans le sens o\u00f9 on avait discut\u00e9 de \u00e7a d\u00e8s notre premi\u00e8re rencontre. Elle m&rsquo;avait fait l&rsquo;honneur de me tenir inform\u00e9 de sa grossesse tr\u00e8s t\u00f4t dans sa pr\u00e9paration. Cela nous a permis d&rsquo;aborder la suite tr\u00e8s rapidement. Nos premiers \u00e9changes ont directement \u00e9t\u00e9 sur la saison qui vient, et pas sur celle qui vient de se terminer. Justine est en train de terminer sa kin\u00e9sith\u00e9rapie de retour de grossesse avec une professionnelle qui la suit.<\/p>\n<p style=\"text-align: justify;\">Justine va bient\u00f4t entrer dans la deuxi\u00e8me \u00e9tape qui sera de travailler avec notre pr\u00e9parateur physique sur la r\u00e9athl\u00e9tisation. On va lui laisser le temps de faire les choses dans l&rsquo;ordre. On a d\u00e9j\u00e0 pr\u00e9vu qu&rsquo;elle int\u00e8gre les stages seulement fin juillet. On se doit d&rsquo;int\u00e9grer le fait qu&rsquo;elle a un b\u00e9b\u00e9 \u00e0 la maison et que ce n&rsquo;est pas neutre dans une vie de femme. On veut vraiment faire les choses bien pour que quand elle sera pr\u00eate, elle puisse \u00eatre \u00e0 un bon niveau de performance.<\/p>\n<div class=\"vlp-link-container vlp-layout-article\"><a href=\"https:\/\/dicodusport.fr\/blog\/championne-des-championnes-francaises-2022-justine-braisaz-bouchet-2eme-dor-et-de-cristal\/\" class=\"vlp-link\" title=\"Championne des Championnes fran\u00e7aises 2022 : Justine Braisaz-Bouchet (2\u00e8me), d&#039;or et de cristal\"><\/a><div class=\"vlp-layout-zone-side\"><div class=\"vlp-block-4 vlp-link-image\"><img loading=\"lazy\" decoding=\"async\" style=\"max-width: 800px;\" width=\"800\" height=\"445\" src=\"https:\/\/dicodusport.fr\/blog\/wp-content\/uploads\/2022\/12\/Championne-des-Championnes-francaises-2022-Justine-Braisaz-Bouchet-2eme-dor-et-de-cristal.png\" class=\"attachment-800x445 size-800x445\" alt=\"Championne des Championnes fran\u00e7aises 2022 - Justine Braisaz-Bouchet (2\u00e8me), d&#039;or et de cristal\" srcset=\"https:\/\/dicodusport.fr\/blog\/wp-content\/uploads\/2022\/12\/Championne-des-Championnes-francaises-2022-Justine-Braisaz-Bouchet-2eme-dor-et-de-cristal.png 800w, https:\/\/dicodusport.fr\/blog\/wp-content\/uploads\/2022\/12\/Championne-des-Championnes-francaises-2022-Justine-Braisaz-Bouchet-2eme-dor-et-de-cristal-300x167.png 300w, https:\/\/dicodusport.fr\/blog\/wp-content\/uploads\/2022\/12\/Championne-des-Championnes-francaises-2022-Justine-Braisaz-Bouchet-2eme-dor-et-de-cristal-768x427.png 768w\" sizes=\"auto, (max-width: 800px) 100vw, 800px\" \/><\/div><\/div><div class=\"vlp-layout-zone-main\"><div class=\"vlp-block-0 vlp-link-title\">Championne des Championnes fran\u00e7aises 2022 : Justine Braisaz-Bouchet (2\u00e8me), d'or et de cristal<\/div><div class=\"vlp-block-1 vlp-link-summary\">MULTISPORTS \u2013 Comme tous les ans depuis 2018, Dicodusport vous a propos\u00e9 d\u2019\u00e9lire la Championne des Championnes fran\u00e7aises de l\u2019ann\u00e9e. En 2022, elles sont 12 sur la ligne de d\u00e9part. Qui succ\u00e9dera \u00e0 Clarisse Agbegnenou ? La biathl\u00e8te Justine Braisaz-Bouchet est 2\u00e8me du classement.<\/div><div class=\"vlp-block-2 vlp-link-button\">Lire l'article<\/div><div class=\"vlp-block-3 vlp-link-url\">dicodusport.fr<\/div><\/div><\/div>\n<h3 style=\"text-align: justify;\">Il y a un an, tu disais qu\u2019\u00e0 titre personnel, tu voulais t\u2019occuper d\u2019un groupe f\u00e9minin. Avec un an de recul, quelles sont les diff\u00e9rences avec la gestion d&rsquo;un groupe masculin ?<\/h3>\n<p style=\"text-align: justify;\">Sur les fondamentaux de l&rsquo;entra\u00eenement pur, il n&rsquo;y a finalement pas de gros changements. Les leviers d&rsquo;entra\u00eenement et les objectifs de performances sont les m\u00eames. Apr\u00e8s, c&rsquo;est plus dans les sp\u00e9cificit\u00e9s de la physiologie f\u00e9minine, il y a des choses \u00e0 avoir en t\u00eate et \u00e0 prendre en compte pour des adaptations. Par exemple, il y a des filles qui ont des r\u00e8gles tr\u00e8s douloureuses et qui n\u00e9cessitent d&rsquo;avoir une adaptation d&rsquo;entra\u00eenement. Alors que pour d&rsquo;autres, cela ne pose aucun probl\u00e8me. Cela n\u00e9cessite d&rsquo;avoir un peu de confiance entre nous pour qu&rsquo;il n&rsquo;y ait pas de tabou et qu&rsquo;on puisse l&rsquo;int\u00e9grer dans la strat\u00e9gie de pr\u00e9paration.<\/p>\n<p style=\"text-align: justify;\">Dans les dynamiques de groupe, il y a aussi des diff\u00e9rences entre un groupe f\u00e9minin et masculin. Mais pour moi, c&rsquo;est une richesse et c&rsquo;est ce qui me pla\u00eet aujourd&rsquo;hui.<\/p>\n<h3 style=\"text-align: justify;\">Pour finir, il y a eu cette rupture dans le groupe masculin en fin de saison. Sans prendre partie ou revenir sur les \u00e9v\u00e9nements, comment toi, et plus globalement le groupe f\u00e9minin, avez-vous v\u00e9cu cet \u00e9pisode ?<\/h3>\n<p style=\"text-align: justify;\">\u00c7a a \u00e9t\u00e9 un choc, car on n&rsquo;avait pas vu venir cela comme \u00e7a, pas \u00e0 ce moment-l\u00e0, et pas de cette mani\u00e8re-l\u00e0. C&rsquo;\u00e9tait \u00e0 un moment o\u00f9 l&rsquo;\u00e9quipe f\u00e9minine jouait gros, autant Julia en individuel mais aussi sur les classements nations. Chacun l&rsquo;a v\u00e9cu individuellement en fonction des relations qu&rsquo;on peut avoir avec les principaux int\u00e9ress\u00e9s. Ce sont des moments qui sont d\u00e9sagr\u00e9ables. \u00c0 titre personnel, je suis triste, car j&rsquo;appr\u00e9cie beaucoup de travailler avec Vincent (Vittoz).<\/p>\n<p style=\"text-align: justify;\">Cela faisait partie de mes motivations que j&rsquo;avais \u00e0 prendre ce challenge. On a pass\u00e9 une super ann\u00e9e professionnelle, on avait retrouv\u00e9 nos automatismes et notre compl\u00e9mentarit\u00e9 au niveau professionnel. J&rsquo;ai \u00e9t\u00e9 impact\u00e9 par ces \u00e9v\u00e9nements mais maintenant, il s&rsquo;agit de reconstruire tout \u00e7a, et que chacun s&rsquo;y retrouve. On reste un groupe humain qui passe beaucoup de temps ensemble, donc ce n&rsquo;est jamais anodin ce genre d&rsquo;\u00e9v\u00e8nement.<\/p>\n<p style=\"text-align: justify;\">Pour ce qui est du sportif sur la derni\u00e8re \u00e9tape, on a essay\u00e9 de pr\u00e9server l&rsquo;essentiel. On a assez rapidement r\u00e9uni les filles pour faire \u00e9tat de la situation, car tout le monde n&rsquo;\u00e9tait pas au m\u00eame niveau d&rsquo;information. Et on a vite recentr\u00e9 les troupes sur les objectifs qui \u00e9taient les n\u00f4tres au niveau sportif. L&rsquo;objectif \u00e9tait de ne pas se disperser mais forc\u00e9ment, \u00e7a nous impacte.<\/p>\n<h2 style=\"text-align: justify;\">\u00c0 lire aussi<\/h2>\n<div class=\"vlp-link-container vlp-layout-article\"><a href=\"https:\/\/dicodusport.fr\/blog\/biathlon-simon-fourcade-nouvel-entraineur-de-lequipe-de-france-masculine\/\" class=\"vlp-link\" title=\"Biathlon : Simon Fourcade nouvel entra\u00eeneur de l&#039;\u00e9quipe de France masculine\"><\/a><div class=\"vlp-layout-zone-side\"><div class=\"vlp-block-4 vlp-link-image\"><img loading=\"lazy\" decoding=\"async\" style=\"max-width: 800px;\" width=\"800\" height=\"445\" src=\"https:\/\/dicodusport.fr\/blog\/wp-content\/uploads\/2023\/04\/Biathlon-Simon-Fourcade-nouvel-entraineur-de-lequipe-de-France-masculine.png\" class=\"attachment-800x445 size-800x445\" alt=\"\" srcset=\"https:\/\/dicodusport.fr\/blog\/wp-content\/uploads\/2023\/04\/Biathlon-Simon-Fourcade-nouvel-entraineur-de-lequipe-de-France-masculine.png 800w, https:\/\/dicodusport.fr\/blog\/wp-content\/uploads\/2023\/04\/Biathlon-Simon-Fourcade-nouvel-entraineur-de-lequipe-de-France-masculine-300x167.png 300w, https:\/\/dicodusport.fr\/blog\/wp-content\/uploads\/2023\/04\/Biathlon-Simon-Fourcade-nouvel-entraineur-de-lequipe-de-France-masculine-768x427.png 768w\" sizes=\"auto, (max-width: 800px) 100vw, 800px\" \/><\/div><\/div><div class=\"vlp-layout-zone-main\"><div class=\"vlp-block-0 vlp-link-title\">Biathlon : Simon Fourcade nouvel entra\u00eeneur de l'\u00e9quipe de France masculine<\/div><div class=\"vlp-block-1 vlp-link-summary\">BIATHLON - Selon Ski Chrono, Simon Fourcade est le nouvel entra\u00eeneur de l'\u00e9quipe de France de biathlon en remplacement de Vincent Vittoz.\u00a0<\/div><div class=\"vlp-block-2 vlp-link-button\">Lire l'article<\/div><div class=\"vlp-block-3 vlp-link-url\">dicodusport.fr<\/div><\/div><\/div>\n","protected":false},"excerpt":{"rendered":"<p>BIATHLON &#8211; Nous avons rencontr\u00e9 Cyril Burdet, entra\u00eeneur de l&rsquo;\u00e9quipe de France f\u00e9minine de biathlon, qui revient sur la saison exceptionnelle de Julia Simon et du reste du groupe. Le technicien \u00e9voque les prochains objectifs qu&rsquo;il va fixer dans les semaines \u00e0 venir.\u00a0<\/p>\n","protected":false},"author":1,"featured_media":378356,"comment_status":"open","ping_status":"closed","sticky":false,"template":"","format":"standard","meta":{"_acf_changed":false,"_daextam_enable_autolinks":"","footnotes":""},"categories":[2426],"tags":[2427,16878,24],"class_list":["post-377526","post","type-post","status-publish","format-standard","has-post-thumbnail","hentry","category-biathlon","tag-biathlon","tag-breve","tag-sport"],"acf":[],"yoast_head":"<!-- This site is optimized with the Yoast SEO Premium plugin v26.7 (Yoast SEO v26.7) - https:\/\/yoast.com\/wordpress\/plugins\/seo\/ -->\n<title>Cyril Burdet : \u00ab Il ne va pas falloir avoir peur d&#039;\u00eatre ambitieux \u00bb<\/title>\n<meta name=\"description\" content=\"Rencontre avec Cyril Burdet, entra\u00eeneur de l&#039;\u00e9quipe de France f\u00e9minine de biathlon, qui revient sur la saison exceptionnelle des Bleues.\" \/>\n<meta name=\"robots\" content=\"index, follow, max-snippet:-1, max-image-preview:large, max-video-preview:-1\" \/>\n<link rel=\"canonical\" href=\"https:\/\/dicodusport.fr\/blog\/cyril-burdet-il-ne-va-pas-falloir-avoir-peur-d-etre-ambitieux\/\" \/>\n<meta property=\"og:locale\" content=\"fr_FR\" \/>\n<meta property=\"og:type\" content=\"article\" \/>\n<meta property=\"og:title\" content=\"Cyril Burdet : \u00ab Il ne va pas falloir avoir peur d&#039;\u00eatre ambitieux \u00bb\" \/>\n<meta property=\"og:description\" content=\"Rencontre avec Cyril Burdet, entra\u00eeneur de l&#039;\u00e9quipe de France f\u00e9minine de biathlon, qui revient sur la saison exceptionnelle des Bleues.\" \/>\n<meta property=\"og:url\" content=\"https:\/\/dicodusport.fr\/blog\/cyril-burdet-il-ne-va-pas-falloir-avoir-peur-d-etre-ambitieux\/\" \/>\n<meta property=\"og:site_name\" content=\"Dicodusport\" \/>\n<meta property=\"article:publisher\" content=\"https:\/\/www.facebook.com\/dicodusport\" \/>\n<meta property=\"article:author\" content=\"https:\/\/www.facebook.com\/dicodusport\" \/>\n<meta property=\"article:published_time\" content=\"2023-05-01T09:47:11+00:00\" \/>\n<meta property=\"article:modified_time\" content=\"2023-05-01T11:55:36+00:00\" \/>\n<meta property=\"og:image\" content=\"https:\/\/dicodusport.fr\/blog\/wp-content\/uploads\/2023\/04\/Cyril-Burdet-Il-ne-va-pas-falloir-avoir-peur-detre-ambitieux-.png\" \/>\n\t<meta property=\"og:image:width\" content=\"800\" \/>\n\t<meta property=\"og:image:height\" content=\"445\" \/>\n\t<meta property=\"og:image:type\" content=\"image\/png\" \/>\n<meta name=\"author\" content=\"Nicolas Jacquemard\" \/>\n<meta name=\"twitter:card\" content=\"summary_large_image\" \/>\n<meta name=\"twitter:title\" content=\"Cyril Burdet : \u00ab Il ne va pas falloir avoir peur d&#039;\u00eatre ambitieux \u00bb\" \/>\n<meta name=\"twitter:creator\" content=\"@https:\/\/twitter.com\/Nico_Jacquemard\" \/>\n<meta name=\"twitter:site\" content=\"@dicodusport\" \/>\n<script type=\"application\/ld+json\" class=\"yoast-schema-graph\">{\"@context\":\"https:\/\/schema.org\",\"@graph\":[{\"@type\":\"NewsArticle\",\"@id\":\"https:\/\/dicodusport.fr\/blog\/cyril-burdet-il-ne-va-pas-falloir-avoir-peur-d-etre-ambitieux\/#article\",\"isPartOf\":{\"@id\":\"https:\/\/dicodusport.fr\/blog\/cyril-burdet-il-ne-va-pas-falloir-avoir-peur-d-etre-ambitieux\/\"},\"author\":{\"name\":\"Nicolas Jacquemard\",\"@id\":\"https:\/\/dicodusport.fr\/blog\/#\/schema\/person\/55dcb50ad410894e431ed812bbb70191\"},\"headline\":\"Cyril Burdet : \u00ab Il ne va pas falloir avoir peur d&rsquo;\u00eatre ambitieux \u00bb\",\"datePublished\":\"2023-05-01T09:47:11+00:00\",\"dateModified\":\"2023-05-01T11:55:36+00:00\",\"mainEntityOfPage\":{\"@id\":\"https:\/\/dicodusport.fr\/blog\/cyril-burdet-il-ne-va-pas-falloir-avoir-peur-d-etre-ambitieux\/\"},\"wordCount\":2397,\"commentCount\":0,\"publisher\":{\"@id\":\"https:\/\/dicodusport.fr\/blog\/#organization\"},\"image\":{\"@id\":\"https:\/\/dicodusport.fr\/blog\/cyril-burdet-il-ne-va-pas-falloir-avoir-peur-d-etre-ambitieux\/#primaryimage\"},\"thumbnailUrl\":\"https:\/\/dicodusport.fr\/blog\/wp-content\/uploads\/2023\/04\/Cyril-Burdet-Il-ne-va-pas-falloir-avoir-peur-detre-ambitieux-.png\",\"keywords\":[\"Biathlon\",\"br\u00e8ve\",\"sport\"],\"articleSection\":[\"Biathlon\"],\"inLanguage\":\"fr-FR\",\"potentialAction\":[{\"@type\":\"CommentAction\",\"name\":\"Comment\",\"target\":[\"https:\/\/dicodusport.fr\/blog\/cyril-burdet-il-ne-va-pas-falloir-avoir-peur-d-etre-ambitieux\/#respond\"]}],\"copyrightYear\":\"2023\",\"copyrightHolder\":{\"@id\":\"https:\/\/dicodusport.fr\/blog\/#organization\"}},{\"@type\":\"WebPage\",\"@id\":\"https:\/\/dicodusport.fr\/blog\/cyril-burdet-il-ne-va-pas-falloir-avoir-peur-d-etre-ambitieux\/\",\"url\":\"https:\/\/dicodusport.fr\/blog\/cyril-burdet-il-ne-va-pas-falloir-avoir-peur-d-etre-ambitieux\/\",\"name\":\"Cyril Burdet : \u00ab Il ne va pas falloir avoir peur d'\u00eatre ambitieux \u00bb\",\"isPartOf\":{\"@id\":\"https:\/\/dicodusport.fr\/blog\/#website\"},\"primaryImageOfPage\":{\"@id\":\"https:\/\/dicodusport.fr\/blog\/cyril-burdet-il-ne-va-pas-falloir-avoir-peur-d-etre-ambitieux\/#primaryimage\"},\"image\":{\"@id\":\"https:\/\/dicodusport.fr\/blog\/cyril-burdet-il-ne-va-pas-falloir-avoir-peur-d-etre-ambitieux\/#primaryimage\"},\"thumbnailUrl\":\"https:\/\/dicodusport.fr\/blog\/wp-content\/uploads\/2023\/04\/Cyril-Burdet-Il-ne-va-pas-falloir-avoir-peur-detre-ambitieux-.png\",\"datePublished\":\"2023-05-01T09:47:11+00:00\",\"dateModified\":\"2023-05-01T11:55:36+00:00\",\"description\":\"Rencontre avec Cyril Burdet, entra\u00eeneur de l'\u00e9quipe de France f\u00e9minine de biathlon, qui revient sur la saison exceptionnelle des Bleues.\",\"breadcrumb\":{\"@id\":\"https:\/\/dicodusport.fr\/blog\/cyril-burdet-il-ne-va-pas-falloir-avoir-peur-d-etre-ambitieux\/#breadcrumb\"},\"inLanguage\":\"fr-FR\",\"potentialAction\":[{\"@type\":\"ReadAction\",\"target\":[\"https:\/\/dicodusport.fr\/blog\/cyril-burdet-il-ne-va-pas-falloir-avoir-peur-d-etre-ambitieux\/\"]}]},{\"@type\":\"ImageObject\",\"inLanguage\":\"fr-FR\",\"@id\":\"https:\/\/dicodusport.fr\/blog\/cyril-burdet-il-ne-va-pas-falloir-avoir-peur-d-etre-ambitieux\/#primaryimage\",\"url\":\"https:\/\/dicodusport.fr\/blog\/wp-content\/uploads\/2023\/04\/Cyril-Burdet-Il-ne-va-pas-falloir-avoir-peur-detre-ambitieux-.png\",\"contentUrl\":\"https:\/\/dicodusport.fr\/blog\/wp-content\/uploads\/2023\/04\/Cyril-Burdet-Il-ne-va-pas-falloir-avoir-peur-detre-ambitieux-.png\",\"width\":800,\"height\":445,\"caption\":\"Cyril Burdet \u00ab Il ne va pas falloir avoir peur d'\u00eatre ambitieux \u00bb\"},{\"@type\":\"BreadcrumbList\",\"@id\":\"https:\/\/dicodusport.fr\/blog\/cyril-burdet-il-ne-va-pas-falloir-avoir-peur-d-etre-ambitieux\/#breadcrumb\",\"itemListElement\":[{\"@type\":\"ListItem\",\"position\":1,\"name\":\"Accueil\",\"item\":\"https:\/\/dicodusport.fr\/blog\/\"},{\"@type\":\"ListItem\",\"position\":2,\"name\":\"Cyril Burdet : \u00ab Il ne va pas falloir avoir peur d&rsquo;\u00eatre ambitieux \u00bb\"}]},{\"@type\":\"WebSite\",\"@id\":\"https:\/\/dicodusport.fr\/blog\/#website\",\"url\":\"https:\/\/dicodusport.fr\/blog\/\",\"name\":\"Dicodusport\",\"description\":\"L&#039;encyclop\u00e9die de l&#039;actualit\u00e9 sportive\",\"publisher\":{\"@id\":\"https:\/\/dicodusport.fr\/blog\/#organization\"},\"potentialAction\":[{\"@type\":\"SearchAction\",\"target\":{\"@type\":\"EntryPoint\",\"urlTemplate\":\"https:\/\/dicodusport.fr\/blog\/?s={search_term_string}\"},\"query-input\":{\"@type\":\"PropertyValueSpecification\",\"valueRequired\":true,\"valueName\":\"search_term_string\"}}],\"inLanguage\":\"fr-FR\"},{\"@type\":\"NewsMediaOrganization\",\"@id\":\"https:\/\/dicodusport.fr\/blog\/#organization\",\"name\":\"Dicodusport\",\"url\":\"https:\/\/dicodusport.fr\/blog\/\",\"logo\":{\"@type\":\"ImageObject\",\"inLanguage\":\"fr-FR\",\"@id\":\"https:\/\/dicodusport.fr\/blog\/#\/schema\/logo\/image\/\",\"url\":\"https:\/\/dicodusport.fr\/blog\/wp-content\/uploads\/2020\/06\/cropped-LOGO-DICODUSPORT-2020-SANS-FOND-SANS-TEXTE.png\",\"contentUrl\":\"https:\/\/dicodusport.fr\/blog\/wp-content\/uploads\/2020\/06\/cropped-LOGO-DICODUSPORT-2020-SANS-FOND-SANS-TEXTE.png\",\"width\":512,\"height\":512,\"caption\":\"Dicodusport\"},\"image\":{\"@id\":\"https:\/\/dicodusport.fr\/blog\/#\/schema\/logo\/image\/\"},\"sameAs\":[\"https:\/\/www.facebook.com\/dicodusport\",\"https:\/\/x.com\/dicodusport\",\"https:\/\/www.instagram.com\/dicodusport\/\",\"https:\/\/www.youtube.com\/channel\/UC7V2KZ5sd3htJivAbA4ZG3w\"],\"description\":\"Dicodusport est l'encyclop\u00e9die de l'actualit\u00e9 sportive.\",\"email\":\"bonjour@dicodusport.fr\",\"legalName\":\"DICODUSPORT\",\"foundingDate\":\"2018-01-14\",\"vatID\":\"FR71834470973\",\"taxID\":\"83447097300043\",\"numberOfEmployees\":{\"@type\":\"QuantitativeValue\",\"minValue\":\"1\",\"maxValue\":\"10\"}},{\"@type\":\"Person\",\"@id\":\"https:\/\/dicodusport.fr\/blog\/#\/schema\/person\/55dcb50ad410894e431ed812bbb70191\",\"name\":\"Nicolas Jacquemard\",\"image\":{\"@type\":\"ImageObject\",\"inLanguage\":\"fr-FR\",\"@id\":\"https:\/\/dicodusport.fr\/blog\/#\/schema\/person\/image\/\",\"url\":\"https:\/\/dicodusport.fr\/blog\/wp-content\/uploads\/2021\/05\/Nicolas-Jacquemard-150x150.jpeg\",\"contentUrl\":\"https:\/\/dicodusport.fr\/blog\/wp-content\/uploads\/2021\/05\/Nicolas-Jacquemard-150x150.jpeg\",\"caption\":\"Nicolas Jacquemard\"},\"description\":\"Passionn\u00e9 de sport et entrepreneur depuis mes 18 ans, la cr\u00e9ation de Dicodusport m'a sembl\u00e9 \u00e9vidente pour participer \u00e0 la m\u00e9diatisation d'un plus grand nombre de sports. Le chemin est long mais avec une \u00e9quipe des plus motiv\u00e9es et les Jeux Olympiques de Paris 2024 en point de mire, nous y arriverons ! Journaliste dans le monde du sport depuis plus de 5 ans, je traite aussi bien de football, de rugby, de biathlon que de cyclisme.\",\"sameAs\":[\"https:\/\/www.facebook.com\/dicodusport\",\"https:\/\/x.com\/https:\/\/twitter.com\/Nico_Jacquemard\"],\"url\":\"https:\/\/dicodusport.fr\/blog\/author\/dicodusport\/\"}]}<\/script>\n<!-- \/ Yoast SEO Premium plugin. -->","yoast_head_json":{"title":"Cyril Burdet : \u00ab Il ne va pas falloir avoir peur d'\u00eatre ambitieux \u00bb","description":"Rencontre avec Cyril Burdet, entra\u00eeneur de l'\u00e9quipe de France f\u00e9minine de biathlon, qui revient sur la saison exceptionnelle des Bleues.","robots":{"index":"index","follow":"follow","max-snippet":"max-snippet:-1","max-image-preview":"max-image-preview:large","max-video-preview":"max-video-preview:-1"},"canonical":"https:\/\/dicodusport.fr\/blog\/cyril-burdet-il-ne-va-pas-falloir-avoir-peur-d-etre-ambitieux\/","og_locale":"fr_FR","og_type":"article","og_title":"Cyril Burdet : \u00ab Il ne va pas falloir avoir peur d'\u00eatre ambitieux \u00bb","og_description":"Rencontre avec Cyril Burdet, entra\u00eeneur de l'\u00e9quipe de France f\u00e9minine de biathlon, qui revient sur la saison exceptionnelle des Bleues.","og_url":"https:\/\/dicodusport.fr\/blog\/cyril-burdet-il-ne-va-pas-falloir-avoir-peur-d-etre-ambitieux\/","og_site_name":"Dicodusport","article_publisher":"https:\/\/www.facebook.com\/dicodusport","article_author":"https:\/\/www.facebook.com\/dicodusport","article_published_time":"2023-05-01T09:47:11+00:00","article_modified_time":"2023-05-01T11:55:36+00:00","og_image":[{"width":800,"height":445,"url":"https:\/\/dicodusport.fr\/blog\/wp-content\/uploads\/2023\/04\/Cyril-Burdet-Il-ne-va-pas-falloir-avoir-peur-detre-ambitieux-.png","type":"image\/png"}],"author":"Nicolas Jacquemard","twitter_card":"summary_large_image","twitter_title":"Cyril Burdet : \u00ab Il ne va pas falloir avoir peur d'\u00eatre ambitieux \u00bb","twitter_creator":"@https:\/\/twitter.com\/Nico_Jacquemard","twitter_site":"@dicodusport","schema":{"@context":"https:\/\/schema.org","@graph":[{"@type":"NewsArticle","@id":"https:\/\/dicodusport.fr\/blog\/cyril-burdet-il-ne-va-pas-falloir-avoir-peur-d-etre-ambitieux\/#article","isPartOf":{"@id":"https:\/\/dicodusport.fr\/blog\/cyril-burdet-il-ne-va-pas-falloir-avoir-peur-d-etre-ambitieux\/"},"author":{"name":"Nicolas Jacquemard","@id":"https:\/\/dicodusport.fr\/blog\/#\/schema\/person\/55dcb50ad410894e431ed812bbb70191"},"headline":"Cyril Burdet : \u00ab Il ne va pas falloir avoir peur d&rsquo;\u00eatre ambitieux \u00bb","datePublished":"2023-05-01T09:47:11+00:00","dateModified":"2023-05-01T11:55:36+00:00","mainEntityOfPage":{"@id":"https:\/\/dicodusport.fr\/blog\/cyril-burdet-il-ne-va-pas-falloir-avoir-peur-d-etre-ambitieux\/"},"wordCount":2397,"commentCount":0,"publisher":{"@id":"https:\/\/dicodusport.fr\/blog\/#organization"},"image":{"@id":"https:\/\/dicodusport.fr\/blog\/cyril-burdet-il-ne-va-pas-falloir-avoir-peur-d-etre-ambitieux\/#primaryimage"},"thumbnailUrl":"https:\/\/dicodusport.fr\/blog\/wp-content\/uploads\/2023\/04\/Cyril-Burdet-Il-ne-va-pas-falloir-avoir-peur-detre-ambitieux-.png","keywords":["Biathlon","br\u00e8ve","sport"],"articleSection":["Biathlon"],"inLanguage":"fr-FR","potentialAction":[{"@type":"CommentAction","name":"Comment","target":["https:\/\/dicodusport.fr\/blog\/cyril-burdet-il-ne-va-pas-falloir-avoir-peur-d-etre-ambitieux\/#respond"]}],"copyrightYear":"2023","copyrightHolder":{"@id":"https:\/\/dicodusport.fr\/blog\/#organization"}},{"@type":"WebPage","@id":"https:\/\/dicodusport.fr\/blog\/cyril-burdet-il-ne-va-pas-falloir-avoir-peur-d-etre-ambitieux\/","url":"https:\/\/dicodusport.fr\/blog\/cyril-burdet-il-ne-va-pas-falloir-avoir-peur-d-etre-ambitieux\/","name":"Cyril Burdet : \u00ab Il ne va pas falloir avoir peur d'\u00eatre ambitieux \u00bb","isPartOf":{"@id":"https:\/\/dicodusport.fr\/blog\/#website"},"primaryImageOfPage":{"@id":"https:\/\/dicodusport.fr\/blog\/cyril-burdet-il-ne-va-pas-falloir-avoir-peur-d-etre-ambitieux\/#primaryimage"},"image":{"@id":"https:\/\/dicodusport.fr\/blog\/cyril-burdet-il-ne-va-pas-falloir-avoir-peur-d-etre-ambitieux\/#primaryimage"},"thumbnailUrl":"https:\/\/dicodusport.fr\/blog\/wp-content\/uploads\/2023\/04\/Cyril-Burdet-Il-ne-va-pas-falloir-avoir-peur-detre-ambitieux-.png","datePublished":"2023-05-01T09:47:11+00:00","dateModified":"2023-05-01T11:55:36+00:00","description":"Rencontre avec Cyril Burdet, entra\u00eeneur de l'\u00e9quipe de France f\u00e9minine de biathlon, qui revient sur la saison exceptionnelle des Bleues.","breadcrumb":{"@id":"https:\/\/dicodusport.fr\/blog\/cyril-burdet-il-ne-va-pas-falloir-avoir-peur-d-etre-ambitieux\/#breadcrumb"},"inLanguage":"fr-FR","potentialAction":[{"@type":"ReadAction","target":["https:\/\/dicodusport.fr\/blog\/cyril-burdet-il-ne-va-pas-falloir-avoir-peur-d-etre-ambitieux\/"]}]},{"@type":"ImageObject","inLanguage":"fr-FR","@id":"https:\/\/dicodusport.fr\/blog\/cyril-burdet-il-ne-va-pas-falloir-avoir-peur-d-etre-ambitieux\/#primaryimage","url":"https:\/\/dicodusport.fr\/blog\/wp-content\/uploads\/2023\/04\/Cyril-Burdet-Il-ne-va-pas-falloir-avoir-peur-detre-ambitieux-.png","contentUrl":"https:\/\/dicodusport.fr\/blog\/wp-content\/uploads\/2023\/04\/Cyril-Burdet-Il-ne-va-pas-falloir-avoir-peur-detre-ambitieux-.png","width":800,"height":445,"caption":"Cyril Burdet \u00ab Il ne va pas falloir avoir peur d'\u00eatre ambitieux \u00bb"},{"@type":"BreadcrumbList","@id":"https:\/\/dicodusport.fr\/blog\/cyril-burdet-il-ne-va-pas-falloir-avoir-peur-d-etre-ambitieux\/#breadcrumb","itemListElement":[{"@type":"ListItem","position":1,"name":"Accueil","item":"https:\/\/dicodusport.fr\/blog\/"},{"@type":"ListItem","position":2,"name":"Cyril Burdet : \u00ab Il ne va pas falloir avoir peur d&rsquo;\u00eatre ambitieux \u00bb"}]},{"@type":"WebSite","@id":"https:\/\/dicodusport.fr\/blog\/#website","url":"https:\/\/dicodusport.fr\/blog\/","name":"Dicodusport","description":"L&#039;encyclop\u00e9die de l&#039;actualit\u00e9 sportive","publisher":{"@id":"https:\/\/dicodusport.fr\/blog\/#organization"},"potentialAction":[{"@type":"SearchAction","target":{"@type":"EntryPoint","urlTemplate":"https:\/\/dicodusport.fr\/blog\/?s={search_term_string}"},"query-input":{"@type":"PropertyValueSpecification","valueRequired":true,"valueName":"search_term_string"}}],"inLanguage":"fr-FR"},{"@type":"NewsMediaOrganization","@id":"https:\/\/dicodusport.fr\/blog\/#organization","name":"Dicodusport","url":"https:\/\/dicodusport.fr\/blog\/","logo":{"@type":"ImageObject","inLanguage":"fr-FR","@id":"https:\/\/dicodusport.fr\/blog\/#\/schema\/logo\/image\/","url":"https:\/\/dicodusport.fr\/blog\/wp-content\/uploads\/2020\/06\/cropped-LOGO-DICODUSPORT-2020-SANS-FOND-SANS-TEXTE.png","contentUrl":"https:\/\/dicodusport.fr\/blog\/wp-content\/uploads\/2020\/06\/cropped-LOGO-DICODUSPORT-2020-SANS-FOND-SANS-TEXTE.png","width":512,"height":512,"caption":"Dicodusport"},"image":{"@id":"https:\/\/dicodusport.fr\/blog\/#\/schema\/logo\/image\/"},"sameAs":["https:\/\/www.facebook.com\/dicodusport","https:\/\/x.com\/dicodusport","https:\/\/www.instagram.com\/dicodusport\/","https:\/\/www.youtube.com\/channel\/UC7V2KZ5sd3htJivAbA4ZG3w"],"description":"Dicodusport est l'encyclop\u00e9die de l'actualit\u00e9 sportive.","email":"bonjour@dicodusport.fr","legalName":"DICODUSPORT","foundingDate":"2018-01-14","vatID":"FR71834470973","taxID":"83447097300043","numberOfEmployees":{"@type":"QuantitativeValue","minValue":"1","maxValue":"10"}},{"@type":"Person","@id":"https:\/\/dicodusport.fr\/blog\/#\/schema\/person\/55dcb50ad410894e431ed812bbb70191","name":"Nicolas Jacquemard","image":{"@type":"ImageObject","inLanguage":"fr-FR","@id":"https:\/\/dicodusport.fr\/blog\/#\/schema\/person\/image\/","url":"https:\/\/dicodusport.fr\/blog\/wp-content\/uploads\/2021\/05\/Nicolas-Jacquemard-150x150.jpeg","contentUrl":"https:\/\/dicodusport.fr\/blog\/wp-content\/uploads\/2021\/05\/Nicolas-Jacquemard-150x150.jpeg","caption":"Nicolas Jacquemard"},"description":"Passionn\u00e9 de sport et entrepreneur depuis mes 18 ans, la cr\u00e9ation de Dicodusport m'a sembl\u00e9 \u00e9vidente pour participer \u00e0 la m\u00e9diatisation d'un plus grand nombre de sports. Le chemin est long mais avec une \u00e9quipe des plus motiv\u00e9es et les Jeux Olympiques de Paris 2024 en point de mire, nous y arriverons ! Journaliste dans le monde du sport depuis plus de 5 ans, je traite aussi bien de football, de rugby, de biathlon que de cyclisme.","sameAs":["https:\/\/www.facebook.com\/dicodusport","https:\/\/x.com\/https:\/\/twitter.com\/Nico_Jacquemard"],"url":"https:\/\/dicodusport.fr\/blog\/author\/dicodusport\/"}]}},"_links":{"self":[{"href":"https:\/\/dicodusport.fr\/blog\/wp-json\/wp\/v2\/posts\/377526","targetHints":{"allow":["GET"]}}],"collection":[{"href":"https:\/\/dicodusport.fr\/blog\/wp-json\/wp\/v2\/posts"}],"about":[{"href":"https:\/\/dicodusport.fr\/blog\/wp-json\/wp\/v2\/types\/post"}],"author":[{"embeddable":true,"href":"https:\/\/dicodusport.fr\/blog\/wp-json\/wp\/v2\/users\/1"}],"replies":[{"embeddable":true,"href":"https:\/\/dicodusport.fr\/blog\/wp-json\/wp\/v2\/comments?post=377526"}],"version-history":[{"count":0,"href":"https:\/\/dicodusport.fr\/blog\/wp-json\/wp\/v2\/posts\/377526\/revisions"}],"wp:featuredmedia":[{"embeddable":true,"href":"https:\/\/dicodusport.fr\/blog\/wp-json\/wp\/v2\/media\/378356"}],"wp:attachment":[{"href":"https:\/\/dicodusport.fr\/blog\/wp-json\/wp\/v2\/media?parent=377526"}],"wp:term":[{"taxonomy":"category","embeddable":true,"href":"https:\/\/dicodusport.fr\/blog\/wp-json\/wp\/v2\/categories?post=377526"},{"taxonomy":"post_tag","embeddable":true,"href":"https:\/\/dicodusport.fr\/blog\/wp-json\/wp\/v2\/tags?post=377526"}],"curies":[{"name":"wp","href":"https:\/\/api.w.org\/{rel}","templated":true}]}}