{"id":377771,"date":"2023-04-29T10:12:38","date_gmt":"2023-04-29T08:12:38","guid":{"rendered":"https:\/\/dicodusport.fr\/blog\/?p=377771&#038;preview=true&#038;preview_id=377771"},"modified":"2023-04-29T11:01:46","modified_gmt":"2023-04-29T09:01:46","slug":"romain-bardet-jai-completement-explose-en-cours-de-route","status":"publish","type":"post","link":"https:\/\/dicodusport.fr\/blog\/romain-bardet-jai-completement-explose-en-cours-de-route\/","title":{"rendered":"Romain Bardet : \u00ab\u00a0J&rsquo;ai compl\u00e8tement explos\u00e9 en cours de route\u00a0\u00bb"},"content":{"rendered":"<p style=\"text-align: justify;\" align=\"justify\"><em><b>CYCLISME SUR ROUTE 2023 &#8211; Apr\u00e8s un d\u00e9part correct, Romain Bardet (Team DSM) a tr\u00e8s mal termin\u00e9 son contre-la-montre du Tour de Romandie ce vendredi, et hypoth\u00e9qu\u00e9 ses chances de victoire finale.<\/b><\/em><\/p>\n<p style=\"text-align: justify;\" align=\"justify\">Le grimpeur fran\u00e7ais semblait en bonne condition apr\u00e8s ses places d&rsquo;honneur dans des sprints en gros comit\u00e9 sur les deux premi\u00e8res \u00e9tapes du <a href=\"https:\/\/dicodusport.fr\/blog\/tour-de-romandie-2023-classement-general\/\"><strong>Tour de Romandie 2023<\/strong><\/a>. Mais <strong>Romain<\/strong> <strong>Bardet<\/strong> n&rsquo;a pas tenu la longueur sur <a href=\"https:\/\/dicodusport.fr\/blog\/tour-de-romandie-2023-classement-3eme-etape\/\">le contre-la-montre de la 3\u00e8me \u00e9tape ce vendredi<\/a>, un effort en solitaire long de 18 km. L&rsquo;Auvergnat s&rsquo;est expliqu\u00e9 pour <em>CyclingPro.net<\/em>.<\/p>\n<blockquote>\n<p align=\"justify\">C&rsquo;\u00e9tait pas bon du tout ! Je suis bien parti, mais j&rsquo;ai compl\u00e8tement explos\u00e9 en cours de route. Je suis m\u00eame \u00e9tonn\u00e9 de pas perdre plus de temps car sur les trois derniers kilom\u00e8tres du plateau, j&rsquo;\u00e9tais tr\u00e8s lent. J&rsquo;avais juste pas les jambes hier.<\/p>\n<\/blockquote>\n<p align=\"justify\">Seulement \u00e0 19 secondes \u00e0 l&rsquo;interm\u00e9diaire d&rsquo;<strong>Adam Yates<\/strong> (UAE Team Emirates), <strong>Romain<\/strong> <strong>Bardet<\/strong> a conc\u00e9d\u00e9 plus de 30 secondes aux meilleurs sur la fin du trac\u00e9. Une d\u00e9ception pour le Fran\u00e7ais, qui esp\u00e8re \u00eatre en meilleure condition ce samedi.<\/p>\n<blockquote>\n<p style=\"text-align: justify;\" align=\"justify\">On va voir comment \u00e7a se passe avec ces conditions. La derni\u00e8re mont\u00e9e est longue, une heure. J&rsquo;esp\u00e8re avoir de meilleures jambes qu&rsquo;hier sinon \u00e7a va \u00eatre compliqu\u00e9.<\/p>\n<\/blockquote>\n<p align=\"justify\"><strong>Romain<\/strong> <strong>Bardet<\/strong> sera une des trois chances tricolores pour la victoire finale. <strong>Thibaut<\/strong> <strong>Pinot<\/strong> et <strong>Lenny<\/strong> <strong>Martinez<\/strong>, qui a fait une tr\u00e8s bonne performance pour son premier long contre-la-montre en World Tour, seront \u00e0 surveiller.<\/p>\n<blockquote class=\"twitter-tweet\">\n<p dir=\"ltr\" lang=\"fr\">Romain Bardet &#8211; Interview au d\u00e9part &#8211; Etape 4 &#8211; Tour de Romandie 2023 <a href=\"https:\/\/t.co\/3iqhc6Cew1\">https:\/\/t.co\/3iqhc6Cew1<\/a> <a href=\"https:\/\/twitter.com\/hashtag\/CyclingProNet?src=hash&amp;ref_src=twsrc%5Etfw\">#CyclingProNet<\/a> <a href=\"https:\/\/twitter.com\/hashtag\/TDR2023?src=hash&amp;ref_src=twsrc%5Etfw\">#TDR2023<\/a><\/p>\n<p>\u2014 CyclingPro.net (@cyclingpronet) <a href=\"https:\/\/twitter.com\/cyclingpronet\/status\/1652217144803840000?ref_src=twsrc%5Etfw\">April 29, 2023<\/a><\/p><\/blockquote>\n<p style=\"text-align: justify;\"><script async src=\"https:\/\/platform.twitter.com\/widgets.js\" charset=\"utf-8\"><\/script><\/p>\n","protected":false},"excerpt":{"rendered":"<p>CYCLISME SUR ROUTE 2023 &#8211; Apr\u00e8s un d\u00e9part correct, Romain Bardet (Team DSM) a tr\u00e8s mal termin\u00e9 son contre-la-montre du Tour de Romandie ce  vendredi, et hypoth\u00e9qu\u00e9 ses chances de victoire finale.<\/p>\n","protected":false},"author":1,"featured_media":377774,"comment_status":"open","ping_status":"closed","sticky":false,"template":"","format":"standard","meta":{"_acf_changed":false,"_daextam_enable_autolinks":"","footnotes":""},"categories":[46994],"tags":[16878,574,3646,7747],"class_list":["post-377771","post","type-post","status-publish","format-standard","has-post-thumbnail","hentry","category-cyclisme-sur-route","tag-breve","tag-cyclisme","tag-romain-bardet","tag-tour-de-romandie"],"acf":[],"yoast_head":"<!-- This site is optimized with the Yoast SEO Premium plugin v26.7 (Yoast SEO v26.7) - https:\/\/yoast.com\/wordpress\/plugins\/seo\/ -->\n<title>Romain Bardet : &quot;J&#039;ai compl\u00e8tement explos\u00e9 en cours de route&quot;<\/title>\n<meta name=\"description\" content=\"CYCLISME SUR ROUTE 2023 - Apr\u00e8s un d\u00e9part correct, Romain Bardet (Team DSM) a tr\u00e8s mal termin\u00e9 son contre-la-montre du Tour de Romandie.\" \/>\n<meta name=\"robots\" content=\"index, follow, max-snippet:-1, max-image-preview:large, max-video-preview:-1\" \/>\n<link rel=\"canonical\" href=\"https:\/\/dicodusport.fr\/blog\/romain-bardet-jai-completement-explose-en-cours-de-route\/\" \/>\n<meta property=\"og:locale\" content=\"fr_FR\" \/>\n<meta property=\"og:type\" content=\"article\" \/>\n<meta property=\"og:title\" content=\"Romain Bardet : &quot;J&#039;ai compl\u00e8tement explos\u00e9 en cours de route&quot;\" \/>\n<meta property=\"og:description\" content=\"CYCLISME SUR ROUTE 2023 - Apr\u00e8s un d\u00e9part correct, Romain Bardet (Team DSM) a tr\u00e8s mal termin\u00e9 son contre-la-montre du Tour de Romandie.\" \/>\n<meta property=\"og:url\" content=\"https:\/\/dicodusport.fr\/blog\/romain-bardet-jai-completement-explose-en-cours-de-route\/\" \/>\n<meta property=\"og:site_name\" content=\"Dicodusport\" \/>\n<meta property=\"article:publisher\" content=\"https:\/\/www.facebook.com\/dicodusport\" \/>\n<meta property=\"article:author\" content=\"https:\/\/www.facebook.com\/dicodusport\" \/>\n<meta property=\"article:published_time\" content=\"2023-04-29T08:12:38+00:00\" \/>\n<meta property=\"article:modified_time\" content=\"2023-04-29T09:01:46+00:00\" \/>\n<meta property=\"og:image\" content=\"https:\/\/dicodusport.fr\/blog\/wp-content\/uploads\/2023\/04\/Romain-Bardet-Jai-completement-explose-en-cours-de-route.png\" \/>\n\t<meta property=\"og:image:width\" content=\"800\" \/>\n\t<meta property=\"og:image:height\" content=\"445\" \/>\n\t<meta property=\"og:image:type\" content=\"image\/png\" \/>\n<meta name=\"author\" content=\"Nicolas Jacquemard\" \/>\n<meta name=\"twitter:card\" content=\"summary_large_image\" \/>\n<meta name=\"twitter:title\" content=\"Romain Bardet : &quot;J&#039;ai compl\u00e8tement explos\u00e9 en cours de route&quot;\" \/>\n<meta name=\"twitter:creator\" content=\"@https:\/\/twitter.com\/Nico_Jacquemard\" \/>\n<meta name=\"twitter:site\" content=\"@dicodusport\" \/>\n<script type=\"application\/ld+json\" class=\"yoast-schema-graph\">{\"@context\":\"https:\/\/schema.org\",\"@graph\":[{\"@type\":\"NewsArticle\",\"@id\":\"https:\/\/dicodusport.fr\/blog\/romain-bardet-jai-completement-explose-en-cours-de-route\/#article\",\"isPartOf\":{\"@id\":\"https:\/\/dicodusport.fr\/blog\/romain-bardet-jai-completement-explose-en-cours-de-route\/\"},\"author\":{\"name\":\"Nicolas Jacquemard\",\"@id\":\"https:\/\/dicodusport.fr\/blog\/#\/schema\/person\/55dcb50ad410894e431ed812bbb70191\"},\"headline\":\"Romain Bardet : \u00ab\u00a0J&rsquo;ai compl\u00e8tement explos\u00e9 en cours de route\u00a0\u00bb\",\"datePublished\":\"2023-04-29T08:12:38+00:00\",\"dateModified\":\"2023-04-29T09:01:46+00:00\",\"mainEntityOfPage\":{\"@id\":\"https:\/\/dicodusport.fr\/blog\/romain-bardet-jai-completement-explose-en-cours-de-route\/\"},\"wordCount\":295,\"commentCount\":0,\"publisher\":{\"@id\":\"https:\/\/dicodusport.fr\/blog\/#organization\"},\"image\":{\"@id\":\"https:\/\/dicodusport.fr\/blog\/romain-bardet-jai-completement-explose-en-cours-de-route\/#primaryimage\"},\"thumbnailUrl\":\"https:\/\/dicodusport.fr\/blog\/wp-content\/uploads\/2023\/04\/Romain-Bardet-Jai-completement-explose-en-cours-de-route.png\",\"keywords\":[\"br\u00e8ve\",\"Cyclisme\",\"Romain Bardet\",\"Tour de Romandie\"],\"articleSection\":[\"Cyclisme sur route\"],\"inLanguage\":\"fr-FR\",\"potentialAction\":[{\"@type\":\"CommentAction\",\"name\":\"Comment\",\"target\":[\"https:\/\/dicodusport.fr\/blog\/romain-bardet-jai-completement-explose-en-cours-de-route\/#respond\"]}],\"copyrightYear\":\"2023\",\"copyrightHolder\":{\"@id\":\"https:\/\/dicodusport.fr\/blog\/#organization\"}},{\"@type\":\"WebPage\",\"@id\":\"https:\/\/dicodusport.fr\/blog\/romain-bardet-jai-completement-explose-en-cours-de-route\/\",\"url\":\"https:\/\/dicodusport.fr\/blog\/romain-bardet-jai-completement-explose-en-cours-de-route\/\",\"name\":\"Romain Bardet : \\\"J'ai compl\u00e8tement explos\u00e9 en cours de route\\\"\",\"isPartOf\":{\"@id\":\"https:\/\/dicodusport.fr\/blog\/#website\"},\"primaryImageOfPage\":{\"@id\":\"https:\/\/dicodusport.fr\/blog\/romain-bardet-jai-completement-explose-en-cours-de-route\/#primaryimage\"},\"image\":{\"@id\":\"https:\/\/dicodusport.fr\/blog\/romain-bardet-jai-completement-explose-en-cours-de-route\/#primaryimage\"},\"thumbnailUrl\":\"https:\/\/dicodusport.fr\/blog\/wp-content\/uploads\/2023\/04\/Romain-Bardet-Jai-completement-explose-en-cours-de-route.png\",\"datePublished\":\"2023-04-29T08:12:38+00:00\",\"dateModified\":\"2023-04-29T09:01:46+00:00\",\"description\":\"CYCLISME SUR ROUTE 2023 - Apr\u00e8s un d\u00e9part correct, Romain Bardet (Team DSM) a tr\u00e8s mal termin\u00e9 son contre-la-montre du Tour de Romandie.\",\"breadcrumb\":{\"@id\":\"https:\/\/dicodusport.fr\/blog\/romain-bardet-jai-completement-explose-en-cours-de-route\/#breadcrumb\"},\"inLanguage\":\"fr-FR\",\"potentialAction\":[{\"@type\":\"ReadAction\",\"target\":[\"https:\/\/dicodusport.fr\/blog\/romain-bardet-jai-completement-explose-en-cours-de-route\/\"]}]},{\"@type\":\"ImageObject\",\"inLanguage\":\"fr-FR\",\"@id\":\"https:\/\/dicodusport.fr\/blog\/romain-bardet-jai-completement-explose-en-cours-de-route\/#primaryimage\",\"url\":\"https:\/\/dicodusport.fr\/blog\/wp-content\/uploads\/2023\/04\/Romain-Bardet-Jai-completement-explose-en-cours-de-route.png\",\"contentUrl\":\"https:\/\/dicodusport.fr\/blog\/wp-content\/uploads\/2023\/04\/Romain-Bardet-Jai-completement-explose-en-cours-de-route.png\",\"width\":800,\"height\":445},{\"@type\":\"BreadcrumbList\",\"@id\":\"https:\/\/dicodusport.fr\/blog\/romain-bardet-jai-completement-explose-en-cours-de-route\/#breadcrumb\",\"itemListElement\":[{\"@type\":\"ListItem\",\"position\":1,\"name\":\"Accueil\",\"item\":\"https:\/\/dicodusport.fr\/blog\/\"},{\"@type\":\"ListItem\",\"position\":2,\"name\":\"Romain Bardet : \u00ab\u00a0J&rsquo;ai compl\u00e8tement explos\u00e9 en cours de route\u00a0\u00bb\"}]},{\"@type\":\"WebSite\",\"@id\":\"https:\/\/dicodusport.fr\/blog\/#website\",\"url\":\"https:\/\/dicodusport.fr\/blog\/\",\"name\":\"Dicodusport\",\"description\":\"L&#039;encyclop\u00e9die de l&#039;actualit\u00e9 sportive\",\"publisher\":{\"@id\":\"https:\/\/dicodusport.fr\/blog\/#organization\"},\"potentialAction\":[{\"@type\":\"SearchAction\",\"target\":{\"@type\":\"EntryPoint\",\"urlTemplate\":\"https:\/\/dicodusport.fr\/blog\/?s={search_term_string}\"},\"query-input\":{\"@type\":\"PropertyValueSpecification\",\"valueRequired\":true,\"valueName\":\"search_term_string\"}}],\"inLanguage\":\"fr-FR\"},{\"@type\":\"NewsMediaOrganization\",\"@id\":\"https:\/\/dicodusport.fr\/blog\/#organization\",\"name\":\"Dicodusport\",\"url\":\"https:\/\/dicodusport.fr\/blog\/\",\"logo\":{\"@type\":\"ImageObject\",\"inLanguage\":\"fr-FR\",\"@id\":\"https:\/\/dicodusport.fr\/blog\/#\/schema\/logo\/image\/\",\"url\":\"https:\/\/dicodusport.fr\/blog\/wp-content\/uploads\/2020\/06\/cropped-LOGO-DICODUSPORT-2020-SANS-FOND-SANS-TEXTE.png\",\"contentUrl\":\"https:\/\/dicodusport.fr\/blog\/wp-content\/uploads\/2020\/06\/cropped-LOGO-DICODUSPORT-2020-SANS-FOND-SANS-TEXTE.png\",\"width\":512,\"height\":512,\"caption\":\"Dicodusport\"},\"image\":{\"@id\":\"https:\/\/dicodusport.fr\/blog\/#\/schema\/logo\/image\/\"},\"sameAs\":[\"https:\/\/www.facebook.com\/dicodusport\",\"https:\/\/x.com\/dicodusport\",\"https:\/\/www.instagram.com\/dicodusport\/\",\"https:\/\/www.youtube.com\/channel\/UC7V2KZ5sd3htJivAbA4ZG3w\"],\"description\":\"Dicodusport est l'encyclop\u00e9die de l'actualit\u00e9 sportive.\",\"email\":\"bonjour@dicodusport.fr\",\"legalName\":\"DICODUSPORT\",\"foundingDate\":\"2018-01-14\",\"vatID\":\"FR71834470973\",\"taxID\":\"83447097300043\",\"numberOfEmployees\":{\"@type\":\"QuantitativeValue\",\"minValue\":\"1\",\"maxValue\":\"10\"}},{\"@type\":\"Person\",\"@id\":\"https:\/\/dicodusport.fr\/blog\/#\/schema\/person\/55dcb50ad410894e431ed812bbb70191\",\"name\":\"Nicolas Jacquemard\",\"image\":{\"@type\":\"ImageObject\",\"inLanguage\":\"fr-FR\",\"@id\":\"https:\/\/dicodusport.fr\/blog\/#\/schema\/person\/image\/\",\"url\":\"https:\/\/dicodusport.fr\/blog\/wp-content\/uploads\/2021\/05\/Nicolas-Jacquemard-150x150.jpeg\",\"contentUrl\":\"https:\/\/dicodusport.fr\/blog\/wp-content\/uploads\/2021\/05\/Nicolas-Jacquemard-150x150.jpeg\",\"caption\":\"Nicolas Jacquemard\"},\"description\":\"Passionn\u00e9 de sport et entrepreneur depuis mes 18 ans, la cr\u00e9ation de Dicodusport m'a sembl\u00e9 \u00e9vidente pour participer \u00e0 la m\u00e9diatisation d'un plus grand nombre de sports. Le chemin est long mais avec une \u00e9quipe des plus motiv\u00e9es et les Jeux Olympiques de Paris 2024 en point de mire, nous y arriverons ! Journaliste dans le monde du sport depuis plus de 5 ans, je traite aussi bien de football, de rugby, de biathlon que de cyclisme.\",\"sameAs\":[\"https:\/\/www.facebook.com\/dicodusport\",\"https:\/\/x.com\/https:\/\/twitter.com\/Nico_Jacquemard\"],\"url\":\"https:\/\/dicodusport.fr\/blog\/author\/dicodusport\/\"}]}<\/script>\n<!-- \/ Yoast SEO Premium plugin. -->","yoast_head_json":{"title":"Romain Bardet : \"J'ai compl\u00e8tement explos\u00e9 en cours de route\"","description":"CYCLISME SUR ROUTE 2023 - Apr\u00e8s un d\u00e9part correct, Romain Bardet (Team DSM) a tr\u00e8s mal termin\u00e9 son contre-la-montre du Tour de Romandie.","robots":{"index":"index","follow":"follow","max-snippet":"max-snippet:-1","max-image-preview":"max-image-preview:large","max-video-preview":"max-video-preview:-1"},"canonical":"https:\/\/dicodusport.fr\/blog\/romain-bardet-jai-completement-explose-en-cours-de-route\/","og_locale":"fr_FR","og_type":"article","og_title":"Romain Bardet : \"J'ai compl\u00e8tement explos\u00e9 en cours de route\"","og_description":"CYCLISME SUR ROUTE 2023 - Apr\u00e8s un d\u00e9part correct, Romain Bardet (Team DSM) a tr\u00e8s mal termin\u00e9 son contre-la-montre du Tour de Romandie.","og_url":"https:\/\/dicodusport.fr\/blog\/romain-bardet-jai-completement-explose-en-cours-de-route\/","og_site_name":"Dicodusport","article_publisher":"https:\/\/www.facebook.com\/dicodusport","article_author":"https:\/\/www.facebook.com\/dicodusport","article_published_time":"2023-04-29T08:12:38+00:00","article_modified_time":"2023-04-29T09:01:46+00:00","og_image":[{"width":800,"height":445,"url":"https:\/\/dicodusport.fr\/blog\/wp-content\/uploads\/2023\/04\/Romain-Bardet-Jai-completement-explose-en-cours-de-route.png","type":"image\/png"}],"author":"Nicolas Jacquemard","twitter_card":"summary_large_image","twitter_title":"Romain Bardet : \"J'ai compl\u00e8tement explos\u00e9 en cours de route\"","twitter_creator":"@https:\/\/twitter.com\/Nico_Jacquemard","twitter_site":"@dicodusport","schema":{"@context":"https:\/\/schema.org","@graph":[{"@type":"NewsArticle","@id":"https:\/\/dicodusport.fr\/blog\/romain-bardet-jai-completement-explose-en-cours-de-route\/#article","isPartOf":{"@id":"https:\/\/dicodusport.fr\/blog\/romain-bardet-jai-completement-explose-en-cours-de-route\/"},"author":{"name":"Nicolas Jacquemard","@id":"https:\/\/dicodusport.fr\/blog\/#\/schema\/person\/55dcb50ad410894e431ed812bbb70191"},"headline":"Romain Bardet : \u00ab\u00a0J&rsquo;ai compl\u00e8tement explos\u00e9 en cours de route\u00a0\u00bb","datePublished":"2023-04-29T08:12:38+00:00","dateModified":"2023-04-29T09:01:46+00:00","mainEntityOfPage":{"@id":"https:\/\/dicodusport.fr\/blog\/romain-bardet-jai-completement-explose-en-cours-de-route\/"},"wordCount":295,"commentCount":0,"publisher":{"@id":"https:\/\/dicodusport.fr\/blog\/#organization"},"image":{"@id":"https:\/\/dicodusport.fr\/blog\/romain-bardet-jai-completement-explose-en-cours-de-route\/#primaryimage"},"thumbnailUrl":"https:\/\/dicodusport.fr\/blog\/wp-content\/uploads\/2023\/04\/Romain-Bardet-Jai-completement-explose-en-cours-de-route.png","keywords":["br\u00e8ve","Cyclisme","Romain Bardet","Tour de Romandie"],"articleSection":["Cyclisme sur route"],"inLanguage":"fr-FR","potentialAction":[{"@type":"CommentAction","name":"Comment","target":["https:\/\/dicodusport.fr\/blog\/romain-bardet-jai-completement-explose-en-cours-de-route\/#respond"]}],"copyrightYear":"2023","copyrightHolder":{"@id":"https:\/\/dicodusport.fr\/blog\/#organization"}},{"@type":"WebPage","@id":"https:\/\/dicodusport.fr\/blog\/romain-bardet-jai-completement-explose-en-cours-de-route\/","url":"https:\/\/dicodusport.fr\/blog\/romain-bardet-jai-completement-explose-en-cours-de-route\/","name":"Romain Bardet : \"J'ai compl\u00e8tement explos\u00e9 en cours de route\"","isPartOf":{"@id":"https:\/\/dicodusport.fr\/blog\/#website"},"primaryImageOfPage":{"@id":"https:\/\/dicodusport.fr\/blog\/romain-bardet-jai-completement-explose-en-cours-de-route\/#primaryimage"},"image":{"@id":"https:\/\/dicodusport.fr\/blog\/romain-bardet-jai-completement-explose-en-cours-de-route\/#primaryimage"},"thumbnailUrl":"https:\/\/dicodusport.fr\/blog\/wp-content\/uploads\/2023\/04\/Romain-Bardet-Jai-completement-explose-en-cours-de-route.png","datePublished":"2023-04-29T08:12:38+00:00","dateModified":"2023-04-29T09:01:46+00:00","description":"CYCLISME SUR ROUTE 2023 - Apr\u00e8s un d\u00e9part correct, Romain Bardet (Team DSM) a tr\u00e8s mal termin\u00e9 son contre-la-montre du Tour de Romandie.","breadcrumb":{"@id":"https:\/\/dicodusport.fr\/blog\/romain-bardet-jai-completement-explose-en-cours-de-route\/#breadcrumb"},"inLanguage":"fr-FR","potentialAction":[{"@type":"ReadAction","target":["https:\/\/dicodusport.fr\/blog\/romain-bardet-jai-completement-explose-en-cours-de-route\/"]}]},{"@type":"ImageObject","inLanguage":"fr-FR","@id":"https:\/\/dicodusport.fr\/blog\/romain-bardet-jai-completement-explose-en-cours-de-route\/#primaryimage","url":"https:\/\/dicodusport.fr\/blog\/wp-content\/uploads\/2023\/04\/Romain-Bardet-Jai-completement-explose-en-cours-de-route.png","contentUrl":"https:\/\/dicodusport.fr\/blog\/wp-content\/uploads\/2023\/04\/Romain-Bardet-Jai-completement-explose-en-cours-de-route.png","width":800,"height":445},{"@type":"BreadcrumbList","@id":"https:\/\/dicodusport.fr\/blog\/romain-bardet-jai-completement-explose-en-cours-de-route\/#breadcrumb","itemListElement":[{"@type":"ListItem","position":1,"name":"Accueil","item":"https:\/\/dicodusport.fr\/blog\/"},{"@type":"ListItem","position":2,"name":"Romain Bardet : \u00ab\u00a0J&rsquo;ai compl\u00e8tement explos\u00e9 en cours de route\u00a0\u00bb"}]},{"@type":"WebSite","@id":"https:\/\/dicodusport.fr\/blog\/#website","url":"https:\/\/dicodusport.fr\/blog\/","name":"Dicodusport","description":"L&#039;encyclop\u00e9die de l&#039;actualit\u00e9 sportive","publisher":{"@id":"https:\/\/dicodusport.fr\/blog\/#organization"},"potentialAction":[{"@type":"SearchAction","target":{"@type":"EntryPoint","urlTemplate":"https:\/\/dicodusport.fr\/blog\/?s={search_term_string}"},"query-input":{"@type":"PropertyValueSpecification","valueRequired":true,"valueName":"search_term_string"}}],"inLanguage":"fr-FR"},{"@type":"NewsMediaOrganization","@id":"https:\/\/dicodusport.fr\/blog\/#organization","name":"Dicodusport","url":"https:\/\/dicodusport.fr\/blog\/","logo":{"@type":"ImageObject","inLanguage":"fr-FR","@id":"https:\/\/dicodusport.fr\/blog\/#\/schema\/logo\/image\/","url":"https:\/\/dicodusport.fr\/blog\/wp-content\/uploads\/2020\/06\/cropped-LOGO-DICODUSPORT-2020-SANS-FOND-SANS-TEXTE.png","contentUrl":"https:\/\/dicodusport.fr\/blog\/wp-content\/uploads\/2020\/06\/cropped-LOGO-DICODUSPORT-2020-SANS-FOND-SANS-TEXTE.png","width":512,"height":512,"caption":"Dicodusport"},"image":{"@id":"https:\/\/dicodusport.fr\/blog\/#\/schema\/logo\/image\/"},"sameAs":["https:\/\/www.facebook.com\/dicodusport","https:\/\/x.com\/dicodusport","https:\/\/www.instagram.com\/dicodusport\/","https:\/\/www.youtube.com\/channel\/UC7V2KZ5sd3htJivAbA4ZG3w"],"description":"Dicodusport est l'encyclop\u00e9die de l'actualit\u00e9 sportive.","email":"bonjour@dicodusport.fr","legalName":"DICODUSPORT","foundingDate":"2018-01-14","vatID":"FR71834470973","taxID":"83447097300043","numberOfEmployees":{"@type":"QuantitativeValue","minValue":"1","maxValue":"10"}},{"@type":"Person","@id":"https:\/\/dicodusport.fr\/blog\/#\/schema\/person\/55dcb50ad410894e431ed812bbb70191","name":"Nicolas Jacquemard","image":{"@type":"ImageObject","inLanguage":"fr-FR","@id":"https:\/\/dicodusport.fr\/blog\/#\/schema\/person\/image\/","url":"https:\/\/dicodusport.fr\/blog\/wp-content\/uploads\/2021\/05\/Nicolas-Jacquemard-150x150.jpeg","contentUrl":"https:\/\/dicodusport.fr\/blog\/wp-content\/uploads\/2021\/05\/Nicolas-Jacquemard-150x150.jpeg","caption":"Nicolas Jacquemard"},"description":"Passionn\u00e9 de sport et entrepreneur depuis mes 18 ans, la cr\u00e9ation de Dicodusport m'a sembl\u00e9 \u00e9vidente pour participer \u00e0 la m\u00e9diatisation d'un plus grand nombre de sports. Le chemin est long mais avec une \u00e9quipe des plus motiv\u00e9es et les Jeux Olympiques de Paris 2024 en point de mire, nous y arriverons ! Journaliste dans le monde du sport depuis plus de 5 ans, je traite aussi bien de football, de rugby, de biathlon que de cyclisme.","sameAs":["https:\/\/www.facebook.com\/dicodusport","https:\/\/x.com\/https:\/\/twitter.com\/Nico_Jacquemard"],"url":"https:\/\/dicodusport.fr\/blog\/author\/dicodusport\/"}]}},"_links":{"self":[{"href":"https:\/\/dicodusport.fr\/blog\/wp-json\/wp\/v2\/posts\/377771","targetHints":{"allow":["GET"]}}],"collection":[{"href":"https:\/\/dicodusport.fr\/blog\/wp-json\/wp\/v2\/posts"}],"about":[{"href":"https:\/\/dicodusport.fr\/blog\/wp-json\/wp\/v2\/types\/post"}],"author":[{"embeddable":true,"href":"https:\/\/dicodusport.fr\/blog\/wp-json\/wp\/v2\/users\/1"}],"replies":[{"embeddable":true,"href":"https:\/\/dicodusport.fr\/blog\/wp-json\/wp\/v2\/comments?post=377771"}],"version-history":[{"count":0,"href":"https:\/\/dicodusport.fr\/blog\/wp-json\/wp\/v2\/posts\/377771\/revisions"}],"wp:featuredmedia":[{"embeddable":true,"href":"https:\/\/dicodusport.fr\/blog\/wp-json\/wp\/v2\/media\/377774"}],"wp:attachment":[{"href":"https:\/\/dicodusport.fr\/blog\/wp-json\/wp\/v2\/media?parent=377771"}],"wp:term":[{"taxonomy":"category","embeddable":true,"href":"https:\/\/dicodusport.fr\/blog\/wp-json\/wp\/v2\/categories?post=377771"},{"taxonomy":"post_tag","embeddable":true,"href":"https:\/\/dicodusport.fr\/blog\/wp-json\/wp\/v2\/tags?post=377771"}],"curies":[{"name":"wp","href":"https:\/\/api.w.org\/{rel}","templated":true}]}}