{"id":377860,"date":"2023-04-29T14:59:40","date_gmt":"2023-04-29T12:59:40","guid":{"rendered":"https:\/\/dicodusport.fr\/blog\/?p=377860&#038;preview=true&#038;preview_id=377860"},"modified":"2023-04-29T15:21:36","modified_gmt":"2023-04-29T13:21:36","slug":"squash-les-bleues-au-pied-du-podium-des-championnats-deurope-par-equipes","status":"publish","type":"post","link":"https:\/\/dicodusport.fr\/blog\/squash-les-bleues-au-pied-du-podium-des-championnats-deurope-par-equipes\/","title":{"rendered":"Squash : Les Bleues au pied du podium des Championnats d&rsquo;Europe par \u00e9quipes"},"content":{"rendered":"<p style=\"text-align: justify;\"><i><b>SQUASH FRAN\u00c7AIS &#8211; Pour la deuxi\u00e8me ann\u00e9e cons\u00e9cutive, les Fran\u00e7aises n&rsquo;ont pas r\u00e9ussi \u00e0 monter sur le podium. Battues par les Galloises, elles terminent quatri\u00e8mes malgr\u00e9 une belle comp\u00e9tition.\u00a0<\/b><\/i><\/p>\n<p style=\"text-align: justify;\"><a href=\"https:\/\/dicodusport.fr\/blog\/squash-pas-de-finale-pour-les-bleues-aux-championnats-deurope-par-equipes\/\">Battues logiquement par les Belges en demi-finales<\/a>, les Bleues disputaient comme l&rsquo;an dernier le match pour la troisi\u00e8me place. Et ambitionnaient cette fois de repartir avec le bronze, contre les Galloises. Premi\u00e8re \u00e0 entrer en lice, <strong>\u00c9nora Villard<\/strong> rencontrait pour la premi\u00e8re fois en carri\u00e8re <strong>Emily Whitlock<\/strong>. Mais tr\u00e8s vite, on a vu que la Galloise \u00e9tait nettement sup\u00e9rieure. Malgr\u00e9 un joli baroud d&rsquo;honneur en fin de partie, en sauvant notamment quatre balles de match, la Fran\u00e7aise s&rsquo;incline <strong>11-4, 11-7, 11-7<\/strong>.<\/p>\n<p style=\"text-align: justify;\">La victoire \u00e9tait alors imp\u00e9rative pour <strong>M\u00e9lissa Alves,<\/strong> mais il fallait r\u00e9ussir ce qu&rsquo;elle avait \u00e9chou\u00e9 \u00e0 faire en trois tentatives sur le circuit mondial : battre <strong>Tesni Evans<\/strong>. Malheureusement, malgr\u00e9 une belle r\u00e9sistance, cela fera quatre \u00e0 la suite. La Galloise, plus pr\u00e9cise, va appuyer sur le champignon quand la Tricolore va revenir \u00e0 une manche partout. Au final, une d\u00e9faite\u00a0 en 4 jeux (<strong>11-9, 5-11, 11-5, 11-5<\/strong>). C&rsquo;est donc une quatri\u00e8me place, comme l&rsquo;an dernier. Les temps sont durs pour les Bleues du squash depuis la retraite de<strong> Camille Serme<\/strong>.<\/p>\n<h2 style=\"text-align: justify;\">\u00c0 lire aussi<\/h2>\n<ul>\n<li style=\"text-align: justify;\"><a href=\"https:\/\/dicodusport.fr\/blog\/programme-et-resultats-championnats-deurope-par-equipes-de-squash-2023\/\"><strong>Programme et r\u00e9sultats des Championnats d&rsquo;Europe de squash par \u00e9quipes 2023<\/strong><\/a><\/li>\n<\/ul>\n","protected":false},"excerpt":{"rendered":"<p>SQUASH FRAN\u00c7AIS &#8211; Pour la deuxi\u00e8me ann\u00e9e cons\u00e9cutive, les Fran\u00e7aises n&rsquo;ont pas r\u00e9ussi \u00e0 monter sur le podium. Battues par les Galloises, elles terminent quatri\u00e8mes malgr\u00e9 une belle comp\u00e9tition.\u00a0<\/p>\n","protected":false},"author":59,"featured_media":377688,"comment_status":"open","ping_status":"closed","sticky":false,"template":"","format":"standard","meta":{"_acf_changed":false,"_daextam_enable_autolinks":"","footnotes":""},"categories":[9608],"tags":[16878,1674,24081],"class_list":["post-377860","post","type-post","status-publish","format-standard","has-post-thumbnail","hentry","category-squash","tag-breve","tag-squash","tag-squash-francais"],"acf":[],"yoast_head":"<!-- This site is optimized with the Yoast SEO Premium plugin v26.7 (Yoast SEO v26.7) - https:\/\/yoast.com\/wordpress\/plugins\/seo\/ -->\n<title>Squash : Les Bleues au pied du podium des Championnats d&#039;Europe par \u00e9quipes<\/title>\n<meta name=\"description\" content=\"SQUASH FRAN\u00c7AIS - Pour la deuxi\u00e8me ann\u00e9e cons\u00e9cutive, les Fran\u00e7aises n&#039;ont pas r\u00e9ussi \u00e0 monter sur le podium.\" \/>\n<meta name=\"robots\" content=\"index, follow, max-snippet:-1, max-image-preview:large, max-video-preview:-1\" \/>\n<link rel=\"canonical\" href=\"https:\/\/dicodusport.fr\/blog\/squash-les-bleues-au-pied-du-podium-des-championnats-deurope-par-equipes\/\" \/>\n<meta property=\"og:locale\" content=\"fr_FR\" \/>\n<meta property=\"og:type\" content=\"article\" \/>\n<meta property=\"og:title\" content=\"Squash : Les Bleues au pied du podium des Championnats d&#039;Europe par \u00e9quipes\" \/>\n<meta property=\"og:description\" content=\"SQUASH FRAN\u00c7AIS - Pour la deuxi\u00e8me ann\u00e9e cons\u00e9cutive, les Fran\u00e7aises n&#039;ont pas r\u00e9ussi \u00e0 monter sur le podium.\" \/>\n<meta property=\"og:url\" content=\"https:\/\/dicodusport.fr\/blog\/squash-les-bleues-au-pied-du-podium-des-championnats-deurope-par-equipes\/\" \/>\n<meta property=\"og:site_name\" content=\"Dicodusport\" \/>\n<meta property=\"article:publisher\" content=\"https:\/\/www.facebook.com\/dicodusport\" \/>\n<meta property=\"article:author\" content=\"https:\/\/www.facebook.com\/sebastien.gente\/\" \/>\n<meta property=\"article:published_time\" content=\"2023-04-29T12:59:40+00:00\" \/>\n<meta property=\"article:modified_time\" content=\"2023-04-29T13:21:36+00:00\" \/>\n<meta property=\"og:image\" content=\"https:\/\/dicodusport.fr\/blog\/wp-content\/uploads\/2023\/04\/Squash-Pas-de-finale-pour-les-Bleues-aux-Championnats-dEurope-par-equipes.png\" \/>\n\t<meta property=\"og:image:width\" content=\"800\" \/>\n\t<meta property=\"og:image:height\" content=\"445\" \/>\n\t<meta property=\"og:image:type\" content=\"image\/png\" \/>\n<meta name=\"author\" content=\"S\u00e9bastien Gente\" \/>\n<meta name=\"twitter:card\" content=\"summary_large_image\" \/>\n<meta name=\"twitter:title\" content=\"Squash : Les Bleues au pied du podium des Championnats d&#039;Europe par \u00e9quipes\" \/>\n<meta name=\"twitter:creator\" content=\"@https:\/\/twitter.com\/globulo24\" \/>\n<meta name=\"twitter:site\" content=\"@dicodusport\" \/>\n<script type=\"application\/ld+json\" class=\"yoast-schema-graph\">{\"@context\":\"https:\/\/schema.org\",\"@graph\":[{\"@type\":\"NewsArticle\",\"@id\":\"https:\/\/dicodusport.fr\/blog\/squash-les-bleues-au-pied-du-podium-des-championnats-deurope-par-equipes\/#article\",\"isPartOf\":{\"@id\":\"https:\/\/dicodusport.fr\/blog\/squash-les-bleues-au-pied-du-podium-des-championnats-deurope-par-equipes\/\"},\"author\":{\"name\":\"S\u00e9bastien Gente\",\"@id\":\"https:\/\/dicodusport.fr\/blog\/#\/schema\/person\/627966a6cde45dbd8c5e36ac85d783da\"},\"headline\":\"Squash : Les Bleues au pied du podium des Championnats d&rsquo;Europe par \u00e9quipes\",\"datePublished\":\"2023-04-29T12:59:40+00:00\",\"dateModified\":\"2023-04-29T13:21:36+00:00\",\"mainEntityOfPage\":{\"@id\":\"https:\/\/dicodusport.fr\/blog\/squash-les-bleues-au-pied-du-podium-des-championnats-deurope-par-equipes\/\"},\"wordCount\":251,\"commentCount\":0,\"publisher\":{\"@id\":\"https:\/\/dicodusport.fr\/blog\/#organization\"},\"image\":{\"@id\":\"https:\/\/dicodusport.fr\/blog\/squash-les-bleues-au-pied-du-podium-des-championnats-deurope-par-equipes\/#primaryimage\"},\"thumbnailUrl\":\"https:\/\/dicodusport.fr\/blog\/wp-content\/uploads\/2023\/04\/Squash-Pas-de-finale-pour-les-Bleues-aux-Championnats-dEurope-par-equipes.png\",\"keywords\":[\"br\u00e8ve\",\"squash\",\"Squash fran\u00e7ais\"],\"articleSection\":[\"Squash\"],\"inLanguage\":\"fr-FR\",\"potentialAction\":[{\"@type\":\"CommentAction\",\"name\":\"Comment\",\"target\":[\"https:\/\/dicodusport.fr\/blog\/squash-les-bleues-au-pied-du-podium-des-championnats-deurope-par-equipes\/#respond\"]}],\"copyrightYear\":\"2023\",\"copyrightHolder\":{\"@id\":\"https:\/\/dicodusport.fr\/blog\/#organization\"}},{\"@type\":\"WebPage\",\"@id\":\"https:\/\/dicodusport.fr\/blog\/squash-les-bleues-au-pied-du-podium-des-championnats-deurope-par-equipes\/\",\"url\":\"https:\/\/dicodusport.fr\/blog\/squash-les-bleues-au-pied-du-podium-des-championnats-deurope-par-equipes\/\",\"name\":\"Squash : Les Bleues au pied du podium des Championnats d'Europe par \u00e9quipes\",\"isPartOf\":{\"@id\":\"https:\/\/dicodusport.fr\/blog\/#website\"},\"primaryImageOfPage\":{\"@id\":\"https:\/\/dicodusport.fr\/blog\/squash-les-bleues-au-pied-du-podium-des-championnats-deurope-par-equipes\/#primaryimage\"},\"image\":{\"@id\":\"https:\/\/dicodusport.fr\/blog\/squash-les-bleues-au-pied-du-podium-des-championnats-deurope-par-equipes\/#primaryimage\"},\"thumbnailUrl\":\"https:\/\/dicodusport.fr\/blog\/wp-content\/uploads\/2023\/04\/Squash-Pas-de-finale-pour-les-Bleues-aux-Championnats-dEurope-par-equipes.png\",\"datePublished\":\"2023-04-29T12:59:40+00:00\",\"dateModified\":\"2023-04-29T13:21:36+00:00\",\"description\":\"SQUASH FRAN\u00c7AIS - Pour la deuxi\u00e8me ann\u00e9e cons\u00e9cutive, les Fran\u00e7aises n'ont pas r\u00e9ussi \u00e0 monter sur le podium.\",\"breadcrumb\":{\"@id\":\"https:\/\/dicodusport.fr\/blog\/squash-les-bleues-au-pied-du-podium-des-championnats-deurope-par-equipes\/#breadcrumb\"},\"inLanguage\":\"fr-FR\",\"potentialAction\":[{\"@type\":\"ReadAction\",\"target\":[\"https:\/\/dicodusport.fr\/blog\/squash-les-bleues-au-pied-du-podium-des-championnats-deurope-par-equipes\/\"]}]},{\"@type\":\"ImageObject\",\"inLanguage\":\"fr-FR\",\"@id\":\"https:\/\/dicodusport.fr\/blog\/squash-les-bleues-au-pied-du-podium-des-championnats-deurope-par-equipes\/#primaryimage\",\"url\":\"https:\/\/dicodusport.fr\/blog\/wp-content\/uploads\/2023\/04\/Squash-Pas-de-finale-pour-les-Bleues-aux-Championnats-dEurope-par-equipes.png\",\"contentUrl\":\"https:\/\/dicodusport.fr\/blog\/wp-content\/uploads\/2023\/04\/Squash-Pas-de-finale-pour-les-Bleues-aux-Championnats-dEurope-par-equipes.png\",\"width\":800,\"height\":445,\"caption\":\"Squash Les Bleues au pied du podium des Championnats d'Europe par \u00e9quipes\"},{\"@type\":\"BreadcrumbList\",\"@id\":\"https:\/\/dicodusport.fr\/blog\/squash-les-bleues-au-pied-du-podium-des-championnats-deurope-par-equipes\/#breadcrumb\",\"itemListElement\":[{\"@type\":\"ListItem\",\"position\":1,\"name\":\"Accueil\",\"item\":\"https:\/\/dicodusport.fr\/blog\/\"},{\"@type\":\"ListItem\",\"position\":2,\"name\":\"Squash : Les Bleues au pied du podium des Championnats d&rsquo;Europe par \u00e9quipes\"}]},{\"@type\":\"WebSite\",\"@id\":\"https:\/\/dicodusport.fr\/blog\/#website\",\"url\":\"https:\/\/dicodusport.fr\/blog\/\",\"name\":\"Dicodusport\",\"description\":\"L&#039;encyclop\u00e9die de l&#039;actualit\u00e9 sportive\",\"publisher\":{\"@id\":\"https:\/\/dicodusport.fr\/blog\/#organization\"},\"potentialAction\":[{\"@type\":\"SearchAction\",\"target\":{\"@type\":\"EntryPoint\",\"urlTemplate\":\"https:\/\/dicodusport.fr\/blog\/?s={search_term_string}\"},\"query-input\":{\"@type\":\"PropertyValueSpecification\",\"valueRequired\":true,\"valueName\":\"search_term_string\"}}],\"inLanguage\":\"fr-FR\"},{\"@type\":\"NewsMediaOrganization\",\"@id\":\"https:\/\/dicodusport.fr\/blog\/#organization\",\"name\":\"Dicodusport\",\"url\":\"https:\/\/dicodusport.fr\/blog\/\",\"logo\":{\"@type\":\"ImageObject\",\"inLanguage\":\"fr-FR\",\"@id\":\"https:\/\/dicodusport.fr\/blog\/#\/schema\/logo\/image\/\",\"url\":\"https:\/\/dicodusport.fr\/blog\/wp-content\/uploads\/2020\/06\/cropped-LOGO-DICODUSPORT-2020-SANS-FOND-SANS-TEXTE.png\",\"contentUrl\":\"https:\/\/dicodusport.fr\/blog\/wp-content\/uploads\/2020\/06\/cropped-LOGO-DICODUSPORT-2020-SANS-FOND-SANS-TEXTE.png\",\"width\":512,\"height\":512,\"caption\":\"Dicodusport\"},\"image\":{\"@id\":\"https:\/\/dicodusport.fr\/blog\/#\/schema\/logo\/image\/\"},\"sameAs\":[\"https:\/\/www.facebook.com\/dicodusport\",\"https:\/\/x.com\/dicodusport\",\"https:\/\/www.instagram.com\/dicodusport\/\",\"https:\/\/www.youtube.com\/channel\/UC7V2KZ5sd3htJivAbA4ZG3w\"],\"description\":\"Dicodusport est l'encyclop\u00e9die de l'actualit\u00e9 sportive.\",\"email\":\"bonjour@dicodusport.fr\",\"legalName\":\"DICODUSPORT\",\"foundingDate\":\"2018-01-14\",\"vatID\":\"FR71834470973\",\"taxID\":\"83447097300043\",\"numberOfEmployees\":{\"@type\":\"QuantitativeValue\",\"minValue\":\"1\",\"maxValue\":\"10\"}},{\"@type\":\"Person\",\"@id\":\"https:\/\/dicodusport.fr\/blog\/#\/schema\/person\/627966a6cde45dbd8c5e36ac85d783da\",\"name\":\"S\u00e9bastien Gente\",\"image\":{\"@type\":\"ImageObject\",\"inLanguage\":\"fr-FR\",\"@id\":\"https:\/\/dicodusport.fr\/blog\/#\/schema\/person\/image\/\",\"url\":\"https:\/\/dicodusport.fr\/blog\/wp-content\/uploads\/2021\/09\/1510990_10205810251400683_4124423575079401707_n-150x150.jpg\",\"contentUrl\":\"https:\/\/dicodusport.fr\/blog\/wp-content\/uploads\/2021\/09\/1510990_10205810251400683_4124423575079401707_n-150x150.jpg\",\"caption\":\"S\u00e9bastien Gente\"},\"description\":\"John Stockton, Gianni Bugno, Zinedine Zidane, Steffi Graf, Frode Andresen, St\u00e9phane Stoecklin, Davis Kamoga, Primoz Peterka, Werner Schlager et Aur\u00e9lien Rougerie. Point commun entre ces sportifs? Ils m'ont fait r\u00eaver et ont berc\u00e9 mon adolescence. Je suis un fondu de sports et j'essaie de retranscrire ma passion \u00e0 travers mes articles. Originaire du P\u00e9rigord, ma passion pour les Girondins, les Jaunards et les Jazzmen transpire dans mes \u00e9crits. \u00c0 Dicodusport depuis 2021, je d\u00e9niche les sports m\u00e9connus dans lesquels la France brille, et il y en a !\",\"sameAs\":[\"https:\/\/www.facebook.com\/sebastien.gente\/\",\"https:\/\/www.instagram.com\/sebgente\/\",\"https:\/\/www.linkedin.com\/in\/sbastien-gente-a29583169\/\",\"https:\/\/x.com\/https:\/\/twitter.com\/globulo24\",\"SebastienGente\"],\"worksFor\":\"S\u00e9bastien GENTE\",\"url\":\"https:\/\/dicodusport.fr\/blog\/author\/sebastiengente\/\"}]}<\/script>\n<!-- \/ Yoast SEO Premium plugin. -->","yoast_head_json":{"title":"Squash : Les Bleues au pied du podium des Championnats d'Europe par \u00e9quipes","description":"SQUASH FRAN\u00c7AIS - Pour la deuxi\u00e8me ann\u00e9e cons\u00e9cutive, les Fran\u00e7aises n'ont pas r\u00e9ussi \u00e0 monter sur le podium.","robots":{"index":"index","follow":"follow","max-snippet":"max-snippet:-1","max-image-preview":"max-image-preview:large","max-video-preview":"max-video-preview:-1"},"canonical":"https:\/\/dicodusport.fr\/blog\/squash-les-bleues-au-pied-du-podium-des-championnats-deurope-par-equipes\/","og_locale":"fr_FR","og_type":"article","og_title":"Squash : Les Bleues au pied du podium des Championnats d'Europe par \u00e9quipes","og_description":"SQUASH FRAN\u00c7AIS - Pour la deuxi\u00e8me ann\u00e9e cons\u00e9cutive, les Fran\u00e7aises n'ont pas r\u00e9ussi \u00e0 monter sur le podium.","og_url":"https:\/\/dicodusport.fr\/blog\/squash-les-bleues-au-pied-du-podium-des-championnats-deurope-par-equipes\/","og_site_name":"Dicodusport","article_publisher":"https:\/\/www.facebook.com\/dicodusport","article_author":"https:\/\/www.facebook.com\/sebastien.gente\/","article_published_time":"2023-04-29T12:59:40+00:00","article_modified_time":"2023-04-29T13:21:36+00:00","og_image":[{"width":800,"height":445,"url":"https:\/\/dicodusport.fr\/blog\/wp-content\/uploads\/2023\/04\/Squash-Pas-de-finale-pour-les-Bleues-aux-Championnats-dEurope-par-equipes.png","type":"image\/png"}],"author":"S\u00e9bastien Gente","twitter_card":"summary_large_image","twitter_title":"Squash : Les Bleues au pied du podium des Championnats d'Europe par \u00e9quipes","twitter_creator":"@https:\/\/twitter.com\/globulo24","twitter_site":"@dicodusport","schema":{"@context":"https:\/\/schema.org","@graph":[{"@type":"NewsArticle","@id":"https:\/\/dicodusport.fr\/blog\/squash-les-bleues-au-pied-du-podium-des-championnats-deurope-par-equipes\/#article","isPartOf":{"@id":"https:\/\/dicodusport.fr\/blog\/squash-les-bleues-au-pied-du-podium-des-championnats-deurope-par-equipes\/"},"author":{"name":"S\u00e9bastien Gente","@id":"https:\/\/dicodusport.fr\/blog\/#\/schema\/person\/627966a6cde45dbd8c5e36ac85d783da"},"headline":"Squash : Les Bleues au pied du podium des Championnats d&rsquo;Europe par \u00e9quipes","datePublished":"2023-04-29T12:59:40+00:00","dateModified":"2023-04-29T13:21:36+00:00","mainEntityOfPage":{"@id":"https:\/\/dicodusport.fr\/blog\/squash-les-bleues-au-pied-du-podium-des-championnats-deurope-par-equipes\/"},"wordCount":251,"commentCount":0,"publisher":{"@id":"https:\/\/dicodusport.fr\/blog\/#organization"},"image":{"@id":"https:\/\/dicodusport.fr\/blog\/squash-les-bleues-au-pied-du-podium-des-championnats-deurope-par-equipes\/#primaryimage"},"thumbnailUrl":"https:\/\/dicodusport.fr\/blog\/wp-content\/uploads\/2023\/04\/Squash-Pas-de-finale-pour-les-Bleues-aux-Championnats-dEurope-par-equipes.png","keywords":["br\u00e8ve","squash","Squash fran\u00e7ais"],"articleSection":["Squash"],"inLanguage":"fr-FR","potentialAction":[{"@type":"CommentAction","name":"Comment","target":["https:\/\/dicodusport.fr\/blog\/squash-les-bleues-au-pied-du-podium-des-championnats-deurope-par-equipes\/#respond"]}],"copyrightYear":"2023","copyrightHolder":{"@id":"https:\/\/dicodusport.fr\/blog\/#organization"}},{"@type":"WebPage","@id":"https:\/\/dicodusport.fr\/blog\/squash-les-bleues-au-pied-du-podium-des-championnats-deurope-par-equipes\/","url":"https:\/\/dicodusport.fr\/blog\/squash-les-bleues-au-pied-du-podium-des-championnats-deurope-par-equipes\/","name":"Squash : Les Bleues au pied du podium des Championnats d'Europe par \u00e9quipes","isPartOf":{"@id":"https:\/\/dicodusport.fr\/blog\/#website"},"primaryImageOfPage":{"@id":"https:\/\/dicodusport.fr\/blog\/squash-les-bleues-au-pied-du-podium-des-championnats-deurope-par-equipes\/#primaryimage"},"image":{"@id":"https:\/\/dicodusport.fr\/blog\/squash-les-bleues-au-pied-du-podium-des-championnats-deurope-par-equipes\/#primaryimage"},"thumbnailUrl":"https:\/\/dicodusport.fr\/blog\/wp-content\/uploads\/2023\/04\/Squash-Pas-de-finale-pour-les-Bleues-aux-Championnats-dEurope-par-equipes.png","datePublished":"2023-04-29T12:59:40+00:00","dateModified":"2023-04-29T13:21:36+00:00","description":"SQUASH FRAN\u00c7AIS - Pour la deuxi\u00e8me ann\u00e9e cons\u00e9cutive, les Fran\u00e7aises n'ont pas r\u00e9ussi \u00e0 monter sur le podium.","breadcrumb":{"@id":"https:\/\/dicodusport.fr\/blog\/squash-les-bleues-au-pied-du-podium-des-championnats-deurope-par-equipes\/#breadcrumb"},"inLanguage":"fr-FR","potentialAction":[{"@type":"ReadAction","target":["https:\/\/dicodusport.fr\/blog\/squash-les-bleues-au-pied-du-podium-des-championnats-deurope-par-equipes\/"]}]},{"@type":"ImageObject","inLanguage":"fr-FR","@id":"https:\/\/dicodusport.fr\/blog\/squash-les-bleues-au-pied-du-podium-des-championnats-deurope-par-equipes\/#primaryimage","url":"https:\/\/dicodusport.fr\/blog\/wp-content\/uploads\/2023\/04\/Squash-Pas-de-finale-pour-les-Bleues-aux-Championnats-dEurope-par-equipes.png","contentUrl":"https:\/\/dicodusport.fr\/blog\/wp-content\/uploads\/2023\/04\/Squash-Pas-de-finale-pour-les-Bleues-aux-Championnats-dEurope-par-equipes.png","width":800,"height":445,"caption":"Squash Les Bleues au pied du podium des Championnats d'Europe par \u00e9quipes"},{"@type":"BreadcrumbList","@id":"https:\/\/dicodusport.fr\/blog\/squash-les-bleues-au-pied-du-podium-des-championnats-deurope-par-equipes\/#breadcrumb","itemListElement":[{"@type":"ListItem","position":1,"name":"Accueil","item":"https:\/\/dicodusport.fr\/blog\/"},{"@type":"ListItem","position":2,"name":"Squash : Les Bleues au pied du podium des Championnats d&rsquo;Europe par \u00e9quipes"}]},{"@type":"WebSite","@id":"https:\/\/dicodusport.fr\/blog\/#website","url":"https:\/\/dicodusport.fr\/blog\/","name":"Dicodusport","description":"L&#039;encyclop\u00e9die de l&#039;actualit\u00e9 sportive","publisher":{"@id":"https:\/\/dicodusport.fr\/blog\/#organization"},"potentialAction":[{"@type":"SearchAction","target":{"@type":"EntryPoint","urlTemplate":"https:\/\/dicodusport.fr\/blog\/?s={search_term_string}"},"query-input":{"@type":"PropertyValueSpecification","valueRequired":true,"valueName":"search_term_string"}}],"inLanguage":"fr-FR"},{"@type":"NewsMediaOrganization","@id":"https:\/\/dicodusport.fr\/blog\/#organization","name":"Dicodusport","url":"https:\/\/dicodusport.fr\/blog\/","logo":{"@type":"ImageObject","inLanguage":"fr-FR","@id":"https:\/\/dicodusport.fr\/blog\/#\/schema\/logo\/image\/","url":"https:\/\/dicodusport.fr\/blog\/wp-content\/uploads\/2020\/06\/cropped-LOGO-DICODUSPORT-2020-SANS-FOND-SANS-TEXTE.png","contentUrl":"https:\/\/dicodusport.fr\/blog\/wp-content\/uploads\/2020\/06\/cropped-LOGO-DICODUSPORT-2020-SANS-FOND-SANS-TEXTE.png","width":512,"height":512,"caption":"Dicodusport"},"image":{"@id":"https:\/\/dicodusport.fr\/blog\/#\/schema\/logo\/image\/"},"sameAs":["https:\/\/www.facebook.com\/dicodusport","https:\/\/x.com\/dicodusport","https:\/\/www.instagram.com\/dicodusport\/","https:\/\/www.youtube.com\/channel\/UC7V2KZ5sd3htJivAbA4ZG3w"],"description":"Dicodusport est l'encyclop\u00e9die de l'actualit\u00e9 sportive.","email":"bonjour@dicodusport.fr","legalName":"DICODUSPORT","foundingDate":"2018-01-14","vatID":"FR71834470973","taxID":"83447097300043","numberOfEmployees":{"@type":"QuantitativeValue","minValue":"1","maxValue":"10"}},{"@type":"Person","@id":"https:\/\/dicodusport.fr\/blog\/#\/schema\/person\/627966a6cde45dbd8c5e36ac85d783da","name":"S\u00e9bastien Gente","image":{"@type":"ImageObject","inLanguage":"fr-FR","@id":"https:\/\/dicodusport.fr\/blog\/#\/schema\/person\/image\/","url":"https:\/\/dicodusport.fr\/blog\/wp-content\/uploads\/2021\/09\/1510990_10205810251400683_4124423575079401707_n-150x150.jpg","contentUrl":"https:\/\/dicodusport.fr\/blog\/wp-content\/uploads\/2021\/09\/1510990_10205810251400683_4124423575079401707_n-150x150.jpg","caption":"S\u00e9bastien Gente"},"description":"John Stockton, Gianni Bugno, Zinedine Zidane, Steffi Graf, Frode Andresen, St\u00e9phane Stoecklin, Davis Kamoga, Primoz Peterka, Werner Schlager et Aur\u00e9lien Rougerie. Point commun entre ces sportifs? Ils m'ont fait r\u00eaver et ont berc\u00e9 mon adolescence. Je suis un fondu de sports et j'essaie de retranscrire ma passion \u00e0 travers mes articles. Originaire du P\u00e9rigord, ma passion pour les Girondins, les Jaunards et les Jazzmen transpire dans mes \u00e9crits. \u00c0 Dicodusport depuis 2021, je d\u00e9niche les sports m\u00e9connus dans lesquels la France brille, et il y en a !","sameAs":["https:\/\/www.facebook.com\/sebastien.gente\/","https:\/\/www.instagram.com\/sebgente\/","https:\/\/www.linkedin.com\/in\/sbastien-gente-a29583169\/","https:\/\/x.com\/https:\/\/twitter.com\/globulo24","SebastienGente"],"worksFor":"S\u00e9bastien GENTE","url":"https:\/\/dicodusport.fr\/blog\/author\/sebastiengente\/"}]}},"_links":{"self":[{"href":"https:\/\/dicodusport.fr\/blog\/wp-json\/wp\/v2\/posts\/377860","targetHints":{"allow":["GET"]}}],"collection":[{"href":"https:\/\/dicodusport.fr\/blog\/wp-json\/wp\/v2\/posts"}],"about":[{"href":"https:\/\/dicodusport.fr\/blog\/wp-json\/wp\/v2\/types\/post"}],"author":[{"embeddable":true,"href":"https:\/\/dicodusport.fr\/blog\/wp-json\/wp\/v2\/users\/59"}],"replies":[{"embeddable":true,"href":"https:\/\/dicodusport.fr\/blog\/wp-json\/wp\/v2\/comments?post=377860"}],"version-history":[{"count":0,"href":"https:\/\/dicodusport.fr\/blog\/wp-json\/wp\/v2\/posts\/377860\/revisions"}],"wp:featuredmedia":[{"embeddable":true,"href":"https:\/\/dicodusport.fr\/blog\/wp-json\/wp\/v2\/media\/377688"}],"wp:attachment":[{"href":"https:\/\/dicodusport.fr\/blog\/wp-json\/wp\/v2\/media?parent=377860"}],"wp:term":[{"taxonomy":"category","embeddable":true,"href":"https:\/\/dicodusport.fr\/blog\/wp-json\/wp\/v2\/categories?post=377860"},{"taxonomy":"post_tag","embeddable":true,"href":"https:\/\/dicodusport.fr\/blog\/wp-json\/wp\/v2\/tags?post=377860"}],"curies":[{"name":"wp","href":"https:\/\/api.w.org\/{rel}","templated":true}]}}