{"id":377873,"date":"2023-04-29T15:19:58","date_gmt":"2023-04-29T13:19:58","guid":{"rendered":"https:\/\/dicodusport.fr\/blog\/?p=377873&#038;preview=true&#038;preview_id=377873"},"modified":"2023-04-29T15:19:58","modified_gmt":"2023-04-29T13:19:58","slug":"duathlon-benjamin-choquert-et-krilan-le-bihan-sur-le-podium-des-championnats-du-monde","status":"publish","type":"post","link":"https:\/\/dicodusport.fr\/blog\/duathlon-benjamin-choquert-et-krilan-le-bihan-sur-le-podium-des-championnats-du-monde\/","title":{"rendered":"Duathlon : Benjamin Choquert et Krilan Le Bihan sur le podium des Championnats du monde"},"content":{"rendered":"<p style=\"text-align: justify;\"><b><i>DUATHLON &#8211; Ce samedi, l&rsquo;\u00c9quipe de France a d\u00e9croch\u00e9 deux m\u00e9dailles dans le cadre des Championnats du monde \u00e0 Ibiza (Espagne). Derri\u00e8re l&rsquo;Espagnol Mario Mola, Benjamin Choquert et Krilan Le Bihan se sont hiss\u00e9s sur le podium de la course masculine.<\/i><\/b><\/p>\n<p style=\"text-align: justify;\">La France a connu un r\u00e8gne sans partage depuis 2019 sur l&rsquo;\u00e9preuve des <strong>Championnats du monde de triathlon<\/strong> <strong>masculins<\/strong>. Mais cette fois, ils ne sont pas tomb\u00e9s dans l&rsquo;escarcelle fran\u00e7aise. La faute \u00e0 l&rsquo;Espagnol <strong>Mario Mola<\/strong>, auteur d&rsquo;un finish exceptionnel sur ses terres, \u00e0 <strong>Ibiza<\/strong> (Espagne).<\/p>\n<p style=\"text-align: justify;\">Face \u00e0 l&rsquo;armada tricolore, le dernier 3e des Championnats d&rsquo;Europe s&rsquo;est montr\u00e9 extr\u00eamement solide pour faire la diff\u00e9rence dans les derniers 2,5 kilom\u00e8tres \u00e0 pied. Gr\u00e2ce \u00e0 deux acc\u00e9l\u00e9rations, il a r\u00e9ussi \u00e0 d\u00e9tacher les deux derniers hommes \u00e0 s&rsquo;\u00eatre accroch\u00e9s \u00e0 son sillage : <strong>Benjamin Choquert<\/strong> et <strong>Krilan Le Bihan<\/strong>. Battus, les deux Tricolores sont tout de m\u00eame parvenus \u00e0 obtenir respectivement l&rsquo;argent et le bronze. Un peu plus loin, <strong>Valentin Andr\u00e9<\/strong> prend lui la 6e place.<\/p>\n<p style=\"text-align: justify;\">C\u00f4t\u00e9 f\u00e9minin en revanche, les deux athl\u00e8tes fran\u00e7aises n&rsquo;ont pas r\u00e9ellement pu rivaliser en t\u00eate d&rsquo;une course remport\u00e9e par la Britannique Emma Pallant. <strong>Marion le Goff<\/strong> doit se contenter de la 7e place tandis que <strong>Marion Legrand<\/strong> (9e) l&rsquo;accompagne dans le Top 10.<\/p>\n<p>\u00a0<iframe loading=\"lazy\" style=\"border: none; overflow: hidden;\" src=\"https:\/\/www.facebook.com\/plugins\/post.php?href=https%3A%2F%2Fwww.facebook.com%2Flachainedutriathlon%2Fposts%2Fpfbid02qF71zieiLp1hufH37agm8j1qBbi5jqPbBTEviyQM8NknfiQSXS8XxsXWjhzg6kWvl&amp;show_text=true&amp;width=500\" width=\"500\" height=\"753\" frameborder=\"0\" scrolling=\"no\" allowfullscreen=\"allowfullscreen\"><\/iframe><\/p>\n","protected":false},"excerpt":{"rendered":"<p>DUATHLON &#8211; Benjamin Choquert (2e) et Krilan Le Bihan (3e) ont pris deux m\u00e9dailles aux Championnats du monde d&rsquo;Ibiza.<\/p>\n","protected":false},"author":55,"featured_media":377874,"comment_status":"open","ping_status":"closed","sticky":false,"template":"","format":"standard","meta":{"_acf_changed":false,"_daextam_enable_autolinks":"","footnotes":""},"categories":[26722],"tags":[16878,20281],"class_list":["post-377873","post","type-post","status-publish","format-standard","has-post-thumbnail","hentry","category-duathlon","tag-breve","tag-duathlon"],"acf":[],"yoast_head":"<!-- This site is optimized with the Yoast SEO Premium plugin v26.7 (Yoast SEO v26.7) - https:\/\/yoast.com\/wordpress\/plugins\/seo\/ -->\n<title>Duathlon : Benjamin Choquert et Krilan Le Bihan sur le podium des Championnats du monde<\/title>\n<meta name=\"description\" content=\"DUATHLON - Benjamin Choquert (2e) et Krilan Le Bihan (3e) ont pris deux m\u00e9dailles aux Championnats du monde d&#039;Ibiza.\" \/>\n<meta name=\"robots\" content=\"index, follow, max-snippet:-1, max-image-preview:large, max-video-preview:-1\" \/>\n<link rel=\"canonical\" href=\"https:\/\/dicodusport.fr\/blog\/duathlon-benjamin-choquert-et-krilan-le-bihan-sur-le-podium-des-championnats-du-monde\/\" \/>\n<meta property=\"og:locale\" content=\"fr_FR\" \/>\n<meta property=\"og:type\" content=\"article\" \/>\n<meta property=\"og:title\" content=\"Duathlon : Benjamin Choquert et Krilan Le Bihan sur le podium des Championnats du monde\" \/>\n<meta property=\"og:description\" content=\"DUATHLON - Benjamin Choquert (2e) et Krilan Le Bihan (3e) ont pris deux m\u00e9dailles aux Championnats du monde d&#039;Ibiza.\" \/>\n<meta property=\"og:url\" content=\"https:\/\/dicodusport.fr\/blog\/duathlon-benjamin-choquert-et-krilan-le-bihan-sur-le-podium-des-championnats-du-monde\/\" \/>\n<meta property=\"og:site_name\" content=\"Dicodusport\" \/>\n<meta property=\"article:publisher\" content=\"https:\/\/www.facebook.com\/dicodusport\" \/>\n<meta property=\"article:published_time\" content=\"2023-04-29T13:19:58+00:00\" \/>\n<meta property=\"og:image\" content=\"https:\/\/dicodusport.fr\/blog\/wp-content\/uploads\/2023\/04\/Duathlon-Benjamin-Choquert-et-Krilan-Le-Bihan-sur-le-podium-des-Championnats-du-Monde.png\" \/>\n\t<meta property=\"og:image:width\" content=\"800\" \/>\n\t<meta property=\"og:image:height\" content=\"445\" \/>\n\t<meta property=\"og:image:type\" content=\"image\/png\" \/>\n<meta name=\"author\" content=\"Maxime Cazenave\" \/>\n<meta name=\"twitter:card\" content=\"summary_large_image\" \/>\n<meta name=\"twitter:title\" content=\"Duathlon : Benjamin Choquert et Krilan Le Bihan sur le podium des Championnats du monde\" \/>\n<meta name=\"twitter:creator\" content=\"@https:\/\/twitter.com\/Maxime_Caze\" \/>\n<meta name=\"twitter:site\" content=\"@dicodusport\" \/>\n<script type=\"application\/ld+json\" class=\"yoast-schema-graph\">{\"@context\":\"https:\/\/schema.org\",\"@graph\":[{\"@type\":\"NewsArticle\",\"@id\":\"https:\/\/dicodusport.fr\/blog\/duathlon-benjamin-choquert-et-krilan-le-bihan-sur-le-podium-des-championnats-du-monde\/#article\",\"isPartOf\":{\"@id\":\"https:\/\/dicodusport.fr\/blog\/duathlon-benjamin-choquert-et-krilan-le-bihan-sur-le-podium-des-championnats-du-monde\/\"},\"author\":{\"name\":\"Maxime Cazenave\",\"@id\":\"https:\/\/dicodusport.fr\/blog\/#\/schema\/person\/37def232098a7a5cbab3974a3690abb0\"},\"headline\":\"Duathlon : Benjamin Choquert et Krilan Le Bihan sur le podium des Championnats du monde\",\"datePublished\":\"2023-04-29T13:19:58+00:00\",\"mainEntityOfPage\":{\"@id\":\"https:\/\/dicodusport.fr\/blog\/duathlon-benjamin-choquert-et-krilan-le-bihan-sur-le-podium-des-championnats-du-monde\/\"},\"wordCount\":246,\"commentCount\":0,\"publisher\":{\"@id\":\"https:\/\/dicodusport.fr\/blog\/#organization\"},\"image\":{\"@id\":\"https:\/\/dicodusport.fr\/blog\/duathlon-benjamin-choquert-et-krilan-le-bihan-sur-le-podium-des-championnats-du-monde\/#primaryimage\"},\"thumbnailUrl\":\"https:\/\/dicodusport.fr\/blog\/wp-content\/uploads\/2023\/04\/Duathlon-Benjamin-Choquert-et-Krilan-Le-Bihan-sur-le-podium-des-Championnats-du-Monde.png\",\"keywords\":[\"br\u00e8ve\",\"Duathlon\"],\"articleSection\":[\"Duathlon\"],\"inLanguage\":\"fr-FR\",\"potentialAction\":[{\"@type\":\"CommentAction\",\"name\":\"Comment\",\"target\":[\"https:\/\/dicodusport.fr\/blog\/duathlon-benjamin-choquert-et-krilan-le-bihan-sur-le-podium-des-championnats-du-monde\/#respond\"]}],\"copyrightYear\":\"2023\",\"copyrightHolder\":{\"@id\":\"https:\/\/dicodusport.fr\/blog\/#organization\"}},{\"@type\":\"WebPage\",\"@id\":\"https:\/\/dicodusport.fr\/blog\/duathlon-benjamin-choquert-et-krilan-le-bihan-sur-le-podium-des-championnats-du-monde\/\",\"url\":\"https:\/\/dicodusport.fr\/blog\/duathlon-benjamin-choquert-et-krilan-le-bihan-sur-le-podium-des-championnats-du-monde\/\",\"name\":\"Duathlon : Benjamin Choquert et Krilan Le Bihan sur le podium des Championnats du monde\",\"isPartOf\":{\"@id\":\"https:\/\/dicodusport.fr\/blog\/#website\"},\"primaryImageOfPage\":{\"@id\":\"https:\/\/dicodusport.fr\/blog\/duathlon-benjamin-choquert-et-krilan-le-bihan-sur-le-podium-des-championnats-du-monde\/#primaryimage\"},\"image\":{\"@id\":\"https:\/\/dicodusport.fr\/blog\/duathlon-benjamin-choquert-et-krilan-le-bihan-sur-le-podium-des-championnats-du-monde\/#primaryimage\"},\"thumbnailUrl\":\"https:\/\/dicodusport.fr\/blog\/wp-content\/uploads\/2023\/04\/Duathlon-Benjamin-Choquert-et-Krilan-Le-Bihan-sur-le-podium-des-Championnats-du-Monde.png\",\"datePublished\":\"2023-04-29T13:19:58+00:00\",\"description\":\"DUATHLON - Benjamin Choquert (2e) et Krilan Le Bihan (3e) ont pris deux m\u00e9dailles aux Championnats du monde d'Ibiza.\",\"breadcrumb\":{\"@id\":\"https:\/\/dicodusport.fr\/blog\/duathlon-benjamin-choquert-et-krilan-le-bihan-sur-le-podium-des-championnats-du-monde\/#breadcrumb\"},\"inLanguage\":\"fr-FR\",\"potentialAction\":[{\"@type\":\"ReadAction\",\"target\":[\"https:\/\/dicodusport.fr\/blog\/duathlon-benjamin-choquert-et-krilan-le-bihan-sur-le-podium-des-championnats-du-monde\/\"]}]},{\"@type\":\"ImageObject\",\"inLanguage\":\"fr-FR\",\"@id\":\"https:\/\/dicodusport.fr\/blog\/duathlon-benjamin-choquert-et-krilan-le-bihan-sur-le-podium-des-championnats-du-monde\/#primaryimage\",\"url\":\"https:\/\/dicodusport.fr\/blog\/wp-content\/uploads\/2023\/04\/Duathlon-Benjamin-Choquert-et-Krilan-Le-Bihan-sur-le-podium-des-Championnats-du-Monde.png\",\"contentUrl\":\"https:\/\/dicodusport.fr\/blog\/wp-content\/uploads\/2023\/04\/Duathlon-Benjamin-Choquert-et-Krilan-Le-Bihan-sur-le-podium-des-Championnats-du-Monde.png\",\"width\":800,\"height\":445,\"caption\":\"Duathlon Benjamin Choquert et Krilan Le Bihan sur le podium des Championnats du Monde\"},{\"@type\":\"BreadcrumbList\",\"@id\":\"https:\/\/dicodusport.fr\/blog\/duathlon-benjamin-choquert-et-krilan-le-bihan-sur-le-podium-des-championnats-du-monde\/#breadcrumb\",\"itemListElement\":[{\"@type\":\"ListItem\",\"position\":1,\"name\":\"Accueil\",\"item\":\"https:\/\/dicodusport.fr\/blog\/\"},{\"@type\":\"ListItem\",\"position\":2,\"name\":\"Duathlon : Benjamin Choquert et Krilan Le Bihan sur le podium des Championnats du monde\"}]},{\"@type\":\"WebSite\",\"@id\":\"https:\/\/dicodusport.fr\/blog\/#website\",\"url\":\"https:\/\/dicodusport.fr\/blog\/\",\"name\":\"Dicodusport\",\"description\":\"L&#039;encyclop\u00e9die de l&#039;actualit\u00e9 sportive\",\"publisher\":{\"@id\":\"https:\/\/dicodusport.fr\/blog\/#organization\"},\"potentialAction\":[{\"@type\":\"SearchAction\",\"target\":{\"@type\":\"EntryPoint\",\"urlTemplate\":\"https:\/\/dicodusport.fr\/blog\/?s={search_term_string}\"},\"query-input\":{\"@type\":\"PropertyValueSpecification\",\"valueRequired\":true,\"valueName\":\"search_term_string\"}}],\"inLanguage\":\"fr-FR\"},{\"@type\":\"NewsMediaOrganization\",\"@id\":\"https:\/\/dicodusport.fr\/blog\/#organization\",\"name\":\"Dicodusport\",\"url\":\"https:\/\/dicodusport.fr\/blog\/\",\"logo\":{\"@type\":\"ImageObject\",\"inLanguage\":\"fr-FR\",\"@id\":\"https:\/\/dicodusport.fr\/blog\/#\/schema\/logo\/image\/\",\"url\":\"https:\/\/dicodusport.fr\/blog\/wp-content\/uploads\/2020\/06\/cropped-LOGO-DICODUSPORT-2020-SANS-FOND-SANS-TEXTE.png\",\"contentUrl\":\"https:\/\/dicodusport.fr\/blog\/wp-content\/uploads\/2020\/06\/cropped-LOGO-DICODUSPORT-2020-SANS-FOND-SANS-TEXTE.png\",\"width\":512,\"height\":512,\"caption\":\"Dicodusport\"},\"image\":{\"@id\":\"https:\/\/dicodusport.fr\/blog\/#\/schema\/logo\/image\/\"},\"sameAs\":[\"https:\/\/www.facebook.com\/dicodusport\",\"https:\/\/x.com\/dicodusport\",\"https:\/\/www.instagram.com\/dicodusport\/\",\"https:\/\/www.youtube.com\/channel\/UC7V2KZ5sd3htJivAbA4ZG3w\"],\"description\":\"Dicodusport est l'encyclop\u00e9die de l'actualit\u00e9 sportive.\",\"email\":\"bonjour@dicodusport.fr\",\"legalName\":\"DICODUSPORT\",\"foundingDate\":\"2018-01-14\",\"vatID\":\"FR71834470973\",\"taxID\":\"83447097300043\",\"numberOfEmployees\":{\"@type\":\"QuantitativeValue\",\"minValue\":\"1\",\"maxValue\":\"10\"}},{\"@type\":\"Person\",\"@id\":\"https:\/\/dicodusport.fr\/blog\/#\/schema\/person\/37def232098a7a5cbab3974a3690abb0\",\"name\":\"Maxime Cazenave\",\"image\":{\"@type\":\"ImageObject\",\"inLanguage\":\"fr-FR\",\"@id\":\"https:\/\/dicodusport.fr\/blog\/#\/schema\/person\/image\/\",\"url\":\"https:\/\/dicodusport.fr\/blog\/wp-content\/uploads\/2021\/05\/Maxime-Cazenave-150x150.jpg\",\"contentUrl\":\"https:\/\/dicodusport.fr\/blog\/wp-content\/uploads\/2021\/05\/Maxime-Cazenave-150x150.jpg\",\"caption\":\"Maxime Cazenave\"},\"description\":\"Journaliste\/R\u00e9dacteur depuis 2012 - Berc\u00e9 par l\u2019amour des Girondins de Bordeaux, les \u00e9checs de Christophe Moreau sur le Tour de France sous l'\u00e8re Lance Armstrong et le fade-away l\u00e9tal de Dirk Nowitzki, ma passion d\u00e9vorante pour le sport a toujours \u00e9t\u00e9 un pan incontournable de ma vie. Transmettre ma passion \u00e0 l\u2019\u00e9crit a \u00e9t\u00e9 une transition naturelle. Suiveur assidu de basket et de hockey sur glace, je garde toujours un peu de place pour suivre le cyclisme, le football et le maximum de performances fran\u00e7aises.\",\"sameAs\":[\"https:\/\/x.com\/https:\/\/twitter.com\/Maxime_Caze\"],\"url\":\"https:\/\/dicodusport.fr\/blog\/author\/maximec\/\"}]}<\/script>\n<!-- \/ Yoast SEO Premium plugin. -->","yoast_head_json":{"title":"Duathlon : Benjamin Choquert et Krilan Le Bihan sur le podium des Championnats du monde","description":"DUATHLON - Benjamin Choquert (2e) et Krilan Le Bihan (3e) ont pris deux m\u00e9dailles aux Championnats du monde d'Ibiza.","robots":{"index":"index","follow":"follow","max-snippet":"max-snippet:-1","max-image-preview":"max-image-preview:large","max-video-preview":"max-video-preview:-1"},"canonical":"https:\/\/dicodusport.fr\/blog\/duathlon-benjamin-choquert-et-krilan-le-bihan-sur-le-podium-des-championnats-du-monde\/","og_locale":"fr_FR","og_type":"article","og_title":"Duathlon : Benjamin Choquert et Krilan Le Bihan sur le podium des Championnats du monde","og_description":"DUATHLON - Benjamin Choquert (2e) et Krilan Le Bihan (3e) ont pris deux m\u00e9dailles aux Championnats du monde d'Ibiza.","og_url":"https:\/\/dicodusport.fr\/blog\/duathlon-benjamin-choquert-et-krilan-le-bihan-sur-le-podium-des-championnats-du-monde\/","og_site_name":"Dicodusport","article_publisher":"https:\/\/www.facebook.com\/dicodusport","article_published_time":"2023-04-29T13:19:58+00:00","og_image":[{"width":800,"height":445,"url":"https:\/\/dicodusport.fr\/blog\/wp-content\/uploads\/2023\/04\/Duathlon-Benjamin-Choquert-et-Krilan-Le-Bihan-sur-le-podium-des-Championnats-du-Monde.png","type":"image\/png"}],"author":"Maxime Cazenave","twitter_card":"summary_large_image","twitter_title":"Duathlon : Benjamin Choquert et Krilan Le Bihan sur le podium des Championnats du monde","twitter_creator":"@https:\/\/twitter.com\/Maxime_Caze","twitter_site":"@dicodusport","schema":{"@context":"https:\/\/schema.org","@graph":[{"@type":"NewsArticle","@id":"https:\/\/dicodusport.fr\/blog\/duathlon-benjamin-choquert-et-krilan-le-bihan-sur-le-podium-des-championnats-du-monde\/#article","isPartOf":{"@id":"https:\/\/dicodusport.fr\/blog\/duathlon-benjamin-choquert-et-krilan-le-bihan-sur-le-podium-des-championnats-du-monde\/"},"author":{"name":"Maxime Cazenave","@id":"https:\/\/dicodusport.fr\/blog\/#\/schema\/person\/37def232098a7a5cbab3974a3690abb0"},"headline":"Duathlon : Benjamin Choquert et Krilan Le Bihan sur le podium des Championnats du monde","datePublished":"2023-04-29T13:19:58+00:00","mainEntityOfPage":{"@id":"https:\/\/dicodusport.fr\/blog\/duathlon-benjamin-choquert-et-krilan-le-bihan-sur-le-podium-des-championnats-du-monde\/"},"wordCount":246,"commentCount":0,"publisher":{"@id":"https:\/\/dicodusport.fr\/blog\/#organization"},"image":{"@id":"https:\/\/dicodusport.fr\/blog\/duathlon-benjamin-choquert-et-krilan-le-bihan-sur-le-podium-des-championnats-du-monde\/#primaryimage"},"thumbnailUrl":"https:\/\/dicodusport.fr\/blog\/wp-content\/uploads\/2023\/04\/Duathlon-Benjamin-Choquert-et-Krilan-Le-Bihan-sur-le-podium-des-Championnats-du-Monde.png","keywords":["br\u00e8ve","Duathlon"],"articleSection":["Duathlon"],"inLanguage":"fr-FR","potentialAction":[{"@type":"CommentAction","name":"Comment","target":["https:\/\/dicodusport.fr\/blog\/duathlon-benjamin-choquert-et-krilan-le-bihan-sur-le-podium-des-championnats-du-monde\/#respond"]}],"copyrightYear":"2023","copyrightHolder":{"@id":"https:\/\/dicodusport.fr\/blog\/#organization"}},{"@type":"WebPage","@id":"https:\/\/dicodusport.fr\/blog\/duathlon-benjamin-choquert-et-krilan-le-bihan-sur-le-podium-des-championnats-du-monde\/","url":"https:\/\/dicodusport.fr\/blog\/duathlon-benjamin-choquert-et-krilan-le-bihan-sur-le-podium-des-championnats-du-monde\/","name":"Duathlon : Benjamin Choquert et Krilan Le Bihan sur le podium des Championnats du monde","isPartOf":{"@id":"https:\/\/dicodusport.fr\/blog\/#website"},"primaryImageOfPage":{"@id":"https:\/\/dicodusport.fr\/blog\/duathlon-benjamin-choquert-et-krilan-le-bihan-sur-le-podium-des-championnats-du-monde\/#primaryimage"},"image":{"@id":"https:\/\/dicodusport.fr\/blog\/duathlon-benjamin-choquert-et-krilan-le-bihan-sur-le-podium-des-championnats-du-monde\/#primaryimage"},"thumbnailUrl":"https:\/\/dicodusport.fr\/blog\/wp-content\/uploads\/2023\/04\/Duathlon-Benjamin-Choquert-et-Krilan-Le-Bihan-sur-le-podium-des-Championnats-du-Monde.png","datePublished":"2023-04-29T13:19:58+00:00","description":"DUATHLON - Benjamin Choquert (2e) et Krilan Le Bihan (3e) ont pris deux m\u00e9dailles aux Championnats du monde d'Ibiza.","breadcrumb":{"@id":"https:\/\/dicodusport.fr\/blog\/duathlon-benjamin-choquert-et-krilan-le-bihan-sur-le-podium-des-championnats-du-monde\/#breadcrumb"},"inLanguage":"fr-FR","potentialAction":[{"@type":"ReadAction","target":["https:\/\/dicodusport.fr\/blog\/duathlon-benjamin-choquert-et-krilan-le-bihan-sur-le-podium-des-championnats-du-monde\/"]}]},{"@type":"ImageObject","inLanguage":"fr-FR","@id":"https:\/\/dicodusport.fr\/blog\/duathlon-benjamin-choquert-et-krilan-le-bihan-sur-le-podium-des-championnats-du-monde\/#primaryimage","url":"https:\/\/dicodusport.fr\/blog\/wp-content\/uploads\/2023\/04\/Duathlon-Benjamin-Choquert-et-Krilan-Le-Bihan-sur-le-podium-des-Championnats-du-Monde.png","contentUrl":"https:\/\/dicodusport.fr\/blog\/wp-content\/uploads\/2023\/04\/Duathlon-Benjamin-Choquert-et-Krilan-Le-Bihan-sur-le-podium-des-Championnats-du-Monde.png","width":800,"height":445,"caption":"Duathlon Benjamin Choquert et Krilan Le Bihan sur le podium des Championnats du Monde"},{"@type":"BreadcrumbList","@id":"https:\/\/dicodusport.fr\/blog\/duathlon-benjamin-choquert-et-krilan-le-bihan-sur-le-podium-des-championnats-du-monde\/#breadcrumb","itemListElement":[{"@type":"ListItem","position":1,"name":"Accueil","item":"https:\/\/dicodusport.fr\/blog\/"},{"@type":"ListItem","position":2,"name":"Duathlon : Benjamin Choquert et Krilan Le Bihan sur le podium des Championnats du monde"}]},{"@type":"WebSite","@id":"https:\/\/dicodusport.fr\/blog\/#website","url":"https:\/\/dicodusport.fr\/blog\/","name":"Dicodusport","description":"L&#039;encyclop\u00e9die de l&#039;actualit\u00e9 sportive","publisher":{"@id":"https:\/\/dicodusport.fr\/blog\/#organization"},"potentialAction":[{"@type":"SearchAction","target":{"@type":"EntryPoint","urlTemplate":"https:\/\/dicodusport.fr\/blog\/?s={search_term_string}"},"query-input":{"@type":"PropertyValueSpecification","valueRequired":true,"valueName":"search_term_string"}}],"inLanguage":"fr-FR"},{"@type":"NewsMediaOrganization","@id":"https:\/\/dicodusport.fr\/blog\/#organization","name":"Dicodusport","url":"https:\/\/dicodusport.fr\/blog\/","logo":{"@type":"ImageObject","inLanguage":"fr-FR","@id":"https:\/\/dicodusport.fr\/blog\/#\/schema\/logo\/image\/","url":"https:\/\/dicodusport.fr\/blog\/wp-content\/uploads\/2020\/06\/cropped-LOGO-DICODUSPORT-2020-SANS-FOND-SANS-TEXTE.png","contentUrl":"https:\/\/dicodusport.fr\/blog\/wp-content\/uploads\/2020\/06\/cropped-LOGO-DICODUSPORT-2020-SANS-FOND-SANS-TEXTE.png","width":512,"height":512,"caption":"Dicodusport"},"image":{"@id":"https:\/\/dicodusport.fr\/blog\/#\/schema\/logo\/image\/"},"sameAs":["https:\/\/www.facebook.com\/dicodusport","https:\/\/x.com\/dicodusport","https:\/\/www.instagram.com\/dicodusport\/","https:\/\/www.youtube.com\/channel\/UC7V2KZ5sd3htJivAbA4ZG3w"],"description":"Dicodusport est l'encyclop\u00e9die de l'actualit\u00e9 sportive.","email":"bonjour@dicodusport.fr","legalName":"DICODUSPORT","foundingDate":"2018-01-14","vatID":"FR71834470973","taxID":"83447097300043","numberOfEmployees":{"@type":"QuantitativeValue","minValue":"1","maxValue":"10"}},{"@type":"Person","@id":"https:\/\/dicodusport.fr\/blog\/#\/schema\/person\/37def232098a7a5cbab3974a3690abb0","name":"Maxime Cazenave","image":{"@type":"ImageObject","inLanguage":"fr-FR","@id":"https:\/\/dicodusport.fr\/blog\/#\/schema\/person\/image\/","url":"https:\/\/dicodusport.fr\/blog\/wp-content\/uploads\/2021\/05\/Maxime-Cazenave-150x150.jpg","contentUrl":"https:\/\/dicodusport.fr\/blog\/wp-content\/uploads\/2021\/05\/Maxime-Cazenave-150x150.jpg","caption":"Maxime Cazenave"},"description":"Journaliste\/R\u00e9dacteur depuis 2012 - Berc\u00e9 par l\u2019amour des Girondins de Bordeaux, les \u00e9checs de Christophe Moreau sur le Tour de France sous l'\u00e8re Lance Armstrong et le fade-away l\u00e9tal de Dirk Nowitzki, ma passion d\u00e9vorante pour le sport a toujours \u00e9t\u00e9 un pan incontournable de ma vie. Transmettre ma passion \u00e0 l\u2019\u00e9crit a \u00e9t\u00e9 une transition naturelle. Suiveur assidu de basket et de hockey sur glace, je garde toujours un peu de place pour suivre le cyclisme, le football et le maximum de performances fran\u00e7aises.","sameAs":["https:\/\/x.com\/https:\/\/twitter.com\/Maxime_Caze"],"url":"https:\/\/dicodusport.fr\/blog\/author\/maximec\/"}]}},"_links":{"self":[{"href":"https:\/\/dicodusport.fr\/blog\/wp-json\/wp\/v2\/posts\/377873","targetHints":{"allow":["GET"]}}],"collection":[{"href":"https:\/\/dicodusport.fr\/blog\/wp-json\/wp\/v2\/posts"}],"about":[{"href":"https:\/\/dicodusport.fr\/blog\/wp-json\/wp\/v2\/types\/post"}],"author":[{"embeddable":true,"href":"https:\/\/dicodusport.fr\/blog\/wp-json\/wp\/v2\/users\/55"}],"replies":[{"embeddable":true,"href":"https:\/\/dicodusport.fr\/blog\/wp-json\/wp\/v2\/comments?post=377873"}],"version-history":[{"count":0,"href":"https:\/\/dicodusport.fr\/blog\/wp-json\/wp\/v2\/posts\/377873\/revisions"}],"wp:featuredmedia":[{"embeddable":true,"href":"https:\/\/dicodusport.fr\/blog\/wp-json\/wp\/v2\/media\/377874"}],"wp:attachment":[{"href":"https:\/\/dicodusport.fr\/blog\/wp-json\/wp\/v2\/media?parent=377873"}],"wp:term":[{"taxonomy":"category","embeddable":true,"href":"https:\/\/dicodusport.fr\/blog\/wp-json\/wp\/v2\/categories?post=377873"},{"taxonomy":"post_tag","embeddable":true,"href":"https:\/\/dicodusport.fr\/blog\/wp-json\/wp\/v2\/tags?post=377873"}],"curies":[{"name":"wp","href":"https:\/\/api.w.org\/{rel}","templated":true}]}}