{"id":378253,"date":"2023-04-30T18:56:54","date_gmt":"2023-04-30T16:56:54","guid":{"rendered":"https:\/\/dicodusport.fr\/blog\/?p=378253&#038;preview=true&#038;preview_id=378253"},"modified":"2023-04-30T19:04:36","modified_gmt":"2023-04-30T17:04:36","slug":"duathlon-benjamin-choquert-et-marion-le-goff-vice-champions-du-monde-du-relais-mixte","status":"publish","type":"post","link":"https:\/\/dicodusport.fr\/blog\/duathlon-benjamin-choquert-et-marion-le-goff-vice-champions-du-monde-du-relais-mixte\/","title":{"rendered":"Duathlon : Benjamin Choquert et Marion Le Goff vice-champions du monde du relais mixte"},"content":{"rendered":"<p style=\"font-weight: 400; text-align: justify;\"><strong><em>DUATHLON &#8211; Ce dimanche, Benjamin Choquert et Marion Le Goff ont pris la deuxi\u00e8me place du relais mixte 2X2 des championnats du monde \u00e0 Ibiza (Espagne).<\/em><\/strong><\/p>\n<p style=\"font-weight: 400; text-align: justify;\">Au lendemain <a href=\"https:\/\/dicodusport.fr\/blog\/duathlon-benjamin-choquert-et-krilan-le-bihan-sur-le-podium-des-championnats-du-monde\/\">des m\u00e9dailles de Benjamin Choquert (2<sup>e<\/sup>) et Krilan Le Bihan (3<sup>e<\/sup>) sur la course masculine<\/a>, <strong>Benjamin Choquert<\/strong> a rapport\u00e9 une nouvelle m\u00e9daille au clan fran\u00e7ais. Ce dimanche, sur le relais mixte 2X2, accompagn\u00e9 de <strong>Marion Le Goff<\/strong>, il termine 2<sup>e<\/sup>, derri\u00e8re le duo italien<strong> Samuele Angelini-Giorgia Priarone<\/strong>.<\/p>\n<blockquote class=\"twitter-tweet\">\n<p dir=\"ltr\" lang=\"fr\">Championnat du monde de duathlon Ibiza \ud83c\uddea\ud83c\uddf8<\/p>\n<p>Le podium du relais mixte 2 X 2<\/p>\n<p>\ud83e\udd47Italie \ud83c\uddee\ud83c\uddf9 (Samuele Angelini &#8211; Giorgia Priarone)<br \/>\n\ud83e\udd48France \ud83c\uddeb\ud83c\uddf7 (Benjamin Choquert &#8211; Marion Le Goff)<br \/>\n\ud83e\udd49Belgique \ud83c\udde7\ud83c\uddea (Arnaud Dely &#8211; Maurine Ricour)<a href=\"https:\/\/twitter.com\/hashtag\/duathlon?src=hash&amp;ref_src=twsrc%5Etfw\">#duathlon<\/a><\/p>\n<p>\ud83d\udcf7World Triathlon <a href=\"https:\/\/t.co\/u2iPnQ93s3\">pic.twitter.com\/u2iPnQ93s3<\/a><\/p>\n<p>\u2014 F.F.TRI. &#8211; F\u00e9d\u00e9ration Fran\u00e7aise de Triathlon (@FFTRI) <a href=\"https:\/\/twitter.com\/FFTRI\/status\/1652703596792741889?ref_src=twsrc%5Etfw\">April 30, 2023<\/a><\/p><\/blockquote>\n<p style=\"text-align: justify;\"><script async src=\"https:\/\/platform.twitter.com\/widgets.js\" charset=\"utf-8\"><\/script><\/p>\n<p style=\"font-weight: 400; text-align: justify;\">Pour <strong>Marion Le Goff<\/strong>, il s\u2019agit de sa premi\u00e8re m\u00e9daille de ces Championnats du monde. Hier, sur l\u2019individuel f\u00e9minin, elle avait pris la 7<sup>e<\/sup> place.<\/p>\n<p style=\"font-weight: 400; text-align: justify;\">Dans les groupes d\u2019\u00e2ge, belle performance de <strong>David Bernard<\/strong> (25-29 ans). D\u00e9j\u00e0 titr\u00e9 hier sur le format sprint (4,8 km de course \/ 18,6 km de v\u00e9lo \/ 2,8 km de course), il a remport\u00e9 un nouveau titre ce matin sur le format standard (9,8 km de course \/ 39,6 km de v\u00e9lo \/ 5,2 km de course). <strong>R\u00e9mi Jauzac<\/strong> termine 2e de cette m\u00eame course.<\/p>\n","protected":false},"excerpt":{"rendered":"<p>DUATHLON &#8211; Ce dimanche, Benjamin Choquert et Marion Le Goff ont pris la deuxi\u00e8me place du relais mixte 2X2 des championnats du monde \u00e0 Ibiza (Espagne).<\/p>\n","protected":false},"author":80,"featured_media":378265,"comment_status":"open","ping_status":"closed","sticky":false,"template":"","format":"standard","meta":{"_acf_changed":false,"_daextam_enable_autolinks":"","footnotes":""},"categories":[26722],"tags":[16878,20281],"class_list":["post-378253","post","type-post","status-publish","format-standard","has-post-thumbnail","hentry","category-duathlon","tag-breve","tag-duathlon"],"acf":[],"yoast_head":"<!-- This site is optimized with the Yoast SEO Premium plugin v26.7 (Yoast SEO v26.7) - https:\/\/yoast.com\/wordpress\/plugins\/seo\/ -->\n<title>Duathlon : Benjamin Choquert et Marion Le Goff vice-champions du monde du relais mixte<\/title>\n<meta name=\"description\" content=\"DUATHLON - Ce dimanche, Benjamin Choquert et Marion Le Goff ont pris la deuxi\u00e8me place du relais mixte 2X2 des championnats du monde \u00e0 Ibiza\" \/>\n<meta name=\"robots\" content=\"index, follow, max-snippet:-1, max-image-preview:large, max-video-preview:-1\" \/>\n<link rel=\"canonical\" href=\"https:\/\/dicodusport.fr\/blog\/duathlon-benjamin-choquert-et-marion-le-goff-vice-champions-du-monde-du-relais-mixte\/\" \/>\n<meta property=\"og:locale\" content=\"fr_FR\" \/>\n<meta property=\"og:type\" content=\"article\" \/>\n<meta property=\"og:title\" content=\"Duathlon : Benjamin Choquert et Marion Le Goff vice-champions du monde du relais mixte\" \/>\n<meta property=\"og:description\" content=\"DUATHLON - Ce dimanche, Benjamin Choquert et Marion Le Goff ont pris la deuxi\u00e8me place du relais mixte 2X2 des championnats du monde \u00e0 Ibiza\" \/>\n<meta property=\"og:url\" content=\"https:\/\/dicodusport.fr\/blog\/duathlon-benjamin-choquert-et-marion-le-goff-vice-champions-du-monde-du-relais-mixte\/\" \/>\n<meta property=\"og:site_name\" content=\"Dicodusport\" \/>\n<meta property=\"article:publisher\" content=\"https:\/\/www.facebook.com\/dicodusport\" \/>\n<meta property=\"article:author\" content=\"https:\/\/www.facebook.com\/profile.php?id=100009753662352\" \/>\n<meta property=\"article:published_time\" content=\"2023-04-30T16:56:54+00:00\" \/>\n<meta property=\"article:modified_time\" content=\"2023-04-30T17:04:36+00:00\" \/>\n<meta property=\"og:image\" content=\"https:\/\/dicodusport.fr\/blog\/wp-content\/uploads\/2023\/04\/Duathlon-Benjamin-Choquert-et-Marion-Le-Goff-vice-champions-du-monde-du-relais-mixte.png\" \/>\n\t<meta property=\"og:image:width\" content=\"800\" \/>\n\t<meta property=\"og:image:height\" content=\"445\" \/>\n\t<meta property=\"og:image:type\" content=\"image\/png\" \/>\n<meta name=\"author\" content=\"Killian Tanguy\" \/>\n<meta name=\"twitter:card\" content=\"summary_large_image\" \/>\n<meta name=\"twitter:title\" content=\"Duathlon : Benjamin Choquert et Marion Le Goff vice-champions du monde du relais mixte\" \/>\n<meta name=\"twitter:creator\" content=\"@https:\/\/twitter.com\/sport_ktanguy\" \/>\n<meta name=\"twitter:site\" content=\"@dicodusport\" \/>\n<script type=\"application\/ld+json\" class=\"yoast-schema-graph\">{\"@context\":\"https:\/\/schema.org\",\"@graph\":[{\"@type\":\"NewsArticle\",\"@id\":\"https:\/\/dicodusport.fr\/blog\/duathlon-benjamin-choquert-et-marion-le-goff-vice-champions-du-monde-du-relais-mixte\/#article\",\"isPartOf\":{\"@id\":\"https:\/\/dicodusport.fr\/blog\/duathlon-benjamin-choquert-et-marion-le-goff-vice-champions-du-monde-du-relais-mixte\/\"},\"author\":{\"name\":\"Killian Tanguy\",\"@id\":\"https:\/\/dicodusport.fr\/blog\/#\/schema\/person\/ff2feeb71ea78ad31eeb3390ffe96b46\"},\"headline\":\"Duathlon : Benjamin Choquert et Marion Le Goff vice-champions du monde du relais mixte\",\"datePublished\":\"2023-04-30T16:56:54+00:00\",\"dateModified\":\"2023-04-30T17:04:36+00:00\",\"mainEntityOfPage\":{\"@id\":\"https:\/\/dicodusport.fr\/blog\/duathlon-benjamin-choquert-et-marion-le-goff-vice-champions-du-monde-du-relais-mixte\/\"},\"wordCount\":237,\"commentCount\":0,\"publisher\":{\"@id\":\"https:\/\/dicodusport.fr\/blog\/#organization\"},\"image\":{\"@id\":\"https:\/\/dicodusport.fr\/blog\/duathlon-benjamin-choquert-et-marion-le-goff-vice-champions-du-monde-du-relais-mixte\/#primaryimage\"},\"thumbnailUrl\":\"https:\/\/dicodusport.fr\/blog\/wp-content\/uploads\/2023\/04\/Duathlon-Benjamin-Choquert-et-Marion-Le-Goff-vice-champions-du-monde-du-relais-mixte.png\",\"keywords\":[\"br\u00e8ve\",\"Duathlon\"],\"articleSection\":[\"Duathlon\"],\"inLanguage\":\"fr-FR\",\"potentialAction\":[{\"@type\":\"CommentAction\",\"name\":\"Comment\",\"target\":[\"https:\/\/dicodusport.fr\/blog\/duathlon-benjamin-choquert-et-marion-le-goff-vice-champions-du-monde-du-relais-mixte\/#respond\"]}],\"copyrightYear\":\"2023\",\"copyrightHolder\":{\"@id\":\"https:\/\/dicodusport.fr\/blog\/#organization\"}},{\"@type\":\"WebPage\",\"@id\":\"https:\/\/dicodusport.fr\/blog\/duathlon-benjamin-choquert-et-marion-le-goff-vice-champions-du-monde-du-relais-mixte\/\",\"url\":\"https:\/\/dicodusport.fr\/blog\/duathlon-benjamin-choquert-et-marion-le-goff-vice-champions-du-monde-du-relais-mixte\/\",\"name\":\"Duathlon : Benjamin Choquert et Marion Le Goff vice-champions du monde du relais mixte\",\"isPartOf\":{\"@id\":\"https:\/\/dicodusport.fr\/blog\/#website\"},\"primaryImageOfPage\":{\"@id\":\"https:\/\/dicodusport.fr\/blog\/duathlon-benjamin-choquert-et-marion-le-goff-vice-champions-du-monde-du-relais-mixte\/#primaryimage\"},\"image\":{\"@id\":\"https:\/\/dicodusport.fr\/blog\/duathlon-benjamin-choquert-et-marion-le-goff-vice-champions-du-monde-du-relais-mixte\/#primaryimage\"},\"thumbnailUrl\":\"https:\/\/dicodusport.fr\/blog\/wp-content\/uploads\/2023\/04\/Duathlon-Benjamin-Choquert-et-Marion-Le-Goff-vice-champions-du-monde-du-relais-mixte.png\",\"datePublished\":\"2023-04-30T16:56:54+00:00\",\"dateModified\":\"2023-04-30T17:04:36+00:00\",\"description\":\"DUATHLON - Ce dimanche, Benjamin Choquert et Marion Le Goff ont pris la deuxi\u00e8me place du relais mixte 2X2 des championnats du monde \u00e0 Ibiza\",\"breadcrumb\":{\"@id\":\"https:\/\/dicodusport.fr\/blog\/duathlon-benjamin-choquert-et-marion-le-goff-vice-champions-du-monde-du-relais-mixte\/#breadcrumb\"},\"inLanguage\":\"fr-FR\",\"potentialAction\":[{\"@type\":\"ReadAction\",\"target\":[\"https:\/\/dicodusport.fr\/blog\/duathlon-benjamin-choquert-et-marion-le-goff-vice-champions-du-monde-du-relais-mixte\/\"]}]},{\"@type\":\"ImageObject\",\"inLanguage\":\"fr-FR\",\"@id\":\"https:\/\/dicodusport.fr\/blog\/duathlon-benjamin-choquert-et-marion-le-goff-vice-champions-du-monde-du-relais-mixte\/#primaryimage\",\"url\":\"https:\/\/dicodusport.fr\/blog\/wp-content\/uploads\/2023\/04\/Duathlon-Benjamin-Choquert-et-Marion-Le-Goff-vice-champions-du-monde-du-relais-mixte.png\",\"contentUrl\":\"https:\/\/dicodusport.fr\/blog\/wp-content\/uploads\/2023\/04\/Duathlon-Benjamin-Choquert-et-Marion-Le-Goff-vice-champions-du-monde-du-relais-mixte.png\",\"width\":800,\"height\":445,\"caption\":\"Duathlon Benjamin Choquert et Marion Le Goff vice-champions du monde du relais mixte\"},{\"@type\":\"BreadcrumbList\",\"@id\":\"https:\/\/dicodusport.fr\/blog\/duathlon-benjamin-choquert-et-marion-le-goff-vice-champions-du-monde-du-relais-mixte\/#breadcrumb\",\"itemListElement\":[{\"@type\":\"ListItem\",\"position\":1,\"name\":\"Accueil\",\"item\":\"https:\/\/dicodusport.fr\/blog\/\"},{\"@type\":\"ListItem\",\"position\":2,\"name\":\"Duathlon : Benjamin Choquert et Marion Le Goff vice-champions du monde du relais mixte\"}]},{\"@type\":\"WebSite\",\"@id\":\"https:\/\/dicodusport.fr\/blog\/#website\",\"url\":\"https:\/\/dicodusport.fr\/blog\/\",\"name\":\"Dicodusport\",\"description\":\"L&#039;encyclop\u00e9die de l&#039;actualit\u00e9 sportive\",\"publisher\":{\"@id\":\"https:\/\/dicodusport.fr\/blog\/#organization\"},\"potentialAction\":[{\"@type\":\"SearchAction\",\"target\":{\"@type\":\"EntryPoint\",\"urlTemplate\":\"https:\/\/dicodusport.fr\/blog\/?s={search_term_string}\"},\"query-input\":{\"@type\":\"PropertyValueSpecification\",\"valueRequired\":true,\"valueName\":\"search_term_string\"}}],\"inLanguage\":\"fr-FR\"},{\"@type\":\"NewsMediaOrganization\",\"@id\":\"https:\/\/dicodusport.fr\/blog\/#organization\",\"name\":\"Dicodusport\",\"url\":\"https:\/\/dicodusport.fr\/blog\/\",\"logo\":{\"@type\":\"ImageObject\",\"inLanguage\":\"fr-FR\",\"@id\":\"https:\/\/dicodusport.fr\/blog\/#\/schema\/logo\/image\/\",\"url\":\"https:\/\/dicodusport.fr\/blog\/wp-content\/uploads\/2020\/06\/cropped-LOGO-DICODUSPORT-2020-SANS-FOND-SANS-TEXTE.png\",\"contentUrl\":\"https:\/\/dicodusport.fr\/blog\/wp-content\/uploads\/2020\/06\/cropped-LOGO-DICODUSPORT-2020-SANS-FOND-SANS-TEXTE.png\",\"width\":512,\"height\":512,\"caption\":\"Dicodusport\"},\"image\":{\"@id\":\"https:\/\/dicodusport.fr\/blog\/#\/schema\/logo\/image\/\"},\"sameAs\":[\"https:\/\/www.facebook.com\/dicodusport\",\"https:\/\/x.com\/dicodusport\",\"https:\/\/www.instagram.com\/dicodusport\/\",\"https:\/\/www.youtube.com\/channel\/UC7V2KZ5sd3htJivAbA4ZG3w\"],\"description\":\"Dicodusport est l'encyclop\u00e9die de l'actualit\u00e9 sportive.\",\"email\":\"bonjour@dicodusport.fr\",\"legalName\":\"DICODUSPORT\",\"foundingDate\":\"2018-01-14\",\"vatID\":\"FR71834470973\",\"taxID\":\"83447097300043\",\"numberOfEmployees\":{\"@type\":\"QuantitativeValue\",\"minValue\":\"1\",\"maxValue\":\"10\"}},{\"@type\":\"Person\",\"@id\":\"https:\/\/dicodusport.fr\/blog\/#\/schema\/person\/ff2feeb71ea78ad31eeb3390ffe96b46\",\"name\":\"Killian Tanguy\",\"image\":{\"@type\":\"ImageObject\",\"inLanguage\":\"fr-FR\",\"@id\":\"https:\/\/dicodusport.fr\/blog\/#\/schema\/person\/image\/\",\"url\":\"https:\/\/dicodusport.fr\/blog\/wp-content\/uploads\/2022\/12\/Killian-Tanguy-150x150.png\",\"contentUrl\":\"https:\/\/dicodusport.fr\/blog\/wp-content\/uploads\/2022\/12\/Killian-Tanguy-150x150.png\",\"caption\":\"Killian Tanguy\"},\"description\":\"Journaliste qui parle de tout et surtout de sport. Rugby, handball, sports d'hiver, football, cyclisme... Et ce que j'aime par-dessus tout : couvrir une discipline que je ne connais pas. Rien de mieux pour s'enrichir et apprendre.\",\"sameAs\":[\"https:\/\/killiantanguy.wixsite.com\/monsite\",\"https:\/\/www.facebook.com\/profile.php?id=100009753662352\",\"https:\/\/www.instagram.com\/sport.killiantanguy\/\",\"https:\/\/www.linkedin.com\/in\/killiantanguy\/\",\"https:\/\/x.com\/https:\/\/twitter.com\/sport_ktanguy\",\"https:\/\/www.youtube.com\/channel\/UCRfZkHKJL0wK7wvnJjCry-Q\"],\"url\":\"https:\/\/dicodusport.fr\/blog\/author\/killian-tanguy\/\"}]}<\/script>\n<!-- \/ Yoast SEO Premium plugin. -->","yoast_head_json":{"title":"Duathlon : Benjamin Choquert et Marion Le Goff vice-champions du monde du relais mixte","description":"DUATHLON - Ce dimanche, Benjamin Choquert et Marion Le Goff ont pris la deuxi\u00e8me place du relais mixte 2X2 des championnats du monde \u00e0 Ibiza","robots":{"index":"index","follow":"follow","max-snippet":"max-snippet:-1","max-image-preview":"max-image-preview:large","max-video-preview":"max-video-preview:-1"},"canonical":"https:\/\/dicodusport.fr\/blog\/duathlon-benjamin-choquert-et-marion-le-goff-vice-champions-du-monde-du-relais-mixte\/","og_locale":"fr_FR","og_type":"article","og_title":"Duathlon : Benjamin Choquert et Marion Le Goff vice-champions du monde du relais mixte","og_description":"DUATHLON - Ce dimanche, Benjamin Choquert et Marion Le Goff ont pris la deuxi\u00e8me place du relais mixte 2X2 des championnats du monde \u00e0 Ibiza","og_url":"https:\/\/dicodusport.fr\/blog\/duathlon-benjamin-choquert-et-marion-le-goff-vice-champions-du-monde-du-relais-mixte\/","og_site_name":"Dicodusport","article_publisher":"https:\/\/www.facebook.com\/dicodusport","article_author":"https:\/\/www.facebook.com\/profile.php?id=100009753662352","article_published_time":"2023-04-30T16:56:54+00:00","article_modified_time":"2023-04-30T17:04:36+00:00","og_image":[{"width":800,"height":445,"url":"https:\/\/dicodusport.fr\/blog\/wp-content\/uploads\/2023\/04\/Duathlon-Benjamin-Choquert-et-Marion-Le-Goff-vice-champions-du-monde-du-relais-mixte.png","type":"image\/png"}],"author":"Killian Tanguy","twitter_card":"summary_large_image","twitter_title":"Duathlon : Benjamin Choquert et Marion Le Goff vice-champions du monde du relais mixte","twitter_creator":"@https:\/\/twitter.com\/sport_ktanguy","twitter_site":"@dicodusport","schema":{"@context":"https:\/\/schema.org","@graph":[{"@type":"NewsArticle","@id":"https:\/\/dicodusport.fr\/blog\/duathlon-benjamin-choquert-et-marion-le-goff-vice-champions-du-monde-du-relais-mixte\/#article","isPartOf":{"@id":"https:\/\/dicodusport.fr\/blog\/duathlon-benjamin-choquert-et-marion-le-goff-vice-champions-du-monde-du-relais-mixte\/"},"author":{"name":"Killian Tanguy","@id":"https:\/\/dicodusport.fr\/blog\/#\/schema\/person\/ff2feeb71ea78ad31eeb3390ffe96b46"},"headline":"Duathlon : Benjamin Choquert et Marion Le Goff vice-champions du monde du relais mixte","datePublished":"2023-04-30T16:56:54+00:00","dateModified":"2023-04-30T17:04:36+00:00","mainEntityOfPage":{"@id":"https:\/\/dicodusport.fr\/blog\/duathlon-benjamin-choquert-et-marion-le-goff-vice-champions-du-monde-du-relais-mixte\/"},"wordCount":237,"commentCount":0,"publisher":{"@id":"https:\/\/dicodusport.fr\/blog\/#organization"},"image":{"@id":"https:\/\/dicodusport.fr\/blog\/duathlon-benjamin-choquert-et-marion-le-goff-vice-champions-du-monde-du-relais-mixte\/#primaryimage"},"thumbnailUrl":"https:\/\/dicodusport.fr\/blog\/wp-content\/uploads\/2023\/04\/Duathlon-Benjamin-Choquert-et-Marion-Le-Goff-vice-champions-du-monde-du-relais-mixte.png","keywords":["br\u00e8ve","Duathlon"],"articleSection":["Duathlon"],"inLanguage":"fr-FR","potentialAction":[{"@type":"CommentAction","name":"Comment","target":["https:\/\/dicodusport.fr\/blog\/duathlon-benjamin-choquert-et-marion-le-goff-vice-champions-du-monde-du-relais-mixte\/#respond"]}],"copyrightYear":"2023","copyrightHolder":{"@id":"https:\/\/dicodusport.fr\/blog\/#organization"}},{"@type":"WebPage","@id":"https:\/\/dicodusport.fr\/blog\/duathlon-benjamin-choquert-et-marion-le-goff-vice-champions-du-monde-du-relais-mixte\/","url":"https:\/\/dicodusport.fr\/blog\/duathlon-benjamin-choquert-et-marion-le-goff-vice-champions-du-monde-du-relais-mixte\/","name":"Duathlon : Benjamin Choquert et Marion Le Goff vice-champions du monde du relais mixte","isPartOf":{"@id":"https:\/\/dicodusport.fr\/blog\/#website"},"primaryImageOfPage":{"@id":"https:\/\/dicodusport.fr\/blog\/duathlon-benjamin-choquert-et-marion-le-goff-vice-champions-du-monde-du-relais-mixte\/#primaryimage"},"image":{"@id":"https:\/\/dicodusport.fr\/blog\/duathlon-benjamin-choquert-et-marion-le-goff-vice-champions-du-monde-du-relais-mixte\/#primaryimage"},"thumbnailUrl":"https:\/\/dicodusport.fr\/blog\/wp-content\/uploads\/2023\/04\/Duathlon-Benjamin-Choquert-et-Marion-Le-Goff-vice-champions-du-monde-du-relais-mixte.png","datePublished":"2023-04-30T16:56:54+00:00","dateModified":"2023-04-30T17:04:36+00:00","description":"DUATHLON - Ce dimanche, Benjamin Choquert et Marion Le Goff ont pris la deuxi\u00e8me place du relais mixte 2X2 des championnats du monde \u00e0 Ibiza","breadcrumb":{"@id":"https:\/\/dicodusport.fr\/blog\/duathlon-benjamin-choquert-et-marion-le-goff-vice-champions-du-monde-du-relais-mixte\/#breadcrumb"},"inLanguage":"fr-FR","potentialAction":[{"@type":"ReadAction","target":["https:\/\/dicodusport.fr\/blog\/duathlon-benjamin-choquert-et-marion-le-goff-vice-champions-du-monde-du-relais-mixte\/"]}]},{"@type":"ImageObject","inLanguage":"fr-FR","@id":"https:\/\/dicodusport.fr\/blog\/duathlon-benjamin-choquert-et-marion-le-goff-vice-champions-du-monde-du-relais-mixte\/#primaryimage","url":"https:\/\/dicodusport.fr\/blog\/wp-content\/uploads\/2023\/04\/Duathlon-Benjamin-Choquert-et-Marion-Le-Goff-vice-champions-du-monde-du-relais-mixte.png","contentUrl":"https:\/\/dicodusport.fr\/blog\/wp-content\/uploads\/2023\/04\/Duathlon-Benjamin-Choquert-et-Marion-Le-Goff-vice-champions-du-monde-du-relais-mixte.png","width":800,"height":445,"caption":"Duathlon Benjamin Choquert et Marion Le Goff vice-champions du monde du relais mixte"},{"@type":"BreadcrumbList","@id":"https:\/\/dicodusport.fr\/blog\/duathlon-benjamin-choquert-et-marion-le-goff-vice-champions-du-monde-du-relais-mixte\/#breadcrumb","itemListElement":[{"@type":"ListItem","position":1,"name":"Accueil","item":"https:\/\/dicodusport.fr\/blog\/"},{"@type":"ListItem","position":2,"name":"Duathlon : Benjamin Choquert et Marion Le Goff vice-champions du monde du relais mixte"}]},{"@type":"WebSite","@id":"https:\/\/dicodusport.fr\/blog\/#website","url":"https:\/\/dicodusport.fr\/blog\/","name":"Dicodusport","description":"L&#039;encyclop\u00e9die de l&#039;actualit\u00e9 sportive","publisher":{"@id":"https:\/\/dicodusport.fr\/blog\/#organization"},"potentialAction":[{"@type":"SearchAction","target":{"@type":"EntryPoint","urlTemplate":"https:\/\/dicodusport.fr\/blog\/?s={search_term_string}"},"query-input":{"@type":"PropertyValueSpecification","valueRequired":true,"valueName":"search_term_string"}}],"inLanguage":"fr-FR"},{"@type":"NewsMediaOrganization","@id":"https:\/\/dicodusport.fr\/blog\/#organization","name":"Dicodusport","url":"https:\/\/dicodusport.fr\/blog\/","logo":{"@type":"ImageObject","inLanguage":"fr-FR","@id":"https:\/\/dicodusport.fr\/blog\/#\/schema\/logo\/image\/","url":"https:\/\/dicodusport.fr\/blog\/wp-content\/uploads\/2020\/06\/cropped-LOGO-DICODUSPORT-2020-SANS-FOND-SANS-TEXTE.png","contentUrl":"https:\/\/dicodusport.fr\/blog\/wp-content\/uploads\/2020\/06\/cropped-LOGO-DICODUSPORT-2020-SANS-FOND-SANS-TEXTE.png","width":512,"height":512,"caption":"Dicodusport"},"image":{"@id":"https:\/\/dicodusport.fr\/blog\/#\/schema\/logo\/image\/"},"sameAs":["https:\/\/www.facebook.com\/dicodusport","https:\/\/x.com\/dicodusport","https:\/\/www.instagram.com\/dicodusport\/","https:\/\/www.youtube.com\/channel\/UC7V2KZ5sd3htJivAbA4ZG3w"],"description":"Dicodusport est l'encyclop\u00e9die de l'actualit\u00e9 sportive.","email":"bonjour@dicodusport.fr","legalName":"DICODUSPORT","foundingDate":"2018-01-14","vatID":"FR71834470973","taxID":"83447097300043","numberOfEmployees":{"@type":"QuantitativeValue","minValue":"1","maxValue":"10"}},{"@type":"Person","@id":"https:\/\/dicodusport.fr\/blog\/#\/schema\/person\/ff2feeb71ea78ad31eeb3390ffe96b46","name":"Killian Tanguy","image":{"@type":"ImageObject","inLanguage":"fr-FR","@id":"https:\/\/dicodusport.fr\/blog\/#\/schema\/person\/image\/","url":"https:\/\/dicodusport.fr\/blog\/wp-content\/uploads\/2022\/12\/Killian-Tanguy-150x150.png","contentUrl":"https:\/\/dicodusport.fr\/blog\/wp-content\/uploads\/2022\/12\/Killian-Tanguy-150x150.png","caption":"Killian Tanguy"},"description":"Journaliste qui parle de tout et surtout de sport. Rugby, handball, sports d'hiver, football, cyclisme... Et ce que j'aime par-dessus tout : couvrir une discipline que je ne connais pas. Rien de mieux pour s'enrichir et apprendre.","sameAs":["https:\/\/killiantanguy.wixsite.com\/monsite","https:\/\/www.facebook.com\/profile.php?id=100009753662352","https:\/\/www.instagram.com\/sport.killiantanguy\/","https:\/\/www.linkedin.com\/in\/killiantanguy\/","https:\/\/x.com\/https:\/\/twitter.com\/sport_ktanguy","https:\/\/www.youtube.com\/channel\/UCRfZkHKJL0wK7wvnJjCry-Q"],"url":"https:\/\/dicodusport.fr\/blog\/author\/killian-tanguy\/"}]}},"_links":{"self":[{"href":"https:\/\/dicodusport.fr\/blog\/wp-json\/wp\/v2\/posts\/378253","targetHints":{"allow":["GET"]}}],"collection":[{"href":"https:\/\/dicodusport.fr\/blog\/wp-json\/wp\/v2\/posts"}],"about":[{"href":"https:\/\/dicodusport.fr\/blog\/wp-json\/wp\/v2\/types\/post"}],"author":[{"embeddable":true,"href":"https:\/\/dicodusport.fr\/blog\/wp-json\/wp\/v2\/users\/80"}],"replies":[{"embeddable":true,"href":"https:\/\/dicodusport.fr\/blog\/wp-json\/wp\/v2\/comments?post=378253"}],"version-history":[{"count":0,"href":"https:\/\/dicodusport.fr\/blog\/wp-json\/wp\/v2\/posts\/378253\/revisions"}],"wp:featuredmedia":[{"embeddable":true,"href":"https:\/\/dicodusport.fr\/blog\/wp-json\/wp\/v2\/media\/378265"}],"wp:attachment":[{"href":"https:\/\/dicodusport.fr\/blog\/wp-json\/wp\/v2\/media?parent=378253"}],"wp:term":[{"taxonomy":"category","embeddable":true,"href":"https:\/\/dicodusport.fr\/blog\/wp-json\/wp\/v2\/categories?post=378253"},{"taxonomy":"post_tag","embeddable":true,"href":"https:\/\/dicodusport.fr\/blog\/wp-json\/wp\/v2\/tags?post=378253"}],"curies":[{"name":"wp","href":"https:\/\/api.w.org\/{rel}","templated":true}]}}