{"id":378422,"date":"2023-05-01T15:23:26","date_gmt":"2023-05-01T13:23:26","guid":{"rendered":"https:\/\/dicodusport.fr\/blog\/?p=378422&#038;preview=true&#038;preview_id=378422"},"modified":"2023-05-01T22:17:20","modified_gmt":"2023-05-01T20:17:20","slug":"tour-italie-2023-le-profil-des-21-etapes","status":"publish","type":"post","link":"https:\/\/dicodusport.fr\/blog\/tour-italie-2023-le-profil-des-21-etapes\/","title":{"rendered":"Tour d&rsquo;Italie 2023 : Le profil des 21 \u00e9tapes"},"content":{"rendered":"<p style=\"text-align: justify;\"><em><strong>CYCLISME &#8211; La 106\u00e8me \u00e9dition du Tour d&rsquo;Italie d\u00e9bute ce samedi 6 mai. D\u00e9couvrez le profil des 21 \u00e9tapes du Giro 2023.<\/strong><\/em><\/p>\n<h2 style=\"text-align: justify;\"><span style=\"font-size: 24px;\">1\u00e8re \u00e9tape &#8211; Fossacesia Marina &#8211; Ortona : Samedi 6 mai 2023<\/span><\/h2>\n<p style=\"text-align: justify;\">CLM individuel plat d&rsquo;une distance de 19,6 km.<\/p>\n<p><img loading=\"lazy\" decoding=\"async\" class=\"size-full wp-image-378408 aligncenter\" src=\"https:\/\/dicodusport.fr\/blog\/wp-content\/uploads\/2023\/05\/Tour-dItalie-2023-Etape-1.jpeg\" alt=\"\" width=\"1280\" height=\"852\" srcset=\"https:\/\/dicodusport.fr\/blog\/wp-content\/uploads\/2023\/05\/Tour-dItalie-2023-Etape-1.jpeg 1280w, https:\/\/dicodusport.fr\/blog\/wp-content\/uploads\/2023\/05\/Tour-dItalie-2023-Etape-1-300x200.jpeg 300w, https:\/\/dicodusport.fr\/blog\/wp-content\/uploads\/2023\/05\/Tour-dItalie-2023-Etape-1-1024x682.jpeg 1024w, https:\/\/dicodusport.fr\/blog\/wp-content\/uploads\/2023\/05\/Tour-dItalie-2023-Etape-1-768x511.jpeg 768w\" sizes=\"auto, (max-width: 1280px) 100vw, 1280px\" \/><\/p>\n<p style=\"text-align: center;\"><a href=\"http:\/\/dicodusport.fr\/blog\/tour-italie-2023-le-profil-des-21-etapes\/2\/#deux\" class=\"su-button su-button-style-flat\" style=\"color:#FFFFFF;background-color:#0057ae;border-color:#00468c;border-radius:4px\" target=\"_self\"><span style=\"color:#FFFFFF;padding:0px 22px;font-size:17px;line-height:34px;border-color:#4d8ac7;border-radius:4px;text-shadow:none\"> 2\u00e8me \u00e9tape<\/span><\/a>\n<p style=\"text-align: center;\"><!--nextpage--><\/p>\n<h2 style=\"text-align: justify;\"><a id=\"deux\"><\/a><span style=\"font-size: 24px;\">2\u00e8me \u00e9tape &#8211; Teramo &#8211; San Salvo : Dimanche\u00a07 mai 2023<\/span><\/h2>\n<p style=\"text-align: justify;\">\u00c9tape de plaine d&rsquo;une distance de 202 km.<\/p>\n<p><img loading=\"lazy\" decoding=\"async\" class=\"size-full wp-image-378407 aligncenter\" src=\"https:\/\/dicodusport.fr\/blog\/wp-content\/uploads\/2023\/05\/Tour-dItalie-2023-Etape-2.jpeg\" alt=\"\" width=\"1280\" height=\"852\" srcset=\"https:\/\/dicodusport.fr\/blog\/wp-content\/uploads\/2023\/05\/Tour-dItalie-2023-Etape-2.jpeg 1280w, https:\/\/dicodusport.fr\/blog\/wp-content\/uploads\/2023\/05\/Tour-dItalie-2023-Etape-2-300x200.jpeg 300w, https:\/\/dicodusport.fr\/blog\/wp-content\/uploads\/2023\/05\/Tour-dItalie-2023-Etape-2-1024x682.jpeg 1024w, https:\/\/dicodusport.fr\/blog\/wp-content\/uploads\/2023\/05\/Tour-dItalie-2023-Etape-2-768x511.jpeg 768w\" sizes=\"auto, (max-width: 1280px) 100vw, 1280px\" \/><\/p>\n<p style=\"text-align: center;\"><a href=\"http:\/\/dicodusport.fr\/blog\/tour-italie-2023-le-profil-des-21-etapes\/3\/#trois\" class=\"su-button su-button-style-flat\" style=\"color:#FFFFFF;background-color:#0057ae;border-color:#00468c;border-radius:4px\" target=\"_self\"><span style=\"color:#FFFFFF;padding:0px 22px;font-size:17px;line-height:34px;border-color:#4d8ac7;border-radius:4px;text-shadow:none\"> 3\u00e8me \u00e9tape<\/span><\/a>\n<p><!--nextpage--><\/p>\n<h2 style=\"text-align: justify;\"><a id=\"trois\"><\/a><span style=\"font-size: 24px;\">3\u00e8me \u00e9tape &#8211; Vasto &#8211; Melfi\u00a0: Lundi 8 mai 2023<\/span><\/h2>\n<p style=\"text-align: justify;\">\u00c9tape de plaine d&rsquo;une distance de 213 km.<\/p>\n<p><img loading=\"lazy\" decoding=\"async\" class=\"size-full wp-image-378406 aligncenter\" src=\"https:\/\/dicodusport.fr\/blog\/wp-content\/uploads\/2023\/05\/Tour-dItalie-2023-Etape-3.jpeg\" alt=\"\" width=\"1280\" height=\"852\" srcset=\"https:\/\/dicodusport.fr\/blog\/wp-content\/uploads\/2023\/05\/Tour-dItalie-2023-Etape-3.jpeg 1280w, https:\/\/dicodusport.fr\/blog\/wp-content\/uploads\/2023\/05\/Tour-dItalie-2023-Etape-3-300x200.jpeg 300w, https:\/\/dicodusport.fr\/blog\/wp-content\/uploads\/2023\/05\/Tour-dItalie-2023-Etape-3-1024x682.jpeg 1024w, https:\/\/dicodusport.fr\/blog\/wp-content\/uploads\/2023\/05\/Tour-dItalie-2023-Etape-3-768x511.jpeg 768w\" sizes=\"auto, (max-width: 1280px) 100vw, 1280px\" \/><\/p>\n<p style=\"text-align: center;\"><a href=\"http:\/\/dicodusport.fr\/blog\/tour-italie-2023-le-profil-des-21-etapes\/4\/#quatre\" class=\"su-button su-button-style-flat\" style=\"color:#FFFFFF;background-color:#0057ae;border-color:#00468c;border-radius:4px\" target=\"_self\"><span style=\"color:#FFFFFF;padding:0px 22px;font-size:17px;line-height:34px;border-color:#4d8ac7;border-radius:4px;text-shadow:none\"> 4\u00e8me \u00e9tape<\/span><\/a>\n<p><!--nextpage--><\/p>\n<h2 style=\"text-align: justify;\"><a id=\"quatre\"><\/a><span style=\"font-size: 24px;\">4\u00e8me \u00e9tape &#8211; Venosa &#8211; Lago Laceno : Mardi 9 mai 2023<\/span><\/h2>\n<p>\u00c9tape de moyenne montagne d&rsquo;une distance de 175 km.<\/p>\n<p><img loading=\"lazy\" decoding=\"async\" class=\"size-full wp-image-378405 aligncenter\" src=\"https:\/\/dicodusport.fr\/blog\/wp-content\/uploads\/2023\/05\/Tour-dItalie-2023-Etape-4.jpeg\" alt=\"\" width=\"1280\" height=\"852\" srcset=\"https:\/\/dicodusport.fr\/blog\/wp-content\/uploads\/2023\/05\/Tour-dItalie-2023-Etape-4.jpeg 1280w, https:\/\/dicodusport.fr\/blog\/wp-content\/uploads\/2023\/05\/Tour-dItalie-2023-Etape-4-300x200.jpeg 300w, https:\/\/dicodusport.fr\/blog\/wp-content\/uploads\/2023\/05\/Tour-dItalie-2023-Etape-4-1024x682.jpeg 1024w, https:\/\/dicodusport.fr\/blog\/wp-content\/uploads\/2023\/05\/Tour-dItalie-2023-Etape-4-768x511.jpeg 768w\" sizes=\"auto, (max-width: 1280px) 100vw, 1280px\" \/><\/p>\n<p style=\"text-align: center;\"><a href=\"http:\/\/dicodusport.fr\/blog\/tour-italie-2023-le-profil-des-21-etapes\/5\/#cinq\" class=\"su-button su-button-style-flat\" style=\"color:#FFFFFF;background-color:#0057ae;border-color:#00468c;border-radius:4px\" target=\"_self\"><span style=\"color:#FFFFFF;padding:0px 22px;font-size:17px;line-height:34px;border-color:#4d8ac7;border-radius:4px;text-shadow:none\"> 5\u00e8me \u00e9tape<\/span><\/a>\n<p><!--nextpage--><\/p>\n<h2 style=\"text-align: justify;\"><a id=\"cinq\"><\/a><span style=\"font-size: 24px;\">5\u00e8me \u00e9tape &#8211; Atripalda &#8211; Salerno : Mercredi 10 mai 2023<\/span><\/h2>\n<p style=\"text-align: justify;\">\u00c9tape vallonn\u00e9e d&rsquo;une distance de 171 km.<\/p>\n<p><img loading=\"lazy\" decoding=\"async\" class=\"size-full wp-image-378404 aligncenter\" src=\"https:\/\/dicodusport.fr\/blog\/wp-content\/uploads\/2023\/05\/Tour-dItalie-2023-Etape-5.jpeg\" alt=\"\" width=\"1280\" height=\"852\" srcset=\"https:\/\/dicodusport.fr\/blog\/wp-content\/uploads\/2023\/05\/Tour-dItalie-2023-Etape-5.jpeg 1280w, https:\/\/dicodusport.fr\/blog\/wp-content\/uploads\/2023\/05\/Tour-dItalie-2023-Etape-5-300x200.jpeg 300w, https:\/\/dicodusport.fr\/blog\/wp-content\/uploads\/2023\/05\/Tour-dItalie-2023-Etape-5-1024x682.jpeg 1024w, https:\/\/dicodusport.fr\/blog\/wp-content\/uploads\/2023\/05\/Tour-dItalie-2023-Etape-5-768x511.jpeg 768w\" sizes=\"auto, (max-width: 1280px) 100vw, 1280px\" \/><\/p>\n<p style=\"text-align: center;\"><a href=\"http:\/\/dicodusport.fr\/blog\/tour-italie-2023-le-profil-des-21-etapes\/6\/#six\" class=\"su-button su-button-style-flat\" style=\"color:#FFFFFF;background-color:#0057ae;border-color:#00468c;border-radius:4px\" target=\"_self\"><span style=\"color:#FFFFFF;padding:0px 22px;font-size:17px;line-height:34px;border-color:#4d8ac7;border-radius:4px;text-shadow:none\"> 6\u00e8me \u00e9tape<\/span><\/a><!--nextpage--><\/p>\n<h2 style=\"text-align: justify;\"><a id=\"six\"><\/a><span style=\"font-size: 24px;\">6\u00e8me \u00e9tape &#8211; Napoli &#8211; Napoli\u00a0: Jeudi 11 mai 2023<\/span><\/h2>\n<p style=\"text-align: justify;\">\u00c9tape vallonn\u00e9e d&rsquo;une distance de 162 km.<\/p>\n<p><img loading=\"lazy\" decoding=\"async\" class=\"size-full wp-image-378403 aligncenter\" src=\"https:\/\/dicodusport.fr\/blog\/wp-content\/uploads\/2023\/05\/Tour-dItalie-2023-Etape-6.jpeg\" alt=\"\" width=\"1280\" height=\"852\" srcset=\"https:\/\/dicodusport.fr\/blog\/wp-content\/uploads\/2023\/05\/Tour-dItalie-2023-Etape-6.jpeg 1280w, https:\/\/dicodusport.fr\/blog\/wp-content\/uploads\/2023\/05\/Tour-dItalie-2023-Etape-6-300x200.jpeg 300w, https:\/\/dicodusport.fr\/blog\/wp-content\/uploads\/2023\/05\/Tour-dItalie-2023-Etape-6-1024x682.jpeg 1024w, https:\/\/dicodusport.fr\/blog\/wp-content\/uploads\/2023\/05\/Tour-dItalie-2023-Etape-6-768x511.jpeg 768w\" sizes=\"auto, (max-width: 1280px) 100vw, 1280px\" \/><\/p>\n<p style=\"text-align: center;\"><a href=\"http:\/\/dicodusport.fr\/blog\/tour-italie-2023-le-profil-des-21-etapes\/7\/#sept\" class=\"su-button su-button-style-flat\" style=\"color:#FFFFFF;background-color:#0057ae;border-color:#00468c;border-radius:4px\" target=\"_self\"><span style=\"color:#FFFFFF;padding:0px 22px;font-size:17px;line-height:34px;border-color:#4d8ac7;border-radius:4px;text-shadow:none\"> 7\u00e8me \u00e9tape<\/span><\/a><!--nextpage--><\/p>\n<h2 style=\"text-align: justify;\"><a id=\"sept\"><\/a>7\u00e8me \u00e9tape &#8211; Capua &#8211; Gran Sasso d&rsquo;Italia (Campo Imperatore)\u00a0: Vendredi 12 mai 2023<\/h2>\n<p style=\"text-align: justify;\">\u00c9tape de montagne d&rsquo;une distance de 218 km.<\/p>\n<p><img loading=\"lazy\" decoding=\"async\" class=\"size-full wp-image-378402 aligncenter\" src=\"https:\/\/dicodusport.fr\/blog\/wp-content\/uploads\/2023\/05\/Tour-dItalie-2023-Etape-7.jpeg\" alt=\"\" width=\"1280\" height=\"852\" srcset=\"https:\/\/dicodusport.fr\/blog\/wp-content\/uploads\/2023\/05\/Tour-dItalie-2023-Etape-7.jpeg 1280w, https:\/\/dicodusport.fr\/blog\/wp-content\/uploads\/2023\/05\/Tour-dItalie-2023-Etape-7-300x200.jpeg 300w, https:\/\/dicodusport.fr\/blog\/wp-content\/uploads\/2023\/05\/Tour-dItalie-2023-Etape-7-1024x682.jpeg 1024w, https:\/\/dicodusport.fr\/blog\/wp-content\/uploads\/2023\/05\/Tour-dItalie-2023-Etape-7-768x511.jpeg 768w\" sizes=\"auto, (max-width: 1280px) 100vw, 1280px\" \/><\/p>\n<p style=\"text-align: center;\"><a href=\"http:\/\/dicodusport.fr\/blog\/tour-italie-2023-le-profil-des-21-etapes\/8\/#huit\" class=\"su-button su-button-style-flat\" style=\"color:#FFFFFF;background-color:#0057ae;border-color:#00468c;border-radius:4px\" target=\"_self\"><span style=\"color:#FFFFFF;padding:0px 22px;font-size:17px;line-height:34px;border-color:#4d8ac7;border-radius:4px;text-shadow:none\"> 8\u00e8me \u00e9tape<\/span><\/a>\n<p><!--nextpage--><\/p>\n<h2 style=\"text-align: justify;\"><a id=\"huit\"><\/a>8\u00e8me \u00e9tape &#8211; Terni &#8211; Fossombrone : Samedi 13 mai 2023<\/h2>\n<p style=\"text-align: justify;\">\u00c9tape accident\u00e9e d&rsquo;une distance de 207 km.<\/p>\n<p><img loading=\"lazy\" decoding=\"async\" class=\"size-full wp-image-378401 aligncenter\" src=\"https:\/\/dicodusport.fr\/blog\/wp-content\/uploads\/2023\/05\/Tour-dItalie-2023-Etape-8.jpeg\" alt=\"\" width=\"1280\" height=\"852\" srcset=\"https:\/\/dicodusport.fr\/blog\/wp-content\/uploads\/2023\/05\/Tour-dItalie-2023-Etape-8.jpeg 1280w, https:\/\/dicodusport.fr\/blog\/wp-content\/uploads\/2023\/05\/Tour-dItalie-2023-Etape-8-300x200.jpeg 300w, https:\/\/dicodusport.fr\/blog\/wp-content\/uploads\/2023\/05\/Tour-dItalie-2023-Etape-8-1024x682.jpeg 1024w, https:\/\/dicodusport.fr\/blog\/wp-content\/uploads\/2023\/05\/Tour-dItalie-2023-Etape-8-768x511.jpeg 768w\" sizes=\"auto, (max-width: 1280px) 100vw, 1280px\" \/><\/p>\n<p style=\"text-align: center;\"><a href=\"http:\/\/dicodusport.fr\/blog\/tour-italie-2023-le-profil-des-21-etapes\/9\/#neuf\" class=\"su-button su-button-style-flat\" style=\"color:#FFFFFF;background-color:#0057ae;border-color:#00468c;border-radius:4px\" target=\"_self\"><span style=\"color:#FFFFFF;padding:0px 22px;font-size:17px;line-height:34px;border-color:#4d8ac7;border-radius:4px;text-shadow:none\"> 9\u00e8me \u00e9tape<\/span><\/a>\n<p><!--nextpage--><\/p>\n<h2 style=\"text-align: justify;\"><a id=\"neuf\"><\/a>9\u00e8me \u00e9tape &#8211; Savignano sul Rubicone &#8211; Cesena<strong>\u00a0<\/strong>: Dimanche 15 mai 2023<\/h2>\n<p style=\"text-align: justify;\">Contre-la-montre individuel d&rsquo;une distance de 35 km.<\/p>\n<p><img loading=\"lazy\" decoding=\"async\" class=\"size-full wp-image-378400 aligncenter\" src=\"https:\/\/dicodusport.fr\/blog\/wp-content\/uploads\/2023\/05\/Tour-dItalie-2023-Etape-9.jpeg\" alt=\"\" width=\"1280\" height=\"852\" srcset=\"https:\/\/dicodusport.fr\/blog\/wp-content\/uploads\/2023\/05\/Tour-dItalie-2023-Etape-9.jpeg 1280w, https:\/\/dicodusport.fr\/blog\/wp-content\/uploads\/2023\/05\/Tour-dItalie-2023-Etape-9-300x200.jpeg 300w, https:\/\/dicodusport.fr\/blog\/wp-content\/uploads\/2023\/05\/Tour-dItalie-2023-Etape-9-1024x682.jpeg 1024w, https:\/\/dicodusport.fr\/blog\/wp-content\/uploads\/2023\/05\/Tour-dItalie-2023-Etape-9-768x511.jpeg 768w\" sizes=\"auto, (max-width: 1280px) 100vw, 1280px\" \/><\/p>\n<p style=\"text-align: center;\"><a href=\"http:\/\/dicodusport.fr\/blog\/tour-italie-2023-le-profil-des-21-etapes\/10\/#dix\" class=\"su-button su-button-style-flat\" style=\"color:#FFFFFF;background-color:#0057ae;border-color:#00468c;border-radius:4px\" target=\"_self\"><span style=\"color:#FFFFFF;padding:0px 22px;font-size:17px;line-height:34px;border-color:#4d8ac7;border-radius:4px;text-shadow:none\"> 10\u00e8me \u00e9tape<\/span><\/a>\n<p style=\"text-align: center;\"><!--nextpage--><\/p>\n<h2 style=\"text-align: justify;\"><a id=\"dix\"><\/a>10\u00e8me \u00e9tape &#8211; Scandiano &#8211; Viareggio<strong>\u00a0<\/strong>: Mardi 16 mai 2023<\/h2>\n<p style=\"text-align: justify;\">\u00c9tape accident\u00e9e d&rsquo;une distance de 196 km.<\/p>\n<p><img loading=\"lazy\" decoding=\"async\" class=\"size-full wp-image-378399 aligncenter\" src=\"https:\/\/dicodusport.fr\/blog\/wp-content\/uploads\/2023\/05\/Tour-dItalie-2023-Etape-10.jpeg\" alt=\"\" width=\"1280\" height=\"852\" srcset=\"https:\/\/dicodusport.fr\/blog\/wp-content\/uploads\/2023\/05\/Tour-dItalie-2023-Etape-10.jpeg 1280w, https:\/\/dicodusport.fr\/blog\/wp-content\/uploads\/2023\/05\/Tour-dItalie-2023-Etape-10-300x200.jpeg 300w, https:\/\/dicodusport.fr\/blog\/wp-content\/uploads\/2023\/05\/Tour-dItalie-2023-Etape-10-1024x682.jpeg 1024w, https:\/\/dicodusport.fr\/blog\/wp-content\/uploads\/2023\/05\/Tour-dItalie-2023-Etape-10-768x511.jpeg 768w\" sizes=\"auto, (max-width: 1280px) 100vw, 1280px\" \/><\/p>\n<p style=\"text-align: center;\"><a href=\"http:\/\/dicodusport.fr\/blog\/tour-italie-2023-le-profil-des-21-etapes\/11\/#onze\" class=\"su-button su-button-style-flat\" style=\"color:#FFFFFF;background-color:#0057ae;border-color:#00468c;border-radius:4px\" target=\"_self\"><span style=\"color:#FFFFFF;padding:0px 22px;font-size:17px;line-height:34px;border-color:#4d8ac7;border-radius:4px;text-shadow:none\"> 11\u00e8me \u00e9tape<\/span><\/a>\n<p><!--nextpage--><\/p>\n<h2 style=\"text-align: justify;\"><a id=\"onze\"><\/a>11\u00e8me \u00e9tape &#8211; Camaiore &#8211; Tortona<strong>\u00a0: <\/strong>Mercredi 17 mai 2023<\/h2>\n<p style=\"text-align: justify;\">\u00c9tape accident\u00e9e d&rsquo;une distance de 219 km.<\/p>\n<p><img loading=\"lazy\" decoding=\"async\" class=\"size-full wp-image-378398 aligncenter\" src=\"https:\/\/dicodusport.fr\/blog\/wp-content\/uploads\/2023\/05\/Tour-dItalie-2023-Etape-11.jpeg\" alt=\"\" width=\"1280\" height=\"852\" srcset=\"https:\/\/dicodusport.fr\/blog\/wp-content\/uploads\/2023\/05\/Tour-dItalie-2023-Etape-11.jpeg 1280w, https:\/\/dicodusport.fr\/blog\/wp-content\/uploads\/2023\/05\/Tour-dItalie-2023-Etape-11-300x200.jpeg 300w, https:\/\/dicodusport.fr\/blog\/wp-content\/uploads\/2023\/05\/Tour-dItalie-2023-Etape-11-1024x682.jpeg 1024w, https:\/\/dicodusport.fr\/blog\/wp-content\/uploads\/2023\/05\/Tour-dItalie-2023-Etape-11-768x511.jpeg 768w\" sizes=\"auto, (max-width: 1280px) 100vw, 1280px\" \/><\/p>\n<p style=\"text-align: center;\"><a href=\"http:\/\/dicodusport.fr\/blog\/tour-italie-2023-le-profil-des-21-etapes\/12\/#douze\" class=\"su-button su-button-style-flat\" style=\"color:#FFFFFF;background-color:#0057ae;border-color:#00468c;border-radius:4px\" target=\"_self\"><span style=\"color:#FFFFFF;padding:0px 22px;font-size:17px;line-height:34px;border-color:#4d8ac7;border-radius:4px;text-shadow:none\"> 12\u00e8me \u00e9tape<\/span><\/a><!--nextpage--><\/p>\n<h2 style=\"text-align: justify;\"><a id=\"douze\"><\/a>12\u00e8me \u00e9tape &#8211; Bra &#8211; Rivoli\u00a0: Jeudi 18 mai 2023<\/h2>\n<p style=\"text-align: justify;\">\u00c9tape accident\u00e9e d&rsquo;une distance de 179 km.<\/p>\n<p><img loading=\"lazy\" decoding=\"async\" class=\"size-full wp-image-378397 aligncenter\" src=\"https:\/\/dicodusport.fr\/blog\/wp-content\/uploads\/2023\/05\/Tour-dItalie-2023-Etape-12.jpeg\" alt=\"\" width=\"1280\" height=\"852\" srcset=\"https:\/\/dicodusport.fr\/blog\/wp-content\/uploads\/2023\/05\/Tour-dItalie-2023-Etape-12.jpeg 1280w, https:\/\/dicodusport.fr\/blog\/wp-content\/uploads\/2023\/05\/Tour-dItalie-2023-Etape-12-300x200.jpeg 300w, https:\/\/dicodusport.fr\/blog\/wp-content\/uploads\/2023\/05\/Tour-dItalie-2023-Etape-12-1024x682.jpeg 1024w, https:\/\/dicodusport.fr\/blog\/wp-content\/uploads\/2023\/05\/Tour-dItalie-2023-Etape-12-768x511.jpeg 768w\" sizes=\"auto, (max-width: 1280px) 100vw, 1280px\" \/><\/p>\n<p style=\"text-align: center;\"><a href=\"http:\/\/dicodusport.fr\/blog\/tour-italie-2023-le-profil-des-21-etapes\/13\/#treize\" class=\"su-button su-button-style-flat\" style=\"color:#FFFFFF;background-color:#0057ae;border-color:#00468c;border-radius:4px\" target=\"_self\"><span style=\"color:#FFFFFF;padding:0px 22px;font-size:17px;line-height:34px;border-color:#4d8ac7;border-radius:4px;text-shadow:none\"> 13\u00e8me \u00e9tape<\/span><\/a><!--nextpage--><\/p>\n<h2 style=\"text-align: justify;\"><a id=\"treize\"><\/a>13\u00e8me \u00e9tape &#8211; Borgofranco d\u2019Ivrea &#8211; Crans-Montana<strong>\u00a0<\/strong>: Vendredi 19 mai 2023<\/h2>\n<p style=\"text-align: justify;\">\u00c9tape de montagne d&rsquo;une distance de 207 km.<\/p>\n<p><img loading=\"lazy\" decoding=\"async\" class=\"size-full wp-image-378396 aligncenter\" src=\"https:\/\/dicodusport.fr\/blog\/wp-content\/uploads\/2023\/05\/Tour-dItalie-2023-Etape-13.jpeg\" alt=\"\" width=\"1280\" height=\"852\" srcset=\"https:\/\/dicodusport.fr\/blog\/wp-content\/uploads\/2023\/05\/Tour-dItalie-2023-Etape-13.jpeg 1280w, https:\/\/dicodusport.fr\/blog\/wp-content\/uploads\/2023\/05\/Tour-dItalie-2023-Etape-13-300x200.jpeg 300w, https:\/\/dicodusport.fr\/blog\/wp-content\/uploads\/2023\/05\/Tour-dItalie-2023-Etape-13-1024x682.jpeg 1024w, https:\/\/dicodusport.fr\/blog\/wp-content\/uploads\/2023\/05\/Tour-dItalie-2023-Etape-13-768x511.jpeg 768w\" sizes=\"auto, (max-width: 1280px) 100vw, 1280px\" \/><\/p>\n<p style=\"text-align: center;\"><a href=\"http:\/\/dicodusport.fr\/blog\/tour-italie-2023-le-profil-des-21-etapes\/14\/#quatorze\" class=\"su-button su-button-style-flat\" style=\"color:#FFFFFF;background-color:#0057ae;border-color:#00468c;border-radius:4px\" target=\"_self\"><span style=\"color:#FFFFFF;padding:0px 22px;font-size:17px;line-height:34px;border-color:#4d8ac7;border-radius:4px;text-shadow:none\"> 14\u00e8me \u00e9tape<\/span><\/a>\n<p><!--nextpage--><\/p>\n<h2 style=\"text-align: justify;\"><a id=\"quatorze\"><\/a>14\u00e8me \u00e9tape &#8211; Sierre &#8211; Cassano Magnago<strong>\u00a0<\/strong>: Samedi 20 mai 2023<\/h2>\n<p style=\"text-align: justify;\">\u00c9tape accident\u00e9e d&rsquo;une distance de 194 km.<\/p>\n<p><img loading=\"lazy\" decoding=\"async\" class=\"size-full wp-image-378395 aligncenter\" src=\"https:\/\/dicodusport.fr\/blog\/wp-content\/uploads\/2023\/05\/Tour-dItalie-2023-Etape-14.jpeg\" alt=\"\" width=\"1280\" height=\"852\" srcset=\"https:\/\/dicodusport.fr\/blog\/wp-content\/uploads\/2023\/05\/Tour-dItalie-2023-Etape-14.jpeg 1280w, https:\/\/dicodusport.fr\/blog\/wp-content\/uploads\/2023\/05\/Tour-dItalie-2023-Etape-14-300x200.jpeg 300w, https:\/\/dicodusport.fr\/blog\/wp-content\/uploads\/2023\/05\/Tour-dItalie-2023-Etape-14-1024x682.jpeg 1024w, https:\/\/dicodusport.fr\/blog\/wp-content\/uploads\/2023\/05\/Tour-dItalie-2023-Etape-14-768x511.jpeg 768w\" sizes=\"auto, (max-width: 1280px) 100vw, 1280px\" \/><\/p>\n<p style=\"text-align: center;\"><a href=\"http:\/\/dicodusport.fr\/blog\/tour-italie-2023-le-profil-des-21-etapes\/15\/#quinze\" class=\"su-button su-button-style-flat\" style=\"color:#FFFFFF;background-color:#0057ae;border-color:#00468c;border-radius:4px\" target=\"_self\"><span style=\"color:#FFFFFF;padding:0px 22px;font-size:17px;line-height:34px;border-color:#4d8ac7;border-radius:4px;text-shadow:none\"> 15\u00e8me \u00e9tape<\/span><\/a>\n<p><!--nextpage--><\/p>\n<h2 style=\"text-align: justify;\"><a id=\"quinze\"><\/a>15\u00e8me \u00e9tape &#8211; Seregno &#8211; Bergamo <strong>\u00a0<\/strong>: Dimanche 21 mai 2023<\/h2>\n<p style=\"text-align: justify;\">\u00c9tape de moyenne montagne d&rsquo;une distance de 195 km.<\/p>\n<p><img loading=\"lazy\" decoding=\"async\" class=\"size-full wp-image-378394 aligncenter\" src=\"https:\/\/dicodusport.fr\/blog\/wp-content\/uploads\/2023\/05\/Tour-dItalie-2023-Etape-15.jpeg\" alt=\"\" width=\"1280\" height=\"852\" srcset=\"https:\/\/dicodusport.fr\/blog\/wp-content\/uploads\/2023\/05\/Tour-dItalie-2023-Etape-15.jpeg 1280w, https:\/\/dicodusport.fr\/blog\/wp-content\/uploads\/2023\/05\/Tour-dItalie-2023-Etape-15-300x200.jpeg 300w, https:\/\/dicodusport.fr\/blog\/wp-content\/uploads\/2023\/05\/Tour-dItalie-2023-Etape-15-1024x682.jpeg 1024w, https:\/\/dicodusport.fr\/blog\/wp-content\/uploads\/2023\/05\/Tour-dItalie-2023-Etape-15-768x511.jpeg 768w\" sizes=\"auto, (max-width: 1280px) 100vw, 1280px\" \/><\/p>\n<p style=\"text-align: center;\"><a href=\"http:\/\/dicodusport.fr\/blog\/tour-italie-2023-le-profil-des-21-etapes\/16\/#seize\" class=\"su-button su-button-style-flat\" style=\"color:#FFFFFF;background-color:#0057ae;border-color:#00468c;border-radius:4px\" target=\"_self\"><span style=\"color:#FFFFFF;padding:0px 22px;font-size:17px;line-height:34px;border-color:#4d8ac7;border-radius:4px;text-shadow:none\"> 16\u00e8me \u00e9tape<\/span><\/a>\n<p><!--nextpage--><\/p>\n<h2 style=\"text-align: justify;\"><a id=\"seize\"><\/a>16\u00e8me \u00e9tape &#8211; Sabbio Chiese &#8211; Monte Bondone<strong>\u00a0<\/strong>: Mardi 23 mai 2023<\/h2>\n<p style=\"text-align: justify;\">\u00c9tape de montagne d&rsquo;une distance de 203 km.<\/p>\n<p><img loading=\"lazy\" decoding=\"async\" class=\"size-full wp-image-378393 aligncenter\" src=\"https:\/\/dicodusport.fr\/blog\/wp-content\/uploads\/2023\/05\/Tour-dItalie-2023-Etape-16.jpeg\" alt=\"\" width=\"1280\" height=\"852\" srcset=\"https:\/\/dicodusport.fr\/blog\/wp-content\/uploads\/2023\/05\/Tour-dItalie-2023-Etape-16.jpeg 1280w, https:\/\/dicodusport.fr\/blog\/wp-content\/uploads\/2023\/05\/Tour-dItalie-2023-Etape-16-300x200.jpeg 300w, https:\/\/dicodusport.fr\/blog\/wp-content\/uploads\/2023\/05\/Tour-dItalie-2023-Etape-16-1024x682.jpeg 1024w, https:\/\/dicodusport.fr\/blog\/wp-content\/uploads\/2023\/05\/Tour-dItalie-2023-Etape-16-768x511.jpeg 768w\" sizes=\"auto, (max-width: 1280px) 100vw, 1280px\" \/><\/p>\n<p style=\"text-align: center;\"><a href=\"http:\/\/dicodusport.fr\/blog\/tour-italie-2023-le-profil-des-21-etapes\/17\/#dixsept\" class=\"su-button su-button-style-flat\" style=\"color:#FFFFFF;background-color:#0057ae;border-color:#00468c;border-radius:4px\" target=\"_self\"><span style=\"color:#FFFFFF;padding:0px 22px;font-size:17px;line-height:34px;border-color:#4d8ac7;border-radius:4px;text-shadow:none\"> 17\u00e8me \u00e9tape<\/span><\/a>\n<p><!--nextpage--><\/p>\n<h2 style=\"text-align: justify;\"><a id=\"dixsept\"><\/a>17\u00e8me \u00e9tape &#8211; \u00a0Pergine Valsugana &#8211; Caorle : Mercredi 24 mai 2023<\/h2>\n<p style=\"text-align: justify;\">\u00c9tape de plaine d&rsquo;une distance de 197 km.<\/p>\n<p><img loading=\"lazy\" decoding=\"async\" class=\"size-full wp-image-378392 aligncenter\" src=\"https:\/\/dicodusport.fr\/blog\/wp-content\/uploads\/2023\/05\/Tour-dItalie-2023-Etape-17.jpeg\" alt=\"\" width=\"1280\" height=\"852\" srcset=\"https:\/\/dicodusport.fr\/blog\/wp-content\/uploads\/2023\/05\/Tour-dItalie-2023-Etape-17.jpeg 1280w, https:\/\/dicodusport.fr\/blog\/wp-content\/uploads\/2023\/05\/Tour-dItalie-2023-Etape-17-300x200.jpeg 300w, https:\/\/dicodusport.fr\/blog\/wp-content\/uploads\/2023\/05\/Tour-dItalie-2023-Etape-17-1024x682.jpeg 1024w, https:\/\/dicodusport.fr\/blog\/wp-content\/uploads\/2023\/05\/Tour-dItalie-2023-Etape-17-768x511.jpeg 768w\" sizes=\"auto, (max-width: 1280px) 100vw, 1280px\" \/><\/p>\n<p style=\"text-align: center;\"><a href=\"http:\/\/dicodusport.fr\/blog\/tour-italie-2023-le-profil-des-21-etapes\/18\/#dixhuit\" class=\"su-button su-button-style-flat\" style=\"color:#FFFFFF;background-color:#0057ae;border-color:#00468c;border-radius:4px\" target=\"_self\"><span style=\"color:#FFFFFF;padding:0px 22px;font-size:17px;line-height:34px;border-color:#4d8ac7;border-radius:4px;text-shadow:none\"> 18\u00e8me \u00e9tape<\/span><\/a><!--nextpage--><\/p>\n<h2 style=\"text-align: justify;\"><a id=\"dixhuit\"><\/a>18\u00e8me \u00e9tape &#8211; Oderzo &#8211; Zoldo Alto<strong>\u00a0<\/strong>: Jeudi 25 mai 2023<\/h2>\n<p style=\"text-align: justify;\">\u00c9tape de montagne d&rsquo;une distance de 161 km.<\/p>\n<p><img loading=\"lazy\" decoding=\"async\" class=\"size-full wp-image-378391 aligncenter\" src=\"https:\/\/dicodusport.fr\/blog\/wp-content\/uploads\/2023\/05\/Tour-dItalie-2023-Etape-18.jpeg\" alt=\"\" width=\"1280\" height=\"852\" srcset=\"https:\/\/dicodusport.fr\/blog\/wp-content\/uploads\/2023\/05\/Tour-dItalie-2023-Etape-18.jpeg 1280w, https:\/\/dicodusport.fr\/blog\/wp-content\/uploads\/2023\/05\/Tour-dItalie-2023-Etape-18-300x200.jpeg 300w, https:\/\/dicodusport.fr\/blog\/wp-content\/uploads\/2023\/05\/Tour-dItalie-2023-Etape-18-1024x682.jpeg 1024w, https:\/\/dicodusport.fr\/blog\/wp-content\/uploads\/2023\/05\/Tour-dItalie-2023-Etape-18-768x511.jpeg 768w\" sizes=\"auto, (max-width: 1280px) 100vw, 1280px\" \/><\/p>\n<p style=\"text-align: center;\"><a href=\"http:\/\/dicodusport.fr\/blog\/tour-italie-2023-le-profil-des-21-etapes\/19\/#dixneuf\" class=\"su-button su-button-style-flat\" style=\"color:#FFFFFF;background-color:#0057ae;border-color:#00468c;border-radius:4px\" target=\"_self\"><span style=\"color:#FFFFFF;padding:0px 22px;font-size:17px;line-height:34px;border-color:#4d8ac7;border-radius:4px;text-shadow:none\"> 19\u00e8me \u00e9tape<\/span><\/a><!--nextpage--><\/p>\n<h2 style=\"text-align: justify;\"><a id=\"dixneuf\"><\/a>19\u00e8me \u00e9tape &#8211; Longarone &#8211; Tre Cime di Lavaredo\u00a0: Vendredi 26 mai 2023<\/h2>\n<p style=\"text-align: justify;\">\u00c9tape de moyenne montagne d&rsquo;une distance de 183 km.<\/p>\n<p><img loading=\"lazy\" decoding=\"async\" class=\"size-full wp-image-378390 aligncenter\" src=\"https:\/\/dicodusport.fr\/blog\/wp-content\/uploads\/2023\/05\/Tour-dItalie-2023-Etape-19.jpeg\" alt=\"\" width=\"1280\" height=\"852\" srcset=\"https:\/\/dicodusport.fr\/blog\/wp-content\/uploads\/2023\/05\/Tour-dItalie-2023-Etape-19.jpeg 1280w, https:\/\/dicodusport.fr\/blog\/wp-content\/uploads\/2023\/05\/Tour-dItalie-2023-Etape-19-300x200.jpeg 300w, https:\/\/dicodusport.fr\/blog\/wp-content\/uploads\/2023\/05\/Tour-dItalie-2023-Etape-19-1024x682.jpeg 1024w, https:\/\/dicodusport.fr\/blog\/wp-content\/uploads\/2023\/05\/Tour-dItalie-2023-Etape-19-768x511.jpeg 768w\" sizes=\"auto, (max-width: 1280px) 100vw, 1280px\" \/><\/p>\n<p style=\"text-align: center;\"><a href=\"http:\/\/dicodusport.fr\/blog\/tour-italie-2023-le-profil-des-21-etapes\/20\/#vingt\" class=\"su-button su-button-style-flat\" style=\"color:#FFFFFF;background-color:#0057ae;border-color:#00468c;border-radius:4px\" target=\"_self\"><span style=\"color:#FFFFFF;padding:0px 22px;font-size:17px;line-height:34px;border-color:#4d8ac7;border-radius:4px;text-shadow:none\"> 20\u00e8me \u00e9tape<\/span><\/a>\n<p><!--nextpage--><\/p>\n<h2 style=\"text-align: justify;\"><a id=\"vingt\"><\/a>20\u00e8me \u00e9tape &#8211; Tarvisio &#8211; Monte Lussari\u00a0: Samedi 27 mai 2023<\/h2>\n<p style=\"text-align: justify;\">Contre-la-montre individuel d&rsquo;une distance de 18,6 km.<\/p>\n<p><img loading=\"lazy\" decoding=\"async\" class=\"size-full wp-image-378389 aligncenter\" src=\"https:\/\/dicodusport.fr\/blog\/wp-content\/uploads\/2023\/05\/Tour-dItalie-2023-Etape-20.jpeg\" alt=\"\" width=\"1280\" height=\"852\" srcset=\"https:\/\/dicodusport.fr\/blog\/wp-content\/uploads\/2023\/05\/Tour-dItalie-2023-Etape-20.jpeg 1280w, https:\/\/dicodusport.fr\/blog\/wp-content\/uploads\/2023\/05\/Tour-dItalie-2023-Etape-20-300x200.jpeg 300w, https:\/\/dicodusport.fr\/blog\/wp-content\/uploads\/2023\/05\/Tour-dItalie-2023-Etape-20-1024x682.jpeg 1024w, https:\/\/dicodusport.fr\/blog\/wp-content\/uploads\/2023\/05\/Tour-dItalie-2023-Etape-20-768x511.jpeg 768w\" sizes=\"auto, (max-width: 1280px) 100vw, 1280px\" \/><\/p>\n<p style=\"text-align: center;\"><a href=\"http:\/\/dicodusport.fr\/blog\/tour-italie-2023-le-profil-des-21-etapes\/21\/#vingtetun\" class=\"su-button su-button-style-flat\" style=\"color:#FFFFFF;background-color:#0057ae;border-color:#00468c;border-radius:4px\" target=\"_self\"><span style=\"color:#FFFFFF;padding:0px 22px;font-size:17px;line-height:34px;border-color:#4d8ac7;border-radius:4px;text-shadow:none\"> <strong>21\u00e8me \u00e9tape<\/strong><\/span><\/a>\n<p><!--nextpage--><\/p>\n<h2 style=\"text-align: justify;\"><a id=\"neuf\"><\/a>21\u00e8me \u00e9tape &#8211; Verona &#8211; Verona : Dimanche 28 mai 2023<\/h2>\n<p style=\"text-align: justify;\">\u00c9tape de plaine d&rsquo;une distance de 126 km.<\/p>\n<p><img loading=\"lazy\" decoding=\"async\" class=\"size-full wp-image-378388 aligncenter\" src=\"https:\/\/dicodusport.fr\/blog\/wp-content\/uploads\/2023\/05\/Tour-dItalie-2023-Etape-21.jpeg\" alt=\"\" width=\"1280\" height=\"852\" srcset=\"https:\/\/dicodusport.fr\/blog\/wp-content\/uploads\/2023\/05\/Tour-dItalie-2023-Etape-21.jpeg 1280w, https:\/\/dicodusport.fr\/blog\/wp-content\/uploads\/2023\/05\/Tour-dItalie-2023-Etape-21-300x200.jpeg 300w, https:\/\/dicodusport.fr\/blog\/wp-content\/uploads\/2023\/05\/Tour-dItalie-2023-Etape-21-1024x682.jpeg 1024w, https:\/\/dicodusport.fr\/blog\/wp-content\/uploads\/2023\/05\/Tour-dItalie-2023-Etape-21-768x511.jpeg 768w\" sizes=\"auto, (max-width: 1280px) 100vw, 1280px\" \/><\/p>\n<p style=\"text-align: center;\"><a href=\"http:\/\/dicodusport.fr\/blog\/tour-italie-2023-le-profil-des-21-etapes\/\" class=\"su-button su-button-style-flat\" style=\"color:#FFFFFF;background-color:#0057ae;border-color:#00468c;border-radius:4px\" target=\"_self\"><span style=\"color:#FFFFFF;padding:0px 22px;font-size:17px;line-height:34px;border-color:#4d8ac7;border-radius:4px;text-shadow:none\"> Revenir au d\u00e9but<\/span><\/a>\n<h2>\u00c0 lire aussi<\/h2>\n<ul>\n<li><strong><a href=\"https:\/\/dicodusport.fr\/blog\/tour-d-italie-2023-les-engages\/\">Les engag\u00e9s du Tour d&rsquo;Italie 2023<\/a>\u00a0<\/strong><\/li>\n<li><strong>Tour d\u2019Italie 2023 : \u00c0 quelle heure et sur quelle cha\u00eene ? (\u00e0 venir)<\/strong><\/li>\n<\/ul>\n","protected":false},"excerpt":{"rendered":"<p>CYCLISME &#8211; La 106\u00e8me \u00e9dition du Tour d&rsquo;Italie d\u00e9bute ce samedi 6 mai. D\u00e9couvrez le profil des 21 \u00e9tapes du Giro 2023.<\/p>\n","protected":false},"author":1,"featured_media":378429,"comment_status":"open","ping_status":"closed","sticky":false,"template":"","format":"standard","meta":{"_acf_changed":false,"_daextam_enable_autolinks":"","footnotes":""},"categories":[47041],"tags":[16878,2830,4722],"class_list":["post-378422","post","type-post","status-publish","format-standard","has-post-thumbnail","hentry","category-tour-d-italie","tag-breve","tag-giro","tag-tour-ditalie"],"acf":[],"yoast_head":"<!-- This site is optimized with the Yoast SEO Premium plugin v26.7 (Yoast SEO v26.7) - https:\/\/yoast.com\/wordpress\/plugins\/seo\/ -->\n<title>Tour d&#039;Italie 2023 : Le profil des 21 \u00e9tapes<\/title>\n<meta name=\"description\" content=\"CYCLISME - La 106\u00e8me \u00e9dition du Tour d&#039;Italie d\u00e9bute ce samedi 6 mai. D\u00e9couvrez le profil des 21 \u00e9tapes du Giro 2023.\" \/>\n<meta name=\"robots\" content=\"index, follow, max-snippet:-1, max-image-preview:large, max-video-preview:-1\" \/>\n<link rel=\"canonical\" href=\"https:\/\/dicodusport.fr\/blog\/tour-italie-2023-le-profil-des-21-etapes\/\" \/>\n<link rel=\"next\" href=\"https:\/\/dicodusport.fr\/blog\/tour-italie-2023-le-profil-des-21-etapes\/2\/\" \/>\n<meta property=\"og:locale\" content=\"fr_FR\" \/>\n<meta property=\"og:type\" content=\"article\" \/>\n<meta property=\"og:title\" content=\"Tour d&#039;Italie 2023 : Le profil des 21 \u00e9tapes\" \/>\n<meta property=\"og:description\" content=\"CYCLISME - La 106\u00e8me \u00e9dition du Tour d&#039;Italie d\u00e9bute ce samedi 6 mai. D\u00e9couvrez le profil des 21 \u00e9tapes du Giro 2023.\" \/>\n<meta property=\"og:url\" content=\"https:\/\/dicodusport.fr\/blog\/tour-italie-2023-le-profil-des-21-etapes\/\" \/>\n<meta property=\"og:site_name\" content=\"Dicodusport\" \/>\n<meta property=\"article:publisher\" content=\"https:\/\/www.facebook.com\/dicodusport\" \/>\n<meta property=\"article:author\" content=\"https:\/\/www.facebook.com\/dicodusport\" \/>\n<meta property=\"article:published_time\" content=\"2023-05-01T13:23:26+00:00\" \/>\n<meta property=\"article:modified_time\" content=\"2023-05-01T20:17:20+00:00\" \/>\n<meta property=\"og:image\" content=\"https:\/\/dicodusport.fr\/blog\/wp-content\/uploads\/2023\/05\/Tour-dItalie-2023-Le-profil-des-21-etapes.png\" \/>\n\t<meta property=\"og:image:width\" content=\"800\" \/>\n\t<meta property=\"og:image:height\" content=\"445\" \/>\n\t<meta property=\"og:image:type\" content=\"image\/png\" \/>\n<meta name=\"author\" content=\"Nicolas Jacquemard\" \/>\n<meta name=\"twitter:card\" content=\"summary_large_image\" \/>\n<meta name=\"twitter:title\" content=\"Tour d&#039;Italie 2023 : Le profil des 21 \u00e9tapes\" \/>\n<meta name=\"twitter:creator\" content=\"@https:\/\/twitter.com\/Nico_Jacquemard\" \/>\n<meta name=\"twitter:site\" content=\"@dicodusport\" \/>\n<script type=\"application\/ld+json\" class=\"yoast-schema-graph\">{\"@context\":\"https:\/\/schema.org\",\"@graph\":[{\"@type\":\"NewsArticle\",\"@id\":\"https:\/\/dicodusport.fr\/blog\/tour-italie-2023-le-profil-des-21-etapes\/#article\",\"isPartOf\":{\"@id\":\"https:\/\/dicodusport.fr\/blog\/tour-italie-2023-le-profil-des-21-etapes\/\"},\"author\":{\"name\":\"Nicolas Jacquemard\",\"@id\":\"https:\/\/dicodusport.fr\/blog\/#\/schema\/person\/55dcb50ad410894e431ed812bbb70191\"},\"headline\":\"Tour d&rsquo;Italie 2023 : Le profil des 21 \u00e9tapes\",\"datePublished\":\"2023-05-01T13:23:26+00:00\",\"dateModified\":\"2023-05-01T20:17:20+00:00\",\"mainEntityOfPage\":{\"@id\":\"https:\/\/dicodusport.fr\/blog\/tour-italie-2023-le-profil-des-21-etapes\/\"},\"wordCount\":849,\"commentCount\":0,\"publisher\":{\"@id\":\"https:\/\/dicodusport.fr\/blog\/#organization\"},\"image\":{\"@id\":\"https:\/\/dicodusport.fr\/blog\/tour-italie-2023-le-profil-des-21-etapes\/#primaryimage\"},\"thumbnailUrl\":\"https:\/\/dicodusport.fr\/blog\/wp-content\/uploads\/2023\/05\/Tour-dItalie-2023-Le-profil-des-21-etapes.png\",\"keywords\":[\"br\u00e8ve\",\"Giro\",\"Tour d'Italie\"],\"articleSection\":[\"Tour d'Italie\"],\"inLanguage\":\"fr-FR\",\"potentialAction\":[{\"@type\":\"CommentAction\",\"name\":\"Comment\",\"target\":[\"https:\/\/dicodusport.fr\/blog\/tour-italie-2023-le-profil-des-21-etapes\/#respond\"]}],\"copyrightYear\":\"2023\",\"copyrightHolder\":{\"@id\":\"https:\/\/dicodusport.fr\/blog\/#organization\"}},{\"@type\":\"WebPage\",\"@id\":\"https:\/\/dicodusport.fr\/blog\/tour-italie-2023-le-profil-des-21-etapes\/\",\"url\":\"https:\/\/dicodusport.fr\/blog\/tour-italie-2023-le-profil-des-21-etapes\/\",\"name\":\"Tour d'Italie 2023 : Le profil des 21 \u00e9tapes\",\"isPartOf\":{\"@id\":\"https:\/\/dicodusport.fr\/blog\/#website\"},\"primaryImageOfPage\":{\"@id\":\"https:\/\/dicodusport.fr\/blog\/tour-italie-2023-le-profil-des-21-etapes\/#primaryimage\"},\"image\":{\"@id\":\"https:\/\/dicodusport.fr\/blog\/tour-italie-2023-le-profil-des-21-etapes\/#primaryimage\"},\"thumbnailUrl\":\"https:\/\/dicodusport.fr\/blog\/wp-content\/uploads\/2023\/05\/Tour-dItalie-2023-Le-profil-des-21-etapes.png\",\"datePublished\":\"2023-05-01T13:23:26+00:00\",\"dateModified\":\"2023-05-01T20:17:20+00:00\",\"description\":\"CYCLISME - La 106\u00e8me \u00e9dition du Tour d'Italie d\u00e9bute ce samedi 6 mai. D\u00e9couvrez le profil des 21 \u00e9tapes du Giro 2023.\",\"inLanguage\":\"fr-FR\",\"potentialAction\":[{\"@type\":\"ReadAction\",\"target\":[\"https:\/\/dicodusport.fr\/blog\/tour-italie-2023-le-profil-des-21-etapes\/\"]}]},{\"@type\":\"ImageObject\",\"inLanguage\":\"fr-FR\",\"@id\":\"https:\/\/dicodusport.fr\/blog\/tour-italie-2023-le-profil-des-21-etapes\/#primaryimage\",\"url\":\"https:\/\/dicodusport.fr\/blog\/wp-content\/uploads\/2023\/05\/Tour-dItalie-2023-Le-profil-des-21-etapes.png\",\"contentUrl\":\"https:\/\/dicodusport.fr\/blog\/wp-content\/uploads\/2023\/05\/Tour-dItalie-2023-Le-profil-des-21-etapes.png\",\"width\":800,\"height\":445},{\"@type\":\"WebSite\",\"@id\":\"https:\/\/dicodusport.fr\/blog\/#website\",\"url\":\"https:\/\/dicodusport.fr\/blog\/\",\"name\":\"Dicodusport\",\"description\":\"L&#039;encyclop\u00e9die de l&#039;actualit\u00e9 sportive\",\"publisher\":{\"@id\":\"https:\/\/dicodusport.fr\/blog\/#organization\"},\"potentialAction\":[{\"@type\":\"SearchAction\",\"target\":{\"@type\":\"EntryPoint\",\"urlTemplate\":\"https:\/\/dicodusport.fr\/blog\/?s={search_term_string}\"},\"query-input\":{\"@type\":\"PropertyValueSpecification\",\"valueRequired\":true,\"valueName\":\"search_term_string\"}}],\"inLanguage\":\"fr-FR\"},{\"@type\":\"NewsMediaOrganization\",\"@id\":\"https:\/\/dicodusport.fr\/blog\/#organization\",\"name\":\"Dicodusport\",\"url\":\"https:\/\/dicodusport.fr\/blog\/\",\"logo\":{\"@type\":\"ImageObject\",\"inLanguage\":\"fr-FR\",\"@id\":\"https:\/\/dicodusport.fr\/blog\/#\/schema\/logo\/image\/\",\"url\":\"https:\/\/dicodusport.fr\/blog\/wp-content\/uploads\/2020\/06\/cropped-LOGO-DICODUSPORT-2020-SANS-FOND-SANS-TEXTE.png\",\"contentUrl\":\"https:\/\/dicodusport.fr\/blog\/wp-content\/uploads\/2020\/06\/cropped-LOGO-DICODUSPORT-2020-SANS-FOND-SANS-TEXTE.png\",\"width\":512,\"height\":512,\"caption\":\"Dicodusport\"},\"image\":{\"@id\":\"https:\/\/dicodusport.fr\/blog\/#\/schema\/logo\/image\/\"},\"sameAs\":[\"https:\/\/www.facebook.com\/dicodusport\",\"https:\/\/x.com\/dicodusport\",\"https:\/\/www.instagram.com\/dicodusport\/\",\"https:\/\/www.youtube.com\/channel\/UC7V2KZ5sd3htJivAbA4ZG3w\"],\"description\":\"Dicodusport est l'encyclop\u00e9die de l'actualit\u00e9 sportive.\",\"email\":\"bonjour@dicodusport.fr\",\"legalName\":\"DICODUSPORT\",\"foundingDate\":\"2018-01-14\",\"vatID\":\"FR71834470973\",\"taxID\":\"83447097300043\",\"numberOfEmployees\":{\"@type\":\"QuantitativeValue\",\"minValue\":\"1\",\"maxValue\":\"10\"}},{\"@type\":\"Person\",\"@id\":\"https:\/\/dicodusport.fr\/blog\/#\/schema\/person\/55dcb50ad410894e431ed812bbb70191\",\"name\":\"Nicolas Jacquemard\",\"image\":{\"@type\":\"ImageObject\",\"inLanguage\":\"fr-FR\",\"@id\":\"https:\/\/dicodusport.fr\/blog\/#\/schema\/person\/image\/\",\"url\":\"https:\/\/dicodusport.fr\/blog\/wp-content\/uploads\/2021\/05\/Nicolas-Jacquemard-150x150.jpeg\",\"contentUrl\":\"https:\/\/dicodusport.fr\/blog\/wp-content\/uploads\/2021\/05\/Nicolas-Jacquemard-150x150.jpeg\",\"caption\":\"Nicolas Jacquemard\"},\"description\":\"Passionn\u00e9 de sport et entrepreneur depuis mes 18 ans, la cr\u00e9ation de Dicodusport m'a sembl\u00e9 \u00e9vidente pour participer \u00e0 la m\u00e9diatisation d'un plus grand nombre de sports. Le chemin est long mais avec une \u00e9quipe des plus motiv\u00e9es et les Jeux Olympiques de Paris 2024 en point de mire, nous y arriverons ! Journaliste dans le monde du sport depuis plus de 5 ans, je traite aussi bien de football, de rugby, de biathlon que de cyclisme.\",\"sameAs\":[\"https:\/\/www.facebook.com\/dicodusport\",\"https:\/\/x.com\/https:\/\/twitter.com\/Nico_Jacquemard\"],\"url\":\"https:\/\/dicodusport.fr\/blog\/author\/dicodusport\/\"}]}<\/script>\n<!-- \/ Yoast SEO Premium plugin. -->","yoast_head_json":{"title":"Tour d'Italie 2023 : Le profil des 21 \u00e9tapes","description":"CYCLISME - La 106\u00e8me \u00e9dition du Tour d'Italie d\u00e9bute ce samedi 6 mai. D\u00e9couvrez le profil des 21 \u00e9tapes du Giro 2023.","robots":{"index":"index","follow":"follow","max-snippet":"max-snippet:-1","max-image-preview":"max-image-preview:large","max-video-preview":"max-video-preview:-1"},"canonical":"https:\/\/dicodusport.fr\/blog\/tour-italie-2023-le-profil-des-21-etapes\/","next":"https:\/\/dicodusport.fr\/blog\/tour-italie-2023-le-profil-des-21-etapes\/2\/","og_locale":"fr_FR","og_type":"article","og_title":"Tour d'Italie 2023 : Le profil des 21 \u00e9tapes","og_description":"CYCLISME - La 106\u00e8me \u00e9dition du Tour d'Italie d\u00e9bute ce samedi 6 mai. D\u00e9couvrez le profil des 21 \u00e9tapes du Giro 2023.","og_url":"https:\/\/dicodusport.fr\/blog\/tour-italie-2023-le-profil-des-21-etapes\/","og_site_name":"Dicodusport","article_publisher":"https:\/\/www.facebook.com\/dicodusport","article_author":"https:\/\/www.facebook.com\/dicodusport","article_published_time":"2023-05-01T13:23:26+00:00","article_modified_time":"2023-05-01T20:17:20+00:00","og_image":[{"width":800,"height":445,"url":"https:\/\/dicodusport.fr\/blog\/wp-content\/uploads\/2023\/05\/Tour-dItalie-2023-Le-profil-des-21-etapes.png","type":"image\/png"}],"author":"Nicolas Jacquemard","twitter_card":"summary_large_image","twitter_title":"Tour d'Italie 2023 : Le profil des 21 \u00e9tapes","twitter_creator":"@https:\/\/twitter.com\/Nico_Jacquemard","twitter_site":"@dicodusport","schema":{"@context":"https:\/\/schema.org","@graph":[{"@type":"NewsArticle","@id":"https:\/\/dicodusport.fr\/blog\/tour-italie-2023-le-profil-des-21-etapes\/#article","isPartOf":{"@id":"https:\/\/dicodusport.fr\/blog\/tour-italie-2023-le-profil-des-21-etapes\/"},"author":{"name":"Nicolas Jacquemard","@id":"https:\/\/dicodusport.fr\/blog\/#\/schema\/person\/55dcb50ad410894e431ed812bbb70191"},"headline":"Tour d&rsquo;Italie 2023 : Le profil des 21 \u00e9tapes","datePublished":"2023-05-01T13:23:26+00:00","dateModified":"2023-05-01T20:17:20+00:00","mainEntityOfPage":{"@id":"https:\/\/dicodusport.fr\/blog\/tour-italie-2023-le-profil-des-21-etapes\/"},"wordCount":849,"commentCount":0,"publisher":{"@id":"https:\/\/dicodusport.fr\/blog\/#organization"},"image":{"@id":"https:\/\/dicodusport.fr\/blog\/tour-italie-2023-le-profil-des-21-etapes\/#primaryimage"},"thumbnailUrl":"https:\/\/dicodusport.fr\/blog\/wp-content\/uploads\/2023\/05\/Tour-dItalie-2023-Le-profil-des-21-etapes.png","keywords":["br\u00e8ve","Giro","Tour d'Italie"],"articleSection":["Tour d'Italie"],"inLanguage":"fr-FR","potentialAction":[{"@type":"CommentAction","name":"Comment","target":["https:\/\/dicodusport.fr\/blog\/tour-italie-2023-le-profil-des-21-etapes\/#respond"]}],"copyrightYear":"2023","copyrightHolder":{"@id":"https:\/\/dicodusport.fr\/blog\/#organization"}},{"@type":"WebPage","@id":"https:\/\/dicodusport.fr\/blog\/tour-italie-2023-le-profil-des-21-etapes\/","url":"https:\/\/dicodusport.fr\/blog\/tour-italie-2023-le-profil-des-21-etapes\/","name":"Tour d'Italie 2023 : Le profil des 21 \u00e9tapes","isPartOf":{"@id":"https:\/\/dicodusport.fr\/blog\/#website"},"primaryImageOfPage":{"@id":"https:\/\/dicodusport.fr\/blog\/tour-italie-2023-le-profil-des-21-etapes\/#primaryimage"},"image":{"@id":"https:\/\/dicodusport.fr\/blog\/tour-italie-2023-le-profil-des-21-etapes\/#primaryimage"},"thumbnailUrl":"https:\/\/dicodusport.fr\/blog\/wp-content\/uploads\/2023\/05\/Tour-dItalie-2023-Le-profil-des-21-etapes.png","datePublished":"2023-05-01T13:23:26+00:00","dateModified":"2023-05-01T20:17:20+00:00","description":"CYCLISME - La 106\u00e8me \u00e9dition du Tour d'Italie d\u00e9bute ce samedi 6 mai. D\u00e9couvrez le profil des 21 \u00e9tapes du Giro 2023.","inLanguage":"fr-FR","potentialAction":[{"@type":"ReadAction","target":["https:\/\/dicodusport.fr\/blog\/tour-italie-2023-le-profil-des-21-etapes\/"]}]},{"@type":"ImageObject","inLanguage":"fr-FR","@id":"https:\/\/dicodusport.fr\/blog\/tour-italie-2023-le-profil-des-21-etapes\/#primaryimage","url":"https:\/\/dicodusport.fr\/blog\/wp-content\/uploads\/2023\/05\/Tour-dItalie-2023-Le-profil-des-21-etapes.png","contentUrl":"https:\/\/dicodusport.fr\/blog\/wp-content\/uploads\/2023\/05\/Tour-dItalie-2023-Le-profil-des-21-etapes.png","width":800,"height":445},{"@type":"WebSite","@id":"https:\/\/dicodusport.fr\/blog\/#website","url":"https:\/\/dicodusport.fr\/blog\/","name":"Dicodusport","description":"L&#039;encyclop\u00e9die de l&#039;actualit\u00e9 sportive","publisher":{"@id":"https:\/\/dicodusport.fr\/blog\/#organization"},"potentialAction":[{"@type":"SearchAction","target":{"@type":"EntryPoint","urlTemplate":"https:\/\/dicodusport.fr\/blog\/?s={search_term_string}"},"query-input":{"@type":"PropertyValueSpecification","valueRequired":true,"valueName":"search_term_string"}}],"inLanguage":"fr-FR"},{"@type":"NewsMediaOrganization","@id":"https:\/\/dicodusport.fr\/blog\/#organization","name":"Dicodusport","url":"https:\/\/dicodusport.fr\/blog\/","logo":{"@type":"ImageObject","inLanguage":"fr-FR","@id":"https:\/\/dicodusport.fr\/blog\/#\/schema\/logo\/image\/","url":"https:\/\/dicodusport.fr\/blog\/wp-content\/uploads\/2020\/06\/cropped-LOGO-DICODUSPORT-2020-SANS-FOND-SANS-TEXTE.png","contentUrl":"https:\/\/dicodusport.fr\/blog\/wp-content\/uploads\/2020\/06\/cropped-LOGO-DICODUSPORT-2020-SANS-FOND-SANS-TEXTE.png","width":512,"height":512,"caption":"Dicodusport"},"image":{"@id":"https:\/\/dicodusport.fr\/blog\/#\/schema\/logo\/image\/"},"sameAs":["https:\/\/www.facebook.com\/dicodusport","https:\/\/x.com\/dicodusport","https:\/\/www.instagram.com\/dicodusport\/","https:\/\/www.youtube.com\/channel\/UC7V2KZ5sd3htJivAbA4ZG3w"],"description":"Dicodusport est l'encyclop\u00e9die de l'actualit\u00e9 sportive.","email":"bonjour@dicodusport.fr","legalName":"DICODUSPORT","foundingDate":"2018-01-14","vatID":"FR71834470973","taxID":"83447097300043","numberOfEmployees":{"@type":"QuantitativeValue","minValue":"1","maxValue":"10"}},{"@type":"Person","@id":"https:\/\/dicodusport.fr\/blog\/#\/schema\/person\/55dcb50ad410894e431ed812bbb70191","name":"Nicolas Jacquemard","image":{"@type":"ImageObject","inLanguage":"fr-FR","@id":"https:\/\/dicodusport.fr\/blog\/#\/schema\/person\/image\/","url":"https:\/\/dicodusport.fr\/blog\/wp-content\/uploads\/2021\/05\/Nicolas-Jacquemard-150x150.jpeg","contentUrl":"https:\/\/dicodusport.fr\/blog\/wp-content\/uploads\/2021\/05\/Nicolas-Jacquemard-150x150.jpeg","caption":"Nicolas Jacquemard"},"description":"Passionn\u00e9 de sport et entrepreneur depuis mes 18 ans, la cr\u00e9ation de Dicodusport m'a sembl\u00e9 \u00e9vidente pour participer \u00e0 la m\u00e9diatisation d'un plus grand nombre de sports. Le chemin est long mais avec une \u00e9quipe des plus motiv\u00e9es et les Jeux Olympiques de Paris 2024 en point de mire, nous y arriverons ! Journaliste dans le monde du sport depuis plus de 5 ans, je traite aussi bien de football, de rugby, de biathlon que de cyclisme.","sameAs":["https:\/\/www.facebook.com\/dicodusport","https:\/\/x.com\/https:\/\/twitter.com\/Nico_Jacquemard"],"url":"https:\/\/dicodusport.fr\/blog\/author\/dicodusport\/"}]}},"_links":{"self":[{"href":"https:\/\/dicodusport.fr\/blog\/wp-json\/wp\/v2\/posts\/378422","targetHints":{"allow":["GET"]}}],"collection":[{"href":"https:\/\/dicodusport.fr\/blog\/wp-json\/wp\/v2\/posts"}],"about":[{"href":"https:\/\/dicodusport.fr\/blog\/wp-json\/wp\/v2\/types\/post"}],"author":[{"embeddable":true,"href":"https:\/\/dicodusport.fr\/blog\/wp-json\/wp\/v2\/users\/1"}],"replies":[{"embeddable":true,"href":"https:\/\/dicodusport.fr\/blog\/wp-json\/wp\/v2\/comments?post=378422"}],"version-history":[{"count":0,"href":"https:\/\/dicodusport.fr\/blog\/wp-json\/wp\/v2\/posts\/378422\/revisions"}],"wp:featuredmedia":[{"embeddable":true,"href":"https:\/\/dicodusport.fr\/blog\/wp-json\/wp\/v2\/media\/378429"}],"wp:attachment":[{"href":"https:\/\/dicodusport.fr\/blog\/wp-json\/wp\/v2\/media?parent=378422"}],"wp:term":[{"taxonomy":"category","embeddable":true,"href":"https:\/\/dicodusport.fr\/blog\/wp-json\/wp\/v2\/categories?post=378422"},{"taxonomy":"post_tag","embeddable":true,"href":"https:\/\/dicodusport.fr\/blog\/wp-json\/wp\/v2\/tags?post=378422"}],"curies":[{"name":"wp","href":"https:\/\/api.w.org\/{rel}","templated":true}]}}