{"id":378808,"date":"2023-05-03T11:31:23","date_gmt":"2023-05-03T09:31:23","guid":{"rendered":"https:\/\/dicodusport.fr\/blog\/?p=378808&#038;preview=true&#038;preview_id=378808"},"modified":"2023-05-03T12:55:50","modified_gmt":"2023-05-03T10:55:50","slug":"corinne-diacre-je-savais-que-les-lyonnaises-voulaient-ma-peau","status":"publish","type":"post","link":"https:\/\/dicodusport.fr\/blog\/corinne-diacre-je-savais-que-les-lyonnaises-voulaient-ma-peau\/","title":{"rendered":"Corinne Diacre : \u00ab\u00a0Je savais que les Lyonnaises voulaient ma peau\u00a0\u00bb"},"content":{"rendered":"<p style=\"text-align: justify;\" align=\"justify\"><em><strong>FOOTBALL &#8211; Nos confr\u00e8res de L&rsquo;\u00c9quipe r\u00e9v\u00e8lent ce que Corinne Diacre a dit aux policiers dans le cadre de l&rsquo;enqu\u00eate sur l&rsquo;affaire Hamraoui-Diallo.<\/strong><\/em><\/p>\n<p style=\"text-align: justify;\" align=\"justify\">L&rsquo;ancienne s\u00e9lectionneuse des <strong>Bleues<\/strong>,<strong> Corinne Diacre<\/strong>, a ni\u00e9 avoir re\u00e7u des pressions autour de cette affaire, et plus globalement pour son ancien poste. Mais l&rsquo;ancienne coach de Clermont Foot a reconnu avoir eu plusieurs contacts t\u00e9l\u00e9phoniques avec <strong>C\u00e9sar<\/strong> <strong>Mavacala<\/strong>. Au c\u0153ur de l&rsquo;enqu\u00eate, il est l&rsquo;agent d&rsquo;<strong>Aminata Diallo<\/strong>. \u00c0 son sujet, <strong>Corinne<\/strong> <strong>Diacre<\/strong> explique :<\/p>\n<blockquote>\n<p style=\"text-align: justify;\" align=\"justify\">Il m&rsquo;envoyait beaucoup de messages de soutien suite \u00e0 l&rsquo;offensive des Lyonnaises sur mon poste. Je savais que les Lyonnaises voulaient ma peau apr\u00e8s l&rsquo;\u00e9chec en Coupe du monde. Elles avaient appel\u00e9 No\u00ebl Le Gra\u00ebt.<\/p>\n<\/blockquote>\n<div class=\"vlp-link-container vlp-layout-article\"><a href=\"https:\/\/dicodusport.fr\/blog\/corinne-diacre-et-la-fff-ont-trouve-un-accord-a-pres-dun-million-deuros\/\" class=\"vlp-link\" title=\"Corinne Diacre et la FFF ont trouv\u00e9 un accord \u00e0 pr\u00e8s d&#039;un million d&#039;euros\"><\/a><div class=\"vlp-layout-zone-side\"><div class=\"vlp-block-4 vlp-link-image\"><img loading=\"lazy\" decoding=\"async\" style=\"max-width: 800px;\" width=\"800\" height=\"445\" src=\"https:\/\/dicodusport.fr\/blog\/wp-content\/uploads\/2023\/03\/Corinne-Diacre-Combien-son-licenciement-va-t-il-couter-a-la-FFF-.png\" class=\"attachment-800x445 size-800x445\" alt=\"Corinne Diacre Combien son licenciement va-t-il co\u00fbter \u00e0 la FFF\" srcset=\"https:\/\/dicodusport.fr\/blog\/wp-content\/uploads\/2023\/03\/Corinne-Diacre-Combien-son-licenciement-va-t-il-couter-a-la-FFF-.png 800w, https:\/\/dicodusport.fr\/blog\/wp-content\/uploads\/2023\/03\/Corinne-Diacre-Combien-son-licenciement-va-t-il-couter-a-la-FFF--300x167.png 300w, https:\/\/dicodusport.fr\/blog\/wp-content\/uploads\/2023\/03\/Corinne-Diacre-Combien-son-licenciement-va-t-il-couter-a-la-FFF--768x427.png 768w\" sizes=\"auto, (max-width: 800px) 100vw, 800px\" \/><\/div><\/div><div class=\"vlp-layout-zone-main\"><div class=\"vlp-block-0 vlp-link-title\">Corinne Diacre et la FFF ont trouv\u00e9 un accord \u00e0 pr\u00e8s d'un million d'euros<\/div><div class=\"vlp-block-1 vlp-link-summary\">FOOTBALL - Selon L'\u00c9quipe, Corinne Diacre et la F\u00e9d\u00e9ration Fran\u00e7aise de Football ont trouv\u00e9 un accord pour le licenciement de l'ancienne s\u00e9lectionneuse des Bleues.\u00a0<\/div><div class=\"vlp-block-2 vlp-link-button\">Lire l'article<\/div><div class=\"vlp-block-3 vlp-link-url\">dicodusport.fr<\/div><\/div><\/div>\n<p style=\"text-align: justify;\" align=\"justify\"><strong>Corinne<\/strong> <strong>Diacre<\/strong> a ensuite d\u00fb se justifier de son choix de rappeler <strong>Aminata Diallo<\/strong> plut\u00f4t que <strong>Kheira<\/strong> <strong>Hamraoui<\/strong> au moment de la Coupe du monde 2019. L&rsquo;ancienne internationale fran\u00e7aise \u00e9voque la concurrence entre les deux joueuses.<\/p>\n<blockquote>\n<p style=\"text-align: justify;\" align=\"justify\">Il y avait clairement concurrence de poste entre Aminata Diallo et Kheira Hamraoui. Je ne voulais pas faire exploser mon vestiaire, qui \u00e9tait majoritairement hostile \u00e0 Hamraoui. Si j&rsquo;ai rappel\u00e9 Diallo, c&rsquo;\u00e9tait par facilit\u00e9, parce qu&rsquo;elle \u00e9tait d\u00e9j\u00e0 en r\u00e9gion parisienne et pouvait rapidement rejoindre Clairefontaine.<\/p>\n<\/blockquote>\n<p style=\"text-align: justify;\" align=\"justify\">Enfin, interrog\u00e9e sur la r\u00e9bellion <a href=\"https:\/\/dicodusport.fr\/blog\/bleues-corinne-diacre-nest-plus-la-selectionneuse-de-lequipe-de-france\/\">qui lui a co\u00fbt\u00e9 sa place comme s\u00e9lectionneuse de l&rsquo;<strong>\u00e9quipe de France f\u00e9minine<\/strong>,<\/a> <strong>Corinne Diacre<\/strong> a expliqu\u00e9 ne pas savoir si cela avait \u00e9t\u00e9 t\u00e9l\u00e9guid\u00e9, tout en confirmant de \u00ab <em>mauvais rapports avec Lyon et Jean-Michel Aulas \u00bb<\/em>.<\/p>\n<blockquote class=\"twitter-tweet\">\n<p dir=\"ltr\" lang=\"fr\">\ud83d\uddde \u00ab La rupture \u00bb en une du journal L&rsquo;\u00c9quipe du mercredi 03 mai<\/p>\n<p>Lire l&rsquo;\u00e9dition &gt; <a href=\"https:\/\/t.co\/TDPJ4w3VuK\">https:\/\/t.co\/TDPJ4w3VuK<\/a> <a href=\"https:\/\/t.co\/QjPsDWB31b\">pic.twitter.com\/QjPsDWB31b<\/a><\/p>\n<p>\u2014 L&rsquo;\u00c9QUIPE (@lequipe) <a href=\"https:\/\/twitter.com\/lequipe\/status\/1653625570654146560?ref_src=twsrc%5Etfw\">May 3, 2023<\/a><\/p><\/blockquote>\n<p style=\"text-align: justify;\"><script async src=\"https:\/\/platform.twitter.com\/widgets.js\" charset=\"utf-8\"><\/script><\/p>\n","protected":false},"excerpt":{"rendered":"<p>FOOTBALL &#8211; Nos confr\u00e8res de L&rsquo;\u00c9quipe r\u00e9v\u00e8lent ce que Corinne Diacre a dit aux policiers dans le cadre de l&rsquo;enqu\u00eate sur l&rsquo;affaire Hamraoui-Diallo.<\/p>\n","protected":false},"author":1,"featured_media":359127,"comment_status":"open","ping_status":"closed","sticky":false,"template":"","format":"standard","meta":{"_acf_changed":false,"_daextam_enable_autolinks":"","footnotes":""},"categories":[2301],"tags":[16878,7479,29950,75,449,1145],"class_list":["post-378808","post","type-post","status-publish","format-standard","has-post-thumbnail","hentry","category-football","tag-breve","tag-corinne-diacre","tag-diacre","tag-football","tag-lyon","tag-ol"],"acf":[],"yoast_head":"<!-- This site is optimized with the Yoast SEO Premium plugin v26.7 (Yoast SEO v26.7) - https:\/\/yoast.com\/wordpress\/plugins\/seo\/ -->\n<title>Corinne Diacre : &quot;Je savais que les Lyonnaises voulaient ma peau&quot;<\/title>\n<meta name=\"description\" content=\"Nos confr\u00e8res de L&#039;\u00c9quipe r\u00e9v\u00e8lent ce que Corinne Diacre a dit aux policiers dans le cadre de l&#039;enqu\u00eate sur l&#039;affaire Hamraoui-Diallo.\" \/>\n<meta name=\"robots\" content=\"index, follow, max-snippet:-1, max-image-preview:large, max-video-preview:-1\" \/>\n<link rel=\"canonical\" href=\"https:\/\/dicodusport.fr\/blog\/corinne-diacre-je-savais-que-les-lyonnaises-voulaient-ma-peau\/\" \/>\n<meta property=\"og:locale\" content=\"fr_FR\" \/>\n<meta property=\"og:type\" content=\"article\" \/>\n<meta property=\"og:title\" content=\"Corinne Diacre : &quot;Je savais que les Lyonnaises voulaient ma peau&quot;\" \/>\n<meta property=\"og:description\" content=\"Nos confr\u00e8res de L&#039;\u00c9quipe r\u00e9v\u00e8lent ce que Corinne Diacre a dit aux policiers dans le cadre de l&#039;enqu\u00eate sur l&#039;affaire Hamraoui-Diallo.\" \/>\n<meta property=\"og:url\" content=\"https:\/\/dicodusport.fr\/blog\/corinne-diacre-je-savais-que-les-lyonnaises-voulaient-ma-peau\/\" \/>\n<meta property=\"og:site_name\" content=\"Dicodusport\" \/>\n<meta property=\"article:publisher\" content=\"https:\/\/www.facebook.com\/dicodusport\" \/>\n<meta property=\"article:author\" content=\"https:\/\/www.facebook.com\/dicodusport\" \/>\n<meta property=\"article:published_time\" content=\"2023-05-03T09:31:23+00:00\" \/>\n<meta property=\"article:modified_time\" content=\"2023-05-03T10:55:50+00:00\" \/>\n<meta property=\"og:image\" content=\"https:\/\/dicodusport.fr\/blog\/wp-content\/uploads\/2023\/02\/Sondage-Corinne-Diacre-doit-elle-etre-ecartee-de-lequipe-de-France-.png\" \/>\n\t<meta property=\"og:image:width\" content=\"800\" \/>\n\t<meta property=\"og:image:height\" content=\"445\" \/>\n\t<meta property=\"og:image:type\" content=\"image\/png\" \/>\n<meta name=\"author\" content=\"Nicolas Jacquemard\" \/>\n<meta name=\"twitter:card\" content=\"summary_large_image\" \/>\n<meta name=\"twitter:title\" content=\"Corinne Diacre : &quot;Je savais que les Lyonnaises voulaient ma peau&quot;\" \/>\n<meta name=\"twitter:creator\" content=\"@https:\/\/twitter.com\/Nico_Jacquemard\" \/>\n<meta name=\"twitter:site\" content=\"@dicodusport\" \/>\n<script type=\"application\/ld+json\" class=\"yoast-schema-graph\">{\"@context\":\"https:\/\/schema.org\",\"@graph\":[{\"@type\":\"NewsArticle\",\"@id\":\"https:\/\/dicodusport.fr\/blog\/corinne-diacre-je-savais-que-les-lyonnaises-voulaient-ma-peau\/#article\",\"isPartOf\":{\"@id\":\"https:\/\/dicodusport.fr\/blog\/corinne-diacre-je-savais-que-les-lyonnaises-voulaient-ma-peau\/\"},\"author\":{\"name\":\"Nicolas Jacquemard\",\"@id\":\"https:\/\/dicodusport.fr\/blog\/#\/schema\/person\/55dcb50ad410894e431ed812bbb70191\"},\"headline\":\"Corinne Diacre : \u00ab\u00a0Je savais que les Lyonnaises voulaient ma peau\u00a0\u00bb\",\"datePublished\":\"2023-05-03T09:31:23+00:00\",\"dateModified\":\"2023-05-03T10:55:50+00:00\",\"mainEntityOfPage\":{\"@id\":\"https:\/\/dicodusport.fr\/blog\/corinne-diacre-je-savais-que-les-lyonnaises-voulaient-ma-peau\/\"},\"wordCount\":391,\"commentCount\":0,\"publisher\":{\"@id\":\"https:\/\/dicodusport.fr\/blog\/#organization\"},\"image\":{\"@id\":\"https:\/\/dicodusport.fr\/blog\/corinne-diacre-je-savais-que-les-lyonnaises-voulaient-ma-peau\/#primaryimage\"},\"thumbnailUrl\":\"https:\/\/dicodusport.fr\/blog\/wp-content\/uploads\/2023\/02\/Sondage-Corinne-Diacre-doit-elle-etre-ecartee-de-lequipe-de-France-.png\",\"keywords\":[\"br\u00e8ve\",\"Corinne Diacre\",\"Diacre\",\"Football\",\"Lyon\",\"OL\"],\"articleSection\":[\"Football\"],\"inLanguage\":\"fr-FR\",\"potentialAction\":[{\"@type\":\"CommentAction\",\"name\":\"Comment\",\"target\":[\"https:\/\/dicodusport.fr\/blog\/corinne-diacre-je-savais-que-les-lyonnaises-voulaient-ma-peau\/#respond\"]}],\"copyrightYear\":\"2023\",\"copyrightHolder\":{\"@id\":\"https:\/\/dicodusport.fr\/blog\/#organization\"}},{\"@type\":\"WebPage\",\"@id\":\"https:\/\/dicodusport.fr\/blog\/corinne-diacre-je-savais-que-les-lyonnaises-voulaient-ma-peau\/\",\"url\":\"https:\/\/dicodusport.fr\/blog\/corinne-diacre-je-savais-que-les-lyonnaises-voulaient-ma-peau\/\",\"name\":\"Corinne Diacre : \\\"Je savais que les Lyonnaises voulaient ma peau\\\"\",\"isPartOf\":{\"@id\":\"https:\/\/dicodusport.fr\/blog\/#website\"},\"primaryImageOfPage\":{\"@id\":\"https:\/\/dicodusport.fr\/blog\/corinne-diacre-je-savais-que-les-lyonnaises-voulaient-ma-peau\/#primaryimage\"},\"image\":{\"@id\":\"https:\/\/dicodusport.fr\/blog\/corinne-diacre-je-savais-que-les-lyonnaises-voulaient-ma-peau\/#primaryimage\"},\"thumbnailUrl\":\"https:\/\/dicodusport.fr\/blog\/wp-content\/uploads\/2023\/02\/Sondage-Corinne-Diacre-doit-elle-etre-ecartee-de-lequipe-de-France-.png\",\"datePublished\":\"2023-05-03T09:31:23+00:00\",\"dateModified\":\"2023-05-03T10:55:50+00:00\",\"description\":\"Nos confr\u00e8res de L'\u00c9quipe r\u00e9v\u00e8lent ce que Corinne Diacre a dit aux policiers dans le cadre de l'enqu\u00eate sur l'affaire Hamraoui-Diallo.\",\"breadcrumb\":{\"@id\":\"https:\/\/dicodusport.fr\/blog\/corinne-diacre-je-savais-que-les-lyonnaises-voulaient-ma-peau\/#breadcrumb\"},\"inLanguage\":\"fr-FR\",\"potentialAction\":[{\"@type\":\"ReadAction\",\"target\":[\"https:\/\/dicodusport.fr\/blog\/corinne-diacre-je-savais-que-les-lyonnaises-voulaient-ma-peau\/\"]}]},{\"@type\":\"ImageObject\",\"inLanguage\":\"fr-FR\",\"@id\":\"https:\/\/dicodusport.fr\/blog\/corinne-diacre-je-savais-que-les-lyonnaises-voulaient-ma-peau\/#primaryimage\",\"url\":\"https:\/\/dicodusport.fr\/blog\/wp-content\/uploads\/2023\/02\/Sondage-Corinne-Diacre-doit-elle-etre-ecartee-de-lequipe-de-France-.png\",\"contentUrl\":\"https:\/\/dicodusport.fr\/blog\/wp-content\/uploads\/2023\/02\/Sondage-Corinne-Diacre-doit-elle-etre-ecartee-de-lequipe-de-France-.png\",\"width\":800,\"height\":445},{\"@type\":\"BreadcrumbList\",\"@id\":\"https:\/\/dicodusport.fr\/blog\/corinne-diacre-je-savais-que-les-lyonnaises-voulaient-ma-peau\/#breadcrumb\",\"itemListElement\":[{\"@type\":\"ListItem\",\"position\":1,\"name\":\"Accueil\",\"item\":\"https:\/\/dicodusport.fr\/blog\/\"},{\"@type\":\"ListItem\",\"position\":2,\"name\":\"Corinne Diacre : \u00ab\u00a0Je savais que les Lyonnaises voulaient ma peau\u00a0\u00bb\"}]},{\"@type\":\"WebSite\",\"@id\":\"https:\/\/dicodusport.fr\/blog\/#website\",\"url\":\"https:\/\/dicodusport.fr\/blog\/\",\"name\":\"Dicodusport\",\"description\":\"L&#039;encyclop\u00e9die de l&#039;actualit\u00e9 sportive\",\"publisher\":{\"@id\":\"https:\/\/dicodusport.fr\/blog\/#organization\"},\"potentialAction\":[{\"@type\":\"SearchAction\",\"target\":{\"@type\":\"EntryPoint\",\"urlTemplate\":\"https:\/\/dicodusport.fr\/blog\/?s={search_term_string}\"},\"query-input\":{\"@type\":\"PropertyValueSpecification\",\"valueRequired\":true,\"valueName\":\"search_term_string\"}}],\"inLanguage\":\"fr-FR\"},{\"@type\":\"NewsMediaOrganization\",\"@id\":\"https:\/\/dicodusport.fr\/blog\/#organization\",\"name\":\"Dicodusport\",\"url\":\"https:\/\/dicodusport.fr\/blog\/\",\"logo\":{\"@type\":\"ImageObject\",\"inLanguage\":\"fr-FR\",\"@id\":\"https:\/\/dicodusport.fr\/blog\/#\/schema\/logo\/image\/\",\"url\":\"https:\/\/dicodusport.fr\/blog\/wp-content\/uploads\/2020\/06\/cropped-LOGO-DICODUSPORT-2020-SANS-FOND-SANS-TEXTE.png\",\"contentUrl\":\"https:\/\/dicodusport.fr\/blog\/wp-content\/uploads\/2020\/06\/cropped-LOGO-DICODUSPORT-2020-SANS-FOND-SANS-TEXTE.png\",\"width\":512,\"height\":512,\"caption\":\"Dicodusport\"},\"image\":{\"@id\":\"https:\/\/dicodusport.fr\/blog\/#\/schema\/logo\/image\/\"},\"sameAs\":[\"https:\/\/www.facebook.com\/dicodusport\",\"https:\/\/x.com\/dicodusport\",\"https:\/\/www.instagram.com\/dicodusport\/\",\"https:\/\/www.youtube.com\/channel\/UC7V2KZ5sd3htJivAbA4ZG3w\"],\"description\":\"Dicodusport est l'encyclop\u00e9die de l'actualit\u00e9 sportive.\",\"email\":\"bonjour@dicodusport.fr\",\"legalName\":\"DICODUSPORT\",\"foundingDate\":\"2018-01-14\",\"vatID\":\"FR71834470973\",\"taxID\":\"83447097300043\",\"numberOfEmployees\":{\"@type\":\"QuantitativeValue\",\"minValue\":\"1\",\"maxValue\":\"10\"}},{\"@type\":\"Person\",\"@id\":\"https:\/\/dicodusport.fr\/blog\/#\/schema\/person\/55dcb50ad410894e431ed812bbb70191\",\"name\":\"Nicolas Jacquemard\",\"image\":{\"@type\":\"ImageObject\",\"inLanguage\":\"fr-FR\",\"@id\":\"https:\/\/dicodusport.fr\/blog\/#\/schema\/person\/image\/\",\"url\":\"https:\/\/dicodusport.fr\/blog\/wp-content\/uploads\/2021\/05\/Nicolas-Jacquemard-150x150.jpeg\",\"contentUrl\":\"https:\/\/dicodusport.fr\/blog\/wp-content\/uploads\/2021\/05\/Nicolas-Jacquemard-150x150.jpeg\",\"caption\":\"Nicolas Jacquemard\"},\"description\":\"Passionn\u00e9 de sport et entrepreneur depuis mes 18 ans, la cr\u00e9ation de Dicodusport m'a sembl\u00e9 \u00e9vidente pour participer \u00e0 la m\u00e9diatisation d'un plus grand nombre de sports. Le chemin est long mais avec une \u00e9quipe des plus motiv\u00e9es et les Jeux Olympiques de Paris 2024 en point de mire, nous y arriverons ! Journaliste dans le monde du sport depuis plus de 5 ans, je traite aussi bien de football, de rugby, de biathlon que de cyclisme.\",\"sameAs\":[\"https:\/\/www.facebook.com\/dicodusport\",\"https:\/\/x.com\/https:\/\/twitter.com\/Nico_Jacquemard\"],\"url\":\"https:\/\/dicodusport.fr\/blog\/author\/dicodusport\/\"}]}<\/script>\n<!-- \/ Yoast SEO Premium plugin. -->","yoast_head_json":{"title":"Corinne Diacre : \"Je savais que les Lyonnaises voulaient ma peau\"","description":"Nos confr\u00e8res de L'\u00c9quipe r\u00e9v\u00e8lent ce que Corinne Diacre a dit aux policiers dans le cadre de l'enqu\u00eate sur l'affaire Hamraoui-Diallo.","robots":{"index":"index","follow":"follow","max-snippet":"max-snippet:-1","max-image-preview":"max-image-preview:large","max-video-preview":"max-video-preview:-1"},"canonical":"https:\/\/dicodusport.fr\/blog\/corinne-diacre-je-savais-que-les-lyonnaises-voulaient-ma-peau\/","og_locale":"fr_FR","og_type":"article","og_title":"Corinne Diacre : \"Je savais que les Lyonnaises voulaient ma peau\"","og_description":"Nos confr\u00e8res de L'\u00c9quipe r\u00e9v\u00e8lent ce que Corinne Diacre a dit aux policiers dans le cadre de l'enqu\u00eate sur l'affaire Hamraoui-Diallo.","og_url":"https:\/\/dicodusport.fr\/blog\/corinne-diacre-je-savais-que-les-lyonnaises-voulaient-ma-peau\/","og_site_name":"Dicodusport","article_publisher":"https:\/\/www.facebook.com\/dicodusport","article_author":"https:\/\/www.facebook.com\/dicodusport","article_published_time":"2023-05-03T09:31:23+00:00","article_modified_time":"2023-05-03T10:55:50+00:00","og_image":[{"width":800,"height":445,"url":"https:\/\/dicodusport.fr\/blog\/wp-content\/uploads\/2023\/02\/Sondage-Corinne-Diacre-doit-elle-etre-ecartee-de-lequipe-de-France-.png","type":"image\/png"}],"author":"Nicolas Jacquemard","twitter_card":"summary_large_image","twitter_title":"Corinne Diacre : \"Je savais que les Lyonnaises voulaient ma peau\"","twitter_creator":"@https:\/\/twitter.com\/Nico_Jacquemard","twitter_site":"@dicodusport","schema":{"@context":"https:\/\/schema.org","@graph":[{"@type":"NewsArticle","@id":"https:\/\/dicodusport.fr\/blog\/corinne-diacre-je-savais-que-les-lyonnaises-voulaient-ma-peau\/#article","isPartOf":{"@id":"https:\/\/dicodusport.fr\/blog\/corinne-diacre-je-savais-que-les-lyonnaises-voulaient-ma-peau\/"},"author":{"name":"Nicolas Jacquemard","@id":"https:\/\/dicodusport.fr\/blog\/#\/schema\/person\/55dcb50ad410894e431ed812bbb70191"},"headline":"Corinne Diacre : \u00ab\u00a0Je savais que les Lyonnaises voulaient ma peau\u00a0\u00bb","datePublished":"2023-05-03T09:31:23+00:00","dateModified":"2023-05-03T10:55:50+00:00","mainEntityOfPage":{"@id":"https:\/\/dicodusport.fr\/blog\/corinne-diacre-je-savais-que-les-lyonnaises-voulaient-ma-peau\/"},"wordCount":391,"commentCount":0,"publisher":{"@id":"https:\/\/dicodusport.fr\/blog\/#organization"},"image":{"@id":"https:\/\/dicodusport.fr\/blog\/corinne-diacre-je-savais-que-les-lyonnaises-voulaient-ma-peau\/#primaryimage"},"thumbnailUrl":"https:\/\/dicodusport.fr\/blog\/wp-content\/uploads\/2023\/02\/Sondage-Corinne-Diacre-doit-elle-etre-ecartee-de-lequipe-de-France-.png","keywords":["br\u00e8ve","Corinne Diacre","Diacre","Football","Lyon","OL"],"articleSection":["Football"],"inLanguage":"fr-FR","potentialAction":[{"@type":"CommentAction","name":"Comment","target":["https:\/\/dicodusport.fr\/blog\/corinne-diacre-je-savais-que-les-lyonnaises-voulaient-ma-peau\/#respond"]}],"copyrightYear":"2023","copyrightHolder":{"@id":"https:\/\/dicodusport.fr\/blog\/#organization"}},{"@type":"WebPage","@id":"https:\/\/dicodusport.fr\/blog\/corinne-diacre-je-savais-que-les-lyonnaises-voulaient-ma-peau\/","url":"https:\/\/dicodusport.fr\/blog\/corinne-diacre-je-savais-que-les-lyonnaises-voulaient-ma-peau\/","name":"Corinne Diacre : \"Je savais que les Lyonnaises voulaient ma peau\"","isPartOf":{"@id":"https:\/\/dicodusport.fr\/blog\/#website"},"primaryImageOfPage":{"@id":"https:\/\/dicodusport.fr\/blog\/corinne-diacre-je-savais-que-les-lyonnaises-voulaient-ma-peau\/#primaryimage"},"image":{"@id":"https:\/\/dicodusport.fr\/blog\/corinne-diacre-je-savais-que-les-lyonnaises-voulaient-ma-peau\/#primaryimage"},"thumbnailUrl":"https:\/\/dicodusport.fr\/blog\/wp-content\/uploads\/2023\/02\/Sondage-Corinne-Diacre-doit-elle-etre-ecartee-de-lequipe-de-France-.png","datePublished":"2023-05-03T09:31:23+00:00","dateModified":"2023-05-03T10:55:50+00:00","description":"Nos confr\u00e8res de L'\u00c9quipe r\u00e9v\u00e8lent ce que Corinne Diacre a dit aux policiers dans le cadre de l'enqu\u00eate sur l'affaire Hamraoui-Diallo.","breadcrumb":{"@id":"https:\/\/dicodusport.fr\/blog\/corinne-diacre-je-savais-que-les-lyonnaises-voulaient-ma-peau\/#breadcrumb"},"inLanguage":"fr-FR","potentialAction":[{"@type":"ReadAction","target":["https:\/\/dicodusport.fr\/blog\/corinne-diacre-je-savais-que-les-lyonnaises-voulaient-ma-peau\/"]}]},{"@type":"ImageObject","inLanguage":"fr-FR","@id":"https:\/\/dicodusport.fr\/blog\/corinne-diacre-je-savais-que-les-lyonnaises-voulaient-ma-peau\/#primaryimage","url":"https:\/\/dicodusport.fr\/blog\/wp-content\/uploads\/2023\/02\/Sondage-Corinne-Diacre-doit-elle-etre-ecartee-de-lequipe-de-France-.png","contentUrl":"https:\/\/dicodusport.fr\/blog\/wp-content\/uploads\/2023\/02\/Sondage-Corinne-Diacre-doit-elle-etre-ecartee-de-lequipe-de-France-.png","width":800,"height":445},{"@type":"BreadcrumbList","@id":"https:\/\/dicodusport.fr\/blog\/corinne-diacre-je-savais-que-les-lyonnaises-voulaient-ma-peau\/#breadcrumb","itemListElement":[{"@type":"ListItem","position":1,"name":"Accueil","item":"https:\/\/dicodusport.fr\/blog\/"},{"@type":"ListItem","position":2,"name":"Corinne Diacre : \u00ab\u00a0Je savais que les Lyonnaises voulaient ma peau\u00a0\u00bb"}]},{"@type":"WebSite","@id":"https:\/\/dicodusport.fr\/blog\/#website","url":"https:\/\/dicodusport.fr\/blog\/","name":"Dicodusport","description":"L&#039;encyclop\u00e9die de l&#039;actualit\u00e9 sportive","publisher":{"@id":"https:\/\/dicodusport.fr\/blog\/#organization"},"potentialAction":[{"@type":"SearchAction","target":{"@type":"EntryPoint","urlTemplate":"https:\/\/dicodusport.fr\/blog\/?s={search_term_string}"},"query-input":{"@type":"PropertyValueSpecification","valueRequired":true,"valueName":"search_term_string"}}],"inLanguage":"fr-FR"},{"@type":"NewsMediaOrganization","@id":"https:\/\/dicodusport.fr\/blog\/#organization","name":"Dicodusport","url":"https:\/\/dicodusport.fr\/blog\/","logo":{"@type":"ImageObject","inLanguage":"fr-FR","@id":"https:\/\/dicodusport.fr\/blog\/#\/schema\/logo\/image\/","url":"https:\/\/dicodusport.fr\/blog\/wp-content\/uploads\/2020\/06\/cropped-LOGO-DICODUSPORT-2020-SANS-FOND-SANS-TEXTE.png","contentUrl":"https:\/\/dicodusport.fr\/blog\/wp-content\/uploads\/2020\/06\/cropped-LOGO-DICODUSPORT-2020-SANS-FOND-SANS-TEXTE.png","width":512,"height":512,"caption":"Dicodusport"},"image":{"@id":"https:\/\/dicodusport.fr\/blog\/#\/schema\/logo\/image\/"},"sameAs":["https:\/\/www.facebook.com\/dicodusport","https:\/\/x.com\/dicodusport","https:\/\/www.instagram.com\/dicodusport\/","https:\/\/www.youtube.com\/channel\/UC7V2KZ5sd3htJivAbA4ZG3w"],"description":"Dicodusport est l'encyclop\u00e9die de l'actualit\u00e9 sportive.","email":"bonjour@dicodusport.fr","legalName":"DICODUSPORT","foundingDate":"2018-01-14","vatID":"FR71834470973","taxID":"83447097300043","numberOfEmployees":{"@type":"QuantitativeValue","minValue":"1","maxValue":"10"}},{"@type":"Person","@id":"https:\/\/dicodusport.fr\/blog\/#\/schema\/person\/55dcb50ad410894e431ed812bbb70191","name":"Nicolas Jacquemard","image":{"@type":"ImageObject","inLanguage":"fr-FR","@id":"https:\/\/dicodusport.fr\/blog\/#\/schema\/person\/image\/","url":"https:\/\/dicodusport.fr\/blog\/wp-content\/uploads\/2021\/05\/Nicolas-Jacquemard-150x150.jpeg","contentUrl":"https:\/\/dicodusport.fr\/blog\/wp-content\/uploads\/2021\/05\/Nicolas-Jacquemard-150x150.jpeg","caption":"Nicolas Jacquemard"},"description":"Passionn\u00e9 de sport et entrepreneur depuis mes 18 ans, la cr\u00e9ation de Dicodusport m'a sembl\u00e9 \u00e9vidente pour participer \u00e0 la m\u00e9diatisation d'un plus grand nombre de sports. Le chemin est long mais avec une \u00e9quipe des plus motiv\u00e9es et les Jeux Olympiques de Paris 2024 en point de mire, nous y arriverons ! Journaliste dans le monde du sport depuis plus de 5 ans, je traite aussi bien de football, de rugby, de biathlon que de cyclisme.","sameAs":["https:\/\/www.facebook.com\/dicodusport","https:\/\/x.com\/https:\/\/twitter.com\/Nico_Jacquemard"],"url":"https:\/\/dicodusport.fr\/blog\/author\/dicodusport\/"}]}},"_links":{"self":[{"href":"https:\/\/dicodusport.fr\/blog\/wp-json\/wp\/v2\/posts\/378808","targetHints":{"allow":["GET"]}}],"collection":[{"href":"https:\/\/dicodusport.fr\/blog\/wp-json\/wp\/v2\/posts"}],"about":[{"href":"https:\/\/dicodusport.fr\/blog\/wp-json\/wp\/v2\/types\/post"}],"author":[{"embeddable":true,"href":"https:\/\/dicodusport.fr\/blog\/wp-json\/wp\/v2\/users\/1"}],"replies":[{"embeddable":true,"href":"https:\/\/dicodusport.fr\/blog\/wp-json\/wp\/v2\/comments?post=378808"}],"version-history":[{"count":0,"href":"https:\/\/dicodusport.fr\/blog\/wp-json\/wp\/v2\/posts\/378808\/revisions"}],"wp:featuredmedia":[{"embeddable":true,"href":"https:\/\/dicodusport.fr\/blog\/wp-json\/wp\/v2\/media\/359127"}],"wp:attachment":[{"href":"https:\/\/dicodusport.fr\/blog\/wp-json\/wp\/v2\/media?parent=378808"}],"wp:term":[{"taxonomy":"category","embeddable":true,"href":"https:\/\/dicodusport.fr\/blog\/wp-json\/wp\/v2\/categories?post=378808"},{"taxonomy":"post_tag","embeddable":true,"href":"https:\/\/dicodusport.fr\/blog\/wp-json\/wp\/v2\/tags?post=378808"}],"curies":[{"name":"wp","href":"https:\/\/api.w.org\/{rel}","templated":true}]}}