{"id":378847,"date":"2023-05-05T09:07:53","date_gmt":"2023-05-05T07:07:53","guid":{"rendered":"https:\/\/dicodusport.fr\/blog\/?p=378847&#038;preview=true&#038;preview_id=378847"},"modified":"2023-05-05T09:07:53","modified_gmt":"2023-05-05T07:07:53","slug":"giro-2015-quand-astana-bridait-mikel-landa","status":"publish","type":"post","link":"https:\/\/dicodusport.fr\/blog\/giro-2015-quand-astana-bridait-mikel-landa\/","title":{"rendered":"Giro 2015 : Quand Astana bridait Mikel Landa"},"content":{"rendered":"<p align=\"justify\"><em><strong>GIRO &#8211; Mikel Landa, 3e du Giro en 2015, n&rsquo;a pas eu les coud\u00e9es franches dans cette \u00e9preuve, avec une \u00e9quipe qui avait mis\u00e9 sur Fabio Aru, la star montante du cyclisme italien \u00e0 l&rsquo;\u00e9poque.<\/strong><\/em><\/p>\n<h2 style=\"text-align: justify;\" align=\"justify\">Fabio Aru leader d\u00e9sign\u00e9 d&rsquo;Astana<\/h2>\n<p style=\"text-align: justify;\" align=\"justify\">Si on ne peut pas pr\u00e9dire l&rsquo;avenir, on ne peut pas non plus refaire le pass\u00e9. On ne saura jamais ce qu&rsquo;il se serait pass\u00e9 en 2015, sur les routes du Giro, si <strong>Mikel Landa<\/strong> avait \u00e9t\u00e9 le leader unique d&rsquo;Astana. Une course qui servira de grande r\u00e9v\u00e9lation pour l&rsquo;Espagnol, qui terminera 3e du classement g\u00e9n\u00e9ral. Avec deux victoires cons\u00e9cutives en haute-montagne. Mais il n&rsquo;\u00e9tait pas le coureur destin\u00e9 \u00e0 prendre le leadership avant la course. Le leader d\u00e9sign\u00e9 \u00e9tait l&rsquo;Italien <strong>Fabio Aru<\/strong>. Troisi\u00e8me de la course en 2014 et cinqui\u00e8me de la Vuelta la m\u00eame ann\u00e9e, le coureur, bien qu&rsquo;\u00e2g\u00e9 de 24 ans au d\u00e9part de la course, offre de belles garanties, m\u00eame si son d\u00e9but de saison est plut\u00f4t moyen, avec une 39e place sur Paris-Nice et une 6e place du Tour de Catalogne.<\/p>\n<p style=\"text-align: justify;\" align=\"justify\"><strong>Mikel Landa<\/strong> est encore loin de tout \u00e7a. R\u00e9put\u00e9 bon grimpeur, il n&rsquo;a remport\u00e9 \u00ab\u00a0que\u00a0\u00bb deux succ\u00e8s professionnels avant de s&rsquo;\u00e9lancer sur le Giro. La 4e \u00e9tape du Tour de Trentin en 2014 et la 5e \u00e9tape du Tour du Pays Basque en 2015. Et n&rsquo;a jamais termin\u00e9 dans le top 20 d&rsquo;un Grand Tour. L\u00e9ger pour une formation alors compos\u00e9e de grands noms, comme<strong> Vincenzo Nibali<\/strong>, tenant du titre sur le Tour de France et qui a vu passer d&rsquo;illustres coureurs comme <strong>Alberto Contador<\/strong>, <strong>Andreas Kl\u00f6den <\/strong>ou <strong>Alexandre Vinokourov<\/strong>. Et loin d&rsquo;\u00eatre la formation moribonde qui tra\u00eene sa mis\u00e8re sur <a href=\"https:\/\/dicodusport.fr\/blog\/cyclisme-world-tour-2023-calendrier-et-resultats\/\">les courses World Tour en 2023<\/a>.<\/p>\n<p style=\"text-align: justify;\" align=\"justify\">Le Giro 2015 comporte de grands favoris. Dont fait partie <strong>Fabio Aru<\/strong>. Au m\u00eame titre qu&rsquo;<strong>Alberto Contador<\/strong> (Tinkoff-Saxo), vainqueur ici en 2008 et tenant du titre sur la Vuelta 2014. On parle beaucoup de <strong>Richie Porte<\/strong>, surpuissant co\u00e9quipier de Christopher Froome chez Sky. Et qui vient s&rsquo;essayer pour la toute premi\u00e8re fois en tant que leader en Grand Tour. Aur\u00e9ol\u00e9 d&rsquo;un succ\u00e8s sur Paris-Nice. On \u00e9voque <strong>Rigoberto Uran (Etixx-Quick Step)<\/strong>, deux fois 2e du Giro, en 2013 et 2014. Une belle bataille en pr\u00e9vision.<\/p>\n<h2 style=\"text-align: justify;\" align=\"justify\">Mikel Landa au service du collectif en d\u00e9but de Giro, mais qui s&rsquo;affirme<\/h2>\n<p style=\"text-align: justify;\" align=\"justify\">Et effectivement, <strong>Mikel Landa<\/strong> se met au service de son leader en d\u00e9but de course. D\u00e8s la 4e \u00e9tape, qui voit l&rsquo;av\u00e8nement du jeune <strong>Davide Formolo<\/strong>, qui remporte l&rsquo;\u00e9tape, l&rsquo;Espagnol termine en retrait par rapport \u00e0 l&rsquo;Italien et perd 42 secondes. <strong>Fabio Aru<\/strong>, <strong>Richie Porte<\/strong> et <strong>Alberto Contador<\/strong> terminent dans le m\u00eame groupe, alors que <strong>Rigoberto Uran<\/strong> montre d\u00e9j\u00e0 des faiblesses annonciatrices d&rsquo;un Tour d&rsquo;Italie tr\u00e8s compliqu\u00e9 pour lui.<\/p>\n<p style=\"text-align: justify;\" align=\"justify\">D\u00e8s l&rsquo;\u00e9tape suivante et la premi\u00e8re arriv\u00e9e au sommet d&rsquo;Abetone, on s&rsquo;aper\u00e7oit que l&rsquo;actuel coureur de la Bahrain-Victorious a de bonnes jambes. Alors qu&rsquo;il roule fort pour son leader. <strong>Alberto Contador<\/strong> d\u00e9ga\u00eene ! <strong>Fabio Aru<\/strong>, puis <strong>Richie Porte<\/strong> reviennent \u00e0 hauteur du double vainqueur du Tour de France. Et termineront ensemble, alors que <strong>Jan Polanc<\/strong> l&#8217;emporte. Mais alors qu&rsquo;il a roul\u00e9 fort pendant quelques kilom\u00e8tres, Landa ne termine qu&rsquo;\u00e0 13 secondes. Mais on est d\u00e9j\u00e0 \u00e0 55 secondes de d\u00e9bours sur Fabio Aru. On rappelle que seulement 1:02 s\u00e9pareront les deux hommes \u00e0 Milan.<\/p>\n<p style=\"text-align: justify;\" align=\"justify\">Et le Basque continue de s&rsquo;affirmer. Cette fois-ci, sur les pentes de Campitello Matese, Astana, au lieu de le faire rouler, l&rsquo;envoie \u00e0 l&rsquo;attaque. Pas vu comme une r\u00e9elle menace, il ne sera pas revu et terminera 2e, derri\u00e8re <strong>Benat Intxausti<\/strong>. Reprenant 15 secondes \u00e0 Contador, Aru et Porte qui terminent encore ensemble. Le lendemain, sur une \u00e9tape escarp\u00e9e, il est le seul \u00e0 tenir la roue du trio, ne perdant que 4 secondes dans le final. Mais creusant un gros trou. Il est alors 4e du g\u00e9n\u00e9ral \u00e0 46 secondes d&rsquo;<strong>Alberto Contador<\/strong>. Il sera 3e le lendemain. <strong>Richie Porte<\/strong> \u00e9copant de 2 minutes de p\u00e9nalit\u00e9 pour s&rsquo;\u00eatre fait d\u00e9panner une roue par Simon Clarke, un adversaire, alors il venait de crever sur les routes de Forli. L&rsquo;Australien, d\u00e9go\u00fbt\u00e9, quittera les routes du Giro avant son terme.<\/p>\n<h2 style=\"text-align: justify;\" align=\"justify\">Et si on l&rsquo;avait laiss\u00e9 libre dans le Mortirolo&#8230;<\/h2>\n<p style=\"text-align: justify;\">Le probl\u00e8me, c&rsquo;est qu&rsquo;il va passer totalement au travers du long contre-la-montre de 60 kilom\u00e8tres, pourtant vallonn\u00e9, entre Tr\u00e9vise et Valdobbiadene. Il conc\u00e8de 4 minutes \u00e0 <strong>Alberto Contador<\/strong> et 1:13 sur son co\u00e9quipier <strong>Fabio Aru<\/strong>. Il est alors rejet\u00e9 \u00e0 la 7e place \u00e0 4:55 de l&rsquo;Espagnol et \u00e0 2:27 de son co\u00e9quipier, alors deuxi\u00e8me du g\u00e9n\u00e9ral. Et c&rsquo;est sans doute l\u00e0 que cela va trotter dans la t\u00eate des dirigeants d&rsquo;Astana. Qui voient un Italien bien plac\u00e9 sur les routes du Tour d&rsquo;Italie. Comment ne pas lui donner le leadership ? Surtout, comment imaginer que <strong>Mikel Landa<\/strong> puisse reprendre pr\u00e8s de 5 minutes \u00e0 <strong>Alberto Contador<\/strong>, r\u00e9put\u00e9 meilleur grimpeur du monde et qui a litt\u00e9ralement \u00e9c\u0153ur\u00e9 <strong>Chris Froome<\/strong> sur les routes de la Vuelta 2014 ? Le grand Alberto \u00e9tait, on le pensait, intouchable.<\/p>\n<h3 style=\"text-align: justify;\">Vainqueur \u00e0 Madonna di Campiglio<\/h3>\n<p style=\"text-align: justify;\">Sauf que le Madril\u00e8ne, on ne le sait pas encore, est en fait loin de survoler les d\u00e9bats. En particulier en montagne. Et Astana va encha\u00eener les mauvaises d\u00e9cisions. Facile \u00e0 dire avec le recul. Mais d\u00e8s le lendemain, sur les routes mythiques de Madonna di Campiglio, <strong>Mikel Landa<\/strong> contre <strong>Alberto Contador,<\/strong> pour aller chercher sa plus grande victoire de sa jeune carri\u00e8re. Dans un mouchoir de poche, car Contador est \u00e0 5 secondes et Aru \u00e0 6.<\/p>\n<p style=\"text-align: justify;\">Mais c&rsquo;est surtout le lendemain que va s&rsquo;op\u00e9rer un des tournants du Giro 2015. Le leader du g\u00e9n\u00e9ral cr\u00e8ve au pied du terrible Mortirolo. Astana embraye &#8211; chacun se fera une id\u00e9e sur cette tactique &#8211; et Contador se retrouve seul. <strong>Mikel Landa<\/strong> prend le relais. Mais<strong> Fabio Aru<\/strong> ne peut suivre son co\u00e9quipier. Qui doit temporiser. Et alors que Contador \u00e9tait \u00e0 une minute, il recolle. Sans doute vex\u00e9, <em>El Pistolero<\/em> contre pour se d\u00e9barrasser de l&rsquo;Italien. Et apr\u00e8s un temps d&rsquo;h\u00e9sitation,<strong> Mikel Landa<\/strong> abandonne Fabio Aru et revient avec une facilit\u00e9 exceptionnel sur son compatriote. Et sur les pentes, pourtant peu s\u00e9v\u00e8res, d&rsquo;Aprica, il va se d\u00e9barrasser de tout le monde pour l&#8217;emporter avec 38 secondes d&rsquo;avance.<\/p>\n<div id=\"attachment_379274\" style=\"width: 750px\" class=\"wp-caption aligncenter\"><a href=\"https:\/\/dicodusport.fr\/blog\/wp-content\/uploads\/2023\/05\/Mikel-Landa-vainqueur-de-la-16eme-etape-du-Giro-2015-a-Aprica-scaled.jpg\"><img loading=\"lazy\" decoding=\"async\" aria-describedby=\"caption-attachment-379274\" class=\"size-large wp-image-379274\" src=\"https:\/\/dicodusport.fr\/blog\/wp-content\/uploads\/2023\/05\/Mikel-Landa-vainqueur-de-la-16eme-etape-du-Giro-2015-a-Aprica-1024x683.jpg\" alt=\"Mikel Landa vainqueur de la 16\u00e8me \u00e9tape du Giro 2015, \u00e0 Aprica\" width=\"740\" height=\"494\" srcset=\"https:\/\/dicodusport.fr\/blog\/wp-content\/uploads\/2023\/05\/Mikel-Landa-vainqueur-de-la-16eme-etape-du-Giro-2015-a-Aprica-1024x683.jpg 1024w, https:\/\/dicodusport.fr\/blog\/wp-content\/uploads\/2023\/05\/Mikel-Landa-vainqueur-de-la-16eme-etape-du-Giro-2015-a-Aprica-300x200.jpg 300w, https:\/\/dicodusport.fr\/blog\/wp-content\/uploads\/2023\/05\/Mikel-Landa-vainqueur-de-la-16eme-etape-du-Giro-2015-a-Aprica-768x512.jpg 768w, https:\/\/dicodusport.fr\/blog\/wp-content\/uploads\/2023\/05\/Mikel-Landa-vainqueur-de-la-16eme-etape-du-Giro-2015-a-Aprica-1536x1024.jpg 1536w, https:\/\/dicodusport.fr\/blog\/wp-content\/uploads\/2023\/05\/Mikel-Landa-vainqueur-de-la-16eme-etape-du-Giro-2015-a-Aprica-2048x1365.jpg 2048w\" sizes=\"auto, (max-width: 740px) 100vw, 740px\" \/><\/a><p id=\"caption-attachment-379274\" class=\"wp-caption-text\">Mikel Landa vainqueur de la 16\u00e8me \u00e9tape du Giro 2015, \u00e0 Aprica &#8211; Photo Icon Sport<\/p><\/div>\n<p style=\"text-align: justify;\">Que se serait-il pass\u00e9, si on avait laiss\u00e9 libre<strong> Mikel Landa<\/strong>, alors qu&rsquo;<strong>Alberto Contador<\/strong> \u00e9tait \u00e0 une minute et seul ? Landa \u00e9tait ind\u00e9niablement plus fort et \u00e0 pr\u00e8s de 40 kilom\u00e8tres de l&rsquo;arriv\u00e9e, il aurait pu creuser des \u00e9carts \u00e9normes. Et reprendre une grosse partie de ses cinq minutes de retard. On ne le saura jamais, mais Astana commettait l\u00e0 sa premi\u00e8re erreur majeure. Mais Mikel Landa est alors 2e du g\u00e9n\u00e9ral.<\/p>\n<h2 style=\"text-align: justify;\">Encore des choix douteux en d\u00e9faveur de Mikel Landa vers Sestri\u00e8res<\/h2>\n<p style=\"text-align: justify;\">Et la seconde interviendra lors de la 20e \u00e9tape et la derni\u00e8re de montagne vers Sestri\u00e8res. Il faut dire que la veille \u00e0 Cervinia, <strong>Fabio Aru<\/strong>, qui lui est moins ob\u00e9issant que son co\u00e9quipier, a encore boulevers\u00e9 les cartes, en allant s&rsquo;imposer. Et reprenant la 2e place du g\u00e9n\u00e9ral \u00e0 <strong>Mikel Landa<\/strong>. Et ce dernier avait lui-m\u00eame perdu du temps auparavant sur Contador, \u00e0 cause d&rsquo;une crevaison et d&rsquo;une attaque dans la foul\u00e9e du maillot rose.<\/p>\n<h3 style=\"text-align: justify;\">La d\u00e9faillance de Contador<\/h3>\n<p style=\"text-align: justify;\">Lors de cette 20e \u00e9tape, <strong>Mikel Landa<\/strong> attaque dans les pentes terribles du Colle del Finestre. <strong>Alberto Contador<\/strong> tente de prendre la roue, mais doit renoncer. Et le maillot rose va conna\u00eetre une terrible d\u00e9faillance un peu plus loin. M\u00eame un <strong>Fabio Aru<\/strong> plut\u00f4t moribond se d\u00e9fait de Contador. Qui bascule \u00e0 pr\u00e8s de 2 minutes d&rsquo;<strong>Ilnur Zakarin<\/strong> et <strong>Mikel Landa<\/strong>. Alors qu&rsquo;un groupe avec Fabio Aru bascule \u00e0 pr\u00e8s d&rsquo;une minute. La situation est p\u00e9rilleuse, car il y a un peu de vall\u00e9e, avant de chercher la mont\u00e9e de Sestri\u00e8res. Et clairement, c&rsquo;est la configuration o\u00f9 on peut perdre un Giro, m\u00eame avec une confortable avance.<\/p>\n<p style=\"text-align: justify;\">Mais, coup de th\u00e9\u00e2tre. <strong>Mikel Landa<\/strong> doit attendre <strong>Fabio Aru<\/strong> \u00e0 l&rsquo;arri\u00e8re. Ce qui favorise <strong>Alberto Contador<\/strong>, d&rsquo;autant que le groupe devant ne collabore pas tr\u00e8s bien. L&rsquo;Espagnol aborde la mont\u00e9e finale avec 50 secondes de retard. Et la mont\u00e9e est trop courte pour qu&rsquo;il soit renvers\u00e9. Il sauve son maillot et pr\u00e9serve l&rsquo;essentiel. Comble de l&rsquo;ironie, <strong>Fabio Aru<\/strong> remportera l&rsquo;\u00e9tape o\u00f9 <strong>Mikel Landa<\/strong> aura eu les pieds et poings li\u00e9s. L\u00e0-aussi, qu&rsquo;aurait-il bien pu se passer, s&rsquo;il avait pu faire les 40 derniers kilom\u00e8tres \u00e0 bloc, avec des concurrents tr\u00e8s fatigu\u00e9s\u00a0 ?<\/p>\n<p style=\"text-align: justify;\">Peut-\u00eatre que <strong>Mikel Landa<\/strong> n&rsquo;aurait pas gagn\u00e9 le Giro. Mais il aurait pu lutter avec toutes les armes pour y arriver. On ne le saura jamais.<\/p>\n","protected":false},"excerpt":{"rendered":"<p>GIRO &#8211; Mikel Landa, 3e du Giro en 2015, n&rsquo;a pas eu les coud\u00e9es franches dans cette \u00e9preuve, avec une \u00e9quipe qui avait mis\u00e9 sur Fabio Aru, la star montante du cyclisme italien \u00e0 l&rsquo;\u00e9poque.<\/p>\n","protected":false},"author":83,"featured_media":378893,"comment_status":"open","ping_status":"closed","sticky":false,"template":"","format":"standard","meta":{"_acf_changed":false,"_daextam_enable_autolinks":"","footnotes":""},"categories":[2307],"tags":[16878,574,2830],"class_list":["post-378847","post","type-post","status-publish","format-standard","has-post-thumbnail","hentry","category-cyclisme","tag-breve","tag-cyclisme","tag-giro"],"acf":[],"yoast_head":"<!-- This site is optimized with the Yoast SEO Premium plugin v26.7 (Yoast SEO v26.7) - https:\/\/yoast.com\/wordpress\/plugins\/seo\/ -->\n<title>Giro 2015 : Quand Astana bridait Mikel Landa<\/title>\n<meta name=\"description\" content=\"GIRO - Mikel Landa, 3e du Giro en 2015, n&#039;a pas eu les coud\u00e9es franches dans cette \u00e9preuve, avec une \u00e9quipe qui avait mis\u00e9 sur Fabio Aru.\" \/>\n<meta name=\"robots\" content=\"index, follow, max-snippet:-1, max-image-preview:large, max-video-preview:-1\" \/>\n<link rel=\"canonical\" href=\"https:\/\/dicodusport.fr\/blog\/giro-2015-quand-astana-bridait-mikel-landa\/\" \/>\n<meta property=\"og:locale\" content=\"fr_FR\" \/>\n<meta property=\"og:type\" content=\"article\" \/>\n<meta property=\"og:title\" content=\"Giro 2015 : Quand Astana bridait Mikel Landa\" \/>\n<meta property=\"og:description\" content=\"GIRO - Mikel Landa, 3e du Giro en 2015, n&#039;a pas eu les coud\u00e9es franches dans cette \u00e9preuve, avec une \u00e9quipe qui avait mis\u00e9 sur Fabio Aru.\" \/>\n<meta property=\"og:url\" content=\"https:\/\/dicodusport.fr\/blog\/giro-2015-quand-astana-bridait-mikel-landa\/\" \/>\n<meta property=\"og:site_name\" content=\"Dicodusport\" \/>\n<meta property=\"article:publisher\" content=\"https:\/\/www.facebook.com\/dicodusport\" \/>\n<meta property=\"article:published_time\" content=\"2023-05-05T07:07:53+00:00\" \/>\n<meta property=\"og:image\" content=\"https:\/\/dicodusport.fr\/blog\/wp-content\/uploads\/2023\/05\/Giro-Quand-Astana-a-bride-Mikel-Landa-en-2015.png\" \/>\n\t<meta property=\"og:image:width\" content=\"800\" \/>\n\t<meta property=\"og:image:height\" content=\"445\" \/>\n\t<meta property=\"og:image:type\" content=\"image\/png\" \/>\n<meta name=\"author\" content=\"Etienne Goursaud\" \/>\n<meta name=\"twitter:card\" content=\"summary_large_image\" \/>\n<meta name=\"twitter:title\" content=\"Giro 2015 : Quand Astana bridait Mikel Landa\" \/>\n<meta name=\"twitter:creator\" content=\"@dicodusport\" \/>\n<meta name=\"twitter:site\" content=\"@dicodusport\" \/>\n<script type=\"application\/ld+json\" class=\"yoast-schema-graph\">{\"@context\":\"https:\/\/schema.org\",\"@graph\":[{\"@type\":\"NewsArticle\",\"@id\":\"https:\/\/dicodusport.fr\/blog\/giro-2015-quand-astana-bridait-mikel-landa\/#article\",\"isPartOf\":{\"@id\":\"https:\/\/dicodusport.fr\/blog\/giro-2015-quand-astana-bridait-mikel-landa\/\"},\"author\":{\"name\":\"Etienne Goursaud\",\"@id\":\"https:\/\/dicodusport.fr\/blog\/#\/schema\/person\/d603dd7da31fb2b46c82b9835a77ec13\"},\"headline\":\"Giro 2015 : Quand Astana bridait Mikel Landa\",\"datePublished\":\"2023-05-05T07:07:53+00:00\",\"mainEntityOfPage\":{\"@id\":\"https:\/\/dicodusport.fr\/blog\/giro-2015-quand-astana-bridait-mikel-landa\/\"},\"wordCount\":1575,\"commentCount\":0,\"publisher\":{\"@id\":\"https:\/\/dicodusport.fr\/blog\/#organization\"},\"image\":{\"@id\":\"https:\/\/dicodusport.fr\/blog\/giro-2015-quand-astana-bridait-mikel-landa\/#primaryimage\"},\"thumbnailUrl\":\"https:\/\/dicodusport.fr\/blog\/wp-content\/uploads\/2023\/05\/Giro-Quand-Astana-a-bride-Mikel-Landa-en-2015.png\",\"keywords\":[\"br\u00e8ve\",\"Cyclisme\",\"Giro\"],\"articleSection\":[\"Cyclisme\"],\"inLanguage\":\"fr-FR\",\"potentialAction\":[{\"@type\":\"CommentAction\",\"name\":\"Comment\",\"target\":[\"https:\/\/dicodusport.fr\/blog\/giro-2015-quand-astana-bridait-mikel-landa\/#respond\"]}],\"copyrightYear\":\"2023\",\"copyrightHolder\":{\"@id\":\"https:\/\/dicodusport.fr\/blog\/#organization\"}},{\"@type\":\"WebPage\",\"@id\":\"https:\/\/dicodusport.fr\/blog\/giro-2015-quand-astana-bridait-mikel-landa\/\",\"url\":\"https:\/\/dicodusport.fr\/blog\/giro-2015-quand-astana-bridait-mikel-landa\/\",\"name\":\"Giro 2015 : Quand Astana bridait Mikel Landa\",\"isPartOf\":{\"@id\":\"https:\/\/dicodusport.fr\/blog\/#website\"},\"primaryImageOfPage\":{\"@id\":\"https:\/\/dicodusport.fr\/blog\/giro-2015-quand-astana-bridait-mikel-landa\/#primaryimage\"},\"image\":{\"@id\":\"https:\/\/dicodusport.fr\/blog\/giro-2015-quand-astana-bridait-mikel-landa\/#primaryimage\"},\"thumbnailUrl\":\"https:\/\/dicodusport.fr\/blog\/wp-content\/uploads\/2023\/05\/Giro-Quand-Astana-a-bride-Mikel-Landa-en-2015.png\",\"datePublished\":\"2023-05-05T07:07:53+00:00\",\"description\":\"GIRO - Mikel Landa, 3e du Giro en 2015, n'a pas eu les coud\u00e9es franches dans cette \u00e9preuve, avec une \u00e9quipe qui avait mis\u00e9 sur Fabio Aru.\",\"breadcrumb\":{\"@id\":\"https:\/\/dicodusport.fr\/blog\/giro-2015-quand-astana-bridait-mikel-landa\/#breadcrumb\"},\"inLanguage\":\"fr-FR\",\"potentialAction\":[{\"@type\":\"ReadAction\",\"target\":[\"https:\/\/dicodusport.fr\/blog\/giro-2015-quand-astana-bridait-mikel-landa\/\"]}]},{\"@type\":\"ImageObject\",\"inLanguage\":\"fr-FR\",\"@id\":\"https:\/\/dicodusport.fr\/blog\/giro-2015-quand-astana-bridait-mikel-landa\/#primaryimage\",\"url\":\"https:\/\/dicodusport.fr\/blog\/wp-content\/uploads\/2023\/05\/Giro-Quand-Astana-a-bride-Mikel-Landa-en-2015.png\",\"contentUrl\":\"https:\/\/dicodusport.fr\/blog\/wp-content\/uploads\/2023\/05\/Giro-Quand-Astana-a-bride-Mikel-Landa-en-2015.png\",\"width\":800,\"height\":445,\"caption\":\"Giro : Quand Astana a brid\u00e9 Mikel Landa en 2015\"},{\"@type\":\"BreadcrumbList\",\"@id\":\"https:\/\/dicodusport.fr\/blog\/giro-2015-quand-astana-bridait-mikel-landa\/#breadcrumb\",\"itemListElement\":[{\"@type\":\"ListItem\",\"position\":1,\"name\":\"Accueil\",\"item\":\"https:\/\/dicodusport.fr\/blog\/\"},{\"@type\":\"ListItem\",\"position\":2,\"name\":\"Giro 2015 : Quand Astana bridait Mikel Landa\"}]},{\"@type\":\"WebSite\",\"@id\":\"https:\/\/dicodusport.fr\/blog\/#website\",\"url\":\"https:\/\/dicodusport.fr\/blog\/\",\"name\":\"Dicodusport\",\"description\":\"L&#039;encyclop\u00e9die de l&#039;actualit\u00e9 sportive\",\"publisher\":{\"@id\":\"https:\/\/dicodusport.fr\/blog\/#organization\"},\"potentialAction\":[{\"@type\":\"SearchAction\",\"target\":{\"@type\":\"EntryPoint\",\"urlTemplate\":\"https:\/\/dicodusport.fr\/blog\/?s={search_term_string}\"},\"query-input\":{\"@type\":\"PropertyValueSpecification\",\"valueRequired\":true,\"valueName\":\"search_term_string\"}}],\"inLanguage\":\"fr-FR\"},{\"@type\":\"NewsMediaOrganization\",\"@id\":\"https:\/\/dicodusport.fr\/blog\/#organization\",\"name\":\"Dicodusport\",\"url\":\"https:\/\/dicodusport.fr\/blog\/\",\"logo\":{\"@type\":\"ImageObject\",\"inLanguage\":\"fr-FR\",\"@id\":\"https:\/\/dicodusport.fr\/blog\/#\/schema\/logo\/image\/\",\"url\":\"https:\/\/dicodusport.fr\/blog\/wp-content\/uploads\/2020\/06\/cropped-LOGO-DICODUSPORT-2020-SANS-FOND-SANS-TEXTE.png\",\"contentUrl\":\"https:\/\/dicodusport.fr\/blog\/wp-content\/uploads\/2020\/06\/cropped-LOGO-DICODUSPORT-2020-SANS-FOND-SANS-TEXTE.png\",\"width\":512,\"height\":512,\"caption\":\"Dicodusport\"},\"image\":{\"@id\":\"https:\/\/dicodusport.fr\/blog\/#\/schema\/logo\/image\/\"},\"sameAs\":[\"https:\/\/www.facebook.com\/dicodusport\",\"https:\/\/x.com\/dicodusport\",\"https:\/\/www.instagram.com\/dicodusport\/\",\"https:\/\/www.youtube.com\/channel\/UC7V2KZ5sd3htJivAbA4ZG3w\"],\"description\":\"Dicodusport est l'encyclop\u00e9die de l'actualit\u00e9 sportive.\",\"email\":\"bonjour@dicodusport.fr\",\"legalName\":\"DICODUSPORT\",\"foundingDate\":\"2018-01-14\",\"vatID\":\"FR71834470973\",\"taxID\":\"83447097300043\",\"numberOfEmployees\":{\"@type\":\"QuantitativeValue\",\"minValue\":\"1\",\"maxValue\":\"10\"}},{\"@type\":\"Person\",\"@id\":\"https:\/\/dicodusport.fr\/blog\/#\/schema\/person\/d603dd7da31fb2b46c82b9835a77ec13\",\"name\":\"Etienne Goursaud\",\"image\":{\"@type\":\"ImageObject\",\"inLanguage\":\"fr-FR\",\"@id\":\"https:\/\/dicodusport.fr\/blog\/#\/schema\/person\/image\/\",\"url\":\"https:\/\/dicodusport.fr\/blog\/wp-content\/uploads\/2023\/12\/410122264_10231602061736049_5565839791558026645_n-150x150.jpg\",\"contentUrl\":\"https:\/\/dicodusport.fr\/blog\/wp-content\/uploads\/2023\/12\/410122264_10231602061736049_5565839791558026645_n-150x150.jpg\",\"caption\":\"Etienne Goursaud\"},\"description\":\"Journaliste et amoureux de sport. Ancien footballeur reconverti athl\u00e8te quand ses muscles le laissent tranquille. \u00c9lev\u00e9 \u00e0 la sauce des exploits de Thomas Voeckler en 2004, du dernier essai de l\u00e9gende de Eunice Barber \u00e0 la longueur lors des championnats du monde d'athl\u00e9tisme de 2003 mais aussi Zidane, Omeyer et Titou Lamaison.\",\"url\":\"https:\/\/dicodusport.fr\/blog\/author\/etienne-goursaud\/\"}]}<\/script>\n<!-- \/ Yoast SEO Premium plugin. -->","yoast_head_json":{"title":"Giro 2015 : Quand Astana bridait Mikel Landa","description":"GIRO - Mikel Landa, 3e du Giro en 2015, n'a pas eu les coud\u00e9es franches dans cette \u00e9preuve, avec une \u00e9quipe qui avait mis\u00e9 sur Fabio Aru.","robots":{"index":"index","follow":"follow","max-snippet":"max-snippet:-1","max-image-preview":"max-image-preview:large","max-video-preview":"max-video-preview:-1"},"canonical":"https:\/\/dicodusport.fr\/blog\/giro-2015-quand-astana-bridait-mikel-landa\/","og_locale":"fr_FR","og_type":"article","og_title":"Giro 2015 : Quand Astana bridait Mikel Landa","og_description":"GIRO - Mikel Landa, 3e du Giro en 2015, n'a pas eu les coud\u00e9es franches dans cette \u00e9preuve, avec une \u00e9quipe qui avait mis\u00e9 sur Fabio Aru.","og_url":"https:\/\/dicodusport.fr\/blog\/giro-2015-quand-astana-bridait-mikel-landa\/","og_site_name":"Dicodusport","article_publisher":"https:\/\/www.facebook.com\/dicodusport","article_published_time":"2023-05-05T07:07:53+00:00","og_image":[{"width":800,"height":445,"url":"https:\/\/dicodusport.fr\/blog\/wp-content\/uploads\/2023\/05\/Giro-Quand-Astana-a-bride-Mikel-Landa-en-2015.png","type":"image\/png"}],"author":"Etienne Goursaud","twitter_card":"summary_large_image","twitter_title":"Giro 2015 : Quand Astana bridait Mikel Landa","twitter_creator":"@dicodusport","twitter_site":"@dicodusport","schema":{"@context":"https:\/\/schema.org","@graph":[{"@type":"NewsArticle","@id":"https:\/\/dicodusport.fr\/blog\/giro-2015-quand-astana-bridait-mikel-landa\/#article","isPartOf":{"@id":"https:\/\/dicodusport.fr\/blog\/giro-2015-quand-astana-bridait-mikel-landa\/"},"author":{"name":"Etienne Goursaud","@id":"https:\/\/dicodusport.fr\/blog\/#\/schema\/person\/d603dd7da31fb2b46c82b9835a77ec13"},"headline":"Giro 2015 : Quand Astana bridait Mikel Landa","datePublished":"2023-05-05T07:07:53+00:00","mainEntityOfPage":{"@id":"https:\/\/dicodusport.fr\/blog\/giro-2015-quand-astana-bridait-mikel-landa\/"},"wordCount":1575,"commentCount":0,"publisher":{"@id":"https:\/\/dicodusport.fr\/blog\/#organization"},"image":{"@id":"https:\/\/dicodusport.fr\/blog\/giro-2015-quand-astana-bridait-mikel-landa\/#primaryimage"},"thumbnailUrl":"https:\/\/dicodusport.fr\/blog\/wp-content\/uploads\/2023\/05\/Giro-Quand-Astana-a-bride-Mikel-Landa-en-2015.png","keywords":["br\u00e8ve","Cyclisme","Giro"],"articleSection":["Cyclisme"],"inLanguage":"fr-FR","potentialAction":[{"@type":"CommentAction","name":"Comment","target":["https:\/\/dicodusport.fr\/blog\/giro-2015-quand-astana-bridait-mikel-landa\/#respond"]}],"copyrightYear":"2023","copyrightHolder":{"@id":"https:\/\/dicodusport.fr\/blog\/#organization"}},{"@type":"WebPage","@id":"https:\/\/dicodusport.fr\/blog\/giro-2015-quand-astana-bridait-mikel-landa\/","url":"https:\/\/dicodusport.fr\/blog\/giro-2015-quand-astana-bridait-mikel-landa\/","name":"Giro 2015 : Quand Astana bridait Mikel Landa","isPartOf":{"@id":"https:\/\/dicodusport.fr\/blog\/#website"},"primaryImageOfPage":{"@id":"https:\/\/dicodusport.fr\/blog\/giro-2015-quand-astana-bridait-mikel-landa\/#primaryimage"},"image":{"@id":"https:\/\/dicodusport.fr\/blog\/giro-2015-quand-astana-bridait-mikel-landa\/#primaryimage"},"thumbnailUrl":"https:\/\/dicodusport.fr\/blog\/wp-content\/uploads\/2023\/05\/Giro-Quand-Astana-a-bride-Mikel-Landa-en-2015.png","datePublished":"2023-05-05T07:07:53+00:00","description":"GIRO - Mikel Landa, 3e du Giro en 2015, n'a pas eu les coud\u00e9es franches dans cette \u00e9preuve, avec une \u00e9quipe qui avait mis\u00e9 sur Fabio Aru.","breadcrumb":{"@id":"https:\/\/dicodusport.fr\/blog\/giro-2015-quand-astana-bridait-mikel-landa\/#breadcrumb"},"inLanguage":"fr-FR","potentialAction":[{"@type":"ReadAction","target":["https:\/\/dicodusport.fr\/blog\/giro-2015-quand-astana-bridait-mikel-landa\/"]}]},{"@type":"ImageObject","inLanguage":"fr-FR","@id":"https:\/\/dicodusport.fr\/blog\/giro-2015-quand-astana-bridait-mikel-landa\/#primaryimage","url":"https:\/\/dicodusport.fr\/blog\/wp-content\/uploads\/2023\/05\/Giro-Quand-Astana-a-bride-Mikel-Landa-en-2015.png","contentUrl":"https:\/\/dicodusport.fr\/blog\/wp-content\/uploads\/2023\/05\/Giro-Quand-Astana-a-bride-Mikel-Landa-en-2015.png","width":800,"height":445,"caption":"Giro : Quand Astana a brid\u00e9 Mikel Landa en 2015"},{"@type":"BreadcrumbList","@id":"https:\/\/dicodusport.fr\/blog\/giro-2015-quand-astana-bridait-mikel-landa\/#breadcrumb","itemListElement":[{"@type":"ListItem","position":1,"name":"Accueil","item":"https:\/\/dicodusport.fr\/blog\/"},{"@type":"ListItem","position":2,"name":"Giro 2015 : Quand Astana bridait Mikel Landa"}]},{"@type":"WebSite","@id":"https:\/\/dicodusport.fr\/blog\/#website","url":"https:\/\/dicodusport.fr\/blog\/","name":"Dicodusport","description":"L&#039;encyclop\u00e9die de l&#039;actualit\u00e9 sportive","publisher":{"@id":"https:\/\/dicodusport.fr\/blog\/#organization"},"potentialAction":[{"@type":"SearchAction","target":{"@type":"EntryPoint","urlTemplate":"https:\/\/dicodusport.fr\/blog\/?s={search_term_string}"},"query-input":{"@type":"PropertyValueSpecification","valueRequired":true,"valueName":"search_term_string"}}],"inLanguage":"fr-FR"},{"@type":"NewsMediaOrganization","@id":"https:\/\/dicodusport.fr\/blog\/#organization","name":"Dicodusport","url":"https:\/\/dicodusport.fr\/blog\/","logo":{"@type":"ImageObject","inLanguage":"fr-FR","@id":"https:\/\/dicodusport.fr\/blog\/#\/schema\/logo\/image\/","url":"https:\/\/dicodusport.fr\/blog\/wp-content\/uploads\/2020\/06\/cropped-LOGO-DICODUSPORT-2020-SANS-FOND-SANS-TEXTE.png","contentUrl":"https:\/\/dicodusport.fr\/blog\/wp-content\/uploads\/2020\/06\/cropped-LOGO-DICODUSPORT-2020-SANS-FOND-SANS-TEXTE.png","width":512,"height":512,"caption":"Dicodusport"},"image":{"@id":"https:\/\/dicodusport.fr\/blog\/#\/schema\/logo\/image\/"},"sameAs":["https:\/\/www.facebook.com\/dicodusport","https:\/\/x.com\/dicodusport","https:\/\/www.instagram.com\/dicodusport\/","https:\/\/www.youtube.com\/channel\/UC7V2KZ5sd3htJivAbA4ZG3w"],"description":"Dicodusport est l'encyclop\u00e9die de l'actualit\u00e9 sportive.","email":"bonjour@dicodusport.fr","legalName":"DICODUSPORT","foundingDate":"2018-01-14","vatID":"FR71834470973","taxID":"83447097300043","numberOfEmployees":{"@type":"QuantitativeValue","minValue":"1","maxValue":"10"}},{"@type":"Person","@id":"https:\/\/dicodusport.fr\/blog\/#\/schema\/person\/d603dd7da31fb2b46c82b9835a77ec13","name":"Etienne Goursaud","image":{"@type":"ImageObject","inLanguage":"fr-FR","@id":"https:\/\/dicodusport.fr\/blog\/#\/schema\/person\/image\/","url":"https:\/\/dicodusport.fr\/blog\/wp-content\/uploads\/2023\/12\/410122264_10231602061736049_5565839791558026645_n-150x150.jpg","contentUrl":"https:\/\/dicodusport.fr\/blog\/wp-content\/uploads\/2023\/12\/410122264_10231602061736049_5565839791558026645_n-150x150.jpg","caption":"Etienne Goursaud"},"description":"Journaliste et amoureux de sport. Ancien footballeur reconverti athl\u00e8te quand ses muscles le laissent tranquille. \u00c9lev\u00e9 \u00e0 la sauce des exploits de Thomas Voeckler en 2004, du dernier essai de l\u00e9gende de Eunice Barber \u00e0 la longueur lors des championnats du monde d'athl\u00e9tisme de 2003 mais aussi Zidane, Omeyer et Titou Lamaison.","url":"https:\/\/dicodusport.fr\/blog\/author\/etienne-goursaud\/"}]}},"_links":{"self":[{"href":"https:\/\/dicodusport.fr\/blog\/wp-json\/wp\/v2\/posts\/378847","targetHints":{"allow":["GET"]}}],"collection":[{"href":"https:\/\/dicodusport.fr\/blog\/wp-json\/wp\/v2\/posts"}],"about":[{"href":"https:\/\/dicodusport.fr\/blog\/wp-json\/wp\/v2\/types\/post"}],"author":[{"embeddable":true,"href":"https:\/\/dicodusport.fr\/blog\/wp-json\/wp\/v2\/users\/83"}],"replies":[{"embeddable":true,"href":"https:\/\/dicodusport.fr\/blog\/wp-json\/wp\/v2\/comments?post=378847"}],"version-history":[{"count":0,"href":"https:\/\/dicodusport.fr\/blog\/wp-json\/wp\/v2\/posts\/378847\/revisions"}],"wp:featuredmedia":[{"embeddable":true,"href":"https:\/\/dicodusport.fr\/blog\/wp-json\/wp\/v2\/media\/378893"}],"wp:attachment":[{"href":"https:\/\/dicodusport.fr\/blog\/wp-json\/wp\/v2\/media?parent=378847"}],"wp:term":[{"taxonomy":"category","embeddable":true,"href":"https:\/\/dicodusport.fr\/blog\/wp-json\/wp\/v2\/categories?post=378847"},{"taxonomy":"post_tag","embeddable":true,"href":"https:\/\/dicodusport.fr\/blog\/wp-json\/wp\/v2\/tags?post=378847"}],"curies":[{"name":"wp","href":"https:\/\/api.w.org\/{rel}","templated":true}]}}