{"id":378866,"date":"2023-05-03T16:14:37","date_gmt":"2023-05-03T14:14:37","guid":{"rendered":"https:\/\/dicodusport.fr\/blog\/?p=378866&#038;preview=true&#038;preview_id=378866"},"modified":"2023-05-03T16:24:29","modified_gmt":"2023-05-03T14:24:29","slug":"vuelta-femmes-2023-marianne-vos-remporte-la-3eme-etape-marquee-par-les-bordures","status":"publish","type":"post","link":"https:\/\/dicodusport.fr\/blog\/vuelta-femmes-2023-marianne-vos-remporte-la-3eme-etape-marquee-par-les-bordures\/","title":{"rendered":"Vuelta femmes 2023 : Marianne Vos remporte la 3\u00e8me \u00e9tape marqu\u00e9e par les bordures"},"content":{"rendered":"<p align=\"justify\"><em><strong>VUELTA FEMMES 2023 &#8211; Marianne Vos (Jumbo-Visma) a remport\u00e9 la troisi\u00e8me \u00e9tape entre Elche de la Sierre et La Roda (157.8 kilom\u00e8tres). Elle prend sa revanche sur Charlotte Kool (Team DSM), 2e aujourd&rsquo;hui. Chlo\u00e9 Dygert (Canyon-Sram) est encore 3e. Une \u00e9tape marqu\u00e9e par des bordures et o\u00f9 des favorites ont perdu du temps. La N\u00e9erlandaise conforte son maillot rouge.<\/strong><\/em><\/p>\n<h2 style=\"text-align: justify;\">Peloton coup\u00e9 en trois avant la mi-course, Realini pi\u00e9g\u00e9e<\/h2>\n<p style=\"text-align: justify;\">On le savait, le vent pouvait jouer un r\u00f4le dans une \u00e9tape presque toute plate aujourd&rsquo;hui, mais longue de pr\u00e8s de 160 kilom\u00e8tres, assez rare pour une course f\u00e9minine. Cela a donn\u00e9 un d\u00e9but de course tr\u00e8s nerveux ! Aucune \u00e9chapp\u00e9e n&rsquo;a pu prendre le large. Car la Movistar a embray\u00e9 directement \u00e0 100 kilom\u00e8tres de l&rsquo;arriv\u00e9e. Et le peloton s&rsquo;est coup\u00e9 en deux, avec seulement 55 coureuses dans le groupe de t\u00eate. Et quelques surprises, comme <strong>Gaia Realini<\/strong> (Trek-Segafredo), pi\u00e9g\u00e9e. La jeune Italienne, impressionnante depuis le d\u00e9but de la saison et vraie outsider pour un top 5 au g\u00e9n\u00e9ral, ne reverra plus le peloton de t\u00eate. Tout comme <strong>Kristen Faulkner<\/strong> (Jayco-AlUla). Rejet\u00e9es dans un groupe \u00e0 pr\u00e8s de 30 secondes de la t\u00eate, \u00e0 85 kilom\u00e8tres de l&rsquo;arriv\u00e9e. Autant dire que la situation est assez grave pour les deux coureuses.<\/p>\n<p style=\"text-align: justify;\">D&rsquo;autant que quelques kilom\u00e8tres plus loin, le groupe est rejet\u00e9 \u00e0 plus d&rsquo;une minute. Malgr\u00e9 une \u00e9quipe de la Trek-Segafredo qui fait rouler, notamment <strong>Lizzie Deignan<\/strong>, elle-m\u00eame pi\u00e9g\u00e9e dans la bordure. Un travail efficace puisque l&rsquo;\u00e9cart tombe \u00e0 38 secondes ! Tandis que le 3e groupe, avec <strong>Urska Zigart<\/strong> (Jayco-AlUla) revient lui \u00e0 54 secondes de la t\u00eate de course, compos\u00e9 d\u00e9sormais de 50 coureuses.<\/p>\n<h2 style=\"text-align: justify;\">Nouvelles bordures \u00e0 53 kilom\u00e8tres de l&rsquo;arriv\u00e9e, Persico et Muzic l\u00e2ch\u00e9es<\/h2>\n<p style=\"text-align: justify;\">Mais c&rsquo;est au tour de la Team DSM d&rsquo;enclencher. Les co\u00e9quipi\u00e8res de Charlotte Kool, vainqueure la veille, mais aussi de <strong>Juliette Labous<\/strong>, outsider au g\u00e9n\u00e9ral, entra\u00eenent une nouvelle bordure. Et le peloton de t\u00eate se scinde en deux ! Avec 27 coureuses \u00e0 l&rsquo;avant ! Finalement, des coureuses parviennent \u00e0 recoller pour un groupe de 36. Parmi les favorites, on compte <strong>Liane Lippert et Annemiek van Vleuten<\/strong> (Movistar), <strong>Demi Vollering et Niamh Fisher-Black<\/strong> (SD-Worx),<strong> Elise Chabbey et Katarzna Niewadoma<\/strong> (Canyon\/\/Sram) et <strong>Juliette Labous<\/strong>. Mais pas d&rsquo;<strong>Evita Muzic<\/strong> ou de <strong>Marta Cavalli<\/strong> (FDJ-Suez). La jeune Fran\u00e7aise pouvait pr\u00e9tendre \u00e0 un top 10 et est alors en train de perdre de grosses secondes sur cette \u00e9tape totalement folle. Ce qui est aussi le cas de <strong>Mavi Garcia<\/strong> (Liv Racing) et <strong>Silvia Persico<\/strong> (UAE Team ADQ).<\/p>\n<p style=\"text-align: justify;\">L&rsquo;Espagnole <strong>Mavi Garcia<\/strong> revient finalement en t\u00eate, alors que le groupe Persico\/Muzic navigue \u00e0 30 secondes \u00e0 25 kilom\u00e8tres de l&rsquo;arriv\u00e9e. Et que le groupe des Trek-Segafredo est rejet\u00e9 bien plus loin, \u00e0 1:30. Pendant ce temps-l\u00e0, <strong>Marianne Vos<\/strong>, leader du g\u00e9n\u00e9ral, empoche le sprint bonifications et conforte son avance. Le second groupe semblait pouvoir revenir, mais abdique finalement \u00e0 18 kilom\u00e8tres de l&rsquo;arriv\u00e9e. L&rsquo;\u00e9cart monte alors directement \u00e0 40 secondes. Pour Silvia Persico et Evita Muzic, les secondes s&rsquo;\u00e9gr\u00e8nent dans le mauvais sens.<\/p>\n<h2 style=\"text-align: justify;\">Des \u00e9carts d\u00e9j\u00e0 importants<\/h2>\n<p style=\"text-align: justify;\">Le rythme (plus de 45 km\/h de moyenne) et la longueur d&rsquo;\u00e9tape (pr\u00e8s de 160 kilom\u00e8tres), malgr\u00e9 un profil d&rsquo;\u00e9tape plat, laisse des traces. D&rsquo;autant que cela acc\u00e9l\u00e8re encore dans le final. Le Team DSM continue de faire le forcing pour placer au mieux <strong>Charlotte Kool<\/strong>. La formation allemande aura fait un vrai show dans les 50 derniers kilom\u00e8tres, aval\u00e9s \u00e0 un rythme supersonique. Et le sprint est lanc\u00e9 vent dans le dos. Mais, contrairement \u00e0 hier, la sprinteuse du Team DSM se fait d\u00e9border par sa compatriote <strong>Marianne Vos<\/strong> (Jumbo-Visma). La leader du classement g\u00e9n\u00e9ral, tr\u00e8s discr\u00e8te, mais toujours bien plac\u00e9e ce mercredi, remporte sa 248e victoire professionnelle. <strong>Chlo\u00e9 Dygert<\/strong> (Canyon-Sram) est encore 3e.<strong> Clara Copponi<\/strong> (FDJ-Suez) est au pied du podium. Les \u00e9carts sont d\u00e9j\u00e0 tr\u00e8s importants. <strong>Evita Muzic<\/strong> et <strong>Silvia Persico<\/strong> perdent 1:32 sur les autres favorites<\/p>\n<blockquote class=\"twitter-tweet\">\n<p dir=\"ltr\" lang=\"fr\">Au terme d&rsquo;une journ\u00e9e marqu\u00e9e par les bordures, Marianne Vos (Jumbo-Visma) prend sa revanche au sprint sur Charlotte Kool (DSM) et s&rsquo;adjuge la troisi\u00e8me \u00e9tape du Tour d&rsquo;Espagne f\u00e9minin, confortant son maillot de leader ! Comme hier, Chloe Dygert est 3e. <a href=\"https:\/\/twitter.com\/hashtag\/LaVueltaFemenina?src=hash&amp;ref_src=twsrc%5Etfw\">#LaVueltaFemenina<\/a> <a href=\"https:\/\/t.co\/J38lSCJAPG\">pic.twitter.com\/J38lSCJAPG<\/a><\/p>\n<p>\u2014 Le Gruppetto (@LeGruppetto) <a href=\"https:\/\/twitter.com\/LeGruppetto\/status\/1653764020611043330?ref_src=twsrc%5Etfw\">May 3, 2023<\/a><\/p><\/blockquote>\n<p><script async src=\"https:\/\/platform.twitter.com\/widgets.js\" charset=\"utf-8\"><\/script><\/p>\n<h2 style=\"text-align: justify;\">\u00c0 lire aussi<\/h2>\n<ul>\n<li style=\"text-align: justify;\"><a href=\"https:\/\/dicodusport.fr\/blog\/vuelta-femmes-2023-classement-3eme-etape\/\"><strong>Le classement de la 3\u00e8me \u00e9tape de la Vuelta Femmes 2023\u00a0<\/strong><\/a><\/li>\n<li style=\"text-align: justify;\"><strong><a href=\"https:\/\/dicodusport.fr\/blog\/vuelta-femmes-2023-classement-general\/\">Le classement g\u00e9n\u00e9ral de la Vuelta Femmes 2023<\/a>\u00a0<\/strong><\/li>\n<\/ul>\n","protected":false},"excerpt":{"rendered":"<p>VUELTA FEMMES 2023 &#8211; Marianne Vos (Jumbo-Visma) a remport\u00e9 la troisi\u00e8me \u00e9tape entre Elche de la Sierre et La Roda (157.8 kilom\u00e8tres). Elle prend sa revanche sur Charlotte Kool (Team DSM), 2e aujourd&rsquo;hui. Chlo\u00e9 Dygert (Canyon-Sram) est encore 3e. Une \u00e9tape marqu\u00e9e par des bordures et o\u00f9 des favorites ont perdu du temps. La N\u00e9erlandaise conforte son maillot rouge.<\/p>\n","protected":false},"author":83,"featured_media":378912,"comment_status":"open","ping_status":"closed","sticky":false,"template":"","format":"standard","meta":{"_acf_changed":false,"_daextam_enable_autolinks":"","footnotes":""},"categories":[46994],"tags":[16878,574,25655],"class_list":["post-378866","post","type-post","status-publish","format-standard","has-post-thumbnail","hentry","category-cyclisme-sur-route","tag-breve","tag-cyclisme","tag-marianne-vos"],"acf":[],"yoast_head":"<!-- This site is optimized with the Yoast SEO Premium plugin v26.7 (Yoast SEO v26.7) - https:\/\/yoast.com\/wordpress\/plugins\/seo\/ -->\n<title>Vuelta femmes 2023 : Marianne Vos remporte la 3\u00e8me \u00e9tape marqu\u00e9e par les bordures<\/title>\n<meta name=\"description\" content=\"VUELTA FEMMES 2023 - Marianne Vos (Jumbo-Visma) a remport\u00e9 la troisi\u00e8me \u00e9tape entre Elche de la Sierre et La Roda (157.8 kilom\u00e8tres).\" \/>\n<meta name=\"robots\" content=\"index, follow, max-snippet:-1, max-image-preview:large, max-video-preview:-1\" \/>\n<link rel=\"canonical\" href=\"https:\/\/dicodusport.fr\/blog\/vuelta-femmes-2023-marianne-vos-remporte-la-3eme-etape-marquee-par-les-bordures\/\" \/>\n<meta property=\"og:locale\" content=\"fr_FR\" \/>\n<meta property=\"og:type\" content=\"article\" \/>\n<meta property=\"og:title\" content=\"Vuelta femmes 2023 : Marianne Vos remporte la 3\u00e8me \u00e9tape marqu\u00e9e par les bordures\" \/>\n<meta property=\"og:description\" content=\"VUELTA FEMMES 2023 - Marianne Vos (Jumbo-Visma) a remport\u00e9 la troisi\u00e8me \u00e9tape entre Elche de la Sierre et La Roda (157.8 kilom\u00e8tres).\" \/>\n<meta property=\"og:url\" content=\"https:\/\/dicodusport.fr\/blog\/vuelta-femmes-2023-marianne-vos-remporte-la-3eme-etape-marquee-par-les-bordures\/\" \/>\n<meta property=\"og:site_name\" content=\"Dicodusport\" \/>\n<meta property=\"article:publisher\" content=\"https:\/\/www.facebook.com\/dicodusport\" \/>\n<meta property=\"article:published_time\" content=\"2023-05-03T14:14:37+00:00\" \/>\n<meta property=\"article:modified_time\" content=\"2023-05-03T14:24:29+00:00\" \/>\n<meta property=\"og:image\" content=\"https:\/\/dicodusport.fr\/blog\/wp-content\/uploads\/2023\/05\/Vuelta-femmes-2023-Marianne-Vos-remporte-la-3eme-etape-marquee-par-les-bordures.png\" \/>\n\t<meta property=\"og:image:width\" content=\"800\" \/>\n\t<meta property=\"og:image:height\" content=\"445\" \/>\n\t<meta property=\"og:image:type\" content=\"image\/png\" \/>\n<meta name=\"author\" content=\"Etienne Goursaud\" \/>\n<meta name=\"twitter:card\" content=\"summary_large_image\" \/>\n<meta name=\"twitter:title\" content=\"Vuelta femmes 2023 : Marianne Vos remporte la 3\u00e8me \u00e9tape marqu\u00e9e par les bordures\" \/>\n<meta name=\"twitter:creator\" content=\"@dicodusport\" \/>\n<meta name=\"twitter:site\" content=\"@dicodusport\" \/>\n<script type=\"application\/ld+json\" class=\"yoast-schema-graph\">{\"@context\":\"https:\/\/schema.org\",\"@graph\":[{\"@type\":\"NewsArticle\",\"@id\":\"https:\/\/dicodusport.fr\/blog\/vuelta-femmes-2023-marianne-vos-remporte-la-3eme-etape-marquee-par-les-bordures\/#article\",\"isPartOf\":{\"@id\":\"https:\/\/dicodusport.fr\/blog\/vuelta-femmes-2023-marianne-vos-remporte-la-3eme-etape-marquee-par-les-bordures\/\"},\"author\":{\"name\":\"Etienne Goursaud\",\"@id\":\"https:\/\/dicodusport.fr\/blog\/#\/schema\/person\/d603dd7da31fb2b46c82b9835a77ec13\"},\"headline\":\"Vuelta femmes 2023 : Marianne Vos remporte la 3\u00e8me \u00e9tape marqu\u00e9e par les bordures\",\"datePublished\":\"2023-05-03T14:14:37+00:00\",\"dateModified\":\"2023-05-03T14:24:29+00:00\",\"mainEntityOfPage\":{\"@id\":\"https:\/\/dicodusport.fr\/blog\/vuelta-femmes-2023-marianne-vos-remporte-la-3eme-etape-marquee-par-les-bordures\/\"},\"wordCount\":785,\"commentCount\":0,\"publisher\":{\"@id\":\"https:\/\/dicodusport.fr\/blog\/#organization\"},\"image\":{\"@id\":\"https:\/\/dicodusport.fr\/blog\/vuelta-femmes-2023-marianne-vos-remporte-la-3eme-etape-marquee-par-les-bordures\/#primaryimage\"},\"thumbnailUrl\":\"https:\/\/dicodusport.fr\/blog\/wp-content\/uploads\/2023\/05\/Vuelta-femmes-2023-Marianne-Vos-remporte-la-3eme-etape-marquee-par-les-bordures.png\",\"keywords\":[\"br\u00e8ve\",\"Cyclisme\",\"Marianne Vos\"],\"articleSection\":[\"Cyclisme sur route\"],\"inLanguage\":\"fr-FR\",\"potentialAction\":[{\"@type\":\"CommentAction\",\"name\":\"Comment\",\"target\":[\"https:\/\/dicodusport.fr\/blog\/vuelta-femmes-2023-marianne-vos-remporte-la-3eme-etape-marquee-par-les-bordures\/#respond\"]}],\"copyrightYear\":\"2023\",\"copyrightHolder\":{\"@id\":\"https:\/\/dicodusport.fr\/blog\/#organization\"}},{\"@type\":\"WebPage\",\"@id\":\"https:\/\/dicodusport.fr\/blog\/vuelta-femmes-2023-marianne-vos-remporte-la-3eme-etape-marquee-par-les-bordures\/\",\"url\":\"https:\/\/dicodusport.fr\/blog\/vuelta-femmes-2023-marianne-vos-remporte-la-3eme-etape-marquee-par-les-bordures\/\",\"name\":\"Vuelta femmes 2023 : Marianne Vos remporte la 3\u00e8me \u00e9tape marqu\u00e9e par les bordures\",\"isPartOf\":{\"@id\":\"https:\/\/dicodusport.fr\/blog\/#website\"},\"primaryImageOfPage\":{\"@id\":\"https:\/\/dicodusport.fr\/blog\/vuelta-femmes-2023-marianne-vos-remporte-la-3eme-etape-marquee-par-les-bordures\/#primaryimage\"},\"image\":{\"@id\":\"https:\/\/dicodusport.fr\/blog\/vuelta-femmes-2023-marianne-vos-remporte-la-3eme-etape-marquee-par-les-bordures\/#primaryimage\"},\"thumbnailUrl\":\"https:\/\/dicodusport.fr\/blog\/wp-content\/uploads\/2023\/05\/Vuelta-femmes-2023-Marianne-Vos-remporte-la-3eme-etape-marquee-par-les-bordures.png\",\"datePublished\":\"2023-05-03T14:14:37+00:00\",\"dateModified\":\"2023-05-03T14:24:29+00:00\",\"description\":\"VUELTA FEMMES 2023 - Marianne Vos (Jumbo-Visma) a remport\u00e9 la troisi\u00e8me \u00e9tape entre Elche de la Sierre et La Roda (157.8 kilom\u00e8tres).\",\"breadcrumb\":{\"@id\":\"https:\/\/dicodusport.fr\/blog\/vuelta-femmes-2023-marianne-vos-remporte-la-3eme-etape-marquee-par-les-bordures\/#breadcrumb\"},\"inLanguage\":\"fr-FR\",\"potentialAction\":[{\"@type\":\"ReadAction\",\"target\":[\"https:\/\/dicodusport.fr\/blog\/vuelta-femmes-2023-marianne-vos-remporte-la-3eme-etape-marquee-par-les-bordures\/\"]}]},{\"@type\":\"ImageObject\",\"inLanguage\":\"fr-FR\",\"@id\":\"https:\/\/dicodusport.fr\/blog\/vuelta-femmes-2023-marianne-vos-remporte-la-3eme-etape-marquee-par-les-bordures\/#primaryimage\",\"url\":\"https:\/\/dicodusport.fr\/blog\/wp-content\/uploads\/2023\/05\/Vuelta-femmes-2023-Marianne-Vos-remporte-la-3eme-etape-marquee-par-les-bordures.png\",\"contentUrl\":\"https:\/\/dicodusport.fr\/blog\/wp-content\/uploads\/2023\/05\/Vuelta-femmes-2023-Marianne-Vos-remporte-la-3eme-etape-marquee-par-les-bordures.png\",\"width\":800,\"height\":445,\"caption\":\"Vuelta femmes 2023 Marianne Vos remporte la 3\u00e8me \u00e9tape marqu\u00e9e par les bordures\"},{\"@type\":\"BreadcrumbList\",\"@id\":\"https:\/\/dicodusport.fr\/blog\/vuelta-femmes-2023-marianne-vos-remporte-la-3eme-etape-marquee-par-les-bordures\/#breadcrumb\",\"itemListElement\":[{\"@type\":\"ListItem\",\"position\":1,\"name\":\"Accueil\",\"item\":\"https:\/\/dicodusport.fr\/blog\/\"},{\"@type\":\"ListItem\",\"position\":2,\"name\":\"Vuelta femmes 2023 : Marianne Vos remporte la 3\u00e8me \u00e9tape marqu\u00e9e par les bordures\"}]},{\"@type\":\"WebSite\",\"@id\":\"https:\/\/dicodusport.fr\/blog\/#website\",\"url\":\"https:\/\/dicodusport.fr\/blog\/\",\"name\":\"Dicodusport\",\"description\":\"L&#039;encyclop\u00e9die de l&#039;actualit\u00e9 sportive\",\"publisher\":{\"@id\":\"https:\/\/dicodusport.fr\/blog\/#organization\"},\"potentialAction\":[{\"@type\":\"SearchAction\",\"target\":{\"@type\":\"EntryPoint\",\"urlTemplate\":\"https:\/\/dicodusport.fr\/blog\/?s={search_term_string}\"},\"query-input\":{\"@type\":\"PropertyValueSpecification\",\"valueRequired\":true,\"valueName\":\"search_term_string\"}}],\"inLanguage\":\"fr-FR\"},{\"@type\":\"NewsMediaOrganization\",\"@id\":\"https:\/\/dicodusport.fr\/blog\/#organization\",\"name\":\"Dicodusport\",\"url\":\"https:\/\/dicodusport.fr\/blog\/\",\"logo\":{\"@type\":\"ImageObject\",\"inLanguage\":\"fr-FR\",\"@id\":\"https:\/\/dicodusport.fr\/blog\/#\/schema\/logo\/image\/\",\"url\":\"https:\/\/dicodusport.fr\/blog\/wp-content\/uploads\/2020\/06\/cropped-LOGO-DICODUSPORT-2020-SANS-FOND-SANS-TEXTE.png\",\"contentUrl\":\"https:\/\/dicodusport.fr\/blog\/wp-content\/uploads\/2020\/06\/cropped-LOGO-DICODUSPORT-2020-SANS-FOND-SANS-TEXTE.png\",\"width\":512,\"height\":512,\"caption\":\"Dicodusport\"},\"image\":{\"@id\":\"https:\/\/dicodusport.fr\/blog\/#\/schema\/logo\/image\/\"},\"sameAs\":[\"https:\/\/www.facebook.com\/dicodusport\",\"https:\/\/x.com\/dicodusport\",\"https:\/\/www.instagram.com\/dicodusport\/\",\"https:\/\/www.youtube.com\/channel\/UC7V2KZ5sd3htJivAbA4ZG3w\"],\"description\":\"Dicodusport est l'encyclop\u00e9die de l'actualit\u00e9 sportive.\",\"email\":\"bonjour@dicodusport.fr\",\"legalName\":\"DICODUSPORT\",\"foundingDate\":\"2018-01-14\",\"vatID\":\"FR71834470973\",\"taxID\":\"83447097300043\",\"numberOfEmployees\":{\"@type\":\"QuantitativeValue\",\"minValue\":\"1\",\"maxValue\":\"10\"}},{\"@type\":\"Person\",\"@id\":\"https:\/\/dicodusport.fr\/blog\/#\/schema\/person\/d603dd7da31fb2b46c82b9835a77ec13\",\"name\":\"Etienne Goursaud\",\"image\":{\"@type\":\"ImageObject\",\"inLanguage\":\"fr-FR\",\"@id\":\"https:\/\/dicodusport.fr\/blog\/#\/schema\/person\/image\/\",\"url\":\"https:\/\/dicodusport.fr\/blog\/wp-content\/uploads\/2023\/12\/410122264_10231602061736049_5565839791558026645_n-150x150.jpg\",\"contentUrl\":\"https:\/\/dicodusport.fr\/blog\/wp-content\/uploads\/2023\/12\/410122264_10231602061736049_5565839791558026645_n-150x150.jpg\",\"caption\":\"Etienne Goursaud\"},\"description\":\"Journaliste et amoureux de sport. Ancien footballeur reconverti athl\u00e8te quand ses muscles le laissent tranquille. \u00c9lev\u00e9 \u00e0 la sauce des exploits de Thomas Voeckler en 2004, du dernier essai de l\u00e9gende de Eunice Barber \u00e0 la longueur lors des championnats du monde d'athl\u00e9tisme de 2003 mais aussi Zidane, Omeyer et Titou Lamaison.\",\"url\":\"https:\/\/dicodusport.fr\/blog\/author\/etienne-goursaud\/\"}]}<\/script>\n<!-- \/ Yoast SEO Premium plugin. -->","yoast_head_json":{"title":"Vuelta femmes 2023 : Marianne Vos remporte la 3\u00e8me \u00e9tape marqu\u00e9e par les bordures","description":"VUELTA FEMMES 2023 - Marianne Vos (Jumbo-Visma) a remport\u00e9 la troisi\u00e8me \u00e9tape entre Elche de la Sierre et La Roda (157.8 kilom\u00e8tres).","robots":{"index":"index","follow":"follow","max-snippet":"max-snippet:-1","max-image-preview":"max-image-preview:large","max-video-preview":"max-video-preview:-1"},"canonical":"https:\/\/dicodusport.fr\/blog\/vuelta-femmes-2023-marianne-vos-remporte-la-3eme-etape-marquee-par-les-bordures\/","og_locale":"fr_FR","og_type":"article","og_title":"Vuelta femmes 2023 : Marianne Vos remporte la 3\u00e8me \u00e9tape marqu\u00e9e par les bordures","og_description":"VUELTA FEMMES 2023 - Marianne Vos (Jumbo-Visma) a remport\u00e9 la troisi\u00e8me \u00e9tape entre Elche de la Sierre et La Roda (157.8 kilom\u00e8tres).","og_url":"https:\/\/dicodusport.fr\/blog\/vuelta-femmes-2023-marianne-vos-remporte-la-3eme-etape-marquee-par-les-bordures\/","og_site_name":"Dicodusport","article_publisher":"https:\/\/www.facebook.com\/dicodusport","article_published_time":"2023-05-03T14:14:37+00:00","article_modified_time":"2023-05-03T14:24:29+00:00","og_image":[{"width":800,"height":445,"url":"https:\/\/dicodusport.fr\/blog\/wp-content\/uploads\/2023\/05\/Vuelta-femmes-2023-Marianne-Vos-remporte-la-3eme-etape-marquee-par-les-bordures.png","type":"image\/png"}],"author":"Etienne Goursaud","twitter_card":"summary_large_image","twitter_title":"Vuelta femmes 2023 : Marianne Vos remporte la 3\u00e8me \u00e9tape marqu\u00e9e par les bordures","twitter_creator":"@dicodusport","twitter_site":"@dicodusport","schema":{"@context":"https:\/\/schema.org","@graph":[{"@type":"NewsArticle","@id":"https:\/\/dicodusport.fr\/blog\/vuelta-femmes-2023-marianne-vos-remporte-la-3eme-etape-marquee-par-les-bordures\/#article","isPartOf":{"@id":"https:\/\/dicodusport.fr\/blog\/vuelta-femmes-2023-marianne-vos-remporte-la-3eme-etape-marquee-par-les-bordures\/"},"author":{"name":"Etienne Goursaud","@id":"https:\/\/dicodusport.fr\/blog\/#\/schema\/person\/d603dd7da31fb2b46c82b9835a77ec13"},"headline":"Vuelta femmes 2023 : Marianne Vos remporte la 3\u00e8me \u00e9tape marqu\u00e9e par les bordures","datePublished":"2023-05-03T14:14:37+00:00","dateModified":"2023-05-03T14:24:29+00:00","mainEntityOfPage":{"@id":"https:\/\/dicodusport.fr\/blog\/vuelta-femmes-2023-marianne-vos-remporte-la-3eme-etape-marquee-par-les-bordures\/"},"wordCount":785,"commentCount":0,"publisher":{"@id":"https:\/\/dicodusport.fr\/blog\/#organization"},"image":{"@id":"https:\/\/dicodusport.fr\/blog\/vuelta-femmes-2023-marianne-vos-remporte-la-3eme-etape-marquee-par-les-bordures\/#primaryimage"},"thumbnailUrl":"https:\/\/dicodusport.fr\/blog\/wp-content\/uploads\/2023\/05\/Vuelta-femmes-2023-Marianne-Vos-remporte-la-3eme-etape-marquee-par-les-bordures.png","keywords":["br\u00e8ve","Cyclisme","Marianne Vos"],"articleSection":["Cyclisme sur route"],"inLanguage":"fr-FR","potentialAction":[{"@type":"CommentAction","name":"Comment","target":["https:\/\/dicodusport.fr\/blog\/vuelta-femmes-2023-marianne-vos-remporte-la-3eme-etape-marquee-par-les-bordures\/#respond"]}],"copyrightYear":"2023","copyrightHolder":{"@id":"https:\/\/dicodusport.fr\/blog\/#organization"}},{"@type":"WebPage","@id":"https:\/\/dicodusport.fr\/blog\/vuelta-femmes-2023-marianne-vos-remporte-la-3eme-etape-marquee-par-les-bordures\/","url":"https:\/\/dicodusport.fr\/blog\/vuelta-femmes-2023-marianne-vos-remporte-la-3eme-etape-marquee-par-les-bordures\/","name":"Vuelta femmes 2023 : Marianne Vos remporte la 3\u00e8me \u00e9tape marqu\u00e9e par les bordures","isPartOf":{"@id":"https:\/\/dicodusport.fr\/blog\/#website"},"primaryImageOfPage":{"@id":"https:\/\/dicodusport.fr\/blog\/vuelta-femmes-2023-marianne-vos-remporte-la-3eme-etape-marquee-par-les-bordures\/#primaryimage"},"image":{"@id":"https:\/\/dicodusport.fr\/blog\/vuelta-femmes-2023-marianne-vos-remporte-la-3eme-etape-marquee-par-les-bordures\/#primaryimage"},"thumbnailUrl":"https:\/\/dicodusport.fr\/blog\/wp-content\/uploads\/2023\/05\/Vuelta-femmes-2023-Marianne-Vos-remporte-la-3eme-etape-marquee-par-les-bordures.png","datePublished":"2023-05-03T14:14:37+00:00","dateModified":"2023-05-03T14:24:29+00:00","description":"VUELTA FEMMES 2023 - Marianne Vos (Jumbo-Visma) a remport\u00e9 la troisi\u00e8me \u00e9tape entre Elche de la Sierre et La Roda (157.8 kilom\u00e8tres).","breadcrumb":{"@id":"https:\/\/dicodusport.fr\/blog\/vuelta-femmes-2023-marianne-vos-remporte-la-3eme-etape-marquee-par-les-bordures\/#breadcrumb"},"inLanguage":"fr-FR","potentialAction":[{"@type":"ReadAction","target":["https:\/\/dicodusport.fr\/blog\/vuelta-femmes-2023-marianne-vos-remporte-la-3eme-etape-marquee-par-les-bordures\/"]}]},{"@type":"ImageObject","inLanguage":"fr-FR","@id":"https:\/\/dicodusport.fr\/blog\/vuelta-femmes-2023-marianne-vos-remporte-la-3eme-etape-marquee-par-les-bordures\/#primaryimage","url":"https:\/\/dicodusport.fr\/blog\/wp-content\/uploads\/2023\/05\/Vuelta-femmes-2023-Marianne-Vos-remporte-la-3eme-etape-marquee-par-les-bordures.png","contentUrl":"https:\/\/dicodusport.fr\/blog\/wp-content\/uploads\/2023\/05\/Vuelta-femmes-2023-Marianne-Vos-remporte-la-3eme-etape-marquee-par-les-bordures.png","width":800,"height":445,"caption":"Vuelta femmes 2023 Marianne Vos remporte la 3\u00e8me \u00e9tape marqu\u00e9e par les bordures"},{"@type":"BreadcrumbList","@id":"https:\/\/dicodusport.fr\/blog\/vuelta-femmes-2023-marianne-vos-remporte-la-3eme-etape-marquee-par-les-bordures\/#breadcrumb","itemListElement":[{"@type":"ListItem","position":1,"name":"Accueil","item":"https:\/\/dicodusport.fr\/blog\/"},{"@type":"ListItem","position":2,"name":"Vuelta femmes 2023 : Marianne Vos remporte la 3\u00e8me \u00e9tape marqu\u00e9e par les bordures"}]},{"@type":"WebSite","@id":"https:\/\/dicodusport.fr\/blog\/#website","url":"https:\/\/dicodusport.fr\/blog\/","name":"Dicodusport","description":"L&#039;encyclop\u00e9die de l&#039;actualit\u00e9 sportive","publisher":{"@id":"https:\/\/dicodusport.fr\/blog\/#organization"},"potentialAction":[{"@type":"SearchAction","target":{"@type":"EntryPoint","urlTemplate":"https:\/\/dicodusport.fr\/blog\/?s={search_term_string}"},"query-input":{"@type":"PropertyValueSpecification","valueRequired":true,"valueName":"search_term_string"}}],"inLanguage":"fr-FR"},{"@type":"NewsMediaOrganization","@id":"https:\/\/dicodusport.fr\/blog\/#organization","name":"Dicodusport","url":"https:\/\/dicodusport.fr\/blog\/","logo":{"@type":"ImageObject","inLanguage":"fr-FR","@id":"https:\/\/dicodusport.fr\/blog\/#\/schema\/logo\/image\/","url":"https:\/\/dicodusport.fr\/blog\/wp-content\/uploads\/2020\/06\/cropped-LOGO-DICODUSPORT-2020-SANS-FOND-SANS-TEXTE.png","contentUrl":"https:\/\/dicodusport.fr\/blog\/wp-content\/uploads\/2020\/06\/cropped-LOGO-DICODUSPORT-2020-SANS-FOND-SANS-TEXTE.png","width":512,"height":512,"caption":"Dicodusport"},"image":{"@id":"https:\/\/dicodusport.fr\/blog\/#\/schema\/logo\/image\/"},"sameAs":["https:\/\/www.facebook.com\/dicodusport","https:\/\/x.com\/dicodusport","https:\/\/www.instagram.com\/dicodusport\/","https:\/\/www.youtube.com\/channel\/UC7V2KZ5sd3htJivAbA4ZG3w"],"description":"Dicodusport est l'encyclop\u00e9die de l'actualit\u00e9 sportive.","email":"bonjour@dicodusport.fr","legalName":"DICODUSPORT","foundingDate":"2018-01-14","vatID":"FR71834470973","taxID":"83447097300043","numberOfEmployees":{"@type":"QuantitativeValue","minValue":"1","maxValue":"10"}},{"@type":"Person","@id":"https:\/\/dicodusport.fr\/blog\/#\/schema\/person\/d603dd7da31fb2b46c82b9835a77ec13","name":"Etienne Goursaud","image":{"@type":"ImageObject","inLanguage":"fr-FR","@id":"https:\/\/dicodusport.fr\/blog\/#\/schema\/person\/image\/","url":"https:\/\/dicodusport.fr\/blog\/wp-content\/uploads\/2023\/12\/410122264_10231602061736049_5565839791558026645_n-150x150.jpg","contentUrl":"https:\/\/dicodusport.fr\/blog\/wp-content\/uploads\/2023\/12\/410122264_10231602061736049_5565839791558026645_n-150x150.jpg","caption":"Etienne Goursaud"},"description":"Journaliste et amoureux de sport. Ancien footballeur reconverti athl\u00e8te quand ses muscles le laissent tranquille. \u00c9lev\u00e9 \u00e0 la sauce des exploits de Thomas Voeckler en 2004, du dernier essai de l\u00e9gende de Eunice Barber \u00e0 la longueur lors des championnats du monde d'athl\u00e9tisme de 2003 mais aussi Zidane, Omeyer et Titou Lamaison.","url":"https:\/\/dicodusport.fr\/blog\/author\/etienne-goursaud\/"}]}},"_links":{"self":[{"href":"https:\/\/dicodusport.fr\/blog\/wp-json\/wp\/v2\/posts\/378866","targetHints":{"allow":["GET"]}}],"collection":[{"href":"https:\/\/dicodusport.fr\/blog\/wp-json\/wp\/v2\/posts"}],"about":[{"href":"https:\/\/dicodusport.fr\/blog\/wp-json\/wp\/v2\/types\/post"}],"author":[{"embeddable":true,"href":"https:\/\/dicodusport.fr\/blog\/wp-json\/wp\/v2\/users\/83"}],"replies":[{"embeddable":true,"href":"https:\/\/dicodusport.fr\/blog\/wp-json\/wp\/v2\/comments?post=378866"}],"version-history":[{"count":0,"href":"https:\/\/dicodusport.fr\/blog\/wp-json\/wp\/v2\/posts\/378866\/revisions"}],"wp:featuredmedia":[{"embeddable":true,"href":"https:\/\/dicodusport.fr\/blog\/wp-json\/wp\/v2\/media\/378912"}],"wp:attachment":[{"href":"https:\/\/dicodusport.fr\/blog\/wp-json\/wp\/v2\/media?parent=378866"}],"wp:term":[{"taxonomy":"category","embeddable":true,"href":"https:\/\/dicodusport.fr\/blog\/wp-json\/wp\/v2\/categories?post=378866"},{"taxonomy":"post_tag","embeddable":true,"href":"https:\/\/dicodusport.fr\/blog\/wp-json\/wp\/v2\/tags?post=378866"}],"curies":[{"name":"wp","href":"https:\/\/api.w.org\/{rel}","templated":true}]}}