{"id":379088,"date":"2023-05-04T17:06:54","date_gmt":"2023-05-04T15:06:54","guid":{"rendered":"https:\/\/dicodusport.fr\/blog\/?p=379088&#038;preview=true&#038;preview_id=379088"},"modified":"2023-05-04T20:15:10","modified_gmt":"2023-05-04T18:15:10","slug":"vuelta-femmes-2023-le-double-pour-marianne-vos-sur-la-4e-etape","status":"publish","type":"post","link":"https:\/\/dicodusport.fr\/blog\/vuelta-femmes-2023-le-double-pour-marianne-vos-sur-la-4e-etape\/","title":{"rendered":"Vuelta femmes 2023 : Le doubl\u00e9 pour Marianne Vos sur la 4e \u00e9tape"},"content":{"rendered":"<p align=\"justify\"><em><strong>VUELTA FEMMES 2023 &#8211; Marianne Vos (Jumbo-Visma) remporte la quatri\u00e8me \u00e9tape entre Cuenca et Guadalajara (133.1 km). Elle devance Emma Norsgaard (Movistar) et Blanka Vas (Team SD-Worx). La N\u00e9erlandaise conforte encore son maillot rouge. Charlotte Kool (Team DSM) a abandonn\u00e9.<\/strong><\/em><\/p>\n<h2>Quatre coureuses \u00e0 l&rsquo;avant<\/h2>\n<p style=\"text-align: justify;\">Encore une fois, dans cette Vuelta femmes 2023, l&rsquo;\u00e9chapp\u00e9e a mis du temps \u00e0 se d\u00e9gager. Sur ce trac\u00e9 de 133 kilom\u00e8tres, il aura fallu attendre pr\u00e8s de 30 kilom\u00e8tres pour que le bon coup se dessine. Apr\u00e8s une belle bagarre, quatre femmes se d\u00e9gagent. On n&rsquo;y retrouve que des concurrentes \u00e0 plus de 10 minutes de la leader <strong>Marianne Vos<\/strong>. <strong>Anna Kiesenhofer<\/strong> (Israel Premier Tech Roland), <strong>Maryna Varenyk<\/strong> (Eneicat-CM Team-Seguros Deportivos), <strong>Ana Vitoria Magalhaes<\/strong> (Bizkaia Durango) et <strong>Patricia Ortega<\/strong> (Massi-Tactic). Vu qu&rsquo;aucune de ces femmes n&rsquo;est dangereuse au g\u00e9n\u00e9ral, pour la premi\u00e8re fois depuis le d\u00e9but de l&rsquo;\u00e9preuve, le peloton laisse quelque peu filer. Avec 3 minutes d&rsquo;avance au 60e kilom\u00e8tre. Alors que <strong>Nora Jencusova<\/strong> (Bepink), qui a tent\u00e9 de faire la jonction devant, est rest\u00e9e longtemps en chasse patate, sans jamais revenir.<\/p>\n<p style=\"text-align: justify;\">Sur un parcours escarp\u00e9, les premi\u00e8res grandes difficult\u00e9s de cette Vuelta 2023 font des d\u00e9g\u00e2ts. Et la premi\u00e8re \u00e0 l\u00e2cher devant est l&rsquo;Ukrainienne <strong>Maryna Varenk<\/strong>. Le peloton, emmen\u00e9 par la Jumbo-Visma et la Trek-Segafredo, roule d\u00e9sormais tr\u00e8s fort. Et c&rsquo;est dur pour <strong>Charlotte Kool<\/strong> (Team DSM), vainqueur de la 2e \u00e9tape et qui l\u00e2che dans les pourcentages. Alors que, devant, c&rsquo;est dor\u00e9navant<strong> Anna Kiesenhofer<\/strong> qui est l\u00e2ch\u00e9e. C&rsquo;est donc un duo qui ouvre la route, alors que le peloton pointe seulement \u00e0 1:15. Et quelques hectom\u00e8tres plus loin, c&rsquo;est <strong>Patricia Ortega<\/strong> qui doit renoncer. Laissant <strong>Ana Vitoria Magalhaes<\/strong> seule en t\u00eate. La Br\u00e9silienne est la derni\u00e8re \u00e0 r\u00e9sister dans l&rsquo;\u00e9chapp\u00e9e du jour, qui ne sera pas la bonne \u00e9chapp\u00e9e.<\/p>\n<h2>Abandon de Charlotte Kool<\/h2>\n<p style=\"text-align: justify;\">\u00c0 45 kilom\u00e8tres de l&rsquo;arriv\u00e9e, <strong>Andrea Alzate<\/strong> (Eneicat-CM Team-Seguros Deportivo) sort du peloton. La Colombienne revient sur les femmes devant. Alors que le peloton est toujours emmen\u00e9 par la Trek-Segafredo. Derri\u00e8re, la FDJ-Suez d\u00e9gaine et suscite davantage de vocations. Mais personne ne parvient \u00e0 s&rsquo;extraire du peloton. Mais c&rsquo;est fatal \u00e0 l&rsquo;\u00e9chapp\u00e9e, reprise \u00e0 38 kilom\u00e8tres de l&rsquo;arriv\u00e9e. Et <strong>Jade Wiel<\/strong> (FDJ-Suez) tente sa chance au sommet d&rsquo;une difficult\u00e9 non r\u00e9pertori\u00e9e. Alors que cela se passe beaucoup moins bien pour <strong>Charlotte Kool<\/strong>, qui quitte la course. Mais on apprendra de son \u00e9quipe que c&rsquo;\u00e9tait programm\u00e9. Finalement, <strong>Georgia Williams<\/strong> (EF Education-TIBCO-SVB) et <strong>Aranza Valentina Villalon<\/strong> de la tr\u00e8s offensive \u00e9quipe Eneicat-CM Team-Seguros Deportivo se portent \u00e0 l&rsquo;avant et creusent un petit \u00e9cart. 30 secondes \u00e0 31 kilom\u00e8tres de l&rsquo;arriv\u00e9e.<\/p>\n<blockquote class=\"twitter-tweet\">\n<p dir=\"ltr\" lang=\"en\">After some great racing with the team in the TTT and success in the sprint stages, <a href=\"https:\/\/twitter.com\/CharlotteKool?ref_src=twsrc%5Etfw\">@CharlotteKool<\/a> has climbed off during today&rsquo;s <a href=\"https:\/\/twitter.com\/hashtag\/LaVueltaFemenina?src=hash&amp;ref_src=twsrc%5Etfw\">#LaVueltaFemenina<\/a> stage as we head into the mountains. She will head home now and focus on the next goals. \ud83d\udc4a\ud83c\udffb <a href=\"https:\/\/t.co\/lAelrB6Gt7\">pic.twitter.com\/lAelrB6Gt7<\/a><\/p>\n<p>\u2014 Team DSM (@TeamDSM) <a href=\"https:\/\/twitter.com\/TeamDSM\/status\/1654124462751772672?ref_src=twsrc%5Etfw\">May 4, 2023<\/a><\/p><\/blockquote>\n<p style=\"text-align: justify;\"><script async src=\"https:\/\/platform.twitter.com\/widgets.js\" charset=\"utf-8\"><\/script><\/p>\n<p style=\"text-align: justify;\">\u00c0 20 kilom\u00e8tres de l&rsquo;arriv\u00e9e, trois autres coureuses ont rejoint le duo. <strong>Agniezka Skalniak-Sojka<\/strong> (Canyon-Sram), <strong>Silke Smulders<\/strong> (Liv Racing) et <strong>Sigrid Ytterhus Haussdet<\/strong> (Team Coop &#8211; Hitec Products). Mais les cinq sont reprises \u00e0 16 kilom\u00e8tres de l&rsquo;arriv\u00e9e, au pied de l&rsquo;Alto de Horche, derni\u00e8re difficult\u00e9 de la journ\u00e9e. O\u00f9 tente sa chance <strong>Femke Markus<\/strong> (SD-Worx) co\u00e9quipi\u00e8re de <strong>Demi Vollering<\/strong>. Mais elle est vite reprise par un peloton d\u00e9sormais men\u00e9 par la Movistar d&rsquo;<strong>Annemiek van Vleuten <\/strong>alors qu&rsquo;une chute coupe le peloton en deux. Et <strong>Demi Vollering<\/strong> tente de faire le forcing au train. La N\u00e9erlandaise, impressionnante en 2023, est au train, mais ne fait pas de d\u00e9g\u00e2ts. Les favorites sont bien cal\u00e9es dans la roue de la coureuse de la SD-Worx, qui a fait le tripl\u00e9 ardennais en avril.<\/p>\n<h2>Vos encore imbattable<\/h2>\n<p style=\"text-align: justify;\">Une vingtaine de coureuses basculent en haut de cette difficult\u00e9 et les attaques fusent imm\u00e9diatement sur le sommet, avec encore une fois <strong>Demi Vollering<\/strong> mais aussi <strong>Annemiek van Vleuten<\/strong> et <strong>Mavi Garcia<\/strong> (Liv Racing). Les t\u00eates d&rsquo;affiches de cette Vuelta femmes 2023 se d\u00e9voilent \u00e0 11 kilom\u00e8tres de l&rsquo;arriv\u00e9e. Mais sont reprises. Et <strong>Liane Lippert<\/strong> (Movistar) contre imm\u00e9diatement, avec <strong>Niamh Fisher-Black<\/strong> (SD Worx) et <strong>Amber Kraak<\/strong> (Jumbo-Visma). Mais elles sont reprises. <strong>Liane Lippert<\/strong> met une nouvelle attaque tr\u00e8s s\u00e8che \u00e0 6 km de l&rsquo;arriv\u00e9e, peu avant d&rsquo;aborder la descente finale. <strong>Demi Vollering<\/strong> a fait le jump sur l&rsquo;Allemande ! Qui ne veut pas prendre de relais. Le duo est revu \u00e0 2,5 kilom\u00e8tres de l&rsquo;arriv\u00e9e.<\/p>\n<p style=\"text-align: justify;\">C&rsquo;est donc un sprint \u00e0 pr\u00e8s de 30 coureuses auquel on va avoir le droit. Et \u00e0 ce petit jeu-l\u00e0, <strong>Marianne Vos<\/strong> (Jumbo-Visma) est intouchable. D\u00e9barrass\u00e9e de <strong>Charlotte Kool<\/strong>, la N\u00e9erlandaise s&rsquo;impose nettement et remporte son deuxi\u00e8me succ\u00e8s sur cette Vuelta 2023.<\/p>\n<blockquote class=\"twitter-tweet\">\n<p dir=\"ltr\" lang=\"fr\">Apr\u00e8s une journ\u00e9e vallonn\u00e9e, Marianne Vos (Jumbo-Visma) r\u00e8gle au sprint la quatri\u00e8me \u00e9tape du Tour d&rsquo;Espagne f\u00e9minin, pour signer sa 2e victoire de rang et la 248e en carri\u00e8re (sur route) ! Emma Norsgaard (Movistar) et Blanka Vas (SD Worx) compl\u00e8tent le podium. <a href=\"https:\/\/twitter.com\/hashtag\/LaVueltaFemenina?src=hash&amp;ref_src=twsrc%5Etfw\">#LaVueltaFemenina<\/a> <a href=\"https:\/\/t.co\/XyNqjZGeX5\">pic.twitter.com\/XyNqjZGeX5<\/a><\/p>\n<p>\u2014 Le Gruppetto (@LeGruppetto) <a href=\"https:\/\/twitter.com\/LeGruppetto\/status\/1654139221878120450?ref_src=twsrc%5Etfw\">May 4, 2023<\/a><\/p><\/blockquote>\n<p><script async src=\"https:\/\/platform.twitter.com\/widgets.js\" charset=\"utf-8\"><\/script><\/p>\n<h2 align=\"justify\">\u00c0 lire aussi<\/h2>\n<ul>\n<li><a href=\"https:\/\/dicodusport.fr\/blog\/vuelta-femmes-2023-classement-4eme-etape\/\"><strong>Le classement de la quatri\u00e8me \u00e9tape de la Vuelta femmes 2023<\/strong><\/a><\/li>\n<li><a href=\"https:\/\/dicodusport.fr\/blog\/vuelta-femmes-2023-classement-general\/\"><strong>Le classement g\u00e9n\u00e9ral de la Vuelta femmes 2023<\/strong><\/a><\/li>\n<\/ul>\n","protected":false},"excerpt":{"rendered":"<p>VUELTA FEMMES 2023 &#8211; Marianne Vos (Jumbo-Visma) remporte la quatri\u00e8me \u00e9tape entre Cuenca et Guadalajara (133.1 km). Elle devance Emma Norsgaard (Movistar) et Blanka Vas (Team SD-Worx). La N\u00e9erlandaise conforte encore son maillot rouge. Charlotte Kool (Team DSM) a abandonn\u00e9.<\/p>\n","protected":false},"author":83,"featured_media":379126,"comment_status":"open","ping_status":"closed","sticky":false,"template":"","format":"standard","meta":{"_acf_changed":false,"_daextam_enable_autolinks":"","footnotes":""},"categories":[46994],"tags":[16878,574,25655],"class_list":["post-379088","post","type-post","status-publish","format-standard","has-post-thumbnail","hentry","category-cyclisme-sur-route","tag-breve","tag-cyclisme","tag-marianne-vos"],"acf":[],"yoast_head":"<!-- This site is optimized with the Yoast SEO Premium plugin v26.7 (Yoast SEO v26.7) - https:\/\/yoast.com\/wordpress\/plugins\/seo\/ -->\n<title>Vuelta femmes 2023 : Le doubl\u00e9 pour Marianne Vos sur la 4e \u00e9tape<\/title>\n<meta name=\"description\" content=\"VUELTA FEMMES 2023 - Marianne Vos (Jumbo-Visma) remporte la quatri\u00e8me \u00e9tape entre Cuenca et Guadalajara (133.1 km).\" \/>\n<meta name=\"robots\" content=\"index, follow, max-snippet:-1, max-image-preview:large, max-video-preview:-1\" \/>\n<link rel=\"canonical\" href=\"https:\/\/dicodusport.fr\/blog\/vuelta-femmes-2023-le-double-pour-marianne-vos-sur-la-4e-etape\/\" \/>\n<meta property=\"og:locale\" content=\"fr_FR\" \/>\n<meta property=\"og:type\" content=\"article\" \/>\n<meta property=\"og:title\" content=\"Vuelta femmes 2023 : Le doubl\u00e9 pour Marianne Vos sur la 4e \u00e9tape\" \/>\n<meta property=\"og:description\" content=\"VUELTA FEMMES 2023 - Marianne Vos (Jumbo-Visma) remporte la quatri\u00e8me \u00e9tape entre Cuenca et Guadalajara (133.1 km).\" \/>\n<meta property=\"og:url\" content=\"https:\/\/dicodusport.fr\/blog\/vuelta-femmes-2023-le-double-pour-marianne-vos-sur-la-4e-etape\/\" \/>\n<meta property=\"og:site_name\" content=\"Dicodusport\" \/>\n<meta property=\"article:publisher\" content=\"https:\/\/www.facebook.com\/dicodusport\" \/>\n<meta property=\"article:published_time\" content=\"2023-05-04T15:06:54+00:00\" \/>\n<meta property=\"article:modified_time\" content=\"2023-05-04T18:15:10+00:00\" \/>\n<meta property=\"og:image\" content=\"https:\/\/dicodusport.fr\/blog\/wp-content\/uploads\/2023\/05\/Vuelta-femmes-2023-Le-double-pour-Marianne-Vos-sur-la-4e-etape.png\" \/>\n\t<meta property=\"og:image:width\" content=\"800\" \/>\n\t<meta property=\"og:image:height\" content=\"445\" \/>\n\t<meta property=\"og:image:type\" content=\"image\/png\" \/>\n<meta name=\"author\" content=\"Etienne Goursaud\" \/>\n<meta name=\"twitter:card\" content=\"summary_large_image\" \/>\n<meta name=\"twitter:title\" content=\"Vuelta femmes 2023 : Le doubl\u00e9 pour Marianne Vos sur la 4e \u00e9tape\" \/>\n<meta name=\"twitter:creator\" content=\"@dicodusport\" \/>\n<meta name=\"twitter:site\" content=\"@dicodusport\" \/>\n<script type=\"application\/ld+json\" class=\"yoast-schema-graph\">{\"@context\":\"https:\/\/schema.org\",\"@graph\":[{\"@type\":\"NewsArticle\",\"@id\":\"https:\/\/dicodusport.fr\/blog\/vuelta-femmes-2023-le-double-pour-marianne-vos-sur-la-4e-etape\/#article\",\"isPartOf\":{\"@id\":\"https:\/\/dicodusport.fr\/blog\/vuelta-femmes-2023-le-double-pour-marianne-vos-sur-la-4e-etape\/\"},\"author\":{\"name\":\"Etienne Goursaud\",\"@id\":\"https:\/\/dicodusport.fr\/blog\/#\/schema\/person\/d603dd7da31fb2b46c82b9835a77ec13\"},\"headline\":\"Vuelta femmes 2023 : Le doubl\u00e9 pour Marianne Vos sur la 4e \u00e9tape\",\"datePublished\":\"2023-05-04T15:06:54+00:00\",\"dateModified\":\"2023-05-04T18:15:10+00:00\",\"mainEntityOfPage\":{\"@id\":\"https:\/\/dicodusport.fr\/blog\/vuelta-femmes-2023-le-double-pour-marianne-vos-sur-la-4e-etape\/\"},\"wordCount\":932,\"commentCount\":0,\"publisher\":{\"@id\":\"https:\/\/dicodusport.fr\/blog\/#organization\"},\"image\":{\"@id\":\"https:\/\/dicodusport.fr\/blog\/vuelta-femmes-2023-le-double-pour-marianne-vos-sur-la-4e-etape\/#primaryimage\"},\"thumbnailUrl\":\"https:\/\/dicodusport.fr\/blog\/wp-content\/uploads\/2023\/05\/Vuelta-femmes-2023-Le-double-pour-Marianne-Vos-sur-la-4e-etape.png\",\"keywords\":[\"br\u00e8ve\",\"Cyclisme\",\"Marianne Vos\"],\"articleSection\":[\"Cyclisme sur route\"],\"inLanguage\":\"fr-FR\",\"potentialAction\":[{\"@type\":\"CommentAction\",\"name\":\"Comment\",\"target\":[\"https:\/\/dicodusport.fr\/blog\/vuelta-femmes-2023-le-double-pour-marianne-vos-sur-la-4e-etape\/#respond\"]}],\"copyrightYear\":\"2023\",\"copyrightHolder\":{\"@id\":\"https:\/\/dicodusport.fr\/blog\/#organization\"}},{\"@type\":\"WebPage\",\"@id\":\"https:\/\/dicodusport.fr\/blog\/vuelta-femmes-2023-le-double-pour-marianne-vos-sur-la-4e-etape\/\",\"url\":\"https:\/\/dicodusport.fr\/blog\/vuelta-femmes-2023-le-double-pour-marianne-vos-sur-la-4e-etape\/\",\"name\":\"Vuelta femmes 2023 : Le doubl\u00e9 pour Marianne Vos sur la 4e \u00e9tape\",\"isPartOf\":{\"@id\":\"https:\/\/dicodusport.fr\/blog\/#website\"},\"primaryImageOfPage\":{\"@id\":\"https:\/\/dicodusport.fr\/blog\/vuelta-femmes-2023-le-double-pour-marianne-vos-sur-la-4e-etape\/#primaryimage\"},\"image\":{\"@id\":\"https:\/\/dicodusport.fr\/blog\/vuelta-femmes-2023-le-double-pour-marianne-vos-sur-la-4e-etape\/#primaryimage\"},\"thumbnailUrl\":\"https:\/\/dicodusport.fr\/blog\/wp-content\/uploads\/2023\/05\/Vuelta-femmes-2023-Le-double-pour-Marianne-Vos-sur-la-4e-etape.png\",\"datePublished\":\"2023-05-04T15:06:54+00:00\",\"dateModified\":\"2023-05-04T18:15:10+00:00\",\"description\":\"VUELTA FEMMES 2023 - Marianne Vos (Jumbo-Visma) remporte la quatri\u00e8me \u00e9tape entre Cuenca et Guadalajara (133.1 km).\",\"breadcrumb\":{\"@id\":\"https:\/\/dicodusport.fr\/blog\/vuelta-femmes-2023-le-double-pour-marianne-vos-sur-la-4e-etape\/#breadcrumb\"},\"inLanguage\":\"fr-FR\",\"potentialAction\":[{\"@type\":\"ReadAction\",\"target\":[\"https:\/\/dicodusport.fr\/blog\/vuelta-femmes-2023-le-double-pour-marianne-vos-sur-la-4e-etape\/\"]}]},{\"@type\":\"ImageObject\",\"inLanguage\":\"fr-FR\",\"@id\":\"https:\/\/dicodusport.fr\/blog\/vuelta-femmes-2023-le-double-pour-marianne-vos-sur-la-4e-etape\/#primaryimage\",\"url\":\"https:\/\/dicodusport.fr\/blog\/wp-content\/uploads\/2023\/05\/Vuelta-femmes-2023-Le-double-pour-Marianne-Vos-sur-la-4e-etape.png\",\"contentUrl\":\"https:\/\/dicodusport.fr\/blog\/wp-content\/uploads\/2023\/05\/Vuelta-femmes-2023-Le-double-pour-Marianne-Vos-sur-la-4e-etape.png\",\"width\":800,\"height\":445,\"caption\":\"Vuelta femmes 2023 Le doubl\u00e9 pour Marianne Vos sur la 4e \u00e9tape\"},{\"@type\":\"BreadcrumbList\",\"@id\":\"https:\/\/dicodusport.fr\/blog\/vuelta-femmes-2023-le-double-pour-marianne-vos-sur-la-4e-etape\/#breadcrumb\",\"itemListElement\":[{\"@type\":\"ListItem\",\"position\":1,\"name\":\"Accueil\",\"item\":\"https:\/\/dicodusport.fr\/blog\/\"},{\"@type\":\"ListItem\",\"position\":2,\"name\":\"Vuelta femmes 2023 : Le doubl\u00e9 pour Marianne Vos sur la 4e \u00e9tape\"}]},{\"@type\":\"WebSite\",\"@id\":\"https:\/\/dicodusport.fr\/blog\/#website\",\"url\":\"https:\/\/dicodusport.fr\/blog\/\",\"name\":\"Dicodusport\",\"description\":\"L&#039;encyclop\u00e9die de l&#039;actualit\u00e9 sportive\",\"publisher\":{\"@id\":\"https:\/\/dicodusport.fr\/blog\/#organization\"},\"potentialAction\":[{\"@type\":\"SearchAction\",\"target\":{\"@type\":\"EntryPoint\",\"urlTemplate\":\"https:\/\/dicodusport.fr\/blog\/?s={search_term_string}\"},\"query-input\":{\"@type\":\"PropertyValueSpecification\",\"valueRequired\":true,\"valueName\":\"search_term_string\"}}],\"inLanguage\":\"fr-FR\"},{\"@type\":\"NewsMediaOrganization\",\"@id\":\"https:\/\/dicodusport.fr\/blog\/#organization\",\"name\":\"Dicodusport\",\"url\":\"https:\/\/dicodusport.fr\/blog\/\",\"logo\":{\"@type\":\"ImageObject\",\"inLanguage\":\"fr-FR\",\"@id\":\"https:\/\/dicodusport.fr\/blog\/#\/schema\/logo\/image\/\",\"url\":\"https:\/\/dicodusport.fr\/blog\/wp-content\/uploads\/2020\/06\/cropped-LOGO-DICODUSPORT-2020-SANS-FOND-SANS-TEXTE.png\",\"contentUrl\":\"https:\/\/dicodusport.fr\/blog\/wp-content\/uploads\/2020\/06\/cropped-LOGO-DICODUSPORT-2020-SANS-FOND-SANS-TEXTE.png\",\"width\":512,\"height\":512,\"caption\":\"Dicodusport\"},\"image\":{\"@id\":\"https:\/\/dicodusport.fr\/blog\/#\/schema\/logo\/image\/\"},\"sameAs\":[\"https:\/\/www.facebook.com\/dicodusport\",\"https:\/\/x.com\/dicodusport\",\"https:\/\/www.instagram.com\/dicodusport\/\",\"https:\/\/www.youtube.com\/channel\/UC7V2KZ5sd3htJivAbA4ZG3w\"],\"description\":\"Dicodusport est l'encyclop\u00e9die de l'actualit\u00e9 sportive.\",\"email\":\"bonjour@dicodusport.fr\",\"legalName\":\"DICODUSPORT\",\"foundingDate\":\"2018-01-14\",\"vatID\":\"FR71834470973\",\"taxID\":\"83447097300043\",\"numberOfEmployees\":{\"@type\":\"QuantitativeValue\",\"minValue\":\"1\",\"maxValue\":\"10\"}},{\"@type\":\"Person\",\"@id\":\"https:\/\/dicodusport.fr\/blog\/#\/schema\/person\/d603dd7da31fb2b46c82b9835a77ec13\",\"name\":\"Etienne Goursaud\",\"image\":{\"@type\":\"ImageObject\",\"inLanguage\":\"fr-FR\",\"@id\":\"https:\/\/dicodusport.fr\/blog\/#\/schema\/person\/image\/\",\"url\":\"https:\/\/dicodusport.fr\/blog\/wp-content\/uploads\/2023\/12\/410122264_10231602061736049_5565839791558026645_n-150x150.jpg\",\"contentUrl\":\"https:\/\/dicodusport.fr\/blog\/wp-content\/uploads\/2023\/12\/410122264_10231602061736049_5565839791558026645_n-150x150.jpg\",\"caption\":\"Etienne Goursaud\"},\"description\":\"Journaliste et amoureux de sport. Ancien footballeur reconverti athl\u00e8te quand ses muscles le laissent tranquille. \u00c9lev\u00e9 \u00e0 la sauce des exploits de Thomas Voeckler en 2004, du dernier essai de l\u00e9gende de Eunice Barber \u00e0 la longueur lors des championnats du monde d'athl\u00e9tisme de 2003 mais aussi Zidane, Omeyer et Titou Lamaison.\",\"url\":\"https:\/\/dicodusport.fr\/blog\/author\/etienne-goursaud\/\"}]}<\/script>\n<!-- \/ Yoast SEO Premium plugin. -->","yoast_head_json":{"title":"Vuelta femmes 2023 : Le doubl\u00e9 pour Marianne Vos sur la 4e \u00e9tape","description":"VUELTA FEMMES 2023 - Marianne Vos (Jumbo-Visma) remporte la quatri\u00e8me \u00e9tape entre Cuenca et Guadalajara (133.1 km).","robots":{"index":"index","follow":"follow","max-snippet":"max-snippet:-1","max-image-preview":"max-image-preview:large","max-video-preview":"max-video-preview:-1"},"canonical":"https:\/\/dicodusport.fr\/blog\/vuelta-femmes-2023-le-double-pour-marianne-vos-sur-la-4e-etape\/","og_locale":"fr_FR","og_type":"article","og_title":"Vuelta femmes 2023 : Le doubl\u00e9 pour Marianne Vos sur la 4e \u00e9tape","og_description":"VUELTA FEMMES 2023 - Marianne Vos (Jumbo-Visma) remporte la quatri\u00e8me \u00e9tape entre Cuenca et Guadalajara (133.1 km).","og_url":"https:\/\/dicodusport.fr\/blog\/vuelta-femmes-2023-le-double-pour-marianne-vos-sur-la-4e-etape\/","og_site_name":"Dicodusport","article_publisher":"https:\/\/www.facebook.com\/dicodusport","article_published_time":"2023-05-04T15:06:54+00:00","article_modified_time":"2023-05-04T18:15:10+00:00","og_image":[{"width":800,"height":445,"url":"https:\/\/dicodusport.fr\/blog\/wp-content\/uploads\/2023\/05\/Vuelta-femmes-2023-Le-double-pour-Marianne-Vos-sur-la-4e-etape.png","type":"image\/png"}],"author":"Etienne Goursaud","twitter_card":"summary_large_image","twitter_title":"Vuelta femmes 2023 : Le doubl\u00e9 pour Marianne Vos sur la 4e \u00e9tape","twitter_creator":"@dicodusport","twitter_site":"@dicodusport","schema":{"@context":"https:\/\/schema.org","@graph":[{"@type":"NewsArticle","@id":"https:\/\/dicodusport.fr\/blog\/vuelta-femmes-2023-le-double-pour-marianne-vos-sur-la-4e-etape\/#article","isPartOf":{"@id":"https:\/\/dicodusport.fr\/blog\/vuelta-femmes-2023-le-double-pour-marianne-vos-sur-la-4e-etape\/"},"author":{"name":"Etienne Goursaud","@id":"https:\/\/dicodusport.fr\/blog\/#\/schema\/person\/d603dd7da31fb2b46c82b9835a77ec13"},"headline":"Vuelta femmes 2023 : Le doubl\u00e9 pour Marianne Vos sur la 4e \u00e9tape","datePublished":"2023-05-04T15:06:54+00:00","dateModified":"2023-05-04T18:15:10+00:00","mainEntityOfPage":{"@id":"https:\/\/dicodusport.fr\/blog\/vuelta-femmes-2023-le-double-pour-marianne-vos-sur-la-4e-etape\/"},"wordCount":932,"commentCount":0,"publisher":{"@id":"https:\/\/dicodusport.fr\/blog\/#organization"},"image":{"@id":"https:\/\/dicodusport.fr\/blog\/vuelta-femmes-2023-le-double-pour-marianne-vos-sur-la-4e-etape\/#primaryimage"},"thumbnailUrl":"https:\/\/dicodusport.fr\/blog\/wp-content\/uploads\/2023\/05\/Vuelta-femmes-2023-Le-double-pour-Marianne-Vos-sur-la-4e-etape.png","keywords":["br\u00e8ve","Cyclisme","Marianne Vos"],"articleSection":["Cyclisme sur route"],"inLanguage":"fr-FR","potentialAction":[{"@type":"CommentAction","name":"Comment","target":["https:\/\/dicodusport.fr\/blog\/vuelta-femmes-2023-le-double-pour-marianne-vos-sur-la-4e-etape\/#respond"]}],"copyrightYear":"2023","copyrightHolder":{"@id":"https:\/\/dicodusport.fr\/blog\/#organization"}},{"@type":"WebPage","@id":"https:\/\/dicodusport.fr\/blog\/vuelta-femmes-2023-le-double-pour-marianne-vos-sur-la-4e-etape\/","url":"https:\/\/dicodusport.fr\/blog\/vuelta-femmes-2023-le-double-pour-marianne-vos-sur-la-4e-etape\/","name":"Vuelta femmes 2023 : Le doubl\u00e9 pour Marianne Vos sur la 4e \u00e9tape","isPartOf":{"@id":"https:\/\/dicodusport.fr\/blog\/#website"},"primaryImageOfPage":{"@id":"https:\/\/dicodusport.fr\/blog\/vuelta-femmes-2023-le-double-pour-marianne-vos-sur-la-4e-etape\/#primaryimage"},"image":{"@id":"https:\/\/dicodusport.fr\/blog\/vuelta-femmes-2023-le-double-pour-marianne-vos-sur-la-4e-etape\/#primaryimage"},"thumbnailUrl":"https:\/\/dicodusport.fr\/blog\/wp-content\/uploads\/2023\/05\/Vuelta-femmes-2023-Le-double-pour-Marianne-Vos-sur-la-4e-etape.png","datePublished":"2023-05-04T15:06:54+00:00","dateModified":"2023-05-04T18:15:10+00:00","description":"VUELTA FEMMES 2023 - Marianne Vos (Jumbo-Visma) remporte la quatri\u00e8me \u00e9tape entre Cuenca et Guadalajara (133.1 km).","breadcrumb":{"@id":"https:\/\/dicodusport.fr\/blog\/vuelta-femmes-2023-le-double-pour-marianne-vos-sur-la-4e-etape\/#breadcrumb"},"inLanguage":"fr-FR","potentialAction":[{"@type":"ReadAction","target":["https:\/\/dicodusport.fr\/blog\/vuelta-femmes-2023-le-double-pour-marianne-vos-sur-la-4e-etape\/"]}]},{"@type":"ImageObject","inLanguage":"fr-FR","@id":"https:\/\/dicodusport.fr\/blog\/vuelta-femmes-2023-le-double-pour-marianne-vos-sur-la-4e-etape\/#primaryimage","url":"https:\/\/dicodusport.fr\/blog\/wp-content\/uploads\/2023\/05\/Vuelta-femmes-2023-Le-double-pour-Marianne-Vos-sur-la-4e-etape.png","contentUrl":"https:\/\/dicodusport.fr\/blog\/wp-content\/uploads\/2023\/05\/Vuelta-femmes-2023-Le-double-pour-Marianne-Vos-sur-la-4e-etape.png","width":800,"height":445,"caption":"Vuelta femmes 2023 Le doubl\u00e9 pour Marianne Vos sur la 4e \u00e9tape"},{"@type":"BreadcrumbList","@id":"https:\/\/dicodusport.fr\/blog\/vuelta-femmes-2023-le-double-pour-marianne-vos-sur-la-4e-etape\/#breadcrumb","itemListElement":[{"@type":"ListItem","position":1,"name":"Accueil","item":"https:\/\/dicodusport.fr\/blog\/"},{"@type":"ListItem","position":2,"name":"Vuelta femmes 2023 : Le doubl\u00e9 pour Marianne Vos sur la 4e \u00e9tape"}]},{"@type":"WebSite","@id":"https:\/\/dicodusport.fr\/blog\/#website","url":"https:\/\/dicodusport.fr\/blog\/","name":"Dicodusport","description":"L&#039;encyclop\u00e9die de l&#039;actualit\u00e9 sportive","publisher":{"@id":"https:\/\/dicodusport.fr\/blog\/#organization"},"potentialAction":[{"@type":"SearchAction","target":{"@type":"EntryPoint","urlTemplate":"https:\/\/dicodusport.fr\/blog\/?s={search_term_string}"},"query-input":{"@type":"PropertyValueSpecification","valueRequired":true,"valueName":"search_term_string"}}],"inLanguage":"fr-FR"},{"@type":"NewsMediaOrganization","@id":"https:\/\/dicodusport.fr\/blog\/#organization","name":"Dicodusport","url":"https:\/\/dicodusport.fr\/blog\/","logo":{"@type":"ImageObject","inLanguage":"fr-FR","@id":"https:\/\/dicodusport.fr\/blog\/#\/schema\/logo\/image\/","url":"https:\/\/dicodusport.fr\/blog\/wp-content\/uploads\/2020\/06\/cropped-LOGO-DICODUSPORT-2020-SANS-FOND-SANS-TEXTE.png","contentUrl":"https:\/\/dicodusport.fr\/blog\/wp-content\/uploads\/2020\/06\/cropped-LOGO-DICODUSPORT-2020-SANS-FOND-SANS-TEXTE.png","width":512,"height":512,"caption":"Dicodusport"},"image":{"@id":"https:\/\/dicodusport.fr\/blog\/#\/schema\/logo\/image\/"},"sameAs":["https:\/\/www.facebook.com\/dicodusport","https:\/\/x.com\/dicodusport","https:\/\/www.instagram.com\/dicodusport\/","https:\/\/www.youtube.com\/channel\/UC7V2KZ5sd3htJivAbA4ZG3w"],"description":"Dicodusport est l'encyclop\u00e9die de l'actualit\u00e9 sportive.","email":"bonjour@dicodusport.fr","legalName":"DICODUSPORT","foundingDate":"2018-01-14","vatID":"FR71834470973","taxID":"83447097300043","numberOfEmployees":{"@type":"QuantitativeValue","minValue":"1","maxValue":"10"}},{"@type":"Person","@id":"https:\/\/dicodusport.fr\/blog\/#\/schema\/person\/d603dd7da31fb2b46c82b9835a77ec13","name":"Etienne Goursaud","image":{"@type":"ImageObject","inLanguage":"fr-FR","@id":"https:\/\/dicodusport.fr\/blog\/#\/schema\/person\/image\/","url":"https:\/\/dicodusport.fr\/blog\/wp-content\/uploads\/2023\/12\/410122264_10231602061736049_5565839791558026645_n-150x150.jpg","contentUrl":"https:\/\/dicodusport.fr\/blog\/wp-content\/uploads\/2023\/12\/410122264_10231602061736049_5565839791558026645_n-150x150.jpg","caption":"Etienne Goursaud"},"description":"Journaliste et amoureux de sport. Ancien footballeur reconverti athl\u00e8te quand ses muscles le laissent tranquille. \u00c9lev\u00e9 \u00e0 la sauce des exploits de Thomas Voeckler en 2004, du dernier essai de l\u00e9gende de Eunice Barber \u00e0 la longueur lors des championnats du monde d'athl\u00e9tisme de 2003 mais aussi Zidane, Omeyer et Titou Lamaison.","url":"https:\/\/dicodusport.fr\/blog\/author\/etienne-goursaud\/"}]}},"_links":{"self":[{"href":"https:\/\/dicodusport.fr\/blog\/wp-json\/wp\/v2\/posts\/379088","targetHints":{"allow":["GET"]}}],"collection":[{"href":"https:\/\/dicodusport.fr\/blog\/wp-json\/wp\/v2\/posts"}],"about":[{"href":"https:\/\/dicodusport.fr\/blog\/wp-json\/wp\/v2\/types\/post"}],"author":[{"embeddable":true,"href":"https:\/\/dicodusport.fr\/blog\/wp-json\/wp\/v2\/users\/83"}],"replies":[{"embeddable":true,"href":"https:\/\/dicodusport.fr\/blog\/wp-json\/wp\/v2\/comments?post=379088"}],"version-history":[{"count":0,"href":"https:\/\/dicodusport.fr\/blog\/wp-json\/wp\/v2\/posts\/379088\/revisions"}],"wp:featuredmedia":[{"embeddable":true,"href":"https:\/\/dicodusport.fr\/blog\/wp-json\/wp\/v2\/media\/379126"}],"wp:attachment":[{"href":"https:\/\/dicodusport.fr\/blog\/wp-json\/wp\/v2\/media?parent=379088"}],"wp:term":[{"taxonomy":"category","embeddable":true,"href":"https:\/\/dicodusport.fr\/blog\/wp-json\/wp\/v2\/categories?post=379088"},{"taxonomy":"post_tag","embeddable":true,"href":"https:\/\/dicodusport.fr\/blog\/wp-json\/wp\/v2\/tags?post=379088"}],"curies":[{"name":"wp","href":"https:\/\/api.w.org\/{rel}","templated":true}]}}