{"id":379299,"date":"2023-05-05T11:51:11","date_gmt":"2023-05-05T09:51:11","guid":{"rendered":"https:\/\/dicodusport.fr\/blog\/?p=379299&#038;preview=true&#038;preview_id=379299"},"modified":"2023-05-05T15:47:00","modified_gmt":"2023-05-05T13:47:00","slug":"world-tour-trek-segafredo-va-changer-de-nom-des-le-1er-juillet-prochain","status":"publish","type":"post","link":"https:\/\/dicodusport.fr\/blog\/world-tour-trek-segafredo-va-changer-de-nom-des-le-1er-juillet-prochain\/","title":{"rendered":"World Tour : Trek-Segafredo va changer de nom d\u00e8s le 1er juillet prochain"},"content":{"rendered":"<p style=\"text-align: justify;\" align=\"justify\"><em><strong>CYCLISME SUR ROUTE 2023 &#8211; Selon la Gazzetta dello Sport et le Het Laatste Nieuws, la formation am\u00e9ricaine Trek-Segafredo va changer de nom, avec l&rsquo;arriv\u00e9e d&rsquo;un nouveau sponsor le 1er juillet et deviendra Lidl-Trek.\u00a0<\/strong><\/em><\/p>\n<p style=\"text-align: justify;\" align=\"justify\"><strong>Lidl<\/strong> va devenir sponsor titre d&rsquo;une \u00e9quipe cycliste pour la premi\u00e8re fois. Mais l&rsquo;enseigne de supermarch\u00e9s est d\u00e9j\u00e0 implant\u00e9e dans le cyclisme depuis de nombreuses ann\u00e9es. <strong>Lidl<\/strong> est notamment partenaire du <a href=\"https:\/\/dicodusport.fr\/blog\/classement-tour-des-flandres-2023\/\"><strong>Tour<\/strong> <strong>des<\/strong> <strong>Flandres<\/strong><\/a> et des autres courses organis\u00e9es par Flanders Classic depuis plusieurs ann\u00e9es. L&rsquo;entreprise de distribution allemande a par ailleurs \u00e9t\u00e9 le sponsor de l&rsquo;\u00e9quipe belge <strong>Quick-Step<\/strong> pendant plusieurs saisons, entre 2016 et 2021.<\/p>\n<blockquote class=\"twitter-tweet\">\n<p dir=\"ltr\" lang=\"en\">Info <a href=\"https:\/\/twitter.com\/Gazzetta_it?ref_src=twsrc%5Etfw\">@Gazzetta_it<\/a> at <a href=\"https:\/\/twitter.com\/giroditalia?ref_src=twsrc%5Etfw\">@giroditalia<\/a> &#8211; according to our sources new title sponsor &#8211; Lidl &#8211; is coming soon to <a href=\"https:\/\/twitter.com\/TrekSegafredo?ref_src=twsrc%5Etfw\">@TrekSegafredo<\/a> (today, paper edition). <a href=\"https:\/\/twitter.com\/bvdecape?ref_src=twsrc%5Etfw\">@bvdecape<\/a> has the same informations and did a detailed report on this on <a href=\"https:\/\/twitter.com\/HLN_BE?ref_src=twsrc%5Etfw\">@HLN_BE<\/a> today <a href=\"https:\/\/twitter.com\/cycling_podcast?ref_src=twsrc%5Etfw\">@cycling_podcast<\/a> <a href=\"https:\/\/twitter.com\/elcyclingpod?ref_src=twsrc%5Etfw\">@elcyclingpod<\/a><\/p>\n<p>\u2014 Ciro Scognamiglio (@cirogazzetta) <a href=\"https:\/\/twitter.com\/cirogazzetta\/status\/1654371207913848834?ref_src=twsrc%5Etfw\">May 5, 2023<\/a><\/p><\/blockquote>\n<p style=\"text-align: justify;\"><script async src=\"https:\/\/platform.twitter.com\/widgets.js\" charset=\"utf-8\"><\/script><\/p>\n<h2 style=\"text-align: justify;\" align=\"justify\">Trek dans une nouvelle dimension ?<\/h2>\n<p style=\"text-align: justify;\" align=\"justify\"><strong>Trek <\/strong>\u00e9tait \u00e0 la recherche d&rsquo;un nouveau sponsor, puisque Segafredo voyait son bail expirer \u00e0 l&rsquo;issue de la saison 2023\u00a0 aux c\u00f4t\u00e9s de la marque de cycle am\u00e9ricaine. Les contacts ont rapidement \u00e9t\u00e9 nou\u00e9s avec la marque allemande. L&rsquo;arriv\u00e9e de <strong>Lidl<\/strong> est une excellente nouvelle pour la structure Trek, puisqu&rsquo;une forte augmentation du budget est pr\u00e9vue pour les saisons \u00e0 venir. C&rsquo;est \u00e0 l&rsquo;occasion du d\u00e9part du <a href=\"https:\/\/dicodusport.fr\/blog\/actualites\/cyclisme\/cyclisme-sur-route-2023\/tour-de-france-2023\/\"><strong>Tour de France 2023 <\/strong><\/a>que l&rsquo;\u00e9quipe deviendra officiellement <strong>Lidl<\/strong>&#8211;<strong>Trek<\/strong>. Avec, l&rsquo;ambition, de construire une \u00e9quipe taill\u00e9e pour les Grands Tours.<\/p>\n<p align=\"justify\">Pour rappel, au sein de son effectif, la formation am\u00e9ricaine dispose de coureurs qui ont perform\u00e9 en ce d\u00e9but de saison, et qui font figure de t\u00eates d&rsquo;affiche, avec les Danois <strong>Mattias Skjelmose<\/strong> et <strong>Mads Pedersen<\/strong>, mais aussi l&rsquo;Italien <strong>Giulio Ciccone<\/strong>. Dans tous les cas, le mercato s&rsquo;annonce anim\u00e9 cet \u00e9t\u00e9 du c\u00f4t\u00e9 du team dirig\u00e9 par <strong>Luca Guercilena<\/strong>.<\/p>\n<ul>\n<li style=\"text-align: justify;\"><strong>\u00c0 lire aussi &#8211; <a href=\"https:\/\/dicodusport.fr\/blog\/mercato-cyclisme-2023-2024-tableau-des-transferts\/\">Mercato Cyclisme : Le tableau du mercato 2023-2024<\/a><\/strong><\/li>\n<\/ul>\n","protected":false},"excerpt":{"rendered":"<p>CYCLISME SUR ROUTE 2023 &#8211; Trek-Segafredo va changer de nom avec l&rsquo;arriv\u00e9e d&rsquo;un nouveau sponsor le 1er juillet et deviendra Lidl-Trek.\u00a0<\/p>\n","protected":false},"author":1,"featured_media":379301,"comment_status":"open","ping_status":"closed","sticky":false,"template":"","format":"standard","meta":{"_acf_changed":false,"_daextam_enable_autolinks":"","footnotes":""},"categories":[46994],"tags":[16878,574,9136],"class_list":["post-379299","post","type-post","status-publish","format-standard","has-post-thumbnail","hentry","category-cyclisme-sur-route","tag-breve","tag-cyclisme","tag-trek-segafredo"],"acf":[],"yoast_head":"<!-- This site is optimized with the Yoast SEO Premium plugin v26.7 (Yoast SEO v26.7) - https:\/\/yoast.com\/wordpress\/plugins\/seo\/ -->\n<title>World Tour : Trek-Segafredo va changer de nom d\u00e8s le 1er juillet prochain<\/title>\n<meta name=\"description\" content=\"CYCLISME SUR ROUTE 2023 - Trek-Segafredo va changer de nom avec l&#039;arriv\u00e9e d&#039;un nouveau sponsor le 1er juillet et deviendra Lidl-Trek.\u00a0\" \/>\n<meta name=\"robots\" content=\"index, follow, max-snippet:-1, max-image-preview:large, max-video-preview:-1\" \/>\n<link rel=\"canonical\" href=\"https:\/\/dicodusport.fr\/blog\/world-tour-trek-segafredo-va-changer-de-nom-des-le-1er-juillet-prochain\/\" \/>\n<meta property=\"og:locale\" content=\"fr_FR\" \/>\n<meta property=\"og:type\" content=\"article\" \/>\n<meta property=\"og:title\" content=\"World Tour : Trek-Segafredo va changer de nom d\u00e8s le 1er juillet prochain\" \/>\n<meta property=\"og:description\" content=\"CYCLISME SUR ROUTE 2023 - Trek-Segafredo va changer de nom avec l&#039;arriv\u00e9e d&#039;un nouveau sponsor le 1er juillet et deviendra Lidl-Trek.\u00a0\" \/>\n<meta property=\"og:url\" content=\"https:\/\/dicodusport.fr\/blog\/world-tour-trek-segafredo-va-changer-de-nom-des-le-1er-juillet-prochain\/\" \/>\n<meta property=\"og:site_name\" content=\"Dicodusport\" \/>\n<meta property=\"article:publisher\" content=\"https:\/\/www.facebook.com\/dicodusport\" \/>\n<meta property=\"article:author\" content=\"https:\/\/www.facebook.com\/dicodusport\" \/>\n<meta property=\"article:published_time\" content=\"2023-05-05T09:51:11+00:00\" \/>\n<meta property=\"article:modified_time\" content=\"2023-05-05T13:47:00+00:00\" \/>\n<meta property=\"og:image\" content=\"https:\/\/dicodusport.fr\/blog\/wp-content\/uploads\/2023\/05\/World-Tour-Trek-Segafredo-va-changer-de-nom-des-le-1er-juillet-prochain.png\" \/>\n\t<meta property=\"og:image:width\" content=\"800\" \/>\n\t<meta property=\"og:image:height\" content=\"445\" \/>\n\t<meta property=\"og:image:type\" content=\"image\/png\" \/>\n<meta name=\"author\" content=\"Nicolas Jacquemard\" \/>\n<meta name=\"twitter:card\" content=\"summary_large_image\" \/>\n<meta name=\"twitter:title\" content=\"World Tour : Trek-Segafredo va changer de nom d\u00e8s le 1er juillet prochain\" \/>\n<meta name=\"twitter:creator\" content=\"@https:\/\/twitter.com\/Nico_Jacquemard\" \/>\n<meta name=\"twitter:site\" content=\"@dicodusport\" \/>\n<script type=\"application\/ld+json\" class=\"yoast-schema-graph\">{\"@context\":\"https:\/\/schema.org\",\"@graph\":[{\"@type\":\"NewsArticle\",\"@id\":\"https:\/\/dicodusport.fr\/blog\/world-tour-trek-segafredo-va-changer-de-nom-des-le-1er-juillet-prochain\/#article\",\"isPartOf\":{\"@id\":\"https:\/\/dicodusport.fr\/blog\/world-tour-trek-segafredo-va-changer-de-nom-des-le-1er-juillet-prochain\/\"},\"author\":{\"name\":\"Nicolas Jacquemard\",\"@id\":\"https:\/\/dicodusport.fr\/blog\/#\/schema\/person\/55dcb50ad410894e431ed812bbb70191\"},\"headline\":\"World Tour : Trek-Segafredo va changer de nom d\u00e8s le 1er juillet prochain\",\"datePublished\":\"2023-05-05T09:51:11+00:00\",\"dateModified\":\"2023-05-05T13:47:00+00:00\",\"mainEntityOfPage\":{\"@id\":\"https:\/\/dicodusport.fr\/blog\/world-tour-trek-segafredo-va-changer-de-nom-des-le-1er-juillet-prochain\/\"},\"wordCount\":350,\"commentCount\":0,\"publisher\":{\"@id\":\"https:\/\/dicodusport.fr\/blog\/#organization\"},\"image\":{\"@id\":\"https:\/\/dicodusport.fr\/blog\/world-tour-trek-segafredo-va-changer-de-nom-des-le-1er-juillet-prochain\/#primaryimage\"},\"thumbnailUrl\":\"https:\/\/dicodusport.fr\/blog\/wp-content\/uploads\/2023\/05\/World-Tour-Trek-Segafredo-va-changer-de-nom-des-le-1er-juillet-prochain.png\",\"keywords\":[\"br\u00e8ve\",\"Cyclisme\",\"Trek-Segafredo\"],\"articleSection\":[\"Cyclisme sur route\"],\"inLanguage\":\"fr-FR\",\"potentialAction\":[{\"@type\":\"CommentAction\",\"name\":\"Comment\",\"target\":[\"https:\/\/dicodusport.fr\/blog\/world-tour-trek-segafredo-va-changer-de-nom-des-le-1er-juillet-prochain\/#respond\"]}],\"copyrightYear\":\"2023\",\"copyrightHolder\":{\"@id\":\"https:\/\/dicodusport.fr\/blog\/#organization\"}},{\"@type\":\"WebPage\",\"@id\":\"https:\/\/dicodusport.fr\/blog\/world-tour-trek-segafredo-va-changer-de-nom-des-le-1er-juillet-prochain\/\",\"url\":\"https:\/\/dicodusport.fr\/blog\/world-tour-trek-segafredo-va-changer-de-nom-des-le-1er-juillet-prochain\/\",\"name\":\"World Tour : Trek-Segafredo va changer de nom d\u00e8s le 1er juillet prochain\",\"isPartOf\":{\"@id\":\"https:\/\/dicodusport.fr\/blog\/#website\"},\"primaryImageOfPage\":{\"@id\":\"https:\/\/dicodusport.fr\/blog\/world-tour-trek-segafredo-va-changer-de-nom-des-le-1er-juillet-prochain\/#primaryimage\"},\"image\":{\"@id\":\"https:\/\/dicodusport.fr\/blog\/world-tour-trek-segafredo-va-changer-de-nom-des-le-1er-juillet-prochain\/#primaryimage\"},\"thumbnailUrl\":\"https:\/\/dicodusport.fr\/blog\/wp-content\/uploads\/2023\/05\/World-Tour-Trek-Segafredo-va-changer-de-nom-des-le-1er-juillet-prochain.png\",\"datePublished\":\"2023-05-05T09:51:11+00:00\",\"dateModified\":\"2023-05-05T13:47:00+00:00\",\"description\":\"CYCLISME SUR ROUTE 2023 - Trek-Segafredo va changer de nom avec l'arriv\u00e9e d'un nouveau sponsor le 1er juillet et deviendra Lidl-Trek.\u00a0\",\"breadcrumb\":{\"@id\":\"https:\/\/dicodusport.fr\/blog\/world-tour-trek-segafredo-va-changer-de-nom-des-le-1er-juillet-prochain\/#breadcrumb\"},\"inLanguage\":\"fr-FR\",\"potentialAction\":[{\"@type\":\"ReadAction\",\"target\":[\"https:\/\/dicodusport.fr\/blog\/world-tour-trek-segafredo-va-changer-de-nom-des-le-1er-juillet-prochain\/\"]}]},{\"@type\":\"ImageObject\",\"inLanguage\":\"fr-FR\",\"@id\":\"https:\/\/dicodusport.fr\/blog\/world-tour-trek-segafredo-va-changer-de-nom-des-le-1er-juillet-prochain\/#primaryimage\",\"url\":\"https:\/\/dicodusport.fr\/blog\/wp-content\/uploads\/2023\/05\/World-Tour-Trek-Segafredo-va-changer-de-nom-des-le-1er-juillet-prochain.png\",\"contentUrl\":\"https:\/\/dicodusport.fr\/blog\/wp-content\/uploads\/2023\/05\/World-Tour-Trek-Segafredo-va-changer-de-nom-des-le-1er-juillet-prochain.png\",\"width\":800,\"height\":445},{\"@type\":\"BreadcrumbList\",\"@id\":\"https:\/\/dicodusport.fr\/blog\/world-tour-trek-segafredo-va-changer-de-nom-des-le-1er-juillet-prochain\/#breadcrumb\",\"itemListElement\":[{\"@type\":\"ListItem\",\"position\":1,\"name\":\"Accueil\",\"item\":\"https:\/\/dicodusport.fr\/blog\/\"},{\"@type\":\"ListItem\",\"position\":2,\"name\":\"World Tour : Trek-Segafredo va changer de nom d\u00e8s le 1er juillet prochain\"}]},{\"@type\":\"WebSite\",\"@id\":\"https:\/\/dicodusport.fr\/blog\/#website\",\"url\":\"https:\/\/dicodusport.fr\/blog\/\",\"name\":\"Dicodusport\",\"description\":\"L&#039;encyclop\u00e9die de l&#039;actualit\u00e9 sportive\",\"publisher\":{\"@id\":\"https:\/\/dicodusport.fr\/blog\/#organization\"},\"potentialAction\":[{\"@type\":\"SearchAction\",\"target\":{\"@type\":\"EntryPoint\",\"urlTemplate\":\"https:\/\/dicodusport.fr\/blog\/?s={search_term_string}\"},\"query-input\":{\"@type\":\"PropertyValueSpecification\",\"valueRequired\":true,\"valueName\":\"search_term_string\"}}],\"inLanguage\":\"fr-FR\"},{\"@type\":\"NewsMediaOrganization\",\"@id\":\"https:\/\/dicodusport.fr\/blog\/#organization\",\"name\":\"Dicodusport\",\"url\":\"https:\/\/dicodusport.fr\/blog\/\",\"logo\":{\"@type\":\"ImageObject\",\"inLanguage\":\"fr-FR\",\"@id\":\"https:\/\/dicodusport.fr\/blog\/#\/schema\/logo\/image\/\",\"url\":\"https:\/\/dicodusport.fr\/blog\/wp-content\/uploads\/2020\/06\/cropped-LOGO-DICODUSPORT-2020-SANS-FOND-SANS-TEXTE.png\",\"contentUrl\":\"https:\/\/dicodusport.fr\/blog\/wp-content\/uploads\/2020\/06\/cropped-LOGO-DICODUSPORT-2020-SANS-FOND-SANS-TEXTE.png\",\"width\":512,\"height\":512,\"caption\":\"Dicodusport\"},\"image\":{\"@id\":\"https:\/\/dicodusport.fr\/blog\/#\/schema\/logo\/image\/\"},\"sameAs\":[\"https:\/\/www.facebook.com\/dicodusport\",\"https:\/\/x.com\/dicodusport\",\"https:\/\/www.instagram.com\/dicodusport\/\",\"https:\/\/www.youtube.com\/channel\/UC7V2KZ5sd3htJivAbA4ZG3w\"],\"description\":\"Dicodusport est l'encyclop\u00e9die de l'actualit\u00e9 sportive.\",\"email\":\"bonjour@dicodusport.fr\",\"legalName\":\"DICODUSPORT\",\"foundingDate\":\"2018-01-14\",\"vatID\":\"FR71834470973\",\"taxID\":\"83447097300043\",\"numberOfEmployees\":{\"@type\":\"QuantitativeValue\",\"minValue\":\"1\",\"maxValue\":\"10\"}},{\"@type\":\"Person\",\"@id\":\"https:\/\/dicodusport.fr\/blog\/#\/schema\/person\/55dcb50ad410894e431ed812bbb70191\",\"name\":\"Nicolas Jacquemard\",\"image\":{\"@type\":\"ImageObject\",\"inLanguage\":\"fr-FR\",\"@id\":\"https:\/\/dicodusport.fr\/blog\/#\/schema\/person\/image\/\",\"url\":\"https:\/\/dicodusport.fr\/blog\/wp-content\/uploads\/2021\/05\/Nicolas-Jacquemard-150x150.jpeg\",\"contentUrl\":\"https:\/\/dicodusport.fr\/blog\/wp-content\/uploads\/2021\/05\/Nicolas-Jacquemard-150x150.jpeg\",\"caption\":\"Nicolas Jacquemard\"},\"description\":\"Passionn\u00e9 de sport et entrepreneur depuis mes 18 ans, la cr\u00e9ation de Dicodusport m'a sembl\u00e9 \u00e9vidente pour participer \u00e0 la m\u00e9diatisation d'un plus grand nombre de sports. Le chemin est long mais avec une \u00e9quipe des plus motiv\u00e9es et les Jeux Olympiques de Paris 2024 en point de mire, nous y arriverons ! Journaliste dans le monde du sport depuis plus de 5 ans, je traite aussi bien de football, de rugby, de biathlon que de cyclisme.\",\"sameAs\":[\"https:\/\/www.facebook.com\/dicodusport\",\"https:\/\/x.com\/https:\/\/twitter.com\/Nico_Jacquemard\"],\"url\":\"https:\/\/dicodusport.fr\/blog\/author\/dicodusport\/\"}]}<\/script>\n<!-- \/ Yoast SEO Premium plugin. -->","yoast_head_json":{"title":"World Tour : Trek-Segafredo va changer de nom d\u00e8s le 1er juillet prochain","description":"CYCLISME SUR ROUTE 2023 - Trek-Segafredo va changer de nom avec l'arriv\u00e9e d'un nouveau sponsor le 1er juillet et deviendra Lidl-Trek.\u00a0","robots":{"index":"index","follow":"follow","max-snippet":"max-snippet:-1","max-image-preview":"max-image-preview:large","max-video-preview":"max-video-preview:-1"},"canonical":"https:\/\/dicodusport.fr\/blog\/world-tour-trek-segafredo-va-changer-de-nom-des-le-1er-juillet-prochain\/","og_locale":"fr_FR","og_type":"article","og_title":"World Tour : Trek-Segafredo va changer de nom d\u00e8s le 1er juillet prochain","og_description":"CYCLISME SUR ROUTE 2023 - Trek-Segafredo va changer de nom avec l'arriv\u00e9e d'un nouveau sponsor le 1er juillet et deviendra Lidl-Trek.\u00a0","og_url":"https:\/\/dicodusport.fr\/blog\/world-tour-trek-segafredo-va-changer-de-nom-des-le-1er-juillet-prochain\/","og_site_name":"Dicodusport","article_publisher":"https:\/\/www.facebook.com\/dicodusport","article_author":"https:\/\/www.facebook.com\/dicodusport","article_published_time":"2023-05-05T09:51:11+00:00","article_modified_time":"2023-05-05T13:47:00+00:00","og_image":[{"width":800,"height":445,"url":"https:\/\/dicodusport.fr\/blog\/wp-content\/uploads\/2023\/05\/World-Tour-Trek-Segafredo-va-changer-de-nom-des-le-1er-juillet-prochain.png","type":"image\/png"}],"author":"Nicolas Jacquemard","twitter_card":"summary_large_image","twitter_title":"World Tour : Trek-Segafredo va changer de nom d\u00e8s le 1er juillet prochain","twitter_creator":"@https:\/\/twitter.com\/Nico_Jacquemard","twitter_site":"@dicodusport","schema":{"@context":"https:\/\/schema.org","@graph":[{"@type":"NewsArticle","@id":"https:\/\/dicodusport.fr\/blog\/world-tour-trek-segafredo-va-changer-de-nom-des-le-1er-juillet-prochain\/#article","isPartOf":{"@id":"https:\/\/dicodusport.fr\/blog\/world-tour-trek-segafredo-va-changer-de-nom-des-le-1er-juillet-prochain\/"},"author":{"name":"Nicolas Jacquemard","@id":"https:\/\/dicodusport.fr\/blog\/#\/schema\/person\/55dcb50ad410894e431ed812bbb70191"},"headline":"World Tour : Trek-Segafredo va changer de nom d\u00e8s le 1er juillet prochain","datePublished":"2023-05-05T09:51:11+00:00","dateModified":"2023-05-05T13:47:00+00:00","mainEntityOfPage":{"@id":"https:\/\/dicodusport.fr\/blog\/world-tour-trek-segafredo-va-changer-de-nom-des-le-1er-juillet-prochain\/"},"wordCount":350,"commentCount":0,"publisher":{"@id":"https:\/\/dicodusport.fr\/blog\/#organization"},"image":{"@id":"https:\/\/dicodusport.fr\/blog\/world-tour-trek-segafredo-va-changer-de-nom-des-le-1er-juillet-prochain\/#primaryimage"},"thumbnailUrl":"https:\/\/dicodusport.fr\/blog\/wp-content\/uploads\/2023\/05\/World-Tour-Trek-Segafredo-va-changer-de-nom-des-le-1er-juillet-prochain.png","keywords":["br\u00e8ve","Cyclisme","Trek-Segafredo"],"articleSection":["Cyclisme sur route"],"inLanguage":"fr-FR","potentialAction":[{"@type":"CommentAction","name":"Comment","target":["https:\/\/dicodusport.fr\/blog\/world-tour-trek-segafredo-va-changer-de-nom-des-le-1er-juillet-prochain\/#respond"]}],"copyrightYear":"2023","copyrightHolder":{"@id":"https:\/\/dicodusport.fr\/blog\/#organization"}},{"@type":"WebPage","@id":"https:\/\/dicodusport.fr\/blog\/world-tour-trek-segafredo-va-changer-de-nom-des-le-1er-juillet-prochain\/","url":"https:\/\/dicodusport.fr\/blog\/world-tour-trek-segafredo-va-changer-de-nom-des-le-1er-juillet-prochain\/","name":"World Tour : Trek-Segafredo va changer de nom d\u00e8s le 1er juillet prochain","isPartOf":{"@id":"https:\/\/dicodusport.fr\/blog\/#website"},"primaryImageOfPage":{"@id":"https:\/\/dicodusport.fr\/blog\/world-tour-trek-segafredo-va-changer-de-nom-des-le-1er-juillet-prochain\/#primaryimage"},"image":{"@id":"https:\/\/dicodusport.fr\/blog\/world-tour-trek-segafredo-va-changer-de-nom-des-le-1er-juillet-prochain\/#primaryimage"},"thumbnailUrl":"https:\/\/dicodusport.fr\/blog\/wp-content\/uploads\/2023\/05\/World-Tour-Trek-Segafredo-va-changer-de-nom-des-le-1er-juillet-prochain.png","datePublished":"2023-05-05T09:51:11+00:00","dateModified":"2023-05-05T13:47:00+00:00","description":"CYCLISME SUR ROUTE 2023 - Trek-Segafredo va changer de nom avec l'arriv\u00e9e d'un nouveau sponsor le 1er juillet et deviendra Lidl-Trek.\u00a0","breadcrumb":{"@id":"https:\/\/dicodusport.fr\/blog\/world-tour-trek-segafredo-va-changer-de-nom-des-le-1er-juillet-prochain\/#breadcrumb"},"inLanguage":"fr-FR","potentialAction":[{"@type":"ReadAction","target":["https:\/\/dicodusport.fr\/blog\/world-tour-trek-segafredo-va-changer-de-nom-des-le-1er-juillet-prochain\/"]}]},{"@type":"ImageObject","inLanguage":"fr-FR","@id":"https:\/\/dicodusport.fr\/blog\/world-tour-trek-segafredo-va-changer-de-nom-des-le-1er-juillet-prochain\/#primaryimage","url":"https:\/\/dicodusport.fr\/blog\/wp-content\/uploads\/2023\/05\/World-Tour-Trek-Segafredo-va-changer-de-nom-des-le-1er-juillet-prochain.png","contentUrl":"https:\/\/dicodusport.fr\/blog\/wp-content\/uploads\/2023\/05\/World-Tour-Trek-Segafredo-va-changer-de-nom-des-le-1er-juillet-prochain.png","width":800,"height":445},{"@type":"BreadcrumbList","@id":"https:\/\/dicodusport.fr\/blog\/world-tour-trek-segafredo-va-changer-de-nom-des-le-1er-juillet-prochain\/#breadcrumb","itemListElement":[{"@type":"ListItem","position":1,"name":"Accueil","item":"https:\/\/dicodusport.fr\/blog\/"},{"@type":"ListItem","position":2,"name":"World Tour : Trek-Segafredo va changer de nom d\u00e8s le 1er juillet prochain"}]},{"@type":"WebSite","@id":"https:\/\/dicodusport.fr\/blog\/#website","url":"https:\/\/dicodusport.fr\/blog\/","name":"Dicodusport","description":"L&#039;encyclop\u00e9die de l&#039;actualit\u00e9 sportive","publisher":{"@id":"https:\/\/dicodusport.fr\/blog\/#organization"},"potentialAction":[{"@type":"SearchAction","target":{"@type":"EntryPoint","urlTemplate":"https:\/\/dicodusport.fr\/blog\/?s={search_term_string}"},"query-input":{"@type":"PropertyValueSpecification","valueRequired":true,"valueName":"search_term_string"}}],"inLanguage":"fr-FR"},{"@type":"NewsMediaOrganization","@id":"https:\/\/dicodusport.fr\/blog\/#organization","name":"Dicodusport","url":"https:\/\/dicodusport.fr\/blog\/","logo":{"@type":"ImageObject","inLanguage":"fr-FR","@id":"https:\/\/dicodusport.fr\/blog\/#\/schema\/logo\/image\/","url":"https:\/\/dicodusport.fr\/blog\/wp-content\/uploads\/2020\/06\/cropped-LOGO-DICODUSPORT-2020-SANS-FOND-SANS-TEXTE.png","contentUrl":"https:\/\/dicodusport.fr\/blog\/wp-content\/uploads\/2020\/06\/cropped-LOGO-DICODUSPORT-2020-SANS-FOND-SANS-TEXTE.png","width":512,"height":512,"caption":"Dicodusport"},"image":{"@id":"https:\/\/dicodusport.fr\/blog\/#\/schema\/logo\/image\/"},"sameAs":["https:\/\/www.facebook.com\/dicodusport","https:\/\/x.com\/dicodusport","https:\/\/www.instagram.com\/dicodusport\/","https:\/\/www.youtube.com\/channel\/UC7V2KZ5sd3htJivAbA4ZG3w"],"description":"Dicodusport est l'encyclop\u00e9die de l'actualit\u00e9 sportive.","email":"bonjour@dicodusport.fr","legalName":"DICODUSPORT","foundingDate":"2018-01-14","vatID":"FR71834470973","taxID":"83447097300043","numberOfEmployees":{"@type":"QuantitativeValue","minValue":"1","maxValue":"10"}},{"@type":"Person","@id":"https:\/\/dicodusport.fr\/blog\/#\/schema\/person\/55dcb50ad410894e431ed812bbb70191","name":"Nicolas Jacquemard","image":{"@type":"ImageObject","inLanguage":"fr-FR","@id":"https:\/\/dicodusport.fr\/blog\/#\/schema\/person\/image\/","url":"https:\/\/dicodusport.fr\/blog\/wp-content\/uploads\/2021\/05\/Nicolas-Jacquemard-150x150.jpeg","contentUrl":"https:\/\/dicodusport.fr\/blog\/wp-content\/uploads\/2021\/05\/Nicolas-Jacquemard-150x150.jpeg","caption":"Nicolas Jacquemard"},"description":"Passionn\u00e9 de sport et entrepreneur depuis mes 18 ans, la cr\u00e9ation de Dicodusport m'a sembl\u00e9 \u00e9vidente pour participer \u00e0 la m\u00e9diatisation d'un plus grand nombre de sports. Le chemin est long mais avec une \u00e9quipe des plus motiv\u00e9es et les Jeux Olympiques de Paris 2024 en point de mire, nous y arriverons ! Journaliste dans le monde du sport depuis plus de 5 ans, je traite aussi bien de football, de rugby, de biathlon que de cyclisme.","sameAs":["https:\/\/www.facebook.com\/dicodusport","https:\/\/x.com\/https:\/\/twitter.com\/Nico_Jacquemard"],"url":"https:\/\/dicodusport.fr\/blog\/author\/dicodusport\/"}]}},"_links":{"self":[{"href":"https:\/\/dicodusport.fr\/blog\/wp-json\/wp\/v2\/posts\/379299","targetHints":{"allow":["GET"]}}],"collection":[{"href":"https:\/\/dicodusport.fr\/blog\/wp-json\/wp\/v2\/posts"}],"about":[{"href":"https:\/\/dicodusport.fr\/blog\/wp-json\/wp\/v2\/types\/post"}],"author":[{"embeddable":true,"href":"https:\/\/dicodusport.fr\/blog\/wp-json\/wp\/v2\/users\/1"}],"replies":[{"embeddable":true,"href":"https:\/\/dicodusport.fr\/blog\/wp-json\/wp\/v2\/comments?post=379299"}],"version-history":[{"count":0,"href":"https:\/\/dicodusport.fr\/blog\/wp-json\/wp\/v2\/posts\/379299\/revisions"}],"wp:featuredmedia":[{"embeddable":true,"href":"https:\/\/dicodusport.fr\/blog\/wp-json\/wp\/v2\/media\/379301"}],"wp:attachment":[{"href":"https:\/\/dicodusport.fr\/blog\/wp-json\/wp\/v2\/media?parent=379299"}],"wp:term":[{"taxonomy":"category","embeddable":true,"href":"https:\/\/dicodusport.fr\/blog\/wp-json\/wp\/v2\/categories?post=379299"},{"taxonomy":"post_tag","embeddable":true,"href":"https:\/\/dicodusport.fr\/blog\/wp-json\/wp\/v2\/tags?post=379299"}],"curies":[{"name":"wp","href":"https:\/\/api.w.org\/{rel}","templated":true}]}}