{"id":379342,"date":"2023-05-05T14:30:42","date_gmt":"2023-05-05T12:30:42","guid":{"rendered":"https:\/\/dicodusport.fr\/blog\/?p=379342&#038;preview=true&#038;preview_id=379342"},"modified":"2023-05-05T15:48:22","modified_gmt":"2023-05-05T13:48:22","slug":"transferts-las-beziers-annonce-13-departs-en-fin-de-saison","status":"publish","type":"post","link":"https:\/\/dicodusport.fr\/blog\/transferts-las-beziers-annonce-13-departs-en-fin-de-saison\/","title":{"rendered":"Transferts : L&rsquo;AS B\u00e9ziers annonce 13 d\u00e9parts en fin de saison"},"content":{"rendered":"<p align=\"justify\"><em><strong>RUGBY \u00c0 XV &#8211; Sur son site internet, l&rsquo;AS B\u00e9ziers a annonc\u00e9 que le match face \u00e0 Agen serait le dernier pour 11 joueurs de l&rsquo;effectif professionnel.\u00a0<\/strong><\/em><\/p>\n<p align=\"justify\">Une page va se tourne \u00e0 <strong>B\u00e9ziers<\/strong> pour plusieurs joueurs de l&rsquo;effectif apr\u00e8s la rencontre face \u00e0 <strong>Agen<\/strong> pr\u00e9vue ce vendredi soir. <strong>Marco Pinto-Ferrer<\/strong> et <strong>Adrien<\/strong> <strong>Latorre<\/strong> vivent leurs derni\u00e8res heures en tant que joueur professionnel, puisqu&rsquo;ils raccrocheront les crampons dans quelques heures. Le talonneur et l&rsquo;ouvreur seront titulaires pour leur derni\u00e8re danse face \u00e0 <strong>Agen<\/strong>.<\/p>\n<h2 align=\"justify\">Des espoirs aussi sur le d\u00e9part<\/h2>\n<p align=\"justify\">Plusieurs d\u00e9parts \u00e9taient d\u00e9j\u00e0 act\u00e9s comme celui de <strong>Jean-Baptiste Barr\u00e8re<\/strong>. S&rsquo;il est un des meilleurs joueurs du club, l&rsquo;ASBH a accept\u00e9 de le lib\u00e9rer de sa derni\u00e8re ann\u00e9e de contrat. Il devrait rejoindre Dax la saison prochain. <strong>Cl\u00e9ment<\/strong> <strong>Esteriola<\/strong>, talonneur de 32 ans, va aussi quitter le club, comme cela \u00e9tait pr\u00e9vu, apr\u00e8s cinq saisons de bons et loyaux services.<\/p>\n<p align=\"justify\">Pour <strong>Jamie<\/strong> <strong>Hagan<\/strong>, <strong>Yassine<\/strong> <strong>Maamry<\/strong> et <strong>Jarrod<\/strong> <strong>Po\u00ef<\/strong>, la messe \u00e9tait dite depuis plusieurs semaines et ils ne seront plus au club la saison prochaine. L&rsquo;<strong>ASBH<\/strong> a confirm\u00e9 les d\u00e9parts de <strong>Josh<\/strong> <strong>Valentine<\/strong>, <strong>Dries<\/strong> <strong>Swanepoel<\/strong> et <strong>John-Hubert Meyer<\/strong>. Enfin, B\u00e9ziers a annonc\u00e9 le d\u00e9part de trois espoirs du club, <strong>Ferdinand<\/strong> <strong>Changel<\/strong>, <strong>Maxime<\/strong> <strong>Mazzella<\/strong> et <strong>Paul<\/strong> <strong>Beltran<\/strong>.<\/p>\n<blockquote class=\"twitter-tweet\">\n<p dir=\"ltr\" lang=\"fr\">\ud83d\udd34 \ud835\udc09\ud835\udc0e\ud835\udc14\ud835\udc11 \ud835\udc03\ud835\udc04 \ud835\udc0c\ud835\udc00\ud835\udc13\ud835\udc02\ud835\udc07 \ud83d\udd35<br \/>\navec \ud83e\udd1d Multinergie Groupe<\/p>\n<p>Journ\u00e9e \u2778\u24ff<br \/>\n\ud83c\udfdf Stade Raoul-Barri\u00e8re<br \/>\n\ud83d\udcc6 5 mai 2023<br \/>\n\u23f1 21H00<br \/>\n\ud83d\udcfa CANAL + SPORT<br \/>\n\ud83c\udd9a <a href=\"https:\/\/twitter.com\/agen_rugby?ref_src=twsrc%5Etfw\">@agen_rugby<\/a> <a href=\"https:\/\/twitter.com\/rugbyprod2?ref_src=twsrc%5Etfw\">@rugbyprod2<\/a> <a href=\"https:\/\/twitter.com\/hashtag\/aquiesbesiers?src=hash&amp;ref_src=twsrc%5Etfw\">#aquiesbesiers<\/a> <a href=\"https:\/\/twitter.com\/hashtag\/asbh?src=hash&amp;ref_src=twsrc%5Etfw\">#asbh<\/a> <a href=\"https:\/\/t.co\/30obOj67z8\">pic.twitter.com\/30obOj67z8<\/a><\/p>\n<p>\u2014 ASBH Officiel (@ASBHOfficiel) <a href=\"https:\/\/twitter.com\/ASBHOfficiel\/status\/1654384345442820097?ref_src=twsrc%5Etfw\">May 5, 2023<\/a><\/p><\/blockquote>\n<p><script async src=\"https:\/\/platform.twitter.com\/widgets.js\" charset=\"utf-8\"><\/script><\/p>\n<ul>\n<li class=\"mvp-post-title left entry-title\" style=\"text-align: justify;\"><strong>\u00c0 lire aussi &#8211; <a href=\"https:\/\/dicodusport.fr\/blog\/transferts-as-beziers-herault-le-point-sur-les-arrivees-departs-et-prolongations\/\">AS B\u00e9ziers H\u00e9rault : Le point sur les arriv\u00e9es, d\u00e9parts et prolongations<\/a><\/strong><\/li>\n<\/ul>\n","protected":false},"excerpt":{"rendered":"<p>RUGBY \u00c0 XV &#8211; Sur son site internet, l&rsquo;AS B\u00e9ziers a annonc\u00e9 que le match face \u00e0 Agen serait le dernier pour 11 joueurs de l&rsquo;effectif professionnel.\u00a0<\/p>\n","protected":false},"author":1,"featured_media":379348,"comment_status":"open","ping_status":"closed","sticky":false,"template":"","format":"standard","meta":{"_acf_changed":false,"_daextam_enable_autolinks":"","footnotes":""},"categories":[9129],"tags":[5655,10966,16878],"class_list":["post-379342","post","type-post","status-publish","format-standard","has-post-thumbnail","hentry","category-rugby-a-xv","tag-as-beziers","tag-asbh","tag-breve"],"acf":[],"yoast_head":"<!-- This site is optimized with the Yoast SEO Premium plugin v26.7 (Yoast SEO v26.7) - https:\/\/yoast.com\/wordpress\/plugins\/seo\/ -->\n<title>Transferts : L&#039;AS B\u00e9ziers annonce 13 d\u00e9parts en fin de saison<\/title>\n<meta name=\"description\" content=\"RUGBY \u00c0 XV - L&#039;AS B\u00e9ziers a annonc\u00e9 que le match face \u00e0 Agen serait le dernier pour 11 joueurs de l&#039;effectif professionnel.\u00a0\" \/>\n<meta name=\"robots\" content=\"index, follow, max-snippet:-1, max-image-preview:large, max-video-preview:-1\" \/>\n<link rel=\"canonical\" href=\"https:\/\/dicodusport.fr\/blog\/transferts-las-beziers-annonce-13-departs-en-fin-de-saison\/\" \/>\n<meta property=\"og:locale\" content=\"fr_FR\" \/>\n<meta property=\"og:type\" content=\"article\" \/>\n<meta property=\"og:title\" content=\"Transferts : L&#039;AS B\u00e9ziers annonce 13 d\u00e9parts en fin de saison\" \/>\n<meta property=\"og:description\" content=\"RUGBY \u00c0 XV - L&#039;AS B\u00e9ziers a annonc\u00e9 que le match face \u00e0 Agen serait le dernier pour 11 joueurs de l&#039;effectif professionnel.\u00a0\" \/>\n<meta property=\"og:url\" content=\"https:\/\/dicodusport.fr\/blog\/transferts-las-beziers-annonce-13-departs-en-fin-de-saison\/\" \/>\n<meta property=\"og:site_name\" content=\"Dicodusport\" \/>\n<meta property=\"article:publisher\" content=\"https:\/\/www.facebook.com\/dicodusport\" \/>\n<meta property=\"article:author\" content=\"https:\/\/www.facebook.com\/dicodusport\" \/>\n<meta property=\"article:published_time\" content=\"2023-05-05T12:30:42+00:00\" \/>\n<meta property=\"article:modified_time\" content=\"2023-05-05T13:48:22+00:00\" \/>\n<meta property=\"og:image\" content=\"https:\/\/dicodusport.fr\/blog\/wp-content\/uploads\/2023\/05\/Transferts-LAS-Beziers-annonce-13-departs-en-fin-de-saison.png\" \/>\n\t<meta property=\"og:image:width\" content=\"800\" \/>\n\t<meta property=\"og:image:height\" content=\"445\" \/>\n\t<meta property=\"og:image:type\" content=\"image\/png\" \/>\n<meta name=\"author\" content=\"Nicolas Jacquemard\" \/>\n<meta name=\"twitter:card\" content=\"summary_large_image\" \/>\n<meta name=\"twitter:title\" content=\"Transferts : L&#039;AS B\u00e9ziers annonce 13 d\u00e9parts en fin de saison\" \/>\n<meta name=\"twitter:creator\" content=\"@https:\/\/twitter.com\/Nico_Jacquemard\" \/>\n<meta name=\"twitter:site\" content=\"@dicodusport\" \/>\n<script type=\"application\/ld+json\" class=\"yoast-schema-graph\">{\"@context\":\"https:\/\/schema.org\",\"@graph\":[{\"@type\":\"NewsArticle\",\"@id\":\"https:\/\/dicodusport.fr\/blog\/transferts-las-beziers-annonce-13-departs-en-fin-de-saison\/#article\",\"isPartOf\":{\"@id\":\"https:\/\/dicodusport.fr\/blog\/transferts-las-beziers-annonce-13-departs-en-fin-de-saison\/\"},\"author\":{\"name\":\"Nicolas Jacquemard\",\"@id\":\"https:\/\/dicodusport.fr\/blog\/#\/schema\/person\/55dcb50ad410894e431ed812bbb70191\"},\"headline\":\"Transferts : L&rsquo;AS B\u00e9ziers annonce 13 d\u00e9parts en fin de saison\",\"datePublished\":\"2023-05-05T12:30:42+00:00\",\"dateModified\":\"2023-05-05T13:48:22+00:00\",\"mainEntityOfPage\":{\"@id\":\"https:\/\/dicodusport.fr\/blog\/transferts-las-beziers-annonce-13-departs-en-fin-de-saison\/\"},\"wordCount\":282,\"commentCount\":0,\"publisher\":{\"@id\":\"https:\/\/dicodusport.fr\/blog\/#organization\"},\"image\":{\"@id\":\"https:\/\/dicodusport.fr\/blog\/transferts-las-beziers-annonce-13-departs-en-fin-de-saison\/#primaryimage\"},\"thumbnailUrl\":\"https:\/\/dicodusport.fr\/blog\/wp-content\/uploads\/2023\/05\/Transferts-LAS-Beziers-annonce-13-departs-en-fin-de-saison.png\",\"keywords\":[\"AS B\u00e9ziers\",\"ASBH\",\"br\u00e8ve\"],\"articleSection\":[\"Rugby \u00e0 XV\"],\"inLanguage\":\"fr-FR\",\"potentialAction\":[{\"@type\":\"CommentAction\",\"name\":\"Comment\",\"target\":[\"https:\/\/dicodusport.fr\/blog\/transferts-las-beziers-annonce-13-departs-en-fin-de-saison\/#respond\"]}],\"copyrightYear\":\"2023\",\"copyrightHolder\":{\"@id\":\"https:\/\/dicodusport.fr\/blog\/#organization\"}},{\"@type\":\"WebPage\",\"@id\":\"https:\/\/dicodusport.fr\/blog\/transferts-las-beziers-annonce-13-departs-en-fin-de-saison\/\",\"url\":\"https:\/\/dicodusport.fr\/blog\/transferts-las-beziers-annonce-13-departs-en-fin-de-saison\/\",\"name\":\"Transferts : L'AS B\u00e9ziers annonce 13 d\u00e9parts en fin de saison\",\"isPartOf\":{\"@id\":\"https:\/\/dicodusport.fr\/blog\/#website\"},\"primaryImageOfPage\":{\"@id\":\"https:\/\/dicodusport.fr\/blog\/transferts-las-beziers-annonce-13-departs-en-fin-de-saison\/#primaryimage\"},\"image\":{\"@id\":\"https:\/\/dicodusport.fr\/blog\/transferts-las-beziers-annonce-13-departs-en-fin-de-saison\/#primaryimage\"},\"thumbnailUrl\":\"https:\/\/dicodusport.fr\/blog\/wp-content\/uploads\/2023\/05\/Transferts-LAS-Beziers-annonce-13-departs-en-fin-de-saison.png\",\"datePublished\":\"2023-05-05T12:30:42+00:00\",\"dateModified\":\"2023-05-05T13:48:22+00:00\",\"description\":\"RUGBY \u00c0 XV - L'AS B\u00e9ziers a annonc\u00e9 que le match face \u00e0 Agen serait le dernier pour 11 joueurs de l'effectif professionnel.\u00a0\",\"breadcrumb\":{\"@id\":\"https:\/\/dicodusport.fr\/blog\/transferts-las-beziers-annonce-13-departs-en-fin-de-saison\/#breadcrumb\"},\"inLanguage\":\"fr-FR\",\"potentialAction\":[{\"@type\":\"ReadAction\",\"target\":[\"https:\/\/dicodusport.fr\/blog\/transferts-las-beziers-annonce-13-departs-en-fin-de-saison\/\"]}]},{\"@type\":\"ImageObject\",\"inLanguage\":\"fr-FR\",\"@id\":\"https:\/\/dicodusport.fr\/blog\/transferts-las-beziers-annonce-13-departs-en-fin-de-saison\/#primaryimage\",\"url\":\"https:\/\/dicodusport.fr\/blog\/wp-content\/uploads\/2023\/05\/Transferts-LAS-Beziers-annonce-13-departs-en-fin-de-saison.png\",\"contentUrl\":\"https:\/\/dicodusport.fr\/blog\/wp-content\/uploads\/2023\/05\/Transferts-LAS-Beziers-annonce-13-departs-en-fin-de-saison.png\",\"width\":800,\"height\":445},{\"@type\":\"BreadcrumbList\",\"@id\":\"https:\/\/dicodusport.fr\/blog\/transferts-las-beziers-annonce-13-departs-en-fin-de-saison\/#breadcrumb\",\"itemListElement\":[{\"@type\":\"ListItem\",\"position\":1,\"name\":\"Accueil\",\"item\":\"https:\/\/dicodusport.fr\/blog\/\"},{\"@type\":\"ListItem\",\"position\":2,\"name\":\"Transferts : L&rsquo;AS B\u00e9ziers annonce 13 d\u00e9parts en fin de saison\"}]},{\"@type\":\"WebSite\",\"@id\":\"https:\/\/dicodusport.fr\/blog\/#website\",\"url\":\"https:\/\/dicodusport.fr\/blog\/\",\"name\":\"Dicodusport\",\"description\":\"L&#039;encyclop\u00e9die de l&#039;actualit\u00e9 sportive\",\"publisher\":{\"@id\":\"https:\/\/dicodusport.fr\/blog\/#organization\"},\"potentialAction\":[{\"@type\":\"SearchAction\",\"target\":{\"@type\":\"EntryPoint\",\"urlTemplate\":\"https:\/\/dicodusport.fr\/blog\/?s={search_term_string}\"},\"query-input\":{\"@type\":\"PropertyValueSpecification\",\"valueRequired\":true,\"valueName\":\"search_term_string\"}}],\"inLanguage\":\"fr-FR\"},{\"@type\":\"NewsMediaOrganization\",\"@id\":\"https:\/\/dicodusport.fr\/blog\/#organization\",\"name\":\"Dicodusport\",\"url\":\"https:\/\/dicodusport.fr\/blog\/\",\"logo\":{\"@type\":\"ImageObject\",\"inLanguage\":\"fr-FR\",\"@id\":\"https:\/\/dicodusport.fr\/blog\/#\/schema\/logo\/image\/\",\"url\":\"https:\/\/dicodusport.fr\/blog\/wp-content\/uploads\/2020\/06\/cropped-LOGO-DICODUSPORT-2020-SANS-FOND-SANS-TEXTE.png\",\"contentUrl\":\"https:\/\/dicodusport.fr\/blog\/wp-content\/uploads\/2020\/06\/cropped-LOGO-DICODUSPORT-2020-SANS-FOND-SANS-TEXTE.png\",\"width\":512,\"height\":512,\"caption\":\"Dicodusport\"},\"image\":{\"@id\":\"https:\/\/dicodusport.fr\/blog\/#\/schema\/logo\/image\/\"},\"sameAs\":[\"https:\/\/www.facebook.com\/dicodusport\",\"https:\/\/x.com\/dicodusport\",\"https:\/\/www.instagram.com\/dicodusport\/\",\"https:\/\/www.youtube.com\/channel\/UC7V2KZ5sd3htJivAbA4ZG3w\"],\"description\":\"Dicodusport est l'encyclop\u00e9die de l'actualit\u00e9 sportive.\",\"email\":\"bonjour@dicodusport.fr\",\"legalName\":\"DICODUSPORT\",\"foundingDate\":\"2018-01-14\",\"vatID\":\"FR71834470973\",\"taxID\":\"83447097300043\",\"numberOfEmployees\":{\"@type\":\"QuantitativeValue\",\"minValue\":\"1\",\"maxValue\":\"10\"}},{\"@type\":\"Person\",\"@id\":\"https:\/\/dicodusport.fr\/blog\/#\/schema\/person\/55dcb50ad410894e431ed812bbb70191\",\"name\":\"Nicolas Jacquemard\",\"image\":{\"@type\":\"ImageObject\",\"inLanguage\":\"fr-FR\",\"@id\":\"https:\/\/dicodusport.fr\/blog\/#\/schema\/person\/image\/\",\"url\":\"https:\/\/dicodusport.fr\/blog\/wp-content\/uploads\/2021\/05\/Nicolas-Jacquemard-150x150.jpeg\",\"contentUrl\":\"https:\/\/dicodusport.fr\/blog\/wp-content\/uploads\/2021\/05\/Nicolas-Jacquemard-150x150.jpeg\",\"caption\":\"Nicolas Jacquemard\"},\"description\":\"Passionn\u00e9 de sport et entrepreneur depuis mes 18 ans, la cr\u00e9ation de Dicodusport m'a sembl\u00e9 \u00e9vidente pour participer \u00e0 la m\u00e9diatisation d'un plus grand nombre de sports. Le chemin est long mais avec une \u00e9quipe des plus motiv\u00e9es et les Jeux Olympiques de Paris 2024 en point de mire, nous y arriverons ! Journaliste dans le monde du sport depuis plus de 5 ans, je traite aussi bien de football, de rugby, de biathlon que de cyclisme.\",\"sameAs\":[\"https:\/\/www.facebook.com\/dicodusport\",\"https:\/\/x.com\/https:\/\/twitter.com\/Nico_Jacquemard\"],\"url\":\"https:\/\/dicodusport.fr\/blog\/author\/dicodusport\/\"}]}<\/script>\n<!-- \/ Yoast SEO Premium plugin. -->","yoast_head_json":{"title":"Transferts : L'AS B\u00e9ziers annonce 13 d\u00e9parts en fin de saison","description":"RUGBY \u00c0 XV - L'AS B\u00e9ziers a annonc\u00e9 que le match face \u00e0 Agen serait le dernier pour 11 joueurs de l'effectif professionnel.\u00a0","robots":{"index":"index","follow":"follow","max-snippet":"max-snippet:-1","max-image-preview":"max-image-preview:large","max-video-preview":"max-video-preview:-1"},"canonical":"https:\/\/dicodusport.fr\/blog\/transferts-las-beziers-annonce-13-departs-en-fin-de-saison\/","og_locale":"fr_FR","og_type":"article","og_title":"Transferts : L'AS B\u00e9ziers annonce 13 d\u00e9parts en fin de saison","og_description":"RUGBY \u00c0 XV - L'AS B\u00e9ziers a annonc\u00e9 que le match face \u00e0 Agen serait le dernier pour 11 joueurs de l'effectif professionnel.\u00a0","og_url":"https:\/\/dicodusport.fr\/blog\/transferts-las-beziers-annonce-13-departs-en-fin-de-saison\/","og_site_name":"Dicodusport","article_publisher":"https:\/\/www.facebook.com\/dicodusport","article_author":"https:\/\/www.facebook.com\/dicodusport","article_published_time":"2023-05-05T12:30:42+00:00","article_modified_time":"2023-05-05T13:48:22+00:00","og_image":[{"width":800,"height":445,"url":"https:\/\/dicodusport.fr\/blog\/wp-content\/uploads\/2023\/05\/Transferts-LAS-Beziers-annonce-13-departs-en-fin-de-saison.png","type":"image\/png"}],"author":"Nicolas Jacquemard","twitter_card":"summary_large_image","twitter_title":"Transferts : L'AS B\u00e9ziers annonce 13 d\u00e9parts en fin de saison","twitter_creator":"@https:\/\/twitter.com\/Nico_Jacquemard","twitter_site":"@dicodusport","schema":{"@context":"https:\/\/schema.org","@graph":[{"@type":"NewsArticle","@id":"https:\/\/dicodusport.fr\/blog\/transferts-las-beziers-annonce-13-departs-en-fin-de-saison\/#article","isPartOf":{"@id":"https:\/\/dicodusport.fr\/blog\/transferts-las-beziers-annonce-13-departs-en-fin-de-saison\/"},"author":{"name":"Nicolas Jacquemard","@id":"https:\/\/dicodusport.fr\/blog\/#\/schema\/person\/55dcb50ad410894e431ed812bbb70191"},"headline":"Transferts : L&rsquo;AS B\u00e9ziers annonce 13 d\u00e9parts en fin de saison","datePublished":"2023-05-05T12:30:42+00:00","dateModified":"2023-05-05T13:48:22+00:00","mainEntityOfPage":{"@id":"https:\/\/dicodusport.fr\/blog\/transferts-las-beziers-annonce-13-departs-en-fin-de-saison\/"},"wordCount":282,"commentCount":0,"publisher":{"@id":"https:\/\/dicodusport.fr\/blog\/#organization"},"image":{"@id":"https:\/\/dicodusport.fr\/blog\/transferts-las-beziers-annonce-13-departs-en-fin-de-saison\/#primaryimage"},"thumbnailUrl":"https:\/\/dicodusport.fr\/blog\/wp-content\/uploads\/2023\/05\/Transferts-LAS-Beziers-annonce-13-departs-en-fin-de-saison.png","keywords":["AS B\u00e9ziers","ASBH","br\u00e8ve"],"articleSection":["Rugby \u00e0 XV"],"inLanguage":"fr-FR","potentialAction":[{"@type":"CommentAction","name":"Comment","target":["https:\/\/dicodusport.fr\/blog\/transferts-las-beziers-annonce-13-departs-en-fin-de-saison\/#respond"]}],"copyrightYear":"2023","copyrightHolder":{"@id":"https:\/\/dicodusport.fr\/blog\/#organization"}},{"@type":"WebPage","@id":"https:\/\/dicodusport.fr\/blog\/transferts-las-beziers-annonce-13-departs-en-fin-de-saison\/","url":"https:\/\/dicodusport.fr\/blog\/transferts-las-beziers-annonce-13-departs-en-fin-de-saison\/","name":"Transferts : L'AS B\u00e9ziers annonce 13 d\u00e9parts en fin de saison","isPartOf":{"@id":"https:\/\/dicodusport.fr\/blog\/#website"},"primaryImageOfPage":{"@id":"https:\/\/dicodusport.fr\/blog\/transferts-las-beziers-annonce-13-departs-en-fin-de-saison\/#primaryimage"},"image":{"@id":"https:\/\/dicodusport.fr\/blog\/transferts-las-beziers-annonce-13-departs-en-fin-de-saison\/#primaryimage"},"thumbnailUrl":"https:\/\/dicodusport.fr\/blog\/wp-content\/uploads\/2023\/05\/Transferts-LAS-Beziers-annonce-13-departs-en-fin-de-saison.png","datePublished":"2023-05-05T12:30:42+00:00","dateModified":"2023-05-05T13:48:22+00:00","description":"RUGBY \u00c0 XV - L'AS B\u00e9ziers a annonc\u00e9 que le match face \u00e0 Agen serait le dernier pour 11 joueurs de l'effectif professionnel.\u00a0","breadcrumb":{"@id":"https:\/\/dicodusport.fr\/blog\/transferts-las-beziers-annonce-13-departs-en-fin-de-saison\/#breadcrumb"},"inLanguage":"fr-FR","potentialAction":[{"@type":"ReadAction","target":["https:\/\/dicodusport.fr\/blog\/transferts-las-beziers-annonce-13-departs-en-fin-de-saison\/"]}]},{"@type":"ImageObject","inLanguage":"fr-FR","@id":"https:\/\/dicodusport.fr\/blog\/transferts-las-beziers-annonce-13-departs-en-fin-de-saison\/#primaryimage","url":"https:\/\/dicodusport.fr\/blog\/wp-content\/uploads\/2023\/05\/Transferts-LAS-Beziers-annonce-13-departs-en-fin-de-saison.png","contentUrl":"https:\/\/dicodusport.fr\/blog\/wp-content\/uploads\/2023\/05\/Transferts-LAS-Beziers-annonce-13-departs-en-fin-de-saison.png","width":800,"height":445},{"@type":"BreadcrumbList","@id":"https:\/\/dicodusport.fr\/blog\/transferts-las-beziers-annonce-13-departs-en-fin-de-saison\/#breadcrumb","itemListElement":[{"@type":"ListItem","position":1,"name":"Accueil","item":"https:\/\/dicodusport.fr\/blog\/"},{"@type":"ListItem","position":2,"name":"Transferts : L&rsquo;AS B\u00e9ziers annonce 13 d\u00e9parts en fin de saison"}]},{"@type":"WebSite","@id":"https:\/\/dicodusport.fr\/blog\/#website","url":"https:\/\/dicodusport.fr\/blog\/","name":"Dicodusport","description":"L&#039;encyclop\u00e9die de l&#039;actualit\u00e9 sportive","publisher":{"@id":"https:\/\/dicodusport.fr\/blog\/#organization"},"potentialAction":[{"@type":"SearchAction","target":{"@type":"EntryPoint","urlTemplate":"https:\/\/dicodusport.fr\/blog\/?s={search_term_string}"},"query-input":{"@type":"PropertyValueSpecification","valueRequired":true,"valueName":"search_term_string"}}],"inLanguage":"fr-FR"},{"@type":"NewsMediaOrganization","@id":"https:\/\/dicodusport.fr\/blog\/#organization","name":"Dicodusport","url":"https:\/\/dicodusport.fr\/blog\/","logo":{"@type":"ImageObject","inLanguage":"fr-FR","@id":"https:\/\/dicodusport.fr\/blog\/#\/schema\/logo\/image\/","url":"https:\/\/dicodusport.fr\/blog\/wp-content\/uploads\/2020\/06\/cropped-LOGO-DICODUSPORT-2020-SANS-FOND-SANS-TEXTE.png","contentUrl":"https:\/\/dicodusport.fr\/blog\/wp-content\/uploads\/2020\/06\/cropped-LOGO-DICODUSPORT-2020-SANS-FOND-SANS-TEXTE.png","width":512,"height":512,"caption":"Dicodusport"},"image":{"@id":"https:\/\/dicodusport.fr\/blog\/#\/schema\/logo\/image\/"},"sameAs":["https:\/\/www.facebook.com\/dicodusport","https:\/\/x.com\/dicodusport","https:\/\/www.instagram.com\/dicodusport\/","https:\/\/www.youtube.com\/channel\/UC7V2KZ5sd3htJivAbA4ZG3w"],"description":"Dicodusport est l'encyclop\u00e9die de l'actualit\u00e9 sportive.","email":"bonjour@dicodusport.fr","legalName":"DICODUSPORT","foundingDate":"2018-01-14","vatID":"FR71834470973","taxID":"83447097300043","numberOfEmployees":{"@type":"QuantitativeValue","minValue":"1","maxValue":"10"}},{"@type":"Person","@id":"https:\/\/dicodusport.fr\/blog\/#\/schema\/person\/55dcb50ad410894e431ed812bbb70191","name":"Nicolas Jacquemard","image":{"@type":"ImageObject","inLanguage":"fr-FR","@id":"https:\/\/dicodusport.fr\/blog\/#\/schema\/person\/image\/","url":"https:\/\/dicodusport.fr\/blog\/wp-content\/uploads\/2021\/05\/Nicolas-Jacquemard-150x150.jpeg","contentUrl":"https:\/\/dicodusport.fr\/blog\/wp-content\/uploads\/2021\/05\/Nicolas-Jacquemard-150x150.jpeg","caption":"Nicolas Jacquemard"},"description":"Passionn\u00e9 de sport et entrepreneur depuis mes 18 ans, la cr\u00e9ation de Dicodusport m'a sembl\u00e9 \u00e9vidente pour participer \u00e0 la m\u00e9diatisation d'un plus grand nombre de sports. Le chemin est long mais avec une \u00e9quipe des plus motiv\u00e9es et les Jeux Olympiques de Paris 2024 en point de mire, nous y arriverons ! Journaliste dans le monde du sport depuis plus de 5 ans, je traite aussi bien de football, de rugby, de biathlon que de cyclisme.","sameAs":["https:\/\/www.facebook.com\/dicodusport","https:\/\/x.com\/https:\/\/twitter.com\/Nico_Jacquemard"],"url":"https:\/\/dicodusport.fr\/blog\/author\/dicodusport\/"}]}},"_links":{"self":[{"href":"https:\/\/dicodusport.fr\/blog\/wp-json\/wp\/v2\/posts\/379342","targetHints":{"allow":["GET"]}}],"collection":[{"href":"https:\/\/dicodusport.fr\/blog\/wp-json\/wp\/v2\/posts"}],"about":[{"href":"https:\/\/dicodusport.fr\/blog\/wp-json\/wp\/v2\/types\/post"}],"author":[{"embeddable":true,"href":"https:\/\/dicodusport.fr\/blog\/wp-json\/wp\/v2\/users\/1"}],"replies":[{"embeddable":true,"href":"https:\/\/dicodusport.fr\/blog\/wp-json\/wp\/v2\/comments?post=379342"}],"version-history":[{"count":0,"href":"https:\/\/dicodusport.fr\/blog\/wp-json\/wp\/v2\/posts\/379342\/revisions"}],"wp:featuredmedia":[{"embeddable":true,"href":"https:\/\/dicodusport.fr\/blog\/wp-json\/wp\/v2\/media\/379348"}],"wp:attachment":[{"href":"https:\/\/dicodusport.fr\/blog\/wp-json\/wp\/v2\/media?parent=379342"}],"wp:term":[{"taxonomy":"category","embeddable":true,"href":"https:\/\/dicodusport.fr\/blog\/wp-json\/wp\/v2\/categories?post=379342"},{"taxonomy":"post_tag","embeddable":true,"href":"https:\/\/dicodusport.fr\/blog\/wp-json\/wp\/v2\/tags?post=379342"}],"curies":[{"name":"wp","href":"https:\/\/api.w.org\/{rel}","templated":true}]}}