{"id":37946,"date":"2019-04-27T23:59:39","date_gmt":"2019-04-27T21:59:39","guid":{"rendered":"http:\/\/dicodusport.fr\/blog\/?p=37946"},"modified":"2019-04-28T02:43:25","modified_gmt":"2019-04-28T00:43:25","slug":"rennes-realise-l-exploit-au-psg-et-remporte-la-coupe-de-france","status":"publish","type":"post","link":"https:\/\/dicodusport.fr\/blog\/rennes-realise-l-exploit-au-psg-et-remporte-la-coupe-de-france\/","title":{"rendered":"Rennes r\u00e9alise l&rsquo;exploit face au PSG et remporte la Coupe de France"},"content":{"rendered":"<p style=\"text-align: justify;\"><strong><em>Magnifiques Rennais ! Les Bretons ont remport\u00e9 la Coupe du France aux tirs au but face au PSG (2-2, 6-5 t.a.b). Men\u00e9s 2-0 apr\u00e8s 21 minutes de jeu, les hommes de Julien St\u00e9phan ont r\u00e9alis\u00e9 un authentique exploit.\u00a0 <\/em><\/strong><\/p>\n<p style=\"text-align: justify;\">Les Parisiens n&rsquo;ont presque pas trembl\u00e9 en premi\u00e8re p\u00e9riode. Les joueurs de la capitale ont fait tr\u00e8s vite la diff\u00e9rence lors du premier acte, avec deux bijoux sign\u00e9s Dani Alves (13&prime;) et <a href=\"https:\/\/twitter.com\/francetvsport\/status\/1122223619252289536\" target=\"_blank\" rel=\"noopener\">Neymar (21&prime;)<\/a>, le tout sur un air de samba. Dominateurs jusqu&rsquo;\u00e0 la demi-heure de jeu, les hommes de Thomas Tuchel laissaient ensuite davantage d&rsquo;espaces aux Rennais. Cons\u00e9quence, sur un centre d&rsquo;Hamari Traor\u00e9 venu de la droite, <a href=\"https:\/\/twitter.com\/francetvsport\/status\/1122232965008953344\" target=\"_blank\" rel=\"noopener\">Presnel Kimpembe marquait contre son camp, battant un Alphonse Areola impuissant (40&prime;)<\/a>. A la pause, cette finale \u00e9tait relanc\u00e9e (1-2).<\/p>\n<p><span class=\"HoTXPqo1Eqceg6ROaKJT4apF3KCudtGQcVzeGIsZFsUbz9Jinr4I5nibWSlyQLmj6htNvMACrWvAgfBlO19p2DdSY7u\"><\/p>\n<blockquote class=\"twitter-tweet\" data-width=\"550\" data-dnt=\"true\">\n<p lang=\"fr\" dir=\"ltr\">\u26bd\ud83d\udca5\ud83c\udde7\ud83c\uddf7 QUELLE REPRISE DE DANI ALVES !!! la connexion 100% br\u00e9silienne <a href=\"https:\/\/twitter.com\/neymarjr?ref_src=twsrc%5Etfw\">@neymarjr<\/a> &#8211; <a href=\"https:\/\/twitter.com\/DaniAlvesD2?ref_src=twsrc%5Etfw\">@DaniAlvesD2<\/a> permet au <a href=\"https:\/\/twitter.com\/PSG_inside?ref_src=twsrc%5Etfw\">@PSG_inside<\/a> d&#39;ouvrir le score <a href=\"https:\/\/twitter.com\/coupedefrance?ref_src=twsrc%5Etfw\">@coupedefrance<\/a> <a href=\"https:\/\/twitter.com\/FFF?ref_src=twsrc%5Etfw\">@FFF<\/a> <a href=\"https:\/\/twitter.com\/hashtag\/SRFCPSG?src=hash&amp;ref_src=twsrc%5Etfw\">#SRFCPSG<\/a> <a href=\"https:\/\/twitter.com\/hashtag\/CdF?src=hash&amp;ref_src=twsrc%5Etfw\">#CdF<\/a> <a href=\"https:\/\/t.co\/v5DdRuVEwE\">pic.twitter.com\/v5DdRuVEwE<\/a><\/p>\n<p>&mdash; francetvsport (@francetvsport) <a href=\"https:\/\/twitter.com\/francetvsport\/status\/1122221048349495296?ref_src=twsrc%5Etfw\">April 27, 2019<\/a><\/p><\/blockquote>\n<p><script async src=\"https:\/\/platform.twitter.com\/widgets.js\" charset=\"utf-8\"><\/script><\/span><\/p>\n<h1 style=\"text-align: justify;\">Rennes avec le c\u0153ur<\/h1>\n<p style=\"text-align: justify;\">Une finale relanc\u00e9e, de la th\u00e9orie \u00e0 la pratique. Revenus avec un meilleur visage, les Bretons mettaient sous pression des Parisiens endormis. Rennes, d\u00e9cid\u00e9ment \u00e9patant cette saison, \u00e9tait r\u00e9compens\u00e9 apr\u00e8s l&rsquo;heure de jeu. <a href=\"https:\/\/twitter.com\/francetvsport\/status\/1122238952931508224\" target=\"_blank\" rel=\"noopener\">Le d\u00e9fenseur central Edson Mexer sautait plus haut que tout le monde sur corner et trompait Alphonse Areola (66&prime;)<\/a>. Paris, sonn\u00e9, tentait de reprendre la main, sans pour autant concr\u00e9tiser. R\u00e9sultat, le Stade Rennais poussait en prolongations un PSG en plein doute.<\/p>\n<p style=\"text-align: justify;\">Un doute qui ne disparaissait pas lors des prolongations, bien au contraire. En manque de r\u00e9ussite ce soir, Kylian Mbapp\u00e9 trouvait le poteau (98&prime;). Pire, <a href=\"https:\/\/twitter.com\/francetvsport\/status\/1122254983733366786\" target=\"_blank\" rel=\"noopener\">l&rsquo;attaquant fran\u00e7ais \u00e9tait logiquement expuls\u00e9 apr\u00e8s un tacle (tr\u00e8s) mal ma\u00eetris\u00e9 sur Benjamin Da Silva (119&prime;)<\/a>. Impuissants durant les deux mi-temps des prolongations face \u00e0 des Rennais courageux et bien aid\u00e9s par leur gardien Tomas Koubek, les Parisiens d\u00e9fendaient leur titre aux tirs au but. Et \u00e0 ce petit jeu-l\u00e0, avec un sang-froid d\u00e9concertant, les Bretons l&#8217;emportaient (6-5), apr\u00e8s que Christopher Nkunku n&rsquo;ait loup\u00e9 sa tentative.<\/p>\n<p style=\"text-align: justify;\">Quarante-huit ans apr\u00e8s, le Stade Rennais remporte la 3\u00e8me Coupe du France de son histoire. Finalistes malheureux en 2009 et 2014, les Rouge et Noir ponctuent de la plus belle des mani\u00e8res une saison d&rsquo;ores et d\u00e9j\u00e0 r\u00e9ussie, apr\u00e8s leur incroyable parcours en Europa League, et la qualification pour cette derni\u00e8re d\u00e9croch\u00e9e ce soir, en venant \u00e0 bout d&rsquo;un PSG d\u00e9cid\u00e9ment bien triste en cette fin de saison.<\/p>\n<p><span class=\"aK174hMY8seui0PSVp\"><\/p>\n<blockquote class=\"twitter-tweet\" data-width=\"550\" data-dnt=\"true\">\n<p lang=\"fr\" dir=\"ltr\">\ud83d\udd34\u26ab RENNES REMPORTE LA COUPE DE FRANCE !! \ud83c\udfc6\ud83c\uddeb\ud83c\uddf7<\/p>\n<p>\ud83d\udcfa Suivez la remise du troph\u00e9e en direct : <a href=\"https:\/\/t.co\/3aAOqrQFwJ\">https:\/\/t.co\/3aAOqrQFwJ<\/a> <a href=\"https:\/\/t.co\/1r1uJansUP\">pic.twitter.com\/1r1uJansUP<\/a><\/p>\n<p>&mdash; francetvsport (@francetvsport) <a href=\"https:\/\/twitter.com\/francetvsport\/status\/1122260252429361153?ref_src=twsrc%5Etfw\">April 27, 2019<\/a><\/p><\/blockquote>\n<p><script async src=\"https:\/\/platform.twitter.com\/widgets.js\" charset=\"utf-8\"><\/script><\/span><\/p>\n<p><strong><em>Dicodusport<br \/>\n<a href=\"https:\/\/www.facebook.com\/dicodusport\/\" target=\"_blank\" rel=\"noopener\"><img loading=\"lazy\" decoding=\"async\" class=\"alignnone wp-image-2909\" src=\"http:\/\/dicodusport.fr\/blog\/wp-content\/uploads\/2017\/07\/logo-facebook-150x150.png\" sizes=\"auto, (max-width: 40px) 100vw, 40px\" srcset=\"https:\/\/dicodusport.fr\/blog\/wp-content\/uploads\/2017\/07\/logo-facebook-150x150.png 150w, https:\/\/dicodusport.fr\/blog\/wp-content\/uploads\/2017\/07\/logo-facebook-300x300.png 300w, https:\/\/dicodusport.fr\/blog\/wp-content\/uploads\/2017\/07\/logo-facebook.png 400w\" alt=\"\" width=\"40\" height=\"40\" \/><\/a><a href=\"https:\/\/twitter.com\/dicodusport\" target=\"_blank\" rel=\"noopener\"><img loading=\"lazy\" decoding=\"async\" class=\"alignnone wp-image-2908\" src=\"http:\/\/dicodusport.fr\/blog\/wp-content\/uploads\/2017\/07\/logo-twitter-150x150.png\" alt=\"\" width=\"39\" height=\"39\" \/><\/a><\/em><\/strong><\/p>\n","protected":false},"excerpt":{"rendered":"<p>Magnifiques Rennais ! Les Bretons ont remport\u00e9 la Coupe du France aux tirs au but face au PSG (2-2, 6-5 t.a.b). <\/p>\n","protected":false},"author":4,"featured_media":37953,"comment_status":"open","ping_status":"closed","sticky":false,"template":"","format":"standard","meta":{"_acf_changed":false,"_daextam_enable_autolinks":"","footnotes":""},"categories":[2,2301],"tags":[2870,75,429,910,1840,1865],"class_list":["post-37946","post","type-post","status-publish","format-standard","has-post-thumbnail","hentry","category-actualites","category-football","tag-coupe-de-france","tag-football","tag-paris","tag-psg","tag-rennes","tag-stade-rennais"],"acf":[],"yoast_head":"<!-- This site is optimized with the Yoast SEO Premium plugin v26.7 (Yoast SEO v26.7) - https:\/\/yoast.com\/wordpress\/plugins\/seo\/ -->\n<title>Rennes r\u00e9alise l&#039;exploit face au PSG et remporte la Coupe de France<\/title>\n<meta name=\"description\" content=\"Magnifiques Stade Rennais ! Les Bretons ont remport\u00e9 la Coupe du France aux tirs au but face au PSG (2-2, 6-5 t.a.b).\" \/>\n<meta name=\"robots\" content=\"index, follow, max-snippet:-1, max-image-preview:large, max-video-preview:-1\" \/>\n<link rel=\"canonical\" href=\"https:\/\/dicodusport.fr\/blog\/rennes-realise-l-exploit-au-psg-et-remporte-la-coupe-de-france\/\" \/>\n<meta property=\"og:locale\" content=\"fr_FR\" \/>\n<meta property=\"og:type\" content=\"article\" \/>\n<meta property=\"og:title\" content=\"Rennes r\u00e9alise l&#039;exploit face au PSG et remporte la Coupe de France\" \/>\n<meta property=\"og:description\" content=\"Magnifiques Stade Rennais ! Les Bretons ont remport\u00e9 la Coupe du France aux tirs au but face au PSG (2-2, 6-5 t.a.b).\" \/>\n<meta property=\"og:url\" content=\"https:\/\/dicodusport.fr\/blog\/rennes-realise-l-exploit-au-psg-et-remporte-la-coupe-de-france\/\" \/>\n<meta property=\"og:site_name\" content=\"Dicodusport\" \/>\n<meta property=\"article:publisher\" content=\"https:\/\/www.facebook.com\/dicodusport\" \/>\n<meta property=\"article:author\" content=\"https:\/\/www.facebook.com\/florent.ostermann\" \/>\n<meta property=\"article:published_time\" content=\"2019-04-27T21:59:39+00:00\" \/>\n<meta property=\"article:modified_time\" content=\"2019-04-28T00:43:25+00:00\" \/>\n<meta property=\"og:image\" content=\"https:\/\/dicodusport.fr\/blog\/wp-content\/uploads\/2019\/04\/Rennes-PSG-Coupe-du-France-2019.png\" \/>\n\t<meta property=\"og:image:width\" content=\"800\" \/>\n\t<meta property=\"og:image:height\" content=\"445\" \/>\n\t<meta property=\"og:image:type\" content=\"image\/png\" \/>\n<meta name=\"author\" content=\"Flo Ostermann\" \/>\n<meta name=\"twitter:card\" content=\"summary_large_image\" \/>\n<meta name=\"twitter:creator\" content=\"@https:\/\/twitter.com\/FlOstermann\" \/>\n<meta name=\"twitter:site\" content=\"@dicodusport\" \/>\n<script type=\"application\/ld+json\" class=\"yoast-schema-graph\">{\"@context\":\"https:\/\/schema.org\",\"@graph\":[{\"@type\":\"NewsArticle\",\"@id\":\"https:\/\/dicodusport.fr\/blog\/rennes-realise-l-exploit-au-psg-et-remporte-la-coupe-de-france\/#article\",\"isPartOf\":{\"@id\":\"https:\/\/dicodusport.fr\/blog\/rennes-realise-l-exploit-au-psg-et-remporte-la-coupe-de-france\/\"},\"author\":{\"name\":\"Flo Ostermann\",\"@id\":\"https:\/\/dicodusport.fr\/blog\/#\/schema\/person\/cb02af4c173ce4a653b55e9baf388d4a\"},\"headline\":\"Rennes r\u00e9alise l&rsquo;exploit face au PSG et remporte la Coupe de France\",\"datePublished\":\"2019-04-27T21:59:39+00:00\",\"dateModified\":\"2019-04-28T00:43:25+00:00\",\"mainEntityOfPage\":{\"@id\":\"https:\/\/dicodusport.fr\/blog\/rennes-realise-l-exploit-au-psg-et-remporte-la-coupe-de-france\/\"},\"wordCount\":426,\"commentCount\":0,\"publisher\":{\"@id\":\"https:\/\/dicodusport.fr\/blog\/#organization\"},\"image\":{\"@id\":\"https:\/\/dicodusport.fr\/blog\/rennes-realise-l-exploit-au-psg-et-remporte-la-coupe-de-france\/#primaryimage\"},\"thumbnailUrl\":\"https:\/\/dicodusport.fr\/blog\/wp-content\/uploads\/2019\/04\/Rennes-PSG-Coupe-du-France-2019.png\",\"keywords\":[\"Coupe de France\",\"Football\",\"Paris\",\"PSG\",\"Rennes\",\"Stade rennais\"],\"articleSection\":[\"Actualit\u00e9s\",\"Football\"],\"inLanguage\":\"fr-FR\",\"potentialAction\":[{\"@type\":\"CommentAction\",\"name\":\"Comment\",\"target\":[\"https:\/\/dicodusport.fr\/blog\/rennes-realise-l-exploit-au-psg-et-remporte-la-coupe-de-france\/#respond\"]}],\"copyrightYear\":\"2019\",\"copyrightHolder\":{\"@id\":\"https:\/\/dicodusport.fr\/blog\/#organization\"}},{\"@type\":\"WebPage\",\"@id\":\"https:\/\/dicodusport.fr\/blog\/rennes-realise-l-exploit-au-psg-et-remporte-la-coupe-de-france\/\",\"url\":\"https:\/\/dicodusport.fr\/blog\/rennes-realise-l-exploit-au-psg-et-remporte-la-coupe-de-france\/\",\"name\":\"Rennes r\u00e9alise l'exploit face au PSG et remporte la Coupe de France\",\"isPartOf\":{\"@id\":\"https:\/\/dicodusport.fr\/blog\/#website\"},\"primaryImageOfPage\":{\"@id\":\"https:\/\/dicodusport.fr\/blog\/rennes-realise-l-exploit-au-psg-et-remporte-la-coupe-de-france\/#primaryimage\"},\"image\":{\"@id\":\"https:\/\/dicodusport.fr\/blog\/rennes-realise-l-exploit-au-psg-et-remporte-la-coupe-de-france\/#primaryimage\"},\"thumbnailUrl\":\"https:\/\/dicodusport.fr\/blog\/wp-content\/uploads\/2019\/04\/Rennes-PSG-Coupe-du-France-2019.png\",\"datePublished\":\"2019-04-27T21:59:39+00:00\",\"dateModified\":\"2019-04-28T00:43:25+00:00\",\"description\":\"Magnifiques Stade Rennais ! Les Bretons ont remport\u00e9 la Coupe du France aux tirs au but face au PSG (2-2, 6-5 t.a.b).\",\"breadcrumb\":{\"@id\":\"https:\/\/dicodusport.fr\/blog\/rennes-realise-l-exploit-au-psg-et-remporte-la-coupe-de-france\/#breadcrumb\"},\"inLanguage\":\"fr-FR\",\"potentialAction\":[{\"@type\":\"ReadAction\",\"target\":[\"https:\/\/dicodusport.fr\/blog\/rennes-realise-l-exploit-au-psg-et-remporte-la-coupe-de-france\/\"]}]},{\"@type\":\"ImageObject\",\"inLanguage\":\"fr-FR\",\"@id\":\"https:\/\/dicodusport.fr\/blog\/rennes-realise-l-exploit-au-psg-et-remporte-la-coupe-de-france\/#primaryimage\",\"url\":\"https:\/\/dicodusport.fr\/blog\/wp-content\/uploads\/2019\/04\/Rennes-PSG-Coupe-du-France-2019.png\",\"contentUrl\":\"https:\/\/dicodusport.fr\/blog\/wp-content\/uploads\/2019\/04\/Rennes-PSG-Coupe-du-France-2019.png\",\"width\":800,\"height\":445},{\"@type\":\"BreadcrumbList\",\"@id\":\"https:\/\/dicodusport.fr\/blog\/rennes-realise-l-exploit-au-psg-et-remporte-la-coupe-de-france\/#breadcrumb\",\"itemListElement\":[{\"@type\":\"ListItem\",\"position\":1,\"name\":\"Accueil\",\"item\":\"https:\/\/dicodusport.fr\/blog\/\"},{\"@type\":\"ListItem\",\"position\":2,\"name\":\"Rennes r\u00e9alise l&rsquo;exploit face au PSG et remporte la Coupe de France\"}]},{\"@type\":\"WebSite\",\"@id\":\"https:\/\/dicodusport.fr\/blog\/#website\",\"url\":\"https:\/\/dicodusport.fr\/blog\/\",\"name\":\"Dicodusport\",\"description\":\"L&#039;encyclop\u00e9die de l&#039;actualit\u00e9 sportive\",\"publisher\":{\"@id\":\"https:\/\/dicodusport.fr\/blog\/#organization\"},\"potentialAction\":[{\"@type\":\"SearchAction\",\"target\":{\"@type\":\"EntryPoint\",\"urlTemplate\":\"https:\/\/dicodusport.fr\/blog\/?s={search_term_string}\"},\"query-input\":{\"@type\":\"PropertyValueSpecification\",\"valueRequired\":true,\"valueName\":\"search_term_string\"}}],\"inLanguage\":\"fr-FR\"},{\"@type\":\"NewsMediaOrganization\",\"@id\":\"https:\/\/dicodusport.fr\/blog\/#organization\",\"name\":\"Dicodusport\",\"url\":\"https:\/\/dicodusport.fr\/blog\/\",\"logo\":{\"@type\":\"ImageObject\",\"inLanguage\":\"fr-FR\",\"@id\":\"https:\/\/dicodusport.fr\/blog\/#\/schema\/logo\/image\/\",\"url\":\"https:\/\/dicodusport.fr\/blog\/wp-content\/uploads\/2020\/06\/cropped-LOGO-DICODUSPORT-2020-SANS-FOND-SANS-TEXTE.png\",\"contentUrl\":\"https:\/\/dicodusport.fr\/blog\/wp-content\/uploads\/2020\/06\/cropped-LOGO-DICODUSPORT-2020-SANS-FOND-SANS-TEXTE.png\",\"width\":512,\"height\":512,\"caption\":\"Dicodusport\"},\"image\":{\"@id\":\"https:\/\/dicodusport.fr\/blog\/#\/schema\/logo\/image\/\"},\"sameAs\":[\"https:\/\/www.facebook.com\/dicodusport\",\"https:\/\/x.com\/dicodusport\",\"https:\/\/www.instagram.com\/dicodusport\/\",\"https:\/\/www.youtube.com\/channel\/UC7V2KZ5sd3htJivAbA4ZG3w\"],\"description\":\"Dicodusport est l'encyclop\u00e9die de l'actualit\u00e9 sportive.\",\"email\":\"bonjour@dicodusport.fr\",\"legalName\":\"DICODUSPORT\",\"foundingDate\":\"2018-01-14\",\"vatID\":\"FR71834470973\",\"taxID\":\"83447097300043\",\"numberOfEmployees\":{\"@type\":\"QuantitativeValue\",\"minValue\":\"1\",\"maxValue\":\"10\"}},{\"@type\":\"Person\",\"@id\":\"https:\/\/dicodusport.fr\/blog\/#\/schema\/person\/cb02af4c173ce4a653b55e9baf388d4a\",\"name\":\"Flo Ostermann\",\"image\":{\"@type\":\"ImageObject\",\"inLanguage\":\"fr-FR\",\"@id\":\"https:\/\/dicodusport.fr\/blog\/#\/schema\/person\/image\/\",\"url\":\"https:\/\/dicodusport.fr\/blog\/wp-content\/uploads\/2021\/05\/Flo-Ostermann-150x150.jpg\",\"contentUrl\":\"https:\/\/dicodusport.fr\/blog\/wp-content\/uploads\/2021\/05\/Flo-Ostermann-150x150.jpg\",\"caption\":\"Flo Ostermann\"},\"description\":\"Journaliste\/R\u00e9dacteur depuis septembre 2015 - Mes premiers souvenirs dans le sport ? Les envol\u00e9es du Stade Toulousain et les duels Villeneuve-Schumacher et H\u00e4kkinen-Schumacher \u00e0 la fin des ann\u00e9es 90, la Coupe du monde de football en 1998, l\u2019exploit du XV de France face aux All Blacks en 1999, mais aussi Richard C\u0153ur de Lion qui vole sur les montagnes du Tour de France. Bien parti pour devenir professeur d\u2019EPS, les \u00e9v\u00e9nements de la vie (et la flemme d\u2019animer des s\u00e9ances de 3x500 m\u00e8tres toute ma vie) m\u2019ont conduit \u00e0 revoir mes plans. Me voil\u00e0 depuis fin 2017 sur Dicodusport, m\u00e9dia gr\u00e2ce (et pour) lequel je partage ma passion : le sport dans tous ses \u00e9tats. Le tout accompagn\u00e9 par les fous furieux et folles furieuses cit\u00e9s sur cette page !\",\"sameAs\":[\"https:\/\/www.facebook.com\/florent.ostermann\",\"https:\/\/x.com\/https:\/\/twitter.com\/FlOstermann\",\"admin\"],\"url\":\"https:\/\/dicodusport.fr\/blog\/author\/flo\/\"}]}<\/script>\n<!-- \/ Yoast SEO Premium plugin. -->","yoast_head_json":{"title":"Rennes r\u00e9alise l'exploit face au PSG et remporte la Coupe de France","description":"Magnifiques Stade Rennais ! Les Bretons ont remport\u00e9 la Coupe du France aux tirs au but face au PSG (2-2, 6-5 t.a.b).","robots":{"index":"index","follow":"follow","max-snippet":"max-snippet:-1","max-image-preview":"max-image-preview:large","max-video-preview":"max-video-preview:-1"},"canonical":"https:\/\/dicodusport.fr\/blog\/rennes-realise-l-exploit-au-psg-et-remporte-la-coupe-de-france\/","og_locale":"fr_FR","og_type":"article","og_title":"Rennes r\u00e9alise l'exploit face au PSG et remporte la Coupe de France","og_description":"Magnifiques Stade Rennais ! Les Bretons ont remport\u00e9 la Coupe du France aux tirs au but face au PSG (2-2, 6-5 t.a.b).","og_url":"https:\/\/dicodusport.fr\/blog\/rennes-realise-l-exploit-au-psg-et-remporte-la-coupe-de-france\/","og_site_name":"Dicodusport","article_publisher":"https:\/\/www.facebook.com\/dicodusport","article_author":"https:\/\/www.facebook.com\/florent.ostermann","article_published_time":"2019-04-27T21:59:39+00:00","article_modified_time":"2019-04-28T00:43:25+00:00","og_image":[{"width":800,"height":445,"url":"https:\/\/dicodusport.fr\/blog\/wp-content\/uploads\/2019\/04\/Rennes-PSG-Coupe-du-France-2019.png","type":"image\/png"}],"author":"Flo Ostermann","twitter_card":"summary_large_image","twitter_creator":"@https:\/\/twitter.com\/FlOstermann","twitter_site":"@dicodusport","schema":{"@context":"https:\/\/schema.org","@graph":[{"@type":"NewsArticle","@id":"https:\/\/dicodusport.fr\/blog\/rennes-realise-l-exploit-au-psg-et-remporte-la-coupe-de-france\/#article","isPartOf":{"@id":"https:\/\/dicodusport.fr\/blog\/rennes-realise-l-exploit-au-psg-et-remporte-la-coupe-de-france\/"},"author":{"name":"Flo Ostermann","@id":"https:\/\/dicodusport.fr\/blog\/#\/schema\/person\/cb02af4c173ce4a653b55e9baf388d4a"},"headline":"Rennes r\u00e9alise l&rsquo;exploit face au PSG et remporte la Coupe de France","datePublished":"2019-04-27T21:59:39+00:00","dateModified":"2019-04-28T00:43:25+00:00","mainEntityOfPage":{"@id":"https:\/\/dicodusport.fr\/blog\/rennes-realise-l-exploit-au-psg-et-remporte-la-coupe-de-france\/"},"wordCount":426,"commentCount":0,"publisher":{"@id":"https:\/\/dicodusport.fr\/blog\/#organization"},"image":{"@id":"https:\/\/dicodusport.fr\/blog\/rennes-realise-l-exploit-au-psg-et-remporte-la-coupe-de-france\/#primaryimage"},"thumbnailUrl":"https:\/\/dicodusport.fr\/blog\/wp-content\/uploads\/2019\/04\/Rennes-PSG-Coupe-du-France-2019.png","keywords":["Coupe de France","Football","Paris","PSG","Rennes","Stade rennais"],"articleSection":["Actualit\u00e9s","Football"],"inLanguage":"fr-FR","potentialAction":[{"@type":"CommentAction","name":"Comment","target":["https:\/\/dicodusport.fr\/blog\/rennes-realise-l-exploit-au-psg-et-remporte-la-coupe-de-france\/#respond"]}],"copyrightYear":"2019","copyrightHolder":{"@id":"https:\/\/dicodusport.fr\/blog\/#organization"}},{"@type":"WebPage","@id":"https:\/\/dicodusport.fr\/blog\/rennes-realise-l-exploit-au-psg-et-remporte-la-coupe-de-france\/","url":"https:\/\/dicodusport.fr\/blog\/rennes-realise-l-exploit-au-psg-et-remporte-la-coupe-de-france\/","name":"Rennes r\u00e9alise l'exploit face au PSG et remporte la Coupe de France","isPartOf":{"@id":"https:\/\/dicodusport.fr\/blog\/#website"},"primaryImageOfPage":{"@id":"https:\/\/dicodusport.fr\/blog\/rennes-realise-l-exploit-au-psg-et-remporte-la-coupe-de-france\/#primaryimage"},"image":{"@id":"https:\/\/dicodusport.fr\/blog\/rennes-realise-l-exploit-au-psg-et-remporte-la-coupe-de-france\/#primaryimage"},"thumbnailUrl":"https:\/\/dicodusport.fr\/blog\/wp-content\/uploads\/2019\/04\/Rennes-PSG-Coupe-du-France-2019.png","datePublished":"2019-04-27T21:59:39+00:00","dateModified":"2019-04-28T00:43:25+00:00","description":"Magnifiques Stade Rennais ! Les Bretons ont remport\u00e9 la Coupe du France aux tirs au but face au PSG (2-2, 6-5 t.a.b).","breadcrumb":{"@id":"https:\/\/dicodusport.fr\/blog\/rennes-realise-l-exploit-au-psg-et-remporte-la-coupe-de-france\/#breadcrumb"},"inLanguage":"fr-FR","potentialAction":[{"@type":"ReadAction","target":["https:\/\/dicodusport.fr\/blog\/rennes-realise-l-exploit-au-psg-et-remporte-la-coupe-de-france\/"]}]},{"@type":"ImageObject","inLanguage":"fr-FR","@id":"https:\/\/dicodusport.fr\/blog\/rennes-realise-l-exploit-au-psg-et-remporte-la-coupe-de-france\/#primaryimage","url":"https:\/\/dicodusport.fr\/blog\/wp-content\/uploads\/2019\/04\/Rennes-PSG-Coupe-du-France-2019.png","contentUrl":"https:\/\/dicodusport.fr\/blog\/wp-content\/uploads\/2019\/04\/Rennes-PSG-Coupe-du-France-2019.png","width":800,"height":445},{"@type":"BreadcrumbList","@id":"https:\/\/dicodusport.fr\/blog\/rennes-realise-l-exploit-au-psg-et-remporte-la-coupe-de-france\/#breadcrumb","itemListElement":[{"@type":"ListItem","position":1,"name":"Accueil","item":"https:\/\/dicodusport.fr\/blog\/"},{"@type":"ListItem","position":2,"name":"Rennes r\u00e9alise l&rsquo;exploit face au PSG et remporte la Coupe de France"}]},{"@type":"WebSite","@id":"https:\/\/dicodusport.fr\/blog\/#website","url":"https:\/\/dicodusport.fr\/blog\/","name":"Dicodusport","description":"L&#039;encyclop\u00e9die de l&#039;actualit\u00e9 sportive","publisher":{"@id":"https:\/\/dicodusport.fr\/blog\/#organization"},"potentialAction":[{"@type":"SearchAction","target":{"@type":"EntryPoint","urlTemplate":"https:\/\/dicodusport.fr\/blog\/?s={search_term_string}"},"query-input":{"@type":"PropertyValueSpecification","valueRequired":true,"valueName":"search_term_string"}}],"inLanguage":"fr-FR"},{"@type":"NewsMediaOrganization","@id":"https:\/\/dicodusport.fr\/blog\/#organization","name":"Dicodusport","url":"https:\/\/dicodusport.fr\/blog\/","logo":{"@type":"ImageObject","inLanguage":"fr-FR","@id":"https:\/\/dicodusport.fr\/blog\/#\/schema\/logo\/image\/","url":"https:\/\/dicodusport.fr\/blog\/wp-content\/uploads\/2020\/06\/cropped-LOGO-DICODUSPORT-2020-SANS-FOND-SANS-TEXTE.png","contentUrl":"https:\/\/dicodusport.fr\/blog\/wp-content\/uploads\/2020\/06\/cropped-LOGO-DICODUSPORT-2020-SANS-FOND-SANS-TEXTE.png","width":512,"height":512,"caption":"Dicodusport"},"image":{"@id":"https:\/\/dicodusport.fr\/blog\/#\/schema\/logo\/image\/"},"sameAs":["https:\/\/www.facebook.com\/dicodusport","https:\/\/x.com\/dicodusport","https:\/\/www.instagram.com\/dicodusport\/","https:\/\/www.youtube.com\/channel\/UC7V2KZ5sd3htJivAbA4ZG3w"],"description":"Dicodusport est l'encyclop\u00e9die de l'actualit\u00e9 sportive.","email":"bonjour@dicodusport.fr","legalName":"DICODUSPORT","foundingDate":"2018-01-14","vatID":"FR71834470973","taxID":"83447097300043","numberOfEmployees":{"@type":"QuantitativeValue","minValue":"1","maxValue":"10"}},{"@type":"Person","@id":"https:\/\/dicodusport.fr\/blog\/#\/schema\/person\/cb02af4c173ce4a653b55e9baf388d4a","name":"Flo Ostermann","image":{"@type":"ImageObject","inLanguage":"fr-FR","@id":"https:\/\/dicodusport.fr\/blog\/#\/schema\/person\/image\/","url":"https:\/\/dicodusport.fr\/blog\/wp-content\/uploads\/2021\/05\/Flo-Ostermann-150x150.jpg","contentUrl":"https:\/\/dicodusport.fr\/blog\/wp-content\/uploads\/2021\/05\/Flo-Ostermann-150x150.jpg","caption":"Flo Ostermann"},"description":"Journaliste\/R\u00e9dacteur depuis septembre 2015 - Mes premiers souvenirs dans le sport ? Les envol\u00e9es du Stade Toulousain et les duels Villeneuve-Schumacher et H\u00e4kkinen-Schumacher \u00e0 la fin des ann\u00e9es 90, la Coupe du monde de football en 1998, l\u2019exploit du XV de France face aux All Blacks en 1999, mais aussi Richard C\u0153ur de Lion qui vole sur les montagnes du Tour de France. Bien parti pour devenir professeur d\u2019EPS, les \u00e9v\u00e9nements de la vie (et la flemme d\u2019animer des s\u00e9ances de 3x500 m\u00e8tres toute ma vie) m\u2019ont conduit \u00e0 revoir mes plans. Me voil\u00e0 depuis fin 2017 sur Dicodusport, m\u00e9dia gr\u00e2ce (et pour) lequel je partage ma passion : le sport dans tous ses \u00e9tats. Le tout accompagn\u00e9 par les fous furieux et folles furieuses cit\u00e9s sur cette page !","sameAs":["https:\/\/www.facebook.com\/florent.ostermann","https:\/\/x.com\/https:\/\/twitter.com\/FlOstermann","admin"],"url":"https:\/\/dicodusport.fr\/blog\/author\/flo\/"}]}},"_links":{"self":[{"href":"https:\/\/dicodusport.fr\/blog\/wp-json\/wp\/v2\/posts\/37946","targetHints":{"allow":["GET"]}}],"collection":[{"href":"https:\/\/dicodusport.fr\/blog\/wp-json\/wp\/v2\/posts"}],"about":[{"href":"https:\/\/dicodusport.fr\/blog\/wp-json\/wp\/v2\/types\/post"}],"author":[{"embeddable":true,"href":"https:\/\/dicodusport.fr\/blog\/wp-json\/wp\/v2\/users\/4"}],"replies":[{"embeddable":true,"href":"https:\/\/dicodusport.fr\/blog\/wp-json\/wp\/v2\/comments?post=37946"}],"version-history":[{"count":0,"href":"https:\/\/dicodusport.fr\/blog\/wp-json\/wp\/v2\/posts\/37946\/revisions"}],"wp:featuredmedia":[{"embeddable":true,"href":"https:\/\/dicodusport.fr\/blog\/wp-json\/wp\/v2\/media\/37953"}],"wp:attachment":[{"href":"https:\/\/dicodusport.fr\/blog\/wp-json\/wp\/v2\/media?parent=37946"}],"wp:term":[{"taxonomy":"category","embeddable":true,"href":"https:\/\/dicodusport.fr\/blog\/wp-json\/wp\/v2\/categories?post=37946"},{"taxonomy":"post_tag","embeddable":true,"href":"https:\/\/dicodusport.fr\/blog\/wp-json\/wp\/v2\/tags?post=37946"}],"curies":[{"name":"wp","href":"https:\/\/api.w.org\/{rel}","templated":true}]}}