{"id":379600,"date":"2023-05-08T09:00:51","date_gmt":"2023-05-08T07:00:51","guid":{"rendered":"https:\/\/dicodusport.fr\/blog\/?p=379600&#038;preview=true&#038;preview_id=379600"},"modified":"2023-05-07T21:59:49","modified_gmt":"2023-05-07T19:59:49","slug":"athletisme-enfin-la-bonne-annee-pour-shacarri-richardson","status":"publish","type":"post","link":"https:\/\/dicodusport.fr\/blog\/athletisme-enfin-la-bonne-annee-pour-shacarri-richardson\/","title":{"rendered":"Athl\u00e9tisme : Enfin la bonne ann\u00e9e pour Sha\u2019Carri Richardson ?"},"content":{"rendered":"<p style=\"text-align: justify;\" align=\"justify\"><em><strong>ATHL\u00c9TISME &#8211; Sha\u2019Carri Richardson r\u00e9alise un d\u00e9but de saison proche de la perfection. L&rsquo;Am\u00e9ricaine semble avoir progress\u00e9 durant l&rsquo;hiver et s&rsquo;avance en figure forte du sprint f\u00e9minin. Au point de battre les Jama\u00efcaines ? Possible.<\/strong><\/em><\/p>\n<p style=\"text-align: justify;\"><b>Sha\u2019Carri Richardson <\/b><span style=\"font-weight: 400;\">a-t-elle chang\u00e9 ? La sprinteuse texane a pu par le pass\u00e9 \u00eatre cat\u00e9goris\u00e9e comme provocatrice voire arrogante. Ce n\u2019est, en tout cas, pas ce qu\u2019elle montre sur ce d\u00e9but de saison estivale. Sa confiance en elle est intacte, l\u2019Am\u00e9ricaine est toujours aussi s\u00fbre de ses forces et le chrono le montre \u00e0 nouveau. Dans la tornade, en Floride, l\u2019athl\u00e8te de 23 ans a claqu\u00e9 le quatri\u00e8me chrono de l&rsquo;histoire (10.57, +4.1) pour sa rentr\u00e9e en 2023. <\/span><\/p>\n<blockquote class=\"twitter-tweet\">\n<p dir=\"ltr\" lang=\"en\">1\u20e30\u20e3.5\u20e37\u20e3<\/p>\n<p>What a stunning run from Sha&rsquo;Carri Richardson who lays down a huge marker in April with a time of 10.57 (4.1m\/s) to win the Miramar Invitational \ud83d\udd25\ud83c\uddfa\ud83c\uddf8<\/p>\n<p>That converts to 10.77 with a legal wind \ud83d\udca5<a href=\"https:\/\/twitter.com\/hashtag\/WorldContinentalTour?src=hash&amp;ref_src=twsrc%5Etfw\">#WorldContinentalTour<\/a> <a href=\"https:\/\/t.co\/7rSUZBH94i\">pic.twitter.com\/7rSUZBH94i<\/a><\/p>\n<p>\u2014 AW (@AthleticsWeekly) <a href=\"https:\/\/twitter.com\/AthleticsWeekly\/status\/1644756896673325057?ref_src=twsrc%5Etfw\">April 8, 2023<\/a><\/p><\/blockquote>\n<p style=\"text-align: justify;\"><script async src=\"https:\/\/platform.twitter.com\/widgets.js\" charset=\"utf-8\"><\/script><br \/>\n<span style=\"font-weight: 400;\"><a href=\"https:\/\/dicodusport.fr\/blog\/diamond-league-doha-2023-richardson-ceh-moon-les-resultats-complets\/\">Vendredi soir, \u00e0 Doha<\/a>, <\/span><b>Richardson<\/b><span style=\"font-weight: 400;\"> a couru en 10.76 remportant pour la premi\u00e8re fois de sa carri\u00e8re une manche de la Ligue de Diamant. Plus apais\u00e9e, mieux dans sa t\u00eate et mieux pr\u00e9par\u00e9e, <\/span><b>Sha\u2019Carri Richardson <\/b><span style=\"font-weight: 400;\">peut-elle \u00eatre championne du monde sur la distance reine cet \u00e9t\u00e9 ? La question m\u00e9rite d\u2019\u00eatre pos\u00e9e.<\/span><\/p>\n<h2 style=\"text-align: justify;\" align=\"justify\">Richardson et la concurrence jama\u00efcaine<\/h2>\n<p style=\"text-align: justify;\"><span style=\"font-weight: 400;\">L\u2019Am\u00e9ricaine n\u2019a pas \u00e9t\u00e9 vue de l\u2019hiver en comp\u00e9tition. Elle a continu\u00e9 de s\u2019entra\u00eener avec son coach <\/span><b>Dennis Mitchell<\/b><span style=\"font-weight: 400;\"> et le fruit de leur travail commence \u00e0 payer. Sur ses premi\u00e8res sorties, son explosivit\u00e9 est remarquable. La sprinteuse d\u20191m55 poss\u00e8de d\u00e9j\u00e0 des roquettes \u00e0 la place des jambes et cela d\u00e9but mai. <\/span><b>Pierre-Jean Vazel<\/b><span style=\"font-weight: 400;\">, ex-entra\u00eeneur de <\/span><b>Christine Arron<\/b><span style=\"font-weight: 400;\"> reconverti dans les lancers, d\u00e9crypte l\u2019attitude de la Texane : <\/span><\/p>\n<blockquote><p><span style=\"font-weight: 400;\">A partir de la mi-course, elle prend de plus en plus d\u2019avance et ne se crispe pas, comme \u00e7a a pu lui arriver par le pass\u00e9. Il y a une tr\u00e8s bonne fr\u00e9quence, avec sa technique un peu \u00e0 la Asafa Powell, une foul\u00e9e rasante en cycle avant.<\/span><\/p><\/blockquote>\n<p style=\"text-align: justify;\"><span style=\"font-weight: 400;\">En 2023, une athl\u00e8te courant pour la banni\u00e8re \u00e9toil\u00e9e pourrait rivaliser, voire battre, les Jama\u00efcaines. <\/span><b>Shericka Jackson <\/b><span style=\"font-weight: 400;\">n\u2019a pu que subir le finish d\u00e9vastateur de <\/span><b>Sha\u2019Carri Richardson<\/b><span style=\"font-weight: 400;\"> ce vendredi soir au Qatar. Pour le moment, <\/span><b>Elaine Thompson-Herah <\/b><span style=\"font-weight: 400;\">et <\/span><b>Shelly-Ann Fraser-Pryce <\/b><span style=\"font-weight: 400;\">n\u2019ont pas fait leur rentr\u00e9e, mais elles sont toutes les deux pr\u00e9venues. Rappelons que la championne NCAA 2019 est la seule am\u00e9ricaine sous les 10.80 depuis 2016. Personne depuis le trio <\/span><b>Gardner, Bartoletta <\/b><span style=\"font-weight: 400;\">et <a href=\"https:\/\/dicodusport.fr\/blog\/carnet-noir-tori-bowie-championne-du-monde-2017-du-100-m-est-morte\/\">la regrett\u00e9e <strong>Tori Bowie<\/strong><\/a> <\/span><span style=\"font-weight: 400;\">n\u2019ont couru plus vite que <\/span><b>Richardson <\/b><span style=\"font-weight: 400;\">sur ces sept derni\u00e8res ann\u00e9es, aux Etats-Unis.<\/span><\/p>\n<h2 style=\"text-align: justify;\" align=\"justify\">2023, ann\u00e9e de sa premi\u00e8re grande comp\u00e9tition ?<\/h2>\n<p style=\"text-align: justify;\"><span style=\"font-weight: 400;\">Pourtant, il y a une anomalie. Depuis qu\u2019elle est pass\u00e9e professionnelle, apr\u00e8s ses ann\u00e9es \u00e0 l\u2019universit\u00e9, la sprinteuse de Dallas n\u2019a particip\u00e9 \u00e0 aucune grande comp\u00e9tition officielle. Rattrap\u00e9e par un contr\u00f4le positif au cannabis, elle est suspendue durant les Jeux Olympiques de Tokyo. <\/span><b>Sha\u2019Carri Richardson <\/b><span style=\"font-weight: 400;\">va ensuite buter sur les redoutables US Trials. Pas de qualification pour les Mondiaux de Doha et rebelote l\u2019an pass\u00e9 o\u00f9 elle est sortie en s\u00e9ries du 100 m\u00e8tres avant de ne pas finir dans les trois premi\u00e8res sur 200 m\u00e8tres. Si la jeune Am\u00e9ricaine veut voir Budapest cet \u00e9t\u00e9, le passage par les s\u00e9lections dans son pays est une \u00e9tape obligatoire.\u00a0<\/span><\/p>\n<p style=\"text-align: justify;\"><b>Sha\u2019Carri Richardson <\/b><span style=\"font-weight: 400;\">montre sur ses trois premi\u00e8res courses qu\u2019elle peut \u00eatre r\u00e9guli\u00e8re. La sprinteuse de poche a montr\u00e9 par le pass\u00e9 que faire descendre les chronos n&rsquo;\u00e9tait pas un probl\u00e8me, mais sa consistance \u00e0 travers les mois laissait \u00e0 d\u00e9sirer. 10.75, 10.57 et 10.76 sont des temps lui permettant de monter sur n&rsquo;importe quel podium international. \u00c0 elle de r\u00e9pondre pr\u00e9sente et de montrer aux observateurs et \u00e0 ses adversaires que ce niveau-l\u00e0 est bien le sien.<\/span><\/p>\n","protected":false},"excerpt":{"rendered":"<p>ATHL\u00c9TISME &#8211; Sha\u2019Carri Richardson r\u00e9alise un d\u00e9but de saison proche de la perfection. L&rsquo;Am\u00e9ricaine semble avoir progresser durant l&rsquo;hiver et s&rsquo;avance en figure forte du sprint f\u00e9minin. Au point de battre les Jama\u00efcaines ? Possible.<\/p>\n","protected":false},"author":61,"featured_media":379963,"comment_status":"open","ping_status":"closed","sticky":false,"template":"","format":"standard","meta":{"_acf_changed":false,"_daextam_enable_autolinks":"","footnotes":""},"categories":[2308],"tags":[143,16878,4645,982],"class_list":["post-379600","post","type-post","status-publish","format-standard","has-post-thumbnail","hentry","category-athletisme","tag-athletisme","tag-breve","tag-ligue-de-diamant","tag-sprint"],"acf":[],"yoast_head":"<!-- This site is optimized with the Yoast SEO Premium plugin v26.7 (Yoast SEO v26.7) - https:\/\/yoast.com\/wordpress\/plugins\/seo\/ -->\n<title>Athl\u00e9tisme : Enfin la bonne ann\u00e9e pour Sha\u2019Carri Richardson ?<\/title>\n<meta name=\"description\" content=\"ATHL\u00c9TISME - Sha\u2019Carri Richardson semble avoir progresser durant l&#039;hiver et s&#039;avance en figure forte du sprint f\u00e9minin.\" \/>\n<meta name=\"robots\" content=\"index, follow, max-snippet:-1, max-image-preview:large, max-video-preview:-1\" \/>\n<link rel=\"canonical\" href=\"https:\/\/dicodusport.fr\/blog\/athletisme-enfin-la-bonne-annee-pour-shacarri-richardson\/\" \/>\n<meta property=\"og:locale\" content=\"fr_FR\" \/>\n<meta property=\"og:type\" content=\"article\" \/>\n<meta property=\"og:title\" content=\"Athl\u00e9tisme : Enfin la bonne ann\u00e9e pour Sha\u2019Carri Richardson ?\" \/>\n<meta property=\"og:description\" content=\"ATHL\u00c9TISME - Sha\u2019Carri Richardson semble avoir progresser durant l&#039;hiver et s&#039;avance en figure forte du sprint f\u00e9minin.\" \/>\n<meta property=\"og:url\" content=\"https:\/\/dicodusport.fr\/blog\/athletisme-enfin-la-bonne-annee-pour-shacarri-richardson\/\" \/>\n<meta property=\"og:site_name\" content=\"Dicodusport\" \/>\n<meta property=\"article:publisher\" content=\"https:\/\/www.facebook.com\/dicodusport\" \/>\n<meta property=\"article:published_time\" content=\"2023-05-08T07:00:51+00:00\" \/>\n<meta property=\"og:image\" content=\"https:\/\/dicodusport.fr\/blog\/wp-content\/uploads\/2023\/05\/Athletisme-Enfin-la-bonne-annee-pour-ShaCarri-Richardson.png\" \/>\n\t<meta property=\"og:image:width\" content=\"800\" \/>\n\t<meta property=\"og:image:height\" content=\"445\" \/>\n\t<meta property=\"og:image:type\" content=\"image\/png\" \/>\n<meta name=\"author\" content=\"Pierre Gorce\" \/>\n<meta name=\"twitter:card\" content=\"summary_large_image\" \/>\n<meta name=\"twitter:title\" content=\"Athl\u00e9tisme : Enfin la bonne ann\u00e9e pour Sha\u2019Carri Richardson ?\" \/>\n<meta name=\"twitter:creator\" content=\"@https:\/\/twitter.com\/pierregorce12\" \/>\n<meta name=\"twitter:site\" content=\"@dicodusport\" \/>\n<script type=\"application\/ld+json\" class=\"yoast-schema-graph\">{\"@context\":\"https:\/\/schema.org\",\"@graph\":[{\"@type\":\"NewsArticle\",\"@id\":\"https:\/\/dicodusport.fr\/blog\/athletisme-enfin-la-bonne-annee-pour-shacarri-richardson\/#article\",\"isPartOf\":{\"@id\":\"https:\/\/dicodusport.fr\/blog\/athletisme-enfin-la-bonne-annee-pour-shacarri-richardson\/\"},\"author\":{\"name\":\"Pierre Gorce\",\"@id\":\"https:\/\/dicodusport.fr\/blog\/#\/schema\/person\/0eaf70b33d703a1a66b1155ac1bda018\"},\"headline\":\"Athl\u00e9tisme : Enfin la bonne ann\u00e9e pour Sha\u2019Carri Richardson ?\",\"datePublished\":\"2023-05-08T07:00:51+00:00\",\"mainEntityOfPage\":{\"@id\":\"https:\/\/dicodusport.fr\/blog\/athletisme-enfin-la-bonne-annee-pour-shacarri-richardson\/\"},\"wordCount\":692,\"commentCount\":0,\"publisher\":{\"@id\":\"https:\/\/dicodusport.fr\/blog\/#organization\"},\"image\":{\"@id\":\"https:\/\/dicodusport.fr\/blog\/athletisme-enfin-la-bonne-annee-pour-shacarri-richardson\/#primaryimage\"},\"thumbnailUrl\":\"https:\/\/dicodusport.fr\/blog\/wp-content\/uploads\/2023\/05\/Athletisme-Enfin-la-bonne-annee-pour-ShaCarri-Richardson.png\",\"keywords\":[\"Athl\u00e9tisme\",\"br\u00e8ve\",\"Ligue de Diamant\",\"sprint\"],\"articleSection\":[\"Athl\u00e9tisme\"],\"inLanguage\":\"fr-FR\",\"potentialAction\":[{\"@type\":\"CommentAction\",\"name\":\"Comment\",\"target\":[\"https:\/\/dicodusport.fr\/blog\/athletisme-enfin-la-bonne-annee-pour-shacarri-richardson\/#respond\"]}],\"copyrightYear\":\"2023\",\"copyrightHolder\":{\"@id\":\"https:\/\/dicodusport.fr\/blog\/#organization\"}},{\"@type\":\"WebPage\",\"@id\":\"https:\/\/dicodusport.fr\/blog\/athletisme-enfin-la-bonne-annee-pour-shacarri-richardson\/\",\"url\":\"https:\/\/dicodusport.fr\/blog\/athletisme-enfin-la-bonne-annee-pour-shacarri-richardson\/\",\"name\":\"Athl\u00e9tisme : Enfin la bonne ann\u00e9e pour Sha\u2019Carri Richardson ?\",\"isPartOf\":{\"@id\":\"https:\/\/dicodusport.fr\/blog\/#website\"},\"primaryImageOfPage\":{\"@id\":\"https:\/\/dicodusport.fr\/blog\/athletisme-enfin-la-bonne-annee-pour-shacarri-richardson\/#primaryimage\"},\"image\":{\"@id\":\"https:\/\/dicodusport.fr\/blog\/athletisme-enfin-la-bonne-annee-pour-shacarri-richardson\/#primaryimage\"},\"thumbnailUrl\":\"https:\/\/dicodusport.fr\/blog\/wp-content\/uploads\/2023\/05\/Athletisme-Enfin-la-bonne-annee-pour-ShaCarri-Richardson.png\",\"datePublished\":\"2023-05-08T07:00:51+00:00\",\"description\":\"ATHL\u00c9TISME - Sha\u2019Carri Richardson semble avoir progresser durant l'hiver et s'avance en figure forte du sprint f\u00e9minin.\",\"breadcrumb\":{\"@id\":\"https:\/\/dicodusport.fr\/blog\/athletisme-enfin-la-bonne-annee-pour-shacarri-richardson\/#breadcrumb\"},\"inLanguage\":\"fr-FR\",\"potentialAction\":[{\"@type\":\"ReadAction\",\"target\":[\"https:\/\/dicodusport.fr\/blog\/athletisme-enfin-la-bonne-annee-pour-shacarri-richardson\/\"]}]},{\"@type\":\"ImageObject\",\"inLanguage\":\"fr-FR\",\"@id\":\"https:\/\/dicodusport.fr\/blog\/athletisme-enfin-la-bonne-annee-pour-shacarri-richardson\/#primaryimage\",\"url\":\"https:\/\/dicodusport.fr\/blog\/wp-content\/uploads\/2023\/05\/Athletisme-Enfin-la-bonne-annee-pour-ShaCarri-Richardson.png\",\"contentUrl\":\"https:\/\/dicodusport.fr\/blog\/wp-content\/uploads\/2023\/05\/Athletisme-Enfin-la-bonne-annee-pour-ShaCarri-Richardson.png\",\"width\":800,\"height\":445,\"caption\":\"Athl\u00e9tisme Enfin la bonne ann\u00e9e pour Sha\u2019Carri Richardson\"},{\"@type\":\"BreadcrumbList\",\"@id\":\"https:\/\/dicodusport.fr\/blog\/athletisme-enfin-la-bonne-annee-pour-shacarri-richardson\/#breadcrumb\",\"itemListElement\":[{\"@type\":\"ListItem\",\"position\":1,\"name\":\"Accueil\",\"item\":\"https:\/\/dicodusport.fr\/blog\/\"},{\"@type\":\"ListItem\",\"position\":2,\"name\":\"Athl\u00e9tisme : Enfin la bonne ann\u00e9e pour Sha\u2019Carri Richardson ?\"}]},{\"@type\":\"WebSite\",\"@id\":\"https:\/\/dicodusport.fr\/blog\/#website\",\"url\":\"https:\/\/dicodusport.fr\/blog\/\",\"name\":\"Dicodusport\",\"description\":\"L&#039;encyclop\u00e9die de l&#039;actualit\u00e9 sportive\",\"publisher\":{\"@id\":\"https:\/\/dicodusport.fr\/blog\/#organization\"},\"potentialAction\":[{\"@type\":\"SearchAction\",\"target\":{\"@type\":\"EntryPoint\",\"urlTemplate\":\"https:\/\/dicodusport.fr\/blog\/?s={search_term_string}\"},\"query-input\":{\"@type\":\"PropertyValueSpecification\",\"valueRequired\":true,\"valueName\":\"search_term_string\"}}],\"inLanguage\":\"fr-FR\"},{\"@type\":\"NewsMediaOrganization\",\"@id\":\"https:\/\/dicodusport.fr\/blog\/#organization\",\"name\":\"Dicodusport\",\"url\":\"https:\/\/dicodusport.fr\/blog\/\",\"logo\":{\"@type\":\"ImageObject\",\"inLanguage\":\"fr-FR\",\"@id\":\"https:\/\/dicodusport.fr\/blog\/#\/schema\/logo\/image\/\",\"url\":\"https:\/\/dicodusport.fr\/blog\/wp-content\/uploads\/2020\/06\/cropped-LOGO-DICODUSPORT-2020-SANS-FOND-SANS-TEXTE.png\",\"contentUrl\":\"https:\/\/dicodusport.fr\/blog\/wp-content\/uploads\/2020\/06\/cropped-LOGO-DICODUSPORT-2020-SANS-FOND-SANS-TEXTE.png\",\"width\":512,\"height\":512,\"caption\":\"Dicodusport\"},\"image\":{\"@id\":\"https:\/\/dicodusport.fr\/blog\/#\/schema\/logo\/image\/\"},\"sameAs\":[\"https:\/\/www.facebook.com\/dicodusport\",\"https:\/\/x.com\/dicodusport\",\"https:\/\/www.instagram.com\/dicodusport\/\",\"https:\/\/www.youtube.com\/channel\/UC7V2KZ5sd3htJivAbA4ZG3w\"],\"description\":\"Dicodusport est l'encyclop\u00e9die de l'actualit\u00e9 sportive.\",\"email\":\"bonjour@dicodusport.fr\",\"legalName\":\"DICODUSPORT\",\"foundingDate\":\"2018-01-14\",\"vatID\":\"FR71834470973\",\"taxID\":\"83447097300043\",\"numberOfEmployees\":{\"@type\":\"QuantitativeValue\",\"minValue\":\"1\",\"maxValue\":\"10\"}},{\"@type\":\"Person\",\"@id\":\"https:\/\/dicodusport.fr\/blog\/#\/schema\/person\/0eaf70b33d703a1a66b1155ac1bda018\",\"name\":\"Pierre Gorce\",\"image\":{\"@type\":\"ImageObject\",\"inLanguage\":\"fr-FR\",\"@id\":\"https:\/\/dicodusport.fr\/blog\/#\/schema\/person\/image\/\",\"url\":\"https:\/\/dicodusport.fr\/blog\/wp-content\/uploads\/2022\/03\/IMG_20211214_233053_722-150x150.jpg\",\"contentUrl\":\"https:\/\/dicodusport.fr\/blog\/wp-content\/uploads\/2022\/03\/IMG_20211214_233053_722-150x150.jpg\",\"caption\":\"Pierre Gorce\"},\"description\":\"Couteau suisse venant tout droit de Haute-Savoie. Habitu\u00e9 \u00e0 regarder du sport depuis petit, j'en ai maintenant fait mon m\u00e9tier. Des sports d'hiver au surf, en passant par le tennis, la F1, le handball et l'athl\u00e9tisme, j'essaie d'avoir mes yeux sur l'enti\u00e8ret\u00e9 de l'actualit\u00e9. Jeune homme berc\u00e9 par les exploits de Jean-Baptiste Grange, Sebastian Vettel et des Experts. Membre de la g\u00e9n\u00e9ration 1999 comme Luka Doncic, Sydney McLaughlin, Lando Norris et Loana Lecomte, mais avec beaucoup moins de talent qu'eux.\",\"sameAs\":[\"https:\/\/x.com\/https:\/\/twitter.com\/pierregorce12\"],\"birthDate\":\"1999-08-29\",\"url\":\"https:\/\/dicodusport.fr\/blog\/author\/pierreg\/\"}]}<\/script>\n<!-- \/ Yoast SEO Premium plugin. -->","yoast_head_json":{"title":"Athl\u00e9tisme : Enfin la bonne ann\u00e9e pour Sha\u2019Carri Richardson ?","description":"ATHL\u00c9TISME - Sha\u2019Carri Richardson semble avoir progresser durant l'hiver et s'avance en figure forte du sprint f\u00e9minin.","robots":{"index":"index","follow":"follow","max-snippet":"max-snippet:-1","max-image-preview":"max-image-preview:large","max-video-preview":"max-video-preview:-1"},"canonical":"https:\/\/dicodusport.fr\/blog\/athletisme-enfin-la-bonne-annee-pour-shacarri-richardson\/","og_locale":"fr_FR","og_type":"article","og_title":"Athl\u00e9tisme : Enfin la bonne ann\u00e9e pour Sha\u2019Carri Richardson ?","og_description":"ATHL\u00c9TISME - Sha\u2019Carri Richardson semble avoir progresser durant l'hiver et s'avance en figure forte du sprint f\u00e9minin.","og_url":"https:\/\/dicodusport.fr\/blog\/athletisme-enfin-la-bonne-annee-pour-shacarri-richardson\/","og_site_name":"Dicodusport","article_publisher":"https:\/\/www.facebook.com\/dicodusport","article_published_time":"2023-05-08T07:00:51+00:00","og_image":[{"width":800,"height":445,"url":"https:\/\/dicodusport.fr\/blog\/wp-content\/uploads\/2023\/05\/Athletisme-Enfin-la-bonne-annee-pour-ShaCarri-Richardson.png","type":"image\/png"}],"author":"Pierre Gorce","twitter_card":"summary_large_image","twitter_title":"Athl\u00e9tisme : Enfin la bonne ann\u00e9e pour Sha\u2019Carri Richardson ?","twitter_creator":"@https:\/\/twitter.com\/pierregorce12","twitter_site":"@dicodusport","schema":{"@context":"https:\/\/schema.org","@graph":[{"@type":"NewsArticle","@id":"https:\/\/dicodusport.fr\/blog\/athletisme-enfin-la-bonne-annee-pour-shacarri-richardson\/#article","isPartOf":{"@id":"https:\/\/dicodusport.fr\/blog\/athletisme-enfin-la-bonne-annee-pour-shacarri-richardson\/"},"author":{"name":"Pierre Gorce","@id":"https:\/\/dicodusport.fr\/blog\/#\/schema\/person\/0eaf70b33d703a1a66b1155ac1bda018"},"headline":"Athl\u00e9tisme : Enfin la bonne ann\u00e9e pour Sha\u2019Carri Richardson ?","datePublished":"2023-05-08T07:00:51+00:00","mainEntityOfPage":{"@id":"https:\/\/dicodusport.fr\/blog\/athletisme-enfin-la-bonne-annee-pour-shacarri-richardson\/"},"wordCount":692,"commentCount":0,"publisher":{"@id":"https:\/\/dicodusport.fr\/blog\/#organization"},"image":{"@id":"https:\/\/dicodusport.fr\/blog\/athletisme-enfin-la-bonne-annee-pour-shacarri-richardson\/#primaryimage"},"thumbnailUrl":"https:\/\/dicodusport.fr\/blog\/wp-content\/uploads\/2023\/05\/Athletisme-Enfin-la-bonne-annee-pour-ShaCarri-Richardson.png","keywords":["Athl\u00e9tisme","br\u00e8ve","Ligue de Diamant","sprint"],"articleSection":["Athl\u00e9tisme"],"inLanguage":"fr-FR","potentialAction":[{"@type":"CommentAction","name":"Comment","target":["https:\/\/dicodusport.fr\/blog\/athletisme-enfin-la-bonne-annee-pour-shacarri-richardson\/#respond"]}],"copyrightYear":"2023","copyrightHolder":{"@id":"https:\/\/dicodusport.fr\/blog\/#organization"}},{"@type":"WebPage","@id":"https:\/\/dicodusport.fr\/blog\/athletisme-enfin-la-bonne-annee-pour-shacarri-richardson\/","url":"https:\/\/dicodusport.fr\/blog\/athletisme-enfin-la-bonne-annee-pour-shacarri-richardson\/","name":"Athl\u00e9tisme : Enfin la bonne ann\u00e9e pour Sha\u2019Carri Richardson ?","isPartOf":{"@id":"https:\/\/dicodusport.fr\/blog\/#website"},"primaryImageOfPage":{"@id":"https:\/\/dicodusport.fr\/blog\/athletisme-enfin-la-bonne-annee-pour-shacarri-richardson\/#primaryimage"},"image":{"@id":"https:\/\/dicodusport.fr\/blog\/athletisme-enfin-la-bonne-annee-pour-shacarri-richardson\/#primaryimage"},"thumbnailUrl":"https:\/\/dicodusport.fr\/blog\/wp-content\/uploads\/2023\/05\/Athletisme-Enfin-la-bonne-annee-pour-ShaCarri-Richardson.png","datePublished":"2023-05-08T07:00:51+00:00","description":"ATHL\u00c9TISME - Sha\u2019Carri Richardson semble avoir progresser durant l'hiver et s'avance en figure forte du sprint f\u00e9minin.","breadcrumb":{"@id":"https:\/\/dicodusport.fr\/blog\/athletisme-enfin-la-bonne-annee-pour-shacarri-richardson\/#breadcrumb"},"inLanguage":"fr-FR","potentialAction":[{"@type":"ReadAction","target":["https:\/\/dicodusport.fr\/blog\/athletisme-enfin-la-bonne-annee-pour-shacarri-richardson\/"]}]},{"@type":"ImageObject","inLanguage":"fr-FR","@id":"https:\/\/dicodusport.fr\/blog\/athletisme-enfin-la-bonne-annee-pour-shacarri-richardson\/#primaryimage","url":"https:\/\/dicodusport.fr\/blog\/wp-content\/uploads\/2023\/05\/Athletisme-Enfin-la-bonne-annee-pour-ShaCarri-Richardson.png","contentUrl":"https:\/\/dicodusport.fr\/blog\/wp-content\/uploads\/2023\/05\/Athletisme-Enfin-la-bonne-annee-pour-ShaCarri-Richardson.png","width":800,"height":445,"caption":"Athl\u00e9tisme Enfin la bonne ann\u00e9e pour Sha\u2019Carri Richardson"},{"@type":"BreadcrumbList","@id":"https:\/\/dicodusport.fr\/blog\/athletisme-enfin-la-bonne-annee-pour-shacarri-richardson\/#breadcrumb","itemListElement":[{"@type":"ListItem","position":1,"name":"Accueil","item":"https:\/\/dicodusport.fr\/blog\/"},{"@type":"ListItem","position":2,"name":"Athl\u00e9tisme : Enfin la bonne ann\u00e9e pour Sha\u2019Carri Richardson ?"}]},{"@type":"WebSite","@id":"https:\/\/dicodusport.fr\/blog\/#website","url":"https:\/\/dicodusport.fr\/blog\/","name":"Dicodusport","description":"L&#039;encyclop\u00e9die de l&#039;actualit\u00e9 sportive","publisher":{"@id":"https:\/\/dicodusport.fr\/blog\/#organization"},"potentialAction":[{"@type":"SearchAction","target":{"@type":"EntryPoint","urlTemplate":"https:\/\/dicodusport.fr\/blog\/?s={search_term_string}"},"query-input":{"@type":"PropertyValueSpecification","valueRequired":true,"valueName":"search_term_string"}}],"inLanguage":"fr-FR"},{"@type":"NewsMediaOrganization","@id":"https:\/\/dicodusport.fr\/blog\/#organization","name":"Dicodusport","url":"https:\/\/dicodusport.fr\/blog\/","logo":{"@type":"ImageObject","inLanguage":"fr-FR","@id":"https:\/\/dicodusport.fr\/blog\/#\/schema\/logo\/image\/","url":"https:\/\/dicodusport.fr\/blog\/wp-content\/uploads\/2020\/06\/cropped-LOGO-DICODUSPORT-2020-SANS-FOND-SANS-TEXTE.png","contentUrl":"https:\/\/dicodusport.fr\/blog\/wp-content\/uploads\/2020\/06\/cropped-LOGO-DICODUSPORT-2020-SANS-FOND-SANS-TEXTE.png","width":512,"height":512,"caption":"Dicodusport"},"image":{"@id":"https:\/\/dicodusport.fr\/blog\/#\/schema\/logo\/image\/"},"sameAs":["https:\/\/www.facebook.com\/dicodusport","https:\/\/x.com\/dicodusport","https:\/\/www.instagram.com\/dicodusport\/","https:\/\/www.youtube.com\/channel\/UC7V2KZ5sd3htJivAbA4ZG3w"],"description":"Dicodusport est l'encyclop\u00e9die de l'actualit\u00e9 sportive.","email":"bonjour@dicodusport.fr","legalName":"DICODUSPORT","foundingDate":"2018-01-14","vatID":"FR71834470973","taxID":"83447097300043","numberOfEmployees":{"@type":"QuantitativeValue","minValue":"1","maxValue":"10"}},{"@type":"Person","@id":"https:\/\/dicodusport.fr\/blog\/#\/schema\/person\/0eaf70b33d703a1a66b1155ac1bda018","name":"Pierre Gorce","image":{"@type":"ImageObject","inLanguage":"fr-FR","@id":"https:\/\/dicodusport.fr\/blog\/#\/schema\/person\/image\/","url":"https:\/\/dicodusport.fr\/blog\/wp-content\/uploads\/2022\/03\/IMG_20211214_233053_722-150x150.jpg","contentUrl":"https:\/\/dicodusport.fr\/blog\/wp-content\/uploads\/2022\/03\/IMG_20211214_233053_722-150x150.jpg","caption":"Pierre Gorce"},"description":"Couteau suisse venant tout droit de Haute-Savoie. Habitu\u00e9 \u00e0 regarder du sport depuis petit, j'en ai maintenant fait mon m\u00e9tier. Des sports d'hiver au surf, en passant par le tennis, la F1, le handball et l'athl\u00e9tisme, j'essaie d'avoir mes yeux sur l'enti\u00e8ret\u00e9 de l'actualit\u00e9. Jeune homme berc\u00e9 par les exploits de Jean-Baptiste Grange, Sebastian Vettel et des Experts. Membre de la g\u00e9n\u00e9ration 1999 comme Luka Doncic, Sydney McLaughlin, Lando Norris et Loana Lecomte, mais avec beaucoup moins de talent qu'eux.","sameAs":["https:\/\/x.com\/https:\/\/twitter.com\/pierregorce12"],"birthDate":"1999-08-29","url":"https:\/\/dicodusport.fr\/blog\/author\/pierreg\/"}]}},"_links":{"self":[{"href":"https:\/\/dicodusport.fr\/blog\/wp-json\/wp\/v2\/posts\/379600","targetHints":{"allow":["GET"]}}],"collection":[{"href":"https:\/\/dicodusport.fr\/blog\/wp-json\/wp\/v2\/posts"}],"about":[{"href":"https:\/\/dicodusport.fr\/blog\/wp-json\/wp\/v2\/types\/post"}],"author":[{"embeddable":true,"href":"https:\/\/dicodusport.fr\/blog\/wp-json\/wp\/v2\/users\/61"}],"replies":[{"embeddable":true,"href":"https:\/\/dicodusport.fr\/blog\/wp-json\/wp\/v2\/comments?post=379600"}],"version-history":[{"count":0,"href":"https:\/\/dicodusport.fr\/blog\/wp-json\/wp\/v2\/posts\/379600\/revisions"}],"wp:featuredmedia":[{"embeddable":true,"href":"https:\/\/dicodusport.fr\/blog\/wp-json\/wp\/v2\/media\/379963"}],"wp:attachment":[{"href":"https:\/\/dicodusport.fr\/blog\/wp-json\/wp\/v2\/media?parent=379600"}],"wp:term":[{"taxonomy":"category","embeddable":true,"href":"https:\/\/dicodusport.fr\/blog\/wp-json\/wp\/v2\/categories?post=379600"},{"taxonomy":"post_tag","embeddable":true,"href":"https:\/\/dicodusport.fr\/blog\/wp-json\/wp\/v2\/tags?post=379600"}],"curies":[{"name":"wp","href":"https:\/\/api.w.org\/{rel}","templated":true}]}}