{"id":37966,"date":"2019-04-28T10:20:21","date_gmt":"2019-04-28T08:20:21","guid":{"rendered":"http:\/\/dicodusport.fr\/blog\/?p=37966"},"modified":"2019-05-04T13:06:09","modified_gmt":"2019-05-04T11:06:09","slug":"tour-de-romandie-2019-le-profil-des-etapes","status":"publish","type":"post","link":"https:\/\/dicodusport.fr\/blog\/tour-de-romandie-2019-le-profil-des-etapes\/","title":{"rendered":"Tour de Romandie 2019 : le profil des \u00e9tapes"},"content":{"rendered":"<p style=\"text-align: justify;\"><em><strong><a href=\"https:\/\/www.tourderomandie.ch\/\" target=\"_blank\" rel=\"noopener\">La 73\u00e8me \u00e9dition du Tour de Romandie<\/a> se d\u00e9roulera entre le 30 avril et le 5 mai prochain, sur un parcours montagneux. Le profil du prologue et des 5 \u00e9tapes.<br \/>\n<\/strong><\/em><\/p>\n<h1>Prologue : Neuch\u00e2tel &#8211; Neuch\u00e2tel (mardi 30 avril)<\/h1>\n<div id=\"attachment_37972\" style=\"width: 1810px\" class=\"wp-caption aligncenter\"><img loading=\"lazy\" decoding=\"async\" aria-describedby=\"caption-attachment-37972\" class=\"wp-image-37972 size-full\" src=\"http:\/\/dicodusport.fr\/blog\/wp-content\/uploads\/2019\/04\/Prologue-Tour-de-Romandie-2019-Neuch\u00e2tel-Neuch\u00e2tel.jpg\" alt=\"\" width=\"1800\" height=\"1267\" srcset=\"https:\/\/dicodusport.fr\/blog\/wp-content\/uploads\/2019\/04\/Prologue-Tour-de-Romandie-2019-Neuch\u00e2tel-Neuch\u00e2tel.jpg 1800w, https:\/\/dicodusport.fr\/blog\/wp-content\/uploads\/2019\/04\/Prologue-Tour-de-Romandie-2019-Neuch\u00e2tel-Neuch\u00e2tel-300x211.jpg 300w, https:\/\/dicodusport.fr\/blog\/wp-content\/uploads\/2019\/04\/Prologue-Tour-de-Romandie-2019-Neuch\u00e2tel-Neuch\u00e2tel-768x541.jpg 768w, https:\/\/dicodusport.fr\/blog\/wp-content\/uploads\/2019\/04\/Prologue-Tour-de-Romandie-2019-Neuch\u00e2tel-Neuch\u00e2tel-1024x721.jpg 1024w\" sizes=\"auto, (max-width: 1800px) 100vw, 1800px\" \/><p id=\"caption-attachment-37972\" class=\"wp-caption-text\">Prologue &#8211; Tour de Romandie 2019 &#8211; Neuch\u00e2tel &#8211; Neuch\u00e2tel<\/p><\/div>\n<p style=\"text-align: center;\"><a href=\"http:\/\/dicodusport.fr\/blog\/tour-de-romandie-2019-le-profil-des-etapes\/2\/#deux\" class=\"su-button su-button-style-flat\" style=\"color:#FFFFFF;background-color:#005f9b;border-color:#004c7c;border-radius:4px\" target=\"_self\"><span style=\"color:#FFFFFF;padding:0px 20px;font-size:16px;line-height:32px;border-color:#4d8fb9;border-radius:4px;text-shadow:none\"> Premi\u00e8re \u00e9tape<\/span><\/a><!--nextpage--><\/p>\n<h1><a id=\"deux\"><\/a>1\u00e8re \u00e9tape : Neuch\u00e2tel &#8211; La Chaux-de-Fonds (mercredi 1er mai)<\/h1>\n<div id=\"attachment_37967\" style=\"width: 1810px\" class=\"wp-caption aligncenter\"><img loading=\"lazy\" decoding=\"async\" aria-describedby=\"caption-attachment-37967\" class=\"wp-image-37967 size-full\" src=\"http:\/\/dicodusport.fr\/blog\/wp-content\/uploads\/2019\/04\/1\u00e8re-\u00e9tape-Tour-de-Romandie-2019-Neuch\u00e2tel-La-Chaux-de-Fonds.jpg\" alt=\"\" width=\"1800\" height=\"1269\" srcset=\"https:\/\/dicodusport.fr\/blog\/wp-content\/uploads\/2019\/04\/1\u00e8re-\u00e9tape-Tour-de-Romandie-2019-Neuch\u00e2tel-La-Chaux-de-Fonds.jpg 1800w, https:\/\/dicodusport.fr\/blog\/wp-content\/uploads\/2019\/04\/1\u00e8re-\u00e9tape-Tour-de-Romandie-2019-Neuch\u00e2tel-La-Chaux-de-Fonds-300x212.jpg 300w, https:\/\/dicodusport.fr\/blog\/wp-content\/uploads\/2019\/04\/1\u00e8re-\u00e9tape-Tour-de-Romandie-2019-Neuch\u00e2tel-La-Chaux-de-Fonds-768x541.jpg 768w, https:\/\/dicodusport.fr\/blog\/wp-content\/uploads\/2019\/04\/1\u00e8re-\u00e9tape-Tour-de-Romandie-2019-Neuch\u00e2tel-La-Chaux-de-Fonds-1024x722.jpg 1024w\" sizes=\"auto, (max-width: 1800px) 100vw, 1800px\" \/><p id=\"caption-attachment-37967\" class=\"wp-caption-text\">1\u00e8re \u00e9tape &#8211; Tour de Romandie 2019 &#8211; Neuch\u00e2tel &#8211; La Chaux-de-Fonds<\/p><\/div>\n<p style=\"text-align: center;\"><a href=\"http:\/\/dicodusport.fr\/blog\/tour-de-romandie-2019-le-profil-des-etapes\/3\/#trois\" class=\"su-button su-button-style-flat\" style=\"color:#FFFFFF;background-color:#005f9b;border-color:#004c7c;border-radius:4px\" target=\"_self\"><span style=\"color:#FFFFFF;padding:0px 20px;font-size:16px;line-height:32px;border-color:#4d8fb9;border-radius:4px;text-shadow:none\"> Deuxi\u00e8me \u00e9tape<\/span><\/a>\n<p><!--nextpage--><\/p>\n<h1><a id=\"trois\"><\/a>2\u00e8me \u00e9tape : Le Locle &#8211; Morges (jeudi 2 mai)<\/h1>\n<div id=\"attachment_37968\" style=\"width: 1810px\" class=\"wp-caption aligncenter\"><img loading=\"lazy\" decoding=\"async\" aria-describedby=\"caption-attachment-37968\" class=\"wp-image-37968 size-full\" src=\"http:\/\/dicodusport.fr\/blog\/wp-content\/uploads\/2019\/04\/2\u00e8me-\u00e9tape-Tour-de-Romandie-2019-Le-Locle-Morges.jpg\" alt=\"\" width=\"1800\" height=\"1269\" srcset=\"https:\/\/dicodusport.fr\/blog\/wp-content\/uploads\/2019\/04\/2\u00e8me-\u00e9tape-Tour-de-Romandie-2019-Le-Locle-Morges.jpg 1800w, https:\/\/dicodusport.fr\/blog\/wp-content\/uploads\/2019\/04\/2\u00e8me-\u00e9tape-Tour-de-Romandie-2019-Le-Locle-Morges-300x212.jpg 300w, https:\/\/dicodusport.fr\/blog\/wp-content\/uploads\/2019\/04\/2\u00e8me-\u00e9tape-Tour-de-Romandie-2019-Le-Locle-Morges-768x541.jpg 768w, https:\/\/dicodusport.fr\/blog\/wp-content\/uploads\/2019\/04\/2\u00e8me-\u00e9tape-Tour-de-Romandie-2019-Le-Locle-Morges-1024x722.jpg 1024w\" sizes=\"auto, (max-width: 1800px) 100vw, 1800px\" \/><p id=\"caption-attachment-37968\" class=\"wp-caption-text\">2\u00e8me \u00e9tape &#8211; Tour de Romandie 2019 &#8211; Le Locle &#8211; Morges<\/p><\/div>\n<p style=\"text-align: center;\"><a href=\"http:\/\/dicodusport.fr\/blog\/tour-de-romandie-2019-le-profil-des-etapes\/4\/#quatre\" class=\"su-button su-button-style-flat\" style=\"color:#FFFFFF;background-color:#005f9b;border-color:#004c7c;border-radius:4px\" target=\"_self\"><span style=\"color:#FFFFFF;padding:0px 20px;font-size:16px;line-height:32px;border-color:#4d8fb9;border-radius:4px;text-shadow:none\"> Troisi\u00e8me \u00e9tape<\/span><\/a>\n<p><!--nextpage--><\/p>\n<h1><a id=\"quatre\"><\/a>3\u00e8me \u00e9tape : Romont &#8211; Romont (vendredi 3 mai)<\/h1>\n<div id=\"attachment_37969\" style=\"width: 1810px\" class=\"wp-caption aligncenter\"><img loading=\"lazy\" decoding=\"async\" aria-describedby=\"caption-attachment-37969\" class=\"wp-image-37969 size-full\" src=\"http:\/\/dicodusport.fr\/blog\/wp-content\/uploads\/2019\/04\/3\u00e8me-\u00e9tape-Tour-de-Romandie-2019-Romont-Romont.jpg\" alt=\"\" width=\"1800\" height=\"1269\" srcset=\"https:\/\/dicodusport.fr\/blog\/wp-content\/uploads\/2019\/04\/3\u00e8me-\u00e9tape-Tour-de-Romandie-2019-Romont-Romont.jpg 1800w, https:\/\/dicodusport.fr\/blog\/wp-content\/uploads\/2019\/04\/3\u00e8me-\u00e9tape-Tour-de-Romandie-2019-Romont-Romont-300x212.jpg 300w, https:\/\/dicodusport.fr\/blog\/wp-content\/uploads\/2019\/04\/3\u00e8me-\u00e9tape-Tour-de-Romandie-2019-Romont-Romont-768x541.jpg 768w, https:\/\/dicodusport.fr\/blog\/wp-content\/uploads\/2019\/04\/3\u00e8me-\u00e9tape-Tour-de-Romandie-2019-Romont-Romont-1024x722.jpg 1024w\" sizes=\"auto, (max-width: 1800px) 100vw, 1800px\" \/><p id=\"caption-attachment-37969\" class=\"wp-caption-text\">3\u00e8me \u00e9tape &#8211; Tour de Romandie 2019 &#8211; Romont &#8211; Romont<\/p><\/div>\n<p style=\"text-align: center;\"><a href=\"http:\/\/dicodusport.fr\/blog\/tour-de-romandie-2019-le-profil-des-etapes\/5\/#cinq\" class=\"su-button su-button-style-flat\" style=\"color:#FFFFFF;background-color:#005f9b;border-color:#004c7c;border-radius:4px\" target=\"_self\"><span style=\"color:#FFFFFF;padding:0px 20px;font-size:16px;line-height:32px;border-color:#4d8fb9;border-radius:4px;text-shadow:none\"> Quatri\u00e8me \u00e9tape<\/span><\/a>\n<p><!--nextpage--><\/p>\n<h1><a id=\"cinq\"><\/a>4\u00e8me \u00e9tape : Lucens &#8211; Torgon (samedi 4 mai)<\/h1>\n<div id=\"attachment_38463\" style=\"width: 1442px\" class=\"wp-caption aligncenter\"><img loading=\"lazy\" decoding=\"async\" aria-describedby=\"caption-attachment-38463\" class=\"wp-image-38463 size-full\" src=\"http:\/\/dicodusport.fr\/blog\/wp-content\/uploads\/2019\/04\/4\u00e8me-\u00e9tape-Tour-de-Romandie-2019.jpg\" alt=\"\" width=\"1432\" height=\"854\" srcset=\"https:\/\/dicodusport.fr\/blog\/wp-content\/uploads\/2019\/04\/4\u00e8me-\u00e9tape-Tour-de-Romandie-2019.jpg 1432w, https:\/\/dicodusport.fr\/blog\/wp-content\/uploads\/2019\/04\/4\u00e8me-\u00e9tape-Tour-de-Romandie-2019-300x179.jpg 300w, https:\/\/dicodusport.fr\/blog\/wp-content\/uploads\/2019\/04\/4\u00e8me-\u00e9tape-Tour-de-Romandie-2019-768x458.jpg 768w, https:\/\/dicodusport.fr\/blog\/wp-content\/uploads\/2019\/04\/4\u00e8me-\u00e9tape-Tour-de-Romandie-2019-1024x611.jpg 1024w\" sizes=\"auto, (max-width: 1432px) 100vw, 1432px\" \/><p id=\"caption-attachment-38463\" class=\"wp-caption-text\">4\u00e8me \u00e9tape Tour de Romandie 2019<\/p><\/div>\n<p style=\"text-align: center;\"><a href=\"http:\/\/dicodusport.fr\/blog\/tour-de-romandie-2019-le-profil-des-etapes\/6\/#six\" class=\"su-button su-button-style-flat\" style=\"color:#FFFFFF;background-color:#005f9b;border-color:#004c7c;border-radius:4px\" target=\"_self\"><span style=\"color:#FFFFFF;padding:0px 20px;font-size:16px;line-height:32px;border-color:#4d8fb9;border-radius:4px;text-shadow:none\"> Cinqui\u00e8me \u00e9tape<\/span><\/a>\n<p><!--nextpage--><\/p>\n<h1><a id=\"six\"><\/a>5\u00e8me \u00e9tape (CLM) : Gen\u00e8ve &#8211; Gen\u00e8ve (dimanche 5 mai)<\/h1>\n<div id=\"attachment_37971\" style=\"width: 1810px\" class=\"wp-caption aligncenter\"><img loading=\"lazy\" decoding=\"async\" aria-describedby=\"caption-attachment-37971\" class=\"wp-image-37971 size-full\" src=\"http:\/\/dicodusport.fr\/blog\/wp-content\/uploads\/2019\/04\/5\u00e8me-\u00e9tape-Tour-de-Romandie-2019-Gen\u00e8ve-Gen\u00e8ve.jpg\" alt=\"\" width=\"1800\" height=\"1269\" srcset=\"https:\/\/dicodusport.fr\/blog\/wp-content\/uploads\/2019\/04\/5\u00e8me-\u00e9tape-Tour-de-Romandie-2019-Gen\u00e8ve-Gen\u00e8ve.jpg 1800w, https:\/\/dicodusport.fr\/blog\/wp-content\/uploads\/2019\/04\/5\u00e8me-\u00e9tape-Tour-de-Romandie-2019-Gen\u00e8ve-Gen\u00e8ve-300x212.jpg 300w, https:\/\/dicodusport.fr\/blog\/wp-content\/uploads\/2019\/04\/5\u00e8me-\u00e9tape-Tour-de-Romandie-2019-Gen\u00e8ve-Gen\u00e8ve-768x541.jpg 768w, https:\/\/dicodusport.fr\/blog\/wp-content\/uploads\/2019\/04\/5\u00e8me-\u00e9tape-Tour-de-Romandie-2019-Gen\u00e8ve-Gen\u00e8ve-1024x722.jpg 1024w\" sizes=\"auto, (max-width: 1800px) 100vw, 1800px\" \/><p id=\"caption-attachment-37971\" class=\"wp-caption-text\">5\u00e8me \u00e9tape &#8211; Tour de Romandie 2019 &#8211; Gen\u00e8ve &#8211; Gen\u00e8ve<\/p><\/div>\n<p style=\"text-align: center;\"><a href=\"http:\/\/dicodusport.fr\/blog\/tour-de-romandie-2019-le-profil-des-etapes\/\" class=\"su-button su-button-style-flat\" style=\"color:#FFFFFF;background-color:#005f9b;border-color:#004c7c;border-radius:4px\" target=\"_self\"><span style=\"color:#FFFFFF;padding:0px 20px;font-size:16px;line-height:32px;border-color:#4d8fb9;border-radius:4px;text-shadow:none\"> Revenir au d\u00e9but<\/span><\/a>\n<p><strong><em>Dicodusport<br \/>\n<a href=\"https:\/\/www.facebook.com\/dicodusport\/\" target=\"_blank\" rel=\"noopener\"><img loading=\"lazy\" decoding=\"async\" class=\"alignnone wp-image-2909\" src=\"http:\/\/dicodusport.fr\/blog\/wp-content\/uploads\/2017\/07\/logo-facebook-150x150.png\" alt=\"\" width=\"40\" height=\"40\" \/><\/a><a href=\"https:\/\/twitter.com\/dicodusport\" target=\"_blank\" rel=\"noopener\"><img loading=\"lazy\" decoding=\"async\" class=\"alignnone wp-image-2908\" src=\"http:\/\/dicodusport.fr\/blog\/wp-content\/uploads\/2017\/07\/logo-twitter-150x150.png\" alt=\"\" width=\"39\" height=\"39\" \/><\/a><\/em><\/strong><\/p>\n<p>&nbsp;<\/p>\n","protected":false},"excerpt":{"rendered":"<p>Le 73\u00e8me Tour de Romandie se d\u00e9roulera entre le 30 avril et le 5 mai prochain, sur un parcours montagneux. Le profil du prologue et des 5 \u00e9tapes.<\/p>\n","protected":false},"author":4,"featured_media":37976,"comment_status":"open","ping_status":"closed","sticky":false,"template":"","format":"standard","meta":{"_acf_changed":false,"_daextam_enable_autolinks":"","footnotes":""},"categories":[2,2307],"tags":[7747],"class_list":["post-37966","post","type-post","status-publish","format-standard","has-post-thumbnail","hentry","category-actualites","category-cyclisme","tag-tour-de-romandie"],"acf":[],"yoast_head":"<!-- This site is optimized with the Yoast SEO Premium plugin v26.7 (Yoast SEO v26.7) - https:\/\/yoast.com\/wordpress\/plugins\/seo\/ -->\n<title>Tour de Romandie 2019 : le profil des \u00e9tapes<\/title>\n<meta name=\"description\" content=\"Le 73\u00e8me Tour de Romandie se d\u00e9roulera entre le 30 avril et le 5 mai prochain, sur un parcours montagneux. Le profil du prologue et des 5 \u00e9tapes.\" \/>\n<meta name=\"robots\" content=\"index, follow, max-snippet:-1, max-image-preview:large, max-video-preview:-1\" \/>\n<link rel=\"canonical\" href=\"https:\/\/dicodusport.fr\/blog\/tour-de-romandie-2019-le-profil-des-etapes\/\" \/>\n<link rel=\"next\" href=\"https:\/\/dicodusport.fr\/blog\/tour-de-romandie-2019-le-profil-des-etapes\/2\/\" \/>\n<meta property=\"og:locale\" content=\"fr_FR\" \/>\n<meta property=\"og:type\" content=\"article\" \/>\n<meta property=\"og:title\" content=\"Tour de Romandie 2019 : le profil des \u00e9tapes\" \/>\n<meta property=\"og:description\" content=\"Le 73\u00e8me Tour de Romandie se d\u00e9roulera entre le 30 avril et le 5 mai prochain, sur un parcours montagneux. Le profil du prologue et des 5 \u00e9tapes.\" \/>\n<meta property=\"og:url\" content=\"https:\/\/dicodusport.fr\/blog\/tour-de-romandie-2019-le-profil-des-etapes\/\" \/>\n<meta property=\"og:site_name\" content=\"Dicodusport\" \/>\n<meta property=\"article:publisher\" content=\"https:\/\/www.facebook.com\/dicodusport\" \/>\n<meta property=\"article:author\" content=\"https:\/\/www.facebook.com\/florent.ostermann\" \/>\n<meta property=\"article:published_time\" content=\"2019-04-28T08:20:21+00:00\" \/>\n<meta property=\"article:modified_time\" content=\"2019-05-04T11:06:09+00:00\" \/>\n<meta property=\"og:image\" content=\"https:\/\/dicodusport.fr\/blog\/wp-content\/uploads\/2019\/04\/Profil-\u00e9tapes-Parcours-Tour-de-Romandie-2019.png\" \/>\n\t<meta property=\"og:image:width\" content=\"800\" \/>\n\t<meta property=\"og:image:height\" content=\"445\" \/>\n\t<meta property=\"og:image:type\" content=\"image\/png\" \/>\n<meta name=\"author\" content=\"Flo Ostermann\" \/>\n<meta name=\"twitter:card\" content=\"summary_large_image\" \/>\n<meta name=\"twitter:creator\" content=\"@https:\/\/twitter.com\/FlOstermann\" \/>\n<meta name=\"twitter:site\" content=\"@dicodusport\" \/>\n<script type=\"application\/ld+json\" class=\"yoast-schema-graph\">{\"@context\":\"https:\/\/schema.org\",\"@graph\":[{\"@type\":\"NewsArticle\",\"@id\":\"https:\/\/dicodusport.fr\/blog\/tour-de-romandie-2019-le-profil-des-etapes\/#article\",\"isPartOf\":{\"@id\":\"https:\/\/dicodusport.fr\/blog\/tour-de-romandie-2019-le-profil-des-etapes\/\"},\"author\":{\"name\":\"Flo Ostermann\",\"@id\":\"https:\/\/dicodusport.fr\/blog\/#\/schema\/person\/cb02af4c173ce4a653b55e9baf388d4a\"},\"headline\":\"Tour de Romandie 2019 : le profil des \u00e9tapes\",\"datePublished\":\"2019-04-28T08:20:21+00:00\",\"dateModified\":\"2019-05-04T11:06:09+00:00\",\"mainEntityOfPage\":{\"@id\":\"https:\/\/dicodusport.fr\/blog\/tour-de-romandie-2019-le-profil-des-etapes\/\"},\"wordCount\":322,\"commentCount\":0,\"publisher\":{\"@id\":\"https:\/\/dicodusport.fr\/blog\/#organization\"},\"image\":{\"@id\":\"https:\/\/dicodusport.fr\/blog\/tour-de-romandie-2019-le-profil-des-etapes\/#primaryimage\"},\"thumbnailUrl\":\"https:\/\/dicodusport.fr\/blog\/wp-content\/uploads\/2019\/04\/Profil-\u00e9tapes-Parcours-Tour-de-Romandie-2019.png\",\"keywords\":[\"Tour de Romandie\"],\"articleSection\":[\"Actualit\u00e9s\",\"Cyclisme\"],\"inLanguage\":\"fr-FR\",\"potentialAction\":[{\"@type\":\"CommentAction\",\"name\":\"Comment\",\"target\":[\"https:\/\/dicodusport.fr\/blog\/tour-de-romandie-2019-le-profil-des-etapes\/#respond\"]}],\"copyrightYear\":\"2019\",\"copyrightHolder\":{\"@id\":\"https:\/\/dicodusport.fr\/blog\/#organization\"}},{\"@type\":\"WebPage\",\"@id\":\"https:\/\/dicodusport.fr\/blog\/tour-de-romandie-2019-le-profil-des-etapes\/\",\"url\":\"https:\/\/dicodusport.fr\/blog\/tour-de-romandie-2019-le-profil-des-etapes\/\",\"name\":\"Tour de Romandie 2019 : le profil des \u00e9tapes\",\"isPartOf\":{\"@id\":\"https:\/\/dicodusport.fr\/blog\/#website\"},\"primaryImageOfPage\":{\"@id\":\"https:\/\/dicodusport.fr\/blog\/tour-de-romandie-2019-le-profil-des-etapes\/#primaryimage\"},\"image\":{\"@id\":\"https:\/\/dicodusport.fr\/blog\/tour-de-romandie-2019-le-profil-des-etapes\/#primaryimage\"},\"thumbnailUrl\":\"https:\/\/dicodusport.fr\/blog\/wp-content\/uploads\/2019\/04\/Profil-\u00e9tapes-Parcours-Tour-de-Romandie-2019.png\",\"datePublished\":\"2019-04-28T08:20:21+00:00\",\"dateModified\":\"2019-05-04T11:06:09+00:00\",\"description\":\"Le 73\u00e8me Tour de Romandie se d\u00e9roulera entre le 30 avril et le 5 mai prochain, sur un parcours montagneux. Le profil du prologue et des 5 \u00e9tapes.\",\"inLanguage\":\"fr-FR\",\"potentialAction\":[{\"@type\":\"ReadAction\",\"target\":[\"https:\/\/dicodusport.fr\/blog\/tour-de-romandie-2019-le-profil-des-etapes\/\"]}]},{\"@type\":\"ImageObject\",\"inLanguage\":\"fr-FR\",\"@id\":\"https:\/\/dicodusport.fr\/blog\/tour-de-romandie-2019-le-profil-des-etapes\/#primaryimage\",\"url\":\"https:\/\/dicodusport.fr\/blog\/wp-content\/uploads\/2019\/04\/Profil-\u00e9tapes-Parcours-Tour-de-Romandie-2019.png\",\"contentUrl\":\"https:\/\/dicodusport.fr\/blog\/wp-content\/uploads\/2019\/04\/Profil-\u00e9tapes-Parcours-Tour-de-Romandie-2019.png\",\"width\":800,\"height\":445},{\"@type\":\"WebSite\",\"@id\":\"https:\/\/dicodusport.fr\/blog\/#website\",\"url\":\"https:\/\/dicodusport.fr\/blog\/\",\"name\":\"Dicodusport\",\"description\":\"L&#039;encyclop\u00e9die de l&#039;actualit\u00e9 sportive\",\"publisher\":{\"@id\":\"https:\/\/dicodusport.fr\/blog\/#organization\"},\"potentialAction\":[{\"@type\":\"SearchAction\",\"target\":{\"@type\":\"EntryPoint\",\"urlTemplate\":\"https:\/\/dicodusport.fr\/blog\/?s={search_term_string}\"},\"query-input\":{\"@type\":\"PropertyValueSpecification\",\"valueRequired\":true,\"valueName\":\"search_term_string\"}}],\"inLanguage\":\"fr-FR\"},{\"@type\":\"NewsMediaOrganization\",\"@id\":\"https:\/\/dicodusport.fr\/blog\/#organization\",\"name\":\"Dicodusport\",\"url\":\"https:\/\/dicodusport.fr\/blog\/\",\"logo\":{\"@type\":\"ImageObject\",\"inLanguage\":\"fr-FR\",\"@id\":\"https:\/\/dicodusport.fr\/blog\/#\/schema\/logo\/image\/\",\"url\":\"https:\/\/dicodusport.fr\/blog\/wp-content\/uploads\/2020\/06\/cropped-LOGO-DICODUSPORT-2020-SANS-FOND-SANS-TEXTE.png\",\"contentUrl\":\"https:\/\/dicodusport.fr\/blog\/wp-content\/uploads\/2020\/06\/cropped-LOGO-DICODUSPORT-2020-SANS-FOND-SANS-TEXTE.png\",\"width\":512,\"height\":512,\"caption\":\"Dicodusport\"},\"image\":{\"@id\":\"https:\/\/dicodusport.fr\/blog\/#\/schema\/logo\/image\/\"},\"sameAs\":[\"https:\/\/www.facebook.com\/dicodusport\",\"https:\/\/x.com\/dicodusport\",\"https:\/\/www.instagram.com\/dicodusport\/\",\"https:\/\/www.youtube.com\/channel\/UC7V2KZ5sd3htJivAbA4ZG3w\"],\"description\":\"Dicodusport est l'encyclop\u00e9die de l'actualit\u00e9 sportive.\",\"email\":\"bonjour@dicodusport.fr\",\"legalName\":\"DICODUSPORT\",\"foundingDate\":\"2018-01-14\",\"vatID\":\"FR71834470973\",\"taxID\":\"83447097300043\",\"numberOfEmployees\":{\"@type\":\"QuantitativeValue\",\"minValue\":\"1\",\"maxValue\":\"10\"}},{\"@type\":\"Person\",\"@id\":\"https:\/\/dicodusport.fr\/blog\/#\/schema\/person\/cb02af4c173ce4a653b55e9baf388d4a\",\"name\":\"Flo Ostermann\",\"image\":{\"@type\":\"ImageObject\",\"inLanguage\":\"fr-FR\",\"@id\":\"https:\/\/dicodusport.fr\/blog\/#\/schema\/person\/image\/\",\"url\":\"https:\/\/dicodusport.fr\/blog\/wp-content\/uploads\/2021\/05\/Flo-Ostermann-150x150.jpg\",\"contentUrl\":\"https:\/\/dicodusport.fr\/blog\/wp-content\/uploads\/2021\/05\/Flo-Ostermann-150x150.jpg\",\"caption\":\"Flo Ostermann\"},\"description\":\"Journaliste\/R\u00e9dacteur depuis septembre 2015 - Mes premiers souvenirs dans le sport ? Les envol\u00e9es du Stade Toulousain et les duels Villeneuve-Schumacher et H\u00e4kkinen-Schumacher \u00e0 la fin des ann\u00e9es 90, la Coupe du monde de football en 1998, l\u2019exploit du XV de France face aux All Blacks en 1999, mais aussi Richard C\u0153ur de Lion qui vole sur les montagnes du Tour de France. Bien parti pour devenir professeur d\u2019EPS, les \u00e9v\u00e9nements de la vie (et la flemme d\u2019animer des s\u00e9ances de 3x500 m\u00e8tres toute ma vie) m\u2019ont conduit \u00e0 revoir mes plans. Me voil\u00e0 depuis fin 2017 sur Dicodusport, m\u00e9dia gr\u00e2ce (et pour) lequel je partage ma passion : le sport dans tous ses \u00e9tats. Le tout accompagn\u00e9 par les fous furieux et folles furieuses cit\u00e9s sur cette page !\",\"sameAs\":[\"https:\/\/www.facebook.com\/florent.ostermann\",\"https:\/\/x.com\/https:\/\/twitter.com\/FlOstermann\",\"admin\"],\"url\":\"https:\/\/dicodusport.fr\/blog\/author\/flo\/\"}]}<\/script>\n<!-- \/ Yoast SEO Premium plugin. -->","yoast_head_json":{"title":"Tour de Romandie 2019 : le profil des \u00e9tapes","description":"Le 73\u00e8me Tour de Romandie se d\u00e9roulera entre le 30 avril et le 5 mai prochain, sur un parcours montagneux. Le profil du prologue et des 5 \u00e9tapes.","robots":{"index":"index","follow":"follow","max-snippet":"max-snippet:-1","max-image-preview":"max-image-preview:large","max-video-preview":"max-video-preview:-1"},"canonical":"https:\/\/dicodusport.fr\/blog\/tour-de-romandie-2019-le-profil-des-etapes\/","next":"https:\/\/dicodusport.fr\/blog\/tour-de-romandie-2019-le-profil-des-etapes\/2\/","og_locale":"fr_FR","og_type":"article","og_title":"Tour de Romandie 2019 : le profil des \u00e9tapes","og_description":"Le 73\u00e8me Tour de Romandie se d\u00e9roulera entre le 30 avril et le 5 mai prochain, sur un parcours montagneux. Le profil du prologue et des 5 \u00e9tapes.","og_url":"https:\/\/dicodusport.fr\/blog\/tour-de-romandie-2019-le-profil-des-etapes\/","og_site_name":"Dicodusport","article_publisher":"https:\/\/www.facebook.com\/dicodusport","article_author":"https:\/\/www.facebook.com\/florent.ostermann","article_published_time":"2019-04-28T08:20:21+00:00","article_modified_time":"2019-05-04T11:06:09+00:00","og_image":[{"width":800,"height":445,"url":"https:\/\/dicodusport.fr\/blog\/wp-content\/uploads\/2019\/04\/Profil-\u00e9tapes-Parcours-Tour-de-Romandie-2019.png","type":"image\/png"}],"author":"Flo Ostermann","twitter_card":"summary_large_image","twitter_creator":"@https:\/\/twitter.com\/FlOstermann","twitter_site":"@dicodusport","schema":{"@context":"https:\/\/schema.org","@graph":[{"@type":"NewsArticle","@id":"https:\/\/dicodusport.fr\/blog\/tour-de-romandie-2019-le-profil-des-etapes\/#article","isPartOf":{"@id":"https:\/\/dicodusport.fr\/blog\/tour-de-romandie-2019-le-profil-des-etapes\/"},"author":{"name":"Flo Ostermann","@id":"https:\/\/dicodusport.fr\/blog\/#\/schema\/person\/cb02af4c173ce4a653b55e9baf388d4a"},"headline":"Tour de Romandie 2019 : le profil des \u00e9tapes","datePublished":"2019-04-28T08:20:21+00:00","dateModified":"2019-05-04T11:06:09+00:00","mainEntityOfPage":{"@id":"https:\/\/dicodusport.fr\/blog\/tour-de-romandie-2019-le-profil-des-etapes\/"},"wordCount":322,"commentCount":0,"publisher":{"@id":"https:\/\/dicodusport.fr\/blog\/#organization"},"image":{"@id":"https:\/\/dicodusport.fr\/blog\/tour-de-romandie-2019-le-profil-des-etapes\/#primaryimage"},"thumbnailUrl":"https:\/\/dicodusport.fr\/blog\/wp-content\/uploads\/2019\/04\/Profil-\u00e9tapes-Parcours-Tour-de-Romandie-2019.png","keywords":["Tour de Romandie"],"articleSection":["Actualit\u00e9s","Cyclisme"],"inLanguage":"fr-FR","potentialAction":[{"@type":"CommentAction","name":"Comment","target":["https:\/\/dicodusport.fr\/blog\/tour-de-romandie-2019-le-profil-des-etapes\/#respond"]}],"copyrightYear":"2019","copyrightHolder":{"@id":"https:\/\/dicodusport.fr\/blog\/#organization"}},{"@type":"WebPage","@id":"https:\/\/dicodusport.fr\/blog\/tour-de-romandie-2019-le-profil-des-etapes\/","url":"https:\/\/dicodusport.fr\/blog\/tour-de-romandie-2019-le-profil-des-etapes\/","name":"Tour de Romandie 2019 : le profil des \u00e9tapes","isPartOf":{"@id":"https:\/\/dicodusport.fr\/blog\/#website"},"primaryImageOfPage":{"@id":"https:\/\/dicodusport.fr\/blog\/tour-de-romandie-2019-le-profil-des-etapes\/#primaryimage"},"image":{"@id":"https:\/\/dicodusport.fr\/blog\/tour-de-romandie-2019-le-profil-des-etapes\/#primaryimage"},"thumbnailUrl":"https:\/\/dicodusport.fr\/blog\/wp-content\/uploads\/2019\/04\/Profil-\u00e9tapes-Parcours-Tour-de-Romandie-2019.png","datePublished":"2019-04-28T08:20:21+00:00","dateModified":"2019-05-04T11:06:09+00:00","description":"Le 73\u00e8me Tour de Romandie se d\u00e9roulera entre le 30 avril et le 5 mai prochain, sur un parcours montagneux. Le profil du prologue et des 5 \u00e9tapes.","inLanguage":"fr-FR","potentialAction":[{"@type":"ReadAction","target":["https:\/\/dicodusport.fr\/blog\/tour-de-romandie-2019-le-profil-des-etapes\/"]}]},{"@type":"ImageObject","inLanguage":"fr-FR","@id":"https:\/\/dicodusport.fr\/blog\/tour-de-romandie-2019-le-profil-des-etapes\/#primaryimage","url":"https:\/\/dicodusport.fr\/blog\/wp-content\/uploads\/2019\/04\/Profil-\u00e9tapes-Parcours-Tour-de-Romandie-2019.png","contentUrl":"https:\/\/dicodusport.fr\/blog\/wp-content\/uploads\/2019\/04\/Profil-\u00e9tapes-Parcours-Tour-de-Romandie-2019.png","width":800,"height":445},{"@type":"WebSite","@id":"https:\/\/dicodusport.fr\/blog\/#website","url":"https:\/\/dicodusport.fr\/blog\/","name":"Dicodusport","description":"L&#039;encyclop\u00e9die de l&#039;actualit\u00e9 sportive","publisher":{"@id":"https:\/\/dicodusport.fr\/blog\/#organization"},"potentialAction":[{"@type":"SearchAction","target":{"@type":"EntryPoint","urlTemplate":"https:\/\/dicodusport.fr\/blog\/?s={search_term_string}"},"query-input":{"@type":"PropertyValueSpecification","valueRequired":true,"valueName":"search_term_string"}}],"inLanguage":"fr-FR"},{"@type":"NewsMediaOrganization","@id":"https:\/\/dicodusport.fr\/blog\/#organization","name":"Dicodusport","url":"https:\/\/dicodusport.fr\/blog\/","logo":{"@type":"ImageObject","inLanguage":"fr-FR","@id":"https:\/\/dicodusport.fr\/blog\/#\/schema\/logo\/image\/","url":"https:\/\/dicodusport.fr\/blog\/wp-content\/uploads\/2020\/06\/cropped-LOGO-DICODUSPORT-2020-SANS-FOND-SANS-TEXTE.png","contentUrl":"https:\/\/dicodusport.fr\/blog\/wp-content\/uploads\/2020\/06\/cropped-LOGO-DICODUSPORT-2020-SANS-FOND-SANS-TEXTE.png","width":512,"height":512,"caption":"Dicodusport"},"image":{"@id":"https:\/\/dicodusport.fr\/blog\/#\/schema\/logo\/image\/"},"sameAs":["https:\/\/www.facebook.com\/dicodusport","https:\/\/x.com\/dicodusport","https:\/\/www.instagram.com\/dicodusport\/","https:\/\/www.youtube.com\/channel\/UC7V2KZ5sd3htJivAbA4ZG3w"],"description":"Dicodusport est l'encyclop\u00e9die de l'actualit\u00e9 sportive.","email":"bonjour@dicodusport.fr","legalName":"DICODUSPORT","foundingDate":"2018-01-14","vatID":"FR71834470973","taxID":"83447097300043","numberOfEmployees":{"@type":"QuantitativeValue","minValue":"1","maxValue":"10"}},{"@type":"Person","@id":"https:\/\/dicodusport.fr\/blog\/#\/schema\/person\/cb02af4c173ce4a653b55e9baf388d4a","name":"Flo Ostermann","image":{"@type":"ImageObject","inLanguage":"fr-FR","@id":"https:\/\/dicodusport.fr\/blog\/#\/schema\/person\/image\/","url":"https:\/\/dicodusport.fr\/blog\/wp-content\/uploads\/2021\/05\/Flo-Ostermann-150x150.jpg","contentUrl":"https:\/\/dicodusport.fr\/blog\/wp-content\/uploads\/2021\/05\/Flo-Ostermann-150x150.jpg","caption":"Flo Ostermann"},"description":"Journaliste\/R\u00e9dacteur depuis septembre 2015 - Mes premiers souvenirs dans le sport ? Les envol\u00e9es du Stade Toulousain et les duels Villeneuve-Schumacher et H\u00e4kkinen-Schumacher \u00e0 la fin des ann\u00e9es 90, la Coupe du monde de football en 1998, l\u2019exploit du XV de France face aux All Blacks en 1999, mais aussi Richard C\u0153ur de Lion qui vole sur les montagnes du Tour de France. Bien parti pour devenir professeur d\u2019EPS, les \u00e9v\u00e9nements de la vie (et la flemme d\u2019animer des s\u00e9ances de 3x500 m\u00e8tres toute ma vie) m\u2019ont conduit \u00e0 revoir mes plans. Me voil\u00e0 depuis fin 2017 sur Dicodusport, m\u00e9dia gr\u00e2ce (et pour) lequel je partage ma passion : le sport dans tous ses \u00e9tats. Le tout accompagn\u00e9 par les fous furieux et folles furieuses cit\u00e9s sur cette page !","sameAs":["https:\/\/www.facebook.com\/florent.ostermann","https:\/\/x.com\/https:\/\/twitter.com\/FlOstermann","admin"],"url":"https:\/\/dicodusport.fr\/blog\/author\/flo\/"}]}},"_links":{"self":[{"href":"https:\/\/dicodusport.fr\/blog\/wp-json\/wp\/v2\/posts\/37966","targetHints":{"allow":["GET"]}}],"collection":[{"href":"https:\/\/dicodusport.fr\/blog\/wp-json\/wp\/v2\/posts"}],"about":[{"href":"https:\/\/dicodusport.fr\/blog\/wp-json\/wp\/v2\/types\/post"}],"author":[{"embeddable":true,"href":"https:\/\/dicodusport.fr\/blog\/wp-json\/wp\/v2\/users\/4"}],"replies":[{"embeddable":true,"href":"https:\/\/dicodusport.fr\/blog\/wp-json\/wp\/v2\/comments?post=37966"}],"version-history":[{"count":0,"href":"https:\/\/dicodusport.fr\/blog\/wp-json\/wp\/v2\/posts\/37966\/revisions"}],"wp:featuredmedia":[{"embeddable":true,"href":"https:\/\/dicodusport.fr\/blog\/wp-json\/wp\/v2\/media\/37976"}],"wp:attachment":[{"href":"https:\/\/dicodusport.fr\/blog\/wp-json\/wp\/v2\/media?parent=37966"}],"wp:term":[{"taxonomy":"category","embeddable":true,"href":"https:\/\/dicodusport.fr\/blog\/wp-json\/wp\/v2\/categories?post=37966"},{"taxonomy":"post_tag","embeddable":true,"href":"https:\/\/dicodusport.fr\/blog\/wp-json\/wp\/v2\/tags?post=37966"}],"curies":[{"name":"wp","href":"https:\/\/api.w.org\/{rel}","templated":true}]}}