{"id":379758,"date":"2023-05-06T20:07:17","date_gmt":"2023-05-06T18:07:17","guid":{"rendered":"https:\/\/dicodusport.fr\/blog\/?p=379758&#038;preview=true&#038;preview_id=379758"},"modified":"2023-05-06T20:30:36","modified_gmt":"2023-05-06T18:30:36","slug":"mercato-psg-marco-verratti-envisage-de-quitter-paris","status":"publish","type":"post","link":"https:\/\/dicodusport.fr\/blog\/mercato-psg-marco-verratti-envisage-de-quitter-paris\/","title":{"rendered":"Mercato PSG : Marco Verratti envisage de quitter Paris"},"content":{"rendered":"<p style=\"text-align: justify;\" align=\"justify\"><strong><em><a href=\"https:\/\/dicodusport.fr\/blog\/classement-complet-ligue-1-2022-2023\/\">LIGUE 1 2022-2023<\/a> &#8211; Malgr\u00e9 un contrat jusqu&rsquo;en juin 2026, Marco Verratti envisage de quitter le Paris Saint-Germain d\u00e8s cet \u00e9t\u00e9, selon nos confr\u00e8res de L&rsquo;\u00c9quipe.\u00a0<\/em><\/strong><\/p>\n<p style=\"text-align: justify;\" align=\"justify\">Le milieu de terrain italien vient de prolonger son contrat et est li\u00e9 \u00e0 <strong>Paris<\/strong> pour les trois prochaines saisons. Mais selon nos confr\u00e8res de <a href=\"https:\/\/www.lequipe.fr\/Football\/Article\/Lasse-marco-verratti-s-interroge-sur-son-avenir-au-psg\/1395167\" target=\"_blank\" rel=\"noopener\"><em>L&rsquo;\u00c9quipe<\/em><\/a>, <strong>Marco<\/strong> <strong>Verratti<\/strong> serait lass\u00e9 par cette saison marqu\u00e9e par un nouvel \u00e9chec en <strong>Ligue<\/strong> <strong>des<\/strong> <strong>Champions<\/strong> et se pose des questions quant \u00e0 son avenir. Point\u00e9 du doigt pour son erreur face au <strong>Bayern<\/strong> <strong>Munich<\/strong>, l&rsquo;international italien continue de faire d\u00e9bat au <strong>PSG<\/strong>.<\/p>\n<h2 style=\"text-align: justify;\" align=\"justify\">Qui peut s&rsquo;offrir Verratti ?<\/h2>\n<p style=\"text-align: justify;\" align=\"justify\"><strong>Luis<\/strong> <strong>Campos<\/strong> serait un peu remont\u00e9 contre le joueur, la faute \u00e0 quelques exc\u00e8s notamment, et pourrait \u00eatre attentif en cas d&rsquo;offre int\u00e9ressante pour le milieu de terrain arriv\u00e9 au PSG, il y a onze ans. <strong>Nasser al<\/strong>&#8211;<strong>Khela\u00effi<\/strong>, pr\u00e9sident du <strong>Paris Saint-Germain<\/strong>, ne voudrait lui pas entendre parler d&rsquo;un d\u00e9part, puisque <strong>Marco<\/strong> <strong>Verratti<\/strong> est le symbole du projet qatari.<\/p>\n<p style=\"text-align: justify;\" align=\"justify\">Si les vell\u00e9it\u00e9s de d\u00e9part du milieu de terrain se confirment, il va falloir trouver une porte de sortie. L&rsquo;<strong>Arabie Saoudite<\/strong>, qui saute sur tout ce qui bouge pour d\u00e9velopper son championnat, peut se l&rsquo;offrir. La <strong>MLS<\/strong> et l&rsquo;<strong>Inter Miami<\/strong> aussi, mais ces deux destinations ne sont pas la priorit\u00e9 du joueur. <strong>Marco<\/strong> <strong>Verratti<\/strong> \u00e9marge \u00e0 1,2 million brut par mois et les destinations en Europe ne sont pas nombreuses. La <strong>Juventus<\/strong> et l&rsquo;<strong>Inter Milan<\/strong> pourraient \u00eatre int\u00e9ress\u00e9es, mais il faudrait faire un effort sur le salaire. Le <strong>Real Madrid<\/strong> serait aussi une option si Carlo Ancelotti reste, mais pour l&rsquo;heure, rien n&rsquo;est moins s\u00fbr.<\/p>\n<blockquote class=\"twitter-tweet\">\n<p dir=\"ltr\" lang=\"fr\">Lass\u00e9, Marco Verratti s&rsquo;interroge sur son avenir au PSG<\/p>\n<p>Onze ans apr\u00e8s son arriv\u00e9e et au bout d&rsquo;une saison m\u00e9diocre, la question de l&rsquo;avenir du milieu parisien, marqu\u00e9 par les \u00e9l\u00e9ments r\u00e9cents, se pose. L&rsquo;Italien s&rsquo;interroge. Et les Saoudiens en r\u00eavent&#8230; <a href=\"https:\/\/t.co\/nk32uRxzxz\">https:\/\/t.co\/nk32uRxzxz<\/a> <a href=\"https:\/\/t.co\/FXbdY2QZ4P\">pic.twitter.com\/FXbdY2QZ4P<\/a><\/p>\n<p>\u2014 L&rsquo;\u00c9QUIPE (@lequipe) <a href=\"https:\/\/twitter.com\/lequipe\/status\/1654892615383359490?ref_src=twsrc%5Etfw\">May 6, 2023<\/a><\/p><\/blockquote>\n<p style=\"text-align: justify;\"><script async src=\"https:\/\/platform.twitter.com\/widgets.js\" charset=\"utf-8\"><\/script><\/p>\n","protected":false},"excerpt":{"rendered":"<p>LIGUE 1 2022-2023 &#8211; Malgr\u00e9 un contrat jusqu&rsquo;en juin 2026, Marco Verratti envisage de quitter le Paris Saint-Germain d\u00e8s cet \u00e9t\u00e9, selon nos confr\u00e8res de L&rsquo;\u00c9quipe.\u00a0<\/p>\n","protected":false},"author":1,"featured_media":379785,"comment_status":"open","ping_status":"closed","sticky":false,"template":"","format":"standard","meta":{"_acf_changed":false,"_daextam_enable_autolinks":"","footnotes":""},"categories":[2301,47045],"tags":[16878,75,16397,1555,429,910],"class_list":["post-379758","post","type-post","status-publish","format-standard","has-post-thumbnail","hentry","category-football","category-ligue-1","tag-breve","tag-football","tag-marco-verratti","tag-mercato","tag-paris","tag-psg"],"acf":[],"yoast_head":"<!-- This site is optimized with the Yoast SEO Premium plugin v26.7 (Yoast SEO v26.7) - https:\/\/yoast.com\/wordpress\/plugins\/seo\/ -->\n<title>Mercato PSG : Marco Verratti envisage de quitter Paris<\/title>\n<meta name=\"description\" content=\"LIGUE 1 2022-2023 - Malgr\u00e9 un contrat jusqu&#039;en juin 2026, Marco Verratti envisage de quitter le Paris Saint-Germain d\u00e8s cet \u00e9t\u00e9, selon nos confr\u00e8res de L&#039;\u00c9quipe.\u00a0\" \/>\n<meta name=\"robots\" content=\"index, follow, max-snippet:-1, max-image-preview:large, max-video-preview:-1\" \/>\n<link rel=\"canonical\" href=\"https:\/\/dicodusport.fr\/blog\/mercato-psg-marco-verratti-envisage-de-quitter-paris\/\" \/>\n<meta property=\"og:locale\" content=\"fr_FR\" \/>\n<meta property=\"og:type\" content=\"article\" \/>\n<meta property=\"og:title\" content=\"Mercato PSG : Marco Verratti envisage de quitter Paris\" \/>\n<meta property=\"og:description\" content=\"LIGUE 1 2022-2023 - Malgr\u00e9 un contrat jusqu&#039;en juin 2026, Marco Verratti envisage de quitter le Paris Saint-Germain d\u00e8s cet \u00e9t\u00e9, selon nos confr\u00e8res de L&#039;\u00c9quipe.\u00a0\" \/>\n<meta property=\"og:url\" content=\"https:\/\/dicodusport.fr\/blog\/mercato-psg-marco-verratti-envisage-de-quitter-paris\/\" \/>\n<meta property=\"og:site_name\" content=\"Dicodusport\" \/>\n<meta property=\"article:publisher\" content=\"https:\/\/www.facebook.com\/dicodusport\" \/>\n<meta property=\"article:author\" content=\"https:\/\/www.facebook.com\/dicodusport\" \/>\n<meta property=\"article:published_time\" content=\"2023-05-06T18:07:17+00:00\" \/>\n<meta property=\"article:modified_time\" content=\"2023-05-06T18:30:36+00:00\" \/>\n<meta property=\"og:image\" content=\"https:\/\/dicodusport.fr\/blog\/wp-content\/uploads\/2023\/05\/Mercato-PSG-Marco-Verratti-envisage-de-quitter-Paris.png\" \/>\n\t<meta property=\"og:image:width\" content=\"800\" \/>\n\t<meta property=\"og:image:height\" content=\"445\" \/>\n\t<meta property=\"og:image:type\" content=\"image\/png\" \/>\n<meta name=\"author\" content=\"Nicolas Jacquemard\" \/>\n<meta name=\"twitter:card\" content=\"summary_large_image\" \/>\n<meta name=\"twitter:title\" content=\"Mercato PSG : Marco Verratti envisage de quitter Paris\" \/>\n<meta name=\"twitter:creator\" content=\"@https:\/\/twitter.com\/Nico_Jacquemard\" \/>\n<meta name=\"twitter:site\" content=\"@dicodusport\" \/>\n<script type=\"application\/ld+json\" class=\"yoast-schema-graph\">{\"@context\":\"https:\/\/schema.org\",\"@graph\":[{\"@type\":\"NewsArticle\",\"@id\":\"https:\/\/dicodusport.fr\/blog\/mercato-psg-marco-verratti-envisage-de-quitter-paris\/#article\",\"isPartOf\":{\"@id\":\"https:\/\/dicodusport.fr\/blog\/mercato-psg-marco-verratti-envisage-de-quitter-paris\/\"},\"author\":{\"name\":\"Nicolas Jacquemard\",\"@id\":\"https:\/\/dicodusport.fr\/blog\/#\/schema\/person\/55dcb50ad410894e431ed812bbb70191\"},\"headline\":\"Mercato PSG : Marco Verratti envisage de quitter Paris\",\"datePublished\":\"2023-05-06T18:07:17+00:00\",\"dateModified\":\"2023-05-06T18:30:36+00:00\",\"mainEntityOfPage\":{\"@id\":\"https:\/\/dicodusport.fr\/blog\/mercato-psg-marco-verratti-envisage-de-quitter-paris\/\"},\"wordCount\":361,\"commentCount\":0,\"publisher\":{\"@id\":\"https:\/\/dicodusport.fr\/blog\/#organization\"},\"image\":{\"@id\":\"https:\/\/dicodusport.fr\/blog\/mercato-psg-marco-verratti-envisage-de-quitter-paris\/#primaryimage\"},\"thumbnailUrl\":\"https:\/\/dicodusport.fr\/blog\/wp-content\/uploads\/2023\/05\/Mercato-PSG-Marco-Verratti-envisage-de-quitter-Paris.png\",\"keywords\":[\"br\u00e8ve\",\"Football\",\"Marco Verratti\",\"Mercato\",\"Paris\",\"PSG\"],\"articleSection\":[\"Football\",\"Ligue 1\"],\"inLanguage\":\"fr-FR\",\"potentialAction\":[{\"@type\":\"CommentAction\",\"name\":\"Comment\",\"target\":[\"https:\/\/dicodusport.fr\/blog\/mercato-psg-marco-verratti-envisage-de-quitter-paris\/#respond\"]}],\"copyrightYear\":\"2023\",\"copyrightHolder\":{\"@id\":\"https:\/\/dicodusport.fr\/blog\/#organization\"}},{\"@type\":\"WebPage\",\"@id\":\"https:\/\/dicodusport.fr\/blog\/mercato-psg-marco-verratti-envisage-de-quitter-paris\/\",\"url\":\"https:\/\/dicodusport.fr\/blog\/mercato-psg-marco-verratti-envisage-de-quitter-paris\/\",\"name\":\"Mercato PSG : Marco Verratti envisage de quitter Paris\",\"isPartOf\":{\"@id\":\"https:\/\/dicodusport.fr\/blog\/#website\"},\"primaryImageOfPage\":{\"@id\":\"https:\/\/dicodusport.fr\/blog\/mercato-psg-marco-verratti-envisage-de-quitter-paris\/#primaryimage\"},\"image\":{\"@id\":\"https:\/\/dicodusport.fr\/blog\/mercato-psg-marco-verratti-envisage-de-quitter-paris\/#primaryimage\"},\"thumbnailUrl\":\"https:\/\/dicodusport.fr\/blog\/wp-content\/uploads\/2023\/05\/Mercato-PSG-Marco-Verratti-envisage-de-quitter-Paris.png\",\"datePublished\":\"2023-05-06T18:07:17+00:00\",\"dateModified\":\"2023-05-06T18:30:36+00:00\",\"description\":\"LIGUE 1 2022-2023 - Malgr\u00e9 un contrat jusqu'en juin 2026, Marco Verratti envisage de quitter le Paris Saint-Germain d\u00e8s cet \u00e9t\u00e9, selon nos confr\u00e8res de L'\u00c9quipe.\u00a0\",\"breadcrumb\":{\"@id\":\"https:\/\/dicodusport.fr\/blog\/mercato-psg-marco-verratti-envisage-de-quitter-paris\/#breadcrumb\"},\"inLanguage\":\"fr-FR\",\"potentialAction\":[{\"@type\":\"ReadAction\",\"target\":[\"https:\/\/dicodusport.fr\/blog\/mercato-psg-marco-verratti-envisage-de-quitter-paris\/\"]}]},{\"@type\":\"ImageObject\",\"inLanguage\":\"fr-FR\",\"@id\":\"https:\/\/dicodusport.fr\/blog\/mercato-psg-marco-verratti-envisage-de-quitter-paris\/#primaryimage\",\"url\":\"https:\/\/dicodusport.fr\/blog\/wp-content\/uploads\/2023\/05\/Mercato-PSG-Marco-Verratti-envisage-de-quitter-Paris.png\",\"contentUrl\":\"https:\/\/dicodusport.fr\/blog\/wp-content\/uploads\/2023\/05\/Mercato-PSG-Marco-Verratti-envisage-de-quitter-Paris.png\",\"width\":800,\"height\":445},{\"@type\":\"BreadcrumbList\",\"@id\":\"https:\/\/dicodusport.fr\/blog\/mercato-psg-marco-verratti-envisage-de-quitter-paris\/#breadcrumb\",\"itemListElement\":[{\"@type\":\"ListItem\",\"position\":1,\"name\":\"Accueil\",\"item\":\"https:\/\/dicodusport.fr\/blog\/\"},{\"@type\":\"ListItem\",\"position\":2,\"name\":\"Mercato PSG : Marco Verratti envisage de quitter Paris\"}]},{\"@type\":\"WebSite\",\"@id\":\"https:\/\/dicodusport.fr\/blog\/#website\",\"url\":\"https:\/\/dicodusport.fr\/blog\/\",\"name\":\"Dicodusport\",\"description\":\"L&#039;encyclop\u00e9die de l&#039;actualit\u00e9 sportive\",\"publisher\":{\"@id\":\"https:\/\/dicodusport.fr\/blog\/#organization\"},\"potentialAction\":[{\"@type\":\"SearchAction\",\"target\":{\"@type\":\"EntryPoint\",\"urlTemplate\":\"https:\/\/dicodusport.fr\/blog\/?s={search_term_string}\"},\"query-input\":{\"@type\":\"PropertyValueSpecification\",\"valueRequired\":true,\"valueName\":\"search_term_string\"}}],\"inLanguage\":\"fr-FR\"},{\"@type\":\"NewsMediaOrganization\",\"@id\":\"https:\/\/dicodusport.fr\/blog\/#organization\",\"name\":\"Dicodusport\",\"url\":\"https:\/\/dicodusport.fr\/blog\/\",\"logo\":{\"@type\":\"ImageObject\",\"inLanguage\":\"fr-FR\",\"@id\":\"https:\/\/dicodusport.fr\/blog\/#\/schema\/logo\/image\/\",\"url\":\"https:\/\/dicodusport.fr\/blog\/wp-content\/uploads\/2020\/06\/cropped-LOGO-DICODUSPORT-2020-SANS-FOND-SANS-TEXTE.png\",\"contentUrl\":\"https:\/\/dicodusport.fr\/blog\/wp-content\/uploads\/2020\/06\/cropped-LOGO-DICODUSPORT-2020-SANS-FOND-SANS-TEXTE.png\",\"width\":512,\"height\":512,\"caption\":\"Dicodusport\"},\"image\":{\"@id\":\"https:\/\/dicodusport.fr\/blog\/#\/schema\/logo\/image\/\"},\"sameAs\":[\"https:\/\/www.facebook.com\/dicodusport\",\"https:\/\/x.com\/dicodusport\",\"https:\/\/www.instagram.com\/dicodusport\/\",\"https:\/\/www.youtube.com\/channel\/UC7V2KZ5sd3htJivAbA4ZG3w\"],\"description\":\"Dicodusport est l'encyclop\u00e9die de l'actualit\u00e9 sportive.\",\"email\":\"bonjour@dicodusport.fr\",\"legalName\":\"DICODUSPORT\",\"foundingDate\":\"2018-01-14\",\"vatID\":\"FR71834470973\",\"taxID\":\"83447097300043\",\"numberOfEmployees\":{\"@type\":\"QuantitativeValue\",\"minValue\":\"1\",\"maxValue\":\"10\"}},{\"@type\":\"Person\",\"@id\":\"https:\/\/dicodusport.fr\/blog\/#\/schema\/person\/55dcb50ad410894e431ed812bbb70191\",\"name\":\"Nicolas Jacquemard\",\"image\":{\"@type\":\"ImageObject\",\"inLanguage\":\"fr-FR\",\"@id\":\"https:\/\/dicodusport.fr\/blog\/#\/schema\/person\/image\/\",\"url\":\"https:\/\/dicodusport.fr\/blog\/wp-content\/uploads\/2021\/05\/Nicolas-Jacquemard-150x150.jpeg\",\"contentUrl\":\"https:\/\/dicodusport.fr\/blog\/wp-content\/uploads\/2021\/05\/Nicolas-Jacquemard-150x150.jpeg\",\"caption\":\"Nicolas Jacquemard\"},\"description\":\"Passionn\u00e9 de sport et entrepreneur depuis mes 18 ans, la cr\u00e9ation de Dicodusport m'a sembl\u00e9 \u00e9vidente pour participer \u00e0 la m\u00e9diatisation d'un plus grand nombre de sports. Le chemin est long mais avec une \u00e9quipe des plus motiv\u00e9es et les Jeux Olympiques de Paris 2024 en point de mire, nous y arriverons ! Journaliste dans le monde du sport depuis plus de 5 ans, je traite aussi bien de football, de rugby, de biathlon que de cyclisme.\",\"sameAs\":[\"https:\/\/www.facebook.com\/dicodusport\",\"https:\/\/x.com\/https:\/\/twitter.com\/Nico_Jacquemard\"],\"url\":\"https:\/\/dicodusport.fr\/blog\/author\/dicodusport\/\"}]}<\/script>\n<!-- \/ Yoast SEO Premium plugin. -->","yoast_head_json":{"title":"Mercato PSG : Marco Verratti envisage de quitter Paris","description":"LIGUE 1 2022-2023 - Malgr\u00e9 un contrat jusqu'en juin 2026, Marco Verratti envisage de quitter le Paris Saint-Germain d\u00e8s cet \u00e9t\u00e9, selon nos confr\u00e8res de L'\u00c9quipe.\u00a0","robots":{"index":"index","follow":"follow","max-snippet":"max-snippet:-1","max-image-preview":"max-image-preview:large","max-video-preview":"max-video-preview:-1"},"canonical":"https:\/\/dicodusport.fr\/blog\/mercato-psg-marco-verratti-envisage-de-quitter-paris\/","og_locale":"fr_FR","og_type":"article","og_title":"Mercato PSG : Marco Verratti envisage de quitter Paris","og_description":"LIGUE 1 2022-2023 - Malgr\u00e9 un contrat jusqu'en juin 2026, Marco Verratti envisage de quitter le Paris Saint-Germain d\u00e8s cet \u00e9t\u00e9, selon nos confr\u00e8res de L'\u00c9quipe.\u00a0","og_url":"https:\/\/dicodusport.fr\/blog\/mercato-psg-marco-verratti-envisage-de-quitter-paris\/","og_site_name":"Dicodusport","article_publisher":"https:\/\/www.facebook.com\/dicodusport","article_author":"https:\/\/www.facebook.com\/dicodusport","article_published_time":"2023-05-06T18:07:17+00:00","article_modified_time":"2023-05-06T18:30:36+00:00","og_image":[{"width":800,"height":445,"url":"https:\/\/dicodusport.fr\/blog\/wp-content\/uploads\/2023\/05\/Mercato-PSG-Marco-Verratti-envisage-de-quitter-Paris.png","type":"image\/png"}],"author":"Nicolas Jacquemard","twitter_card":"summary_large_image","twitter_title":"Mercato PSG : Marco Verratti envisage de quitter Paris","twitter_creator":"@https:\/\/twitter.com\/Nico_Jacquemard","twitter_site":"@dicodusport","schema":{"@context":"https:\/\/schema.org","@graph":[{"@type":"NewsArticle","@id":"https:\/\/dicodusport.fr\/blog\/mercato-psg-marco-verratti-envisage-de-quitter-paris\/#article","isPartOf":{"@id":"https:\/\/dicodusport.fr\/blog\/mercato-psg-marco-verratti-envisage-de-quitter-paris\/"},"author":{"name":"Nicolas Jacquemard","@id":"https:\/\/dicodusport.fr\/blog\/#\/schema\/person\/55dcb50ad410894e431ed812bbb70191"},"headline":"Mercato PSG : Marco Verratti envisage de quitter Paris","datePublished":"2023-05-06T18:07:17+00:00","dateModified":"2023-05-06T18:30:36+00:00","mainEntityOfPage":{"@id":"https:\/\/dicodusport.fr\/blog\/mercato-psg-marco-verratti-envisage-de-quitter-paris\/"},"wordCount":361,"commentCount":0,"publisher":{"@id":"https:\/\/dicodusport.fr\/blog\/#organization"},"image":{"@id":"https:\/\/dicodusport.fr\/blog\/mercato-psg-marco-verratti-envisage-de-quitter-paris\/#primaryimage"},"thumbnailUrl":"https:\/\/dicodusport.fr\/blog\/wp-content\/uploads\/2023\/05\/Mercato-PSG-Marco-Verratti-envisage-de-quitter-Paris.png","keywords":["br\u00e8ve","Football","Marco Verratti","Mercato","Paris","PSG"],"articleSection":["Football","Ligue 1"],"inLanguage":"fr-FR","potentialAction":[{"@type":"CommentAction","name":"Comment","target":["https:\/\/dicodusport.fr\/blog\/mercato-psg-marco-verratti-envisage-de-quitter-paris\/#respond"]}],"copyrightYear":"2023","copyrightHolder":{"@id":"https:\/\/dicodusport.fr\/blog\/#organization"}},{"@type":"WebPage","@id":"https:\/\/dicodusport.fr\/blog\/mercato-psg-marco-verratti-envisage-de-quitter-paris\/","url":"https:\/\/dicodusport.fr\/blog\/mercato-psg-marco-verratti-envisage-de-quitter-paris\/","name":"Mercato PSG : Marco Verratti envisage de quitter Paris","isPartOf":{"@id":"https:\/\/dicodusport.fr\/blog\/#website"},"primaryImageOfPage":{"@id":"https:\/\/dicodusport.fr\/blog\/mercato-psg-marco-verratti-envisage-de-quitter-paris\/#primaryimage"},"image":{"@id":"https:\/\/dicodusport.fr\/blog\/mercato-psg-marco-verratti-envisage-de-quitter-paris\/#primaryimage"},"thumbnailUrl":"https:\/\/dicodusport.fr\/blog\/wp-content\/uploads\/2023\/05\/Mercato-PSG-Marco-Verratti-envisage-de-quitter-Paris.png","datePublished":"2023-05-06T18:07:17+00:00","dateModified":"2023-05-06T18:30:36+00:00","description":"LIGUE 1 2022-2023 - Malgr\u00e9 un contrat jusqu'en juin 2026, Marco Verratti envisage de quitter le Paris Saint-Germain d\u00e8s cet \u00e9t\u00e9, selon nos confr\u00e8res de L'\u00c9quipe.\u00a0","breadcrumb":{"@id":"https:\/\/dicodusport.fr\/blog\/mercato-psg-marco-verratti-envisage-de-quitter-paris\/#breadcrumb"},"inLanguage":"fr-FR","potentialAction":[{"@type":"ReadAction","target":["https:\/\/dicodusport.fr\/blog\/mercato-psg-marco-verratti-envisage-de-quitter-paris\/"]}]},{"@type":"ImageObject","inLanguage":"fr-FR","@id":"https:\/\/dicodusport.fr\/blog\/mercato-psg-marco-verratti-envisage-de-quitter-paris\/#primaryimage","url":"https:\/\/dicodusport.fr\/blog\/wp-content\/uploads\/2023\/05\/Mercato-PSG-Marco-Verratti-envisage-de-quitter-Paris.png","contentUrl":"https:\/\/dicodusport.fr\/blog\/wp-content\/uploads\/2023\/05\/Mercato-PSG-Marco-Verratti-envisage-de-quitter-Paris.png","width":800,"height":445},{"@type":"BreadcrumbList","@id":"https:\/\/dicodusport.fr\/blog\/mercato-psg-marco-verratti-envisage-de-quitter-paris\/#breadcrumb","itemListElement":[{"@type":"ListItem","position":1,"name":"Accueil","item":"https:\/\/dicodusport.fr\/blog\/"},{"@type":"ListItem","position":2,"name":"Mercato PSG : Marco Verratti envisage de quitter Paris"}]},{"@type":"WebSite","@id":"https:\/\/dicodusport.fr\/blog\/#website","url":"https:\/\/dicodusport.fr\/blog\/","name":"Dicodusport","description":"L&#039;encyclop\u00e9die de l&#039;actualit\u00e9 sportive","publisher":{"@id":"https:\/\/dicodusport.fr\/blog\/#organization"},"potentialAction":[{"@type":"SearchAction","target":{"@type":"EntryPoint","urlTemplate":"https:\/\/dicodusport.fr\/blog\/?s={search_term_string}"},"query-input":{"@type":"PropertyValueSpecification","valueRequired":true,"valueName":"search_term_string"}}],"inLanguage":"fr-FR"},{"@type":"NewsMediaOrganization","@id":"https:\/\/dicodusport.fr\/blog\/#organization","name":"Dicodusport","url":"https:\/\/dicodusport.fr\/blog\/","logo":{"@type":"ImageObject","inLanguage":"fr-FR","@id":"https:\/\/dicodusport.fr\/blog\/#\/schema\/logo\/image\/","url":"https:\/\/dicodusport.fr\/blog\/wp-content\/uploads\/2020\/06\/cropped-LOGO-DICODUSPORT-2020-SANS-FOND-SANS-TEXTE.png","contentUrl":"https:\/\/dicodusport.fr\/blog\/wp-content\/uploads\/2020\/06\/cropped-LOGO-DICODUSPORT-2020-SANS-FOND-SANS-TEXTE.png","width":512,"height":512,"caption":"Dicodusport"},"image":{"@id":"https:\/\/dicodusport.fr\/blog\/#\/schema\/logo\/image\/"},"sameAs":["https:\/\/www.facebook.com\/dicodusport","https:\/\/x.com\/dicodusport","https:\/\/www.instagram.com\/dicodusport\/","https:\/\/www.youtube.com\/channel\/UC7V2KZ5sd3htJivAbA4ZG3w"],"description":"Dicodusport est l'encyclop\u00e9die de l'actualit\u00e9 sportive.","email":"bonjour@dicodusport.fr","legalName":"DICODUSPORT","foundingDate":"2018-01-14","vatID":"FR71834470973","taxID":"83447097300043","numberOfEmployees":{"@type":"QuantitativeValue","minValue":"1","maxValue":"10"}},{"@type":"Person","@id":"https:\/\/dicodusport.fr\/blog\/#\/schema\/person\/55dcb50ad410894e431ed812bbb70191","name":"Nicolas Jacquemard","image":{"@type":"ImageObject","inLanguage":"fr-FR","@id":"https:\/\/dicodusport.fr\/blog\/#\/schema\/person\/image\/","url":"https:\/\/dicodusport.fr\/blog\/wp-content\/uploads\/2021\/05\/Nicolas-Jacquemard-150x150.jpeg","contentUrl":"https:\/\/dicodusport.fr\/blog\/wp-content\/uploads\/2021\/05\/Nicolas-Jacquemard-150x150.jpeg","caption":"Nicolas Jacquemard"},"description":"Passionn\u00e9 de sport et entrepreneur depuis mes 18 ans, la cr\u00e9ation de Dicodusport m'a sembl\u00e9 \u00e9vidente pour participer \u00e0 la m\u00e9diatisation d'un plus grand nombre de sports. Le chemin est long mais avec une \u00e9quipe des plus motiv\u00e9es et les Jeux Olympiques de Paris 2024 en point de mire, nous y arriverons ! Journaliste dans le monde du sport depuis plus de 5 ans, je traite aussi bien de football, de rugby, de biathlon que de cyclisme.","sameAs":["https:\/\/www.facebook.com\/dicodusport","https:\/\/x.com\/https:\/\/twitter.com\/Nico_Jacquemard"],"url":"https:\/\/dicodusport.fr\/blog\/author\/dicodusport\/"}]}},"_links":{"self":[{"href":"https:\/\/dicodusport.fr\/blog\/wp-json\/wp\/v2\/posts\/379758","targetHints":{"allow":["GET"]}}],"collection":[{"href":"https:\/\/dicodusport.fr\/blog\/wp-json\/wp\/v2\/posts"}],"about":[{"href":"https:\/\/dicodusport.fr\/blog\/wp-json\/wp\/v2\/types\/post"}],"author":[{"embeddable":true,"href":"https:\/\/dicodusport.fr\/blog\/wp-json\/wp\/v2\/users\/1"}],"replies":[{"embeddable":true,"href":"https:\/\/dicodusport.fr\/blog\/wp-json\/wp\/v2\/comments?post=379758"}],"version-history":[{"count":0,"href":"https:\/\/dicodusport.fr\/blog\/wp-json\/wp\/v2\/posts\/379758\/revisions"}],"wp:featuredmedia":[{"embeddable":true,"href":"https:\/\/dicodusport.fr\/blog\/wp-json\/wp\/v2\/media\/379785"}],"wp:attachment":[{"href":"https:\/\/dicodusport.fr\/blog\/wp-json\/wp\/v2\/media?parent=379758"}],"wp:term":[{"taxonomy":"category","embeddable":true,"href":"https:\/\/dicodusport.fr\/blog\/wp-json\/wp\/v2\/categories?post=379758"},{"taxonomy":"post_tag","embeddable":true,"href":"https:\/\/dicodusport.fr\/blog\/wp-json\/wp\/v2\/tags?post=379758"}],"curies":[{"name":"wp","href":"https:\/\/api.w.org\/{rel}","templated":true}]}}