{"id":37979,"date":"2019-04-28T17:00:32","date_gmt":"2019-04-28T15:00:32","guid":{"rendered":"http:\/\/dicodusport.fr\/blog\/?p=37979"},"modified":"2019-04-28T17:39:28","modified_gmt":"2019-04-28T15:39:28","slug":"liege-bastogne-liege-jakob-fuglsang-prend-sa-revanche-sur-la-doyenne","status":"publish","type":"post","link":"https:\/\/dicodusport.fr\/blog\/liege-bastogne-liege-jakob-fuglsang-prend-sa-revanche-sur-la-doyenne\/","title":{"rendered":"Li\u00e8ge-Bastogne-Li\u00e8ge : Jakob Fuglsang prend sa revanche sur la Doyenne"},"content":{"rendered":"<p style=\"text-align: justify;\"><strong><em>Le Danois Jakob Fuglsang a remport\u00e9 Li\u00e8ge-Bastogne-Li\u00e8ge ce dimanche. Parti en costaud en haut de la C\u00f4te de la Roche aux Faucons, le coureur d&rsquo;Astana d\u00e9croche la plus belle victoire de sa carri\u00e8re. Julian Alaphilippe, vainqueur de sa deuxi\u00e8me Fl\u00e8che Wallonne cette semaine, a craqu\u00e9.<\/em> <\/strong><\/p>\n<p style=\"text-align: justify;\">Dans des conditions rendues difficiles par la pluie et le vent, Jakob Fuglsang a tir\u00e9 son \u00e9pingle du jeu, avec la victoire au bout cette fois-ci. Si les favoris se sont marqu\u00e9s jusqu&rsquo;\u00e0 la derni\u00e8re difficult\u00e9, la c\u00f4te de la Roche aux Faucons, le Danois d&rsquo;Astana s&rsquo;est montr\u00e9 le plus fort dans celle-ci, attaquant au bon moment. Avec lui, Michael Woods (EF Education) et Davide Formolo (Bora-Hansgrohe) ont bien tent\u00e9 de suivre, mais Fuglsang, trop fort, terminait en solitaire. <a href=\"https:\/\/dicodusport.fr\/blog\/julian-alaphilippe-triomphe-sur-l-amstel-gold-race\/\" target=\"_blank\" rel=\"noopener\">Troisi\u00e8me sur l&rsquo;Amstel Gold Race<\/a> et <a href=\"https:\/\/dicodusport.fr\/blog\/julian-alaphilippe-remporte-sa-deuxieme-fleche-wallonne\/\" target=\"_blank\" rel=\"noopener\">deuxi\u00e8me sur la Fl\u00e8che Wallonne<\/a>, le coureur de 34 ans conclut de la plus belle des mani\u00e8res sa campagne ardennaise.<\/p>\n<p style=\"text-align: justify;\">Le Danois, imp\u00e9rial aujourd&rsquo;hui, devance au final deux coureurs de la Bora-Hansgrohe, Davide Formolo et Maximilian Schachmann.<\/p>\n<p>https:\/\/twitter.com\/francetvsport\/status\/1122517514532151296<\/p>\n<h1 style=\"text-align: justify;\">Alaphilippe n&rsquo;a pas pu suivre<\/h1>\n<p style=\"text-align: justify;\">\u00c9mouss\u00e9 et \u00e0 bout de souffle apr\u00e8s un d\u00e9but de saison \u00e9clatant, Julian Alaphilippe n&rsquo;a cette fois pas pu peser. Incapable de suivre Jakob Fuglsang dans la Roche aux Faucons, le Fran\u00e7ais a subi le final de la course. Seizi\u00e8me \u00e0 l&rsquo;arriv\u00e9e, il devra encore attendre avant de lever les bras sur un deuxi\u00e8me Monument. La satisfaction du c\u00f4t\u00e9 des Tricolores, c&rsquo;est David Gaudu (Groupama-FDJ) qui prend une belle 6\u00e8me place \u00e0 Li\u00e8ge.<\/p>\n<p><strong><em>Dicodusport<br \/>\n<a href=\"https:\/\/www.facebook.com\/dicodusport\/\" target=\"_blank\" rel=\"noopener\"><img loading=\"lazy\" decoding=\"async\" class=\"alignnone wp-image-2909\" src=\"http:\/\/dicodusport.fr\/blog\/wp-content\/uploads\/2017\/07\/logo-facebook-150x150.png\" alt=\"\" width=\"40\" height=\"40\" \/><\/a><a href=\"https:\/\/twitter.com\/dicodusport\" target=\"_blank\" rel=\"noopener\"><img loading=\"lazy\" decoding=\"async\" class=\"alignnone wp-image-2908\" src=\"http:\/\/dicodusport.fr\/blog\/wp-content\/uploads\/2017\/07\/logo-twitter-150x150.png\" alt=\"\" width=\"39\" height=\"39\" \/><\/a><\/em><\/strong><\/p>\n","protected":false},"excerpt":{"rendered":"<p>Le Danois Jakob Fuglsang a remport\u00e9 Li\u00e8ge-Bastogne-Li\u00e8ge ce dimanche. Parti en costaud en haut de la C\u00f4te de la Roche aux Faucons, le coureur d&rsquo;Astana d\u00e9croche la plus belle victoire de sa carri\u00e8re.<\/p>\n","protected":false},"author":4,"featured_media":38010,"comment_status":"open","ping_status":"closed","sticky":false,"template":"","format":"standard","meta":{"_acf_changed":false,"_daextam_enable_autolinks":"","footnotes":""},"categories":[2,2307],"tags":[574,4165],"class_list":["post-37979","post","type-post","status-publish","format-standard","has-post-thumbnail","hentry","category-actualites","category-cyclisme","tag-cyclisme","tag-liege-bastogne-liege"],"acf":[],"yoast_head":"<!-- This site is optimized with the Yoast SEO Premium plugin v26.7 (Yoast SEO v26.7) - https:\/\/yoast.com\/wordpress\/plugins\/seo\/ -->\n<title>Li\u00e8ge-Bastogne-Li\u00e8ge : Jakob Fuglsang prend sa revanche sur la Doyenne<\/title>\n<meta name=\"description\" content=\"Le Danois Jakob Fuglsang a remport\u00e9 Li\u00e8ge-Bastogne-Li\u00e8ge ce dimanche. Le coureur d&#039;Astana d\u00e9croche la plus belle victoire de sa carri\u00e8re.\" \/>\n<meta name=\"robots\" content=\"index, follow, max-snippet:-1, max-image-preview:large, max-video-preview:-1\" \/>\n<link rel=\"canonical\" href=\"https:\/\/dicodusport.fr\/blog\/liege-bastogne-liege-jakob-fuglsang-prend-sa-revanche-sur-la-doyenne\/\" \/>\n<meta property=\"og:locale\" content=\"fr_FR\" \/>\n<meta property=\"og:type\" content=\"article\" \/>\n<meta property=\"og:title\" content=\"Li\u00e8ge-Bastogne-Li\u00e8ge : Jakob Fuglsang prend sa revanche sur la Doyenne\" \/>\n<meta property=\"og:description\" content=\"Le Danois Jakob Fuglsang a remport\u00e9 Li\u00e8ge-Bastogne-Li\u00e8ge ce dimanche. Le coureur d&#039;Astana d\u00e9croche la plus belle victoire de sa carri\u00e8re.\" \/>\n<meta property=\"og:url\" content=\"https:\/\/dicodusport.fr\/blog\/liege-bastogne-liege-jakob-fuglsang-prend-sa-revanche-sur-la-doyenne\/\" \/>\n<meta property=\"og:site_name\" content=\"Dicodusport\" \/>\n<meta property=\"article:publisher\" content=\"https:\/\/www.facebook.com\/dicodusport\" \/>\n<meta property=\"article:author\" content=\"https:\/\/www.facebook.com\/florent.ostermann\" \/>\n<meta property=\"article:published_time\" content=\"2019-04-28T15:00:32+00:00\" \/>\n<meta property=\"article:modified_time\" content=\"2019-04-28T15:39:28+00:00\" \/>\n<meta property=\"og:image\" content=\"https:\/\/dicodusport.fr\/blog\/wp-content\/uploads\/2019\/04\/Jakob-Fuglsang-Li\u00e8ge-Bastogne-Li\u00e8ge.png\" \/>\n\t<meta property=\"og:image:width\" content=\"800\" \/>\n\t<meta property=\"og:image:height\" content=\"445\" \/>\n\t<meta property=\"og:image:type\" content=\"image\/png\" \/>\n<meta name=\"author\" content=\"Flo Ostermann\" \/>\n<meta name=\"twitter:card\" content=\"summary_large_image\" \/>\n<meta name=\"twitter:creator\" content=\"@https:\/\/twitter.com\/FlOstermann\" \/>\n<meta name=\"twitter:site\" content=\"@dicodusport\" \/>\n<script type=\"application\/ld+json\" class=\"yoast-schema-graph\">{\"@context\":\"https:\/\/schema.org\",\"@graph\":[{\"@type\":\"NewsArticle\",\"@id\":\"https:\/\/dicodusport.fr\/blog\/liege-bastogne-liege-jakob-fuglsang-prend-sa-revanche-sur-la-doyenne\/#article\",\"isPartOf\":{\"@id\":\"https:\/\/dicodusport.fr\/blog\/liege-bastogne-liege-jakob-fuglsang-prend-sa-revanche-sur-la-doyenne\/\"},\"author\":{\"name\":\"Flo Ostermann\",\"@id\":\"https:\/\/dicodusport.fr\/blog\/#\/schema\/person\/cb02af4c173ce4a653b55e9baf388d4a\"},\"headline\":\"Li\u00e8ge-Bastogne-Li\u00e8ge : Jakob Fuglsang prend sa revanche sur la Doyenne\",\"datePublished\":\"2019-04-28T15:00:32+00:00\",\"dateModified\":\"2019-04-28T15:39:28+00:00\",\"mainEntityOfPage\":{\"@id\":\"https:\/\/dicodusport.fr\/blog\/liege-bastogne-liege-jakob-fuglsang-prend-sa-revanche-sur-la-doyenne\/\"},\"wordCount\":290,\"commentCount\":0,\"publisher\":{\"@id\":\"https:\/\/dicodusport.fr\/blog\/#organization\"},\"image\":{\"@id\":\"https:\/\/dicodusport.fr\/blog\/liege-bastogne-liege-jakob-fuglsang-prend-sa-revanche-sur-la-doyenne\/#primaryimage\"},\"thumbnailUrl\":\"https:\/\/dicodusport.fr\/blog\/wp-content\/uploads\/2019\/04\/Jakob-Fuglsang-Li\u00e8ge-Bastogne-Li\u00e8ge.png\",\"keywords\":[\"Cyclisme\",\"Li\u00e8ge-Bastogne-Li\u00e8ge\"],\"articleSection\":[\"Actualit\u00e9s\",\"Cyclisme\"],\"inLanguage\":\"fr-FR\",\"potentialAction\":[{\"@type\":\"CommentAction\",\"name\":\"Comment\",\"target\":[\"https:\/\/dicodusport.fr\/blog\/liege-bastogne-liege-jakob-fuglsang-prend-sa-revanche-sur-la-doyenne\/#respond\"]}],\"copyrightYear\":\"2019\",\"copyrightHolder\":{\"@id\":\"https:\/\/dicodusport.fr\/blog\/#organization\"}},{\"@type\":\"WebPage\",\"@id\":\"https:\/\/dicodusport.fr\/blog\/liege-bastogne-liege-jakob-fuglsang-prend-sa-revanche-sur-la-doyenne\/\",\"url\":\"https:\/\/dicodusport.fr\/blog\/liege-bastogne-liege-jakob-fuglsang-prend-sa-revanche-sur-la-doyenne\/\",\"name\":\"Li\u00e8ge-Bastogne-Li\u00e8ge : Jakob Fuglsang prend sa revanche sur la Doyenne\",\"isPartOf\":{\"@id\":\"https:\/\/dicodusport.fr\/blog\/#website\"},\"primaryImageOfPage\":{\"@id\":\"https:\/\/dicodusport.fr\/blog\/liege-bastogne-liege-jakob-fuglsang-prend-sa-revanche-sur-la-doyenne\/#primaryimage\"},\"image\":{\"@id\":\"https:\/\/dicodusport.fr\/blog\/liege-bastogne-liege-jakob-fuglsang-prend-sa-revanche-sur-la-doyenne\/#primaryimage\"},\"thumbnailUrl\":\"https:\/\/dicodusport.fr\/blog\/wp-content\/uploads\/2019\/04\/Jakob-Fuglsang-Li\u00e8ge-Bastogne-Li\u00e8ge.png\",\"datePublished\":\"2019-04-28T15:00:32+00:00\",\"dateModified\":\"2019-04-28T15:39:28+00:00\",\"description\":\"Le Danois Jakob Fuglsang a remport\u00e9 Li\u00e8ge-Bastogne-Li\u00e8ge ce dimanche. Le coureur d'Astana d\u00e9croche la plus belle victoire de sa carri\u00e8re.\",\"breadcrumb\":{\"@id\":\"https:\/\/dicodusport.fr\/blog\/liege-bastogne-liege-jakob-fuglsang-prend-sa-revanche-sur-la-doyenne\/#breadcrumb\"},\"inLanguage\":\"fr-FR\",\"potentialAction\":[{\"@type\":\"ReadAction\",\"target\":[\"https:\/\/dicodusport.fr\/blog\/liege-bastogne-liege-jakob-fuglsang-prend-sa-revanche-sur-la-doyenne\/\"]}]},{\"@type\":\"ImageObject\",\"inLanguage\":\"fr-FR\",\"@id\":\"https:\/\/dicodusport.fr\/blog\/liege-bastogne-liege-jakob-fuglsang-prend-sa-revanche-sur-la-doyenne\/#primaryimage\",\"url\":\"https:\/\/dicodusport.fr\/blog\/wp-content\/uploads\/2019\/04\/Jakob-Fuglsang-Li\u00e8ge-Bastogne-Li\u00e8ge.png\",\"contentUrl\":\"https:\/\/dicodusport.fr\/blog\/wp-content\/uploads\/2019\/04\/Jakob-Fuglsang-Li\u00e8ge-Bastogne-Li\u00e8ge.png\",\"width\":800,\"height\":445},{\"@type\":\"BreadcrumbList\",\"@id\":\"https:\/\/dicodusport.fr\/blog\/liege-bastogne-liege-jakob-fuglsang-prend-sa-revanche-sur-la-doyenne\/#breadcrumb\",\"itemListElement\":[{\"@type\":\"ListItem\",\"position\":1,\"name\":\"Accueil\",\"item\":\"https:\/\/dicodusport.fr\/blog\/\"},{\"@type\":\"ListItem\",\"position\":2,\"name\":\"Li\u00e8ge-Bastogne-Li\u00e8ge : Jakob Fuglsang prend sa revanche sur la Doyenne\"}]},{\"@type\":\"WebSite\",\"@id\":\"https:\/\/dicodusport.fr\/blog\/#website\",\"url\":\"https:\/\/dicodusport.fr\/blog\/\",\"name\":\"Dicodusport\",\"description\":\"L&#039;encyclop\u00e9die de l&#039;actualit\u00e9 sportive\",\"publisher\":{\"@id\":\"https:\/\/dicodusport.fr\/blog\/#organization\"},\"potentialAction\":[{\"@type\":\"SearchAction\",\"target\":{\"@type\":\"EntryPoint\",\"urlTemplate\":\"https:\/\/dicodusport.fr\/blog\/?s={search_term_string}\"},\"query-input\":{\"@type\":\"PropertyValueSpecification\",\"valueRequired\":true,\"valueName\":\"search_term_string\"}}],\"inLanguage\":\"fr-FR\"},{\"@type\":\"NewsMediaOrganization\",\"@id\":\"https:\/\/dicodusport.fr\/blog\/#organization\",\"name\":\"Dicodusport\",\"url\":\"https:\/\/dicodusport.fr\/blog\/\",\"logo\":{\"@type\":\"ImageObject\",\"inLanguage\":\"fr-FR\",\"@id\":\"https:\/\/dicodusport.fr\/blog\/#\/schema\/logo\/image\/\",\"url\":\"https:\/\/dicodusport.fr\/blog\/wp-content\/uploads\/2020\/06\/cropped-LOGO-DICODUSPORT-2020-SANS-FOND-SANS-TEXTE.png\",\"contentUrl\":\"https:\/\/dicodusport.fr\/blog\/wp-content\/uploads\/2020\/06\/cropped-LOGO-DICODUSPORT-2020-SANS-FOND-SANS-TEXTE.png\",\"width\":512,\"height\":512,\"caption\":\"Dicodusport\"},\"image\":{\"@id\":\"https:\/\/dicodusport.fr\/blog\/#\/schema\/logo\/image\/\"},\"sameAs\":[\"https:\/\/www.facebook.com\/dicodusport\",\"https:\/\/x.com\/dicodusport\",\"https:\/\/www.instagram.com\/dicodusport\/\",\"https:\/\/www.youtube.com\/channel\/UC7V2KZ5sd3htJivAbA4ZG3w\"],\"description\":\"Dicodusport est l'encyclop\u00e9die de l'actualit\u00e9 sportive.\",\"email\":\"bonjour@dicodusport.fr\",\"legalName\":\"DICODUSPORT\",\"foundingDate\":\"2018-01-14\",\"vatID\":\"FR71834470973\",\"taxID\":\"83447097300043\",\"numberOfEmployees\":{\"@type\":\"QuantitativeValue\",\"minValue\":\"1\",\"maxValue\":\"10\"}},{\"@type\":\"Person\",\"@id\":\"https:\/\/dicodusport.fr\/blog\/#\/schema\/person\/cb02af4c173ce4a653b55e9baf388d4a\",\"name\":\"Flo Ostermann\",\"image\":{\"@type\":\"ImageObject\",\"inLanguage\":\"fr-FR\",\"@id\":\"https:\/\/dicodusport.fr\/blog\/#\/schema\/person\/image\/\",\"url\":\"https:\/\/dicodusport.fr\/blog\/wp-content\/uploads\/2021\/05\/Flo-Ostermann-150x150.jpg\",\"contentUrl\":\"https:\/\/dicodusport.fr\/blog\/wp-content\/uploads\/2021\/05\/Flo-Ostermann-150x150.jpg\",\"caption\":\"Flo Ostermann\"},\"description\":\"Journaliste\/R\u00e9dacteur depuis septembre 2015 - Mes premiers souvenirs dans le sport ? Les envol\u00e9es du Stade Toulousain et les duels Villeneuve-Schumacher et H\u00e4kkinen-Schumacher \u00e0 la fin des ann\u00e9es 90, la Coupe du monde de football en 1998, l\u2019exploit du XV de France face aux All Blacks en 1999, mais aussi Richard C\u0153ur de Lion qui vole sur les montagnes du Tour de France. Bien parti pour devenir professeur d\u2019EPS, les \u00e9v\u00e9nements de la vie (et la flemme d\u2019animer des s\u00e9ances de 3x500 m\u00e8tres toute ma vie) m\u2019ont conduit \u00e0 revoir mes plans. Me voil\u00e0 depuis fin 2017 sur Dicodusport, m\u00e9dia gr\u00e2ce (et pour) lequel je partage ma passion : le sport dans tous ses \u00e9tats. Le tout accompagn\u00e9 par les fous furieux et folles furieuses cit\u00e9s sur cette page !\",\"sameAs\":[\"https:\/\/www.facebook.com\/florent.ostermann\",\"https:\/\/x.com\/https:\/\/twitter.com\/FlOstermann\",\"admin\"],\"url\":\"https:\/\/dicodusport.fr\/blog\/author\/flo\/\"}]}<\/script>\n<!-- \/ Yoast SEO Premium plugin. -->","yoast_head_json":{"title":"Li\u00e8ge-Bastogne-Li\u00e8ge : Jakob Fuglsang prend sa revanche sur la Doyenne","description":"Le Danois Jakob Fuglsang a remport\u00e9 Li\u00e8ge-Bastogne-Li\u00e8ge ce dimanche. Le coureur d'Astana d\u00e9croche la plus belle victoire de sa carri\u00e8re.","robots":{"index":"index","follow":"follow","max-snippet":"max-snippet:-1","max-image-preview":"max-image-preview:large","max-video-preview":"max-video-preview:-1"},"canonical":"https:\/\/dicodusport.fr\/blog\/liege-bastogne-liege-jakob-fuglsang-prend-sa-revanche-sur-la-doyenne\/","og_locale":"fr_FR","og_type":"article","og_title":"Li\u00e8ge-Bastogne-Li\u00e8ge : Jakob Fuglsang prend sa revanche sur la Doyenne","og_description":"Le Danois Jakob Fuglsang a remport\u00e9 Li\u00e8ge-Bastogne-Li\u00e8ge ce dimanche. Le coureur d'Astana d\u00e9croche la plus belle victoire de sa carri\u00e8re.","og_url":"https:\/\/dicodusport.fr\/blog\/liege-bastogne-liege-jakob-fuglsang-prend-sa-revanche-sur-la-doyenne\/","og_site_name":"Dicodusport","article_publisher":"https:\/\/www.facebook.com\/dicodusport","article_author":"https:\/\/www.facebook.com\/florent.ostermann","article_published_time":"2019-04-28T15:00:32+00:00","article_modified_time":"2019-04-28T15:39:28+00:00","og_image":[{"width":800,"height":445,"url":"https:\/\/dicodusport.fr\/blog\/wp-content\/uploads\/2019\/04\/Jakob-Fuglsang-Li\u00e8ge-Bastogne-Li\u00e8ge.png","type":"image\/png"}],"author":"Flo Ostermann","twitter_card":"summary_large_image","twitter_creator":"@https:\/\/twitter.com\/FlOstermann","twitter_site":"@dicodusport","schema":{"@context":"https:\/\/schema.org","@graph":[{"@type":"NewsArticle","@id":"https:\/\/dicodusport.fr\/blog\/liege-bastogne-liege-jakob-fuglsang-prend-sa-revanche-sur-la-doyenne\/#article","isPartOf":{"@id":"https:\/\/dicodusport.fr\/blog\/liege-bastogne-liege-jakob-fuglsang-prend-sa-revanche-sur-la-doyenne\/"},"author":{"name":"Flo Ostermann","@id":"https:\/\/dicodusport.fr\/blog\/#\/schema\/person\/cb02af4c173ce4a653b55e9baf388d4a"},"headline":"Li\u00e8ge-Bastogne-Li\u00e8ge : Jakob Fuglsang prend sa revanche sur la Doyenne","datePublished":"2019-04-28T15:00:32+00:00","dateModified":"2019-04-28T15:39:28+00:00","mainEntityOfPage":{"@id":"https:\/\/dicodusport.fr\/blog\/liege-bastogne-liege-jakob-fuglsang-prend-sa-revanche-sur-la-doyenne\/"},"wordCount":290,"commentCount":0,"publisher":{"@id":"https:\/\/dicodusport.fr\/blog\/#organization"},"image":{"@id":"https:\/\/dicodusport.fr\/blog\/liege-bastogne-liege-jakob-fuglsang-prend-sa-revanche-sur-la-doyenne\/#primaryimage"},"thumbnailUrl":"https:\/\/dicodusport.fr\/blog\/wp-content\/uploads\/2019\/04\/Jakob-Fuglsang-Li\u00e8ge-Bastogne-Li\u00e8ge.png","keywords":["Cyclisme","Li\u00e8ge-Bastogne-Li\u00e8ge"],"articleSection":["Actualit\u00e9s","Cyclisme"],"inLanguage":"fr-FR","potentialAction":[{"@type":"CommentAction","name":"Comment","target":["https:\/\/dicodusport.fr\/blog\/liege-bastogne-liege-jakob-fuglsang-prend-sa-revanche-sur-la-doyenne\/#respond"]}],"copyrightYear":"2019","copyrightHolder":{"@id":"https:\/\/dicodusport.fr\/blog\/#organization"}},{"@type":"WebPage","@id":"https:\/\/dicodusport.fr\/blog\/liege-bastogne-liege-jakob-fuglsang-prend-sa-revanche-sur-la-doyenne\/","url":"https:\/\/dicodusport.fr\/blog\/liege-bastogne-liege-jakob-fuglsang-prend-sa-revanche-sur-la-doyenne\/","name":"Li\u00e8ge-Bastogne-Li\u00e8ge : Jakob Fuglsang prend sa revanche sur la Doyenne","isPartOf":{"@id":"https:\/\/dicodusport.fr\/blog\/#website"},"primaryImageOfPage":{"@id":"https:\/\/dicodusport.fr\/blog\/liege-bastogne-liege-jakob-fuglsang-prend-sa-revanche-sur-la-doyenne\/#primaryimage"},"image":{"@id":"https:\/\/dicodusport.fr\/blog\/liege-bastogne-liege-jakob-fuglsang-prend-sa-revanche-sur-la-doyenne\/#primaryimage"},"thumbnailUrl":"https:\/\/dicodusport.fr\/blog\/wp-content\/uploads\/2019\/04\/Jakob-Fuglsang-Li\u00e8ge-Bastogne-Li\u00e8ge.png","datePublished":"2019-04-28T15:00:32+00:00","dateModified":"2019-04-28T15:39:28+00:00","description":"Le Danois Jakob Fuglsang a remport\u00e9 Li\u00e8ge-Bastogne-Li\u00e8ge ce dimanche. Le coureur d'Astana d\u00e9croche la plus belle victoire de sa carri\u00e8re.","breadcrumb":{"@id":"https:\/\/dicodusport.fr\/blog\/liege-bastogne-liege-jakob-fuglsang-prend-sa-revanche-sur-la-doyenne\/#breadcrumb"},"inLanguage":"fr-FR","potentialAction":[{"@type":"ReadAction","target":["https:\/\/dicodusport.fr\/blog\/liege-bastogne-liege-jakob-fuglsang-prend-sa-revanche-sur-la-doyenne\/"]}]},{"@type":"ImageObject","inLanguage":"fr-FR","@id":"https:\/\/dicodusport.fr\/blog\/liege-bastogne-liege-jakob-fuglsang-prend-sa-revanche-sur-la-doyenne\/#primaryimage","url":"https:\/\/dicodusport.fr\/blog\/wp-content\/uploads\/2019\/04\/Jakob-Fuglsang-Li\u00e8ge-Bastogne-Li\u00e8ge.png","contentUrl":"https:\/\/dicodusport.fr\/blog\/wp-content\/uploads\/2019\/04\/Jakob-Fuglsang-Li\u00e8ge-Bastogne-Li\u00e8ge.png","width":800,"height":445},{"@type":"BreadcrumbList","@id":"https:\/\/dicodusport.fr\/blog\/liege-bastogne-liege-jakob-fuglsang-prend-sa-revanche-sur-la-doyenne\/#breadcrumb","itemListElement":[{"@type":"ListItem","position":1,"name":"Accueil","item":"https:\/\/dicodusport.fr\/blog\/"},{"@type":"ListItem","position":2,"name":"Li\u00e8ge-Bastogne-Li\u00e8ge : Jakob Fuglsang prend sa revanche sur la Doyenne"}]},{"@type":"WebSite","@id":"https:\/\/dicodusport.fr\/blog\/#website","url":"https:\/\/dicodusport.fr\/blog\/","name":"Dicodusport","description":"L&#039;encyclop\u00e9die de l&#039;actualit\u00e9 sportive","publisher":{"@id":"https:\/\/dicodusport.fr\/blog\/#organization"},"potentialAction":[{"@type":"SearchAction","target":{"@type":"EntryPoint","urlTemplate":"https:\/\/dicodusport.fr\/blog\/?s={search_term_string}"},"query-input":{"@type":"PropertyValueSpecification","valueRequired":true,"valueName":"search_term_string"}}],"inLanguage":"fr-FR"},{"@type":"NewsMediaOrganization","@id":"https:\/\/dicodusport.fr\/blog\/#organization","name":"Dicodusport","url":"https:\/\/dicodusport.fr\/blog\/","logo":{"@type":"ImageObject","inLanguage":"fr-FR","@id":"https:\/\/dicodusport.fr\/blog\/#\/schema\/logo\/image\/","url":"https:\/\/dicodusport.fr\/blog\/wp-content\/uploads\/2020\/06\/cropped-LOGO-DICODUSPORT-2020-SANS-FOND-SANS-TEXTE.png","contentUrl":"https:\/\/dicodusport.fr\/blog\/wp-content\/uploads\/2020\/06\/cropped-LOGO-DICODUSPORT-2020-SANS-FOND-SANS-TEXTE.png","width":512,"height":512,"caption":"Dicodusport"},"image":{"@id":"https:\/\/dicodusport.fr\/blog\/#\/schema\/logo\/image\/"},"sameAs":["https:\/\/www.facebook.com\/dicodusport","https:\/\/x.com\/dicodusport","https:\/\/www.instagram.com\/dicodusport\/","https:\/\/www.youtube.com\/channel\/UC7V2KZ5sd3htJivAbA4ZG3w"],"description":"Dicodusport est l'encyclop\u00e9die de l'actualit\u00e9 sportive.","email":"bonjour@dicodusport.fr","legalName":"DICODUSPORT","foundingDate":"2018-01-14","vatID":"FR71834470973","taxID":"83447097300043","numberOfEmployees":{"@type":"QuantitativeValue","minValue":"1","maxValue":"10"}},{"@type":"Person","@id":"https:\/\/dicodusport.fr\/blog\/#\/schema\/person\/cb02af4c173ce4a653b55e9baf388d4a","name":"Flo Ostermann","image":{"@type":"ImageObject","inLanguage":"fr-FR","@id":"https:\/\/dicodusport.fr\/blog\/#\/schema\/person\/image\/","url":"https:\/\/dicodusport.fr\/blog\/wp-content\/uploads\/2021\/05\/Flo-Ostermann-150x150.jpg","contentUrl":"https:\/\/dicodusport.fr\/blog\/wp-content\/uploads\/2021\/05\/Flo-Ostermann-150x150.jpg","caption":"Flo Ostermann"},"description":"Journaliste\/R\u00e9dacteur depuis septembre 2015 - Mes premiers souvenirs dans le sport ? Les envol\u00e9es du Stade Toulousain et les duels Villeneuve-Schumacher et H\u00e4kkinen-Schumacher \u00e0 la fin des ann\u00e9es 90, la Coupe du monde de football en 1998, l\u2019exploit du XV de France face aux All Blacks en 1999, mais aussi Richard C\u0153ur de Lion qui vole sur les montagnes du Tour de France. Bien parti pour devenir professeur d\u2019EPS, les \u00e9v\u00e9nements de la vie (et la flemme d\u2019animer des s\u00e9ances de 3x500 m\u00e8tres toute ma vie) m\u2019ont conduit \u00e0 revoir mes plans. Me voil\u00e0 depuis fin 2017 sur Dicodusport, m\u00e9dia gr\u00e2ce (et pour) lequel je partage ma passion : le sport dans tous ses \u00e9tats. Le tout accompagn\u00e9 par les fous furieux et folles furieuses cit\u00e9s sur cette page !","sameAs":["https:\/\/www.facebook.com\/florent.ostermann","https:\/\/x.com\/https:\/\/twitter.com\/FlOstermann","admin"],"url":"https:\/\/dicodusport.fr\/blog\/author\/flo\/"}]}},"_links":{"self":[{"href":"https:\/\/dicodusport.fr\/blog\/wp-json\/wp\/v2\/posts\/37979","targetHints":{"allow":["GET"]}}],"collection":[{"href":"https:\/\/dicodusport.fr\/blog\/wp-json\/wp\/v2\/posts"}],"about":[{"href":"https:\/\/dicodusport.fr\/blog\/wp-json\/wp\/v2\/types\/post"}],"author":[{"embeddable":true,"href":"https:\/\/dicodusport.fr\/blog\/wp-json\/wp\/v2\/users\/4"}],"replies":[{"embeddable":true,"href":"https:\/\/dicodusport.fr\/blog\/wp-json\/wp\/v2\/comments?post=37979"}],"version-history":[{"count":0,"href":"https:\/\/dicodusport.fr\/blog\/wp-json\/wp\/v2\/posts\/37979\/revisions"}],"wp:featuredmedia":[{"embeddable":true,"href":"https:\/\/dicodusport.fr\/blog\/wp-json\/wp\/v2\/media\/38010"}],"wp:attachment":[{"href":"https:\/\/dicodusport.fr\/blog\/wp-json\/wp\/v2\/media?parent=37979"}],"wp:term":[{"taxonomy":"category","embeddable":true,"href":"https:\/\/dicodusport.fr\/blog\/wp-json\/wp\/v2\/categories?post=37979"},{"taxonomy":"post_tag","embeddable":true,"href":"https:\/\/dicodusport.fr\/blog\/wp-json\/wp\/v2\/tags?post=37979"}],"curies":[{"name":"wp","href":"https:\/\/api.w.org\/{rel}","templated":true}]}}