{"id":379987,"date":"2023-05-07T12:39:19","date_gmt":"2023-05-07T10:39:19","guid":{"rendered":"https:\/\/dicodusport.fr\/blog\/?p=379987&#038;preview=true&#038;preview_id=379987"},"modified":"2023-05-07T14:59:59","modified_gmt":"2023-05-07T12:59:59","slug":"mercato-ol-lyon-veut-soffrir-skelly-alvero","status":"publish","type":"post","link":"https:\/\/dicodusport.fr\/blog\/mercato-ol-lyon-veut-soffrir-skelly-alvero\/","title":{"rendered":"Mercato OL : Lyon veut s&rsquo;offrir Skelly Alvero"},"content":{"rendered":"<p style=\"text-align: justify;\" align=\"justify\"><em><b>LIGUE 1 2022-2023 &#8211; Selon L&rsquo;\u00c9quipe, l&rsquo;Olympique Lyonnais veut s&rsquo;offrir le jeune milieu de terrain de Sochaux, Skelly Alvero.<\/b><\/em><\/p>\n<p style=\"text-align: justify;\" align=\"justify\">Le jeune milieu fran\u00e7ais est une des r\u00e9v\u00e9lations de la saison de <strong>Ligue<\/strong> <strong>2<\/strong> et ne devrait pas rester longtemps \u00e0 ce niveau. \u00c0 tout juste 21 ans, <strong>Skelly<\/strong> <strong>Alvero<\/strong> a jou\u00e9 pas moins de 28 matchs de <strong>Ligue<\/strong> <strong>2<\/strong> cette saison, avec des prestations souvent abouties. Avec un profil tr\u00e8s atypique, puisqu&rsquo;il mesure plus de deux m\u00e8tres, il est promis \u00e0 un bel avenir et devrait changer de club cet \u00e9t\u00e9.<\/p>\n<h2 style=\"text-align: justify;\" align=\"justify\">Des clubs allemands sur le coup !<\/h2>\n<p style=\"text-align: justify;\" align=\"justify\">Bien que sous contrat avec <strong>Sochaux<\/strong> jusqu&rsquo;en 2025, un d\u00e9part est probable d\u00e8s cet \u00e9t\u00e9. Les dirigeants du club de <strong>Ligue<\/strong> <strong>2<\/strong> s&rsquo;attendent \u00e0 perdre leur joueur, mais n&rsquo;ont pour le moment re\u00e7u aucune offre concr\u00e8te. En <strong>France<\/strong>, l&rsquo;<strong>Olympique Lyonnais<\/strong> aurait coch\u00e9 son nom et aimerait le recruter pour renforcer son entre-jeu, apr\u00e8s notamment le d\u00e9part de <strong>Houssem<\/strong> <strong>Aouar<\/strong>.<\/p>\n<p style=\"text-align: justify;\" align=\"justify\">Mais le club du Rh\u00f4ne va avoir de la concurrence, puisque comme souvent avec les jeunes p\u00e9pites fran\u00e7aises, la Bundesliga le suit de pr\u00e8s. Le <strong>Borussia<\/strong> <strong>M\u00f6nchengladbach<\/strong> et <strong>Mayence<\/strong> sont int\u00e9ress\u00e9s et pourraient passer \u00e0 l&rsquo;action une fois la saison termin\u00e9e. <strong>Skelly<\/strong> <strong>Alvero<\/strong> devrait donc avoir l&#8217;embarras du choix au moment de d\u00e9cider de son avenir, dans quelques semaines.<\/p>\n<blockquote class=\"twitter-tweet\">\n<p dir=\"ltr\" lang=\"fr\">D&rsquo;apr\u00e8s les informations de <a href=\"https:\/\/twitter.com\/lequipe?ref_src=twsrc%5Etfw\">@lequipe<\/a>, l&rsquo;OL serait int\u00e9ress\u00e9 par le milieu de terrain sochalien Skelly Alvero \ud83e\udd14<\/p>\n<p>Mayence et Monchengladbach sont \u00e9galement sur le coup pour le jeune joueur de 21 ans \ud83d\udd34\ud83d\udd35<a href=\"https:\/\/twitter.com\/hashtag\/TeamOL?src=hash&amp;ref_src=twsrc%5Etfw\">#TeamOL<\/a> <a href=\"https:\/\/twitter.com\/hashtag\/MercatOL?src=hash&amp;ref_src=twsrc%5Etfw\">#MercatOL<\/a> <a href=\"https:\/\/t.co\/mvQlNDdewO\">pic.twitter.com\/mvQlNDdewO<\/a><\/p>\n<p>\u2014 \ud835\uddda\ud835\udde2\ud835\udde1\ud835\uddd8\ud835\uddd5\ud835\uddd4\ud835\uddd6\ud835\uddde (@GonebackOff) <a href=\"https:\/\/twitter.com\/GonebackOff\/status\/1655145407763054597?ref_src=twsrc%5Etfw\">May 7, 2023<\/a><\/p><\/blockquote>\n<p style=\"text-align: justify;\"><script async src=\"https:\/\/platform.twitter.com\/widgets.js\" charset=\"utf-8\"><\/script><\/p>\n","protected":false},"excerpt":{"rendered":"<p>LIGUE 1 2022-2023 &#8211; Selon L&rsquo;\u00c9quipe, l&rsquo;Olympique Lyonnais veut s&rsquo;offrir le jeune milieu de terrain de Sochaux, Skelly Alvero.<\/p>\n","protected":false},"author":1,"featured_media":379988,"comment_status":"open","ping_status":"closed","sticky":false,"template":"","format":"standard","meta":{"_acf_changed":false,"_daextam_enable_autolinks":"","footnotes":""},"categories":[2301,47045],"tags":[16878,75,449,1145],"class_list":["post-379987","post","type-post","status-publish","format-standard","has-post-thumbnail","hentry","category-football","category-ligue-1","tag-breve","tag-football","tag-lyon","tag-ol"],"acf":[],"yoast_head":"<!-- This site is optimized with the Yoast SEO Premium plugin v26.7 (Yoast SEO v26.7) - https:\/\/yoast.com\/wordpress\/plugins\/seo\/ -->\n<title>Mercato OL : Lyon veut s&#039;offrir Skelly Alvero<\/title>\n<meta name=\"description\" content=\"LIGUE 1 2022-2023 - Selon L&#039;\u00c9quipe, l&#039;Olympique Lyonnais veut s&#039;offrir le jeune milieu de terrain de Sochaux, Skelly Alvero.\" \/>\n<meta name=\"robots\" content=\"index, follow, max-snippet:-1, max-image-preview:large, max-video-preview:-1\" \/>\n<link rel=\"canonical\" href=\"https:\/\/dicodusport.fr\/blog\/mercato-ol-lyon-veut-soffrir-skelly-alvero\/\" \/>\n<meta property=\"og:locale\" content=\"fr_FR\" \/>\n<meta property=\"og:type\" content=\"article\" \/>\n<meta property=\"og:title\" content=\"Mercato OL : Lyon veut s&#039;offrir Skelly Alvero\" \/>\n<meta property=\"og:description\" content=\"LIGUE 1 2022-2023 - Selon L&#039;\u00c9quipe, l&#039;Olympique Lyonnais veut s&#039;offrir le jeune milieu de terrain de Sochaux, Skelly Alvero.\" \/>\n<meta property=\"og:url\" content=\"https:\/\/dicodusport.fr\/blog\/mercato-ol-lyon-veut-soffrir-skelly-alvero\/\" \/>\n<meta property=\"og:site_name\" content=\"Dicodusport\" \/>\n<meta property=\"article:publisher\" content=\"https:\/\/www.facebook.com\/dicodusport\" \/>\n<meta property=\"article:author\" content=\"https:\/\/www.facebook.com\/dicodusport\" \/>\n<meta property=\"article:published_time\" content=\"2023-05-07T10:39:19+00:00\" \/>\n<meta property=\"article:modified_time\" content=\"2023-05-07T12:59:59+00:00\" \/>\n<meta property=\"og:image\" content=\"https:\/\/dicodusport.fr\/blog\/wp-content\/uploads\/2023\/05\/Mercato-OL-Lyon-veut-soffrir-Skelly-Alvero.png\" \/>\n\t<meta property=\"og:image:width\" content=\"800\" \/>\n\t<meta property=\"og:image:height\" content=\"445\" \/>\n\t<meta property=\"og:image:type\" content=\"image\/png\" \/>\n<meta name=\"author\" content=\"Nicolas Jacquemard\" \/>\n<meta name=\"twitter:card\" content=\"summary_large_image\" \/>\n<meta name=\"twitter:title\" content=\"Mercato OL : Lyon veut s&#039;offrir Skelly Alvero\" \/>\n<meta name=\"twitter:creator\" content=\"@https:\/\/twitter.com\/Nico_Jacquemard\" \/>\n<meta name=\"twitter:site\" content=\"@dicodusport\" \/>\n<script type=\"application\/ld+json\" class=\"yoast-schema-graph\">{\"@context\":\"https:\/\/schema.org\",\"@graph\":[{\"@type\":\"NewsArticle\",\"@id\":\"https:\/\/dicodusport.fr\/blog\/mercato-ol-lyon-veut-soffrir-skelly-alvero\/#article\",\"isPartOf\":{\"@id\":\"https:\/\/dicodusport.fr\/blog\/mercato-ol-lyon-veut-soffrir-skelly-alvero\/\"},\"author\":{\"name\":\"Nicolas Jacquemard\",\"@id\":\"https:\/\/dicodusport.fr\/blog\/#\/schema\/person\/55dcb50ad410894e431ed812bbb70191\"},\"headline\":\"Mercato OL : Lyon veut s&rsquo;offrir Skelly Alvero\",\"datePublished\":\"2023-05-07T10:39:19+00:00\",\"dateModified\":\"2023-05-07T12:59:59+00:00\",\"mainEntityOfPage\":{\"@id\":\"https:\/\/dicodusport.fr\/blog\/mercato-ol-lyon-veut-soffrir-skelly-alvero\/\"},\"wordCount\":283,\"commentCount\":0,\"publisher\":{\"@id\":\"https:\/\/dicodusport.fr\/blog\/#organization\"},\"image\":{\"@id\":\"https:\/\/dicodusport.fr\/blog\/mercato-ol-lyon-veut-soffrir-skelly-alvero\/#primaryimage\"},\"thumbnailUrl\":\"https:\/\/dicodusport.fr\/blog\/wp-content\/uploads\/2023\/05\/Mercato-OL-Lyon-veut-soffrir-Skelly-Alvero.png\",\"keywords\":[\"br\u00e8ve\",\"Football\",\"Lyon\",\"OL\"],\"articleSection\":[\"Football\",\"Ligue 1\"],\"inLanguage\":\"fr-FR\",\"potentialAction\":[{\"@type\":\"CommentAction\",\"name\":\"Comment\",\"target\":[\"https:\/\/dicodusport.fr\/blog\/mercato-ol-lyon-veut-soffrir-skelly-alvero\/#respond\"]}],\"copyrightYear\":\"2023\",\"copyrightHolder\":{\"@id\":\"https:\/\/dicodusport.fr\/blog\/#organization\"}},{\"@type\":\"WebPage\",\"@id\":\"https:\/\/dicodusport.fr\/blog\/mercato-ol-lyon-veut-soffrir-skelly-alvero\/\",\"url\":\"https:\/\/dicodusport.fr\/blog\/mercato-ol-lyon-veut-soffrir-skelly-alvero\/\",\"name\":\"Mercato OL : Lyon veut s'offrir Skelly Alvero\",\"isPartOf\":{\"@id\":\"https:\/\/dicodusport.fr\/blog\/#website\"},\"primaryImageOfPage\":{\"@id\":\"https:\/\/dicodusport.fr\/blog\/mercato-ol-lyon-veut-soffrir-skelly-alvero\/#primaryimage\"},\"image\":{\"@id\":\"https:\/\/dicodusport.fr\/blog\/mercato-ol-lyon-veut-soffrir-skelly-alvero\/#primaryimage\"},\"thumbnailUrl\":\"https:\/\/dicodusport.fr\/blog\/wp-content\/uploads\/2023\/05\/Mercato-OL-Lyon-veut-soffrir-Skelly-Alvero.png\",\"datePublished\":\"2023-05-07T10:39:19+00:00\",\"dateModified\":\"2023-05-07T12:59:59+00:00\",\"description\":\"LIGUE 1 2022-2023 - Selon L'\u00c9quipe, l'Olympique Lyonnais veut s'offrir le jeune milieu de terrain de Sochaux, Skelly Alvero.\",\"breadcrumb\":{\"@id\":\"https:\/\/dicodusport.fr\/blog\/mercato-ol-lyon-veut-soffrir-skelly-alvero\/#breadcrumb\"},\"inLanguage\":\"fr-FR\",\"potentialAction\":[{\"@type\":\"ReadAction\",\"target\":[\"https:\/\/dicodusport.fr\/blog\/mercato-ol-lyon-veut-soffrir-skelly-alvero\/\"]}]},{\"@type\":\"ImageObject\",\"inLanguage\":\"fr-FR\",\"@id\":\"https:\/\/dicodusport.fr\/blog\/mercato-ol-lyon-veut-soffrir-skelly-alvero\/#primaryimage\",\"url\":\"https:\/\/dicodusport.fr\/blog\/wp-content\/uploads\/2023\/05\/Mercato-OL-Lyon-veut-soffrir-Skelly-Alvero.png\",\"contentUrl\":\"https:\/\/dicodusport.fr\/blog\/wp-content\/uploads\/2023\/05\/Mercato-OL-Lyon-veut-soffrir-Skelly-Alvero.png\",\"width\":800,\"height\":445},{\"@type\":\"BreadcrumbList\",\"@id\":\"https:\/\/dicodusport.fr\/blog\/mercato-ol-lyon-veut-soffrir-skelly-alvero\/#breadcrumb\",\"itemListElement\":[{\"@type\":\"ListItem\",\"position\":1,\"name\":\"Accueil\",\"item\":\"https:\/\/dicodusport.fr\/blog\/\"},{\"@type\":\"ListItem\",\"position\":2,\"name\":\"Mercato OL : Lyon veut s&rsquo;offrir Skelly Alvero\"}]},{\"@type\":\"WebSite\",\"@id\":\"https:\/\/dicodusport.fr\/blog\/#website\",\"url\":\"https:\/\/dicodusport.fr\/blog\/\",\"name\":\"Dicodusport\",\"description\":\"L&#039;encyclop\u00e9die de l&#039;actualit\u00e9 sportive\",\"publisher\":{\"@id\":\"https:\/\/dicodusport.fr\/blog\/#organization\"},\"potentialAction\":[{\"@type\":\"SearchAction\",\"target\":{\"@type\":\"EntryPoint\",\"urlTemplate\":\"https:\/\/dicodusport.fr\/blog\/?s={search_term_string}\"},\"query-input\":{\"@type\":\"PropertyValueSpecification\",\"valueRequired\":true,\"valueName\":\"search_term_string\"}}],\"inLanguage\":\"fr-FR\"},{\"@type\":\"NewsMediaOrganization\",\"@id\":\"https:\/\/dicodusport.fr\/blog\/#organization\",\"name\":\"Dicodusport\",\"url\":\"https:\/\/dicodusport.fr\/blog\/\",\"logo\":{\"@type\":\"ImageObject\",\"inLanguage\":\"fr-FR\",\"@id\":\"https:\/\/dicodusport.fr\/blog\/#\/schema\/logo\/image\/\",\"url\":\"https:\/\/dicodusport.fr\/blog\/wp-content\/uploads\/2020\/06\/cropped-LOGO-DICODUSPORT-2020-SANS-FOND-SANS-TEXTE.png\",\"contentUrl\":\"https:\/\/dicodusport.fr\/blog\/wp-content\/uploads\/2020\/06\/cropped-LOGO-DICODUSPORT-2020-SANS-FOND-SANS-TEXTE.png\",\"width\":512,\"height\":512,\"caption\":\"Dicodusport\"},\"image\":{\"@id\":\"https:\/\/dicodusport.fr\/blog\/#\/schema\/logo\/image\/\"},\"sameAs\":[\"https:\/\/www.facebook.com\/dicodusport\",\"https:\/\/x.com\/dicodusport\",\"https:\/\/www.instagram.com\/dicodusport\/\",\"https:\/\/www.youtube.com\/channel\/UC7V2KZ5sd3htJivAbA4ZG3w\"],\"description\":\"Dicodusport est l'encyclop\u00e9die de l'actualit\u00e9 sportive.\",\"email\":\"bonjour@dicodusport.fr\",\"legalName\":\"DICODUSPORT\",\"foundingDate\":\"2018-01-14\",\"vatID\":\"FR71834470973\",\"taxID\":\"83447097300043\",\"numberOfEmployees\":{\"@type\":\"QuantitativeValue\",\"minValue\":\"1\",\"maxValue\":\"10\"}},{\"@type\":\"Person\",\"@id\":\"https:\/\/dicodusport.fr\/blog\/#\/schema\/person\/55dcb50ad410894e431ed812bbb70191\",\"name\":\"Nicolas Jacquemard\",\"image\":{\"@type\":\"ImageObject\",\"inLanguage\":\"fr-FR\",\"@id\":\"https:\/\/dicodusport.fr\/blog\/#\/schema\/person\/image\/\",\"url\":\"https:\/\/dicodusport.fr\/blog\/wp-content\/uploads\/2021\/05\/Nicolas-Jacquemard-150x150.jpeg\",\"contentUrl\":\"https:\/\/dicodusport.fr\/blog\/wp-content\/uploads\/2021\/05\/Nicolas-Jacquemard-150x150.jpeg\",\"caption\":\"Nicolas Jacquemard\"},\"description\":\"Passionn\u00e9 de sport et entrepreneur depuis mes 18 ans, la cr\u00e9ation de Dicodusport m'a sembl\u00e9 \u00e9vidente pour participer \u00e0 la m\u00e9diatisation d'un plus grand nombre de sports. Le chemin est long mais avec une \u00e9quipe des plus motiv\u00e9es et les Jeux Olympiques de Paris 2024 en point de mire, nous y arriverons ! Journaliste dans le monde du sport depuis plus de 5 ans, je traite aussi bien de football, de rugby, de biathlon que de cyclisme.\",\"sameAs\":[\"https:\/\/www.facebook.com\/dicodusport\",\"https:\/\/x.com\/https:\/\/twitter.com\/Nico_Jacquemard\"],\"url\":\"https:\/\/dicodusport.fr\/blog\/author\/dicodusport\/\"}]}<\/script>\n<!-- \/ Yoast SEO Premium plugin. -->","yoast_head_json":{"title":"Mercato OL : Lyon veut s'offrir Skelly Alvero","description":"LIGUE 1 2022-2023 - Selon L'\u00c9quipe, l'Olympique Lyonnais veut s'offrir le jeune milieu de terrain de Sochaux, Skelly Alvero.","robots":{"index":"index","follow":"follow","max-snippet":"max-snippet:-1","max-image-preview":"max-image-preview:large","max-video-preview":"max-video-preview:-1"},"canonical":"https:\/\/dicodusport.fr\/blog\/mercato-ol-lyon-veut-soffrir-skelly-alvero\/","og_locale":"fr_FR","og_type":"article","og_title":"Mercato OL : Lyon veut s'offrir Skelly Alvero","og_description":"LIGUE 1 2022-2023 - Selon L'\u00c9quipe, l'Olympique Lyonnais veut s'offrir le jeune milieu de terrain de Sochaux, Skelly Alvero.","og_url":"https:\/\/dicodusport.fr\/blog\/mercato-ol-lyon-veut-soffrir-skelly-alvero\/","og_site_name":"Dicodusport","article_publisher":"https:\/\/www.facebook.com\/dicodusport","article_author":"https:\/\/www.facebook.com\/dicodusport","article_published_time":"2023-05-07T10:39:19+00:00","article_modified_time":"2023-05-07T12:59:59+00:00","og_image":[{"width":800,"height":445,"url":"https:\/\/dicodusport.fr\/blog\/wp-content\/uploads\/2023\/05\/Mercato-OL-Lyon-veut-soffrir-Skelly-Alvero.png","type":"image\/png"}],"author":"Nicolas Jacquemard","twitter_card":"summary_large_image","twitter_title":"Mercato OL : Lyon veut s'offrir Skelly Alvero","twitter_creator":"@https:\/\/twitter.com\/Nico_Jacquemard","twitter_site":"@dicodusport","schema":{"@context":"https:\/\/schema.org","@graph":[{"@type":"NewsArticle","@id":"https:\/\/dicodusport.fr\/blog\/mercato-ol-lyon-veut-soffrir-skelly-alvero\/#article","isPartOf":{"@id":"https:\/\/dicodusport.fr\/blog\/mercato-ol-lyon-veut-soffrir-skelly-alvero\/"},"author":{"name":"Nicolas Jacquemard","@id":"https:\/\/dicodusport.fr\/blog\/#\/schema\/person\/55dcb50ad410894e431ed812bbb70191"},"headline":"Mercato OL : Lyon veut s&rsquo;offrir Skelly Alvero","datePublished":"2023-05-07T10:39:19+00:00","dateModified":"2023-05-07T12:59:59+00:00","mainEntityOfPage":{"@id":"https:\/\/dicodusport.fr\/blog\/mercato-ol-lyon-veut-soffrir-skelly-alvero\/"},"wordCount":283,"commentCount":0,"publisher":{"@id":"https:\/\/dicodusport.fr\/blog\/#organization"},"image":{"@id":"https:\/\/dicodusport.fr\/blog\/mercato-ol-lyon-veut-soffrir-skelly-alvero\/#primaryimage"},"thumbnailUrl":"https:\/\/dicodusport.fr\/blog\/wp-content\/uploads\/2023\/05\/Mercato-OL-Lyon-veut-soffrir-Skelly-Alvero.png","keywords":["br\u00e8ve","Football","Lyon","OL"],"articleSection":["Football","Ligue 1"],"inLanguage":"fr-FR","potentialAction":[{"@type":"CommentAction","name":"Comment","target":["https:\/\/dicodusport.fr\/blog\/mercato-ol-lyon-veut-soffrir-skelly-alvero\/#respond"]}],"copyrightYear":"2023","copyrightHolder":{"@id":"https:\/\/dicodusport.fr\/blog\/#organization"}},{"@type":"WebPage","@id":"https:\/\/dicodusport.fr\/blog\/mercato-ol-lyon-veut-soffrir-skelly-alvero\/","url":"https:\/\/dicodusport.fr\/blog\/mercato-ol-lyon-veut-soffrir-skelly-alvero\/","name":"Mercato OL : Lyon veut s'offrir Skelly Alvero","isPartOf":{"@id":"https:\/\/dicodusport.fr\/blog\/#website"},"primaryImageOfPage":{"@id":"https:\/\/dicodusport.fr\/blog\/mercato-ol-lyon-veut-soffrir-skelly-alvero\/#primaryimage"},"image":{"@id":"https:\/\/dicodusport.fr\/blog\/mercato-ol-lyon-veut-soffrir-skelly-alvero\/#primaryimage"},"thumbnailUrl":"https:\/\/dicodusport.fr\/blog\/wp-content\/uploads\/2023\/05\/Mercato-OL-Lyon-veut-soffrir-Skelly-Alvero.png","datePublished":"2023-05-07T10:39:19+00:00","dateModified":"2023-05-07T12:59:59+00:00","description":"LIGUE 1 2022-2023 - Selon L'\u00c9quipe, l'Olympique Lyonnais veut s'offrir le jeune milieu de terrain de Sochaux, Skelly Alvero.","breadcrumb":{"@id":"https:\/\/dicodusport.fr\/blog\/mercato-ol-lyon-veut-soffrir-skelly-alvero\/#breadcrumb"},"inLanguage":"fr-FR","potentialAction":[{"@type":"ReadAction","target":["https:\/\/dicodusport.fr\/blog\/mercato-ol-lyon-veut-soffrir-skelly-alvero\/"]}]},{"@type":"ImageObject","inLanguage":"fr-FR","@id":"https:\/\/dicodusport.fr\/blog\/mercato-ol-lyon-veut-soffrir-skelly-alvero\/#primaryimage","url":"https:\/\/dicodusport.fr\/blog\/wp-content\/uploads\/2023\/05\/Mercato-OL-Lyon-veut-soffrir-Skelly-Alvero.png","contentUrl":"https:\/\/dicodusport.fr\/blog\/wp-content\/uploads\/2023\/05\/Mercato-OL-Lyon-veut-soffrir-Skelly-Alvero.png","width":800,"height":445},{"@type":"BreadcrumbList","@id":"https:\/\/dicodusport.fr\/blog\/mercato-ol-lyon-veut-soffrir-skelly-alvero\/#breadcrumb","itemListElement":[{"@type":"ListItem","position":1,"name":"Accueil","item":"https:\/\/dicodusport.fr\/blog\/"},{"@type":"ListItem","position":2,"name":"Mercato OL : Lyon veut s&rsquo;offrir Skelly Alvero"}]},{"@type":"WebSite","@id":"https:\/\/dicodusport.fr\/blog\/#website","url":"https:\/\/dicodusport.fr\/blog\/","name":"Dicodusport","description":"L&#039;encyclop\u00e9die de l&#039;actualit\u00e9 sportive","publisher":{"@id":"https:\/\/dicodusport.fr\/blog\/#organization"},"potentialAction":[{"@type":"SearchAction","target":{"@type":"EntryPoint","urlTemplate":"https:\/\/dicodusport.fr\/blog\/?s={search_term_string}"},"query-input":{"@type":"PropertyValueSpecification","valueRequired":true,"valueName":"search_term_string"}}],"inLanguage":"fr-FR"},{"@type":"NewsMediaOrganization","@id":"https:\/\/dicodusport.fr\/blog\/#organization","name":"Dicodusport","url":"https:\/\/dicodusport.fr\/blog\/","logo":{"@type":"ImageObject","inLanguage":"fr-FR","@id":"https:\/\/dicodusport.fr\/blog\/#\/schema\/logo\/image\/","url":"https:\/\/dicodusport.fr\/blog\/wp-content\/uploads\/2020\/06\/cropped-LOGO-DICODUSPORT-2020-SANS-FOND-SANS-TEXTE.png","contentUrl":"https:\/\/dicodusport.fr\/blog\/wp-content\/uploads\/2020\/06\/cropped-LOGO-DICODUSPORT-2020-SANS-FOND-SANS-TEXTE.png","width":512,"height":512,"caption":"Dicodusport"},"image":{"@id":"https:\/\/dicodusport.fr\/blog\/#\/schema\/logo\/image\/"},"sameAs":["https:\/\/www.facebook.com\/dicodusport","https:\/\/x.com\/dicodusport","https:\/\/www.instagram.com\/dicodusport\/","https:\/\/www.youtube.com\/channel\/UC7V2KZ5sd3htJivAbA4ZG3w"],"description":"Dicodusport est l'encyclop\u00e9die de l'actualit\u00e9 sportive.","email":"bonjour@dicodusport.fr","legalName":"DICODUSPORT","foundingDate":"2018-01-14","vatID":"FR71834470973","taxID":"83447097300043","numberOfEmployees":{"@type":"QuantitativeValue","minValue":"1","maxValue":"10"}},{"@type":"Person","@id":"https:\/\/dicodusport.fr\/blog\/#\/schema\/person\/55dcb50ad410894e431ed812bbb70191","name":"Nicolas Jacquemard","image":{"@type":"ImageObject","inLanguage":"fr-FR","@id":"https:\/\/dicodusport.fr\/blog\/#\/schema\/person\/image\/","url":"https:\/\/dicodusport.fr\/blog\/wp-content\/uploads\/2021\/05\/Nicolas-Jacquemard-150x150.jpeg","contentUrl":"https:\/\/dicodusport.fr\/blog\/wp-content\/uploads\/2021\/05\/Nicolas-Jacquemard-150x150.jpeg","caption":"Nicolas Jacquemard"},"description":"Passionn\u00e9 de sport et entrepreneur depuis mes 18 ans, la cr\u00e9ation de Dicodusport m'a sembl\u00e9 \u00e9vidente pour participer \u00e0 la m\u00e9diatisation d'un plus grand nombre de sports. Le chemin est long mais avec une \u00e9quipe des plus motiv\u00e9es et les Jeux Olympiques de Paris 2024 en point de mire, nous y arriverons ! Journaliste dans le monde du sport depuis plus de 5 ans, je traite aussi bien de football, de rugby, de biathlon que de cyclisme.","sameAs":["https:\/\/www.facebook.com\/dicodusport","https:\/\/x.com\/https:\/\/twitter.com\/Nico_Jacquemard"],"url":"https:\/\/dicodusport.fr\/blog\/author\/dicodusport\/"}]}},"_links":{"self":[{"href":"https:\/\/dicodusport.fr\/blog\/wp-json\/wp\/v2\/posts\/379987","targetHints":{"allow":["GET"]}}],"collection":[{"href":"https:\/\/dicodusport.fr\/blog\/wp-json\/wp\/v2\/posts"}],"about":[{"href":"https:\/\/dicodusport.fr\/blog\/wp-json\/wp\/v2\/types\/post"}],"author":[{"embeddable":true,"href":"https:\/\/dicodusport.fr\/blog\/wp-json\/wp\/v2\/users\/1"}],"replies":[{"embeddable":true,"href":"https:\/\/dicodusport.fr\/blog\/wp-json\/wp\/v2\/comments?post=379987"}],"version-history":[{"count":0,"href":"https:\/\/dicodusport.fr\/blog\/wp-json\/wp\/v2\/posts\/379987\/revisions"}],"wp:featuredmedia":[{"embeddable":true,"href":"https:\/\/dicodusport.fr\/blog\/wp-json\/wp\/v2\/media\/379988"}],"wp:attachment":[{"href":"https:\/\/dicodusport.fr\/blog\/wp-json\/wp\/v2\/media?parent=379987"}],"wp:term":[{"taxonomy":"category","embeddable":true,"href":"https:\/\/dicodusport.fr\/blog\/wp-json\/wp\/v2\/categories?post=379987"},{"taxonomy":"post_tag","embeddable":true,"href":"https:\/\/dicodusport.fr\/blog\/wp-json\/wp\/v2\/tags?post=379987"}],"curies":[{"name":"wp","href":"https:\/\/api.w.org\/{rel}","templated":true}]}}