{"id":379999,"date":"2023-05-07T17:31:35","date_gmt":"2023-05-07T15:31:35","guid":{"rendered":"https:\/\/dicodusport.fr\/blog\/?p=379999&#038;preview=true&#038;preview_id=379999"},"modified":"2023-05-07T23:02:27","modified_gmt":"2023-05-07T21:02:27","slug":"shirine-boukli-vice-championne-du-monde-de-judo-2023","status":"publish","type":"post","link":"https:\/\/dicodusport.fr\/blog\/shirine-boukli-vice-championne-du-monde-de-judo-2023\/","title":{"rendered":"Shirine Boukli vice-championne du monde de judo 2023 !"},"content":{"rendered":"<p style=\"text-align: justify;\"><strong><em><a title=\"Judo Championnats du monde 2023 : Programme et r\u00e9sultats\" href=\"https:\/\/dicodusport.fr\/blog\/judo-championnats-du-monde-2023-programme-et-resultats\/\" target=\"_blank\" rel=\"noopener\">MONDIAUX DE JUDO 2023<\/a> &#8211; Lors de cette premi\u00e8re journ\u00e9e, Shirine Boukli a d\u00e9croch\u00e9 la premi\u00e8re m\u00e9daille de l&rsquo;\u00e9quipe de France. Et c&rsquo;est l&rsquo;argent, battue par la championne du monde en titre Natsumi Tsunoda.<br \/>\n<\/em><\/strong><\/p>\n<p style=\"text-align: justify;\"><strong>Shirine Boukli<\/strong> (-48 kg) a longtemps fait face \u00e0 la r\u00e9sistance de <strong>Laura Martinez Abelenda<\/strong> au 2e tour. C&rsquo;est finalement au golden score qu&rsquo;elle s&rsquo;est qualifi\u00e9e pour le 3e tour. Elle y affrontait <strong>Katryna Esposito<\/strong>. Et cette fois, elle n&rsquo;a pas tra\u00een\u00e9 avec un <a href=\"https:\/\/twitter.com\/francejudo\/status\/1655160869469270017?ref_src=twsrc%5Etfw%7Ctwcamp%5Etweetembed%7Ctwterm%5E1655160869469270017%7Ctwgr%5Efad74cec5b0987dfcf8b09ffb848f232a57c08ef%7Ctwcon%5Es1_&amp;ref_url=https%3A%2F%2Fpublish.twitter.com%2F%3Fquery%3Dhttps3A2F2Ftwitter.com2Ffrancejudo2Fstatus2F1655160869469270017widget%3DTweet\">ippon impressionnant<\/a> apr\u00e8s 1 minute. En quarts elle faisait face \u00e0 la Japonaise <strong>Wakana Koga<\/strong> qu&rsquo;elle avait battue en finale du Masters l&rsquo;ann\u00e9e derni\u00e8re. En difficult\u00e9 sur une attaque au sol, la Fran\u00e7aise est parvenue \u00e0 s&rsquo;en sortir. Au golden score, Boukli est parvenue \u00e0 effectuer le changement de direction qu&rsquo;elle voulait gr\u00e2ce \u00e0 sa main gauche pour s&rsquo;imposer. En demi-finale, elle affrontait <strong>Abiba Abuzhakynova<\/strong>. La Fran\u00e7aise avait \u00e9t\u00e9 battue par la Kazakhe au 3e tour l&rsquo;ann\u00e9e derni\u00e8re avant de s&rsquo;imposer en quarts au Masters. D\u00e8s son premier mouvement enclench\u00e9, la Fran\u00e7aise a inscrit un waza-ari. Et un peu plus d&rsquo;une minute plus tard, elle s&rsquo;est impos\u00e9e sur ippon.<\/p>\n<p style=\"text-align: justify;\">En finale, elle affrontait la double championne du monde en titre <strong>Natsumi Tsunoda<\/strong>. Lors de leur seul affrontement, la Japonaise s&rsquo;\u00e9tait impos\u00e9e en finale. Mais c&rsquo;\u00e9tait il y a 3 ans au Grand Prix de Tel Aviv. Et d\u00e8s la premi\u00e8re attaque, on a vu Shirine Boukli d\u00e9marrer fort. Mais elle a failli \u00eatre immobilis\u00e9e par la Japonaise. Boukli est parvenue \u00e0 accrocher la jambe de son adversaire et elle s&rsquo;est une seconde fois sortie de l&rsquo;immobilisation ! Boukli est pass\u00e9e proche de la correctionnelle une nouvelle fois. Mais la deuxi\u00e8me fois sera la bonne. Tsuonada r\u00e9alise un ippon et remporte sa <strong>troisi\u00e8me m\u00e9daille d&rsquo;or d&rsquo;affil\u00e9e<\/strong> !<\/p>\n<p style=\"text-align: justify;\"><strong>Premi\u00e8re m\u00e9daille mondiale pour Shirine Boukli<\/strong> qui est tomb\u00e9e sur plus forte.<\/p>\n<blockquote class=\"twitter-tweet\">\n<p dir=\"ltr\" lang=\"fr\">Shirine Boukli d\u00e9croche la m\u00e9daille d\u2019argent des Mondiaux ! Natsumi Tsunoda imp\u00e9riale \u270a<a href=\"https:\/\/twitter.com\/hashtag\/lequipeJUDO?src=hash&amp;ref_src=twsrc%5Etfw\">#lequipeJUDO<\/a> <a href=\"https:\/\/t.co\/EcFEnef5bE\">pic.twitter.com\/EcFEnef5bE<\/a><\/p>\n<p>\u2014 la chaine L&rsquo;\u00c9quipe (@lachainelequipe) <a href=\"https:\/\/twitter.com\/lachainelequipe\/status\/1655234135479205888?ref_src=twsrc%5Etfw\">May 7, 2023<\/a><\/p><\/blockquote>\n<p><script async src=\"https:\/\/platform.twitter.com\/widgets.js\" charset=\"utf-8\"><\/script><\/p>\n<h2>Blandine Pont au pied du podium<\/h2>\n<p style=\"text-align: justify;\"><strong>Blandine Pont<\/strong> (-48 kg) n&rsquo;a pas train\u00e9 au 2e tour avec un waza-ari rapide face \u00e0 <strong>Sabina Giliazova<\/strong>. Elle s&rsquo;est finalement impos\u00e9e sur ippon. Combat pi\u00e9geux au 3e tour face \u00e0 <strong>Galiya Tynbayeva<\/strong> : la Fran\u00e7aise s&rsquo;est impos\u00e9e apr\u00e8s 2 minutes 30 au golden score. En quarts, elle affrontait <strong>Amanda Lima<\/strong>. La Br\u00e9silienne qui avait deux p\u00e9nalit\u00e9s contre elle a tent\u00e9 son va-tout comme depuis le matin. Finalement, sur une fausse attaque, elle a \u00e9cop\u00e9 d&rsquo;une troisi\u00e8me p\u00e9nalit\u00e9. En demi-finale, c&rsquo;\u00e9tait une montagne qui se dressait face \u00e0 elle : <strong>Natsumi Tsunoda<\/strong>, double championne du monde en titre. La Japonaise, l&rsquo;avait battue en quarts \u00e0 Paris en 2022. Men\u00e9e d&rsquo;un waza-ari, la Fran\u00e7aise n&rsquo;est pas parvenue \u00e0 \u00e9galiser ou s&rsquo;imposer. Difficile d&rsquo;inverser la tendance face \u00e0 un Japonais qui m\u00e8ne. Et en fin de combat, la Fran\u00e7aise s&rsquo;est inclin\u00e9e suite \u00e0 un \u00e9tranglement.<\/p>\n<p style=\"text-align: justify;\">Dans le combat pour le bronze, une autre Japonaise se pr\u00e9sentait : <strong>Wakana Koga<\/strong> battue par Boukli. Koga a rapidement envoy\u00e9 la Fran\u00e7aise au sol pour inscrire un waza-ari. <strong>Blandine Pont<\/strong> n&rsquo;a pas trouv\u00e9 le cl\u00e9 et termine 5e pour ses premiers Mondiaux.<\/p>\n<blockquote class=\"twitter-tweet\">\n<p dir=\"ltr\" lang=\"fr\">5\ufe0f\u20e3\u00e8me place pour Blandine ! \ud83d\udc4f<\/p>\n<p>\u00c0 l\u2019issue d\u2019une belle journ\u00e9e, Blandine Pont (-48kg) s\u2019incline dans son combat pour la place de 3 et se classe 5\u00e8me de ces championnats du monde ! \ud83e\udd4b\ud83c\udf0d<\/p>\n<p>\ud83d\udcf8 France Judo\/T.Albisetti<a href=\"https:\/\/twitter.com\/hashtag\/JudoWorlds?src=hash&amp;ref_src=twsrc%5Etfw\">#JudoWorlds<\/a> <a href=\"https:\/\/twitter.com\/hashtag\/GoLesBleus?src=hash&amp;ref_src=twsrc%5Etfw\">#GoLesBleus<\/a> <a href=\"https:\/\/twitter.com\/hashtag\/FierdEtreJudoka?src=hash&amp;ref_src=twsrc%5Etfw\">#FierdEtreJudoka<\/a> <a href=\"https:\/\/t.co\/6DHOmWwKvy\">pic.twitter.com\/6DHOmWwKvy<\/a><\/p>\n<p>\u2014 France Judo (@francejudo) <a href=\"https:\/\/twitter.com\/francejudo\/status\/1655230441819914240?ref_src=twsrc%5Etfw\">May 7, 2023<\/a><\/p><\/blockquote>\n<p><script async src=\"https:\/\/platform.twitter.com\/widgets.js\" charset=\"utf-8\"><\/script><\/p>\n<h2>Autres r\u00e9sultats<\/h2>\n<p style=\"text-align: justify;\"><strong>Luka Mkheidze<\/strong> (-60 kg) a vu <strong>Jorre Verstraeten<\/strong> inscrire un waza-ari rapidement au 2e tour. Mais le Belge, un peu trop en position d\u00e9fensive, a vu le Fran\u00e7ais \u00e9galiser. Le Fran\u00e7ais \u00e9tait mieux dans le combat. Mais d\u00e8s le d\u00e9but du golden score, le Belge s&rsquo;est impos\u00e9.<\/p>\n<p style=\"text-align: justify;\">Dans la m\u00eame cat\u00e9gorie, <strong>C\u00e9dric Revol<\/strong> s&rsquo;est inclin\u00e9 au premier tour face \u00e0 <strong>Seungbeop Jeon<\/strong> sur ippon (kata-guruma).<\/p>\n<h2>\u00c0 lire aussi<\/h2>\n<ul>\n<li><a title=\"Mondiaux de judo 2023 : Enjeux et chances fran\u00e7aises\" href=\"https:\/\/dicodusport.fr\/blog\/mondiaux-de-judo-2023-enjeux-et-chances-francaises\/\" target=\"_blank\" rel=\"noopener\"><strong>Mondiaux de judo 2023 : Enjeux et chances<\/strong><strong> fran\u00e7aises<\/strong><\/a><\/li>\n<li><a title=\"Championnats du monde de judo 2023 : \u00c0 quelle heure et sur quelle cha\u00eene ?\" href=\"https:\/\/dicodusport.fr\/blog\/championnats-du-monde-de-judo-2023-a-quelle-heure-et-sur-quelle-chaine\/\" target=\"_blank\" rel=\"noopener\"><strong>Championnats du monde de judo : \u00c0 quelle heure et sur quelle cha\u00eene<\/strong><\/a><\/li>\n<li><strong><a href=\"https:\/\/dicodusport.fr\/blog\/tableau-des-medailles-championnats-du-monde-judo-2023\/\">Le tableau des m\u00e9dailles<\/a><br \/>\n<\/strong><\/li>\n<\/ul>\n","protected":false},"excerpt":{"rendered":"<p>MONDIAUX DE JUDO 2023 &#8211; Lors de cette premi\u00e8re journ\u00e9e, Shirine Boukli a d\u00e9croch\u00e9 la premi\u00e8re m\u00e9daille de l&rsquo;\u00e9quipe de France. Et c&rsquo;est l&rsquo;argent, battue par la championne du monde en titre Natsumi Tsunoda.<\/p>\n","protected":false},"author":12,"featured_media":380245,"comment_status":"open","ping_status":"closed","sticky":false,"template":"","format":"standard","meta":{"_acf_changed":false,"_daextam_enable_autolinks":"","footnotes":""},"categories":[8651],"tags":[19470,16878,23198,68,6029,12655,24],"class_list":["post-379999","post","type-post","status-publish","format-standard","has-post-thumbnail","hentry","category-judo","tag-blandine-pont","tag-breve","tag-cedric-revol","tag-judo","tag-luka-mkheidze","tag-shirine-boukli","tag-sport"],"acf":[],"yoast_head":"<!-- This site is optimized with the Yoast SEO Premium plugin v26.7 (Yoast SEO v26.7) - https:\/\/yoast.com\/wordpress\/plugins\/seo\/ -->\n<title>Shirine Boukli vice-championne du monde de judo 2023 !<\/title>\n<meta name=\"description\" content=\"MONDIAUX DE JUDO 2023 - Shirine Boukli d\u00e9croche la m\u00e9daille d&#039;argent, battue par la championne du monde en titre Natsumi Tsunoda.\" \/>\n<meta name=\"robots\" content=\"index, follow, max-snippet:-1, max-image-preview:large, max-video-preview:-1\" \/>\n<link rel=\"canonical\" href=\"https:\/\/dicodusport.fr\/blog\/shirine-boukli-vice-championne-du-monde-de-judo-2023\/\" \/>\n<meta property=\"og:locale\" content=\"fr_FR\" \/>\n<meta property=\"og:type\" content=\"article\" \/>\n<meta property=\"og:title\" content=\"Shirine Boukli vice-championne du monde de judo 2023 !\" \/>\n<meta property=\"og:description\" content=\"MONDIAUX DE JUDO 2023 - Shirine Boukli d\u00e9croche la m\u00e9daille d&#039;argent, battue par la championne du monde en titre Natsumi Tsunoda.\" \/>\n<meta property=\"og:url\" content=\"https:\/\/dicodusport.fr\/blog\/shirine-boukli-vice-championne-du-monde-de-judo-2023\/\" \/>\n<meta property=\"og:site_name\" content=\"Dicodusport\" \/>\n<meta property=\"article:publisher\" content=\"https:\/\/www.facebook.com\/dicodusport\" \/>\n<meta property=\"article:published_time\" content=\"2023-05-07T15:31:35+00:00\" \/>\n<meta property=\"article:modified_time\" content=\"2023-05-07T21:02:27+00:00\" \/>\n<meta property=\"og:image\" content=\"https:\/\/dicodusport.fr\/blog\/wp-content\/uploads\/2023\/05\/Shirine-Boukli-vice-championne-du-monde-de-judo-2023.png\" \/>\n\t<meta property=\"og:image:width\" content=\"800\" \/>\n\t<meta property=\"og:image:height\" content=\"445\" \/>\n\t<meta property=\"og:image:type\" content=\"image\/png\" \/>\n<meta name=\"author\" content=\"Arlette Yeye\" \/>\n<meta name=\"twitter:card\" content=\"summary_large_image\" \/>\n<meta name=\"twitter:title\" content=\"Shirine Boukli vice-championne du monde de judo 2023 !\" \/>\n<meta name=\"twitter:creator\" content=\"@https:\/\/twitter.com\/Shiclette94\" \/>\n<meta name=\"twitter:site\" content=\"@dicodusport\" \/>\n<script type=\"application\/ld+json\" class=\"yoast-schema-graph\">{\"@context\":\"https:\/\/schema.org\",\"@graph\":[{\"@type\":\"NewsArticle\",\"@id\":\"https:\/\/dicodusport.fr\/blog\/shirine-boukli-vice-championne-du-monde-de-judo-2023\/#article\",\"isPartOf\":{\"@id\":\"https:\/\/dicodusport.fr\/blog\/shirine-boukli-vice-championne-du-monde-de-judo-2023\/\"},\"author\":{\"name\":\"Arlette Yeye\",\"@id\":\"https:\/\/dicodusport.fr\/blog\/#\/schema\/person\/cce96fa88785bd8573e3d43078ac8c79\"},\"headline\":\"Shirine Boukli vice-championne du monde de judo 2023 !\",\"datePublished\":\"2023-05-07T15:31:35+00:00\",\"dateModified\":\"2023-05-07T21:02:27+00:00\",\"mainEntityOfPage\":{\"@id\":\"https:\/\/dicodusport.fr\/blog\/shirine-boukli-vice-championne-du-monde-de-judo-2023\/\"},\"wordCount\":744,\"commentCount\":0,\"publisher\":{\"@id\":\"https:\/\/dicodusport.fr\/blog\/#organization\"},\"image\":{\"@id\":\"https:\/\/dicodusport.fr\/blog\/shirine-boukli-vice-championne-du-monde-de-judo-2023\/#primaryimage\"},\"thumbnailUrl\":\"https:\/\/dicodusport.fr\/blog\/wp-content\/uploads\/2023\/05\/Shirine-Boukli-vice-championne-du-monde-de-judo-2023.png\",\"keywords\":[\"Blandine Pont\",\"br\u00e8ve\",\"C\u00e9dric Revol\",\"Judo\",\"Luka Mkheidze\",\"Shirine Boukli\",\"sport\"],\"articleSection\":[\"Judo\"],\"inLanguage\":\"fr-FR\",\"potentialAction\":[{\"@type\":\"CommentAction\",\"name\":\"Comment\",\"target\":[\"https:\/\/dicodusport.fr\/blog\/shirine-boukli-vice-championne-du-monde-de-judo-2023\/#respond\"]}],\"copyrightYear\":\"2023\",\"copyrightHolder\":{\"@id\":\"https:\/\/dicodusport.fr\/blog\/#organization\"}},{\"@type\":\"WebPage\",\"@id\":\"https:\/\/dicodusport.fr\/blog\/shirine-boukli-vice-championne-du-monde-de-judo-2023\/\",\"url\":\"https:\/\/dicodusport.fr\/blog\/shirine-boukli-vice-championne-du-monde-de-judo-2023\/\",\"name\":\"Shirine Boukli vice-championne du monde de judo 2023 !\",\"isPartOf\":{\"@id\":\"https:\/\/dicodusport.fr\/blog\/#website\"},\"primaryImageOfPage\":{\"@id\":\"https:\/\/dicodusport.fr\/blog\/shirine-boukli-vice-championne-du-monde-de-judo-2023\/#primaryimage\"},\"image\":{\"@id\":\"https:\/\/dicodusport.fr\/blog\/shirine-boukli-vice-championne-du-monde-de-judo-2023\/#primaryimage\"},\"thumbnailUrl\":\"https:\/\/dicodusport.fr\/blog\/wp-content\/uploads\/2023\/05\/Shirine-Boukli-vice-championne-du-monde-de-judo-2023.png\",\"datePublished\":\"2023-05-07T15:31:35+00:00\",\"dateModified\":\"2023-05-07T21:02:27+00:00\",\"description\":\"MONDIAUX DE JUDO 2023 - Shirine Boukli d\u00e9croche la m\u00e9daille d'argent, battue par la championne du monde en titre Natsumi Tsunoda.\",\"breadcrumb\":{\"@id\":\"https:\/\/dicodusport.fr\/blog\/shirine-boukli-vice-championne-du-monde-de-judo-2023\/#breadcrumb\"},\"inLanguage\":\"fr-FR\",\"potentialAction\":[{\"@type\":\"ReadAction\",\"target\":[\"https:\/\/dicodusport.fr\/blog\/shirine-boukli-vice-championne-du-monde-de-judo-2023\/\"]}]},{\"@type\":\"ImageObject\",\"inLanguage\":\"fr-FR\",\"@id\":\"https:\/\/dicodusport.fr\/blog\/shirine-boukli-vice-championne-du-monde-de-judo-2023\/#primaryimage\",\"url\":\"https:\/\/dicodusport.fr\/blog\/wp-content\/uploads\/2023\/05\/Shirine-Boukli-vice-championne-du-monde-de-judo-2023.png\",\"contentUrl\":\"https:\/\/dicodusport.fr\/blog\/wp-content\/uploads\/2023\/05\/Shirine-Boukli-vice-championne-du-monde-de-judo-2023.png\",\"width\":800,\"height\":445,\"caption\":\"Shirine Boukli vice-championne du monde de judo 2023\"},{\"@type\":\"BreadcrumbList\",\"@id\":\"https:\/\/dicodusport.fr\/blog\/shirine-boukli-vice-championne-du-monde-de-judo-2023\/#breadcrumb\",\"itemListElement\":[{\"@type\":\"ListItem\",\"position\":1,\"name\":\"Accueil\",\"item\":\"https:\/\/dicodusport.fr\/blog\/\"},{\"@type\":\"ListItem\",\"position\":2,\"name\":\"Shirine Boukli vice-championne du monde de judo 2023 !\"}]},{\"@type\":\"WebSite\",\"@id\":\"https:\/\/dicodusport.fr\/blog\/#website\",\"url\":\"https:\/\/dicodusport.fr\/blog\/\",\"name\":\"Dicodusport\",\"description\":\"L&#039;encyclop\u00e9die de l&#039;actualit\u00e9 sportive\",\"publisher\":{\"@id\":\"https:\/\/dicodusport.fr\/blog\/#organization\"},\"potentialAction\":[{\"@type\":\"SearchAction\",\"target\":{\"@type\":\"EntryPoint\",\"urlTemplate\":\"https:\/\/dicodusport.fr\/blog\/?s={search_term_string}\"},\"query-input\":{\"@type\":\"PropertyValueSpecification\",\"valueRequired\":true,\"valueName\":\"search_term_string\"}}],\"inLanguage\":\"fr-FR\"},{\"@type\":\"NewsMediaOrganization\",\"@id\":\"https:\/\/dicodusport.fr\/blog\/#organization\",\"name\":\"Dicodusport\",\"url\":\"https:\/\/dicodusport.fr\/blog\/\",\"logo\":{\"@type\":\"ImageObject\",\"inLanguage\":\"fr-FR\",\"@id\":\"https:\/\/dicodusport.fr\/blog\/#\/schema\/logo\/image\/\",\"url\":\"https:\/\/dicodusport.fr\/blog\/wp-content\/uploads\/2020\/06\/cropped-LOGO-DICODUSPORT-2020-SANS-FOND-SANS-TEXTE.png\",\"contentUrl\":\"https:\/\/dicodusport.fr\/blog\/wp-content\/uploads\/2020\/06\/cropped-LOGO-DICODUSPORT-2020-SANS-FOND-SANS-TEXTE.png\",\"width\":512,\"height\":512,\"caption\":\"Dicodusport\"},\"image\":{\"@id\":\"https:\/\/dicodusport.fr\/blog\/#\/schema\/logo\/image\/\"},\"sameAs\":[\"https:\/\/www.facebook.com\/dicodusport\",\"https:\/\/x.com\/dicodusport\",\"https:\/\/www.instagram.com\/dicodusport\/\",\"https:\/\/www.youtube.com\/channel\/UC7V2KZ5sd3htJivAbA4ZG3w\"],\"description\":\"Dicodusport est l'encyclop\u00e9die de l'actualit\u00e9 sportive.\",\"email\":\"bonjour@dicodusport.fr\",\"legalName\":\"DICODUSPORT\",\"foundingDate\":\"2018-01-14\",\"vatID\":\"FR71834470973\",\"taxID\":\"83447097300043\",\"numberOfEmployees\":{\"@type\":\"QuantitativeValue\",\"minValue\":\"1\",\"maxValue\":\"10\"}},{\"@type\":\"Person\",\"@id\":\"https:\/\/dicodusport.fr\/blog\/#\/schema\/person\/cce96fa88785bd8573e3d43078ac8c79\",\"name\":\"Arlette Yeye\",\"image\":{\"@type\":\"ImageObject\",\"inLanguage\":\"fr-FR\",\"@id\":\"https:\/\/dicodusport.fr\/blog\/#\/schema\/person\/image\/\",\"url\":\"https:\/\/secure.gravatar.com\/avatar\/dca4a6239e6d708e46c45d60e160de6c?s=96&d=wp_user_avatar&r=g\",\"contentUrl\":\"https:\/\/secure.gravatar.com\/avatar\/dca4a6239e6d708e46c45d60e160de6c?s=96&d=wp_user_avatar&r=g\",\"caption\":\"Arlette Yeye\"},\"description\":\"Journaliste\/r\u00e9dactrice depuis septembre 2015 - Supportrice de Chelsea, j'ai pour sports de pr\u00e9dilection le handball, l'athl\u00e9tisme et le tennis. Si je tweete plus vite que mon ombre, vous pouvez aussi me retrouver les week-ends sur les playgrounds de Bruxelles pour un petit foot ou basket entre potes. Parcourir la France, l'Europe et plus si affinit\u00e9s pour suivre mes sportifs pr\u00e9f\u00e9r\u00e9s ? Mon kif ! Et c'est avec plaisir que je partage les r\u00e9sultats des sports populaires mais \u00e9galement plus confidentiels pour Dicodusport.\",\"sameAs\":[\"https:\/\/x.com\/https:\/\/twitter.com\/Shiclette94\"],\"url\":\"https:\/\/dicodusport.fr\/blog\/author\/arlette\/\"}]}<\/script>\n<!-- \/ Yoast SEO Premium plugin. -->","yoast_head_json":{"title":"Shirine Boukli vice-championne du monde de judo 2023 !","description":"MONDIAUX DE JUDO 2023 - Shirine Boukli d\u00e9croche la m\u00e9daille d'argent, battue par la championne du monde en titre Natsumi Tsunoda.","robots":{"index":"index","follow":"follow","max-snippet":"max-snippet:-1","max-image-preview":"max-image-preview:large","max-video-preview":"max-video-preview:-1"},"canonical":"https:\/\/dicodusport.fr\/blog\/shirine-boukli-vice-championne-du-monde-de-judo-2023\/","og_locale":"fr_FR","og_type":"article","og_title":"Shirine Boukli vice-championne du monde de judo 2023 !","og_description":"MONDIAUX DE JUDO 2023 - Shirine Boukli d\u00e9croche la m\u00e9daille d'argent, battue par la championne du monde en titre Natsumi Tsunoda.","og_url":"https:\/\/dicodusport.fr\/blog\/shirine-boukli-vice-championne-du-monde-de-judo-2023\/","og_site_name":"Dicodusport","article_publisher":"https:\/\/www.facebook.com\/dicodusport","article_published_time":"2023-05-07T15:31:35+00:00","article_modified_time":"2023-05-07T21:02:27+00:00","og_image":[{"width":800,"height":445,"url":"https:\/\/dicodusport.fr\/blog\/wp-content\/uploads\/2023\/05\/Shirine-Boukli-vice-championne-du-monde-de-judo-2023.png","type":"image\/png"}],"author":"Arlette Yeye","twitter_card":"summary_large_image","twitter_title":"Shirine Boukli vice-championne du monde de judo 2023 !","twitter_creator":"@https:\/\/twitter.com\/Shiclette94","twitter_site":"@dicodusport","schema":{"@context":"https:\/\/schema.org","@graph":[{"@type":"NewsArticle","@id":"https:\/\/dicodusport.fr\/blog\/shirine-boukli-vice-championne-du-monde-de-judo-2023\/#article","isPartOf":{"@id":"https:\/\/dicodusport.fr\/blog\/shirine-boukli-vice-championne-du-monde-de-judo-2023\/"},"author":{"name":"Arlette Yeye","@id":"https:\/\/dicodusport.fr\/blog\/#\/schema\/person\/cce96fa88785bd8573e3d43078ac8c79"},"headline":"Shirine Boukli vice-championne du monde de judo 2023 !","datePublished":"2023-05-07T15:31:35+00:00","dateModified":"2023-05-07T21:02:27+00:00","mainEntityOfPage":{"@id":"https:\/\/dicodusport.fr\/blog\/shirine-boukli-vice-championne-du-monde-de-judo-2023\/"},"wordCount":744,"commentCount":0,"publisher":{"@id":"https:\/\/dicodusport.fr\/blog\/#organization"},"image":{"@id":"https:\/\/dicodusport.fr\/blog\/shirine-boukli-vice-championne-du-monde-de-judo-2023\/#primaryimage"},"thumbnailUrl":"https:\/\/dicodusport.fr\/blog\/wp-content\/uploads\/2023\/05\/Shirine-Boukli-vice-championne-du-monde-de-judo-2023.png","keywords":["Blandine Pont","br\u00e8ve","C\u00e9dric Revol","Judo","Luka Mkheidze","Shirine Boukli","sport"],"articleSection":["Judo"],"inLanguage":"fr-FR","potentialAction":[{"@type":"CommentAction","name":"Comment","target":["https:\/\/dicodusport.fr\/blog\/shirine-boukli-vice-championne-du-monde-de-judo-2023\/#respond"]}],"copyrightYear":"2023","copyrightHolder":{"@id":"https:\/\/dicodusport.fr\/blog\/#organization"}},{"@type":"WebPage","@id":"https:\/\/dicodusport.fr\/blog\/shirine-boukli-vice-championne-du-monde-de-judo-2023\/","url":"https:\/\/dicodusport.fr\/blog\/shirine-boukli-vice-championne-du-monde-de-judo-2023\/","name":"Shirine Boukli vice-championne du monde de judo 2023 !","isPartOf":{"@id":"https:\/\/dicodusport.fr\/blog\/#website"},"primaryImageOfPage":{"@id":"https:\/\/dicodusport.fr\/blog\/shirine-boukli-vice-championne-du-monde-de-judo-2023\/#primaryimage"},"image":{"@id":"https:\/\/dicodusport.fr\/blog\/shirine-boukli-vice-championne-du-monde-de-judo-2023\/#primaryimage"},"thumbnailUrl":"https:\/\/dicodusport.fr\/blog\/wp-content\/uploads\/2023\/05\/Shirine-Boukli-vice-championne-du-monde-de-judo-2023.png","datePublished":"2023-05-07T15:31:35+00:00","dateModified":"2023-05-07T21:02:27+00:00","description":"MONDIAUX DE JUDO 2023 - Shirine Boukli d\u00e9croche la m\u00e9daille d'argent, battue par la championne du monde en titre Natsumi Tsunoda.","breadcrumb":{"@id":"https:\/\/dicodusport.fr\/blog\/shirine-boukli-vice-championne-du-monde-de-judo-2023\/#breadcrumb"},"inLanguage":"fr-FR","potentialAction":[{"@type":"ReadAction","target":["https:\/\/dicodusport.fr\/blog\/shirine-boukli-vice-championne-du-monde-de-judo-2023\/"]}]},{"@type":"ImageObject","inLanguage":"fr-FR","@id":"https:\/\/dicodusport.fr\/blog\/shirine-boukli-vice-championne-du-monde-de-judo-2023\/#primaryimage","url":"https:\/\/dicodusport.fr\/blog\/wp-content\/uploads\/2023\/05\/Shirine-Boukli-vice-championne-du-monde-de-judo-2023.png","contentUrl":"https:\/\/dicodusport.fr\/blog\/wp-content\/uploads\/2023\/05\/Shirine-Boukli-vice-championne-du-monde-de-judo-2023.png","width":800,"height":445,"caption":"Shirine Boukli vice-championne du monde de judo 2023"},{"@type":"BreadcrumbList","@id":"https:\/\/dicodusport.fr\/blog\/shirine-boukli-vice-championne-du-monde-de-judo-2023\/#breadcrumb","itemListElement":[{"@type":"ListItem","position":1,"name":"Accueil","item":"https:\/\/dicodusport.fr\/blog\/"},{"@type":"ListItem","position":2,"name":"Shirine Boukli vice-championne du monde de judo 2023 !"}]},{"@type":"WebSite","@id":"https:\/\/dicodusport.fr\/blog\/#website","url":"https:\/\/dicodusport.fr\/blog\/","name":"Dicodusport","description":"L&#039;encyclop\u00e9die de l&#039;actualit\u00e9 sportive","publisher":{"@id":"https:\/\/dicodusport.fr\/blog\/#organization"},"potentialAction":[{"@type":"SearchAction","target":{"@type":"EntryPoint","urlTemplate":"https:\/\/dicodusport.fr\/blog\/?s={search_term_string}"},"query-input":{"@type":"PropertyValueSpecification","valueRequired":true,"valueName":"search_term_string"}}],"inLanguage":"fr-FR"},{"@type":"NewsMediaOrganization","@id":"https:\/\/dicodusport.fr\/blog\/#organization","name":"Dicodusport","url":"https:\/\/dicodusport.fr\/blog\/","logo":{"@type":"ImageObject","inLanguage":"fr-FR","@id":"https:\/\/dicodusport.fr\/blog\/#\/schema\/logo\/image\/","url":"https:\/\/dicodusport.fr\/blog\/wp-content\/uploads\/2020\/06\/cropped-LOGO-DICODUSPORT-2020-SANS-FOND-SANS-TEXTE.png","contentUrl":"https:\/\/dicodusport.fr\/blog\/wp-content\/uploads\/2020\/06\/cropped-LOGO-DICODUSPORT-2020-SANS-FOND-SANS-TEXTE.png","width":512,"height":512,"caption":"Dicodusport"},"image":{"@id":"https:\/\/dicodusport.fr\/blog\/#\/schema\/logo\/image\/"},"sameAs":["https:\/\/www.facebook.com\/dicodusport","https:\/\/x.com\/dicodusport","https:\/\/www.instagram.com\/dicodusport\/","https:\/\/www.youtube.com\/channel\/UC7V2KZ5sd3htJivAbA4ZG3w"],"description":"Dicodusport est l'encyclop\u00e9die de l'actualit\u00e9 sportive.","email":"bonjour@dicodusport.fr","legalName":"DICODUSPORT","foundingDate":"2018-01-14","vatID":"FR71834470973","taxID":"83447097300043","numberOfEmployees":{"@type":"QuantitativeValue","minValue":"1","maxValue":"10"}},{"@type":"Person","@id":"https:\/\/dicodusport.fr\/blog\/#\/schema\/person\/cce96fa88785bd8573e3d43078ac8c79","name":"Arlette Yeye","image":{"@type":"ImageObject","inLanguage":"fr-FR","@id":"https:\/\/dicodusport.fr\/blog\/#\/schema\/person\/image\/","url":"https:\/\/secure.gravatar.com\/avatar\/dca4a6239e6d708e46c45d60e160de6c?s=96&d=wp_user_avatar&r=g","contentUrl":"https:\/\/secure.gravatar.com\/avatar\/dca4a6239e6d708e46c45d60e160de6c?s=96&d=wp_user_avatar&r=g","caption":"Arlette Yeye"},"description":"Journaliste\/r\u00e9dactrice depuis septembre 2015 - Supportrice de Chelsea, j'ai pour sports de pr\u00e9dilection le handball, l'athl\u00e9tisme et le tennis. Si je tweete plus vite que mon ombre, vous pouvez aussi me retrouver les week-ends sur les playgrounds de Bruxelles pour un petit foot ou basket entre potes. Parcourir la France, l'Europe et plus si affinit\u00e9s pour suivre mes sportifs pr\u00e9f\u00e9r\u00e9s ? Mon kif ! Et c'est avec plaisir que je partage les r\u00e9sultats des sports populaires mais \u00e9galement plus confidentiels pour Dicodusport.","sameAs":["https:\/\/x.com\/https:\/\/twitter.com\/Shiclette94"],"url":"https:\/\/dicodusport.fr\/blog\/author\/arlette\/"}]}},"_links":{"self":[{"href":"https:\/\/dicodusport.fr\/blog\/wp-json\/wp\/v2\/posts\/379999","targetHints":{"allow":["GET"]}}],"collection":[{"href":"https:\/\/dicodusport.fr\/blog\/wp-json\/wp\/v2\/posts"}],"about":[{"href":"https:\/\/dicodusport.fr\/blog\/wp-json\/wp\/v2\/types\/post"}],"author":[{"embeddable":true,"href":"https:\/\/dicodusport.fr\/blog\/wp-json\/wp\/v2\/users\/12"}],"replies":[{"embeddable":true,"href":"https:\/\/dicodusport.fr\/blog\/wp-json\/wp\/v2\/comments?post=379999"}],"version-history":[{"count":0,"href":"https:\/\/dicodusport.fr\/blog\/wp-json\/wp\/v2\/posts\/379999\/revisions"}],"wp:featuredmedia":[{"embeddable":true,"href":"https:\/\/dicodusport.fr\/blog\/wp-json\/wp\/v2\/media\/380245"}],"wp:attachment":[{"href":"https:\/\/dicodusport.fr\/blog\/wp-json\/wp\/v2\/media?parent=379999"}],"wp:term":[{"taxonomy":"category","embeddable":true,"href":"https:\/\/dicodusport.fr\/blog\/wp-json\/wp\/v2\/categories?post=379999"},{"taxonomy":"post_tag","embeddable":true,"href":"https:\/\/dicodusport.fr\/blog\/wp-json\/wp\/v2\/tags?post=379999"}],"curies":[{"name":"wp","href":"https:\/\/api.w.org\/{rel}","templated":true}]}}