{"id":380001,"date":"2023-05-07T15:39:07","date_gmt":"2023-05-07T13:39:07","guid":{"rendered":"https:\/\/dicodusport.fr\/blog\/?p=380001&#038;preview=true&#038;preview_id=380001"},"modified":"2023-05-07T16:19:04","modified_gmt":"2023-05-07T14:19:04","slug":"vuelta-femmes-2023-la-derniere-etape-pour-vollering-van-vleuten-sacree-au-bout-de-leffort","status":"publish","type":"post","link":"https:\/\/dicodusport.fr\/blog\/vuelta-femmes-2023-la-derniere-etape-pour-vollering-van-vleuten-sacree-au-bout-de-leffort\/","title":{"rendered":"Vuelta femmes 2023 : La derni\u00e8re \u00e9tape pour Vollering, van Vleuten sacr\u00e9e au bout de l&rsquo;effort"},"content":{"rendered":"<p align=\"justify\"><em><strong>VUELTA FEMMES 2023 &#8211; Au terme d&rsquo;une derni\u00e8re \u00e9tape \u00e0 suspense, Annemiek van Vleuten (Movistar) a remport\u00e9 la Vuelta f\u00e9minine 2023. Sa compatriote et rivale, Demi Vollering (SD Worx), a glan\u00e9 cette 7\u00e8me \u00e9tape, arrivant au sommet des Lacs de Covadonga.<\/strong><\/em><\/p>\n<p align=\"justify\">Et de trois pour <strong>Annemiek van Vleuten<\/strong> ! \u00c0 40 ans, la N\u00e9erlandaise vient de glaner <strong>sa troisi\u00e8me Vuelta f\u00e9minine cons\u00e9cutive<\/strong>. La championne du monde en titre, en rouge depuis hier samedi et <a href=\"https:\/\/dicodusport.fr\/blog\/vuelta-femmes-2023-classement-6eme-etape\/\">sa deuxi\u00e8me place derri\u00e8re <strong>Gaia Realini<\/strong> \u00e0 Laredo<\/a>, devait r\u00e9sister \u00e0 <strong>Demi Vollering<\/strong> ce dimanche, avec comme juge de paix, l&rsquo;ascension vers les Lacs de Covadonga (13,3 km \u00e0 pr\u00e8s de 7 % de moyenne, avec de nombreux passages \u00e0 plus de 10 %).<strong> Vollering<\/strong>, d\u00e9poss\u00e9d\u00e9e de la tunique de leader il y a 24 heures, avait 1:11 de d\u00e9bours sur sa compatriote au d\u00e9part de Pola de Siero, ce dimanche. Un \u00e9cart finalement un poil trop cons\u00e9quent.<\/p>\n<h2 style=\"text-align: justify;\" align=\"justify\">Vollering fait craquer van Vleuten<\/h2>\n<p align=\"justify\">Mais il s&rsquo;en est fallu de peu pour <em>la Cannibale<\/em> de cette saison 2023, victorieuse entre autres sur les <strong>Strade Bianche<\/strong>, l&rsquo;<strong>Amstel Gold Race<\/strong>, la <strong>Fl\u00e8che Wallonne<\/strong> et <strong>Li\u00e8ge-Bastogne-Li\u00e8ge<\/strong>. La coureuse de la <strong>SD Worx<\/strong> a pris la course \u00e0 sa main d\u00e8s le pied de l&rsquo;ultime ascension. Finalement, \u00e0 5 km de l&rsquo;arriv\u00e9e, dans les pentes les plus abruptes de la mont\u00e9e vers les <strong>Lacs de Covadonga<\/strong>, <strong>Vollering<\/strong>, accompagn\u00e9e de <strong>Gaia Realini<\/strong>, parvient \u00e0 d\u00e9cramponner une <strong>Annemiek van Vleuten<\/strong> en souffrance. La pensionnaire de la Movistar perd du temps rapidement. Mais en coupant la ligne d&rsquo;arriv\u00e9e en troisi\u00e8me position \u00e0 56 secondes d&rsquo;une <strong>Vollering<\/strong> victorieuse (+ 10 secondes de bonifications) pour la seconde fois sur cette<strong> Vuelta 2023<\/strong>,<strong> van Vleuten<\/strong> (+ 4 secondes de bonifications) r\u00e9ussit \u00e0 conserver son maillot rouge, pour 9 petites secondes.<\/p>\n<p align=\"justify\">Apr\u00e8s ses trois Giro (2018, 2019 et 2022), sa Grande Boucle (2022), <strong>AVV<\/strong> s&rsquo;offre donc une troisi\u00e8me Vuelta (2021, 2022 et donc 2023), pour un septi\u00e8me succ\u00e8s sur un Grand Tour. Monumentale. <strong>Vollering<\/strong>, elle, pourra nourrir des regrets, mais elle aura montr\u00e9 sa sup\u00e9riorit\u00e9 ce dimanche, comme un symbole de ce d\u00e9but de saison.<\/p>\n<blockquote class=\"twitter-tweet\">\n<p dir=\"ltr\" lang=\"nl\">\ud83d\ude4c\ud83c\udffb \ud835\udc6b\ud835\udc76\ud835\udc75\ud835\udc6c it, <a href=\"https:\/\/twitter.com\/AvVleuten?ref_src=twsrc%5Etfw\">@AvVleuten<\/a>\u203c\u203c<\/p>\n<p>\u2764\ud83c\udfc6 VAN VLEUTEN gana <a href=\"https:\/\/twitter.com\/hashtag\/LaVueltaFemenina?src=hash&amp;ref_src=twsrc%5Etfw\">#LaVueltaFemenina<\/a>!<br \/>\n\u2764\ud83c\udfc6 VAN VLEUTEN wins La Vuelta Femenina by <a href=\"https:\/\/twitter.com\/CarrefourES?ref_src=twsrc%5Etfw\">@CarrefourES<\/a>!<\/p>\n<p>\ud83d\ude0e \u00a1Enhorabuena <a href=\"https:\/\/twitter.com\/Movistar_Team?ref_src=twsrc%5Etfw\">@Movistar_Team<\/a>!<\/p>\n<p>\ud83d\udcf8 <a href=\"https:\/\/twitter.com\/cxcling?ref_src=twsrc%5Etfw\">@cxcling<\/a> <a href=\"https:\/\/t.co\/HsdhQHyrMf\">pic.twitter.com\/HsdhQHyrMf<\/a><\/p>\n<p>\u2014 La Vuelta Femenina by Carrefour.es (@LaVueltaFem) <a href=\"https:\/\/twitter.com\/LaVueltaFem\/status\/1655210266198523904?ref_src=twsrc%5Etfw\">May 7, 2023<\/a><\/p><\/blockquote>\n<p><script async src=\"https:\/\/platform.twitter.com\/widgets.js\" charset=\"utf-8\"><\/script><\/p>\n<p align=\"justify\">C\u00f4t\u00e9 Fran\u00e7aises, on notera les tr\u00e8s bonnes performances d&rsquo;<strong>\u00c9vita Muzic<\/strong> (FDJ-Suez) et <strong>Juliette Labous<\/strong> (Team DSM). La premi\u00e8re cit\u00e9e a \u00e9t\u00e9 la derni\u00e8re \u00e0 suivre le trio <strong>Vollering-Realini-van Vleuten<\/strong> ce dimanche, et termine l&rsquo;\u00e9tape \u00e0 la 4\u00e8me place, pour un 6\u00e8me rang au g\u00e9n\u00e9ral final. La seconde mentionn\u00e9e a, elle, connu plus de difficult\u00e9s aujourd&rsquo;hui. Quatri\u00e8me du g\u00e9n\u00e9ral ce matin, elle ach\u00e8ve cette <strong>Vuelta 2023<\/strong> au 7\u00e8me rang, apr\u00e8s avoir perdu 3:21 sur les pentes de Covadonga. Une belle performance d&rsquo;ensemble tout de m\u00eame pour les Bleues.<\/p>\n<h2 style=\"text-align: justify;\" align=\"justify\">\u00c0 lire aussi<\/h2>\n<ul>\n<li><strong><a href=\"https:\/\/dicodusport.fr\/blog\/vuelta-femmes-2023-classement-7eme-etape\/\">Le classement de la 7\u00e8me \u00e9tape de la Vuelta femmes 2023<\/a>\u00a0<\/strong><\/li>\n<li><a href=\"https:\/\/dicodusport.fr\/blog\/vuelta-femmes-2023-classement-general\/\"><strong>Le classement g\u00e9n\u00e9ral de la Vuelta femmes 2023<\/strong><\/a><\/li>\n<\/ul>\n","protected":false},"excerpt":{"rendered":"<p>VUELTA FEMMES 2023 &#8211; Au terme d&rsquo;une derni\u00e8re \u00e9tape \u00e0 suspense, Annemiek van Vleuten (Movistar) a remport\u00e9 la Vuelta f\u00e9minine 2023. Sa compatriote et rivale, Demi Vollering (SD Worx), a glan\u00e9 cette 7\u00e8me \u00e9tape, arrivant au sommet des Lacs de Covadonga.<\/p>\n","protected":false},"author":4,"featured_media":380067,"comment_status":"open","ping_status":"closed","sticky":false,"template":"","format":"standard","meta":{"_acf_changed":false,"_daextam_enable_autolinks":"","footnotes":""},"categories":[46994],"tags":[6120,16878,574,2875],"class_list":["post-380001","post","type-post","status-publish","format-standard","has-post-thumbnail","hentry","category-cyclisme-sur-route","tag-annemiek-van-vleuten","tag-breve","tag-cyclisme","tag-cyclisme-feminin"],"acf":[],"yoast_head":"<!-- This site is optimized with the Yoast SEO Premium plugin v26.7 (Yoast SEO v26.7) - https:\/\/yoast.com\/wordpress\/plugins\/seo\/ -->\n<title>Vuelta femmes 2023 : La derni\u00e8re \u00e9tape pour Vollering, van Vleuten sacr\u00e9e au bout de l&#039;effort<\/title>\n<meta name=\"description\" content=\"VUELTA FEMMES 2023 - Au terme d&#039;une derni\u00e8re \u00e9tape \u00e0 suspense, Annemiek van Vleuten (Movistar) a remport\u00e9 la Vuelta f\u00e9minine 2023.\" \/>\n<meta name=\"robots\" content=\"index, follow, max-snippet:-1, max-image-preview:large, max-video-preview:-1\" \/>\n<link rel=\"canonical\" href=\"https:\/\/dicodusport.fr\/blog\/vuelta-femmes-2023-la-derniere-etape-pour-vollering-van-vleuten-sacree-au-bout-de-leffort\/\" \/>\n<meta property=\"og:locale\" content=\"fr_FR\" \/>\n<meta property=\"og:type\" content=\"article\" \/>\n<meta property=\"og:title\" content=\"Vuelta femmes 2023 : La derni\u00e8re \u00e9tape pour Vollering, van Vleuten sacr\u00e9e au bout de l&#039;effort\" \/>\n<meta property=\"og:description\" content=\"VUELTA FEMMES 2023 - Au terme d&#039;une derni\u00e8re \u00e9tape \u00e0 suspense, Annemiek van Vleuten (Movistar) a remport\u00e9 la Vuelta f\u00e9minine 2023.\" \/>\n<meta property=\"og:url\" content=\"https:\/\/dicodusport.fr\/blog\/vuelta-femmes-2023-la-derniere-etape-pour-vollering-van-vleuten-sacree-au-bout-de-leffort\/\" \/>\n<meta property=\"og:site_name\" content=\"Dicodusport\" \/>\n<meta property=\"article:publisher\" content=\"https:\/\/www.facebook.com\/dicodusport\" \/>\n<meta property=\"article:author\" content=\"https:\/\/www.facebook.com\/florent.ostermann\" \/>\n<meta property=\"article:published_time\" content=\"2023-05-07T13:39:07+00:00\" \/>\n<meta property=\"article:modified_time\" content=\"2023-05-07T14:19:04+00:00\" \/>\n<meta property=\"og:image\" content=\"https:\/\/dicodusport.fr\/blog\/wp-content\/uploads\/2023\/05\/Vuelta-femmes-2023-La-derniere-etape-pour-Vollering-van-Vleuten-sacree-au-bout-de-leffort.png\" \/>\n\t<meta property=\"og:image:width\" content=\"800\" \/>\n\t<meta property=\"og:image:height\" content=\"445\" \/>\n\t<meta property=\"og:image:type\" content=\"image\/png\" \/>\n<meta name=\"author\" content=\"Flo Ostermann\" \/>\n<meta name=\"twitter:card\" content=\"summary_large_image\" \/>\n<meta name=\"twitter:title\" content=\"Vuelta femmes 2023 : La derni\u00e8re \u00e9tape pour Vollering, van Vleuten sacr\u00e9e au bout de l&#039;effort\" \/>\n<meta name=\"twitter:creator\" content=\"@https:\/\/twitter.com\/FlOstermann\" \/>\n<meta name=\"twitter:site\" content=\"@dicodusport\" \/>\n<script type=\"application\/ld+json\" class=\"yoast-schema-graph\">{\"@context\":\"https:\/\/schema.org\",\"@graph\":[{\"@type\":\"NewsArticle\",\"@id\":\"https:\/\/dicodusport.fr\/blog\/vuelta-femmes-2023-la-derniere-etape-pour-vollering-van-vleuten-sacree-au-bout-de-leffort\/#article\",\"isPartOf\":{\"@id\":\"https:\/\/dicodusport.fr\/blog\/vuelta-femmes-2023-la-derniere-etape-pour-vollering-van-vleuten-sacree-au-bout-de-leffort\/\"},\"author\":{\"name\":\"Flo Ostermann\",\"@id\":\"https:\/\/dicodusport.fr\/blog\/#\/schema\/person\/cb02af4c173ce4a653b55e9baf388d4a\"},\"headline\":\"Vuelta femmes 2023 : La derni\u00e8re \u00e9tape pour Vollering, van Vleuten sacr\u00e9e au bout de l&rsquo;effort\",\"datePublished\":\"2023-05-07T13:39:07+00:00\",\"dateModified\":\"2023-05-07T14:19:04+00:00\",\"mainEntityOfPage\":{\"@id\":\"https:\/\/dicodusport.fr\/blog\/vuelta-femmes-2023-la-derniere-etape-pour-vollering-van-vleuten-sacree-au-bout-de-leffort\/\"},\"wordCount\":522,\"commentCount\":0,\"publisher\":{\"@id\":\"https:\/\/dicodusport.fr\/blog\/#organization\"},\"image\":{\"@id\":\"https:\/\/dicodusport.fr\/blog\/vuelta-femmes-2023-la-derniere-etape-pour-vollering-van-vleuten-sacree-au-bout-de-leffort\/#primaryimage\"},\"thumbnailUrl\":\"https:\/\/dicodusport.fr\/blog\/wp-content\/uploads\/2023\/05\/Vuelta-femmes-2023-La-derniere-etape-pour-Vollering-van-Vleuten-sacree-au-bout-de-leffort.png\",\"keywords\":[\"Annemiek Van Vleuten\",\"br\u00e8ve\",\"Cyclisme\",\"cyclisme f\u00e9minin\"],\"articleSection\":[\"Cyclisme sur route\"],\"inLanguage\":\"fr-FR\",\"potentialAction\":[{\"@type\":\"CommentAction\",\"name\":\"Comment\",\"target\":[\"https:\/\/dicodusport.fr\/blog\/vuelta-femmes-2023-la-derniere-etape-pour-vollering-van-vleuten-sacree-au-bout-de-leffort\/#respond\"]}],\"copyrightYear\":\"2023\",\"copyrightHolder\":{\"@id\":\"https:\/\/dicodusport.fr\/blog\/#organization\"}},{\"@type\":\"WebPage\",\"@id\":\"https:\/\/dicodusport.fr\/blog\/vuelta-femmes-2023-la-derniere-etape-pour-vollering-van-vleuten-sacree-au-bout-de-leffort\/\",\"url\":\"https:\/\/dicodusport.fr\/blog\/vuelta-femmes-2023-la-derniere-etape-pour-vollering-van-vleuten-sacree-au-bout-de-leffort\/\",\"name\":\"Vuelta femmes 2023 : La derni\u00e8re \u00e9tape pour Vollering, van Vleuten sacr\u00e9e au bout de l'effort\",\"isPartOf\":{\"@id\":\"https:\/\/dicodusport.fr\/blog\/#website\"},\"primaryImageOfPage\":{\"@id\":\"https:\/\/dicodusport.fr\/blog\/vuelta-femmes-2023-la-derniere-etape-pour-vollering-van-vleuten-sacree-au-bout-de-leffort\/#primaryimage\"},\"image\":{\"@id\":\"https:\/\/dicodusport.fr\/blog\/vuelta-femmes-2023-la-derniere-etape-pour-vollering-van-vleuten-sacree-au-bout-de-leffort\/#primaryimage\"},\"thumbnailUrl\":\"https:\/\/dicodusport.fr\/blog\/wp-content\/uploads\/2023\/05\/Vuelta-femmes-2023-La-derniere-etape-pour-Vollering-van-Vleuten-sacree-au-bout-de-leffort.png\",\"datePublished\":\"2023-05-07T13:39:07+00:00\",\"dateModified\":\"2023-05-07T14:19:04+00:00\",\"description\":\"VUELTA FEMMES 2023 - Au terme d'une derni\u00e8re \u00e9tape \u00e0 suspense, Annemiek van Vleuten (Movistar) a remport\u00e9 la Vuelta f\u00e9minine 2023.\",\"breadcrumb\":{\"@id\":\"https:\/\/dicodusport.fr\/blog\/vuelta-femmes-2023-la-derniere-etape-pour-vollering-van-vleuten-sacree-au-bout-de-leffort\/#breadcrumb\"},\"inLanguage\":\"fr-FR\",\"potentialAction\":[{\"@type\":\"ReadAction\",\"target\":[\"https:\/\/dicodusport.fr\/blog\/vuelta-femmes-2023-la-derniere-etape-pour-vollering-van-vleuten-sacree-au-bout-de-leffort\/\"]}]},{\"@type\":\"ImageObject\",\"inLanguage\":\"fr-FR\",\"@id\":\"https:\/\/dicodusport.fr\/blog\/vuelta-femmes-2023-la-derniere-etape-pour-vollering-van-vleuten-sacree-au-bout-de-leffort\/#primaryimage\",\"url\":\"https:\/\/dicodusport.fr\/blog\/wp-content\/uploads\/2023\/05\/Vuelta-femmes-2023-La-derniere-etape-pour-Vollering-van-Vleuten-sacree-au-bout-de-leffort.png\",\"contentUrl\":\"https:\/\/dicodusport.fr\/blog\/wp-content\/uploads\/2023\/05\/Vuelta-femmes-2023-La-derniere-etape-pour-Vollering-van-Vleuten-sacree-au-bout-de-leffort.png\",\"width\":800,\"height\":445,\"caption\":\"Vuelta femmes 2023 La derni\u00e8re \u00e9tape pour Vollering, van Vleuten sacr\u00e9e au bout de l'effort\"},{\"@type\":\"BreadcrumbList\",\"@id\":\"https:\/\/dicodusport.fr\/blog\/vuelta-femmes-2023-la-derniere-etape-pour-vollering-van-vleuten-sacree-au-bout-de-leffort\/#breadcrumb\",\"itemListElement\":[{\"@type\":\"ListItem\",\"position\":1,\"name\":\"Accueil\",\"item\":\"https:\/\/dicodusport.fr\/blog\/\"},{\"@type\":\"ListItem\",\"position\":2,\"name\":\"Vuelta femmes 2023 : La derni\u00e8re \u00e9tape pour Vollering, van Vleuten sacr\u00e9e au bout de l&rsquo;effort\"}]},{\"@type\":\"WebSite\",\"@id\":\"https:\/\/dicodusport.fr\/blog\/#website\",\"url\":\"https:\/\/dicodusport.fr\/blog\/\",\"name\":\"Dicodusport\",\"description\":\"L&#039;encyclop\u00e9die de l&#039;actualit\u00e9 sportive\",\"publisher\":{\"@id\":\"https:\/\/dicodusport.fr\/blog\/#organization\"},\"potentialAction\":[{\"@type\":\"SearchAction\",\"target\":{\"@type\":\"EntryPoint\",\"urlTemplate\":\"https:\/\/dicodusport.fr\/blog\/?s={search_term_string}\"},\"query-input\":{\"@type\":\"PropertyValueSpecification\",\"valueRequired\":true,\"valueName\":\"search_term_string\"}}],\"inLanguage\":\"fr-FR\"},{\"@type\":\"NewsMediaOrganization\",\"@id\":\"https:\/\/dicodusport.fr\/blog\/#organization\",\"name\":\"Dicodusport\",\"url\":\"https:\/\/dicodusport.fr\/blog\/\",\"logo\":{\"@type\":\"ImageObject\",\"inLanguage\":\"fr-FR\",\"@id\":\"https:\/\/dicodusport.fr\/blog\/#\/schema\/logo\/image\/\",\"url\":\"https:\/\/dicodusport.fr\/blog\/wp-content\/uploads\/2020\/06\/cropped-LOGO-DICODUSPORT-2020-SANS-FOND-SANS-TEXTE.png\",\"contentUrl\":\"https:\/\/dicodusport.fr\/blog\/wp-content\/uploads\/2020\/06\/cropped-LOGO-DICODUSPORT-2020-SANS-FOND-SANS-TEXTE.png\",\"width\":512,\"height\":512,\"caption\":\"Dicodusport\"},\"image\":{\"@id\":\"https:\/\/dicodusport.fr\/blog\/#\/schema\/logo\/image\/\"},\"sameAs\":[\"https:\/\/www.facebook.com\/dicodusport\",\"https:\/\/x.com\/dicodusport\",\"https:\/\/www.instagram.com\/dicodusport\/\",\"https:\/\/www.youtube.com\/channel\/UC7V2KZ5sd3htJivAbA4ZG3w\"],\"description\":\"Dicodusport est l'encyclop\u00e9die de l'actualit\u00e9 sportive.\",\"email\":\"bonjour@dicodusport.fr\",\"legalName\":\"DICODUSPORT\",\"foundingDate\":\"2018-01-14\",\"vatID\":\"FR71834470973\",\"taxID\":\"83447097300043\",\"numberOfEmployees\":{\"@type\":\"QuantitativeValue\",\"minValue\":\"1\",\"maxValue\":\"10\"}},{\"@type\":\"Person\",\"@id\":\"https:\/\/dicodusport.fr\/blog\/#\/schema\/person\/cb02af4c173ce4a653b55e9baf388d4a\",\"name\":\"Flo Ostermann\",\"image\":{\"@type\":\"ImageObject\",\"inLanguage\":\"fr-FR\",\"@id\":\"https:\/\/dicodusport.fr\/blog\/#\/schema\/person\/image\/\",\"url\":\"https:\/\/dicodusport.fr\/blog\/wp-content\/uploads\/2021\/05\/Flo-Ostermann-150x150.jpg\",\"contentUrl\":\"https:\/\/dicodusport.fr\/blog\/wp-content\/uploads\/2021\/05\/Flo-Ostermann-150x150.jpg\",\"caption\":\"Flo Ostermann\"},\"description\":\"Journaliste\/R\u00e9dacteur depuis septembre 2015 - Mes premiers souvenirs dans le sport ? Les envol\u00e9es du Stade Toulousain et les duels Villeneuve-Schumacher et H\u00e4kkinen-Schumacher \u00e0 la fin des ann\u00e9es 90, la Coupe du monde de football en 1998, l\u2019exploit du XV de France face aux All Blacks en 1999, mais aussi Richard C\u0153ur de Lion qui vole sur les montagnes du Tour de France. Bien parti pour devenir professeur d\u2019EPS, les \u00e9v\u00e9nements de la vie (et la flemme d\u2019animer des s\u00e9ances de 3x500 m\u00e8tres toute ma vie) m\u2019ont conduit \u00e0 revoir mes plans. Me voil\u00e0 depuis fin 2017 sur Dicodusport, m\u00e9dia gr\u00e2ce (et pour) lequel je partage ma passion : le sport dans tous ses \u00e9tats. Le tout accompagn\u00e9 par les fous furieux et folles furieuses cit\u00e9s sur cette page !\",\"sameAs\":[\"https:\/\/www.facebook.com\/florent.ostermann\",\"https:\/\/x.com\/https:\/\/twitter.com\/FlOstermann\",\"admin\"],\"url\":\"https:\/\/dicodusport.fr\/blog\/author\/flo\/\"}]}<\/script>\n<!-- \/ Yoast SEO Premium plugin. -->","yoast_head_json":{"title":"Vuelta femmes 2023 : La derni\u00e8re \u00e9tape pour Vollering, van Vleuten sacr\u00e9e au bout de l'effort","description":"VUELTA FEMMES 2023 - Au terme d'une derni\u00e8re \u00e9tape \u00e0 suspense, Annemiek van Vleuten (Movistar) a remport\u00e9 la Vuelta f\u00e9minine 2023.","robots":{"index":"index","follow":"follow","max-snippet":"max-snippet:-1","max-image-preview":"max-image-preview:large","max-video-preview":"max-video-preview:-1"},"canonical":"https:\/\/dicodusport.fr\/blog\/vuelta-femmes-2023-la-derniere-etape-pour-vollering-van-vleuten-sacree-au-bout-de-leffort\/","og_locale":"fr_FR","og_type":"article","og_title":"Vuelta femmes 2023 : La derni\u00e8re \u00e9tape pour Vollering, van Vleuten sacr\u00e9e au bout de l'effort","og_description":"VUELTA FEMMES 2023 - Au terme d'une derni\u00e8re \u00e9tape \u00e0 suspense, Annemiek van Vleuten (Movistar) a remport\u00e9 la Vuelta f\u00e9minine 2023.","og_url":"https:\/\/dicodusport.fr\/blog\/vuelta-femmes-2023-la-derniere-etape-pour-vollering-van-vleuten-sacree-au-bout-de-leffort\/","og_site_name":"Dicodusport","article_publisher":"https:\/\/www.facebook.com\/dicodusport","article_author":"https:\/\/www.facebook.com\/florent.ostermann","article_published_time":"2023-05-07T13:39:07+00:00","article_modified_time":"2023-05-07T14:19:04+00:00","og_image":[{"width":800,"height":445,"url":"https:\/\/dicodusport.fr\/blog\/wp-content\/uploads\/2023\/05\/Vuelta-femmes-2023-La-derniere-etape-pour-Vollering-van-Vleuten-sacree-au-bout-de-leffort.png","type":"image\/png"}],"author":"Flo Ostermann","twitter_card":"summary_large_image","twitter_title":"Vuelta femmes 2023 : La derni\u00e8re \u00e9tape pour Vollering, van Vleuten sacr\u00e9e au bout de l'effort","twitter_creator":"@https:\/\/twitter.com\/FlOstermann","twitter_site":"@dicodusport","schema":{"@context":"https:\/\/schema.org","@graph":[{"@type":"NewsArticle","@id":"https:\/\/dicodusport.fr\/blog\/vuelta-femmes-2023-la-derniere-etape-pour-vollering-van-vleuten-sacree-au-bout-de-leffort\/#article","isPartOf":{"@id":"https:\/\/dicodusport.fr\/blog\/vuelta-femmes-2023-la-derniere-etape-pour-vollering-van-vleuten-sacree-au-bout-de-leffort\/"},"author":{"name":"Flo Ostermann","@id":"https:\/\/dicodusport.fr\/blog\/#\/schema\/person\/cb02af4c173ce4a653b55e9baf388d4a"},"headline":"Vuelta femmes 2023 : La derni\u00e8re \u00e9tape pour Vollering, van Vleuten sacr\u00e9e au bout de l&rsquo;effort","datePublished":"2023-05-07T13:39:07+00:00","dateModified":"2023-05-07T14:19:04+00:00","mainEntityOfPage":{"@id":"https:\/\/dicodusport.fr\/blog\/vuelta-femmes-2023-la-derniere-etape-pour-vollering-van-vleuten-sacree-au-bout-de-leffort\/"},"wordCount":522,"commentCount":0,"publisher":{"@id":"https:\/\/dicodusport.fr\/blog\/#organization"},"image":{"@id":"https:\/\/dicodusport.fr\/blog\/vuelta-femmes-2023-la-derniere-etape-pour-vollering-van-vleuten-sacree-au-bout-de-leffort\/#primaryimage"},"thumbnailUrl":"https:\/\/dicodusport.fr\/blog\/wp-content\/uploads\/2023\/05\/Vuelta-femmes-2023-La-derniere-etape-pour-Vollering-van-Vleuten-sacree-au-bout-de-leffort.png","keywords":["Annemiek Van Vleuten","br\u00e8ve","Cyclisme","cyclisme f\u00e9minin"],"articleSection":["Cyclisme sur route"],"inLanguage":"fr-FR","potentialAction":[{"@type":"CommentAction","name":"Comment","target":["https:\/\/dicodusport.fr\/blog\/vuelta-femmes-2023-la-derniere-etape-pour-vollering-van-vleuten-sacree-au-bout-de-leffort\/#respond"]}],"copyrightYear":"2023","copyrightHolder":{"@id":"https:\/\/dicodusport.fr\/blog\/#organization"}},{"@type":"WebPage","@id":"https:\/\/dicodusport.fr\/blog\/vuelta-femmes-2023-la-derniere-etape-pour-vollering-van-vleuten-sacree-au-bout-de-leffort\/","url":"https:\/\/dicodusport.fr\/blog\/vuelta-femmes-2023-la-derniere-etape-pour-vollering-van-vleuten-sacree-au-bout-de-leffort\/","name":"Vuelta femmes 2023 : La derni\u00e8re \u00e9tape pour Vollering, van Vleuten sacr\u00e9e au bout de l'effort","isPartOf":{"@id":"https:\/\/dicodusport.fr\/blog\/#website"},"primaryImageOfPage":{"@id":"https:\/\/dicodusport.fr\/blog\/vuelta-femmes-2023-la-derniere-etape-pour-vollering-van-vleuten-sacree-au-bout-de-leffort\/#primaryimage"},"image":{"@id":"https:\/\/dicodusport.fr\/blog\/vuelta-femmes-2023-la-derniere-etape-pour-vollering-van-vleuten-sacree-au-bout-de-leffort\/#primaryimage"},"thumbnailUrl":"https:\/\/dicodusport.fr\/blog\/wp-content\/uploads\/2023\/05\/Vuelta-femmes-2023-La-derniere-etape-pour-Vollering-van-Vleuten-sacree-au-bout-de-leffort.png","datePublished":"2023-05-07T13:39:07+00:00","dateModified":"2023-05-07T14:19:04+00:00","description":"VUELTA FEMMES 2023 - Au terme d'une derni\u00e8re \u00e9tape \u00e0 suspense, Annemiek van Vleuten (Movistar) a remport\u00e9 la Vuelta f\u00e9minine 2023.","breadcrumb":{"@id":"https:\/\/dicodusport.fr\/blog\/vuelta-femmes-2023-la-derniere-etape-pour-vollering-van-vleuten-sacree-au-bout-de-leffort\/#breadcrumb"},"inLanguage":"fr-FR","potentialAction":[{"@type":"ReadAction","target":["https:\/\/dicodusport.fr\/blog\/vuelta-femmes-2023-la-derniere-etape-pour-vollering-van-vleuten-sacree-au-bout-de-leffort\/"]}]},{"@type":"ImageObject","inLanguage":"fr-FR","@id":"https:\/\/dicodusport.fr\/blog\/vuelta-femmes-2023-la-derniere-etape-pour-vollering-van-vleuten-sacree-au-bout-de-leffort\/#primaryimage","url":"https:\/\/dicodusport.fr\/blog\/wp-content\/uploads\/2023\/05\/Vuelta-femmes-2023-La-derniere-etape-pour-Vollering-van-Vleuten-sacree-au-bout-de-leffort.png","contentUrl":"https:\/\/dicodusport.fr\/blog\/wp-content\/uploads\/2023\/05\/Vuelta-femmes-2023-La-derniere-etape-pour-Vollering-van-Vleuten-sacree-au-bout-de-leffort.png","width":800,"height":445,"caption":"Vuelta femmes 2023 La derni\u00e8re \u00e9tape pour Vollering, van Vleuten sacr\u00e9e au bout de l'effort"},{"@type":"BreadcrumbList","@id":"https:\/\/dicodusport.fr\/blog\/vuelta-femmes-2023-la-derniere-etape-pour-vollering-van-vleuten-sacree-au-bout-de-leffort\/#breadcrumb","itemListElement":[{"@type":"ListItem","position":1,"name":"Accueil","item":"https:\/\/dicodusport.fr\/blog\/"},{"@type":"ListItem","position":2,"name":"Vuelta femmes 2023 : La derni\u00e8re \u00e9tape pour Vollering, van Vleuten sacr\u00e9e au bout de l&rsquo;effort"}]},{"@type":"WebSite","@id":"https:\/\/dicodusport.fr\/blog\/#website","url":"https:\/\/dicodusport.fr\/blog\/","name":"Dicodusport","description":"L&#039;encyclop\u00e9die de l&#039;actualit\u00e9 sportive","publisher":{"@id":"https:\/\/dicodusport.fr\/blog\/#organization"},"potentialAction":[{"@type":"SearchAction","target":{"@type":"EntryPoint","urlTemplate":"https:\/\/dicodusport.fr\/blog\/?s={search_term_string}"},"query-input":{"@type":"PropertyValueSpecification","valueRequired":true,"valueName":"search_term_string"}}],"inLanguage":"fr-FR"},{"@type":"NewsMediaOrganization","@id":"https:\/\/dicodusport.fr\/blog\/#organization","name":"Dicodusport","url":"https:\/\/dicodusport.fr\/blog\/","logo":{"@type":"ImageObject","inLanguage":"fr-FR","@id":"https:\/\/dicodusport.fr\/blog\/#\/schema\/logo\/image\/","url":"https:\/\/dicodusport.fr\/blog\/wp-content\/uploads\/2020\/06\/cropped-LOGO-DICODUSPORT-2020-SANS-FOND-SANS-TEXTE.png","contentUrl":"https:\/\/dicodusport.fr\/blog\/wp-content\/uploads\/2020\/06\/cropped-LOGO-DICODUSPORT-2020-SANS-FOND-SANS-TEXTE.png","width":512,"height":512,"caption":"Dicodusport"},"image":{"@id":"https:\/\/dicodusport.fr\/blog\/#\/schema\/logo\/image\/"},"sameAs":["https:\/\/www.facebook.com\/dicodusport","https:\/\/x.com\/dicodusport","https:\/\/www.instagram.com\/dicodusport\/","https:\/\/www.youtube.com\/channel\/UC7V2KZ5sd3htJivAbA4ZG3w"],"description":"Dicodusport est l'encyclop\u00e9die de l'actualit\u00e9 sportive.","email":"bonjour@dicodusport.fr","legalName":"DICODUSPORT","foundingDate":"2018-01-14","vatID":"FR71834470973","taxID":"83447097300043","numberOfEmployees":{"@type":"QuantitativeValue","minValue":"1","maxValue":"10"}},{"@type":"Person","@id":"https:\/\/dicodusport.fr\/blog\/#\/schema\/person\/cb02af4c173ce4a653b55e9baf388d4a","name":"Flo Ostermann","image":{"@type":"ImageObject","inLanguage":"fr-FR","@id":"https:\/\/dicodusport.fr\/blog\/#\/schema\/person\/image\/","url":"https:\/\/dicodusport.fr\/blog\/wp-content\/uploads\/2021\/05\/Flo-Ostermann-150x150.jpg","contentUrl":"https:\/\/dicodusport.fr\/blog\/wp-content\/uploads\/2021\/05\/Flo-Ostermann-150x150.jpg","caption":"Flo Ostermann"},"description":"Journaliste\/R\u00e9dacteur depuis septembre 2015 - Mes premiers souvenirs dans le sport ? Les envol\u00e9es du Stade Toulousain et les duels Villeneuve-Schumacher et H\u00e4kkinen-Schumacher \u00e0 la fin des ann\u00e9es 90, la Coupe du monde de football en 1998, l\u2019exploit du XV de France face aux All Blacks en 1999, mais aussi Richard C\u0153ur de Lion qui vole sur les montagnes du Tour de France. Bien parti pour devenir professeur d\u2019EPS, les \u00e9v\u00e9nements de la vie (et la flemme d\u2019animer des s\u00e9ances de 3x500 m\u00e8tres toute ma vie) m\u2019ont conduit \u00e0 revoir mes plans. Me voil\u00e0 depuis fin 2017 sur Dicodusport, m\u00e9dia gr\u00e2ce (et pour) lequel je partage ma passion : le sport dans tous ses \u00e9tats. Le tout accompagn\u00e9 par les fous furieux et folles furieuses cit\u00e9s sur cette page !","sameAs":["https:\/\/www.facebook.com\/florent.ostermann","https:\/\/x.com\/https:\/\/twitter.com\/FlOstermann","admin"],"url":"https:\/\/dicodusport.fr\/blog\/author\/flo\/"}]}},"_links":{"self":[{"href":"https:\/\/dicodusport.fr\/blog\/wp-json\/wp\/v2\/posts\/380001","targetHints":{"allow":["GET"]}}],"collection":[{"href":"https:\/\/dicodusport.fr\/blog\/wp-json\/wp\/v2\/posts"}],"about":[{"href":"https:\/\/dicodusport.fr\/blog\/wp-json\/wp\/v2\/types\/post"}],"author":[{"embeddable":true,"href":"https:\/\/dicodusport.fr\/blog\/wp-json\/wp\/v2\/users\/4"}],"replies":[{"embeddable":true,"href":"https:\/\/dicodusport.fr\/blog\/wp-json\/wp\/v2\/comments?post=380001"}],"version-history":[{"count":0,"href":"https:\/\/dicodusport.fr\/blog\/wp-json\/wp\/v2\/posts\/380001\/revisions"}],"wp:featuredmedia":[{"embeddable":true,"href":"https:\/\/dicodusport.fr\/blog\/wp-json\/wp\/v2\/media\/380067"}],"wp:attachment":[{"href":"https:\/\/dicodusport.fr\/blog\/wp-json\/wp\/v2\/media?parent=380001"}],"wp:term":[{"taxonomy":"category","embeddable":true,"href":"https:\/\/dicodusport.fr\/blog\/wp-json\/wp\/v2\/categories?post=380001"},{"taxonomy":"post_tag","embeddable":true,"href":"https:\/\/dicodusport.fr\/blog\/wp-json\/wp\/v2\/tags?post=380001"}],"curies":[{"name":"wp","href":"https:\/\/api.w.org\/{rel}","templated":true}]}}