{"id":380284,"date":"2023-05-08T07:36:32","date_gmt":"2023-05-08T05:36:32","guid":{"rendered":"https:\/\/dicodusport.fr\/blog\/?p=380284&#038;preview=true&#038;preview_id=380284"},"modified":"2023-05-08T10:57:03","modified_gmt":"2023-05-08T08:57:03","slug":"lyon-jean-michel-aulas-va-quitter-lol","status":"publish","type":"post","link":"https:\/\/dicodusport.fr\/blog\/lyon-jean-michel-aulas-va-quitter-lol\/","title":{"rendered":"Lyon : Jean-Michel Aulas va quitter l&rsquo;OL"},"content":{"rendered":"<p style=\"text-align: justify;\" align=\"justify\"><em><b>LIGUE 1 2022-2023 &#8211; Selon nos confr\u00e8res de L&rsquo;\u00c9quipe, une information officialis\u00e9e par l&rsquo;OL depuis, Jean-Michel Aulas va quitter ses fonctions de pr\u00e9sident de l&rsquo;Olympique Lyonnais dans les prochaines heures. Il deviendra pr\u00e9sident d&rsquo;honneur de club rhodanien. John Textor est lui nomm\u00e9 directeur g\u00e9n\u00e9ral provisoire d&rsquo;OL Groupe.<\/b><\/em><\/p>\n<p style=\"text-align: justify;\" align=\"justify\">C&rsquo;est la fin d&rsquo;une histoire de 36 ans ! Jean-Michel Aulas, pr\u00e9sident de l&rsquo;<a href=\"https:\/\/dicodusport.fr\/blog\/mercato-ol-lyon-veut-soffrir-skelly-alvero\/\"><strong>Olympique Lyonnais<\/strong><\/a> depuis juin 1987 va passer la main dans les prochaines heures. Depuis le rachat du club par les Am\u00e9ricains, <strong>John<\/strong> <strong>Textor<\/strong> en t\u00eate, les choses ne se sont jamais pass\u00e9es comme pr\u00e9vu, puisque le dirigeant a refus\u00e9 l&rsquo;\u00e9volution de la structuration interne propos\u00e9e par les Am\u00e9ricains.<\/p>\n<h2 style=\"text-align: justify;\" align=\"justify\">10 millions d&rsquo;indemnit\u00e9s !<\/h2>\n<p style=\"text-align: justify;\" align=\"justify\">Au moment de la signature de la vente du club, Jean-Michel Aulas avait sign\u00e9 un contrat de gouvernance pour trois ann\u00e9es, mais il n&rsquo;en aura m\u00eame pas termin\u00e9 une. <strong>Eagle<\/strong> <strong>Football<\/strong> va devoir lui verser l&rsquo;int\u00e9gralit\u00e9 des indemnit\u00e9s pr\u00e9vues au contrat en cas de s\u00e9paration anticip\u00e9e, c&rsquo;est-\u00e0-dire pas moins de 10 millions d&rsquo;euros. Les nouveaux propri\u00e9taires voulaient notamment faire \u00e9voluer la cellule de recrutement, mais <strong>Jean-Michel Aulas<\/strong> campait sur ses positions.<\/p>\n<p style=\"text-align: justify;\" align=\"justify\">Lors d&rsquo;un dernier Conseil d&rsquo;Administration vendredi, <strong>Eagle Football<\/strong> et le pr\u00e9sident <strong>Aulas<\/strong> ont constat\u00e9 leurs points de d\u00e9saccord et le divorce aurait \u00e9t\u00e9 consomm\u00e9. L&rsquo;annonce a \u00e9t\u00e9 officialis\u00e9e ce lundi par le club rhodanien, et c&rsquo;est donc une tr\u00e8s grande page du club lyonnais qui va se tourner.<strong> Jean-Michel Aulas<\/strong> a remport\u00e9 sept titres de champion de France avec l&rsquo;\u00e9quipe masculine, quinze avec l&rsquo;\u00e9quipe f\u00e9minine, mais aussi huit Ligues des Champions avec les Lyonnaises.<\/p>\n<p style=\"text-align: justify;\" align=\"justify\">D&rsquo;un club cribl\u00e9 de dettes, il en a fait une soci\u00e9t\u00e9 cot\u00e9e en bourse pendant plusieurs ann\u00e9es et valoris\u00e9e \u00e0 plusieurs centaines de millions d&rsquo;euros en 2023. Si les derni\u00e8res ann\u00e9es ont \u00e9t\u00e9 plus compliqu\u00e9es, avec des r\u00e9sultats sportifs plus d\u00e9cevants pour le groupe masculin, le parcours de <strong>JMA<\/strong> \u00e0 la t\u00eate de l&rsquo;<strong>Olympique Lyonnais<\/strong> est parmi les plus beaux, si ce n&rsquo;est le plus beau, pour un pr\u00e9sident d&rsquo;un club fran\u00e7ais !<\/p>\n<h2 style=\"text-align: justify;\" align=\"justify\">Le communiqu\u00e9 d&rsquo;OL Groupe<\/h2>\n<blockquote>\n<p align=\"justify\">Monsieur John Textor a \u00e9galement \u00e9t\u00e9 nomm\u00e9 en qualit\u00e9 de Directeur g\u00e9n\u00e9ral d&rsquo;OL Groupe \u00e0 compter du 5 mai 2023, pour une p\u00e9riode int\u00e9rimaire, le temps d&rsquo;identifier et de d\u00e9signer un nouveau Directeur g\u00e9n\u00e9ral. Monsieur Jean-Michel Aulas sera nomm\u00e9 Pr\u00e9sident d&rsquo;honneur [&#8230;] OL Groupe remercie tr\u00e8s sinc\u00e8rement Monsieur Jean-Michel Aulas pour son engagement et son d\u00e9vouement sans r\u00e9serve envers l&rsquo;Olympique Lyonnais pendant plus de trois d\u00e9cennies, au cours desquelles plus de 50 titres ont \u00e9t\u00e9 remport\u00e9s aussi bien pour les \u00e9quipes masculines que f\u00e9minines. OL Groupe est heureux de pouvoir continuer \u00e0 b\u00e9n\u00e9ficier de l&rsquo;expertise et de l&rsquo;accompagnement de Monsieur Jean-Michel Aulas. Toutes les parties prenantes lui sont reconnaissantes pour son engagement et ses qualit\u00e9s de dirigeant qui ont permis au club de devenir une place forte du football europ\u00e9en tant chez les hommes que chez les femmes.<\/p>\n<\/blockquote>\n<p align=\"justify\"><a href=\"https:\/\/dicodusport.fr\/blog\/wp-content\/uploads\/2023\/05\/olg-cp-08.05-fr-v-def.pdf\" class=\"pdfemb-viewer\" style=\"\" data-width=\"max\" data-height=\"max\"  data-toolbar=\"both\" data-toolbar-fixed=\"on\">olg-cp-08.05-fr-v-def<br\/><\/a>\n<p style=\"text-align: justify;\">\n","protected":false},"excerpt":{"rendered":"<p>LIGUE 1 2022-2023 &#8211; Selon nos confr\u00e8res de L&rsquo;\u00c9quipe, Jean-Michel Aulas va quitter ses fonctions de pr\u00e9sident de l&rsquo;Olympique Lyonnais dans les prochaines heures.\u00a0<\/p>\n","protected":false},"author":1,"featured_media":380285,"comment_status":"open","ping_status":"closed","sticky":false,"template":"","format":"standard","meta":{"_acf_changed":false,"_daextam_enable_autolinks":"","footnotes":""},"categories":[2301,47045],"tags":[2734,16878,75,2845,449,1145],"class_list":["post-380284","post","type-post","status-publish","format-standard","has-post-thumbnail","hentry","category-football","category-ligue-1","tag-aulas","tag-breve","tag-football","tag-jean-michel-aulas","tag-lyon","tag-ol"],"acf":[],"yoast_head":"<!-- This site is optimized with the Yoast SEO Premium plugin v26.7 (Yoast SEO v26.7) - https:\/\/yoast.com\/wordpress\/plugins\/seo\/ -->\n<title>Lyon : Jean-Michel Aulas va quitter l&#039;OL<\/title>\n<meta name=\"description\" content=\"LIGUE 1 2022-2023 - Selon nos confr\u00e8res de L&#039;\u00c9quipe, Jean-Michel Aulas va quitter ses fonctions de pr\u00e9sident de l&#039;Olympique Lyonnais.\" \/>\n<meta name=\"robots\" content=\"index, follow, max-snippet:-1, max-image-preview:large, max-video-preview:-1\" \/>\n<link rel=\"canonical\" href=\"https:\/\/dicodusport.fr\/blog\/lyon-jean-michel-aulas-va-quitter-lol\/\" \/>\n<meta property=\"og:locale\" content=\"fr_FR\" \/>\n<meta property=\"og:type\" content=\"article\" \/>\n<meta property=\"og:title\" content=\"Lyon : Jean-Michel Aulas va quitter l&#039;OL\" \/>\n<meta property=\"og:description\" content=\"LIGUE 1 2022-2023 - Selon nos confr\u00e8res de L&#039;\u00c9quipe, Jean-Michel Aulas va quitter ses fonctions de pr\u00e9sident de l&#039;Olympique Lyonnais.\" \/>\n<meta property=\"og:url\" content=\"https:\/\/dicodusport.fr\/blog\/lyon-jean-michel-aulas-va-quitter-lol\/\" \/>\n<meta property=\"og:site_name\" content=\"Dicodusport\" \/>\n<meta property=\"article:publisher\" content=\"https:\/\/www.facebook.com\/dicodusport\" \/>\n<meta property=\"article:author\" content=\"https:\/\/www.facebook.com\/dicodusport\" \/>\n<meta property=\"article:published_time\" content=\"2023-05-08T05:36:32+00:00\" \/>\n<meta property=\"article:modified_time\" content=\"2023-05-08T08:57:03+00:00\" \/>\n<meta property=\"og:image\" content=\"https:\/\/dicodusport.fr\/blog\/wp-content\/uploads\/2023\/05\/Lyon-Jean-Michel-Aulas-va-quitter-lOL.png\" \/>\n\t<meta property=\"og:image:width\" content=\"800\" \/>\n\t<meta property=\"og:image:height\" content=\"445\" \/>\n\t<meta property=\"og:image:type\" content=\"image\/png\" \/>\n<meta name=\"author\" content=\"Nicolas Jacquemard\" \/>\n<meta name=\"twitter:card\" content=\"summary_large_image\" \/>\n<meta name=\"twitter:title\" content=\"Lyon : Jean-Michel Aulas va quitter l&#039;OL\" \/>\n<meta name=\"twitter:creator\" content=\"@https:\/\/twitter.com\/Nico_Jacquemard\" \/>\n<meta name=\"twitter:site\" content=\"@dicodusport\" \/>\n<script type=\"application\/ld+json\" class=\"yoast-schema-graph\">{\"@context\":\"https:\/\/schema.org\",\"@graph\":[{\"@type\":\"NewsArticle\",\"@id\":\"https:\/\/dicodusport.fr\/blog\/lyon-jean-michel-aulas-va-quitter-lol\/#article\",\"isPartOf\":{\"@id\":\"https:\/\/dicodusport.fr\/blog\/lyon-jean-michel-aulas-va-quitter-lol\/\"},\"author\":{\"name\":\"Nicolas Jacquemard\",\"@id\":\"https:\/\/dicodusport.fr\/blog\/#\/schema\/person\/55dcb50ad410894e431ed812bbb70191\"},\"headline\":\"Lyon : Jean-Michel Aulas va quitter l&rsquo;OL\",\"datePublished\":\"2023-05-08T05:36:32+00:00\",\"dateModified\":\"2023-05-08T08:57:03+00:00\",\"mainEntityOfPage\":{\"@id\":\"https:\/\/dicodusport.fr\/blog\/lyon-jean-michel-aulas-va-quitter-lol\/\"},\"wordCount\":564,\"commentCount\":0,\"publisher\":{\"@id\":\"https:\/\/dicodusport.fr\/blog\/#organization\"},\"image\":{\"@id\":\"https:\/\/dicodusport.fr\/blog\/lyon-jean-michel-aulas-va-quitter-lol\/#primaryimage\"},\"thumbnailUrl\":\"https:\/\/dicodusport.fr\/blog\/wp-content\/uploads\/2023\/05\/Lyon-Jean-Michel-Aulas-va-quitter-lOL.png\",\"keywords\":[\"Aulas\",\"br\u00e8ve\",\"Football\",\"Jean-Michel Aulas\",\"Lyon\",\"OL\"],\"articleSection\":[\"Football\",\"Ligue 1\"],\"inLanguage\":\"fr-FR\",\"potentialAction\":[{\"@type\":\"CommentAction\",\"name\":\"Comment\",\"target\":[\"https:\/\/dicodusport.fr\/blog\/lyon-jean-michel-aulas-va-quitter-lol\/#respond\"]}],\"copyrightYear\":\"2023\",\"copyrightHolder\":{\"@id\":\"https:\/\/dicodusport.fr\/blog\/#organization\"}},{\"@type\":\"WebPage\",\"@id\":\"https:\/\/dicodusport.fr\/blog\/lyon-jean-michel-aulas-va-quitter-lol\/\",\"url\":\"https:\/\/dicodusport.fr\/blog\/lyon-jean-michel-aulas-va-quitter-lol\/\",\"name\":\"Lyon : Jean-Michel Aulas va quitter l'OL\",\"isPartOf\":{\"@id\":\"https:\/\/dicodusport.fr\/blog\/#website\"},\"primaryImageOfPage\":{\"@id\":\"https:\/\/dicodusport.fr\/blog\/lyon-jean-michel-aulas-va-quitter-lol\/#primaryimage\"},\"image\":{\"@id\":\"https:\/\/dicodusport.fr\/blog\/lyon-jean-michel-aulas-va-quitter-lol\/#primaryimage\"},\"thumbnailUrl\":\"https:\/\/dicodusport.fr\/blog\/wp-content\/uploads\/2023\/05\/Lyon-Jean-Michel-Aulas-va-quitter-lOL.png\",\"datePublished\":\"2023-05-08T05:36:32+00:00\",\"dateModified\":\"2023-05-08T08:57:03+00:00\",\"description\":\"LIGUE 1 2022-2023 - Selon nos confr\u00e8res de L'\u00c9quipe, Jean-Michel Aulas va quitter ses fonctions de pr\u00e9sident de l'Olympique Lyonnais.\",\"breadcrumb\":{\"@id\":\"https:\/\/dicodusport.fr\/blog\/lyon-jean-michel-aulas-va-quitter-lol\/#breadcrumb\"},\"inLanguage\":\"fr-FR\",\"potentialAction\":[{\"@type\":\"ReadAction\",\"target\":[\"https:\/\/dicodusport.fr\/blog\/lyon-jean-michel-aulas-va-quitter-lol\/\"]}]},{\"@type\":\"ImageObject\",\"inLanguage\":\"fr-FR\",\"@id\":\"https:\/\/dicodusport.fr\/blog\/lyon-jean-michel-aulas-va-quitter-lol\/#primaryimage\",\"url\":\"https:\/\/dicodusport.fr\/blog\/wp-content\/uploads\/2023\/05\/Lyon-Jean-Michel-Aulas-va-quitter-lOL.png\",\"contentUrl\":\"https:\/\/dicodusport.fr\/blog\/wp-content\/uploads\/2023\/05\/Lyon-Jean-Michel-Aulas-va-quitter-lOL.png\",\"width\":800,\"height\":445},{\"@type\":\"BreadcrumbList\",\"@id\":\"https:\/\/dicodusport.fr\/blog\/lyon-jean-michel-aulas-va-quitter-lol\/#breadcrumb\",\"itemListElement\":[{\"@type\":\"ListItem\",\"position\":1,\"name\":\"Accueil\",\"item\":\"https:\/\/dicodusport.fr\/blog\/\"},{\"@type\":\"ListItem\",\"position\":2,\"name\":\"Lyon : Jean-Michel Aulas va quitter l&rsquo;OL\"}]},{\"@type\":\"WebSite\",\"@id\":\"https:\/\/dicodusport.fr\/blog\/#website\",\"url\":\"https:\/\/dicodusport.fr\/blog\/\",\"name\":\"Dicodusport\",\"description\":\"L&#039;encyclop\u00e9die de l&#039;actualit\u00e9 sportive\",\"publisher\":{\"@id\":\"https:\/\/dicodusport.fr\/blog\/#organization\"},\"potentialAction\":[{\"@type\":\"SearchAction\",\"target\":{\"@type\":\"EntryPoint\",\"urlTemplate\":\"https:\/\/dicodusport.fr\/blog\/?s={search_term_string}\"},\"query-input\":{\"@type\":\"PropertyValueSpecification\",\"valueRequired\":true,\"valueName\":\"search_term_string\"}}],\"inLanguage\":\"fr-FR\"},{\"@type\":\"NewsMediaOrganization\",\"@id\":\"https:\/\/dicodusport.fr\/blog\/#organization\",\"name\":\"Dicodusport\",\"url\":\"https:\/\/dicodusport.fr\/blog\/\",\"logo\":{\"@type\":\"ImageObject\",\"inLanguage\":\"fr-FR\",\"@id\":\"https:\/\/dicodusport.fr\/blog\/#\/schema\/logo\/image\/\",\"url\":\"https:\/\/dicodusport.fr\/blog\/wp-content\/uploads\/2020\/06\/cropped-LOGO-DICODUSPORT-2020-SANS-FOND-SANS-TEXTE.png\",\"contentUrl\":\"https:\/\/dicodusport.fr\/blog\/wp-content\/uploads\/2020\/06\/cropped-LOGO-DICODUSPORT-2020-SANS-FOND-SANS-TEXTE.png\",\"width\":512,\"height\":512,\"caption\":\"Dicodusport\"},\"image\":{\"@id\":\"https:\/\/dicodusport.fr\/blog\/#\/schema\/logo\/image\/\"},\"sameAs\":[\"https:\/\/www.facebook.com\/dicodusport\",\"https:\/\/x.com\/dicodusport\",\"https:\/\/www.instagram.com\/dicodusport\/\",\"https:\/\/www.youtube.com\/channel\/UC7V2KZ5sd3htJivAbA4ZG3w\"],\"description\":\"Dicodusport est l'encyclop\u00e9die de l'actualit\u00e9 sportive.\",\"email\":\"bonjour@dicodusport.fr\",\"legalName\":\"DICODUSPORT\",\"foundingDate\":\"2018-01-14\",\"vatID\":\"FR71834470973\",\"taxID\":\"83447097300043\",\"numberOfEmployees\":{\"@type\":\"QuantitativeValue\",\"minValue\":\"1\",\"maxValue\":\"10\"}},{\"@type\":\"Person\",\"@id\":\"https:\/\/dicodusport.fr\/blog\/#\/schema\/person\/55dcb50ad410894e431ed812bbb70191\",\"name\":\"Nicolas Jacquemard\",\"image\":{\"@type\":\"ImageObject\",\"inLanguage\":\"fr-FR\",\"@id\":\"https:\/\/dicodusport.fr\/blog\/#\/schema\/person\/image\/\",\"url\":\"https:\/\/dicodusport.fr\/blog\/wp-content\/uploads\/2021\/05\/Nicolas-Jacquemard-150x150.jpeg\",\"contentUrl\":\"https:\/\/dicodusport.fr\/blog\/wp-content\/uploads\/2021\/05\/Nicolas-Jacquemard-150x150.jpeg\",\"caption\":\"Nicolas Jacquemard\"},\"description\":\"Passionn\u00e9 de sport et entrepreneur depuis mes 18 ans, la cr\u00e9ation de Dicodusport m'a sembl\u00e9 \u00e9vidente pour participer \u00e0 la m\u00e9diatisation d'un plus grand nombre de sports. Le chemin est long mais avec une \u00e9quipe des plus motiv\u00e9es et les Jeux Olympiques de Paris 2024 en point de mire, nous y arriverons ! Journaliste dans le monde du sport depuis plus de 5 ans, je traite aussi bien de football, de rugby, de biathlon que de cyclisme.\",\"sameAs\":[\"https:\/\/www.facebook.com\/dicodusport\",\"https:\/\/x.com\/https:\/\/twitter.com\/Nico_Jacquemard\"],\"url\":\"https:\/\/dicodusport.fr\/blog\/author\/dicodusport\/\"}]}<\/script>\n<!-- \/ Yoast SEO Premium plugin. -->","yoast_head_json":{"title":"Lyon : Jean-Michel Aulas va quitter l'OL","description":"LIGUE 1 2022-2023 - Selon nos confr\u00e8res de L'\u00c9quipe, Jean-Michel Aulas va quitter ses fonctions de pr\u00e9sident de l'Olympique Lyonnais.","robots":{"index":"index","follow":"follow","max-snippet":"max-snippet:-1","max-image-preview":"max-image-preview:large","max-video-preview":"max-video-preview:-1"},"canonical":"https:\/\/dicodusport.fr\/blog\/lyon-jean-michel-aulas-va-quitter-lol\/","og_locale":"fr_FR","og_type":"article","og_title":"Lyon : Jean-Michel Aulas va quitter l'OL","og_description":"LIGUE 1 2022-2023 - Selon nos confr\u00e8res de L'\u00c9quipe, Jean-Michel Aulas va quitter ses fonctions de pr\u00e9sident de l'Olympique Lyonnais.","og_url":"https:\/\/dicodusport.fr\/blog\/lyon-jean-michel-aulas-va-quitter-lol\/","og_site_name":"Dicodusport","article_publisher":"https:\/\/www.facebook.com\/dicodusport","article_author":"https:\/\/www.facebook.com\/dicodusport","article_published_time":"2023-05-08T05:36:32+00:00","article_modified_time":"2023-05-08T08:57:03+00:00","og_image":[{"width":800,"height":445,"url":"https:\/\/dicodusport.fr\/blog\/wp-content\/uploads\/2023\/05\/Lyon-Jean-Michel-Aulas-va-quitter-lOL.png","type":"image\/png"}],"author":"Nicolas Jacquemard","twitter_card":"summary_large_image","twitter_title":"Lyon : Jean-Michel Aulas va quitter l'OL","twitter_creator":"@https:\/\/twitter.com\/Nico_Jacquemard","twitter_site":"@dicodusport","schema":{"@context":"https:\/\/schema.org","@graph":[{"@type":"NewsArticle","@id":"https:\/\/dicodusport.fr\/blog\/lyon-jean-michel-aulas-va-quitter-lol\/#article","isPartOf":{"@id":"https:\/\/dicodusport.fr\/blog\/lyon-jean-michel-aulas-va-quitter-lol\/"},"author":{"name":"Nicolas Jacquemard","@id":"https:\/\/dicodusport.fr\/blog\/#\/schema\/person\/55dcb50ad410894e431ed812bbb70191"},"headline":"Lyon : Jean-Michel Aulas va quitter l&rsquo;OL","datePublished":"2023-05-08T05:36:32+00:00","dateModified":"2023-05-08T08:57:03+00:00","mainEntityOfPage":{"@id":"https:\/\/dicodusport.fr\/blog\/lyon-jean-michel-aulas-va-quitter-lol\/"},"wordCount":564,"commentCount":0,"publisher":{"@id":"https:\/\/dicodusport.fr\/blog\/#organization"},"image":{"@id":"https:\/\/dicodusport.fr\/blog\/lyon-jean-michel-aulas-va-quitter-lol\/#primaryimage"},"thumbnailUrl":"https:\/\/dicodusport.fr\/blog\/wp-content\/uploads\/2023\/05\/Lyon-Jean-Michel-Aulas-va-quitter-lOL.png","keywords":["Aulas","br\u00e8ve","Football","Jean-Michel Aulas","Lyon","OL"],"articleSection":["Football","Ligue 1"],"inLanguage":"fr-FR","potentialAction":[{"@type":"CommentAction","name":"Comment","target":["https:\/\/dicodusport.fr\/blog\/lyon-jean-michel-aulas-va-quitter-lol\/#respond"]}],"copyrightYear":"2023","copyrightHolder":{"@id":"https:\/\/dicodusport.fr\/blog\/#organization"}},{"@type":"WebPage","@id":"https:\/\/dicodusport.fr\/blog\/lyon-jean-michel-aulas-va-quitter-lol\/","url":"https:\/\/dicodusport.fr\/blog\/lyon-jean-michel-aulas-va-quitter-lol\/","name":"Lyon : Jean-Michel Aulas va quitter l'OL","isPartOf":{"@id":"https:\/\/dicodusport.fr\/blog\/#website"},"primaryImageOfPage":{"@id":"https:\/\/dicodusport.fr\/blog\/lyon-jean-michel-aulas-va-quitter-lol\/#primaryimage"},"image":{"@id":"https:\/\/dicodusport.fr\/blog\/lyon-jean-michel-aulas-va-quitter-lol\/#primaryimage"},"thumbnailUrl":"https:\/\/dicodusport.fr\/blog\/wp-content\/uploads\/2023\/05\/Lyon-Jean-Michel-Aulas-va-quitter-lOL.png","datePublished":"2023-05-08T05:36:32+00:00","dateModified":"2023-05-08T08:57:03+00:00","description":"LIGUE 1 2022-2023 - Selon nos confr\u00e8res de L'\u00c9quipe, Jean-Michel Aulas va quitter ses fonctions de pr\u00e9sident de l'Olympique Lyonnais.","breadcrumb":{"@id":"https:\/\/dicodusport.fr\/blog\/lyon-jean-michel-aulas-va-quitter-lol\/#breadcrumb"},"inLanguage":"fr-FR","potentialAction":[{"@type":"ReadAction","target":["https:\/\/dicodusport.fr\/blog\/lyon-jean-michel-aulas-va-quitter-lol\/"]}]},{"@type":"ImageObject","inLanguage":"fr-FR","@id":"https:\/\/dicodusport.fr\/blog\/lyon-jean-michel-aulas-va-quitter-lol\/#primaryimage","url":"https:\/\/dicodusport.fr\/blog\/wp-content\/uploads\/2023\/05\/Lyon-Jean-Michel-Aulas-va-quitter-lOL.png","contentUrl":"https:\/\/dicodusport.fr\/blog\/wp-content\/uploads\/2023\/05\/Lyon-Jean-Michel-Aulas-va-quitter-lOL.png","width":800,"height":445},{"@type":"BreadcrumbList","@id":"https:\/\/dicodusport.fr\/blog\/lyon-jean-michel-aulas-va-quitter-lol\/#breadcrumb","itemListElement":[{"@type":"ListItem","position":1,"name":"Accueil","item":"https:\/\/dicodusport.fr\/blog\/"},{"@type":"ListItem","position":2,"name":"Lyon : Jean-Michel Aulas va quitter l&rsquo;OL"}]},{"@type":"WebSite","@id":"https:\/\/dicodusport.fr\/blog\/#website","url":"https:\/\/dicodusport.fr\/blog\/","name":"Dicodusport","description":"L&#039;encyclop\u00e9die de l&#039;actualit\u00e9 sportive","publisher":{"@id":"https:\/\/dicodusport.fr\/blog\/#organization"},"potentialAction":[{"@type":"SearchAction","target":{"@type":"EntryPoint","urlTemplate":"https:\/\/dicodusport.fr\/blog\/?s={search_term_string}"},"query-input":{"@type":"PropertyValueSpecification","valueRequired":true,"valueName":"search_term_string"}}],"inLanguage":"fr-FR"},{"@type":"NewsMediaOrganization","@id":"https:\/\/dicodusport.fr\/blog\/#organization","name":"Dicodusport","url":"https:\/\/dicodusport.fr\/blog\/","logo":{"@type":"ImageObject","inLanguage":"fr-FR","@id":"https:\/\/dicodusport.fr\/blog\/#\/schema\/logo\/image\/","url":"https:\/\/dicodusport.fr\/blog\/wp-content\/uploads\/2020\/06\/cropped-LOGO-DICODUSPORT-2020-SANS-FOND-SANS-TEXTE.png","contentUrl":"https:\/\/dicodusport.fr\/blog\/wp-content\/uploads\/2020\/06\/cropped-LOGO-DICODUSPORT-2020-SANS-FOND-SANS-TEXTE.png","width":512,"height":512,"caption":"Dicodusport"},"image":{"@id":"https:\/\/dicodusport.fr\/blog\/#\/schema\/logo\/image\/"},"sameAs":["https:\/\/www.facebook.com\/dicodusport","https:\/\/x.com\/dicodusport","https:\/\/www.instagram.com\/dicodusport\/","https:\/\/www.youtube.com\/channel\/UC7V2KZ5sd3htJivAbA4ZG3w"],"description":"Dicodusport est l'encyclop\u00e9die de l'actualit\u00e9 sportive.","email":"bonjour@dicodusport.fr","legalName":"DICODUSPORT","foundingDate":"2018-01-14","vatID":"FR71834470973","taxID":"83447097300043","numberOfEmployees":{"@type":"QuantitativeValue","minValue":"1","maxValue":"10"}},{"@type":"Person","@id":"https:\/\/dicodusport.fr\/blog\/#\/schema\/person\/55dcb50ad410894e431ed812bbb70191","name":"Nicolas Jacquemard","image":{"@type":"ImageObject","inLanguage":"fr-FR","@id":"https:\/\/dicodusport.fr\/blog\/#\/schema\/person\/image\/","url":"https:\/\/dicodusport.fr\/blog\/wp-content\/uploads\/2021\/05\/Nicolas-Jacquemard-150x150.jpeg","contentUrl":"https:\/\/dicodusport.fr\/blog\/wp-content\/uploads\/2021\/05\/Nicolas-Jacquemard-150x150.jpeg","caption":"Nicolas Jacquemard"},"description":"Passionn\u00e9 de sport et entrepreneur depuis mes 18 ans, la cr\u00e9ation de Dicodusport m'a sembl\u00e9 \u00e9vidente pour participer \u00e0 la m\u00e9diatisation d'un plus grand nombre de sports. Le chemin est long mais avec une \u00e9quipe des plus motiv\u00e9es et les Jeux Olympiques de Paris 2024 en point de mire, nous y arriverons ! Journaliste dans le monde du sport depuis plus de 5 ans, je traite aussi bien de football, de rugby, de biathlon que de cyclisme.","sameAs":["https:\/\/www.facebook.com\/dicodusport","https:\/\/x.com\/https:\/\/twitter.com\/Nico_Jacquemard"],"url":"https:\/\/dicodusport.fr\/blog\/author\/dicodusport\/"}]}},"_links":{"self":[{"href":"https:\/\/dicodusport.fr\/blog\/wp-json\/wp\/v2\/posts\/380284","targetHints":{"allow":["GET"]}}],"collection":[{"href":"https:\/\/dicodusport.fr\/blog\/wp-json\/wp\/v2\/posts"}],"about":[{"href":"https:\/\/dicodusport.fr\/blog\/wp-json\/wp\/v2\/types\/post"}],"author":[{"embeddable":true,"href":"https:\/\/dicodusport.fr\/blog\/wp-json\/wp\/v2\/users\/1"}],"replies":[{"embeddable":true,"href":"https:\/\/dicodusport.fr\/blog\/wp-json\/wp\/v2\/comments?post=380284"}],"version-history":[{"count":0,"href":"https:\/\/dicodusport.fr\/blog\/wp-json\/wp\/v2\/posts\/380284\/revisions"}],"wp:featuredmedia":[{"embeddable":true,"href":"https:\/\/dicodusport.fr\/blog\/wp-json\/wp\/v2\/media\/380285"}],"wp:attachment":[{"href":"https:\/\/dicodusport.fr\/blog\/wp-json\/wp\/v2\/media?parent=380284"}],"wp:term":[{"taxonomy":"category","embeddable":true,"href":"https:\/\/dicodusport.fr\/blog\/wp-json\/wp\/v2\/categories?post=380284"},{"taxonomy":"post_tag","embeddable":true,"href":"https:\/\/dicodusport.fr\/blog\/wp-json\/wp\/v2\/tags?post=380284"}],"curies":[{"name":"wp","href":"https:\/\/api.w.org\/{rel}","templated":true}]}}